{"id":966,"date":"2011-06-22T15:38:00","date_gmt":"2011-06-22T15:38:00","guid":{"rendered":"http:\/\/desireemartinphoto.com\/blog\/?p=966"},"modified":"2011-07-02T12:35:38","modified_gmt":"2011-07-02T12:35:38","slug":"966","status":"publish","type":"post","link":"http:\/\/desireemartinphoto.com\/blog\/966\/","title":{"rendered":"ESTRELLAS entre las ESTRELLAS, STARMUS FESTIVAL"},"content":{"rendered":"<p style=\"text-align: center;\"><em><strong>STARMUS FESTIVAL<\/strong><\/em><\/p>\n<p style=\"text-align: center;\">&nbsp;<\/p>\n<p><em><strong><img data-attachment-id=\"979\" data-permalink=\"http:\/\/desireemartinphoto.com\/blog\/966\/dm-eclipse-afp-11v-blog\/\" data-orig-file=\"http:\/\/desireemartinphoto.com\/blog\/wp-content\/uploads\/2011\/06\/DM-Eclipse-AFP-11v-BLOG.jpg\" data-orig-size=\"367,550\" data-comments-opened=\"1\" data-image-meta=\"{&quot;aperture&quot;:&quot;22&quot;,&quot;credit&quot;:&quot;&quot;,&quot;camera&quot;:&quot;Canon EOS 5D Mark II&quot;,&quot;caption&quot;:&quot;&quot;,&quot;created_timestamp&quot;:&quot;1308175450&quot;,&quot;copyright&quot;:&quot;&quot;,&quot;focal_length&quot;:&quot;420&quot;,&quot;iso&quot;:&quot;400&quot;,&quot;shutter_speed&quot;:&quot;0.0125&quot;,&quot;title&quot;:&quot;&quot;}\" data-image-title=\"DM-Eclipse-AFP-11v-BLOG\" data-image-description=\"\" data-medium-file=\"http:\/\/desireemartinphoto.com\/blog\/wp-content\/uploads\/2011\/06\/DM-Eclipse-AFP-11v-BLOG-200x300.jpg\" data-large-file=\"http:\/\/desireemartinphoto.com\/blog\/wp-content\/uploads\/2011\/06\/DM-Eclipse-AFP-11v-BLOG.jpg\" loading=\"lazy\" class=\"alignnone size-full wp-image-979 aligncenter\" src=\"http:\/\/desireemartinphoto.com\/blog\/wp-content\/uploads\/2011\/06\/DM-Eclipse-AFP-11v-BLOG.jpg\" alt=\"\" width=\"367\" height=\"550\" srcset=\"http:\/\/desireemartinphoto.com\/blog\/wp-content\/uploads\/2011\/06\/DM-Eclipse-AFP-11v-BLOG.jpg 367w, http:\/\/desireemartinphoto.com\/blog\/wp-content\/uploads\/2011\/06\/DM-Eclipse-AFP-11v-BLOG-200x300.jpg 200w\" sizes=\"(max-width: 367px) 100vw, 367px\" \/><br \/>\n<\/strong><\/em><\/p>\n<h2><strong>El origen de la vida en la Tierra<\/strong><\/h2>\n<h3><a href=\"http:\/\/genetics.mgh.harvard.edu\/szostakweb\/\"><strong>Jack Szostak<\/strong><\/a><\/h3>\n<p>Bi\u00f3logo y Profesor de Gen\u00e9tica en la Harvard Medical School e  investigador premiado con el Alexander Rich en el Massachusetts General  Hospital de Boston, el profesor Szostak fue galardonado en 2009 con el  Premio Nobel de Fisiolog\u00eda o Medicina, junto con Elizabeth Blackburn y  Carol W. Greider, por el descubrimiento de c\u00f3mo los cromosomas est\u00e1n  protegidos por los tel\u00f3meros. El Prof. Szostak ha hecho importantes  contribuciones al campo de la gen\u00e9tica y se le atribuye la construcci\u00f3n  del primer cromosoma artificial de la levadura en el mundo.<\/p>\n<p>&nbsp;<\/p>\n<p><img data-attachment-id=\"976\" data-permalink=\"http:\/\/desireemartinphoto.com\/blog\/966\/dm-jack-szostak-03-blog-2\/\" data-orig-file=\"http:\/\/desireemartinphoto.com\/blog\/wp-content\/uploads\/2011\/06\/DM-Jack-Szostak-03-BLOG1.jpg\" data-orig-size=\"550,362\" data-comments-opened=\"1\" data-image-meta=\"{&quot;aperture&quot;:&quot;6.3&quot;,&quot;credit&quot;:&quot;&quot;,&quot;camera&quot;:&quot;Canon EOS 5D Mark II&quot;,&quot;caption&quot;:&quot;21 06 2011\\n\\nGUIA DE ISORA    TENERIFE     ISLAS CANARIAS\\n\\nSTARMUS FESTIVAL    CIENCIAS     ASTRONOMIA\\n\\nJACK SZOSTAK  \\n\\nBi\\u00c3\\u00b3logo y Profesor de Gen\\u00c3\\u00a9tica en la Harvard Medical School e investigador premiado con el Alexander Rich en el Massachusetts General Hospital de Boston, el profesor Szostak fue galardonado en 2009 con el Premio Nobel de Fisiolog\\u00c3\\u00ada o Medicina, junto con Elizabeth Blackburn y Carol W. Greider, por el descubrimiento de c\\u00c3\\u00b3mo los cromosomas est\\u00c3\\u00a1n protegidos por los tel\\u00c3\\u00b3meros. El Prof. Szostak ha hecho importantes contribuciones al campo de la gen\\u00c3\\u00a9tica y se le atribuye la construcci\\u00c3\\u00b3n del primer cromosoma artificial de la levadura en el mundo. El laboratorio de Szostak se centra en los retos de la comprensi\\u00c3\\u00b3n del origen de la vida en la tierra y la construcci\\u00c3\\u00b3n de la vida celular artificial en el laboratorio. Ha recibido los premios Hans Sigrist y Dr. A.H. Heineken, un premio Lasker, el Premio de la Academia Nacional de Ciencias de Estados Unidos en Biolog\\u00c3\\u00ada Molecular y la medalla de la Sociedad Gen\\u00c3\\u00a9tica de Am\\u00c3\\u00a9rica.\\n\\n\\nDESIREE MARTIN \\\/ PUBLICO&quot;,&quot;created_timestamp&quot;:&quot;1308651712&quot;,&quot;copyright&quot;:&quot;&quot;,&quot;focal_length&quot;:&quot;78&quot;,&quot;iso&quot;:&quot;2500&quot;,&quot;shutter_speed&quot;:&quot;0.016666666666667&quot;,&quot;title&quot;:&quot;&quot;}\" data-image-title=\"DM-Jack-Szostak-03-BLOG1\" data-image-description=\"\" data-medium-file=\"http:\/\/desireemartinphoto.com\/blog\/wp-content\/uploads\/2011\/06\/DM-Jack-Szostak-03-BLOG1-300x197.jpg\" data-large-file=\"http:\/\/desireemartinphoto.com\/blog\/wp-content\/uploads\/2011\/06\/DM-Jack-Szostak-03-BLOG1.jpg\" loading=\"lazy\" class=\"alignnone size-full wp-image-976\" src=\"http:\/\/desireemartinphoto.com\/blog\/wp-content\/uploads\/2011\/06\/DM-Jack-Szostak-03-BLOG1.jpg\" alt=\"\" width=\"550\" height=\"362\" srcset=\"http:\/\/desireemartinphoto.com\/blog\/wp-content\/uploads\/2011\/06\/DM-Jack-Szostak-03-BLOG1.jpg 550w, http:\/\/desireemartinphoto.com\/blog\/wp-content\/uploads\/2011\/06\/DM-Jack-Szostak-03-BLOG1-300x197.jpg 300w\" sizes=\"(max-width: 550px) 100vw, 550px\" \/><\/p>\n<p>&nbsp;<\/p>\n<h2><strong>Exobiolog\u00eda y Religi\u00f3n<\/strong><\/h2>\n<h3><a href=\"http:\/\/richarddawkins.net\/\"><strong>Richard Dawkins<\/strong><\/a><\/h3>\n<p>Richard Dawkins, et\u00f3logo y bi\u00f3logo evolucionista, fue el primero en  tener la C\u00e1tedra Charles Simonyi para la Comprensi\u00f3n P\u00fablica de la  Ciencia en la Universidad de Oxford, y miembro del New College, Oxford.  Sus libros m\u00e1s vendidos son, entre otros, El Gen Egoista, El Fenotipo  Extendido, El relojero Ciego, El Rio fuera del Eden, Escalando el Monte  Improbable, Destejiendo el Arco Iris, El Capell\u00e1n del Diablo, El cuento  del antepasado, El espejismo de Dios y Evoluci\u00f3n: El mayor espect\u00e1culo  sobre la tierra.<\/p>\n<p><img data-attachment-id=\"968\" data-permalink=\"http:\/\/desireemartinphoto.com\/blog\/966\/dm-richard-dawkins-02-blog\/\" data-orig-file=\"http:\/\/desireemartinphoto.com\/blog\/wp-content\/uploads\/2011\/06\/DM-Richard-Dawkins-02-BLOG.jpg\" data-orig-size=\"550,367\" data-comments-opened=\"1\" data-image-meta=\"{&quot;aperture&quot;:&quot;6.3&quot;,&quot;credit&quot;:&quot;&quot;,&quot;camera&quot;:&quot;Canon EOS 5D Mark II&quot;,&quot;caption&quot;:&quot;21 06 2011\\n\\nGUIA DE ISORA    TENERIFE     ISLAS CANARIAS\\n\\nSTARMUS FESTIVAL    CIENCIAS     ASTRONOMIA\\n\\n\\nRichard Dawkins, et\\u00c3\\u00b3logo y bi\\u00c3\\u00b3logo evolucionista, fue el primero en tener la C\\u00c3\\u00a1tedra Charles Simonyi para la Comprensi\\u00c3\\u00b3n P\\u00c3\\u00bablica de la Ciencia en la Universidad de Oxford, y miembro del New College, Oxford. Sus libros m\\u00c3\\u00a1s vendidos son, entre otros, El Gen Egoista, El Fenotipo Extendido, El relojero Ciego, El Rio fuera del Eden, Escalando el Monte Improbable, Destejiendo el Arco Iris, El Capell\\u00c3\\u00a1n del Diablo, El cuento del antepasado, El espejismo de Dios y Evoluci\\u00c3\\u00b3n: El mayor espect\\u00c3\\u00a1culo sobre la tierra. Dawkins es miembro tanto de la Royal Society como de la Royal Society of Literature. Ha recibido numerosos premios, entre ellos el Premio de la Real Sociedad de Literatura 1987, el Premio Michael Faraday de la Royal Society de 1990, el Premio Nakayama 1994, el Premio Cosmos Internacional de 1997 por los logros en Ciencias Humanas, el Premio Kistler en 2001, el Premio Shakespeare en 2005, Premio Lewis Thomas del 2006 por escribir sobre ciencia, y fue nombrado autor del a\\u00c3\\u00b1o en los Premios brit\\u00c3\\u00a1nicos Galaxia en 2007. Su \\u00c3\\u00baltimo libro, The Greatest Show on Earth: The Evidence for Evolution, se public\\u00c3\\u00b3 en septiembre de 2009.\\n\\nDESIREE MARTIN \\\/ PUBLICO&quot;,&quot;created_timestamp&quot;:&quot;1308656068&quot;,&quot;copyright&quot;:&quot;&quot;,&quot;focal_length&quot;:&quot;70&quot;,&quot;iso&quot;:&quot;2500&quot;,&quot;shutter_speed&quot;:&quot;0.033333333333333&quot;,&quot;title&quot;:&quot;&quot;}\" data-image-title=\"DM-Richard-Dawkins-02-BLOG\" data-image-description=\"\" data-medium-file=\"http:\/\/desireemartinphoto.com\/blog\/wp-content\/uploads\/2011\/06\/DM-Richard-Dawkins-02-BLOG-300x200.jpg\" data-large-file=\"http:\/\/desireemartinphoto.com\/blog\/wp-content\/uploads\/2011\/06\/DM-Richard-Dawkins-02-BLOG.jpg\" loading=\"lazy\" class=\"alignnone size-full wp-image-968\" src=\"http:\/\/desireemartinphoto.com\/blog\/wp-content\/uploads\/2011\/06\/DM-Richard-Dawkins-02-BLOG.jpg\" alt=\"\" width=\"550\" height=\"367\" srcset=\"http:\/\/desireemartinphoto.com\/blog\/wp-content\/uploads\/2011\/06\/DM-Richard-Dawkins-02-BLOG.jpg 550w, http:\/\/desireemartinphoto.com\/blog\/wp-content\/uploads\/2011\/06\/DM-Richard-Dawkins-02-BLOG-300x200.jpg 300w\" sizes=\"(max-width: 550px) 100vw, 550px\" \/><\/p>\n<h2><strong>\u00bfPlanetas extrasolares en el Universo: Muchos, distintos y por todas partes?<\/strong><\/h2>\n<h3><strong>Michel Mayor<\/strong><\/h3>\n<p>El profesor Michel Mayor es un astrof\u00edsico de la Universidad de  Ginebra (Suiza). Junto con Didier Queloz, en 1995 descubri\u00f3 el primer  planeta extrasolar, llamado 51 Pegasi b, que orbita la estrella solar 51  Pegasi.<\/p>\n<p>Su equipo es responsable de encontrar cerca de la mitad de los  exoplanetas descubiertos hasta la fecha. Michel Mayor es un investigador  jefe del HARPS (Buscador de Planetas por Velocidad Radial de Alta  Precisi\u00f3n)) el consorcio de estudio de b\u00fasqueda de planetas, que ha  descubierto una creciente poblaci\u00f3n de s\u00faper-tierras y planetas de masa  peque\u00f1a como Neptuno.<\/p>\n<p><img data-attachment-id=\"969\" data-permalink=\"http:\/\/desireemartinphoto.com\/blog\/966\/dm-michel-mayor-01-blog\/\" data-orig-file=\"http:\/\/desireemartinphoto.com\/blog\/wp-content\/uploads\/2011\/06\/DM-Michel-Mayor-01-BLOG.jpg\" data-orig-size=\"550,367\" data-comments-opened=\"1\" data-image-meta=\"{&quot;aperture&quot;:&quot;6.3&quot;,&quot;credit&quot;:&quot;&quot;,&quot;camera&quot;:&quot;Canon EOS 5D Mark II&quot;,&quot;caption&quot;:&quot;20 06 2011\\nSTARMUS FESTIVAL\\nFESTIVAL DE ASTRONOMIA DESARROLLADO EN EL MUNICIPIO TINERFE\\u00c3\\u0091O DE GUIA DE ISORA  HOTEL ABAMA\\n\\nMICHEL MAYOR\\nAstrof\\u00c3\\u00adsico de la Universidad de Ginebra, descubri\\u00c3\\u00b3 junto con Didier Queloz en 1995 el primer planeta extrasolar, llamado 51 Pegasi b, que orbita la estrella solar 51 Pegasi. Su equipo es responsable de encontrar cerca de la mitad de los exoplanetas descubiertos hasta la fecha. Michel Mayor es investigador jefe del HARPS (Buscador de Planetas por Velocidad Radial de Alta Precisi\\u00c3\\u00b3n) el consorcio de estudio de b\\u00c3\\u00basqueda de planetas, que ha descubierto una creciente poblaci\\u00c3\\u00b3n de s\\u00c3\\u00baper-tierras y planetas de masa peque\\u00c3\\u00b1a como Neptuno\\n\\nDESIREE MATIN \\\/ PUBLICO&quot;,&quot;created_timestamp&quot;:&quot;1308565555&quot;,&quot;copyright&quot;:&quot;&quot;,&quot;focal_length&quot;:&quot;200&quot;,&quot;iso&quot;:&quot;2000&quot;,&quot;shutter_speed&quot;:&quot;0.00625&quot;,&quot;title&quot;:&quot;&quot;}\" data-image-title=\"DM-Michel-Mayor-01-BLOG\" data-image-description=\"\" data-medium-file=\"http:\/\/desireemartinphoto.com\/blog\/wp-content\/uploads\/2011\/06\/DM-Michel-Mayor-01-BLOG-300x200.jpg\" data-large-file=\"http:\/\/desireemartinphoto.com\/blog\/wp-content\/uploads\/2011\/06\/DM-Michel-Mayor-01-BLOG.jpg\" loading=\"lazy\" class=\"alignnone size-full wp-image-969\" src=\"http:\/\/desireemartinphoto.com\/blog\/wp-content\/uploads\/2011\/06\/DM-Michel-Mayor-01-BLOG.jpg\" alt=\"\" width=\"550\" height=\"367\" srcset=\"http:\/\/desireemartinphoto.com\/blog\/wp-content\/uploads\/2011\/06\/DM-Michel-Mayor-01-BLOG.jpg 550w, http:\/\/desireemartinphoto.com\/blog\/wp-content\/uploads\/2011\/06\/DM-Michel-Mayor-01-BLOG-300x200.jpg 300w\" sizes=\"(max-width: 550px) 100vw, 550px\" \/><\/p>\n<p>&nbsp;<\/p>\n<p><strong>BUZZ ALDRIN (EDWIN EUGENE ALDRIN, JR.)<\/strong><\/p>\n<p>Astronauta e ingeniero mec\u00e1nico de la NASA. Aldrin fue piloto del M\u00f3dulo Lunar en el Apolo 11, la primera misi\u00f3n tripulada de aterrizaje lunar de la historia. El 20 de julio de 1969, \u00c9l y el comandante de la misi\u00f3n, Neil Armstrong, fueron los primeros hombres en pisar la Luna. Conocido entre sus colegas astronautas como \u00e2\u0080\u0153Dr. Rendezvous\u00e2\u0080\u009d, en 1985 Aldrin ide\u00f3 un tipo especial de trayectoria de nave espacial Tierra-Marte ahora conocido como el Cycler Aldrin.<\/p>\n<p><img data-attachment-id=\"970\" data-permalink=\"http:\/\/desireemartinphoto.com\/blog\/966\/dm-claude-nicoller-09-blog\/\" data-orig-file=\"http:\/\/desireemartinphoto.com\/blog\/wp-content\/uploads\/2011\/06\/DM-Claude-Nicoller-09-BLOG.jpg\" data-orig-size=\"417,550\" data-comments-opened=\"1\" data-image-meta=\"{&quot;aperture&quot;:&quot;5&quot;,&quot;credit&quot;:&quot;&quot;,&quot;camera&quot;:&quot;Canon EOS 5D Mark II&quot;,&quot;caption&quot;:&quot;20 06 2011\\nSTARMUS FESTIVAL\\nFESTIVAL DE ASTRONOMIA DESARROLLADO EN EL MUNICIPIO TINERFE\\u00c3\\u0091O DE GUIA DE ISORA  HOTEL ABAMA\\nTENERIFE   ISLAS CANARIAS\\n\\nBUZZ ALDRIN (EDWIN EUGENE ALDRIN, JR.)\\nAstronauta e ingeniero mec\\u00c3\\u00a1nico de la NASA. Aldrin fue piloto del M\\u00c3\\u00b3dulo Lunar en el Apolo 11, la primera misi\\u00c3\\u00b3n tripulada de aterrizaje lunar de la historia. El 20 de julio de 1969, \\u00c3\\u00a9l y el comandante de la misi\\u00c3\\u00b3n, Neil Armstrong, fueron los primeros hombres en pisar la Luna. Conocido entre sus colegas astronautas como \\u00e2\\u0080\\u009cDr. Rendezvous\\u00e2\\u0080\\u009d, en 1985 Aldrin ide\\u00c3\\u00b3 un tipo especial de trayectoria de nave espacial Tierra-Marte ahora conocido como el Cycler Aldrin.\\n\\nDESIREE MATIN \\\/ PUBLICO&quot;,&quot;created_timestamp&quot;:&quot;1308564133&quot;,&quot;copyright&quot;:&quot;&quot;,&quot;focal_length&quot;:&quot;27&quot;,&quot;iso&quot;:&quot;2000&quot;,&quot;shutter_speed&quot;:&quot;0.004&quot;,&quot;title&quot;:&quot;&quot;}\" data-image-title=\"DM-Claude-Nicoller-09-BLOG\" data-image-description=\"\" data-medium-file=\"http:\/\/desireemartinphoto.com\/blog\/wp-content\/uploads\/2011\/06\/DM-Claude-Nicoller-09-BLOG-227x300.jpg\" data-large-file=\"http:\/\/desireemartinphoto.com\/blog\/wp-content\/uploads\/2011\/06\/DM-Claude-Nicoller-09-BLOG.jpg\" loading=\"lazy\" class=\"alignnone size-full wp-image-970\" src=\"http:\/\/desireemartinphoto.com\/blog\/wp-content\/uploads\/2011\/06\/DM-Claude-Nicoller-09-BLOG.jpg\" alt=\"\" width=\"417\" height=\"550\" srcset=\"http:\/\/desireemartinphoto.com\/blog\/wp-content\/uploads\/2011\/06\/DM-Claude-Nicoller-09-BLOG.jpg 417w, http:\/\/desireemartinphoto.com\/blog\/wp-content\/uploads\/2011\/06\/DM-Claude-Nicoller-09-BLOG-227x300.jpg 227w\" sizes=\"(max-width: 417px) 100vw, 417px\" \/><\/p>\n<h2><strong>\u00bfQu\u00e9 estamos haciendo en el espacio?<\/strong><\/h2>\n<h3><a href=\"http:\/\/www.brianmay.com\/\"><strong>Brian May<\/strong><\/a><\/h3>\n<p>Brian May, CBE, Rector de la Universidad John Moores de Liverpool  (Reino Unido), ha publicado art\u00edculos de investigaci\u00f3n en el \u00e1mbito de  la nube de polvo zodiacal solar. Es co-autor, junto con Sir Patrick  Moore y Chris Lintott, de Bang! &#8211; La historia completa del Universo.<\/p>\n<p>May es m\u00e1s conocido como guitarrista y miembro fundador de la  legendaria banda de rock Queen. Es autor de 22 \u00e9xitos mundiales de rock &#8211;  entre ellos el himno \u201cWe Will Rock You \u2018,\u2019 The Show Must Go On\u201d, \u201cI  Want it all\u201d, \u201cWho wants to live forever\u201d y \u201cSave me\u201d. Fundador el a\u00f1o  pasado del grupo activista \u201c<a href=\"http:\/\/www.save-me.org.uk\/\">SAVE ME<\/a>\u201d, Brian es un activista apasionado del bienestar de los animales salvajes.<\/p>\n<p><img data-attachment-id=\"971\" data-permalink=\"http:\/\/desireemartinphoto.com\/blog\/966\/dm-brian-may-05-blog\/\" data-orig-file=\"http:\/\/desireemartinphoto.com\/blog\/wp-content\/uploads\/2011\/06\/DM-Brian-May-05-BLOG.jpg\" data-orig-size=\"550,367\" data-comments-opened=\"1\" data-image-meta=\"{&quot;aperture&quot;:&quot;2.8&quot;,&quot;credit&quot;:&quot;&quot;,&quot;camera&quot;:&quot;Canon EOS 5D Mark II&quot;,&quot;caption&quot;:&quot;22 06 2011\\n\\nGUIA DE ISORA    TENERIFE     ISLAS CANARIAS\\n\\nSTARMUS FESTIVAL    CIENCIAS     ASTRONOMIA\\n GUITARRISTA   MUSICO  QUEEN\\n\\nBRIAN MAY\\n\\nBrian May, CBE, Rector de la Universidad John Moores de Liverpool, ha publicado art\\u00c3\\u00adculos de investigaci\\u00c3\\u00b3n en el \\u00c3\\u00a1mbito de la nube de polvo zodiacal solar. Es co-autor, junto con Sir Patrick Moore y Chris Lintott, de Bang! - La historia completa del Universo. Un devoto de toda la vida de im\\u00c3\\u00a1genes 3-D, junto con la restauradora de arte Elena Vidal, acaba de publicar A Village lost and found, un libro que lleva el importante trabajo del fot\\u00c3\\u00b3grafo estereosc\\u00c3\\u00b3pico del siglo XIX TR Williams al siglo XXI. El Dr. May es m\\u00c3\\u00a1s conocido como guitarrista y miembro fundador de la legendaria banda de rock Queen.\\n\\nDESIREE MARTIN \\\/ PUBLICO&quot;,&quot;created_timestamp&quot;:&quot;1308740499&quot;,&quot;copyright&quot;:&quot;&quot;,&quot;focal_length&quot;:&quot;150&quot;,&quot;iso&quot;:&quot;2000&quot;,&quot;shutter_speed&quot;:&quot;0.004&quot;,&quot;title&quot;:&quot;&quot;}\" data-image-title=\"DM-Brian-May-05-BLOG\" data-image-description=\"\" data-medium-file=\"http:\/\/desireemartinphoto.com\/blog\/wp-content\/uploads\/2011\/06\/DM-Brian-May-05-BLOG-300x200.jpg\" data-large-file=\"http:\/\/desireemartinphoto.com\/blog\/wp-content\/uploads\/2011\/06\/DM-Brian-May-05-BLOG.jpg\" loading=\"lazy\" class=\"alignnone size-full wp-image-971\" src=\"http:\/\/desireemartinphoto.com\/blog\/wp-content\/uploads\/2011\/06\/DM-Brian-May-05-BLOG.jpg\" alt=\"\" width=\"550\" height=\"367\" srcset=\"http:\/\/desireemartinphoto.com\/blog\/wp-content\/uploads\/2011\/06\/DM-Brian-May-05-BLOG.jpg 550w, http:\/\/desireemartinphoto.com\/blog\/wp-content\/uploads\/2011\/06\/DM-Brian-May-05-BLOG-300x200.jpg 300w\" sizes=\"(max-width: 550px) 100vw, 550px\" \/><strong> <\/strong><\/p>\n<p>&nbsp;<\/p>\n<p><strong>CHARLIE DUKE<\/strong><\/p>\n<p>En 1966, fue seleccionado para formar parte del quinto grupo de astronautas de la NASA. Duke fue \u201cCapcom\u201d en la Misi\u00f3n de Control en Houston en la misi\u00f3n del Apolo 11 y fue el piloto reserva del m\u00f3dulo Lunar del Apolo 13 y 17. Como piloto del m\u00f3dulo Lunar del Apolo 16 en 1972, Charlie Duke se convirti\u00f3 en el <strong>d\u00e9cimo, y m\u00e1s joven hombre que ha caminado en la Luna hasta la fecha.<\/strong><\/p>\n<p><img data-attachment-id=\"972\" data-permalink=\"http:\/\/desireemartinphoto.com\/blog\/966\/dm-chalie-duke-05-blog\/\" data-orig-file=\"http:\/\/desireemartinphoto.com\/blog\/wp-content\/uploads\/2011\/06\/DM-Chalie-Duke-05-BLOG.jpg\" data-orig-size=\"367,550\" data-comments-opened=\"1\" data-image-meta=\"{&quot;aperture&quot;:&quot;13&quot;,&quot;credit&quot;:&quot;&quot;,&quot;camera&quot;:&quot;Canon EOS 5D Mark II&quot;,&quot;caption&quot;:&quot;22 06 2011\\n\\nGUIA DE ISORA    TENERIFE     ISLAS CANARIAS\\n\\nSTARMUS FESTIVAL    CIENCIAS     ASTRONOMIA\\n\\nCHARLIE DUKE\\n\\nEn 1966, fue seleccionado para formar parte del quinto grupo de astronautas de la NASA. Duke fue \\u00e2\\u0080\\u009cCapcom\\u00e2\\u0080\\u009d en la Misi\\u00c3\\u00b3n de Control en Houston en la misi\\u00c3\\u00b3n del Apolo 11 y fue el piloto reserva del m\\u00c3\\u00b3dulo Lunar del Apolo 13 y 17. Como piloto del m\\u00c3\\u00b3dulo Lunar del Apolo 16 en 1972, Charlie Duke se convirti\\u00c3\\u00b3 en el d\\u00c3\\u00a9cimo, y m\\u00c3\\u00a1s joven hombre que ha caminado en la Luna hasta la fecha.\\n\\nDESIREE MARTIN \\\/ PUBLICO&quot;,&quot;created_timestamp&quot;:&quot;1308739734&quot;,&quot;copyright&quot;:&quot;&quot;,&quot;focal_length&quot;:&quot;16&quot;,&quot;iso&quot;:&quot;200&quot;,&quot;shutter_speed&quot;:&quot;0.005&quot;,&quot;title&quot;:&quot;&quot;}\" data-image-title=\"DM-Chalie-Duke-05-BLOG\" data-image-description=\"\" data-medium-file=\"http:\/\/desireemartinphoto.com\/blog\/wp-content\/uploads\/2011\/06\/DM-Chalie-Duke-05-BLOG-200x300.jpg\" data-large-file=\"http:\/\/desireemartinphoto.com\/blog\/wp-content\/uploads\/2011\/06\/DM-Chalie-Duke-05-BLOG.jpg\" loading=\"lazy\" class=\"alignnone size-full wp-image-972\" src=\"http:\/\/desireemartinphoto.com\/blog\/wp-content\/uploads\/2011\/06\/DM-Chalie-Duke-05-BLOG.jpg\" alt=\"\" width=\"367\" height=\"550\" srcset=\"http:\/\/desireemartinphoto.com\/blog\/wp-content\/uploads\/2011\/06\/DM-Chalie-Duke-05-BLOG.jpg 367w, http:\/\/desireemartinphoto.com\/blog\/wp-content\/uploads\/2011\/06\/DM-Chalie-Duke-05-BLOG-200x300.jpg 200w\" sizes=\"(max-width: 367px) 100vw, 367px\" \/><\/p>\n<p>&#8220;HOUSTON , TENEMOS UN PROBLEMA&#8221;<\/p>\n<p><strong>JIM LOVELL<\/strong><\/p>\n<p>En el Apolo 8 sirvi\u00f3 como piloto y comandante a bordo, y junto con Frank Borman y Bill Anders <strong>fueron los primeros astronautas en entrar en la \u00f3rbita lunar en la Nochebuena<\/strong> de 1968. Lovell fue el comandante a bordo de la desafortunada misi\u00f3n Apolo 13, que sufri\u00f3 una explosi\u00f3n de un tanque de ox\u00edgeno. Junto con sus compa\u00f1eros John L. Swinger y Fred W. Haise, Lovell consigui\u00f3 conducir la nave averiada a la tierra, tal y como se puede ver en la pel\u00edcula Apollo 13 (en la que Tom Hanks interpreta a Lovell).<\/p>\n<p><img data-attachment-id=\"973\" data-permalink=\"http:\/\/desireemartinphoto.com\/blog\/966\/dm-jim-lovell-10-blog\/\" data-orig-file=\"http:\/\/desireemartinphoto.com\/blog\/wp-content\/uploads\/2011\/06\/DM-Jim-Lovell-10-BLOG.jpg\" data-orig-size=\"550,387\" data-comments-opened=\"1\" data-image-meta=\"{&quot;aperture&quot;:&quot;10&quot;,&quot;credit&quot;:&quot;&quot;,&quot;camera&quot;:&quot;Canon EOS 5D Mark II&quot;,&quot;caption&quot;:&quot;22 06 2011\\n\\nGUIA DE ISORA    TENERIFE     ISLAS CANARIAS\\n\\nSTARMUS FESTIVAL    CIENCIAS     ASTRONOMIA\\n\\nJIM LOVELL\\nEn el Apolo 8 sirvi\\u00c3\\u00b3 como piloto y comandante a bordo, y junto con Frank Borman y Bill Anders fueron los primeros astronautas en entrar en la \\u00c3\\u00b3rbita lunar en la Nochebuena de 1968. Lovell fue el comandante a bordo de la desafortunada misi\\u00c3\\u00b3n Apolo 13, que sufri\\u00c3\\u00b3 una explosi\\u00c3\\u00b3n de un tanque de ox\\u00c3\\u00adgeno. Junto con sus compa\\u00c3\\u00b1eros John L. Swinger y Fred W. Haise, Lovell consigui\\u00c3\\u00b3 conducir la nave averiada a la tierra, tal y como se puede ver en la pel\\u00c3\\u00adcula Apollo 13 (en la que Tom Hanks interpreta a Lovell).\\n \\n\\nDESIREE MARTIN \\\/ PUBLICO&quot;,&quot;created_timestamp&quot;:&quot;1308742792&quot;,&quot;copyright&quot;:&quot;&quot;,&quot;focal_length&quot;:&quot;33&quot;,&quot;iso&quot;:&quot;100&quot;,&quot;shutter_speed&quot;:&quot;0.00625&quot;,&quot;title&quot;:&quot;&quot;}\" data-image-title=\"DM-Jim-Lovell-10-BLOG\" data-image-description=\"\" data-medium-file=\"http:\/\/desireemartinphoto.com\/blog\/wp-content\/uploads\/2011\/06\/DM-Jim-Lovell-10-BLOG-300x211.jpg\" data-large-file=\"http:\/\/desireemartinphoto.com\/blog\/wp-content\/uploads\/2011\/06\/DM-Jim-Lovell-10-BLOG.jpg\" loading=\"lazy\" class=\"alignnone size-full wp-image-973\" src=\"http:\/\/desireemartinphoto.com\/blog\/wp-content\/uploads\/2011\/06\/DM-Jim-Lovell-10-BLOG.jpg\" alt=\"\" width=\"550\" height=\"387\" srcset=\"http:\/\/desireemartinphoto.com\/blog\/wp-content\/uploads\/2011\/06\/DM-Jim-Lovell-10-BLOG.jpg 550w, http:\/\/desireemartinphoto.com\/blog\/wp-content\/uploads\/2011\/06\/DM-Jim-Lovell-10-BLOG-300x211.jpg 300w\" sizes=\"(max-width: 550px) 100vw, 550px\" \/><\/p>\n<p>&nbsp;<\/p>\n<h2><strong>Vida inteligente en el Universo: \u00bfHay alguien ah\u00ed fuera?<\/strong><\/h2>\n<h3><a href=\"http:\/\/www.seti-inst.edu\/about-us\/people\/staff\/tarter-jill.php\"><strong>Jill Tarter<\/strong><\/a><\/h3>\n<p>Directora del Centro del SETI (Investigaci\u00f3n de Inteligencia  Extraterrestre) de investigaci\u00f3n en el Instituto SETI en California  (EE.UU.), Tarter ostenta la c\u00e1tedra M. Bernard Oliver del SETI y es  miembro de la Asociaci\u00f3n Americana para el Desarrollo de la Ciencia y la  Academia de Ciencias de California.<\/p>\n<p>Los trabajos astron\u00f3micos de la Dra. Tarter se ilustran en la novela  Contacto de Carl Sagan. En la versi\u00f3n cinematogr\u00e1fica de Contacto la  protagonista, Ellie Arroway, es interpretada por Jodie Foster. El  personaje Arroway interpretaba el trabajo de Tarter. La Dra. Tarter ha  dado m\u00faltiples conferencias en todo el mundo y ha publicado docenas de  art\u00edculos sobre el SETI para atraer e implicar a aficionados de todo el  planeta en esta importante investigaci\u00f3n y para animar a los j\u00f3venes  (especialmente a las mujeres j\u00f3venes) para cursar carreras en ciencia,  ingenier\u00eda y tecnolog\u00eda.<\/p>\n<p><img data-attachment-id=\"974\" data-permalink=\"http:\/\/desireemartinphoto.com\/blog\/966\/dm-jill-tarter-06-blog\/\" data-orig-file=\"http:\/\/desireemartinphoto.com\/blog\/wp-content\/uploads\/2011\/06\/DM-Jill-Tarter-06-BLOG.jpg\" data-orig-size=\"550,367\" data-comments-opened=\"1\" data-image-meta=\"{&quot;aperture&quot;:&quot;5&quot;,&quot;credit&quot;:&quot;&quot;,&quot;camera&quot;:&quot;Canon EOS 5D Mark II&quot;,&quot;caption&quot;:&quot;21 06 2011\\n\\nGUIA DE ISORA    TENERIFE     ISLAS CANARIAS\\n\\nSTARMUS FESTIVAL    CIENCIAS     ASTRONOMIA\\n\\nJILL TARTER\\n\\nDirectora del Centro del SETI (Investigaci\\u00c3\\u00b3n de Inteligencia Extraterrestre) de investigaci\\u00c3\\u00b3n en el Instituto SETI en California (EE.UU.), Tarter ostenta la c\\u00c3\\u00a1tedra M. Bernard Oliver del SETI y es miembro de la Asociaci\\u00c3\\u00b3n Americana para el Desarrollo de la Ciencia y la Academia de Ciencias de California. En 2004 fue nombrada una de las 100 personas m\\u00c3\\u00a1s influyentes en el mundo por la revista Time. Fue galardonada con el Premio del Festival de Telluride Tech de Tecnolog\\u00c3\\u00ada (2001), el Premio Carl Sagan por la Divulgaci\\u00c3\\u00b3n Cient\\u00c3\\u00adfica (2005) y el Premio TED 2009. Los trabajos astron\\u00c3\\u00b3micos de la Dra. Tarter se ilustran en la novela Contacto de Carl Sagan. En la versi\\u00c3\\u00b3n cinematogr\\u00c3\\u00a1fica de Contacto la protagonista, Ellie Arroway, es interpretada por Jodie Foster. El personaje Arroway interpretaba el trabajo de Tarter. La Dra. Tarter ha dado m\\u00c3\\u00baltiples conferencias en todo el mundo y ha publicado docenas de art\\u00c3\\u00adculos sobre el SETI para atraer e implicar a aficionados de todo el planeta en esta importante investigaci\\u00c3\\u00b3n y para animar a los j\\u00c3\\u00b3venes (especialmente a las mujeres j\\u00c3\\u00b3venes) para cursar carreras en ciencia, ingenier\\u00c3\\u00ada y tecnolog\\u00c3\\u00ada.\\n\\n \\nDESIREE MARTIN \\\/ PUBLICO&quot;,&quot;created_timestamp&quot;:&quot;1308658531&quot;,&quot;copyright&quot;:&quot;&quot;,&quot;focal_length&quot;:&quot;70&quot;,&quot;iso&quot;:&quot;400&quot;,&quot;shutter_speed&quot;:&quot;0.008&quot;,&quot;title&quot;:&quot;&quot;}\" data-image-title=\"DM-Jill-Tarter-06-BLOG\" data-image-description=\"\" data-medium-file=\"http:\/\/desireemartinphoto.com\/blog\/wp-content\/uploads\/2011\/06\/DM-Jill-Tarter-06-BLOG-300x200.jpg\" data-large-file=\"http:\/\/desireemartinphoto.com\/blog\/wp-content\/uploads\/2011\/06\/DM-Jill-Tarter-06-BLOG.jpg\" loading=\"lazy\" class=\"alignnone size-full wp-image-974\" src=\"http:\/\/desireemartinphoto.com\/blog\/wp-content\/uploads\/2011\/06\/DM-Jill-Tarter-06-BLOG.jpg\" alt=\"\" width=\"550\" height=\"367\" srcset=\"http:\/\/desireemartinphoto.com\/blog\/wp-content\/uploads\/2011\/06\/DM-Jill-Tarter-06-BLOG.jpg 550w, http:\/\/desireemartinphoto.com\/blog\/wp-content\/uploads\/2011\/06\/DM-Jill-Tarter-06-BLOG-300x200.jpg 300w\" sizes=\"(max-width: 550px) 100vw, 550px\" \/><\/p>\n<div class=\"sharedaddy sd-sharing-enabled\"><div class=\"robots-nocontent sd-block sd-social sd-social-icon-text sd-sharing\"><h3 class=\"sd-title\">COMPARTE ESTO:<\/h3><div class=\"sd-content\"><ul><li class=\"share-facebook\"><a rel=\"nofollow noopener noreferrer\" data-shared=\"sharing-facebook-966\" class=\"share-facebook sd-button share-icon\" href=\"http:\/\/desireemartinphoto.com\/blog\/966\/?share=facebook\" target=\"_blank\" title=\"Haz clic para compartir en Facebook\"><span>Facebook<\/span><\/a><\/li><li class=\"share-twitter\"><a rel=\"nofollow noopener noreferrer\" data-shared=\"sharing-twitter-966\" class=\"share-twitter sd-button share-icon\" href=\"http:\/\/desireemartinphoto.com\/blog\/966\/?share=twitter\" target=\"_blank\" title=\"Haz clic para compartir en Twitter\"><span>Twitter<\/span><\/a><\/li><li class=\"share-email\"><a rel=\"nofollow noopener noreferrer\" data-shared=\"\" class=\"share-email sd-button share-icon\" href=\"http:\/\/desireemartinphoto.com\/blog\/966\/?share=email\" target=\"_blank\" title=\"Haz clic para enviar por correo electr\u00f3nico a un amigo\"><span>Correo electr\u00f3nico<\/span><\/a><\/li><li class=\"share-linkedin\"><a rel=\"nofollow noopener noreferrer\" data-shared=\"sharing-linkedin-966\" class=\"share-linkedin sd-button share-icon\" href=\"http:\/\/desireemartinphoto.com\/blog\/966\/?share=linkedin\" target=\"_blank\" title=\"Haz clic para compartir en LinkedIn\"><span>LinkedIn<\/span><\/a><\/li><li class=\"share-tumblr\"><a rel=\"nofollow noopener noreferrer\" data-shared=\"\" class=\"share-tumblr sd-button share-icon\" href=\"http:\/\/desireemartinphoto.com\/blog\/966\/?share=tumblr\" target=\"_blank\" title=\"Haz clic para compartir en Tumblr\"><span>Tumblr<\/span><\/a><\/li><li class=\"share-end\"><\/li><\/ul><\/div><\/div><\/div>","protected":false},"excerpt":{"rendered":"<p>STARMUS FESTIVAL &nbsp; El origen de la vida en la Tierra Jack Szostak Bi\u00f3logo y Profesor de Gen\u00e9tica en la Harvard Medical School e investigador premiado con el Alexander Rich en el Massachusetts General Hospital de Boston, el profesor Szostak fue galardonado en 2009 con el Premio Nobel de Fisiolog\u00eda o Medicina, junto con Elizabeth [&#038;hellip<\/p>\n<div class=\"sharedaddy sd-sharing-enabled\"><div class=\"robots-nocontent sd-block sd-social sd-social-icon-text sd-sharing\"><h3 class=\"sd-title\">COMPARTE ESTO:<\/h3><div class=\"sd-content\"><ul><li class=\"share-facebook\"><a rel=\"nofollow noopener noreferrer\" data-shared=\"sharing-facebook-966\" class=\"share-facebook sd-button share-icon\" href=\"http:\/\/desireemartinphoto.com\/blog\/966\/?share=facebook\" target=\"_blank\" title=\"Haz clic para compartir en Facebook\"><span>Facebook<\/span><\/a><\/li><li class=\"share-twitter\"><a rel=\"nofollow noopener noreferrer\" data-shared=\"sharing-twitter-966\" class=\"share-twitter sd-button share-icon\" href=\"http:\/\/desireemartinphoto.com\/blog\/966\/?share=twitter\" target=\"_blank\" title=\"Haz clic para compartir en Twitter\"><span>Twitter<\/span><\/a><\/li><li class=\"share-email\"><a rel=\"nofollow noopener noreferrer\" data-shared=\"\" class=\"share-email sd-button share-icon\" href=\"http:\/\/desireemartinphoto.com\/blog\/966\/?share=email\" target=\"_blank\" title=\"Haz clic para enviar por correo electr\u00f3nico a un amigo\"><span>Correo electr\u00f3nico<\/span><\/a><\/li><li class=\"share-linkedin\"><a rel=\"nofollow noopener noreferrer\" data-shared=\"sharing-linkedin-966\" class=\"share-linkedin sd-button share-icon\" href=\"http:\/\/desireemartinphoto.com\/blog\/966\/?share=linkedin\" target=\"_blank\" title=\"Haz clic para compartir en LinkedIn\"><span>LinkedIn<\/span><\/a><\/li><li class=\"share-tumblr\"><a rel=\"nofollow noopener noreferrer\" data-shared=\"\" class=\"share-tumblr sd-button share-icon\" href=\"http:\/\/desireemartinphoto.com\/blog\/966\/?share=tumblr\" target=\"_blank\" title=\"Haz clic para compartir en Tumblr\"><span>Tumblr<\/span><\/a><\/li><li class=\"share-end\"><\/li><\/ul><\/div><\/div><\/div>","protected":false},"author":1,"featured_media":0,"comment_status":"open","ping_status":"open","sticky":false,"template":"","format":"standard","meta":{"spay_email":""},"categories":[1],"tags":[175,173,159,166,162,164,158,156,165,174,160,163,172,157,161,56],"jetpack_featured_media_url":"","jetpack_sharing_enabled":true,"_links":{"self":[{"href":"http:\/\/desireemartinphoto.com\/blog\/wp-json\/wp\/v2\/posts\/966"}],"collection":[{"href":"http:\/\/desireemartinphoto.com\/blog\/wp-json\/wp\/v2\/posts"}],"about":[{"href":"http:\/\/desireemartinphoto.com\/blog\/wp-json\/wp\/v2\/types\/post"}],"author":[{"embeddable":true,"href":"http:\/\/desireemartinphoto.com\/blog\/wp-json\/wp\/v2\/users\/1"}],"replies":[{"embeddable":true,"href":"http:\/\/desireemartinphoto.com\/blog\/wp-json\/wp\/v2\/comments?post=966"}],"version-history":[{"count":12,"href":"http:\/\/desireemartinphoto.com\/blog\/wp-json\/wp\/v2\/posts\/966\/revisions"}],"predecessor-version":[{"id":985,"href":"http:\/\/desireemartinphoto.com\/blog\/wp-json\/wp\/v2\/posts\/966\/revisions\/985"}],"wp:attachment":[{"href":"http:\/\/desireemartinphoto.com\/blog\/wp-json\/wp\/v2\/media?parent=966"}],"wp:term":[{"taxonomy":"category","embeddable":true,"href":"http:\/\/desireemartinphoto.com\/blog\/wp-json\/wp\/v2\/categories?post=966"},{"taxonomy":"post_tag","embeddable":true,"href":"http:\/\/desireemartinphoto.com\/blog\/wp-json\/wp\/v2\/tags?post=966"}],"curies":[{"name":"wp","href":"https:\/\/api.w.org\/{rel}","templated":true}]}}