{"id":932,"date":"2011-05-30T12:17:42","date_gmt":"2011-05-30T12:17:42","guid":{"rendered":"http:\/\/desireemartinphoto.com\/blog\/?p=932"},"modified":"2011-07-02T12:38:03","modified_gmt":"2011-07-02T12:38:03","slug":"unico-en-europa","status":"publish","type":"post","link":"http:\/\/desireemartinphoto.com\/blog\/unico-en-europa\/","title":{"rendered":"\u00danico en Europa"},"content":{"rendered":"<p>Caf\u00e9 de Agaete, cultivado en un hermosos valle del norte de la isla canaria de Gran Canaria, el Valle de Agaete.<\/p>\n<p>&#8220;El caf\u00e9 en el Valle de Agaete se cultiva bajo la sombra de naranjos,  mangos, guayabos, aguacates&#8230; La producci\u00f3n apenas supera los 1500 kg. y  las labores culturales realizadas son escasas: la poda no se realiza y  el riego y abonado son los que corresponden a los cultivos con los que  se asocian. La variedad cultivada es la Typica. Es una de las variedades  m\u00e1s antiguas y aunque hoy est\u00e1 en desuso en la mayor\u00eda de los pa\u00edses  productores, la excelente calidad de sus frutos ha hecho que se tienda a  su recuperaci\u00f3n&#8221;.<\/p>\n<p>Victor Lugo y sus padres, vaya familia m\u00e1s acogedora &#8230;una ma\u00f1ana de trabajo alucinante, que colores , que olores&#8230;<\/p>\n<p><img data-attachment-id=\"933\" data-permalink=\"http:\/\/desireemartinphoto.com\/blog\/unico-en-europa\/dm-cafe-agaete-publico-08-blog-01\/\" data-orig-file=\"http:\/\/desireemartinphoto.com\/blog\/wp-content\/uploads\/2011\/05\/DM-Cafe-Agaete-PUBLICO-08-BLOG-01.jpg\" data-orig-size=\"550,367\" data-comments-opened=\"1\" data-image-meta=\"{&quot;aperture&quot;:&quot;6.3&quot;,&quot;credit&quot;:&quot;&quot;,&quot;camera&quot;:&quot;Canon EOS 5D Mark II&quot;,&quot;caption&quot;:&quot;&quot;,&quot;created_timestamp&quot;:&quot;1301914378&quot;,&quot;copyright&quot;:&quot;&quot;,&quot;focal_length&quot;:&quot;23&quot;,&quot;iso&quot;:&quot;800&quot;,&quot;shutter_speed&quot;:&quot;0.0003125&quot;,&quot;title&quot;:&quot;&quot;}\" data-image-title=\"DM-Cafe-Agaete-PUBLICO-08-BLOG-01\" data-image-description=\"\" data-medium-file=\"http:\/\/desireemartinphoto.com\/blog\/wp-content\/uploads\/2011\/05\/DM-Cafe-Agaete-PUBLICO-08-BLOG-01-300x200.jpg\" data-large-file=\"http:\/\/desireemartinphoto.com\/blog\/wp-content\/uploads\/2011\/05\/DM-Cafe-Agaete-PUBLICO-08-BLOG-01.jpg\" loading=\"lazy\" class=\"alignnone size-full wp-image-933\" src=\"http:\/\/desireemartinphoto.com\/blog\/wp-content\/uploads\/2011\/05\/DM-Cafe-Agaete-PUBLICO-08-BLOG-01.jpg\" alt=\"\" width=\"550\" height=\"367\" srcset=\"http:\/\/desireemartinphoto.com\/blog\/wp-content\/uploads\/2011\/05\/DM-Cafe-Agaete-PUBLICO-08-BLOG-01.jpg 550w, http:\/\/desireemartinphoto.com\/blog\/wp-content\/uploads\/2011\/05\/DM-Cafe-Agaete-PUBLICO-08-BLOG-01-300x200.jpg 300w\" sizes=\"(max-width: 550px) 100vw, 550px\" \/><\/p>\n<p><img data-attachment-id=\"934\" data-permalink=\"http:\/\/desireemartinphoto.com\/blog\/unico-en-europa\/horizontal\/\" data-orig-file=\"http:\/\/desireemartinphoto.com\/blog\/wp-content\/uploads\/2011\/05\/DM-Cafe-de-Agaete-02-BLOG-02.jpg\" data-orig-size=\"550,412\" data-comments-opened=\"1\" data-image-meta=\"{&quot;aperture&quot;:&quot;7.1&quot;,&quot;credit&quot;:&quot;DESIREE MARTIN&quot;,&quot;camera&quot;:&quot;Canon EOS 5D Mark II&quot;,&quot;caption&quot;:&quot;Ceferino collects coffee in the Agaete Valley, 04 april 2011, on the spanish canary island of Gran Canaria.\\nIn the valley of Agaete, to the north of Gran Canaria island, the unique coffee of Spain and Europe takes place. The coffee was introduced in the Canary Islands in 1788, with the creation of the Botanical Garden of the Orotava in Tenerife, and from it gave the jump here to the valley of Agaete. \\n\\nAFP PHOTO \\\/ DESIREE MARTIN&quot;,&quot;created_timestamp&quot;:&quot;1301909347&quot;,&quot;copyright&quot;:&quot;ImageForum&quot;,&quot;focal_length&quot;:&quot;16&quot;,&quot;iso&quot;:&quot;100&quot;,&quot;shutter_speed&quot;:&quot;0.005&quot;,&quot;title&quot;:&quot;HORIZONTAL&quot;}\" data-image-title=\"DM-Cafe-de-Agaete-02-BLOG-02\" data-image-description=\"\" data-medium-file=\"http:\/\/desireemartinphoto.com\/blog\/wp-content\/uploads\/2011\/05\/DM-Cafe-de-Agaete-02-BLOG-02-300x224.jpg\" data-large-file=\"http:\/\/desireemartinphoto.com\/blog\/wp-content\/uploads\/2011\/05\/DM-Cafe-de-Agaete-02-BLOG-02.jpg\" loading=\"lazy\" class=\"alignnone size-full wp-image-934\" src=\"http:\/\/desireemartinphoto.com\/blog\/wp-content\/uploads\/2011\/05\/DM-Cafe-de-Agaete-02-BLOG-02.jpg\" alt=\"\" width=\"550\" height=\"412\" srcset=\"http:\/\/desireemartinphoto.com\/blog\/wp-content\/uploads\/2011\/05\/DM-Cafe-de-Agaete-02-BLOG-02.jpg 550w, http:\/\/desireemartinphoto.com\/blog\/wp-content\/uploads\/2011\/05\/DM-Cafe-de-Agaete-02-BLOG-02-300x224.jpg 300w\" sizes=\"(max-width: 550px) 100vw, 550px\" \/><\/p>\n<p><img data-attachment-id=\"935\" data-permalink=\"http:\/\/desireemartinphoto.com\/blog\/unico-en-europa\/vertical\/\" data-orig-file=\"http:\/\/desireemartinphoto.com\/blog\/wp-content\/uploads\/2011\/05\/DM-Cafe-de-Agaete-12-BLOG-03.jpg\" data-orig-size=\"367,550\" data-comments-opened=\"1\" data-image-meta=\"{&quot;aperture&quot;:&quot;9&quot;,&quot;credit&quot;:&quot;DESIREE MARTIN&quot;,&quot;camera&quot;:&quot;Canon EOS 5D Mark II&quot;,&quot;caption&quot;:&quot;After its collection, the coffee of Agaete, is dried to the sun during one week., 04 april 2011, on the spanish canary island of Gran Canaria.\\n\\nIn the valley of Agaete, to the north of Gran Canaria island, the unique coffee of Spain and Europe takes place. The coffee was introduced in the Canary Islands in 1788, with the creation of the Botanical Garden of the Orotava in Tenerife, and from it gave the jump here to the valley of Agaete. \\n\\nAFP PHOTO \\\/ DESIREE MARTIN&quot;,&quot;created_timestamp&quot;:&quot;1301911965&quot;,&quot;copyright&quot;:&quot;ImageForum&quot;,&quot;focal_length&quot;:&quot;19&quot;,&quot;iso&quot;:&quot;100&quot;,&quot;shutter_speed&quot;:&quot;0.008&quot;,&quot;title&quot;:&quot;VERTICAL&quot;}\" data-image-title=\"DM-Cafe-de-Agaete-12-BLOG-03\" data-image-description=\"\" data-medium-file=\"http:\/\/desireemartinphoto.com\/blog\/wp-content\/uploads\/2011\/05\/DM-Cafe-de-Agaete-12-BLOG-03-200x300.jpg\" data-large-file=\"http:\/\/desireemartinphoto.com\/blog\/wp-content\/uploads\/2011\/05\/DM-Cafe-de-Agaete-12-BLOG-03.jpg\" loading=\"lazy\" class=\"alignnone size-full wp-image-935\" src=\"http:\/\/desireemartinphoto.com\/blog\/wp-content\/uploads\/2011\/05\/DM-Cafe-de-Agaete-12-BLOG-03.jpg\" alt=\"\" width=\"367\" height=\"550\" srcset=\"http:\/\/desireemartinphoto.com\/blog\/wp-content\/uploads\/2011\/05\/DM-Cafe-de-Agaete-12-BLOG-03.jpg 367w, http:\/\/desireemartinphoto.com\/blog\/wp-content\/uploads\/2011\/05\/DM-Cafe-de-Agaete-12-BLOG-03-200x300.jpg 200w\" sizes=\"(max-width: 367px) 100vw, 367px\" \/><\/p>\n<p><img data-attachment-id=\"936\" data-permalink=\"http:\/\/desireemartinphoto.com\/blog\/unico-en-europa\/dm-cafe-agaete-publico-10def-blog-04\/\" data-orig-file=\"http:\/\/desireemartinphoto.com\/blog\/wp-content\/uploads\/2011\/05\/DM-Cafe-Agaete-PUBLICO-10DEF-BLOG-04.jpg\" data-orig-size=\"550,367\" data-comments-opened=\"1\" data-image-meta=\"{&quot;aperture&quot;:&quot;6.3&quot;,&quot;credit&quot;:&quot;&quot;,&quot;camera&quot;:&quot;Canon EOS 5D Mark II&quot;,&quot;caption&quot;:&quot;CULTIVO DE CAFE EN VALLE DE AGAETE\\nUNICO CAFE DE EUROPA\\nAGAETE \\nISLA DE GRAN CANARIA\\n\\nDESIREE MARTIN \\\/ PUBLICO&quot;,&quot;created_timestamp&quot;:&quot;1301910776&quot;,&quot;copyright&quot;:&quot;&quot;,&quot;focal_length&quot;:&quot;16&quot;,&quot;iso&quot;:&quot;100&quot;,&quot;shutter_speed&quot;:&quot;0.005&quot;,&quot;title&quot;:&quot;&quot;}\" data-image-title=\"DM-Cafe-Agaete-PUBLICO-10DEF-BLOG-04\" data-image-description=\"\" data-medium-file=\"http:\/\/desireemartinphoto.com\/blog\/wp-content\/uploads\/2011\/05\/DM-Cafe-Agaete-PUBLICO-10DEF-BLOG-04-300x200.jpg\" data-large-file=\"http:\/\/desireemartinphoto.com\/blog\/wp-content\/uploads\/2011\/05\/DM-Cafe-Agaete-PUBLICO-10DEF-BLOG-04.jpg\" loading=\"lazy\" class=\"alignnone size-full wp-image-936\" src=\"http:\/\/desireemartinphoto.com\/blog\/wp-content\/uploads\/2011\/05\/DM-Cafe-Agaete-PUBLICO-10DEF-BLOG-04.jpg\" alt=\"\" width=\"550\" height=\"367\" srcset=\"http:\/\/desireemartinphoto.com\/blog\/wp-content\/uploads\/2011\/05\/DM-Cafe-Agaete-PUBLICO-10DEF-BLOG-04.jpg 550w, http:\/\/desireemartinphoto.com\/blog\/wp-content\/uploads\/2011\/05\/DM-Cafe-Agaete-PUBLICO-10DEF-BLOG-04-300x200.jpg 300w\" sizes=\"(max-width: 550px) 100vw, 550px\" \/><\/p>\n<p><img data-attachment-id=\"939\" data-permalink=\"http:\/\/desireemartinphoto.com\/blog\/unico-en-europa\/dm-cafe-agaete-publico-16-blog-04bis\/\" data-orig-file=\"http:\/\/desireemartinphoto.com\/blog\/wp-content\/uploads\/2011\/05\/DM-Cafe-Agaete-PUBLICO-16-BLOG-04BIS.jpg\" data-orig-size=\"550,367\" data-comments-opened=\"1\" data-image-meta=\"{&quot;aperture&quot;:&quot;11&quot;,&quot;credit&quot;:&quot;&quot;,&quot;camera&quot;:&quot;Canon EOS 5D Mark II&quot;,&quot;caption&quot;:&quot;&quot;,&quot;created_timestamp&quot;:&quot;1301918476&quot;,&quot;copyright&quot;:&quot;&quot;,&quot;focal_length&quot;:&quot;16&quot;,&quot;iso&quot;:&quot;100&quot;,&quot;shutter_speed&quot;:&quot;0.025&quot;,&quot;title&quot;:&quot;&quot;}\" data-image-title=\"DM-Cafe-Agaete-PUBLICO-16-BLOG-04BIS\" data-image-description=\"\" data-medium-file=\"http:\/\/desireemartinphoto.com\/blog\/wp-content\/uploads\/2011\/05\/DM-Cafe-Agaete-PUBLICO-16-BLOG-04BIS-300x200.jpg\" data-large-file=\"http:\/\/desireemartinphoto.com\/blog\/wp-content\/uploads\/2011\/05\/DM-Cafe-Agaete-PUBLICO-16-BLOG-04BIS.jpg\" loading=\"lazy\" class=\"alignnone size-full wp-image-939\" src=\"http:\/\/desireemartinphoto.com\/blog\/wp-content\/uploads\/2011\/05\/DM-Cafe-Agaete-PUBLICO-16-BLOG-04BIS.jpg\" alt=\"\" width=\"550\" height=\"367\" srcset=\"http:\/\/desireemartinphoto.com\/blog\/wp-content\/uploads\/2011\/05\/DM-Cafe-Agaete-PUBLICO-16-BLOG-04BIS.jpg 550w, http:\/\/desireemartinphoto.com\/blog\/wp-content\/uploads\/2011\/05\/DM-Cafe-Agaete-PUBLICO-16-BLOG-04BIS-300x200.jpg 300w\" sizes=\"(max-width: 550px) 100vw, 550px\" \/><\/p>\n<p><img data-attachment-id=\"938\" data-permalink=\"http:\/\/desireemartinphoto.com\/blog\/unico-en-europa\/vertical-3\/\" data-orig-file=\"http:\/\/desireemartinphoto.com\/blog\/wp-content\/uploads\/2011\/05\/DM-Cafe-de-Agaete-16-BLOG-051.jpg\" data-orig-size=\"367,550\" data-comments-opened=\"1\" data-image-meta=\"{&quot;aperture&quot;:&quot;5.6&quot;,&quot;credit&quot;:&quot;DESIREE MARTIN&quot;,&quot;camera&quot;:&quot;Canon EOS 5D Mark II&quot;,&quot;caption&quot;:&quot;The coffee of Agaete, after the week of drying to the sun, goes to a machine that retires the outer skin to him and expels the grain from clean coffee, green, 04 april 2011, on the spanish canary island of Gran Canaria.\\n\\nIn the valley of Agaete, to the north of Gran Canaria island, the unique coffee of Spain and Europe takes place. The coffee was introduced in the Canary Islands in 1788, with the creation of the Botanical Garden of the Orotava in Tenerife, and from it gave the jump here to the valley of Agaete. \\n\\nAFP PHOTO \\\/ DESIREE MARTIN&quot;,&quot;created_timestamp&quot;:&quot;1301918852&quot;,&quot;copyright&quot;:&quot;ImageForum&quot;,&quot;focal_length&quot;:&quot;16&quot;,&quot;iso&quot;:&quot;200&quot;,&quot;shutter_speed&quot;:&quot;0.001&quot;,&quot;title&quot;:&quot;VERTICAL&quot;}\" data-image-title=\"DM-Cafe-de-Agaete-16-BLOG-051\" data-image-description=\"\" data-medium-file=\"http:\/\/desireemartinphoto.com\/blog\/wp-content\/uploads\/2011\/05\/DM-Cafe-de-Agaete-16-BLOG-051-200x300.jpg\" data-large-file=\"http:\/\/desireemartinphoto.com\/blog\/wp-content\/uploads\/2011\/05\/DM-Cafe-de-Agaete-16-BLOG-051.jpg\" loading=\"lazy\" class=\"alignnone size-full wp-image-938\" src=\"http:\/\/desireemartinphoto.com\/blog\/wp-content\/uploads\/2011\/05\/DM-Cafe-de-Agaete-16-BLOG-051.jpg\" alt=\"\" width=\"367\" height=\"550\" srcset=\"http:\/\/desireemartinphoto.com\/blog\/wp-content\/uploads\/2011\/05\/DM-Cafe-de-Agaete-16-BLOG-051.jpg 367w, http:\/\/desireemartinphoto.com\/blog\/wp-content\/uploads\/2011\/05\/DM-Cafe-de-Agaete-16-BLOG-051-200x300.jpg 200w\" sizes=\"(max-width: 367px) 100vw, 367px\" \/><\/p>\n<p><img data-attachment-id=\"940\" data-permalink=\"http:\/\/desireemartinphoto.com\/blog\/unico-en-europa\/dm-cafe-agaete-publico-46def-blog-06\/\" data-orig-file=\"http:\/\/desireemartinphoto.com\/blog\/wp-content\/uploads\/2011\/05\/DM-Cafe-Agaete-PUBLICO-46DEF-BLOG-06.jpg\" data-orig-size=\"367,550\" data-comments-opened=\"1\" data-image-meta=\"{&quot;aperture&quot;:&quot;5.6&quot;,&quot;credit&quot;:&quot;&quot;,&quot;camera&quot;:&quot;Canon EOS 5D Mark II&quot;,&quot;caption&quot;:&quot;CULTIVO DE CAFE EN VALLE DE AGAETE\\nUNICO CAFE DE EUROPA\\nAGAETE \\nISLA DE GRAN CANARIA\\n\\nDESIREE MARTIN \\\/ PUBLICO&quot;,&quot;created_timestamp&quot;:&quot;1301918542&quot;,&quot;copyright&quot;:&quot;&quot;,&quot;focal_length&quot;:&quot;16&quot;,&quot;iso&quot;:&quot;1000&quot;,&quot;shutter_speed&quot;:&quot;0.01&quot;,&quot;title&quot;:&quot;&quot;}\" data-image-title=\"DM-Cafe-Agaete-PUBLICO-46DEF-BLOG-06\" data-image-description=\"\" data-medium-file=\"http:\/\/desireemartinphoto.com\/blog\/wp-content\/uploads\/2011\/05\/DM-Cafe-Agaete-PUBLICO-46DEF-BLOG-06-200x300.jpg\" data-large-file=\"http:\/\/desireemartinphoto.com\/blog\/wp-content\/uploads\/2011\/05\/DM-Cafe-Agaete-PUBLICO-46DEF-BLOG-06.jpg\" loading=\"lazy\" class=\"alignnone size-full wp-image-940\" src=\"http:\/\/desireemartinphoto.com\/blog\/wp-content\/uploads\/2011\/05\/DM-Cafe-Agaete-PUBLICO-46DEF-BLOG-06.jpg\" alt=\"\" width=\"367\" height=\"550\" srcset=\"http:\/\/desireemartinphoto.com\/blog\/wp-content\/uploads\/2011\/05\/DM-Cafe-Agaete-PUBLICO-46DEF-BLOG-06.jpg 367w, http:\/\/desireemartinphoto.com\/blog\/wp-content\/uploads\/2011\/05\/DM-Cafe-Agaete-PUBLICO-46DEF-BLOG-06-200x300.jpg 200w\" sizes=\"(max-width: 367px) 100vw, 367px\" \/><\/p>\n<p><img data-attachment-id=\"941\" data-permalink=\"http:\/\/desireemartinphoto.com\/blog\/unico-en-europa\/horizontal-2\/\" data-orig-file=\"http:\/\/desireemartinphoto.com\/blog\/wp-content\/uploads\/2011\/05\/DM-Cafe-de-Agaete-14-BLOG-07.jpg\" data-orig-size=\"550,367\" data-comments-opened=\"1\" data-image-meta=\"{&quot;aperture&quot;:&quot;5.6&quot;,&quot;credit&quot;:&quot;DESIREE MARTIN&quot;,&quot;camera&quot;:&quot;Canon EOS 5D Mark II&quot;,&quot;caption&quot;:&quot;The coffee of Agaete, after the week of drying to the sun, goes to a machine that retires the outer skin to him and expels the grain from clean coffee, green, 04 april 2011, on the spanish canary island of Gran Canaria.\\n\\nIn the valley of Agaete, to the north of Gran Canaria island, the unique coffee of Spain and Europe takes place. The coffee was introduced in the Canary Islands in 1788, with the creation of the Botanical Garden of the Orotava in Tenerife, and from it gave the jump here to the valley of Agaete. \\n\\nAFP PHOTO \\\/ DESIREE MARTIN&quot;,&quot;created_timestamp&quot;:&quot;1301918784&quot;,&quot;copyright&quot;:&quot;ImageForum&quot;,&quot;focal_length&quot;:&quot;30&quot;,&quot;iso&quot;:&quot;1600&quot;,&quot;shutter_speed&quot;:&quot;0.0025&quot;,&quot;title&quot;:&quot;HORIZONTAL&quot;}\" data-image-title=\"DM-Cafe-de-Agaete-14-BLOG-07\" data-image-description=\"\" data-medium-file=\"http:\/\/desireemartinphoto.com\/blog\/wp-content\/uploads\/2011\/05\/DM-Cafe-de-Agaete-14-BLOG-07-300x200.jpg\" data-large-file=\"http:\/\/desireemartinphoto.com\/blog\/wp-content\/uploads\/2011\/05\/DM-Cafe-de-Agaete-14-BLOG-07.jpg\" loading=\"lazy\" class=\"alignnone size-full wp-image-941\" src=\"http:\/\/desireemartinphoto.com\/blog\/wp-content\/uploads\/2011\/05\/DM-Cafe-de-Agaete-14-BLOG-07.jpg\" alt=\"\" width=\"550\" height=\"367\" srcset=\"http:\/\/desireemartinphoto.com\/blog\/wp-content\/uploads\/2011\/05\/DM-Cafe-de-Agaete-14-BLOG-07.jpg 550w, http:\/\/desireemartinphoto.com\/blog\/wp-content\/uploads\/2011\/05\/DM-Cafe-de-Agaete-14-BLOG-07-300x200.jpg 300w\" sizes=\"(max-width: 550px) 100vw, 550px\" \/><\/p>\n<p><img data-attachment-id=\"942\" data-permalink=\"http:\/\/desireemartinphoto.com\/blog\/unico-en-europa\/dm-cafe-agaete-publico-21-blog-08\/\" data-orig-file=\"http:\/\/desireemartinphoto.com\/blog\/wp-content\/uploads\/2011\/05\/DM-Cafe-Agaete-PUBLICO-21-BLOG-08.jpg\" data-orig-size=\"550,367\" data-comments-opened=\"1\" data-image-meta=\"{&quot;aperture&quot;:&quot;5.6&quot;,&quot;credit&quot;:&quot;&quot;,&quot;camera&quot;:&quot;Canon EOS 5D Mark II&quot;,&quot;caption&quot;:&quot;&quot;,&quot;created_timestamp&quot;:&quot;1301919916&quot;,&quot;copyright&quot;:&quot;&quot;,&quot;focal_length&quot;:&quot;16&quot;,&quot;iso&quot;:&quot;1600&quot;,&quot;shutter_speed&quot;:&quot;0.008&quot;,&quot;title&quot;:&quot;&quot;}\" data-image-title=\"DM-Cafe-Agaete-PUBLICO-21-BLOG-08\" data-image-description=\"\" data-medium-file=\"http:\/\/desireemartinphoto.com\/blog\/wp-content\/uploads\/2011\/05\/DM-Cafe-Agaete-PUBLICO-21-BLOG-08-300x200.jpg\" data-large-file=\"http:\/\/desireemartinphoto.com\/blog\/wp-content\/uploads\/2011\/05\/DM-Cafe-Agaete-PUBLICO-21-BLOG-08.jpg\" loading=\"lazy\" class=\"alignnone size-full wp-image-942\" src=\"http:\/\/desireemartinphoto.com\/blog\/wp-content\/uploads\/2011\/05\/DM-Cafe-Agaete-PUBLICO-21-BLOG-08.jpg\" alt=\"\" width=\"550\" height=\"367\" srcset=\"http:\/\/desireemartinphoto.com\/blog\/wp-content\/uploads\/2011\/05\/DM-Cafe-Agaete-PUBLICO-21-BLOG-08.jpg 550w, http:\/\/desireemartinphoto.com\/blog\/wp-content\/uploads\/2011\/05\/DM-Cafe-Agaete-PUBLICO-21-BLOG-08-300x200.jpg 300w\" sizes=\"(max-width: 550px) 100vw, 550px\" \/><\/p>\n<p><img data-attachment-id=\"943\" data-permalink=\"http:\/\/desireemartinphoto.com\/blog\/unico-en-europa\/dm-cafe-agaete-publico-58-blog-08bis\/\" data-orig-file=\"http:\/\/desireemartinphoto.com\/blog\/wp-content\/uploads\/2011\/05\/DM-Cafe-Agaete-PUBLICO-58-BLOG-08BIS.jpg\" data-orig-size=\"550,367\" data-comments-opened=\"1\" data-image-meta=\"{&quot;aperture&quot;:&quot;4.5&quot;,&quot;credit&quot;:&quot;&quot;,&quot;camera&quot;:&quot;Canon EOS 5D Mark II&quot;,&quot;caption&quot;:&quot;&quot;,&quot;created_timestamp&quot;:&quot;1301919186&quot;,&quot;copyright&quot;:&quot;&quot;,&quot;focal_length&quot;:&quot;35&quot;,&quot;iso&quot;:&quot;1600&quot;,&quot;shutter_speed&quot;:&quot;0.05&quot;,&quot;title&quot;:&quot;&quot;}\" data-image-title=\"DM-Cafe-Agaete-PUBLICO-58-BLOG-08BIS\" data-image-description=\"\" data-medium-file=\"http:\/\/desireemartinphoto.com\/blog\/wp-content\/uploads\/2011\/05\/DM-Cafe-Agaete-PUBLICO-58-BLOG-08BIS-300x200.jpg\" data-large-file=\"http:\/\/desireemartinphoto.com\/blog\/wp-content\/uploads\/2011\/05\/DM-Cafe-Agaete-PUBLICO-58-BLOG-08BIS.jpg\" loading=\"lazy\" class=\"alignnone size-full wp-image-943\" src=\"http:\/\/desireemartinphoto.com\/blog\/wp-content\/uploads\/2011\/05\/DM-Cafe-Agaete-PUBLICO-58-BLOG-08BIS.jpg\" alt=\"\" width=\"550\" height=\"367\" srcset=\"http:\/\/desireemartinphoto.com\/blog\/wp-content\/uploads\/2011\/05\/DM-Cafe-Agaete-PUBLICO-58-BLOG-08BIS.jpg 550w, http:\/\/desireemartinphoto.com\/blog\/wp-content\/uploads\/2011\/05\/DM-Cafe-Agaete-PUBLICO-58-BLOG-08BIS-300x200.jpg 300w\" sizes=\"(max-width: 550px) 100vw, 550px\" \/><\/p>\n<p><img data-attachment-id=\"946\" data-permalink=\"http:\/\/desireemartinphoto.com\/blog\/unico-en-europa\/dm-cafe-agaete-publico-22-blog-09-2\/\" data-orig-file=\"http:\/\/desireemartinphoto.com\/blog\/wp-content\/uploads\/2011\/05\/DM-Cafe-Agaete-PUBLICO-22.-BLOG-091.jpg\" data-orig-size=\"550,367\" data-comments-opened=\"1\" data-image-meta=\"{&quot;aperture&quot;:&quot;5.6&quot;,&quot;credit&quot;:&quot;&quot;,&quot;camera&quot;:&quot;Canon EOS 5D Mark II&quot;,&quot;caption&quot;:&quot;&quot;,&quot;created_timestamp&quot;:&quot;1301920042&quot;,&quot;copyright&quot;:&quot;&quot;,&quot;focal_length&quot;:&quot;16&quot;,&quot;iso&quot;:&quot;1600&quot;,&quot;shutter_speed&quot;:&quot;0.004&quot;,&quot;title&quot;:&quot;&quot;}\" data-image-title=\"DM-Cafe-Agaete-PUBLICO-22.-BLOG-091\" data-image-description=\"\" data-medium-file=\"http:\/\/desireemartinphoto.com\/blog\/wp-content\/uploads\/2011\/05\/DM-Cafe-Agaete-PUBLICO-22.-BLOG-091-300x200.jpg\" data-large-file=\"http:\/\/desireemartinphoto.com\/blog\/wp-content\/uploads\/2011\/05\/DM-Cafe-Agaete-PUBLICO-22.-BLOG-091.jpg\" loading=\"lazy\" class=\"alignnone size-full wp-image-946\" src=\"http:\/\/desireemartinphoto.com\/blog\/wp-content\/uploads\/2011\/05\/DM-Cafe-Agaete-PUBLICO-22.-BLOG-091.jpg\" alt=\"\" width=\"550\" height=\"367\" srcset=\"http:\/\/desireemartinphoto.com\/blog\/wp-content\/uploads\/2011\/05\/DM-Cafe-Agaete-PUBLICO-22.-BLOG-091.jpg 550w, http:\/\/desireemartinphoto.com\/blog\/wp-content\/uploads\/2011\/05\/DM-Cafe-Agaete-PUBLICO-22.-BLOG-091-300x200.jpg 300w\" sizes=\"(max-width: 550px) 100vw, 550px\" \/><\/p>\n<p><img data-attachment-id=\"947\" data-permalink=\"http:\/\/desireemartinphoto.com\/blog\/unico-en-europa\/vertical-4\/\" data-orig-file=\"http:\/\/desireemartinphoto.com\/blog\/wp-content\/uploads\/2011\/05\/DM-Cafe-Agaete-PUBLICO-23-BLOG-10.jpg\" data-orig-size=\"367,550\" data-comments-opened=\"1\" data-image-meta=\"{&quot;aperture&quot;:&quot;5&quot;,&quot;credit&quot;:&quot;DESIREE MARTIN&quot;,&quot;camera&quot;:&quot;Canon EOS 5D Mark II&quot;,&quot;caption&quot;:&quot;The grain of green coffee is toasted slowly in a traditional mud container. After the toasting, it is crushed in very old little mill of coffee, 04 april 2011, on the spanish canary island of Gran Canaria.\\n\\nIn the valley of Agaete, to the north of Gran Canaria island, the unique coffee of Spain and Europe takes place. The coffee was introduced in the Canary Islands in 1788, with the creation of the Botanical Garden of the Orotava in Tenerife, and from it gave the jump here to the valley of Agaete. \\n\\nAFP PHOTO \\\/ DESIREE MARTIN&quot;,&quot;created_timestamp&quot;:&quot;1301919314&quot;,&quot;copyright&quot;:&quot;ImageForum&quot;,&quot;focal_length&quot;:&quot;18&quot;,&quot;iso&quot;:&quot;1600&quot;,&quot;shutter_speed&quot;:&quot;0.00125&quot;,&quot;title&quot;:&quot;VERTICAL&quot;}\" data-image-title=\"DM-Cafe-Agaete-PUBLICO-23-BLOG-10\" data-image-description=\"\" data-medium-file=\"http:\/\/desireemartinphoto.com\/blog\/wp-content\/uploads\/2011\/05\/DM-Cafe-Agaete-PUBLICO-23-BLOG-10-200x300.jpg\" data-large-file=\"http:\/\/desireemartinphoto.com\/blog\/wp-content\/uploads\/2011\/05\/DM-Cafe-Agaete-PUBLICO-23-BLOG-10.jpg\" loading=\"lazy\" class=\"alignnone size-full wp-image-947\" src=\"http:\/\/desireemartinphoto.com\/blog\/wp-content\/uploads\/2011\/05\/DM-Cafe-Agaete-PUBLICO-23-BLOG-10.jpg\" alt=\"\" width=\"367\" height=\"550\" srcset=\"http:\/\/desireemartinphoto.com\/blog\/wp-content\/uploads\/2011\/05\/DM-Cafe-Agaete-PUBLICO-23-BLOG-10.jpg 367w, http:\/\/desireemartinphoto.com\/blog\/wp-content\/uploads\/2011\/05\/DM-Cafe-Agaete-PUBLICO-23-BLOG-10-200x300.jpg 200w\" sizes=\"(max-width: 367px) 100vw, 367px\" \/><\/p>\n<p><img data-attachment-id=\"948\" data-permalink=\"http:\/\/desireemartinphoto.com\/blog\/unico-en-europa\/dm-cafe-agaete-publico-57-blog-11\/\" data-orig-file=\"http:\/\/desireemartinphoto.com\/blog\/wp-content\/uploads\/2011\/05\/DM-Cafe-Agaete-PUBLICO-57-BLOG-11.jpg\" data-orig-size=\"550,367\" data-comments-opened=\"1\" data-image-meta=\"{&quot;aperture&quot;:&quot;4.5&quot;,&quot;credit&quot;:&quot;&quot;,&quot;camera&quot;:&quot;Canon EOS 5D Mark II&quot;,&quot;caption&quot;:&quot;&quot;,&quot;created_timestamp&quot;:&quot;1301920666&quot;,&quot;copyright&quot;:&quot;&quot;,&quot;focal_length&quot;:&quot;19&quot;,&quot;iso&quot;:&quot;2000&quot;,&quot;shutter_speed&quot;:&quot;0.05&quot;,&quot;title&quot;:&quot;&quot;}\" data-image-title=\"DM-Cafe-Agaete-PUBLICO-57-BLOG-11\" data-image-description=\"\" data-medium-file=\"http:\/\/desireemartinphoto.com\/blog\/wp-content\/uploads\/2011\/05\/DM-Cafe-Agaete-PUBLICO-57-BLOG-11-300x200.jpg\" data-large-file=\"http:\/\/desireemartinphoto.com\/blog\/wp-content\/uploads\/2011\/05\/DM-Cafe-Agaete-PUBLICO-57-BLOG-11.jpg\" loading=\"lazy\" class=\"alignnone size-full wp-image-948\" src=\"http:\/\/desireemartinphoto.com\/blog\/wp-content\/uploads\/2011\/05\/DM-Cafe-Agaete-PUBLICO-57-BLOG-11.jpg\" alt=\"\" width=\"550\" height=\"367\" srcset=\"http:\/\/desireemartinphoto.com\/blog\/wp-content\/uploads\/2011\/05\/DM-Cafe-Agaete-PUBLICO-57-BLOG-11.jpg 550w, http:\/\/desireemartinphoto.com\/blog\/wp-content\/uploads\/2011\/05\/DM-Cafe-Agaete-PUBLICO-57-BLOG-11-300x200.jpg 300w\" sizes=\"(max-width: 550px) 100vw, 550px\" \/><\/p>\n<p><img data-attachment-id=\"949\" data-permalink=\"http:\/\/desireemartinphoto.com\/blog\/unico-en-europa\/horizontal-3\/\" data-orig-file=\"http:\/\/desireemartinphoto.com\/blog\/wp-content\/uploads\/2011\/05\/DM-Cafe-de-Agaete-03-BLOG-12.jpg\" data-orig-size=\"550,367\" data-comments-opened=\"1\" data-image-meta=\"{&quot;aperture&quot;:&quot;4&quot;,&quot;credit&quot;:&quot;DESIREE MARTIN&quot;,&quot;camera&quot;:&quot;Canon EOS 5D Mark II&quot;,&quot;caption&quot;:&quot;Coffee in the Agaete Valley, 04 april 2011, on the spanish canary island of Gran Canaria.\\nIn the valley of Agaete, to the north of Gran Canaria island, the unique coffee of Spain and Europe takes place. The coffee was introduced in the Canary Islands in 1788, with the creation of the Botanical Garden of the Orotava in Tenerife, and from it gave the jump here to the valley of Agaete. \\n\\nAFP PHOTO \\\/ DESIREE MARTIN&quot;,&quot;created_timestamp&quot;:&quot;1301914994&quot;,&quot;copyright&quot;:&quot;ImageForum&quot;,&quot;focal_length&quot;:&quot;18&quot;,&quot;iso&quot;:&quot;800&quot;,&quot;shutter_speed&quot;:&quot;0.000125&quot;,&quot;title&quot;:&quot;HORIZONTAL&quot;}\" data-image-title=\"DM-Cafe-de-Agaete-03-BLOG-12\" data-image-description=\"\" data-medium-file=\"http:\/\/desireemartinphoto.com\/blog\/wp-content\/uploads\/2011\/05\/DM-Cafe-de-Agaete-03-BLOG-12-300x200.jpg\" data-large-file=\"http:\/\/desireemartinphoto.com\/blog\/wp-content\/uploads\/2011\/05\/DM-Cafe-de-Agaete-03-BLOG-12.jpg\" loading=\"lazy\" class=\"alignnone size-full wp-image-949\" src=\"http:\/\/desireemartinphoto.com\/blog\/wp-content\/uploads\/2011\/05\/DM-Cafe-de-Agaete-03-BLOG-12.jpg\" alt=\"\" width=\"550\" height=\"367\" srcset=\"http:\/\/desireemartinphoto.com\/blog\/wp-content\/uploads\/2011\/05\/DM-Cafe-de-Agaete-03-BLOG-12.jpg 550w, http:\/\/desireemartinphoto.com\/blog\/wp-content\/uploads\/2011\/05\/DM-Cafe-de-Agaete-03-BLOG-12-300x200.jpg 300w\" sizes=\"(max-width: 550px) 100vw, 550px\" \/><\/p>\n<div class=\"sharedaddy sd-sharing-enabled\"><div class=\"robots-nocontent sd-block sd-social sd-social-icon-text sd-sharing\"><h3 class=\"sd-title\">COMPARTE ESTO:<\/h3><div class=\"sd-content\"><ul><li class=\"share-facebook\"><a rel=\"nofollow noopener noreferrer\" data-shared=\"sharing-facebook-932\" class=\"share-facebook sd-button share-icon\" href=\"http:\/\/desireemartinphoto.com\/blog\/unico-en-europa\/?share=facebook\" target=\"_blank\" title=\"Haz clic para compartir en Facebook\"><span>Facebook<\/span><\/a><\/li><li class=\"share-twitter\"><a rel=\"nofollow noopener noreferrer\" data-shared=\"sharing-twitter-932\" class=\"share-twitter sd-button share-icon\" href=\"http:\/\/desireemartinphoto.com\/blog\/unico-en-europa\/?share=twitter\" target=\"_blank\" title=\"Haz clic para compartir en Twitter\"><span>Twitter<\/span><\/a><\/li><li class=\"share-email\"><a rel=\"nofollow noopener noreferrer\" data-shared=\"\" class=\"share-email sd-button share-icon\" href=\"http:\/\/desireemartinphoto.com\/blog\/unico-en-europa\/?share=email\" target=\"_blank\" title=\"Haz clic para enviar por correo electr\u00f3nico a un amigo\"><span>Correo electr\u00f3nico<\/span><\/a><\/li><li class=\"share-linkedin\"><a rel=\"nofollow noopener noreferrer\" data-shared=\"sharing-linkedin-932\" class=\"share-linkedin sd-button share-icon\" href=\"http:\/\/desireemartinphoto.com\/blog\/unico-en-europa\/?share=linkedin\" target=\"_blank\" title=\"Haz clic para compartir en LinkedIn\"><span>LinkedIn<\/span><\/a><\/li><li class=\"share-tumblr\"><a rel=\"nofollow noopener noreferrer\" data-shared=\"\" class=\"share-tumblr sd-button share-icon\" href=\"http:\/\/desireemartinphoto.com\/blog\/unico-en-europa\/?share=tumblr\" target=\"_blank\" title=\"Haz clic para compartir en Tumblr\"><span>Tumblr<\/span><\/a><\/li><li class=\"share-end\"><\/li><\/ul><\/div><\/div><\/div>","protected":false},"excerpt":{"rendered":"<p>Caf\u00e9 de Agaete, cultivado en un hermosos valle del norte de la isla canaria de Gran Canaria, el Valle de Agaete. &#8220;El caf\u00e9 en el Valle de Agaete se cultiva bajo la sombra de naranjos, mangos, guayabos, aguacates&#8230; La producci\u00f3n apenas supera los 1500 kg. y las labores culturales realizadas son escasas: la poda no [&#038;hellip<\/p>\n<div class=\"sharedaddy sd-sharing-enabled\"><div class=\"robots-nocontent sd-block sd-social sd-social-icon-text sd-sharing\"><h3 class=\"sd-title\">COMPARTE ESTO:<\/h3><div class=\"sd-content\"><ul><li class=\"share-facebook\"><a rel=\"nofollow noopener noreferrer\" data-shared=\"sharing-facebook-932\" class=\"share-facebook sd-button share-icon\" href=\"http:\/\/desireemartinphoto.com\/blog\/unico-en-europa\/?share=facebook\" target=\"_blank\" title=\"Haz clic para compartir en Facebook\"><span>Facebook<\/span><\/a><\/li><li class=\"share-twitter\"><a rel=\"nofollow noopener noreferrer\" data-shared=\"sharing-twitter-932\" class=\"share-twitter sd-button share-icon\" href=\"http:\/\/desireemartinphoto.com\/blog\/unico-en-europa\/?share=twitter\" target=\"_blank\" title=\"Haz clic para compartir en Twitter\"><span>Twitter<\/span><\/a><\/li><li class=\"share-email\"><a rel=\"nofollow noopener noreferrer\" data-shared=\"\" class=\"share-email sd-button share-icon\" href=\"http:\/\/desireemartinphoto.com\/blog\/unico-en-europa\/?share=email\" target=\"_blank\" title=\"Haz clic para enviar por correo electr\u00f3nico a un amigo\"><span>Correo electr\u00f3nico<\/span><\/a><\/li><li class=\"share-linkedin\"><a rel=\"nofollow noopener noreferrer\" data-shared=\"sharing-linkedin-932\" class=\"share-linkedin sd-button share-icon\" href=\"http:\/\/desireemartinphoto.com\/blog\/unico-en-europa\/?share=linkedin\" target=\"_blank\" title=\"Haz clic para compartir en LinkedIn\"><span>LinkedIn<\/span><\/a><\/li><li class=\"share-tumblr\"><a rel=\"nofollow noopener noreferrer\" data-shared=\"\" class=\"share-tumblr sd-button share-icon\" href=\"http:\/\/desireemartinphoto.com\/blog\/unico-en-europa\/?share=tumblr\" target=\"_blank\" title=\"Haz clic para compartir en Tumblr\"><span>Tumblr<\/span><\/a><\/li><li class=\"share-end\"><\/li><\/ul><\/div><\/div><\/div>","protected":false},"author":1,"featured_media":0,"comment_status":"open","ping_status":"open","sticky":false,"template":"","format":"standard","meta":{"spay_email":""},"categories":[1],"tags":[111,140,178,136,39,176,137,177,12,139,141,138,179],"jetpack_featured_media_url":"","jetpack_sharing_enabled":true,"_links":{"self":[{"href":"http:\/\/desireemartinphoto.com\/blog\/wp-json\/wp\/v2\/posts\/932"}],"collection":[{"href":"http:\/\/desireemartinphoto.com\/blog\/wp-json\/wp\/v2\/posts"}],"about":[{"href":"http:\/\/desireemartinphoto.com\/blog\/wp-json\/wp\/v2\/types\/post"}],"author":[{"embeddable":true,"href":"http:\/\/desireemartinphoto.com\/blog\/wp-json\/wp\/v2\/users\/1"}],"replies":[{"embeddable":true,"href":"http:\/\/desireemartinphoto.com\/blog\/wp-json\/wp\/v2\/comments?post=932"}],"version-history":[{"count":6,"href":"http:\/\/desireemartinphoto.com\/blog\/wp-json\/wp\/v2\/posts\/932\/revisions"}],"predecessor-version":[{"id":953,"href":"http:\/\/desireemartinphoto.com\/blog\/wp-json\/wp\/v2\/posts\/932\/revisions\/953"}],"wp:attachment":[{"href":"http:\/\/desireemartinphoto.com\/blog\/wp-json\/wp\/v2\/media?parent=932"}],"wp:term":[{"taxonomy":"category","embeddable":true,"href":"http:\/\/desireemartinphoto.com\/blog\/wp-json\/wp\/v2\/categories?post=932"},{"taxonomy":"post_tag","embeddable":true,"href":"http:\/\/desireemartinphoto.com\/blog\/wp-json\/wp\/v2\/tags?post=932"}],"curies":[{"name":"wp","href":"https:\/\/api.w.org\/{rel}","templated":true}]}}