{"id":882,"date":"2011-04-21T18:53:27","date_gmt":"2011-04-21T18:53:27","guid":{"rendered":"http:\/\/desireemartinphoto.com\/blog\/?p=882"},"modified":"2011-04-21T20:13:40","modified_gmt":"2011-04-21T20:13:40","slug":"mujeres-de-otro-costal","status":"publish","type":"post","link":"http:\/\/desireemartinphoto.com\/blog\/mujeres-de-otro-costal\/","title":{"rendered":"&#8230;..mujeres de otro costal&#8230;"},"content":{"rendered":"<p>Navegando en el maremagnum de procesiones de la Semana Santa, encontr\u00e9 \u00e9sta.<\/p>\n<p>Por primera vez en la historia de la ciudad de La Laguna, habr\u00e1 costaleras llevando una imagen. La procesi\u00f3n es &#8220;la del Encuentro&#8221;&#8230;.\u00a0\u00a0 &#8230;se encuentran la Sant\u00edsima Virgen de Los Dolores de La Paz y la Uni\u00f3n , d\u00f3nde van las nuevas COSTALERAS, y el Jes\u00fas Cautivo ante Caif\u00e1s&#8230; ah\u00ed queda eso!!<\/p>\n<p>&#8230; 5 mujeres de un total de unos 40 costaleros &#8230;<\/p>\n<p>Dif\u00edcil de narices sacar algo decente&#8230;<\/p>\n<p>Lo hicieron como unas campeonas, no hubo diferencia alguna entre ellos y ellas.<\/p>\n<p><strong>No es m\u00e1s que un reportaje de los de machaca de diario&#8230; si m\u00e1s pretensi\u00f3n que la de mantenerme &#8220;cuerda&#8221; en esto de aguantar en el fotoperiodismo &#8230; no hay m\u00e1s que eso, y querer compartir unas cuantas fotos, tanto con los protagonistas como con todo el que desee acercarse a mi trabajo y pasi\u00f3n.<br \/>\n<\/strong><\/p>\n<p><img data-attachment-id=\"883\" data-permalink=\"http:\/\/desireemartinphoto.com\/blog\/mujeres-de-otro-costal\/dm-costaleras-virgen-dolores-2011-001-blog-bb-pass\/\" data-orig-file=\"http:\/\/desireemartinphoto.com\/blog\/wp-content\/uploads\/2011\/04\/DM-Costaleras-Virgen-Dolores-2011-001-BLOG-BB-pass.jpg\" data-orig-size=\"550,367\" data-comments-opened=\"1\" data-image-meta=\"{&quot;aperture&quot;:&quot;4.5&quot;,&quot;credit&quot;:&quot;&quot;,&quot;camera&quot;:&quot;Canon EOS 5D Mark II&quot;,&quot;caption&quot;:&quot;&quot;,&quot;created_timestamp&quot;:&quot;1303234484&quot;,&quot;copyright&quot;:&quot;&quot;,&quot;focal_length&quot;:&quot;16&quot;,&quot;iso&quot;:&quot;2000&quot;,&quot;shutter_speed&quot;:&quot;0.0125&quot;,&quot;title&quot;:&quot;&quot;}\" data-image-title=\"DM-Costaleras-Virgen-Dolores-2011-001-BLOG-BB-pass\" data-image-description=\"\" data-medium-file=\"http:\/\/desireemartinphoto.com\/blog\/wp-content\/uploads\/2011\/04\/DM-Costaleras-Virgen-Dolores-2011-001-BLOG-BB-pass-300x200.jpg\" data-large-file=\"http:\/\/desireemartinphoto.com\/blog\/wp-content\/uploads\/2011\/04\/DM-Costaleras-Virgen-Dolores-2011-001-BLOG-BB-pass.jpg\" loading=\"lazy\" class=\"alignnone size-full wp-image-883\" src=\"http:\/\/desireemartinphoto.com\/blog\/wp-content\/uploads\/2011\/04\/DM-Costaleras-Virgen-Dolores-2011-001-BLOG-BB-pass.jpg\" alt=\"\" width=\"550\" height=\"367\" srcset=\"http:\/\/desireemartinphoto.com\/blog\/wp-content\/uploads\/2011\/04\/DM-Costaleras-Virgen-Dolores-2011-001-BLOG-BB-pass.jpg 550w, http:\/\/desireemartinphoto.com\/blog\/wp-content\/uploads\/2011\/04\/DM-Costaleras-Virgen-Dolores-2011-001-BLOG-BB-pass-300x200.jpg 300w\" sizes=\"(max-width: 550px) 100vw, 550px\" \/><\/p>\n<p><img data-attachment-id=\"884\" data-permalink=\"http:\/\/desireemartinphoto.com\/blog\/mujeres-de-otro-costal\/spain-religion-holy-week-procession\/\" data-orig-file=\"http:\/\/desireemartinphoto.com\/blog\/wp-content\/uploads\/2011\/04\/DM-Costaleras-Virgen-Dolores-2011-002-BLOG-BB-pass.jpg\" data-orig-size=\"550,367\" data-comments-opened=\"1\" data-image-meta=\"{&quot;aperture&quot;:&quot;3.5&quot;,&quot;credit&quot;:&quot;DESIREE MARTIN&quot;,&quot;camera&quot;:&quot;Canon EOS 5D Mark II&quot;,&quot;caption&quot;:&quot;A \\&quot;costaleras\\&quot; , women bearers of the statue of a Virgin of the Pains in the first time in the history of the La Laguna city (\\&quot; Santisima Virgen de los Dolores \\&quot;) during the procession of the encounter between the Virgin of the Pains and the Christ of the Holy week in La Laguna, on the Spanish Canary Island of Tenerife,  April 19, 2011. Christian believers around the world mark the Holy Week of Easter in celebration of the crucifixion and resurrection of Jesus Christ. AFP PHOTO \\\/ DESIREE MARTIN&quot;,&quot;created_timestamp&quot;:&quot;1303240024&quot;,&quot;copyright&quot;:&quot;ImageForum&quot;,&quot;focal_length&quot;:&quot;16&quot;,&quot;iso&quot;:&quot;2000&quot;,&quot;shutter_speed&quot;:&quot;0.0125&quot;,&quot;title&quot;:&quot;SPAIN-RELIGION-HOLY-WEEK-PROCESSION&quot;}\" data-image-title=\"DM-Costaleras-Virgen-Dolores-2011-002-BLOG-BB-pass\" data-image-description=\"\" data-medium-file=\"http:\/\/desireemartinphoto.com\/blog\/wp-content\/uploads\/2011\/04\/DM-Costaleras-Virgen-Dolores-2011-002-BLOG-BB-pass-300x200.jpg\" data-large-file=\"http:\/\/desireemartinphoto.com\/blog\/wp-content\/uploads\/2011\/04\/DM-Costaleras-Virgen-Dolores-2011-002-BLOG-BB-pass.jpg\" loading=\"lazy\" class=\"alignnone size-full wp-image-884\" src=\"http:\/\/desireemartinphoto.com\/blog\/wp-content\/uploads\/2011\/04\/DM-Costaleras-Virgen-Dolores-2011-002-BLOG-BB-pass.jpg\" alt=\"\" width=\"550\" height=\"367\" srcset=\"http:\/\/desireemartinphoto.com\/blog\/wp-content\/uploads\/2011\/04\/DM-Costaleras-Virgen-Dolores-2011-002-BLOG-BB-pass.jpg 550w, http:\/\/desireemartinphoto.com\/blog\/wp-content\/uploads\/2011\/04\/DM-Costaleras-Virgen-Dolores-2011-002-BLOG-BB-pass-300x200.jpg 300w\" sizes=\"(max-width: 550px) 100vw, 550px\" \/><\/p>\n<p><img data-attachment-id=\"885\" data-permalink=\"http:\/\/desireemartinphoto.com\/blog\/mujeres-de-otro-costal\/spain-religion-holy-week-procession-2\/\" data-orig-file=\"http:\/\/desireemartinphoto.com\/blog\/wp-content\/uploads\/2011\/04\/DM-Costaleras-Virgen-Dolores-2011-003-BLOG-BB-pass.jpg\" data-orig-size=\"550,367\" data-comments-opened=\"1\" data-image-meta=\"{&quot;aperture&quot;:&quot;3.5&quot;,&quot;credit&quot;:&quot;DESIREE MARTIN&quot;,&quot;camera&quot;:&quot;Canon EOS 5D Mark II&quot;,&quot;caption&quot;:&quot;A \\&quot;costaleras\\&quot; , women bearers of the statue of a Virgin of the Pains in the first time in the history of the La Laguna city (\\&quot; Santisima Virgen de los Dolores \\&quot;) during the procession of the encounter between the Virgin of the Pains and the Christ of the Holy week in La Laguna, on the Spanish Canary Island of Tenerife,  April 19, 2011. Christian believers around the world mark the Holy Week of Easter in celebration of the crucifixion and resurrection of Jesus Christ. AFP PHOTO \\\/ DESIREE MARTIN&quot;,&quot;created_timestamp&quot;:&quot;1303240136&quot;,&quot;copyright&quot;:&quot;ImageForum&quot;,&quot;focal_length&quot;:&quot;16&quot;,&quot;iso&quot;:&quot;2000&quot;,&quot;shutter_speed&quot;:&quot;0.0125&quot;,&quot;title&quot;:&quot;SPAIN-RELIGION-HOLY-WEEK-PROCESSION&quot;}\" data-image-title=\"DM-Costaleras-Virgen-Dolores-2011-003-BLOG-BB-pass\" data-image-description=\"\" data-medium-file=\"http:\/\/desireemartinphoto.com\/blog\/wp-content\/uploads\/2011\/04\/DM-Costaleras-Virgen-Dolores-2011-003-BLOG-BB-pass-300x200.jpg\" data-large-file=\"http:\/\/desireemartinphoto.com\/blog\/wp-content\/uploads\/2011\/04\/DM-Costaleras-Virgen-Dolores-2011-003-BLOG-BB-pass.jpg\" loading=\"lazy\" class=\"alignnone size-full wp-image-885\" src=\"http:\/\/desireemartinphoto.com\/blog\/wp-content\/uploads\/2011\/04\/DM-Costaleras-Virgen-Dolores-2011-003-BLOG-BB-pass.jpg\" alt=\"\" width=\"550\" height=\"367\" srcset=\"http:\/\/desireemartinphoto.com\/blog\/wp-content\/uploads\/2011\/04\/DM-Costaleras-Virgen-Dolores-2011-003-BLOG-BB-pass.jpg 550w, http:\/\/desireemartinphoto.com\/blog\/wp-content\/uploads\/2011\/04\/DM-Costaleras-Virgen-Dolores-2011-003-BLOG-BB-pass-300x200.jpg 300w\" sizes=\"(max-width: 550px) 100vw, 550px\" \/><\/p>\n<p><img data-attachment-id=\"886\" data-permalink=\"http:\/\/desireemartinphoto.com\/blog\/mujeres-de-otro-costal\/spain-religion-holy-week-procession-3\/\" data-orig-file=\"http:\/\/desireemartinphoto.com\/blog\/wp-content\/uploads\/2011\/04\/DM-Costaleras-Virgen-Dolores-2011-004-BLOG-BB-pass.jpg\" data-orig-size=\"550,364\" data-comments-opened=\"1\" data-image-meta=\"{&quot;aperture&quot;:&quot;4&quot;,&quot;credit&quot;:&quot;DESIREE MARTIN&quot;,&quot;camera&quot;:&quot;Canon EOS 5D Mark II&quot;,&quot;caption&quot;:&quot;A \\&quot;costaleras\\&quot; , women bearers of the statue of a Virgin of the Pains in the first time in the history of the La Laguna city (\\&quot; Santisima Virgen de los Dolores \\&quot;) during the procession of the encounter between the Virgin of the Pains and the Christ of the Holy week in La Laguna, on the Spanish Canary Island of Tenerife,  April 19, 2011. Christian believers around the world mark the Holy Week of Easter in celebration of the crucifixion and resurrection of Jesus Christ. AFP PHOTO \\\/ DESIREE MARTIN&quot;,&quot;created_timestamp&quot;:&quot;1303240410&quot;,&quot;copyright&quot;:&quot;ImageForum&quot;,&quot;focal_length&quot;:&quot;16&quot;,&quot;iso&quot;:&quot;2000&quot;,&quot;shutter_speed&quot;:&quot;0.01&quot;,&quot;title&quot;:&quot;SPAIN-RELIGION-HOLY-WEEK-PROCESSION&quot;}\" data-image-title=\"DM-Costaleras-Virgen-Dolores-2011-004-BLOG-BB-pass\" data-image-description=\"\" data-medium-file=\"http:\/\/desireemartinphoto.com\/blog\/wp-content\/uploads\/2011\/04\/DM-Costaleras-Virgen-Dolores-2011-004-BLOG-BB-pass-300x198.jpg\" data-large-file=\"http:\/\/desireemartinphoto.com\/blog\/wp-content\/uploads\/2011\/04\/DM-Costaleras-Virgen-Dolores-2011-004-BLOG-BB-pass.jpg\" loading=\"lazy\" class=\"alignnone size-full wp-image-886\" src=\"http:\/\/desireemartinphoto.com\/blog\/wp-content\/uploads\/2011\/04\/DM-Costaleras-Virgen-Dolores-2011-004-BLOG-BB-pass.jpg\" alt=\"\" width=\"550\" height=\"364\" srcset=\"http:\/\/desireemartinphoto.com\/blog\/wp-content\/uploads\/2011\/04\/DM-Costaleras-Virgen-Dolores-2011-004-BLOG-BB-pass.jpg 550w, http:\/\/desireemartinphoto.com\/blog\/wp-content\/uploads\/2011\/04\/DM-Costaleras-Virgen-Dolores-2011-004-BLOG-BB-pass-300x198.jpg 300w\" sizes=\"(max-width: 550px) 100vw, 550px\" \/><\/p>\n<p><img data-attachment-id=\"887\" data-permalink=\"http:\/\/desireemartinphoto.com\/blog\/mujeres-de-otro-costal\/dm-costaleras-virgen-dolores-2011-006-blog-bb-pass\/\" data-orig-file=\"http:\/\/desireemartinphoto.com\/blog\/wp-content\/uploads\/2011\/04\/DM-Costaleras-Virgen-Dolores-2011-006-BLOG-BB-pass.jpg\" data-orig-size=\"550,244\" data-comments-opened=\"1\" data-image-meta=\"{&quot;aperture&quot;:&quot;4&quot;,&quot;credit&quot;:&quot;&quot;,&quot;camera&quot;:&quot;Canon EOS 5D Mark II&quot;,&quot;caption&quot;:&quot;&quot;,&quot;created_timestamp&quot;:&quot;1303240467&quot;,&quot;copyright&quot;:&quot;&quot;,&quot;focal_length&quot;:&quot;16&quot;,&quot;iso&quot;:&quot;2000&quot;,&quot;shutter_speed&quot;:&quot;0.01&quot;,&quot;title&quot;:&quot;&quot;}\" data-image-title=\"DM-Costaleras-Virgen-Dolores-2011-006-BLOG-BB-pass\" data-image-description=\"\" data-medium-file=\"http:\/\/desireemartinphoto.com\/blog\/wp-content\/uploads\/2011\/04\/DM-Costaleras-Virgen-Dolores-2011-006-BLOG-BB-pass-300x133.jpg\" data-large-file=\"http:\/\/desireemartinphoto.com\/blog\/wp-content\/uploads\/2011\/04\/DM-Costaleras-Virgen-Dolores-2011-006-BLOG-BB-pass.jpg\" loading=\"lazy\" class=\"alignnone size-full wp-image-887\" src=\"http:\/\/desireemartinphoto.com\/blog\/wp-content\/uploads\/2011\/04\/DM-Costaleras-Virgen-Dolores-2011-006-BLOG-BB-pass.jpg\" alt=\"\" width=\"550\" height=\"244\" srcset=\"http:\/\/desireemartinphoto.com\/blog\/wp-content\/uploads\/2011\/04\/DM-Costaleras-Virgen-Dolores-2011-006-BLOG-BB-pass.jpg 550w, http:\/\/desireemartinphoto.com\/blog\/wp-content\/uploads\/2011\/04\/DM-Costaleras-Virgen-Dolores-2011-006-BLOG-BB-pass-300x133.jpg 300w\" sizes=\"(max-width: 550px) 100vw, 550px\" \/><\/p>\n<p><img data-attachment-id=\"888\" data-permalink=\"http:\/\/desireemartinphoto.com\/blog\/mujeres-de-otro-costal\/spain-religion-holy-week-procession-4\/\" data-orig-file=\"http:\/\/desireemartinphoto.com\/blog\/wp-content\/uploads\/2011\/04\/DM-Costaleras-Virgen-Dolores-2011-007-BLOG-BB-pass.jpg\" data-orig-size=\"550,367\" data-comments-opened=\"1\" data-image-meta=\"{&quot;aperture&quot;:&quot;4&quot;,&quot;credit&quot;:&quot;DESIREE MARTIN&quot;,&quot;camera&quot;:&quot;Canon EOS 5D Mark II&quot;,&quot;caption&quot;:&quot;A \\&quot;costaleras\\&quot; , women bearers of the statue of a Virgin of the Pains in the first time in the history of the La Laguna city (\\&quot; Santisima Virgen de los Dolores \\&quot;) during the procession of the encounter between the Virgin of the Pains and the Christ of the Holy week in La Laguna, on the Spanish Canary Island of Tenerife,  April 19, 2011. Christian believers around the world mark the Holy Week of Easter in celebration of the crucifixion and resurrection of Jesus Christ. AFP PHOTO \\\/ DESIREE MARTIN&quot;,&quot;created_timestamp&quot;:&quot;1303240712&quot;,&quot;copyright&quot;:&quot;ImageForum&quot;,&quot;focal_length&quot;:&quot;16&quot;,&quot;iso&quot;:&quot;2000&quot;,&quot;shutter_speed&quot;:&quot;0.066666666666667&quot;,&quot;title&quot;:&quot;SPAIN-RELIGION-HOLY-WEEK-PROCESSION&quot;}\" data-image-title=\"DM-Costaleras-Virgen-Dolores-2011-007-BLOG-BB-pass\" data-image-description=\"\" data-medium-file=\"http:\/\/desireemartinphoto.com\/blog\/wp-content\/uploads\/2011\/04\/DM-Costaleras-Virgen-Dolores-2011-007-BLOG-BB-pass-300x200.jpg\" data-large-file=\"http:\/\/desireemartinphoto.com\/blog\/wp-content\/uploads\/2011\/04\/DM-Costaleras-Virgen-Dolores-2011-007-BLOG-BB-pass.jpg\" loading=\"lazy\" class=\"alignnone size-full wp-image-888\" src=\"http:\/\/desireemartinphoto.com\/blog\/wp-content\/uploads\/2011\/04\/DM-Costaleras-Virgen-Dolores-2011-007-BLOG-BB-pass.jpg\" alt=\"\" width=\"550\" height=\"367\" srcset=\"http:\/\/desireemartinphoto.com\/blog\/wp-content\/uploads\/2011\/04\/DM-Costaleras-Virgen-Dolores-2011-007-BLOG-BB-pass.jpg 550w, http:\/\/desireemartinphoto.com\/blog\/wp-content\/uploads\/2011\/04\/DM-Costaleras-Virgen-Dolores-2011-007-BLOG-BB-pass-300x200.jpg 300w\" sizes=\"(max-width: 550px) 100vw, 550px\" \/><\/p>\n<p><img data-attachment-id=\"889\" data-permalink=\"http:\/\/desireemartinphoto.com\/blog\/mujeres-de-otro-costal\/spain-religion-holy-week-procession-5\/\" data-orig-file=\"http:\/\/desireemartinphoto.com\/blog\/wp-content\/uploads\/2011\/04\/DM-Costaleras-Virgen-Dolores-2011-008-BLOG-BB-pass.jpg\" data-orig-size=\"550,367\" data-comments-opened=\"1\" data-image-meta=\"{&quot;aperture&quot;:&quot;5.6&quot;,&quot;credit&quot;:&quot;DESIREE MARTIN&quot;,&quot;camera&quot;:&quot;Canon EOS 5D Mark II&quot;,&quot;caption&quot;:&quot;A \\&quot;costaleras\\&quot; , women bearers of the statue of a Virgin of the Pains in the first time in the history of the La Laguna city (\\&quot; Santisima Virgen de los Dolores \\&quot;) during the procession of the encounter between the Virgin of the Pains and the Christ of the Holy week in La Laguna, on the Spanish Canary Island of Tenerife,  April 19, 2011. Christian believers around the world mark the Holy Week of Easter in celebration of the crucifixion and resurrection of Jesus Christ. AFP PHOTO \\\/ DESIREE MARTIN&quot;,&quot;created_timestamp&quot;:&quot;1303241591&quot;,&quot;copyright&quot;:&quot;ImageForum&quot;,&quot;focal_length&quot;:&quot;16&quot;,&quot;iso&quot;:&quot;2500&quot;,&quot;shutter_speed&quot;:&quot;0.033333333333333&quot;,&quot;title&quot;:&quot;SPAIN-RELIGION-HOLY-WEEK-PROCESSION&quot;}\" data-image-title=\"DM-Costaleras-Virgen-Dolores-2011-008-BLOG-BB-pass\" data-image-description=\"\" data-medium-file=\"http:\/\/desireemartinphoto.com\/blog\/wp-content\/uploads\/2011\/04\/DM-Costaleras-Virgen-Dolores-2011-008-BLOG-BB-pass-300x200.jpg\" data-large-file=\"http:\/\/desireemartinphoto.com\/blog\/wp-content\/uploads\/2011\/04\/DM-Costaleras-Virgen-Dolores-2011-008-BLOG-BB-pass.jpg\" loading=\"lazy\" class=\"alignnone size-full wp-image-889\" src=\"http:\/\/desireemartinphoto.com\/blog\/wp-content\/uploads\/2011\/04\/DM-Costaleras-Virgen-Dolores-2011-008-BLOG-BB-pass.jpg\" alt=\"\" width=\"550\" height=\"367\" srcset=\"http:\/\/desireemartinphoto.com\/blog\/wp-content\/uploads\/2011\/04\/DM-Costaleras-Virgen-Dolores-2011-008-BLOG-BB-pass.jpg 550w, http:\/\/desireemartinphoto.com\/blog\/wp-content\/uploads\/2011\/04\/DM-Costaleras-Virgen-Dolores-2011-008-BLOG-BB-pass-300x200.jpg 300w\" sizes=\"(max-width: 550px) 100vw, 550px\" \/><\/p>\n<p><img data-attachment-id=\"890\" data-permalink=\"http:\/\/desireemartinphoto.com\/blog\/mujeres-de-otro-costal\/spain-religion-holy-week-procession-6\/\" data-orig-file=\"http:\/\/desireemartinphoto.com\/blog\/wp-content\/uploads\/2011\/04\/DM-Costaleras-Virgen-Dolores-2011-009-BLOG-BB-pass.jpg\" data-orig-size=\"348,550\" data-comments-opened=\"1\" data-image-meta=\"{&quot;aperture&quot;:&quot;4&quot;,&quot;credit&quot;:&quot;DESIREE MARTIN&quot;,&quot;camera&quot;:&quot;Canon EOS 5D Mark II&quot;,&quot;caption&quot;:&quot;A \\&quot;costaleras\\&quot; , women bearers of the statue of a Virgin of the Pains in the first time in the history of the La Laguna city (\\&quot; Santisima Virgen de los Dolores \\&quot;) during the procession of the encounter between the Virgin of the Pains and the Christ of the Holy week in La Laguna, on the Spanish Canary Island of Tenerife,  April 19, 2011. Christian believers around the world mark the Holy Week of Easter in celebration of the crucifixion and resurrection of Jesus Christ. AFP PHOTO \\\/ DESIREE MARTIN&quot;,&quot;created_timestamp&quot;:&quot;1303242295&quot;,&quot;copyright&quot;:&quot;ImageForum&quot;,&quot;focal_length&quot;:&quot;16&quot;,&quot;iso&quot;:&quot;2500&quot;,&quot;shutter_speed&quot;:&quot;0.02&quot;,&quot;title&quot;:&quot;SPAIN-RELIGION-HOLY-WEEK-PROCESSION&quot;}\" data-image-title=\"DM-Costaleras-Virgen-Dolores-2011-009-BLOG-BB-pass\" data-image-description=\"\" data-medium-file=\"http:\/\/desireemartinphoto.com\/blog\/wp-content\/uploads\/2011\/04\/DM-Costaleras-Virgen-Dolores-2011-009-BLOG-BB-pass-189x300.jpg\" data-large-file=\"http:\/\/desireemartinphoto.com\/blog\/wp-content\/uploads\/2011\/04\/DM-Costaleras-Virgen-Dolores-2011-009-BLOG-BB-pass.jpg\" loading=\"lazy\" class=\"alignnone size-full wp-image-890\" src=\"http:\/\/desireemartinphoto.com\/blog\/wp-content\/uploads\/2011\/04\/DM-Costaleras-Virgen-Dolores-2011-009-BLOG-BB-pass.jpg\" alt=\"\" width=\"348\" height=\"550\" srcset=\"http:\/\/desireemartinphoto.com\/blog\/wp-content\/uploads\/2011\/04\/DM-Costaleras-Virgen-Dolores-2011-009-BLOG-BB-pass.jpg 348w, http:\/\/desireemartinphoto.com\/blog\/wp-content\/uploads\/2011\/04\/DM-Costaleras-Virgen-Dolores-2011-009-BLOG-BB-pass-189x300.jpg 189w\" sizes=\"(max-width: 348px) 100vw, 348px\" \/><\/p>\n<p><img data-attachment-id=\"891\" data-permalink=\"http:\/\/desireemartinphoto.com\/blog\/mujeres-de-otro-costal\/dm-costaleras-virgen-dolores-2011-010-blog-bb-pass\/\" data-orig-file=\"http:\/\/desireemartinphoto.com\/blog\/wp-content\/uploads\/2011\/04\/DM-Costaleras-Virgen-Dolores-2011-010-BLOG-BB-pass.jpg\" data-orig-size=\"550,367\" data-comments-opened=\"1\" data-image-meta=\"{&quot;aperture&quot;:&quot;4.5&quot;,&quot;credit&quot;:&quot;&quot;,&quot;camera&quot;:&quot;Canon EOS 5D Mark II&quot;,&quot;caption&quot;:&quot;&quot;,&quot;created_timestamp&quot;:&quot;1303246081&quot;,&quot;copyright&quot;:&quot;&quot;,&quot;focal_length&quot;:&quot;16&quot;,&quot;iso&quot;:&quot;2500&quot;,&quot;shutter_speed&quot;:&quot;0.033333333333333&quot;,&quot;title&quot;:&quot;&quot;}\" data-image-title=\"DM-Costaleras-Virgen-Dolores-2011-010-BLOG-BB-pass\" data-image-description=\"\" data-medium-file=\"http:\/\/desireemartinphoto.com\/blog\/wp-content\/uploads\/2011\/04\/DM-Costaleras-Virgen-Dolores-2011-010-BLOG-BB-pass-300x200.jpg\" data-large-file=\"http:\/\/desireemartinphoto.com\/blog\/wp-content\/uploads\/2011\/04\/DM-Costaleras-Virgen-Dolores-2011-010-BLOG-BB-pass.jpg\" loading=\"lazy\" class=\"alignnone size-full wp-image-891\" src=\"http:\/\/desireemartinphoto.com\/blog\/wp-content\/uploads\/2011\/04\/DM-Costaleras-Virgen-Dolores-2011-010-BLOG-BB-pass.jpg\" alt=\"\" width=\"550\" height=\"367\" srcset=\"http:\/\/desireemartinphoto.com\/blog\/wp-content\/uploads\/2011\/04\/DM-Costaleras-Virgen-Dolores-2011-010-BLOG-BB-pass.jpg 550w, http:\/\/desireemartinphoto.com\/blog\/wp-content\/uploads\/2011\/04\/DM-Costaleras-Virgen-Dolores-2011-010-BLOG-BB-pass-300x200.jpg 300w\" sizes=\"(max-width: 550px) 100vw, 550px\" \/><\/p>\n<p><img data-attachment-id=\"892\" data-permalink=\"http:\/\/desireemartinphoto.com\/blog\/mujeres-de-otro-costal\/dm-costaleras-virgen-dolores-2011-011-blog-bb-pass\/\" data-orig-file=\"http:\/\/desireemartinphoto.com\/blog\/wp-content\/uploads\/2011\/04\/DM-Costaleras-Virgen-Dolores-2011-011-BLOG-BB-pass.jpg\" data-orig-size=\"550,457\" data-comments-opened=\"1\" data-image-meta=\"{&quot;aperture&quot;:&quot;2.8&quot;,&quot;credit&quot;:&quot;&quot;,&quot;camera&quot;:&quot;Canon EOS 5D Mark II&quot;,&quot;caption&quot;:&quot;&quot;,&quot;created_timestamp&quot;:&quot;1303246998&quot;,&quot;copyright&quot;:&quot;&quot;,&quot;focal_length&quot;:&quot;16&quot;,&quot;iso&quot;:&quot;2500&quot;,&quot;shutter_speed&quot;:&quot;0.02&quot;,&quot;title&quot;:&quot;&quot;}\" data-image-title=\"DM-Costaleras-Virgen-Dolores-2011-011-BLOG-BB-pass\" data-image-description=\"\" data-medium-file=\"http:\/\/desireemartinphoto.com\/blog\/wp-content\/uploads\/2011\/04\/DM-Costaleras-Virgen-Dolores-2011-011-BLOG-BB-pass-300x249.jpg\" data-large-file=\"http:\/\/desireemartinphoto.com\/blog\/wp-content\/uploads\/2011\/04\/DM-Costaleras-Virgen-Dolores-2011-011-BLOG-BB-pass.jpg\" loading=\"lazy\" class=\"alignnone size-full wp-image-892\" src=\"http:\/\/desireemartinphoto.com\/blog\/wp-content\/uploads\/2011\/04\/DM-Costaleras-Virgen-Dolores-2011-011-BLOG-BB-pass.jpg\" alt=\"\" width=\"550\" height=\"457\" srcset=\"http:\/\/desireemartinphoto.com\/blog\/wp-content\/uploads\/2011\/04\/DM-Costaleras-Virgen-Dolores-2011-011-BLOG-BB-pass.jpg 550w, http:\/\/desireemartinphoto.com\/blog\/wp-content\/uploads\/2011\/04\/DM-Costaleras-Virgen-Dolores-2011-011-BLOG-BB-pass-300x249.jpg 300w\" sizes=\"(max-width: 550px) 100vw, 550px\" \/><\/p>\n<p><img data-attachment-id=\"893\" data-permalink=\"http:\/\/desireemartinphoto.com\/blog\/mujeres-de-otro-costal\/dm-costaleras-virgen-dolores-2011-012-blog-bb-pass\/\" data-orig-file=\"http:\/\/desireemartinphoto.com\/blog\/wp-content\/uploads\/2011\/04\/DM-Costaleras-Virgen-Dolores-2011-012-BLOG-BB-pass.jpg\" data-orig-size=\"550,367\" data-comments-opened=\"1\" data-image-meta=\"{&quot;aperture&quot;:&quot;2.8&quot;,&quot;credit&quot;:&quot;&quot;,&quot;camera&quot;:&quot;Canon EOS 5D Mark II&quot;,&quot;caption&quot;:&quot;&quot;,&quot;created_timestamp&quot;:&quot;1303246763&quot;,&quot;copyright&quot;:&quot;&quot;,&quot;focal_length&quot;:&quot;18&quot;,&quot;iso&quot;:&quot;2500&quot;,&quot;shutter_speed&quot;:&quot;0.02&quot;,&quot;title&quot;:&quot;&quot;}\" data-image-title=\"DM-Costaleras-Virgen-Dolores-2011-012-BLOG-BB-pass\" data-image-description=\"\" data-medium-file=\"http:\/\/desireemartinphoto.com\/blog\/wp-content\/uploads\/2011\/04\/DM-Costaleras-Virgen-Dolores-2011-012-BLOG-BB-pass-300x200.jpg\" data-large-file=\"http:\/\/desireemartinphoto.com\/blog\/wp-content\/uploads\/2011\/04\/DM-Costaleras-Virgen-Dolores-2011-012-BLOG-BB-pass.jpg\" loading=\"lazy\" class=\"alignnone size-full wp-image-893\" src=\"http:\/\/desireemartinphoto.com\/blog\/wp-content\/uploads\/2011\/04\/DM-Costaleras-Virgen-Dolores-2011-012-BLOG-BB-pass.jpg\" alt=\"\" width=\"550\" height=\"367\" srcset=\"http:\/\/desireemartinphoto.com\/blog\/wp-content\/uploads\/2011\/04\/DM-Costaleras-Virgen-Dolores-2011-012-BLOG-BB-pass.jpg 550w, http:\/\/desireemartinphoto.com\/blog\/wp-content\/uploads\/2011\/04\/DM-Costaleras-Virgen-Dolores-2011-012-BLOG-BB-pass-300x200.jpg 300w\" sizes=\"(max-width: 550px) 100vw, 550px\" \/><\/p>\n<p><img data-attachment-id=\"894\" data-permalink=\"http:\/\/desireemartinphoto.com\/blog\/mujeres-de-otro-costal\/dm-costaleras-virgen-dolores-2011-013-blog-bb-pass\/\" data-orig-file=\"http:\/\/desireemartinphoto.com\/blog\/wp-content\/uploads\/2011\/04\/DM-Costaleras-Virgen-Dolores-2011-013-BLOG-BB-pass.jpg\" data-orig-size=\"550,367\" data-comments-opened=\"1\" data-image-meta=\"{&quot;aperture&quot;:&quot;4.5&quot;,&quot;credit&quot;:&quot;&quot;,&quot;camera&quot;:&quot;Canon EOS 5D Mark II&quot;,&quot;caption&quot;:&quot;&quot;,&quot;created_timestamp&quot;:&quot;1303246498&quot;,&quot;copyright&quot;:&quot;&quot;,&quot;focal_length&quot;:&quot;16&quot;,&quot;iso&quot;:&quot;2500&quot;,&quot;shutter_speed&quot;:&quot;0.05&quot;,&quot;title&quot;:&quot;&quot;}\" data-image-title=\"DM-Costaleras-Virgen-Dolores-2011-013-BLOG-BB-pass\" data-image-description=\"\" data-medium-file=\"http:\/\/desireemartinphoto.com\/blog\/wp-content\/uploads\/2011\/04\/DM-Costaleras-Virgen-Dolores-2011-013-BLOG-BB-pass-300x200.jpg\" data-large-file=\"http:\/\/desireemartinphoto.com\/blog\/wp-content\/uploads\/2011\/04\/DM-Costaleras-Virgen-Dolores-2011-013-BLOG-BB-pass.jpg\" loading=\"lazy\" class=\"alignnone size-full wp-image-894\" src=\"http:\/\/desireemartinphoto.com\/blog\/wp-content\/uploads\/2011\/04\/DM-Costaleras-Virgen-Dolores-2011-013-BLOG-BB-pass.jpg\" alt=\"\" width=\"550\" height=\"367\" srcset=\"http:\/\/desireemartinphoto.com\/blog\/wp-content\/uploads\/2011\/04\/DM-Costaleras-Virgen-Dolores-2011-013-BLOG-BB-pass.jpg 550w, http:\/\/desireemartinphoto.com\/blog\/wp-content\/uploads\/2011\/04\/DM-Costaleras-Virgen-Dolores-2011-013-BLOG-BB-pass-300x200.jpg 300w\" sizes=\"(max-width: 550px) 100vw, 550px\" \/><\/p>\n<p><img data-attachment-id=\"895\" data-permalink=\"http:\/\/desireemartinphoto.com\/blog\/mujeres-de-otro-costal\/dm-costaleras-virgen-dolores-2011-015-blog-bb-pass\/\" data-orig-file=\"http:\/\/desireemartinphoto.com\/blog\/wp-content\/uploads\/2011\/04\/DM-Costaleras-Virgen-Dolores-2011-015-BLOG-BB-pass.jpg\" data-orig-size=\"550,367\" data-comments-opened=\"1\" data-image-meta=\"{&quot;aperture&quot;:&quot;2.8&quot;,&quot;credit&quot;:&quot;&quot;,&quot;camera&quot;:&quot;Canon EOS 5D Mark II&quot;,&quot;caption&quot;:&quot;&quot;,&quot;created_timestamp&quot;:&quot;1303247529&quot;,&quot;copyright&quot;:&quot;&quot;,&quot;focal_length&quot;:&quot;16&quot;,&quot;iso&quot;:&quot;2500&quot;,&quot;shutter_speed&quot;:&quot;0.025&quot;,&quot;title&quot;:&quot;&quot;}\" data-image-title=\"DM-Costaleras-Virgen-Dolores-2011-015-BLOG-BB-pass\" data-image-description=\"\" data-medium-file=\"http:\/\/desireemartinphoto.com\/blog\/wp-content\/uploads\/2011\/04\/DM-Costaleras-Virgen-Dolores-2011-015-BLOG-BB-pass-300x200.jpg\" data-large-file=\"http:\/\/desireemartinphoto.com\/blog\/wp-content\/uploads\/2011\/04\/DM-Costaleras-Virgen-Dolores-2011-015-BLOG-BB-pass.jpg\" loading=\"lazy\" class=\"alignnone size-full wp-image-895\" src=\"http:\/\/desireemartinphoto.com\/blog\/wp-content\/uploads\/2011\/04\/DM-Costaleras-Virgen-Dolores-2011-015-BLOG-BB-pass.jpg\" alt=\"\" width=\"550\" height=\"367\" srcset=\"http:\/\/desireemartinphoto.com\/blog\/wp-content\/uploads\/2011\/04\/DM-Costaleras-Virgen-Dolores-2011-015-BLOG-BB-pass.jpg 550w, http:\/\/desireemartinphoto.com\/blog\/wp-content\/uploads\/2011\/04\/DM-Costaleras-Virgen-Dolores-2011-015-BLOG-BB-pass-300x200.jpg 300w\" sizes=\"(max-width: 550px) 100vw, 550px\" \/><\/p>\n<p><img data-attachment-id=\"896\" data-permalink=\"http:\/\/desireemartinphoto.com\/blog\/mujeres-de-otro-costal\/dm-costaleras-virgen-dolores-2011-016-blog-bb-pass\/\" data-orig-file=\"http:\/\/desireemartinphoto.com\/blog\/wp-content\/uploads\/2011\/04\/DM-Costaleras-Virgen-Dolores-2011-016-BLOG-BB-pass.jpg\" data-orig-size=\"550,367\" data-comments-opened=\"1\" data-image-meta=\"{&quot;aperture&quot;:&quot;4.5&quot;,&quot;credit&quot;:&quot;&quot;,&quot;camera&quot;:&quot;Canon EOS 5D Mark II&quot;,&quot;caption&quot;:&quot;&quot;,&quot;created_timestamp&quot;:&quot;1303246181&quot;,&quot;copyright&quot;:&quot;&quot;,&quot;focal_length&quot;:&quot;16&quot;,&quot;iso&quot;:&quot;2500&quot;,&quot;shutter_speed&quot;:&quot;0.033333333333333&quot;,&quot;title&quot;:&quot;&quot;}\" data-image-title=\"DM-Costaleras-Virgen-Dolores-2011-016-BLOG-BB-pass\" data-image-description=\"\" data-medium-file=\"http:\/\/desireemartinphoto.com\/blog\/wp-content\/uploads\/2011\/04\/DM-Costaleras-Virgen-Dolores-2011-016-BLOG-BB-pass-300x200.jpg\" data-large-file=\"http:\/\/desireemartinphoto.com\/blog\/wp-content\/uploads\/2011\/04\/DM-Costaleras-Virgen-Dolores-2011-016-BLOG-BB-pass.jpg\" loading=\"lazy\" class=\"alignnone size-full wp-image-896\" src=\"http:\/\/desireemartinphoto.com\/blog\/wp-content\/uploads\/2011\/04\/DM-Costaleras-Virgen-Dolores-2011-016-BLOG-BB-pass.jpg\" alt=\"\" width=\"550\" height=\"367\" srcset=\"http:\/\/desireemartinphoto.com\/blog\/wp-content\/uploads\/2011\/04\/DM-Costaleras-Virgen-Dolores-2011-016-BLOG-BB-pass.jpg 550w, http:\/\/desireemartinphoto.com\/blog\/wp-content\/uploads\/2011\/04\/DM-Costaleras-Virgen-Dolores-2011-016-BLOG-BB-pass-300x200.jpg 300w\" sizes=\"(max-width: 550px) 100vw, 550px\" \/><\/p>\n<p><img data-attachment-id=\"897\" data-permalink=\"http:\/\/desireemartinphoto.com\/blog\/mujeres-de-otro-costal\/dm-costaleras-virgen-dolores-2011-017-blog-bb-pass\/\" data-orig-file=\"http:\/\/desireemartinphoto.com\/blog\/wp-content\/uploads\/2011\/04\/DM-Costaleras-Virgen-Dolores-2011-017-BLOG-BB-pass.jpg\" data-orig-size=\"550,390\" data-comments-opened=\"1\" data-image-meta=\"{&quot;aperture&quot;:&quot;2.8&quot;,&quot;credit&quot;:&quot;&quot;,&quot;camera&quot;:&quot;Canon EOS 5D Mark II&quot;,&quot;caption&quot;:&quot;&quot;,&quot;created_timestamp&quot;:&quot;1303249148&quot;,&quot;copyright&quot;:&quot;&quot;,&quot;focal_length&quot;:&quot;35&quot;,&quot;iso&quot;:&quot;2500&quot;,&quot;shutter_speed&quot;:&quot;0.04&quot;,&quot;title&quot;:&quot;&quot;}\" data-image-title=\"DM-Costaleras-Virgen-Dolores-2011-017-BLOG-BB-pass\" data-image-description=\"\" data-medium-file=\"http:\/\/desireemartinphoto.com\/blog\/wp-content\/uploads\/2011\/04\/DM-Costaleras-Virgen-Dolores-2011-017-BLOG-BB-pass-300x212.jpg\" data-large-file=\"http:\/\/desireemartinphoto.com\/blog\/wp-content\/uploads\/2011\/04\/DM-Costaleras-Virgen-Dolores-2011-017-BLOG-BB-pass.jpg\" loading=\"lazy\" class=\"alignnone size-full wp-image-897\" src=\"http:\/\/desireemartinphoto.com\/blog\/wp-content\/uploads\/2011\/04\/DM-Costaleras-Virgen-Dolores-2011-017-BLOG-BB-pass.jpg\" alt=\"\" width=\"550\" height=\"390\" srcset=\"http:\/\/desireemartinphoto.com\/blog\/wp-content\/uploads\/2011\/04\/DM-Costaleras-Virgen-Dolores-2011-017-BLOG-BB-pass.jpg 550w, http:\/\/desireemartinphoto.com\/blog\/wp-content\/uploads\/2011\/04\/DM-Costaleras-Virgen-Dolores-2011-017-BLOG-BB-pass-300x212.jpg 300w\" sizes=\"(max-width: 550px) 100vw, 550px\" \/><\/p>\n<p><img data-attachment-id=\"898\" data-permalink=\"http:\/\/desireemartinphoto.com\/blog\/mujeres-de-otro-costal\/spain-religion-holy-week-procession-7\/\" data-orig-file=\"http:\/\/desireemartinphoto.com\/blog\/wp-content\/uploads\/2011\/04\/DM-Costaleras-Virgen-Dolores-2011-018-BLOG-BB-pass.jpg\" data-orig-size=\"550,367\" data-comments-opened=\"1\" data-image-meta=\"{&quot;aperture&quot;:&quot;2.8&quot;,&quot;credit&quot;:&quot;DESIREE MARTIN&quot;,&quot;camera&quot;:&quot;Canon EOS 5D Mark II&quot;,&quot;caption&quot;:&quot;A \\&quot;costaleras\\&quot; , women bearers of the statue of a Virgin of the Pains in the first time in the history of the La Laguna city (\\&quot; Santisima Virgen de los Dolores \\&quot;) during the procession of the encounter between the Virgin of the Pains and the Christ of the Holy week in La Laguna, on the Spanish Canary Island of Tenerife,  April 19, 2011. Christian believers around the world mark the Holy Week of Easter in celebration of the crucifixion and resurrection of Jesus Christ. AFP PHOTO \\\/ DESIREE MARTIN&quot;,&quot;created_timestamp&quot;:&quot;1303248212&quot;,&quot;copyright&quot;:&quot;ImageForum&quot;,&quot;focal_length&quot;:&quot;16&quot;,&quot;iso&quot;:&quot;2500&quot;,&quot;shutter_speed&quot;:&quot;0.066666666666667&quot;,&quot;title&quot;:&quot;SPAIN-RELIGION-HOLY-WEEK-PROCESSION&quot;}\" data-image-title=\"DM-Costaleras-Virgen-Dolores-2011-018-BLOG-BB-pass\" data-image-description=\"\" data-medium-file=\"http:\/\/desireemartinphoto.com\/blog\/wp-content\/uploads\/2011\/04\/DM-Costaleras-Virgen-Dolores-2011-018-BLOG-BB-pass-300x200.jpg\" data-large-file=\"http:\/\/desireemartinphoto.com\/blog\/wp-content\/uploads\/2011\/04\/DM-Costaleras-Virgen-Dolores-2011-018-BLOG-BB-pass.jpg\" loading=\"lazy\" class=\"alignnone size-full wp-image-898\" src=\"http:\/\/desireemartinphoto.com\/blog\/wp-content\/uploads\/2011\/04\/DM-Costaleras-Virgen-Dolores-2011-018-BLOG-BB-pass.jpg\" alt=\"\" width=\"550\" height=\"367\" srcset=\"http:\/\/desireemartinphoto.com\/blog\/wp-content\/uploads\/2011\/04\/DM-Costaleras-Virgen-Dolores-2011-018-BLOG-BB-pass.jpg 550w, http:\/\/desireemartinphoto.com\/blog\/wp-content\/uploads\/2011\/04\/DM-Costaleras-Virgen-Dolores-2011-018-BLOG-BB-pass-300x200.jpg 300w\" sizes=\"(max-width: 550px) 100vw, 550px\" \/><\/p>\n<p><img data-attachment-id=\"899\" data-permalink=\"http:\/\/desireemartinphoto.com\/blog\/mujeres-de-otro-costal\/spain-religion-holy-week-procession-8\/\" data-orig-file=\"http:\/\/desireemartinphoto.com\/blog\/wp-content\/uploads\/2011\/04\/DM-Costaleras-Virgen-Dolores-2011-0219-BLOG-BB-pass.jpg\" data-orig-size=\"550,254\" data-comments-opened=\"1\" data-image-meta=\"{&quot;aperture&quot;:&quot;2.8&quot;,&quot;credit&quot;:&quot;DESIREE MARTIN&quot;,&quot;camera&quot;:&quot;Canon EOS 5D Mark II&quot;,&quot;caption&quot;:&quot;A \\&quot;costaleras\\&quot; , women bearers of the statue of a Virgin of the Pains in the first time in the history of the La Laguna city (\\&quot; Santisima Virgen de los Dolores \\&quot;) during the procession of the encounter between the Virgin of the Pains and the Christ of the Holy week in La Laguna, on the Spanish Canary Island of Tenerife,  April 19, 2011. Christian believers around the world mark the Holy Week of Easter in celebration of the crucifixion and resurrection of Jesus Christ. AFP PHOTO \\\/ DESIREE MARTIN&quot;,&quot;created_timestamp&quot;:&quot;1303248634&quot;,&quot;copyright&quot;:&quot;ImageForum&quot;,&quot;focal_length&quot;:&quot;16&quot;,&quot;iso&quot;:&quot;2500&quot;,&quot;shutter_speed&quot;:&quot;0.033333333333333&quot;,&quot;title&quot;:&quot;SPAIN-RELIGION-HOLY-WEEK-PROCESSION&quot;}\" data-image-title=\"DM-Costaleras-Virgen-Dolores-2011-0219-BLOG-BB-pass\" data-image-description=\"\" data-medium-file=\"http:\/\/desireemartinphoto.com\/blog\/wp-content\/uploads\/2011\/04\/DM-Costaleras-Virgen-Dolores-2011-0219-BLOG-BB-pass-300x138.jpg\" data-large-file=\"http:\/\/desireemartinphoto.com\/blog\/wp-content\/uploads\/2011\/04\/DM-Costaleras-Virgen-Dolores-2011-0219-BLOG-BB-pass.jpg\" loading=\"lazy\" class=\"alignnone size-full wp-image-899\" src=\"http:\/\/desireemartinphoto.com\/blog\/wp-content\/uploads\/2011\/04\/DM-Costaleras-Virgen-Dolores-2011-0219-BLOG-BB-pass.jpg\" alt=\"\" width=\"550\" height=\"254\" srcset=\"http:\/\/desireemartinphoto.com\/blog\/wp-content\/uploads\/2011\/04\/DM-Costaleras-Virgen-Dolores-2011-0219-BLOG-BB-pass.jpg 550w, http:\/\/desireemartinphoto.com\/blog\/wp-content\/uploads\/2011\/04\/DM-Costaleras-Virgen-Dolores-2011-0219-BLOG-BB-pass-300x138.jpg 300w\" sizes=\"(max-width: 550px) 100vw, 550px\" \/><\/p>\n<p><img data-attachment-id=\"900\" data-permalink=\"http:\/\/desireemartinphoto.com\/blog\/mujeres-de-otro-costal\/dm-costaleras-virgen-dolores-2011-020-blog-bb-pass\/\" data-orig-file=\"http:\/\/desireemartinphoto.com\/blog\/wp-content\/uploads\/2011\/04\/DM-Costaleras-Virgen-Dolores-2011-020-BLOG-BB-pass.jpg\" data-orig-size=\"550,367\" data-comments-opened=\"1\" data-image-meta=\"{&quot;aperture&quot;:&quot;2.8&quot;,&quot;credit&quot;:&quot;&quot;,&quot;camera&quot;:&quot;Canon EOS 5D Mark II&quot;,&quot;caption&quot;:&quot;&quot;,&quot;created_timestamp&quot;:&quot;1303248913&quot;,&quot;copyright&quot;:&quot;&quot;,&quot;focal_length&quot;:&quot;35&quot;,&quot;iso&quot;:&quot;2500&quot;,&quot;shutter_speed&quot;:&quot;0.05&quot;,&quot;title&quot;:&quot;&quot;}\" data-image-title=\"DM-Costaleras-Virgen-Dolores-2011-020-BLOG-BB-pass\" data-image-description=\"\" data-medium-file=\"http:\/\/desireemartinphoto.com\/blog\/wp-content\/uploads\/2011\/04\/DM-Costaleras-Virgen-Dolores-2011-020-BLOG-BB-pass-300x200.jpg\" data-large-file=\"http:\/\/desireemartinphoto.com\/blog\/wp-content\/uploads\/2011\/04\/DM-Costaleras-Virgen-Dolores-2011-020-BLOG-BB-pass.jpg\" loading=\"lazy\" class=\"alignnone size-full wp-image-900\" src=\"http:\/\/desireemartinphoto.com\/blog\/wp-content\/uploads\/2011\/04\/DM-Costaleras-Virgen-Dolores-2011-020-BLOG-BB-pass.jpg\" alt=\"\" width=\"550\" height=\"367\" srcset=\"http:\/\/desireemartinphoto.com\/blog\/wp-content\/uploads\/2011\/04\/DM-Costaleras-Virgen-Dolores-2011-020-BLOG-BB-pass.jpg 550w, http:\/\/desireemartinphoto.com\/blog\/wp-content\/uploads\/2011\/04\/DM-Costaleras-Virgen-Dolores-2011-020-BLOG-BB-pass-300x200.jpg 300w\" sizes=\"(max-width: 550px) 100vw, 550px\" \/><\/p>\n<div class=\"sharedaddy sd-sharing-enabled\"><div class=\"robots-nocontent sd-block sd-social sd-social-icon-text sd-sharing\"><h3 class=\"sd-title\">COMPARTE ESTO:<\/h3><div class=\"sd-content\"><ul><li class=\"share-facebook\"><a rel=\"nofollow noopener noreferrer\" data-shared=\"sharing-facebook-882\" class=\"share-facebook sd-button share-icon\" href=\"http:\/\/desireemartinphoto.com\/blog\/mujeres-de-otro-costal\/?share=facebook\" target=\"_blank\" title=\"Haz clic para compartir en Facebook\"><span>Facebook<\/span><\/a><\/li><li class=\"share-twitter\"><a rel=\"nofollow noopener noreferrer\" data-shared=\"sharing-twitter-882\" class=\"share-twitter sd-button share-icon\" href=\"http:\/\/desireemartinphoto.com\/blog\/mujeres-de-otro-costal\/?share=twitter\" target=\"_blank\" title=\"Haz clic para compartir en Twitter\"><span>Twitter<\/span><\/a><\/li><li class=\"share-email\"><a rel=\"nofollow noopener noreferrer\" data-shared=\"\" class=\"share-email sd-button share-icon\" href=\"http:\/\/desireemartinphoto.com\/blog\/mujeres-de-otro-costal\/?share=email\" target=\"_blank\" title=\"Haz clic para enviar por correo electr\u00f3nico a un amigo\"><span>Correo electr\u00f3nico<\/span><\/a><\/li><li class=\"share-linkedin\"><a rel=\"nofollow noopener noreferrer\" data-shared=\"sharing-linkedin-882\" class=\"share-linkedin sd-button share-icon\" href=\"http:\/\/desireemartinphoto.com\/blog\/mujeres-de-otro-costal\/?share=linkedin\" target=\"_blank\" title=\"Haz clic para compartir en LinkedIn\"><span>LinkedIn<\/span><\/a><\/li><li class=\"share-tumblr\"><a rel=\"nofollow noopener noreferrer\" data-shared=\"\" class=\"share-tumblr sd-button share-icon\" href=\"http:\/\/desireemartinphoto.com\/blog\/mujeres-de-otro-costal\/?share=tumblr\" target=\"_blank\" title=\"Haz clic para compartir en Tumblr\"><span>Tumblr<\/span><\/a><\/li><li class=\"share-end\"><\/li><\/ul><\/div><\/div><\/div>","protected":false},"excerpt":{"rendered":"<p>Navegando en el maremagnum de procesiones de la Semana Santa, encontr\u00e9 \u00e9sta. Por primera vez en la historia de la ciudad de La Laguna, habr\u00e1 costaleras llevando una imagen. La procesi\u00f3n es &#8220;la del Encuentro&#8221;&#8230;.\u00a0\u00a0 &#8230;se encuentran la Sant\u00edsima Virgen de Los Dolores de La Paz y la Uni\u00f3n , d\u00f3nde van las nuevas COSTALERAS, [&#038;hellip<\/p>\n<div class=\"sharedaddy sd-sharing-enabled\"><div class=\"robots-nocontent sd-block sd-social sd-social-icon-text sd-sharing\"><h3 class=\"sd-title\">COMPARTE ESTO:<\/h3><div class=\"sd-content\"><ul><li class=\"share-facebook\"><a rel=\"nofollow noopener noreferrer\" data-shared=\"sharing-facebook-882\" class=\"share-facebook sd-button share-icon\" href=\"http:\/\/desireemartinphoto.com\/blog\/mujeres-de-otro-costal\/?share=facebook\" target=\"_blank\" title=\"Haz clic para compartir en Facebook\"><span>Facebook<\/span><\/a><\/li><li class=\"share-twitter\"><a rel=\"nofollow noopener noreferrer\" data-shared=\"sharing-twitter-882\" class=\"share-twitter sd-button share-icon\" href=\"http:\/\/desireemartinphoto.com\/blog\/mujeres-de-otro-costal\/?share=twitter\" target=\"_blank\" title=\"Haz clic para compartir en Twitter\"><span>Twitter<\/span><\/a><\/li><li class=\"share-email\"><a rel=\"nofollow noopener noreferrer\" data-shared=\"\" class=\"share-email sd-button share-icon\" href=\"http:\/\/desireemartinphoto.com\/blog\/mujeres-de-otro-costal\/?share=email\" target=\"_blank\" title=\"Haz clic para enviar por correo electr\u00f3nico a un amigo\"><span>Correo electr\u00f3nico<\/span><\/a><\/li><li class=\"share-linkedin\"><a rel=\"nofollow noopener noreferrer\" data-shared=\"sharing-linkedin-882\" class=\"share-linkedin sd-button share-icon\" href=\"http:\/\/desireemartinphoto.com\/blog\/mujeres-de-otro-costal\/?share=linkedin\" target=\"_blank\" title=\"Haz clic para compartir en LinkedIn\"><span>LinkedIn<\/span><\/a><\/li><li class=\"share-tumblr\"><a rel=\"nofollow noopener noreferrer\" data-shared=\"\" class=\"share-tumblr sd-button share-icon\" href=\"http:\/\/desireemartinphoto.com\/blog\/mujeres-de-otro-costal\/?share=tumblr\" target=\"_blank\" title=\"Haz clic para compartir en Tumblr\"><span>Tumblr<\/span><\/a><\/li><li class=\"share-end\"><\/li><\/ul><\/div><\/div><\/div>","protected":false},"author":1,"featured_media":0,"comment_status":"open","ping_status":"open","sticky":false,"template":"","format":"standard","meta":{"spay_email":""},"categories":[1],"tags":[119,125,117,122,118,123,83,120,124,126,121],"jetpack_featured_media_url":"","jetpack_sharing_enabled":true,"_links":{"self":[{"href":"http:\/\/desireemartinphoto.com\/blog\/wp-json\/wp\/v2\/posts\/882"}],"collection":[{"href":"http:\/\/desireemartinphoto.com\/blog\/wp-json\/wp\/v2\/posts"}],"about":[{"href":"http:\/\/desireemartinphoto.com\/blog\/wp-json\/wp\/v2\/types\/post"}],"author":[{"embeddable":true,"href":"http:\/\/desireemartinphoto.com\/blog\/wp-json\/wp\/v2\/users\/1"}],"replies":[{"embeddable":true,"href":"http:\/\/desireemartinphoto.com\/blog\/wp-json\/wp\/v2\/comments?post=882"}],"version-history":[{"count":8,"href":"http:\/\/desireemartinphoto.com\/blog\/wp-json\/wp\/v2\/posts\/882\/revisions"}],"predecessor-version":[{"id":907,"href":"http:\/\/desireemartinphoto.com\/blog\/wp-json\/wp\/v2\/posts\/882\/revisions\/907"}],"wp:attachment":[{"href":"http:\/\/desireemartinphoto.com\/blog\/wp-json\/wp\/v2\/media?parent=882"}],"wp:term":[{"taxonomy":"category","embeddable":true,"href":"http:\/\/desireemartinphoto.com\/blog\/wp-json\/wp\/v2\/categories?post=882"},{"taxonomy":"post_tag","embeddable":true,"href":"http:\/\/desireemartinphoto.com\/blog\/wp-json\/wp\/v2\/tags?post=882"}],"curies":[{"name":"wp","href":"https:\/\/api.w.org\/{rel}","templated":true}]}}