{"id":854,"date":"2011-04-05T20:30:27","date_gmt":"2011-04-05T20:30:27","guid":{"rendered":"http:\/\/desireemartinphoto.com\/blog\/?p=854"},"modified":"2011-04-05T20:30:27","modified_gmt":"2011-04-05T20:30:27","slug":"willem-dafoe-todo-un-personaje","status":"publish","type":"post","link":"http:\/\/desireemartinphoto.com\/blog\/willem-dafoe-todo-un-personaje\/","title":{"rendered":"Willem Dafoe &#8230;todo un personaje!!"},"content":{"rendered":"<p>Regresando del 12\u00ba Festival Internacional de Cine de Las Palmas de Gran Canaria, y a\u00fan no se por qu\u00e9 raz\u00f3n , pero fui la \u00fanica afortunada en entrevistar ( fotoentrevistar )\u00a0 al actor norteamericano Willem Dafoe.<\/p>\n<p>\u00bfEl lugar? &#8230;una de las maravillosas estancias del Gabinete Literario de la capital, \u00bfla luz?, bastante buena, \u00bf\u00e9l?.. un caballero, un profesional &#8230;camale\u00f3nico dicen, un encanto apostillo!<\/p>\n<p>Las fotos casi crudas.. alg\u00fan recorte.<\/p>\n<p>Lo prometido es deuda, aqu\u00ed est\u00e1n las fotos.<\/p>\n<p><img data-attachment-id=\"855\" data-permalink=\"http:\/\/desireemartinphoto.com\/blog\/willem-dafoe-todo-un-personaje\/dm-willwm-dafoe-02-blog\/\" data-orig-file=\"http:\/\/desireemartinphoto.com\/blog\/wp-content\/uploads\/2011\/04\/DM-Willwm-Dafoe-02-BLOG.jpg\" data-orig-size=\"550,367\" data-comments-opened=\"1\" data-image-meta=\"{&quot;aperture&quot;:&quot;5.6&quot;,&quot;credit&quot;:&quot;&quot;,&quot;camera&quot;:&quot;Canon EOS 5D Mark II&quot;,&quot;caption&quot;:&quot;01 04 2011\\n\\nWILLEM DAFOE\\nACTOR NORTE AMERICANO HOMENAJEADO EN EL 12\\u00ba FESTIVAL INTERNACIONAL DE CINE DE LAS PALMAS DE GRAN CANARIA CON EL GALARDON LADY HARIMAGUADA\\n\\nLAS PALMAS DE GRAN CANARIA\\nISLAS CANARIAS&quot;,&quot;created_timestamp&quot;:&quot;1301662597&quot;,&quot;copyright&quot;:&quot;&quot;,&quot;focal_length&quot;:&quot;80&quot;,&quot;iso&quot;:&quot;2000&quot;,&quot;shutter_speed&quot;:&quot;0.033333333333333&quot;,&quot;title&quot;:&quot;&quot;}\" data-image-title=\"DM-Willwm-Dafoe-02-BLOG\" data-image-description=\"\" data-medium-file=\"http:\/\/desireemartinphoto.com\/blog\/wp-content\/uploads\/2011\/04\/DM-Willwm-Dafoe-02-BLOG-300x200.jpg\" data-large-file=\"http:\/\/desireemartinphoto.com\/blog\/wp-content\/uploads\/2011\/04\/DM-Willwm-Dafoe-02-BLOG.jpg\" loading=\"lazy\" class=\"alignnone size-full wp-image-855\" src=\"http:\/\/desireemartinphoto.com\/blog\/wp-content\/uploads\/2011\/04\/DM-Willwm-Dafoe-02-BLOG.jpg\" alt=\"\" width=\"550\" height=\"367\" srcset=\"http:\/\/desireemartinphoto.com\/blog\/wp-content\/uploads\/2011\/04\/DM-Willwm-Dafoe-02-BLOG.jpg 550w, http:\/\/desireemartinphoto.com\/blog\/wp-content\/uploads\/2011\/04\/DM-Willwm-Dafoe-02-BLOG-300x200.jpg 300w\" sizes=\"(max-width: 550px) 100vw, 550px\" \/><\/p>\n<p><img data-attachment-id=\"856\" data-permalink=\"http:\/\/desireemartinphoto.com\/blog\/willem-dafoe-todo-un-personaje\/dm-willwm-dafoe-12-blog\/\" data-orig-file=\"http:\/\/desireemartinphoto.com\/blog\/wp-content\/uploads\/2011\/04\/DM-Willwm-Dafoe-12-BLOG.jpg\" data-orig-size=\"550,468\" data-comments-opened=\"1\" data-image-meta=\"{&quot;aperture&quot;:&quot;2.8&quot;,&quot;credit&quot;:&quot;&quot;,&quot;camera&quot;:&quot;Canon EOS 5D Mark II&quot;,&quot;caption&quot;:&quot;&quot;,&quot;created_timestamp&quot;:&quot;1301662507&quot;,&quot;copyright&quot;:&quot;&quot;,&quot;focal_length&quot;:&quot;153&quot;,&quot;iso&quot;:&quot;2000&quot;,&quot;shutter_speed&quot;:&quot;0.008&quot;,&quot;title&quot;:&quot;&quot;}\" data-image-title=\"DM-Willwm-Dafoe-12-BLOG\" data-image-description=\"\" data-medium-file=\"http:\/\/desireemartinphoto.com\/blog\/wp-content\/uploads\/2011\/04\/DM-Willwm-Dafoe-12-BLOG-300x255.jpg\" data-large-file=\"http:\/\/desireemartinphoto.com\/blog\/wp-content\/uploads\/2011\/04\/DM-Willwm-Dafoe-12-BLOG.jpg\" loading=\"lazy\" class=\"alignnone size-full wp-image-856\" src=\"http:\/\/desireemartinphoto.com\/blog\/wp-content\/uploads\/2011\/04\/DM-Willwm-Dafoe-12-BLOG.jpg\" alt=\"\" width=\"550\" height=\"468\" srcset=\"http:\/\/desireemartinphoto.com\/blog\/wp-content\/uploads\/2011\/04\/DM-Willwm-Dafoe-12-BLOG.jpg 550w, http:\/\/desireemartinphoto.com\/blog\/wp-content\/uploads\/2011\/04\/DM-Willwm-Dafoe-12-BLOG-300x255.jpg 300w\" sizes=\"(max-width: 550px) 100vw, 550px\" \/><\/p>\n<p><img data-attachment-id=\"857\" data-permalink=\"http:\/\/desireemartinphoto.com\/blog\/willem-dafoe-todo-un-personaje\/dm-willwm-dafoe-11-blog\/\" data-orig-file=\"http:\/\/desireemartinphoto.com\/blog\/wp-content\/uploads\/2011\/04\/DM-Willwm-Dafoe-11-BLOG.jpg\" data-orig-size=\"367,550\" data-comments-opened=\"1\" data-image-meta=\"{&quot;aperture&quot;:&quot;4&quot;,&quot;credit&quot;:&quot;&quot;,&quot;camera&quot;:&quot;Canon EOS 5D Mark II&quot;,&quot;caption&quot;:&quot;01 04 2011\\n\\nWILLEM DAFOE\\nACTOR NORTE AMERICANO HOMENAJEADO EN EL 12\\u00c2\\u00ba FESTIVAL INTERNACIONAL DE CINE DE LAS PALMAS DE GRAN CANARIA CON EL GALARDON LADY HARIMAGUADA\\n\\nLAS PALMAS DE GRAN CANARIA\\nISLAS CANARIAS&quot;,&quot;created_timestamp&quot;:&quot;1301662791&quot;,&quot;copyright&quot;:&quot;&quot;,&quot;focal_length&quot;:&quot;70&quot;,&quot;iso&quot;:&quot;3200&quot;,&quot;shutter_speed&quot;:&quot;0.016666666666667&quot;,&quot;title&quot;:&quot;&quot;}\" data-image-title=\"DM-Willwm-Dafoe-11-BLOG\" data-image-description=\"&lt;p&gt;ACTOR NORTE AMERICANO HOMENAJEADO EN EL 12\u00c2\u00ba FESTIVAL INTERNACIONAL DE CINE DE LAS PALMAS DE GRAN CANARIA CON EL GALARDON LADY HARIMAGUADA&lt;\/p&gt;\n&lt;p&gt;LAS PALMAS DE GRAN CANARIA&lt;br \/&gt;\nISLAS CANARIAS&lt;\/p&gt;\n\" data-medium-file=\"http:\/\/desireemartinphoto.com\/blog\/wp-content\/uploads\/2011\/04\/DM-Willwm-Dafoe-11-BLOG-200x300.jpg\" data-large-file=\"http:\/\/desireemartinphoto.com\/blog\/wp-content\/uploads\/2011\/04\/DM-Willwm-Dafoe-11-BLOG.jpg\" loading=\"lazy\" class=\"alignnone size-full wp-image-857\" src=\"http:\/\/desireemartinphoto.com\/blog\/wp-content\/uploads\/2011\/04\/DM-Willwm-Dafoe-11-BLOG.jpg\" alt=\"\" width=\"367\" height=\"550\" srcset=\"http:\/\/desireemartinphoto.com\/blog\/wp-content\/uploads\/2011\/04\/DM-Willwm-Dafoe-11-BLOG.jpg 367w, http:\/\/desireemartinphoto.com\/blog\/wp-content\/uploads\/2011\/04\/DM-Willwm-Dafoe-11-BLOG-200x300.jpg 200w\" sizes=\"(max-width: 367px) 100vw, 367px\" \/><\/p>\n<p><img data-attachment-id=\"858\" data-permalink=\"http:\/\/desireemartinphoto.com\/blog\/willem-dafoe-todo-un-personaje\/dm-willwm-dafoe-08-blog\/\" data-orig-file=\"http:\/\/desireemartinphoto.com\/blog\/wp-content\/uploads\/2011\/04\/DM-Willwm-Dafoe-08-BLOG.jpg\" data-orig-size=\"550,367\" data-comments-opened=\"1\" data-image-meta=\"{&quot;aperture&quot;:&quot;2.8&quot;,&quot;credit&quot;:&quot;&quot;,&quot;camera&quot;:&quot;Canon EOS 5D Mark II&quot;,&quot;caption&quot;:&quot;01 04 2011\\n\\nWILLEM DAFOE\\nACTOR NORTE AMERICANO HOMENAJEADO EN EL 12\\u00c2\\u00ba FESTIVAL INTERNACIONAL DE CINE DE LAS PALMAS DE GRAN CANARIA CON EL GALARDON LADY HARIMAGUADA\\n\\nLAS PALMAS DE GRAN CANARIA\\nISLAS CANARIAS&quot;,&quot;created_timestamp&quot;:&quot;1301663201&quot;,&quot;copyright&quot;:&quot;&quot;,&quot;focal_length&quot;:&quot;70&quot;,&quot;iso&quot;:&quot;3200&quot;,&quot;shutter_speed&quot;:&quot;0.01&quot;,&quot;title&quot;:&quot;&quot;}\" data-image-title=\"DM-Willwm-Dafoe-08-BLOG\" data-image-description=\"&lt;p&gt;ACTOR NORTE AMERICANO HOMENAJEADO EN EL 12\u00c2\u00ba FESTIVAL INTERNACIONAL DE CINE DE LAS PALMAS DE GRAN CANARIA CON EL GALARDON LADY HARIMAGUADA&lt;\/p&gt;\n&lt;p&gt;LAS PALMAS DE GRAN CANARIA&lt;br \/&gt;\nISLAS CANARIAS&lt;\/p&gt;\n\" data-medium-file=\"http:\/\/desireemartinphoto.com\/blog\/wp-content\/uploads\/2011\/04\/DM-Willwm-Dafoe-08-BLOG-300x200.jpg\" data-large-file=\"http:\/\/desireemartinphoto.com\/blog\/wp-content\/uploads\/2011\/04\/DM-Willwm-Dafoe-08-BLOG.jpg\" loading=\"lazy\" class=\"alignnone size-full wp-image-858\" src=\"http:\/\/desireemartinphoto.com\/blog\/wp-content\/uploads\/2011\/04\/DM-Willwm-Dafoe-08-BLOG.jpg\" alt=\"\" width=\"550\" height=\"367\" srcset=\"http:\/\/desireemartinphoto.com\/blog\/wp-content\/uploads\/2011\/04\/DM-Willwm-Dafoe-08-BLOG.jpg 550w, http:\/\/desireemartinphoto.com\/blog\/wp-content\/uploads\/2011\/04\/DM-Willwm-Dafoe-08-BLOG-300x200.jpg 300w\" sizes=\"(max-width: 550px) 100vw, 550px\" \/><\/p>\n<p><img data-attachment-id=\"859\" data-permalink=\"http:\/\/desireemartinphoto.com\/blog\/willem-dafoe-todo-un-personaje\/dm-willwm-dafoe-09-blog\/\" data-orig-file=\"http:\/\/desireemartinphoto.com\/blog\/wp-content\/uploads\/2011\/04\/DM-Willwm-Dafoe-09-BLOG.jpg\" data-orig-size=\"550,367\" data-comments-opened=\"1\" data-image-meta=\"{&quot;aperture&quot;:&quot;4&quot;,&quot;credit&quot;:&quot;&quot;,&quot;camera&quot;:&quot;Canon EOS 5D Mark II&quot;,&quot;caption&quot;:&quot;01 04 2011\\n\\nWILLEM DAFOE\\nACTOR NORTE AMERICANO HOMENAJEADO EN EL 12\\u00c2\\u00ba FESTIVAL INTERNACIONAL DE CINE DE LAS PALMAS DE GRAN CANARIA CON EL GALARDON LADY HARIMAGUADA\\n\\nLAS PALMAS DE GRAN CANARIA\\nISLAS CANARIAS&quot;,&quot;created_timestamp&quot;:&quot;1301662859&quot;,&quot;copyright&quot;:&quot;&quot;,&quot;focal_length&quot;:&quot;28&quot;,&quot;iso&quot;:&quot;3200&quot;,&quot;shutter_speed&quot;:&quot;0.016666666666667&quot;,&quot;title&quot;:&quot;&quot;}\" data-image-title=\"DM-Willwm-Dafoe-09-BLOG\" data-image-description=\"\" data-medium-file=\"http:\/\/desireemartinphoto.com\/blog\/wp-content\/uploads\/2011\/04\/DM-Willwm-Dafoe-09-BLOG-300x200.jpg\" data-large-file=\"http:\/\/desireemartinphoto.com\/blog\/wp-content\/uploads\/2011\/04\/DM-Willwm-Dafoe-09-BLOG.jpg\" loading=\"lazy\" class=\"alignnone size-full wp-image-859\" src=\"http:\/\/desireemartinphoto.com\/blog\/wp-content\/uploads\/2011\/04\/DM-Willwm-Dafoe-09-BLOG.jpg\" alt=\"\" width=\"550\" height=\"367\" srcset=\"http:\/\/desireemartinphoto.com\/blog\/wp-content\/uploads\/2011\/04\/DM-Willwm-Dafoe-09-BLOG.jpg 550w, http:\/\/desireemartinphoto.com\/blog\/wp-content\/uploads\/2011\/04\/DM-Willwm-Dafoe-09-BLOG-300x200.jpg 300w\" sizes=\"(max-width: 550px) 100vw, 550px\" \/><\/p>\n<p><img data-attachment-id=\"862\" data-permalink=\"http:\/\/desireemartinphoto.com\/blog\/willem-dafoe-todo-un-personaje\/dm-willwm-dafoe-16-blog\/\" data-orig-file=\"http:\/\/desireemartinphoto.com\/blog\/wp-content\/uploads\/2011\/04\/DM-Willwm-Dafoe-16-BLOG.jpg\" data-orig-size=\"266,550\" data-comments-opened=\"1\" data-image-meta=\"{&quot;aperture&quot;:&quot;4&quot;,&quot;credit&quot;:&quot;&quot;,&quot;camera&quot;:&quot;Canon EOS 5D Mark II&quot;,&quot;caption&quot;:&quot;&quot;,&quot;created_timestamp&quot;:&quot;1301662936&quot;,&quot;copyright&quot;:&quot;&quot;,&quot;focal_length&quot;:&quot;28&quot;,&quot;iso&quot;:&quot;3200&quot;,&quot;shutter_speed&quot;:&quot;0.016666666666667&quot;,&quot;title&quot;:&quot;&quot;}\" data-image-title=\"DM-Willwm-Dafoe-16-BLOG\" data-image-description=\"\" data-medium-file=\"http:\/\/desireemartinphoto.com\/blog\/wp-content\/uploads\/2011\/04\/DM-Willwm-Dafoe-16-BLOG-145x300.jpg\" data-large-file=\"http:\/\/desireemartinphoto.com\/blog\/wp-content\/uploads\/2011\/04\/DM-Willwm-Dafoe-16-BLOG.jpg\" loading=\"lazy\" class=\"alignnone size-full wp-image-862\" src=\"http:\/\/desireemartinphoto.com\/blog\/wp-content\/uploads\/2011\/04\/DM-Willwm-Dafoe-16-BLOG.jpg\" alt=\"\" width=\"266\" height=\"550\" srcset=\"http:\/\/desireemartinphoto.com\/blog\/wp-content\/uploads\/2011\/04\/DM-Willwm-Dafoe-16-BLOG.jpg 266w, http:\/\/desireemartinphoto.com\/blog\/wp-content\/uploads\/2011\/04\/DM-Willwm-Dafoe-16-BLOG-145x300.jpg 145w\" sizes=\"(max-width: 266px) 100vw, 266px\" \/><\/p>\n<p><img data-attachment-id=\"863\" data-permalink=\"http:\/\/desireemartinphoto.com\/blog\/willem-dafoe-todo-un-personaje\/dm-willwm-dafoe-10-blog\/\" data-orig-file=\"http:\/\/desireemartinphoto.com\/blog\/wp-content\/uploads\/2011\/04\/DM-Willwm-Dafoe-10-BLOG.jpg\" data-orig-size=\"550,367\" data-comments-opened=\"1\" data-image-meta=\"{&quot;aperture&quot;:&quot;2.8&quot;,&quot;credit&quot;:&quot;&quot;,&quot;camera&quot;:&quot;Canon EOS 5D Mark II&quot;,&quot;caption&quot;:&quot;01 04 2011\\n\\nWILLEM DAFOE\\nACTOR NORTE AMERICANO HOMENAJEADO EN EL 12\\u00c2\\u00ba FESTIVAL INTERNACIONAL DE CINE DE LAS PALMAS DE GRAN CANARIA CON EL GALARDON LADY HARIMAGUADA\\n\\nLAS PALMAS DE GRAN CANARIA\\nISLAS CANARIAS&quot;,&quot;created_timestamp&quot;:&quot;1301662716&quot;,&quot;copyright&quot;:&quot;&quot;,&quot;focal_length&quot;:&quot;70&quot;,&quot;iso&quot;:&quot;2000&quot;,&quot;shutter_speed&quot;:&quot;0.016666666666667&quot;,&quot;title&quot;:&quot;&quot;}\" data-image-title=\"DM-Willwm-Dafoe-10-BLOG\" data-image-description=\"\" data-medium-file=\"http:\/\/desireemartinphoto.com\/blog\/wp-content\/uploads\/2011\/04\/DM-Willwm-Dafoe-10-BLOG-300x200.jpg\" data-large-file=\"http:\/\/desireemartinphoto.com\/blog\/wp-content\/uploads\/2011\/04\/DM-Willwm-Dafoe-10-BLOG.jpg\" loading=\"lazy\" class=\"alignnone size-full wp-image-863\" src=\"http:\/\/desireemartinphoto.com\/blog\/wp-content\/uploads\/2011\/04\/DM-Willwm-Dafoe-10-BLOG.jpg\" alt=\"\" width=\"550\" height=\"367\" srcset=\"http:\/\/desireemartinphoto.com\/blog\/wp-content\/uploads\/2011\/04\/DM-Willwm-Dafoe-10-BLOG.jpg 550w, http:\/\/desireemartinphoto.com\/blog\/wp-content\/uploads\/2011\/04\/DM-Willwm-Dafoe-10-BLOG-300x200.jpg 300w\" sizes=\"(max-width: 550px) 100vw, 550px\" \/><\/p>\n<p><img data-attachment-id=\"860\" data-permalink=\"http:\/\/desireemartinphoto.com\/blog\/willem-dafoe-todo-un-personaje\/dm-willwm-dafoe-06-blog\/\" data-orig-file=\"http:\/\/desireemartinphoto.com\/blog\/wp-content\/uploads\/2011\/04\/DM-Willwm-Dafoe-06-BLOG.jpg\" data-orig-size=\"550,367\" data-comments-opened=\"1\" data-image-meta=\"{&quot;aperture&quot;:&quot;4.5&quot;,&quot;credit&quot;:&quot;&quot;,&quot;camera&quot;:&quot;Canon EOS 5D Mark II&quot;,&quot;caption&quot;:&quot;01 04 2011\\n\\nWILLEM DAFOE\\nACTOR NORTE AMERICANO HOMENAJEADO EN EL 12\\u00c2\\u00ba FESTIVAL INTERNACIONAL DE CINE DE LAS PALMAS DE GRAN CANARIA CON EL GALARDON LADY HARIMAGUADA\\n\\nLAS PALMAS DE GRAN CANARIA\\nISLAS CANARIAS&quot;,&quot;created_timestamp&quot;:&quot;1301663536&quot;,&quot;copyright&quot;:&quot;&quot;,&quot;focal_length&quot;:&quot;35&quot;,&quot;iso&quot;:&quot;3200&quot;,&quot;shutter_speed&quot;:&quot;0.02&quot;,&quot;title&quot;:&quot;&quot;}\" data-image-title=\"DM-Willwm-Dafoe-06-BLOG\" data-image-description=\"\" data-medium-file=\"http:\/\/desireemartinphoto.com\/blog\/wp-content\/uploads\/2011\/04\/DM-Willwm-Dafoe-06-BLOG-300x200.jpg\" data-large-file=\"http:\/\/desireemartinphoto.com\/blog\/wp-content\/uploads\/2011\/04\/DM-Willwm-Dafoe-06-BLOG.jpg\" loading=\"lazy\" class=\"alignnone size-full wp-image-860\" src=\"http:\/\/desireemartinphoto.com\/blog\/wp-content\/uploads\/2011\/04\/DM-Willwm-Dafoe-06-BLOG.jpg\" alt=\"\" width=\"550\" height=\"367\" srcset=\"http:\/\/desireemartinphoto.com\/blog\/wp-content\/uploads\/2011\/04\/DM-Willwm-Dafoe-06-BLOG.jpg 550w, http:\/\/desireemartinphoto.com\/blog\/wp-content\/uploads\/2011\/04\/DM-Willwm-Dafoe-06-BLOG-300x200.jpg 300w\" sizes=\"(max-width: 550px) 100vw, 550px\" \/><\/p>\n<div class=\"sharedaddy sd-sharing-enabled\"><div class=\"robots-nocontent sd-block sd-social sd-social-icon-text sd-sharing\"><h3 class=\"sd-title\">COMPARTE ESTO:<\/h3><div class=\"sd-content\"><ul><li class=\"share-facebook\"><a rel=\"nofollow noopener noreferrer\" data-shared=\"sharing-facebook-854\" class=\"share-facebook sd-button share-icon\" href=\"http:\/\/desireemartinphoto.com\/blog\/willem-dafoe-todo-un-personaje\/?share=facebook\" target=\"_blank\" title=\"Haz clic para compartir en Facebook\"><span>Facebook<\/span><\/a><\/li><li class=\"share-twitter\"><a rel=\"nofollow noopener noreferrer\" data-shared=\"sharing-twitter-854\" class=\"share-twitter sd-button share-icon\" href=\"http:\/\/desireemartinphoto.com\/blog\/willem-dafoe-todo-un-personaje\/?share=twitter\" target=\"_blank\" title=\"Haz clic para compartir en Twitter\"><span>Twitter<\/span><\/a><\/li><li class=\"share-email\"><a rel=\"nofollow noopener noreferrer\" data-shared=\"\" class=\"share-email sd-button share-icon\" href=\"http:\/\/desireemartinphoto.com\/blog\/willem-dafoe-todo-un-personaje\/?share=email\" target=\"_blank\" title=\"Haz clic para enviar por correo electr\u00f3nico a un amigo\"><span>Correo electr\u00f3nico<\/span><\/a><\/li><li class=\"share-linkedin\"><a rel=\"nofollow noopener noreferrer\" data-shared=\"sharing-linkedin-854\" class=\"share-linkedin sd-button share-icon\" href=\"http:\/\/desireemartinphoto.com\/blog\/willem-dafoe-todo-un-personaje\/?share=linkedin\" target=\"_blank\" title=\"Haz clic para compartir en LinkedIn\"><span>LinkedIn<\/span><\/a><\/li><li class=\"share-tumblr\"><a rel=\"nofollow noopener noreferrer\" data-shared=\"\" class=\"share-tumblr sd-button share-icon\" href=\"http:\/\/desireemartinphoto.com\/blog\/willem-dafoe-todo-un-personaje\/?share=tumblr\" target=\"_blank\" title=\"Haz clic para compartir en Tumblr\"><span>Tumblr<\/span><\/a><\/li><li class=\"share-end\"><\/li><\/ul><\/div><\/div><\/div>","protected":false},"excerpt":{"rendered":"<p>Regresando del 12\u00ba Festival Internacional de Cine de Las Palmas de Gran Canaria, y a\u00fan no se por qu\u00e9 raz\u00f3n , pero fui la \u00fanica afortunada en entrevistar ( fotoentrevistar )\u00a0 al actor norteamericano Willem Dafoe. \u00bfEl lugar? &#8230;una de las maravillosas estancias del Gabinete Literario de la capital, \u00bfla luz?, bastante buena, \u00bf\u00e9l?.. un [&#038;hellip<\/p>\n<div class=\"sharedaddy sd-sharing-enabled\"><div class=\"robots-nocontent sd-block sd-social sd-social-icon-text sd-sharing\"><h3 class=\"sd-title\">COMPARTE ESTO:<\/h3><div class=\"sd-content\"><ul><li class=\"share-facebook\"><a rel=\"nofollow noopener noreferrer\" data-shared=\"sharing-facebook-854\" class=\"share-facebook sd-button share-icon\" href=\"http:\/\/desireemartinphoto.com\/blog\/willem-dafoe-todo-un-personaje\/?share=facebook\" target=\"_blank\" title=\"Haz clic para compartir en Facebook\"><span>Facebook<\/span><\/a><\/li><li class=\"share-twitter\"><a rel=\"nofollow noopener noreferrer\" data-shared=\"sharing-twitter-854\" class=\"share-twitter sd-button share-icon\" href=\"http:\/\/desireemartinphoto.com\/blog\/willem-dafoe-todo-un-personaje\/?share=twitter\" target=\"_blank\" title=\"Haz clic para compartir en Twitter\"><span>Twitter<\/span><\/a><\/li><li class=\"share-email\"><a rel=\"nofollow noopener noreferrer\" data-shared=\"\" class=\"share-email sd-button share-icon\" href=\"http:\/\/desireemartinphoto.com\/blog\/willem-dafoe-todo-un-personaje\/?share=email\" target=\"_blank\" title=\"Haz clic para enviar por correo electr\u00f3nico a un amigo\"><span>Correo electr\u00f3nico<\/span><\/a><\/li><li class=\"share-linkedin\"><a rel=\"nofollow noopener noreferrer\" data-shared=\"sharing-linkedin-854\" class=\"share-linkedin sd-button share-icon\" href=\"http:\/\/desireemartinphoto.com\/blog\/willem-dafoe-todo-un-personaje\/?share=linkedin\" target=\"_blank\" title=\"Haz clic para compartir en LinkedIn\"><span>LinkedIn<\/span><\/a><\/li><li class=\"share-tumblr\"><a rel=\"nofollow noopener noreferrer\" data-shared=\"\" class=\"share-tumblr sd-button share-icon\" href=\"http:\/\/desireemartinphoto.com\/blog\/willem-dafoe-todo-un-personaje\/?share=tumblr\" target=\"_blank\" title=\"Haz clic para compartir en Tumblr\"><span>Tumblr<\/span><\/a><\/li><li class=\"share-end\"><\/li><\/ul><\/div><\/div><\/div>","protected":false},"author":1,"featured_media":0,"comment_status":"open","ping_status":"open","sticky":false,"template":"","format":"standard","meta":{"spay_email":""},"categories":[1],"tags":[108,105,104,12,107,106,103],"jetpack_featured_media_url":"","jetpack_sharing_enabled":true,"_links":{"self":[{"href":"http:\/\/desireemartinphoto.com\/blog\/wp-json\/wp\/v2\/posts\/854"}],"collection":[{"href":"http:\/\/desireemartinphoto.com\/blog\/wp-json\/wp\/v2\/posts"}],"about":[{"href":"http:\/\/desireemartinphoto.com\/blog\/wp-json\/wp\/v2\/types\/post"}],"author":[{"embeddable":true,"href":"http:\/\/desireemartinphoto.com\/blog\/wp-json\/wp\/v2\/users\/1"}],"replies":[{"embeddable":true,"href":"http:\/\/desireemartinphoto.com\/blog\/wp-json\/wp\/v2\/comments?post=854"}],"version-history":[{"count":4,"href":"http:\/\/desireemartinphoto.com\/blog\/wp-json\/wp\/v2\/posts\/854\/revisions"}],"predecessor-version":[{"id":867,"href":"http:\/\/desireemartinphoto.com\/blog\/wp-json\/wp\/v2\/posts\/854\/revisions\/867"}],"wp:attachment":[{"href":"http:\/\/desireemartinphoto.com\/blog\/wp-json\/wp\/v2\/media?parent=854"}],"wp:term":[{"taxonomy":"category","embeddable":true,"href":"http:\/\/desireemartinphoto.com\/blog\/wp-json\/wp\/v2\/categories?post=854"},{"taxonomy":"post_tag","embeddable":true,"href":"http:\/\/desireemartinphoto.com\/blog\/wp-json\/wp\/v2\/tags?post=854"}],"curies":[{"name":"wp","href":"https:\/\/api.w.org\/{rel}","templated":true}]}}