{"id":816,"date":"2011-03-12T01:00:55","date_gmt":"2011-03-12T01:00:55","guid":{"rendered":"http:\/\/desireemartinphoto.com\/blog\/?p=816"},"modified":"2011-03-12T12:42:15","modified_gmt":"2011-03-12T12:42:15","slug":"gaviotas","status":"publish","type":"post","link":"http:\/\/desireemartinphoto.com\/blog\/gaviotas\/","title":{"rendered":"Gaviotas vs ser humano"},"content":{"rendered":"<p>Una g\u00e9lida ma\u00f1ana me despierta en Lisboa&#8230; &#8230;iiiiSSShhhh!!! Salir a la calle no parec\u00eda buena idea..<\/p>\n<p><img data-attachment-id=\"817\" data-permalink=\"http:\/\/desireemartinphoto.com\/blog\/gaviotas\/dm-gaviotas-por-lisboa-01-tc-4\/\" data-orig-file=\"http:\/\/desireemartinphoto.com\/blog\/wp-content\/uploads\/2011\/03\/DM-Gaviotas-por-Lisboa-01-TC3.jpg\" data-orig-size=\"367,550\" data-comments-opened=\"1\" data-image-meta=\"{&quot;aperture&quot;:&quot;6.3&quot;,&quot;credit&quot;:&quot;&quot;,&quot;camera&quot;:&quot;Canon EOS 5D Mark II&quot;,&quot;caption&quot;:&quot;&quot;,&quot;created_timestamp&quot;:&quot;1297069424&quot;,&quot;copyright&quot;:&quot;&quot;,&quot;focal_length&quot;:&quot;25&quot;,&quot;iso&quot;:&quot;100&quot;,&quot;shutter_speed&quot;:&quot;0.003125&quot;,&quot;title&quot;:&quot;&quot;}\" data-image-title=\"DM-Gaviotas-por-Lisboa-01-TC3\" data-image-description=\"\" data-medium-file=\"http:\/\/desireemartinphoto.com\/blog\/wp-content\/uploads\/2011\/03\/DM-Gaviotas-por-Lisboa-01-TC3-200x300.jpg\" data-large-file=\"http:\/\/desireemartinphoto.com\/blog\/wp-content\/uploads\/2011\/03\/DM-Gaviotas-por-Lisboa-01-TC3.jpg\" loading=\"lazy\" class=\"alignnone size-full wp-image-817\" src=\"http:\/\/desireemartinphoto.com\/blog\/wp-content\/uploads\/2011\/03\/DM-Gaviotas-por-Lisboa-01-TC3.jpg\" alt=\"\" width=\"367\" height=\"550\" srcset=\"http:\/\/desireemartinphoto.com\/blog\/wp-content\/uploads\/2011\/03\/DM-Gaviotas-por-Lisboa-01-TC3.jpg 367w, http:\/\/desireemartinphoto.com\/blog\/wp-content\/uploads\/2011\/03\/DM-Gaviotas-por-Lisboa-01-TC3-200x300.jpg 200w\" sizes=\"(max-width: 367px) 100vw, 367px\" \/><\/p>\n<p>&#8230; pero me enfund\u00e9 mis botas &#8230;y sal\u00ed a dejarme descubrir por la cuidad&#8230;<\/p>\n<p><img data-attachment-id=\"818\" data-permalink=\"http:\/\/desireemartinphoto.com\/blog\/gaviotas\/dm-gaviotas-por-lisboa-02-tc-2\/\" data-orig-file=\"http:\/\/desireemartinphoto.com\/blog\/wp-content\/uploads\/2011\/03\/DM-Gaviotas-por-Lisboa-02-TC1.jpg\" data-orig-size=\"550,367\" data-comments-opened=\"1\" data-image-meta=\"{&quot;aperture&quot;:&quot;7.1&quot;,&quot;credit&quot;:&quot;&quot;,&quot;camera&quot;:&quot;Canon EOS 5D Mark II&quot;,&quot;caption&quot;:&quot;&quot;,&quot;created_timestamp&quot;:&quot;1296734126&quot;,&quot;copyright&quot;:&quot;&quot;,&quot;focal_length&quot;:&quot;18&quot;,&quot;iso&quot;:&quot;100&quot;,&quot;shutter_speed&quot;:&quot;0.0025&quot;,&quot;title&quot;:&quot;&quot;}\" data-image-title=\"DM-Gaviotas-por-Lisboa-02-TC1\" data-image-description=\"\" data-medium-file=\"http:\/\/desireemartinphoto.com\/blog\/wp-content\/uploads\/2011\/03\/DM-Gaviotas-por-Lisboa-02-TC1-300x200.jpg\" data-large-file=\"http:\/\/desireemartinphoto.com\/blog\/wp-content\/uploads\/2011\/03\/DM-Gaviotas-por-Lisboa-02-TC1.jpg\" loading=\"lazy\" class=\"alignnone size-full wp-image-818\" src=\"http:\/\/desireemartinphoto.com\/blog\/wp-content\/uploads\/2011\/03\/DM-Gaviotas-por-Lisboa-02-TC1.jpg\" alt=\"\" width=\"550\" height=\"367\" srcset=\"http:\/\/desireemartinphoto.com\/blog\/wp-content\/uploads\/2011\/03\/DM-Gaviotas-por-Lisboa-02-TC1.jpg 550w, http:\/\/desireemartinphoto.com\/blog\/wp-content\/uploads\/2011\/03\/DM-Gaviotas-por-Lisboa-02-TC1-300x200.jpg 300w\" sizes=\"(max-width: 550px) 100vw, 550px\" \/><\/p>\n<p><img data-attachment-id=\"819\" data-permalink=\"http:\/\/desireemartinphoto.com\/blog\/gaviotas\/dm-gaviotas-por-lisboa-03-tc\/\" data-orig-file=\"http:\/\/desireemartinphoto.com\/blog\/wp-content\/uploads\/2011\/03\/DM-Gaviotas-por-Lisboa-03-TC.jpg\" data-orig-size=\"367,550\" data-comments-opened=\"1\" data-image-meta=\"{&quot;aperture&quot;:&quot;2.8&quot;,&quot;credit&quot;:&quot;&quot;,&quot;camera&quot;:&quot;Canon EOS 5D Mark II&quot;,&quot;caption&quot;:&quot;&quot;,&quot;created_timestamp&quot;:&quot;1296817054&quot;,&quot;copyright&quot;:&quot;&quot;,&quot;focal_length&quot;:&quot;85&quot;,&quot;iso&quot;:&quot;100&quot;,&quot;shutter_speed&quot;:&quot;0.0003125&quot;,&quot;title&quot;:&quot;&quot;}\" data-image-title=\"DM-Gaviotas-por-Lisboa-03-TC\" data-image-description=\"\" data-medium-file=\"http:\/\/desireemartinphoto.com\/blog\/wp-content\/uploads\/2011\/03\/DM-Gaviotas-por-Lisboa-03-TC-200x300.jpg\" data-large-file=\"http:\/\/desireemartinphoto.com\/blog\/wp-content\/uploads\/2011\/03\/DM-Gaviotas-por-Lisboa-03-TC.jpg\" loading=\"lazy\" class=\"alignnone size-full wp-image-819\" src=\"http:\/\/desireemartinphoto.com\/blog\/wp-content\/uploads\/2011\/03\/DM-Gaviotas-por-Lisboa-03-TC.jpg\" alt=\"\" width=\"367\" height=\"550\" srcset=\"http:\/\/desireemartinphoto.com\/blog\/wp-content\/uploads\/2011\/03\/DM-Gaviotas-por-Lisboa-03-TC.jpg 367w, http:\/\/desireemartinphoto.com\/blog\/wp-content\/uploads\/2011\/03\/DM-Gaviotas-por-Lisboa-03-TC-200x300.jpg 200w\" sizes=\"(max-width: 367px) 100vw, 367px\" \/><\/p>\n<p>El puerto y sus gaviotas me encontraron pronto, como no!&#8230;<\/p>\n<p>Bichos infectos, ratas del aire, que penetran cada vez m\u00e1s en la tierra para rapi\u00f1ear su alimento. Han cambiado sus h\u00e1bitos alimenticios para comer de todo , en cualquier lugar \u00a0 &#8230;pero, acaso &#8230;\u00bf hablo del ser humano o de las gaviotas???<\/p>\n<p>Hemos destrozado su nicho ecol\u00f3gico &#8230;y encima las juzgamos por intentar sobrevivir&#8230;<\/p>\n<p>Gaviotas y unos minutos en Lisboa:<\/p>\n<p><img data-attachment-id=\"820\" data-permalink=\"http:\/\/desireemartinphoto.com\/blog\/gaviotas\/dm-gaviotas-por-lisboa-04-tc\/\" data-orig-file=\"http:\/\/desireemartinphoto.com\/blog\/wp-content\/uploads\/2011\/03\/DM-Gaviotas-por-Lisboa-04-TC.jpg\" data-orig-size=\"550,367\" data-comments-opened=\"1\" data-image-meta=\"{&quot;aperture&quot;:&quot;1.8&quot;,&quot;credit&quot;:&quot;&quot;,&quot;camera&quot;:&quot;Canon EOS 5D Mark II&quot;,&quot;caption&quot;:&quot;&quot;,&quot;created_timestamp&quot;:&quot;1296816758&quot;,&quot;copyright&quot;:&quot;&quot;,&quot;focal_length&quot;:&quot;85&quot;,&quot;iso&quot;:&quot;100&quot;,&quot;shutter_speed&quot;:&quot;0.0002&quot;,&quot;title&quot;:&quot;&quot;}\" data-image-title=\"DM-Gaviotas-por-Lisboa-04-TC\" data-image-description=\"\" data-medium-file=\"http:\/\/desireemartinphoto.com\/blog\/wp-content\/uploads\/2011\/03\/DM-Gaviotas-por-Lisboa-04-TC-300x200.jpg\" data-large-file=\"http:\/\/desireemartinphoto.com\/blog\/wp-content\/uploads\/2011\/03\/DM-Gaviotas-por-Lisboa-04-TC.jpg\" loading=\"lazy\" class=\"alignnone size-full wp-image-820\" src=\"http:\/\/desireemartinphoto.com\/blog\/wp-content\/uploads\/2011\/03\/DM-Gaviotas-por-Lisboa-04-TC.jpg\" alt=\"\" width=\"550\" height=\"367\" srcset=\"http:\/\/desireemartinphoto.com\/blog\/wp-content\/uploads\/2011\/03\/DM-Gaviotas-por-Lisboa-04-TC.jpg 550w, http:\/\/desireemartinphoto.com\/blog\/wp-content\/uploads\/2011\/03\/DM-Gaviotas-por-Lisboa-04-TC-300x200.jpg 300w\" sizes=\"(max-width: 550px) 100vw, 550px\" \/><\/p>\n<p><img data-attachment-id=\"821\" data-permalink=\"http:\/\/desireemartinphoto.com\/blog\/gaviotas\/dm-gaviotas-por-lisboa-05-tc\/\" data-orig-file=\"http:\/\/desireemartinphoto.com\/blog\/wp-content\/uploads\/2011\/03\/DM-Gaviotas-por-Lisboa-05-TC.jpg\" data-orig-size=\"550,290\" data-comments-opened=\"1\" data-image-meta=\"{&quot;aperture&quot;:&quot;2.8&quot;,&quot;credit&quot;:&quot;&quot;,&quot;camera&quot;:&quot;Canon EOS 5D Mark II&quot;,&quot;caption&quot;:&quot;&quot;,&quot;created_timestamp&quot;:&quot;1296816925&quot;,&quot;copyright&quot;:&quot;&quot;,&quot;focal_length&quot;:&quot;85&quot;,&quot;iso&quot;:&quot;100&quot;,&quot;shutter_speed&quot;:&quot;0.00015625&quot;,&quot;title&quot;:&quot;&quot;}\" data-image-title=\"DM-Gaviotas-por-Lisboa-05-TC\" data-image-description=\"\" data-medium-file=\"http:\/\/desireemartinphoto.com\/blog\/wp-content\/uploads\/2011\/03\/DM-Gaviotas-por-Lisboa-05-TC-300x158.jpg\" data-large-file=\"http:\/\/desireemartinphoto.com\/blog\/wp-content\/uploads\/2011\/03\/DM-Gaviotas-por-Lisboa-05-TC.jpg\" loading=\"lazy\" class=\"alignnone size-full wp-image-821\" src=\"http:\/\/desireemartinphoto.com\/blog\/wp-content\/uploads\/2011\/03\/DM-Gaviotas-por-Lisboa-05-TC.jpg\" alt=\"\" width=\"550\" height=\"290\" srcset=\"http:\/\/desireemartinphoto.com\/blog\/wp-content\/uploads\/2011\/03\/DM-Gaviotas-por-Lisboa-05-TC.jpg 550w, http:\/\/desireemartinphoto.com\/blog\/wp-content\/uploads\/2011\/03\/DM-Gaviotas-por-Lisboa-05-TC-300x158.jpg 300w\" sizes=\"(max-width: 550px) 100vw, 550px\" \/><\/p>\n<p><img data-attachment-id=\"822\" data-permalink=\"http:\/\/desireemartinphoto.com\/blog\/gaviotas\/dm-gaviotas-por-lisboa-06-tc\/\" data-orig-file=\"http:\/\/desireemartinphoto.com\/blog\/wp-content\/uploads\/2011\/03\/DM-Gaviotas-por-Lisboa-06-TC.jpg\" data-orig-size=\"550,474\" data-comments-opened=\"1\" data-image-meta=\"{&quot;aperture&quot;:&quot;1.8&quot;,&quot;credit&quot;:&quot;&quot;,&quot;camera&quot;:&quot;Canon EOS 5D Mark II&quot;,&quot;caption&quot;:&quot;&quot;,&quot;created_timestamp&quot;:&quot;1296816764&quot;,&quot;copyright&quot;:&quot;&quot;,&quot;focal_length&quot;:&quot;85&quot;,&quot;iso&quot;:&quot;100&quot;,&quot;shutter_speed&quot;:&quot;0.0002&quot;,&quot;title&quot;:&quot;&quot;}\" data-image-title=\"DM-Gaviotas-por-Lisboa-06-TC\" data-image-description=\"\" data-medium-file=\"http:\/\/desireemartinphoto.com\/blog\/wp-content\/uploads\/2011\/03\/DM-Gaviotas-por-Lisboa-06-TC-300x258.jpg\" data-large-file=\"http:\/\/desireemartinphoto.com\/blog\/wp-content\/uploads\/2011\/03\/DM-Gaviotas-por-Lisboa-06-TC.jpg\" loading=\"lazy\" class=\"alignnone size-full wp-image-822\" src=\"http:\/\/desireemartinphoto.com\/blog\/wp-content\/uploads\/2011\/03\/DM-Gaviotas-por-Lisboa-06-TC.jpg\" alt=\"\" width=\"550\" height=\"474\" srcset=\"http:\/\/desireemartinphoto.com\/blog\/wp-content\/uploads\/2011\/03\/DM-Gaviotas-por-Lisboa-06-TC.jpg 550w, http:\/\/desireemartinphoto.com\/blog\/wp-content\/uploads\/2011\/03\/DM-Gaviotas-por-Lisboa-06-TC-300x258.jpg 300w\" sizes=\"(max-width: 550px) 100vw, 550px\" \/><\/p>\n<p><img data-attachment-id=\"825\" data-permalink=\"http:\/\/desireemartinphoto.com\/blog\/gaviotas\/dm-gaviotas-por-lisboa-07-tc-2\/\" data-orig-file=\"http:\/\/desireemartinphoto.com\/blog\/wp-content\/uploads\/2011\/03\/DM-Gaviotas-por-Lisboa-07-TC1.jpg\" data-orig-size=\"550,308\" data-comments-opened=\"1\" data-image-meta=\"{&quot;aperture&quot;:&quot;2.8&quot;,&quot;credit&quot;:&quot;&quot;,&quot;camera&quot;:&quot;Canon EOS 5D Mark II&quot;,&quot;caption&quot;:&quot;&quot;,&quot;created_timestamp&quot;:&quot;1296817969&quot;,&quot;copyright&quot;:&quot;&quot;,&quot;focal_length&quot;:&quot;85&quot;,&quot;iso&quot;:&quot;100&quot;,&quot;shutter_speed&quot;:&quot;0.000125&quot;,&quot;title&quot;:&quot;&quot;}\" data-image-title=\"DM-Gaviotas-por-Lisboa-07-TC1\" data-image-description=\"\" data-medium-file=\"http:\/\/desireemartinphoto.com\/blog\/wp-content\/uploads\/2011\/03\/DM-Gaviotas-por-Lisboa-07-TC1-300x168.jpg\" data-large-file=\"http:\/\/desireemartinphoto.com\/blog\/wp-content\/uploads\/2011\/03\/DM-Gaviotas-por-Lisboa-07-TC1.jpg\" loading=\"lazy\" class=\"alignnone size-full wp-image-825\" title=\"DM-Gaviotas-por-Lisboa-07-TC1\" src=\"http:\/\/desireemartinphoto.com\/blog\/wp-content\/uploads\/2011\/03\/DM-Gaviotas-por-Lisboa-07-TC1.jpg\" alt=\"\" width=\"550\" height=\"308\" srcset=\"http:\/\/desireemartinphoto.com\/blog\/wp-content\/uploads\/2011\/03\/DM-Gaviotas-por-Lisboa-07-TC1.jpg 550w, http:\/\/desireemartinphoto.com\/blog\/wp-content\/uploads\/2011\/03\/DM-Gaviotas-por-Lisboa-07-TC1-300x168.jpg 300w\" sizes=\"(max-width: 550px) 100vw, 550px\" \/><\/p>\n<p><img data-attachment-id=\"827\" data-permalink=\"http:\/\/desireemartinphoto.com\/blog\/gaviotas\/dm-gaviotas-por-lisboa-09-tc\/\" data-orig-file=\"http:\/\/desireemartinphoto.com\/blog\/wp-content\/uploads\/2011\/03\/DM-Gaviotas-por-Lisboa-09-TC.jpg\" data-orig-size=\"532,357\" data-comments-opened=\"1\" data-image-meta=\"{&quot;aperture&quot;:&quot;2.8&quot;,&quot;credit&quot;:&quot;&quot;,&quot;camera&quot;:&quot;Canon EOS 5D Mark II&quot;,&quot;caption&quot;:&quot;&quot;,&quot;created_timestamp&quot;:&quot;1296817721&quot;,&quot;copyright&quot;:&quot;&quot;,&quot;focal_length&quot;:&quot;85&quot;,&quot;iso&quot;:&quot;100&quot;,&quot;shutter_speed&quot;:&quot;0.0004&quot;,&quot;title&quot;:&quot;&quot;}\" data-image-title=\"DM-Gaviotas-por-Lisboa-09-TC\" data-image-description=\"\" data-medium-file=\"http:\/\/desireemartinphoto.com\/blog\/wp-content\/uploads\/2011\/03\/DM-Gaviotas-por-Lisboa-09-TC-300x201.jpg\" data-large-file=\"http:\/\/desireemartinphoto.com\/blog\/wp-content\/uploads\/2011\/03\/DM-Gaviotas-por-Lisboa-09-TC.jpg\" loading=\"lazy\" class=\"alignnone size-full wp-image-827\" src=\"http:\/\/desireemartinphoto.com\/blog\/wp-content\/uploads\/2011\/03\/DM-Gaviotas-por-Lisboa-09-TC.jpg\" alt=\"\" width=\"532\" height=\"357\" srcset=\"http:\/\/desireemartinphoto.com\/blog\/wp-content\/uploads\/2011\/03\/DM-Gaviotas-por-Lisboa-09-TC.jpg 532w, http:\/\/desireemartinphoto.com\/blog\/wp-content\/uploads\/2011\/03\/DM-Gaviotas-por-Lisboa-09-TC-300x201.jpg 300w\" sizes=\"(max-width: 532px) 100vw, 532px\" \/><\/p>\n<p><img data-attachment-id=\"828\" data-permalink=\"http:\/\/desireemartinphoto.com\/blog\/gaviotas\/dm-gaviotas-por-lisboa-10-tc\/\" data-orig-file=\"http:\/\/desireemartinphoto.com\/blog\/wp-content\/uploads\/2011\/03\/DM-Gaviotas-por-Lisboa-10-TC.jpg\" data-orig-size=\"367,550\" data-comments-opened=\"1\" data-image-meta=\"{&quot;aperture&quot;:&quot;2.8&quot;,&quot;credit&quot;:&quot;&quot;,&quot;camera&quot;:&quot;Canon EOS 5D Mark II&quot;,&quot;caption&quot;:&quot;&quot;,&quot;created_timestamp&quot;:&quot;1296817712&quot;,&quot;copyright&quot;:&quot;&quot;,&quot;focal_length&quot;:&quot;85&quot;,&quot;iso&quot;:&quot;100&quot;,&quot;shutter_speed&quot;:&quot;0.00025&quot;,&quot;title&quot;:&quot;&quot;}\" data-image-title=\"DM-Gaviotas-por-Lisboa-10-TC\" data-image-description=\"\" data-medium-file=\"http:\/\/desireemartinphoto.com\/blog\/wp-content\/uploads\/2011\/03\/DM-Gaviotas-por-Lisboa-10-TC-200x300.jpg\" data-large-file=\"http:\/\/desireemartinphoto.com\/blog\/wp-content\/uploads\/2011\/03\/DM-Gaviotas-por-Lisboa-10-TC.jpg\" loading=\"lazy\" class=\"alignnone size-full wp-image-828\" src=\"http:\/\/desireemartinphoto.com\/blog\/wp-content\/uploads\/2011\/03\/DM-Gaviotas-por-Lisboa-10-TC.jpg\" alt=\"\" width=\"367\" height=\"550\" srcset=\"http:\/\/desireemartinphoto.com\/blog\/wp-content\/uploads\/2011\/03\/DM-Gaviotas-por-Lisboa-10-TC.jpg 367w, http:\/\/desireemartinphoto.com\/blog\/wp-content\/uploads\/2011\/03\/DM-Gaviotas-por-Lisboa-10-TC-200x300.jpg 200w\" sizes=\"(max-width: 367px) 100vw, 367px\" \/><\/p>\n<p><img data-attachment-id=\"826\" data-permalink=\"http:\/\/desireemartinphoto.com\/blog\/gaviotas\/dm-gaviotas-por-lisboa-08-tc\/\" data-orig-file=\"http:\/\/desireemartinphoto.com\/blog\/wp-content\/uploads\/2011\/03\/DM-Gaviotas-por-Lisboa-08-TC.jpg\" data-orig-size=\"550,428\" data-comments-opened=\"1\" data-image-meta=\"{&quot;aperture&quot;:&quot;5.6&quot;,&quot;credit&quot;:&quot;&quot;,&quot;camera&quot;:&quot;Canon EOS 5D Mark II&quot;,&quot;caption&quot;:&quot;&quot;,&quot;created_timestamp&quot;:&quot;1297073288&quot;,&quot;copyright&quot;:&quot;&quot;,&quot;focal_length&quot;:&quot;27&quot;,&quot;iso&quot;:&quot;100&quot;,&quot;shutter_speed&quot;:&quot;0.004&quot;,&quot;title&quot;:&quot;&quot;}\" data-image-title=\"DM-Gaviotas-por-Lisboa-08-TC\" data-image-description=\"\" data-medium-file=\"http:\/\/desireemartinphoto.com\/blog\/wp-content\/uploads\/2011\/03\/DM-Gaviotas-por-Lisboa-08-TC-300x233.jpg\" data-large-file=\"http:\/\/desireemartinphoto.com\/blog\/wp-content\/uploads\/2011\/03\/DM-Gaviotas-por-Lisboa-08-TC.jpg\" loading=\"lazy\" class=\"alignnone size-full wp-image-826\" src=\"http:\/\/desireemartinphoto.com\/blog\/wp-content\/uploads\/2011\/03\/DM-Gaviotas-por-Lisboa-08-TC.jpg\" alt=\"\" width=\"550\" height=\"428\" srcset=\"http:\/\/desireemartinphoto.com\/blog\/wp-content\/uploads\/2011\/03\/DM-Gaviotas-por-Lisboa-08-TC.jpg 550w, http:\/\/desireemartinphoto.com\/blog\/wp-content\/uploads\/2011\/03\/DM-Gaviotas-por-Lisboa-08-TC-300x233.jpg 300w\" sizes=\"(max-width: 550px) 100vw, 550px\" \/><\/p>\n<p><img data-attachment-id=\"829\" data-permalink=\"http:\/\/desireemartinphoto.com\/blog\/gaviotas\/dm-gaviotas-por-lisboa-11-tc\/\" data-orig-file=\"http:\/\/desireemartinphoto.com\/blog\/wp-content\/uploads\/2011\/03\/DM-Gaviotas-por-Lisboa-11-TC.jpg\" data-orig-size=\"550,367\" data-comments-opened=\"1\" data-image-meta=\"{&quot;aperture&quot;:&quot;6.3&quot;,&quot;credit&quot;:&quot;&quot;,&quot;camera&quot;:&quot;Canon EOS 5D Mark II&quot;,&quot;caption&quot;:&quot;&quot;,&quot;created_timestamp&quot;:&quot;1296830422&quot;,&quot;copyright&quot;:&quot;&quot;,&quot;focal_length&quot;:&quot;16&quot;,&quot;iso&quot;:&quot;100&quot;,&quot;shutter_speed&quot;:&quot;0.0008&quot;,&quot;title&quot;:&quot;&quot;}\" data-image-title=\"DM-Gaviotas-por-Lisboa-11-TC\" data-image-description=\"\" data-medium-file=\"http:\/\/desireemartinphoto.com\/blog\/wp-content\/uploads\/2011\/03\/DM-Gaviotas-por-Lisboa-11-TC-300x200.jpg\" data-large-file=\"http:\/\/desireemartinphoto.com\/blog\/wp-content\/uploads\/2011\/03\/DM-Gaviotas-por-Lisboa-11-TC.jpg\" loading=\"lazy\" class=\"alignnone size-full wp-image-829\" src=\"http:\/\/desireemartinphoto.com\/blog\/wp-content\/uploads\/2011\/03\/DM-Gaviotas-por-Lisboa-11-TC.jpg\" alt=\"\" width=\"550\" height=\"367\" srcset=\"http:\/\/desireemartinphoto.com\/blog\/wp-content\/uploads\/2011\/03\/DM-Gaviotas-por-Lisboa-11-TC.jpg 550w, http:\/\/desireemartinphoto.com\/blog\/wp-content\/uploads\/2011\/03\/DM-Gaviotas-por-Lisboa-11-TC-300x200.jpg 300w\" sizes=\"(max-width: 550px) 100vw, 550px\" \/><\/p>\n<p><img data-attachment-id=\"830\" data-permalink=\"http:\/\/desireemartinphoto.com\/blog\/gaviotas\/dm-gaviotas-por-lisboa-12-tc\/\" data-orig-file=\"http:\/\/desireemartinphoto.com\/blog\/wp-content\/uploads\/2011\/03\/DM-Gaviotas-por-Lisboa-12-TC.jpg\" data-orig-size=\"367,550\" data-comments-opened=\"1\" data-image-meta=\"{&quot;aperture&quot;:&quot;16&quot;,&quot;credit&quot;:&quot;&quot;,&quot;camera&quot;:&quot;Canon EOS 5D Mark II&quot;,&quot;caption&quot;:&quot;&quot;,&quot;created_timestamp&quot;:&quot;1296819112&quot;,&quot;copyright&quot;:&quot;&quot;,&quot;focal_length&quot;:&quot;24&quot;,&quot;iso&quot;:&quot;400&quot;,&quot;shutter_speed&quot;:&quot;0.0004&quot;,&quot;title&quot;:&quot;&quot;}\" data-image-title=\"DM-Gaviotas-por-Lisboa-12-TC\" data-image-description=\"\" data-medium-file=\"http:\/\/desireemartinphoto.com\/blog\/wp-content\/uploads\/2011\/03\/DM-Gaviotas-por-Lisboa-12-TC-200x300.jpg\" data-large-file=\"http:\/\/desireemartinphoto.com\/blog\/wp-content\/uploads\/2011\/03\/DM-Gaviotas-por-Lisboa-12-TC.jpg\" loading=\"lazy\" class=\"alignnone size-full wp-image-830\" src=\"http:\/\/desireemartinphoto.com\/blog\/wp-content\/uploads\/2011\/03\/DM-Gaviotas-por-Lisboa-12-TC.jpg\" alt=\"\" width=\"367\" height=\"550\" srcset=\"http:\/\/desireemartinphoto.com\/blog\/wp-content\/uploads\/2011\/03\/DM-Gaviotas-por-Lisboa-12-TC.jpg 367w, http:\/\/desireemartinphoto.com\/blog\/wp-content\/uploads\/2011\/03\/DM-Gaviotas-por-Lisboa-12-TC-200x300.jpg 200w\" sizes=\"(max-width: 367px) 100vw, 367px\" \/><\/p>\n<p><img data-attachment-id=\"831\" data-permalink=\"http:\/\/desireemartinphoto.com\/blog\/gaviotas\/dm-gaviotas-por-lisboa-13-tc\/\" data-orig-file=\"http:\/\/desireemartinphoto.com\/blog\/wp-content\/uploads\/2011\/03\/DM-Gaviotas-por-Lisboa-13-TC.jpg\" data-orig-size=\"367,550\" data-comments-opened=\"1\" data-image-meta=\"{&quot;aperture&quot;:&quot;16&quot;,&quot;credit&quot;:&quot;&quot;,&quot;camera&quot;:&quot;Canon EOS 5D Mark II&quot;,&quot;caption&quot;:&quot;&quot;,&quot;created_timestamp&quot;:&quot;1296819060&quot;,&quot;copyright&quot;:&quot;&quot;,&quot;focal_length&quot;:&quot;85&quot;,&quot;iso&quot;:&quot;400&quot;,&quot;shutter_speed&quot;:&quot;0.0004&quot;,&quot;title&quot;:&quot;&quot;}\" data-image-title=\"DM-Gaviotas-por-Lisboa-13-TC\" data-image-description=\"\" data-medium-file=\"http:\/\/desireemartinphoto.com\/blog\/wp-content\/uploads\/2011\/03\/DM-Gaviotas-por-Lisboa-13-TC-200x300.jpg\" data-large-file=\"http:\/\/desireemartinphoto.com\/blog\/wp-content\/uploads\/2011\/03\/DM-Gaviotas-por-Lisboa-13-TC.jpg\" loading=\"lazy\" class=\"alignnone size-full wp-image-831\" src=\"http:\/\/desireemartinphoto.com\/blog\/wp-content\/uploads\/2011\/03\/DM-Gaviotas-por-Lisboa-13-TC.jpg\" alt=\"\" width=\"367\" height=\"550\" srcset=\"http:\/\/desireemartinphoto.com\/blog\/wp-content\/uploads\/2011\/03\/DM-Gaviotas-por-Lisboa-13-TC.jpg 367w, http:\/\/desireemartinphoto.com\/blog\/wp-content\/uploads\/2011\/03\/DM-Gaviotas-por-Lisboa-13-TC-200x300.jpg 200w\" sizes=\"(max-width: 367px) 100vw, 367px\" \/><\/p>\n<div class=\"sharedaddy sd-sharing-enabled\"><div class=\"robots-nocontent sd-block sd-social sd-social-icon-text sd-sharing\"><h3 class=\"sd-title\">COMPARTE ESTO:<\/h3><div class=\"sd-content\"><ul><li class=\"share-facebook\"><a rel=\"nofollow noopener noreferrer\" data-shared=\"sharing-facebook-816\" class=\"share-facebook sd-button share-icon\" href=\"http:\/\/desireemartinphoto.com\/blog\/gaviotas\/?share=facebook\" target=\"_blank\" title=\"Haz clic para compartir en Facebook\"><span>Facebook<\/span><\/a><\/li><li class=\"share-twitter\"><a rel=\"nofollow noopener noreferrer\" data-shared=\"sharing-twitter-816\" class=\"share-twitter sd-button share-icon\" href=\"http:\/\/desireemartinphoto.com\/blog\/gaviotas\/?share=twitter\" target=\"_blank\" title=\"Haz clic para compartir en Twitter\"><span>Twitter<\/span><\/a><\/li><li class=\"share-email\"><a rel=\"nofollow noopener noreferrer\" data-shared=\"\" class=\"share-email sd-button share-icon\" href=\"http:\/\/desireemartinphoto.com\/blog\/gaviotas\/?share=email\" target=\"_blank\" title=\"Haz clic para enviar por correo electr\u00f3nico a un amigo\"><span>Correo electr\u00f3nico<\/span><\/a><\/li><li class=\"share-linkedin\"><a rel=\"nofollow noopener noreferrer\" data-shared=\"sharing-linkedin-816\" class=\"share-linkedin sd-button share-icon\" href=\"http:\/\/desireemartinphoto.com\/blog\/gaviotas\/?share=linkedin\" target=\"_blank\" title=\"Haz clic para compartir en LinkedIn\"><span>LinkedIn<\/span><\/a><\/li><li class=\"share-tumblr\"><a rel=\"nofollow noopener noreferrer\" data-shared=\"\" class=\"share-tumblr sd-button share-icon\" href=\"http:\/\/desireemartinphoto.com\/blog\/gaviotas\/?share=tumblr\" target=\"_blank\" title=\"Haz clic para compartir en Tumblr\"><span>Tumblr<\/span><\/a><\/li><li class=\"share-end\"><\/li><\/ul><\/div><\/div><\/div>","protected":false},"excerpt":{"rendered":"<p>Una g\u00e9lida ma\u00f1ana me despierta en Lisboa&#8230; &#8230;iiiiSSShhhh!!! Salir a la calle no parec\u00eda buena idea.. &#8230; pero me enfund\u00e9 mis botas &#8230;y sal\u00ed a dejarme descubrir por la cuidad&#8230; El puerto y sus gaviotas me encontraron pronto, como no!&#8230; Bichos infectos, ratas del aire, que penetran cada vez m\u00e1s en la tierra para rapi\u00f1ear [&#038;hellip<\/p>\n<div class=\"sharedaddy sd-sharing-enabled\"><div class=\"robots-nocontent sd-block sd-social sd-social-icon-text sd-sharing\"><h3 class=\"sd-title\">COMPARTE ESTO:<\/h3><div class=\"sd-content\"><ul><li class=\"share-facebook\"><a rel=\"nofollow noopener noreferrer\" data-shared=\"sharing-facebook-816\" class=\"share-facebook sd-button share-icon\" href=\"http:\/\/desireemartinphoto.com\/blog\/gaviotas\/?share=facebook\" target=\"_blank\" title=\"Haz clic para compartir en Facebook\"><span>Facebook<\/span><\/a><\/li><li class=\"share-twitter\"><a rel=\"nofollow noopener noreferrer\" data-shared=\"sharing-twitter-816\" class=\"share-twitter sd-button share-icon\" href=\"http:\/\/desireemartinphoto.com\/blog\/gaviotas\/?share=twitter\" target=\"_blank\" title=\"Haz clic para compartir en Twitter\"><span>Twitter<\/span><\/a><\/li><li class=\"share-email\"><a rel=\"nofollow noopener noreferrer\" data-shared=\"\" class=\"share-email sd-button share-icon\" href=\"http:\/\/desireemartinphoto.com\/blog\/gaviotas\/?share=email\" target=\"_blank\" title=\"Haz clic para enviar por correo electr\u00f3nico a un amigo\"><span>Correo electr\u00f3nico<\/span><\/a><\/li><li class=\"share-linkedin\"><a rel=\"nofollow noopener noreferrer\" data-shared=\"sharing-linkedin-816\" class=\"share-linkedin sd-button share-icon\" href=\"http:\/\/desireemartinphoto.com\/blog\/gaviotas\/?share=linkedin\" target=\"_blank\" title=\"Haz clic para compartir en LinkedIn\"><span>LinkedIn<\/span><\/a><\/li><li class=\"share-tumblr\"><a rel=\"nofollow noopener noreferrer\" data-shared=\"\" class=\"share-tumblr sd-button share-icon\" href=\"http:\/\/desireemartinphoto.com\/blog\/gaviotas\/?share=tumblr\" target=\"_blank\" title=\"Haz clic para compartir en Tumblr\"><span>Tumblr<\/span><\/a><\/li><li class=\"share-end\"><\/li><\/ul><\/div><\/div><\/div>","protected":false},"author":1,"featured_media":0,"comment_status":"open","ping_status":"open","sticky":false,"template":"","format":"standard","meta":{"spay_email":""},"categories":[1],"tags":[74,91,92,77,94,93,82],"jetpack_featured_media_url":"","jetpack_sharing_enabled":true,"_links":{"self":[{"href":"http:\/\/desireemartinphoto.com\/blog\/wp-json\/wp\/v2\/posts\/816"}],"collection":[{"href":"http:\/\/desireemartinphoto.com\/blog\/wp-json\/wp\/v2\/posts"}],"about":[{"href":"http:\/\/desireemartinphoto.com\/blog\/wp-json\/wp\/v2\/types\/post"}],"author":[{"embeddable":true,"href":"http:\/\/desireemartinphoto.com\/blog\/wp-json\/wp\/v2\/users\/1"}],"replies":[{"embeddable":true,"href":"http:\/\/desireemartinphoto.com\/blog\/wp-json\/wp\/v2\/comments?post=816"}],"version-history":[{"count":9,"href":"http:\/\/desireemartinphoto.com\/blog\/wp-json\/wp\/v2\/posts\/816\/revisions"}],"predecessor-version":[{"id":839,"href":"http:\/\/desireemartinphoto.com\/blog\/wp-json\/wp\/v2\/posts\/816\/revisions\/839"}],"wp:attachment":[{"href":"http:\/\/desireemartinphoto.com\/blog\/wp-json\/wp\/v2\/media?parent=816"}],"wp:term":[{"taxonomy":"category","embeddable":true,"href":"http:\/\/desireemartinphoto.com\/blog\/wp-json\/wp\/v2\/categories?post=816"},{"taxonomy":"post_tag","embeddable":true,"href":"http:\/\/desireemartinphoto.com\/blog\/wp-json\/wp\/v2\/tags?post=816"}],"curies":[{"name":"wp","href":"https:\/\/api.w.org\/{rel}","templated":true}]}}