{"id":740,"date":"2011-02-28T00:45:35","date_gmt":"2011-02-28T00:45:35","guid":{"rendered":"http:\/\/desireemartinphoto.com\/blog\/?p=740"},"modified":"2011-04-22T13:12:12","modified_gmt":"2011-04-22T13:12:12","slug":"una-tarde-cabeza-inquieta-y-cementerio-de-los-placeres-lisboa","status":"publish","type":"post","link":"http:\/\/desireemartinphoto.com\/blog\/una-tarde-cabeza-inquieta-y-cementerio-de-los-placeres-lisboa\/","title":{"rendered":"&#8230;una tarde, cabeza inquieta y Cementerio de Los Placeres&#8230;Lisboa"},"content":{"rendered":"<p>Cemint\u00e9rio dos Prazeres, toma su nombre de la quinta que all\u00ed exist\u00eda cuando en 1833, un brote de c\u00f3lera invadi\u00f3 la cuidad de Lisboa y urgi\u00f3 la nececidad de un gran cementerio.<\/p>\n<p>Una vez m\u00e1s, y sin a\u00fan saber por qu\u00e9, un cementerio me devolvi\u00f3 la serenidad perdida&#8230; al menos por unas horas.<\/p>\n<p>La l\u00ednea 28 del tranv\u00eda\u00a0 &#8230;.\u00bf me acompa\u00f1as a un recorrido en ella hasta el cementerio de Los Placeres ? &#8230;<\/p>\n<p><img data-attachment-id=\"741\" data-permalink=\"http:\/\/desireemartinphoto.com\/blog\/una-tarde-cabeza-inquieta-y-cementerio-de-los-placeres-lisboa\/dm-cementerio-placeres-06-bb-pass-01-blog-01-5\/\" data-orig-file=\"http:\/\/desireemartinphoto.com\/blog\/wp-content\/uploads\/2011\/02\/DM-Cementerio-Placeres-06-BB-pass-01-BLOG-014.jpg\" data-orig-size=\"550,367\" data-comments-opened=\"1\" data-image-meta=\"{&quot;aperture&quot;:&quot;5.6&quot;,&quot;credit&quot;:&quot;&quot;,&quot;camera&quot;:&quot;Canon EOS 5D Mark II&quot;,&quot;caption&quot;:&quot;&quot;,&quot;created_timestamp&quot;:&quot;1297086231&quot;,&quot;copyright&quot;:&quot;&quot;,&quot;focal_length&quot;:&quot;16&quot;,&quot;iso&quot;:&quot;100&quot;,&quot;shutter_speed&quot;:&quot;0.01&quot;,&quot;title&quot;:&quot;&quot;}\" data-image-title=\"DM-Cementerio-Placeres-06-BB-pass-01-BLOG-014\" data-image-description=\"\" data-medium-file=\"http:\/\/desireemartinphoto.com\/blog\/wp-content\/uploads\/2011\/02\/DM-Cementerio-Placeres-06-BB-pass-01-BLOG-014-300x200.jpg\" data-large-file=\"http:\/\/desireemartinphoto.com\/blog\/wp-content\/uploads\/2011\/02\/DM-Cementerio-Placeres-06-BB-pass-01-BLOG-014.jpg\" loading=\"lazy\" class=\"alignnone size-full wp-image-741\" src=\"http:\/\/desireemartinphoto.com\/blog\/wp-content\/uploads\/2011\/02\/DM-Cementerio-Placeres-06-BB-pass-01-BLOG-014.jpg\" alt=\"\" width=\"550\" height=\"367\" srcset=\"http:\/\/desireemartinphoto.com\/blog\/wp-content\/uploads\/2011\/02\/DM-Cementerio-Placeres-06-BB-pass-01-BLOG-014.jpg 550w, http:\/\/desireemartinphoto.com\/blog\/wp-content\/uploads\/2011\/02\/DM-Cementerio-Placeres-06-BB-pass-01-BLOG-014-300x200.jpg 300w\" sizes=\"(max-width: 550px) 100vw, 550px\" \/><\/p>\n<p><img data-attachment-id=\"742\" data-permalink=\"http:\/\/desireemartinphoto.com\/blog\/una-tarde-cabeza-inquieta-y-cementerio-de-los-placeres-lisboa\/dm-cementerio-placeres-85-bb-pass-37-blog-02\/\" data-orig-file=\"http:\/\/desireemartinphoto.com\/blog\/wp-content\/uploads\/2011\/02\/DM-Cementerio-Placeres-85-BB-Pass-37-BLOG-02.jpg\" data-orig-size=\"550,510\" data-comments-opened=\"1\" data-image-meta=\"{&quot;aperture&quot;:&quot;5.6&quot;,&quot;credit&quot;:&quot;&quot;,&quot;camera&quot;:&quot;Canon EOS 5D Mark II&quot;,&quot;caption&quot;:&quot;&quot;,&quot;created_timestamp&quot;:&quot;1297098649&quot;,&quot;copyright&quot;:&quot;&quot;,&quot;focal_length&quot;:&quot;18&quot;,&quot;iso&quot;:&quot;400&quot;,&quot;shutter_speed&quot;:&quot;0.0125&quot;,&quot;title&quot;:&quot;&quot;}\" data-image-title=\"DM-Cementerio-Placeres-85-BB-Pass-37-BLOG-02\" data-image-description=\"\" data-medium-file=\"http:\/\/desireemartinphoto.com\/blog\/wp-content\/uploads\/2011\/02\/DM-Cementerio-Placeres-85-BB-Pass-37-BLOG-02-300x278.jpg\" data-large-file=\"http:\/\/desireemartinphoto.com\/blog\/wp-content\/uploads\/2011\/02\/DM-Cementerio-Placeres-85-BB-Pass-37-BLOG-02.jpg\" loading=\"lazy\" class=\"alignnone size-full wp-image-742\" src=\"http:\/\/desireemartinphoto.com\/blog\/wp-content\/uploads\/2011\/02\/DM-Cementerio-Placeres-85-BB-Pass-37-BLOG-02.jpg\" alt=\"\" width=\"550\" height=\"510\" srcset=\"http:\/\/desireemartinphoto.com\/blog\/wp-content\/uploads\/2011\/02\/DM-Cementerio-Placeres-85-BB-Pass-37-BLOG-02.jpg 550w, http:\/\/desireemartinphoto.com\/blog\/wp-content\/uploads\/2011\/02\/DM-Cementerio-Placeres-85-BB-Pass-37-BLOG-02-300x278.jpg 300w\" sizes=\"(max-width: 550px) 100vw, 550px\" \/><\/p>\n<p><img data-attachment-id=\"743\" data-permalink=\"http:\/\/desireemartinphoto.com\/blog\/una-tarde-cabeza-inquieta-y-cementerio-de-los-placeres-lisboa\/dm-cementerio-placeres-31-bb-pass-07-blog-03\/\" data-orig-file=\"http:\/\/desireemartinphoto.com\/blog\/wp-content\/uploads\/2011\/02\/DM-Cementerio-Placeres-31-BB-Pass-07-BLOG-03.jpg\" data-orig-size=\"550,367\" data-comments-opened=\"1\" data-image-meta=\"{&quot;aperture&quot;:&quot;6.3&quot;,&quot;credit&quot;:&quot;&quot;,&quot;camera&quot;:&quot;Canon EOS 5D Mark II&quot;,&quot;caption&quot;:&quot;&quot;,&quot;created_timestamp&quot;:&quot;1297091168&quot;,&quot;copyright&quot;:&quot;&quot;,&quot;focal_length&quot;:&quot;16&quot;,&quot;iso&quot;:&quot;100&quot;,&quot;shutter_speed&quot;:&quot;0.0005&quot;,&quot;title&quot;:&quot;&quot;}\" data-image-title=\"DM-Cementerio-Placeres-31-BB-Pass-07-BLOG-03\" data-image-description=\"\" data-medium-file=\"http:\/\/desireemartinphoto.com\/blog\/wp-content\/uploads\/2011\/02\/DM-Cementerio-Placeres-31-BB-Pass-07-BLOG-03-300x200.jpg\" data-large-file=\"http:\/\/desireemartinphoto.com\/blog\/wp-content\/uploads\/2011\/02\/DM-Cementerio-Placeres-31-BB-Pass-07-BLOG-03.jpg\" loading=\"lazy\" class=\"alignnone size-full wp-image-743\" src=\"http:\/\/desireemartinphoto.com\/blog\/wp-content\/uploads\/2011\/02\/DM-Cementerio-Placeres-31-BB-Pass-07-BLOG-03.jpg\" alt=\"\" width=\"550\" height=\"367\" srcset=\"http:\/\/desireemartinphoto.com\/blog\/wp-content\/uploads\/2011\/02\/DM-Cementerio-Placeres-31-BB-Pass-07-BLOG-03.jpg 550w, http:\/\/desireemartinphoto.com\/blog\/wp-content\/uploads\/2011\/02\/DM-Cementerio-Placeres-31-BB-Pass-07-BLOG-03-300x200.jpg 300w\" sizes=\"(max-width: 550px) 100vw, 550px\" \/><\/p>\n<p><img data-attachment-id=\"744\" data-permalink=\"http:\/\/desireemartinphoto.com\/blog\/una-tarde-cabeza-inquieta-y-cementerio-de-los-placeres-lisboa\/dm-cementerio-placeres-12-bb-pass-10-blog-04\/\" data-orig-file=\"http:\/\/desireemartinphoto.com\/blog\/wp-content\/uploads\/2011\/02\/DM-Cementerio-Placeres-12-BB-Pass-10-BLOG-04.jpg\" data-orig-size=\"550,367\" data-comments-opened=\"1\" data-image-meta=\"{&quot;aperture&quot;:&quot;5.6&quot;,&quot;credit&quot;:&quot;&quot;,&quot;camera&quot;:&quot;Canon EOS 5D Mark II&quot;,&quot;caption&quot;:&quot;&quot;,&quot;created_timestamp&quot;:&quot;1297088393&quot;,&quot;copyright&quot;:&quot;&quot;,&quot;focal_length&quot;:&quot;16&quot;,&quot;iso&quot;:&quot;400&quot;,&quot;shutter_speed&quot;:&quot;0.00125&quot;,&quot;title&quot;:&quot;&quot;}\" data-image-title=\"DM-Cementerio-Placeres-12-BB-Pass-10-BLOG-04\" data-image-description=\"\" data-medium-file=\"http:\/\/desireemartinphoto.com\/blog\/wp-content\/uploads\/2011\/02\/DM-Cementerio-Placeres-12-BB-Pass-10-BLOG-04-300x200.jpg\" data-large-file=\"http:\/\/desireemartinphoto.com\/blog\/wp-content\/uploads\/2011\/02\/DM-Cementerio-Placeres-12-BB-Pass-10-BLOG-04.jpg\" loading=\"lazy\" class=\"alignnone size-full wp-image-744\" src=\"http:\/\/desireemartinphoto.com\/blog\/wp-content\/uploads\/2011\/02\/DM-Cementerio-Placeres-12-BB-Pass-10-BLOG-04.jpg\" alt=\"\" width=\"550\" height=\"367\" srcset=\"http:\/\/desireemartinphoto.com\/blog\/wp-content\/uploads\/2011\/02\/DM-Cementerio-Placeres-12-BB-Pass-10-BLOG-04.jpg 550w, http:\/\/desireemartinphoto.com\/blog\/wp-content\/uploads\/2011\/02\/DM-Cementerio-Placeres-12-BB-Pass-10-BLOG-04-300x200.jpg 300w\" sizes=\"(max-width: 550px) 100vw, 550px\" \/><\/p>\n<p><img data-attachment-id=\"745\" data-permalink=\"http:\/\/desireemartinphoto.com\/blog\/una-tarde-cabeza-inquieta-y-cementerio-de-los-placeres-lisboa\/dm-cementerio-placeres-35-bb-pas-15-blog-05\/\" data-orig-file=\"http:\/\/desireemartinphoto.com\/blog\/wp-content\/uploads\/2011\/02\/DM-Cementerio-Placeres-35-BB-Pas-15-BLOG-05.jpg\" data-orig-size=\"550,380\" data-comments-opened=\"1\" data-image-meta=\"{&quot;aperture&quot;:&quot;1.8&quot;,&quot;credit&quot;:&quot;&quot;,&quot;camera&quot;:&quot;Canon EOS 5D Mark II&quot;,&quot;caption&quot;:&quot;&quot;,&quot;created_timestamp&quot;:&quot;1297091823&quot;,&quot;copyright&quot;:&quot;&quot;,&quot;focal_length&quot;:&quot;85&quot;,&quot;iso&quot;:&quot;400&quot;,&quot;shutter_speed&quot;:&quot;0.000625&quot;,&quot;title&quot;:&quot;&quot;}\" data-image-title=\"DM-Cementerio-Placeres-35-BB-Pas-15-BLOG-05\" data-image-description=\"\" data-medium-file=\"http:\/\/desireemartinphoto.com\/blog\/wp-content\/uploads\/2011\/02\/DM-Cementerio-Placeres-35-BB-Pas-15-BLOG-05-300x207.jpg\" data-large-file=\"http:\/\/desireemartinphoto.com\/blog\/wp-content\/uploads\/2011\/02\/DM-Cementerio-Placeres-35-BB-Pas-15-BLOG-05.jpg\" loading=\"lazy\" class=\"alignnone size-full wp-image-745\" src=\"http:\/\/desireemartinphoto.com\/blog\/wp-content\/uploads\/2011\/02\/DM-Cementerio-Placeres-35-BB-Pas-15-BLOG-05.jpg\" alt=\"\" width=\"550\" height=\"380\" srcset=\"http:\/\/desireemartinphoto.com\/blog\/wp-content\/uploads\/2011\/02\/DM-Cementerio-Placeres-35-BB-Pas-15-BLOG-05.jpg 550w, http:\/\/desireemartinphoto.com\/blog\/wp-content\/uploads\/2011\/02\/DM-Cementerio-Placeres-35-BB-Pas-15-BLOG-05-300x207.jpg 300w\" sizes=\"(max-width: 550px) 100vw, 550px\" \/><\/p>\n<p><img data-attachment-id=\"746\" data-permalink=\"http:\/\/desireemartinphoto.com\/blog\/una-tarde-cabeza-inquieta-y-cementerio-de-los-placeres-lisboa\/dm-cementerio-placeres-29-bb-pass-08-blog-06\/\" data-orig-file=\"http:\/\/desireemartinphoto.com\/blog\/wp-content\/uploads\/2011\/02\/DM-Cementerio-Placeres-29-BB-Pass-08-BLOG-06.jpg\" data-orig-size=\"550,367\" data-comments-opened=\"1\" data-image-meta=\"{&quot;aperture&quot;:&quot;7.1&quot;,&quot;credit&quot;:&quot;&quot;,&quot;camera&quot;:&quot;Canon EOS 5D Mark II&quot;,&quot;caption&quot;:&quot;&quot;,&quot;created_timestamp&quot;:&quot;1297091016&quot;,&quot;copyright&quot;:&quot;&quot;,&quot;focal_length&quot;:&quot;16&quot;,&quot;iso&quot;:&quot;100&quot;,&quot;shutter_speed&quot;:&quot;0.004&quot;,&quot;title&quot;:&quot;&quot;}\" data-image-title=\"DM-Cementerio-Placeres-29-BB-Pass-08-BLOG-06\" data-image-description=\"\" data-medium-file=\"http:\/\/desireemartinphoto.com\/blog\/wp-content\/uploads\/2011\/02\/DM-Cementerio-Placeres-29-BB-Pass-08-BLOG-06-300x200.jpg\" data-large-file=\"http:\/\/desireemartinphoto.com\/blog\/wp-content\/uploads\/2011\/02\/DM-Cementerio-Placeres-29-BB-Pass-08-BLOG-06.jpg\" loading=\"lazy\" class=\"alignnone size-full wp-image-746\" src=\"http:\/\/desireemartinphoto.com\/blog\/wp-content\/uploads\/2011\/02\/DM-Cementerio-Placeres-29-BB-Pass-08-BLOG-06.jpg\" alt=\"\" width=\"550\" height=\"367\" srcset=\"http:\/\/desireemartinphoto.com\/blog\/wp-content\/uploads\/2011\/02\/DM-Cementerio-Placeres-29-BB-Pass-08-BLOG-06.jpg 550w, http:\/\/desireemartinphoto.com\/blog\/wp-content\/uploads\/2011\/02\/DM-Cementerio-Placeres-29-BB-Pass-08-BLOG-06-300x200.jpg 300w\" sizes=\"(max-width: 550px) 100vw, 550px\" \/><\/p>\n<p><img data-attachment-id=\"748\" data-permalink=\"http:\/\/desireemartinphoto.com\/blog\/una-tarde-cabeza-inquieta-y-cementerio-de-los-placeres-lisboa\/dm-cementerio-placeres-94-bb-pass-32-blog-07-2\/\" data-orig-file=\"http:\/\/desireemartinphoto.com\/blog\/wp-content\/uploads\/2011\/02\/DM-Cementerio-Placeres-94-BB-Pass-32-BLOG-071.jpg\" data-orig-size=\"550,543\" data-comments-opened=\"1\" data-image-meta=\"{&quot;aperture&quot;:&quot;9&quot;,&quot;credit&quot;:&quot;&quot;,&quot;camera&quot;:&quot;Canon EOS 5D Mark II&quot;,&quot;caption&quot;:&quot;&quot;,&quot;created_timestamp&quot;:&quot;1297092125&quot;,&quot;copyright&quot;:&quot;&quot;,&quot;focal_length&quot;:&quot;16&quot;,&quot;iso&quot;:&quot;400&quot;,&quot;shutter_speed&quot;:&quot;0.00625&quot;,&quot;title&quot;:&quot;&quot;}\" data-image-title=\"DM-Cementerio-Placeres-94-BB-Pass-32-BLOG-071\" data-image-description=\"\" data-medium-file=\"http:\/\/desireemartinphoto.com\/blog\/wp-content\/uploads\/2011\/02\/DM-Cementerio-Placeres-94-BB-Pass-32-BLOG-071-300x296.jpg\" data-large-file=\"http:\/\/desireemartinphoto.com\/blog\/wp-content\/uploads\/2011\/02\/DM-Cementerio-Placeres-94-BB-Pass-32-BLOG-071.jpg\" loading=\"lazy\" class=\"alignnone size-full wp-image-748\" src=\"http:\/\/desireemartinphoto.com\/blog\/wp-content\/uploads\/2011\/02\/DM-Cementerio-Placeres-94-BB-Pass-32-BLOG-071.jpg\" alt=\"\" width=\"550\" height=\"543\" srcset=\"http:\/\/desireemartinphoto.com\/blog\/wp-content\/uploads\/2011\/02\/DM-Cementerio-Placeres-94-BB-Pass-32-BLOG-071.jpg 550w, http:\/\/desireemartinphoto.com\/blog\/wp-content\/uploads\/2011\/02\/DM-Cementerio-Placeres-94-BB-Pass-32-BLOG-071-300x296.jpg 300w\" sizes=\"(max-width: 550px) 100vw, 550px\" \/><\/p>\n<p><img data-attachment-id=\"749\" data-permalink=\"http:\/\/desireemartinphoto.com\/blog\/una-tarde-cabeza-inquieta-y-cementerio-de-los-placeres-lisboa\/dm-cementerio-placeres-9-bb-pass-11-blog-09\/\" data-orig-file=\"http:\/\/desireemartinphoto.com\/blog\/wp-content\/uploads\/2011\/02\/DM-Cementerio-Placeres-9-BB-Pass-11-BLOG-09.jpg\" data-orig-size=\"550,367\" data-comments-opened=\"1\" data-image-meta=\"{&quot;aperture&quot;:&quot;5.6&quot;,&quot;credit&quot;:&quot;&quot;,&quot;camera&quot;:&quot;Canon EOS 5D Mark II&quot;,&quot;caption&quot;:&quot;&quot;,&quot;created_timestamp&quot;:&quot;1297088199&quot;,&quot;copyright&quot;:&quot;&quot;,&quot;focal_length&quot;:&quot;16&quot;,&quot;iso&quot;:&quot;400&quot;,&quot;shutter_speed&quot;:&quot;0.0015625&quot;,&quot;title&quot;:&quot;&quot;}\" data-image-title=\"DM-Cementerio-Placeres-9-BB-Pass-11-BLOG-09\" data-image-description=\"\" data-medium-file=\"http:\/\/desireemartinphoto.com\/blog\/wp-content\/uploads\/2011\/02\/DM-Cementerio-Placeres-9-BB-Pass-11-BLOG-09-300x200.jpg\" data-large-file=\"http:\/\/desireemartinphoto.com\/blog\/wp-content\/uploads\/2011\/02\/DM-Cementerio-Placeres-9-BB-Pass-11-BLOG-09.jpg\" loading=\"lazy\" class=\"alignnone size-full wp-image-749\" src=\"http:\/\/desireemartinphoto.com\/blog\/wp-content\/uploads\/2011\/02\/DM-Cementerio-Placeres-9-BB-Pass-11-BLOG-09.jpg\" alt=\"\" width=\"550\" height=\"367\" srcset=\"http:\/\/desireemartinphoto.com\/blog\/wp-content\/uploads\/2011\/02\/DM-Cementerio-Placeres-9-BB-Pass-11-BLOG-09.jpg 550w, http:\/\/desireemartinphoto.com\/blog\/wp-content\/uploads\/2011\/02\/DM-Cementerio-Placeres-9-BB-Pass-11-BLOG-09-300x200.jpg 300w\" sizes=\"(max-width: 550px) 100vw, 550px\" \/><\/p>\n<p><img data-attachment-id=\"750\" data-permalink=\"http:\/\/desireemartinphoto.com\/blog\/una-tarde-cabeza-inquieta-y-cementerio-de-los-placeres-lisboa\/dm-cementerio-placeres-36-bb-pass-14-blog-10\/\" data-orig-file=\"http:\/\/desireemartinphoto.com\/blog\/wp-content\/uploads\/2011\/02\/DM-Cementerio-Placeres-36-BB-Pass-14-BLOG-10.jpg\" data-orig-size=\"550,353\" data-comments-opened=\"1\" data-image-meta=\"{&quot;aperture&quot;:&quot;4.5&quot;,&quot;credit&quot;:&quot;&quot;,&quot;camera&quot;:&quot;Canon EOS 5D Mark II&quot;,&quot;caption&quot;:&quot;&quot;,&quot;created_timestamp&quot;:&quot;1297091857&quot;,&quot;copyright&quot;:&quot;&quot;,&quot;focal_length&quot;:&quot;85&quot;,&quot;iso&quot;:&quot;400&quot;,&quot;shutter_speed&quot;:&quot;0.0025&quot;,&quot;title&quot;:&quot;&quot;}\" data-image-title=\"DM-Cementerio-Placeres-36-BB-Pass-14-BLOG-10\" data-image-description=\"\" data-medium-file=\"http:\/\/desireemartinphoto.com\/blog\/wp-content\/uploads\/2011\/02\/DM-Cementerio-Placeres-36-BB-Pass-14-BLOG-10-300x192.jpg\" data-large-file=\"http:\/\/desireemartinphoto.com\/blog\/wp-content\/uploads\/2011\/02\/DM-Cementerio-Placeres-36-BB-Pass-14-BLOG-10.jpg\" loading=\"lazy\" class=\"alignnone size-full wp-image-750\" src=\"http:\/\/desireemartinphoto.com\/blog\/wp-content\/uploads\/2011\/02\/DM-Cementerio-Placeres-36-BB-Pass-14-BLOG-10.jpg\" alt=\"\" width=\"550\" height=\"353\" srcset=\"http:\/\/desireemartinphoto.com\/blog\/wp-content\/uploads\/2011\/02\/DM-Cementerio-Placeres-36-BB-Pass-14-BLOG-10.jpg 550w, http:\/\/desireemartinphoto.com\/blog\/wp-content\/uploads\/2011\/02\/DM-Cementerio-Placeres-36-BB-Pass-14-BLOG-10-300x192.jpg 300w\" sizes=\"(max-width: 550px) 100vw, 550px\" \/><\/p>\n<p><img data-attachment-id=\"751\" data-permalink=\"http:\/\/desireemartinphoto.com\/blog\/una-tarde-cabeza-inquieta-y-cementerio-de-los-placeres-lisboa\/dm-cementerio-placeres-41-bb-pass-39-blog-11\/\" data-orig-file=\"http:\/\/desireemartinphoto.com\/blog\/wp-content\/uploads\/2011\/02\/DM-Cementerio-Placeres-41-BB-Pass-39-BLOG-11.jpg\" data-orig-size=\"550,367\" data-comments-opened=\"1\" data-image-meta=\"{&quot;aperture&quot;:&quot;5.6&quot;,&quot;credit&quot;:&quot;&quot;,&quot;camera&quot;:&quot;Canon EOS 5D Mark II&quot;,&quot;caption&quot;:&quot;&quot;,&quot;created_timestamp&quot;:&quot;1297092184&quot;,&quot;copyright&quot;:&quot;&quot;,&quot;focal_length&quot;:&quot;16&quot;,&quot;iso&quot;:&quot;400&quot;,&quot;shutter_speed&quot;:&quot;0.0005&quot;,&quot;title&quot;:&quot;&quot;}\" data-image-title=\"DM-Cementerio-Placeres-41-BB-Pass-39-BLOG-11\" data-image-description=\"\" data-medium-file=\"http:\/\/desireemartinphoto.com\/blog\/wp-content\/uploads\/2011\/02\/DM-Cementerio-Placeres-41-BB-Pass-39-BLOG-11-300x200.jpg\" data-large-file=\"http:\/\/desireemartinphoto.com\/blog\/wp-content\/uploads\/2011\/02\/DM-Cementerio-Placeres-41-BB-Pass-39-BLOG-11.jpg\" loading=\"lazy\" class=\"alignnone size-full wp-image-751\" src=\"http:\/\/desireemartinphoto.com\/blog\/wp-content\/uploads\/2011\/02\/DM-Cementerio-Placeres-41-BB-Pass-39-BLOG-11.jpg\" alt=\"\" width=\"550\" height=\"367\" srcset=\"http:\/\/desireemartinphoto.com\/blog\/wp-content\/uploads\/2011\/02\/DM-Cementerio-Placeres-41-BB-Pass-39-BLOG-11.jpg 550w, http:\/\/desireemartinphoto.com\/blog\/wp-content\/uploads\/2011\/02\/DM-Cementerio-Placeres-41-BB-Pass-39-BLOG-11-300x200.jpg 300w\" sizes=\"(max-width: 550px) 100vw, 550px\" \/><\/p>\n<p><img data-attachment-id=\"752\" data-permalink=\"http:\/\/desireemartinphoto.com\/blog\/una-tarde-cabeza-inquieta-y-cementerio-de-los-placeres-lisboa\/dm-cementerio-placeres-57-bb-pass-25-blog-12\/\" data-orig-file=\"http:\/\/desireemartinphoto.com\/blog\/wp-content\/uploads\/2011\/02\/DM-Cementerio-Placeres-57-BB-Pass-25-BLOG-12.jpg\" data-orig-size=\"550,367\" data-comments-opened=\"1\" data-image-meta=\"{&quot;aperture&quot;:&quot;10&quot;,&quot;credit&quot;:&quot;&quot;,&quot;camera&quot;:&quot;Canon EOS 5D Mark II&quot;,&quot;caption&quot;:&quot;&quot;,&quot;created_timestamp&quot;:&quot;1297094570&quot;,&quot;copyright&quot;:&quot;&quot;,&quot;focal_length&quot;:&quot;85&quot;,&quot;iso&quot;:&quot;400&quot;,&quot;shutter_speed&quot;:&quot;0.002&quot;,&quot;title&quot;:&quot;&quot;}\" data-image-title=\"DM-Cementerio-Placeres-57-BB-Pass-25-BLOG-12\" data-image-description=\"\" data-medium-file=\"http:\/\/desireemartinphoto.com\/blog\/wp-content\/uploads\/2011\/02\/DM-Cementerio-Placeres-57-BB-Pass-25-BLOG-12-300x200.jpg\" data-large-file=\"http:\/\/desireemartinphoto.com\/blog\/wp-content\/uploads\/2011\/02\/DM-Cementerio-Placeres-57-BB-Pass-25-BLOG-12.jpg\" loading=\"lazy\" class=\"alignnone size-full wp-image-752\" src=\"http:\/\/desireemartinphoto.com\/blog\/wp-content\/uploads\/2011\/02\/DM-Cementerio-Placeres-57-BB-Pass-25-BLOG-12.jpg\" alt=\"\" width=\"550\" height=\"367\" srcset=\"http:\/\/desireemartinphoto.com\/blog\/wp-content\/uploads\/2011\/02\/DM-Cementerio-Placeres-57-BB-Pass-25-BLOG-12.jpg 550w, http:\/\/desireemartinphoto.com\/blog\/wp-content\/uploads\/2011\/02\/DM-Cementerio-Placeres-57-BB-Pass-25-BLOG-12-300x200.jpg 300w\" sizes=\"(max-width: 550px) 100vw, 550px\" \/><\/p>\n<p><img data-attachment-id=\"754\" data-permalink=\"http:\/\/desireemartinphoto.com\/blog\/una-tarde-cabeza-inquieta-y-cementerio-de-los-placeres-lisboa\/dm-cementerio-placeres-37-bb-pass-12-blog-13\/\" data-orig-file=\"http:\/\/desireemartinphoto.com\/blog\/wp-content\/uploads\/2011\/02\/DM-Cementerio-Placeres-37-BB-Pass-12-BLOG-13.jpg\" data-orig-size=\"550,399\" data-comments-opened=\"1\" data-image-meta=\"{&quot;aperture&quot;:&quot;10&quot;,&quot;credit&quot;:&quot;&quot;,&quot;camera&quot;:&quot;Canon EOS 5D Mark II&quot;,&quot;caption&quot;:&quot;&quot;,&quot;created_timestamp&quot;:&quot;1297091953&quot;,&quot;copyright&quot;:&quot;&quot;,&quot;focal_length&quot;:&quot;85&quot;,&quot;iso&quot;:&quot;400&quot;,&quot;shutter_speed&quot;:&quot;0.02&quot;,&quot;title&quot;:&quot;&quot;}\" data-image-title=\"DM-Cementerio-Placeres-37-BB-Pass-12-BLOG-13\" data-image-description=\"\" data-medium-file=\"http:\/\/desireemartinphoto.com\/blog\/wp-content\/uploads\/2011\/02\/DM-Cementerio-Placeres-37-BB-Pass-12-BLOG-13-300x217.jpg\" data-large-file=\"http:\/\/desireemartinphoto.com\/blog\/wp-content\/uploads\/2011\/02\/DM-Cementerio-Placeres-37-BB-Pass-12-BLOG-13.jpg\" loading=\"lazy\" class=\"alignnone size-full wp-image-754\" src=\"http:\/\/desireemartinphoto.com\/blog\/wp-content\/uploads\/2011\/02\/DM-Cementerio-Placeres-37-BB-Pass-12-BLOG-13.jpg\" alt=\"\" width=\"550\" height=\"399\" srcset=\"http:\/\/desireemartinphoto.com\/blog\/wp-content\/uploads\/2011\/02\/DM-Cementerio-Placeres-37-BB-Pass-12-BLOG-13.jpg 550w, http:\/\/desireemartinphoto.com\/blog\/wp-content\/uploads\/2011\/02\/DM-Cementerio-Placeres-37-BB-Pass-12-BLOG-13-300x217.jpg 300w\" sizes=\"(max-width: 550px) 100vw, 550px\" \/><\/p>\n<p><img data-attachment-id=\"755\" data-permalink=\"http:\/\/desireemartinphoto.com\/blog\/una-tarde-cabeza-inquieta-y-cementerio-de-los-placeres-lisboa\/dm-cementerio-placeres-54-bb-pass-23-blog-14\/\" data-orig-file=\"http:\/\/desireemartinphoto.com\/blog\/wp-content\/uploads\/2011\/02\/DM-Cementerio-Placeres-54-BB-Pass-23-BLOG-14.jpg\" data-orig-size=\"367,550\" data-comments-opened=\"1\" data-image-meta=\"{&quot;aperture&quot;:&quot;5.6&quot;,&quot;credit&quot;:&quot;&quot;,&quot;camera&quot;:&quot;Canon EOS 5D Mark II&quot;,&quot;caption&quot;:&quot;&quot;,&quot;created_timestamp&quot;:&quot;1297094428&quot;,&quot;copyright&quot;:&quot;&quot;,&quot;focal_length&quot;:&quot;16&quot;,&quot;iso&quot;:&quot;400&quot;,&quot;shutter_speed&quot;:&quot;0.001&quot;,&quot;title&quot;:&quot;&quot;}\" data-image-title=\"DM-Cementerio-Placeres-54-BB-Pass-23-BLOG-14\" data-image-description=\"\" data-medium-file=\"http:\/\/desireemartinphoto.com\/blog\/wp-content\/uploads\/2011\/02\/DM-Cementerio-Placeres-54-BB-Pass-23-BLOG-14-200x300.jpg\" data-large-file=\"http:\/\/desireemartinphoto.com\/blog\/wp-content\/uploads\/2011\/02\/DM-Cementerio-Placeres-54-BB-Pass-23-BLOG-14.jpg\" loading=\"lazy\" class=\"alignnone size-full wp-image-755\" src=\"http:\/\/desireemartinphoto.com\/blog\/wp-content\/uploads\/2011\/02\/DM-Cementerio-Placeres-54-BB-Pass-23-BLOG-14.jpg\" alt=\"\" width=\"367\" height=\"550\" srcset=\"http:\/\/desireemartinphoto.com\/blog\/wp-content\/uploads\/2011\/02\/DM-Cementerio-Placeres-54-BB-Pass-23-BLOG-14.jpg 367w, http:\/\/desireemartinphoto.com\/blog\/wp-content\/uploads\/2011\/02\/DM-Cementerio-Placeres-54-BB-Pass-23-BLOG-14-200x300.jpg 200w\" sizes=\"(max-width: 367px) 100vw, 367px\" \/><\/p>\n<p><img data-attachment-id=\"756\" data-permalink=\"http:\/\/desireemartinphoto.com\/blog\/una-tarde-cabeza-inquieta-y-cementerio-de-los-placeres-lisboa\/dm-cementerio-placeres-63-bb-pass-26-blog-15\/\" data-orig-file=\"http:\/\/desireemartinphoto.com\/blog\/wp-content\/uploads\/2011\/02\/DM-Cementerio-Placeres-63-BB-Pass-26-BLOG-15.jpg\" data-orig-size=\"550,367\" data-comments-opened=\"1\" data-image-meta=\"{&quot;aperture&quot;:&quot;7.1&quot;,&quot;credit&quot;:&quot;&quot;,&quot;camera&quot;:&quot;Canon EOS 5D Mark II&quot;,&quot;caption&quot;:&quot;&quot;,&quot;created_timestamp&quot;:&quot;1297095243&quot;,&quot;copyright&quot;:&quot;&quot;,&quot;focal_length&quot;:&quot;16&quot;,&quot;iso&quot;:&quot;400&quot;,&quot;shutter_speed&quot;:&quot;0.0008&quot;,&quot;title&quot;:&quot;&quot;}\" data-image-title=\"DM-Cementerio-Placeres-63-BB-Pass-26-BLOG-15\" data-image-description=\"\" data-medium-file=\"http:\/\/desireemartinphoto.com\/blog\/wp-content\/uploads\/2011\/02\/DM-Cementerio-Placeres-63-BB-Pass-26-BLOG-15-300x200.jpg\" data-large-file=\"http:\/\/desireemartinphoto.com\/blog\/wp-content\/uploads\/2011\/02\/DM-Cementerio-Placeres-63-BB-Pass-26-BLOG-15.jpg\" loading=\"lazy\" class=\"alignnone size-full wp-image-756\" src=\"http:\/\/desireemartinphoto.com\/blog\/wp-content\/uploads\/2011\/02\/DM-Cementerio-Placeres-63-BB-Pass-26-BLOG-15.jpg\" alt=\"\" width=\"550\" height=\"367\" srcset=\"http:\/\/desireemartinphoto.com\/blog\/wp-content\/uploads\/2011\/02\/DM-Cementerio-Placeres-63-BB-Pass-26-BLOG-15.jpg 550w, http:\/\/desireemartinphoto.com\/blog\/wp-content\/uploads\/2011\/02\/DM-Cementerio-Placeres-63-BB-Pass-26-BLOG-15-300x200.jpg 300w\" sizes=\"(max-width: 550px) 100vw, 550px\" \/><\/p>\n<p><img data-attachment-id=\"757\" data-permalink=\"http:\/\/desireemartinphoto.com\/blog\/una-tarde-cabeza-inquieta-y-cementerio-de-los-placeres-lisboa\/dm-cementerio-placeres-32-bb-pass-13-blog-16\/\" data-orig-file=\"http:\/\/desireemartinphoto.com\/blog\/wp-content\/uploads\/2011\/02\/DM-Cementerio-Placeres-32-BB-Pass-13-BLOG-16.jpg\" data-orig-size=\"367,550\" data-comments-opened=\"1\" data-image-meta=\"{&quot;aperture&quot;:&quot;2.8&quot;,&quot;credit&quot;:&quot;&quot;,&quot;camera&quot;:&quot;Canon EOS 5D Mark II&quot;,&quot;caption&quot;:&quot;&quot;,&quot;created_timestamp&quot;:&quot;1297091394&quot;,&quot;copyright&quot;:&quot;&quot;,&quot;focal_length&quot;:&quot;29&quot;,&quot;iso&quot;:&quot;400&quot;,&quot;shutter_speed&quot;:&quot;0.000625&quot;,&quot;title&quot;:&quot;&quot;}\" data-image-title=\"DM-Cementerio-Placeres-32-BB-Pass-13-BLOG-16\" data-image-description=\"\" data-medium-file=\"http:\/\/desireemartinphoto.com\/blog\/wp-content\/uploads\/2011\/02\/DM-Cementerio-Placeres-32-BB-Pass-13-BLOG-16-200x300.jpg\" data-large-file=\"http:\/\/desireemartinphoto.com\/blog\/wp-content\/uploads\/2011\/02\/DM-Cementerio-Placeres-32-BB-Pass-13-BLOG-16.jpg\" loading=\"lazy\" class=\"alignnone size-full wp-image-757\" src=\"http:\/\/desireemartinphoto.com\/blog\/wp-content\/uploads\/2011\/02\/DM-Cementerio-Placeres-32-BB-Pass-13-BLOG-16.jpg\" alt=\"\" width=\"367\" height=\"550\" srcset=\"http:\/\/desireemartinphoto.com\/blog\/wp-content\/uploads\/2011\/02\/DM-Cementerio-Placeres-32-BB-Pass-13-BLOG-16.jpg 367w, http:\/\/desireemartinphoto.com\/blog\/wp-content\/uploads\/2011\/02\/DM-Cementerio-Placeres-32-BB-Pass-13-BLOG-16-200x300.jpg 200w\" sizes=\"(max-width: 367px) 100vw, 367px\" \/><\/p>\n<p><img data-attachment-id=\"758\" data-permalink=\"http:\/\/desireemartinphoto.com\/blog\/una-tarde-cabeza-inquieta-y-cementerio-de-los-placeres-lisboa\/dm-cementerio-placeres-77-bb-pass-30-blog-17\/\" data-orig-file=\"http:\/\/desireemartinphoto.com\/blog\/wp-content\/uploads\/2011\/02\/DM-Cementerio-Placeres-77-BB-Pass-30-BLOG-17.jpg\" data-orig-size=\"550,367\" data-comments-opened=\"1\" data-image-meta=\"{&quot;aperture&quot;:&quot;7.1&quot;,&quot;credit&quot;:&quot;&quot;,&quot;camera&quot;:&quot;Canon EOS 5D Mark II&quot;,&quot;caption&quot;:&quot;&quot;,&quot;created_timestamp&quot;:&quot;1297095611&quot;,&quot;copyright&quot;:&quot;&quot;,&quot;focal_length&quot;:&quot;16&quot;,&quot;iso&quot;:&quot;400&quot;,&quot;shutter_speed&quot;:&quot;0.0008&quot;,&quot;title&quot;:&quot;&quot;}\" data-image-title=\"DM-Cementerio-Placeres-77-BB-Pass-30-BLOG-17\" data-image-description=\"\" data-medium-file=\"http:\/\/desireemartinphoto.com\/blog\/wp-content\/uploads\/2011\/02\/DM-Cementerio-Placeres-77-BB-Pass-30-BLOG-17-300x200.jpg\" data-large-file=\"http:\/\/desireemartinphoto.com\/blog\/wp-content\/uploads\/2011\/02\/DM-Cementerio-Placeres-77-BB-Pass-30-BLOG-17.jpg\" loading=\"lazy\" class=\"alignnone size-full wp-image-758\" src=\"http:\/\/desireemartinphoto.com\/blog\/wp-content\/uploads\/2011\/02\/DM-Cementerio-Placeres-77-BB-Pass-30-BLOG-17.jpg\" alt=\"\" width=\"550\" height=\"367\" srcset=\"http:\/\/desireemartinphoto.com\/blog\/wp-content\/uploads\/2011\/02\/DM-Cementerio-Placeres-77-BB-Pass-30-BLOG-17.jpg 550w, http:\/\/desireemartinphoto.com\/blog\/wp-content\/uploads\/2011\/02\/DM-Cementerio-Placeres-77-BB-Pass-30-BLOG-17-300x200.jpg 300w\" sizes=\"(max-width: 550px) 100vw, 550px\" \/><\/p>\n<p><img data-attachment-id=\"759\" data-permalink=\"http:\/\/desireemartinphoto.com\/blog\/una-tarde-cabeza-inquieta-y-cementerio-de-los-placeres-lisboa\/dm-cementerio-placeres-61-bb-pass-27-blog-18\/\" data-orig-file=\"http:\/\/desireemartinphoto.com\/blog\/wp-content\/uploads\/2011\/02\/DM-Cementerio-Placeres-61-BB-Pass-27-BLOG-18.jpg\" data-orig-size=\"550,367\" data-comments-opened=\"1\" data-image-meta=\"{&quot;aperture&quot;:&quot;6.3&quot;,&quot;credit&quot;:&quot;&quot;,&quot;camera&quot;:&quot;Canon EOS 5D Mark II&quot;,&quot;caption&quot;:&quot;&quot;,&quot;created_timestamp&quot;:&quot;1297095000&quot;,&quot;copyright&quot;:&quot;&quot;,&quot;focal_length&quot;:&quot;85&quot;,&quot;iso&quot;:&quot;400&quot;,&quot;shutter_speed&quot;:&quot;0.00125&quot;,&quot;title&quot;:&quot;&quot;}\" data-image-title=\"DM-Cementerio-Placeres-61-BB-Pass-27-BLOG-18\" data-image-description=\"\" data-medium-file=\"http:\/\/desireemartinphoto.com\/blog\/wp-content\/uploads\/2011\/02\/DM-Cementerio-Placeres-61-BB-Pass-27-BLOG-18-300x200.jpg\" data-large-file=\"http:\/\/desireemartinphoto.com\/blog\/wp-content\/uploads\/2011\/02\/DM-Cementerio-Placeres-61-BB-Pass-27-BLOG-18.jpg\" loading=\"lazy\" class=\"alignnone size-full wp-image-759\" src=\"http:\/\/desireemartinphoto.com\/blog\/wp-content\/uploads\/2011\/02\/DM-Cementerio-Placeres-61-BB-Pass-27-BLOG-18.jpg\" alt=\"\" width=\"550\" height=\"367\" srcset=\"http:\/\/desireemartinphoto.com\/blog\/wp-content\/uploads\/2011\/02\/DM-Cementerio-Placeres-61-BB-Pass-27-BLOG-18.jpg 550w, http:\/\/desireemartinphoto.com\/blog\/wp-content\/uploads\/2011\/02\/DM-Cementerio-Placeres-61-BB-Pass-27-BLOG-18-300x200.jpg 300w\" sizes=\"(max-width: 550px) 100vw, 550px\" \/><\/p>\n<p><img data-attachment-id=\"760\" data-permalink=\"http:\/\/desireemartinphoto.com\/blog\/una-tarde-cabeza-inquieta-y-cementerio-de-los-placeres-lisboa\/dm-cementerio-placeres-43-blog-08-copy-bb-pass-20\/\" data-orig-file=\"http:\/\/desireemartinphoto.com\/blog\/wp-content\/uploads\/2011\/02\/DM-Cementerio-Placeres-43-BLOG-08-copy-BB-Pass-20.jpg\" data-orig-size=\"550,367\" data-comments-opened=\"1\" data-image-meta=\"{&quot;aperture&quot;:&quot;11&quot;,&quot;credit&quot;:&quot;&quot;,&quot;camera&quot;:&quot;Canon EOS 5D Mark II&quot;,&quot;caption&quot;:&quot;&quot;,&quot;created_timestamp&quot;:&quot;1297092303&quot;,&quot;copyright&quot;:&quot;&quot;,&quot;focal_length&quot;:&quot;85&quot;,&quot;iso&quot;:&quot;400&quot;,&quot;shutter_speed&quot;:&quot;0.0025&quot;,&quot;title&quot;:&quot;&quot;}\" data-image-title=\"DM-Cementerio-Placeres-43-BLOG-08-copy-BB-Pass-20\" data-image-description=\"\" data-medium-file=\"http:\/\/desireemartinphoto.com\/blog\/wp-content\/uploads\/2011\/02\/DM-Cementerio-Placeres-43-BLOG-08-copy-BB-Pass-20-300x200.jpg\" data-large-file=\"http:\/\/desireemartinphoto.com\/blog\/wp-content\/uploads\/2011\/02\/DM-Cementerio-Placeres-43-BLOG-08-copy-BB-Pass-20.jpg\" loading=\"lazy\" class=\"alignnone size-full wp-image-760\" src=\"http:\/\/desireemartinphoto.com\/blog\/wp-content\/uploads\/2011\/02\/DM-Cementerio-Placeres-43-BLOG-08-copy-BB-Pass-20.jpg\" alt=\"\" width=\"550\" height=\"367\" srcset=\"http:\/\/desireemartinphoto.com\/blog\/wp-content\/uploads\/2011\/02\/DM-Cementerio-Placeres-43-BLOG-08-copy-BB-Pass-20.jpg 550w, http:\/\/desireemartinphoto.com\/blog\/wp-content\/uploads\/2011\/02\/DM-Cementerio-Placeres-43-BLOG-08-copy-BB-Pass-20-300x200.jpg 300w\" sizes=\"(max-width: 550px) 100vw, 550px\" \/><\/p>\n<p><img data-attachment-id=\"761\" data-permalink=\"http:\/\/desireemartinphoto.com\/blog\/una-tarde-cabeza-inquieta-y-cementerio-de-los-placeres-lisboa\/dm-cementerio-placeres-25-bb-pass-04-blog-21\/\" data-orig-file=\"http:\/\/desireemartinphoto.com\/blog\/wp-content\/uploads\/2011\/02\/DM-Cementerio-Placeres-25-BB-Pass-04-BLOG-21.jpg\" data-orig-size=\"550,322\" data-comments-opened=\"1\" data-image-meta=\"{&quot;aperture&quot;:&quot;1.8&quot;,&quot;credit&quot;:&quot;&quot;,&quot;camera&quot;:&quot;Canon EOS 5D Mark II&quot;,&quot;caption&quot;:&quot;&quot;,&quot;created_timestamp&quot;:&quot;1297090341&quot;,&quot;copyright&quot;:&quot;&quot;,&quot;focal_length&quot;:&quot;85&quot;,&quot;iso&quot;:&quot;100&quot;,&quot;shutter_speed&quot;:&quot;0.00025&quot;,&quot;title&quot;:&quot;&quot;}\" data-image-title=\"DM-Cementerio-Placeres-25-BB-Pass-04-BLOG-21\" data-image-description=\"\" data-medium-file=\"http:\/\/desireemartinphoto.com\/blog\/wp-content\/uploads\/2011\/02\/DM-Cementerio-Placeres-25-BB-Pass-04-BLOG-21-300x175.jpg\" data-large-file=\"http:\/\/desireemartinphoto.com\/blog\/wp-content\/uploads\/2011\/02\/DM-Cementerio-Placeres-25-BB-Pass-04-BLOG-21.jpg\" loading=\"lazy\" class=\"alignnone size-full wp-image-761\" src=\"http:\/\/desireemartinphoto.com\/blog\/wp-content\/uploads\/2011\/02\/DM-Cementerio-Placeres-25-BB-Pass-04-BLOG-21.jpg\" alt=\"\" width=\"550\" height=\"322\" srcset=\"http:\/\/desireemartinphoto.com\/blog\/wp-content\/uploads\/2011\/02\/DM-Cementerio-Placeres-25-BB-Pass-04-BLOG-21.jpg 550w, http:\/\/desireemartinphoto.com\/blog\/wp-content\/uploads\/2011\/02\/DM-Cementerio-Placeres-25-BB-Pass-04-BLOG-21-300x175.jpg 300w\" sizes=\"(max-width: 550px) 100vw, 550px\" \/><\/p>\n<p><img data-attachment-id=\"762\" data-permalink=\"http:\/\/desireemartinphoto.com\/blog\/una-tarde-cabeza-inquieta-y-cementerio-de-los-placeres-lisboa\/dm-cementerio-placeres-79-bb-pass-29-blog-22\/\" data-orig-file=\"http:\/\/desireemartinphoto.com\/blog\/wp-content\/uploads\/2011\/02\/DM-Cementerio-Placeres-79-BB-Pass-29-BLOG-22.jpg\" data-orig-size=\"550,367\" data-comments-opened=\"1\" data-image-meta=\"{&quot;aperture&quot;:&quot;7.1&quot;,&quot;credit&quot;:&quot;&quot;,&quot;camera&quot;:&quot;Canon EOS 5D Mark II&quot;,&quot;caption&quot;:&quot;&quot;,&quot;created_timestamp&quot;:&quot;1297095883&quot;,&quot;copyright&quot;:&quot;&quot;,&quot;focal_length&quot;:&quot;16&quot;,&quot;iso&quot;:&quot;400&quot;,&quot;shutter_speed&quot;:&quot;0.0003125&quot;,&quot;title&quot;:&quot;&quot;}\" data-image-title=\"DM-Cementerio-Placeres-79-BB-Pass-29-BLOG-22\" data-image-description=\"\" data-medium-file=\"http:\/\/desireemartinphoto.com\/blog\/wp-content\/uploads\/2011\/02\/DM-Cementerio-Placeres-79-BB-Pass-29-BLOG-22-300x200.jpg\" data-large-file=\"http:\/\/desireemartinphoto.com\/blog\/wp-content\/uploads\/2011\/02\/DM-Cementerio-Placeres-79-BB-Pass-29-BLOG-22.jpg\" loading=\"lazy\" class=\"alignnone size-full wp-image-762\" src=\"http:\/\/desireemartinphoto.com\/blog\/wp-content\/uploads\/2011\/02\/DM-Cementerio-Placeres-79-BB-Pass-29-BLOG-22.jpg\" alt=\"\" width=\"550\" height=\"367\" srcset=\"http:\/\/desireemartinphoto.com\/blog\/wp-content\/uploads\/2011\/02\/DM-Cementerio-Placeres-79-BB-Pass-29-BLOG-22.jpg 550w, http:\/\/desireemartinphoto.com\/blog\/wp-content\/uploads\/2011\/02\/DM-Cementerio-Placeres-79-BB-Pass-29-BLOG-22-300x200.jpg 300w\" sizes=\"(max-width: 550px) 100vw, 550px\" \/><\/p>\n<p><img data-attachment-id=\"763\" data-permalink=\"http:\/\/desireemartinphoto.com\/blog\/una-tarde-cabeza-inquieta-y-cementerio-de-los-placeres-lisboa\/dm-cementerio-placeres-80-bb-pass-31-blog-23\/\" data-orig-file=\"http:\/\/desireemartinphoto.com\/blog\/wp-content\/uploads\/2011\/02\/DM-Cementerio-Placeres-80-BB-Pass-31-BLOG-23.jpg\" data-orig-size=\"550,367\" data-comments-opened=\"1\" data-image-meta=\"{&quot;aperture&quot;:&quot;8&quot;,&quot;credit&quot;:&quot;&quot;,&quot;camera&quot;:&quot;Canon EOS 5D Mark II&quot;,&quot;caption&quot;:&quot;&quot;,&quot;created_timestamp&quot;:&quot;1297096076&quot;,&quot;copyright&quot;:&quot;&quot;,&quot;focal_length&quot;:&quot;29&quot;,&quot;iso&quot;:&quot;400&quot;,&quot;shutter_speed&quot;:&quot;0.0008&quot;,&quot;title&quot;:&quot;&quot;}\" data-image-title=\"DM-Cementerio-Placeres-80-BB-Pass-31-BLOG-23\" data-image-description=\"\" data-medium-file=\"http:\/\/desireemartinphoto.com\/blog\/wp-content\/uploads\/2011\/02\/DM-Cementerio-Placeres-80-BB-Pass-31-BLOG-23-300x200.jpg\" data-large-file=\"http:\/\/desireemartinphoto.com\/blog\/wp-content\/uploads\/2011\/02\/DM-Cementerio-Placeres-80-BB-Pass-31-BLOG-23.jpg\" loading=\"lazy\" class=\"alignnone size-full wp-image-763\" src=\"http:\/\/desireemartinphoto.com\/blog\/wp-content\/uploads\/2011\/02\/DM-Cementerio-Placeres-80-BB-Pass-31-BLOG-23.jpg\" alt=\"\" width=\"550\" height=\"367\" srcset=\"http:\/\/desireemartinphoto.com\/blog\/wp-content\/uploads\/2011\/02\/DM-Cementerio-Placeres-80-BB-Pass-31-BLOG-23.jpg 550w, http:\/\/desireemartinphoto.com\/blog\/wp-content\/uploads\/2011\/02\/DM-Cementerio-Placeres-80-BB-Pass-31-BLOG-23-300x200.jpg 300w\" sizes=\"(max-width: 550px) 100vw, 550px\" \/><img data-attachment-id=\"764\" data-permalink=\"http:\/\/desireemartinphoto.com\/blog\/una-tarde-cabeza-inquieta-y-cementerio-de-los-placeres-lisboa\/dm-cementerio-placeres-81-bb-pass-01-blog24\/\" data-orig-file=\"http:\/\/desireemartinphoto.com\/blog\/wp-content\/uploads\/2011\/02\/DM-Cementerio-Placeres-81-BB-pass-01-BLOG24.jpg\" data-orig-size=\"550,481\" data-comments-opened=\"1\" data-image-meta=\"{&quot;aperture&quot;:&quot;6.3&quot;,&quot;credit&quot;:&quot;&quot;,&quot;camera&quot;:&quot;Canon EOS 5D Mark II&quot;,&quot;caption&quot;:&quot;&quot;,&quot;created_timestamp&quot;:&quot;1297096753&quot;,&quot;copyright&quot;:&quot;&quot;,&quot;focal_length&quot;:&quot;20&quot;,&quot;iso&quot;:&quot;400&quot;,&quot;shutter_speed&quot;:&quot;0.0015625&quot;,&quot;title&quot;:&quot;&quot;}\" data-image-title=\"DM-Cementerio-Placeres-81-BB-pass-01-BLOG24\" data-image-description=\"\" data-medium-file=\"http:\/\/desireemartinphoto.com\/blog\/wp-content\/uploads\/2011\/02\/DM-Cementerio-Placeres-81-BB-pass-01-BLOG24-300x262.jpg\" data-large-file=\"http:\/\/desireemartinphoto.com\/blog\/wp-content\/uploads\/2011\/02\/DM-Cementerio-Placeres-81-BB-pass-01-BLOG24.jpg\" loading=\"lazy\" class=\"alignnone size-full wp-image-764\" src=\"http:\/\/desireemartinphoto.com\/blog\/wp-content\/uploads\/2011\/02\/DM-Cementerio-Placeres-81-BB-pass-01-BLOG24.jpg\" alt=\"\" width=\"550\" height=\"481\" srcset=\"http:\/\/desireemartinphoto.com\/blog\/wp-content\/uploads\/2011\/02\/DM-Cementerio-Placeres-81-BB-pass-01-BLOG24.jpg 550w, http:\/\/desireemartinphoto.com\/blog\/wp-content\/uploads\/2011\/02\/DM-Cementerio-Placeres-81-BB-pass-01-BLOG24-300x262.jpg 300w\" sizes=\"(max-width: 550px) 100vw, 550px\" \/><\/p>\n<div class=\"sharedaddy sd-sharing-enabled\"><div class=\"robots-nocontent sd-block sd-social sd-social-icon-text sd-sharing\"><h3 class=\"sd-title\">COMPARTE ESTO:<\/h3><div class=\"sd-content\"><ul><li class=\"share-facebook\"><a rel=\"nofollow noopener noreferrer\" data-shared=\"sharing-facebook-740\" class=\"share-facebook sd-button share-icon\" href=\"http:\/\/desireemartinphoto.com\/blog\/una-tarde-cabeza-inquieta-y-cementerio-de-los-placeres-lisboa\/?share=facebook\" target=\"_blank\" title=\"Haz clic para compartir en Facebook\"><span>Facebook<\/span><\/a><\/li><li class=\"share-twitter\"><a rel=\"nofollow noopener noreferrer\" data-shared=\"sharing-twitter-740\" class=\"share-twitter sd-button share-icon\" href=\"http:\/\/desireemartinphoto.com\/blog\/una-tarde-cabeza-inquieta-y-cementerio-de-los-placeres-lisboa\/?share=twitter\" target=\"_blank\" title=\"Haz clic para compartir en Twitter\"><span>Twitter<\/span><\/a><\/li><li class=\"share-email\"><a rel=\"nofollow noopener noreferrer\" data-shared=\"\" class=\"share-email sd-button share-icon\" href=\"http:\/\/desireemartinphoto.com\/blog\/una-tarde-cabeza-inquieta-y-cementerio-de-los-placeres-lisboa\/?share=email\" target=\"_blank\" title=\"Haz clic para enviar por correo electr\u00f3nico a un amigo\"><span>Correo electr\u00f3nico<\/span><\/a><\/li><li class=\"share-linkedin\"><a rel=\"nofollow noopener noreferrer\" data-shared=\"sharing-linkedin-740\" class=\"share-linkedin sd-button share-icon\" href=\"http:\/\/desireemartinphoto.com\/blog\/una-tarde-cabeza-inquieta-y-cementerio-de-los-placeres-lisboa\/?share=linkedin\" target=\"_blank\" title=\"Haz clic para compartir en LinkedIn\"><span>LinkedIn<\/span><\/a><\/li><li class=\"share-tumblr\"><a rel=\"nofollow noopener noreferrer\" data-shared=\"\" class=\"share-tumblr sd-button share-icon\" href=\"http:\/\/desireemartinphoto.com\/blog\/una-tarde-cabeza-inquieta-y-cementerio-de-los-placeres-lisboa\/?share=tumblr\" target=\"_blank\" title=\"Haz clic para compartir en Tumblr\"><span>Tumblr<\/span><\/a><\/li><li class=\"share-end\"><\/li><\/ul><\/div><\/div><\/div>","protected":false},"excerpt":{"rendered":"<p>Cemint\u00e9rio dos Prazeres, toma su nombre de la quinta que all\u00ed exist\u00eda cuando en 1833, un brote de c\u00f3lera invadi\u00f3 la cuidad de Lisboa y urgi\u00f3 la nececidad de un gran cementerio. Una vez m\u00e1s, y sin a\u00fan saber por qu\u00e9, un cementerio me devolvi\u00f3 la serenidad perdida&#8230; al menos por unas horas. La l\u00ednea [&#038;hellip<\/p>\n<div class=\"sharedaddy sd-sharing-enabled\"><div class=\"robots-nocontent sd-block sd-social sd-social-icon-text sd-sharing\"><h3 class=\"sd-title\">COMPARTE ESTO:<\/h3><div class=\"sd-content\"><ul><li class=\"share-facebook\"><a rel=\"nofollow noopener noreferrer\" data-shared=\"sharing-facebook-740\" class=\"share-facebook sd-button share-icon\" href=\"http:\/\/desireemartinphoto.com\/blog\/una-tarde-cabeza-inquieta-y-cementerio-de-los-placeres-lisboa\/?share=facebook\" target=\"_blank\" title=\"Haz clic para compartir en Facebook\"><span>Facebook<\/span><\/a><\/li><li class=\"share-twitter\"><a rel=\"nofollow noopener noreferrer\" data-shared=\"sharing-twitter-740\" class=\"share-twitter sd-button share-icon\" href=\"http:\/\/desireemartinphoto.com\/blog\/una-tarde-cabeza-inquieta-y-cementerio-de-los-placeres-lisboa\/?share=twitter\" target=\"_blank\" title=\"Haz clic para compartir en Twitter\"><span>Twitter<\/span><\/a><\/li><li class=\"share-email\"><a rel=\"nofollow noopener noreferrer\" data-shared=\"\" class=\"share-email sd-button share-icon\" href=\"http:\/\/desireemartinphoto.com\/blog\/una-tarde-cabeza-inquieta-y-cementerio-de-los-placeres-lisboa\/?share=email\" target=\"_blank\" title=\"Haz clic para enviar por correo electr\u00f3nico a un amigo\"><span>Correo electr\u00f3nico<\/span><\/a><\/li><li class=\"share-linkedin\"><a rel=\"nofollow noopener noreferrer\" data-shared=\"sharing-linkedin-740\" class=\"share-linkedin sd-button share-icon\" href=\"http:\/\/desireemartinphoto.com\/blog\/una-tarde-cabeza-inquieta-y-cementerio-de-los-placeres-lisboa\/?share=linkedin\" target=\"_blank\" title=\"Haz clic para compartir en LinkedIn\"><span>LinkedIn<\/span><\/a><\/li><li class=\"share-tumblr\"><a rel=\"nofollow noopener noreferrer\" data-shared=\"\" class=\"share-tumblr sd-button share-icon\" href=\"http:\/\/desireemartinphoto.com\/blog\/una-tarde-cabeza-inquieta-y-cementerio-de-los-placeres-lisboa\/?share=tumblr\" target=\"_blank\" title=\"Haz clic para compartir en Tumblr\"><span>Tumblr<\/span><\/a><\/li><li class=\"share-end\"><\/li><\/ul><\/div><\/div><\/div>","protected":false},"author":1,"featured_media":0,"comment_status":"open","ping_status":"open","sticky":false,"template":"","format":"standard","meta":{"spay_email":""},"categories":[1],"tags":[],"jetpack_featured_media_url":"","jetpack_sharing_enabled":true,"_links":{"self":[{"href":"http:\/\/desireemartinphoto.com\/blog\/wp-json\/wp\/v2\/posts\/740"}],"collection":[{"href":"http:\/\/desireemartinphoto.com\/blog\/wp-json\/wp\/v2\/posts"}],"about":[{"href":"http:\/\/desireemartinphoto.com\/blog\/wp-json\/wp\/v2\/types\/post"}],"author":[{"embeddable":true,"href":"http:\/\/desireemartinphoto.com\/blog\/wp-json\/wp\/v2\/users\/1"}],"replies":[{"embeddable":true,"href":"http:\/\/desireemartinphoto.com\/blog\/wp-json\/wp\/v2\/comments?post=740"}],"version-history":[{"count":8,"href":"http:\/\/desireemartinphoto.com\/blog\/wp-json\/wp\/v2\/posts\/740\/revisions"}],"predecessor-version":[{"id":911,"href":"http:\/\/desireemartinphoto.com\/blog\/wp-json\/wp\/v2\/posts\/740\/revisions\/911"}],"wp:attachment":[{"href":"http:\/\/desireemartinphoto.com\/blog\/wp-json\/wp\/v2\/media?parent=740"}],"wp:term":[{"taxonomy":"category","embeddable":true,"href":"http:\/\/desireemartinphoto.com\/blog\/wp-json\/wp\/v2\/categories?post=740"},{"taxonomy":"post_tag","embeddable":true,"href":"http:\/\/desireemartinphoto.com\/blog\/wp-json\/wp\/v2\/tags?post=740"}],"curies":[{"name":"wp","href":"https:\/\/api.w.org\/{rel}","templated":true}]}}