{"id":691,"date":"2011-02-15T22:30:20","date_gmt":"2011-02-15T22:30:20","guid":{"rendered":"http:\/\/desireemartinphoto.com\/blog\/?p=691"},"modified":"2011-02-15T22:58:40","modified_gmt":"2011-02-15T22:58:40","slug":"mi-cielo-mi-mar-16-02-11","status":"publish","type":"post","link":"http:\/\/desireemartinphoto.com\/blog\/mi-cielo-mi-mar-16-02-11\/","title":{"rendered":"Mi Cielo, mi Mar  15 02 11   &#8230;"},"content":{"rendered":"<p><img data-attachment-id=\"695\" data-permalink=\"http:\/\/desireemartinphoto.com\/blog\/mi-cielo-mi-mar-16-02-11\/dm-mi-cielo-160211-01-blog-4\/\" data-orig-file=\"http:\/\/desireemartinphoto.com\/blog\/wp-content\/uploads\/2011\/02\/DM-Mi-Cielo-160211-01-blog3.jpg\" data-orig-size=\"550,316\" data-comments-opened=\"1\" data-image-meta=\"{&quot;aperture&quot;:&quot;6.3&quot;,&quot;credit&quot;:&quot;&quot;,&quot;camera&quot;:&quot;Canon EOS 5D Mark II&quot;,&quot;caption&quot;:&quot;&quot;,&quot;created_timestamp&quot;:&quot;1297762468&quot;,&quot;copyright&quot;:&quot;&quot;,&quot;focal_length&quot;:&quot;35&quot;,&quot;iso&quot;:&quot;400&quot;,&quot;shutter_speed&quot;:&quot;0.0005&quot;,&quot;title&quot;:&quot;&quot;}\" data-image-title=\"DM-Mi-Cielo-160211-01-blog3\" data-image-description=\"\" data-medium-file=\"http:\/\/desireemartinphoto.com\/blog\/wp-content\/uploads\/2011\/02\/DM-Mi-Cielo-160211-01-blog3-300x172.jpg\" data-large-file=\"http:\/\/desireemartinphoto.com\/blog\/wp-content\/uploads\/2011\/02\/DM-Mi-Cielo-160211-01-blog3.jpg\" loading=\"lazy\" class=\"alignnone size-full wp-image-695\" src=\"http:\/\/desireemartinphoto.com\/blog\/wp-content\/uploads\/2011\/02\/DM-Mi-Cielo-160211-01-blog3.jpg\" alt=\"\" width=\"550\" height=\"316\" srcset=\"http:\/\/desireemartinphoto.com\/blog\/wp-content\/uploads\/2011\/02\/DM-Mi-Cielo-160211-01-blog3.jpg 550w, http:\/\/desireemartinphoto.com\/blog\/wp-content\/uploads\/2011\/02\/DM-Mi-Cielo-160211-01-blog3-300x172.jpg 300w\" sizes=\"(max-width: 550px) 100vw, 550px\" \/><\/p>\n<p>&#8230;solo un d\u00eda m\u00e1s de machaca por el fotoperiodismo local&#8230; Miradores&#8230; ..una hora y media&#8230; 182 kil\u00f3metros&#8230;<\/p>\n<p><img data-attachment-id=\"699\" data-permalink=\"http:\/\/desireemartinphoto.com\/blog\/mi-cielo-mi-mar-16-02-11\/dm-pam-chipeque-01-blog\/\" data-orig-file=\"http:\/\/desireemartinphoto.com\/blog\/wp-content\/uploads\/2011\/02\/DM-PAM-Chipeque-01-blog.jpg\" data-orig-size=\"550,178\" data-comments-opened=\"1\" data-image-meta=\"{&quot;aperture&quot;:&quot;4.5&quot;,&quot;credit&quot;:&quot;&quot;,&quot;camera&quot;:&quot;Canon EOS 5D Mark II&quot;,&quot;caption&quot;:&quot;&quot;,&quot;created_timestamp&quot;:&quot;1297771654&quot;,&quot;copyright&quot;:&quot;&quot;,&quot;focal_length&quot;:&quot;16&quot;,&quot;iso&quot;:&quot;100&quot;,&quot;shutter_speed&quot;:&quot;0.001&quot;,&quot;title&quot;:&quot;&quot;}\" data-image-title=\"DM-PAM-Chipeque-01-blog\" data-image-description=\"\" data-medium-file=\"http:\/\/desireemartinphoto.com\/blog\/wp-content\/uploads\/2011\/02\/DM-PAM-Chipeque-01-blog-300x97.jpg\" data-large-file=\"http:\/\/desireemartinphoto.com\/blog\/wp-content\/uploads\/2011\/02\/DM-PAM-Chipeque-01-blog.jpg\" loading=\"lazy\" class=\"alignnone size-full wp-image-699\" src=\"http:\/\/desireemartinphoto.com\/blog\/wp-content\/uploads\/2011\/02\/DM-PAM-Chipeque-01-blog.jpg\" alt=\"\" width=\"550\" height=\"178\" srcset=\"http:\/\/desireemartinphoto.com\/blog\/wp-content\/uploads\/2011\/02\/DM-PAM-Chipeque-01-blog.jpg 550w, http:\/\/desireemartinphoto.com\/blog\/wp-content\/uploads\/2011\/02\/DM-PAM-Chipeque-01-blog-300x97.jpg 300w\" sizes=\"(max-width: 550px) 100vw, 550px\" \/><\/p>\n<p>Mirador de Chipeque, Cumbres del norte&#8230;el Teide&#8230;<\/p>\n<p><img data-attachment-id=\"701\" data-permalink=\"http:\/\/desireemartinphoto.com\/blog\/mi-cielo-mi-mar-16-02-11\/untitled_panorama4\/\" data-orig-file=\"http:\/\/desireemartinphoto.com\/blog\/wp-content\/uploads\/2011\/02\/Untitled_Panorama4.jpg\" data-orig-size=\"550,188\" data-comments-opened=\"1\" data-image-meta=\"{&quot;aperture&quot;:&quot;6.3&quot;,&quot;credit&quot;:&quot;&quot;,&quot;camera&quot;:&quot;Canon EOS 5D Mark II&quot;,&quot;caption&quot;:&quot;&quot;,&quot;created_timestamp&quot;:&quot;1297766821&quot;,&quot;copyright&quot;:&quot;&quot;,&quot;focal_length&quot;:&quot;16&quot;,&quot;iso&quot;:&quot;400&quot;,&quot;shutter_speed&quot;:&quot;0.001&quot;,&quot;title&quot;:&quot;&quot;}\" data-image-title=\"Untitled_Panorama4\" data-image-description=\"\" data-medium-file=\"http:\/\/desireemartinphoto.com\/blog\/wp-content\/uploads\/2011\/02\/Untitled_Panorama4-300x102.jpg\" data-large-file=\"http:\/\/desireemartinphoto.com\/blog\/wp-content\/uploads\/2011\/02\/Untitled_Panorama4.jpg\" loading=\"lazy\" class=\"alignnone size-full wp-image-701\" src=\"http:\/\/desireemartinphoto.com\/blog\/wp-content\/uploads\/2011\/02\/Untitled_Panorama4.jpg\" alt=\"\" width=\"550\" height=\"188\" srcset=\"http:\/\/desireemartinphoto.com\/blog\/wp-content\/uploads\/2011\/02\/Untitled_Panorama4.jpg 550w, http:\/\/desireemartinphoto.com\/blog\/wp-content\/uploads\/2011\/02\/Untitled_Panorama4-300x102.jpg 300w\" sizes=\"(max-width: 550px) 100vw, 550px\" \/><\/p>\n<p>Mirardor del Pico del Ingl\u00e9s&#8230; \u00e9ste es especial para mi &#8230; PURA LLUVIA HORIZONTAL&#8230;<\/p>\n<p><img data-attachment-id=\"702\" data-permalink=\"http:\/\/desireemartinphoto.com\/blog\/mi-cielo-mi-mar-16-02-11\/dm-pam1-jardina-01-blog\/\" data-orig-file=\"http:\/\/desireemartinphoto.com\/blog\/wp-content\/uploads\/2011\/02\/DM-PAM1-Jardina-01-blog.jpg\" data-orig-size=\"550,177\" data-comments-opened=\"1\" data-image-meta=\"{&quot;aperture&quot;:&quot;7.1&quot;,&quot;credit&quot;:&quot;&quot;,&quot;camera&quot;:&quot;Canon EOS 5D Mark II&quot;,&quot;caption&quot;:&quot;&quot;,&quot;created_timestamp&quot;:&quot;1297764606&quot;,&quot;copyright&quot;:&quot;&quot;,&quot;focal_length&quot;:&quot;16&quot;,&quot;iso&quot;:&quot;400&quot;,&quot;shutter_speed&quot;:&quot;0.00125&quot;,&quot;title&quot;:&quot;&quot;}\" data-image-title=\"DM-PAM1-Jardina-01-blog\" data-image-description=\"\" data-medium-file=\"http:\/\/desireemartinphoto.com\/blog\/wp-content\/uploads\/2011\/02\/DM-PAM1-Jardina-01-blog-300x96.jpg\" data-large-file=\"http:\/\/desireemartinphoto.com\/blog\/wp-content\/uploads\/2011\/02\/DM-PAM1-Jardina-01-blog.jpg\" loading=\"lazy\" class=\"alignnone size-full wp-image-702\" src=\"http:\/\/desireemartinphoto.com\/blog\/wp-content\/uploads\/2011\/02\/DM-PAM1-Jardina-01-blog.jpg\" alt=\"\" width=\"550\" height=\"177\" srcset=\"http:\/\/desireemartinphoto.com\/blog\/wp-content\/uploads\/2011\/02\/DM-PAM1-Jardina-01-blog.jpg 550w, http:\/\/desireemartinphoto.com\/blog\/wp-content\/uploads\/2011\/02\/DM-PAM1-Jardina-01-blog-300x96.jpg 300w\" sizes=\"(max-width: 550px) 100vw, 550px\" \/><\/p>\n<p>Mirador de Jardina, la vega lagunera al fondo&#8230; la laurisilva a la espalda&#8230;<\/p>\n<p>Algo de mi tierra , de mi energ\u00eda.<\/p>\n<div class=\"sharedaddy sd-sharing-enabled\"><div class=\"robots-nocontent sd-block sd-social sd-social-icon-text sd-sharing\"><h3 class=\"sd-title\">COMPARTE ESTO:<\/h3><div class=\"sd-content\"><ul><li class=\"share-facebook\"><a rel=\"nofollow noopener noreferrer\" data-shared=\"sharing-facebook-691\" class=\"share-facebook sd-button share-icon\" href=\"http:\/\/desireemartinphoto.com\/blog\/mi-cielo-mi-mar-16-02-11\/?share=facebook\" target=\"_blank\" title=\"Haz clic para compartir en Facebook\"><span>Facebook<\/span><\/a><\/li><li class=\"share-twitter\"><a rel=\"nofollow noopener noreferrer\" data-shared=\"sharing-twitter-691\" class=\"share-twitter sd-button share-icon\" href=\"http:\/\/desireemartinphoto.com\/blog\/mi-cielo-mi-mar-16-02-11\/?share=twitter\" target=\"_blank\" title=\"Haz clic para compartir en Twitter\"><span>Twitter<\/span><\/a><\/li><li class=\"share-email\"><a rel=\"nofollow noopener noreferrer\" data-shared=\"\" class=\"share-email sd-button share-icon\" href=\"http:\/\/desireemartinphoto.com\/blog\/mi-cielo-mi-mar-16-02-11\/?share=email\" target=\"_blank\" title=\"Haz clic para enviar por correo electr\u00f3nico a un amigo\"><span>Correo electr\u00f3nico<\/span><\/a><\/li><li class=\"share-linkedin\"><a rel=\"nofollow noopener noreferrer\" data-shared=\"sharing-linkedin-691\" class=\"share-linkedin sd-button share-icon\" href=\"http:\/\/desireemartinphoto.com\/blog\/mi-cielo-mi-mar-16-02-11\/?share=linkedin\" target=\"_blank\" title=\"Haz clic para compartir en LinkedIn\"><span>LinkedIn<\/span><\/a><\/li><li class=\"share-tumblr\"><a rel=\"nofollow noopener noreferrer\" data-shared=\"\" class=\"share-tumblr sd-button share-icon\" href=\"http:\/\/desireemartinphoto.com\/blog\/mi-cielo-mi-mar-16-02-11\/?share=tumblr\" target=\"_blank\" title=\"Haz clic para compartir en Tumblr\"><span>Tumblr<\/span><\/a><\/li><li class=\"share-end\"><\/li><\/ul><\/div><\/div><\/div>","protected":false},"excerpt":{"rendered":"<p>&#8230;solo un d\u00eda m\u00e1s de machaca por el fotoperiodismo local&#8230; Miradores&#8230; ..una hora y media&#8230; 182 kil\u00f3metros&#8230; Mirador de Chipeque, Cumbres del norte&#8230;el Teide&#8230; Mirardor del Pico del Ingl\u00e9s&#8230; \u00e9ste es especial para mi &#8230; PURA LLUVIA HORIZONTAL&#8230; Mirador de Jardina, la vega lagunera al fondo&#8230; la laurisilva a la espalda&#8230; Algo de mi tierra [&#038;hellip<\/p>\n<div class=\"sharedaddy sd-sharing-enabled\"><div class=\"robots-nocontent sd-block sd-social sd-social-icon-text sd-sharing\"><h3 class=\"sd-title\">COMPARTE ESTO:<\/h3><div class=\"sd-content\"><ul><li class=\"share-facebook\"><a rel=\"nofollow noopener noreferrer\" data-shared=\"sharing-facebook-691\" class=\"share-facebook sd-button share-icon\" href=\"http:\/\/desireemartinphoto.com\/blog\/mi-cielo-mi-mar-16-02-11\/?share=facebook\" target=\"_blank\" title=\"Haz clic para compartir en Facebook\"><span>Facebook<\/span><\/a><\/li><li class=\"share-twitter\"><a rel=\"nofollow noopener noreferrer\" data-shared=\"sharing-twitter-691\" class=\"share-twitter sd-button share-icon\" href=\"http:\/\/desireemartinphoto.com\/blog\/mi-cielo-mi-mar-16-02-11\/?share=twitter\" target=\"_blank\" title=\"Haz clic para compartir en Twitter\"><span>Twitter<\/span><\/a><\/li><li class=\"share-email\"><a rel=\"nofollow noopener noreferrer\" data-shared=\"\" class=\"share-email sd-button share-icon\" href=\"http:\/\/desireemartinphoto.com\/blog\/mi-cielo-mi-mar-16-02-11\/?share=email\" target=\"_blank\" title=\"Haz clic para enviar por correo electr\u00f3nico a un amigo\"><span>Correo electr\u00f3nico<\/span><\/a><\/li><li class=\"share-linkedin\"><a rel=\"nofollow noopener noreferrer\" data-shared=\"sharing-linkedin-691\" class=\"share-linkedin sd-button share-icon\" href=\"http:\/\/desireemartinphoto.com\/blog\/mi-cielo-mi-mar-16-02-11\/?share=linkedin\" target=\"_blank\" title=\"Haz clic para compartir en LinkedIn\"><span>LinkedIn<\/span><\/a><\/li><li class=\"share-tumblr\"><a rel=\"nofollow noopener noreferrer\" data-shared=\"\" class=\"share-tumblr sd-button share-icon\" href=\"http:\/\/desireemartinphoto.com\/blog\/mi-cielo-mi-mar-16-02-11\/?share=tumblr\" target=\"_blank\" title=\"Haz clic para compartir en Tumblr\"><span>Tumblr<\/span><\/a><\/li><li class=\"share-end\"><\/li><\/ul><\/div><\/div><\/div>","protected":false},"author":1,"featured_media":0,"comment_status":"open","ping_status":"open","sticky":false,"template":"","format":"standard","meta":{"spay_email":""},"categories":[1],"tags":[79,78,84,83,81,77,76,70,80,82,71],"jetpack_featured_media_url":"","jetpack_sharing_enabled":true,"_links":{"self":[{"href":"http:\/\/desireemartinphoto.com\/blog\/wp-json\/wp\/v2\/posts\/691"}],"collection":[{"href":"http:\/\/desireemartinphoto.com\/blog\/wp-json\/wp\/v2\/posts"}],"about":[{"href":"http:\/\/desireemartinphoto.com\/blog\/wp-json\/wp\/v2\/types\/post"}],"author":[{"embeddable":true,"href":"http:\/\/desireemartinphoto.com\/blog\/wp-json\/wp\/v2\/users\/1"}],"replies":[{"embeddable":true,"href":"http:\/\/desireemartinphoto.com\/blog\/wp-json\/wp\/v2\/comments?post=691"}],"version-history":[{"count":8,"href":"http:\/\/desireemartinphoto.com\/blog\/wp-json\/wp\/v2\/posts\/691\/revisions"}],"predecessor-version":[{"id":700,"href":"http:\/\/desireemartinphoto.com\/blog\/wp-json\/wp\/v2\/posts\/691\/revisions\/700"}],"wp:attachment":[{"href":"http:\/\/desireemartinphoto.com\/blog\/wp-json\/wp\/v2\/media?parent=691"}],"wp:term":[{"taxonomy":"category","embeddable":true,"href":"http:\/\/desireemartinphoto.com\/blog\/wp-json\/wp\/v2\/categories?post=691"},{"taxonomy":"post_tag","embeddable":true,"href":"http:\/\/desireemartinphoto.com\/blog\/wp-json\/wp\/v2\/tags?post=691"}],"curies":[{"name":"wp","href":"https:\/\/api.w.org\/{rel}","templated":true}]}}