{"id":69,"date":"2010-03-26T14:10:11","date_gmt":"2010-03-26T14:10:11","guid":{"rendered":"http:\/\/desireemartinphoto.com\/blog\/?p=69"},"modified":"2010-03-27T00:32:40","modified_gmt":"2010-03-27T00:32:40","slug":"al-pie-del-pozo-de-jinamar-4%c2%ba-dia-y-ultimo-creo","status":"publish","type":"post","link":"http:\/\/desireemartinphoto.com\/blog\/al-pie-del-pozo-de-jinamar-4%c2%ba-dia-y-ultimo-creo\/","title":{"rendered":"..al pie del Pozo de Jinamar&#8230;4\u00ba dia&#8230; y \u00faltimo&#8230;creo"},"content":{"rendered":"<p>Parece que para los medios de comunicaci\u00f3n, \u00e9sto comenzo con una especie de todo incluido tipo LoroParque : &#8220;C\u00e1mara + Fotografo con el ni\u00f1o gratis&#8221; para entrar al pozo para captar la imagen que las autoridades y cuerpos de seguridad de estado deseaban&#8230; hasta que , seg\u00fan se les escapaba de la manos el tema, &#8230;nos iban complicando cada vez m\u00e1s la obtenci\u00f3n de imagenes&#8230; lleg\u00f3 el momento Tetris..ese en el que van encajando coches , furgones, gr\u00faa, puertas y polic\u00edas , de tal manera que &#8230;no nos queda mas remedio que apostarnos en\u00a0 la misma rendija una nube de gr\u00e1ficos&#8230; &#8230;y tal cual empez\u00f3 , &#8230;CHINPUN!!! &#8230;.acab\u00f3&#8230;\u00a0 &#8230;.. mmmmm&#8230; &#8220;esto&#8230;mmm&#8230;.que los huesos&#8230;.mmm&#8230;. que no eran tan grandes , eh???&#8230;.. que si eso los analizamos en casita &#8230;y ya les decimos algo&#8221; &#8230; queda precintado el pozo &#8230;para proximos eventos&#8230;.<\/p>\n<p><img data-attachment-id=\"70\" data-permalink=\"http:\/\/desireemartinphoto.com\/blog\/al-pie-del-pozo-de-jinamar-4%c2%ba-dia-y-ultimo-creo\/dm-caso-sara-260310-02-sep-blog\/\" data-orig-file=\"http:\/\/desireemartinphoto.com\/blog\/wp-content\/uploads\/2010\/03\/DM-Caso-Sara-260310-02-SEP-blog.jpg\" data-orig-size=\"550,367\" data-comments-opened=\"1\" data-image-meta=\"{&quot;aperture&quot;:&quot;6.3&quot;,&quot;credit&quot;:&quot;&quot;,&quot;camera&quot;:&quot;Canon EOS 5D Mark II&quot;,&quot;caption&quot;:&quot;&quot;,&quot;created_timestamp&quot;:&quot;1269601335&quot;,&quot;copyright&quot;:&quot;&quot;,&quot;focal_length&quot;:&quot;16&quot;,&quot;iso&quot;:&quot;100&quot;,&quot;shutter_speed&quot;:&quot;0.003125&quot;,&quot;title&quot;:&quot;&quot;}\" data-image-title=\"DM-Caso-Sara-260310-02-SEP-blog\" data-image-description=\"\" data-medium-file=\"http:\/\/desireemartinphoto.com\/blog\/wp-content\/uploads\/2010\/03\/DM-Caso-Sara-260310-02-SEP-blog-300x200.jpg\" data-large-file=\"http:\/\/desireemartinphoto.com\/blog\/wp-content\/uploads\/2010\/03\/DM-Caso-Sara-260310-02-SEP-blog.jpg\" loading=\"lazy\" class=\"alignnone size-full wp-image-70\" src=\"http:\/\/desireemartinphoto.com\/blog\/wp-content\/uploads\/2010\/03\/DM-Caso-Sara-260310-02-SEP-blog.jpg\" alt=\"\" width=\"550\" height=\"367\" srcset=\"http:\/\/desireemartinphoto.com\/blog\/wp-content\/uploads\/2010\/03\/DM-Caso-Sara-260310-02-SEP-blog.jpg 550w, http:\/\/desireemartinphoto.com\/blog\/wp-content\/uploads\/2010\/03\/DM-Caso-Sara-260310-02-SEP-blog-300x200.jpg 300w\" sizes=\"(max-width: 550px) 100vw, 550px\" \/><\/p>\n<p><img data-attachment-id=\"71\" data-permalink=\"http:\/\/desireemartinphoto.com\/blog\/al-pie-del-pozo-de-jinamar-4%c2%ba-dia-y-ultimo-creo\/dm-caso-sara-260310-03-sep-blog\/\" data-orig-file=\"http:\/\/desireemartinphoto.com\/blog\/wp-content\/uploads\/2010\/03\/DM-Caso-Sara-260310-03-SEP-blog.jpg\" data-orig-size=\"550,363\" data-comments-opened=\"1\" data-image-meta=\"{&quot;aperture&quot;:&quot;6.3&quot;,&quot;credit&quot;:&quot;&quot;,&quot;camera&quot;:&quot;Canon EOS 5D Mark II&quot;,&quot;caption&quot;:&quot;&quot;,&quot;created_timestamp&quot;:&quot;1269601193&quot;,&quot;copyright&quot;:&quot;&quot;,&quot;focal_length&quot;:&quot;16&quot;,&quot;iso&quot;:&quot;100&quot;,&quot;shutter_speed&quot;:&quot;0.005&quot;,&quot;title&quot;:&quot;&quot;}\" data-image-title=\"DM-Caso-Sara-260310-03-SEP-blog\" data-image-description=\"\" data-medium-file=\"http:\/\/desireemartinphoto.com\/blog\/wp-content\/uploads\/2010\/03\/DM-Caso-Sara-260310-03-SEP-blog-300x197.jpg\" data-large-file=\"http:\/\/desireemartinphoto.com\/blog\/wp-content\/uploads\/2010\/03\/DM-Caso-Sara-260310-03-SEP-blog.jpg\" loading=\"lazy\" class=\"alignnone size-full wp-image-71\" src=\"http:\/\/desireemartinphoto.com\/blog\/wp-content\/uploads\/2010\/03\/DM-Caso-Sara-260310-03-SEP-blog.jpg\" alt=\"\" width=\"550\" height=\"363\" srcset=\"http:\/\/desireemartinphoto.com\/blog\/wp-content\/uploads\/2010\/03\/DM-Caso-Sara-260310-03-SEP-blog.jpg 550w, http:\/\/desireemartinphoto.com\/blog\/wp-content\/uploads\/2010\/03\/DM-Caso-Sara-260310-03-SEP-blog-300x197.jpg 300w\" sizes=\"(max-width: 550px) 100vw, 550px\" \/><\/p>\n<p>&#8230;NO\u00a0 LE VEN LA CARA AL COMPA\u00d1ERO &#8230;PERO ES DE PAPA!<\/p>\n<p><img data-attachment-id=\"72\" data-permalink=\"http:\/\/desireemartinphoto.com\/blog\/al-pie-del-pozo-de-jinamar-4%c2%ba-dia-y-ultimo-creo\/dm-caso-sara-260310-01-sep-blog-2\/\" data-orig-file=\"http:\/\/desireemartinphoto.com\/blog\/wp-content\/uploads\/2010\/03\/DM-Caso-Sara-260310-01-SEP-blog-2.jpg\" data-orig-size=\"550,378\" data-comments-opened=\"1\" data-image-meta=\"{&quot;aperture&quot;:&quot;6.3&quot;,&quot;credit&quot;:&quot;&quot;,&quot;camera&quot;:&quot;Canon EOS 5D Mark II&quot;,&quot;caption&quot;:&quot;&quot;,&quot;created_timestamp&quot;:&quot;1269601372&quot;,&quot;copyright&quot;:&quot;&quot;,&quot;focal_length&quot;:&quot;16&quot;,&quot;iso&quot;:&quot;100&quot;,&quot;shutter_speed&quot;:&quot;0.003125&quot;,&quot;title&quot;:&quot;&quot;}\" data-image-title=\"DM-Caso-Sara-260310-01-SEP-blog-2\" data-image-description=\"\" data-medium-file=\"http:\/\/desireemartinphoto.com\/blog\/wp-content\/uploads\/2010\/03\/DM-Caso-Sara-260310-01-SEP-blog-2-300x206.jpg\" data-large-file=\"http:\/\/desireemartinphoto.com\/blog\/wp-content\/uploads\/2010\/03\/DM-Caso-Sara-260310-01-SEP-blog-2.jpg\" loading=\"lazy\" class=\"alignnone size-full wp-image-72\" src=\"http:\/\/desireemartinphoto.com\/blog\/wp-content\/uploads\/2010\/03\/DM-Caso-Sara-260310-01-SEP-blog-2.jpg\" alt=\"\" width=\"550\" height=\"378\" srcset=\"http:\/\/desireemartinphoto.com\/blog\/wp-content\/uploads\/2010\/03\/DM-Caso-Sara-260310-01-SEP-blog-2.jpg 550w, http:\/\/desireemartinphoto.com\/blog\/wp-content\/uploads\/2010\/03\/DM-Caso-Sara-260310-01-SEP-blog-2-300x206.jpg 300w\" sizes=\"(max-width: 550px) 100vw, 550px\" \/><\/p>\n<p>THE END<\/p>\n<p>&#8230; aun me queda unos repor por aqui&#8230;<\/p>\n<div class=\"sharedaddy sd-sharing-enabled\"><div class=\"robots-nocontent sd-block sd-social sd-social-icon-text sd-sharing\"><h3 class=\"sd-title\">COMPARTE ESTO:<\/h3><div class=\"sd-content\"><ul><li class=\"share-facebook\"><a rel=\"nofollow noopener noreferrer\" data-shared=\"sharing-facebook-69\" class=\"share-facebook sd-button share-icon\" href=\"http:\/\/desireemartinphoto.com\/blog\/al-pie-del-pozo-de-jinamar-4%c2%ba-dia-y-ultimo-creo\/?share=facebook\" target=\"_blank\" title=\"Haz clic para compartir en Facebook\"><span>Facebook<\/span><\/a><\/li><li class=\"share-twitter\"><a rel=\"nofollow noopener noreferrer\" data-shared=\"sharing-twitter-69\" class=\"share-twitter sd-button share-icon\" href=\"http:\/\/desireemartinphoto.com\/blog\/al-pie-del-pozo-de-jinamar-4%c2%ba-dia-y-ultimo-creo\/?share=twitter\" target=\"_blank\" title=\"Haz clic para compartir en Twitter\"><span>Twitter<\/span><\/a><\/li><li class=\"share-email\"><a rel=\"nofollow noopener noreferrer\" data-shared=\"\" class=\"share-email sd-button share-icon\" href=\"http:\/\/desireemartinphoto.com\/blog\/al-pie-del-pozo-de-jinamar-4%c2%ba-dia-y-ultimo-creo\/?share=email\" target=\"_blank\" title=\"Haz clic para enviar por correo electr\u00f3nico a un amigo\"><span>Correo electr\u00f3nico<\/span><\/a><\/li><li class=\"share-linkedin\"><a rel=\"nofollow noopener noreferrer\" data-shared=\"sharing-linkedin-69\" class=\"share-linkedin sd-button share-icon\" href=\"http:\/\/desireemartinphoto.com\/blog\/al-pie-del-pozo-de-jinamar-4%c2%ba-dia-y-ultimo-creo\/?share=linkedin\" target=\"_blank\" title=\"Haz clic para compartir en LinkedIn\"><span>LinkedIn<\/span><\/a><\/li><li class=\"share-tumblr\"><a rel=\"nofollow noopener noreferrer\" data-shared=\"\" class=\"share-tumblr sd-button share-icon\" href=\"http:\/\/desireemartinphoto.com\/blog\/al-pie-del-pozo-de-jinamar-4%c2%ba-dia-y-ultimo-creo\/?share=tumblr\" target=\"_blank\" title=\"Haz clic para compartir en Tumblr\"><span>Tumblr<\/span><\/a><\/li><li class=\"share-end\"><\/li><\/ul><\/div><\/div><\/div>","protected":false},"excerpt":{"rendered":"<p>Parece que para los medios de comunicaci\u00f3n, \u00e9sto comenzo con una especie de todo incluido tipo LoroParque : &#8220;C\u00e1mara + Fotografo con el ni\u00f1o gratis&#8221; para entrar al pozo para captar la imagen que las autoridades y cuerpos de seguridad de estado deseaban&#8230; hasta que , seg\u00fan se les escapaba de la manos el tema, [&#038;hellip<\/p>\n<div class=\"sharedaddy sd-sharing-enabled\"><div class=\"robots-nocontent sd-block sd-social sd-social-icon-text sd-sharing\"><h3 class=\"sd-title\">COMPARTE ESTO:<\/h3><div class=\"sd-content\"><ul><li class=\"share-facebook\"><a rel=\"nofollow noopener noreferrer\" data-shared=\"sharing-facebook-69\" class=\"share-facebook sd-button share-icon\" href=\"http:\/\/desireemartinphoto.com\/blog\/al-pie-del-pozo-de-jinamar-4%c2%ba-dia-y-ultimo-creo\/?share=facebook\" target=\"_blank\" title=\"Haz clic para compartir en Facebook\"><span>Facebook<\/span><\/a><\/li><li class=\"share-twitter\"><a rel=\"nofollow noopener noreferrer\" data-shared=\"sharing-twitter-69\" class=\"share-twitter sd-button share-icon\" href=\"http:\/\/desireemartinphoto.com\/blog\/al-pie-del-pozo-de-jinamar-4%c2%ba-dia-y-ultimo-creo\/?share=twitter\" target=\"_blank\" title=\"Haz clic para compartir en Twitter\"><span>Twitter<\/span><\/a><\/li><li class=\"share-email\"><a rel=\"nofollow noopener noreferrer\" data-shared=\"\" class=\"share-email sd-button share-icon\" href=\"http:\/\/desireemartinphoto.com\/blog\/al-pie-del-pozo-de-jinamar-4%c2%ba-dia-y-ultimo-creo\/?share=email\" target=\"_blank\" title=\"Haz clic para enviar por correo electr\u00f3nico a un amigo\"><span>Correo electr\u00f3nico<\/span><\/a><\/li><li class=\"share-linkedin\"><a rel=\"nofollow noopener noreferrer\" data-shared=\"sharing-linkedin-69\" class=\"share-linkedin sd-button share-icon\" href=\"http:\/\/desireemartinphoto.com\/blog\/al-pie-del-pozo-de-jinamar-4%c2%ba-dia-y-ultimo-creo\/?share=linkedin\" target=\"_blank\" title=\"Haz clic para compartir en LinkedIn\"><span>LinkedIn<\/span><\/a><\/li><li class=\"share-tumblr\"><a rel=\"nofollow noopener noreferrer\" data-shared=\"\" class=\"share-tumblr sd-button share-icon\" href=\"http:\/\/desireemartinphoto.com\/blog\/al-pie-del-pozo-de-jinamar-4%c2%ba-dia-y-ultimo-creo\/?share=tumblr\" target=\"_blank\" title=\"Haz clic para compartir en Tumblr\"><span>Tumblr<\/span><\/a><\/li><li class=\"share-end\"><\/li><\/ul><\/div><\/div><\/div>","protected":false},"author":1,"featured_media":0,"comment_status":"open","ping_status":"open","sticky":false,"template":"","format":"standard","meta":{"spay_email":""},"categories":[1],"tags":[],"jetpack_featured_media_url":"","jetpack_sharing_enabled":true,"_links":{"self":[{"href":"http:\/\/desireemartinphoto.com\/blog\/wp-json\/wp\/v2\/posts\/69"}],"collection":[{"href":"http:\/\/desireemartinphoto.com\/blog\/wp-json\/wp\/v2\/posts"}],"about":[{"href":"http:\/\/desireemartinphoto.com\/blog\/wp-json\/wp\/v2\/types\/post"}],"author":[{"embeddable":true,"href":"http:\/\/desireemartinphoto.com\/blog\/wp-json\/wp\/v2\/users\/1"}],"replies":[{"embeddable":true,"href":"http:\/\/desireemartinphoto.com\/blog\/wp-json\/wp\/v2\/comments?post=69"}],"version-history":[{"count":2,"href":"http:\/\/desireemartinphoto.com\/blog\/wp-json\/wp\/v2\/posts\/69\/revisions"}],"predecessor-version":[{"id":74,"href":"http:\/\/desireemartinphoto.com\/blog\/wp-json\/wp\/v2\/posts\/69\/revisions\/74"}],"wp:attachment":[{"href":"http:\/\/desireemartinphoto.com\/blog\/wp-json\/wp\/v2\/media?parent=69"}],"wp:term":[{"taxonomy":"category","embeddable":true,"href":"http:\/\/desireemartinphoto.com\/blog\/wp-json\/wp\/v2\/categories?post=69"},{"taxonomy":"post_tag","embeddable":true,"href":"http:\/\/desireemartinphoto.com\/blog\/wp-json\/wp\/v2\/tags?post=69"}],"curies":[{"name":"wp","href":"https:\/\/api.w.org\/{rel}","templated":true}]}}