{"id":674,"date":"2011-01-25T23:08:09","date_gmt":"2011-01-25T23:08:09","guid":{"rendered":"http:\/\/desireemartinphoto.com\/blog\/?p=674"},"modified":"2011-01-26T00:11:28","modified_gmt":"2011-01-26T00:11:28","slug":"padre-teide-3718-metros-ocultos","status":"publish","type":"post","link":"http:\/\/desireemartinphoto.com\/blog\/padre-teide-3718-metros-ocultos\/","title":{"rendered":"Padre Teide, 3718 metros &#8230;ocultos"},"content":{"rendered":"<p>Hoy, tras un reportaje relampago sobre tattoo, me encargar sacar fotos del Teide nevado&#8230;<\/p>\n<p>Lo intent\u00e9 por el norte de la isla&#8230; ..cubierto, tormenta el lo alto&#8230; esper\u00e9 una hora , no despejo..<\/p>\n<p>Lo intent\u00e9 m\u00e1s al norte, y 39 kil\u00f3metros despu\u00e9s&#8230; nada, o todo, me encontraba entre las nubes , litera\u00f1mente, a esta altitud , ya me entienden&#8230;es as\u00ed&#8230;<\/p>\n<p>Segu\u00ed esperando mi instante decisivo de hoy&#8230; &#8230;mientras..ve\u00eda hacer &#8220;surf&#8221; a unos 2.200 metros de altitud sobre el mar&#8230;<\/p>\n<p><img data-attachment-id=\"675\" data-permalink=\"http:\/\/desireemartinphoto.com\/blog\/padre-teide-3718-metros-ocultos\/dm-teide-nevado250111-10-blog\/\" data-orig-file=\"http:\/\/desireemartinphoto.com\/blog\/wp-content\/uploads\/2011\/01\/DM-Teide-nevado250111-10-BLOG.jpg\" data-orig-size=\"550,367\" data-comments-opened=\"1\" data-image-meta=\"{&quot;aperture&quot;:&quot;5.6&quot;,&quot;credit&quot;:&quot;&quot;,&quot;camera&quot;:&quot;Canon EOS 5D Mark II&quot;,&quot;caption&quot;:&quot;&quot;,&quot;created_timestamp&quot;:&quot;1295976019&quot;,&quot;copyright&quot;:&quot;&quot;,&quot;focal_length&quot;:&quot;16&quot;,&quot;iso&quot;:&quot;400&quot;,&quot;shutter_speed&quot;:&quot;0.0003125&quot;,&quot;title&quot;:&quot;&quot;}\" data-image-title=\"DM-Teide-nevado250111-10-BLOG\" data-image-description=\"\" data-medium-file=\"http:\/\/desireemartinphoto.com\/blog\/wp-content\/uploads\/2011\/01\/DM-Teide-nevado250111-10-BLOG-300x200.jpg\" data-large-file=\"http:\/\/desireemartinphoto.com\/blog\/wp-content\/uploads\/2011\/01\/DM-Teide-nevado250111-10-BLOG.jpg\" loading=\"lazy\" class=\"alignnone size-full wp-image-675\" src=\"http:\/\/desireemartinphoto.com\/blog\/wp-content\/uploads\/2011\/01\/DM-Teide-nevado250111-10-BLOG.jpg\" alt=\"\" width=\"550\" height=\"367\" srcset=\"http:\/\/desireemartinphoto.com\/blog\/wp-content\/uploads\/2011\/01\/DM-Teide-nevado250111-10-BLOG.jpg 550w, http:\/\/desireemartinphoto.com\/blog\/wp-content\/uploads\/2011\/01\/DM-Teide-nevado250111-10-BLOG-300x200.jpg 300w\" sizes=\"(max-width: 550px) 100vw, 550px\" \/><\/p>\n<p><img data-attachment-id=\"676\" data-permalink=\"http:\/\/desireemartinphoto.com\/blog\/padre-teide-3718-metros-ocultos\/dm-teide-nevado250111-09-blog\/\" data-orig-file=\"http:\/\/desireemartinphoto.com\/blog\/wp-content\/uploads\/2011\/01\/DM-Teide-nevado250111-09-BLOG.jpg\" data-orig-size=\"550,367\" data-comments-opened=\"1\" data-image-meta=\"{&quot;aperture&quot;:&quot;5.6&quot;,&quot;credit&quot;:&quot;&quot;,&quot;camera&quot;:&quot;Canon EOS 5D Mark II&quot;,&quot;caption&quot;:&quot;&quot;,&quot;created_timestamp&quot;:&quot;1295976072&quot;,&quot;copyright&quot;:&quot;&quot;,&quot;focal_length&quot;:&quot;16&quot;,&quot;iso&quot;:&quot;400&quot;,&quot;shutter_speed&quot;:&quot;0.0003125&quot;,&quot;title&quot;:&quot;&quot;}\" data-image-title=\"DM-Teide-nevado250111-09-BLOG\" data-image-description=\"\" data-medium-file=\"http:\/\/desireemartinphoto.com\/blog\/wp-content\/uploads\/2011\/01\/DM-Teide-nevado250111-09-BLOG-300x200.jpg\" data-large-file=\"http:\/\/desireemartinphoto.com\/blog\/wp-content\/uploads\/2011\/01\/DM-Teide-nevado250111-09-BLOG.jpg\" loading=\"lazy\" class=\"alignnone size-full wp-image-676\" src=\"http:\/\/desireemartinphoto.com\/blog\/wp-content\/uploads\/2011\/01\/DM-Teide-nevado250111-09-BLOG.jpg\" alt=\"\" width=\"550\" height=\"367\" srcset=\"http:\/\/desireemartinphoto.com\/blog\/wp-content\/uploads\/2011\/01\/DM-Teide-nevado250111-09-BLOG.jpg 550w, http:\/\/desireemartinphoto.com\/blog\/wp-content\/uploads\/2011\/01\/DM-Teide-nevado250111-09-BLOG-300x200.jpg 300w\" sizes=\"(max-width: 550px) 100vw, 550px\" \/><\/p>\n<p>Seis horas de espera, y solo puedo prometer y prometo que tras estos roques, Roques de Garc\u00eda ( los de los antiguoas billetes de mil pesetas ) esta el Padre Teide y sus 3718 metros &#8230;y dicen que el demonio Guayota&#8230;\u00a0\u00a0 aunque lo \u00fanico que hac\u00eda era un fr\u00edo del demonio!!! &#8230; mi coche marca bajo cero!!! &#8230;lo descubr\u00ed, -2\u00baC.<\/p>\n<p>&#8230;como an\u00e9ctota quede que me llamaron de la redacci\u00f3n cuando recorr\u00eda la hora quinta a la espera del instante decisivo &#8230;helaba, comenz\u00f3 a granizar , y me nev\u00f3!! &#8230;s\u00ed,para los de fuera ser\u00e1 normalito&#8230;aqu\u00ed y para mi &#8230;nooooooo&#8230;.y me dice el redacctor: \u00bf tardar\u00e1s mucho ? &#8230; el Parque Nacional del Teide est\u00e1 a unos 45 kil\u00f3metros de carretera de monta\u00f1a&#8230;<\/p>\n<p><img data-attachment-id=\"677\" data-permalink=\"http:\/\/desireemartinphoto.com\/blog\/padre-teide-3718-metros-ocultos\/dm-teide-nevado250111-01-blog\/\" data-orig-file=\"http:\/\/desireemartinphoto.com\/blog\/wp-content\/uploads\/2011\/01\/DM-Teide-nevado250111-01-BLOG.jpg\" data-orig-size=\"550,367\" data-comments-opened=\"1\" data-image-meta=\"{&quot;aperture&quot;:&quot;5.6&quot;,&quot;credit&quot;:&quot;&quot;,&quot;camera&quot;:&quot;Canon EOS 5D Mark II&quot;,&quot;caption&quot;:&quot;&quot;,&quot;created_timestamp&quot;:&quot;1295977543&quot;,&quot;copyright&quot;:&quot;&quot;,&quot;focal_length&quot;:&quot;23&quot;,&quot;iso&quot;:&quot;400&quot;,&quot;shutter_speed&quot;:&quot;0.002&quot;,&quot;title&quot;:&quot;&quot;}\" data-image-title=\"DM-Teide-nevado250111-01-BLOG\" data-image-description=\"\" data-medium-file=\"http:\/\/desireemartinphoto.com\/blog\/wp-content\/uploads\/2011\/01\/DM-Teide-nevado250111-01-BLOG-300x200.jpg\" data-large-file=\"http:\/\/desireemartinphoto.com\/blog\/wp-content\/uploads\/2011\/01\/DM-Teide-nevado250111-01-BLOG.jpg\" loading=\"lazy\" class=\"alignnone size-full wp-image-677\" src=\"http:\/\/desireemartinphoto.com\/blog\/wp-content\/uploads\/2011\/01\/DM-Teide-nevado250111-01-BLOG.jpg\" alt=\"\" width=\"550\" height=\"367\" srcset=\"http:\/\/desireemartinphoto.com\/blog\/wp-content\/uploads\/2011\/01\/DM-Teide-nevado250111-01-BLOG.jpg 550w, http:\/\/desireemartinphoto.com\/blog\/wp-content\/uploads\/2011\/01\/DM-Teide-nevado250111-01-BLOG-300x200.jpg 300w\" sizes=\"(max-width: 550px) 100vw, 550px\" \/><\/p>\n<p>&#8230;alguna m\u00e1s&#8230;<\/p>\n<p><img data-attachment-id=\"680\" data-permalink=\"http:\/\/desireemartinphoto.com\/blog\/padre-teide-3718-metros-ocultos\/dm-teide-nevado250111-02-blog\/\" data-orig-file=\"http:\/\/desireemartinphoto.com\/blog\/wp-content\/uploads\/2011\/01\/DM-Teide-nevado250111-02-BLOG.jpg\" data-orig-size=\"550,486\" data-comments-opened=\"1\" data-image-meta=\"{&quot;aperture&quot;:&quot;5.6&quot;,&quot;credit&quot;:&quot;&quot;,&quot;camera&quot;:&quot;Canon EOS 5D Mark II&quot;,&quot;caption&quot;:&quot;&quot;,&quot;created_timestamp&quot;:&quot;1295976381&quot;,&quot;copyright&quot;:&quot;&quot;,&quot;focal_length&quot;:&quot;16&quot;,&quot;iso&quot;:&quot;400&quot;,&quot;shutter_speed&quot;:&quot;0.0015625&quot;,&quot;title&quot;:&quot;&quot;}\" data-image-title=\"DM-Teide-nevado250111-02-BLOG\" data-image-description=\"\" data-medium-file=\"http:\/\/desireemartinphoto.com\/blog\/wp-content\/uploads\/2011\/01\/DM-Teide-nevado250111-02-BLOG-300x265.jpg\" data-large-file=\"http:\/\/desireemartinphoto.com\/blog\/wp-content\/uploads\/2011\/01\/DM-Teide-nevado250111-02-BLOG.jpg\" loading=\"lazy\" class=\"alignnone size-full wp-image-680\" src=\"http:\/\/desireemartinphoto.com\/blog\/wp-content\/uploads\/2011\/01\/DM-Teide-nevado250111-02-BLOG.jpg\" alt=\"\" width=\"550\" height=\"486\" srcset=\"http:\/\/desireemartinphoto.com\/blog\/wp-content\/uploads\/2011\/01\/DM-Teide-nevado250111-02-BLOG.jpg 550w, http:\/\/desireemartinphoto.com\/blog\/wp-content\/uploads\/2011\/01\/DM-Teide-nevado250111-02-BLOG-300x265.jpg 300w\" sizes=\"(max-width: 550px) 100vw, 550px\" \/><\/p>\n<p>Noveleros pal Teide!<\/p>\n<p><img data-attachment-id=\"682\" data-permalink=\"http:\/\/desireemartinphoto.com\/blog\/padre-teide-3718-metros-ocultos\/dm-teide-nevado250111-04-blog\/\" data-orig-file=\"http:\/\/desireemartinphoto.com\/blog\/wp-content\/uploads\/2011\/01\/DM-Teide-nevado250111-04-BLOG.jpg\" data-orig-size=\"550,344\" data-comments-opened=\"1\" data-image-meta=\"{&quot;aperture&quot;:&quot;5.6&quot;,&quot;credit&quot;:&quot;&quot;,&quot;camera&quot;:&quot;Canon EOS 5D Mark II&quot;,&quot;caption&quot;:&quot;&quot;,&quot;created_timestamp&quot;:&quot;1295975744&quot;,&quot;copyright&quot;:&quot;&quot;,&quot;focal_length&quot;:&quot;70&quot;,&quot;iso&quot;:&quot;400&quot;,&quot;shutter_speed&quot;:&quot;0.0008&quot;,&quot;title&quot;:&quot;&quot;}\" data-image-title=\"DM-Teide-nevado250111-04-BLOG\" data-image-description=\"\" data-medium-file=\"http:\/\/desireemartinphoto.com\/blog\/wp-content\/uploads\/2011\/01\/DM-Teide-nevado250111-04-BLOG-300x187.jpg\" data-large-file=\"http:\/\/desireemartinphoto.com\/blog\/wp-content\/uploads\/2011\/01\/DM-Teide-nevado250111-04-BLOG.jpg\" loading=\"lazy\" class=\"alignnone size-full wp-image-682\" src=\"http:\/\/desireemartinphoto.com\/blog\/wp-content\/uploads\/2011\/01\/DM-Teide-nevado250111-04-BLOG.jpg\" alt=\"\" width=\"550\" height=\"344\" srcset=\"http:\/\/desireemartinphoto.com\/blog\/wp-content\/uploads\/2011\/01\/DM-Teide-nevado250111-04-BLOG.jpg 550w, http:\/\/desireemartinphoto.com\/blog\/wp-content\/uploads\/2011\/01\/DM-Teide-nevado250111-04-BLOG-300x187.jpg 300w\" sizes=\"(max-width: 550px) 100vw, 550px\" \/><\/p>\n<p><img data-attachment-id=\"683\" data-permalink=\"http:\/\/desireemartinphoto.com\/blog\/padre-teide-3718-metros-ocultos\/dm-teide-nevado250111-03-blog\/\" data-orig-file=\"http:\/\/desireemartinphoto.com\/blog\/wp-content\/uploads\/2011\/01\/DM-Teide-nevado250111-03-BLOG.jpg\" data-orig-size=\"550,206\" data-comments-opened=\"1\" data-image-meta=\"{&quot;aperture&quot;:&quot;5.6&quot;,&quot;credit&quot;:&quot;&quot;,&quot;camera&quot;:&quot;Canon EOS 5D Mark II&quot;,&quot;caption&quot;:&quot;&quot;,&quot;created_timestamp&quot;:&quot;1295978920&quot;,&quot;copyright&quot;:&quot;&quot;,&quot;focal_length&quot;:&quot;16&quot;,&quot;iso&quot;:&quot;400&quot;,&quot;shutter_speed&quot;:&quot;0.005&quot;,&quot;title&quot;:&quot;&quot;}\" data-image-title=\"DM-Teide-nevado250111-03-BLOG\" data-image-description=\"\" data-medium-file=\"http:\/\/desireemartinphoto.com\/blog\/wp-content\/uploads\/2011\/01\/DM-Teide-nevado250111-03-BLOG-300x112.jpg\" data-large-file=\"http:\/\/desireemartinphoto.com\/blog\/wp-content\/uploads\/2011\/01\/DM-Teide-nevado250111-03-BLOG.jpg\" loading=\"lazy\" class=\"alignnone size-full wp-image-683\" src=\"http:\/\/desireemartinphoto.com\/blog\/wp-content\/uploads\/2011\/01\/DM-Teide-nevado250111-03-BLOG.jpg\" alt=\"\" width=\"550\" height=\"206\" srcset=\"http:\/\/desireemartinphoto.com\/blog\/wp-content\/uploads\/2011\/01\/DM-Teide-nevado250111-03-BLOG.jpg 550w, http:\/\/desireemartinphoto.com\/blog\/wp-content\/uploads\/2011\/01\/DM-Teide-nevado250111-03-BLOG-300x112.jpg 300w\" sizes=\"(max-width: 550px) 100vw, 550px\" \/><\/p>\n<div class=\"sharedaddy sd-sharing-enabled\"><div class=\"robots-nocontent sd-block sd-social sd-social-icon-text sd-sharing\"><h3 class=\"sd-title\">COMPARTE ESTO:<\/h3><div class=\"sd-content\"><ul><li class=\"share-facebook\"><a rel=\"nofollow noopener noreferrer\" data-shared=\"sharing-facebook-674\" class=\"share-facebook sd-button share-icon\" href=\"http:\/\/desireemartinphoto.com\/blog\/padre-teide-3718-metros-ocultos\/?share=facebook\" target=\"_blank\" title=\"Haz clic para compartir en Facebook\"><span>Facebook<\/span><\/a><\/li><li class=\"share-twitter\"><a rel=\"nofollow noopener noreferrer\" data-shared=\"sharing-twitter-674\" class=\"share-twitter sd-button share-icon\" href=\"http:\/\/desireemartinphoto.com\/blog\/padre-teide-3718-metros-ocultos\/?share=twitter\" target=\"_blank\" title=\"Haz clic para compartir en Twitter\"><span>Twitter<\/span><\/a><\/li><li class=\"share-email\"><a rel=\"nofollow noopener noreferrer\" data-shared=\"\" class=\"share-email sd-button share-icon\" href=\"http:\/\/desireemartinphoto.com\/blog\/padre-teide-3718-metros-ocultos\/?share=email\" target=\"_blank\" title=\"Haz clic para enviar por correo electr\u00f3nico a un amigo\"><span>Correo electr\u00f3nico<\/span><\/a><\/li><li class=\"share-linkedin\"><a rel=\"nofollow noopener noreferrer\" data-shared=\"sharing-linkedin-674\" class=\"share-linkedin sd-button share-icon\" href=\"http:\/\/desireemartinphoto.com\/blog\/padre-teide-3718-metros-ocultos\/?share=linkedin\" target=\"_blank\" title=\"Haz clic para compartir en LinkedIn\"><span>LinkedIn<\/span><\/a><\/li><li class=\"share-tumblr\"><a rel=\"nofollow noopener noreferrer\" data-shared=\"\" class=\"share-tumblr sd-button share-icon\" href=\"http:\/\/desireemartinphoto.com\/blog\/padre-teide-3718-metros-ocultos\/?share=tumblr\" target=\"_blank\" title=\"Haz clic para compartir en Tumblr\"><span>Tumblr<\/span><\/a><\/li><li class=\"share-end\"><\/li><\/ul><\/div><\/div><\/div>","protected":false},"excerpt":{"rendered":"<p>Hoy, tras un reportaje relampago sobre tattoo, me encargar sacar fotos del Teide nevado&#8230; Lo intent\u00e9 por el norte de la isla&#8230; ..cubierto, tormenta el lo alto&#8230; esper\u00e9 una hora , no despejo.. Lo intent\u00e9 m\u00e1s al norte, y 39 kil\u00f3metros despu\u00e9s&#8230; nada, o todo, me encontraba entre las nubes , litera\u00f1mente, a esta altitud [&#038;hellip<\/p>\n<div class=\"sharedaddy sd-sharing-enabled\"><div class=\"robots-nocontent sd-block sd-social sd-social-icon-text sd-sharing\"><h3 class=\"sd-title\">COMPARTE ESTO:<\/h3><div class=\"sd-content\"><ul><li class=\"share-facebook\"><a rel=\"nofollow noopener noreferrer\" data-shared=\"sharing-facebook-674\" class=\"share-facebook sd-button share-icon\" href=\"http:\/\/desireemartinphoto.com\/blog\/padre-teide-3718-metros-ocultos\/?share=facebook\" target=\"_blank\" title=\"Haz clic para compartir en Facebook\"><span>Facebook<\/span><\/a><\/li><li class=\"share-twitter\"><a rel=\"nofollow noopener noreferrer\" data-shared=\"sharing-twitter-674\" class=\"share-twitter sd-button share-icon\" href=\"http:\/\/desireemartinphoto.com\/blog\/padre-teide-3718-metros-ocultos\/?share=twitter\" target=\"_blank\" title=\"Haz clic para compartir en Twitter\"><span>Twitter<\/span><\/a><\/li><li class=\"share-email\"><a rel=\"nofollow noopener noreferrer\" data-shared=\"\" class=\"share-email sd-button share-icon\" href=\"http:\/\/desireemartinphoto.com\/blog\/padre-teide-3718-metros-ocultos\/?share=email\" target=\"_blank\" title=\"Haz clic para enviar por correo electr\u00f3nico a un amigo\"><span>Correo electr\u00f3nico<\/span><\/a><\/li><li class=\"share-linkedin\"><a rel=\"nofollow noopener noreferrer\" data-shared=\"sharing-linkedin-674\" class=\"share-linkedin sd-button share-icon\" href=\"http:\/\/desireemartinphoto.com\/blog\/padre-teide-3718-metros-ocultos\/?share=linkedin\" target=\"_blank\" title=\"Haz clic para compartir en LinkedIn\"><span>LinkedIn<\/span><\/a><\/li><li class=\"share-tumblr\"><a rel=\"nofollow noopener noreferrer\" data-shared=\"\" class=\"share-tumblr sd-button share-icon\" href=\"http:\/\/desireemartinphoto.com\/blog\/padre-teide-3718-metros-ocultos\/?share=tumblr\" target=\"_blank\" title=\"Haz clic para compartir en Tumblr\"><span>Tumblr<\/span><\/a><\/li><li class=\"share-end\"><\/li><\/ul><\/div><\/div><\/div>","protected":false},"author":1,"featured_media":0,"comment_status":"open","ping_status":"open","sticky":false,"template":"","format":"standard","meta":{"spay_email":""},"categories":[1],"tags":[74,72,70,75,73,71],"jetpack_featured_media_url":"","jetpack_sharing_enabled":true,"_links":{"self":[{"href":"http:\/\/desireemartinphoto.com\/blog\/wp-json\/wp\/v2\/posts\/674"}],"collection":[{"href":"http:\/\/desireemartinphoto.com\/blog\/wp-json\/wp\/v2\/posts"}],"about":[{"href":"http:\/\/desireemartinphoto.com\/blog\/wp-json\/wp\/v2\/types\/post"}],"author":[{"embeddable":true,"href":"http:\/\/desireemartinphoto.com\/blog\/wp-json\/wp\/v2\/users\/1"}],"replies":[{"embeddable":true,"href":"http:\/\/desireemartinphoto.com\/blog\/wp-json\/wp\/v2\/comments?post=674"}],"version-history":[{"count":5,"href":"http:\/\/desireemartinphoto.com\/blog\/wp-json\/wp\/v2\/posts\/674\/revisions"}],"predecessor-version":[{"id":685,"href":"http:\/\/desireemartinphoto.com\/blog\/wp-json\/wp\/v2\/posts\/674\/revisions\/685"}],"wp:attachment":[{"href":"http:\/\/desireemartinphoto.com\/blog\/wp-json\/wp\/v2\/media?parent=674"}],"wp:term":[{"taxonomy":"category","embeddable":true,"href":"http:\/\/desireemartinphoto.com\/blog\/wp-json\/wp\/v2\/categories?post=674"},{"taxonomy":"post_tag","embeddable":true,"href":"http:\/\/desireemartinphoto.com\/blog\/wp-json\/wp\/v2\/tags?post=674"}],"curies":[{"name":"wp","href":"https:\/\/api.w.org\/{rel}","templated":true}]}}