{"id":624,"date":"2010-11-14T17:23:48","date_gmt":"2010-11-14T17:23:48","guid":{"rendered":"http:\/\/desireemartinphoto.com\/blog\/?p=624"},"modified":"2010-11-14T22:02:01","modified_gmt":"2010-11-14T22:02:01","slug":"laayounne-12-de-noviembre-2010","status":"publish","type":"post","link":"http:\/\/desireemartinphoto.com\/blog\/laayounne-12-de-noviembre-2010\/","title":{"rendered":"Laayoune , 12 de noviembre 2010"},"content":{"rendered":"<p>Muchas ganas de ir, mil complicaciones para conseguir la plaza en el vuelo, un mill\u00f3n de dudas&#8230; pero infinitas ansias de llegar Al Aai\u00fan y ver que hab\u00eda ocurrido.<\/p>\n<p>Es la segunda vez que intento trabajar en el Sahara Occidental, la anterior en la Intifada del 2005, en esa ocasi\u00f3n si me dejaron desembarcar del avi\u00f3n, supongo que como diversi\u00f3n&#8230; no di un paso sin ser seguida , grabada, escuchada&#8230;y ya en la madrugada sacada del hotel&#8230;y un millar de veces cacheada. &#8230;para finalmente expulsarme de la ciudad. Dijeron que ment\u00ed en mis intenciones en el &#8220;pa\u00eds&#8221;&#8230; yo me acredit\u00e9 como fotografa&#8230; y ellos&#8230; dijeron que hab\u00eda tenido contacto con saharaius ( ojala!!), y que , sin embargo, hab\u00eda dicho que iba a realizar un reportaje sobre FUTBOL&#8230; jajajja &#8230;. que triste&#8230; eso me dijo la Embajada. Lo peor es que , como siempre, ..qued\u00f3 en nada&#8230;<\/p>\n<p>El pasaporte que tengo , lleva en cada hoja animales migratorios, me lo cu\u00f1aron en la \u00faltima hoja, en la de las langostas&#8230; gran s\u00edmil&#8230;<\/p>\n<p><img data-attachment-id=\"632\" data-permalink=\"http:\/\/desireemartinphoto.com\/blog\/laayounne-12-de-noviembre-2010\/dm-vuelo-al-aiun-00-blog-2\/\" data-orig-file=\"http:\/\/desireemartinphoto.com\/blog\/wp-content\/uploads\/2010\/11\/DM-Vuelo-Al-Aiun-00-BLOG1.jpg\" data-orig-size=\"550,367\" data-comments-opened=\"1\" data-image-meta=\"{&quot;aperture&quot;:&quot;5&quot;,&quot;credit&quot;:&quot;&quot;,&quot;camera&quot;:&quot;Canon EOS-1D Mark II&quot;,&quot;caption&quot;:&quot;&quot;,&quot;created_timestamp&quot;:&quot;1289561375&quot;,&quot;copyright&quot;:&quot;&quot;,&quot;focal_length&quot;:&quot;18&quot;,&quot;iso&quot;:&quot;800&quot;,&quot;shutter_speed&quot;:&quot;0.05&quot;,&quot;title&quot;:&quot;&quot;}\" data-image-title=\"DM-Vuelo-Al-Aiun-00-BLOG1\" data-image-description=\"\" data-medium-file=\"http:\/\/desireemartinphoto.com\/blog\/wp-content\/uploads\/2010\/11\/DM-Vuelo-Al-Aiun-00-BLOG1-300x200.jpg\" data-large-file=\"http:\/\/desireemartinphoto.com\/blog\/wp-content\/uploads\/2010\/11\/DM-Vuelo-Al-Aiun-00-BLOG1.jpg\" loading=\"lazy\" class=\"alignnone size-full wp-image-632\" src=\"http:\/\/desireemartinphoto.com\/blog\/wp-content\/uploads\/2010\/11\/DM-Vuelo-Al-Aiun-00-BLOG1.jpg\" alt=\"\" width=\"550\" height=\"367\" srcset=\"http:\/\/desireemartinphoto.com\/blog\/wp-content\/uploads\/2010\/11\/DM-Vuelo-Al-Aiun-00-BLOG1.jpg 550w, http:\/\/desireemartinphoto.com\/blog\/wp-content\/uploads\/2010\/11\/DM-Vuelo-Al-Aiun-00-BLOG1-300x200.jpg 300w\" sizes=\"(max-width: 550px) 100vw, 550px\" \/><\/p>\n<p><img data-attachment-id=\"625\" data-permalink=\"http:\/\/desireemartinphoto.com\/blog\/laayounne-12-de-noviembre-2010\/morocco-wsahara-unrest-refugees\/\" data-orig-file=\"http:\/\/desireemartinphoto.com\/blog\/wp-content\/uploads\/2010\/11\/DM-Vuelo-Al-Aiun-15-BLOG.jpg\" data-orig-size=\"550,333\" data-comments-opened=\"1\" data-image-meta=\"{&quot;aperture&quot;:&quot;2.8&quot;,&quot;credit&quot;:&quot;DESIREE MARTIN&quot;,&quot;camera&quot;:&quot;Canon EOS-1D Mark II&quot;,&quot;caption&quot;:&quot;View of the Laayounne airport from the flight when went the spanish journalist who has been prevented arrive to the country,  on the Laayounne airport on November 12, 2010. .  AFP PHOTO\\\/ DESIREE MARTIN&quot;,&quot;created_timestamp&quot;:&quot;1289575534&quot;,&quot;copyright&quot;:&quot;ImageForum&quot;,&quot;focal_length&quot;:&quot;70&quot;,&quot;iso&quot;:&quot;100&quot;,&quot;shutter_speed&quot;:&quot;0.00025&quot;,&quot;title&quot;:&quot;MOROCCO-WSAHARA-UNREST-REFUGEES&quot;}\" data-image-title=\"DM-Vuelo-Al-Aiun-15-BLOG\" data-image-description=\"&lt;p&gt;View of the Laayounne airport from the flight when went the spanish journalist who has been prevented arrive to the country,  on the Laayounne airport on November 12, 2010. .  AFP PHOTO\/ DESIREE MARTIN&lt;\/p&gt;\n\" data-medium-file=\"http:\/\/desireemartinphoto.com\/blog\/wp-content\/uploads\/2010\/11\/DM-Vuelo-Al-Aiun-15-BLOG-300x181.jpg\" data-large-file=\"http:\/\/desireemartinphoto.com\/blog\/wp-content\/uploads\/2010\/11\/DM-Vuelo-Al-Aiun-15-BLOG.jpg\" loading=\"lazy\" class=\"alignnone size-full wp-image-625\" src=\"http:\/\/desireemartinphoto.com\/blog\/wp-content\/uploads\/2010\/11\/DM-Vuelo-Al-Aiun-15-BLOG.jpg\" alt=\"\" width=\"550\" height=\"333\" srcset=\"http:\/\/desireemartinphoto.com\/blog\/wp-content\/uploads\/2010\/11\/DM-Vuelo-Al-Aiun-15-BLOG.jpg 550w, http:\/\/desireemartinphoto.com\/blog\/wp-content\/uploads\/2010\/11\/DM-Vuelo-Al-Aiun-15-BLOG-300x181.jpg 300w\" sizes=\"(max-width: 550px) 100vw, 550px\" \/><\/p>\n<p>&#8230;ya ve\u00edamos desde el avi\u00f3n alguna columna de humo en las afueras de la ciudad ..y como se puede ver&#8230;aviones militares y helic\u00f3pteros en actividad &#8230;en las pistas.. \u00c9sta imagen es tras el despegue. Varios pasajeros, supongo que marroqu\u00edes, me increparon por hacerla&#8230;<\/p>\n<p><img data-attachment-id=\"634\" data-permalink=\"http:\/\/desireemartinphoto.com\/blog\/laayounne-12-de-noviembre-2010\/dm-vuelo-al-aiun-001-blog\/\" data-orig-file=\"http:\/\/desireemartinphoto.com\/blog\/wp-content\/uploads\/2010\/11\/DM-Vuelo-Al-Aiun-001-BLOG.jpg\" data-orig-size=\"550,367\" data-comments-opened=\"1\" data-image-meta=\"{&quot;aperture&quot;:&quot;6.3&quot;,&quot;credit&quot;:&quot;&quot;,&quot;camera&quot;:&quot;Canon EOS-1D Mark II&quot;,&quot;caption&quot;:&quot;&quot;,&quot;created_timestamp&quot;:&quot;1289573230&quot;,&quot;copyright&quot;:&quot;&quot;,&quot;focal_length&quot;:&quot;12&quot;,&quot;iso&quot;:&quot;100&quot;,&quot;shutter_speed&quot;:&quot;0.0025&quot;,&quot;title&quot;:&quot;&quot;}\" data-image-title=\"DM-Vuelo-Al-Aiun-001-BLOG\" data-image-description=\"\" data-medium-file=\"http:\/\/desireemartinphoto.com\/blog\/wp-content\/uploads\/2010\/11\/DM-Vuelo-Al-Aiun-001-BLOG-300x200.jpg\" data-large-file=\"http:\/\/desireemartinphoto.com\/blog\/wp-content\/uploads\/2010\/11\/DM-Vuelo-Al-Aiun-001-BLOG.jpg\" loading=\"lazy\" class=\"alignnone size-full wp-image-634\" src=\"http:\/\/desireemartinphoto.com\/blog\/wp-content\/uploads\/2010\/11\/DM-Vuelo-Al-Aiun-001-BLOG.jpg\" alt=\"\" width=\"550\" height=\"367\" srcset=\"http:\/\/desireemartinphoto.com\/blog\/wp-content\/uploads\/2010\/11\/DM-Vuelo-Al-Aiun-001-BLOG.jpg 550w, http:\/\/desireemartinphoto.com\/blog\/wp-content\/uploads\/2010\/11\/DM-Vuelo-Al-Aiun-001-BLOG-300x200.jpg 300w\" sizes=\"(max-width: 550px) 100vw, 550px\" \/><\/p>\n<p><img data-attachment-id=\"638\" data-permalink=\"http:\/\/desireemartinphoto.com\/blog\/laayounne-12-de-noviembre-2010\/morocco-wsahara-unrest-refugees-8\/\" data-orig-file=\"http:\/\/desireemartinphoto.com\/blog\/wp-content\/uploads\/2010\/11\/DM-Vuelo-Al-Aiun-03-BLOG.jpg\" data-orig-size=\"550,367\" data-comments-opened=\"1\" data-image-meta=\"{&quot;aperture&quot;:&quot;5.6&quot;,&quot;credit&quot;:&quot;DESIREE MARTIN&quot;,&quot;camera&quot;:&quot;Canon EOS-1D Mark II&quot;,&quot;caption&quot;:&quot;Picture of a military from the airplane when went the spanish journalist who has been prevented arrive to the country,  on the Laayounne airport on November 12, 2010. .  AFP PHOTO\\\/ DESIREE MARTIN&quot;,&quot;created_timestamp&quot;:&quot;1289573427&quot;,&quot;copyright&quot;:&quot;ImageForum&quot;,&quot;focal_length&quot;:&quot;70&quot;,&quot;iso&quot;:&quot;100&quot;,&quot;shutter_speed&quot;:&quot;0.0025&quot;,&quot;title&quot;:&quot;MOROCCO-WSAHARA-UNREST-REFUGEES&quot;}\" data-image-title=\"DM-Vuelo-Al-Aiun-03-BLOG\" data-image-description=\"\" data-medium-file=\"http:\/\/desireemartinphoto.com\/blog\/wp-content\/uploads\/2010\/11\/DM-Vuelo-Al-Aiun-03-BLOG-300x200.jpg\" data-large-file=\"http:\/\/desireemartinphoto.com\/blog\/wp-content\/uploads\/2010\/11\/DM-Vuelo-Al-Aiun-03-BLOG.jpg\" loading=\"lazy\" class=\"alignnone size-full wp-image-638\" src=\"http:\/\/desireemartinphoto.com\/blog\/wp-content\/uploads\/2010\/11\/DM-Vuelo-Al-Aiun-03-BLOG.jpg\" alt=\"\" width=\"550\" height=\"367\" srcset=\"http:\/\/desireemartinphoto.com\/blog\/wp-content\/uploads\/2010\/11\/DM-Vuelo-Al-Aiun-03-BLOG.jpg 550w, http:\/\/desireemartinphoto.com\/blog\/wp-content\/uploads\/2010\/11\/DM-Vuelo-Al-Aiun-03-BLOG-300x200.jpg 300w\" sizes=\"(max-width: 550px) 100vw, 550px\" \/><\/p>\n<p>..tras aterrizar , militares y\/o polic\u00edas hicieron acto de presencia alrededor del avi\u00f3n&#8230;<\/p>\n<p><img data-attachment-id=\"627\" data-permalink=\"http:\/\/desireemartinphoto.com\/blog\/laayounne-12-de-noviembre-2010\/morocco-wsahara-unrest-refugees-3\/\" data-orig-file=\"http:\/\/desireemartinphoto.com\/blog\/wp-content\/uploads\/2010\/11\/DM-Vuelo-Al-Aiun-01-BLOG.jpg\" data-orig-size=\"550,367\" data-comments-opened=\"1\" data-image-meta=\"{&quot;aperture&quot;:&quot;5.6&quot;,&quot;credit&quot;:&quot;DESIREE MARTIN&quot;,&quot;camera&quot;:&quot;Canon EOS-1D Mark II&quot;,&quot;caption&quot;:&quot;Spanish journalist , who has been prevented arrive to the country, inside the airplane in the Laayounne airport on November 12, 2010. .  AFP PHOTO\\\/ DESIREE MARTIN&quot;,&quot;created_timestamp&quot;:&quot;1289573299&quot;,&quot;copyright&quot;:&quot;ImageForum&quot;,&quot;focal_length&quot;:&quot;12&quot;,&quot;iso&quot;:&quot;1000&quot;,&quot;shutter_speed&quot;:&quot;0.0125&quot;,&quot;title&quot;:&quot;MOROCCO-WSAHARA-UNREST-REFUGEES&quot;}\" data-image-title=\"DM-Vuelo-Al-Aiun-01-BLOG\" data-image-description=\"&lt;p&gt;Spanish journalist , who has been prevented arrive to the country, inside the airplane in the Laayounne airport on November 12, 2010. .  AFP PHOTO\/ DESIREE MARTIN&lt;\/p&gt;\n\" data-medium-file=\"http:\/\/desireemartinphoto.com\/blog\/wp-content\/uploads\/2010\/11\/DM-Vuelo-Al-Aiun-01-BLOG-300x200.jpg\" data-large-file=\"http:\/\/desireemartinphoto.com\/blog\/wp-content\/uploads\/2010\/11\/DM-Vuelo-Al-Aiun-01-BLOG.jpg\" loading=\"lazy\" class=\"alignnone size-full wp-image-627\" src=\"http:\/\/desireemartinphoto.com\/blog\/wp-content\/uploads\/2010\/11\/DM-Vuelo-Al-Aiun-01-BLOG.jpg\" alt=\"\" width=\"550\" height=\"367\" srcset=\"http:\/\/desireemartinphoto.com\/blog\/wp-content\/uploads\/2010\/11\/DM-Vuelo-Al-Aiun-01-BLOG.jpg 550w, http:\/\/desireemartinphoto.com\/blog\/wp-content\/uploads\/2010\/11\/DM-Vuelo-Al-Aiun-01-BLOG-300x200.jpg 300w\" sizes=\"(max-width: 550px) 100vw, 550px\" \/><\/p>\n<p>&#8230;a\u00fan quedaba una peque\u00f1a esperanza .. Varios personajes entraron en el avi\u00f3n para pedirnos pasaportes y acreditaciones de prensa.<\/p>\n<p><img data-attachment-id=\"633\" data-permalink=\"http:\/\/desireemartinphoto.com\/blog\/laayounne-12-de-noviembre-2010\/morocco-wsahara-unrest-refugees-6\/\" data-orig-file=\"http:\/\/desireemartinphoto.com\/blog\/wp-content\/uploads\/2010\/11\/DM-Vuelo-Al-Aiun-06-BLOG.jpg\" data-orig-size=\"550,367\" data-comments-opened=\"1\" data-image-meta=\"{&quot;aperture&quot;:&quot;5.6&quot;,&quot;credit&quot;:&quot;DESIREE MARTIN&quot;,&quot;camera&quot;:&quot;Canon EOS-1D Mark II&quot;,&quot;caption&quot;:&quot;Picture of the police from the airplane when went the spanish journalist who has been prevented arrive to the country,  on the Laayounne airport on November 12, 2010. .  AFP PHOTO\\\/ DESIREE MARTIN&quot;,&quot;created_timestamp&quot;:&quot;1289573443&quot;,&quot;copyright&quot;:&quot;ImageForum&quot;,&quot;focal_length&quot;:&quot;70&quot;,&quot;iso&quot;:&quot;100&quot;,&quot;shutter_speed&quot;:&quot;0.005&quot;,&quot;title&quot;:&quot;MOROCCO-WSAHARA-UNREST-REFUGEES&quot;}\" data-image-title=\"DM-Vuelo-Al-Aiun-06-BLOG\" data-image-description=\"\" data-medium-file=\"http:\/\/desireemartinphoto.com\/blog\/wp-content\/uploads\/2010\/11\/DM-Vuelo-Al-Aiun-06-BLOG-300x200.jpg\" data-large-file=\"http:\/\/desireemartinphoto.com\/blog\/wp-content\/uploads\/2010\/11\/DM-Vuelo-Al-Aiun-06-BLOG.jpg\" loading=\"lazy\" class=\"alignnone size-full wp-image-633\" src=\"http:\/\/desireemartinphoto.com\/blog\/wp-content\/uploads\/2010\/11\/DM-Vuelo-Al-Aiun-06-BLOG.jpg\" alt=\"\" width=\"550\" height=\"367\" srcset=\"http:\/\/desireemartinphoto.com\/blog\/wp-content\/uploads\/2010\/11\/DM-Vuelo-Al-Aiun-06-BLOG.jpg 550w, http:\/\/desireemartinphoto.com\/blog\/wp-content\/uploads\/2010\/11\/DM-Vuelo-Al-Aiun-06-BLOG-300x200.jpg 300w\" sizes=\"(max-width: 550px) 100vw, 550px\" \/><\/p>\n<p><img data-attachment-id=\"629\" data-permalink=\"http:\/\/desireemartinphoto.com\/blog\/laayounne-12-de-noviembre-2010\/morocco-wsahara-unrest-refugees-5\/\" data-orig-file=\"http:\/\/desireemartinphoto.com\/blog\/wp-content\/uploads\/2010\/11\/DM-Vuelo-Al-Aiun-14-BLOG.jpg\" data-orig-size=\"550,367\" data-comments-opened=\"1\" data-image-meta=\"{&quot;aperture&quot;:&quot;2.8&quot;,&quot;credit&quot;:&quot;DESIREE MARTIN&quot;,&quot;camera&quot;:&quot;Canon EOS-1D Mark II&quot;,&quot;caption&quot;:&quot;View of the Laayounne airport from the flight when went the spanish journalist who has been prevented arrive to the country,  on the Laayounne airport on November 12, 2010. .  AFP PHOTO\\\/ DESIREE MARTIN&quot;,&quot;created_timestamp&quot;:&quot;1289575537&quot;,&quot;copyright&quot;:&quot;ImageForum&quot;,&quot;focal_length&quot;:&quot;70&quot;,&quot;iso&quot;:&quot;100&quot;,&quot;shutter_speed&quot;:&quot;0.00025&quot;,&quot;title&quot;:&quot;MOROCCO-WSAHARA-UNREST-REFUGEES&quot;}\" data-image-title=\"DM-Vuelo-Al-Aiun-14-BLOG\" data-image-description=\"\" data-medium-file=\"http:\/\/desireemartinphoto.com\/blog\/wp-content\/uploads\/2010\/11\/DM-Vuelo-Al-Aiun-14-BLOG-300x200.jpg\" data-large-file=\"http:\/\/desireemartinphoto.com\/blog\/wp-content\/uploads\/2010\/11\/DM-Vuelo-Al-Aiun-14-BLOG.jpg\" loading=\"lazy\" class=\"alignnone size-full wp-image-629\" src=\"http:\/\/desireemartinphoto.com\/blog\/wp-content\/uploads\/2010\/11\/DM-Vuelo-Al-Aiun-14-BLOG.jpg\" alt=\"\" width=\"550\" height=\"367\" srcset=\"http:\/\/desireemartinphoto.com\/blog\/wp-content\/uploads\/2010\/11\/DM-Vuelo-Al-Aiun-14-BLOG.jpg 550w, http:\/\/desireemartinphoto.com\/blog\/wp-content\/uploads\/2010\/11\/DM-Vuelo-Al-Aiun-14-BLOG-300x200.jpg 300w\" sizes=\"(max-width: 550px) 100vw, 550px\" \/><\/p>\n<p>&#8230;que se disip\u00f3 tras unos 30 minutos de espera en el interior del avi\u00f3n.. Nos expulsaban de la ciudad.. Pregunt\u00e9 la raz\u00f3n, y no hubo respuesta&#8230;<\/p>\n<p><img data-attachment-id=\"635\" data-permalink=\"http:\/\/desireemartinphoto.com\/blog\/laayounne-12-de-noviembre-2010\/morocco-wsahara-unrest-refugees-7\/\" data-orig-file=\"http:\/\/desireemartinphoto.com\/blog\/wp-content\/uploads\/2010\/11\/DM-Vuelo-Al-Aiun-12-BLOG.jpg\" data-orig-size=\"550,367\" data-comments-opened=\"1\" data-image-meta=\"{&quot;aperture&quot;:&quot;5&quot;,&quot;credit&quot;:&quot;DESIREE MARTIN&quot;,&quot;camera&quot;:&quot;Canon EOS-1D Mark II&quot;,&quot;caption&quot;:&quot;Spanish journalist , who has been prevented arrive to the country, inside the airplane in the Laayounne airport on November 12, 2010. .  AFP PHOTO\\\/ DESIREE MARTIN&quot;,&quot;created_timestamp&quot;:&quot;1289576471&quot;,&quot;copyright&quot;:&quot;ImageForum&quot;,&quot;focal_length&quot;:&quot;12&quot;,&quot;iso&quot;:&quot;1000&quot;,&quot;shutter_speed&quot;:&quot;0.01&quot;,&quot;title&quot;:&quot;MOROCCO-WSAHARA-UNREST-REFUGEES&quot;}\" data-image-title=\"DM-Vuelo-Al-Aiun-12-BLOG\" data-image-description=\"\" data-medium-file=\"http:\/\/desireemartinphoto.com\/blog\/wp-content\/uploads\/2010\/11\/DM-Vuelo-Al-Aiun-12-BLOG-300x200.jpg\" data-large-file=\"http:\/\/desireemartinphoto.com\/blog\/wp-content\/uploads\/2010\/11\/DM-Vuelo-Al-Aiun-12-BLOG.jpg\" loading=\"lazy\" class=\"alignnone size-full wp-image-635\" src=\"http:\/\/desireemartinphoto.com\/blog\/wp-content\/uploads\/2010\/11\/DM-Vuelo-Al-Aiun-12-BLOG.jpg\" alt=\"\" width=\"550\" height=\"367\" srcset=\"http:\/\/desireemartinphoto.com\/blog\/wp-content\/uploads\/2010\/11\/DM-Vuelo-Al-Aiun-12-BLOG.jpg 550w, http:\/\/desireemartinphoto.com\/blog\/wp-content\/uploads\/2010\/11\/DM-Vuelo-Al-Aiun-12-BLOG-300x200.jpg 300w\" sizes=\"(max-width: 550px) 100vw, 550px\" \/><\/p>\n<p>Y ahora qu\u00e9?&#8230; si hay ideas de como llegar hasta el lugar, pueden contar conmigo. En cuanto vea u oiga un hueco&#8230;me meto!.<\/p>\n<div class=\"sharedaddy sd-sharing-enabled\"><div class=\"robots-nocontent sd-block sd-social sd-social-icon-text sd-sharing\"><h3 class=\"sd-title\">COMPARTE ESTO:<\/h3><div class=\"sd-content\"><ul><li class=\"share-facebook\"><a rel=\"nofollow noopener noreferrer\" data-shared=\"sharing-facebook-624\" class=\"share-facebook sd-button share-icon\" href=\"http:\/\/desireemartinphoto.com\/blog\/laayounne-12-de-noviembre-2010\/?share=facebook\" target=\"_blank\" title=\"Haz clic para compartir en Facebook\"><span>Facebook<\/span><\/a><\/li><li class=\"share-twitter\"><a rel=\"nofollow noopener noreferrer\" data-shared=\"sharing-twitter-624\" class=\"share-twitter sd-button share-icon\" href=\"http:\/\/desireemartinphoto.com\/blog\/laayounne-12-de-noviembre-2010\/?share=twitter\" target=\"_blank\" title=\"Haz clic para compartir en Twitter\"><span>Twitter<\/span><\/a><\/li><li class=\"share-email\"><a rel=\"nofollow noopener noreferrer\" data-shared=\"\" class=\"share-email sd-button share-icon\" href=\"http:\/\/desireemartinphoto.com\/blog\/laayounne-12-de-noviembre-2010\/?share=email\" target=\"_blank\" title=\"Haz clic para enviar por correo electr\u00f3nico a un amigo\"><span>Correo electr\u00f3nico<\/span><\/a><\/li><li class=\"share-linkedin\"><a rel=\"nofollow noopener noreferrer\" data-shared=\"sharing-linkedin-624\" class=\"share-linkedin sd-button share-icon\" href=\"http:\/\/desireemartinphoto.com\/blog\/laayounne-12-de-noviembre-2010\/?share=linkedin\" target=\"_blank\" title=\"Haz clic para compartir en LinkedIn\"><span>LinkedIn<\/span><\/a><\/li><li class=\"share-tumblr\"><a rel=\"nofollow noopener noreferrer\" data-shared=\"\" class=\"share-tumblr sd-button share-icon\" href=\"http:\/\/desireemartinphoto.com\/blog\/laayounne-12-de-noviembre-2010\/?share=tumblr\" target=\"_blank\" title=\"Haz clic para compartir en Tumblr\"><span>Tumblr<\/span><\/a><\/li><li class=\"share-end\"><\/li><\/ul><\/div><\/div><\/div>","protected":false},"excerpt":{"rendered":"<p>Muchas ganas de ir, mil complicaciones para conseguir la plaza en el vuelo, un mill\u00f3n de dudas&#8230; pero infinitas ansias de llegar Al Aai\u00fan y ver que hab\u00eda ocurrido. Es la segunda vez que intento trabajar en el Sahara Occidental, la anterior en la Intifada del 2005, en esa ocasi\u00f3n si me dejaron desembarcar del [&#038;hellip<\/p>\n<div class=\"sharedaddy sd-sharing-enabled\"><div class=\"robots-nocontent sd-block sd-social sd-social-icon-text sd-sharing\"><h3 class=\"sd-title\">COMPARTE ESTO:<\/h3><div class=\"sd-content\"><ul><li class=\"share-facebook\"><a rel=\"nofollow noopener noreferrer\" data-shared=\"sharing-facebook-624\" class=\"share-facebook sd-button share-icon\" href=\"http:\/\/desireemartinphoto.com\/blog\/laayounne-12-de-noviembre-2010\/?share=facebook\" target=\"_blank\" title=\"Haz clic para compartir en Facebook\"><span>Facebook<\/span><\/a><\/li><li class=\"share-twitter\"><a rel=\"nofollow noopener noreferrer\" data-shared=\"sharing-twitter-624\" class=\"share-twitter sd-button share-icon\" href=\"http:\/\/desireemartinphoto.com\/blog\/laayounne-12-de-noviembre-2010\/?share=twitter\" target=\"_blank\" title=\"Haz clic para compartir en Twitter\"><span>Twitter<\/span><\/a><\/li><li class=\"share-email\"><a rel=\"nofollow noopener noreferrer\" data-shared=\"\" class=\"share-email sd-button share-icon\" href=\"http:\/\/desireemartinphoto.com\/blog\/laayounne-12-de-noviembre-2010\/?share=email\" target=\"_blank\" title=\"Haz clic para enviar por correo electr\u00f3nico a un amigo\"><span>Correo electr\u00f3nico<\/span><\/a><\/li><li class=\"share-linkedin\"><a rel=\"nofollow noopener noreferrer\" data-shared=\"sharing-linkedin-624\" class=\"share-linkedin sd-button share-icon\" href=\"http:\/\/desireemartinphoto.com\/blog\/laayounne-12-de-noviembre-2010\/?share=linkedin\" target=\"_blank\" title=\"Haz clic para compartir en LinkedIn\"><span>LinkedIn<\/span><\/a><\/li><li class=\"share-tumblr\"><a rel=\"nofollow noopener noreferrer\" data-shared=\"\" class=\"share-tumblr sd-button share-icon\" href=\"http:\/\/desireemartinphoto.com\/blog\/laayounne-12-de-noviembre-2010\/?share=tumblr\" target=\"_blank\" title=\"Haz clic para compartir en Tumblr\"><span>Tumblr<\/span><\/a><\/li><li class=\"share-end\"><\/li><\/ul><\/div><\/div><\/div>","protected":false},"author":1,"featured_media":0,"comment_status":"open","ping_status":"open","sticky":false,"template":"","format":"standard","meta":{"spay_email":""},"categories":[1],"tags":[63,5,65,67,64,66,62],"jetpack_featured_media_url":"","jetpack_sharing_enabled":true,"_links":{"self":[{"href":"http:\/\/desireemartinphoto.com\/blog\/wp-json\/wp\/v2\/posts\/624"}],"collection":[{"href":"http:\/\/desireemartinphoto.com\/blog\/wp-json\/wp\/v2\/posts"}],"about":[{"href":"http:\/\/desireemartinphoto.com\/blog\/wp-json\/wp\/v2\/types\/post"}],"author":[{"embeddable":true,"href":"http:\/\/desireemartinphoto.com\/blog\/wp-json\/wp\/v2\/users\/1"}],"replies":[{"embeddable":true,"href":"http:\/\/desireemartinphoto.com\/blog\/wp-json\/wp\/v2\/comments?post=624"}],"version-history":[{"count":6,"href":"http:\/\/desireemartinphoto.com\/blog\/wp-json\/wp\/v2\/posts\/624\/revisions"}],"predecessor-version":[{"id":641,"href":"http:\/\/desireemartinphoto.com\/blog\/wp-json\/wp\/v2\/posts\/624\/revisions\/641"}],"wp:attachment":[{"href":"http:\/\/desireemartinphoto.com\/blog\/wp-json\/wp\/v2\/media?parent=624"}],"wp:term":[{"taxonomy":"category","embeddable":true,"href":"http:\/\/desireemartinphoto.com\/blog\/wp-json\/wp\/v2\/categories?post=624"},{"taxonomy":"post_tag","embeddable":true,"href":"http:\/\/desireemartinphoto.com\/blog\/wp-json\/wp\/v2\/tags?post=624"}],"curies":[{"name":"wp","href":"https:\/\/api.w.org\/{rel}","templated":true}]}}