{"id":60,"date":"2010-03-25T16:04:33","date_gmt":"2010-03-25T16:04:33","guid":{"rendered":"http:\/\/desireemartinphoto.com\/blog\/?p=60"},"modified":"2010-03-26T01:28:20","modified_gmt":"2010-03-26T01:28:20","slug":"al-pie-del-pozo-de-jinamar-3er-dia-mmmmmmm","status":"publish","type":"post","link":"http:\/\/desireemartinphoto.com\/blog\/al-pie-del-pozo-de-jinamar-3er-dia-mmmmmmm\/","title":{"rendered":"&#8230;al pie del pozo de Jinamar&#8230;3er d\u00eda&#8230; mmmmMMM"},"content":{"rendered":"<p><img data-attachment-id=\"61\" data-permalink=\"http:\/\/desireemartinphoto.com\/blog\/al-pie-del-pozo-de-jinamar-3er-dia-mmmmmmm\/dm-caso-sara-250310-01-blog\/\" data-orig-file=\"http:\/\/desireemartinphoto.com\/blog\/wp-content\/uploads\/2010\/03\/DM-Caso-Sara-250310-01-blog.jpg\" data-orig-size=\"367,550\" data-comments-opened=\"1\" data-image-meta=\"{&quot;aperture&quot;:&quot;5.6&quot;,&quot;credit&quot;:&quot;&quot;,&quot;camera&quot;:&quot;Canon EOS 5D Mark II&quot;,&quot;caption&quot;:&quot;&quot;,&quot;created_timestamp&quot;:&quot;1269513003&quot;,&quot;copyright&quot;:&quot;&quot;,&quot;focal_length&quot;:&quot;16&quot;,&quot;iso&quot;:&quot;400&quot;,&quot;shutter_speed&quot;:&quot;0.0003125&quot;,&quot;title&quot;:&quot;&quot;}\" data-image-title=\"DM-Caso-Sara-250310-01-blog\" data-image-description=\"\" data-medium-file=\"http:\/\/desireemartinphoto.com\/blog\/wp-content\/uploads\/2010\/03\/DM-Caso-Sara-250310-01-blog-200x300.jpg\" data-large-file=\"http:\/\/desireemartinphoto.com\/blog\/wp-content\/uploads\/2010\/03\/DM-Caso-Sara-250310-01-blog.jpg\" loading=\"lazy\" class=\"alignnone size-full wp-image-61\" src=\"http:\/\/desireemartinphoto.com\/blog\/wp-content\/uploads\/2010\/03\/DM-Caso-Sara-250310-01-blog.jpg\" alt=\"\" width=\"367\" height=\"550\" srcset=\"http:\/\/desireemartinphoto.com\/blog\/wp-content\/uploads\/2010\/03\/DM-Caso-Sara-250310-01-blog.jpg 367w, http:\/\/desireemartinphoto.com\/blog\/wp-content\/uploads\/2010\/03\/DM-Caso-Sara-250310-01-blog-200x300.jpg 200w\" sizes=\"(max-width: 367px) 100vw, 367px\" \/><\/p>\n<p>&#8230; nosotros &#8230;los gr\u00e1ficos y redactores , apostados a un lado&#8230; ese lado que simepre existe tras la cintita que te repite: POLICIA NACIONAL &#8211; PROHIBIDO EL PASO&#8230;<\/p>\n<p><img data-attachment-id=\"62\" data-permalink=\"http:\/\/desireemartinphoto.com\/blog\/al-pie-del-pozo-de-jinamar-3er-dia-mmmmmmm\/dm-caso-sara-250310-03-blog\/\" data-orig-file=\"http:\/\/desireemartinphoto.com\/blog\/wp-content\/uploads\/2010\/03\/DM-Caso-Sara-250310-03-blog.jpg\" data-orig-size=\"550,367\" data-comments-opened=\"1\" data-image-meta=\"{&quot;aperture&quot;:&quot;5.6&quot;,&quot;credit&quot;:&quot;&quot;,&quot;camera&quot;:&quot;Canon EOS 5D Mark II&quot;,&quot;caption&quot;:&quot;&quot;,&quot;created_timestamp&quot;:&quot;1269511430&quot;,&quot;copyright&quot;:&quot;&quot;,&quot;focal_length&quot;:&quot;16&quot;,&quot;iso&quot;:&quot;400&quot;,&quot;shutter_speed&quot;:&quot;0.0004&quot;,&quot;title&quot;:&quot;&quot;}\" data-image-title=\"DM-Caso-Sara-250310-03-blog\" data-image-description=\"\" data-medium-file=\"http:\/\/desireemartinphoto.com\/blog\/wp-content\/uploads\/2010\/03\/DM-Caso-Sara-250310-03-blog-300x200.jpg\" data-large-file=\"http:\/\/desireemartinphoto.com\/blog\/wp-content\/uploads\/2010\/03\/DM-Caso-Sara-250310-03-blog.jpg\" loading=\"lazy\" class=\"alignnone size-full wp-image-62\" src=\"http:\/\/desireemartinphoto.com\/blog\/wp-content\/uploads\/2010\/03\/DM-Caso-Sara-250310-03-blog.jpg\" alt=\"\" width=\"550\" height=\"367\" srcset=\"http:\/\/desireemartinphoto.com\/blog\/wp-content\/uploads\/2010\/03\/DM-Caso-Sara-250310-03-blog.jpg 550w, http:\/\/desireemartinphoto.com\/blog\/wp-content\/uploads\/2010\/03\/DM-Caso-Sara-250310-03-blog-300x200.jpg 300w\" sizes=\"(max-width: 550px) 100vw, 550px\" \/><\/p>\n<p>&#8230; ese lado que seg\u00fan transcurren las horas se hace m\u00e1s y m\u00e1s peque\u00f1o.. y el \u00e1ngulo para poder realizar las fotograf\u00edas, nuestro trabajo, ..es m\u00e1s y m\u00e1s reducido&#8230;convirtiendose en una rendijita, a trav\u00e9s de una puerta entreabierta solo por momentos&#8230; sigo sin comprender por qu\u00e9 se afanan en colocar vehiculos y todo trasto que hay a su alcance para dificultarnos nuestra labor&#8230; en fin&#8230;<\/p>\n<p><img data-attachment-id=\"63\" data-permalink=\"http:\/\/desireemartinphoto.com\/blog\/al-pie-del-pozo-de-jinamar-3er-dia-mmmmmmm\/dm-caso-sara-250310-combo-espera-blog\/\" data-orig-file=\"http:\/\/desireemartinphoto.com\/blog\/wp-content\/uploads\/2010\/03\/DM-Caso-Sara-250310-COMBO-espera-blog.jpg\" data-orig-size=\"550,169\" data-comments-opened=\"1\" data-image-meta=\"{&quot;aperture&quot;:&quot;0&quot;,&quot;credit&quot;:&quot;&quot;,&quot;camera&quot;:&quot;&quot;,&quot;caption&quot;:&quot;COMBO DE FOTOGRAFIAS\\r\\rLAS PALMAS DE GRAN CANARIA   JINAMAR 250310\\r\\rCONTINUAN LOS TRABAJOS DE DRENAJE Y RETIRADA DE LODO EN EL POZO LOS NARANJOS DEL BARRIO DE JINAMAR EN LA ISLA CANARIA DE DE GRAN CANARIA, PARA ACCEDER A LOS SUPUESTOS HUESOS HUMANOS QUE PODRIAN PERTENECER A LA NI\\u0084A DESAPARECIDA POR LA ZONA DE EL CENTRO COMERCIAL LA BALLENA EL 30 DE JULIO DEL 2006 , SARA MORALES\\r JEFA DE LA POLICIA NACIONAL CONCEPCION DE VEGA  Y EL COMISARIO PROVINCIAL\\r\\r\\rDESIREE MARTIN\\\/ PUBLICO&quot;,&quot;created_timestamp&quot;:&quot;1269530257&quot;,&quot;copyright&quot;:&quot;&quot;,&quot;focal_length&quot;:&quot;0&quot;,&quot;iso&quot;:&quot;0&quot;,&quot;shutter_speed&quot;:&quot;0&quot;,&quot;title&quot;:&quot;&quot;}\" data-image-title=\"DM-Caso-Sara-250310-COMBO-espera-blog\" data-image-description=\"\" data-medium-file=\"http:\/\/desireemartinphoto.com\/blog\/wp-content\/uploads\/2010\/03\/DM-Caso-Sara-250310-COMBO-espera-blog-300x92.jpg\" data-large-file=\"http:\/\/desireemartinphoto.com\/blog\/wp-content\/uploads\/2010\/03\/DM-Caso-Sara-250310-COMBO-espera-blog.jpg\" loading=\"lazy\" class=\"alignnone size-full wp-image-63\" src=\"http:\/\/desireemartinphoto.com\/blog\/wp-content\/uploads\/2010\/03\/DM-Caso-Sara-250310-COMBO-espera-blog.jpg\" alt=\"\" width=\"550\" height=\"169\" srcset=\"http:\/\/desireemartinphoto.com\/blog\/wp-content\/uploads\/2010\/03\/DM-Caso-Sara-250310-COMBO-espera-blog.jpg 550w, http:\/\/desireemartinphoto.com\/blog\/wp-content\/uploads\/2010\/03\/DM-Caso-Sara-250310-COMBO-espera-blog-300x92.jpg 300w\" sizes=\"(max-width: 550px) 100vw, 550px\" \/><\/p>\n<p>&#8230; seguimos a la espera de la conclusi\u00f3n de \u00e9stos trabajos<\/p>\n<p>.. &#8230;ya es la madrugada&#8230; y ..bueno, casi no se si debo agradecer al Cuerpo Nacional de Polic\u00eda el heberme indicado como debo encuadrar y como componer mis fotograf\u00edas, ya que se molestron en colocarnos un &#8220;marquito&#8221; a trv\u00e9s del cual ..deb\u00edamos realizar nuestra labor&#8230; \u00bf GRACIAS POR LA ACLARACI\u00d3N ??&#8230;<\/p>\n<p>&#8230; final del 3er d\u00edas, &#8230;la bomba de agua se ha roto. Ma\u00f1ana ser\u00e1 otro d\u00eda&#8230;<\/p>\n<p><img data-attachment-id=\"67\" data-permalink=\"http:\/\/desireemartinphoto.com\/blog\/al-pie-del-pozo-de-jinamar-3er-dia-mmmmmmm\/dm-caso-sara-250310-19-sep-blog\/\" data-orig-file=\"http:\/\/desireemartinphoto.com\/blog\/wp-content\/uploads\/2010\/03\/DM-Caso-Sara-250310-19-SEP-blog.jpg\" data-orig-size=\"550,334\" data-comments-opened=\"1\" data-image-meta=\"{&quot;aperture&quot;:&quot;5&quot;,&quot;credit&quot;:&quot;&quot;,&quot;camera&quot;:&quot;Canon EOS 5D Mark II&quot;,&quot;caption&quot;:&quot;&quot;,&quot;created_timestamp&quot;:&quot;1269542493&quot;,&quot;copyright&quot;:&quot;&quot;,&quot;focal_length&quot;:&quot;135&quot;,&quot;iso&quot;:&quot;400&quot;,&quot;shutter_speed&quot;:&quot;0.002&quot;,&quot;title&quot;:&quot;&quot;}\" data-image-title=\"DM-Caso-Sara-250310-19-SEP-blog\" data-image-description=\"\" data-medium-file=\"http:\/\/desireemartinphoto.com\/blog\/wp-content\/uploads\/2010\/03\/DM-Caso-Sara-250310-19-SEP-blog-300x182.jpg\" data-large-file=\"http:\/\/desireemartinphoto.com\/blog\/wp-content\/uploads\/2010\/03\/DM-Caso-Sara-250310-19-SEP-blog.jpg\" loading=\"lazy\" class=\"alignnone size-full wp-image-67\" src=\"http:\/\/desireemartinphoto.com\/blog\/wp-content\/uploads\/2010\/03\/DM-Caso-Sara-250310-19-SEP-blog.jpg\" alt=\"\" width=\"550\" height=\"334\" srcset=\"http:\/\/desireemartinphoto.com\/blog\/wp-content\/uploads\/2010\/03\/DM-Caso-Sara-250310-19-SEP-blog.jpg 550w, http:\/\/desireemartinphoto.com\/blog\/wp-content\/uploads\/2010\/03\/DM-Caso-Sara-250310-19-SEP-blog-300x182.jpg 300w\" sizes=\"(max-width: 550px) 100vw, 550px\" \/><\/p>\n<div class=\"sharedaddy sd-sharing-enabled\"><div class=\"robots-nocontent sd-block sd-social sd-social-icon-text sd-sharing\"><h3 class=\"sd-title\">COMPARTE ESTO:<\/h3><div class=\"sd-content\"><ul><li class=\"share-facebook\"><a rel=\"nofollow noopener noreferrer\" data-shared=\"sharing-facebook-60\" class=\"share-facebook sd-button share-icon\" href=\"http:\/\/desireemartinphoto.com\/blog\/al-pie-del-pozo-de-jinamar-3er-dia-mmmmmmm\/?share=facebook\" target=\"_blank\" title=\"Haz clic para compartir en Facebook\"><span>Facebook<\/span><\/a><\/li><li class=\"share-twitter\"><a rel=\"nofollow noopener noreferrer\" data-shared=\"sharing-twitter-60\" class=\"share-twitter sd-button share-icon\" href=\"http:\/\/desireemartinphoto.com\/blog\/al-pie-del-pozo-de-jinamar-3er-dia-mmmmmmm\/?share=twitter\" target=\"_blank\" title=\"Haz clic para compartir en Twitter\"><span>Twitter<\/span><\/a><\/li><li class=\"share-email\"><a rel=\"nofollow noopener noreferrer\" data-shared=\"\" class=\"share-email sd-button share-icon\" href=\"http:\/\/desireemartinphoto.com\/blog\/al-pie-del-pozo-de-jinamar-3er-dia-mmmmmmm\/?share=email\" target=\"_blank\" title=\"Haz clic para enviar por correo electr\u00f3nico a un amigo\"><span>Correo electr\u00f3nico<\/span><\/a><\/li><li class=\"share-linkedin\"><a rel=\"nofollow noopener noreferrer\" data-shared=\"sharing-linkedin-60\" class=\"share-linkedin sd-button share-icon\" href=\"http:\/\/desireemartinphoto.com\/blog\/al-pie-del-pozo-de-jinamar-3er-dia-mmmmmmm\/?share=linkedin\" target=\"_blank\" title=\"Haz clic para compartir en LinkedIn\"><span>LinkedIn<\/span><\/a><\/li><li class=\"share-tumblr\"><a rel=\"nofollow noopener noreferrer\" data-shared=\"\" class=\"share-tumblr sd-button share-icon\" href=\"http:\/\/desireemartinphoto.com\/blog\/al-pie-del-pozo-de-jinamar-3er-dia-mmmmmmm\/?share=tumblr\" target=\"_blank\" title=\"Haz clic para compartir en Tumblr\"><span>Tumblr<\/span><\/a><\/li><li class=\"share-end\"><\/li><\/ul><\/div><\/div><\/div>","protected":false},"excerpt":{"rendered":"<p>&#8230; nosotros &#8230;los gr\u00e1ficos y redactores , apostados a un lado&#8230; ese lado que simepre existe tras la cintita que te repite: POLICIA NACIONAL &#8211; PROHIBIDO EL PASO&#8230; &#8230; ese lado que seg\u00fan transcurren las horas se hace m\u00e1s y m\u00e1s peque\u00f1o.. y el \u00e1ngulo para poder realizar las fotograf\u00edas, nuestro trabajo, ..es m\u00e1s y [&#038;hellip<\/p>\n<div class=\"sharedaddy sd-sharing-enabled\"><div class=\"robots-nocontent sd-block sd-social sd-social-icon-text sd-sharing\"><h3 class=\"sd-title\">COMPARTE ESTO:<\/h3><div class=\"sd-content\"><ul><li class=\"share-facebook\"><a rel=\"nofollow noopener noreferrer\" data-shared=\"sharing-facebook-60\" class=\"share-facebook sd-button share-icon\" href=\"http:\/\/desireemartinphoto.com\/blog\/al-pie-del-pozo-de-jinamar-3er-dia-mmmmmmm\/?share=facebook\" target=\"_blank\" title=\"Haz clic para compartir en Facebook\"><span>Facebook<\/span><\/a><\/li><li class=\"share-twitter\"><a rel=\"nofollow noopener noreferrer\" data-shared=\"sharing-twitter-60\" class=\"share-twitter sd-button share-icon\" href=\"http:\/\/desireemartinphoto.com\/blog\/al-pie-del-pozo-de-jinamar-3er-dia-mmmmmmm\/?share=twitter\" target=\"_blank\" title=\"Haz clic para compartir en Twitter\"><span>Twitter<\/span><\/a><\/li><li class=\"share-email\"><a rel=\"nofollow noopener noreferrer\" data-shared=\"\" class=\"share-email sd-button share-icon\" href=\"http:\/\/desireemartinphoto.com\/blog\/al-pie-del-pozo-de-jinamar-3er-dia-mmmmmmm\/?share=email\" target=\"_blank\" title=\"Haz clic para enviar por correo electr\u00f3nico a un amigo\"><span>Correo electr\u00f3nico<\/span><\/a><\/li><li class=\"share-linkedin\"><a rel=\"nofollow noopener noreferrer\" data-shared=\"sharing-linkedin-60\" class=\"share-linkedin sd-button share-icon\" href=\"http:\/\/desireemartinphoto.com\/blog\/al-pie-del-pozo-de-jinamar-3er-dia-mmmmmmm\/?share=linkedin\" target=\"_blank\" title=\"Haz clic para compartir en LinkedIn\"><span>LinkedIn<\/span><\/a><\/li><li class=\"share-tumblr\"><a rel=\"nofollow noopener noreferrer\" data-shared=\"\" class=\"share-tumblr sd-button share-icon\" href=\"http:\/\/desireemartinphoto.com\/blog\/al-pie-del-pozo-de-jinamar-3er-dia-mmmmmmm\/?share=tumblr\" target=\"_blank\" title=\"Haz clic para compartir en Tumblr\"><span>Tumblr<\/span><\/a><\/li><li class=\"share-end\"><\/li><\/ul><\/div><\/div><\/div>","protected":false},"author":1,"featured_media":0,"comment_status":"open","ping_status":"open","sticky":false,"template":"","format":"standard","meta":{"spay_email":""},"categories":[1],"tags":[],"jetpack_featured_media_url":"","jetpack_sharing_enabled":true,"_links":{"self":[{"href":"http:\/\/desireemartinphoto.com\/blog\/wp-json\/wp\/v2\/posts\/60"}],"collection":[{"href":"http:\/\/desireemartinphoto.com\/blog\/wp-json\/wp\/v2\/posts"}],"about":[{"href":"http:\/\/desireemartinphoto.com\/blog\/wp-json\/wp\/v2\/types\/post"}],"author":[{"embeddable":true,"href":"http:\/\/desireemartinphoto.com\/blog\/wp-json\/wp\/v2\/users\/1"}],"replies":[{"embeddable":true,"href":"http:\/\/desireemartinphoto.com\/blog\/wp-json\/wp\/v2\/comments?post=60"}],"version-history":[{"count":4,"href":"http:\/\/desireemartinphoto.com\/blog\/wp-json\/wp\/v2\/posts\/60\/revisions"}],"predecessor-version":[{"id":66,"href":"http:\/\/desireemartinphoto.com\/blog\/wp-json\/wp\/v2\/posts\/60\/revisions\/66"}],"wp:attachment":[{"href":"http:\/\/desireemartinphoto.com\/blog\/wp-json\/wp\/v2\/media?parent=60"}],"wp:term":[{"taxonomy":"category","embeddable":true,"href":"http:\/\/desireemartinphoto.com\/blog\/wp-json\/wp\/v2\/categories?post=60"},{"taxonomy":"post_tag","embeddable":true,"href":"http:\/\/desireemartinphoto.com\/blog\/wp-json\/wp\/v2\/tags?post=60"}],"curies":[{"name":"wp","href":"https:\/\/api.w.org\/{rel}","templated":true}]}}