{"id":5421,"date":"2022-08-16T16:08:44","date_gmt":"2022-08-16T16:08:44","guid":{"rendered":"http:\/\/desireemartinphoto.com\/blog\/?p=5421"},"modified":"2022-08-16T16:08:46","modified_gmt":"2022-08-16T16:08:46","slug":"virgen-de-candelaria-2022-la-chaxi","status":"publish","type":"post","link":"http:\/\/desireemartinphoto.com\/blog\/virgen-de-candelaria-2022-la-chaxi\/","title":{"rendered":"Virgen de Candelaria 2022, la Chaxi!"},"content":{"rendered":"\n<p>Hace muchos a\u00f1os desde mi \u00faltimo &#8220;d\u00eda de la patrona de Canarias&#8221;, algunas cosas han cambiado, otras permanecen. <\/p>\n\n\n\n<p>Pantallas y compa\u00f1er@s.<\/p>\n\n\n\n<figure class=\"wp-block-image size-large\"><img data-attachment-id=\"5425\" data-permalink=\"http:\/\/desireemartinphoto.com\/blog\/virgen-de-candelaria-2022-la-chaxi\/virgen-candelaria-cc-2022-35b\/\" data-orig-file=\"http:\/\/desireemartinphoto.com\/blog\/wp-content\/uploads\/2022\/08\/Virgen-Candelaria-CC-2022-35b.jpg\" data-orig-size=\"550,367\" data-comments-opened=\"1\" data-image-meta=\"{&quot;aperture&quot;:&quot;6.3&quot;,&quot;credit&quot;:&quot;&quot;,&quot;camera&quot;:&quot;Canon EOS 5D Mark IV&quot;,&quot;caption&quot;:&quot;&quot;,&quot;created_timestamp&quot;:&quot;1660571069&quot;,&quot;copyright&quot;:&quot;&quot;,&quot;focal_length&quot;:&quot;70&quot;,&quot;iso&quot;:&quot;3200&quot;,&quot;shutter_speed&quot;:&quot;0.004&quot;,&quot;title&quot;:&quot;&quot;,&quot;orientation&quot;:&quot;1&quot;}\" data-image-title=\"Virgen Candelaria CC 2022-35b\" data-image-description=\"\" data-medium-file=\"http:\/\/desireemartinphoto.com\/blog\/wp-content\/uploads\/2022\/08\/Virgen-Candelaria-CC-2022-35b-300x200.jpg\" data-large-file=\"http:\/\/desireemartinphoto.com\/blog\/wp-content\/uploads\/2022\/08\/Virgen-Candelaria-CC-2022-35b.jpg\" loading=\"lazy\" width=\"550\" height=\"367\" src=\"http:\/\/desireemartinphoto.com\/blog\/wp-content\/uploads\/2022\/08\/Virgen-Candelaria-CC-2022-35b.jpg\" alt=\"\" class=\"wp-image-5425\" srcset=\"http:\/\/desireemartinphoto.com\/blog\/wp-content\/uploads\/2022\/08\/Virgen-Candelaria-CC-2022-35b.jpg 550w, http:\/\/desireemartinphoto.com\/blog\/wp-content\/uploads\/2022\/08\/Virgen-Candelaria-CC-2022-35b-300x200.jpg 300w\" sizes=\"(max-width: 550px) 100vw, 550px\" \/><\/figure>\n\n\n\n<figure class=\"wp-block-image size-large\"><img data-attachment-id=\"5424\" data-permalink=\"http:\/\/desireemartinphoto.com\/blog\/virgen-de-candelaria-2022-la-chaxi\/virgen-candelaria-cc-2022-30-b\/\" data-orig-file=\"http:\/\/desireemartinphoto.com\/blog\/wp-content\/uploads\/2022\/08\/Virgen-Candelaria-CC-2022-30-b.jpg\" data-orig-size=\"550,351\" data-comments-opened=\"1\" data-image-meta=\"{&quot;aperture&quot;:&quot;2.8&quot;,&quot;credit&quot;:&quot;&quot;,&quot;camera&quot;:&quot;Canon EOS 5D Mark IV&quot;,&quot;caption&quot;:&quot;&quot;,&quot;created_timestamp&quot;:&quot;1660565246&quot;,&quot;copyright&quot;:&quot;&quot;,&quot;focal_length&quot;:&quot;24&quot;,&quot;iso&quot;:&quot;200&quot;,&quot;shutter_speed&quot;:&quot;0.016666666666667&quot;,&quot;title&quot;:&quot;&quot;,&quot;orientation&quot;:&quot;1&quot;}\" data-image-title=\"Virgen Candelaria CC 2022-30 b\" data-image-description=\"\" data-medium-file=\"http:\/\/desireemartinphoto.com\/blog\/wp-content\/uploads\/2022\/08\/Virgen-Candelaria-CC-2022-30-b-300x191.jpg\" data-large-file=\"http:\/\/desireemartinphoto.com\/blog\/wp-content\/uploads\/2022\/08\/Virgen-Candelaria-CC-2022-30-b.jpg\" loading=\"lazy\" width=\"550\" height=\"351\" src=\"http:\/\/desireemartinphoto.com\/blog\/wp-content\/uploads\/2022\/08\/Virgen-Candelaria-CC-2022-30-b.jpg\" alt=\"\" class=\"wp-image-5424\" srcset=\"http:\/\/desireemartinphoto.com\/blog\/wp-content\/uploads\/2022\/08\/Virgen-Candelaria-CC-2022-30-b.jpg 550w, http:\/\/desireemartinphoto.com\/blog\/wp-content\/uploads\/2022\/08\/Virgen-Candelaria-CC-2022-30-b-300x191.jpg 300w\" sizes=\"(max-width: 550px) 100vw, 550px\" \/><\/figure>\n\n\n\n<figure class=\"wp-block-image size-large\"><img data-attachment-id=\"5423\" data-permalink=\"http:\/\/desireemartinphoto.com\/blog\/virgen-de-candelaria-2022-la-chaxi\/virgen-candelaria-cc-2022-31-b\/\" data-orig-file=\"http:\/\/desireemartinphoto.com\/blog\/wp-content\/uploads\/2022\/08\/Virgen-Candelaria-CC-2022-31-b.jpg\" data-orig-size=\"550,351\" data-comments-opened=\"1\" data-image-meta=\"{&quot;aperture&quot;:&quot;2.8&quot;,&quot;credit&quot;:&quot;&quot;,&quot;camera&quot;:&quot;Canon EOS 5D Mark IV&quot;,&quot;caption&quot;:&quot;&quot;,&quot;created_timestamp&quot;:&quot;1660565255&quot;,&quot;copyright&quot;:&quot;&quot;,&quot;focal_length&quot;:&quot;24&quot;,&quot;iso&quot;:&quot;200&quot;,&quot;shutter_speed&quot;:&quot;0.016666666666667&quot;,&quot;title&quot;:&quot;&quot;,&quot;orientation&quot;:&quot;1&quot;}\" data-image-title=\"Virgen Candelaria CC 2022-31 b\" data-image-description=\"\" data-medium-file=\"http:\/\/desireemartinphoto.com\/blog\/wp-content\/uploads\/2022\/08\/Virgen-Candelaria-CC-2022-31-b-300x191.jpg\" data-large-file=\"http:\/\/desireemartinphoto.com\/blog\/wp-content\/uploads\/2022\/08\/Virgen-Candelaria-CC-2022-31-b.jpg\" loading=\"lazy\" width=\"550\" height=\"351\" src=\"http:\/\/desireemartinphoto.com\/blog\/wp-content\/uploads\/2022\/08\/Virgen-Candelaria-CC-2022-31-b.jpg\" alt=\"\" class=\"wp-image-5423\" srcset=\"http:\/\/desireemartinphoto.com\/blog\/wp-content\/uploads\/2022\/08\/Virgen-Candelaria-CC-2022-31-b.jpg 550w, http:\/\/desireemartinphoto.com\/blog\/wp-content\/uploads\/2022\/08\/Virgen-Candelaria-CC-2022-31-b-300x191.jpg 300w\" sizes=\"(max-width: 550px) 100vw, 550px\" \/><\/figure>\n\n\n\n<p><\/p>\n<div class=\"sharedaddy sd-sharing-enabled\"><div class=\"robots-nocontent sd-block sd-social sd-social-icon-text sd-sharing\"><h3 class=\"sd-title\">COMPARTE ESTO:<\/h3><div class=\"sd-content\"><ul><li class=\"share-facebook\"><a rel=\"nofollow noopener noreferrer\" data-shared=\"sharing-facebook-5421\" class=\"share-facebook sd-button share-icon\" href=\"http:\/\/desireemartinphoto.com\/blog\/virgen-de-candelaria-2022-la-chaxi\/?share=facebook\" target=\"_blank\" title=\"Haz clic para compartir en Facebook\"><span>Facebook<\/span><\/a><\/li><li class=\"share-twitter\"><a rel=\"nofollow noopener noreferrer\" data-shared=\"sharing-twitter-5421\" class=\"share-twitter sd-button share-icon\" href=\"http:\/\/desireemartinphoto.com\/blog\/virgen-de-candelaria-2022-la-chaxi\/?share=twitter\" target=\"_blank\" title=\"Haz clic para compartir en Twitter\"><span>Twitter<\/span><\/a><\/li><li class=\"share-email\"><a rel=\"nofollow noopener noreferrer\" data-shared=\"\" class=\"share-email sd-button share-icon\" href=\"http:\/\/desireemartinphoto.com\/blog\/virgen-de-candelaria-2022-la-chaxi\/?share=email\" target=\"_blank\" title=\"Haz clic para enviar por correo electr\u00f3nico a un amigo\"><span>Correo electr\u00f3nico<\/span><\/a><\/li><li class=\"share-linkedin\"><a rel=\"nofollow noopener noreferrer\" data-shared=\"sharing-linkedin-5421\" class=\"share-linkedin sd-button share-icon\" href=\"http:\/\/desireemartinphoto.com\/blog\/virgen-de-candelaria-2022-la-chaxi\/?share=linkedin\" target=\"_blank\" title=\"Haz clic para compartir en LinkedIn\"><span>LinkedIn<\/span><\/a><\/li><li class=\"share-tumblr\"><a rel=\"nofollow noopener noreferrer\" data-shared=\"\" class=\"share-tumblr sd-button share-icon\" href=\"http:\/\/desireemartinphoto.com\/blog\/virgen-de-candelaria-2022-la-chaxi\/?share=tumblr\" target=\"_blank\" title=\"Haz clic para compartir en Tumblr\"><span>Tumblr<\/span><\/a><\/li><li class=\"share-end\"><\/li><\/ul><\/div><\/div><\/div>","protected":false},"excerpt":{"rendered":"<p>Hace muchos a\u00f1os desde mi \u00faltimo &#8220;d\u00eda de la patrona de Canarias&#8221;, algunas cosas han cambiado, otras permanecen. Pantallas y compa\u00f1er@s<\/p>\n<div class=\"sharedaddy sd-sharing-enabled\"><div class=\"robots-nocontent sd-block sd-social sd-social-icon-text sd-sharing\"><h3 class=\"sd-title\">COMPARTE ESTO:<\/h3><div class=\"sd-content\"><ul><li class=\"share-facebook\"><a rel=\"nofollow noopener noreferrer\" data-shared=\"sharing-facebook-5421\" class=\"share-facebook sd-button share-icon\" href=\"http:\/\/desireemartinphoto.com\/blog\/virgen-de-candelaria-2022-la-chaxi\/?share=facebook\" target=\"_blank\" title=\"Haz clic para compartir en Facebook\"><span>Facebook<\/span><\/a><\/li><li class=\"share-twitter\"><a rel=\"nofollow noopener noreferrer\" data-shared=\"sharing-twitter-5421\" class=\"share-twitter sd-button share-icon\" href=\"http:\/\/desireemartinphoto.com\/blog\/virgen-de-candelaria-2022-la-chaxi\/?share=twitter\" target=\"_blank\" title=\"Haz clic para compartir en Twitter\"><span>Twitter<\/span><\/a><\/li><li class=\"share-email\"><a rel=\"nofollow noopener noreferrer\" data-shared=\"\" class=\"share-email sd-button share-icon\" href=\"http:\/\/desireemartinphoto.com\/blog\/virgen-de-candelaria-2022-la-chaxi\/?share=email\" target=\"_blank\" title=\"Haz clic para enviar por correo electr\u00f3nico a un amigo\"><span>Correo electr\u00f3nico<\/span><\/a><\/li><li class=\"share-linkedin\"><a rel=\"nofollow noopener noreferrer\" data-shared=\"sharing-linkedin-5421\" class=\"share-linkedin sd-button share-icon\" href=\"http:\/\/desireemartinphoto.com\/blog\/virgen-de-candelaria-2022-la-chaxi\/?share=linkedin\" target=\"_blank\" title=\"Haz clic para compartir en LinkedIn\"><span>LinkedIn<\/span><\/a><\/li><li class=\"share-tumblr\"><a rel=\"nofollow noopener noreferrer\" data-shared=\"\" class=\"share-tumblr sd-button share-icon\" href=\"http:\/\/desireemartinphoto.com\/blog\/virgen-de-candelaria-2022-la-chaxi\/?share=tumblr\" target=\"_blank\" title=\"Haz clic para compartir en Tumblr\"><span>Tumblr<\/span><\/a><\/li><li class=\"share-end\"><\/li><\/ul><\/div><\/div><\/div>","protected":false},"author":3,"featured_media":0,"comment_status":"open","ping_status":"open","sticky":false,"template":"","format":"standard","meta":{"spay_email":""},"categories":[1],"tags":[39,1008,627,1310,355,1307,1164,858,1308,1306,442,1309,1305,391,56,121,620],"jetpack_featured_media_url":"","jetpack_sharing_enabled":true,"_links":{"self":[{"href":"http:\/\/desireemartinphoto.com\/blog\/wp-json\/wp\/v2\/posts\/5421"}],"collection":[{"href":"http:\/\/desireemartinphoto.com\/blog\/wp-json\/wp\/v2\/posts"}],"about":[{"href":"http:\/\/desireemartinphoto.com\/blog\/wp-json\/wp\/v2\/types\/post"}],"author":[{"embeddable":true,"href":"http:\/\/desireemartinphoto.com\/blog\/wp-json\/wp\/v2\/users\/3"}],"replies":[{"embeddable":true,"href":"http:\/\/desireemartinphoto.com\/blog\/wp-json\/wp\/v2\/comments?post=5421"}],"version-history":[{"count":3,"href":"http:\/\/desireemartinphoto.com\/blog\/wp-json\/wp\/v2\/posts\/5421\/revisions"}],"predecessor-version":[{"id":5427,"href":"http:\/\/desireemartinphoto.com\/blog\/wp-json\/wp\/v2\/posts\/5421\/revisions\/5427"}],"wp:attachment":[{"href":"http:\/\/desireemartinphoto.com\/blog\/wp-json\/wp\/v2\/media?parent=5421"}],"wp:term":[{"taxonomy":"category","embeddable":true,"href":"http:\/\/desireemartinphoto.com\/blog\/wp-json\/wp\/v2\/categories?post=5421"},{"taxonomy":"post_tag","embeddable":true,"href":"http:\/\/desireemartinphoto.com\/blog\/wp-json\/wp\/v2\/tags?post=5421"}],"curies":[{"name":"wp","href":"https:\/\/api.w.org\/{rel}","templated":true}]}}