{"id":5349,"date":"2019-12-05T20:22:18","date_gmt":"2019-12-05T20:22:18","guid":{"rendered":"http:\/\/desireemartinphoto.com\/blog\/?p=5349"},"modified":"2019-12-05T20:22:18","modified_gmt":"2019-12-05T20:22:18","slug":"exhumacion-de-franco","status":"publish","type":"post","link":"http:\/\/desireemartinphoto.com\/blog\/exhumacion-de-franco\/","title":{"rendered":"Exhumaci\u00f3n de Franco"},"content":{"rendered":"<p>Hace unas semanas me encontraba en Albarrac\u00edn, en los Seminarios de fotograf\u00eda y periodismo de Gervasio S\u00e1nchez y Sandra Balsells.<\/p>\n<p>No me era nada nuevo el sentimiento de estar ralentizada, parada.. en pausa. Ves tantos trabajos buenos, tanta intensidad, que supongo que si eres m\u00ednimamente autocr\u00edtico, es inevitable.<\/p>\n<p>Me ven\u00edan a la mente todas mis carpetas en \u00a0el escritorio de mi ordenador, \u00a0mi buen equipo y todo lo que no he hecho a\u00fan pero ten\u00eda ganas de hacer. No es mal sentimiento, verdad??<\/p>\n<p>De pronto quise estar delante del ordenador, casa poco habitual.<\/p>\n<p>La noticia de que la exhumaci\u00f3n de Franco se retrasaba me martilleaba la cabeza, lo hablaba por la noche en el pub del pueblo. Iba a ser un d\u00eda hist\u00f3rico, seguro!! Deber\u00edamos hacer fotos y guardarlas en un caj\u00f3n para verlas dentro de 30 a\u00f1os..<\/p>\n<p>Decid\u00ed estar en Madrid aquel d\u00eda, sin m\u00e1s pretensi\u00f3n que estar.<\/p>\n<p>Una calle cualquiera, un bar cualquiera de Madrid, durante esas horas en las que sucediera, VER, ESCUCHAR.<\/p>\n<p>Al mismo tiempo, le comente a Jonathan Cano si quer\u00eda hacer unas im\u00e1genes del lugar ( Las Ra\u00edces, Tenerife ) desde el que se traz\u00f3 el Golpe de Estado.<\/p>\n<p>&nbsp;<\/p>\n<p>&nbsp;<\/p>\n<p>Y aqu\u00ed est\u00e1:<\/p>\n<p>&nbsp;<\/p>\n<p><iframe src=\"https:\/\/player.vimeo.com\/video\/377633364?dnt=1&amp;app_id=122963\" width=\"500\" height=\"281\" frameborder=\"0\" allow=\"autoplay; fullscreen\" allowfullscreen title=\"Exhumaci&amp;oacute;n de Franco\"><\/iframe><\/p>\n<p>&nbsp;<\/p>\n<p>&nbsp;<\/p>\n<p>&nbsp;<\/p>\n<div class=\"sharedaddy sd-sharing-enabled\"><div class=\"robots-nocontent sd-block sd-social sd-social-icon-text sd-sharing\"><h3 class=\"sd-title\">COMPARTE ESTO:<\/h3><div class=\"sd-content\"><ul><li class=\"share-facebook\"><a rel=\"nofollow noopener noreferrer\" data-shared=\"sharing-facebook-5349\" class=\"share-facebook sd-button share-icon\" href=\"http:\/\/desireemartinphoto.com\/blog\/exhumacion-de-franco\/?share=facebook\" target=\"_blank\" title=\"Haz clic para compartir en Facebook\"><span>Facebook<\/span><\/a><\/li><li class=\"share-twitter\"><a rel=\"nofollow noopener noreferrer\" data-shared=\"sharing-twitter-5349\" class=\"share-twitter sd-button share-icon\" href=\"http:\/\/desireemartinphoto.com\/blog\/exhumacion-de-franco\/?share=twitter\" target=\"_blank\" title=\"Haz clic para compartir en Twitter\"><span>Twitter<\/span><\/a><\/li><li class=\"share-email\"><a rel=\"nofollow noopener noreferrer\" data-shared=\"\" class=\"share-email sd-button share-icon\" href=\"http:\/\/desireemartinphoto.com\/blog\/exhumacion-de-franco\/?share=email\" target=\"_blank\" title=\"Haz clic para enviar por correo electr\u00f3nico a un amigo\"><span>Correo electr\u00f3nico<\/span><\/a><\/li><li class=\"share-linkedin\"><a rel=\"nofollow noopener noreferrer\" data-shared=\"sharing-linkedin-5349\" class=\"share-linkedin sd-button share-icon\" href=\"http:\/\/desireemartinphoto.com\/blog\/exhumacion-de-franco\/?share=linkedin\" target=\"_blank\" title=\"Haz clic para compartir en LinkedIn\"><span>LinkedIn<\/span><\/a><\/li><li class=\"share-tumblr\"><a rel=\"nofollow noopener noreferrer\" data-shared=\"\" class=\"share-tumblr sd-button share-icon\" href=\"http:\/\/desireemartinphoto.com\/blog\/exhumacion-de-franco\/?share=tumblr\" target=\"_blank\" title=\"Haz clic para compartir en Tumblr\"><span>Tumblr<\/span><\/a><\/li><li class=\"share-end\"><\/li><\/ul><\/div><\/div><\/div>","protected":false},"excerpt":{"rendered":"<p>Hace unas semanas me encontraba en Albarrac\u00edn, en los Seminarios de fotograf\u00eda y periodismo de Gervasio S\u00e1nchez y Sandra Balsells. No me era nada nuevo el sentimiento de estar ralentizada, parada.. en pausa. Ves tantos trabajos buenos, tanta intensidad, que supongo que si eres m\u00ednimamente autocr\u00edtico, es inevitable. Me ven\u00edan a la mente todas mis [&#038;hellip<\/p>\n<div class=\"sharedaddy sd-sharing-enabled\"><div class=\"robots-nocontent sd-block sd-social sd-social-icon-text sd-sharing\"><h3 class=\"sd-title\">COMPARTE ESTO:<\/h3><div class=\"sd-content\"><ul><li class=\"share-facebook\"><a rel=\"nofollow noopener noreferrer\" data-shared=\"sharing-facebook-5349\" class=\"share-facebook sd-button share-icon\" href=\"http:\/\/desireemartinphoto.com\/blog\/exhumacion-de-franco\/?share=facebook\" target=\"_blank\" title=\"Haz clic para compartir en Facebook\"><span>Facebook<\/span><\/a><\/li><li class=\"share-twitter\"><a rel=\"nofollow noopener noreferrer\" data-shared=\"sharing-twitter-5349\" class=\"share-twitter sd-button share-icon\" href=\"http:\/\/desireemartinphoto.com\/blog\/exhumacion-de-franco\/?share=twitter\" target=\"_blank\" title=\"Haz clic para compartir en Twitter\"><span>Twitter<\/span><\/a><\/li><li class=\"share-email\"><a rel=\"nofollow noopener noreferrer\" data-shared=\"\" class=\"share-email sd-button share-icon\" href=\"http:\/\/desireemartinphoto.com\/blog\/exhumacion-de-franco\/?share=email\" target=\"_blank\" title=\"Haz clic para enviar por correo electr\u00f3nico a un amigo\"><span>Correo electr\u00f3nico<\/span><\/a><\/li><li class=\"share-linkedin\"><a rel=\"nofollow noopener noreferrer\" data-shared=\"sharing-linkedin-5349\" class=\"share-linkedin sd-button share-icon\" href=\"http:\/\/desireemartinphoto.com\/blog\/exhumacion-de-franco\/?share=linkedin\" target=\"_blank\" title=\"Haz clic para compartir en LinkedIn\"><span>LinkedIn<\/span><\/a><\/li><li class=\"share-tumblr\"><a rel=\"nofollow noopener noreferrer\" data-shared=\"\" class=\"share-tumblr sd-button share-icon\" href=\"http:\/\/desireemartinphoto.com\/blog\/exhumacion-de-franco\/?share=tumblr\" target=\"_blank\" title=\"Haz clic para compartir en Tumblr\"><span>Tumblr<\/span><\/a><\/li><li class=\"share-end\"><\/li><\/ul><\/div><\/div><\/div>","protected":false},"author":1,"featured_media":0,"comment_status":"open","ping_status":"open","sticky":false,"template":"","format":"standard","meta":{"spay_email":""},"categories":[1],"tags":[1217,39,1232,1219,1230,355,1222,479,1226,1221,1216,1227,1228,1215,1223,1220,1009,1014,1233,1218,362,1225,1234,1224,481,1231,56,1229],"jetpack_featured_media_url":"","jetpack_sharing_enabled":true,"_links":{"self":[{"href":"http:\/\/desireemartinphoto.com\/blog\/wp-json\/wp\/v2\/posts\/5349"}],"collection":[{"href":"http:\/\/desireemartinphoto.com\/blog\/wp-json\/wp\/v2\/posts"}],"about":[{"href":"http:\/\/desireemartinphoto.com\/blog\/wp-json\/wp\/v2\/types\/post"}],"author":[{"embeddable":true,"href":"http:\/\/desireemartinphoto.com\/blog\/wp-json\/wp\/v2\/users\/1"}],"replies":[{"embeddable":true,"href":"http:\/\/desireemartinphoto.com\/blog\/wp-json\/wp\/v2\/comments?post=5349"}],"version-history":[{"count":3,"href":"http:\/\/desireemartinphoto.com\/blog\/wp-json\/wp\/v2\/posts\/5349\/revisions"}],"predecessor-version":[{"id":5353,"href":"http:\/\/desireemartinphoto.com\/blog\/wp-json\/wp\/v2\/posts\/5349\/revisions\/5353"}],"wp:attachment":[{"href":"http:\/\/desireemartinphoto.com\/blog\/wp-json\/wp\/v2\/media?parent=5349"}],"wp:term":[{"taxonomy":"category","embeddable":true,"href":"http:\/\/desireemartinphoto.com\/blog\/wp-json\/wp\/v2\/categories?post=5349"},{"taxonomy":"post_tag","embeddable":true,"href":"http:\/\/desireemartinphoto.com\/blog\/wp-json\/wp\/v2\/tags?post=5349"}],"curies":[{"name":"wp","href":"https:\/\/api.w.org\/{rel}","templated":true}]}}