{"id":5315,"date":"2019-07-24T16:08:37","date_gmt":"2019-07-24T16:08:37","guid":{"rendered":"http:\/\/desireemartinphoto.com\/blog\/?p=5315"},"modified":"2021-09-19T13:37:48","modified_gmt":"2021-09-19T13:37:48","slug":"embarcacion-de-la-virgen-del-carmen-puerto-de-la-cruz-2019","status":"publish","type":"post","link":"http:\/\/desireemartinphoto.com\/blog\/embarcacion-de-la-virgen-del-carmen-puerto-de-la-cruz-2019\/","title":{"rendered":"#CumbreVieja, las orqu\u00eddeas de Montse"},"content":{"rendered":"Las Manchas e Abajo, la casa de Montse.<br \/><br \/>Desde que comenz\u00f3 este enjambre s\u00edsmico sube cada ma\u00f1ana desde El Remo a atender a sus animales, pero sobre todo sus orqu\u00eddeas, si pudiera se las llevaba.<br \/><br \/>Teme perderlo todo como muchos, pero su madre, Do\u00f1a Demetria tiene sus alas tendidas sobre la casa desde el cielo.<br \/><br \/>Patri, lo sabes!!<br \/><br \/><br \/>Cerca, Yahaira y su marido intentan llevarse de casa todo lo que pueden, Adriel, amigo, les ayuda. Su casa est\u00e1 sobre el \u00faltimo terremoto de 3,8 grados.<br \/><br \/>La incertidumbre los come.<br \/><br \/><br \/>Comienzan a evacuar a las personas encamadas y el ganado dela zona.<br \/><br \/><div class=\"sharedaddy sd-sharing-enabled\"><div class=\"robots-nocontent sd-block sd-social sd-social-icon-text sd-sharing\"><h3 class=\"sd-title\">COMPARTE ESTO:<\/h3><div class=\"sd-content\"><ul><li class=\"share-facebook\"><a rel=\"nofollow noopener noreferrer\" data-shared=\"sharing-facebook-5315\" class=\"share-facebook sd-button share-icon\" href=\"http:\/\/desireemartinphoto.com\/blog\/embarcacion-de-la-virgen-del-carmen-puerto-de-la-cruz-2019\/?share=facebook\" target=\"_blank\" title=\"Haz clic para compartir en Facebook\"><span>Facebook<\/span><\/a><\/li><li class=\"share-twitter\"><a rel=\"nofollow noopener noreferrer\" data-shared=\"sharing-twitter-5315\" class=\"share-twitter sd-button share-icon\" href=\"http:\/\/desireemartinphoto.com\/blog\/embarcacion-de-la-virgen-del-carmen-puerto-de-la-cruz-2019\/?share=twitter\" target=\"_blank\" title=\"Haz clic para compartir en Twitter\"><span>Twitter<\/span><\/a><\/li><li class=\"share-email\"><a rel=\"nofollow noopener noreferrer\" data-shared=\"\" class=\"share-email sd-button share-icon\" href=\"http:\/\/desireemartinphoto.com\/blog\/embarcacion-de-la-virgen-del-carmen-puerto-de-la-cruz-2019\/?share=email\" target=\"_blank\" title=\"Haz clic para enviar por correo electr\u00f3nico a un amigo\"><span>Correo electr\u00f3nico<\/span><\/a><\/li><li class=\"share-linkedin\"><a rel=\"nofollow noopener noreferrer\" data-shared=\"sharing-linkedin-5315\" class=\"share-linkedin sd-button share-icon\" href=\"http:\/\/desireemartinphoto.com\/blog\/embarcacion-de-la-virgen-del-carmen-puerto-de-la-cruz-2019\/?share=linkedin\" target=\"_blank\" title=\"Haz clic para compartir en LinkedIn\"><span>LinkedIn<\/span><\/a><\/li><li class=\"share-tumblr\"><a rel=\"nofollow noopener noreferrer\" data-shared=\"\" class=\"share-tumblr sd-button share-icon\" href=\"http:\/\/desireemartinphoto.com\/blog\/embarcacion-de-la-virgen-del-carmen-puerto-de-la-cruz-2019\/?share=tumblr\" target=\"_blank\" title=\"Haz clic para compartir en Tumblr\"><span>Tumblr<\/span><\/a><\/li><li class=\"share-end\"><\/li><\/ul><\/div><\/div><\/div>","protected":false},"excerpt":{"rendered":"<p>Las Manchas e Abajo, la casa de Montse. Desde que comenz\u00f3 este enjambre s\u00edsmico sube cada ma\u00f1ana desde El Remo a atender a sus animales, pero sobre todo sus orqu\u00eddeas, si pudiera se las llevaba. Teme perderlo todo como muchos, pero su madre, Do\u00f1a Demetria tiene sus alas tendidas sobre la casa desde el cielo. [&#038;hellip<\/p>\n<div class=\"sharedaddy sd-sharing-enabled\"><div class=\"robots-nocontent sd-block sd-social sd-social-icon-text sd-sharing\"><h3 class=\"sd-title\">COMPARTE ESTO:<\/h3><div class=\"sd-content\"><ul><li class=\"share-facebook\"><a rel=\"nofollow noopener noreferrer\" data-shared=\"sharing-facebook-5315\" class=\"share-facebook sd-button share-icon\" href=\"http:\/\/desireemartinphoto.com\/blog\/embarcacion-de-la-virgen-del-carmen-puerto-de-la-cruz-2019\/?share=facebook\" target=\"_blank\" title=\"Haz clic para compartir en Facebook\"><span>Facebook<\/span><\/a><\/li><li class=\"share-twitter\"><a rel=\"nofollow noopener noreferrer\" data-shared=\"sharing-twitter-5315\" class=\"share-twitter sd-button share-icon\" href=\"http:\/\/desireemartinphoto.com\/blog\/embarcacion-de-la-virgen-del-carmen-puerto-de-la-cruz-2019\/?share=twitter\" target=\"_blank\" title=\"Haz clic para compartir en Twitter\"><span>Twitter<\/span><\/a><\/li><li class=\"share-email\"><a rel=\"nofollow noopener noreferrer\" data-shared=\"\" class=\"share-email sd-button share-icon\" href=\"http:\/\/desireemartinphoto.com\/blog\/embarcacion-de-la-virgen-del-carmen-puerto-de-la-cruz-2019\/?share=email\" target=\"_blank\" title=\"Haz clic para enviar por correo electr\u00f3nico a un amigo\"><span>Correo electr\u00f3nico<\/span><\/a><\/li><li class=\"share-linkedin\"><a rel=\"nofollow noopener noreferrer\" data-shared=\"sharing-linkedin-5315\" class=\"share-linkedin sd-button share-icon\" href=\"http:\/\/desireemartinphoto.com\/blog\/embarcacion-de-la-virgen-del-carmen-puerto-de-la-cruz-2019\/?share=linkedin\" target=\"_blank\" title=\"Haz clic para compartir en LinkedIn\"><span>LinkedIn<\/span><\/a><\/li><li class=\"share-tumblr\"><a rel=\"nofollow noopener noreferrer\" data-shared=\"\" class=\"share-tumblr sd-button share-icon\" href=\"http:\/\/desireemartinphoto.com\/blog\/embarcacion-de-la-virgen-del-carmen-puerto-de-la-cruz-2019\/?share=tumblr\" target=\"_blank\" title=\"Haz clic para compartir en Tumblr\"><span>Tumblr<\/span><\/a><\/li><li class=\"share-end\"><\/li><\/ul><\/div><\/div><\/div>","protected":false},"author":1,"featured_media":0,"comment_status":"open","ping_status":"open","sticky":false,"template":"","format":"standard","meta":{"spay_email":""},"categories":[1],"tags":[433,1197,1195,59,355,181,5,6,362,1196,58,82,1194],"jetpack_featured_media_url":"","jetpack_sharing_enabled":true,"_links":{"self":[{"href":"http:\/\/desireemartinphoto.com\/blog\/wp-json\/wp\/v2\/posts\/5315"}],"collection":[{"href":"http:\/\/desireemartinphoto.com\/blog\/wp-json\/wp\/v2\/posts"}],"about":[{"href":"http:\/\/desireemartinphoto.com\/blog\/wp-json\/wp\/v2\/types\/post"}],"author":[{"embeddable":true,"href":"http:\/\/desireemartinphoto.com\/blog\/wp-json\/wp\/v2\/users\/1"}],"replies":[{"embeddable":true,"href":"http:\/\/desireemartinphoto.com\/blog\/wp-json\/wp\/v2\/comments?post=5315"}],"version-history":[{"count":4,"href":"http:\/\/desireemartinphoto.com\/blog\/wp-json\/wp\/v2\/posts\/5315\/revisions"}],"predecessor-version":[{"id":5333,"href":"http:\/\/desireemartinphoto.com\/blog\/wp-json\/wp\/v2\/posts\/5315\/revisions\/5333"}],"wp:attachment":[{"href":"http:\/\/desireemartinphoto.com\/blog\/wp-json\/wp\/v2\/media?parent=5315"}],"wp:term":[{"taxonomy":"category","embeddable":true,"href":"http:\/\/desireemartinphoto.com\/blog\/wp-json\/wp\/v2\/categories?post=5315"},{"taxonomy":"post_tag","embeddable":true,"href":"http:\/\/desireemartinphoto.com\/blog\/wp-json\/wp\/v2\/tags?post=5315"}],"curies":[{"name":"wp","href":"https:\/\/api.w.org\/{rel}","templated":true}]}}