{"id":53,"date":"2010-03-24T22:22:18","date_gmt":"2010-03-24T22:22:18","guid":{"rendered":"http:\/\/desireemartinphoto.com\/blog\/?p=53"},"modified":"2010-03-24T22:22:18","modified_gmt":"2010-03-24T22:22:18","slug":"al-pie-del-pozo-de-jinamar-2%c2%ba-dia","status":"publish","type":"post","link":"http:\/\/desireemartinphoto.com\/blog\/al-pie-del-pozo-de-jinamar-2%c2%ba-dia\/","title":{"rendered":"&#8230;al pie del pozo de Jinamar &#8230;. 2\u00ba dia."},"content":{"rendered":"<p>Siento no tener gran cosa que contar hoy.<\/p>\n<p>El d\u00eda comenz\u00f3 con una entrevista a la madre de Sara Morales&#8230; como ya saben parece que los restos \u00f3seos que se encuentran en el pozo , podr\u00edan corresponder a su hija Sara..que decirles.. &#8230;me encantar\u00eda poder resumirlo en una imagen, que es lo m\u00edo, pero hasta que se publiquen el domingo , no debo&#8230; asi que &#8230;les muestro mi primera foto&#8230;y mis dos \u00faltimas, 12horas de inquietante espera las separan.<\/p>\n<p><img data-attachment-id=\"54\" data-permalink=\"http:\/\/desireemartinphoto.com\/blog\/al-pie-del-pozo-de-jinamar-2%c2%ba-dia\/dm-caso-huesos-pozo-jinamar-240310-07-blog\/\" data-orig-file=\"http:\/\/desireemartinphoto.com\/blog\/wp-content\/uploads\/2010\/03\/DM-Caso-Huesos-Pozo-Jinamar-240310-07-blog.jpg\" data-orig-size=\"550,367\" data-comments-opened=\"1\" data-image-meta=\"{&quot;aperture&quot;:&quot;5.6&quot;,&quot;credit&quot;:&quot;&quot;,&quot;camera&quot;:&quot;Canon EOS 5D Mark II&quot;,&quot;caption&quot;:&quot;LAS PALMAS DE GRAN CANARIA   JINAMAR 240310\\n\\nSIGUE EL DRENAJE DEL POZO LOS NARANJOS EN EL BARRIO DE JINAMAR EN LA ISLA CANARIA DE DE GRAN CANARIA, AL TIEMPO QUE LAS LABORES DEL CUERPO NACIONAL DE POLICIA Y PROTECCION CIVIL DE DESESCOMBRO DEL INTERIOR DEL POZA  PARA PODER ACCEDER A LOS SUPUESTOS HUESOS\\n\\nVALLE DE JINAMAR DONDE SE ENCUENTRA EL POZO DE LOS NARANJOS\\n\\n\\nDESIREE MARTIN\\\/ PUBLICO&quot;,&quot;created_timestamp&quot;:&quot;1269428133&quot;,&quot;copyright&quot;:&quot;&quot;,&quot;focal_length&quot;:&quot;17&quot;,&quot;iso&quot;:&quot;100&quot;,&quot;shutter_speed&quot;:&quot;0.0025&quot;,&quot;title&quot;:&quot;&quot;}\" data-image-title=\"DM-Caso-Huesos-Pozo-Jinamar-240310-07-blog\" data-image-description=\"\" data-medium-file=\"http:\/\/desireemartinphoto.com\/blog\/wp-content\/uploads\/2010\/03\/DM-Caso-Huesos-Pozo-Jinamar-240310-07-blog-300x200.jpg\" data-large-file=\"http:\/\/desireemartinphoto.com\/blog\/wp-content\/uploads\/2010\/03\/DM-Caso-Huesos-Pozo-Jinamar-240310-07-blog.jpg\" loading=\"lazy\" class=\"alignnone size-full wp-image-54\" src=\"http:\/\/desireemartinphoto.com\/blog\/wp-content\/uploads\/2010\/03\/DM-Caso-Huesos-Pozo-Jinamar-240310-07-blog.jpg\" alt=\"\" width=\"550\" height=\"367\" srcset=\"http:\/\/desireemartinphoto.com\/blog\/wp-content\/uploads\/2010\/03\/DM-Caso-Huesos-Pozo-Jinamar-240310-07-blog.jpg 550w, http:\/\/desireemartinphoto.com\/blog\/wp-content\/uploads\/2010\/03\/DM-Caso-Huesos-Pozo-Jinamar-240310-07-blog-300x200.jpg 300w\" sizes=\"(max-width: 550px) 100vw, 550px\" \/><\/p>\n<p><img data-attachment-id=\"55\" data-permalink=\"http:\/\/desireemartinphoto.com\/blog\/al-pie-del-pozo-de-jinamar-2%c2%ba-dia\/dm-caso-huesos-pozo-jinamar-240310-08-blog\/\" data-orig-file=\"http:\/\/desireemartinphoto.com\/blog\/wp-content\/uploads\/2010\/03\/DM-Caso-Huesos-Pozo-Jinamar-240310-08-blog.jpg\" data-orig-size=\"550,367\" data-comments-opened=\"1\" data-image-meta=\"{&quot;aperture&quot;:&quot;2.8&quot;,&quot;credit&quot;:&quot;&quot;,&quot;camera&quot;:&quot;Canon EOS 5D Mark II&quot;,&quot;caption&quot;:&quot;LAS PALMAS DE GRAN CANARIA   JINAMAR 240310\\r\\rSIGUE EL DRENAJE DEL POZO LOS NARANJOS EN EL BARRIO DE JINAMAR EN LA ISLA CANARIA DE DE GRAN CANARIA, AL TIEMPO QUE LAS LABORES DEL CUERPO NACIONAL DE POLICIA Y PROTECCION CIVIL DE DESESCOMBRO DEL INTERIOR DEL POZA  PARA PODER ACCEDER A LOS SUPUESTOS HUESOS.\\r\\r\\rDESIREE MARTIN\\\/ PUBLICO&quot;,&quot;created_timestamp&quot;:&quot;1269459753&quot;,&quot;copyright&quot;:&quot;&quot;,&quot;focal_length&quot;:&quot;35&quot;,&quot;iso&quot;:&quot;2000&quot;,&quot;shutter_speed&quot;:&quot;0.16666666666667&quot;,&quot;title&quot;:&quot;&quot;}\" data-image-title=\"DM-Caso-Huesos-Pozo-Jinamar-240310-08-blog\" data-image-description=\"\" data-medium-file=\"http:\/\/desireemartinphoto.com\/blog\/wp-content\/uploads\/2010\/03\/DM-Caso-Huesos-Pozo-Jinamar-240310-08-blog-300x200.jpg\" data-large-file=\"http:\/\/desireemartinphoto.com\/blog\/wp-content\/uploads\/2010\/03\/DM-Caso-Huesos-Pozo-Jinamar-240310-08-blog.jpg\" loading=\"lazy\" class=\"alignnone size-full wp-image-55\" src=\"http:\/\/desireemartinphoto.com\/blog\/wp-content\/uploads\/2010\/03\/DM-Caso-Huesos-Pozo-Jinamar-240310-08-blog.jpg\" alt=\"\" width=\"550\" height=\"367\" srcset=\"http:\/\/desireemartinphoto.com\/blog\/wp-content\/uploads\/2010\/03\/DM-Caso-Huesos-Pozo-Jinamar-240310-08-blog.jpg 550w, http:\/\/desireemartinphoto.com\/blog\/wp-content\/uploads\/2010\/03\/DM-Caso-Huesos-Pozo-Jinamar-240310-08-blog-300x200.jpg 300w\" sizes=\"(max-width: 550px) 100vw, 550px\" \/><\/p>\n<p><img data-attachment-id=\"56\" data-permalink=\"http:\/\/desireemartinphoto.com\/blog\/al-pie-del-pozo-de-jinamar-2%c2%ba-dia\/dm-caso-huesos-pozo-jinamar-240310-13-blog\/\" data-orig-file=\"http:\/\/desireemartinphoto.com\/blog\/wp-content\/uploads\/2010\/03\/DM-Caso-Huesos-Pozo-Jinamar-240310-13-blog.jpg\" data-orig-size=\"550,367\" data-comments-opened=\"1\" data-image-meta=\"{&quot;aperture&quot;:&quot;2.8&quot;,&quot;credit&quot;:&quot;&quot;,&quot;camera&quot;:&quot;Canon EOS 5D Mark II&quot;,&quot;caption&quot;:&quot;&quot;,&quot;created_timestamp&quot;:&quot;1269462236&quot;,&quot;copyright&quot;:&quot;&quot;,&quot;focal_length&quot;:&quot;16&quot;,&quot;iso&quot;:&quot;2000&quot;,&quot;shutter_speed&quot;:&quot;0.25&quot;,&quot;title&quot;:&quot;&quot;}\" data-image-title=\"DM-Caso-Huesos-Pozo-Jinamar-240310-13-blog\" data-image-description=\"\" data-medium-file=\"http:\/\/desireemartinphoto.com\/blog\/wp-content\/uploads\/2010\/03\/DM-Caso-Huesos-Pozo-Jinamar-240310-13-blog-300x200.jpg\" data-large-file=\"http:\/\/desireemartinphoto.com\/blog\/wp-content\/uploads\/2010\/03\/DM-Caso-Huesos-Pozo-Jinamar-240310-13-blog.jpg\" loading=\"lazy\" class=\"alignnone size-full wp-image-56\" src=\"http:\/\/desireemartinphoto.com\/blog\/wp-content\/uploads\/2010\/03\/DM-Caso-Huesos-Pozo-Jinamar-240310-13-blog.jpg\" alt=\"\" width=\"550\" height=\"367\" srcset=\"http:\/\/desireemartinphoto.com\/blog\/wp-content\/uploads\/2010\/03\/DM-Caso-Huesos-Pozo-Jinamar-240310-13-blog.jpg 550w, http:\/\/desireemartinphoto.com\/blog\/wp-content\/uploads\/2010\/03\/DM-Caso-Huesos-Pozo-Jinamar-240310-13-blog-300x200.jpg 300w\" sizes=\"(max-width: 550px) 100vw, 550px\" \/><\/p>\n<p>&#8230;vuelvo a la guardia..<\/p>\n<p>Estoy pensando hacer una carpeta\/categor\u00eda\/o como se denomine , en la que publique mi ultima foto&#8230;. dicen que un fotografo vale lo que su ultima foto&#8230; buff&#8230; eso puede ser muy duro&#8230;. aunque un gran reto&#8230; que les parece??<\/p>\n<div class=\"sharedaddy sd-sharing-enabled\"><div class=\"robots-nocontent sd-block sd-social sd-social-icon-text sd-sharing\"><h3 class=\"sd-title\">COMPARTE ESTO:<\/h3><div class=\"sd-content\"><ul><li class=\"share-facebook\"><a rel=\"nofollow noopener noreferrer\" data-shared=\"sharing-facebook-53\" class=\"share-facebook sd-button share-icon\" href=\"http:\/\/desireemartinphoto.com\/blog\/al-pie-del-pozo-de-jinamar-2%c2%ba-dia\/?share=facebook\" target=\"_blank\" title=\"Haz clic para compartir en Facebook\"><span>Facebook<\/span><\/a><\/li><li class=\"share-twitter\"><a rel=\"nofollow noopener noreferrer\" data-shared=\"sharing-twitter-53\" class=\"share-twitter sd-button share-icon\" href=\"http:\/\/desireemartinphoto.com\/blog\/al-pie-del-pozo-de-jinamar-2%c2%ba-dia\/?share=twitter\" target=\"_blank\" title=\"Haz clic para compartir en Twitter\"><span>Twitter<\/span><\/a><\/li><li class=\"share-email\"><a rel=\"nofollow noopener noreferrer\" data-shared=\"\" class=\"share-email sd-button share-icon\" href=\"http:\/\/desireemartinphoto.com\/blog\/al-pie-del-pozo-de-jinamar-2%c2%ba-dia\/?share=email\" target=\"_blank\" title=\"Haz clic para enviar por correo electr\u00f3nico a un amigo\"><span>Correo electr\u00f3nico<\/span><\/a><\/li><li class=\"share-linkedin\"><a rel=\"nofollow noopener noreferrer\" data-shared=\"sharing-linkedin-53\" class=\"share-linkedin sd-button share-icon\" href=\"http:\/\/desireemartinphoto.com\/blog\/al-pie-del-pozo-de-jinamar-2%c2%ba-dia\/?share=linkedin\" target=\"_blank\" title=\"Haz clic para compartir en LinkedIn\"><span>LinkedIn<\/span><\/a><\/li><li class=\"share-tumblr\"><a rel=\"nofollow noopener noreferrer\" data-shared=\"\" class=\"share-tumblr sd-button share-icon\" href=\"http:\/\/desireemartinphoto.com\/blog\/al-pie-del-pozo-de-jinamar-2%c2%ba-dia\/?share=tumblr\" target=\"_blank\" title=\"Haz clic para compartir en Tumblr\"><span>Tumblr<\/span><\/a><\/li><li class=\"share-end\"><\/li><\/ul><\/div><\/div><\/div>","protected":false},"excerpt":{"rendered":"<p>Siento no tener gran cosa que contar hoy. El d\u00eda comenz\u00f3 con una entrevista a la madre de Sara Morales&#8230; como ya saben parece que los restos \u00f3seos que se encuentran en el pozo , podr\u00edan corresponder a su hija Sara..que decirles.. &#8230;me encantar\u00eda poder resumirlo en una imagen, que es lo m\u00edo, pero hasta [&#038;hellip<\/p>\n<div class=\"sharedaddy sd-sharing-enabled\"><div class=\"robots-nocontent sd-block sd-social sd-social-icon-text sd-sharing\"><h3 class=\"sd-title\">COMPARTE ESTO:<\/h3><div class=\"sd-content\"><ul><li class=\"share-facebook\"><a rel=\"nofollow noopener noreferrer\" data-shared=\"sharing-facebook-53\" class=\"share-facebook sd-button share-icon\" href=\"http:\/\/desireemartinphoto.com\/blog\/al-pie-del-pozo-de-jinamar-2%c2%ba-dia\/?share=facebook\" target=\"_blank\" title=\"Haz clic para compartir en Facebook\"><span>Facebook<\/span><\/a><\/li><li class=\"share-twitter\"><a rel=\"nofollow noopener noreferrer\" data-shared=\"sharing-twitter-53\" class=\"share-twitter sd-button share-icon\" href=\"http:\/\/desireemartinphoto.com\/blog\/al-pie-del-pozo-de-jinamar-2%c2%ba-dia\/?share=twitter\" target=\"_blank\" title=\"Haz clic para compartir en Twitter\"><span>Twitter<\/span><\/a><\/li><li class=\"share-email\"><a rel=\"nofollow noopener noreferrer\" data-shared=\"\" class=\"share-email sd-button share-icon\" href=\"http:\/\/desireemartinphoto.com\/blog\/al-pie-del-pozo-de-jinamar-2%c2%ba-dia\/?share=email\" target=\"_blank\" title=\"Haz clic para enviar por correo electr\u00f3nico a un amigo\"><span>Correo electr\u00f3nico<\/span><\/a><\/li><li class=\"share-linkedin\"><a rel=\"nofollow noopener noreferrer\" data-shared=\"sharing-linkedin-53\" class=\"share-linkedin sd-button share-icon\" href=\"http:\/\/desireemartinphoto.com\/blog\/al-pie-del-pozo-de-jinamar-2%c2%ba-dia\/?share=linkedin\" target=\"_blank\" title=\"Haz clic para compartir en LinkedIn\"><span>LinkedIn<\/span><\/a><\/li><li class=\"share-tumblr\"><a rel=\"nofollow noopener noreferrer\" data-shared=\"\" class=\"share-tumblr sd-button share-icon\" href=\"http:\/\/desireemartinphoto.com\/blog\/al-pie-del-pozo-de-jinamar-2%c2%ba-dia\/?share=tumblr\" target=\"_blank\" title=\"Haz clic para compartir en Tumblr\"><span>Tumblr<\/span><\/a><\/li><li class=\"share-end\"><\/li><\/ul><\/div><\/div><\/div>","protected":false},"author":1,"featured_media":0,"comment_status":"open","ping_status":"open","sticky":false,"template":"","format":"standard","meta":{"spay_email":""},"categories":[1],"tags":[],"jetpack_featured_media_url":"","jetpack_sharing_enabled":true,"_links":{"self":[{"href":"http:\/\/desireemartinphoto.com\/blog\/wp-json\/wp\/v2\/posts\/53"}],"collection":[{"href":"http:\/\/desireemartinphoto.com\/blog\/wp-json\/wp\/v2\/posts"}],"about":[{"href":"http:\/\/desireemartinphoto.com\/blog\/wp-json\/wp\/v2\/types\/post"}],"author":[{"embeddable":true,"href":"http:\/\/desireemartinphoto.com\/blog\/wp-json\/wp\/v2\/users\/1"}],"replies":[{"embeddable":true,"href":"http:\/\/desireemartinphoto.com\/blog\/wp-json\/wp\/v2\/comments?post=53"}],"version-history":[{"count":3,"href":"http:\/\/desireemartinphoto.com\/blog\/wp-json\/wp\/v2\/posts\/53\/revisions"}],"predecessor-version":[{"id":59,"href":"http:\/\/desireemartinphoto.com\/blog\/wp-json\/wp\/v2\/posts\/53\/revisions\/59"}],"wp:attachment":[{"href":"http:\/\/desireemartinphoto.com\/blog\/wp-json\/wp\/v2\/media?parent=53"}],"wp:term":[{"taxonomy":"category","embeddable":true,"href":"http:\/\/desireemartinphoto.com\/blog\/wp-json\/wp\/v2\/categories?post=53"},{"taxonomy":"post_tag","embeddable":true,"href":"http:\/\/desireemartinphoto.com\/blog\/wp-json\/wp\/v2\/tags?post=53"}],"curies":[{"name":"wp","href":"https:\/\/api.w.org\/{rel}","templated":true}]}}