{"id":5271,"date":"2018-11-24T15:05:23","date_gmt":"2018-11-24T15:05:23","guid":{"rendered":"http:\/\/desireemartinphoto.com\/blog\/?p=5271"},"modified":"2018-11-24T15:10:03","modified_gmt":"2018-11-24T15:10:03","slug":"cementerio-prazeres-en-busca-de-luz-y-alguna-musa","status":"publish","type":"post","link":"http:\/\/desireemartinphoto.com\/blog\/cementerio-prazeres-en-busca-de-luz-y-alguna-musa\/","title":{"rendered":"Cementerio Prazeres,  en busca de luz y alguna musa."},"content":{"rendered":"<p>&#8230;<br \/>\n..<br \/>\n&#8230;.<\/p>\n<p>Hace unos a\u00f1os que vine a este <a href=\"http:\/\/desireemartinphoto.com\/blog\/una-tarde-cabeza-inquieta-y-cementerio-de-los-placeres-lisboa\/\">cementerio<\/a> por primera vez, y la raz\u00f3n que me movi\u00f3 \u00e9sta, fue b\u00e1sicamente la misma.. y mis musas?<\/p>\n<p>Esta vez ya hab\u00eda le\u00eddo mucho sobre \u00e9l y las personas enterradas aqu\u00ed, esta vez recorr\u00ed el pa\u00eds. Sin embargo, volv\u00ed a recorrerlo sin leer los nombres de nadie, no busqu\u00e9 las tumbas de los personajes, otra vez ser\u00e1.<\/p>\n<p>Esta vez no puse tantos l\u00edmites a la distancia f\u00edsica, tambi\u00e9n es cierto que la luz ayud\u00f3.<\/p>\n<p>Linea 28, conductora de tranv\u00eda no mucho genio, demasiados turistas ( entre ellos \u00bfyo? ), subida, chispea, mochila de un g\u00fciro, subida, parada, &#8230;<\/p>\n<p>..unos 45 minutos de mirar y sentir, solo a veces.<\/p>\n<p><img data-attachment-id=\"5272\" data-permalink=\"http:\/\/desireemartinphoto.com\/blog\/cementerio-prazeres-en-busca-de-luz-y-alguna-musa\/cementerio-prazeres-2018-blog-01\/\" data-orig-file=\"http:\/\/desireemartinphoto.com\/blog\/wp-content\/uploads\/2018\/11\/Cementerio-Prazeres-2018-BLOG-01.jpg\" data-orig-size=\"550,309\" data-comments-opened=\"1\" data-image-meta=\"{&quot;aperture&quot;:&quot;7.1&quot;,&quot;credit&quot;:&quot;&quot;,&quot;camera&quot;:&quot;DMC-LX100&quot;,&quot;caption&quot;:&quot;&quot;,&quot;created_timestamp&quot;:&quot;1538936964&quot;,&quot;copyright&quot;:&quot;&quot;,&quot;focal_length&quot;:&quot;34&quot;,&quot;iso&quot;:&quot;3200&quot;,&quot;shutter_speed&quot;:&quot;0.004&quot;,&quot;title&quot;:&quot;&quot;,&quot;orientation&quot;:&quot;1&quot;}\" data-image-title=\"Cementerio Prazeres 2018 BLOG-01\" data-image-description=\"\" data-medium-file=\"http:\/\/desireemartinphoto.com\/blog\/wp-content\/uploads\/2018\/11\/Cementerio-Prazeres-2018-BLOG-01-300x169.jpg\" data-large-file=\"http:\/\/desireemartinphoto.com\/blog\/wp-content\/uploads\/2018\/11\/Cementerio-Prazeres-2018-BLOG-01.jpg\" loading=\"lazy\" src=\"http:\/\/desireemartinphoto.com\/blog\/wp-content\/uploads\/2018\/11\/Cementerio-Prazeres-2018-BLOG-01.jpg\" alt=\"\" width=\"550\" height=\"309\" class=\"alignleft size-full wp-image-5272\" srcset=\"http:\/\/desireemartinphoto.com\/blog\/wp-content\/uploads\/2018\/11\/Cementerio-Prazeres-2018-BLOG-01.jpg 550w, http:\/\/desireemartinphoto.com\/blog\/wp-content\/uploads\/2018\/11\/Cementerio-Prazeres-2018-BLOG-01-300x169.jpg 300w\" sizes=\"(max-width: 550px) 100vw, 550px\" \/><\/p>\n<p><img data-attachment-id=\"5273\" data-permalink=\"http:\/\/desireemartinphoto.com\/blog\/cementerio-prazeres-en-busca-de-luz-y-alguna-musa\/cementerio-prazeres-2018-blog-02\/\" data-orig-file=\"http:\/\/desireemartinphoto.com\/blog\/wp-content\/uploads\/2018\/11\/Cementerio-Prazeres-2018-BLOG-02.jpg\" data-orig-size=\"550,309\" data-comments-opened=\"1\" data-image-meta=\"{&quot;aperture&quot;:&quot;2.8&quot;,&quot;credit&quot;:&quot;&quot;,&quot;camera&quot;:&quot;DMC-LX100&quot;,&quot;caption&quot;:&quot;&quot;,&quot;created_timestamp&quot;:&quot;1539009310&quot;,&quot;copyright&quot;:&quot;&quot;,&quot;focal_length&quot;:&quot;34&quot;,&quot;iso&quot;:&quot;1600&quot;,&quot;shutter_speed&quot;:&quot;0.0001&quot;,&quot;title&quot;:&quot;&quot;,&quot;orientation&quot;:&quot;1&quot;}\" data-image-title=\"Cementerio Prazeres 2018 BLOG-02\" data-image-description=\"\" data-medium-file=\"http:\/\/desireemartinphoto.com\/blog\/wp-content\/uploads\/2018\/11\/Cementerio-Prazeres-2018-BLOG-02-300x169.jpg\" data-large-file=\"http:\/\/desireemartinphoto.com\/blog\/wp-content\/uploads\/2018\/11\/Cementerio-Prazeres-2018-BLOG-02.jpg\" loading=\"lazy\" src=\"http:\/\/desireemartinphoto.com\/blog\/wp-content\/uploads\/2018\/11\/Cementerio-Prazeres-2018-BLOG-02.jpg\" alt=\"\" width=\"550\" height=\"309\" class=\"alignleft size-full wp-image-5273\" srcset=\"http:\/\/desireemartinphoto.com\/blog\/wp-content\/uploads\/2018\/11\/Cementerio-Prazeres-2018-BLOG-02.jpg 550w, http:\/\/desireemartinphoto.com\/blog\/wp-content\/uploads\/2018\/11\/Cementerio-Prazeres-2018-BLOG-02-300x169.jpg 300w\" sizes=\"(max-width: 550px) 100vw, 550px\" \/><\/p>\n<p><img data-attachment-id=\"5274\" data-permalink=\"http:\/\/desireemartinphoto.com\/blog\/cementerio-prazeres-en-busca-de-luz-y-alguna-musa\/cementerio-prazeres-2018-blog-03\/\" data-orig-file=\"http:\/\/desireemartinphoto.com\/blog\/wp-content\/uploads\/2018\/11\/Cementerio-Prazeres-2018-BLOG-03.jpg\" data-orig-size=\"550,309\" data-comments-opened=\"1\" data-image-meta=\"{&quot;aperture&quot;:&quot;2.8&quot;,&quot;credit&quot;:&quot;&quot;,&quot;camera&quot;:&quot;DMC-LX100&quot;,&quot;caption&quot;:&quot;&quot;,&quot;created_timestamp&quot;:&quot;1539009485&quot;,&quot;copyright&quot;:&quot;&quot;,&quot;focal_length&quot;:&quot;32.6&quot;,&quot;iso&quot;:&quot;1600&quot;,&quot;shutter_speed&quot;:&quot;0.00025&quot;,&quot;title&quot;:&quot;&quot;,&quot;orientation&quot;:&quot;1&quot;}\" data-image-title=\"Cementerio Prazeres 2018 BLOG-03\" data-image-description=\"\" data-medium-file=\"http:\/\/desireemartinphoto.com\/blog\/wp-content\/uploads\/2018\/11\/Cementerio-Prazeres-2018-BLOG-03-300x169.jpg\" data-large-file=\"http:\/\/desireemartinphoto.com\/blog\/wp-content\/uploads\/2018\/11\/Cementerio-Prazeres-2018-BLOG-03.jpg\" loading=\"lazy\" src=\"http:\/\/desireemartinphoto.com\/blog\/wp-content\/uploads\/2018\/11\/Cementerio-Prazeres-2018-BLOG-03.jpg\" alt=\"\" width=\"550\" height=\"309\" class=\"alignleft size-full wp-image-5274\" srcset=\"http:\/\/desireemartinphoto.com\/blog\/wp-content\/uploads\/2018\/11\/Cementerio-Prazeres-2018-BLOG-03.jpg 550w, http:\/\/desireemartinphoto.com\/blog\/wp-content\/uploads\/2018\/11\/Cementerio-Prazeres-2018-BLOG-03-300x169.jpg 300w\" sizes=\"(max-width: 550px) 100vw, 550px\" \/><\/p>\n<p><img data-attachment-id=\"5275\" data-permalink=\"http:\/\/desireemartinphoto.com\/blog\/cementerio-prazeres-en-busca-de-luz-y-alguna-musa\/cementerio-prazeres-2018-blog-04\/\" data-orig-file=\"http:\/\/desireemartinphoto.com\/blog\/wp-content\/uploads\/2018\/11\/Cementerio-Prazeres-2018-BLOG-04.jpg\" data-orig-size=\"550,309\" data-comments-opened=\"1\" data-image-meta=\"{&quot;aperture&quot;:&quot;2.2&quot;,&quot;credit&quot;:&quot;&quot;,&quot;camera&quot;:&quot;DMC-LX100&quot;,&quot;caption&quot;:&quot;&quot;,&quot;created_timestamp&quot;:&quot;1539009457&quot;,&quot;copyright&quot;:&quot;&quot;,&quot;focal_length&quot;:&quot;14.9&quot;,&quot;iso&quot;:&quot;1600&quot;,&quot;shutter_speed&quot;:&quot;0.00025&quot;,&quot;title&quot;:&quot;&quot;,&quot;orientation&quot;:&quot;1&quot;}\" data-image-title=\"Cementerio Prazeres 2018 BLOG-04\" data-image-description=\"\" data-medium-file=\"http:\/\/desireemartinphoto.com\/blog\/wp-content\/uploads\/2018\/11\/Cementerio-Prazeres-2018-BLOG-04-300x169.jpg\" data-large-file=\"http:\/\/desireemartinphoto.com\/blog\/wp-content\/uploads\/2018\/11\/Cementerio-Prazeres-2018-BLOG-04.jpg\" loading=\"lazy\" src=\"http:\/\/desireemartinphoto.com\/blog\/wp-content\/uploads\/2018\/11\/Cementerio-Prazeres-2018-BLOG-04.jpg\" alt=\"\" width=\"550\" height=\"309\" class=\"alignleft size-full wp-image-5275\" srcset=\"http:\/\/desireemartinphoto.com\/blog\/wp-content\/uploads\/2018\/11\/Cementerio-Prazeres-2018-BLOG-04.jpg 550w, http:\/\/desireemartinphoto.com\/blog\/wp-content\/uploads\/2018\/11\/Cementerio-Prazeres-2018-BLOG-04-300x169.jpg 300w\" sizes=\"(max-width: 550px) 100vw, 550px\" \/><\/p>\n<p><img data-attachment-id=\"5276\" data-permalink=\"http:\/\/desireemartinphoto.com\/blog\/cementerio-prazeres-en-busca-de-luz-y-alguna-musa\/cementerio-prazeres-2018-blog-05\/\" data-orig-file=\"http:\/\/desireemartinphoto.com\/blog\/wp-content\/uploads\/2018\/11\/Cementerio-Prazeres-2018-BLOG-05.jpg\" data-orig-size=\"550,309\" data-comments-opened=\"1\" data-image-meta=\"{&quot;aperture&quot;:&quot;4&quot;,&quot;credit&quot;:&quot;&quot;,&quot;camera&quot;:&quot;DMC-LX100&quot;,&quot;caption&quot;:&quot;&quot;,&quot;created_timestamp&quot;:&quot;1539173691&quot;,&quot;copyright&quot;:&quot;&quot;,&quot;focal_length&quot;:&quot;16.5&quot;,&quot;iso&quot;:&quot;200&quot;,&quot;shutter_speed&quot;:&quot;0.0005&quot;,&quot;title&quot;:&quot;&quot;,&quot;orientation&quot;:&quot;1&quot;}\" data-image-title=\"Cementerio Prazeres 2018 BLOG-05\" data-image-description=\"\" data-medium-file=\"http:\/\/desireemartinphoto.com\/blog\/wp-content\/uploads\/2018\/11\/Cementerio-Prazeres-2018-BLOG-05-300x169.jpg\" data-large-file=\"http:\/\/desireemartinphoto.com\/blog\/wp-content\/uploads\/2018\/11\/Cementerio-Prazeres-2018-BLOG-05.jpg\" loading=\"lazy\" src=\"http:\/\/desireemartinphoto.com\/blog\/wp-content\/uploads\/2018\/11\/Cementerio-Prazeres-2018-BLOG-05.jpg\" alt=\"\" width=\"550\" height=\"309\" class=\"alignleft size-full wp-image-5276\" srcset=\"http:\/\/desireemartinphoto.com\/blog\/wp-content\/uploads\/2018\/11\/Cementerio-Prazeres-2018-BLOG-05.jpg 550w, http:\/\/desireemartinphoto.com\/blog\/wp-content\/uploads\/2018\/11\/Cementerio-Prazeres-2018-BLOG-05-300x169.jpg 300w\" sizes=\"(max-width: 550px) 100vw, 550px\" \/><\/p>\n<p><img data-attachment-id=\"5277\" data-permalink=\"http:\/\/desireemartinphoto.com\/blog\/cementerio-prazeres-en-busca-de-luz-y-alguna-musa\/cementerio-prazeres-2018-blog-06\/\" data-orig-file=\"http:\/\/desireemartinphoto.com\/blog\/wp-content\/uploads\/2018\/11\/Cementerio-Prazeres-2018-BLOG-06.jpg\" data-orig-size=\"550,309\" data-comments-opened=\"1\" data-image-meta=\"{&quot;aperture&quot;:&quot;8&quot;,&quot;credit&quot;:&quot;&quot;,&quot;camera&quot;:&quot;DMC-LX100&quot;,&quot;caption&quot;:&quot;&quot;,&quot;created_timestamp&quot;:&quot;1539175301&quot;,&quot;copyright&quot;:&quot;&quot;,&quot;focal_length&quot;:&quot;10.9&quot;,&quot;iso&quot;:&quot;1600&quot;,&quot;shutter_speed&quot;:&quot;0.000125&quot;,&quot;title&quot;:&quot;&quot;,&quot;orientation&quot;:&quot;1&quot;}\" data-image-title=\"Cementerio Prazeres 2018 BLOG-06\" data-image-description=\"\" data-medium-file=\"http:\/\/desireemartinphoto.com\/blog\/wp-content\/uploads\/2018\/11\/Cementerio-Prazeres-2018-BLOG-06-300x169.jpg\" data-large-file=\"http:\/\/desireemartinphoto.com\/blog\/wp-content\/uploads\/2018\/11\/Cementerio-Prazeres-2018-BLOG-06.jpg\" loading=\"lazy\" src=\"http:\/\/desireemartinphoto.com\/blog\/wp-content\/uploads\/2018\/11\/Cementerio-Prazeres-2018-BLOG-06.jpg\" alt=\"\" width=\"550\" height=\"309\" class=\"alignleft size-full wp-image-5277\" srcset=\"http:\/\/desireemartinphoto.com\/blog\/wp-content\/uploads\/2018\/11\/Cementerio-Prazeres-2018-BLOG-06.jpg 550w, http:\/\/desireemartinphoto.com\/blog\/wp-content\/uploads\/2018\/11\/Cementerio-Prazeres-2018-BLOG-06-300x169.jpg 300w\" sizes=\"(max-width: 550px) 100vw, 550px\" \/><\/p>\n<p><img data-attachment-id=\"5304\" data-permalink=\"http:\/\/desireemartinphoto.com\/blog\/cementerio-prazeres-en-busca-de-luz-y-alguna-musa\/cementerio-prazeres-2018-blog-07-2\/\" data-orig-file=\"http:\/\/desireemartinphoto.com\/blog\/wp-content\/uploads\/2018\/11\/Cementerio-Prazeres-2018-BLOG-07-1.jpg\" data-orig-size=\"550,309\" data-comments-opened=\"1\" data-image-meta=\"{&quot;aperture&quot;:&quot;4&quot;,&quot;credit&quot;:&quot;&quot;,&quot;camera&quot;:&quot;DMC-LX100&quot;,&quot;caption&quot;:&quot;&quot;,&quot;created_timestamp&quot;:&quot;1539174151&quot;,&quot;copyright&quot;:&quot;&quot;,&quot;focal_length&quot;:&quot;10.9&quot;,&quot;iso&quot;:&quot;1600&quot;,&quot;shutter_speed&quot;:&quot;0.002&quot;,&quot;title&quot;:&quot;&quot;,&quot;orientation&quot;:&quot;1&quot;}\" data-image-title=\"Cementerio Prazeres 2018 BLOG-07\" data-image-description=\"\" data-medium-file=\"http:\/\/desireemartinphoto.com\/blog\/wp-content\/uploads\/2018\/11\/Cementerio-Prazeres-2018-BLOG-07-1-300x169.jpg\" data-large-file=\"http:\/\/desireemartinphoto.com\/blog\/wp-content\/uploads\/2018\/11\/Cementerio-Prazeres-2018-BLOG-07-1.jpg\" loading=\"lazy\" src=\"http:\/\/desireemartinphoto.com\/blog\/wp-content\/uploads\/2018\/11\/Cementerio-Prazeres-2018-BLOG-07-1.jpg\" alt=\"\" width=\"550\" height=\"309\" class=\"alignleft size-full wp-image-5304\" srcset=\"http:\/\/desireemartinphoto.com\/blog\/wp-content\/uploads\/2018\/11\/Cementerio-Prazeres-2018-BLOG-07-1.jpg 550w, http:\/\/desireemartinphoto.com\/blog\/wp-content\/uploads\/2018\/11\/Cementerio-Prazeres-2018-BLOG-07-1-300x169.jpg 300w\" sizes=\"(max-width: 550px) 100vw, 550px\" \/><\/p>\n<p><img data-attachment-id=\"5279\" data-permalink=\"http:\/\/desireemartinphoto.com\/blog\/cementerio-prazeres-en-busca-de-luz-y-alguna-musa\/cementerio-prazeres-2018-blog-08\/\" data-orig-file=\"http:\/\/desireemartinphoto.com\/blog\/wp-content\/uploads\/2018\/11\/Cementerio-Prazeres-2018-BLOG-08.jpg\" data-orig-size=\"550,309\" data-comments-opened=\"1\" data-image-meta=\"{&quot;aperture&quot;:&quot;5.6&quot;,&quot;credit&quot;:&quot;&quot;,&quot;camera&quot;:&quot;DMC-LX100&quot;,&quot;caption&quot;:&quot;&quot;,&quot;created_timestamp&quot;:&quot;1539175184&quot;,&quot;copyright&quot;:&quot;&quot;,&quot;focal_length&quot;:&quot;10.9&quot;,&quot;iso&quot;:&quot;1600&quot;,&quot;shutter_speed&quot;:&quot;0.001&quot;,&quot;title&quot;:&quot;&quot;,&quot;orientation&quot;:&quot;1&quot;}\" data-image-title=\"Cementerio Prazeres 2018 BLOG-08\" data-image-description=\"\" data-medium-file=\"http:\/\/desireemartinphoto.com\/blog\/wp-content\/uploads\/2018\/11\/Cementerio-Prazeres-2018-BLOG-08-300x169.jpg\" data-large-file=\"http:\/\/desireemartinphoto.com\/blog\/wp-content\/uploads\/2018\/11\/Cementerio-Prazeres-2018-BLOG-08.jpg\" loading=\"lazy\" src=\"http:\/\/desireemartinphoto.com\/blog\/wp-content\/uploads\/2018\/11\/Cementerio-Prazeres-2018-BLOG-08.jpg\" alt=\"\" width=\"550\" height=\"309\" class=\"alignleft size-full wp-image-5279\" srcset=\"http:\/\/desireemartinphoto.com\/blog\/wp-content\/uploads\/2018\/11\/Cementerio-Prazeres-2018-BLOG-08.jpg 550w, http:\/\/desireemartinphoto.com\/blog\/wp-content\/uploads\/2018\/11\/Cementerio-Prazeres-2018-BLOG-08-300x169.jpg 300w\" sizes=\"(max-width: 550px) 100vw, 550px\" \/><\/p>\n<p><img data-attachment-id=\"5280\" data-permalink=\"http:\/\/desireemartinphoto.com\/blog\/cementerio-prazeres-en-busca-de-luz-y-alguna-musa\/cementerio-prazeres-2018-blog-09\/\" data-orig-file=\"http:\/\/desireemartinphoto.com\/blog\/wp-content\/uploads\/2018\/11\/Cementerio-Prazeres-2018-BLOG-09.jpg\" data-orig-size=\"550,309\" data-comments-opened=\"1\" data-image-meta=\"{&quot;aperture&quot;:&quot;4&quot;,&quot;credit&quot;:&quot;&quot;,&quot;camera&quot;:&quot;DMC-LX100&quot;,&quot;caption&quot;:&quot;&quot;,&quot;created_timestamp&quot;:&quot;1539174251&quot;,&quot;copyright&quot;:&quot;&quot;,&quot;focal_length&quot;:&quot;10.9&quot;,&quot;iso&quot;:&quot;1600&quot;,&quot;shutter_speed&quot;:&quot;0.00025&quot;,&quot;title&quot;:&quot;&quot;,&quot;orientation&quot;:&quot;1&quot;}\" data-image-title=\"Cementerio Prazeres 2018 BLOG-09\" data-image-description=\"\" data-medium-file=\"http:\/\/desireemartinphoto.com\/blog\/wp-content\/uploads\/2018\/11\/Cementerio-Prazeres-2018-BLOG-09-300x169.jpg\" data-large-file=\"http:\/\/desireemartinphoto.com\/blog\/wp-content\/uploads\/2018\/11\/Cementerio-Prazeres-2018-BLOG-09.jpg\" loading=\"lazy\" src=\"http:\/\/desireemartinphoto.com\/blog\/wp-content\/uploads\/2018\/11\/Cementerio-Prazeres-2018-BLOG-09.jpg\" alt=\"\" width=\"550\" height=\"309\" class=\"alignleft size-full wp-image-5280\" srcset=\"http:\/\/desireemartinphoto.com\/blog\/wp-content\/uploads\/2018\/11\/Cementerio-Prazeres-2018-BLOG-09.jpg 550w, http:\/\/desireemartinphoto.com\/blog\/wp-content\/uploads\/2018\/11\/Cementerio-Prazeres-2018-BLOG-09-300x169.jpg 300w\" sizes=\"(max-width: 550px) 100vw, 550px\" \/><\/p>\n<p><img data-attachment-id=\"5281\" data-permalink=\"http:\/\/desireemartinphoto.com\/blog\/cementerio-prazeres-en-busca-de-luz-y-alguna-musa\/cementerio-prazeres-2018-blog-10\/\" data-orig-file=\"http:\/\/desireemartinphoto.com\/blog\/wp-content\/uploads\/2018\/11\/Cementerio-Prazeres-2018-BLOG-10.jpg\" data-orig-size=\"550,309\" data-comments-opened=\"1\" data-image-meta=\"{&quot;aperture&quot;:&quot;5.6&quot;,&quot;credit&quot;:&quot;&quot;,&quot;camera&quot;:&quot;DMC-LX100&quot;,&quot;caption&quot;:&quot;&quot;,&quot;created_timestamp&quot;:&quot;1539174504&quot;,&quot;copyright&quot;:&quot;&quot;,&quot;focal_length&quot;:&quot;34&quot;,&quot;iso&quot;:&quot;400&quot;,&quot;shutter_speed&quot;:&quot;0.001&quot;,&quot;title&quot;:&quot;&quot;,&quot;orientation&quot;:&quot;1&quot;}\" data-image-title=\"Cementerio Prazeres 2018 BLOG-10\" data-image-description=\"\" data-medium-file=\"http:\/\/desireemartinphoto.com\/blog\/wp-content\/uploads\/2018\/11\/Cementerio-Prazeres-2018-BLOG-10-300x169.jpg\" data-large-file=\"http:\/\/desireemartinphoto.com\/blog\/wp-content\/uploads\/2018\/11\/Cementerio-Prazeres-2018-BLOG-10.jpg\" loading=\"lazy\" src=\"http:\/\/desireemartinphoto.com\/blog\/wp-content\/uploads\/2018\/11\/Cementerio-Prazeres-2018-BLOG-10.jpg\" alt=\"\" width=\"550\" height=\"309\" class=\"alignleft size-full wp-image-5281\" srcset=\"http:\/\/desireemartinphoto.com\/blog\/wp-content\/uploads\/2018\/11\/Cementerio-Prazeres-2018-BLOG-10.jpg 550w, http:\/\/desireemartinphoto.com\/blog\/wp-content\/uploads\/2018\/11\/Cementerio-Prazeres-2018-BLOG-10-300x169.jpg 300w\" sizes=\"(max-width: 550px) 100vw, 550px\" \/><\/p>\n<p><img data-attachment-id=\"5282\" data-permalink=\"http:\/\/desireemartinphoto.com\/blog\/cementerio-prazeres-en-busca-de-luz-y-alguna-musa\/cementerio-prazeres-2018-blog-11\/\" data-orig-file=\"http:\/\/desireemartinphoto.com\/blog\/wp-content\/uploads\/2018\/11\/Cementerio-Prazeres-2018-BLOG-11.jpg\" data-orig-size=\"550,309\" data-comments-opened=\"1\" data-image-meta=\"{&quot;aperture&quot;:&quot;8&quot;,&quot;credit&quot;:&quot;&quot;,&quot;camera&quot;:&quot;DMC-LX100&quot;,&quot;caption&quot;:&quot;&quot;,&quot;created_timestamp&quot;:&quot;1539175374&quot;,&quot;copyright&quot;:&quot;&quot;,&quot;focal_length&quot;:&quot;10.9&quot;,&quot;iso&quot;:&quot;800&quot;,&quot;shutter_speed&quot;:&quot;0.001&quot;,&quot;title&quot;:&quot;&quot;,&quot;orientation&quot;:&quot;1&quot;}\" data-image-title=\"Cementerio Prazeres 2018 BLOG-11\" data-image-description=\"\" data-medium-file=\"http:\/\/desireemartinphoto.com\/blog\/wp-content\/uploads\/2018\/11\/Cementerio-Prazeres-2018-BLOG-11-300x169.jpg\" data-large-file=\"http:\/\/desireemartinphoto.com\/blog\/wp-content\/uploads\/2018\/11\/Cementerio-Prazeres-2018-BLOG-11.jpg\" loading=\"lazy\" src=\"http:\/\/desireemartinphoto.com\/blog\/wp-content\/uploads\/2018\/11\/Cementerio-Prazeres-2018-BLOG-11.jpg\" alt=\"\" width=\"550\" height=\"309\" class=\"alignleft size-full wp-image-5282\" srcset=\"http:\/\/desireemartinphoto.com\/blog\/wp-content\/uploads\/2018\/11\/Cementerio-Prazeres-2018-BLOG-11.jpg 550w, http:\/\/desireemartinphoto.com\/blog\/wp-content\/uploads\/2018\/11\/Cementerio-Prazeres-2018-BLOG-11-300x169.jpg 300w\" sizes=\"(max-width: 550px) 100vw, 550px\" \/><\/p>\n<p><img data-attachment-id=\"5283\" data-permalink=\"http:\/\/desireemartinphoto.com\/blog\/cementerio-prazeres-en-busca-de-luz-y-alguna-musa\/cementerio-prazeres-2018-blog-12\/\" data-orig-file=\"http:\/\/desireemartinphoto.com\/blog\/wp-content\/uploads\/2018\/11\/Cementerio-Prazeres-2018-BLOG-12.jpg\" data-orig-size=\"550,309\" data-comments-opened=\"1\" data-image-meta=\"{&quot;aperture&quot;:&quot;7.1&quot;,&quot;credit&quot;:&quot;&quot;,&quot;camera&quot;:&quot;DMC-LX100&quot;,&quot;caption&quot;:&quot;&quot;,&quot;created_timestamp&quot;:&quot;1539177489&quot;,&quot;copyright&quot;:&quot;&quot;,&quot;focal_length&quot;:&quot;19.9&quot;,&quot;iso&quot;:&quot;200&quot;,&quot;shutter_speed&quot;:&quot;0.008&quot;,&quot;title&quot;:&quot;&quot;,&quot;orientation&quot;:&quot;1&quot;}\" data-image-title=\"Cementerio Prazeres 2018 BLOG-12\" data-image-description=\"\" data-medium-file=\"http:\/\/desireemartinphoto.com\/blog\/wp-content\/uploads\/2018\/11\/Cementerio-Prazeres-2018-BLOG-12-300x169.jpg\" data-large-file=\"http:\/\/desireemartinphoto.com\/blog\/wp-content\/uploads\/2018\/11\/Cementerio-Prazeres-2018-BLOG-12.jpg\" loading=\"lazy\" src=\"http:\/\/desireemartinphoto.com\/blog\/wp-content\/uploads\/2018\/11\/Cementerio-Prazeres-2018-BLOG-12.jpg\" alt=\"\" width=\"550\" height=\"309\" class=\"alignleft size-full wp-image-5283\" srcset=\"http:\/\/desireemartinphoto.com\/blog\/wp-content\/uploads\/2018\/11\/Cementerio-Prazeres-2018-BLOG-12.jpg 550w, http:\/\/desireemartinphoto.com\/blog\/wp-content\/uploads\/2018\/11\/Cementerio-Prazeres-2018-BLOG-12-300x169.jpg 300w\" sizes=\"(max-width: 550px) 100vw, 550px\" \/><\/p>\n<p><img data-attachment-id=\"5284\" data-permalink=\"http:\/\/desireemartinphoto.com\/blog\/cementerio-prazeres-en-busca-de-luz-y-alguna-musa\/cementerio-prazeres-2018-blog-13\/\" data-orig-file=\"http:\/\/desireemartinphoto.com\/blog\/wp-content\/uploads\/2018\/11\/Cementerio-Prazeres-2018-BLOG-13.jpg\" data-orig-size=\"550,309\" data-comments-opened=\"1\" data-image-meta=\"{&quot;aperture&quot;:&quot;5.6&quot;,&quot;credit&quot;:&quot;&quot;,&quot;camera&quot;:&quot;DMC-LX100&quot;,&quot;caption&quot;:&quot;&quot;,&quot;created_timestamp&quot;:&quot;1539176724&quot;,&quot;copyright&quot;:&quot;&quot;,&quot;focal_length&quot;:&quot;10.9&quot;,&quot;iso&quot;:&quot;800&quot;,&quot;shutter_speed&quot;:&quot;0.0004&quot;,&quot;title&quot;:&quot;&quot;,&quot;orientation&quot;:&quot;1&quot;}\" data-image-title=\"Cementerio Prazeres 2018 BLOG-13\" data-image-description=\"\" data-medium-file=\"http:\/\/desireemartinphoto.com\/blog\/wp-content\/uploads\/2018\/11\/Cementerio-Prazeres-2018-BLOG-13-300x169.jpg\" data-large-file=\"http:\/\/desireemartinphoto.com\/blog\/wp-content\/uploads\/2018\/11\/Cementerio-Prazeres-2018-BLOG-13.jpg\" loading=\"lazy\" src=\"http:\/\/desireemartinphoto.com\/blog\/wp-content\/uploads\/2018\/11\/Cementerio-Prazeres-2018-BLOG-13.jpg\" alt=\"\" width=\"550\" height=\"309\" class=\"alignleft size-full wp-image-5284\" srcset=\"http:\/\/desireemartinphoto.com\/blog\/wp-content\/uploads\/2018\/11\/Cementerio-Prazeres-2018-BLOG-13.jpg 550w, http:\/\/desireemartinphoto.com\/blog\/wp-content\/uploads\/2018\/11\/Cementerio-Prazeres-2018-BLOG-13-300x169.jpg 300w\" sizes=\"(max-width: 550px) 100vw, 550px\" \/><\/p>\n<p><img data-attachment-id=\"5285\" data-permalink=\"http:\/\/desireemartinphoto.com\/blog\/cementerio-prazeres-en-busca-de-luz-y-alguna-musa\/cementerio-prazeres-2018-blog-14\/\" data-orig-file=\"http:\/\/desireemartinphoto.com\/blog\/wp-content\/uploads\/2018\/11\/Cementerio-Prazeres-2018-BLOG-14.jpg\" data-orig-size=\"550,309\" data-comments-opened=\"1\" data-image-meta=\"{&quot;aperture&quot;:&quot;9&quot;,&quot;credit&quot;:&quot;&quot;,&quot;camera&quot;:&quot;DMC-LX100&quot;,&quot;caption&quot;:&quot;&quot;,&quot;created_timestamp&quot;:&quot;1539176769&quot;,&quot;copyright&quot;:&quot;&quot;,&quot;focal_length&quot;:&quot;34&quot;,&quot;iso&quot;:&quot;800&quot;,&quot;shutter_speed&quot;:&quot;0.00025&quot;,&quot;title&quot;:&quot;&quot;,&quot;orientation&quot;:&quot;1&quot;}\" data-image-title=\"Cementerio Prazeres 2018 BLOG-14\" data-image-description=\"\" data-medium-file=\"http:\/\/desireemartinphoto.com\/blog\/wp-content\/uploads\/2018\/11\/Cementerio-Prazeres-2018-BLOG-14-300x169.jpg\" data-large-file=\"http:\/\/desireemartinphoto.com\/blog\/wp-content\/uploads\/2018\/11\/Cementerio-Prazeres-2018-BLOG-14.jpg\" loading=\"lazy\" src=\"http:\/\/desireemartinphoto.com\/blog\/wp-content\/uploads\/2018\/11\/Cementerio-Prazeres-2018-BLOG-14.jpg\" alt=\"\" width=\"550\" height=\"309\" class=\"alignleft size-full wp-image-5285\" srcset=\"http:\/\/desireemartinphoto.com\/blog\/wp-content\/uploads\/2018\/11\/Cementerio-Prazeres-2018-BLOG-14.jpg 550w, http:\/\/desireemartinphoto.com\/blog\/wp-content\/uploads\/2018\/11\/Cementerio-Prazeres-2018-BLOG-14-300x169.jpg 300w\" sizes=\"(max-width: 550px) 100vw, 550px\" \/><\/p>\n<p><img data-attachment-id=\"5286\" data-permalink=\"http:\/\/desireemartinphoto.com\/blog\/cementerio-prazeres-en-busca-de-luz-y-alguna-musa\/cementerio-prazeres-2018-blog-15\/\" data-orig-file=\"http:\/\/desireemartinphoto.com\/blog\/wp-content\/uploads\/2018\/11\/Cementerio-Prazeres-2018-BLOG-15.jpg\" data-orig-size=\"550,978\" data-comments-opened=\"1\" data-image-meta=\"{&quot;aperture&quot;:&quot;4.5&quot;,&quot;credit&quot;:&quot;&quot;,&quot;camera&quot;:&quot;DMC-LX100&quot;,&quot;caption&quot;:&quot;&quot;,&quot;created_timestamp&quot;:&quot;1539179203&quot;,&quot;copyright&quot;:&quot;&quot;,&quot;focal_length&quot;:&quot;34&quot;,&quot;iso&quot;:&quot;200&quot;,&quot;shutter_speed&quot;:&quot;0.002&quot;,&quot;title&quot;:&quot;&quot;,&quot;orientation&quot;:&quot;1&quot;}\" data-image-title=\"Cementerio Prazeres 2018 BLOG-15\" data-image-description=\"\" data-medium-file=\"http:\/\/desireemartinphoto.com\/blog\/wp-content\/uploads\/2018\/11\/Cementerio-Prazeres-2018-BLOG-15-169x300.jpg\" data-large-file=\"http:\/\/desireemartinphoto.com\/blog\/wp-content\/uploads\/2018\/11\/Cementerio-Prazeres-2018-BLOG-15.jpg\" loading=\"lazy\" src=\"http:\/\/desireemartinphoto.com\/blog\/wp-content\/uploads\/2018\/11\/Cementerio-Prazeres-2018-BLOG-15.jpg\" alt=\"\" width=\"550\" height=\"978\" class=\"alignleft size-full wp-image-5286\" srcset=\"http:\/\/desireemartinphoto.com\/blog\/wp-content\/uploads\/2018\/11\/Cementerio-Prazeres-2018-BLOG-15.jpg 550w, http:\/\/desireemartinphoto.com\/blog\/wp-content\/uploads\/2018\/11\/Cementerio-Prazeres-2018-BLOG-15-169x300.jpg 169w\" sizes=\"(max-width: 550px) 100vw, 550px\" \/><\/p>\n<p><img data-attachment-id=\"5287\" data-permalink=\"http:\/\/desireemartinphoto.com\/blog\/cementerio-prazeres-en-busca-de-luz-y-alguna-musa\/cementerio-prazeres-2018-blog-16\/\" data-orig-file=\"http:\/\/desireemartinphoto.com\/blog\/wp-content\/uploads\/2018\/11\/Cementerio-Prazeres-2018-BLOG-16.jpg\" data-orig-size=\"550,309\" data-comments-opened=\"1\" data-image-meta=\"{&quot;aperture&quot;:&quot;7.1&quot;,&quot;credit&quot;:&quot;&quot;,&quot;camera&quot;:&quot;DMC-LX100&quot;,&quot;caption&quot;:&quot;&quot;,&quot;created_timestamp&quot;:&quot;1539177412&quot;,&quot;copyright&quot;:&quot;&quot;,&quot;focal_length&quot;:&quot;10.9&quot;,&quot;iso&quot;:&quot;200&quot;,&quot;shutter_speed&quot;:&quot;0.002&quot;,&quot;title&quot;:&quot;&quot;,&quot;orientation&quot;:&quot;1&quot;}\" data-image-title=\"Cementerio Prazeres 2018 BLOG-16\" data-image-description=\"\" data-medium-file=\"http:\/\/desireemartinphoto.com\/blog\/wp-content\/uploads\/2018\/11\/Cementerio-Prazeres-2018-BLOG-16-300x169.jpg\" data-large-file=\"http:\/\/desireemartinphoto.com\/blog\/wp-content\/uploads\/2018\/11\/Cementerio-Prazeres-2018-BLOG-16.jpg\" loading=\"lazy\" src=\"http:\/\/desireemartinphoto.com\/blog\/wp-content\/uploads\/2018\/11\/Cementerio-Prazeres-2018-BLOG-16.jpg\" alt=\"\" width=\"550\" height=\"309\" class=\"alignleft size-full wp-image-5287\" srcset=\"http:\/\/desireemartinphoto.com\/blog\/wp-content\/uploads\/2018\/11\/Cementerio-Prazeres-2018-BLOG-16.jpg 550w, http:\/\/desireemartinphoto.com\/blog\/wp-content\/uploads\/2018\/11\/Cementerio-Prazeres-2018-BLOG-16-300x169.jpg 300w\" sizes=\"(max-width: 550px) 100vw, 550px\" \/><\/p>\n<p><img data-attachment-id=\"5288\" data-permalink=\"http:\/\/desireemartinphoto.com\/blog\/cementerio-prazeres-en-busca-de-luz-y-alguna-musa\/cementerio-prazeres-2018-blog-17\/\" data-orig-file=\"http:\/\/desireemartinphoto.com\/blog\/wp-content\/uploads\/2018\/11\/Cementerio-Prazeres-2018-BLOG-17.jpg\" data-orig-size=\"550,309\" data-comments-opened=\"1\" data-image-meta=\"{&quot;aperture&quot;:&quot;2.8&quot;,&quot;credit&quot;:&quot;&quot;,&quot;camera&quot;:&quot;DMC-LX100&quot;,&quot;caption&quot;:&quot;&quot;,&quot;created_timestamp&quot;:&quot;1539179493&quot;,&quot;copyright&quot;:&quot;&quot;,&quot;focal_length&quot;:&quot;13.4&quot;,&quot;iso&quot;:&quot;200&quot;,&quot;shutter_speed&quot;:&quot;0.00025&quot;,&quot;title&quot;:&quot;&quot;,&quot;orientation&quot;:&quot;1&quot;}\" data-image-title=\"Cementerio Prazeres 2018 BLOG-17\" data-image-description=\"\" data-medium-file=\"http:\/\/desireemartinphoto.com\/blog\/wp-content\/uploads\/2018\/11\/Cementerio-Prazeres-2018-BLOG-17-300x169.jpg\" data-large-file=\"http:\/\/desireemartinphoto.com\/blog\/wp-content\/uploads\/2018\/11\/Cementerio-Prazeres-2018-BLOG-17.jpg\" loading=\"lazy\" src=\"http:\/\/desireemartinphoto.com\/blog\/wp-content\/uploads\/2018\/11\/Cementerio-Prazeres-2018-BLOG-17.jpg\" alt=\"\" width=\"550\" height=\"309\" class=\"alignleft size-full wp-image-5288\" srcset=\"http:\/\/desireemartinphoto.com\/blog\/wp-content\/uploads\/2018\/11\/Cementerio-Prazeres-2018-BLOG-17.jpg 550w, http:\/\/desireemartinphoto.com\/blog\/wp-content\/uploads\/2018\/11\/Cementerio-Prazeres-2018-BLOG-17-300x169.jpg 300w\" sizes=\"(max-width: 550px) 100vw, 550px\" \/><\/p>\n<p><img data-attachment-id=\"5289\" data-permalink=\"http:\/\/desireemartinphoto.com\/blog\/cementerio-prazeres-en-busca-de-luz-y-alguna-musa\/cementerio-prazeres-2018-blog-18\/\" data-orig-file=\"http:\/\/desireemartinphoto.com\/blog\/wp-content\/uploads\/2018\/11\/Cementerio-Prazeres-2018-BLOG-18.jpg\" data-orig-size=\"550,309\" data-comments-opened=\"1\" data-image-meta=\"{&quot;aperture&quot;:&quot;4&quot;,&quot;credit&quot;:&quot;&quot;,&quot;camera&quot;:&quot;DMC-LX100&quot;,&quot;caption&quot;:&quot;&quot;,&quot;created_timestamp&quot;:&quot;1539178665&quot;,&quot;copyright&quot;:&quot;&quot;,&quot;focal_length&quot;:&quot;17.9&quot;,&quot;iso&quot;:&quot;200&quot;,&quot;shutter_speed&quot;:&quot;0.0005&quot;,&quot;title&quot;:&quot;&quot;,&quot;orientation&quot;:&quot;1&quot;}\" data-image-title=\"Cementerio Prazeres 2018 BLOG-18\" data-image-description=\"\" data-medium-file=\"http:\/\/desireemartinphoto.com\/blog\/wp-content\/uploads\/2018\/11\/Cementerio-Prazeres-2018-BLOG-18-300x169.jpg\" data-large-file=\"http:\/\/desireemartinphoto.com\/blog\/wp-content\/uploads\/2018\/11\/Cementerio-Prazeres-2018-BLOG-18.jpg\" loading=\"lazy\" src=\"http:\/\/desireemartinphoto.com\/blog\/wp-content\/uploads\/2018\/11\/Cementerio-Prazeres-2018-BLOG-18.jpg\" alt=\"\" width=\"550\" height=\"309\" class=\"alignleft size-full wp-image-5289\" srcset=\"http:\/\/desireemartinphoto.com\/blog\/wp-content\/uploads\/2018\/11\/Cementerio-Prazeres-2018-BLOG-18.jpg 550w, http:\/\/desireemartinphoto.com\/blog\/wp-content\/uploads\/2018\/11\/Cementerio-Prazeres-2018-BLOG-18-300x169.jpg 300w\" sizes=\"(max-width: 550px) 100vw, 550px\" \/><\/p>\n<p><img data-attachment-id=\"5290\" data-permalink=\"http:\/\/desireemartinphoto.com\/blog\/cementerio-prazeres-en-busca-de-luz-y-alguna-musa\/cementerio-prazeres-2018-blog-19\/\" data-orig-file=\"http:\/\/desireemartinphoto.com\/blog\/wp-content\/uploads\/2018\/11\/Cementerio-Prazeres-2018-BLOG-19.jpg\" data-orig-size=\"550,978\" data-comments-opened=\"1\" data-image-meta=\"{&quot;aperture&quot;:&quot;2.8&quot;,&quot;credit&quot;:&quot;&quot;,&quot;camera&quot;:&quot;DMC-LX100&quot;,&quot;caption&quot;:&quot;&quot;,&quot;created_timestamp&quot;:&quot;1539177012&quot;,&quot;copyright&quot;:&quot;&quot;,&quot;focal_length&quot;:&quot;10.9&quot;,&quot;iso&quot;:&quot;800&quot;,&quot;shutter_speed&quot;:&quot;6.25E-5&quot;,&quot;title&quot;:&quot;&quot;,&quot;orientation&quot;:&quot;1&quot;}\" data-image-title=\"Cementerio Prazeres 2018 BLOG-19\" data-image-description=\"\" data-medium-file=\"http:\/\/desireemartinphoto.com\/blog\/wp-content\/uploads\/2018\/11\/Cementerio-Prazeres-2018-BLOG-19-169x300.jpg\" data-large-file=\"http:\/\/desireemartinphoto.com\/blog\/wp-content\/uploads\/2018\/11\/Cementerio-Prazeres-2018-BLOG-19.jpg\" loading=\"lazy\" src=\"http:\/\/desireemartinphoto.com\/blog\/wp-content\/uploads\/2018\/11\/Cementerio-Prazeres-2018-BLOG-19.jpg\" alt=\"\" width=\"550\" height=\"978\" class=\"alignleft size-full wp-image-5290\" srcset=\"http:\/\/desireemartinphoto.com\/blog\/wp-content\/uploads\/2018\/11\/Cementerio-Prazeres-2018-BLOG-19.jpg 550w, http:\/\/desireemartinphoto.com\/blog\/wp-content\/uploads\/2018\/11\/Cementerio-Prazeres-2018-BLOG-19-169x300.jpg 169w\" sizes=\"(max-width: 550px) 100vw, 550px\" \/><\/p>\n<p><img data-attachment-id=\"5291\" data-permalink=\"http:\/\/desireemartinphoto.com\/blog\/cementerio-prazeres-en-busca-de-luz-y-alguna-musa\/cementerio-prazeres-2018-blog-20\/\" data-orig-file=\"http:\/\/desireemartinphoto.com\/blog\/wp-content\/uploads\/2018\/11\/Cementerio-Prazeres-2018-BLOG-20.jpg\" data-orig-size=\"550,978\" data-comments-opened=\"1\" data-image-meta=\"{&quot;aperture&quot;:&quot;8&quot;,&quot;credit&quot;:&quot;&quot;,&quot;camera&quot;:&quot;DMC-LX100&quot;,&quot;caption&quot;:&quot;&quot;,&quot;created_timestamp&quot;:&quot;1539177663&quot;,&quot;copyright&quot;:&quot;&quot;,&quot;focal_length&quot;:&quot;24.5&quot;,&quot;iso&quot;:&quot;200&quot;,&quot;shutter_speed&quot;:&quot;0.008&quot;,&quot;title&quot;:&quot;&quot;,&quot;orientation&quot;:&quot;1&quot;}\" data-image-title=\"Cementerio Prazeres 2018 BLOG-20\" data-image-description=\"\" data-medium-file=\"http:\/\/desireemartinphoto.com\/blog\/wp-content\/uploads\/2018\/11\/Cementerio-Prazeres-2018-BLOG-20-169x300.jpg\" data-large-file=\"http:\/\/desireemartinphoto.com\/blog\/wp-content\/uploads\/2018\/11\/Cementerio-Prazeres-2018-BLOG-20.jpg\" loading=\"lazy\" src=\"http:\/\/desireemartinphoto.com\/blog\/wp-content\/uploads\/2018\/11\/Cementerio-Prazeres-2018-BLOG-20.jpg\" alt=\"\" width=\"550\" height=\"978\" class=\"alignleft size-full wp-image-5291\" srcset=\"http:\/\/desireemartinphoto.com\/blog\/wp-content\/uploads\/2018\/11\/Cementerio-Prazeres-2018-BLOG-20.jpg 550w, http:\/\/desireemartinphoto.com\/blog\/wp-content\/uploads\/2018\/11\/Cementerio-Prazeres-2018-BLOG-20-169x300.jpg 169w\" sizes=\"(max-width: 550px) 100vw, 550px\" \/><\/p>\n<p><img data-attachment-id=\"5292\" data-permalink=\"http:\/\/desireemartinphoto.com\/blog\/cementerio-prazeres-en-busca-de-luz-y-alguna-musa\/cementerio-prazeres-2018-blog-21\/\" data-orig-file=\"http:\/\/desireemartinphoto.com\/blog\/wp-content\/uploads\/2018\/11\/Cementerio-Prazeres-2018-BLOG-21.jpg\" data-orig-size=\"550,309\" data-comments-opened=\"1\" data-image-meta=\"{&quot;aperture&quot;:&quot;9&quot;,&quot;credit&quot;:&quot;&quot;,&quot;camera&quot;:&quot;DMC-LX100&quot;,&quot;caption&quot;:&quot;&quot;,&quot;created_timestamp&quot;:&quot;1539180167&quot;,&quot;copyright&quot;:&quot;&quot;,&quot;focal_length&quot;:&quot;16.5&quot;,&quot;iso&quot;:&quot;200&quot;,&quot;shutter_speed&quot;:&quot;0.001&quot;,&quot;title&quot;:&quot;&quot;,&quot;orientation&quot;:&quot;1&quot;}\" data-image-title=\"Cementerio Prazeres 2018 BLOG-21\" data-image-description=\"\" data-medium-file=\"http:\/\/desireemartinphoto.com\/blog\/wp-content\/uploads\/2018\/11\/Cementerio-Prazeres-2018-BLOG-21-300x169.jpg\" data-large-file=\"http:\/\/desireemartinphoto.com\/blog\/wp-content\/uploads\/2018\/11\/Cementerio-Prazeres-2018-BLOG-21.jpg\" loading=\"lazy\" src=\"http:\/\/desireemartinphoto.com\/blog\/wp-content\/uploads\/2018\/11\/Cementerio-Prazeres-2018-BLOG-21.jpg\" alt=\"\" width=\"550\" height=\"309\" class=\"alignleft size-full wp-image-5292\" srcset=\"http:\/\/desireemartinphoto.com\/blog\/wp-content\/uploads\/2018\/11\/Cementerio-Prazeres-2018-BLOG-21.jpg 550w, http:\/\/desireemartinphoto.com\/blog\/wp-content\/uploads\/2018\/11\/Cementerio-Prazeres-2018-BLOG-21-300x169.jpg 300w\" sizes=\"(max-width: 550px) 100vw, 550px\" \/><\/p>\n<p><img data-attachment-id=\"5293\" data-permalink=\"http:\/\/desireemartinphoto.com\/blog\/cementerio-prazeres-en-busca-de-luz-y-alguna-musa\/cementerio-prazeres-2018-blog-22\/\" data-orig-file=\"http:\/\/desireemartinphoto.com\/blog\/wp-content\/uploads\/2018\/11\/Cementerio-Prazeres-2018-BLOG-22.jpg\" data-orig-size=\"550,309\" data-comments-opened=\"1\" data-image-meta=\"{&quot;aperture&quot;:&quot;2.2&quot;,&quot;credit&quot;:&quot;&quot;,&quot;camera&quot;:&quot;DMC-LX100&quot;,&quot;caption&quot;:&quot;&quot;,&quot;created_timestamp&quot;:&quot;1539004103&quot;,&quot;copyright&quot;:&quot;&quot;,&quot;focal_length&quot;:&quot;13.4&quot;,&quot;iso&quot;:&quot;400&quot;,&quot;shutter_speed&quot;:&quot;0.001&quot;,&quot;title&quot;:&quot;&quot;,&quot;orientation&quot;:&quot;1&quot;}\" data-image-title=\"Cementerio Prazeres 2018 BLOG-22\" data-image-description=\"\" data-medium-file=\"http:\/\/desireemartinphoto.com\/blog\/wp-content\/uploads\/2018\/11\/Cementerio-Prazeres-2018-BLOG-22-300x169.jpg\" data-large-file=\"http:\/\/desireemartinphoto.com\/blog\/wp-content\/uploads\/2018\/11\/Cementerio-Prazeres-2018-BLOG-22.jpg\" loading=\"lazy\" src=\"http:\/\/desireemartinphoto.com\/blog\/wp-content\/uploads\/2018\/11\/Cementerio-Prazeres-2018-BLOG-22.jpg\" alt=\"\" width=\"550\" height=\"309\" class=\"alignleft size-full wp-image-5293\" srcset=\"http:\/\/desireemartinphoto.com\/blog\/wp-content\/uploads\/2018\/11\/Cementerio-Prazeres-2018-BLOG-22.jpg 550w, http:\/\/desireemartinphoto.com\/blog\/wp-content\/uploads\/2018\/11\/Cementerio-Prazeres-2018-BLOG-22-300x169.jpg 300w\" sizes=\"(max-width: 550px) 100vw, 550px\" \/><\/p>\n<p><img data-attachment-id=\"5294\" data-permalink=\"http:\/\/desireemartinphoto.com\/blog\/cementerio-prazeres-en-busca-de-luz-y-alguna-musa\/cementerio-prazeres-2018-blog-23\/\" data-orig-file=\"http:\/\/desireemartinphoto.com\/blog\/wp-content\/uploads\/2018\/11\/Cementerio-Prazeres-2018-BLOG-23.jpg\" data-orig-size=\"550,309\" data-comments-opened=\"1\" data-image-meta=\"{&quot;aperture&quot;:&quot;11&quot;,&quot;credit&quot;:&quot;&quot;,&quot;camera&quot;:&quot;DMC-LX100&quot;,&quot;caption&quot;:&quot;&quot;,&quot;created_timestamp&quot;:&quot;1539258836&quot;,&quot;copyright&quot;:&quot;&quot;,&quot;focal_length&quot;:&quot;10.9&quot;,&quot;iso&quot;:&quot;800&quot;,&quot;shutter_speed&quot;:&quot;0.01&quot;,&quot;title&quot;:&quot;&quot;,&quot;orientation&quot;:&quot;1&quot;}\" data-image-title=\"Cementerio Prazeres 2018 BLOG-23\" data-image-description=\"\" data-medium-file=\"http:\/\/desireemartinphoto.com\/blog\/wp-content\/uploads\/2018\/11\/Cementerio-Prazeres-2018-BLOG-23-300x169.jpg\" data-large-file=\"http:\/\/desireemartinphoto.com\/blog\/wp-content\/uploads\/2018\/11\/Cementerio-Prazeres-2018-BLOG-23.jpg\" loading=\"lazy\" src=\"http:\/\/desireemartinphoto.com\/blog\/wp-content\/uploads\/2018\/11\/Cementerio-Prazeres-2018-BLOG-23.jpg\" alt=\"\" width=\"550\" height=\"309\" class=\"alignleft size-full wp-image-5294\" srcset=\"http:\/\/desireemartinphoto.com\/blog\/wp-content\/uploads\/2018\/11\/Cementerio-Prazeres-2018-BLOG-23.jpg 550w, http:\/\/desireemartinphoto.com\/blog\/wp-content\/uploads\/2018\/11\/Cementerio-Prazeres-2018-BLOG-23-300x169.jpg 300w\" sizes=\"(max-width: 550px) 100vw, 550px\" \/><\/p>\n<p><img data-attachment-id=\"5295\" data-permalink=\"http:\/\/desireemartinphoto.com\/blog\/cementerio-prazeres-en-busca-de-luz-y-alguna-musa\/cementerio-prazeres-2018-blog-24\/\" data-orig-file=\"http:\/\/desireemartinphoto.com\/blog\/wp-content\/uploads\/2018\/11\/Cementerio-Prazeres-2018-BLOG-24.jpg\" data-orig-size=\"550,309\" data-comments-opened=\"1\" data-image-meta=\"{&quot;aperture&quot;:&quot;8&quot;,&quot;credit&quot;:&quot;&quot;,&quot;camera&quot;:&quot;DMC-LX100&quot;,&quot;caption&quot;:&quot;&quot;,&quot;created_timestamp&quot;:&quot;1539259031&quot;,&quot;copyright&quot;:&quot;&quot;,&quot;focal_length&quot;:&quot;10.9&quot;,&quot;iso&quot;:&quot;800&quot;,&quot;shutter_speed&quot;:&quot;0.00625&quot;,&quot;title&quot;:&quot;&quot;,&quot;orientation&quot;:&quot;1&quot;}\" data-image-title=\"Cementerio Prazeres 2018 BLOG-24\" data-image-description=\"\" data-medium-file=\"http:\/\/desireemartinphoto.com\/blog\/wp-content\/uploads\/2018\/11\/Cementerio-Prazeres-2018-BLOG-24-300x169.jpg\" data-large-file=\"http:\/\/desireemartinphoto.com\/blog\/wp-content\/uploads\/2018\/11\/Cementerio-Prazeres-2018-BLOG-24.jpg\" loading=\"lazy\" src=\"http:\/\/desireemartinphoto.com\/blog\/wp-content\/uploads\/2018\/11\/Cementerio-Prazeres-2018-BLOG-24.jpg\" alt=\"\" width=\"550\" height=\"309\" class=\"alignleft size-full wp-image-5295\" srcset=\"http:\/\/desireemartinphoto.com\/blog\/wp-content\/uploads\/2018\/11\/Cementerio-Prazeres-2018-BLOG-24.jpg 550w, http:\/\/desireemartinphoto.com\/blog\/wp-content\/uploads\/2018\/11\/Cementerio-Prazeres-2018-BLOG-24-300x169.jpg 300w\" sizes=\"(max-width: 550px) 100vw, 550px\" \/><\/p>\n<p><img data-attachment-id=\"5296\" data-permalink=\"http:\/\/desireemartinphoto.com\/blog\/cementerio-prazeres-en-busca-de-luz-y-alguna-musa\/cementerio-prazeres-2018-blog-25\/\" data-orig-file=\"http:\/\/desireemartinphoto.com\/blog\/wp-content\/uploads\/2018\/11\/Cementerio-Prazeres-2018-BLOG-25.jpg\" data-orig-size=\"550,978\" data-comments-opened=\"1\" data-image-meta=\"{&quot;aperture&quot;:&quot;4&quot;,&quot;credit&quot;:&quot;&quot;,&quot;camera&quot;:&quot;DMC-LX100&quot;,&quot;caption&quot;:&quot;&quot;,&quot;created_timestamp&quot;:&quot;1539259866&quot;,&quot;copyright&quot;:&quot;&quot;,&quot;focal_length&quot;:&quot;10.9&quot;,&quot;iso&quot;:&quot;200&quot;,&quot;shutter_speed&quot;:&quot;0.0002&quot;,&quot;title&quot;:&quot;&quot;,&quot;orientation&quot;:&quot;1&quot;}\" data-image-title=\"Cementerio Prazeres 2018 BLOG-25\" data-image-description=\"\" data-medium-file=\"http:\/\/desireemartinphoto.com\/blog\/wp-content\/uploads\/2018\/11\/Cementerio-Prazeres-2018-BLOG-25-169x300.jpg\" data-large-file=\"http:\/\/desireemartinphoto.com\/blog\/wp-content\/uploads\/2018\/11\/Cementerio-Prazeres-2018-BLOG-25.jpg\" loading=\"lazy\" src=\"http:\/\/desireemartinphoto.com\/blog\/wp-content\/uploads\/2018\/11\/Cementerio-Prazeres-2018-BLOG-25.jpg\" alt=\"\" width=\"550\" height=\"978\" class=\"alignleft size-full wp-image-5296\" srcset=\"http:\/\/desireemartinphoto.com\/blog\/wp-content\/uploads\/2018\/11\/Cementerio-Prazeres-2018-BLOG-25.jpg 550w, http:\/\/desireemartinphoto.com\/blog\/wp-content\/uploads\/2018\/11\/Cementerio-Prazeres-2018-BLOG-25-169x300.jpg 169w\" sizes=\"(max-width: 550px) 100vw, 550px\" \/><\/p>\n<p><img data-attachment-id=\"5297\" data-permalink=\"http:\/\/desireemartinphoto.com\/blog\/cementerio-prazeres-en-busca-de-luz-y-alguna-musa\/cementerio-prazeres-2018-blog-26\/\" data-orig-file=\"http:\/\/desireemartinphoto.com\/blog\/wp-content\/uploads\/2018\/11\/Cementerio-Prazeres-2018-BLOG-26.jpg\" data-orig-size=\"550,978\" data-comments-opened=\"1\" data-image-meta=\"{&quot;aperture&quot;:&quot;8&quot;,&quot;credit&quot;:&quot;&quot;,&quot;camera&quot;:&quot;DMC-LX100&quot;,&quot;caption&quot;:&quot;&quot;,&quot;created_timestamp&quot;:&quot;1539259223&quot;,&quot;copyright&quot;:&quot;&quot;,&quot;focal_length&quot;:&quot;15.4&quot;,&quot;iso&quot;:&quot;800&quot;,&quot;shutter_speed&quot;:&quot;0.004&quot;,&quot;title&quot;:&quot;&quot;,&quot;orientation&quot;:&quot;1&quot;}\" data-image-title=\"Cementerio Prazeres 2018 BLOG-26\" data-image-description=\"\" data-medium-file=\"http:\/\/desireemartinphoto.com\/blog\/wp-content\/uploads\/2018\/11\/Cementerio-Prazeres-2018-BLOG-26-169x300.jpg\" data-large-file=\"http:\/\/desireemartinphoto.com\/blog\/wp-content\/uploads\/2018\/11\/Cementerio-Prazeres-2018-BLOG-26.jpg\" loading=\"lazy\" src=\"http:\/\/desireemartinphoto.com\/blog\/wp-content\/uploads\/2018\/11\/Cementerio-Prazeres-2018-BLOG-26.jpg\" alt=\"\" width=\"550\" height=\"978\" class=\"alignleft size-full wp-image-5297\" srcset=\"http:\/\/desireemartinphoto.com\/blog\/wp-content\/uploads\/2018\/11\/Cementerio-Prazeres-2018-BLOG-26.jpg 550w, http:\/\/desireemartinphoto.com\/blog\/wp-content\/uploads\/2018\/11\/Cementerio-Prazeres-2018-BLOG-26-169x300.jpg 169w\" sizes=\"(max-width: 550px) 100vw, 550px\" \/><\/p>\n<p><img data-attachment-id=\"5298\" data-permalink=\"http:\/\/desireemartinphoto.com\/blog\/cementerio-prazeres-en-busca-de-luz-y-alguna-musa\/cementerio-prazeres-2018-blog-27\/\" data-orig-file=\"http:\/\/desireemartinphoto.com\/blog\/wp-content\/uploads\/2018\/11\/Cementerio-Prazeres-2018-BLOG-27.jpg\" data-orig-size=\"550,309\" data-comments-opened=\"1\" data-image-meta=\"{&quot;aperture&quot;:&quot;8&quot;,&quot;credit&quot;:&quot;&quot;,&quot;camera&quot;:&quot;DMC-LX100&quot;,&quot;caption&quot;:&quot;&quot;,&quot;created_timestamp&quot;:&quot;1539259452&quot;,&quot;copyright&quot;:&quot;&quot;,&quot;focal_length&quot;:&quot;10.9&quot;,&quot;iso&quot;:&quot;800&quot;,&quot;shutter_speed&quot;:&quot;0.004&quot;,&quot;title&quot;:&quot;&quot;,&quot;orientation&quot;:&quot;1&quot;}\" data-image-title=\"Cementerio Prazeres 2018 BLOG-27\" data-image-description=\"\" data-medium-file=\"http:\/\/desireemartinphoto.com\/blog\/wp-content\/uploads\/2018\/11\/Cementerio-Prazeres-2018-BLOG-27-300x169.jpg\" data-large-file=\"http:\/\/desireemartinphoto.com\/blog\/wp-content\/uploads\/2018\/11\/Cementerio-Prazeres-2018-BLOG-27.jpg\" loading=\"lazy\" src=\"http:\/\/desireemartinphoto.com\/blog\/wp-content\/uploads\/2018\/11\/Cementerio-Prazeres-2018-BLOG-27.jpg\" alt=\"\" width=\"550\" height=\"309\" class=\"alignleft size-full wp-image-5298\" srcset=\"http:\/\/desireemartinphoto.com\/blog\/wp-content\/uploads\/2018\/11\/Cementerio-Prazeres-2018-BLOG-27.jpg 550w, http:\/\/desireemartinphoto.com\/blog\/wp-content\/uploads\/2018\/11\/Cementerio-Prazeres-2018-BLOG-27-300x169.jpg 300w\" sizes=\"(max-width: 550px) 100vw, 550px\" \/><\/p>\n<p><img data-attachment-id=\"5299\" data-permalink=\"http:\/\/desireemartinphoto.com\/blog\/cementerio-prazeres-en-busca-de-luz-y-alguna-musa\/cementerio-prazeres-2018-blog-28\/\" data-orig-file=\"http:\/\/desireemartinphoto.com\/blog\/wp-content\/uploads\/2018\/11\/Cementerio-Prazeres-2018-BLOG-28.jpg\" data-orig-size=\"550,309\" data-comments-opened=\"1\" data-image-meta=\"{&quot;aperture&quot;:&quot;9&quot;,&quot;credit&quot;:&quot;&quot;,&quot;camera&quot;:&quot;DMC-LX100&quot;,&quot;caption&quot;:&quot;&quot;,&quot;created_timestamp&quot;:&quot;1539191156&quot;,&quot;copyright&quot;:&quot;&quot;,&quot;focal_length&quot;:&quot;13.9&quot;,&quot;iso&quot;:&quot;200&quot;,&quot;shutter_speed&quot;:&quot;0.008&quot;,&quot;title&quot;:&quot;&quot;,&quot;orientation&quot;:&quot;1&quot;}\" data-image-title=\"Cementerio Prazeres 2018 BLOG-28\" data-image-description=\"\" data-medium-file=\"http:\/\/desireemartinphoto.com\/blog\/wp-content\/uploads\/2018\/11\/Cementerio-Prazeres-2018-BLOG-28-300x169.jpg\" data-large-file=\"http:\/\/desireemartinphoto.com\/blog\/wp-content\/uploads\/2018\/11\/Cementerio-Prazeres-2018-BLOG-28.jpg\" loading=\"lazy\" src=\"http:\/\/desireemartinphoto.com\/blog\/wp-content\/uploads\/2018\/11\/Cementerio-Prazeres-2018-BLOG-28.jpg\" alt=\"\" width=\"550\" height=\"309\" class=\"alignleft size-full wp-image-5299\" srcset=\"http:\/\/desireemartinphoto.com\/blog\/wp-content\/uploads\/2018\/11\/Cementerio-Prazeres-2018-BLOG-28.jpg 550w, http:\/\/desireemartinphoto.com\/blog\/wp-content\/uploads\/2018\/11\/Cementerio-Prazeres-2018-BLOG-28-300x169.jpg 300w\" sizes=\"(max-width: 550px) 100vw, 550px\" \/><\/p>\n<div class=\"sharedaddy sd-sharing-enabled\"><div class=\"robots-nocontent sd-block sd-social sd-social-icon-text sd-sharing\"><h3 class=\"sd-title\">COMPARTE ESTO:<\/h3><div class=\"sd-content\"><ul><li class=\"share-facebook\"><a rel=\"nofollow noopener noreferrer\" data-shared=\"sharing-facebook-5271\" class=\"share-facebook sd-button share-icon\" href=\"http:\/\/desireemartinphoto.com\/blog\/cementerio-prazeres-en-busca-de-luz-y-alguna-musa\/?share=facebook\" target=\"_blank\" title=\"Haz clic para compartir en Facebook\"><span>Facebook<\/span><\/a><\/li><li class=\"share-twitter\"><a rel=\"nofollow noopener noreferrer\" data-shared=\"sharing-twitter-5271\" class=\"share-twitter sd-button share-icon\" href=\"http:\/\/desireemartinphoto.com\/blog\/cementerio-prazeres-en-busca-de-luz-y-alguna-musa\/?share=twitter\" target=\"_blank\" title=\"Haz clic para compartir en Twitter\"><span>Twitter<\/span><\/a><\/li><li class=\"share-email\"><a rel=\"nofollow noopener noreferrer\" data-shared=\"\" class=\"share-email sd-button share-icon\" href=\"http:\/\/desireemartinphoto.com\/blog\/cementerio-prazeres-en-busca-de-luz-y-alguna-musa\/?share=email\" target=\"_blank\" title=\"Haz clic para enviar por correo electr\u00f3nico a un amigo\"><span>Correo electr\u00f3nico<\/span><\/a><\/li><li class=\"share-linkedin\"><a rel=\"nofollow noopener noreferrer\" data-shared=\"sharing-linkedin-5271\" class=\"share-linkedin sd-button share-icon\" href=\"http:\/\/desireemartinphoto.com\/blog\/cementerio-prazeres-en-busca-de-luz-y-alguna-musa\/?share=linkedin\" target=\"_blank\" title=\"Haz clic para compartir en LinkedIn\"><span>LinkedIn<\/span><\/a><\/li><li class=\"share-tumblr\"><a rel=\"nofollow noopener noreferrer\" data-shared=\"\" class=\"share-tumblr sd-button share-icon\" href=\"http:\/\/desireemartinphoto.com\/blog\/cementerio-prazeres-en-busca-de-luz-y-alguna-musa\/?share=tumblr\" target=\"_blank\" title=\"Haz clic para compartir en Tumblr\"><span>Tumblr<\/span><\/a><\/li><li class=\"share-end\"><\/li><\/ul><\/div><\/div><\/div>","protected":false},"excerpt":{"rendered":"<p>&#8230; .. &#8230;. Hace unos a\u00f1os que vine a este cementerio por primera vez, y la raz\u00f3n que me movi\u00f3 \u00e9sta, fue b\u00e1sicamente la misma.. y mis musas? Esta vez ya hab\u00eda le\u00eddo mucho sobre \u00e9l y las personas enterradas aqu\u00ed, esta vez recorr\u00ed el pa\u00eds. Sin embargo, volv\u00ed a recorrerlo sin leer los nombres [&#038;hellip<\/p>\n<div class=\"sharedaddy sd-sharing-enabled\"><div class=\"robots-nocontent sd-block sd-social sd-social-icon-text sd-sharing\"><h3 class=\"sd-title\">COMPARTE ESTO:<\/h3><div class=\"sd-content\"><ul><li class=\"share-facebook\"><a rel=\"nofollow noopener noreferrer\" data-shared=\"sharing-facebook-5271\" class=\"share-facebook sd-button share-icon\" href=\"http:\/\/desireemartinphoto.com\/blog\/cementerio-prazeres-en-busca-de-luz-y-alguna-musa\/?share=facebook\" target=\"_blank\" title=\"Haz clic para compartir en Facebook\"><span>Facebook<\/span><\/a><\/li><li class=\"share-twitter\"><a rel=\"nofollow noopener noreferrer\" data-shared=\"sharing-twitter-5271\" class=\"share-twitter sd-button share-icon\" href=\"http:\/\/desireemartinphoto.com\/blog\/cementerio-prazeres-en-busca-de-luz-y-alguna-musa\/?share=twitter\" target=\"_blank\" title=\"Haz clic para compartir en Twitter\"><span>Twitter<\/span><\/a><\/li><li class=\"share-email\"><a rel=\"nofollow noopener noreferrer\" data-shared=\"\" class=\"share-email sd-button share-icon\" href=\"http:\/\/desireemartinphoto.com\/blog\/cementerio-prazeres-en-busca-de-luz-y-alguna-musa\/?share=email\" target=\"_blank\" title=\"Haz clic para enviar por correo electr\u00f3nico a un amigo\"><span>Correo electr\u00f3nico<\/span><\/a><\/li><li class=\"share-linkedin\"><a rel=\"nofollow noopener noreferrer\" data-shared=\"sharing-linkedin-5271\" class=\"share-linkedin sd-button share-icon\" href=\"http:\/\/desireemartinphoto.com\/blog\/cementerio-prazeres-en-busca-de-luz-y-alguna-musa\/?share=linkedin\" target=\"_blank\" title=\"Haz clic para compartir en LinkedIn\"><span>LinkedIn<\/span><\/a><\/li><li class=\"share-tumblr\"><a rel=\"nofollow noopener noreferrer\" data-shared=\"\" class=\"share-tumblr sd-button share-icon\" href=\"http:\/\/desireemartinphoto.com\/blog\/cementerio-prazeres-en-busca-de-luz-y-alguna-musa\/?share=tumblr\" target=\"_blank\" title=\"Haz clic para compartir en Tumblr\"><span>Tumblr<\/span><\/a><\/li><li class=\"share-end\"><\/li><\/ul><\/div><\/div><\/div>","protected":false},"author":1,"featured_media":0,"comment_status":"open","ping_status":"open","sticky":false,"template":"","format":"standard","meta":{"spay_email":""},"categories":[1],"tags":[],"jetpack_featured_media_url":"","jetpack_sharing_enabled":true,"_links":{"self":[{"href":"http:\/\/desireemartinphoto.com\/blog\/wp-json\/wp\/v2\/posts\/5271"}],"collection":[{"href":"http:\/\/desireemartinphoto.com\/blog\/wp-json\/wp\/v2\/posts"}],"about":[{"href":"http:\/\/desireemartinphoto.com\/blog\/wp-json\/wp\/v2\/types\/post"}],"author":[{"embeddable":true,"href":"http:\/\/desireemartinphoto.com\/blog\/wp-json\/wp\/v2\/users\/1"}],"replies":[{"embeddable":true,"href":"http:\/\/desireemartinphoto.com\/blog\/wp-json\/wp\/v2\/comments?post=5271"}],"version-history":[{"count":7,"href":"http:\/\/desireemartinphoto.com\/blog\/wp-json\/wp\/v2\/posts\/5271\/revisions"}],"predecessor-version":[{"id":5308,"href":"http:\/\/desireemartinphoto.com\/blog\/wp-json\/wp\/v2\/posts\/5271\/revisions\/5308"}],"wp:attachment":[{"href":"http:\/\/desireemartinphoto.com\/blog\/wp-json\/wp\/v2\/media?parent=5271"}],"wp:term":[{"taxonomy":"category","embeddable":true,"href":"http:\/\/desireemartinphoto.com\/blog\/wp-json\/wp\/v2\/categories?post=5271"},{"taxonomy":"post_tag","embeddable":true,"href":"http:\/\/desireemartinphoto.com\/blog\/wp-json\/wp\/v2\/tags?post=5271"}],"curies":[{"name":"wp","href":"https:\/\/api.w.org\/{rel}","templated":true}]}}