{"id":5219,"date":"2018-09-12T12:27:43","date_gmt":"2018-09-12T12:27:43","guid":{"rendered":"http:\/\/desireemartinphoto.com\/blog\/?p=5219"},"modified":"2018-09-12T12:27:43","modified_gmt":"2018-09-12T12:27:43","slug":"fiesta-del-charco-aldea-de-san-nicolas-2018","status":"publish","type":"post","link":"http:\/\/desireemartinphoto.com\/blog\/fiesta-del-charco-aldea-de-san-nicolas-2018\/","title":{"rendered":"Fiesta del Charco, Aldea de San Nicol\u00e1s, 2018"},"content":{"rendered":"<p>Cada 11 de Septiembre un volador da comienzo a la \u201cFiesta del Charco\u201d, que revive la costumbre del antiguo pueblo canario de embarbascar en los charcos costeros.<\/p>\n<p>Miles de personas , en torno a 15.000, se adentran en el per\u00edmetro de La Charca, para celebrar una fiesta que mantiene vivas unas pr\u00e1cticas culturales prehisp\u00e1nicas: el \u201cembarbascado\u201d (la pesca en charcas a la orilla del mar, empleando l\u00e1tex de plantas para atontar a los peces). <\/p>\n<p>Suenan golpes de callados, nadie puede cruzar esa l\u00ednea blanca , si se atreviese se llevar\u00eda un tonique, seguro!<\/p>\n<p>Llega el volador e inmediatamente todos corren hacia el agua con sus aperos a intentar pescar una lisa.<\/p>\n<p>\u00bf Quieres saber por qu\u00e9 van vestidos ?.. sigue leyendo un poco m\u00e1s.<\/p>\n<div class=\"tiled-gallery type-rectangular tiled-gallery-unresized\" data-original-width=\"500\" data-carousel-extra='{&quot;blog_id&quot;:1,&quot;permalink&quot;:&quot;http:\\\/\\\/desireemartinphoto.com\\\/blog\\\/fiesta-del-charco-aldea-de-san-nicolas-2018\\\/&quot;,&quot;likes_blog_id&quot;:85848509}' itemscope itemtype=\"http:\/\/schema.org\/ImageGallery\" > <div class=\"gallery-row\" style=\"width: 500px; height: 327px;\" data-original-width=\"500\" data-original-height=\"327\" > <div class=\"gallery-group images-2\" style=\"width: 246px; height: 327px;\" data-original-width=\"246\" data-original-height=\"327\" > <div class=\"tiled-gallery-item tiled-gallery-item-small\" itemprop=\"associatedMedia\" itemscope itemtype=\"http:\/\/schema.org\/ImageObject\"> <a href=\"http:\/\/desireemartinphoto.com\/blog\/fiesta-del-charco-aldea-de-san-nicolas-2018\/charco-aldea-2018-01\/\" border=\"0\" itemprop=\"url\"> <meta itemprop=\"width\" content=\"242\"> <meta itemprop=\"height\" content=\"160\"> <img data-attachment-id=\"5220\" data-orig-file=\"http:\/\/desireemartinphoto.com\/blog\/wp-content\/uploads\/2018\/09\/Charco-Aldea-2018-01.jpg\" data-orig-size=\"550,363\" data-comments-opened=\"1\" data-image-meta=\"{&quot;aperture&quot;:&quot;7.1&quot;,&quot;credit&quot;:&quot;&quot;,&quot;camera&quot;:&quot;Canon EOS 5D Mark III&quot;,&quot;caption&quot;:&quot;&quot;,&quot;created_timestamp&quot;:&quot;1536671387&quot;,&quot;copyright&quot;:&quot;&quot;,&quot;focal_length&quot;:&quot;27&quot;,&quot;iso&quot;:&quot;100&quot;,&quot;shutter_speed&quot;:&quot;0.003125&quot;,&quot;title&quot;:&quot;&quot;,&quot;orientation&quot;:&quot;1&quot;}\" data-image-title=\"Charco Aldea 2018-01\" data-image-description=\"\" data-medium-file=\"http:\/\/desireemartinphoto.com\/blog\/wp-content\/uploads\/2018\/09\/Charco-Aldea-2018-01-300x198.jpg\" data-large-file=\"http:\/\/desireemartinphoto.com\/blog\/wp-content\/uploads\/2018\/09\/Charco-Aldea-2018-01.jpg\" src=\"https:\/\/i1.wp.com\/desireemartinphoto.com\/blog\/wp-content\/uploads\/2018\/09\/Charco-Aldea-2018-01.jpg?w=242&#038;h=160\" width=\"242\" height=\"160\" data-original-width=\"242\" data-original-height=\"160\" itemprop=\"http:\/\/schema.org\/image\" title=\"Charco Aldea 2018-01\" alt=\"Charco Aldea 2018-01\" style=\"width: 242px; height: 160px;\" \/> <\/a> <\/div> <div class=\"tiled-gallery-item tiled-gallery-item-small\" itemprop=\"associatedMedia\" itemscope itemtype=\"http:\/\/schema.org\/ImageObject\"> <a href=\"http:\/\/desireemartinphoto.com\/blog\/fiesta-del-charco-aldea-de-san-nicolas-2018\/charco-aldea-2018-02\/\" border=\"0\" itemprop=\"url\"> <meta itemprop=\"width\" content=\"242\"> <meta itemprop=\"height\" content=\"159\"> <img data-attachment-id=\"5221\" data-orig-file=\"http:\/\/desireemartinphoto.com\/blog\/wp-content\/uploads\/2018\/09\/Charco-Aldea-2018-02.jpg\" data-orig-size=\"550,362\" data-comments-opened=\"1\" data-image-meta=\"{&quot;aperture&quot;:&quot;7.1&quot;,&quot;credit&quot;:&quot;&quot;,&quot;camera&quot;:&quot;Canon EOS 5D Mark III&quot;,&quot;caption&quot;:&quot;&quot;,&quot;created_timestamp&quot;:&quot;1536670316&quot;,&quot;copyright&quot;:&quot;&quot;,&quot;focal_length&quot;:&quot;16&quot;,&quot;iso&quot;:&quot;100&quot;,&quot;shutter_speed&quot;:&quot;0.0025&quot;,&quot;title&quot;:&quot;&quot;,&quot;orientation&quot;:&quot;1&quot;}\" data-image-title=\"Charco Aldea 2018-02\" data-image-description=\"\" data-medium-file=\"http:\/\/desireemartinphoto.com\/blog\/wp-content\/uploads\/2018\/09\/Charco-Aldea-2018-02-300x197.jpg\" data-large-file=\"http:\/\/desireemartinphoto.com\/blog\/wp-content\/uploads\/2018\/09\/Charco-Aldea-2018-02.jpg\" src=\"https:\/\/i0.wp.com\/desireemartinphoto.com\/blog\/wp-content\/uploads\/2018\/09\/Charco-Aldea-2018-02.jpg?w=242&#038;h=159\" width=\"242\" height=\"159\" data-original-width=\"242\" data-original-height=\"159\" itemprop=\"http:\/\/schema.org\/image\" title=\"Charco Aldea 2018-02\" alt=\"Charco Aldea 2018-02\" style=\"width: 242px; height: 159px;\" \/> <\/a> <\/div> <\/div> <!-- close group --> <div class=\"gallery-group images-1\" style=\"width: 254px; height: 327px;\" data-original-width=\"254\" data-original-height=\"327\" > <div class=\"tiled-gallery-item tiled-gallery-item-large\" itemprop=\"associatedMedia\" itemscope itemtype=\"http:\/\/schema.org\/ImageObject\"> <a href=\"http:\/\/desireemartinphoto.com\/blog\/fiesta-del-charco-aldea-de-san-nicolas-2018\/charco-aldea-2018-03\/\" border=\"0\" itemprop=\"url\"> <meta itemprop=\"width\" content=\"250\"> <meta itemprop=\"height\" content=\"323\"> <img data-attachment-id=\"5222\" data-orig-file=\"http:\/\/desireemartinphoto.com\/blog\/wp-content\/uploads\/2018\/09\/Charco-Aldea-2018-03.jpg\" data-orig-size=\"550,712\" data-comments-opened=\"1\" data-image-meta=\"{&quot;aperture&quot;:&quot;5.6&quot;,&quot;credit&quot;:&quot;&quot;,&quot;camera&quot;:&quot;NIKON D750&quot;,&quot;caption&quot;:&quot;&quot;,&quot;created_timestamp&quot;:&quot;1536677577&quot;,&quot;copyright&quot;:&quot;DESIREE MARTIN&quot;,&quot;focal_length&quot;:&quot;340&quot;,&quot;iso&quot;:&quot;160&quot;,&quot;shutter_speed&quot;:&quot;0.001&quot;,&quot;title&quot;:&quot;&quot;,&quot;orientation&quot;:&quot;1&quot;}\" data-image-title=\"Charco Aldea 2018-03\" data-image-description=\"\" data-medium-file=\"http:\/\/desireemartinphoto.com\/blog\/wp-content\/uploads\/2018\/09\/Charco-Aldea-2018-03-232x300.jpg\" data-large-file=\"http:\/\/desireemartinphoto.com\/blog\/wp-content\/uploads\/2018\/09\/Charco-Aldea-2018-03.jpg\" src=\"https:\/\/i2.wp.com\/desireemartinphoto.com\/blog\/wp-content\/uploads\/2018\/09\/Charco-Aldea-2018-03.jpg?w=250&#038;h=323\" width=\"250\" height=\"323\" data-original-width=\"250\" data-original-height=\"323\" itemprop=\"http:\/\/schema.org\/image\" title=\"Charco Aldea 2018-03\" alt=\"Charco Aldea 2018-03\" style=\"width: 250px; height: 323px;\" \/> <\/a> <\/div> <\/div> <!-- close group --> <\/div> <!-- close row --> <div class=\"gallery-row\" style=\"width: 500px; height: 214px;\" data-original-width=\"500\" data-original-height=\"214\" > <div class=\"gallery-group images-1\" style=\"width: 356px; height: 214px;\" data-original-width=\"356\" data-original-height=\"214\" > <div class=\"tiled-gallery-item tiled-gallery-item-large\" itemprop=\"associatedMedia\" itemscope itemtype=\"http:\/\/schema.org\/ImageObject\"> <a href=\"http:\/\/desireemartinphoto.com\/blog\/fiesta-del-charco-aldea-de-san-nicolas-2018\/charco-aldea-2018-04\/\" border=\"0\" itemprop=\"url\"> <meta itemprop=\"width\" content=\"352\"> <meta itemprop=\"height\" content=\"210\"> <img data-attachment-id=\"5223\" data-orig-file=\"http:\/\/desireemartinphoto.com\/blog\/wp-content\/uploads\/2018\/09\/Charco-Aldea-2018-04.jpg\" data-orig-size=\"550,328\" data-comments-opened=\"1\" data-image-meta=\"{&quot;aperture&quot;:&quot;5.6&quot;,&quot;credit&quot;:&quot;&quot;,&quot;camera&quot;:&quot;NIKON D750&quot;,&quot;caption&quot;:&quot;&quot;,&quot;created_timestamp&quot;:&quot;1536677462&quot;,&quot;copyright&quot;:&quot;DESIREE MARTIN&quot;,&quot;focal_length&quot;:&quot;400&quot;,&quot;iso&quot;:&quot;160&quot;,&quot;shutter_speed&quot;:&quot;0.0008&quot;,&quot;title&quot;:&quot;&quot;,&quot;orientation&quot;:&quot;1&quot;}\" data-image-title=\"Charco Aldea 2018-04\" data-image-description=\"\" data-medium-file=\"http:\/\/desireemartinphoto.com\/blog\/wp-content\/uploads\/2018\/09\/Charco-Aldea-2018-04-300x179.jpg\" data-large-file=\"http:\/\/desireemartinphoto.com\/blog\/wp-content\/uploads\/2018\/09\/Charco-Aldea-2018-04.jpg\" src=\"https:\/\/i0.wp.com\/desireemartinphoto.com\/blog\/wp-content\/uploads\/2018\/09\/Charco-Aldea-2018-04.jpg?w=352&#038;h=210\" width=\"352\" height=\"210\" data-original-width=\"352\" data-original-height=\"210\" itemprop=\"http:\/\/schema.org\/image\" title=\"Charco Aldea 2018-04\" alt=\"Charco Aldea 2018-04\" style=\"width: 352px; height: 210px;\" \/> <\/a> <\/div> <\/div> <!-- close group --> <div class=\"gallery-group images-1\" style=\"width: 144px; height: 214px;\" data-original-width=\"144\" data-original-height=\"214\" > <div class=\"tiled-gallery-item tiled-gallery-item-small\" itemprop=\"associatedMedia\" itemscope itemtype=\"http:\/\/schema.org\/ImageObject\"> <a href=\"http:\/\/desireemartinphoto.com\/blog\/fiesta-del-charco-aldea-de-san-nicolas-2018\/charco-aldea-2018-05\/\" border=\"0\" itemprop=\"url\"> <meta itemprop=\"width\" content=\"140\"> <meta itemprop=\"height\" content=\"210\"> <img data-attachment-id=\"5224\" data-orig-file=\"http:\/\/desireemartinphoto.com\/blog\/wp-content\/uploads\/2018\/09\/Charco-Aldea-2018-05.jpg\" data-orig-size=\"550,825\" data-comments-opened=\"1\" data-image-meta=\"{&quot;aperture&quot;:&quot;7.1&quot;,&quot;credit&quot;:&quot;&quot;,&quot;camera&quot;:&quot;Canon EOS 5D Mark III&quot;,&quot;caption&quot;:&quot;&quot;,&quot;created_timestamp&quot;:&quot;1536670354&quot;,&quot;copyright&quot;:&quot;&quot;,&quot;focal_length&quot;:&quot;31&quot;,&quot;iso&quot;:&quot;100&quot;,&quot;shutter_speed&quot;:&quot;0.0025&quot;,&quot;title&quot;:&quot;&quot;,&quot;orientation&quot;:&quot;1&quot;}\" data-image-title=\"Charco Aldea 2018-05\" data-image-description=\"\" data-medium-file=\"http:\/\/desireemartinphoto.com\/blog\/wp-content\/uploads\/2018\/09\/Charco-Aldea-2018-05-200x300.jpg\" data-large-file=\"http:\/\/desireemartinphoto.com\/blog\/wp-content\/uploads\/2018\/09\/Charco-Aldea-2018-05.jpg\" src=\"https:\/\/i2.wp.com\/desireemartinphoto.com\/blog\/wp-content\/uploads\/2018\/09\/Charco-Aldea-2018-05.jpg?w=140&#038;h=210\" width=\"140\" height=\"210\" data-original-width=\"140\" data-original-height=\"210\" itemprop=\"http:\/\/schema.org\/image\" title=\"Charco Aldea 2018-05\" alt=\"Charco Aldea 2018-05\" style=\"width: 140px; height: 210px;\" \/> <\/a> <\/div> <\/div> <!-- close group --> <\/div> <!-- close row --> <div class=\"gallery-row\" style=\"width: 500px; height: 168px;\" data-original-width=\"500\" data-original-height=\"168\" > <div class=\"gallery-group images-1\" style=\"width: 250px; height: 168px;\" data-original-width=\"250\" data-original-height=\"168\" > <div class=\"tiled-gallery-item tiled-gallery-item-small\" itemprop=\"associatedMedia\" itemscope itemtype=\"http:\/\/schema.org\/ImageObject\"> <a href=\"http:\/\/desireemartinphoto.com\/blog\/fiesta-del-charco-aldea-de-san-nicolas-2018\/spain-festivity-fish\/\" border=\"0\" itemprop=\"url\"> <meta itemprop=\"width\" content=\"246\"> <meta itemprop=\"height\" content=\"164\"> <img data-attachment-id=\"5225\" data-orig-file=\"http:\/\/desireemartinphoto.com\/blog\/wp-content\/uploads\/2018\/09\/Charco-Aldea-2018-06.jpg\" data-orig-size=\"550,367\" data-comments-opened=\"1\" data-image-meta=\"{&quot;aperture&quot;:&quot;7.1&quot;,&quot;credit&quot;:&quot;AFP&quot;,&quot;camera&quot;:&quot;Canon EOS 5D Mark III&quot;,&quot;caption&quot;:&quot;Thousands of people go in pilgrimage to El Charco de La Aldea de San Nicolas. where they will wait for the signal of a firework to run, dressed, to the same, to try to fish with their hands or with old baskets, on the Spanish Canary Island of Gran Canaria, September 11, 2018. \\rEl Charco, a lake of salt water that is generated by infiltration of nearby seawater, is the symbol of this city and is celebrated at La Aldea Beach every September 11, at 5:00 p.m.\\rThis great multitudinous party derives from an aboriginal technique of fishing that is known as \\u0022embarbascada\\u0022 ( consisted of stunning with the latex of the tabaiba and the card\\u00f3n to the fish that were in the puddles of the coast, later to capture them with the hands without any difficulty). This festival is unique in its origin and was declared a Festival of National Tourist and Cultural Interest.&quot;,&quot;created_timestamp&quot;:&quot;1536670207&quot;,&quot;copyright&quot;:&quot;ImageForum&quot;,&quot;focal_length&quot;:&quot;16&quot;,&quot;iso&quot;:&quot;100&quot;,&quot;shutter_speed&quot;:&quot;0.0015625&quot;,&quot;title&quot;:&quot;SPAIN-FESTIVITY-FISH&quot;,&quot;orientation&quot;:&quot;1&quot;}\" data-image-title=\"\" data-image-description=\"\" data-medium-file=\"http:\/\/desireemartinphoto.com\/blog\/wp-content\/uploads\/2018\/09\/Charco-Aldea-2018-06-300x200.jpg\" data-large-file=\"http:\/\/desireemartinphoto.com\/blog\/wp-content\/uploads\/2018\/09\/Charco-Aldea-2018-06.jpg\" src=\"https:\/\/i0.wp.com\/desireemartinphoto.com\/blog\/wp-content\/uploads\/2018\/09\/Charco-Aldea-2018-06.jpg?w=246&#038;h=164\" width=\"246\" height=\"164\" data-original-width=\"246\" data-original-height=\"164\" itemprop=\"http:\/\/schema.org\/image\" title=\"\" alt=\"\" style=\"width: 246px; height: 164px;\" \/> <\/a> <\/div> <\/div> <!-- close group --> <div class=\"gallery-group images-1\" style=\"width: 250px; height: 168px;\" data-original-width=\"250\" data-original-height=\"168\" > <div class=\"tiled-gallery-item tiled-gallery-item-small\" itemprop=\"associatedMedia\" itemscope itemtype=\"http:\/\/schema.org\/ImageObject\"> <a href=\"http:\/\/desireemartinphoto.com\/blog\/fiesta-del-charco-aldea-de-san-nicolas-2018\/charco-aldea-2018-07\/\" border=\"0\" itemprop=\"url\"> <meta itemprop=\"width\" content=\"246\"> <meta itemprop=\"height\" content=\"164\"> <img data-attachment-id=\"5226\" data-orig-file=\"http:\/\/desireemartinphoto.com\/blog\/wp-content\/uploads\/2018\/09\/Charco-Aldea-2018-07.jpg\" data-orig-size=\"550,367\" data-comments-opened=\"1\" data-image-meta=\"{&quot;aperture&quot;:&quot;7.1&quot;,&quot;credit&quot;:&quot;&quot;,&quot;camera&quot;:&quot;Canon EOS 5D Mark III&quot;,&quot;caption&quot;:&quot;&quot;,&quot;created_timestamp&quot;:&quot;1536670307&quot;,&quot;copyright&quot;:&quot;&quot;,&quot;focal_length&quot;:&quot;28&quot;,&quot;iso&quot;:&quot;100&quot;,&quot;shutter_speed&quot;:&quot;0.0025&quot;,&quot;title&quot;:&quot;&quot;,&quot;orientation&quot;:&quot;1&quot;}\" data-image-title=\"Charco Aldea 2018-07\" data-image-description=\"\" data-medium-file=\"http:\/\/desireemartinphoto.com\/blog\/wp-content\/uploads\/2018\/09\/Charco-Aldea-2018-07-300x200.jpg\" data-large-file=\"http:\/\/desireemartinphoto.com\/blog\/wp-content\/uploads\/2018\/09\/Charco-Aldea-2018-07.jpg\" src=\"https:\/\/i1.wp.com\/desireemartinphoto.com\/blog\/wp-content\/uploads\/2018\/09\/Charco-Aldea-2018-07.jpg?w=246&#038;h=164\" width=\"246\" height=\"164\" data-original-width=\"246\" data-original-height=\"164\" itemprop=\"http:\/\/schema.org\/image\" title=\"Charco Aldea 2018-07\" alt=\"Charco Aldea 2018-07\" style=\"width: 246px; height: 164px;\" \/> <\/a> <\/div> <\/div> <!-- close group --> <\/div> <!-- close row --> <div class=\"gallery-row\" style=\"width: 500px; height: 246px;\" data-original-width=\"500\" data-original-height=\"246\" > <div class=\"gallery-group images-1\" style=\"width: 500px; height: 246px;\" data-original-width=\"500\" data-original-height=\"246\" > <div class=\"tiled-gallery-item tiled-gallery-item-large\" itemprop=\"associatedMedia\" itemscope itemtype=\"http:\/\/schema.org\/ImageObject\"> <a href=\"http:\/\/desireemartinphoto.com\/blog\/fiesta-del-charco-aldea-de-san-nicolas-2018\/charco-aldea-2018-08\/\" border=\"0\" itemprop=\"url\"> <meta itemprop=\"width\" content=\"496\"> <meta itemprop=\"height\" content=\"242\"> <img data-attachment-id=\"5227\" data-orig-file=\"http:\/\/desireemartinphoto.com\/blog\/wp-content\/uploads\/2018\/09\/Charco-Aldea-2018-08.jpg\" data-orig-size=\"550,268\" data-comments-opened=\"1\" data-image-meta=\"{&quot;aperture&quot;:&quot;16&quot;,&quot;credit&quot;:&quot;&quot;,&quot;camera&quot;:&quot;NIKON D750&quot;,&quot;caption&quot;:&quot;&quot;,&quot;created_timestamp&quot;:&quot;1536677433&quot;,&quot;copyright&quot;:&quot;DESIREE MARTIN&quot;,&quot;focal_length&quot;:&quot;135&quot;,&quot;iso&quot;:&quot;500&quot;,&quot;shutter_speed&quot;:&quot;0.002&quot;,&quot;title&quot;:&quot;&quot;,&quot;orientation&quot;:&quot;1&quot;}\" data-image-title=\"Charco Aldea 2018-08\" data-image-description=\"\" data-medium-file=\"http:\/\/desireemartinphoto.com\/blog\/wp-content\/uploads\/2018\/09\/Charco-Aldea-2018-08-300x146.jpg\" data-large-file=\"http:\/\/desireemartinphoto.com\/blog\/wp-content\/uploads\/2018\/09\/Charco-Aldea-2018-08.jpg\" src=\"https:\/\/i1.wp.com\/desireemartinphoto.com\/blog\/wp-content\/uploads\/2018\/09\/Charco-Aldea-2018-08.jpg?w=496&#038;h=242\" width=\"496\" height=\"242\" data-original-width=\"496\" data-original-height=\"242\" itemprop=\"http:\/\/schema.org\/image\" title=\"Charco Aldea 2018-08\" alt=\"Charco Aldea 2018-08\" style=\"width: 496px; height: 242px;\" \/> <\/a> <\/div> <\/div> <!-- close group --> <\/div> <!-- close row --> <div class=\"gallery-row\" style=\"width: 500px; height: 168px;\" data-original-width=\"500\" data-original-height=\"168\" > <div class=\"gallery-group images-1\" style=\"width: 250px; height: 168px;\" data-original-width=\"250\" data-original-height=\"168\" > <div class=\"tiled-gallery-item tiled-gallery-item-small\" itemprop=\"associatedMedia\" itemscope itemtype=\"http:\/\/schema.org\/ImageObject\"> <a href=\"http:\/\/desireemartinphoto.com\/blog\/fiesta-del-charco-aldea-de-san-nicolas-2018\/charco-aldea-2018-09\/\" border=\"0\" itemprop=\"url\"> <meta itemprop=\"width\" content=\"246\"> <meta itemprop=\"height\" content=\"164\"> <img data-attachment-id=\"5228\" data-orig-file=\"http:\/\/desireemartinphoto.com\/blog\/wp-content\/uploads\/2018\/09\/Charco-Aldea-2018-09.jpg\" data-orig-size=\"550,367\" data-comments-opened=\"1\" data-image-meta=\"{&quot;aperture&quot;:&quot;5.6&quot;,&quot;credit&quot;:&quot;&quot;,&quot;camera&quot;:&quot;NIKON D750&quot;,&quot;caption&quot;:&quot;&quot;,&quot;created_timestamp&quot;:&quot;1536676174&quot;,&quot;copyright&quot;:&quot;DESIREE MARTIN&quot;,&quot;focal_length&quot;:&quot;400&quot;,&quot;iso&quot;:&quot;500&quot;,&quot;shutter_speed&quot;:&quot;0.0003125&quot;,&quot;title&quot;:&quot;&quot;,&quot;orientation&quot;:&quot;1&quot;}\" data-image-title=\"Charco Aldea 2018-09\" data-image-description=\"\" data-medium-file=\"http:\/\/desireemartinphoto.com\/blog\/wp-content\/uploads\/2018\/09\/Charco-Aldea-2018-09-300x200.jpg\" data-large-file=\"http:\/\/desireemartinphoto.com\/blog\/wp-content\/uploads\/2018\/09\/Charco-Aldea-2018-09.jpg\" src=\"https:\/\/i0.wp.com\/desireemartinphoto.com\/blog\/wp-content\/uploads\/2018\/09\/Charco-Aldea-2018-09.jpg?w=246&#038;h=164\" width=\"246\" height=\"164\" data-original-width=\"246\" data-original-height=\"164\" itemprop=\"http:\/\/schema.org\/image\" title=\"Charco Aldea 2018-09\" alt=\"Charco Aldea 2018-09\" style=\"width: 246px; height: 164px;\" \/> <\/a> <\/div> <\/div> <!-- close group --> <div class=\"gallery-group images-1\" style=\"width: 250px; height: 168px;\" data-original-width=\"250\" data-original-height=\"168\" > <div class=\"tiled-gallery-item tiled-gallery-item-small\" itemprop=\"associatedMedia\" itemscope itemtype=\"http:\/\/schema.org\/ImageObject\"> <a href=\"http:\/\/desireemartinphoto.com\/blog\/fiesta-del-charco-aldea-de-san-nicolas-2018\/charco-aldea-2018-10\/\" border=\"0\" itemprop=\"url\"> <meta itemprop=\"width\" content=\"246\"> <meta itemprop=\"height\" content=\"164\"> <img data-attachment-id=\"5229\" data-orig-file=\"http:\/\/desireemartinphoto.com\/blog\/wp-content\/uploads\/2018\/09\/Charco-Aldea-2018-10.jpg\" data-orig-size=\"550,367\" data-comments-opened=\"1\" data-image-meta=\"{&quot;aperture&quot;:&quot;5&quot;,&quot;credit&quot;:&quot;&quot;,&quot;camera&quot;:&quot;NIKON D750&quot;,&quot;caption&quot;:&quot;&quot;,&quot;created_timestamp&quot;:&quot;1536677801&quot;,&quot;copyright&quot;:&quot;DESIREE MARTIN&quot;,&quot;focal_length&quot;:&quot;120&quot;,&quot;iso&quot;:&quot;160&quot;,&quot;shutter_speed&quot;:&quot;0.0008&quot;,&quot;title&quot;:&quot;&quot;,&quot;orientation&quot;:&quot;1&quot;}\" data-image-title=\"Charco Aldea 2018-10\" data-image-description=\"\" data-medium-file=\"http:\/\/desireemartinphoto.com\/blog\/wp-content\/uploads\/2018\/09\/Charco-Aldea-2018-10-300x200.jpg\" data-large-file=\"http:\/\/desireemartinphoto.com\/blog\/wp-content\/uploads\/2018\/09\/Charco-Aldea-2018-10.jpg\" src=\"https:\/\/i2.wp.com\/desireemartinphoto.com\/blog\/wp-content\/uploads\/2018\/09\/Charco-Aldea-2018-10.jpg?w=246&#038;h=164\" width=\"246\" height=\"164\" data-original-width=\"246\" data-original-height=\"164\" itemprop=\"http:\/\/schema.org\/image\" title=\"Charco Aldea 2018-10\" alt=\"Charco Aldea 2018-10\" style=\"width: 246px; height: 164px;\" \/> <\/a> <\/div> <\/div> <!-- close group --> <\/div> <!-- close row --> <div class=\"gallery-row\" style=\"width: 500px; height: 249px;\" data-original-width=\"500\" data-original-height=\"249\" > <div class=\"gallery-group images-1\" style=\"width: 500px; height: 249px;\" data-original-width=\"500\" data-original-height=\"249\" > <div class=\"tiled-gallery-item tiled-gallery-item-large\" itemprop=\"associatedMedia\" itemscope itemtype=\"http:\/\/schema.org\/ImageObject\"> <a href=\"http:\/\/desireemartinphoto.com\/blog\/fiesta-del-charco-aldea-de-san-nicolas-2018\/charco-aldea-2018-11\/\" border=\"0\" itemprop=\"url\"> <meta itemprop=\"width\" content=\"496\"> <meta itemprop=\"height\" content=\"245\"> <img data-attachment-id=\"5230\" data-orig-file=\"http:\/\/desireemartinphoto.com\/blog\/wp-content\/uploads\/2018\/09\/Charco-Aldea-2018-11.jpg\" data-orig-size=\"550,272\" data-comments-opened=\"1\" data-image-meta=\"{&quot;aperture&quot;:&quot;5.6&quot;,&quot;credit&quot;:&quot;&quot;,&quot;camera&quot;:&quot;NIKON D750&quot;,&quot;caption&quot;:&quot;&quot;,&quot;created_timestamp&quot;:&quot;1536676981&quot;,&quot;copyright&quot;:&quot;DESIREE MARTIN&quot;,&quot;focal_length&quot;:&quot;400&quot;,&quot;iso&quot;:&quot;500&quot;,&quot;shutter_speed&quot;:&quot;0.0003125&quot;,&quot;title&quot;:&quot;&quot;,&quot;orientation&quot;:&quot;1&quot;}\" data-image-title=\"Charco Aldea 2018-11\" data-image-description=\"\" data-medium-file=\"http:\/\/desireemartinphoto.com\/blog\/wp-content\/uploads\/2018\/09\/Charco-Aldea-2018-11-300x148.jpg\" data-large-file=\"http:\/\/desireemartinphoto.com\/blog\/wp-content\/uploads\/2018\/09\/Charco-Aldea-2018-11.jpg\" src=\"https:\/\/i2.wp.com\/desireemartinphoto.com\/blog\/wp-content\/uploads\/2018\/09\/Charco-Aldea-2018-11.jpg?w=496&#038;h=245\" width=\"496\" height=\"245\" data-original-width=\"496\" data-original-height=\"245\" itemprop=\"http:\/\/schema.org\/image\" title=\"Charco Aldea 2018-11\" alt=\"Charco Aldea 2018-11\" style=\"width: 496px; height: 245px;\" \/> <\/a> <\/div> <\/div> <!-- close group --> <\/div> <!-- close row --> <div class=\"gallery-row\" style=\"width: 500px; height: 224px;\" data-original-width=\"500\" data-original-height=\"224\" > <div class=\"gallery-group images-1\" style=\"width: 334px; height: 224px;\" data-original-width=\"334\" data-original-height=\"224\" > <div class=\"tiled-gallery-item tiled-gallery-item-large\" itemprop=\"associatedMedia\" itemscope itemtype=\"http:\/\/schema.org\/ImageObject\"> <a href=\"http:\/\/desireemartinphoto.com\/blog\/fiesta-del-charco-aldea-de-san-nicolas-2018\/charco-aldea-2018-12\/\" border=\"0\" itemprop=\"url\"> <meta itemprop=\"width\" content=\"330\"> <meta itemprop=\"height\" content=\"220\"> <img data-attachment-id=\"5231\" data-orig-file=\"http:\/\/desireemartinphoto.com\/blog\/wp-content\/uploads\/2018\/09\/Charco-Aldea-2018-12.jpg\" data-orig-size=\"550,367\" data-comments-opened=\"1\" data-image-meta=\"{&quot;aperture&quot;:&quot;5.6&quot;,&quot;credit&quot;:&quot;&quot;,&quot;camera&quot;:&quot;NIKON D750&quot;,&quot;caption&quot;:&quot;&quot;,&quot;created_timestamp&quot;:&quot;1536677152&quot;,&quot;copyright&quot;:&quot;DESIREE MARTIN&quot;,&quot;focal_length&quot;:&quot;400&quot;,&quot;iso&quot;:&quot;500&quot;,&quot;shutter_speed&quot;:&quot;0.0005&quot;,&quot;title&quot;:&quot;&quot;,&quot;orientation&quot;:&quot;1&quot;}\" data-image-title=\"Charco Aldea 2018-12\" data-image-description=\"\" data-medium-file=\"http:\/\/desireemartinphoto.com\/blog\/wp-content\/uploads\/2018\/09\/Charco-Aldea-2018-12-300x200.jpg\" data-large-file=\"http:\/\/desireemartinphoto.com\/blog\/wp-content\/uploads\/2018\/09\/Charco-Aldea-2018-12.jpg\" src=\"https:\/\/i1.wp.com\/desireemartinphoto.com\/blog\/wp-content\/uploads\/2018\/09\/Charco-Aldea-2018-12.jpg?w=330&#038;h=220\" width=\"330\" height=\"220\" data-original-width=\"330\" data-original-height=\"220\" itemprop=\"http:\/\/schema.org\/image\" title=\"Charco Aldea 2018-12\" alt=\"Charco Aldea 2018-12\" style=\"width: 330px; height: 220px;\" \/> <\/a> <\/div> <\/div> <!-- close group --> <div class=\"gallery-group images-2\" style=\"width: 166px; height: 224px;\" data-original-width=\"166\" data-original-height=\"224\" > <div class=\"tiled-gallery-item tiled-gallery-item-small\" itemprop=\"associatedMedia\" itemscope itemtype=\"http:\/\/schema.org\/ImageObject\"> <a href=\"http:\/\/desireemartinphoto.com\/blog\/fiesta-del-charco-aldea-de-san-nicolas-2018\/spain-festivity-fish-2\/\" border=\"0\" itemprop=\"url\"> <meta itemprop=\"width\" content=\"162\"> <meta itemprop=\"height\" content=\"108\"> <img data-attachment-id=\"5232\" data-orig-file=\"http:\/\/desireemartinphoto.com\/blog\/wp-content\/uploads\/2018\/09\/Charco-Aldea-2018-13.jpg\" data-orig-size=\"550,367\" data-comments-opened=\"1\" data-image-meta=\"{&quot;aperture&quot;:&quot;5&quot;,&quot;credit&quot;:&quot;AFP&quot;,&quot;camera&quot;:&quot;NIKON D750&quot;,&quot;caption&quot;:&quot;Around 20,000 people run to the puddle of the village of San Nicol\\u00e1s to try to fish with their hands or with old baskets., on the Spanish Canary Island of Gran Canaria, September 11, 2018. \\rEl Charco, a lake of salt water that is generated by infiltration of nearby seawater, is the symbol of this city and is celebrated at La Aldea Beach every September 11, at 5:00 p.m.\\rThis great multitudinous party derives from an aboriginal technique of fishing that is known as \\u0022embarbascada\\u0022 ( consisted of stunning with the latex of the tabaiba and the card\\u00f3n to the fish that were in the puddles of the coast, later to capture them with the hands without any difficulty). This festival is unique in its origin and was declared a Festival of National Tourist and Cultural Interest.&quot;,&quot;created_timestamp&quot;:&quot;1536677925&quot;,&quot;copyright&quot;:&quot;ImageForum&quot;,&quot;focal_length&quot;:&quot;80&quot;,&quot;iso&quot;:&quot;160&quot;,&quot;shutter_speed&quot;:&quot;0.0008&quot;,&quot;title&quot;:&quot;SPAIN-FESTIVITY-FISH&quot;,&quot;orientation&quot;:&quot;1&quot;}\" data-image-title=\"\" data-image-description=\"\" data-medium-file=\"http:\/\/desireemartinphoto.com\/blog\/wp-content\/uploads\/2018\/09\/Charco-Aldea-2018-13-300x200.jpg\" data-large-file=\"http:\/\/desireemartinphoto.com\/blog\/wp-content\/uploads\/2018\/09\/Charco-Aldea-2018-13.jpg\" src=\"https:\/\/i2.wp.com\/desireemartinphoto.com\/blog\/wp-content\/uploads\/2018\/09\/Charco-Aldea-2018-13.jpg?w=162&#038;h=108\" width=\"162\" height=\"108\" data-original-width=\"162\" data-original-height=\"108\" itemprop=\"http:\/\/schema.org\/image\" title=\"\" alt=\"\" style=\"width: 162px; height: 108px;\" \/> <\/a> <\/div> <div class=\"tiled-gallery-item tiled-gallery-item-small\" itemprop=\"associatedMedia\" itemscope itemtype=\"http:\/\/schema.org\/ImageObject\"> <a href=\"http:\/\/desireemartinphoto.com\/blog\/fiesta-del-charco-aldea-de-san-nicolas-2018\/charco-aldea-2018-14\/\" border=\"0\" itemprop=\"url\"> <meta itemprop=\"width\" content=\"162\"> <meta itemprop=\"height\" content=\"108\"> <img data-attachment-id=\"5233\" data-orig-file=\"http:\/\/desireemartinphoto.com\/blog\/wp-content\/uploads\/2018\/09\/Charco-Aldea-2018-14.jpg\" data-orig-size=\"550,367\" data-comments-opened=\"1\" data-image-meta=\"{&quot;aperture&quot;:&quot;8&quot;,&quot;credit&quot;:&quot;&quot;,&quot;camera&quot;:&quot;Canon EOS 5D Mark III&quot;,&quot;caption&quot;:&quot;&quot;,&quot;created_timestamp&quot;:&quot;1536685213&quot;,&quot;copyright&quot;:&quot;&quot;,&quot;focal_length&quot;:&quot;16&quot;,&quot;iso&quot;:&quot;100&quot;,&quot;shutter_speed&quot;:&quot;0.0015625&quot;,&quot;title&quot;:&quot;&quot;,&quot;orientation&quot;:&quot;1&quot;}\" data-image-title=\"Charco Aldea 2018-14\" data-image-description=\"\" data-medium-file=\"http:\/\/desireemartinphoto.com\/blog\/wp-content\/uploads\/2018\/09\/Charco-Aldea-2018-14-300x200.jpg\" data-large-file=\"http:\/\/desireemartinphoto.com\/blog\/wp-content\/uploads\/2018\/09\/Charco-Aldea-2018-14.jpg\" src=\"https:\/\/i1.wp.com\/desireemartinphoto.com\/blog\/wp-content\/uploads\/2018\/09\/Charco-Aldea-2018-14.jpg?w=162&#038;h=108\" width=\"162\" height=\"108\" data-original-width=\"162\" data-original-height=\"108\" itemprop=\"http:\/\/schema.org\/image\" title=\"Charco Aldea 2018-14\" alt=\"Charco Aldea 2018-14\" style=\"width: 162px; height: 108px;\" \/> <\/a> <\/div> <\/div> <!-- close group --> <\/div> <!-- close row --> <div class=\"gallery-row\" style=\"width: 500px; height: 113px;\" data-original-width=\"500\" data-original-height=\"113\" > <div class=\"gallery-group images-1\" style=\"width: 167px; height: 113px;\" data-original-width=\"167\" data-original-height=\"113\" > <div class=\"tiled-gallery-item tiled-gallery-item-small\" itemprop=\"associatedMedia\" itemscope itemtype=\"http:\/\/schema.org\/ImageObject\"> <a href=\"http:\/\/desireemartinphoto.com\/blog\/fiesta-del-charco-aldea-de-san-nicolas-2018\/charco-aldea-2018-15\/\" border=\"0\" itemprop=\"url\"> <meta itemprop=\"width\" content=\"163\"> <meta itemprop=\"height\" content=\"109\"> <img data-attachment-id=\"5234\" data-orig-file=\"http:\/\/desireemartinphoto.com\/blog\/wp-content\/uploads\/2018\/09\/Charco-Aldea-2018-15.jpg\" data-orig-size=\"550,367\" data-comments-opened=\"1\" data-image-meta=\"{&quot;aperture&quot;:&quot;8&quot;,&quot;credit&quot;:&quot;&quot;,&quot;camera&quot;:&quot;Canon EOS 5D Mark III&quot;,&quot;caption&quot;:&quot;&quot;,&quot;created_timestamp&quot;:&quot;1536685354&quot;,&quot;copyright&quot;:&quot;&quot;,&quot;focal_length&quot;:&quot;16&quot;,&quot;iso&quot;:&quot;100&quot;,&quot;shutter_speed&quot;:&quot;0.0015625&quot;,&quot;title&quot;:&quot;&quot;,&quot;orientation&quot;:&quot;1&quot;}\" data-image-title=\"Charco Aldea 2018-15\" data-image-description=\"\" data-medium-file=\"http:\/\/desireemartinphoto.com\/blog\/wp-content\/uploads\/2018\/09\/Charco-Aldea-2018-15-300x200.jpg\" data-large-file=\"http:\/\/desireemartinphoto.com\/blog\/wp-content\/uploads\/2018\/09\/Charco-Aldea-2018-15.jpg\" src=\"https:\/\/i1.wp.com\/desireemartinphoto.com\/blog\/wp-content\/uploads\/2018\/09\/Charco-Aldea-2018-15.jpg?w=163&#038;h=109\" width=\"163\" height=\"109\" data-original-width=\"163\" data-original-height=\"109\" itemprop=\"http:\/\/schema.org\/image\" title=\"Charco Aldea 2018-15\" alt=\"Charco Aldea 2018-15\" style=\"width: 163px; height: 109px;\" \/> <\/a> <\/div> <\/div> <!-- close group --> <div class=\"gallery-group images-1\" style=\"width: 167px; height: 113px;\" data-original-width=\"167\" data-original-height=\"113\" > <div class=\"tiled-gallery-item tiled-gallery-item-small\" itemprop=\"associatedMedia\" itemscope itemtype=\"http:\/\/schema.org\/ImageObject\"> <a href=\"http:\/\/desireemartinphoto.com\/blog\/fiesta-del-charco-aldea-de-san-nicolas-2018\/charco-aldea-2018-16\/\" border=\"0\" itemprop=\"url\"> <meta itemprop=\"width\" content=\"163\"> <meta itemprop=\"height\" content=\"109\"> <img data-attachment-id=\"5235\" data-orig-file=\"http:\/\/desireemartinphoto.com\/blog\/wp-content\/uploads\/2018\/09\/Charco-Aldea-2018-16.jpg\" data-orig-size=\"550,367\" data-comments-opened=\"1\" data-image-meta=\"{&quot;aperture&quot;:&quot;8&quot;,&quot;credit&quot;:&quot;&quot;,&quot;camera&quot;:&quot;Canon EOS 5D Mark III&quot;,&quot;caption&quot;:&quot;&quot;,&quot;created_timestamp&quot;:&quot;1536685357&quot;,&quot;copyright&quot;:&quot;&quot;,&quot;focal_length&quot;:&quot;16&quot;,&quot;iso&quot;:&quot;100&quot;,&quot;shutter_speed&quot;:&quot;0.003125&quot;,&quot;title&quot;:&quot;&quot;,&quot;orientation&quot;:&quot;1&quot;}\" data-image-title=\"Charco Aldea 2018-16\" data-image-description=\"\" data-medium-file=\"http:\/\/desireemartinphoto.com\/blog\/wp-content\/uploads\/2018\/09\/Charco-Aldea-2018-16-300x200.jpg\" data-large-file=\"http:\/\/desireemartinphoto.com\/blog\/wp-content\/uploads\/2018\/09\/Charco-Aldea-2018-16.jpg\" src=\"https:\/\/i0.wp.com\/desireemartinphoto.com\/blog\/wp-content\/uploads\/2018\/09\/Charco-Aldea-2018-16.jpg?w=163&#038;h=109\" width=\"163\" height=\"109\" data-original-width=\"163\" data-original-height=\"109\" itemprop=\"http:\/\/schema.org\/image\" title=\"Charco Aldea 2018-16\" alt=\"Charco Aldea 2018-16\" style=\"width: 163px; height: 109px;\" \/> <\/a> <\/div> <\/div> <!-- close group --> <div class=\"gallery-group images-1\" style=\"width: 166px; height: 113px;\" data-original-width=\"166\" data-original-height=\"113\" > <div class=\"tiled-gallery-item tiled-gallery-item-small\" itemprop=\"associatedMedia\" itemscope itemtype=\"http:\/\/schema.org\/ImageObject\"> <a href=\"http:\/\/desireemartinphoto.com\/blog\/fiesta-del-charco-aldea-de-san-nicolas-2018\/charco-aldea-2018-17\/\" border=\"0\" itemprop=\"url\"> <meta itemprop=\"width\" content=\"162\"> <meta itemprop=\"height\" content=\"109\"> <img data-attachment-id=\"5236\" data-orig-file=\"http:\/\/desireemartinphoto.com\/blog\/wp-content\/uploads\/2018\/09\/Charco-Aldea-2018-17.jpg\" data-orig-size=\"550,367\" data-comments-opened=\"1\" data-image-meta=\"{&quot;aperture&quot;:&quot;5.6&quot;,&quot;credit&quot;:&quot;&quot;,&quot;camera&quot;:&quot;NIKON D750&quot;,&quot;caption&quot;:&quot;&quot;,&quot;created_timestamp&quot;:&quot;1536678031&quot;,&quot;copyright&quot;:&quot;DESIREE MARTIN&quot;,&quot;focal_length&quot;:&quot;400&quot;,&quot;iso&quot;:&quot;160&quot;,&quot;shutter_speed&quot;:&quot;0.0015625&quot;,&quot;title&quot;:&quot;&quot;,&quot;orientation&quot;:&quot;1&quot;}\" data-image-title=\"Charco Aldea 2018-17\" data-image-description=\"\" data-medium-file=\"http:\/\/desireemartinphoto.com\/blog\/wp-content\/uploads\/2018\/09\/Charco-Aldea-2018-17-300x200.jpg\" data-large-file=\"http:\/\/desireemartinphoto.com\/blog\/wp-content\/uploads\/2018\/09\/Charco-Aldea-2018-17.jpg\" src=\"https:\/\/i1.wp.com\/desireemartinphoto.com\/blog\/wp-content\/uploads\/2018\/09\/Charco-Aldea-2018-17.jpg?w=162&#038;h=109\" width=\"162\" height=\"109\" data-original-width=\"162\" data-original-height=\"109\" itemprop=\"http:\/\/schema.org\/image\" title=\"Charco Aldea 2018-17\" alt=\"Charco Aldea 2018-17\" style=\"width: 162px; height: 109px;\" \/> <\/a> <\/div> <\/div> <!-- close group --> <\/div> <!-- close row --> <div class=\"gallery-row\" style=\"width: 500px; height: 224px;\" data-original-width=\"500\" data-original-height=\"224\" > <div class=\"gallery-group images-2\" style=\"width: 166px; height: 224px;\" data-original-width=\"166\" data-original-height=\"224\" > <div class=\"tiled-gallery-item tiled-gallery-item-small\" itemprop=\"associatedMedia\" itemscope itemtype=\"http:\/\/schema.org\/ImageObject\"> <a href=\"http:\/\/desireemartinphoto.com\/blog\/fiesta-del-charco-aldea-de-san-nicolas-2018\/charco-aldea-2018-18\/\" border=\"0\" itemprop=\"url\"> <meta itemprop=\"width\" content=\"162\"> <meta itemprop=\"height\" content=\"108\"> <img data-attachment-id=\"5237\" data-orig-file=\"http:\/\/desireemartinphoto.com\/blog\/wp-content\/uploads\/2018\/09\/Charco-Aldea-2018-18.jpg\" data-orig-size=\"550,367\" data-comments-opened=\"1\" data-image-meta=\"{&quot;aperture&quot;:&quot;8&quot;,&quot;credit&quot;:&quot;&quot;,&quot;camera&quot;:&quot;Canon EOS 5D Mark III&quot;,&quot;caption&quot;:&quot;&quot;,&quot;created_timestamp&quot;:&quot;1536685365&quot;,&quot;copyright&quot;:&quot;&quot;,&quot;focal_length&quot;:&quot;35&quot;,&quot;iso&quot;:&quot;100&quot;,&quot;shutter_speed&quot;:&quot;0.003125&quot;,&quot;title&quot;:&quot;&quot;,&quot;orientation&quot;:&quot;1&quot;}\" data-image-title=\"Charco Aldea 2018-18\" data-image-description=\"\" data-medium-file=\"http:\/\/desireemartinphoto.com\/blog\/wp-content\/uploads\/2018\/09\/Charco-Aldea-2018-18-300x200.jpg\" data-large-file=\"http:\/\/desireemartinphoto.com\/blog\/wp-content\/uploads\/2018\/09\/Charco-Aldea-2018-18.jpg\" src=\"https:\/\/i1.wp.com\/desireemartinphoto.com\/blog\/wp-content\/uploads\/2018\/09\/Charco-Aldea-2018-18.jpg?w=162&#038;h=108\" width=\"162\" height=\"108\" data-original-width=\"162\" data-original-height=\"108\" itemprop=\"http:\/\/schema.org\/image\" title=\"Charco Aldea 2018-18\" alt=\"Charco Aldea 2018-18\" style=\"width: 162px; height: 108px;\" \/> <\/a> <\/div> <div class=\"tiled-gallery-item tiled-gallery-item-small\" itemprop=\"associatedMedia\" itemscope itemtype=\"http:\/\/schema.org\/ImageObject\"> <a href=\"http:\/\/desireemartinphoto.com\/blog\/fiesta-del-charco-aldea-de-san-nicolas-2018\/charco-aldea-2018-19\/\" border=\"0\" itemprop=\"url\"> <meta itemprop=\"width\" content=\"162\"> <meta itemprop=\"height\" content=\"108\"> <img data-attachment-id=\"5239\" data-orig-file=\"http:\/\/desireemartinphoto.com\/blog\/wp-content\/uploads\/2018\/09\/Charco-Aldea-2018-19.jpg\" data-orig-size=\"550,367\" data-comments-opened=\"1\" data-image-meta=\"{&quot;aperture&quot;:&quot;5&quot;,&quot;credit&quot;:&quot;&quot;,&quot;camera&quot;:&quot;NIKON D750&quot;,&quot;caption&quot;:&quot;&quot;,&quot;created_timestamp&quot;:&quot;1536677953&quot;,&quot;copyright&quot;:&quot;DESIREE MARTIN&quot;,&quot;focal_length&quot;:&quot;110&quot;,&quot;iso&quot;:&quot;160&quot;,&quot;shutter_speed&quot;:&quot;0.0008&quot;,&quot;title&quot;:&quot;&quot;,&quot;orientation&quot;:&quot;1&quot;}\" data-image-title=\"Charco Aldea 2018-19\" data-image-description=\"\" data-medium-file=\"http:\/\/desireemartinphoto.com\/blog\/wp-content\/uploads\/2018\/09\/Charco-Aldea-2018-19-300x200.jpg\" data-large-file=\"http:\/\/desireemartinphoto.com\/blog\/wp-content\/uploads\/2018\/09\/Charco-Aldea-2018-19.jpg\" src=\"https:\/\/i2.wp.com\/desireemartinphoto.com\/blog\/wp-content\/uploads\/2018\/09\/Charco-Aldea-2018-19.jpg?w=162&#038;h=108\" width=\"162\" height=\"108\" data-original-width=\"162\" data-original-height=\"108\" itemprop=\"http:\/\/schema.org\/image\" title=\"Charco Aldea 2018-19\" alt=\"Charco Aldea 2018-19\" style=\"width: 162px; height: 108px;\" \/> <\/a> <\/div> <\/div> <!-- close group --> <div class=\"gallery-group images-1\" style=\"width: 334px; height: 224px;\" data-original-width=\"334\" data-original-height=\"224\" > <div class=\"tiled-gallery-item tiled-gallery-item-large\" itemprop=\"associatedMedia\" itemscope itemtype=\"http:\/\/schema.org\/ImageObject\"> <a href=\"http:\/\/desireemartinphoto.com\/blog\/fiesta-del-charco-aldea-de-san-nicolas-2018\/spain-festivity-fish-3\/\" border=\"0\" itemprop=\"url\"> <meta itemprop=\"width\" content=\"330\"> <meta itemprop=\"height\" content=\"220\"> <img data-attachment-id=\"5240\" data-orig-file=\"http:\/\/desireemartinphoto.com\/blog\/wp-content\/uploads\/2018\/09\/Charco-Aldea-2018-20.jpg\" data-orig-size=\"550,367\" data-comments-opened=\"1\" data-image-meta=\"{&quot;aperture&quot;:&quot;5&quot;,&quot;credit&quot;:&quot;AFP&quot;,&quot;camera&quot;:&quot;NIKON D750&quot;,&quot;caption&quot;:&quot;Around 20,000 people run to the puddle of the village of San Nicol\\u00e1s to try to fish with their hands or with old baskets., on the Spanish Canary Island of Gran Canaria, September 11, 2018. \\rEl Charco, a lake of salt water that is generated by infiltration of nearby seawater, is the symbol of this city and is celebrated at La Aldea Beach every September 11, at 5:00 p.m.\\rThis great multitudinous party derives from an aboriginal technique of fishing that is known as \\u0022embarbascada\\u0022 ( consisted of stunning with the latex of the tabaiba and the card\\u00f3n to the fish that were in the puddles of the coast, later to capture them with the hands without any difficulty). This festival is unique in its origin and was declared a Festival of National Tourist and Cultural Interest.&quot;,&quot;created_timestamp&quot;:&quot;1536678384&quot;,&quot;copyright&quot;:&quot;ImageForum&quot;,&quot;focal_length&quot;:&quot;160&quot;,&quot;iso&quot;:&quot;160&quot;,&quot;shutter_speed&quot;:&quot;0.002&quot;,&quot;title&quot;:&quot;SPAIN-FESTIVITY-FISH&quot;,&quot;orientation&quot;:&quot;1&quot;}\" data-image-title=\"\" data-image-description=\"\" data-medium-file=\"http:\/\/desireemartinphoto.com\/blog\/wp-content\/uploads\/2018\/09\/Charco-Aldea-2018-20-300x200.jpg\" data-large-file=\"http:\/\/desireemartinphoto.com\/blog\/wp-content\/uploads\/2018\/09\/Charco-Aldea-2018-20.jpg\" src=\"https:\/\/i1.wp.com\/desireemartinphoto.com\/blog\/wp-content\/uploads\/2018\/09\/Charco-Aldea-2018-20.jpg?w=330&#038;h=220\" width=\"330\" height=\"220\" data-original-width=\"330\" data-original-height=\"220\" itemprop=\"http:\/\/schema.org\/image\" title=\"\" alt=\"\" style=\"width: 330px; height: 220px;\" \/> <\/a> <\/div> <\/div> <!-- close group --> <\/div> <!-- close row --> <div class=\"gallery-row\" style=\"width: 500px; height: 168px;\" data-original-width=\"500\" data-original-height=\"168\" > <div class=\"gallery-group images-1\" style=\"width: 250px; height: 168px;\" data-original-width=\"250\" data-original-height=\"168\" > <div class=\"tiled-gallery-item tiled-gallery-item-small\" itemprop=\"associatedMedia\" itemscope itemtype=\"http:\/\/schema.org\/ImageObject\"> <a href=\"http:\/\/desireemartinphoto.com\/blog\/fiesta-del-charco-aldea-de-san-nicolas-2018\/charco-aldea-2018-21\/\" border=\"0\" itemprop=\"url\"> <meta itemprop=\"width\" content=\"246\"> <meta itemprop=\"height\" content=\"164\"> <img data-attachment-id=\"5241\" data-orig-file=\"http:\/\/desireemartinphoto.com\/blog\/wp-content\/uploads\/2018\/09\/Charco-Aldea-2018-21.jpg\" data-orig-size=\"550,367\" data-comments-opened=\"1\" data-image-meta=\"{&quot;aperture&quot;:&quot;8&quot;,&quot;credit&quot;:&quot;&quot;,&quot;camera&quot;:&quot;Canon EOS 5D Mark III&quot;,&quot;caption&quot;:&quot;&quot;,&quot;created_timestamp&quot;:&quot;1536685432&quot;,&quot;copyright&quot;:&quot;&quot;,&quot;focal_length&quot;:&quot;17&quot;,&quot;iso&quot;:&quot;100&quot;,&quot;shutter_speed&quot;:&quot;0.003125&quot;,&quot;title&quot;:&quot;&quot;,&quot;orientation&quot;:&quot;1&quot;}\" data-image-title=\"Charco Aldea 2018-21\" data-image-description=\"\" data-medium-file=\"http:\/\/desireemartinphoto.com\/blog\/wp-content\/uploads\/2018\/09\/Charco-Aldea-2018-21-300x200.jpg\" data-large-file=\"http:\/\/desireemartinphoto.com\/blog\/wp-content\/uploads\/2018\/09\/Charco-Aldea-2018-21.jpg\" src=\"https:\/\/i2.wp.com\/desireemartinphoto.com\/blog\/wp-content\/uploads\/2018\/09\/Charco-Aldea-2018-21.jpg?w=246&#038;h=164\" width=\"246\" height=\"164\" data-original-width=\"246\" data-original-height=\"164\" itemprop=\"http:\/\/schema.org\/image\" title=\"Charco Aldea 2018-21\" alt=\"Charco Aldea 2018-21\" style=\"width: 246px; height: 164px;\" \/> <\/a> <\/div> <\/div> <!-- close group --> <div class=\"gallery-group images-1\" style=\"width: 250px; height: 168px;\" data-original-width=\"250\" data-original-height=\"168\" > <div class=\"tiled-gallery-item tiled-gallery-item-small\" itemprop=\"associatedMedia\" itemscope itemtype=\"http:\/\/schema.org\/ImageObject\"> <a href=\"http:\/\/desireemartinphoto.com\/blog\/fiesta-del-charco-aldea-de-san-nicolas-2018\/charco-aldea-2018-22\/\" border=\"0\" itemprop=\"url\"> <meta itemprop=\"width\" content=\"246\"> <meta itemprop=\"height\" content=\"164\"> <img data-attachment-id=\"5242\" data-orig-file=\"http:\/\/desireemartinphoto.com\/blog\/wp-content\/uploads\/2018\/09\/Charco-Aldea-2018-22.jpg\" data-orig-size=\"550,367\" data-comments-opened=\"1\" data-image-meta=\"{&quot;aperture&quot;:&quot;8&quot;,&quot;credit&quot;:&quot;&quot;,&quot;camera&quot;:&quot;Canon EOS 5D Mark III&quot;,&quot;caption&quot;:&quot;&quot;,&quot;created_timestamp&quot;:&quot;1536685601&quot;,&quot;copyright&quot;:&quot;&quot;,&quot;focal_length&quot;:&quot;35&quot;,&quot;iso&quot;:&quot;100&quot;,&quot;shutter_speed&quot;:&quot;0.004&quot;,&quot;title&quot;:&quot;&quot;,&quot;orientation&quot;:&quot;1&quot;}\" data-image-title=\"Charco Aldea 2018-22\" data-image-description=\"\" data-medium-file=\"http:\/\/desireemartinphoto.com\/blog\/wp-content\/uploads\/2018\/09\/Charco-Aldea-2018-22-300x200.jpg\" data-large-file=\"http:\/\/desireemartinphoto.com\/blog\/wp-content\/uploads\/2018\/09\/Charco-Aldea-2018-22.jpg\" src=\"https:\/\/i0.wp.com\/desireemartinphoto.com\/blog\/wp-content\/uploads\/2018\/09\/Charco-Aldea-2018-22.jpg?w=246&#038;h=164\" width=\"246\" height=\"164\" data-original-width=\"246\" data-original-height=\"164\" itemprop=\"http:\/\/schema.org\/image\" title=\"Charco Aldea 2018-22\" alt=\"Charco Aldea 2018-22\" style=\"width: 246px; height: 164px;\" \/> <\/a> <\/div> <\/div> <!-- close group --> <\/div> <!-- close row --> <div class=\"gallery-row\" style=\"width: 500px; height: 242px;\" data-original-width=\"500\" data-original-height=\"242\" > <div class=\"gallery-group images-1\" style=\"width: 320px; height: 242px;\" data-original-width=\"320\" data-original-height=\"242\" > <div class=\"tiled-gallery-item tiled-gallery-item-large\" itemprop=\"associatedMedia\" itemscope itemtype=\"http:\/\/schema.org\/ImageObject\"> <a href=\"http:\/\/desireemartinphoto.com\/blog\/fiesta-del-charco-aldea-de-san-nicolas-2018\/charco-aldea-2018-23\/\" border=\"0\" itemprop=\"url\"> <meta itemprop=\"width\" content=\"316\"> <meta itemprop=\"height\" content=\"238\"> <img data-attachment-id=\"5243\" data-orig-file=\"http:\/\/desireemartinphoto.com\/blog\/wp-content\/uploads\/2018\/09\/Charco-Aldea-2018-23.jpg\" data-orig-size=\"550,414\" data-comments-opened=\"1\" data-image-meta=\"{&quot;aperture&quot;:&quot;5.6&quot;,&quot;credit&quot;:&quot;&quot;,&quot;camera&quot;:&quot;NIKON D750&quot;,&quot;caption&quot;:&quot;&quot;,&quot;created_timestamp&quot;:&quot;1536677955&quot;,&quot;copyright&quot;:&quot;DESIREE MARTIN&quot;,&quot;focal_length&quot;:&quot;270&quot;,&quot;iso&quot;:&quot;160&quot;,&quot;shutter_speed&quot;:&quot;0.001&quot;,&quot;title&quot;:&quot;&quot;,&quot;orientation&quot;:&quot;1&quot;}\" data-image-title=\"Charco Aldea 2018-23\" data-image-description=\"\" data-medium-file=\"http:\/\/desireemartinphoto.com\/blog\/wp-content\/uploads\/2018\/09\/Charco-Aldea-2018-23-300x226.jpg\" data-large-file=\"http:\/\/desireemartinphoto.com\/blog\/wp-content\/uploads\/2018\/09\/Charco-Aldea-2018-23.jpg\" src=\"https:\/\/i1.wp.com\/desireemartinphoto.com\/blog\/wp-content\/uploads\/2018\/09\/Charco-Aldea-2018-23.jpg?w=316&#038;h=238\" width=\"316\" height=\"238\" data-original-width=\"316\" data-original-height=\"238\" itemprop=\"http:\/\/schema.org\/image\" title=\"Charco Aldea 2018-23\" alt=\"Charco Aldea 2018-23\" style=\"width: 316px; height: 238px;\" \/> <\/a> <\/div> <\/div> <!-- close group --> <div class=\"gallery-group images-2\" style=\"width: 180px; height: 242px;\" data-original-width=\"180\" data-original-height=\"242\" > <div class=\"tiled-gallery-item tiled-gallery-item-small\" itemprop=\"associatedMedia\" itemscope itemtype=\"http:\/\/schema.org\/ImageObject\"> <a href=\"http:\/\/desireemartinphoto.com\/blog\/fiesta-del-charco-aldea-de-san-nicolas-2018\/charco-aldea-2018-24\/\" border=\"0\" itemprop=\"url\"> <meta itemprop=\"width\" content=\"176\"> <meta itemprop=\"height\" content=\"117\"> <img data-attachment-id=\"5244\" data-orig-file=\"http:\/\/desireemartinphoto.com\/blog\/wp-content\/uploads\/2018\/09\/Charco-Aldea-2018-24.jpg\" data-orig-size=\"550,367\" data-comments-opened=\"1\" data-image-meta=\"{&quot;aperture&quot;:&quot;8&quot;,&quot;credit&quot;:&quot;&quot;,&quot;camera&quot;:&quot;Canon EOS 5D Mark III&quot;,&quot;caption&quot;:&quot;&quot;,&quot;created_timestamp&quot;:&quot;1536685653&quot;,&quot;copyright&quot;:&quot;&quot;,&quot;focal_length&quot;:&quot;23&quot;,&quot;iso&quot;:&quot;100&quot;,&quot;shutter_speed&quot;:&quot;0.004&quot;,&quot;title&quot;:&quot;&quot;,&quot;orientation&quot;:&quot;1&quot;}\" data-image-title=\"Charco Aldea 2018-24\" data-image-description=\"\" data-medium-file=\"http:\/\/desireemartinphoto.com\/blog\/wp-content\/uploads\/2018\/09\/Charco-Aldea-2018-24-300x200.jpg\" data-large-file=\"http:\/\/desireemartinphoto.com\/blog\/wp-content\/uploads\/2018\/09\/Charco-Aldea-2018-24.jpg\" src=\"https:\/\/i0.wp.com\/desireemartinphoto.com\/blog\/wp-content\/uploads\/2018\/09\/Charco-Aldea-2018-24.jpg?w=176&#038;h=117\" width=\"176\" height=\"117\" data-original-width=\"176\" data-original-height=\"117\" itemprop=\"http:\/\/schema.org\/image\" title=\"Charco Aldea 2018-24\" alt=\"Charco Aldea 2018-24\" style=\"width: 176px; height: 117px;\" \/> <\/a> <\/div> <div class=\"tiled-gallery-item tiled-gallery-item-small\" itemprop=\"associatedMedia\" itemscope itemtype=\"http:\/\/schema.org\/ImageObject\"> <a href=\"http:\/\/desireemartinphoto.com\/blog\/fiesta-del-charco-aldea-de-san-nicolas-2018\/charco-aldea-2018-25\/\" border=\"0\" itemprop=\"url\"> <meta itemprop=\"width\" content=\"176\"> <meta itemprop=\"height\" content=\"117\"> <img data-attachment-id=\"5245\" data-orig-file=\"http:\/\/desireemartinphoto.com\/blog\/wp-content\/uploads\/2018\/09\/Charco-Aldea-2018-25.jpg\" data-orig-size=\"550,367\" data-comments-opened=\"1\" data-image-meta=\"{&quot;aperture&quot;:&quot;5.6&quot;,&quot;credit&quot;:&quot;&quot;,&quot;camera&quot;:&quot;NIKON D750&quot;,&quot;caption&quot;:&quot;&quot;,&quot;created_timestamp&quot;:&quot;1536677985&quot;,&quot;copyright&quot;:&quot;DESIREE MARTIN&quot;,&quot;focal_length&quot;:&quot;400&quot;,&quot;iso&quot;:&quot;160&quot;,&quot;shutter_speed&quot;:&quot;0.001&quot;,&quot;title&quot;:&quot;&quot;,&quot;orientation&quot;:&quot;1&quot;}\" data-image-title=\"Charco Aldea 2018-25\" data-image-description=\"\" data-medium-file=\"http:\/\/desireemartinphoto.com\/blog\/wp-content\/uploads\/2018\/09\/Charco-Aldea-2018-25-300x200.jpg\" data-large-file=\"http:\/\/desireemartinphoto.com\/blog\/wp-content\/uploads\/2018\/09\/Charco-Aldea-2018-25.jpg\" src=\"https:\/\/i0.wp.com\/desireemartinphoto.com\/blog\/wp-content\/uploads\/2018\/09\/Charco-Aldea-2018-25.jpg?w=176&#038;h=117\" width=\"176\" height=\"117\" data-original-width=\"176\" data-original-height=\"117\" itemprop=\"http:\/\/schema.org\/image\" title=\"Charco Aldea 2018-25\" alt=\"Charco Aldea 2018-25\" style=\"width: 176px; height: 117px;\" \/> <\/a> <\/div> <\/div> <!-- close group --> <\/div> <!-- close row --> <div class=\"gallery-row\" style=\"width: 500px; height: 165px;\" data-original-width=\"500\" data-original-height=\"165\" > <div class=\"gallery-group images-1\" style=\"width: 255px; height: 165px;\" data-original-width=\"255\" data-original-height=\"165\" > <div class=\"tiled-gallery-item tiled-gallery-item-large\" itemprop=\"associatedMedia\" itemscope itemtype=\"http:\/\/schema.org\/ImageObject\"> <a href=\"http:\/\/desireemartinphoto.com\/blog\/fiesta-del-charco-aldea-de-san-nicolas-2018\/spain-festivity-fish-4\/\" border=\"0\" itemprop=\"url\"> <meta itemprop=\"width\" content=\"251\"> <meta itemprop=\"height\" content=\"161\"> <img data-attachment-id=\"5246\" data-orig-file=\"http:\/\/desireemartinphoto.com\/blog\/wp-content\/uploads\/2018\/09\/Charco-Aldea-2018-26.jpg\" data-orig-size=\"550,353\" data-comments-opened=\"1\" data-image-meta=\"{&quot;aperture&quot;:&quot;8&quot;,&quot;credit&quot;:&quot;AFP&quot;,&quot;camera&quot;:&quot;Canon EOS 5D Mark III&quot;,&quot;caption&quot;:&quot;Around 20,000 people run to the puddle of the village of San Nicol\\u00e1s to try to fish with their hands or with old baskets., on the Spanish Canary Island of Gran Canaria, September 11, 2018. \\rEl Charco, a lake of salt water that is generated by infiltration of nearby seawater, is the symbol of this city and is celebrated at La Aldea Beach every September 11, at 5:00 p.m.\\rThis great multitudinous party derives from an aboriginal technique of fishing that is known as \\u0022embarbascada\\u0022 ( consisted of stunning with the latex of the tabaiba and the card\\u00f3n to the fish that were in the puddles of the coast, later to capture them with the hands without any difficulty). This festival is unique in its origin and was declared a Festival of National Tourist and Cultural Interest.&quot;,&quot;created_timestamp&quot;:&quot;1536686258&quot;,&quot;copyright&quot;:&quot;ImageForum&quot;,&quot;focal_length&quot;:&quot;25&quot;,&quot;iso&quot;:&quot;100&quot;,&quot;shutter_speed&quot;:&quot;0.005&quot;,&quot;title&quot;:&quot;SPAIN-FESTIVITY-FISH&quot;,&quot;orientation&quot;:&quot;1&quot;}\" data-image-title=\"\" data-image-description=\"\" data-medium-file=\"http:\/\/desireemartinphoto.com\/blog\/wp-content\/uploads\/2018\/09\/Charco-Aldea-2018-26-300x193.jpg\" data-large-file=\"http:\/\/desireemartinphoto.com\/blog\/wp-content\/uploads\/2018\/09\/Charco-Aldea-2018-26.jpg\" src=\"https:\/\/i2.wp.com\/desireemartinphoto.com\/blog\/wp-content\/uploads\/2018\/09\/Charco-Aldea-2018-26.jpg?w=251&#038;h=161\" width=\"251\" height=\"161\" data-original-width=\"251\" data-original-height=\"161\" itemprop=\"http:\/\/schema.org\/image\" title=\"\" alt=\"\" style=\"width: 251px; height: 161px;\" \/> <\/a> <\/div> <\/div> <!-- close group --> <div class=\"gallery-group images-1\" style=\"width: 245px; height: 165px;\" data-original-width=\"245\" data-original-height=\"165\" > <div class=\"tiled-gallery-item tiled-gallery-item-small\" itemprop=\"associatedMedia\" itemscope itemtype=\"http:\/\/schema.org\/ImageObject\"> <a href=\"http:\/\/desireemartinphoto.com\/blog\/fiesta-del-charco-aldea-de-san-nicolas-2018\/charco-aldea-2018-27\/\" border=\"0\" itemprop=\"url\"> <meta itemprop=\"width\" content=\"241\"> <meta itemprop=\"height\" content=\"161\"> <img data-attachment-id=\"5247\" data-orig-file=\"http:\/\/desireemartinphoto.com\/blog\/wp-content\/uploads\/2018\/09\/Charco-Aldea-2018-27.jpg\" data-orig-size=\"550,367\" data-comments-opened=\"1\" data-image-meta=\"{&quot;aperture&quot;:&quot;8&quot;,&quot;credit&quot;:&quot;&quot;,&quot;camera&quot;:&quot;Canon EOS 5D Mark III&quot;,&quot;caption&quot;:&quot;&quot;,&quot;created_timestamp&quot;:&quot;1536685645&quot;,&quot;copyright&quot;:&quot;&quot;,&quot;focal_length&quot;:&quot;16&quot;,&quot;iso&quot;:&quot;100&quot;,&quot;shutter_speed&quot;:&quot;0.004&quot;,&quot;title&quot;:&quot;&quot;,&quot;orientation&quot;:&quot;1&quot;}\" data-image-title=\"Charco Aldea 2018-27\" data-image-description=\"\" data-medium-file=\"http:\/\/desireemartinphoto.com\/blog\/wp-content\/uploads\/2018\/09\/Charco-Aldea-2018-27-300x200.jpg\" data-large-file=\"http:\/\/desireemartinphoto.com\/blog\/wp-content\/uploads\/2018\/09\/Charco-Aldea-2018-27.jpg\" src=\"https:\/\/i2.wp.com\/desireemartinphoto.com\/blog\/wp-content\/uploads\/2018\/09\/Charco-Aldea-2018-27.jpg?w=241&#038;h=161\" width=\"241\" height=\"161\" data-original-width=\"241\" data-original-height=\"161\" itemprop=\"http:\/\/schema.org\/image\" title=\"Charco Aldea 2018-27\" alt=\"Charco Aldea 2018-27\" style=\"width: 241px; height: 161px;\" \/> <\/a> <\/div> <\/div> <!-- close group --> <\/div> <!-- close row --> <div class=\"gallery-row\" style=\"width: 500px; height: 335px;\" data-original-width=\"500\" data-original-height=\"335\" > <div class=\"gallery-group images-1\" style=\"width: 500px; height: 335px;\" data-original-width=\"500\" data-original-height=\"335\" > <div class=\"tiled-gallery-item tiled-gallery-item-large\" itemprop=\"associatedMedia\" itemscope itemtype=\"http:\/\/schema.org\/ImageObject\"> <a href=\"http:\/\/desireemartinphoto.com\/blog\/fiesta-del-charco-aldea-de-san-nicolas-2018\/charco-aldea-2018-28\/\" border=\"0\" itemprop=\"url\"> <meta itemprop=\"width\" content=\"496\"> <meta itemprop=\"height\" content=\"331\"> <img data-attachment-id=\"5248\" data-orig-file=\"http:\/\/desireemartinphoto.com\/blog\/wp-content\/uploads\/2018\/09\/Charco-Aldea-2018-28.jpg\" data-orig-size=\"550,367\" data-comments-opened=\"1\" data-image-meta=\"{&quot;aperture&quot;:&quot;8&quot;,&quot;credit&quot;:&quot;&quot;,&quot;camera&quot;:&quot;Canon EOS 5D Mark III&quot;,&quot;caption&quot;:&quot;&quot;,&quot;created_timestamp&quot;:&quot;1536686070&quot;,&quot;copyright&quot;:&quot;&quot;,&quot;focal_length&quot;:&quot;35&quot;,&quot;iso&quot;:&quot;100&quot;,&quot;shutter_speed&quot;:&quot;0.01&quot;,&quot;title&quot;:&quot;&quot;,&quot;orientation&quot;:&quot;1&quot;}\" data-image-title=\"Charco Aldea 2018-28\" data-image-description=\"\" data-medium-file=\"http:\/\/desireemartinphoto.com\/blog\/wp-content\/uploads\/2018\/09\/Charco-Aldea-2018-28-300x200.jpg\" data-large-file=\"http:\/\/desireemartinphoto.com\/blog\/wp-content\/uploads\/2018\/09\/Charco-Aldea-2018-28.jpg\" src=\"https:\/\/i2.wp.com\/desireemartinphoto.com\/blog\/wp-content\/uploads\/2018\/09\/Charco-Aldea-2018-28.jpg?w=496&#038;h=331\" width=\"496\" height=\"331\" data-original-width=\"496\" data-original-height=\"331\" itemprop=\"http:\/\/schema.org\/image\" title=\"Charco Aldea 2018-28\" alt=\"Charco Aldea 2018-28\" style=\"width: 496px; height: 331px;\" \/> <\/a> <\/div> <\/div> <!-- close group --> <\/div> <!-- close row --> <\/div>\n<p>El Gobierno canario aprob\u00f3 en 2008 la declaraci\u00f3n de Bien de Inter\u00e9s Cultural para la Charca de la Aldea. La Unidad de Patrimonio Hist\u00f3rico del Cabildo de Gran Canaria describe esta fiesta como \u201cuna gran manifestaci\u00f3n de alegr\u00eda, liberaci\u00f3n y catarsis de todo el pueblo alrededor de este gran charco que, por sus valores patrimoniales, ha sido declarado BIC en 2008. <\/p>\n<p><strong>A un lado est\u00e1 el yacimiento arqueol\u00f3gico de Los Caserones y a otro El Alambique, antigua destiler\u00eda de ron (1936-1959) y la Cueva de El Roque, una hoquedad junto al mar donde probablemente los mallorquines, a mediados del siglo XIV, erigieron una ermita en honor a San Nicol\u00e1s de Tolentino\u201d. La presencia de estos mallorquines est\u00e1 en el origen de que La Aldea de San Nicol\u00e1s celebre sus fiestas patronales en la festividad de San Nicol\u00e1s de Tolentino. Y en el marco de estas celebraciones tiene lugar, el 11 de septiembre, la Fiesta del Charco. En esta \u00e9poca del a\u00f1o las mareas son m\u00e1s largas y llenan la laguna que se ha formado en la desembocadura del barranco de la Aldea. Lo que la Fiesta del Charco revive es la t\u00e9cnica de pesca de los abor\u00edgenes canarios: la ancestral costumbre de embarbascar [verter l\u00e1tex de plantas que narcotizan a los peces y permite pescar con facilidad]. En 1766 , el obispo Delgado y Venegas qued\u00f3 escandalizado al observar que la gente iba ligera de ropa en la Fiesta del Charco. Su decisi\u00f3n fue imponer la obligaci\u00f3n de ir vestidos en la charca. Quien no lo hiciera as\u00ed pagar\u00eda diversas penas (multas, c\u00e1rcel, e incluso la excomuni\u00f3n). El obispo argumentaba para ello el \u00abdesorden que siempre ha habido en este lugar cuando se celebra la embarbasca o Fiesta del Charco (\u2026) ech\u00e1ndose en \u00e9l y mezcl\u00e1ndose hombres y mujeres casi  desnudos (\u2026) pecando mortalmente en tal depravada diversi\u00f3n (\u2026)\u00bb. \u201cLa fiesta continu\u00f3 celebr\u00e1ndose con la misma alegr\u00eda que la caracterizaba seg\u00fan nos lo cuenta V\u00edctor Grau-Bassas en 1887, quien nos dej\u00f3 valiosos dibujos de escenas de la misma. Medio siglo despu\u00e9s, continuaba centr\u00e1ndose en la pesca, sobre todo de la lisa, con el tradicional jolgorio de la gente. Luego comenz\u00f3 a regularse, al prohibirse el uso de redes y ca\u00f1as y con el establecimiento de una delimitaci\u00f3n de su espacio mediante una raya blanca perimetral\u201d, explica la Unidad de Patrimonio Hist\u00f3rico.<\/strong><strong><\/strong><em><strong><\/p>\n<p>A esta festividad, que ha sido declarada Bien de Inter\u00e9s Tur\u00edstico.<\/p>\n<div class=\"sharedaddy sd-sharing-enabled\"><div class=\"robots-nocontent sd-block sd-social sd-social-icon-text sd-sharing\"><h3 class=\"sd-title\">COMPARTE ESTO:<\/h3><div class=\"sd-content\"><ul><li class=\"share-facebook\"><a rel=\"nofollow noopener noreferrer\" data-shared=\"sharing-facebook-5219\" class=\"share-facebook sd-button share-icon\" href=\"http:\/\/desireemartinphoto.com\/blog\/fiesta-del-charco-aldea-de-san-nicolas-2018\/?share=facebook\" target=\"_blank\" title=\"Haz clic para compartir en Facebook\"><span>Facebook<\/span><\/a><\/li><li class=\"share-twitter\"><a rel=\"nofollow noopener noreferrer\" data-shared=\"sharing-twitter-5219\" class=\"share-twitter sd-button share-icon\" href=\"http:\/\/desireemartinphoto.com\/blog\/fiesta-del-charco-aldea-de-san-nicolas-2018\/?share=twitter\" target=\"_blank\" title=\"Haz clic para compartir en Twitter\"><span>Twitter<\/span><\/a><\/li><li class=\"share-email\"><a rel=\"nofollow noopener noreferrer\" data-shared=\"\" class=\"share-email sd-button share-icon\" href=\"http:\/\/desireemartinphoto.com\/blog\/fiesta-del-charco-aldea-de-san-nicolas-2018\/?share=email\" target=\"_blank\" title=\"Haz clic para enviar por correo electr\u00f3nico a un amigo\"><span>Correo electr\u00f3nico<\/span><\/a><\/li><li class=\"share-linkedin\"><a rel=\"nofollow noopener noreferrer\" data-shared=\"sharing-linkedin-5219\" class=\"share-linkedin sd-button share-icon\" href=\"http:\/\/desireemartinphoto.com\/blog\/fiesta-del-charco-aldea-de-san-nicolas-2018\/?share=linkedin\" target=\"_blank\" title=\"Haz clic para compartir en LinkedIn\"><span>LinkedIn<\/span><\/a><\/li><li class=\"share-tumblr\"><a rel=\"nofollow noopener noreferrer\" data-shared=\"\" class=\"share-tumblr sd-button share-icon\" href=\"http:\/\/desireemartinphoto.com\/blog\/fiesta-del-charco-aldea-de-san-nicolas-2018\/?share=tumblr\" target=\"_blank\" title=\"Haz clic para compartir en Tumblr\"><span>Tumblr<\/span><\/a><\/li><li class=\"share-end\"><\/li><\/ul><\/div><\/div><\/div>","protected":false},"excerpt":{"rendered":"<p>Cada 11 de Septiembre un volador da comienzo a la \u201cFiesta del Charco\u201d, que revive la costumbre del antiguo pueblo canario de embarbascar en los charcos costeros. Miles de personas , en torno a 15.000, se adentran en el per\u00edmetro de La Charca, para celebrar una fiesta que mantiene vivas unas pr\u00e1cticas culturales prehisp\u00e1nicas: el [&#038;hellip<\/p>\n<div class=\"sharedaddy sd-sharing-enabled\"><div class=\"robots-nocontent sd-block sd-social sd-social-icon-text sd-sharing\"><h3 class=\"sd-title\">COMPARTE ESTO:<\/h3><div class=\"sd-content\"><ul><li class=\"share-facebook\"><a rel=\"nofollow noopener noreferrer\" data-shared=\"sharing-facebook-5219\" class=\"share-facebook sd-button share-icon\" href=\"http:\/\/desireemartinphoto.com\/blog\/fiesta-del-charco-aldea-de-san-nicolas-2018\/?share=facebook\" target=\"_blank\" title=\"Haz clic para compartir en Facebook\"><span>Facebook<\/span><\/a><\/li><li class=\"share-twitter\"><a rel=\"nofollow noopener noreferrer\" data-shared=\"sharing-twitter-5219\" class=\"share-twitter sd-button share-icon\" href=\"http:\/\/desireemartinphoto.com\/blog\/fiesta-del-charco-aldea-de-san-nicolas-2018\/?share=twitter\" target=\"_blank\" title=\"Haz clic para compartir en Twitter\"><span>Twitter<\/span><\/a><\/li><li class=\"share-email\"><a rel=\"nofollow noopener noreferrer\" data-shared=\"\" class=\"share-email sd-button share-icon\" href=\"http:\/\/desireemartinphoto.com\/blog\/fiesta-del-charco-aldea-de-san-nicolas-2018\/?share=email\" target=\"_blank\" title=\"Haz clic para enviar por correo electr\u00f3nico a un amigo\"><span>Correo electr\u00f3nico<\/span><\/a><\/li><li class=\"share-linkedin\"><a rel=\"nofollow noopener noreferrer\" data-shared=\"sharing-linkedin-5219\" class=\"share-linkedin sd-button share-icon\" href=\"http:\/\/desireemartinphoto.com\/blog\/fiesta-del-charco-aldea-de-san-nicolas-2018\/?share=linkedin\" target=\"_blank\" title=\"Haz clic para compartir en LinkedIn\"><span>LinkedIn<\/span><\/a><\/li><li class=\"share-tumblr\"><a rel=\"nofollow noopener noreferrer\" data-shared=\"\" class=\"share-tumblr sd-button share-icon\" href=\"http:\/\/desireemartinphoto.com\/blog\/fiesta-del-charco-aldea-de-san-nicolas-2018\/?share=tumblr\" target=\"_blank\" title=\"Haz clic para compartir en Tumblr\"><span>Tumblr<\/span><\/a><\/li><li class=\"share-end\"><\/li><\/ul><\/div><\/div><\/div>","protected":false},"author":1,"featured_media":0,"comment_status":"open","ping_status":"open","sticky":false,"template":"","format":"standard","meta":{"spay_email":""},"categories":[1],"tags":[1179,576,1172,1186,1182,39,1173,534,355,1176,557,1164,12,1185,1180,1177,1174,362,1178,1175,1103,1183,1181,1184],"jetpack_featured_media_url":"","jetpack_sharing_enabled":true,"_links":{"self":[{"href":"http:\/\/desireemartinphoto.com\/blog\/wp-json\/wp\/v2\/posts\/5219"}],"collection":[{"href":"http:\/\/desireemartinphoto.com\/blog\/wp-json\/wp\/v2\/posts"}],"about":[{"href":"http:\/\/desireemartinphoto.com\/blog\/wp-json\/wp\/v2\/types\/post"}],"author":[{"embeddable":true,"href":"http:\/\/desireemartinphoto.com\/blog\/wp-json\/wp\/v2\/users\/1"}],"replies":[{"embeddable":true,"href":"http:\/\/desireemartinphoto.com\/blog\/wp-json\/wp\/v2\/comments?post=5219"}],"version-history":[{"count":3,"href":"http:\/\/desireemartinphoto.com\/blog\/wp-json\/wp\/v2\/posts\/5219\/revisions"}],"predecessor-version":[{"id":5251,"href":"http:\/\/desireemartinphoto.com\/blog\/wp-json\/wp\/v2\/posts\/5219\/revisions\/5251"}],"wp:attachment":[{"href":"http:\/\/desireemartinphoto.com\/blog\/wp-json\/wp\/v2\/media?parent=5219"}],"wp:term":[{"taxonomy":"category","embeddable":true,"href":"http:\/\/desireemartinphoto.com\/blog\/wp-json\/wp\/v2\/categories?post=5219"},{"taxonomy":"post_tag","embeddable":true,"href":"http:\/\/desireemartinphoto.com\/blog\/wp-json\/wp\/v2\/tags?post=5219"}],"curies":[{"name":"wp","href":"https:\/\/api.w.org\/{rel}","templated":true}]}}