{"id":5100,"date":"2018-07-09T11:50:07","date_gmt":"2018-07-09T11:50:07","guid":{"rendered":"http:\/\/desireemartinphoto.com\/blog\/?p=5100"},"modified":"2018-07-09T11:50:07","modified_gmt":"2018-07-09T11:50:07","slug":"aerogenerador-marino-como-un-goliath-frente-a-la-energia-fosil","status":"publish","type":"post","link":"http:\/\/desireemartinphoto.com\/blog\/aerogenerador-marino-como-un-goliath-frente-a-la-energia-fosil\/","title":{"rendered":"Aerogenerador marino, \u00bfc\u00f3mo un Goliath frente a la energ\u00eda f\u00f3sil?"},"content":{"rendered":"<p>PIE DE FOTO, sin m\u00e1s.<\/p>\n<p>Primer aerogenerador marino de Espa\u00f1a y el primero del sur de Europa con fondo fijo ( hasta ahora solo los hab\u00eda flotantes ) y es tambi\u00e9n el primero del mundo instalado sin los grandes gastos econ\u00f3micos habituales en el sector.<br \/>\nSe ha instalado en las proximidades del banco de pruebas de la Plataforma Oce\u00e1nica de Canarias (Plocan). <\/p>\n<p><img data-attachment-id=\"5106\" data-permalink=\"http:\/\/desireemartinphoto.com\/blog\/aerogenerador-marino-como-un-goliath-frente-a-la-energia-fosil\/spain-wind-marine-turbine-6\/\" data-orig-file=\"http:\/\/desireemartinphoto.com\/blog\/wp-content\/uploads\/2018\/07\/Aerogenerador-marino-2018-BLOG-06.jpg\" data-orig-size=\"550,353\" data-comments-opened=\"1\" data-image-meta=\"{&quot;aperture&quot;:&quot;9&quot;,&quot;credit&quot;:&quot;AFP&quot;,&quot;camera&quot;:&quot;Canon EOS 5D Mark III&quot;,&quot;caption&quot;:&quot;First marine wind turbine in Spain and the first in the south of Europe with a fixed bottom (until now there were only floating ones) and it is also the first in the world installed without the usual big economic sectors.\\rIt has been installed in the vicinity of the test bench of the Oceanic Platform of the Canary Islands (Plocan). It has a hollow concrete shoe, with 6 cells, 32 meters in diameter and 7 meters high, which has been sunk by filling it with water in a controlled manner. The height is 90 meters from sea level to the turbine and 150 meters if the height of the blade is added.\\rIt has the capacity to produce five megawatts, enough for some 5,000 homes for 15 years, according to Esteyco&#039;s calculations.&quot;,&quot;created_timestamp&quot;:&quot;1530800437&quot;,&quot;copyright&quot;:&quot;ImageForum&quot;,&quot;focal_length&quot;:&quot;35&quot;,&quot;iso&quot;:&quot;100&quot;,&quot;shutter_speed&quot;:&quot;0.00125&quot;,&quot;title&quot;:&quot;SPAIN-WIND-MARINE-TURBINE&quot;,&quot;orientation&quot;:&quot;1&quot;}\" data-image-title=\"\" data-image-description=\"\" data-medium-file=\"http:\/\/desireemartinphoto.com\/blog\/wp-content\/uploads\/2018\/07\/Aerogenerador-marino-2018-BLOG-06-300x193.jpg\" data-large-file=\"http:\/\/desireemartinphoto.com\/blog\/wp-content\/uploads\/2018\/07\/Aerogenerador-marino-2018-BLOG-06.jpg\" loading=\"lazy\" src=\"http:\/\/desireemartinphoto.com\/blog\/wp-content\/uploads\/2018\/07\/Aerogenerador-marino-2018-BLOG-06.jpg\" alt=\"\" width=\"550\" height=\"353\" class=\"alignleft size-full wp-image-5106\" srcset=\"http:\/\/desireemartinphoto.com\/blog\/wp-content\/uploads\/2018\/07\/Aerogenerador-marino-2018-BLOG-06.jpg 550w, http:\/\/desireemartinphoto.com\/blog\/wp-content\/uploads\/2018\/07\/Aerogenerador-marino-2018-BLOG-06-300x193.jpg 300w\" sizes=\"(max-width: 550px) 100vw, 550px\" \/><\/p>\n<p>Tiene una una zapata de hormig\u00f3n hueca, con 6 celdas, de 32 metros de di\u00e1metro y 7 de altura, que se ha hundido llen\u00e1ndola de agua de manera controlada.<br \/>\nLa altura es de 90 metros desde el nivel del mar hasta la turbina y 150 metros si se suma la altura de la pala.<\/p>\n<p>Tiene capacidad para producir cinco megavatios, suficientes para unas 5.000 viviendas durante 15 a\u00f1os, de acuerdo con los c\u00e1lculos de Esteyco.<\/p>\n<p><img data-attachment-id=\"5101\" data-permalink=\"http:\/\/desireemartinphoto.com\/blog\/aerogenerador-marino-como-un-goliath-frente-a-la-energia-fosil\/spain-wind-marine-turbine\/\" data-orig-file=\"http:\/\/desireemartinphoto.com\/blog\/wp-content\/uploads\/2018\/07\/Aerogenerador-marino-2018-BLOG-02.jpg\" data-orig-size=\"550,367\" data-comments-opened=\"1\" data-image-meta=\"{&quot;aperture&quot;:&quot;8&quot;,&quot;credit&quot;:&quot;AFP&quot;,&quot;camera&quot;:&quot;NIKON D750&quot;,&quot;caption&quot;:&quot;First marine wind turbine in Spain and the first in the south of Europe with a fixed bottom (until now there were only floating ones) and it is also the first in the world installed without the usual big economic sectors.\\rIt has been installed in the vicinity of the test bench of the Oceanic Platform of the Canary Islands (Plocan). It has a hollow concrete shoe, with 6 cells, 32 meters in diameter and 7 meters high, which has been sunk by filling it with water in a controlled manner. The height is 90 meters from sea level to the turbine and 150 meters if the height of the blade is added.\\rIt has the capacity to produce five megawatts, enough for some 5,000 homes for 15 years, according to Esteyco&#039;s calculations.&quot;,&quot;created_timestamp&quot;:&quot;1530797355&quot;,&quot;copyright&quot;:&quot;ImageForum&quot;,&quot;focal_length&quot;:&quot;80&quot;,&quot;iso&quot;:&quot;100&quot;,&quot;shutter_speed&quot;:&quot;0.00125&quot;,&quot;title&quot;:&quot;SPAIN-WIND-MARINE-TURBINE&quot;,&quot;orientation&quot;:&quot;1&quot;}\" data-image-title=\"\" data-image-description=\"\" data-medium-file=\"http:\/\/desireemartinphoto.com\/blog\/wp-content\/uploads\/2018\/07\/Aerogenerador-marino-2018-BLOG-02-300x200.jpg\" data-large-file=\"http:\/\/desireemartinphoto.com\/blog\/wp-content\/uploads\/2018\/07\/Aerogenerador-marino-2018-BLOG-02.jpg\" loading=\"lazy\" src=\"http:\/\/desireemartinphoto.com\/blog\/wp-content\/uploads\/2018\/07\/Aerogenerador-marino-2018-BLOG-02.jpg\" alt=\"\" width=\"550\" height=\"367\" class=\"alignleft size-full wp-image-5101\" srcset=\"http:\/\/desireemartinphoto.com\/blog\/wp-content\/uploads\/2018\/07\/Aerogenerador-marino-2018-BLOG-02.jpg 550w, http:\/\/desireemartinphoto.com\/blog\/wp-content\/uploads\/2018\/07\/Aerogenerador-marino-2018-BLOG-02-300x200.jpg 300w\" sizes=\"(max-width: 550px) 100vw, 550px\" \/><\/p>\n<p><img data-attachment-id=\"5102\" data-permalink=\"http:\/\/desireemartinphoto.com\/blog\/aerogenerador-marino-como-un-goliath-frente-a-la-energia-fosil\/spain-wind-marine-turbine-2\/\" data-orig-file=\"http:\/\/desireemartinphoto.com\/blog\/wp-content\/uploads\/2018\/07\/Aerogenerador-marino-2018-BLOG-03.jpg\" data-orig-size=\"550,855\" data-comments-opened=\"1\" data-image-meta=\"{&quot;aperture&quot;:&quot;5&quot;,&quot;credit&quot;:&quot;AFP&quot;,&quot;camera&quot;:&quot;NIKON D750&quot;,&quot;caption&quot;:&quot;First marine wind turbine in Spain and the first in the south of Europe with a fixed bottom (until now there were only floating ones) and it is also the first in the world installed without the usual big economic sectors.\\rIt has been installed in the vicinity of the test bench of the Oceanic Platform of the Canary Islands (Plocan). It has a hollow concrete shoe, with 6 cells, 32 meters in diameter and 7 meters high, which has been sunk by filling it with water in a controlled manner. The height is 90 meters from sea level to the turbine and 150 meters if the height of the blade is added.\\rIt has the capacity to produce five megawatts, enough for some 5,000 homes for 15 years, according to Esteyco&#039;s calculations.&quot;,&quot;created_timestamp&quot;:&quot;1530798292&quot;,&quot;copyright&quot;:&quot;ImageForum&quot;,&quot;focal_length&quot;:&quot;140&quot;,&quot;iso&quot;:&quot;100&quot;,&quot;shutter_speed&quot;:&quot;0.001&quot;,&quot;title&quot;:&quot;SPAIN-WIND-MARINE-TURBINE&quot;,&quot;orientation&quot;:&quot;1&quot;}\" data-image-title=\"\" data-image-description=\"\" data-medium-file=\"http:\/\/desireemartinphoto.com\/blog\/wp-content\/uploads\/2018\/07\/Aerogenerador-marino-2018-BLOG-03-193x300.jpg\" data-large-file=\"http:\/\/desireemartinphoto.com\/blog\/wp-content\/uploads\/2018\/07\/Aerogenerador-marino-2018-BLOG-03.jpg\" loading=\"lazy\" src=\"http:\/\/desireemartinphoto.com\/blog\/wp-content\/uploads\/2018\/07\/Aerogenerador-marino-2018-BLOG-03.jpg\" alt=\"\" width=\"550\" height=\"855\" class=\"alignleft size-full wp-image-5102\" srcset=\"http:\/\/desireemartinphoto.com\/blog\/wp-content\/uploads\/2018\/07\/Aerogenerador-marino-2018-BLOG-03.jpg 550w, http:\/\/desireemartinphoto.com\/blog\/wp-content\/uploads\/2018\/07\/Aerogenerador-marino-2018-BLOG-03-193x300.jpg 193w\" sizes=\"(max-width: 550px) 100vw, 550px\" \/><\/p>\n<p><img data-attachment-id=\"5103\" data-permalink=\"http:\/\/desireemartinphoto.com\/blog\/aerogenerador-marino-como-un-goliath-frente-a-la-energia-fosil\/spain-wind-marine-turbine-3\/\" data-orig-file=\"http:\/\/desireemartinphoto.com\/blog\/wp-content\/uploads\/2018\/07\/Aerogenerador-marino-2018-BLOG-05.jpg\" data-orig-size=\"550,367\" data-comments-opened=\"1\" data-image-meta=\"{&quot;aperture&quot;:&quot;5.3&quot;,&quot;credit&quot;:&quot;AFP&quot;,&quot;camera&quot;:&quot;NIKON D750&quot;,&quot;caption&quot;:&quot;First marine wind turbine in Spain and the first in the south of Europe with a fixed bottom (until now there were only floating ones) and it is also the first in the world installed without the usual big economic sectors.\\rIt has been installed in the vicinity of the test bench of the Oceanic Platform of the Canary Islands (Plocan). It has a hollow concrete shoe, with 6 cells, 32 meters in diameter and 7 meters high, which has been sunk by filling it with water in a controlled manner. The height is 90 meters from sea level to the turbine and 150 meters if the height of the blade is added.\\rIt has the capacity to produce five megawatts, enough for some 5,000 homes for 15 years, according to Esteyco&#039;s calculations.&quot;,&quot;created_timestamp&quot;:&quot;1530798468&quot;,&quot;copyright&quot;:&quot;ImageForum&quot;,&quot;focal_length&quot;:&quot;220&quot;,&quot;iso&quot;:&quot;100&quot;,&quot;shutter_speed&quot;:&quot;0.0005&quot;,&quot;title&quot;:&quot;SPAIN-WIND-MARINE-TURBINE&quot;,&quot;orientation&quot;:&quot;1&quot;}\" data-image-title=\"\" data-image-description=\"\" data-medium-file=\"http:\/\/desireemartinphoto.com\/blog\/wp-content\/uploads\/2018\/07\/Aerogenerador-marino-2018-BLOG-05-300x200.jpg\" data-large-file=\"http:\/\/desireemartinphoto.com\/blog\/wp-content\/uploads\/2018\/07\/Aerogenerador-marino-2018-BLOG-05.jpg\" loading=\"lazy\" src=\"http:\/\/desireemartinphoto.com\/blog\/wp-content\/uploads\/2018\/07\/Aerogenerador-marino-2018-BLOG-05.jpg\" alt=\"\" width=\"550\" height=\"367\" class=\"alignleft size-full wp-image-5103\" srcset=\"http:\/\/desireemartinphoto.com\/blog\/wp-content\/uploads\/2018\/07\/Aerogenerador-marino-2018-BLOG-05.jpg 550w, http:\/\/desireemartinphoto.com\/blog\/wp-content\/uploads\/2018\/07\/Aerogenerador-marino-2018-BLOG-05-300x200.jpg 300w\" sizes=\"(max-width: 550px) 100vw, 550px\" \/><\/p>\n<p><img data-attachment-id=\"5104\" data-permalink=\"http:\/\/desireemartinphoto.com\/blog\/aerogenerador-marino-como-un-goliath-frente-a-la-energia-fosil\/spain-wind-marine-turbine-4\/\" data-orig-file=\"http:\/\/desireemartinphoto.com\/blog\/wp-content\/uploads\/2018\/07\/Aerogenerador-marino-2018-BLOG-01.jpg\" data-orig-size=\"550,341\" data-comments-opened=\"1\" data-image-meta=\"{&quot;aperture&quot;:&quot;5&quot;,&quot;credit&quot;:&quot;AFP&quot;,&quot;camera&quot;:&quot;NIKON D750&quot;,&quot;caption&quot;:&quot;First marine wind turbine in Spain and the first in the south of Europe with a fixed bottom (until now there were only floating ones) and it is also the first in the world installed without the usual big economic sectors.\\rIt has been installed in the vicinity of the test bench of the Oceanic Platform of the Canary Islands (Plocan). It has a hollow concrete shoe, with 6 cells, 32 meters in diameter and 7 meters high, which has been sunk by filling it with water in a controlled manner. The height is 90 meters from sea level to the turbine and 150 meters if the height of the blade is added.\\rIt has the capacity to produce five megawatts, enough for some 5,000 homes for 15 years, according to Esteyco&#039;s calculations.&quot;,&quot;created_timestamp&quot;:&quot;1530788097&quot;,&quot;copyright&quot;:&quot;ImageForum&quot;,&quot;focal_length&quot;:&quot;175&quot;,&quot;iso&quot;:&quot;100&quot;,&quot;shutter_speed&quot;:&quot;0.000625&quot;,&quot;title&quot;:&quot;SPAIN-WIND-MARINE-TURBINE&quot;,&quot;orientation&quot;:&quot;1&quot;}\" data-image-title=\"\" data-image-description=\"\" data-medium-file=\"http:\/\/desireemartinphoto.com\/blog\/wp-content\/uploads\/2018\/07\/Aerogenerador-marino-2018-BLOG-01-300x186.jpg\" data-large-file=\"http:\/\/desireemartinphoto.com\/blog\/wp-content\/uploads\/2018\/07\/Aerogenerador-marino-2018-BLOG-01.jpg\" loading=\"lazy\" src=\"http:\/\/desireemartinphoto.com\/blog\/wp-content\/uploads\/2018\/07\/Aerogenerador-marino-2018-BLOG-01.jpg\" alt=\"\" width=\"550\" height=\"341\" class=\"alignleft size-full wp-image-5104\" srcset=\"http:\/\/desireemartinphoto.com\/blog\/wp-content\/uploads\/2018\/07\/Aerogenerador-marino-2018-BLOG-01.jpg 550w, http:\/\/desireemartinphoto.com\/blog\/wp-content\/uploads\/2018\/07\/Aerogenerador-marino-2018-BLOG-01-300x186.jpg 300w\" sizes=\"(max-width: 550px) 100vw, 550px\" \/><\/p>\n<p><img data-attachment-id=\"5105\" data-permalink=\"http:\/\/desireemartinphoto.com\/blog\/aerogenerador-marino-como-un-goliath-frente-a-la-energia-fosil\/spain-wind-marine-turbine-5\/\" data-orig-file=\"http:\/\/desireemartinphoto.com\/blog\/wp-content\/uploads\/2018\/07\/Aerogenerador-marino-2018-BLOG-04.jpg\" data-orig-size=\"550,367\" data-comments-opened=\"1\" data-image-meta=\"{&quot;aperture&quot;:&quot;5&quot;,&quot;credit&quot;:&quot;AFP&quot;,&quot;camera&quot;:&quot;NIKON D750&quot;,&quot;caption&quot;:&quot;First marine wind turbine in Spain and the first in the south of Europe with a fixed bottom (until now there were only floating ones) and it is also the first in the world installed without the usual big economic sectors.\\rIt has been installed in the vicinity of the test bench of the Oceanic Platform of the Canary Islands (Plocan). It has a hollow concrete shoe, with 6 cells, 32 meters in diameter and 7 meters high, which has been sunk by filling it with water in a controlled manner. The height is 90 meters from sea level to the turbine and 150 meters if the height of the blade is added.\\rIt has the capacity to produce five megawatts, enough for some 5,000 homes for 15 years, according to Esteyco&#039;s calculations.&quot;,&quot;created_timestamp&quot;:&quot;1530798457&quot;,&quot;copyright&quot;:&quot;ImageForum&quot;,&quot;focal_length&quot;:&quot;80&quot;,&quot;iso&quot;:&quot;100&quot;,&quot;shutter_speed&quot;:&quot;0.0005&quot;,&quot;title&quot;:&quot;SPAIN-WIND-MARINE-TURBINE&quot;,&quot;orientation&quot;:&quot;1&quot;}\" data-image-title=\"SPAIN-WIND-MARINE-TURBINE\" data-image-description=\"\" data-medium-file=\"http:\/\/desireemartinphoto.com\/blog\/wp-content\/uploads\/2018\/07\/Aerogenerador-marino-2018-BLOG-04-300x200.jpg\" data-large-file=\"http:\/\/desireemartinphoto.com\/blog\/wp-content\/uploads\/2018\/07\/Aerogenerador-marino-2018-BLOG-04.jpg\" loading=\"lazy\" src=\"http:\/\/desireemartinphoto.com\/blog\/wp-content\/uploads\/2018\/07\/Aerogenerador-marino-2018-BLOG-04.jpg\" alt=\"\" width=\"550\" height=\"367\" class=\"alignleft size-full wp-image-5105\" srcset=\"http:\/\/desireemartinphoto.com\/blog\/wp-content\/uploads\/2018\/07\/Aerogenerador-marino-2018-BLOG-04.jpg 550w, http:\/\/desireemartinphoto.com\/blog\/wp-content\/uploads\/2018\/07\/Aerogenerador-marino-2018-BLOG-04-300x200.jpg 300w\" sizes=\"(max-width: 550px) 100vw, 550px\" \/><\/p>\n<div class=\"sharedaddy sd-sharing-enabled\"><div class=\"robots-nocontent sd-block sd-social sd-social-icon-text sd-sharing\"><h3 class=\"sd-title\">COMPARTE ESTO:<\/h3><div class=\"sd-content\"><ul><li class=\"share-facebook\"><a rel=\"nofollow noopener noreferrer\" data-shared=\"sharing-facebook-5100\" class=\"share-facebook sd-button share-icon\" href=\"http:\/\/desireemartinphoto.com\/blog\/aerogenerador-marino-como-un-goliath-frente-a-la-energia-fosil\/?share=facebook\" target=\"_blank\" title=\"Haz clic para compartir en Facebook\"><span>Facebook<\/span><\/a><\/li><li class=\"share-twitter\"><a rel=\"nofollow noopener noreferrer\" data-shared=\"sharing-twitter-5100\" class=\"share-twitter sd-button share-icon\" href=\"http:\/\/desireemartinphoto.com\/blog\/aerogenerador-marino-como-un-goliath-frente-a-la-energia-fosil\/?share=twitter\" target=\"_blank\" title=\"Haz clic para compartir en Twitter\"><span>Twitter<\/span><\/a><\/li><li class=\"share-email\"><a rel=\"nofollow noopener noreferrer\" data-shared=\"\" class=\"share-email sd-button share-icon\" href=\"http:\/\/desireemartinphoto.com\/blog\/aerogenerador-marino-como-un-goliath-frente-a-la-energia-fosil\/?share=email\" target=\"_blank\" title=\"Haz clic para enviar por correo electr\u00f3nico a un amigo\"><span>Correo electr\u00f3nico<\/span><\/a><\/li><li class=\"share-linkedin\"><a rel=\"nofollow noopener noreferrer\" data-shared=\"sharing-linkedin-5100\" class=\"share-linkedin sd-button share-icon\" href=\"http:\/\/desireemartinphoto.com\/blog\/aerogenerador-marino-como-un-goliath-frente-a-la-energia-fosil\/?share=linkedin\" target=\"_blank\" title=\"Haz clic para compartir en LinkedIn\"><span>LinkedIn<\/span><\/a><\/li><li class=\"share-tumblr\"><a rel=\"nofollow noopener noreferrer\" data-shared=\"\" class=\"share-tumblr sd-button share-icon\" href=\"http:\/\/desireemartinphoto.com\/blog\/aerogenerador-marino-como-un-goliath-frente-a-la-energia-fosil\/?share=tumblr\" target=\"_blank\" title=\"Haz clic para compartir en Tumblr\"><span>Tumblr<\/span><\/a><\/li><li class=\"share-end\"><\/li><\/ul><\/div><\/div><\/div>","protected":false},"excerpt":{"rendered":"<p>PIE DE FOTO, sin m\u00e1s. Primer aerogenerador marino de Espa\u00f1a y el primero del sur de Europa con fondo fijo ( hasta ahora solo los hab\u00eda flotantes ) y es tambi\u00e9n el primero del mundo instalado sin los grandes gastos econ\u00f3micos habituales en el sector. Se ha instalado en las proximidades del banco de pruebas [&#038;hellip<\/p>\n<div class=\"sharedaddy sd-sharing-enabled\"><div class=\"robots-nocontent sd-block sd-social sd-social-icon-text sd-sharing\"><h3 class=\"sd-title\">COMPARTE ESTO:<\/h3><div class=\"sd-content\"><ul><li class=\"share-facebook\"><a rel=\"nofollow noopener noreferrer\" data-shared=\"sharing-facebook-5100\" class=\"share-facebook sd-button share-icon\" href=\"http:\/\/desireemartinphoto.com\/blog\/aerogenerador-marino-como-un-goliath-frente-a-la-energia-fosil\/?share=facebook\" target=\"_blank\" title=\"Haz clic para compartir en Facebook\"><span>Facebook<\/span><\/a><\/li><li class=\"share-twitter\"><a rel=\"nofollow noopener noreferrer\" data-shared=\"sharing-twitter-5100\" class=\"share-twitter sd-button share-icon\" href=\"http:\/\/desireemartinphoto.com\/blog\/aerogenerador-marino-como-un-goliath-frente-a-la-energia-fosil\/?share=twitter\" target=\"_blank\" title=\"Haz clic para compartir en Twitter\"><span>Twitter<\/span><\/a><\/li><li class=\"share-email\"><a rel=\"nofollow noopener noreferrer\" data-shared=\"\" class=\"share-email sd-button share-icon\" href=\"http:\/\/desireemartinphoto.com\/blog\/aerogenerador-marino-como-un-goliath-frente-a-la-energia-fosil\/?share=email\" target=\"_blank\" title=\"Haz clic para enviar por correo electr\u00f3nico a un amigo\"><span>Correo electr\u00f3nico<\/span><\/a><\/li><li class=\"share-linkedin\"><a rel=\"nofollow noopener noreferrer\" data-shared=\"sharing-linkedin-5100\" class=\"share-linkedin sd-button share-icon\" href=\"http:\/\/desireemartinphoto.com\/blog\/aerogenerador-marino-como-un-goliath-frente-a-la-energia-fosil\/?share=linkedin\" target=\"_blank\" title=\"Haz clic para compartir en LinkedIn\"><span>LinkedIn<\/span><\/a><\/li><li class=\"share-tumblr\"><a rel=\"nofollow noopener noreferrer\" data-shared=\"\" class=\"share-tumblr sd-button share-icon\" href=\"http:\/\/desireemartinphoto.com\/blog\/aerogenerador-marino-como-un-goliath-frente-a-la-energia-fosil\/?share=tumblr\" target=\"_blank\" title=\"Haz clic para compartir en Tumblr\"><span>Tumblr<\/span><\/a><\/li><li class=\"share-end\"><\/li><\/ul><\/div><\/div><\/div>","protected":false},"author":1,"featured_media":0,"comment_status":"open","ping_status":"open","sticky":false,"template":"","format":"standard","meta":{"spay_email":""},"categories":[1],"tags":[1155,39,355,1163,137,1158,1157,1162,362,1160,1159,1156,1161,305],"jetpack_featured_media_url":"","jetpack_sharing_enabled":true,"_links":{"self":[{"href":"http:\/\/desireemartinphoto.com\/blog\/wp-json\/wp\/v2\/posts\/5100"}],"collection":[{"href":"http:\/\/desireemartinphoto.com\/blog\/wp-json\/wp\/v2\/posts"}],"about":[{"href":"http:\/\/desireemartinphoto.com\/blog\/wp-json\/wp\/v2\/types\/post"}],"author":[{"embeddable":true,"href":"http:\/\/desireemartinphoto.com\/blog\/wp-json\/wp\/v2\/users\/1"}],"replies":[{"embeddable":true,"href":"http:\/\/desireemartinphoto.com\/blog\/wp-json\/wp\/v2\/comments?post=5100"}],"version-history":[{"count":1,"href":"http:\/\/desireemartinphoto.com\/blog\/wp-json\/wp\/v2\/posts\/5100\/revisions"}],"predecessor-version":[{"id":5107,"href":"http:\/\/desireemartinphoto.com\/blog\/wp-json\/wp\/v2\/posts\/5100\/revisions\/5107"}],"wp:attachment":[{"href":"http:\/\/desireemartinphoto.com\/blog\/wp-json\/wp\/v2\/media?parent=5100"}],"wp:term":[{"taxonomy":"category","embeddable":true,"href":"http:\/\/desireemartinphoto.com\/blog\/wp-json\/wp\/v2\/categories?post=5100"},{"taxonomy":"post_tag","embeddable":true,"href":"http:\/\/desireemartinphoto.com\/blog\/wp-json\/wp\/v2\/tags?post=5100"}],"curies":[{"name":"wp","href":"https:\/\/api.w.org\/{rel}","templated":true}]}}