{"id":4941,"date":"2018-02-09T15:31:43","date_gmt":"2018-02-09T15:31:43","guid":{"rendered":"http:\/\/desireemartinphoto.com\/blog\/?p=4941"},"modified":"2018-02-09T15:31:43","modified_gmt":"2018-02-09T15:31:43","slug":"gala-de-la-reina-adulta-del-carnaval-de-santa-cruz-de-tenerife-2018","status":"publish","type":"post","link":"http:\/\/desireemartinphoto.com\/blog\/gala-de-la-reina-adulta-del-carnaval-de-santa-cruz-de-tenerife-2018\/","title":{"rendered":"Gala de la Reina adulta del Carnaval de Santa Cruz de Tenerife 2018"},"content":{"rendered":"<p>\u00a1\u00a1\u00a1 Hola gente !!!!!<\/p>\n<p>Estoy, estoy ..sigo con la c\u00e1mara en la mano.<br \/>\nIr\u00e9 subiendo algo de producci\u00f3n que tengo atrasad\u00edsima, lo s\u00e9!<\/p>\n<p><strong>GALA DE LA REINA DEL CARNAVAL<\/strong><\/p>\n<p><img data-attachment-id=\"4978\" data-permalink=\"http:\/\/desireemartinphoto.com\/blog\/gala-de-la-reina-adulta-del-carnaval-de-santa-cruz-de-tenerife-2018\/gala-reina-adulta-2018-fb-01\/\" data-orig-file=\"http:\/\/desireemartinphoto.com\/blog\/wp-content\/uploads\/2018\/02\/Gala-Reina-Adulta-2018-FB-01.jpg\" data-orig-size=\"550,367\" data-comments-opened=\"1\" data-image-meta=\"{&quot;aperture&quot;:&quot;5.6&quot;,&quot;credit&quot;:&quot;&quot;,&quot;camera&quot;:&quot;NIKON D750&quot;,&quot;caption&quot;:&quot;&quot;,&quot;created_timestamp&quot;:&quot;1518038969&quot;,&quot;copyright&quot;:&quot;&quot;,&quot;focal_length&quot;:&quot;100&quot;,&quot;iso&quot;:&quot;2500&quot;,&quot;shutter_speed&quot;:&quot;0.0125&quot;,&quot;title&quot;:&quot;&quot;,&quot;orientation&quot;:&quot;1&quot;}\" data-image-title=\"Obertura\" data-image-description=\"\" data-medium-file=\"http:\/\/desireemartinphoto.com\/blog\/wp-content\/uploads\/2018\/02\/Gala-Reina-Adulta-2018-FB-01-300x200.jpg\" data-large-file=\"http:\/\/desireemartinphoto.com\/blog\/wp-content\/uploads\/2018\/02\/Gala-Reina-Adulta-2018-FB-01.jpg\" loading=\"lazy\" src=\"http:\/\/desireemartinphoto.com\/blog\/wp-content\/uploads\/2018\/02\/Gala-Reina-Adulta-2018-FB-01.jpg\" alt=\"\" width=\"550\" height=\"367\" class=\"alignleft size-full wp-image-4978\" srcset=\"http:\/\/desireemartinphoto.com\/blog\/wp-content\/uploads\/2018\/02\/Gala-Reina-Adulta-2018-FB-01.jpg 550w, http:\/\/desireemartinphoto.com\/blog\/wp-content\/uploads\/2018\/02\/Gala-Reina-Adulta-2018-FB-01-300x200.jpg 300w\" sizes=\"(max-width: 550px) 100vw, 550px\" \/><\/p>\n<p><img data-attachment-id=\"4979\" data-permalink=\"http:\/\/desireemartinphoto.com\/blog\/gala-de-la-reina-adulta-del-carnaval-de-santa-cruz-de-tenerife-2018\/gala-reina-adulta-2018-fb-02\/\" data-orig-file=\"http:\/\/desireemartinphoto.com\/blog\/wp-content\/uploads\/2018\/02\/Gala-Reina-Adulta-2018-FB-02.jpg\" data-orig-size=\"550,367\" data-comments-opened=\"1\" data-image-meta=\"{&quot;aperture&quot;:&quot;5.6&quot;,&quot;credit&quot;:&quot;&quot;,&quot;camera&quot;:&quot;NIKON D750&quot;,&quot;caption&quot;:&quot;&quot;,&quot;created_timestamp&quot;:&quot;1518039075&quot;,&quot;copyright&quot;:&quot;&quot;,&quot;focal_length&quot;:&quot;80&quot;,&quot;iso&quot;:&quot;2500&quot;,&quot;shutter_speed&quot;:&quot;0.01&quot;,&quot;title&quot;:&quot;&quot;,&quot;orientation&quot;:&quot;1&quot;}\" data-image-title=\"Obertura\" data-image-description=\"\" data-medium-file=\"http:\/\/desireemartinphoto.com\/blog\/wp-content\/uploads\/2018\/02\/Gala-Reina-Adulta-2018-FB-02-300x200.jpg\" data-large-file=\"http:\/\/desireemartinphoto.com\/blog\/wp-content\/uploads\/2018\/02\/Gala-Reina-Adulta-2018-FB-02.jpg\" loading=\"lazy\" src=\"http:\/\/desireemartinphoto.com\/blog\/wp-content\/uploads\/2018\/02\/Gala-Reina-Adulta-2018-FB-02.jpg\" alt=\"\" width=\"550\" height=\"367\" class=\"alignleft size-full wp-image-4979\" srcset=\"http:\/\/desireemartinphoto.com\/blog\/wp-content\/uploads\/2018\/02\/Gala-Reina-Adulta-2018-FB-02.jpg 550w, http:\/\/desireemartinphoto.com\/blog\/wp-content\/uploads\/2018\/02\/Gala-Reina-Adulta-2018-FB-02-300x200.jpg 300w\" sizes=\"(max-width: 550px) 100vw, 550px\" \/><\/p>\n<p>Me apetece empezar por esto, sin m\u00e1s.<\/p>\n<p>CANDIDATA n\u00famero 1<\/p>\n<p><img data-attachment-id=\"4942\" data-permalink=\"http:\/\/desireemartinphoto.com\/blog\/gala-de-la-reina-adulta-del-carnaval-de-santa-cruz-de-tenerife-2018\/spain-festival-carnival-santa-cruz-11\/\" data-orig-file=\"http:\/\/desireemartinphoto.com\/blog\/wp-content\/uploads\/2018\/02\/Gala-Reina-Adulta-2018-FB-03.jpg\" data-orig-size=\"550,367\" data-comments-opened=\"1\" data-image-meta=\"{&quot;aperture&quot;:&quot;2.8&quot;,&quot;credit&quot;:&quot;AFP&quot;,&quot;camera&quot;:&quot;Canon EOS 5D Mark III&quot;,&quot;caption&quot;:&quot;A nominee for queen of the Carnival of Santa Cruz shows off her outfit on the main stage in Santa Cruz de Tenerife on the Spanish Canary island of Tenerife, on February 07, 2018. The costumes are more than five meters high and over 80 kilos in weight. The event began on January 12 and finishes on February 18 with orchestras playing Caribbean and Brazilian rhythms throughout the festivities that range from elections for the Carnival Queen, the Junior Queen and the Senior Queen, to children and adult murgas (satirical street bands), comparsas (dance groups) and street performances.&quot;,&quot;created_timestamp&quot;:&quot;1518044133&quot;,&quot;copyright&quot;:&quot;ImageForum&quot;,&quot;focal_length&quot;:&quot;25&quot;,&quot;iso&quot;:&quot;2500&quot;,&quot;shutter_speed&quot;:&quot;0.0008&quot;,&quot;title&quot;:&quot;SPAIN-FESTIVAL-CARNIVAL-SANTA CRUZ&quot;,&quot;orientation&quot;:&quot;1&quot;}\" data-image-title=\"Ana Deisy Sabina, vistiendo la fantas\u00eda &#8220;El secreto del firmamento&#8221;\" data-image-description=\"\" data-medium-file=\"http:\/\/desireemartinphoto.com\/blog\/wp-content\/uploads\/2018\/02\/Gala-Reina-Adulta-2018-FB-03-300x200.jpg\" data-large-file=\"http:\/\/desireemartinphoto.com\/blog\/wp-content\/uploads\/2018\/02\/Gala-Reina-Adulta-2018-FB-03.jpg\" loading=\"lazy\" src=\"http:\/\/desireemartinphoto.com\/blog\/wp-content\/uploads\/2018\/02\/Gala-Reina-Adulta-2018-FB-03.jpg\" alt=\"\" width=\"550\" height=\"367\" class=\"size-full wp-image-4942\" srcset=\"http:\/\/desireemartinphoto.com\/blog\/wp-content\/uploads\/2018\/02\/Gala-Reina-Adulta-2018-FB-03.jpg 550w, http:\/\/desireemartinphoto.com\/blog\/wp-content\/uploads\/2018\/02\/Gala-Reina-Adulta-2018-FB-03-300x200.jpg 300w\" sizes=\"(max-width: 550px) 100vw, 550px\" \/> <\/p>\n<p><img data-attachment-id=\"4943\" data-permalink=\"http:\/\/desireemartinphoto.com\/blog\/gala-de-la-reina-adulta-del-carnaval-de-santa-cruz-de-tenerife-2018\/spain-festival-carnival-santa-cruz-12\/\" data-orig-file=\"http:\/\/desireemartinphoto.com\/blog\/wp-content\/uploads\/2018\/02\/Gala-Reina-Adulta-2018-FB-04.jpg\" data-orig-size=\"550,367\" data-comments-opened=\"1\" data-image-meta=\"{&quot;aperture&quot;:&quot;5.6&quot;,&quot;credit&quot;:&quot;AFP&quot;,&quot;camera&quot;:&quot;NIKON D750&quot;,&quot;caption&quot;:&quot;A nominee for queen of the Carnival of Santa Cruz shows off her outfit on the main stage in Santa Cruz de Tenerife on the Spanish Canary island of Tenerife, on February 07, 2018. The costumes are more than five meters high and over 80 kilos in weight. The event began on January 12 and finishes on February 18 with orchestras playing Caribbean and Brazilian rhythms throughout the festivities that range from elections for the Carnival Queen, the Junior Queen and the Senior Queen, to children and adult murgas (satirical street bands), comparsas (dance groups) and street performances.&quot;,&quot;created_timestamp&quot;:&quot;1518040314&quot;,&quot;copyright&quot;:&quot;ImageForum&quot;,&quot;focal_length&quot;:&quot;160&quot;,&quot;iso&quot;:&quot;2500&quot;,&quot;shutter_speed&quot;:&quot;0.003125&quot;,&quot;title&quot;:&quot;SPAIN-FESTIVAL-CARNIVAL-SANTA CRUZ&quot;,&quot;orientation&quot;:&quot;1&quot;}\" data-image-title=\"Ana Deisy Sabina, vistiendo la fantas\u00eda &#8220;El secreto del firmamento&#8221;\" data-image-description=\"\" data-medium-file=\"http:\/\/desireemartinphoto.com\/blog\/wp-content\/uploads\/2018\/02\/Gala-Reina-Adulta-2018-FB-04-300x200.jpg\" data-large-file=\"http:\/\/desireemartinphoto.com\/blog\/wp-content\/uploads\/2018\/02\/Gala-Reina-Adulta-2018-FB-04.jpg\" loading=\"lazy\" src=\"http:\/\/desireemartinphoto.com\/blog\/wp-content\/uploads\/2018\/02\/Gala-Reina-Adulta-2018-FB-04.jpg\" alt=\"\" width=\"550\" height=\"367\" class=\"size-full wp-image-4943\" srcset=\"http:\/\/desireemartinphoto.com\/blog\/wp-content\/uploads\/2018\/02\/Gala-Reina-Adulta-2018-FB-04.jpg 550w, http:\/\/desireemartinphoto.com\/blog\/wp-content\/uploads\/2018\/02\/Gala-Reina-Adulta-2018-FB-04-300x200.jpg 300w\" sizes=\"(max-width: 550px) 100vw, 550px\" \/> <\/p>\n<p><img data-attachment-id=\"4944\" data-permalink=\"http:\/\/desireemartinphoto.com\/blog\/gala-de-la-reina-adulta-del-carnaval-de-santa-cruz-de-tenerife-2018\/gala-reina-adulta-2018-fb-05\/\" data-orig-file=\"http:\/\/desireemartinphoto.com\/blog\/wp-content\/uploads\/2018\/02\/Gala-Reina-Adulta-2018-FB-05.jpg\" data-orig-size=\"550,367\" data-comments-opened=\"1\" data-image-meta=\"{&quot;aperture&quot;:&quot;5.6&quot;,&quot;credit&quot;:&quot;&quot;,&quot;camera&quot;:&quot;Canon EOS 5D Mark III&quot;,&quot;caption&quot;:&quot;&quot;,&quot;created_timestamp&quot;:&quot;1518044092&quot;,&quot;copyright&quot;:&quot;&quot;,&quot;focal_length&quot;:&quot;35&quot;,&quot;iso&quot;:&quot;2500&quot;,&quot;shutter_speed&quot;:&quot;0.000625&quot;,&quot;title&quot;:&quot;&quot;,&quot;orientation&quot;:&quot;1&quot;}\" data-image-title=\"Ana Deisy Sabina, vistiendo la fantas\u00eda &#8220;El secreto del firmamento&#8221;\" data-image-description=\"\" data-medium-file=\"http:\/\/desireemartinphoto.com\/blog\/wp-content\/uploads\/2018\/02\/Gala-Reina-Adulta-2018-FB-05-300x200.jpg\" data-large-file=\"http:\/\/desireemartinphoto.com\/blog\/wp-content\/uploads\/2018\/02\/Gala-Reina-Adulta-2018-FB-05.jpg\" loading=\"lazy\" src=\"http:\/\/desireemartinphoto.com\/blog\/wp-content\/uploads\/2018\/02\/Gala-Reina-Adulta-2018-FB-05.jpg\" alt=\"\" width=\"550\" height=\"367\" class=\"alignleft size-full wp-image-4944\" srcset=\"http:\/\/desireemartinphoto.com\/blog\/wp-content\/uploads\/2018\/02\/Gala-Reina-Adulta-2018-FB-05.jpg 550w, http:\/\/desireemartinphoto.com\/blog\/wp-content\/uploads\/2018\/02\/Gala-Reina-Adulta-2018-FB-05-300x200.jpg 300w\" sizes=\"(max-width: 550px) 100vw, 550px\" \/><\/p>\n<p>Ana Deisy Sabina, vistiendo la fantas\u00eda &#8220;El secreto del firmamento&#8221; dise\u00f1ada por Eduardo Mart\u00edn.<\/p>\n<p>CANDIDATA n\u00famero 2<\/p>\n<p><img data-attachment-id=\"4945\" data-permalink=\"http:\/\/desireemartinphoto.com\/blog\/gala-de-la-reina-adulta-del-carnaval-de-santa-cruz-de-tenerife-2018\/spain-festival-carnival-santa-cruz-13\/\" data-orig-file=\"http:\/\/desireemartinphoto.com\/blog\/wp-content\/uploads\/2018\/02\/Gala-Reina-Adulta-2018-FB-08.jpg\" data-orig-size=\"550,358\" data-comments-opened=\"1\" data-image-meta=\"{&quot;aperture&quot;:&quot;6.3&quot;,&quot;credit&quot;:&quot;AFP&quot;,&quot;camera&quot;:&quot;Canon EOS 5D Mark III&quot;,&quot;caption&quot;:&quot;A nominee for queen of the Carnival of Santa Cruz, and, later elected Queen of the Carnival of Santa Cruz de Tenerife Carmen Laura Lourido Perez, shows off her outfit on the main stage in Santa Cruz de Tenerife on the Spanish Canary island of Tenerife, on February 07, 2018. The costumes are more than five meters high and over 80 kilos in weight. The event began on January 12 and finishes on February 18 with orchestras playing Caribbean and Brazilian rhythms throughout the festivities that range from elections for the Carnival Queen, the Junior Queen and the Senior Queen, to children and adult murgas (satirical street bands), comparsas (dance groups) and street performances.&quot;,&quot;created_timestamp&quot;:&quot;1518044316&quot;,&quot;copyright&quot;:&quot;ImageForum&quot;,&quot;focal_length&quot;:&quot;17&quot;,&quot;iso&quot;:&quot;2500&quot;,&quot;shutter_speed&quot;:&quot;0.001&quot;,&quot;title&quot;:&quot;SPAIN-FESTIVAL-CARNIVAL-SANTA CRUZ&quot;,&quot;orientation&quot;:&quot;1&quot;}\" data-image-title=\"Carmen Laura Lourido, La Renacida ,Reina del Carnaval de Santa Cruz de Tenerife 2018\" data-image-description=\"\" data-medium-file=\"http:\/\/desireemartinphoto.com\/blog\/wp-content\/uploads\/2018\/02\/Gala-Reina-Adulta-2018-FB-08-300x195.jpg\" data-large-file=\"http:\/\/desireemartinphoto.com\/blog\/wp-content\/uploads\/2018\/02\/Gala-Reina-Adulta-2018-FB-08.jpg\" loading=\"lazy\" src=\"http:\/\/desireemartinphoto.com\/blog\/wp-content\/uploads\/2018\/02\/Gala-Reina-Adulta-2018-FB-08.jpg\" alt=\"\" width=\"550\" height=\"358\" class=\"size-full wp-image-4945\" srcset=\"http:\/\/desireemartinphoto.com\/blog\/wp-content\/uploads\/2018\/02\/Gala-Reina-Adulta-2018-FB-08.jpg 550w, http:\/\/desireemartinphoto.com\/blog\/wp-content\/uploads\/2018\/02\/Gala-Reina-Adulta-2018-FB-08-300x195.jpg 300w\" sizes=\"(max-width: 550px) 100vw, 550px\" \/> <\/p>\n<p><img data-attachment-id=\"4946\" data-permalink=\"http:\/\/desireemartinphoto.com\/blog\/gala-de-la-reina-adulta-del-carnaval-de-santa-cruz-de-tenerife-2018\/gala-reina-adulta-2018-fb-09\/\" data-orig-file=\"http:\/\/desireemartinphoto.com\/blog\/wp-content\/uploads\/2018\/02\/Gala-Reina-Adulta-2018-FB-09.jpg\" data-orig-size=\"550,367\" data-comments-opened=\"1\" data-image-meta=\"{&quot;aperture&quot;:&quot;5.6&quot;,&quot;credit&quot;:&quot;&quot;,&quot;camera&quot;:&quot;NIKON D750&quot;,&quot;caption&quot;:&quot;&quot;,&quot;created_timestamp&quot;:&quot;1518040475&quot;,&quot;copyright&quot;:&quot;&quot;,&quot;focal_length&quot;:&quot;80&quot;,&quot;iso&quot;:&quot;2500&quot;,&quot;shutter_speed&quot;:&quot;0.0008&quot;,&quot;title&quot;:&quot;&quot;,&quot;orientation&quot;:&quot;1&quot;}\" data-image-title=\"Carmen Laura Lourido, La Renacida ,Reina del Carnaval de Santa Cruz de Tenerife 2018\" data-image-description=\"\" data-medium-file=\"http:\/\/desireemartinphoto.com\/blog\/wp-content\/uploads\/2018\/02\/Gala-Reina-Adulta-2018-FB-09-300x200.jpg\" data-large-file=\"http:\/\/desireemartinphoto.com\/blog\/wp-content\/uploads\/2018\/02\/Gala-Reina-Adulta-2018-FB-09.jpg\" loading=\"lazy\" src=\"http:\/\/desireemartinphoto.com\/blog\/wp-content\/uploads\/2018\/02\/Gala-Reina-Adulta-2018-FB-09.jpg\" alt=\"\" width=\"550\" height=\"367\" class=\"alignleft size-full wp-image-4946\" srcset=\"http:\/\/desireemartinphoto.com\/blog\/wp-content\/uploads\/2018\/02\/Gala-Reina-Adulta-2018-FB-09.jpg 550w, http:\/\/desireemartinphoto.com\/blog\/wp-content\/uploads\/2018\/02\/Gala-Reina-Adulta-2018-FB-09-300x200.jpg 300w\" sizes=\"(max-width: 550px) 100vw, 550px\" \/><\/p>\n<p>Carmen Laura Lourido con la fantas\u00eda &#8220;Renacida&#8221; dise\u00f1ada por Jorge Gonz\u00e1lez <strong>Reina del Carnaval de Santa Cruz de Tenerife<\/strong> 2018.<\/p>\n<p>CANDIDATA n\u00famero 3<\/p>\n<p><img data-attachment-id=\"4966\" data-permalink=\"http:\/\/desireemartinphoto.com\/blog\/gala-de-la-reina-adulta-del-carnaval-de-santa-cruz-de-tenerife-2018\/gala-reina-adulta-2018-fb-24\/\" data-orig-file=\"http:\/\/desireemartinphoto.com\/blog\/wp-content\/uploads\/2018\/02\/Gala-Reina-Adulta-2018-FB-24.jpg\" data-orig-size=\"550,367\" data-comments-opened=\"1\" data-image-meta=\"{&quot;aperture&quot;:&quot;5.6&quot;,&quot;credit&quot;:&quot;&quot;,&quot;camera&quot;:&quot;NIKON D750&quot;,&quot;caption&quot;:&quot;&quot;,&quot;created_timestamp&quot;:&quot;1518040737&quot;,&quot;copyright&quot;:&quot;&quot;,&quot;focal_length&quot;:&quot;155&quot;,&quot;iso&quot;:&quot;2500&quot;,&quot;shutter_speed&quot;:&quot;0.0015625&quot;,&quot;title&quot;:&quot;&quot;,&quot;orientation&quot;:&quot;1&quot;}\" data-image-title=\"Rosal\u00eda Barreto, con la fantas\u00eda &#8220;El Reino de los Trece T\u00e9mpanos&#8221; dise\u00f1ada por Daniel Pages.\" data-image-description=\"\" data-medium-file=\"http:\/\/desireemartinphoto.com\/blog\/wp-content\/uploads\/2018\/02\/Gala-Reina-Adulta-2018-FB-24-300x200.jpg\" data-large-file=\"http:\/\/desireemartinphoto.com\/blog\/wp-content\/uploads\/2018\/02\/Gala-Reina-Adulta-2018-FB-24.jpg\" loading=\"lazy\" src=\"http:\/\/desireemartinphoto.com\/blog\/wp-content\/uploads\/2018\/02\/Gala-Reina-Adulta-2018-FB-24.jpg\" alt=\"\" width=\"550\" height=\"367\" class=\"alignleft size-full wp-image-4966\" srcset=\"http:\/\/desireemartinphoto.com\/blog\/wp-content\/uploads\/2018\/02\/Gala-Reina-Adulta-2018-FB-24.jpg 550w, http:\/\/desireemartinphoto.com\/blog\/wp-content\/uploads\/2018\/02\/Gala-Reina-Adulta-2018-FB-24-300x200.jpg 300w\" sizes=\"(max-width: 550px) 100vw, 550px\" \/><\/p>\n<p>Rosal\u00eda Barreto, vistiendo la fantas\u00eda &#8220;El Reino de los trece t\u00e9mpanos&#8221; dise\u00f1ada por Daniel Pages.<\/p>\n<p>CANDIDATA n\u00famero 4<\/p>\n<p><img data-attachment-id=\"4951\" data-permalink=\"http:\/\/desireemartinphoto.com\/blog\/gala-de-la-reina-adulta-del-carnaval-de-santa-cruz-de-tenerife-2018\/gala-reina-adulta-2018-fb-12\/\" data-orig-file=\"http:\/\/desireemartinphoto.com\/blog\/wp-content\/uploads\/2018\/02\/Gala-Reina-Adulta-2018-FB-12.jpg\" data-orig-size=\"550,367\" data-comments-opened=\"1\" data-image-meta=\"{&quot;aperture&quot;:&quot;5.6&quot;,&quot;credit&quot;:&quot;&quot;,&quot;camera&quot;:&quot;NIKON D750&quot;,&quot;caption&quot;:&quot;&quot;,&quot;created_timestamp&quot;:&quot;1518040936&quot;,&quot;copyright&quot;:&quot;&quot;,&quot;focal_length&quot;:&quot;155&quot;,&quot;iso&quot;:&quot;2500&quot;,&quot;shutter_speed&quot;:&quot;0.003125&quot;,&quot;title&quot;:&quot;&quot;,&quot;orientation&quot;:&quot;1&quot;}\" data-image-title=\"Saida Prieto Hern\u00e1ndez, vistiendo la fantas\u00eda &#8220;Mi sue\u00f1o, una realidad&#8221;.\" data-image-description=\"\" data-medium-file=\"http:\/\/desireemartinphoto.com\/blog\/wp-content\/uploads\/2018\/02\/Gala-Reina-Adulta-2018-FB-12-300x200.jpg\" data-large-file=\"http:\/\/desireemartinphoto.com\/blog\/wp-content\/uploads\/2018\/02\/Gala-Reina-Adulta-2018-FB-12.jpg\" loading=\"lazy\" src=\"http:\/\/desireemartinphoto.com\/blog\/wp-content\/uploads\/2018\/02\/Gala-Reina-Adulta-2018-FB-12.jpg\" alt=\"\" width=\"550\" height=\"367\" class=\"alignleft size-full wp-image-4951\" srcset=\"http:\/\/desireemartinphoto.com\/blog\/wp-content\/uploads\/2018\/02\/Gala-Reina-Adulta-2018-FB-12.jpg 550w, http:\/\/desireemartinphoto.com\/blog\/wp-content\/uploads\/2018\/02\/Gala-Reina-Adulta-2018-FB-12-300x200.jpg 300w\" sizes=\"(max-width: 550px) 100vw, 550px\" \/><\/p>\n<p><img data-attachment-id=\"4952\" data-permalink=\"http:\/\/desireemartinphoto.com\/blog\/gala-de-la-reina-adulta-del-carnaval-de-santa-cruz-de-tenerife-2018\/spain-festival-carnival-santa-cruz-17\/\" data-orig-file=\"http:\/\/desireemartinphoto.com\/blog\/wp-content\/uploads\/2018\/02\/Gala-Reina-Adulta-2018-FB-13.jpg\" data-orig-size=\"550,327\" data-comments-opened=\"1\" data-image-meta=\"{&quot;aperture&quot;:&quot;7.1&quot;,&quot;credit&quot;:&quot;AFP&quot;,&quot;camera&quot;:&quot;Canon EOS 5D Mark III&quot;,&quot;caption&quot;:&quot;A nominee for queen of the Carnival of Santa Cruz shows off her outfit on the main stage in Santa Cruz de Tenerife on the Spanish Canary island of Tenerife, on February 07, 2018. The costumes are more than five meters high and over 80 kilos in weight. The event began on January 12 and finishes on February 18 with orchestras playing Caribbean and Brazilian rhythms throughout the festivities that range from elections for the Carnival Queen, the Junior Queen and the Senior Queen, to children and adult murgas (satirical street bands), comparsas (dance groups) and street performances.&quot;,&quot;created_timestamp&quot;:&quot;1518044766&quot;,&quot;copyright&quot;:&quot;ImageForum&quot;,&quot;focal_length&quot;:&quot;21&quot;,&quot;iso&quot;:&quot;2500&quot;,&quot;shutter_speed&quot;:&quot;0.0025&quot;,&quot;title&quot;:&quot;SPAIN-FESTIVAL-CARNIVAL-SANTA CRUZ&quot;,&quot;orientation&quot;:&quot;1&quot;}\" data-image-title=\"Saida Prieto Hern\u00e1ndez, vistiendo la fantas\u00eda &#8220;Mi sue\u00f1o, una realidad&#8221;.\" data-image-description=\"\" data-medium-file=\"http:\/\/desireemartinphoto.com\/blog\/wp-content\/uploads\/2018\/02\/Gala-Reina-Adulta-2018-FB-13-300x178.jpg\" data-large-file=\"http:\/\/desireemartinphoto.com\/blog\/wp-content\/uploads\/2018\/02\/Gala-Reina-Adulta-2018-FB-13.jpg\" loading=\"lazy\" src=\"http:\/\/desireemartinphoto.com\/blog\/wp-content\/uploads\/2018\/02\/Gala-Reina-Adulta-2018-FB-13.jpg\" alt=\"\" width=\"550\" height=\"327\" class=\"size-full wp-image-4952\" srcset=\"http:\/\/desireemartinphoto.com\/blog\/wp-content\/uploads\/2018\/02\/Gala-Reina-Adulta-2018-FB-13.jpg 550w, http:\/\/desireemartinphoto.com\/blog\/wp-content\/uploads\/2018\/02\/Gala-Reina-Adulta-2018-FB-13-300x178.jpg 300w\" sizes=\"(max-width: 550px) 100vw, 550px\" \/> <\/p>\n<p><img data-attachment-id=\"4953\" data-permalink=\"http:\/\/desireemartinphoto.com\/blog\/gala-de-la-reina-adulta-del-carnaval-de-santa-cruz-de-tenerife-2018\/gala-reina-adulta-2018-fb-14\/\" data-orig-file=\"http:\/\/desireemartinphoto.com\/blog\/wp-content\/uploads\/2018\/02\/Gala-Reina-Adulta-2018-FB-14.jpg\" data-orig-size=\"550,367\" data-comments-opened=\"1\" data-image-meta=\"{&quot;aperture&quot;:&quot;5.6&quot;,&quot;credit&quot;:&quot;&quot;,&quot;camera&quot;:&quot;NIKON D750&quot;,&quot;caption&quot;:&quot;&quot;,&quot;created_timestamp&quot;:&quot;1518040854&quot;,&quot;copyright&quot;:&quot;&quot;,&quot;focal_length&quot;:&quot;116&quot;,&quot;iso&quot;:&quot;2500&quot;,&quot;shutter_speed&quot;:&quot;0.0025&quot;,&quot;title&quot;:&quot;&quot;,&quot;orientation&quot;:&quot;1&quot;}\" data-image-title=\"Saida Prieto Hern\u00e1ndez, vistiendo la fantas\u00eda &#8220;Mi sue\u00f1o, una realidad&#8221;.\" data-image-description=\"\" data-medium-file=\"http:\/\/desireemartinphoto.com\/blog\/wp-content\/uploads\/2018\/02\/Gala-Reina-Adulta-2018-FB-14-300x200.jpg\" data-large-file=\"http:\/\/desireemartinphoto.com\/blog\/wp-content\/uploads\/2018\/02\/Gala-Reina-Adulta-2018-FB-14.jpg\" loading=\"lazy\" src=\"http:\/\/desireemartinphoto.com\/blog\/wp-content\/uploads\/2018\/02\/Gala-Reina-Adulta-2018-FB-14.jpg\" alt=\"\" width=\"550\" height=\"367\" class=\"alignleft size-full wp-image-4953\" srcset=\"http:\/\/desireemartinphoto.com\/blog\/wp-content\/uploads\/2018\/02\/Gala-Reina-Adulta-2018-FB-14.jpg 550w, http:\/\/desireemartinphoto.com\/blog\/wp-content\/uploads\/2018\/02\/Gala-Reina-Adulta-2018-FB-14-300x200.jpg 300w\" sizes=\"(max-width: 550px) 100vw, 550px\" \/><\/p>\n<p><img data-attachment-id=\"4954\" data-permalink=\"http:\/\/desireemartinphoto.com\/blog\/gala-de-la-reina-adulta-del-carnaval-de-santa-cruz-de-tenerife-2018\/gala-reina-adulta-2018-fb-15\/\" data-orig-file=\"http:\/\/desireemartinphoto.com\/blog\/wp-content\/uploads\/2018\/02\/Gala-Reina-Adulta-2018-FB-15.jpg\" data-orig-size=\"550,493\" data-comments-opened=\"1\" data-image-meta=\"{&quot;aperture&quot;:&quot;5.6&quot;,&quot;credit&quot;:&quot;&quot;,&quot;camera&quot;:&quot;NIKON D750&quot;,&quot;caption&quot;:&quot;&quot;,&quot;created_timestamp&quot;:&quot;1518040931&quot;,&quot;copyright&quot;:&quot;&quot;,&quot;focal_length&quot;:&quot;135&quot;,&quot;iso&quot;:&quot;2500&quot;,&quot;shutter_speed&quot;:&quot;0.0025&quot;,&quot;title&quot;:&quot;&quot;,&quot;orientation&quot;:&quot;1&quot;}\" data-image-title=\"Saida Prieto Hern\u00e1ndez, vistiendo la fantas\u00eda &#8220;Mi sue\u00f1o, una realidad&#8221;.\" data-image-description=\"\" data-medium-file=\"http:\/\/desireemartinphoto.com\/blog\/wp-content\/uploads\/2018\/02\/Gala-Reina-Adulta-2018-FB-15-300x269.jpg\" data-large-file=\"http:\/\/desireemartinphoto.com\/blog\/wp-content\/uploads\/2018\/02\/Gala-Reina-Adulta-2018-FB-15.jpg\" loading=\"lazy\" src=\"http:\/\/desireemartinphoto.com\/blog\/wp-content\/uploads\/2018\/02\/Gala-Reina-Adulta-2018-FB-15.jpg\" alt=\"\" width=\"550\" height=\"493\" class=\"alignleft size-full wp-image-4954\" srcset=\"http:\/\/desireemartinphoto.com\/blog\/wp-content\/uploads\/2018\/02\/Gala-Reina-Adulta-2018-FB-15.jpg 550w, http:\/\/desireemartinphoto.com\/blog\/wp-content\/uploads\/2018\/02\/Gala-Reina-Adulta-2018-FB-15-300x269.jpg 300w\" sizes=\"(max-width: 550px) 100vw, 550px\" \/><\/p>\n<p>Saida Prieto Hern\u00e1ndez, vistiendo la fantas\u00eda &#8220;Mi sue\u00f1o, una realidad&#8221; dise\u00f1ada por Santi Castro.<\/p>\n<p>CANDIDATA n\u00famero 5<\/p>\n<p><img data-attachment-id=\"4967\" data-permalink=\"http:\/\/desireemartinphoto.com\/blog\/gala-de-la-reina-adulta-del-carnaval-de-santa-cruz-de-tenerife-2018\/gala-reina-adulta-2018-fb-06\/\" data-orig-file=\"http:\/\/desireemartinphoto.com\/blog\/wp-content\/uploads\/2018\/02\/Gala-Reina-Adulta-2018-FB-06.jpg\" data-orig-size=\"550,367\" data-comments-opened=\"1\" data-image-meta=\"{&quot;aperture&quot;:&quot;5.6&quot;,&quot;credit&quot;:&quot;&quot;,&quot;camera&quot;:&quot;NIKON D750&quot;,&quot;caption&quot;:&quot;&quot;,&quot;created_timestamp&quot;:&quot;1518041140&quot;,&quot;copyright&quot;:&quot;&quot;,&quot;focal_length&quot;:&quot;105&quot;,&quot;iso&quot;:&quot;2500&quot;,&quot;shutter_speed&quot;:&quot;0.0025&quot;,&quot;title&quot;:&quot;&quot;,&quot;orientation&quot;:&quot;1&quot;}\" data-image-title=\"Ithaisa Garc\u00eda , luciendo la fantas\u00eda &#8220;Flamingo&#8221;\" data-image-description=\"\" data-medium-file=\"http:\/\/desireemartinphoto.com\/blog\/wp-content\/uploads\/2018\/02\/Gala-Reina-Adulta-2018-FB-06-300x200.jpg\" data-large-file=\"http:\/\/desireemartinphoto.com\/blog\/wp-content\/uploads\/2018\/02\/Gala-Reina-Adulta-2018-FB-06.jpg\" loading=\"lazy\" src=\"http:\/\/desireemartinphoto.com\/blog\/wp-content\/uploads\/2018\/02\/Gala-Reina-Adulta-2018-FB-06.jpg\" alt=\"\" width=\"550\" height=\"367\" class=\"alignleft size-full wp-image-4967\" srcset=\"http:\/\/desireemartinphoto.com\/blog\/wp-content\/uploads\/2018\/02\/Gala-Reina-Adulta-2018-FB-06.jpg 550w, http:\/\/desireemartinphoto.com\/blog\/wp-content\/uploads\/2018\/02\/Gala-Reina-Adulta-2018-FB-06-300x200.jpg 300w\" sizes=\"(max-width: 550px) 100vw, 550px\" \/><\/p>\n<p><img data-attachment-id=\"4968\" data-permalink=\"http:\/\/desireemartinphoto.com\/blog\/gala-de-la-reina-adulta-del-carnaval-de-santa-cruz-de-tenerife-2018\/gala-reina-adulta-2018-fb-07\/\" data-orig-file=\"http:\/\/desireemartinphoto.com\/blog\/wp-content\/uploads\/2018\/02\/Gala-Reina-Adulta-2018-FB-07.jpg\" data-orig-size=\"550,367\" data-comments-opened=\"1\" data-image-meta=\"{&quot;aperture&quot;:&quot;5.6&quot;,&quot;credit&quot;:&quot;&quot;,&quot;camera&quot;:&quot;NIKON D750&quot;,&quot;caption&quot;:&quot;&quot;,&quot;created_timestamp&quot;:&quot;1518041190&quot;,&quot;copyright&quot;:&quot;&quot;,&quot;focal_length&quot;:&quot;220&quot;,&quot;iso&quot;:&quot;2500&quot;,&quot;shutter_speed&quot;:&quot;0.003125&quot;,&quot;title&quot;:&quot;&quot;,&quot;orientation&quot;:&quot;1&quot;}\" data-image-title=\"Ithaisa Garc\u00eda , luciendo la fantas\u00eda &#8220;Flamingo&#8221;\" data-image-description=\"\" data-medium-file=\"http:\/\/desireemartinphoto.com\/blog\/wp-content\/uploads\/2018\/02\/Gala-Reina-Adulta-2018-FB-07-300x200.jpg\" data-large-file=\"http:\/\/desireemartinphoto.com\/blog\/wp-content\/uploads\/2018\/02\/Gala-Reina-Adulta-2018-FB-07.jpg\" loading=\"lazy\" src=\"http:\/\/desireemartinphoto.com\/blog\/wp-content\/uploads\/2018\/02\/Gala-Reina-Adulta-2018-FB-07.jpg\" alt=\"\" width=\"550\" height=\"367\" class=\"alignleft size-full wp-image-4968\" srcset=\"http:\/\/desireemartinphoto.com\/blog\/wp-content\/uploads\/2018\/02\/Gala-Reina-Adulta-2018-FB-07.jpg 550w, http:\/\/desireemartinphoto.com\/blog\/wp-content\/uploads\/2018\/02\/Gala-Reina-Adulta-2018-FB-07-300x200.jpg 300w\" sizes=\"(max-width: 550px) 100vw, 550px\" \/><\/p>\n<p><img data-attachment-id=\"4969\" data-permalink=\"http:\/\/desireemartinphoto.com\/blog\/gala-de-la-reina-adulta-del-carnaval-de-santa-cruz-de-tenerife-2018\/spain-festival-carnival-santa-cruz-20\/\" data-orig-file=\"http:\/\/desireemartinphoto.com\/blog\/wp-content\/uploads\/2018\/02\/Gala-Reina-Adulta-2018-FB-23.jpg\" data-orig-size=\"550,367\" data-comments-opened=\"1\" data-image-meta=\"{&quot;aperture&quot;:&quot;5.6&quot;,&quot;credit&quot;:&quot;AFP&quot;,&quot;camera&quot;:&quot;NIKON D750&quot;,&quot;caption&quot;:&quot;A nominee for queen of the Carnival of Santa Cruz shows off her outfit on the main stage in Santa Cruz de Tenerife on the Spanish Canary island of Tenerife, on February 07, 2018. The costumes are more than five meters high and over 80 kilos in weight. The event began on January 12 and finishes on February 18 with orchestras playing Caribbean and Brazilian rhythms throughout the festivities that range from elections for the Carnival Queen, the Junior Queen and the Senior Queen, to children and adult murgas (satirical street bands), comparsas (dance groups) and street performances.&quot;,&quot;created_timestamp&quot;:&quot;1518041185&quot;,&quot;copyright&quot;:&quot;ImageForum&quot;,&quot;focal_length&quot;:&quot;100&quot;,&quot;iso&quot;:&quot;2500&quot;,&quot;shutter_speed&quot;:&quot;0.0025&quot;,&quot;title&quot;:&quot;SPAIN-FESTIVAL-CARNIVAL-SANTA CRUZ&quot;,&quot;orientation&quot;:&quot;1&quot;}\" data-image-title=\"Ithaisa Garc\u00eda , luciendo la fantas\u00eda &#8220;Flamingo&#8221;\" data-image-description=\"\" data-medium-file=\"http:\/\/desireemartinphoto.com\/blog\/wp-content\/uploads\/2018\/02\/Gala-Reina-Adulta-2018-FB-23-300x200.jpg\" data-large-file=\"http:\/\/desireemartinphoto.com\/blog\/wp-content\/uploads\/2018\/02\/Gala-Reina-Adulta-2018-FB-23.jpg\" loading=\"lazy\" src=\"http:\/\/desireemartinphoto.com\/blog\/wp-content\/uploads\/2018\/02\/Gala-Reina-Adulta-2018-FB-23.jpg\" alt=\"\" width=\"550\" height=\"367\" class=\"size-full wp-image-4969\" srcset=\"http:\/\/desireemartinphoto.com\/blog\/wp-content\/uploads\/2018\/02\/Gala-Reina-Adulta-2018-FB-23.jpg 550w, http:\/\/desireemartinphoto.com\/blog\/wp-content\/uploads\/2018\/02\/Gala-Reina-Adulta-2018-FB-23-300x200.jpg 300w\" sizes=\"(max-width: 550px) 100vw, 550px\" \/><\/p>\n<p>Ithaisa Garc\u00eda, luciendo la fantas\u00eda &#8220;Flamingo&#8221; dise\u00f1ada por Miguel Ca\u00f1adas.<\/p>\n<p>CANDIDATA n\u00famero 6<\/p>\n<p><img data-attachment-id=\"4947\" data-permalink=\"http:\/\/desireemartinphoto.com\/blog\/gala-de-la-reina-adulta-del-carnaval-de-santa-cruz-de-tenerife-2018\/gala-reina-adulta-2018-fb-29\/\" data-orig-file=\"http:\/\/desireemartinphoto.com\/blog\/wp-content\/uploads\/2018\/02\/Gala-Reina-Adulta-2018-FB-29.jpg\" data-orig-size=\"550,761\" data-comments-opened=\"1\" data-image-meta=\"{&quot;aperture&quot;:&quot;5.6&quot;,&quot;credit&quot;:&quot;&quot;,&quot;camera&quot;:&quot;NIKON D750&quot;,&quot;caption&quot;:&quot;&quot;,&quot;created_timestamp&quot;:&quot;1518041669&quot;,&quot;copyright&quot;:&quot;&quot;,&quot;focal_length&quot;:&quot;102&quot;,&quot;iso&quot;:&quot;2500&quot;,&quot;shutter_speed&quot;:&quot;0.001&quot;,&quot;title&quot;:&quot;&quot;,&quot;orientation&quot;:&quot;1&quot;}\" data-image-title=\"Paula Abreu M\u00e9ndez, vistiendo la fantas\u00eda &#8220;La novia de la muerte&#8221;\" data-image-description=\"\" data-medium-file=\"http:\/\/desireemartinphoto.com\/blog\/wp-content\/uploads\/2018\/02\/Gala-Reina-Adulta-2018-FB-29-217x300.jpg\" data-large-file=\"http:\/\/desireemartinphoto.com\/blog\/wp-content\/uploads\/2018\/02\/Gala-Reina-Adulta-2018-FB-29.jpg\" loading=\"lazy\" src=\"http:\/\/desireemartinphoto.com\/blog\/wp-content\/uploads\/2018\/02\/Gala-Reina-Adulta-2018-FB-29.jpg\" alt=\"\" width=\"550\" height=\"761\" class=\"alignleft size-full wp-image-4947\" srcset=\"http:\/\/desireemartinphoto.com\/blog\/wp-content\/uploads\/2018\/02\/Gala-Reina-Adulta-2018-FB-29.jpg 550w, http:\/\/desireemartinphoto.com\/blog\/wp-content\/uploads\/2018\/02\/Gala-Reina-Adulta-2018-FB-29-217x300.jpg 217w\" sizes=\"(max-width: 550px) 100vw, 550px\" \/><\/p>\n<p><img data-attachment-id=\"4948\" data-permalink=\"http:\/\/desireemartinphoto.com\/blog\/gala-de-la-reina-adulta-del-carnaval-de-santa-cruz-de-tenerife-2018\/spain-festival-carnival-santa-cruz-14\/\" data-orig-file=\"http:\/\/desireemartinphoto.com\/blog\/wp-content\/uploads\/2018\/02\/Gala-Reina-Adulta-2018-FB-30.jpg\" data-orig-size=\"550,324\" data-comments-opened=\"1\" data-image-meta=\"{&quot;aperture&quot;:&quot;7.1&quot;,&quot;credit&quot;:&quot;AFP&quot;,&quot;camera&quot;:&quot;Canon EOS 5D Mark III&quot;,&quot;caption&quot;:&quot;A nominee for queen of the Carnival of Santa Cruz shows off her outfit on the main stage in Santa Cruz de Tenerife on the Spanish Canary island of Tenerife, on February 07, 2018. The costumes are more than five meters high and over 80 kilos in weight. The event began on January 12 and finishes on February 18 with orchestras playing Caribbean and Brazilian rhythms throughout the festivities that range from elections for the Carnival Queen, the Junior Queen and the Senior Queen, to children and adult murgas (satirical street bands), comparsas (dance groups) and street performances.&quot;,&quot;created_timestamp&quot;:&quot;1518045582&quot;,&quot;copyright&quot;:&quot;ImageForum&quot;,&quot;focal_length&quot;:&quot;18&quot;,&quot;iso&quot;:&quot;2500&quot;,&quot;shutter_speed&quot;:&quot;0.0015625&quot;,&quot;title&quot;:&quot;SPAIN-FESTIVAL-CARNIVAL-SANTA CRUZ&quot;,&quot;orientation&quot;:&quot;1&quot;}\" data-image-title=\"Paula Abreu M\u00e9ndez, vistiendo la fantas\u00eda &#8220;La novia de la muerte&#8221;\" data-image-description=\"\" data-medium-file=\"http:\/\/desireemartinphoto.com\/blog\/wp-content\/uploads\/2018\/02\/Gala-Reina-Adulta-2018-FB-30-300x177.jpg\" data-large-file=\"http:\/\/desireemartinphoto.com\/blog\/wp-content\/uploads\/2018\/02\/Gala-Reina-Adulta-2018-FB-30.jpg\" loading=\"lazy\" src=\"http:\/\/desireemartinphoto.com\/blog\/wp-content\/uploads\/2018\/02\/Gala-Reina-Adulta-2018-FB-30.jpg\" alt=\"\" width=\"550\" height=\"324\" class=\"size-full wp-image-4948\" srcset=\"http:\/\/desireemartinphoto.com\/blog\/wp-content\/uploads\/2018\/02\/Gala-Reina-Adulta-2018-FB-30.jpg 550w, http:\/\/desireemartinphoto.com\/blog\/wp-content\/uploads\/2018\/02\/Gala-Reina-Adulta-2018-FB-30-300x177.jpg 300w\" sizes=\"(max-width: 550px) 100vw, 550px\" \/><\/p>\n<p><img data-attachment-id=\"4949\" data-permalink=\"http:\/\/desireemartinphoto.com\/blog\/gala-de-la-reina-adulta-del-carnaval-de-santa-cruz-de-tenerife-2018\/spain-festival-carnival-santa-cruz-15\/\" data-orig-file=\"http:\/\/desireemartinphoto.com\/blog\/wp-content\/uploads\/2018\/02\/Gala-Reina-Adulta-2018-FB-32.jpg\" data-orig-size=\"550,367\" data-comments-opened=\"1\" data-image-meta=\"{&quot;aperture&quot;:&quot;5.6&quot;,&quot;credit&quot;:&quot;AFP&quot;,&quot;camera&quot;:&quot;NIKON D750&quot;,&quot;caption&quot;:&quot;A nominee for queen of the Carnival of Santa Cruz shows off her outfit on the main stage in Santa Cruz de Tenerife on the Spanish Canary island of Tenerife, on February 07, 2018. The costumes are more than five meters high and over 80 kilos in weight. The event began on January 12 and finishes on February 18 with orchestras playing Caribbean and Brazilian rhythms throughout the festivities that range from elections for the Carnival Queen, the Junior Queen and the Senior Queen, to children and adult murgas (satirical street bands), comparsas (dance groups) and street performances.&quot;,&quot;created_timestamp&quot;:&quot;1518041677&quot;,&quot;copyright&quot;:&quot;ImageForum&quot;,&quot;focal_length&quot;:&quot;80&quot;,&quot;iso&quot;:&quot;2500&quot;,&quot;shutter_speed&quot;:&quot;0.003125&quot;,&quot;title&quot;:&quot;SPAIN-FESTIVAL-CARNIVAL-SANTA CRUZ&quot;,&quot;orientation&quot;:&quot;1&quot;}\" data-image-title=\"Paula Abreu M\u00e9ndez, vistiendo la fantas\u00eda &#8220;La novia de la muerte&#8221;\" data-image-description=\"\" data-medium-file=\"http:\/\/desireemartinphoto.com\/blog\/wp-content\/uploads\/2018\/02\/Gala-Reina-Adulta-2018-FB-32-300x200.jpg\" data-large-file=\"http:\/\/desireemartinphoto.com\/blog\/wp-content\/uploads\/2018\/02\/Gala-Reina-Adulta-2018-FB-32.jpg\" loading=\"lazy\" src=\"http:\/\/desireemartinphoto.com\/blog\/wp-content\/uploads\/2018\/02\/Gala-Reina-Adulta-2018-FB-32.jpg\" alt=\"\" width=\"550\" height=\"367\" class=\"size-full wp-image-4949\" srcset=\"http:\/\/desireemartinphoto.com\/blog\/wp-content\/uploads\/2018\/02\/Gala-Reina-Adulta-2018-FB-32.jpg 550w, http:\/\/desireemartinphoto.com\/blog\/wp-content\/uploads\/2018\/02\/Gala-Reina-Adulta-2018-FB-32-300x200.jpg 300w\" sizes=\"(max-width: 550px) 100vw, 550px\" \/> <\/p>\n<p><img data-attachment-id=\"4950\" data-permalink=\"http:\/\/desireemartinphoto.com\/blog\/gala-de-la-reina-adulta-del-carnaval-de-santa-cruz-de-tenerife-2018\/spain-festival-carnival-santa-cruz-16\/\" data-orig-file=\"http:\/\/desireemartinphoto.com\/blog\/wp-content\/uploads\/2018\/02\/Gala-Reina-Adulta-2018-FB-33.jpg\" data-orig-size=\"550,433\" data-comments-opened=\"1\" data-image-meta=\"{&quot;aperture&quot;:&quot;5.6&quot;,&quot;credit&quot;:&quot;AFP&quot;,&quot;camera&quot;:&quot;NIKON D750&quot;,&quot;caption&quot;:&quot;A nominee for queen of the Carnival of Santa Cruz shows off her outfit on the main stage in Santa Cruz de Tenerife on the Spanish Canary island of Tenerife, on February 07, 2018. The costumes are more than five meters high and over 80 kilos in weight. The event began on January 12 and finishes on February 18 with orchestras playing Caribbean and Brazilian rhythms throughout the festivities that range from elections for the Carnival Queen, the Junior Queen and the Senior Queen, to children and adult murgas (satirical street bands), comparsas (dance groups) and street performances.&quot;,&quot;created_timestamp&quot;:&quot;1518041758&quot;,&quot;copyright&quot;:&quot;ImageForum&quot;,&quot;focal_length&quot;:&quot;210&quot;,&quot;iso&quot;:&quot;2500&quot;,&quot;shutter_speed&quot;:&quot;0.003125&quot;,&quot;title&quot;:&quot;SPAIN-FESTIVAL-CARNIVAL-SANTA CRUZ&quot;,&quot;orientation&quot;:&quot;1&quot;}\" data-image-title=\"SPAIN-FESTIVAL-CARNIVAL-SANTA CRUZ\" data-image-description=\"\" data-medium-file=\"http:\/\/desireemartinphoto.com\/blog\/wp-content\/uploads\/2018\/02\/Gala-Reina-Adulta-2018-FB-33-300x236.jpg\" data-large-file=\"http:\/\/desireemartinphoto.com\/blog\/wp-content\/uploads\/2018\/02\/Gala-Reina-Adulta-2018-FB-33.jpg\" loading=\"lazy\" src=\"http:\/\/desireemartinphoto.com\/blog\/wp-content\/uploads\/2018\/02\/Gala-Reina-Adulta-2018-FB-33.jpg\" alt=\"\" width=\"550\" height=\"433\" class=\"size-full wp-image-4950\" srcset=\"http:\/\/desireemartinphoto.com\/blog\/wp-content\/uploads\/2018\/02\/Gala-Reina-Adulta-2018-FB-33.jpg 550w, http:\/\/desireemartinphoto.com\/blog\/wp-content\/uploads\/2018\/02\/Gala-Reina-Adulta-2018-FB-33-300x236.jpg 300w\" sizes=\"(max-width: 550px) 100vw, 550px\" \/><\/p>\n<p>Paula Abreu M\u00e9ndez, vistiendo la fantas\u00eda &#8220;La novia de la muerte&#8221; dise\u00f1ada por Alexis Santana.<\/p>\n<p>\u00bf Se nota que me encant\u00f3 ??<\/p>\n<p>CANDIDATA n\u00famero 7<\/p>\n<p><img data-attachment-id=\"4955\" data-permalink=\"http:\/\/desireemartinphoto.com\/blog\/gala-de-la-reina-adulta-del-carnaval-de-santa-cruz-de-tenerife-2018\/gala-reina-adulta-2018-fb-16\/\" data-orig-file=\"http:\/\/desireemartinphoto.com\/blog\/wp-content\/uploads\/2018\/02\/Gala-Reina-Adulta-2018-FB-16.jpg\" data-orig-size=\"550,367\" data-comments-opened=\"1\" data-image-meta=\"{&quot;aperture&quot;:&quot;5.6&quot;,&quot;credit&quot;:&quot;&quot;,&quot;camera&quot;:&quot;NIKON D750&quot;,&quot;caption&quot;:&quot;&quot;,&quot;created_timestamp&quot;:&quot;1518041890&quot;,&quot;copyright&quot;:&quot;&quot;,&quot;focal_length&quot;:&quot;80&quot;,&quot;iso&quot;:&quot;2500&quot;,&quot;shutter_speed&quot;:&quot;0.004&quot;,&quot;title&quot;:&quot;&quot;,&quot;orientation&quot;:&quot;1&quot;}\" data-image-title=\"Minerva Hern\u00e1ndez Hern\u00e1ndez, vistiendo la fantas\u00eda &#8220;Recuerdos de Ypagara\u00ed&#8221;\" data-image-description=\"\" data-medium-file=\"http:\/\/desireemartinphoto.com\/blog\/wp-content\/uploads\/2018\/02\/Gala-Reina-Adulta-2018-FB-16-300x200.jpg\" data-large-file=\"http:\/\/desireemartinphoto.com\/blog\/wp-content\/uploads\/2018\/02\/Gala-Reina-Adulta-2018-FB-16.jpg\" loading=\"lazy\" src=\"http:\/\/desireemartinphoto.com\/blog\/wp-content\/uploads\/2018\/02\/Gala-Reina-Adulta-2018-FB-16.jpg\" alt=\"\" width=\"550\" height=\"367\" class=\"alignleft size-full wp-image-4955\" srcset=\"http:\/\/desireemartinphoto.com\/blog\/wp-content\/uploads\/2018\/02\/Gala-Reina-Adulta-2018-FB-16.jpg 550w, http:\/\/desireemartinphoto.com\/blog\/wp-content\/uploads\/2018\/02\/Gala-Reina-Adulta-2018-FB-16-300x200.jpg 300w\" sizes=\"(max-width: 550px) 100vw, 550px\" \/><\/p>\n<p><img data-attachment-id=\"4956\" data-permalink=\"http:\/\/desireemartinphoto.com\/blog\/gala-de-la-reina-adulta-del-carnaval-de-santa-cruz-de-tenerife-2018\/gala-reina-adulta-2018-fb-17\/\" data-orig-file=\"http:\/\/desireemartinphoto.com\/blog\/wp-content\/uploads\/2018\/02\/Gala-Reina-Adulta-2018-FB-17.jpg\" data-orig-size=\"550,824\" data-comments-opened=\"1\" data-image-meta=\"{&quot;aperture&quot;:&quot;5.6&quot;,&quot;credit&quot;:&quot;&quot;,&quot;camera&quot;:&quot;NIKON D750&quot;,&quot;caption&quot;:&quot;&quot;,&quot;created_timestamp&quot;:&quot;1518041924&quot;,&quot;copyright&quot;:&quot;&quot;,&quot;focal_length&quot;:&quot;320&quot;,&quot;iso&quot;:&quot;2500&quot;,&quot;shutter_speed&quot;:&quot;0.003125&quot;,&quot;title&quot;:&quot;&quot;,&quot;orientation&quot;:&quot;1&quot;}\" data-image-title=\"Minerva Hern\u00e1ndez Hern\u00e1ndez, vistiendo la fantas\u00eda &#8220;Recuerdos de Ypagara\u00ed&#8221;\" data-image-description=\"\" data-medium-file=\"http:\/\/desireemartinphoto.com\/blog\/wp-content\/uploads\/2018\/02\/Gala-Reina-Adulta-2018-FB-17-200x300.jpg\" data-large-file=\"http:\/\/desireemartinphoto.com\/blog\/wp-content\/uploads\/2018\/02\/Gala-Reina-Adulta-2018-FB-17.jpg\" loading=\"lazy\" src=\"http:\/\/desireemartinphoto.com\/blog\/wp-content\/uploads\/2018\/02\/Gala-Reina-Adulta-2018-FB-17.jpg\" alt=\"\" width=\"550\" height=\"824\" class=\"alignleft size-full wp-image-4956\" srcset=\"http:\/\/desireemartinphoto.com\/blog\/wp-content\/uploads\/2018\/02\/Gala-Reina-Adulta-2018-FB-17.jpg 550w, http:\/\/desireemartinphoto.com\/blog\/wp-content\/uploads\/2018\/02\/Gala-Reina-Adulta-2018-FB-17-200x300.jpg 200w\" sizes=\"(max-width: 550px) 100vw, 550px\" \/><\/p>\n<p>Minerva Hern\u00e1ndez Hern\u00e1ndez, vistiendo la fantas\u00eda &#8220;Recuerdos de Ypagara\u00ed&#8221; dise\u00f1ada por Daniel Pag\u00e9s.<\/p>\n<p>CANDIDATA n\u00famero 8<\/p>\n<p><img data-attachment-id=\"4970\" data-permalink=\"http:\/\/desireemartinphoto.com\/blog\/gala-de-la-reina-adulta-del-carnaval-de-santa-cruz-de-tenerife-2018\/gala-reina-adulta-2018-fb-25\/\" data-orig-file=\"http:\/\/desireemartinphoto.com\/blog\/wp-content\/uploads\/2018\/02\/Gala-Reina-Adulta-2018-FB-25.jpg\" data-orig-size=\"550,824\" data-comments-opened=\"1\" data-image-meta=\"{&quot;aperture&quot;:&quot;5.6&quot;,&quot;credit&quot;:&quot;&quot;,&quot;camera&quot;:&quot;NIKON D750&quot;,&quot;caption&quot;:&quot;&quot;,&quot;created_timestamp&quot;:&quot;1518042197&quot;,&quot;copyright&quot;:&quot;&quot;,&quot;focal_length&quot;:&quot;400&quot;,&quot;iso&quot;:&quot;2500&quot;,&quot;shutter_speed&quot;:&quot;0.00125&quot;,&quot;title&quot;:&quot;&quot;,&quot;orientation&quot;:&quot;1&quot;}\" data-image-title=\"Roc\u00edo D\u00edaz, fantas\u00eda &#8220;Belice&#8221;\" data-image-description=\"\" data-medium-file=\"http:\/\/desireemartinphoto.com\/blog\/wp-content\/uploads\/2018\/02\/Gala-Reina-Adulta-2018-FB-25-200x300.jpg\" data-large-file=\"http:\/\/desireemartinphoto.com\/blog\/wp-content\/uploads\/2018\/02\/Gala-Reina-Adulta-2018-FB-25.jpg\" loading=\"lazy\" src=\"http:\/\/desireemartinphoto.com\/blog\/wp-content\/uploads\/2018\/02\/Gala-Reina-Adulta-2018-FB-25.jpg\" alt=\"\" width=\"550\" height=\"824\" class=\"alignleft size-full wp-image-4970\" srcset=\"http:\/\/desireemartinphoto.com\/blog\/wp-content\/uploads\/2018\/02\/Gala-Reina-Adulta-2018-FB-25.jpg 550w, http:\/\/desireemartinphoto.com\/blog\/wp-content\/uploads\/2018\/02\/Gala-Reina-Adulta-2018-FB-25-200x300.jpg 200w\" sizes=\"(max-width: 550px) 100vw, 550px\" \/><\/p>\n<p><img data-attachment-id=\"4971\" data-permalink=\"http:\/\/desireemartinphoto.com\/blog\/gala-de-la-reina-adulta-del-carnaval-de-santa-cruz-de-tenerife-2018\/gala-reina-adulta-2018-fb-26\/\" data-orig-file=\"http:\/\/desireemartinphoto.com\/blog\/wp-content\/uploads\/2018\/02\/Gala-Reina-Adulta-2018-FB-26.jpg\" data-orig-size=\"550,339\" data-comments-opened=\"1\" data-image-meta=\"{&quot;aperture&quot;:&quot;5.6&quot;,&quot;credit&quot;:&quot;&quot;,&quot;camera&quot;:&quot;NIKON D750&quot;,&quot;caption&quot;:&quot;&quot;,&quot;created_timestamp&quot;:&quot;1518042148&quot;,&quot;copyright&quot;:&quot;&quot;,&quot;focal_length&quot;:&quot;100&quot;,&quot;iso&quot;:&quot;2500&quot;,&quot;shutter_speed&quot;:&quot;0.0025&quot;,&quot;title&quot;:&quot;&quot;,&quot;orientation&quot;:&quot;1&quot;}\" data-image-title=\"Roc\u00edo D\u00edaz, fantas\u00eda &#8220;Belice&#8221;\" data-image-description=\"\" data-medium-file=\"http:\/\/desireemartinphoto.com\/blog\/wp-content\/uploads\/2018\/02\/Gala-Reina-Adulta-2018-FB-26-300x185.jpg\" data-large-file=\"http:\/\/desireemartinphoto.com\/blog\/wp-content\/uploads\/2018\/02\/Gala-Reina-Adulta-2018-FB-26.jpg\" loading=\"lazy\" src=\"http:\/\/desireemartinphoto.com\/blog\/wp-content\/uploads\/2018\/02\/Gala-Reina-Adulta-2018-FB-26.jpg\" alt=\"\" width=\"550\" height=\"339\" class=\"alignleft size-full wp-image-4971\" srcset=\"http:\/\/desireemartinphoto.com\/blog\/wp-content\/uploads\/2018\/02\/Gala-Reina-Adulta-2018-FB-26.jpg 550w, http:\/\/desireemartinphoto.com\/blog\/wp-content\/uploads\/2018\/02\/Gala-Reina-Adulta-2018-FB-26-300x185.jpg 300w\" sizes=\"(max-width: 550px) 100vw, 550px\" \/><\/p>\n<p><img data-attachment-id=\"4972\" data-permalink=\"http:\/\/desireemartinphoto.com\/blog\/gala-de-la-reina-adulta-del-carnaval-de-santa-cruz-de-tenerife-2018\/spain-festival-carnival-santa-cruz-21\/\" data-orig-file=\"http:\/\/desireemartinphoto.com\/blog\/wp-content\/uploads\/2018\/02\/Gala-Reina-Adulta-2018-FB-27.jpg\" data-orig-size=\"550,824\" data-comments-opened=\"1\" data-image-meta=\"{&quot;aperture&quot;:&quot;5.6&quot;,&quot;credit&quot;:&quot;AFP&quot;,&quot;camera&quot;:&quot;NIKON D750&quot;,&quot;caption&quot;:&quot;A nominee for queen of the Carnival of Santa Cruz shows off her outfit on the main stage in Santa Cruz de Tenerife on the Spanish Canary island of Tenerife, on February 07, 2018. The costumes are more than five meters high and over 80 kilos in weight. The event began on January 12 and finishes on February 18 with orchestras playing Caribbean and Brazilian rhythms throughout the festivities that range from elections for the Carnival Queen, the Junior Queen and the Senior Queen, to children and adult murgas (satirical street bands), comparsas (dance groups) and street performances.&quot;,&quot;created_timestamp&quot;:&quot;1518042110&quot;,&quot;copyright&quot;:&quot;ImageForum&quot;,&quot;focal_length&quot;:&quot;370&quot;,&quot;iso&quot;:&quot;2500&quot;,&quot;shutter_speed&quot;:&quot;0.0015625&quot;,&quot;title&quot;:&quot;SPAIN-FESTIVAL-CARNIVAL-SANTA CRUZ&quot;,&quot;orientation&quot;:&quot;1&quot;}\" data-image-title=\"Roc\u00edo D\u00edaz, fantas\u00eda &#8220;Belice&#8221;\" data-image-description=\"\" data-medium-file=\"http:\/\/desireemartinphoto.com\/blog\/wp-content\/uploads\/2018\/02\/Gala-Reina-Adulta-2018-FB-27-200x300.jpg\" data-large-file=\"http:\/\/desireemartinphoto.com\/blog\/wp-content\/uploads\/2018\/02\/Gala-Reina-Adulta-2018-FB-27.jpg\" loading=\"lazy\" src=\"http:\/\/desireemartinphoto.com\/blog\/wp-content\/uploads\/2018\/02\/Gala-Reina-Adulta-2018-FB-27.jpg\" alt=\"\" width=\"550\" height=\"824\" class=\"alignleft size-full wp-image-4972\" srcset=\"http:\/\/desireemartinphoto.com\/blog\/wp-content\/uploads\/2018\/02\/Gala-Reina-Adulta-2018-FB-27.jpg 550w, http:\/\/desireemartinphoto.com\/blog\/wp-content\/uploads\/2018\/02\/Gala-Reina-Adulta-2018-FB-27-200x300.jpg 200w\" sizes=\"(max-width: 550px) 100vw, 550px\" \/><\/p>\n<p><img data-attachment-id=\"4973\" data-permalink=\"http:\/\/desireemartinphoto.com\/blog\/gala-de-la-reina-adulta-del-carnaval-de-santa-cruz-de-tenerife-2018\/spain-festival-carnival-santa-cruz-22\/\" data-orig-file=\"http:\/\/desireemartinphoto.com\/blog\/wp-content\/uploads\/2018\/02\/Gala-Reina-Adulta-2018-FB-28.jpg\" data-orig-size=\"550,367\" data-comments-opened=\"1\" data-image-meta=\"{&quot;aperture&quot;:&quot;5.6&quot;,&quot;credit&quot;:&quot;AFP&quot;,&quot;camera&quot;:&quot;NIKON D750&quot;,&quot;caption&quot;:&quot;A nominee for queen of the Carnival of Santa Cruz shows off her outfit on the main stage in Santa Cruz de Tenerife on the Spanish Canary island of Tenerife, on February 07, 2018. The costumes are more than five meters high and over 80 kilos in weight. The event began on January 12 and finishes on February 18 with orchestras playing Caribbean and Brazilian rhythms throughout the festivities that range from elections for the Carnival Queen, the Junior Queen and the Senior Queen, to children and adult murgas (satirical street bands), comparsas (dance groups) and street performances.&quot;,&quot;created_timestamp&quot;:&quot;1518042208&quot;,&quot;copyright&quot;:&quot;ImageForum&quot;,&quot;focal_length&quot;:&quot;220&quot;,&quot;iso&quot;:&quot;2500&quot;,&quot;shutter_speed&quot;:&quot;0.0025&quot;,&quot;title&quot;:&quot;SPAIN-FESTIVAL-CARNIVAL-SANTA CRUZ&quot;,&quot;orientation&quot;:&quot;1&quot;}\" data-image-title=\"Roc\u00edo D\u00edaz, fantas\u00eda &#8220;Belice&#8221;\" data-image-description=\"\" data-medium-file=\"http:\/\/desireemartinphoto.com\/blog\/wp-content\/uploads\/2018\/02\/Gala-Reina-Adulta-2018-FB-28-300x200.jpg\" data-large-file=\"http:\/\/desireemartinphoto.com\/blog\/wp-content\/uploads\/2018\/02\/Gala-Reina-Adulta-2018-FB-28.jpg\" loading=\"lazy\" src=\"http:\/\/desireemartinphoto.com\/blog\/wp-content\/uploads\/2018\/02\/Gala-Reina-Adulta-2018-FB-28.jpg\" alt=\"\" width=\"550\" height=\"367\" class=\"alignleft size-full wp-image-4973\" srcset=\"http:\/\/desireemartinphoto.com\/blog\/wp-content\/uploads\/2018\/02\/Gala-Reina-Adulta-2018-FB-28.jpg 550w, http:\/\/desireemartinphoto.com\/blog\/wp-content\/uploads\/2018\/02\/Gala-Reina-Adulta-2018-FB-28-300x200.jpg 300w\" sizes=\"(max-width: 550px) 100vw, 550px\" \/><\/p>\n<p>Roc\u00edo Garc\u00eda, fantas\u00eda &#8220;Belice&#8221; dise\u00f1ada por Santi Castro.<\/p>\n<p>CANDIDATA n\u00famero 9<\/p>\n<p><img data-attachment-id=\"4958\" data-permalink=\"http:\/\/desireemartinphoto.com\/blog\/gala-de-la-reina-adulta-del-carnaval-de-santa-cruz-de-tenerife-2018\/spain-festival-carnival-santa-cruz-18\/\" data-orig-file=\"http:\/\/desireemartinphoto.com\/blog\/wp-content\/uploads\/2018\/02\/Gala-Reina-Adulta-2018-FB-18.jpg\" data-orig-size=\"550,367\" data-comments-opened=\"1\" data-image-meta=\"{&quot;aperture&quot;:&quot;5.6&quot;,&quot;credit&quot;:&quot;AFP&quot;,&quot;camera&quot;:&quot;NIKON D750&quot;,&quot;caption&quot;:&quot;A nominee for queen of the Carnival of Santa Cruz shows off her outfit on the main stage in Santa Cruz de Tenerife on the Spanish Canary island of Tenerife, on February 07, 2018. The costumes are more than five meters high and over 80 kilos in weight. The event began on January 12 and finishes on February 18 with orchestras playing Caribbean and Brazilian rhythms throughout the festivities that range from elections for the Carnival Queen, the Junior Queen and the Senior Queen, to children and adult murgas (satirical street bands), comparsas (dance groups) and street performances.&quot;,&quot;created_timestamp&quot;:&quot;1518042326&quot;,&quot;copyright&quot;:&quot;ImageForum&quot;,&quot;focal_length&quot;:&quot;330&quot;,&quot;iso&quot;:&quot;2500&quot;,&quot;shutter_speed&quot;:&quot;0.002&quot;,&quot;title&quot;:&quot;SPAIN-FESTIVAL-CARNIVAL-SANTA CRUZ&quot;,&quot;orientation&quot;:&quot;1&quot;}\" data-image-title=\"Luna Hibner, vistiendo la fantas\u00eda &#8220;La magia del ritmo&#8221;\" data-image-description=\"\" data-medium-file=\"http:\/\/desireemartinphoto.com\/blog\/wp-content\/uploads\/2018\/02\/Gala-Reina-Adulta-2018-FB-18-300x200.jpg\" data-large-file=\"http:\/\/desireemartinphoto.com\/blog\/wp-content\/uploads\/2018\/02\/Gala-Reina-Adulta-2018-FB-18.jpg\" loading=\"lazy\" src=\"http:\/\/desireemartinphoto.com\/blog\/wp-content\/uploads\/2018\/02\/Gala-Reina-Adulta-2018-FB-18.jpg\" alt=\"\" width=\"550\" height=\"367\" class=\"size-full wp-image-4958\" srcset=\"http:\/\/desireemartinphoto.com\/blog\/wp-content\/uploads\/2018\/02\/Gala-Reina-Adulta-2018-FB-18.jpg 550w, http:\/\/desireemartinphoto.com\/blog\/wp-content\/uploads\/2018\/02\/Gala-Reina-Adulta-2018-FB-18-300x200.jpg 300w\" sizes=\"(max-width: 550px) 100vw, 550px\" \/><\/p>\n<p><img data-attachment-id=\"4959\" data-permalink=\"http:\/\/desireemartinphoto.com\/blog\/gala-de-la-reina-adulta-del-carnaval-de-santa-cruz-de-tenerife-2018\/gala-reina-adulta-2018-fb-19\/\" data-orig-file=\"http:\/\/desireemartinphoto.com\/blog\/wp-content\/uploads\/2018\/02\/Gala-Reina-Adulta-2018-FB-19.jpg\" data-orig-size=\"550,367\" data-comments-opened=\"1\" data-image-meta=\"{&quot;aperture&quot;:&quot;5.6&quot;,&quot;credit&quot;:&quot;&quot;,&quot;camera&quot;:&quot;NIKON D750&quot;,&quot;caption&quot;:&quot;&quot;,&quot;created_timestamp&quot;:&quot;1518042443&quot;,&quot;copyright&quot;:&quot;&quot;,&quot;focal_length&quot;:&quot;400&quot;,&quot;iso&quot;:&quot;2500&quot;,&quot;shutter_speed&quot;:&quot;0.0015625&quot;,&quot;title&quot;:&quot;&quot;,&quot;orientation&quot;:&quot;1&quot;}\" data-image-title=\"Luna Hibner, vistiendo la fantas\u00eda &#8220;La magia del ritmo&#8221;\" data-image-description=\"\" data-medium-file=\"http:\/\/desireemartinphoto.com\/blog\/wp-content\/uploads\/2018\/02\/Gala-Reina-Adulta-2018-FB-19-300x200.jpg\" data-large-file=\"http:\/\/desireemartinphoto.com\/blog\/wp-content\/uploads\/2018\/02\/Gala-Reina-Adulta-2018-FB-19.jpg\" loading=\"lazy\" src=\"http:\/\/desireemartinphoto.com\/blog\/wp-content\/uploads\/2018\/02\/Gala-Reina-Adulta-2018-FB-19.jpg\" alt=\"\" width=\"550\" height=\"367\" class=\"alignleft size-full wp-image-4959\" srcset=\"http:\/\/desireemartinphoto.com\/blog\/wp-content\/uploads\/2018\/02\/Gala-Reina-Adulta-2018-FB-19.jpg 550w, http:\/\/desireemartinphoto.com\/blog\/wp-content\/uploads\/2018\/02\/Gala-Reina-Adulta-2018-FB-19-300x200.jpg 300w\" sizes=\"(max-width: 550px) 100vw, 550px\" \/><\/p>\n<p>Roc\u00edo P\u00e9rez, &#8220;Cumbres&#8221; dise\u00f1ada por Jos\u00e9 Yeray D\u00edaz.<\/p>\n<p>CANDIDATA n\u00famero 10<\/p>\n<p><img data-attachment-id=\"4957\" data-permalink=\"http:\/\/desireemartinphoto.com\/blog\/gala-de-la-reina-adulta-del-carnaval-de-santa-cruz-de-tenerife-2018\/gala-reina-adulta-2018-fb-20\/\" data-orig-file=\"http:\/\/desireemartinphoto.com\/blog\/wp-content\/uploads\/2018\/02\/Gala-Reina-Adulta-2018-FB-20.jpg\" data-orig-size=\"550,367\" data-comments-opened=\"1\" data-image-meta=\"{&quot;aperture&quot;:&quot;5.6&quot;,&quot;credit&quot;:&quot;&quot;,&quot;camera&quot;:&quot;NIKON D750&quot;,&quot;caption&quot;:&quot;&quot;,&quot;created_timestamp&quot;:&quot;1518042852&quot;,&quot;copyright&quot;:&quot;&quot;,&quot;focal_length&quot;:&quot;160&quot;,&quot;iso&quot;:&quot;2500&quot;,&quot;shutter_speed&quot;:&quot;0.00625&quot;,&quot;title&quot;:&quot;&quot;,&quot;orientation&quot;:&quot;1&quot;}\" data-image-title=\"Carolina Viera G\u00f3mez, vistiendo la fantas\u00eda &#8220;Fly me to the Moon&#8221;\" data-image-description=\"\" data-medium-file=\"http:\/\/desireemartinphoto.com\/blog\/wp-content\/uploads\/2018\/02\/Gala-Reina-Adulta-2018-FB-20-300x200.jpg\" data-large-file=\"http:\/\/desireemartinphoto.com\/blog\/wp-content\/uploads\/2018\/02\/Gala-Reina-Adulta-2018-FB-20.jpg\" loading=\"lazy\" src=\"http:\/\/desireemartinphoto.com\/blog\/wp-content\/uploads\/2018\/02\/Gala-Reina-Adulta-2018-FB-20.jpg\" alt=\"\" width=\"550\" height=\"367\" class=\"alignleft size-full wp-image-4957\" srcset=\"http:\/\/desireemartinphoto.com\/blog\/wp-content\/uploads\/2018\/02\/Gala-Reina-Adulta-2018-FB-20.jpg 550w, http:\/\/desireemartinphoto.com\/blog\/wp-content\/uploads\/2018\/02\/Gala-Reina-Adulta-2018-FB-20-300x200.jpg 300w\" sizes=\"(max-width: 550px) 100vw, 550px\" \/><\/p>\n<p><img data-attachment-id=\"4961\" data-permalink=\"http:\/\/desireemartinphoto.com\/blog\/gala-de-la-reina-adulta-del-carnaval-de-santa-cruz-de-tenerife-2018\/gala-reina-adulta-2018-fb-22\/\" data-orig-file=\"http:\/\/desireemartinphoto.com\/blog\/wp-content\/uploads\/2018\/02\/Gala-Reina-Adulta-2018-FB-22.jpg\" data-orig-size=\"550,318\" data-comments-opened=\"1\" data-image-meta=\"{&quot;aperture&quot;:&quot;10&quot;,&quot;credit&quot;:&quot;&quot;,&quot;camera&quot;:&quot;Canon EOS 5D Mark III&quot;,&quot;caption&quot;:&quot;&quot;,&quot;created_timestamp&quot;:&quot;1518046797&quot;,&quot;copyright&quot;:&quot;&quot;,&quot;focal_length&quot;:&quot;17&quot;,&quot;iso&quot;:&quot;2500&quot;,&quot;shutter_speed&quot;:&quot;0.0015625&quot;,&quot;title&quot;:&quot;&quot;,&quot;orientation&quot;:&quot;1&quot;}\" data-image-title=\"Carolina Viera G\u00f3mez, vistiendo la fantas\u00eda &#8220;Fly me to the Moon&#8221;\" data-image-description=\"\" data-medium-file=\"http:\/\/desireemartinphoto.com\/blog\/wp-content\/uploads\/2018\/02\/Gala-Reina-Adulta-2018-FB-22-300x173.jpg\" data-large-file=\"http:\/\/desireemartinphoto.com\/blog\/wp-content\/uploads\/2018\/02\/Gala-Reina-Adulta-2018-FB-22.jpg\" loading=\"lazy\" src=\"http:\/\/desireemartinphoto.com\/blog\/wp-content\/uploads\/2018\/02\/Gala-Reina-Adulta-2018-FB-22.jpg\" alt=\"\" width=\"550\" height=\"318\" class=\"alignleft size-full wp-image-4961\" srcset=\"http:\/\/desireemartinphoto.com\/blog\/wp-content\/uploads\/2018\/02\/Gala-Reina-Adulta-2018-FB-22.jpg 550w, http:\/\/desireemartinphoto.com\/blog\/wp-content\/uploads\/2018\/02\/Gala-Reina-Adulta-2018-FB-22-300x173.jpg 300w\" sizes=\"(max-width: 550px) 100vw, 550px\" \/><\/p>\n<p>Carolina Viera G\u00f3mez, vistiendo la fantas\u00eda &#8220;Fly me to the Moon&#8221; dise\u00f1ada por Jonathan Suarez.<\/p>\n<p>CANDIDATA n\u00famero 11<\/p>\n<p><img data-attachment-id=\"4963\" data-permalink=\"http:\/\/desireemartinphoto.com\/blog\/gala-de-la-reina-adulta-del-carnaval-de-santa-cruz-de-tenerife-2018\/gala-reina-adulta-2018-fb-10\/\" data-orig-file=\"http:\/\/desireemartinphoto.com\/blog\/wp-content\/uploads\/2018\/02\/Gala-Reina-Adulta-2018-FB-10.jpg\" data-orig-size=\"550,367\" data-comments-opened=\"1\" data-image-meta=\"{&quot;aperture&quot;:&quot;9&quot;,&quot;credit&quot;:&quot;&quot;,&quot;camera&quot;:&quot;NIKON D750&quot;,&quot;caption&quot;:&quot;&quot;,&quot;created_timestamp&quot;:&quot;1518043213&quot;,&quot;copyright&quot;:&quot;&quot;,&quot;focal_length&quot;:&quot;260&quot;,&quot;iso&quot;:&quot;2500&quot;,&quot;shutter_speed&quot;:&quot;0.004&quot;,&quot;title&quot;:&quot;&quot;,&quot;orientation&quot;:&quot;1&quot;}\" data-image-title=\"Luna Hibner vistiendo la fantas\u00eda &#8220;La magia del ritmo&#8221;\" data-image-description=\"\" data-medium-file=\"http:\/\/desireemartinphoto.com\/blog\/wp-content\/uploads\/2018\/02\/Gala-Reina-Adulta-2018-FB-10-300x200.jpg\" data-large-file=\"http:\/\/desireemartinphoto.com\/blog\/wp-content\/uploads\/2018\/02\/Gala-Reina-Adulta-2018-FB-10.jpg\" loading=\"lazy\" src=\"http:\/\/desireemartinphoto.com\/blog\/wp-content\/uploads\/2018\/02\/Gala-Reina-Adulta-2018-FB-10.jpg\" alt=\"\" width=\"550\" height=\"367\" class=\"alignleft size-full wp-image-4963\" srcset=\"http:\/\/desireemartinphoto.com\/blog\/wp-content\/uploads\/2018\/02\/Gala-Reina-Adulta-2018-FB-10.jpg 550w, http:\/\/desireemartinphoto.com\/blog\/wp-content\/uploads\/2018\/02\/Gala-Reina-Adulta-2018-FB-10-300x200.jpg 300w\" sizes=\"(max-width: 550px) 100vw, 550px\" \/><\/p>\n<p><img data-attachment-id=\"4964\" data-permalink=\"http:\/\/desireemartinphoto.com\/blog\/gala-de-la-reina-adulta-del-carnaval-de-santa-cruz-de-tenerife-2018\/spain-festival-carnival-santa-cruz-19\/\" data-orig-file=\"http:\/\/desireemartinphoto.com\/blog\/wp-content\/uploads\/2018\/02\/Gala-Reina-Adulta-2018-FB-11.jpg\" data-orig-size=\"550,367\" data-comments-opened=\"1\" data-image-meta=\"{&quot;aperture&quot;:&quot;9&quot;,&quot;credit&quot;:&quot;AFP&quot;,&quot;camera&quot;:&quot;Canon EOS 5D Mark III&quot;,&quot;caption&quot;:&quot;A nominee for queen of the Carnival of Santa Cruz shows off her outfit on the main stage in Santa Cruz de Tenerife on the Spanish Canary island of Tenerife, on February 07, 2018. The costumes are more than five meters high and over 80 kilos in weight. The event began on January 12 and finishes on February 18 with orchestras playing Caribbean and Brazilian rhythms throughout the festivities that range from elections for the Carnival Queen, the Junior Queen and the Senior Queen, to children and adult murgas (satirical street bands), comparsas (dance groups) and street performances.&quot;,&quot;created_timestamp&quot;:&quot;1518047097&quot;,&quot;copyright&quot;:&quot;ImageForum&quot;,&quot;focal_length&quot;:&quot;35&quot;,&quot;iso&quot;:&quot;2500&quot;,&quot;shutter_speed&quot;:&quot;0.004&quot;,&quot;title&quot;:&quot;SPAIN-FESTIVAL-CARNIVAL-SANTA CRUZ&quot;,&quot;orientation&quot;:&quot;1&quot;}\" data-image-title=\"Luna Hibner vistiendo la fantas\u00eda &#8220;La magia del ritmo&#8221;\" data-image-description=\"\" data-medium-file=\"http:\/\/desireemartinphoto.com\/blog\/wp-content\/uploads\/2018\/02\/Gala-Reina-Adulta-2018-FB-11-300x200.jpg\" data-large-file=\"http:\/\/desireemartinphoto.com\/blog\/wp-content\/uploads\/2018\/02\/Gala-Reina-Adulta-2018-FB-11.jpg\" loading=\"lazy\" src=\"http:\/\/desireemartinphoto.com\/blog\/wp-content\/uploads\/2018\/02\/Gala-Reina-Adulta-2018-FB-11.jpg\" alt=\"\" width=\"550\" height=\"367\" class=\"alignleft size-full wp-image-4964\" srcset=\"http:\/\/desireemartinphoto.com\/blog\/wp-content\/uploads\/2018\/02\/Gala-Reina-Adulta-2018-FB-11.jpg 550w, http:\/\/desireemartinphoto.com\/blog\/wp-content\/uploads\/2018\/02\/Gala-Reina-Adulta-2018-FB-11-300x200.jpg 300w\" sizes=\"(max-width: 550px) 100vw, 550px\" \/><\/p>\n<p>Luna Hibner, vistiendo la fantas\u00eda &#8220;La magia del ritmo&#8221; dise\u00f1ada por Alfonso Baute.<\/p>\n<p>CANDIDATA n\u00famero 12<\/p>\n<p>Ver\u00f3nica Delgado de la Rosa con la fantas\u00eda &#8220;Luna Blanca&#8221; dise\u00f1ada por Tin Quintero.<\/p>\n<p><img data-attachment-id=\"4976\" data-permalink=\"http:\/\/desireemartinphoto.com\/blog\/gala-de-la-reina-adulta-del-carnaval-de-santa-cruz-de-tenerife-2018\/spain-festival-carnival-santa-cruz-23\/\" data-orig-file=\"http:\/\/desireemartinphoto.com\/blog\/wp-content\/uploads\/2018\/02\/Gala-Reina-Adulta-2018-FB-34.jpg\" data-orig-size=\"550,367\" data-comments-opened=\"1\" data-image-meta=\"{&quot;aperture&quot;:&quot;9&quot;,&quot;credit&quot;:&quot;AFP&quot;,&quot;camera&quot;:&quot;NIKON D750&quot;,&quot;caption&quot;:&quot;A nominee for queen of the Carnival of Santa Cruz shows off her outfit on the main stage in Santa Cruz de Tenerife on the Spanish Canary island of Tenerife, on February 07, 2018. The costumes are more than five meters high and over 80 kilos in weight. The event began on January 12 and finishes on February 18 with orchestras playing Caribbean and Brazilian rhythms throughout the festivities that range from elections for the Carnival Queen, the Junior Queen and the Senior Queen, to children and adult murgas (satirical street bands), comparsas (dance groups) and street performances.&quot;,&quot;created_timestamp&quot;:&quot;1518043281&quot;,&quot;copyright&quot;:&quot;ImageForum&quot;,&quot;focal_length&quot;:&quot;160&quot;,&quot;iso&quot;:&quot;2500&quot;,&quot;shutter_speed&quot;:&quot;0.008&quot;,&quot;title&quot;:&quot;SPAIN-FESTIVAL-CARNIVAL-SANTA CRUZ&quot;,&quot;orientation&quot;:&quot;1&quot;}\" data-image-title=\"Ver\u00f3nica Delgado, fantas\u00eda &#8220;Aullidos&#8221;\" data-image-description=\"\" data-medium-file=\"http:\/\/desireemartinphoto.com\/blog\/wp-content\/uploads\/2018\/02\/Gala-Reina-Adulta-2018-FB-34-300x200.jpg\" data-large-file=\"http:\/\/desireemartinphoto.com\/blog\/wp-content\/uploads\/2018\/02\/Gala-Reina-Adulta-2018-FB-34.jpg\" loading=\"lazy\" src=\"http:\/\/desireemartinphoto.com\/blog\/wp-content\/uploads\/2018\/02\/Gala-Reina-Adulta-2018-FB-34.jpg\" alt=\"\" width=\"550\" height=\"367\" class=\"alignleft size-full wp-image-4976\" srcset=\"http:\/\/desireemartinphoto.com\/blog\/wp-content\/uploads\/2018\/02\/Gala-Reina-Adulta-2018-FB-34.jpg 550w, http:\/\/desireemartinphoto.com\/blog\/wp-content\/uploads\/2018\/02\/Gala-Reina-Adulta-2018-FB-34-300x200.jpg 300w\" sizes=\"(max-width: 550px) 100vw, 550px\" \/><\/p>\n<p><img data-attachment-id=\"4977\" data-permalink=\"http:\/\/desireemartinphoto.com\/blog\/gala-de-la-reina-adulta-del-carnaval-de-santa-cruz-de-tenerife-2018\/spain-festival-carnival-santa-cruz-24\/\" data-orig-file=\"http:\/\/desireemartinphoto.com\/blog\/wp-content\/uploads\/2018\/02\/Gala-Reina-Adulta-2018-FB-35.jpg\" data-orig-size=\"550,367\" data-comments-opened=\"1\" data-image-meta=\"{&quot;aperture&quot;:&quot;9&quot;,&quot;credit&quot;:&quot;AFP&quot;,&quot;camera&quot;:&quot;Canon EOS 5D Mark III&quot;,&quot;caption&quot;:&quot;A nominee for queen of the Carnival of Santa Cruz shows off her outfit on the main stage in Santa Cruz de Tenerife on the Spanish Canary island of Tenerife, on February 07, 2018. The costumes are more than five meters high and over 80 kilos in weight. The event began on January 12 and finishes on February 18 with orchestras playing Caribbean and Brazilian rhythms throughout the festivities that range from elections for the Carnival Queen, the Junior Queen and the Senior Queen, to children and adult murgas (satirical street bands), comparsas (dance groups) and street performances.&quot;,&quot;created_timestamp&quot;:&quot;1518047231&quot;,&quot;copyright&quot;:&quot;ImageForum&quot;,&quot;focal_length&quot;:&quot;19&quot;,&quot;iso&quot;:&quot;2500&quot;,&quot;shutter_speed&quot;:&quot;0.0025&quot;,&quot;title&quot;:&quot;SPAIN-FESTIVAL-CARNIVAL-SANTA CRUZ&quot;,&quot;orientation&quot;:&quot;1&quot;}\" data-image-title=\"Ver\u00f3nica Delgado, fantas\u00eda &#8220;Aullidos&#8221;\" data-image-description=\"\" data-medium-file=\"http:\/\/desireemartinphoto.com\/blog\/wp-content\/uploads\/2018\/02\/Gala-Reina-Adulta-2018-FB-35-300x200.jpg\" data-large-file=\"http:\/\/desireemartinphoto.com\/blog\/wp-content\/uploads\/2018\/02\/Gala-Reina-Adulta-2018-FB-35.jpg\" loading=\"lazy\" src=\"http:\/\/desireemartinphoto.com\/blog\/wp-content\/uploads\/2018\/02\/Gala-Reina-Adulta-2018-FB-35.jpg\" alt=\"\" width=\"550\" height=\"367\" class=\"alignleft size-full wp-image-4977\" srcset=\"http:\/\/desireemartinphoto.com\/blog\/wp-content\/uploads\/2018\/02\/Gala-Reina-Adulta-2018-FB-35.jpg 550w, http:\/\/desireemartinphoto.com\/blog\/wp-content\/uploads\/2018\/02\/Gala-Reina-Adulta-2018-FB-35-300x200.jpg 300w\" sizes=\"(max-width: 550px) 100vw, 550px\" \/><\/p>\n<p>CANDIDATA n\u00famero 13<\/p>\n<p><img data-attachment-id=\"4960\" data-permalink=\"http:\/\/desireemartinphoto.com\/blog\/gala-de-la-reina-adulta-del-carnaval-de-santa-cruz-de-tenerife-2018\/gala-reina-adulta-2018-fb-21\/\" data-orig-file=\"http:\/\/desireemartinphoto.com\/blog\/wp-content\/uploads\/2018\/02\/Gala-Reina-Adulta-2018-FB-21.jpg\" data-orig-size=\"550,367\" data-comments-opened=\"1\" data-image-meta=\"{&quot;aperture&quot;:&quot;9&quot;,&quot;credit&quot;:&quot;&quot;,&quot;camera&quot;:&quot;Canon EOS 5D Mark III&quot;,&quot;caption&quot;:&quot;&quot;,&quot;created_timestamp&quot;:&quot;1518047452&quot;,&quot;copyright&quot;:&quot;&quot;,&quot;focal_length&quot;:&quot;35&quot;,&quot;iso&quot;:&quot;2500&quot;,&quot;shutter_speed&quot;:&quot;0.00625&quot;,&quot;title&quot;:&quot;&quot;,&quot;orientation&quot;:&quot;1&quot;}\" data-image-title=\"Cathaysa Machado Hern\u00e1ndez, vistiendo la fantas\u00eda &#8220;Yo disco, yo robot&#8221;.\" data-image-description=\"\" data-medium-file=\"http:\/\/desireemartinphoto.com\/blog\/wp-content\/uploads\/2018\/02\/Gala-Reina-Adulta-2018-FB-21-300x200.jpg\" data-large-file=\"http:\/\/desireemartinphoto.com\/blog\/wp-content\/uploads\/2018\/02\/Gala-Reina-Adulta-2018-FB-21.jpg\" loading=\"lazy\" src=\"http:\/\/desireemartinphoto.com\/blog\/wp-content\/uploads\/2018\/02\/Gala-Reina-Adulta-2018-FB-21.jpg\" alt=\"\" width=\"550\" height=\"367\" class=\"alignleft size-full wp-image-4960\" srcset=\"http:\/\/desireemartinphoto.com\/blog\/wp-content\/uploads\/2018\/02\/Gala-Reina-Adulta-2018-FB-21.jpg 550w, http:\/\/desireemartinphoto.com\/blog\/wp-content\/uploads\/2018\/02\/Gala-Reina-Adulta-2018-FB-21-300x200.jpg 300w\" sizes=\"(max-width: 550px) 100vw, 550px\" \/><\/p>\n<p>Cathaysa Machado Hern\u00e1ndez, vistiendo la fantas\u00eda &#8220;Yo disco, yo robot&#8221; dise\u00f1ada por Borja Abre.<\/p>\n<div class=\"sharedaddy sd-sharing-enabled\"><div class=\"robots-nocontent sd-block sd-social sd-social-icon-text sd-sharing\"><h3 class=\"sd-title\">COMPARTE ESTO:<\/h3><div class=\"sd-content\"><ul><li class=\"share-facebook\"><a rel=\"nofollow noopener noreferrer\" data-shared=\"sharing-facebook-4941\" class=\"share-facebook sd-button share-icon\" href=\"http:\/\/desireemartinphoto.com\/blog\/gala-de-la-reina-adulta-del-carnaval-de-santa-cruz-de-tenerife-2018\/?share=facebook\" target=\"_blank\" title=\"Haz clic para compartir en Facebook\"><span>Facebook<\/span><\/a><\/li><li class=\"share-twitter\"><a rel=\"nofollow noopener noreferrer\" data-shared=\"sharing-twitter-4941\" class=\"share-twitter sd-button share-icon\" href=\"http:\/\/desireemartinphoto.com\/blog\/gala-de-la-reina-adulta-del-carnaval-de-santa-cruz-de-tenerife-2018\/?share=twitter\" target=\"_blank\" title=\"Haz clic para compartir en Twitter\"><span>Twitter<\/span><\/a><\/li><li class=\"share-email\"><a rel=\"nofollow noopener noreferrer\" data-shared=\"\" class=\"share-email sd-button share-icon\" href=\"http:\/\/desireemartinphoto.com\/blog\/gala-de-la-reina-adulta-del-carnaval-de-santa-cruz-de-tenerife-2018\/?share=email\" target=\"_blank\" title=\"Haz clic para enviar por correo electr\u00f3nico a un amigo\"><span>Correo electr\u00f3nico<\/span><\/a><\/li><li class=\"share-linkedin\"><a rel=\"nofollow noopener noreferrer\" data-shared=\"sharing-linkedin-4941\" class=\"share-linkedin sd-button share-icon\" href=\"http:\/\/desireemartinphoto.com\/blog\/gala-de-la-reina-adulta-del-carnaval-de-santa-cruz-de-tenerife-2018\/?share=linkedin\" target=\"_blank\" title=\"Haz clic para compartir en LinkedIn\"><span>LinkedIn<\/span><\/a><\/li><li class=\"share-tumblr\"><a rel=\"nofollow noopener noreferrer\" data-shared=\"\" class=\"share-tumblr sd-button share-icon\" href=\"http:\/\/desireemartinphoto.com\/blog\/gala-de-la-reina-adulta-del-carnaval-de-santa-cruz-de-tenerife-2018\/?share=tumblr\" target=\"_blank\" title=\"Haz clic para compartir en Tumblr\"><span>Tumblr<\/span><\/a><\/li><li class=\"share-end\"><\/li><\/ul><\/div><\/div><\/div>","protected":false},"excerpt":{"rendered":"<p>\u00a1\u00a1\u00a1 Hola gente !!!!! Estoy, estoy ..sigo con la c\u00e1mara en la mano. Ir\u00e9 subiendo algo de producci\u00f3n que tengo atrasad\u00edsima, lo s\u00e9! GALA DE LA REINA DEL CARNAVAL Me apetece empezar por esto, sin m\u00e1s. CANDIDATA n\u00famero 1 Ana Deisy Sabina, vistiendo la fantas\u00eda &#8220;El secreto del firmamento&#8221; dise\u00f1ada por Eduardo Mart\u00edn. CANDIDATA n\u00famero [&#038;hellip<\/p>\n<div class=\"sharedaddy sd-sharing-enabled\"><div class=\"robots-nocontent sd-block sd-social sd-social-icon-text sd-sharing\"><h3 class=\"sd-title\">COMPARTE ESTO:<\/h3><div class=\"sd-content\"><ul><li class=\"share-facebook\"><a rel=\"nofollow noopener noreferrer\" data-shared=\"sharing-facebook-4941\" class=\"share-facebook sd-button share-icon\" href=\"http:\/\/desireemartinphoto.com\/blog\/gala-de-la-reina-adulta-del-carnaval-de-santa-cruz-de-tenerife-2018\/?share=facebook\" target=\"_blank\" title=\"Haz clic para compartir en Facebook\"><span>Facebook<\/span><\/a><\/li><li class=\"share-twitter\"><a rel=\"nofollow noopener noreferrer\" data-shared=\"sharing-twitter-4941\" class=\"share-twitter sd-button share-icon\" href=\"http:\/\/desireemartinphoto.com\/blog\/gala-de-la-reina-adulta-del-carnaval-de-santa-cruz-de-tenerife-2018\/?share=twitter\" target=\"_blank\" title=\"Haz clic para compartir en Twitter\"><span>Twitter<\/span><\/a><\/li><li class=\"share-email\"><a rel=\"nofollow noopener noreferrer\" data-shared=\"\" class=\"share-email sd-button share-icon\" href=\"http:\/\/desireemartinphoto.com\/blog\/gala-de-la-reina-adulta-del-carnaval-de-santa-cruz-de-tenerife-2018\/?share=email\" target=\"_blank\" title=\"Haz clic para enviar por correo electr\u00f3nico a un amigo\"><span>Correo electr\u00f3nico<\/span><\/a><\/li><li class=\"share-linkedin\"><a rel=\"nofollow noopener noreferrer\" data-shared=\"sharing-linkedin-4941\" class=\"share-linkedin sd-button share-icon\" href=\"http:\/\/desireemartinphoto.com\/blog\/gala-de-la-reina-adulta-del-carnaval-de-santa-cruz-de-tenerife-2018\/?share=linkedin\" target=\"_blank\" title=\"Haz clic para compartir en LinkedIn\"><span>LinkedIn<\/span><\/a><\/li><li class=\"share-tumblr\"><a rel=\"nofollow noopener noreferrer\" data-shared=\"\" class=\"share-tumblr sd-button share-icon\" href=\"http:\/\/desireemartinphoto.com\/blog\/gala-de-la-reina-adulta-del-carnaval-de-santa-cruz-de-tenerife-2018\/?share=tumblr\" target=\"_blank\" title=\"Haz clic para compartir en Tumblr\"><span>Tumblr<\/span><\/a><\/li><li class=\"share-end\"><\/li><\/ul><\/div><\/div><\/div>","protected":false},"author":1,"featured_media":0,"comment_status":"open","ping_status":"open","sticky":false,"template":"","format":"standard","meta":{"spay_email":""},"categories":[1],"tags":[1066,1053,1110,1125,1105,1117,1090,1021,1069,1101,1062,1057,1091,1080,1094,1075,39,1054,87,301,1086,1068,1077,1111,1067,1071,1072,59,1114,1096,1108,1100,1119,1065,355,1061,1079,1082,1059,1112,1063,1064,1124,1093,1116,1083,1106,1123,1088,958,1092,1089,1104,1081,1113,1120,514,152,362,1058,1074,1107,174,1055,1085,1060,1115,1109,160,1099,768,1078,1103,1097,1056,345,1118,1076,1070,1084,56,1098,1073,1102,1095,1087,1121,1122],"jetpack_featured_media_url":"","jetpack_sharing_enabled":true,"_links":{"self":[{"href":"http:\/\/desireemartinphoto.com\/blog\/wp-json\/wp\/v2\/posts\/4941"}],"collection":[{"href":"http:\/\/desireemartinphoto.com\/blog\/wp-json\/wp\/v2\/posts"}],"about":[{"href":"http:\/\/desireemartinphoto.com\/blog\/wp-json\/wp\/v2\/types\/post"}],"author":[{"embeddable":true,"href":"http:\/\/desireemartinphoto.com\/blog\/wp-json\/wp\/v2\/users\/1"}],"replies":[{"embeddable":true,"href":"http:\/\/desireemartinphoto.com\/blog\/wp-json\/wp\/v2\/comments?post=4941"}],"version-history":[{"count":14,"href":"http:\/\/desireemartinphoto.com\/blog\/wp-json\/wp\/v2\/posts\/4941\/revisions"}],"predecessor-version":[{"id":4989,"href":"http:\/\/desireemartinphoto.com\/blog\/wp-json\/wp\/v2\/posts\/4941\/revisions\/4989"}],"wp:attachment":[{"href":"http:\/\/desireemartinphoto.com\/blog\/wp-json\/wp\/v2\/media?parent=4941"}],"wp:term":[{"taxonomy":"category","embeddable":true,"href":"http:\/\/desireemartinphoto.com\/blog\/wp-json\/wp\/v2\/categories?post=4941"},{"taxonomy":"post_tag","embeddable":true,"href":"http:\/\/desireemartinphoto.com\/blog\/wp-json\/wp\/v2\/tags?post=4941"}],"curies":[{"name":"wp","href":"https:\/\/api.w.org\/{rel}","templated":true}]}}