{"id":4829,"date":"2016-11-14T22:01:27","date_gmt":"2016-11-14T22:01:27","guid":{"rendered":"http:\/\/desireemartinphoto.com\/blog\/?p=4829"},"modified":"2016-11-14T22:01:27","modified_gmt":"2016-11-14T22:01:27","slug":"superluna-noviembre-2016-y-mi-plan-b","status":"publish","type":"post","link":"http:\/\/desireemartinphoto.com\/blog\/superluna-noviembre-2016-y-mi-plan-b\/","title":{"rendered":"Superluna noviembre 2016 y mi PLAN B"},"content":{"rendered":"<p>Tres d\u00edas subiendo al Parque Nacional de El Teide, una revisi\u00f3n que ni pa\u00b4qu\u00e9 de las app de astronom\u00eda, de chachi estrellas e hiperbr\u00fajulas espaciales de todo tipo, co\u00f1azo a todo el que conoc\u00eda que sab\u00eda un poco o mucho de este tema, movilizaci\u00f3n masiva de un grupo de amigos\/alumnos para una foto y &#8230; na!!!!<\/p>\n<p>El tiempo no acompa\u00f1\u00f3.. y lo que peor llevo es no verle las caritas a todas esas personas.. Gracias chicos!!<\/p>\n<p>Me vi sola trotando por el parque e\u00f3lico de El Por\u00eds de Abona en el sur de Tenerife ( una de las noches que baj\u00e9 de El Teide huyendo de una tormenta de narices, llegu\u00e9 all\u00ed y bueno.. no se era plan b, este se lo debo a Patri :*, gracias por animarme a ir aquella noche )<\/p>\n<p>Y ..esto logr\u00e9 a trancas y barrancas. Entre nubes and\u00f3 la superluna.<\/p>\n<p>Yo y mi relaci\u00f3n con <a href=\"http:\/\/desireemartinphoto.com\/blog\/eclipse-de-luna-de-sangre-y-discusion-sobre-etica-en-fotoperiodismo\/\" target=\"_blank\">la luna<\/a><\/p>\n<p>Nada de ediciones raras, la luna y su magia.<\/p>\n<p>Un abrazo, gente.<\/p>\n<p><img data-attachment-id=\"4836\" data-permalink=\"http:\/\/desireemartinphoto.com\/blog\/spain-supermoon\/\" data-orig-file=\"http:\/\/desireemartinphoto.com\/blog\/wp-content\/uploads\/2016\/11\/Superluna-141116-6-BLOG-b.jpg\" data-orig-size=\"550,367\" data-comments-opened=\"1\" data-image-meta=\"{&quot;aperture&quot;:&quot;5.6&quot;,&quot;credit&quot;:&quot;AFP&quot;,&quot;camera&quot;:&quot;NIKON D750&quot;,&quot;caption&quot;:&quot;The supermoon behind one of the mills of the wind farm of El Poris de Abona on the spanish canary island of Tenerife ,November 14, 2016.&quot;,&quot;created_timestamp&quot;:&quot;1479149131&quot;,&quot;copyright&quot;:&quot;ImageForum&quot;,&quot;focal_length&quot;:&quot;250&quot;,&quot;iso&quot;:&quot;2000&quot;,&quot;shutter_speed&quot;:&quot;0.05&quot;,&quot;title&quot;:&quot;SPAIN-SUPERMOON&quot;,&quot;orientation&quot;:&quot;1&quot;}\" data-image-title=\"\" data-image-description=\"\" data-medium-file=\"http:\/\/desireemartinphoto.com\/blog\/wp-content\/uploads\/2016\/11\/Superluna-141116-6-BLOG-b-300x200.jpg\" data-large-file=\"http:\/\/desireemartinphoto.com\/blog\/wp-content\/uploads\/2016\/11\/Superluna-141116-6-BLOG-b.jpg\" loading=\"lazy\" src=\"http:\/\/desireemartinphoto.com\/blog\/wp-content\/uploads\/2016\/11\/Superluna-141116-6-BLOG-b.jpg\" alt=\"\" width=\"550\" height=\"367\" class=\"alignleft size-full wp-image-4836\" srcset=\"http:\/\/desireemartinphoto.com\/blog\/wp-content\/uploads\/2016\/11\/Superluna-141116-6-BLOG-b.jpg 550w, http:\/\/desireemartinphoto.com\/blog\/wp-content\/uploads\/2016\/11\/Superluna-141116-6-BLOG-b-300x200.jpg 300w\" sizes=\"(max-width: 550px) 100vw, 550px\" \/><\/p>\n<p><img data-attachment-id=\"4837\" data-permalink=\"http:\/\/desireemartinphoto.com\/blog\/spain-supermoon-2\/\" data-orig-file=\"http:\/\/desireemartinphoto.com\/blog\/wp-content\/uploads\/2016\/11\/Superluna-141116-37-BLOG-b.jpg\" data-orig-size=\"550,367\" data-comments-opened=\"1\" data-image-meta=\"{&quot;aperture&quot;:&quot;6.3&quot;,&quot;credit&quot;:&quot;AFP&quot;,&quot;camera&quot;:&quot;NIKON D750&quot;,&quot;caption&quot;:&quot;The supermoon behind one of the mills of the wind farm of El Poris de Abona on the spanish canary island of Tenerife ,November 14, 2016.&quot;,&quot;created_timestamp&quot;:&quot;1479151193&quot;,&quot;copyright&quot;:&quot;ImageForum&quot;,&quot;focal_length&quot;:&quot;300&quot;,&quot;iso&quot;:&quot;2000&quot;,&quot;shutter_speed&quot;:&quot;0.025&quot;,&quot;title&quot;:&quot;SPAIN-SUPERMOON&quot;,&quot;orientation&quot;:&quot;1&quot;}\" data-image-title=\"\" data-image-description=\"\" data-medium-file=\"http:\/\/desireemartinphoto.com\/blog\/wp-content\/uploads\/2016\/11\/Superluna-141116-37-BLOG-b-300x200.jpg\" data-large-file=\"http:\/\/desireemartinphoto.com\/blog\/wp-content\/uploads\/2016\/11\/Superluna-141116-37-BLOG-b.jpg\" loading=\"lazy\" src=\"http:\/\/desireemartinphoto.com\/blog\/wp-content\/uploads\/2016\/11\/Superluna-141116-37-BLOG-b.jpg\" alt=\"\" width=\"550\" height=\"367\" class=\"alignleft size-full wp-image-4837\" srcset=\"http:\/\/desireemartinphoto.com\/blog\/wp-content\/uploads\/2016\/11\/Superluna-141116-37-BLOG-b.jpg 550w, http:\/\/desireemartinphoto.com\/blog\/wp-content\/uploads\/2016\/11\/Superluna-141116-37-BLOG-b-300x200.jpg 300w\" sizes=\"(max-width: 550px) 100vw, 550px\" \/><\/p>\n<p><img data-attachment-id=\"4838\" data-permalink=\"http:\/\/desireemartinphoto.com\/blog\/spain-supermoon-3\/\" data-orig-file=\"http:\/\/desireemartinphoto.com\/blog\/wp-content\/uploads\/2016\/11\/Superluna-141116-8-BLOG-b.jpg\" data-orig-size=\"550,367\" data-comments-opened=\"1\" data-image-meta=\"{&quot;aperture&quot;:&quot;5.6&quot;,&quot;credit&quot;:&quot;AFP&quot;,&quot;camera&quot;:&quot;NIKON D750&quot;,&quot;caption&quot;:&quot;The supermoon behind one of the mills of the wind farm of El Poris de Abona and the port of El Por\\u00eds in the background on the spanish canary island of Tenerife ,November 14, 2016.&quot;,&quot;created_timestamp&quot;:&quot;1479149159&quot;,&quot;copyright&quot;:&quot;ImageForum&quot;,&quot;focal_length&quot;:&quot;125&quot;,&quot;iso&quot;:&quot;2000&quot;,&quot;shutter_speed&quot;:&quot;0.2&quot;,&quot;title&quot;:&quot;SPAIN-SUPERMOON&quot;,&quot;orientation&quot;:&quot;1&quot;}\" data-image-title=\"\" data-image-description=\"\" data-medium-file=\"http:\/\/desireemartinphoto.com\/blog\/wp-content\/uploads\/2016\/11\/Superluna-141116-8-BLOG-b-300x200.jpg\" data-large-file=\"http:\/\/desireemartinphoto.com\/blog\/wp-content\/uploads\/2016\/11\/Superluna-141116-8-BLOG-b.jpg\" loading=\"lazy\" src=\"http:\/\/desireemartinphoto.com\/blog\/wp-content\/uploads\/2016\/11\/Superluna-141116-8-BLOG-b.jpg\" alt=\"\" width=\"550\" height=\"367\" class=\"alignleft size-full wp-image-4838\" srcset=\"http:\/\/desireemartinphoto.com\/blog\/wp-content\/uploads\/2016\/11\/Superluna-141116-8-BLOG-b.jpg 550w, http:\/\/desireemartinphoto.com\/blog\/wp-content\/uploads\/2016\/11\/Superluna-141116-8-BLOG-b-300x200.jpg 300w\" sizes=\"(max-width: 550px) 100vw, 550px\" \/><\/p>\n<p><img data-attachment-id=\"4839\" data-permalink=\"http:\/\/desireemartinphoto.com\/blog\/spain-supermoon-4\/\" data-orig-file=\"http:\/\/desireemartinphoto.com\/blog\/wp-content\/uploads\/2016\/11\/Superluna-141116-24-BLOGb.jpg\" data-orig-size=\"550,367\" data-comments-opened=\"1\" data-image-meta=\"{&quot;aperture&quot;:&quot;6.3&quot;,&quot;credit&quot;:&quot;AFP&quot;,&quot;camera&quot;:&quot;NIKON D750&quot;,&quot;caption&quot;:&quot;The supermoon behind one of the mills of the wind farm of El Poris de Abona and the port of El Por\\u00eds in the background on the spanish canary island of Tenerife ,November 14, 2016.&quot;,&quot;created_timestamp&quot;:&quot;1479150979&quot;,&quot;copyright&quot;:&quot;ImageForum&quot;,&quot;focal_length&quot;:&quot;95&quot;,&quot;iso&quot;:&quot;2000&quot;,&quot;shutter_speed&quot;:&quot;0.04&quot;,&quot;title&quot;:&quot;SPAIN-SUPERMOON&quot;,&quot;orientation&quot;:&quot;1&quot;}\" data-image-title=\"\" data-image-description=\"\" data-medium-file=\"http:\/\/desireemartinphoto.com\/blog\/wp-content\/uploads\/2016\/11\/Superluna-141116-24-BLOGb-300x200.jpg\" data-large-file=\"http:\/\/desireemartinphoto.com\/blog\/wp-content\/uploads\/2016\/11\/Superluna-141116-24-BLOGb.jpg\" loading=\"lazy\" src=\"http:\/\/desireemartinphoto.com\/blog\/wp-content\/uploads\/2016\/11\/Superluna-141116-24-BLOGb.jpg\" alt=\"\" width=\"550\" height=\"367\" class=\"alignleft size-full wp-image-4839\" srcset=\"http:\/\/desireemartinphoto.com\/blog\/wp-content\/uploads\/2016\/11\/Superluna-141116-24-BLOGb.jpg 550w, http:\/\/desireemartinphoto.com\/blog\/wp-content\/uploads\/2016\/11\/Superluna-141116-24-BLOGb-300x200.jpg 300w\" sizes=\"(max-width: 550px) 100vw, 550px\" \/><\/p>\n<p><img data-attachment-id=\"4840\" data-permalink=\"http:\/\/desireemartinphoto.com\/blog\/spain-supermoon-5\/\" data-orig-file=\"http:\/\/desireemartinphoto.com\/blog\/wp-content\/uploads\/2016\/11\/Superluna-141116-42-BLOG-b.jpg\" data-orig-size=\"550,751\" data-comments-opened=\"1\" data-image-meta=\"{&quot;aperture&quot;:&quot;6.3&quot;,&quot;credit&quot;:&quot;AFP&quot;,&quot;camera&quot;:&quot;NIKON D750&quot;,&quot;caption&quot;:&quot;The supermoon behind one of the mills of the wind farm of El Poris de Abona on the spanish canary island of Tenerife ,November 14, 2016.&quot;,&quot;created_timestamp&quot;:&quot;1479151213&quot;,&quot;copyright&quot;:&quot;ImageForum&quot;,&quot;focal_length&quot;:&quot;220&quot;,&quot;iso&quot;:&quot;2000&quot;,&quot;shutter_speed&quot;:&quot;0.066666666666667&quot;,&quot;title&quot;:&quot;SPAIN-SUPERMOON&quot;,&quot;orientation&quot;:&quot;1&quot;}\" data-image-title=\"\" data-image-description=\"\" data-medium-file=\"http:\/\/desireemartinphoto.com\/blog\/wp-content\/uploads\/2016\/11\/Superluna-141116-42-BLOG-b-220x300.jpg\" data-large-file=\"http:\/\/desireemartinphoto.com\/blog\/wp-content\/uploads\/2016\/11\/Superluna-141116-42-BLOG-b.jpg\" loading=\"lazy\" src=\"http:\/\/desireemartinphoto.com\/blog\/wp-content\/uploads\/2016\/11\/Superluna-141116-42-BLOG-b.jpg\" alt=\"\" width=\"550\" height=\"751\" class=\"alignleft size-full wp-image-4840\" srcset=\"http:\/\/desireemartinphoto.com\/blog\/wp-content\/uploads\/2016\/11\/Superluna-141116-42-BLOG-b.jpg 550w, http:\/\/desireemartinphoto.com\/blog\/wp-content\/uploads\/2016\/11\/Superluna-141116-42-BLOG-b-220x300.jpg 220w\" sizes=\"(max-width: 550px) 100vw, 550px\" \/><\/p>\n<div class=\"sharedaddy sd-sharing-enabled\"><div class=\"robots-nocontent sd-block sd-social sd-social-icon-text sd-sharing\"><h3 class=\"sd-title\">COMPARTE ESTO:<\/h3><div class=\"sd-content\"><ul><li class=\"share-facebook\"><a rel=\"nofollow noopener noreferrer\" data-shared=\"sharing-facebook-4829\" class=\"share-facebook sd-button share-icon\" href=\"http:\/\/desireemartinphoto.com\/blog\/superluna-noviembre-2016-y-mi-plan-b\/?share=facebook\" target=\"_blank\" title=\"Haz clic para compartir en Facebook\"><span>Facebook<\/span><\/a><\/li><li class=\"share-twitter\"><a rel=\"nofollow noopener noreferrer\" data-shared=\"sharing-twitter-4829\" class=\"share-twitter sd-button share-icon\" href=\"http:\/\/desireemartinphoto.com\/blog\/superluna-noviembre-2016-y-mi-plan-b\/?share=twitter\" target=\"_blank\" title=\"Haz clic para compartir en Twitter\"><span>Twitter<\/span><\/a><\/li><li class=\"share-email\"><a rel=\"nofollow noopener noreferrer\" data-shared=\"\" class=\"share-email sd-button share-icon\" href=\"http:\/\/desireemartinphoto.com\/blog\/superluna-noviembre-2016-y-mi-plan-b\/?share=email\" target=\"_blank\" title=\"Haz clic para enviar por correo electr\u00f3nico a un amigo\"><span>Correo electr\u00f3nico<\/span><\/a><\/li><li class=\"share-linkedin\"><a rel=\"nofollow noopener noreferrer\" data-shared=\"sharing-linkedin-4829\" class=\"share-linkedin sd-button share-icon\" href=\"http:\/\/desireemartinphoto.com\/blog\/superluna-noviembre-2016-y-mi-plan-b\/?share=linkedin\" target=\"_blank\" title=\"Haz clic para compartir en LinkedIn\"><span>LinkedIn<\/span><\/a><\/li><li class=\"share-tumblr\"><a rel=\"nofollow noopener noreferrer\" data-shared=\"\" class=\"share-tumblr sd-button share-icon\" href=\"http:\/\/desireemartinphoto.com\/blog\/superluna-noviembre-2016-y-mi-plan-b\/?share=tumblr\" target=\"_blank\" title=\"Haz clic para compartir en Tumblr\"><span>Tumblr<\/span><\/a><\/li><li class=\"share-end\"><\/li><\/ul><\/div><\/div><\/div>","protected":false},"excerpt":{"rendered":"<p>Tres d\u00edas subiendo al Parque Nacional de El Teide, una revisi\u00f3n que ni pa\u00b4qu\u00e9 de las app de astronom\u00eda, de chachi estrellas e hiperbr\u00fajulas espaciales de todo tipo, co\u00f1azo a todo el que conoc\u00eda que sab\u00eda un poco o mucho de este tema, movilizaci\u00f3n masiva de un grupo de amigos\/alumnos para una foto y &#8230; [&#038;hellip<\/p>\n<div class=\"sharedaddy sd-sharing-enabled\"><div class=\"robots-nocontent sd-block sd-social sd-social-icon-text sd-sharing\"><h3 class=\"sd-title\">COMPARTE ESTO:<\/h3><div class=\"sd-content\"><ul><li class=\"share-facebook\"><a rel=\"nofollow noopener noreferrer\" data-shared=\"sharing-facebook-4829\" class=\"share-facebook sd-button share-icon\" href=\"http:\/\/desireemartinphoto.com\/blog\/superluna-noviembre-2016-y-mi-plan-b\/?share=facebook\" target=\"_blank\" title=\"Haz clic para compartir en Facebook\"><span>Facebook<\/span><\/a><\/li><li class=\"share-twitter\"><a rel=\"nofollow noopener noreferrer\" data-shared=\"sharing-twitter-4829\" class=\"share-twitter sd-button share-icon\" href=\"http:\/\/desireemartinphoto.com\/blog\/superluna-noviembre-2016-y-mi-plan-b\/?share=twitter\" target=\"_blank\" title=\"Haz clic para compartir en Twitter\"><span>Twitter<\/span><\/a><\/li><li class=\"share-email\"><a rel=\"nofollow noopener noreferrer\" data-shared=\"\" class=\"share-email sd-button share-icon\" href=\"http:\/\/desireemartinphoto.com\/blog\/superluna-noviembre-2016-y-mi-plan-b\/?share=email\" target=\"_blank\" title=\"Haz clic para enviar por correo electr\u00f3nico a un amigo\"><span>Correo electr\u00f3nico<\/span><\/a><\/li><li class=\"share-linkedin\"><a rel=\"nofollow noopener noreferrer\" data-shared=\"sharing-linkedin-4829\" class=\"share-linkedin sd-button share-icon\" href=\"http:\/\/desireemartinphoto.com\/blog\/superluna-noviembre-2016-y-mi-plan-b\/?share=linkedin\" target=\"_blank\" title=\"Haz clic para compartir en LinkedIn\"><span>LinkedIn<\/span><\/a><\/li><li class=\"share-tumblr\"><a rel=\"nofollow noopener noreferrer\" data-shared=\"\" class=\"share-tumblr sd-button share-icon\" href=\"http:\/\/desireemartinphoto.com\/blog\/superluna-noviembre-2016-y-mi-plan-b\/?share=tumblr\" target=\"_blank\" title=\"Haz clic para compartir en Tumblr\"><span>Tumblr<\/span><\/a><\/li><li class=\"share-end\"><\/li><\/ul><\/div><\/div><\/div>","protected":false},"author":1,"featured_media":0,"comment_status":"open","ping_status":"open","sticky":false,"template":"","format":"standard","meta":{"spay_email":""},"categories":[1],"tags":[153,173,355,5,6,152,362,174,867,1037,1036,56],"jetpack_featured_media_url":"","jetpack_sharing_enabled":true,"_links":{"self":[{"href":"http:\/\/desireemartinphoto.com\/blog\/wp-json\/wp\/v2\/posts\/4829"}],"collection":[{"href":"http:\/\/desireemartinphoto.com\/blog\/wp-json\/wp\/v2\/posts"}],"about":[{"href":"http:\/\/desireemartinphoto.com\/blog\/wp-json\/wp\/v2\/types\/post"}],"author":[{"embeddable":true,"href":"http:\/\/desireemartinphoto.com\/blog\/wp-json\/wp\/v2\/users\/1"}],"replies":[{"embeddable":true,"href":"http:\/\/desireemartinphoto.com\/blog\/wp-json\/wp\/v2\/comments?post=4829"}],"version-history":[{"count":3,"href":"http:\/\/desireemartinphoto.com\/blog\/wp-json\/wp\/v2\/posts\/4829\/revisions"}],"predecessor-version":[{"id":4842,"href":"http:\/\/desireemartinphoto.com\/blog\/wp-json\/wp\/v2\/posts\/4829\/revisions\/4842"}],"wp:attachment":[{"href":"http:\/\/desireemartinphoto.com\/blog\/wp-json\/wp\/v2\/media?parent=4829"}],"wp:term":[{"taxonomy":"category","embeddable":true,"href":"http:\/\/desireemartinphoto.com\/blog\/wp-json\/wp\/v2\/categories?post=4829"},{"taxonomy":"post_tag","embeddable":true,"href":"http:\/\/desireemartinphoto.com\/blog\/wp-json\/wp\/v2\/tags?post=4829"}],"curies":[{"name":"wp","href":"https:\/\/api.w.org\/{rel}","templated":true}]}}