{"id":4739,"date":"2016-08-12T12:26:07","date_gmt":"2016-08-12T12:26:07","guid":{"rendered":"http:\/\/desireemartinphoto.com\/blog\/?p=4739"},"modified":"2016-08-12T12:26:47","modified_gmt":"2016-08-12T12:26:47","slug":"la-palma-incendio-forestal-de-solitarios","status":"publish","type":"post","link":"http:\/\/desireemartinphoto.com\/blog\/la-palma-incendio-forestal-de-solitarios\/","title":{"rendered":"La Palma, incendio forestal de SOLITARIOS."},"content":{"rendered":"<p>Han escrito mucho sobre el incendio forestal que a\u00fan contin\u00faa en la isla de La Palma: <\/p>\n<p>Provocado por Scott y su papel higi\u00e9nico, que si es lo peor, que no es para tanto&#8230;<br \/>\nque si Change.org y pidamos un hidroavi\u00f3n fijo aqu\u00ed, que no, que mejor helic\u00f3pteros,<br \/>\nque no, que mejor se pague mejor a los brigadistas y que contraten a m\u00e1s,<br \/>\nque se pod\u00eda haber atajado antes si dejaran a los vecinos actuar..<br \/>\nla Polic\u00eda Canaria, para qu\u00e9? ..<br \/>\nlos de la UME, d\u00f3nde se meten? ..<\/p>\n<p><strong>Y saben qu\u00e9?<\/strong>   .. yo viv\u00ed un incendio de solitarios, de hombres y mujeres casi a solas o con alg\u00fan miembro de su familia, escaqueados de la Guardia Civil o la Polic\u00eda Canaria, defendiendo, a oscuras, sus casa. <\/p>\n<p>Refrescando a ratos y con la mirada puesta en el monte.<\/p>\n<p>No digo que no trabajaran los medios enviados ( o locales ), pero no los vi, no me lo permitieron, alguna imagen logr\u00e9 tras m\u00e1s de 3 horas andando cumbre arriba ( escaqueada tambi\u00e9n, SI, ESCAQUEADA para hacer mi trabajo ).<\/p>\n<p>Much\u00edsimas gracias a todas la personas que me abrieron las puertas de sus casas, garajes o coches y me permitieron compartir unos instantes tan duros para ellos sin m\u00e1s.<\/p>\n<div class=\"tiled-gallery type-rectangular tiled-gallery-unresized\" data-original-width=\"500\" data-carousel-extra='{&quot;blog_id&quot;:1,&quot;permalink&quot;:&quot;http:\\\/\\\/desireemartinphoto.com\\\/blog\\\/la-palma-incendio-forestal-de-solitarios\\\/&quot;,&quot;likes_blog_id&quot;:85848509}' itemscope itemtype=\"http:\/\/schema.org\/ImageGallery\" > <div class=\"gallery-row\" style=\"width: 500px; height: 218px;\" data-original-width=\"500\" data-original-height=\"218\" > <div class=\"gallery-group images-2\" style=\"width: 176px; height: 218px;\" data-original-width=\"176\" data-original-height=\"218\" > <div class=\"tiled-gallery-item tiled-gallery-item-small\" itemprop=\"associatedMedia\" itemscope itemtype=\"http:\/\/schema.org\/ImageObject\"> <a href=\"http:\/\/desireemartinphoto.com\/blog\/spain-fire-lapalma\/\" border=\"0\" itemprop=\"url\"> <meta itemprop=\"width\" content=\"172\"> <meta itemprop=\"height\" content=\"107\"> <img data-attachment-id=\"4741\" data-orig-file=\"http:\/\/desireemartinphoto.com\/blog\/wp-content\/uploads\/2016\/08\/Incendio-La-Palma-BLOG-2016-01.jpg\" data-orig-size=\"550,341\" data-comments-opened=\"1\" data-image-meta=\"{&quot;aperture&quot;:&quot;0&quot;,&quot;credit&quot;:&quot;AFP&quot;,&quot;camera&quot;:&quot;&quot;,&quot;caption&quot;:&quot;A picture shows a view from a cockpit of dark clouds of smoke from a wildfire billowing over the town of Mazo on the spanish canary island of La Palma on August 4, 2016.&quot;,&quot;created_timestamp&quot;:&quot;1470296134&quot;,&quot;copyright&quot;:&quot;ImageForum&quot;,&quot;focal_length&quot;:&quot;0&quot;,&quot;iso&quot;:&quot;0&quot;,&quot;shutter_speed&quot;:&quot;0&quot;,&quot;title&quot;:&quot;SPAIN-FIRE-LAPALMA&quot;,&quot;orientation&quot;:&quot;1&quot;}\" data-image-title=\"\" data-image-description=\"\" data-medium-file=\"http:\/\/desireemartinphoto.com\/blog\/wp-content\/uploads\/2016\/08\/Incendio-La-Palma-BLOG-2016-01-300x186.jpg\" data-large-file=\"http:\/\/desireemartinphoto.com\/blog\/wp-content\/uploads\/2016\/08\/Incendio-La-Palma-BLOG-2016-01.jpg\" src=\"https:\/\/i1.wp.com\/desireemartinphoto.com\/blog\/wp-content\/uploads\/2016\/08\/Incendio-La-Palma-BLOG-2016-01.jpg?w=172&#038;h=107\" width=\"172\" height=\"107\" data-original-width=\"172\" data-original-height=\"107\" itemprop=\"http:\/\/schema.org\/image\" title=\"\" alt=\"Desde el avi\u00f3n, llegando a La Palma.\" style=\"width: 172px; height: 107px;\" \/> <\/a> <div class=\"tiled-gallery-caption\" itemprop=\"caption description\"> Desde el avi\u00f3n, llegando a La Palma. <\/div> <\/div> <div class=\"tiled-gallery-item tiled-gallery-item-small\" itemprop=\"associatedMedia\" itemscope itemtype=\"http:\/\/schema.org\/ImageObject\"> <a href=\"http:\/\/desireemartinphoto.com\/blog\/spain-fire-lapalma-2\/\" border=\"0\" itemprop=\"url\"> <meta itemprop=\"width\" content=\"172\"> <meta itemprop=\"height\" content=\"103\"> <img data-attachment-id=\"4742\" data-orig-file=\"http:\/\/desireemartinphoto.com\/blog\/wp-content\/uploads\/2016\/08\/Incendio-La-Palma-BLOG-2016-02.jpg\" data-orig-size=\"550,330\" data-comments-opened=\"1\" data-image-meta=\"{&quot;aperture&quot;:&quot;0&quot;,&quot;credit&quot;:&quot;AFP&quot;,&quot;camera&quot;:&quot;&quot;,&quot;caption&quot;:&quot;Smoke rises from a wildfire raging on the outskirts of the town of El Paso on the Spanish Canary island of La Palma early on August 4, 2016 .&quot;,&quot;created_timestamp&quot;:&quot;1470304202&quot;,&quot;copyright&quot;:&quot;ImageForum&quot;,&quot;focal_length&quot;:&quot;0&quot;,&quot;iso&quot;:&quot;0&quot;,&quot;shutter_speed&quot;:&quot;0&quot;,&quot;title&quot;:&quot;SPAIN-FIRE-LAPALMA&quot;,&quot;orientation&quot;:&quot;1&quot;}\" data-image-title=\"Carretera hacia Tacande.\" data-image-description=\"\" data-medium-file=\"http:\/\/desireemartinphoto.com\/blog\/wp-content\/uploads\/2016\/08\/Incendio-La-Palma-BLOG-2016-02-300x180.jpg\" data-large-file=\"http:\/\/desireemartinphoto.com\/blog\/wp-content\/uploads\/2016\/08\/Incendio-La-Palma-BLOG-2016-02.jpg\" src=\"https:\/\/i2.wp.com\/desireemartinphoto.com\/blog\/wp-content\/uploads\/2016\/08\/Incendio-La-Palma-BLOG-2016-02.jpg?w=172&#038;h=103\" width=\"172\" height=\"103\" data-original-width=\"172\" data-original-height=\"103\" itemprop=\"http:\/\/schema.org\/image\" title=\"Carretera hacia Tacande.\" alt=\"Carretera hacia Tacande.\" style=\"width: 172px; height: 103px;\" \/> <\/a> <\/div> <\/div> <!-- close group --> <div class=\"gallery-group images-1\" style=\"width: 324px; height: 218px;\" data-original-width=\"324\" data-original-height=\"218\" > <div class=\"tiled-gallery-item tiled-gallery-item-large\" itemprop=\"associatedMedia\" itemscope itemtype=\"http:\/\/schema.org\/ImageObject\"> <a href=\"http:\/\/desireemartinphoto.com\/blog\/spain-fire-lapalma-3\/\" border=\"0\" itemprop=\"url\"> <meta itemprop=\"width\" content=\"320\"> <meta itemprop=\"height\" content=\"214\"> <img data-attachment-id=\"4743\" data-orig-file=\"http:\/\/desireemartinphoto.com\/blog\/wp-content\/uploads\/2016\/08\/Incendio-La-Palma-BLOG-2016-03.jpg\" data-orig-size=\"550,367\" data-comments-opened=\"1\" data-image-meta=\"{&quot;aperture&quot;:&quot;0&quot;,&quot;credit&quot;:&quot;AFP&quot;,&quot;camera&quot;:&quot;&quot;,&quot;caption&quot;:&quot;Smoke rises from a wildfire raging on the outskirts of the town of El Paso on the Spanish Canary island of La Palma early on August 4, 2016 .&quot;,&quot;created_timestamp&quot;:&quot;1470304286&quot;,&quot;copyright&quot;:&quot;ImageForum&quot;,&quot;focal_length&quot;:&quot;0&quot;,&quot;iso&quot;:&quot;0&quot;,&quot;shutter_speed&quot;:&quot;0&quot;,&quot;title&quot;:&quot;SPAIN-FIRE-LAPALMA&quot;,&quot;orientation&quot;:&quot;1&quot;}\" data-image-title=\"Las Manchas &#8211; Jedey.\" data-image-description=\"\" data-medium-file=\"http:\/\/desireemartinphoto.com\/blog\/wp-content\/uploads\/2016\/08\/Incendio-La-Palma-BLOG-2016-03-300x200.jpg\" data-large-file=\"http:\/\/desireemartinphoto.com\/blog\/wp-content\/uploads\/2016\/08\/Incendio-La-Palma-BLOG-2016-03.jpg\" src=\"https:\/\/i1.wp.com\/desireemartinphoto.com\/blog\/wp-content\/uploads\/2016\/08\/Incendio-La-Palma-BLOG-2016-03.jpg?w=320&#038;h=214\" width=\"320\" height=\"214\" data-original-width=\"320\" data-original-height=\"214\" itemprop=\"http:\/\/schema.org\/image\" title=\"Las Manchas - Jedey.\" alt=\"Las Manchas - Jedey.\" style=\"width: 320px; height: 214px;\" \/> <\/a> <\/div> <\/div> <!-- close group --> <\/div> <!-- close row --> <div class=\"gallery-row\" style=\"width: 500px; height: 228px;\" data-original-width=\"500\" data-original-height=\"228\" > <div class=\"gallery-group images-2\" style=\"width: 177px; height: 228px;\" data-original-width=\"177\" data-original-height=\"228\" > <div class=\"tiled-gallery-item tiled-gallery-item-small\" itemprop=\"associatedMedia\" itemscope itemtype=\"http:\/\/schema.org\/ImageObject\"> <a href=\"http:\/\/desireemartinphoto.com\/blog\/incendio-la-palma-blog-2016-04\/\" border=\"0\" itemprop=\"url\"> <meta itemprop=\"width\" content=\"173\"> <meta itemprop=\"height\" content=\"104\"> <img data-attachment-id=\"4744\" data-orig-file=\"http:\/\/desireemartinphoto.com\/blog\/wp-content\/uploads\/2016\/08\/Incendio-La-Palma-BLOG-2016-04.jpg\" data-orig-size=\"550,332\" data-comments-opened=\"1\" data-image-meta=\"{&quot;aperture&quot;:&quot;0&quot;,&quot;credit&quot;:&quot;&quot;,&quot;camera&quot;:&quot;&quot;,&quot;caption&quot;:&quot;&quot;,&quot;created_timestamp&quot;:&quot;1470992024&quot;,&quot;copyright&quot;:&quot;&quot;,&quot;focal_length&quot;:&quot;0&quot;,&quot;iso&quot;:&quot;0&quot;,&quot;shutter_speed&quot;:&quot;0&quot;,&quot;title&quot;:&quot;&quot;,&quot;orientation&quot;:&quot;1&quot;}\" data-image-title=\"Las Manchas &#8211; Jedey.\" data-image-description=\"\" data-medium-file=\"http:\/\/desireemartinphoto.com\/blog\/wp-content\/uploads\/2016\/08\/Incendio-La-Palma-BLOG-2016-04-300x181.jpg\" data-large-file=\"http:\/\/desireemartinphoto.com\/blog\/wp-content\/uploads\/2016\/08\/Incendio-La-Palma-BLOG-2016-04.jpg\" src=\"https:\/\/i1.wp.com\/desireemartinphoto.com\/blog\/wp-content\/uploads\/2016\/08\/Incendio-La-Palma-BLOG-2016-04.jpg?w=173&#038;h=104\" width=\"173\" height=\"104\" data-original-width=\"173\" data-original-height=\"104\" itemprop=\"http:\/\/schema.org\/image\" title=\"Las Manchas - Jedey.\" alt=\"Las Manchas - Jedey.\" style=\"width: 173px; height: 104px;\" \/> <\/a> <\/div> <div class=\"tiled-gallery-item tiled-gallery-item-small\" itemprop=\"associatedMedia\" itemscope itemtype=\"http:\/\/schema.org\/ImageObject\"> <a href=\"http:\/\/desireemartinphoto.com\/blog\/incendio-la-palma-blog-2016-05\/\" border=\"0\" itemprop=\"url\"> <meta itemprop=\"width\" content=\"173\"> <meta itemprop=\"height\" content=\"116\"> <img data-attachment-id=\"4745\" data-orig-file=\"http:\/\/desireemartinphoto.com\/blog\/wp-content\/uploads\/2016\/08\/Incendio-La-Palma-BLOG-2016-05.jpg\" data-orig-size=\"550,367\" data-comments-opened=\"1\" data-image-meta=\"{&quot;aperture&quot;:&quot;0&quot;,&quot;credit&quot;:&quot;&quot;,&quot;camera&quot;:&quot;&quot;,&quot;caption&quot;:&quot;&quot;,&quot;created_timestamp&quot;:&quot;1470915892&quot;,&quot;copyright&quot;:&quot;&quot;,&quot;focal_length&quot;:&quot;0&quot;,&quot;iso&quot;:&quot;0&quot;,&quot;shutter_speed&quot;:&quot;0&quot;,&quot;title&quot;:&quot;&quot;,&quot;orientation&quot;:&quot;1&quot;}\" data-image-title=\"Las Manchas &#8211; Jedey.\" data-image-description=\"\" data-medium-file=\"http:\/\/desireemartinphoto.com\/blog\/wp-content\/uploads\/2016\/08\/Incendio-La-Palma-BLOG-2016-05-300x200.jpg\" data-large-file=\"http:\/\/desireemartinphoto.com\/blog\/wp-content\/uploads\/2016\/08\/Incendio-La-Palma-BLOG-2016-05.jpg\" src=\"https:\/\/i0.wp.com\/desireemartinphoto.com\/blog\/wp-content\/uploads\/2016\/08\/Incendio-La-Palma-BLOG-2016-05.jpg?w=173&#038;h=116\" width=\"173\" height=\"116\" data-original-width=\"173\" data-original-height=\"116\" itemprop=\"http:\/\/schema.org\/image\" title=\"Las Manchas - Jedey.\" alt=\"En ese lugar se instal\u00f3 el &quot;puesto avanzado&quot;, desde el que se coordinaba la extinci\u00f3n del incendio..\" style=\"width: 173px; height: 116px;\" \/> <\/a> <div class=\"tiled-gallery-caption\" itemprop=\"caption description\"> En ese lugar se instal\u00f3 el &#8220;puesto avanzado&#8221;, desde el que se coordinaba la extinci\u00f3n del incendio.. <\/div> <\/div> <\/div> <!-- close group --> <div class=\"gallery-group images-1\" style=\"width: 154px; height: 228px;\" data-original-width=\"154\" data-original-height=\"228\" > <div class=\"tiled-gallery-item tiled-gallery-item-small\" itemprop=\"associatedMedia\" itemscope itemtype=\"http:\/\/schema.org\/ImageObject\"> <a href=\"http:\/\/desireemartinphoto.com\/blog\/incendio-la-palma-blog-2016-06\/\" border=\"0\" itemprop=\"url\"> <meta itemprop=\"width\" content=\"150\"> <meta itemprop=\"height\" content=\"224\"> <img data-attachment-id=\"4746\" data-orig-file=\"http:\/\/desireemartinphoto.com\/blog\/wp-content\/uploads\/2016\/08\/Incendio-La-Palma-BLOG-2016-06.jpg\" data-orig-size=\"550,825\" data-comments-opened=\"1\" data-image-meta=\"{&quot;aperture&quot;:&quot;0&quot;,&quot;credit&quot;:&quot;&quot;,&quot;camera&quot;:&quot;&quot;,&quot;caption&quot;:&quot;&quot;,&quot;created_timestamp&quot;:&quot;1470314948&quot;,&quot;copyright&quot;:&quot;&quot;,&quot;focal_length&quot;:&quot;0&quot;,&quot;iso&quot;:&quot;0&quot;,&quot;shutter_speed&quot;:&quot;0&quot;,&quot;title&quot;:&quot;&quot;,&quot;orientation&quot;:&quot;1&quot;}\" data-image-title=\"Las Manchas &#8211; Jedey\" data-image-description=\"\" data-medium-file=\"http:\/\/desireemartinphoto.com\/blog\/wp-content\/uploads\/2016\/08\/Incendio-La-Palma-BLOG-2016-06-200x300.jpg\" data-large-file=\"http:\/\/desireemartinphoto.com\/blog\/wp-content\/uploads\/2016\/08\/Incendio-La-Palma-BLOG-2016-06.jpg\" src=\"https:\/\/i1.wp.com\/desireemartinphoto.com\/blog\/wp-content\/uploads\/2016\/08\/Incendio-La-Palma-BLOG-2016-06.jpg?w=150&#038;h=224\" width=\"150\" height=\"224\" data-original-width=\"150\" data-original-height=\"224\" itemprop=\"http:\/\/schema.org\/image\" title=\"Las Manchas - Jedey\" alt=\"Miembros del UME.\" style=\"width: 150px; height: 224px;\" \/> <\/a> <div class=\"tiled-gallery-caption\" itemprop=\"caption description\"> Miembros del UME. <\/div> <\/div> <\/div> <!-- close group --> <div class=\"gallery-group images-2\" style=\"width: 169px; height: 228px;\" data-original-width=\"169\" data-original-height=\"228\" > <div class=\"tiled-gallery-item tiled-gallery-item-small\" itemprop=\"associatedMedia\" itemscope itemtype=\"http:\/\/schema.org\/ImageObject\"> <a href=\"http:\/\/desireemartinphoto.com\/blog\/incendio-la-palma-blog-2016-07\/\" border=\"0\" itemprop=\"url\"> <meta itemprop=\"width\" content=\"165\"> <meta itemprop=\"height\" content=\"110\"> <img data-attachment-id=\"4747\" data-orig-file=\"http:\/\/desireemartinphoto.com\/blog\/wp-content\/uploads\/2016\/08\/Incendio-La-Palma-BLOG-2016-07.jpg\" data-orig-size=\"550,367\" data-comments-opened=\"1\" data-image-meta=\"{&quot;aperture&quot;:&quot;0&quot;,&quot;credit&quot;:&quot;&quot;,&quot;camera&quot;:&quot;&quot;,&quot;caption&quot;:&quot;&quot;,&quot;created_timestamp&quot;:&quot;1470314917&quot;,&quot;copyright&quot;:&quot;&quot;,&quot;focal_length&quot;:&quot;0&quot;,&quot;iso&quot;:&quot;0&quot;,&quot;shutter_speed&quot;:&quot;0&quot;,&quot;title&quot;:&quot;&quot;,&quot;orientation&quot;:&quot;1&quot;}\" data-image-title=\"Las Manchas &#8211; Jedey\" data-image-description=\"\" data-medium-file=\"http:\/\/desireemartinphoto.com\/blog\/wp-content\/uploads\/2016\/08\/Incendio-La-Palma-BLOG-2016-07-300x200.jpg\" data-large-file=\"http:\/\/desireemartinphoto.com\/blog\/wp-content\/uploads\/2016\/08\/Incendio-La-Palma-BLOG-2016-07.jpg\" src=\"https:\/\/i1.wp.com\/desireemartinphoto.com\/blog\/wp-content\/uploads\/2016\/08\/Incendio-La-Palma-BLOG-2016-07.jpg?w=165&#038;h=110\" width=\"165\" height=\"110\" data-original-width=\"165\" data-original-height=\"110\" itemprop=\"http:\/\/schema.org\/image\" title=\"Las Manchas - Jedey\" alt=\"Las Manchas - Jedey\" style=\"width: 165px; height: 110px;\" \/> <\/a> <\/div> <div class=\"tiled-gallery-item tiled-gallery-item-small\" itemprop=\"associatedMedia\" itemscope itemtype=\"http:\/\/schema.org\/ImageObject\"> <a href=\"http:\/\/desireemartinphoto.com\/blog\/incendio-la-palma-blog-2016-08\/\" border=\"0\" itemprop=\"url\"> <meta itemprop=\"width\" content=\"165\"> <meta itemprop=\"height\" content=\"110\"> <img data-attachment-id=\"4748\" data-orig-file=\"http:\/\/desireemartinphoto.com\/blog\/wp-content\/uploads\/2016\/08\/Incendio-La-Palma-BLOG-2016-08.jpg\" data-orig-size=\"550,367\" data-comments-opened=\"1\" data-image-meta=\"{&quot;aperture&quot;:&quot;0&quot;,&quot;credit&quot;:&quot;&quot;,&quot;camera&quot;:&quot;&quot;,&quot;caption&quot;:&quot;&quot;,&quot;created_timestamp&quot;:&quot;1470304209&quot;,&quot;copyright&quot;:&quot;&quot;,&quot;focal_length&quot;:&quot;0&quot;,&quot;iso&quot;:&quot;0&quot;,&quot;shutter_speed&quot;:&quot;0&quot;,&quot;title&quot;:&quot;&quot;,&quot;orientation&quot;:&quot;1&quot;}\" data-image-title=\"Las Manchas &#8211; Jedey\" data-image-description=\"\" data-medium-file=\"http:\/\/desireemartinphoto.com\/blog\/wp-content\/uploads\/2016\/08\/Incendio-La-Palma-BLOG-2016-08-300x200.jpg\" data-large-file=\"http:\/\/desireemartinphoto.com\/blog\/wp-content\/uploads\/2016\/08\/Incendio-La-Palma-BLOG-2016-08.jpg\" src=\"https:\/\/i0.wp.com\/desireemartinphoto.com\/blog\/wp-content\/uploads\/2016\/08\/Incendio-La-Palma-BLOG-2016-08.jpg?w=165&#038;h=110\" width=\"165\" height=\"110\" data-original-width=\"165\" data-original-height=\"110\" itemprop=\"http:\/\/schema.org\/image\" title=\"Las Manchas - Jedey\" alt=\"Las Manchas - Jedey\" style=\"width: 165px; height: 110px;\" \/> <\/a> <\/div> <\/div> <!-- close group --> <\/div> <!-- close row --> <div class=\"gallery-row\" style=\"width: 500px; height: 222px;\" data-original-width=\"500\" data-original-height=\"222\" > <div class=\"gallery-group images-1\" style=\"width: 331px; height: 222px;\" data-original-width=\"331\" data-original-height=\"222\" > <div class=\"tiled-gallery-item tiled-gallery-item-large\" itemprop=\"associatedMedia\" itemscope itemtype=\"http:\/\/schema.org\/ImageObject\"> <a href=\"http:\/\/desireemartinphoto.com\/blog\/incendio-la-palma-blog-2016-09\/\" border=\"0\" itemprop=\"url\"> <meta itemprop=\"width\" content=\"327\"> <meta itemprop=\"height\" content=\"218\"> <img data-attachment-id=\"4749\" data-orig-file=\"http:\/\/desireemartinphoto.com\/blog\/wp-content\/uploads\/2016\/08\/Incendio-La-Palma-BLOG-2016-09.jpg\" data-orig-size=\"550,367\" data-comments-opened=\"1\" data-image-meta=\"{&quot;aperture&quot;:&quot;0&quot;,&quot;credit&quot;:&quot;&quot;,&quot;camera&quot;:&quot;&quot;,&quot;caption&quot;:&quot;&quot;,&quot;created_timestamp&quot;:&quot;1470314932&quot;,&quot;copyright&quot;:&quot;&quot;,&quot;focal_length&quot;:&quot;0&quot;,&quot;iso&quot;:&quot;0&quot;,&quot;shutter_speed&quot;:&quot;0&quot;,&quot;title&quot;:&quot;&quot;,&quot;orientation&quot;:&quot;1&quot;}\" data-image-title=\"Las Manchas &#8211; Jedey\" data-image-description=\"\" data-medium-file=\"http:\/\/desireemartinphoto.com\/blog\/wp-content\/uploads\/2016\/08\/Incendio-La-Palma-BLOG-2016-09-300x200.jpg\" data-large-file=\"http:\/\/desireemartinphoto.com\/blog\/wp-content\/uploads\/2016\/08\/Incendio-La-Palma-BLOG-2016-09.jpg\" src=\"https:\/\/i2.wp.com\/desireemartinphoto.com\/blog\/wp-content\/uploads\/2016\/08\/Incendio-La-Palma-BLOG-2016-09.jpg?w=327&#038;h=218\" width=\"327\" height=\"218\" data-original-width=\"327\" data-original-height=\"218\" itemprop=\"http:\/\/schema.org\/image\" title=\"Las Manchas - Jedey\" alt=\"Las Manchas - Jedey\" style=\"width: 327px; height: 218px;\" \/> <\/a> <\/div> <\/div> <!-- close group --> <div class=\"gallery-group images-2\" style=\"width: 169px; height: 222px;\" data-original-width=\"169\" data-original-height=\"222\" > <div class=\"tiled-gallery-item tiled-gallery-item-small\" itemprop=\"associatedMedia\" itemscope itemtype=\"http:\/\/schema.org\/ImageObject\"> <a href=\"http:\/\/desireemartinphoto.com\/blog\/incendio-la-palma-blog-2016-10\/\" border=\"0\" itemprop=\"url\"> <meta itemprop=\"width\" content=\"165\"> <meta itemprop=\"height\" content=\"107\"> <img data-attachment-id=\"4750\" data-orig-file=\"http:\/\/desireemartinphoto.com\/blog\/wp-content\/uploads\/2016\/08\/Incendio-La-Palma-BLOG-2016-10.jpg\" data-orig-size=\"550,358\" data-comments-opened=\"1\" data-image-meta=\"{&quot;aperture&quot;:&quot;0&quot;,&quot;credit&quot;:&quot;&quot;,&quot;camera&quot;:&quot;&quot;,&quot;caption&quot;:&quot;&quot;,&quot;created_timestamp&quot;:&quot;1470915936&quot;,&quot;copyright&quot;:&quot;&quot;,&quot;focal_length&quot;:&quot;0&quot;,&quot;iso&quot;:&quot;0&quot;,&quot;shutter_speed&quot;:&quot;0&quot;,&quot;title&quot;:&quot;&quot;,&quot;orientation&quot;:&quot;1&quot;}\" data-image-title=\"Las Manchas &#8211; Jedey\" data-image-description=\"\" data-medium-file=\"http:\/\/desireemartinphoto.com\/blog\/wp-content\/uploads\/2016\/08\/Incendio-La-Palma-BLOG-2016-10-300x195.jpg\" data-large-file=\"http:\/\/desireemartinphoto.com\/blog\/wp-content\/uploads\/2016\/08\/Incendio-La-Palma-BLOG-2016-10.jpg\" src=\"https:\/\/i2.wp.com\/desireemartinphoto.com\/blog\/wp-content\/uploads\/2016\/08\/Incendio-La-Palma-BLOG-2016-10.jpg?w=165&#038;h=107\" width=\"165\" height=\"107\" data-original-width=\"165\" data-original-height=\"107\" itemprop=\"http:\/\/schema.org\/image\" title=\"Las Manchas - Jedey\" alt=\"Las Manchas - Jedey\" style=\"width: 165px; height: 107px;\" \/> <\/a> <\/div> <div class=\"tiled-gallery-item tiled-gallery-item-small\" itemprop=\"associatedMedia\" itemscope itemtype=\"http:\/\/schema.org\/ImageObject\"> <a href=\"http:\/\/desireemartinphoto.com\/blog\/incendio-la-palma-blog-2016-12\/\" border=\"0\" itemprop=\"url\"> <meta itemprop=\"width\" content=\"165\"> <meta itemprop=\"height\" content=\"107\"> <img data-attachment-id=\"4752\" data-orig-file=\"http:\/\/desireemartinphoto.com\/blog\/wp-content\/uploads\/2016\/08\/Incendio-La-Palma-BLOG-2016-12.jpg\" data-orig-size=\"550,355\" data-comments-opened=\"1\" data-image-meta=\"{&quot;aperture&quot;:&quot;0&quot;,&quot;credit&quot;:&quot;&quot;,&quot;camera&quot;:&quot;&quot;,&quot;caption&quot;:&quot;&quot;,&quot;created_timestamp&quot;:&quot;1470915972&quot;,&quot;copyright&quot;:&quot;&quot;,&quot;focal_length&quot;:&quot;0&quot;,&quot;iso&quot;:&quot;0&quot;,&quot;shutter_speed&quot;:&quot;0&quot;,&quot;title&quot;:&quot;&quot;,&quot;orientation&quot;:&quot;1&quot;}\" data-image-title=\"Las Manchas &#8211; Jedey\" data-image-description=\"\" data-medium-file=\"http:\/\/desireemartinphoto.com\/blog\/wp-content\/uploads\/2016\/08\/Incendio-La-Palma-BLOG-2016-12-300x194.jpg\" data-large-file=\"http:\/\/desireemartinphoto.com\/blog\/wp-content\/uploads\/2016\/08\/Incendio-La-Palma-BLOG-2016-12.jpg\" src=\"https:\/\/i1.wp.com\/desireemartinphoto.com\/blog\/wp-content\/uploads\/2016\/08\/Incendio-La-Palma-BLOG-2016-12.jpg?w=165&#038;h=107\" width=\"165\" height=\"107\" data-original-width=\"165\" data-original-height=\"107\" itemprop=\"http:\/\/schema.org\/image\" title=\"Las Manchas - Jedey\" alt=\"Decenas de grajas huyen de los altos de Jedey.\" style=\"width: 165px; height: 107px;\" \/> <\/a> <div class=\"tiled-gallery-caption\" itemprop=\"caption description\"> Decenas de grajas huyen de los altos de Jedey. <\/div> <\/div> <\/div> <!-- close group --> <\/div> <!-- close row --> <div class=\"gallery-row\" style=\"width: 500px; height: 295px;\" data-original-width=\"500\" data-original-height=\"295\" > <div class=\"gallery-group images-3\" style=\"width: 150px; height: 295px;\" data-original-width=\"150\" data-original-height=\"295\" > <div class=\"tiled-gallery-item tiled-gallery-item-small\" itemprop=\"associatedMedia\" itemscope itemtype=\"http:\/\/schema.org\/ImageObject\"> <a href=\"http:\/\/desireemartinphoto.com\/blog\/incendio-la-palma-blog-2016-13\/\" border=\"0\" itemprop=\"url\"> <meta itemprop=\"width\" content=\"146\"> <meta itemprop=\"height\" content=\"88\"> <img data-attachment-id=\"4753\" data-orig-file=\"http:\/\/desireemartinphoto.com\/blog\/wp-content\/uploads\/2016\/08\/Incendio-La-Palma-BLOG-2016-13.jpg\" data-orig-size=\"550,333\" data-comments-opened=\"1\" data-image-meta=\"{&quot;aperture&quot;:&quot;0&quot;,&quot;credit&quot;:&quot;&quot;,&quot;camera&quot;:&quot;&quot;,&quot;caption&quot;:&quot;&quot;,&quot;created_timestamp&quot;:&quot;1470916015&quot;,&quot;copyright&quot;:&quot;&quot;,&quot;focal_length&quot;:&quot;0&quot;,&quot;iso&quot;:&quot;0&quot;,&quot;shutter_speed&quot;:&quot;0&quot;,&quot;title&quot;:&quot;&quot;,&quot;orientation&quot;:&quot;1&quot;}\" data-image-title=\"Los Romanciaderos.\" data-image-description=\"\" data-medium-file=\"http:\/\/desireemartinphoto.com\/blog\/wp-content\/uploads\/2016\/08\/Incendio-La-Palma-BLOG-2016-13-300x182.jpg\" data-large-file=\"http:\/\/desireemartinphoto.com\/blog\/wp-content\/uploads\/2016\/08\/Incendio-La-Palma-BLOG-2016-13.jpg\" src=\"https:\/\/i0.wp.com\/desireemartinphoto.com\/blog\/wp-content\/uploads\/2016\/08\/Incendio-La-Palma-BLOG-2016-13.jpg?w=146&#038;h=88\" width=\"146\" height=\"88\" data-original-width=\"146\" data-original-height=\"88\" itemprop=\"http:\/\/schema.org\/image\" title=\"Los Romanciaderos.\" alt=\"Una familia intenta defender su bodega del fuego, tras la descarga de un helic\u00f3ptero Kamov.\" style=\"width: 146px; height: 88px;\" \/> <\/a> <div class=\"tiled-gallery-caption\" itemprop=\"caption description\"> Una familia intenta defender su bodega del fuego, tras la descarga de un helic\u00f3ptero Kamov. <\/div> <\/div> <div class=\"tiled-gallery-item tiled-gallery-item-small\" itemprop=\"associatedMedia\" itemscope itemtype=\"http:\/\/schema.org\/ImageObject\"> <a href=\"http:\/\/desireemartinphoto.com\/blog\/incendio-la-palma-blog-2016-14\/\" border=\"0\" itemprop=\"url\"> <meta itemprop=\"width\" content=\"146\"> <meta itemprop=\"height\" content=\"97\"> <img data-attachment-id=\"4754\" data-orig-file=\"http:\/\/desireemartinphoto.com\/blog\/wp-content\/uploads\/2016\/08\/Incendio-La-Palma-BLOG-2016-14.jpg\" data-orig-size=\"550,367\" data-comments-opened=\"1\" data-image-meta=\"{&quot;aperture&quot;:&quot;0&quot;,&quot;credit&quot;:&quot;&quot;,&quot;camera&quot;:&quot;&quot;,&quot;caption&quot;:&quot;&quot;,&quot;created_timestamp&quot;:&quot;1470916049&quot;,&quot;copyright&quot;:&quot;&quot;,&quot;focal_length&quot;:&quot;0&quot;,&quot;iso&quot;:&quot;0&quot;,&quot;shutter_speed&quot;:&quot;0&quot;,&quot;title&quot;:&quot;&quot;,&quot;orientation&quot;:&quot;1&quot;}\" data-image-title=\"Los Romanciaderos.\" data-image-description=\"\" data-medium-file=\"http:\/\/desireemartinphoto.com\/blog\/wp-content\/uploads\/2016\/08\/Incendio-La-Palma-BLOG-2016-14-300x200.jpg\" data-large-file=\"http:\/\/desireemartinphoto.com\/blog\/wp-content\/uploads\/2016\/08\/Incendio-La-Palma-BLOG-2016-14.jpg\" src=\"https:\/\/i0.wp.com\/desireemartinphoto.com\/blog\/wp-content\/uploads\/2016\/08\/Incendio-La-Palma-BLOG-2016-14.jpg?w=146&#038;h=97\" width=\"146\" height=\"97\" data-original-width=\"146\" data-original-height=\"97\" itemprop=\"http:\/\/schema.org\/image\" title=\"Los Romanciaderos.\" alt=\"Miembros del UME.\" style=\"width: 146px; height: 97px;\" \/> <\/a> <div class=\"tiled-gallery-caption\" itemprop=\"caption description\"> Miembros del UME. <\/div> <\/div> <div class=\"tiled-gallery-item tiled-gallery-item-small\" itemprop=\"associatedMedia\" itemscope itemtype=\"http:\/\/schema.org\/ImageObject\"> <a href=\"http:\/\/desireemartinphoto.com\/blog\/incendio-la-palma-blog-2016-15\/\" border=\"0\" itemprop=\"url\"> <meta itemprop=\"width\" content=\"146\"> <meta itemprop=\"height\" content=\"98\"> <img data-attachment-id=\"4755\" data-orig-file=\"http:\/\/desireemartinphoto.com\/blog\/wp-content\/uploads\/2016\/08\/Incendio-La-Palma-BLOG-2016-15.jpg\" data-orig-size=\"550,367\" data-comments-opened=\"1\" data-image-meta=\"{&quot;aperture&quot;:&quot;0&quot;,&quot;credit&quot;:&quot;&quot;,&quot;camera&quot;:&quot;&quot;,&quot;caption&quot;:&quot;&quot;,&quot;created_timestamp&quot;:&quot;1470916071&quot;,&quot;copyright&quot;:&quot;&quot;,&quot;focal_length&quot;:&quot;0&quot;,&quot;iso&quot;:&quot;0&quot;,&quot;shutter_speed&quot;:&quot;0&quot;,&quot;title&quot;:&quot;&quot;,&quot;orientation&quot;:&quot;1&quot;}\" data-image-title=\"Las cumbres de Jedey.\" data-image-description=\"\" data-medium-file=\"http:\/\/desireemartinphoto.com\/blog\/wp-content\/uploads\/2016\/08\/Incendio-La-Palma-BLOG-2016-15-300x200.jpg\" data-large-file=\"http:\/\/desireemartinphoto.com\/blog\/wp-content\/uploads\/2016\/08\/Incendio-La-Palma-BLOG-2016-15.jpg\" src=\"https:\/\/i2.wp.com\/desireemartinphoto.com\/blog\/wp-content\/uploads\/2016\/08\/Incendio-La-Palma-BLOG-2016-15.jpg?w=146&#038;h=98\" width=\"146\" height=\"98\" data-original-width=\"146\" data-original-height=\"98\" itemprop=\"http:\/\/schema.org\/image\" title=\"Las cumbres de Jedey.\" alt=\"Las cumbres de Jedey.\" style=\"width: 146px; height: 98px;\" \/> <\/a> <\/div> <\/div> <!-- close group --> <div class=\"gallery-group images-1\" style=\"width: 198px; height: 295px;\" data-original-width=\"198\" data-original-height=\"295\" > <div class=\"tiled-gallery-item tiled-gallery-item-small\" itemprop=\"associatedMedia\" itemscope itemtype=\"http:\/\/schema.org\/ImageObject\"> <a href=\"http:\/\/desireemartinphoto.com\/blog\/incendio-la-palma-blog-2016-16\/\" border=\"0\" itemprop=\"url\"> <meta itemprop=\"width\" content=\"194\"> <meta itemprop=\"height\" content=\"291\"> <img data-attachment-id=\"4756\" data-orig-file=\"http:\/\/desireemartinphoto.com\/blog\/wp-content\/uploads\/2016\/08\/Incendio-La-Palma-BLOG-2016-16.jpg\" data-orig-size=\"550,825\" data-comments-opened=\"1\" data-image-meta=\"{&quot;aperture&quot;:&quot;0&quot;,&quot;credit&quot;:&quot;&quot;,&quot;camera&quot;:&quot;&quot;,&quot;caption&quot;:&quot;&quot;,&quot;created_timestamp&quot;:&quot;1470916086&quot;,&quot;copyright&quot;:&quot;&quot;,&quot;focal_length&quot;:&quot;0&quot;,&quot;iso&quot;:&quot;0&quot;,&quot;shutter_speed&quot;:&quot;0&quot;,&quot;title&quot;:&quot;&quot;,&quot;orientation&quot;:&quot;1&quot;}\" data-image-title=\"Jedey.\" data-image-description=\"\" data-medium-file=\"http:\/\/desireemartinphoto.com\/blog\/wp-content\/uploads\/2016\/08\/Incendio-La-Palma-BLOG-2016-16-200x300.jpg\" data-large-file=\"http:\/\/desireemartinphoto.com\/blog\/wp-content\/uploads\/2016\/08\/Incendio-La-Palma-BLOG-2016-16.jpg\" src=\"https:\/\/i2.wp.com\/desireemartinphoto.com\/blog\/wp-content\/uploads\/2016\/08\/Incendio-La-Palma-BLOG-2016-16.jpg?w=194&#038;h=291\" width=\"194\" height=\"291\" data-original-width=\"194\" data-original-height=\"291\" itemprop=\"http:\/\/schema.org\/image\" title=\"Jedey.\" alt=\"Unos vecinos de Jedey sacan a sus animales del corral, huyendo de las llamas, muy, muy cercanas!\" style=\"width: 194px; height: 291px;\" \/> <\/a> <div class=\"tiled-gallery-caption\" itemprop=\"caption description\"> Unos vecinos de Jedey sacan a sus animales del corral, huyendo de las llamas, muy, muy cercanas! <\/div> <\/div> <\/div> <!-- close group --> <div class=\"gallery-group images-3\" style=\"width: 152px; height: 295px;\" data-original-width=\"152\" data-original-height=\"295\" > <div class=\"tiled-gallery-item tiled-gallery-item-small\" itemprop=\"associatedMedia\" itemscope itemtype=\"http:\/\/schema.org\/ImageObject\"> <a href=\"http:\/\/desireemartinphoto.com\/blog\/incendio-la-palma-blog-2016-17\/\" border=\"0\" itemprop=\"url\"> <meta itemprop=\"width\" content=\"148\"> <meta itemprop=\"height\" content=\"92\"> <img data-attachment-id=\"4757\" data-orig-file=\"http:\/\/desireemartinphoto.com\/blog\/wp-content\/uploads\/2016\/08\/Incendio-La-Palma-BLOG-2016-17.jpg\" data-orig-size=\"550,344\" data-comments-opened=\"1\" data-image-meta=\"{&quot;aperture&quot;:&quot;0&quot;,&quot;credit&quot;:&quot;&quot;,&quot;camera&quot;:&quot;&quot;,&quot;caption&quot;:&quot;&quot;,&quot;created_timestamp&quot;:&quot;1470916119&quot;,&quot;copyright&quot;:&quot;&quot;,&quot;focal_length&quot;:&quot;0&quot;,&quot;iso&quot;:&quot;0&quot;,&quot;shutter_speed&quot;:&quot;0&quot;,&quot;title&quot;:&quot;&quot;,&quot;orientation&quot;:&quot;1&quot;}\" data-image-title=\"Jedey.\" data-image-description=\"\" data-medium-file=\"http:\/\/desireemartinphoto.com\/blog\/wp-content\/uploads\/2016\/08\/Incendio-La-Palma-BLOG-2016-17-300x188.jpg\" data-large-file=\"http:\/\/desireemartinphoto.com\/blog\/wp-content\/uploads\/2016\/08\/Incendio-La-Palma-BLOG-2016-17.jpg\" src=\"https:\/\/i0.wp.com\/desireemartinphoto.com\/blog\/wp-content\/uploads\/2016\/08\/Incendio-La-Palma-BLOG-2016-17.jpg?w=148&#038;h=92\" width=\"148\" height=\"92\" data-original-width=\"148\" data-original-height=\"92\" itemprop=\"http:\/\/schema.org\/image\" title=\"Jedey.\" alt=\"Vecinos de Jedey protegen su casa, mojando azoteas constantemente.\" style=\"width: 148px; height: 92px;\" \/> <\/a> <div class=\"tiled-gallery-caption\" itemprop=\"caption description\"> Vecinos de Jedey protegen su casa, mojando azoteas constantemente. <\/div> <\/div> <div class=\"tiled-gallery-item tiled-gallery-item-small\" itemprop=\"associatedMedia\" itemscope itemtype=\"http:\/\/schema.org\/ImageObject\"> <a href=\"http:\/\/desireemartinphoto.com\/blog\/incendio-la-palma-blog-2016-18\/\" border=\"0\" itemprop=\"url\"> <meta itemprop=\"width\" content=\"148\"> <meta itemprop=\"height\" content=\"99\"> <img data-attachment-id=\"4758\" data-orig-file=\"http:\/\/desireemartinphoto.com\/blog\/wp-content\/uploads\/2016\/08\/Incendio-La-Palma-BLOG-2016-18.jpg\" data-orig-size=\"550,367\" data-comments-opened=\"1\" data-image-meta=\"{&quot;aperture&quot;:&quot;0&quot;,&quot;credit&quot;:&quot;&quot;,&quot;camera&quot;:&quot;&quot;,&quot;caption&quot;:&quot;&quot;,&quot;created_timestamp&quot;:&quot;1470412665&quot;,&quot;copyright&quot;:&quot;&quot;,&quot;focal_length&quot;:&quot;0&quot;,&quot;iso&quot;:&quot;0&quot;,&quot;shutter_speed&quot;:&quot;0&quot;,&quot;title&quot;:&quot;&quot;,&quot;orientation&quot;:&quot;1&quot;}\" data-image-title=\"Monta\u00f1a de Tamanca\" data-image-description=\"\" data-medium-file=\"http:\/\/desireemartinphoto.com\/blog\/wp-content\/uploads\/2016\/08\/Incendio-La-Palma-BLOG-2016-18-300x200.jpg\" data-large-file=\"http:\/\/desireemartinphoto.com\/blog\/wp-content\/uploads\/2016\/08\/Incendio-La-Palma-BLOG-2016-18.jpg\" src=\"https:\/\/i0.wp.com\/desireemartinphoto.com\/blog\/wp-content\/uploads\/2016\/08\/Incendio-La-Palma-BLOG-2016-18.jpg?w=148&#038;h=99\" width=\"148\" height=\"99\" data-original-width=\"148\" data-original-height=\"99\" itemprop=\"http:\/\/schema.org\/image\" title=\"Monta\u00f1a de Tamanca\" alt=\"Monta\u00f1a de Tamanca\" style=\"width: 148px; height: 99px;\" \/> <\/a> <\/div> <div class=\"tiled-gallery-item tiled-gallery-item-small\" itemprop=\"associatedMedia\" itemscope itemtype=\"http:\/\/schema.org\/ImageObject\"> <a href=\"http:\/\/desireemartinphoto.com\/blog\/incendio-la-palma-blog-2016-19\/\" border=\"0\" itemprop=\"url\"> <meta itemprop=\"width\" content=\"148\"> <meta itemprop=\"height\" content=\"92\"> <img data-attachment-id=\"4759\" data-orig-file=\"http:\/\/desireemartinphoto.com\/blog\/wp-content\/uploads\/2016\/08\/Incendio-La-Palma-BLOG-2016-19.jpg\" data-orig-size=\"550,341\" data-comments-opened=\"1\" data-image-meta=\"{&quot;aperture&quot;:&quot;0&quot;,&quot;credit&quot;:&quot;&quot;,&quot;camera&quot;:&quot;&quot;,&quot;caption&quot;:&quot;&quot;,&quot;created_timestamp&quot;:&quot;1470412635&quot;,&quot;copyright&quot;:&quot;&quot;,&quot;focal_length&quot;:&quot;0&quot;,&quot;iso&quot;:&quot;0&quot;,&quot;shutter_speed&quot;:&quot;0&quot;,&quot;title&quot;:&quot;&quot;,&quot;orientation&quot;:&quot;1&quot;}\" data-image-title=\"Jedey.\" data-image-description=\"\" data-medium-file=\"http:\/\/desireemartinphoto.com\/blog\/wp-content\/uploads\/2016\/08\/Incendio-La-Palma-BLOG-2016-19-300x186.jpg\" data-large-file=\"http:\/\/desireemartinphoto.com\/blog\/wp-content\/uploads\/2016\/08\/Incendio-La-Palma-BLOG-2016-19.jpg\" src=\"https:\/\/i1.wp.com\/desireemartinphoto.com\/blog\/wp-content\/uploads\/2016\/08\/Incendio-La-Palma-BLOG-2016-19.jpg?w=148&#038;h=92\" width=\"148\" height=\"92\" data-original-width=\"148\" data-original-height=\"92\" itemprop=\"http:\/\/schema.org\/image\" title=\"Jedey.\" alt=\"Jedey.\" style=\"width: 148px; height: 92px;\" \/> <\/a> <\/div> <\/div> <!-- close group --> <\/div> <!-- close row --> <div class=\"gallery-row\" style=\"width: 500px; height: 219px;\" data-original-width=\"500\" data-original-height=\"219\" > <div class=\"gallery-group images-2\" style=\"width: 162px; height: 219px;\" data-original-width=\"162\" data-original-height=\"219\" > <div class=\"tiled-gallery-item tiled-gallery-item-small\" itemprop=\"associatedMedia\" itemscope itemtype=\"http:\/\/schema.org\/ImageObject\"> <a href=\"http:\/\/desireemartinphoto.com\/blog\/incendio-la-palma-blog-2016-20\/\" border=\"0\" itemprop=\"url\"> <meta itemprop=\"width\" content=\"158\"> <meta itemprop=\"height\" content=\"106\"> <img data-attachment-id=\"4760\" data-orig-file=\"http:\/\/desireemartinphoto.com\/blog\/wp-content\/uploads\/2016\/08\/Incendio-La-Palma-BLOG-2016-20.jpg\" data-orig-size=\"550,367\" data-comments-opened=\"1\" data-image-meta=\"{&quot;aperture&quot;:&quot;0&quot;,&quot;credit&quot;:&quot;&quot;,&quot;camera&quot;:&quot;&quot;,&quot;caption&quot;:&quot;&quot;,&quot;created_timestamp&quot;:&quot;1470412571&quot;,&quot;copyright&quot;:&quot;&quot;,&quot;focal_length&quot;:&quot;0&quot;,&quot;iso&quot;:&quot;0&quot;,&quot;shutter_speed&quot;:&quot;0&quot;,&quot;title&quot;:&quot;&quot;,&quot;orientation&quot;:&quot;1&quot;}\" data-image-title=\"Jedey.\" data-image-description=\"\" data-medium-file=\"http:\/\/desireemartinphoto.com\/blog\/wp-content\/uploads\/2016\/08\/Incendio-La-Palma-BLOG-2016-20-300x200.jpg\" data-large-file=\"http:\/\/desireemartinphoto.com\/blog\/wp-content\/uploads\/2016\/08\/Incendio-La-Palma-BLOG-2016-20.jpg\" src=\"https:\/\/i2.wp.com\/desireemartinphoto.com\/blog\/wp-content\/uploads\/2016\/08\/Incendio-La-Palma-BLOG-2016-20.jpg?w=158&#038;h=106\" width=\"158\" height=\"106\" data-original-width=\"158\" data-original-height=\"106\" itemprop=\"http:\/\/schema.org\/image\" title=\"Jedey.\" alt=\"Jedey.\" style=\"width: 158px; height: 106px;\" \/> <\/a> <\/div> <div class=\"tiled-gallery-item tiled-gallery-item-small\" itemprop=\"associatedMedia\" itemscope itemtype=\"http:\/\/schema.org\/ImageObject\"> <a href=\"http:\/\/desireemartinphoto.com\/blog\/incendio-la-palma-blog-2016-21\/\" border=\"0\" itemprop=\"url\"> <meta itemprop=\"width\" content=\"158\"> <meta itemprop=\"height\" content=\"105\"> <img data-attachment-id=\"4761\" data-orig-file=\"http:\/\/desireemartinphoto.com\/blog\/wp-content\/uploads\/2016\/08\/Incendio-La-Palma-BLOG-2016-21.jpg\" data-orig-size=\"550,367\" data-comments-opened=\"1\" data-image-meta=\"{&quot;aperture&quot;:&quot;0&quot;,&quot;credit&quot;:&quot;&quot;,&quot;camera&quot;:&quot;&quot;,&quot;caption&quot;:&quot;&quot;,&quot;created_timestamp&quot;:&quot;1470916216&quot;,&quot;copyright&quot;:&quot;&quot;,&quot;focal_length&quot;:&quot;0&quot;,&quot;iso&quot;:&quot;0&quot;,&quot;shutter_speed&quot;:&quot;0&quot;,&quot;title&quot;:&quot;&quot;,&quot;orientation&quot;:&quot;1&quot;}\" data-image-title=\"Jedey.\" data-image-description=\"\" data-medium-file=\"http:\/\/desireemartinphoto.com\/blog\/wp-content\/uploads\/2016\/08\/Incendio-La-Palma-BLOG-2016-21-300x200.jpg\" data-large-file=\"http:\/\/desireemartinphoto.com\/blog\/wp-content\/uploads\/2016\/08\/Incendio-La-Palma-BLOG-2016-21.jpg\" src=\"https:\/\/i2.wp.com\/desireemartinphoto.com\/blog\/wp-content\/uploads\/2016\/08\/Incendio-La-Palma-BLOG-2016-21.jpg?w=158&#038;h=105\" width=\"158\" height=\"105\" data-original-width=\"158\" data-original-height=\"105\" itemprop=\"http:\/\/schema.org\/image\" title=\"Jedey.\" alt=\"Bomberos de Los Llanos.\" style=\"width: 158px; height: 105px;\" \/> <\/a> <div class=\"tiled-gallery-caption\" itemprop=\"caption description\"> Bomberos de Los Llanos. <\/div> <\/div> <\/div> <!-- close group --> <div class=\"gallery-group images-1\" style=\"width: 338px; height: 219px;\" data-original-width=\"338\" data-original-height=\"219\" > <div class=\"tiled-gallery-item tiled-gallery-item-large\" itemprop=\"associatedMedia\" itemscope itemtype=\"http:\/\/schema.org\/ImageObject\"> <a href=\"http:\/\/desireemartinphoto.com\/blog\/incendio-la-palma-blog-2016-22\/\" border=\"0\" itemprop=\"url\"> <meta itemprop=\"width\" content=\"334\"> <meta itemprop=\"height\" content=\"215\"> <img data-attachment-id=\"4762\" data-orig-file=\"http:\/\/desireemartinphoto.com\/blog\/wp-content\/uploads\/2016\/08\/Incendio-La-Palma-BLOG-2016-22.jpg\" data-orig-size=\"550,353\" data-comments-opened=\"1\" data-image-meta=\"{&quot;aperture&quot;:&quot;0&quot;,&quot;credit&quot;:&quot;&quot;,&quot;camera&quot;:&quot;&quot;,&quot;caption&quot;:&quot;&quot;,&quot;created_timestamp&quot;:&quot;1470412584&quot;,&quot;copyright&quot;:&quot;&quot;,&quot;focal_length&quot;:&quot;0&quot;,&quot;iso&quot;:&quot;0&quot;,&quot;shutter_speed&quot;:&quot;0&quot;,&quot;title&quot;:&quot;&quot;,&quot;orientation&quot;:&quot;1&quot;}\" data-image-title=\"Jedey.\" data-image-description=\"\" data-medium-file=\"http:\/\/desireemartinphoto.com\/blog\/wp-content\/uploads\/2016\/08\/Incendio-La-Palma-BLOG-2016-22-300x193.jpg\" data-large-file=\"http:\/\/desireemartinphoto.com\/blog\/wp-content\/uploads\/2016\/08\/Incendio-La-Palma-BLOG-2016-22.jpg\" src=\"https:\/\/i0.wp.com\/desireemartinphoto.com\/blog\/wp-content\/uploads\/2016\/08\/Incendio-La-Palma-BLOG-2016-22.jpg?w=334&#038;h=215\" width=\"334\" height=\"215\" data-original-width=\"334\" data-original-height=\"215\" itemprop=\"http:\/\/schema.org\/image\" title=\"Jedey.\" alt=\"Jedey.\" style=\"width: 334px; height: 215px;\" \/> <\/a> <\/div> <\/div> <!-- close group --> <\/div> <!-- close row --> <div class=\"gallery-row\" style=\"width: 500px; height: 171px;\" data-original-width=\"500\" data-original-height=\"171\" > <div class=\"gallery-group images-1\" style=\"width: 246px; height: 171px;\" data-original-width=\"246\" data-original-height=\"171\" > <div class=\"tiled-gallery-item tiled-gallery-item-small\" itemprop=\"associatedMedia\" itemscope itemtype=\"http:\/\/schema.org\/ImageObject\"> <a href=\"http:\/\/desireemartinphoto.com\/blog\/incendio-la-palma-blog-2016-23\/\" border=\"0\" itemprop=\"url\"> <meta itemprop=\"width\" content=\"242\"> <meta itemprop=\"height\" content=\"167\"> <img data-attachment-id=\"4763\" data-orig-file=\"http:\/\/desireemartinphoto.com\/blog\/wp-content\/uploads\/2016\/08\/Incendio-La-Palma-BLOG-2016-23.jpg\" data-orig-size=\"550,380\" data-comments-opened=\"1\" data-image-meta=\"{&quot;aperture&quot;:&quot;0&quot;,&quot;credit&quot;:&quot;&quot;,&quot;camera&quot;:&quot;&quot;,&quot;caption&quot;:&quot;&quot;,&quot;created_timestamp&quot;:&quot;1470412595&quot;,&quot;copyright&quot;:&quot;&quot;,&quot;focal_length&quot;:&quot;0&quot;,&quot;iso&quot;:&quot;0&quot;,&quot;shutter_speed&quot;:&quot;0&quot;,&quot;title&quot;:&quot;&quot;,&quot;orientation&quot;:&quot;1&quot;}\" data-image-title=\"Jedey.\" data-image-description=\"\" data-medium-file=\"http:\/\/desireemartinphoto.com\/blog\/wp-content\/uploads\/2016\/08\/Incendio-La-Palma-BLOG-2016-23-300x207.jpg\" data-large-file=\"http:\/\/desireemartinphoto.com\/blog\/wp-content\/uploads\/2016\/08\/Incendio-La-Palma-BLOG-2016-23.jpg\" src=\"https:\/\/i1.wp.com\/desireemartinphoto.com\/blog\/wp-content\/uploads\/2016\/08\/Incendio-La-Palma-BLOG-2016-23.jpg?w=242&#038;h=167\" width=\"242\" height=\"167\" data-original-width=\"242\" data-original-height=\"167\" itemprop=\"http:\/\/schema.org\/image\" title=\"Jedey.\" alt=\"Jedey.\" style=\"width: 242px; height: 167px;\" \/> <\/a> <\/div> <\/div> <!-- close group --> <div class=\"gallery-group images-1\" style=\"width: 254px; height: 171px;\" data-original-width=\"254\" data-original-height=\"171\" > <div class=\"tiled-gallery-item tiled-gallery-item-large\" itemprop=\"associatedMedia\" itemscope itemtype=\"http:\/\/schema.org\/ImageObject\"> <a href=\"http:\/\/desireemartinphoto.com\/blog\/incendio-la-palma-blog-2016-24\/\" border=\"0\" itemprop=\"url\"> <meta itemprop=\"width\" content=\"250\"> <meta itemprop=\"height\" content=\"167\"> <img data-attachment-id=\"4764\" data-orig-file=\"http:\/\/desireemartinphoto.com\/blog\/wp-content\/uploads\/2016\/08\/Incendio-La-Palma-BLOG-2016-24.jpg\" data-orig-size=\"550,367\" data-comments-opened=\"1\" data-image-meta=\"{&quot;aperture&quot;:&quot;0&quot;,&quot;credit&quot;:&quot;&quot;,&quot;camera&quot;:&quot;&quot;,&quot;caption&quot;:&quot;&quot;,&quot;created_timestamp&quot;:&quot;1470412604&quot;,&quot;copyright&quot;:&quot;&quot;,&quot;focal_length&quot;:&quot;0&quot;,&quot;iso&quot;:&quot;0&quot;,&quot;shutter_speed&quot;:&quot;0&quot;,&quot;title&quot;:&quot;&quot;,&quot;orientation&quot;:&quot;1&quot;}\" data-image-title=\"Jedey.\" data-image-description=\"\" data-medium-file=\"http:\/\/desireemartinphoto.com\/blog\/wp-content\/uploads\/2016\/08\/Incendio-La-Palma-BLOG-2016-24-300x200.jpg\" data-large-file=\"http:\/\/desireemartinphoto.com\/blog\/wp-content\/uploads\/2016\/08\/Incendio-La-Palma-BLOG-2016-24.jpg\" src=\"https:\/\/i2.wp.com\/desireemartinphoto.com\/blog\/wp-content\/uploads\/2016\/08\/Incendio-La-Palma-BLOG-2016-24.jpg?w=250&#038;h=167\" width=\"250\" height=\"167\" data-original-width=\"250\" data-original-height=\"167\" itemprop=\"http:\/\/schema.org\/image\" title=\"Jedey.\" alt=\"Jedey.\" style=\"width: 250px; height: 167px;\" \/> <\/a> <\/div> <\/div> <!-- close group --> <\/div> <!-- close row --> <div class=\"gallery-row\" style=\"width: 500px; height: 152px;\" data-original-width=\"500\" data-original-height=\"152\" > <div class=\"gallery-group images-1\" style=\"width: 274px; height: 152px;\" data-original-width=\"274\" data-original-height=\"152\" > <div class=\"tiled-gallery-item tiled-gallery-item-large\" itemprop=\"associatedMedia\" itemscope itemtype=\"http:\/\/schema.org\/ImageObject\"> <a href=\"http:\/\/desireemartinphoto.com\/blog\/incendio-la-palma-blog-2016-25\/\" border=\"0\" itemprop=\"url\"> <meta itemprop=\"width\" content=\"270\"> <meta itemprop=\"height\" content=\"148\"> <img data-attachment-id=\"4765\" data-orig-file=\"http:\/\/desireemartinphoto.com\/blog\/wp-content\/uploads\/2016\/08\/Incendio-La-Palma-BLOG-2016-25.jpg\" data-orig-size=\"550,302\" data-comments-opened=\"1\" data-image-meta=\"{&quot;aperture&quot;:&quot;0&quot;,&quot;credit&quot;:&quot;&quot;,&quot;camera&quot;:&quot;&quot;,&quot;caption&quot;:&quot;&quot;,&quot;created_timestamp&quot;:&quot;1470412615&quot;,&quot;copyright&quot;:&quot;&quot;,&quot;focal_length&quot;:&quot;0&quot;,&quot;iso&quot;:&quot;0&quot;,&quot;shutter_speed&quot;:&quot;0&quot;,&quot;title&quot;:&quot;&quot;,&quot;orientation&quot;:&quot;1&quot;}\" data-image-title=\"Jedey.\" data-image-description=\"\" data-medium-file=\"http:\/\/desireemartinphoto.com\/blog\/wp-content\/uploads\/2016\/08\/Incendio-La-Palma-BLOG-2016-25-300x165.jpg\" data-large-file=\"http:\/\/desireemartinphoto.com\/blog\/wp-content\/uploads\/2016\/08\/Incendio-La-Palma-BLOG-2016-25.jpg\" src=\"https:\/\/i2.wp.com\/desireemartinphoto.com\/blog\/wp-content\/uploads\/2016\/08\/Incendio-La-Palma-BLOG-2016-25.jpg?w=270&#038;h=148\" width=\"270\" height=\"148\" data-original-width=\"270\" data-original-height=\"148\" itemprop=\"http:\/\/schema.org\/image\" title=\"Jedey.\" alt=\"Jedey.\" style=\"width: 270px; height: 148px;\" \/> <\/a> <\/div> <\/div> <!-- close group --> <div class=\"gallery-group images-1\" style=\"width: 226px; height: 152px;\" data-original-width=\"226\" data-original-height=\"152\" > <div class=\"tiled-gallery-item tiled-gallery-item-small\" itemprop=\"associatedMedia\" itemscope itemtype=\"http:\/\/schema.org\/ImageObject\"> <a href=\"http:\/\/desireemartinphoto.com\/blog\/incendio-la-palma-blog-2016-26\/\" border=\"0\" itemprop=\"url\"> <meta itemprop=\"width\" content=\"222\"> <meta itemprop=\"height\" content=\"148\"> <img data-attachment-id=\"4766\" data-orig-file=\"http:\/\/desireemartinphoto.com\/blog\/wp-content\/uploads\/2016\/08\/Incendio-La-Palma-BLOG-2016-26.jpg\" data-orig-size=\"550,367\" data-comments-opened=\"1\" data-image-meta=\"{&quot;aperture&quot;:&quot;0&quot;,&quot;credit&quot;:&quot;&quot;,&quot;camera&quot;:&quot;&quot;,&quot;caption&quot;:&quot;&quot;,&quot;created_timestamp&quot;:&quot;1470916180&quot;,&quot;copyright&quot;:&quot;&quot;,&quot;focal_length&quot;:&quot;0&quot;,&quot;iso&quot;:&quot;0&quot;,&quot;shutter_speed&quot;:&quot;0&quot;,&quot;title&quot;:&quot;&quot;,&quot;orientation&quot;:&quot;1&quot;}\" data-image-title=\"Jedey.\" data-image-description=\"\" data-medium-file=\"http:\/\/desireemartinphoto.com\/blog\/wp-content\/uploads\/2016\/08\/Incendio-La-Palma-BLOG-2016-26-300x200.jpg\" data-large-file=\"http:\/\/desireemartinphoto.com\/blog\/wp-content\/uploads\/2016\/08\/Incendio-La-Palma-BLOG-2016-26.jpg\" src=\"https:\/\/i0.wp.com\/desireemartinphoto.com\/blog\/wp-content\/uploads\/2016\/08\/Incendio-La-Palma-BLOG-2016-26.jpg?w=222&#038;h=148\" width=\"222\" height=\"148\" data-original-width=\"222\" data-original-height=\"148\" itemprop=\"http:\/\/schema.org\/image\" title=\"Jedey.\" alt=\"Jedey.\" style=\"width: 222px; height: 148px;\" \/> <\/a> <\/div> <\/div> <!-- close group --> <\/div> <!-- close row --> <div class=\"gallery-row\" style=\"width: 500px; height: 168px;\" data-original-width=\"500\" data-original-height=\"168\" > <div class=\"gallery-group images-1\" style=\"width: 250px; height: 168px;\" data-original-width=\"250\" data-original-height=\"168\" > <div class=\"tiled-gallery-item tiled-gallery-item-small\" itemprop=\"associatedMedia\" itemscope itemtype=\"http:\/\/schema.org\/ImageObject\"> <a href=\"http:\/\/desireemartinphoto.com\/blog\/incendio-la-palma-blog-2016-27\/\" border=\"0\" itemprop=\"url\"> <meta itemprop=\"width\" content=\"246\"> <meta itemprop=\"height\" content=\"164\"> <img data-attachment-id=\"4767\" data-orig-file=\"http:\/\/desireemartinphoto.com\/blog\/wp-content\/uploads\/2016\/08\/Incendio-La-Palma-BLOG-2016-27.jpg\" data-orig-size=\"550,367\" data-comments-opened=\"1\" data-image-meta=\"{&quot;aperture&quot;:&quot;0&quot;,&quot;credit&quot;:&quot;&quot;,&quot;camera&quot;:&quot;&quot;,&quot;caption&quot;:&quot;&quot;,&quot;created_timestamp&quot;:&quot;1470916145&quot;,&quot;copyright&quot;:&quot;&quot;,&quot;focal_length&quot;:&quot;0&quot;,&quot;iso&quot;:&quot;0&quot;,&quot;shutter_speed&quot;:&quot;0&quot;,&quot;title&quot;:&quot;&quot;,&quot;orientation&quot;:&quot;1&quot;}\" data-image-title=\"Jedey.\" data-image-description=\"\" data-medium-file=\"http:\/\/desireemartinphoto.com\/blog\/wp-content\/uploads\/2016\/08\/Incendio-La-Palma-BLOG-2016-27-300x200.jpg\" data-large-file=\"http:\/\/desireemartinphoto.com\/blog\/wp-content\/uploads\/2016\/08\/Incendio-La-Palma-BLOG-2016-27.jpg\" src=\"https:\/\/i1.wp.com\/desireemartinphoto.com\/blog\/wp-content\/uploads\/2016\/08\/Incendio-La-Palma-BLOG-2016-27.jpg?w=246&#038;h=164\" width=\"246\" height=\"164\" data-original-width=\"246\" data-original-height=\"164\" itemprop=\"http:\/\/schema.org\/image\" title=\"Jedey.\" alt=\"Jedey.\" style=\"width: 246px; height: 164px;\" \/> <\/a> <\/div> <\/div> <!-- close group --> <div class=\"gallery-group images-1\" style=\"width: 250px; height: 168px;\" data-original-width=\"250\" data-original-height=\"168\" > <div class=\"tiled-gallery-item tiled-gallery-item-small\" itemprop=\"associatedMedia\" itemscope itemtype=\"http:\/\/schema.org\/ImageObject\"> <a href=\"http:\/\/desireemartinphoto.com\/blog\/incendio-la-palma-blog-2016-28\/\" border=\"0\" itemprop=\"url\"> <meta itemprop=\"width\" content=\"246\"> <meta itemprop=\"height\" content=\"164\"> <img data-attachment-id=\"4768\" data-orig-file=\"http:\/\/desireemartinphoto.com\/blog\/wp-content\/uploads\/2016\/08\/Incendio-La-Palma-BLOG-2016-28.jpg\" data-orig-size=\"550,367\" data-comments-opened=\"1\" data-image-meta=\"{&quot;aperture&quot;:&quot;0&quot;,&quot;credit&quot;:&quot;&quot;,&quot;camera&quot;:&quot;&quot;,&quot;caption&quot;:&quot;&quot;,&quot;created_timestamp&quot;:&quot;1470916225&quot;,&quot;copyright&quot;:&quot;&quot;,&quot;focal_length&quot;:&quot;0&quot;,&quot;iso&quot;:&quot;0&quot;,&quot;shutter_speed&quot;:&quot;0&quot;,&quot;title&quot;:&quot;&quot;,&quot;orientation&quot;:&quot;1&quot;}\" data-image-title=\"Jedey.\" data-image-description=\"\" data-medium-file=\"http:\/\/desireemartinphoto.com\/blog\/wp-content\/uploads\/2016\/08\/Incendio-La-Palma-BLOG-2016-28-300x200.jpg\" data-large-file=\"http:\/\/desireemartinphoto.com\/blog\/wp-content\/uploads\/2016\/08\/Incendio-La-Palma-BLOG-2016-28.jpg\" src=\"https:\/\/i2.wp.com\/desireemartinphoto.com\/blog\/wp-content\/uploads\/2016\/08\/Incendio-La-Palma-BLOG-2016-28.jpg?w=246&#038;h=164\" width=\"246\" height=\"164\" data-original-width=\"246\" data-original-height=\"164\" itemprop=\"http:\/\/schema.org\/image\" title=\"Jedey.\" alt=\"Jedey.\" style=\"width: 246px; height: 164px;\" \/> <\/a> <\/div> <\/div> <!-- close group --> <\/div> <!-- close row --> <div class=\"gallery-row\" style=\"width: 500px; height: 242px;\" data-original-width=\"500\" data-original-height=\"242\" > <div class=\"gallery-group images-1\" style=\"width: 500px; height: 242px;\" data-original-width=\"500\" data-original-height=\"242\" > <div class=\"tiled-gallery-item tiled-gallery-item-large\" itemprop=\"associatedMedia\" itemscope itemtype=\"http:\/\/schema.org\/ImageObject\"> <a href=\"http:\/\/desireemartinphoto.com\/blog\/incendio-la-palma-blog-2016-29\/\" border=\"0\" itemprop=\"url\"> <meta itemprop=\"width\" content=\"496\"> <meta itemprop=\"height\" content=\"238\"> <img data-attachment-id=\"4769\" data-orig-file=\"http:\/\/desireemartinphoto.com\/blog\/wp-content\/uploads\/2016\/08\/Incendio-La-Palma-BLOG-2016-29.jpg\" data-orig-size=\"550,264\" data-comments-opened=\"1\" data-image-meta=\"{&quot;aperture&quot;:&quot;0&quot;,&quot;credit&quot;:&quot;&quot;,&quot;camera&quot;:&quot;&quot;,&quot;caption&quot;:&quot;&quot;,&quot;created_timestamp&quot;:&quot;1470916189&quot;,&quot;copyright&quot;:&quot;&quot;,&quot;focal_length&quot;:&quot;0&quot;,&quot;iso&quot;:&quot;0&quot;,&quot;shutter_speed&quot;:&quot;0&quot;,&quot;title&quot;:&quot;&quot;,&quot;orientation&quot;:&quot;1&quot;}\" data-image-title=\"Jedey.\" data-image-description=\"\" data-medium-file=\"http:\/\/desireemartinphoto.com\/blog\/wp-content\/uploads\/2016\/08\/Incendio-La-Palma-BLOG-2016-29-300x144.jpg\" data-large-file=\"http:\/\/desireemartinphoto.com\/blog\/wp-content\/uploads\/2016\/08\/Incendio-La-Palma-BLOG-2016-29.jpg\" src=\"https:\/\/i1.wp.com\/desireemartinphoto.com\/blog\/wp-content\/uploads\/2016\/08\/Incendio-La-Palma-BLOG-2016-29.jpg?w=496&#038;h=238\" width=\"496\" height=\"238\" data-original-width=\"496\" data-original-height=\"238\" itemprop=\"http:\/\/schema.org\/image\" title=\"Jedey.\" alt=\"Jedey.\" style=\"width: 496px; height: 238px;\" \/> <\/a> <\/div> <\/div> <!-- close group --> <\/div> <!-- close row --> <div class=\"gallery-row\" style=\"width: 500px; height: 224px;\" data-original-width=\"500\" data-original-height=\"224\" > <div class=\"gallery-group images-1\" style=\"width: 334px; height: 224px;\" data-original-width=\"334\" data-original-height=\"224\" > <div class=\"tiled-gallery-item tiled-gallery-item-large\" itemprop=\"associatedMedia\" itemscope itemtype=\"http:\/\/schema.org\/ImageObject\"> <a href=\"http:\/\/desireemartinphoto.com\/blog\/incendio-la-palma-blog-2016-30\/\" border=\"0\" itemprop=\"url\"> <meta itemprop=\"width\" content=\"330\"> <meta itemprop=\"height\" content=\"220\"> <img data-attachment-id=\"4770\" data-orig-file=\"http:\/\/desireemartinphoto.com\/blog\/wp-content\/uploads\/2016\/08\/Incendio-La-Palma-BLOG-2016-30.jpg\" data-orig-size=\"550,367\" data-comments-opened=\"1\" data-image-meta=\"{&quot;aperture&quot;:&quot;0&quot;,&quot;credit&quot;:&quot;&quot;,&quot;camera&quot;:&quot;&quot;,&quot;caption&quot;:&quot;&quot;,&quot;created_timestamp&quot;:&quot;1470916253&quot;,&quot;copyright&quot;:&quot;&quot;,&quot;focal_length&quot;:&quot;0&quot;,&quot;iso&quot;:&quot;0&quot;,&quot;shutter_speed&quot;:&quot;0&quot;,&quot;title&quot;:&quot;&quot;,&quot;orientation&quot;:&quot;1&quot;}\" data-image-title=\"Jedey.\" data-image-description=\"\" data-medium-file=\"http:\/\/desireemartinphoto.com\/blog\/wp-content\/uploads\/2016\/08\/Incendio-La-Palma-BLOG-2016-30-300x200.jpg\" data-large-file=\"http:\/\/desireemartinphoto.com\/blog\/wp-content\/uploads\/2016\/08\/Incendio-La-Palma-BLOG-2016-30.jpg\" src=\"https:\/\/i2.wp.com\/desireemartinphoto.com\/blog\/wp-content\/uploads\/2016\/08\/Incendio-La-Palma-BLOG-2016-30.jpg?w=330&#038;h=220\" width=\"330\" height=\"220\" data-original-width=\"330\" data-original-height=\"220\" itemprop=\"http:\/\/schema.org\/image\" title=\"Jedey.\" alt=\"Bomberos de Los Llanos en una vivienda en la cumbre de Jedey.\" style=\"width: 330px; height: 220px;\" \/> <\/a> <div class=\"tiled-gallery-caption\" itemprop=\"caption description\"> Bomberos de Los Llanos en una vivienda en la cumbre de Jedey. <\/div> <\/div> <\/div> <!-- close group --> <div class=\"gallery-group images-2\" style=\"width: 166px; height: 224px;\" data-original-width=\"166\" data-original-height=\"224\" > <div class=\"tiled-gallery-item tiled-gallery-item-small\" itemprop=\"associatedMedia\" itemscope itemtype=\"http:\/\/schema.org\/ImageObject\"> <a href=\"http:\/\/desireemartinphoto.com\/blog\/incendio-la-palma-blog-2016-31\/\" border=\"0\" itemprop=\"url\"> <meta itemprop=\"width\" content=\"162\"> <meta itemprop=\"height\" content=\"108\"> <img data-attachment-id=\"4771\" data-orig-file=\"http:\/\/desireemartinphoto.com\/blog\/wp-content\/uploads\/2016\/08\/Incendio-La-Palma-BLOG-2016-31.jpg\" data-orig-size=\"550,367\" data-comments-opened=\"1\" data-image-meta=\"{&quot;aperture&quot;:&quot;0&quot;,&quot;credit&quot;:&quot;&quot;,&quot;camera&quot;:&quot;&quot;,&quot;caption&quot;:&quot;&quot;,&quot;created_timestamp&quot;:&quot;1470916277&quot;,&quot;copyright&quot;:&quot;&quot;,&quot;focal_length&quot;:&quot;0&quot;,&quot;iso&quot;:&quot;0&quot;,&quot;shutter_speed&quot;:&quot;0&quot;,&quot;title&quot;:&quot;&quot;,&quot;orientation&quot;:&quot;1&quot;}\" data-image-title=\"Jedey.\" data-image-description=\"\" data-medium-file=\"http:\/\/desireemartinphoto.com\/blog\/wp-content\/uploads\/2016\/08\/Incendio-La-Palma-BLOG-2016-31-300x200.jpg\" data-large-file=\"http:\/\/desireemartinphoto.com\/blog\/wp-content\/uploads\/2016\/08\/Incendio-La-Palma-BLOG-2016-31.jpg\" src=\"https:\/\/i0.wp.com\/desireemartinphoto.com\/blog\/wp-content\/uploads\/2016\/08\/Incendio-La-Palma-BLOG-2016-31.jpg?w=162&#038;h=108\" width=\"162\" height=\"108\" data-original-width=\"162\" data-original-height=\"108\" itemprop=\"http:\/\/schema.org\/image\" title=\"Jedey.\" alt=\"Jedey.\" style=\"width: 162px; height: 108px;\" \/> <\/a> <\/div> <div class=\"tiled-gallery-item tiled-gallery-item-small\" itemprop=\"associatedMedia\" itemscope itemtype=\"http:\/\/schema.org\/ImageObject\"> <a href=\"http:\/\/desireemartinphoto.com\/blog\/incendio-la-palma-blog-2016-32\/\" border=\"0\" itemprop=\"url\"> <meta itemprop=\"width\" content=\"162\"> <meta itemprop=\"height\" content=\"108\"> <img data-attachment-id=\"4772\" data-orig-file=\"http:\/\/desireemartinphoto.com\/blog\/wp-content\/uploads\/2016\/08\/Incendio-La-Palma-BLOG-2016-32.jpg\" data-orig-size=\"550,367\" data-comments-opened=\"1\" data-image-meta=\"{&quot;aperture&quot;:&quot;0&quot;,&quot;credit&quot;:&quot;&quot;,&quot;camera&quot;:&quot;&quot;,&quot;caption&quot;:&quot;&quot;,&quot;created_timestamp&quot;:&quot;1470916358&quot;,&quot;copyright&quot;:&quot;&quot;,&quot;focal_length&quot;:&quot;0&quot;,&quot;iso&quot;:&quot;0&quot;,&quot;shutter_speed&quot;:&quot;0&quot;,&quot;title&quot;:&quot;&quot;,&quot;orientation&quot;:&quot;1&quot;}\" data-image-title=\"Los Charcos.\" data-image-description=\"\" data-medium-file=\"http:\/\/desireemartinphoto.com\/blog\/wp-content\/uploads\/2016\/08\/Incendio-La-Palma-BLOG-2016-32-300x200.jpg\" data-large-file=\"http:\/\/desireemartinphoto.com\/blog\/wp-content\/uploads\/2016\/08\/Incendio-La-Palma-BLOG-2016-32.jpg\" src=\"https:\/\/i1.wp.com\/desireemartinphoto.com\/blog\/wp-content\/uploads\/2016\/08\/Incendio-La-Palma-BLOG-2016-32.jpg?w=162&#038;h=108\" width=\"162\" height=\"108\" data-original-width=\"162\" data-original-height=\"108\" itemprop=\"http:\/\/schema.org\/image\" title=\"Los Charcos.\" alt=\"Vecinos de Los Charcos, descansan antes de que llegue la noche y regrese el viento.\" style=\"width: 162px; height: 108px;\" \/> <\/a> <div class=\"tiled-gallery-caption\" itemprop=\"caption description\"> Vecinos de Los Charcos, descansan antes de que llegue la noche y regrese el viento. <\/div> <\/div> <\/div> <!-- close group --> <\/div> <!-- close row --> <div class=\"gallery-row\" style=\"width: 500px; height: 220px;\" data-original-width=\"500\" data-original-height=\"220\" > <div class=\"gallery-group images-2\" style=\"width: 172px; height: 220px;\" data-original-width=\"172\" data-original-height=\"220\" > <div class=\"tiled-gallery-item tiled-gallery-item-small\" itemprop=\"associatedMedia\" itemscope itemtype=\"http:\/\/schema.org\/ImageObject\"> <a href=\"http:\/\/desireemartinphoto.com\/blog\/spain-fire\/\" border=\"0\" itemprop=\"url\"> <meta itemprop=\"width\" content=\"168\"> <meta itemprop=\"height\" content=\"100\"> <img data-attachment-id=\"4773\" data-orig-file=\"http:\/\/desireemartinphoto.com\/blog\/wp-content\/uploads\/2016\/08\/Incendio-La-Palma-BLOG-2016-33.jpg\" data-orig-size=\"550,329\" data-comments-opened=\"1\" data-image-meta=\"{&quot;aperture&quot;:&quot;5.6&quot;,&quot;credit&quot;:&quot;AFP&quot;,&quot;camera&quot;:&quot;Canon EOS 5D Mark II&quot;,&quot;caption&quot;:&quot;Smoke rises from a wildfire raging on the outskirts of the town of El Paso on the Spanish Canary island of La Palma early on August 5, 2016 .&quot;,&quot;created_timestamp&quot;:&quot;1470404273&quot;,&quot;copyright&quot;:&quot;ImageForum&quot;,&quot;focal_length&quot;:&quot;70&quot;,&quot;iso&quot;:&quot;250&quot;,&quot;shutter_speed&quot;:&quot;0.0003125&quot;,&quot;title&quot;:&quot;SPAIN-FIRE&quot;,&quot;orientation&quot;:&quot;1&quot;}\" data-image-title=\"El Manch\u00f3n.\" data-image-description=\"\" data-medium-file=\"http:\/\/desireemartinphoto.com\/blog\/wp-content\/uploads\/2016\/08\/Incendio-La-Palma-BLOG-2016-33-300x179.jpg\" data-large-file=\"http:\/\/desireemartinphoto.com\/blog\/wp-content\/uploads\/2016\/08\/Incendio-La-Palma-BLOG-2016-33.jpg\" src=\"https:\/\/i1.wp.com\/desireemartinphoto.com\/blog\/wp-content\/uploads\/2016\/08\/Incendio-La-Palma-BLOG-2016-33.jpg?w=168&#038;h=100\" width=\"168\" height=\"100\" data-original-width=\"168\" data-original-height=\"100\" itemprop=\"http:\/\/schema.org\/image\" title=\"El Manch\u00f3n.\" alt=\"El Manch\u00f3n.\" style=\"width: 168px; height: 100px;\" \/> <\/a> <\/div> <div class=\"tiled-gallery-item tiled-gallery-item-small\" itemprop=\"associatedMedia\" itemscope itemtype=\"http:\/\/schema.org\/ImageObject\"> <a href=\"http:\/\/desireemartinphoto.com\/blog\/incendio-la-palma-blog-2016-34\/\" border=\"0\" itemprop=\"url\"> <meta itemprop=\"width\" content=\"168\"> <meta itemprop=\"height\" content=\"112\"> <img data-attachment-id=\"4774\" data-orig-file=\"http:\/\/desireemartinphoto.com\/blog\/wp-content\/uploads\/2016\/08\/Incendio-La-Palma-BLOG-2016-34.jpg\" data-orig-size=\"550,367\" data-comments-opened=\"1\" data-image-meta=\"{&quot;aperture&quot;:&quot;0&quot;,&quot;credit&quot;:&quot;&quot;,&quot;camera&quot;:&quot;&quot;,&quot;caption&quot;:&quot;&quot;,&quot;created_timestamp&quot;:&quot;1470928938&quot;,&quot;copyright&quot;:&quot;&quot;,&quot;focal_length&quot;:&quot;0&quot;,&quot;iso&quot;:&quot;0&quot;,&quot;shutter_speed&quot;:&quot;0&quot;,&quot;title&quot;:&quot;&quot;,&quot;orientation&quot;:&quot;1&quot;}\" data-image-title=\"Fuencaliente.\" data-image-description=\"\" data-medium-file=\"http:\/\/desireemartinphoto.com\/blog\/wp-content\/uploads\/2016\/08\/Incendio-La-Palma-BLOG-2016-34-300x200.jpg\" data-large-file=\"http:\/\/desireemartinphoto.com\/blog\/wp-content\/uploads\/2016\/08\/Incendio-La-Palma-BLOG-2016-34.jpg\" src=\"https:\/\/i0.wp.com\/desireemartinphoto.com\/blog\/wp-content\/uploads\/2016\/08\/Incendio-La-Palma-BLOG-2016-34.jpg?w=168&#038;h=112\" width=\"168\" height=\"112\" data-original-width=\"168\" data-original-height=\"112\" itemprop=\"http:\/\/schema.org\/image\" title=\"Fuencaliente.\" alt=\"Fuencaliente.\" style=\"width: 168px; height: 112px;\" \/> <\/a> <\/div> <\/div> <!-- close group --> <div class=\"gallery-group images-1\" style=\"width: 328px; height: 220px;\" data-original-width=\"328\" data-original-height=\"220\" > <div class=\"tiled-gallery-item tiled-gallery-item-large\" itemprop=\"associatedMedia\" itemscope itemtype=\"http:\/\/schema.org\/ImageObject\"> <a href=\"http:\/\/desireemartinphoto.com\/blog\/incendio-la-palma-blog-2016-35\/\" border=\"0\" itemprop=\"url\"> <meta itemprop=\"width\" content=\"324\"> <meta itemprop=\"height\" content=\"216\"> <img data-attachment-id=\"4775\" data-orig-file=\"http:\/\/desireemartinphoto.com\/blog\/wp-content\/uploads\/2016\/08\/Incendio-La-Palma-BLOG-2016-35.jpg\" data-orig-size=\"550,367\" data-comments-opened=\"1\" data-image-meta=\"{&quot;aperture&quot;:&quot;0&quot;,&quot;credit&quot;:&quot;&quot;,&quot;camera&quot;:&quot;&quot;,&quot;caption&quot;:&quot;&quot;,&quot;created_timestamp&quot;:&quot;1470916392&quot;,&quot;copyright&quot;:&quot;&quot;,&quot;focal_length&quot;:&quot;0&quot;,&quot;iso&quot;:&quot;0&quot;,&quot;shutter_speed&quot;:&quot;0&quot;,&quot;title&quot;:&quot;&quot;,&quot;orientation&quot;:&quot;1&quot;}\" data-image-title=\"Fuencaliente.\" data-image-description=\"\" data-medium-file=\"http:\/\/desireemartinphoto.com\/blog\/wp-content\/uploads\/2016\/08\/Incendio-La-Palma-BLOG-2016-35-300x200.jpg\" data-large-file=\"http:\/\/desireemartinphoto.com\/blog\/wp-content\/uploads\/2016\/08\/Incendio-La-Palma-BLOG-2016-35.jpg\" src=\"https:\/\/i1.wp.com\/desireemartinphoto.com\/blog\/wp-content\/uploads\/2016\/08\/Incendio-La-Palma-BLOG-2016-35.jpg?w=324&#038;h=216\" width=\"324\" height=\"216\" data-original-width=\"324\" data-original-height=\"216\" itemprop=\"http:\/\/schema.org\/image\" title=\"Fuencaliente.\" alt=\"Fuencaliente.\" style=\"width: 324px; height: 216px;\" \/> <\/a> <\/div> <\/div> <!-- close group --> <\/div> <!-- close row --> <div class=\"gallery-row\" style=\"width: 500px; height: 191px;\" data-original-width=\"500\" data-original-height=\"191\" > <div class=\"gallery-group images-1\" style=\"width: 285px; height: 191px;\" data-original-width=\"285\" data-original-height=\"191\" > <div class=\"tiled-gallery-item tiled-gallery-item-large\" itemprop=\"associatedMedia\" itemscope itemtype=\"http:\/\/schema.org\/ImageObject\"> <a href=\"http:\/\/desireemartinphoto.com\/blog\/incendio-la-palma-blog-2016-36\/\" border=\"0\" itemprop=\"url\"> <meta itemprop=\"width\" content=\"281\"> <meta itemprop=\"height\" content=\"187\"> <img data-attachment-id=\"4776\" data-orig-file=\"http:\/\/desireemartinphoto.com\/blog\/wp-content\/uploads\/2016\/08\/Incendio-La-Palma-BLOG-2016-36.jpg\" data-orig-size=\"550,367\" data-comments-opened=\"1\" data-image-meta=\"{&quot;aperture&quot;:&quot;0&quot;,&quot;credit&quot;:&quot;&quot;,&quot;camera&quot;:&quot;&quot;,&quot;caption&quot;:&quot;&quot;,&quot;created_timestamp&quot;:&quot;1470916411&quot;,&quot;copyright&quot;:&quot;&quot;,&quot;focal_length&quot;:&quot;0&quot;,&quot;iso&quot;:&quot;0&quot;,&quot;shutter_speed&quot;:&quot;0&quot;,&quot;title&quot;:&quot;&quot;,&quot;orientation&quot;:&quot;1&quot;}\" data-image-title=\"Fuencaliente.\" data-image-description=\"\" data-medium-file=\"http:\/\/desireemartinphoto.com\/blog\/wp-content\/uploads\/2016\/08\/Incendio-La-Palma-BLOG-2016-36-300x200.jpg\" data-large-file=\"http:\/\/desireemartinphoto.com\/blog\/wp-content\/uploads\/2016\/08\/Incendio-La-Palma-BLOG-2016-36.jpg\" src=\"https:\/\/i2.wp.com\/desireemartinphoto.com\/blog\/wp-content\/uploads\/2016\/08\/Incendio-La-Palma-BLOG-2016-36.jpg?w=281&#038;h=187\" width=\"281\" height=\"187\" data-original-width=\"281\" data-original-height=\"187\" itemprop=\"http:\/\/schema.org\/image\" title=\"Fuencaliente.\" alt=\"Fuencaliente.\" style=\"width: 281px; height: 187px;\" \/> <\/a> <\/div> <\/div> <!-- close group --> <div class=\"gallery-group images-1\" style=\"width: 215px; height: 191px;\" data-original-width=\"215\" data-original-height=\"191\" > <div class=\"tiled-gallery-item tiled-gallery-item-small\" itemprop=\"associatedMedia\" itemscope itemtype=\"http:\/\/schema.org\/ImageObject\"> <a href=\"http:\/\/desireemartinphoto.com\/blog\/incendio-la-palma-blog-2016-37\/\" border=\"0\" itemprop=\"url\"> <meta itemprop=\"width\" content=\"211\"> <meta itemprop=\"height\" content=\"187\"> <img data-attachment-id=\"4777\" data-orig-file=\"http:\/\/desireemartinphoto.com\/blog\/wp-content\/uploads\/2016\/08\/Incendio-La-Palma-BLOG-2016-37.jpg\" data-orig-size=\"550,487\" data-comments-opened=\"1\" data-image-meta=\"{&quot;aperture&quot;:&quot;0&quot;,&quot;credit&quot;:&quot;&quot;,&quot;camera&quot;:&quot;&quot;,&quot;caption&quot;:&quot;&quot;,&quot;created_timestamp&quot;:&quot;1470916459&quot;,&quot;copyright&quot;:&quot;&quot;,&quot;focal_length&quot;:&quot;0&quot;,&quot;iso&quot;:&quot;0&quot;,&quot;shutter_speed&quot;:&quot;0&quot;,&quot;title&quot;:&quot;&quot;,&quot;orientation&quot;:&quot;1&quot;}\" data-image-title=\"Fuencaliente.\" data-image-description=\"\" data-medium-file=\"http:\/\/desireemartinphoto.com\/blog\/wp-content\/uploads\/2016\/08\/Incendio-La-Palma-BLOG-2016-37-300x266.jpg\" data-large-file=\"http:\/\/desireemartinphoto.com\/blog\/wp-content\/uploads\/2016\/08\/Incendio-La-Palma-BLOG-2016-37.jpg\" src=\"https:\/\/i2.wp.com\/desireemartinphoto.com\/blog\/wp-content\/uploads\/2016\/08\/Incendio-La-Palma-BLOG-2016-37.jpg?w=211&#038;h=187\" width=\"211\" height=\"187\" data-original-width=\"211\" data-original-height=\"187\" itemprop=\"http:\/\/schema.org\/image\" title=\"Fuencaliente.\" alt=\"Fuencaliente.\" style=\"width: 211px; height: 187px;\" \/> <\/a> <\/div> <\/div> <!-- close group --> <\/div> <!-- close row --> <div class=\"gallery-row\" style=\"width: 500px; height: 176px;\" data-original-width=\"500\" data-original-height=\"176\" > <div class=\"gallery-group images-1\" style=\"width: 295px; height: 176px;\" data-original-width=\"295\" data-original-height=\"176\" > <div class=\"tiled-gallery-item tiled-gallery-item-large\" itemprop=\"associatedMedia\" itemscope itemtype=\"http:\/\/schema.org\/ImageObject\"> <a href=\"http:\/\/desireemartinphoto.com\/blog\/incendio-la-palma-blog-2016-38\/\" border=\"0\" itemprop=\"url\"> <meta itemprop=\"width\" content=\"291\"> <meta itemprop=\"height\" content=\"172\"> <img data-attachment-id=\"4778\" data-orig-file=\"http:\/\/desireemartinphoto.com\/blog\/wp-content\/uploads\/2016\/08\/Incendio-La-Palma-BLOG-2016-38.jpg\" data-orig-size=\"550,325\" data-comments-opened=\"1\" data-image-meta=\"{&quot;aperture&quot;:&quot;0&quot;,&quot;credit&quot;:&quot;&quot;,&quot;camera&quot;:&quot;&quot;,&quot;caption&quot;:&quot;&quot;,&quot;created_timestamp&quot;:&quot;1470916485&quot;,&quot;copyright&quot;:&quot;&quot;,&quot;focal_length&quot;:&quot;0&quot;,&quot;iso&quot;:&quot;0&quot;,&quot;shutter_speed&quot;:&quot;0&quot;,&quot;title&quot;:&quot;&quot;,&quot;orientation&quot;:&quot;1&quot;}\" data-image-title=\"Fuencaliente.\" data-image-description=\"\" data-medium-file=\"http:\/\/desireemartinphoto.com\/blog\/wp-content\/uploads\/2016\/08\/Incendio-La-Palma-BLOG-2016-38-300x177.jpg\" data-large-file=\"http:\/\/desireemartinphoto.com\/blog\/wp-content\/uploads\/2016\/08\/Incendio-La-Palma-BLOG-2016-38.jpg\" src=\"https:\/\/i0.wp.com\/desireemartinphoto.com\/blog\/wp-content\/uploads\/2016\/08\/Incendio-La-Palma-BLOG-2016-38.jpg?w=291&#038;h=172\" width=\"291\" height=\"172\" data-original-width=\"291\" data-original-height=\"172\" itemprop=\"http:\/\/schema.org\/image\" title=\"Fuencaliente.\" alt=\"Fuencaliente.\" style=\"width: 291px; height: 172px;\" \/> <\/a> <\/div> <\/div> <!-- close group --> <div class=\"gallery-group images-1\" style=\"width: 205px; height: 176px;\" data-original-width=\"205\" data-original-height=\"176\" > <div class=\"tiled-gallery-item tiled-gallery-item-small\" itemprop=\"associatedMedia\" itemscope itemtype=\"http:\/\/schema.org\/ImageObject\"> <a href=\"http:\/\/desireemartinphoto.com\/blog\/incendio-la-palma-blog-2016-39\/\" border=\"0\" itemprop=\"url\"> <meta itemprop=\"width\" content=\"201\"> <meta itemprop=\"height\" content=\"172\"> <img data-attachment-id=\"4779\" data-orig-file=\"http:\/\/desireemartinphoto.com\/blog\/wp-content\/uploads\/2016\/08\/Incendio-La-Palma-BLOG-2016-39.jpg\" data-orig-size=\"550,470\" data-comments-opened=\"1\" data-image-meta=\"{&quot;aperture&quot;:&quot;0&quot;,&quot;credit&quot;:&quot;&quot;,&quot;camera&quot;:&quot;&quot;,&quot;caption&quot;:&quot;&quot;,&quot;created_timestamp&quot;:&quot;1470916477&quot;,&quot;copyright&quot;:&quot;&quot;,&quot;focal_length&quot;:&quot;0&quot;,&quot;iso&quot;:&quot;0&quot;,&quot;shutter_speed&quot;:&quot;0&quot;,&quot;title&quot;:&quot;&quot;,&quot;orientation&quot;:&quot;1&quot;}\" data-image-title=\"Fuencaliente.\" data-image-description=\"\" data-medium-file=\"http:\/\/desireemartinphoto.com\/blog\/wp-content\/uploads\/2016\/08\/Incendio-La-Palma-BLOG-2016-39-300x256.jpg\" data-large-file=\"http:\/\/desireemartinphoto.com\/blog\/wp-content\/uploads\/2016\/08\/Incendio-La-Palma-BLOG-2016-39.jpg\" src=\"https:\/\/i1.wp.com\/desireemartinphoto.com\/blog\/wp-content\/uploads\/2016\/08\/Incendio-La-Palma-BLOG-2016-39.jpg?w=201&#038;h=172\" width=\"201\" height=\"172\" data-original-width=\"201\" data-original-height=\"172\" itemprop=\"http:\/\/schema.org\/image\" title=\"Fuencaliente.\" alt=\"Fuencaliente.\" style=\"width: 201px; height: 172px;\" \/> <\/a> <\/div> <\/div> <!-- close group --> <\/div> <!-- close row --> <div class=\"gallery-row\" style=\"width: 500px; height: 224px;\" data-original-width=\"500\" data-original-height=\"224\" > <div class=\"gallery-group images-1\" style=\"width: 334px; height: 224px;\" data-original-width=\"334\" data-original-height=\"224\" > <div class=\"tiled-gallery-item tiled-gallery-item-large\" itemprop=\"associatedMedia\" itemscope itemtype=\"http:\/\/schema.org\/ImageObject\"> <a href=\"http:\/\/desireemartinphoto.com\/blog\/incendio-la-palma-blog-2016-40\/\" border=\"0\" itemprop=\"url\"> <meta itemprop=\"width\" content=\"330\"> <meta itemprop=\"height\" content=\"220\"> <img data-attachment-id=\"4780\" data-orig-file=\"http:\/\/desireemartinphoto.com\/blog\/wp-content\/uploads\/2016\/08\/Incendio-La-Palma-BLOG-2016-40.jpg\" data-orig-size=\"550,367\" data-comments-opened=\"1\" data-image-meta=\"{&quot;aperture&quot;:&quot;0&quot;,&quot;credit&quot;:&quot;&quot;,&quot;camera&quot;:&quot;&quot;,&quot;caption&quot;:&quot;&quot;,&quot;created_timestamp&quot;:&quot;1470916504&quot;,&quot;copyright&quot;:&quot;&quot;,&quot;focal_length&quot;:&quot;0&quot;,&quot;iso&quot;:&quot;0&quot;,&quot;shutter_speed&quot;:&quot;0&quot;,&quot;title&quot;:&quot;&quot;,&quot;orientation&quot;:&quot;1&quot;}\" data-image-title=\"Fuencaliente.\" data-image-description=\"\" data-medium-file=\"http:\/\/desireemartinphoto.com\/blog\/wp-content\/uploads\/2016\/08\/Incendio-La-Palma-BLOG-2016-40-300x200.jpg\" data-large-file=\"http:\/\/desireemartinphoto.com\/blog\/wp-content\/uploads\/2016\/08\/Incendio-La-Palma-BLOG-2016-40.jpg\" src=\"https:\/\/i1.wp.com\/desireemartinphoto.com\/blog\/wp-content\/uploads\/2016\/08\/Incendio-La-Palma-BLOG-2016-40.jpg?w=330&#038;h=220\" width=\"330\" height=\"220\" data-original-width=\"330\" data-original-height=\"220\" itemprop=\"http:\/\/schema.org\/image\" title=\"Fuencaliente.\" alt=\"Fuencaliente.\" style=\"width: 330px; height: 220px;\" \/> <\/a> <\/div> <\/div> <!-- close group --> <div class=\"gallery-group images-2\" style=\"width: 166px; height: 224px;\" data-original-width=\"166\" data-original-height=\"224\" > <div class=\"tiled-gallery-item tiled-gallery-item-small\" itemprop=\"associatedMedia\" itemscope itemtype=\"http:\/\/schema.org\/ImageObject\"> <a href=\"http:\/\/desireemartinphoto.com\/blog\/incendio-la-palma-blog-2016-41\/\" border=\"0\" itemprop=\"url\"> <meta itemprop=\"width\" content=\"162\"> <meta itemprop=\"height\" content=\"108\"> <img data-attachment-id=\"4781\" data-orig-file=\"http:\/\/desireemartinphoto.com\/blog\/wp-content\/uploads\/2016\/08\/Incendio-La-Palma-BLOG-2016-41.jpg\" data-orig-size=\"550,367\" data-comments-opened=\"1\" data-image-meta=\"{&quot;aperture&quot;:&quot;0&quot;,&quot;credit&quot;:&quot;&quot;,&quot;camera&quot;:&quot;&quot;,&quot;caption&quot;:&quot;&quot;,&quot;created_timestamp&quot;:&quot;1470916430&quot;,&quot;copyright&quot;:&quot;&quot;,&quot;focal_length&quot;:&quot;0&quot;,&quot;iso&quot;:&quot;0&quot;,&quot;shutter_speed&quot;:&quot;0&quot;,&quot;title&quot;:&quot;&quot;,&quot;orientation&quot;:&quot;1&quot;}\" data-image-title=\"Fuencaliente.\" data-image-description=\"\" data-medium-file=\"http:\/\/desireemartinphoto.com\/blog\/wp-content\/uploads\/2016\/08\/Incendio-La-Palma-BLOG-2016-41-300x200.jpg\" data-large-file=\"http:\/\/desireemartinphoto.com\/blog\/wp-content\/uploads\/2016\/08\/Incendio-La-Palma-BLOG-2016-41.jpg\" src=\"https:\/\/i0.wp.com\/desireemartinphoto.com\/blog\/wp-content\/uploads\/2016\/08\/Incendio-La-Palma-BLOG-2016-41.jpg?w=162&#038;h=108\" width=\"162\" height=\"108\" data-original-width=\"162\" data-original-height=\"108\" itemprop=\"http:\/\/schema.org\/image\" title=\"Fuencaliente.\" alt=\"Fuencaliente.\" style=\"width: 162px; height: 108px;\" \/> <\/a> <\/div> <div class=\"tiled-gallery-item tiled-gallery-item-small\" itemprop=\"associatedMedia\" itemscope itemtype=\"http:\/\/schema.org\/ImageObject\"> <a href=\"http:\/\/desireemartinphoto.com\/blog\/incendio-la-palma-blog-2016-42\/\" border=\"0\" itemprop=\"url\"> <meta itemprop=\"width\" content=\"162\"> <meta itemprop=\"height\" content=\"108\"> <img data-attachment-id=\"4782\" data-orig-file=\"http:\/\/desireemartinphoto.com\/blog\/wp-content\/uploads\/2016\/08\/Incendio-La-Palma-BLOG-2016-42.jpg\" data-orig-size=\"550,367\" data-comments-opened=\"1\" data-image-meta=\"{&quot;aperture&quot;:&quot;0&quot;,&quot;credit&quot;:&quot;&quot;,&quot;camera&quot;:&quot;&quot;,&quot;caption&quot;:&quot;&quot;,&quot;created_timestamp&quot;:&quot;1470442914&quot;,&quot;copyright&quot;:&quot;&quot;,&quot;focal_length&quot;:&quot;0&quot;,&quot;iso&quot;:&quot;0&quot;,&quot;shutter_speed&quot;:&quot;0&quot;,&quot;title&quot;:&quot;&quot;,&quot;orientation&quot;:&quot;1&quot;}\" data-image-title=\"Fuencaliente.\" data-image-description=\"\" data-medium-file=\"http:\/\/desireemartinphoto.com\/blog\/wp-content\/uploads\/2016\/08\/Incendio-La-Palma-BLOG-2016-42-300x200.jpg\" data-large-file=\"http:\/\/desireemartinphoto.com\/blog\/wp-content\/uploads\/2016\/08\/Incendio-La-Palma-BLOG-2016-42.jpg\" src=\"https:\/\/i1.wp.com\/desireemartinphoto.com\/blog\/wp-content\/uploads\/2016\/08\/Incendio-La-Palma-BLOG-2016-42.jpg?w=162&#038;h=108\" width=\"162\" height=\"108\" data-original-width=\"162\" data-original-height=\"108\" itemprop=\"http:\/\/schema.org\/image\" title=\"Fuencaliente.\" alt=\"Fuencaliente.\" style=\"width: 162px; height: 108px;\" \/> <\/a> <\/div> <\/div> <!-- close group --> <\/div> <!-- close row --> <div class=\"gallery-row\" style=\"width: 500px; height: 231px;\" data-original-width=\"500\" data-original-height=\"231\" > <div class=\"gallery-group images-1\" style=\"width: 345px; height: 231px;\" data-original-width=\"345\" data-original-height=\"231\" > <div class=\"tiled-gallery-item tiled-gallery-item-large\" itemprop=\"associatedMedia\" itemscope itemtype=\"http:\/\/schema.org\/ImageObject\"> <a href=\"http:\/\/desireemartinphoto.com\/blog\/incendio-la-palma-blog-2016-43\/\" border=\"0\" itemprop=\"url\"> <meta itemprop=\"width\" content=\"341\"> <meta itemprop=\"height\" content=\"227\"> <img data-attachment-id=\"4783\" data-orig-file=\"http:\/\/desireemartinphoto.com\/blog\/wp-content\/uploads\/2016\/08\/Incendio-La-Palma-BLOG-2016-43.jpg\" data-orig-size=\"550,367\" data-comments-opened=\"1\" data-image-meta=\"{&quot;aperture&quot;:&quot;0&quot;,&quot;credit&quot;:&quot;&quot;,&quot;camera&quot;:&quot;&quot;,&quot;caption&quot;:&quot;&quot;,&quot;created_timestamp&quot;:&quot;1470442944&quot;,&quot;copyright&quot;:&quot;&quot;,&quot;focal_length&quot;:&quot;0&quot;,&quot;iso&quot;:&quot;0&quot;,&quot;shutter_speed&quot;:&quot;0&quot;,&quot;title&quot;:&quot;&quot;,&quot;orientation&quot;:&quot;1&quot;}\" data-image-title=\"Fuencaliente.\" data-image-description=\"\" data-medium-file=\"http:\/\/desireemartinphoto.com\/blog\/wp-content\/uploads\/2016\/08\/Incendio-La-Palma-BLOG-2016-43-300x200.jpg\" data-large-file=\"http:\/\/desireemartinphoto.com\/blog\/wp-content\/uploads\/2016\/08\/Incendio-La-Palma-BLOG-2016-43.jpg\" src=\"https:\/\/i2.wp.com\/desireemartinphoto.com\/blog\/wp-content\/uploads\/2016\/08\/Incendio-La-Palma-BLOG-2016-43.jpg?w=341&#038;h=227\" width=\"341\" height=\"227\" data-original-width=\"341\" data-original-height=\"227\" itemprop=\"http:\/\/schema.org\/image\" title=\"Fuencaliente.\" alt=\"Fuencaliente.\" style=\"width: 341px; height: 227px;\" \/> <\/a> <\/div> <\/div> <!-- close group --> <div class=\"gallery-group images-1\" style=\"width: 155px; height: 231px;\" data-original-width=\"155\" data-original-height=\"231\" > <div class=\"tiled-gallery-item tiled-gallery-item-small\" itemprop=\"associatedMedia\" itemscope itemtype=\"http:\/\/schema.org\/ImageObject\"> <a href=\"http:\/\/desireemartinphoto.com\/blog\/incendio-la-palma-blog-2016-44\/\" border=\"0\" itemprop=\"url\"> <meta itemprop=\"width\" content=\"151\"> <meta itemprop=\"height\" content=\"227\"> <img data-attachment-id=\"4784\" data-orig-file=\"http:\/\/desireemartinphoto.com\/blog\/wp-content\/uploads\/2016\/08\/Incendio-La-Palma-BLOG-2016-44.jpg\" data-orig-size=\"550,825\" data-comments-opened=\"1\" data-image-meta=\"{&quot;aperture&quot;:&quot;0&quot;,&quot;credit&quot;:&quot;&quot;,&quot;camera&quot;:&quot;&quot;,&quot;caption&quot;:&quot;&quot;,&quot;created_timestamp&quot;:&quot;1470442964&quot;,&quot;copyright&quot;:&quot;&quot;,&quot;focal_length&quot;:&quot;0&quot;,&quot;iso&quot;:&quot;0&quot;,&quot;shutter_speed&quot;:&quot;0&quot;,&quot;title&quot;:&quot;&quot;,&quot;orientation&quot;:&quot;1&quot;}\" data-image-title=\"Fuencaliente.\" data-image-description=\"\" data-medium-file=\"http:\/\/desireemartinphoto.com\/blog\/wp-content\/uploads\/2016\/08\/Incendio-La-Palma-BLOG-2016-44-200x300.jpg\" data-large-file=\"http:\/\/desireemartinphoto.com\/blog\/wp-content\/uploads\/2016\/08\/Incendio-La-Palma-BLOG-2016-44.jpg\" src=\"https:\/\/i1.wp.com\/desireemartinphoto.com\/blog\/wp-content\/uploads\/2016\/08\/Incendio-La-Palma-BLOG-2016-44.jpg?w=151&#038;h=227\" width=\"151\" height=\"227\" data-original-width=\"151\" data-original-height=\"227\" itemprop=\"http:\/\/schema.org\/image\" title=\"Fuencaliente.\" alt=\"Fuencaliente.\" style=\"width: 151px; height: 227px;\" \/> <\/a> <\/div> <\/div> <!-- close group --> <\/div> <!-- close row --> <\/div>\n<div class=\"sharedaddy sd-sharing-enabled\"><div class=\"robots-nocontent sd-block sd-social sd-social-icon-text sd-sharing\"><h3 class=\"sd-title\">COMPARTE ESTO:<\/h3><div class=\"sd-content\"><ul><li class=\"share-facebook\"><a rel=\"nofollow noopener noreferrer\" data-shared=\"sharing-facebook-4739\" class=\"share-facebook sd-button share-icon\" href=\"http:\/\/desireemartinphoto.com\/blog\/la-palma-incendio-forestal-de-solitarios\/?share=facebook\" target=\"_blank\" title=\"Haz clic para compartir en Facebook\"><span>Facebook<\/span><\/a><\/li><li class=\"share-twitter\"><a rel=\"nofollow noopener noreferrer\" data-shared=\"sharing-twitter-4739\" class=\"share-twitter sd-button share-icon\" href=\"http:\/\/desireemartinphoto.com\/blog\/la-palma-incendio-forestal-de-solitarios\/?share=twitter\" target=\"_blank\" title=\"Haz clic para compartir en Twitter\"><span>Twitter<\/span><\/a><\/li><li class=\"share-email\"><a rel=\"nofollow noopener noreferrer\" data-shared=\"\" class=\"share-email sd-button share-icon\" href=\"http:\/\/desireemartinphoto.com\/blog\/la-palma-incendio-forestal-de-solitarios\/?share=email\" target=\"_blank\" title=\"Haz clic para enviar por correo electr\u00f3nico a un amigo\"><span>Correo electr\u00f3nico<\/span><\/a><\/li><li class=\"share-linkedin\"><a rel=\"nofollow noopener noreferrer\" data-shared=\"sharing-linkedin-4739\" class=\"share-linkedin sd-button share-icon\" href=\"http:\/\/desireemartinphoto.com\/blog\/la-palma-incendio-forestal-de-solitarios\/?share=linkedin\" target=\"_blank\" title=\"Haz clic para compartir en LinkedIn\"><span>LinkedIn<\/span><\/a><\/li><li class=\"share-tumblr\"><a rel=\"nofollow noopener noreferrer\" data-shared=\"\" class=\"share-tumblr sd-button share-icon\" href=\"http:\/\/desireemartinphoto.com\/blog\/la-palma-incendio-forestal-de-solitarios\/?share=tumblr\" target=\"_blank\" title=\"Haz clic para compartir en Tumblr\"><span>Tumblr<\/span><\/a><\/li><li class=\"share-end\"><\/li><\/ul><\/div><\/div><\/div>","protected":false},"excerpt":{"rendered":"<p>Han escrito mucho sobre el incendio forestal que a\u00fan contin\u00faa en la isla de La Palma: Provocado por Scott y su papel higi\u00e9nico, que si es lo peor, que no es para tanto&#8230; que si Change.org y pidamos un hidroavi\u00f3n fijo aqu\u00ed, que no, que mejor helic\u00f3pteros, que no, que mejor se pague mejor a [&#038;hellip<\/p>\n<div class=\"sharedaddy sd-sharing-enabled\"><div class=\"robots-nocontent sd-block sd-social sd-social-icon-text sd-sharing\"><h3 class=\"sd-title\">COMPARTE ESTO:<\/h3><div class=\"sd-content\"><ul><li class=\"share-facebook\"><a rel=\"nofollow noopener noreferrer\" data-shared=\"sharing-facebook-4739\" class=\"share-facebook sd-button share-icon\" href=\"http:\/\/desireemartinphoto.com\/blog\/la-palma-incendio-forestal-de-solitarios\/?share=facebook\" target=\"_blank\" title=\"Haz clic para compartir en Facebook\"><span>Facebook<\/span><\/a><\/li><li class=\"share-twitter\"><a rel=\"nofollow noopener noreferrer\" data-shared=\"sharing-twitter-4739\" class=\"share-twitter sd-button share-icon\" href=\"http:\/\/desireemartinphoto.com\/blog\/la-palma-incendio-forestal-de-solitarios\/?share=twitter\" target=\"_blank\" title=\"Haz clic para compartir en Twitter\"><span>Twitter<\/span><\/a><\/li><li class=\"share-email\"><a rel=\"nofollow noopener noreferrer\" data-shared=\"\" class=\"share-email sd-button share-icon\" href=\"http:\/\/desireemartinphoto.com\/blog\/la-palma-incendio-forestal-de-solitarios\/?share=email\" target=\"_blank\" title=\"Haz clic para enviar por correo electr\u00f3nico a un amigo\"><span>Correo electr\u00f3nico<\/span><\/a><\/li><li class=\"share-linkedin\"><a rel=\"nofollow noopener noreferrer\" data-shared=\"sharing-linkedin-4739\" class=\"share-linkedin sd-button share-icon\" href=\"http:\/\/desireemartinphoto.com\/blog\/la-palma-incendio-forestal-de-solitarios\/?share=linkedin\" target=\"_blank\" title=\"Haz clic para compartir en LinkedIn\"><span>LinkedIn<\/span><\/a><\/li><li class=\"share-tumblr\"><a rel=\"nofollow noopener noreferrer\" data-shared=\"\" class=\"share-tumblr sd-button share-icon\" href=\"http:\/\/desireemartinphoto.com\/blog\/la-palma-incendio-forestal-de-solitarios\/?share=tumblr\" target=\"_blank\" title=\"Haz clic para compartir en Tumblr\"><span>Tumblr<\/span><\/a><\/li><li class=\"share-end\"><\/li><\/ul><\/div><\/div><\/div>","protected":false},"author":1,"featured_media":0,"comment_status":"open","ping_status":"open","sticky":false,"template":"","format":"standard","meta":{"spay_email":""},"categories":[1],"tags":[39,355,414,5,6,412,442,139,514,362,515,354,594,1026],"jetpack_featured_media_url":"","jetpack_sharing_enabled":true,"_links":{"self":[{"href":"http:\/\/desireemartinphoto.com\/blog\/wp-json\/wp\/v2\/posts\/4739"}],"collection":[{"href":"http:\/\/desireemartinphoto.com\/blog\/wp-json\/wp\/v2\/posts"}],"about":[{"href":"http:\/\/desireemartinphoto.com\/blog\/wp-json\/wp\/v2\/types\/post"}],"author":[{"embeddable":true,"href":"http:\/\/desireemartinphoto.com\/blog\/wp-json\/wp\/v2\/users\/1"}],"replies":[{"embeddable":true,"href":"http:\/\/desireemartinphoto.com\/blog\/wp-json\/wp\/v2\/comments?post=4739"}],"version-history":[{"count":4,"href":"http:\/\/desireemartinphoto.com\/blog\/wp-json\/wp\/v2\/posts\/4739\/revisions"}],"predecessor-version":[{"id":4787,"href":"http:\/\/desireemartinphoto.com\/blog\/wp-json\/wp\/v2\/posts\/4739\/revisions\/4787"}],"wp:attachment":[{"href":"http:\/\/desireemartinphoto.com\/blog\/wp-json\/wp\/v2\/media?parent=4739"}],"wp:term":[{"taxonomy":"category","embeddable":true,"href":"http:\/\/desireemartinphoto.com\/blog\/wp-json\/wp\/v2\/categories?post=4739"},{"taxonomy":"post_tag","embeddable":true,"href":"http:\/\/desireemartinphoto.com\/blog\/wp-json\/wp\/v2\/tags?post=4739"}],"curies":[{"name":"wp","href":"https:\/\/api.w.org\/{rel}","templated":true}]}}