{"id":4654,"date":"2016-07-28T10:47:15","date_gmt":"2016-07-28T10:47:15","guid":{"rendered":"http:\/\/desireemartinphoto.com\/blog\/?p=4654"},"modified":"2016-07-28T11:17:16","modified_gmt":"2016-07-28T11:17:16","slug":"embarcacion-marinera-por-vikingas-la-barranquera","status":"publish","type":"post","link":"http:\/\/desireemartinphoto.com\/blog\/embarcacion-marinera-por-vikingas-la-barranquera\/","title":{"rendered":"Embarcaci\u00f3n marinera por VIKINGAS, La Barranquera."},"content":{"rendered":"<p>El s\u00e1bado 23 de julio fue la Embarcaci\u00f3n de la virgen del Carmen de La Barranquera, en la costa de Valle Guerra, en el norte de la isla de Tenerife.<\/p>\n<p>Supe de esta fiesta por una alumna de un taller de movilgraf\u00eda que impart\u00ed en la zona. <\/p>\n<p>Visionando unas fotograf\u00edas, vio una de la <a href=\"http:\/\/desireemartinphoto.com\/blog\/embarcacion-de-la-virgen-del-carmen-puerto-de-la-cruz-2016\/\" target=\"_blank\">Embarcaci\u00f3n de la Virgen del Carmen del Puerto de la Cruz<\/a>, una embarcaci\u00f3n multitudinaria ( unas 25 mil personas ) y me coment\u00f3 que cerca de all\u00ed se hac\u00eda una : &#8221; muy bonita, tambi\u00e9n , m\u00e1s familia &#8220;, que si la conoc\u00eda. ..pues no&#8230;<\/p>\n<p>Lo tuve presente durante los \u00faltimos dos a\u00f1os, no pudo ser hasta este.<\/p>\n<p>Lo peor de todo es que no recuerdo su nombre&#8230; ( si lees este post, que sepas que intente preguntar por ti en el barrio, mir\u00e9 mil veces mis whatsApp.. y nada!! Escr\u00edbeme para hablarte, por favor ).<\/p>\n<p>Les invito a ver la galer\u00eda gr\u00e1fica, un barrio alucinante, aunque se parece estructuralmente al m\u00edo ..es radicalmente diferente. Ir\u00e9 contando alg\u00fan detalle de la historia en cada imagen.<\/p>\n<p>M\u00e1s n\u00edtido que nunca: el lugar lo hace la gente.<\/p>\n<p>( pica sobre la primera para que se abra la galer\u00eda y las veas mejor &#8230;o como te apetezca )<\/p>\n\n\t\t<style type=\"text\/css\">\n\t\t\t#gallery-1 {\n\t\t\t\tmargin: auto;\n\t\t\t}\n\t\t\t#gallery-1 .gallery-item {\n\t\t\t\tfloat: left;\n\t\t\t\tmargin-top: 10px;\n\t\t\t\ttext-align: center;\n\t\t\t\twidth: 33%;\n\t\t\t}\n\t\t\t#gallery-1 img {\n\t\t\t\tborder: 2px solid #cfcfcf;\n\t\t\t}\n\t\t\t#gallery-1 .gallery-caption {\n\t\t\t\tmargin-left: 0;\n\t\t\t}\n\t\t\t\/* see gallery_shortcode() in wp-includes\/media.php *\/\n\t\t<\/style>\n\t\t<div data-carousel-extra='{\"blog_id\":1,\"permalink\":\"http:\\\/\\\/desireemartinphoto.com\\\/blog\\\/embarcacion-marinera-por-vikingas-la-barranquera\\\/\"}' id='gallery-1' class='gallery galleryid-4654 gallery-columns-3 gallery-size-thumbnail'><dl class='gallery-item'>\n\t\t\t<dt class='gallery-icon landscape'>\n\t\t\t\t<a href='http:\/\/desireemartinphoto.com\/blog\/embarcacion-barranquera-blog-2016-01\/'><img width=\"150\" height=\"150\" src=\"http:\/\/desireemartinphoto.com\/blog\/wp-content\/uploads\/2016\/07\/Embarcacion-Barranquera-BLOG-2016-01-150x150.jpg\" class=\"attachment-thumbnail size-thumbnail\" alt=\"\" loading=\"lazy\" aria-describedby=\"gallery-1-4655\" data-attachment-id=\"4655\" data-permalink=\"http:\/\/desireemartinphoto.com\/blog\/embarcacion-barranquera-blog-2016-01\/\" data-orig-file=\"http:\/\/desireemartinphoto.com\/blog\/wp-content\/uploads\/2016\/07\/Embarcacion-Barranquera-BLOG-2016-01.jpg\" data-orig-size=\"550,330\" data-comments-opened=\"1\" data-image-meta=\"{&quot;aperture&quot;:&quot;0&quot;,&quot;credit&quot;:&quot;&quot;,&quot;camera&quot;:&quot;&quot;,&quot;caption&quot;:&quot;&quot;,&quot;created_timestamp&quot;:&quot;1469404574&quot;,&quot;copyright&quot;:&quot;&quot;,&quot;focal_length&quot;:&quot;0&quot;,&quot;iso&quot;:&quot;0&quot;,&quot;shutter_speed&quot;:&quot;0&quot;,&quot;title&quot;:&quot;&quot;,&quot;orientation&quot;:&quot;1&quot;}\" data-image-title=\"Embarcacion Barranquera BLOG 2016 01\" data-image-description=\"\" data-medium-file=\"http:\/\/desireemartinphoto.com\/blog\/wp-content\/uploads\/2016\/07\/Embarcacion-Barranquera-BLOG-2016-01-300x180.jpg\" data-large-file=\"http:\/\/desireemartinphoto.com\/blog\/wp-content\/uploads\/2016\/07\/Embarcacion-Barranquera-BLOG-2016-01.jpg\" \/><\/a>\n\t\t\t<\/dt>\n\t\t\t\t<dd class='wp-caption-text gallery-caption' id='gallery-1-4655'>\n\t\t\t\tLa Barranquera, costa de Valle Guerra\n\t\t\t\t<\/dd><\/dl><dl class='gallery-item'>\n\t\t\t<dt class='gallery-icon landscape'>\n\t\t\t\t<a href='http:\/\/desireemartinphoto.com\/blog\/embarcacion-barranquera-blog-2016-02\/'><img width=\"150\" height=\"150\" src=\"http:\/\/desireemartinphoto.com\/blog\/wp-content\/uploads\/2016\/07\/Embarcacion-Barranquera-BLOG-2016-02-150x150.jpg\" class=\"attachment-thumbnail size-thumbnail\" alt=\"\" loading=\"lazy\" aria-describedby=\"gallery-1-4656\" data-attachment-id=\"4656\" data-permalink=\"http:\/\/desireemartinphoto.com\/blog\/embarcacion-barranquera-blog-2016-02\/\" data-orig-file=\"http:\/\/desireemartinphoto.com\/blog\/wp-content\/uploads\/2016\/07\/Embarcacion-Barranquera-BLOG-2016-02.jpg\" data-orig-size=\"550,330\" data-comments-opened=\"1\" data-image-meta=\"{&quot;aperture&quot;:&quot;0&quot;,&quot;credit&quot;:&quot;&quot;,&quot;camera&quot;:&quot;&quot;,&quot;caption&quot;:&quot;&quot;,&quot;created_timestamp&quot;:&quot;1469403929&quot;,&quot;copyright&quot;:&quot;&quot;,&quot;focal_length&quot;:&quot;0&quot;,&quot;iso&quot;:&quot;0&quot;,&quot;shutter_speed&quot;:&quot;0&quot;,&quot;title&quot;:&quot;&quot;,&quot;orientation&quot;:&quot;1&quot;}\" data-image-title=\"Embarcacion Barranquera BLOG 2016 02\" data-image-description=\"\" data-medium-file=\"http:\/\/desireemartinphoto.com\/blog\/wp-content\/uploads\/2016\/07\/Embarcacion-Barranquera-BLOG-2016-02-300x180.jpg\" data-large-file=\"http:\/\/desireemartinphoto.com\/blog\/wp-content\/uploads\/2016\/07\/Embarcacion-Barranquera-BLOG-2016-02.jpg\" \/><\/a>\n\t\t\t<\/dt>\n\t\t\t\t<dd class='wp-caption-text gallery-caption' id='gallery-1-4656'>\n\t\t\t\tYa en el sitio de reportajeo, el kiosko de la fiesta.\n\t\t\t\t<\/dd><\/dl><dl class='gallery-item'>\n\t\t\t<dt class='gallery-icon portrait'>\n\t\t\t\t<a href='http:\/\/desireemartinphoto.com\/blog\/embarcacion-barranquera-blog-2016-03\/'><img width=\"150\" height=\"150\" src=\"http:\/\/desireemartinphoto.com\/blog\/wp-content\/uploads\/2016\/07\/Embarcacion-Barranquera-BLOG-2016-03-150x150.jpg\" class=\"attachment-thumbnail size-thumbnail\" alt=\"\" loading=\"lazy\" aria-describedby=\"gallery-1-4657\" data-attachment-id=\"4657\" data-permalink=\"http:\/\/desireemartinphoto.com\/blog\/embarcacion-barranquera-blog-2016-03\/\" data-orig-file=\"http:\/\/desireemartinphoto.com\/blog\/wp-content\/uploads\/2016\/07\/Embarcacion-Barranquera-BLOG-2016-03.jpg\" data-orig-size=\"550,757\" data-comments-opened=\"1\" data-image-meta=\"{&quot;aperture&quot;:&quot;0&quot;,&quot;credit&quot;:&quot;&quot;,&quot;camera&quot;:&quot;&quot;,&quot;caption&quot;:&quot;&quot;,&quot;created_timestamp&quot;:&quot;1469404014&quot;,&quot;copyright&quot;:&quot;&quot;,&quot;focal_length&quot;:&quot;0&quot;,&quot;iso&quot;:&quot;0&quot;,&quot;shutter_speed&quot;:&quot;0&quot;,&quot;title&quot;:&quot;&quot;,&quot;orientation&quot;:&quot;1&quot;}\" data-image-title=\"Embarcacion Barranquera BLOG 2016 03\" data-image-description=\"\" data-medium-file=\"http:\/\/desireemartinphoto.com\/blog\/wp-content\/uploads\/2016\/07\/Embarcacion-Barranquera-BLOG-2016-03-218x300.jpg\" data-large-file=\"http:\/\/desireemartinphoto.com\/blog\/wp-content\/uploads\/2016\/07\/Embarcacion-Barranquera-BLOG-2016-03.jpg\" \/><\/a>\n\t\t\t<\/dt>\n\t\t\t\t<dd class='wp-caption-text gallery-caption' id='gallery-1-4657'>\n\t\t\t\tDesde muy temprano los ni\u00f1os jugaban en el mar.\n\t\t\t\t<\/dd><\/dl><br style=\"clear: both\" \/><dl class='gallery-item'>\n\t\t\t<dt class='gallery-icon landscape'>\n\t\t\t\t<a href='http:\/\/desireemartinphoto.com\/blog\/embarcacion-barranquera-blog-2016-04\/'><img width=\"150\" height=\"150\" src=\"http:\/\/desireemartinphoto.com\/blog\/wp-content\/uploads\/2016\/07\/Embarcacion-Barranquera-BLOG-2016-04-150x150.jpg\" class=\"attachment-thumbnail size-thumbnail\" alt=\"\" loading=\"lazy\" aria-describedby=\"gallery-1-4658\" data-attachment-id=\"4658\" data-permalink=\"http:\/\/desireemartinphoto.com\/blog\/embarcacion-barranquera-blog-2016-04\/\" data-orig-file=\"http:\/\/desireemartinphoto.com\/blog\/wp-content\/uploads\/2016\/07\/Embarcacion-Barranquera-BLOG-2016-04.jpg\" data-orig-size=\"550,367\" data-comments-opened=\"1\" data-image-meta=\"{&quot;aperture&quot;:&quot;0&quot;,&quot;credit&quot;:&quot;&quot;,&quot;camera&quot;:&quot;&quot;,&quot;caption&quot;:&quot;&quot;,&quot;created_timestamp&quot;:&quot;1469403984&quot;,&quot;copyright&quot;:&quot;&quot;,&quot;focal_length&quot;:&quot;0&quot;,&quot;iso&quot;:&quot;0&quot;,&quot;shutter_speed&quot;:&quot;0&quot;,&quot;title&quot;:&quot;&quot;,&quot;orientation&quot;:&quot;1&quot;}\" data-image-title=\"Embarcacion Barranquera BLOG 2016 04\" data-image-description=\"\" data-medium-file=\"http:\/\/desireemartinphoto.com\/blog\/wp-content\/uploads\/2016\/07\/Embarcacion-Barranquera-BLOG-2016-04-300x200.jpg\" data-large-file=\"http:\/\/desireemartinphoto.com\/blog\/wp-content\/uploads\/2016\/07\/Embarcacion-Barranquera-BLOG-2016-04.jpg\" \/><\/a>\n\t\t\t<\/dt>\n\t\t\t\t<dd class='wp-caption-text gallery-caption' id='gallery-1-4658'>\n\t\t\t\tAvanzaba el d\u00eda, pas\u00f3 la hora del almuerzo.\n\t\t\t\t<\/dd><\/dl><dl class='gallery-item'>\n\t\t\t<dt class='gallery-icon landscape'>\n\t\t\t\t<a href='http:\/\/desireemartinphoto.com\/blog\/embarcacion-barranquera-blog-2016-05\/'><img width=\"150\" height=\"150\" src=\"http:\/\/desireemartinphoto.com\/blog\/wp-content\/uploads\/2016\/07\/Embarcacion-Barranquera-BLOG-2016-05-150x150.jpg\" class=\"attachment-thumbnail size-thumbnail\" alt=\"\" loading=\"lazy\" aria-describedby=\"gallery-1-4659\" data-attachment-id=\"4659\" data-permalink=\"http:\/\/desireemartinphoto.com\/blog\/embarcacion-barranquera-blog-2016-05\/\" data-orig-file=\"http:\/\/desireemartinphoto.com\/blog\/wp-content\/uploads\/2016\/07\/Embarcacion-Barranquera-BLOG-2016-05.jpg\" data-orig-size=\"550,367\" data-comments-opened=\"1\" data-image-meta=\"{&quot;aperture&quot;:&quot;0&quot;,&quot;credit&quot;:&quot;&quot;,&quot;camera&quot;:&quot;&quot;,&quot;caption&quot;:&quot;&quot;,&quot;created_timestamp&quot;:&quot;1469404132&quot;,&quot;copyright&quot;:&quot;&quot;,&quot;focal_length&quot;:&quot;0&quot;,&quot;iso&quot;:&quot;0&quot;,&quot;shutter_speed&quot;:&quot;0&quot;,&quot;title&quot;:&quot;&quot;,&quot;orientation&quot;:&quot;1&quot;}\" data-image-title=\"Embarcacion Barranquera BLOG 2016 05\" data-image-description=\"\" data-medium-file=\"http:\/\/desireemartinphoto.com\/blog\/wp-content\/uploads\/2016\/07\/Embarcacion-Barranquera-BLOG-2016-05-300x200.jpg\" data-large-file=\"http:\/\/desireemartinphoto.com\/blog\/wp-content\/uploads\/2016\/07\/Embarcacion-Barranquera-BLOG-2016-05.jpg\" \/><\/a>\n\t\t\t<\/dt>\n\t\t\t\t<dd class='wp-caption-text gallery-caption' id='gallery-1-4659'>\n\t\t\t\tHoras antes de la embarcaci\u00f3n se comienza a enramar el barco.\n\t\t\t\t<\/dd><\/dl><dl class='gallery-item'>\n\t\t\t<dt class='gallery-icon landscape'>\n\t\t\t\t<a href='http:\/\/desireemartinphoto.com\/blog\/embarcacion-barranquera-blog-2016-06\/'><img width=\"150\" height=\"150\" src=\"http:\/\/desireemartinphoto.com\/blog\/wp-content\/uploads\/2016\/07\/Embarcacion-Barranquera-BLOG-2016-06-150x150.jpg\" class=\"attachment-thumbnail size-thumbnail\" alt=\"\" loading=\"lazy\" aria-describedby=\"gallery-1-4660\" data-attachment-id=\"4660\" data-permalink=\"http:\/\/desireemartinphoto.com\/blog\/embarcacion-barranquera-blog-2016-06\/\" data-orig-file=\"http:\/\/desireemartinphoto.com\/blog\/wp-content\/uploads\/2016\/07\/Embarcacion-Barranquera-BLOG-2016-06.jpg\" data-orig-size=\"550,325\" data-comments-opened=\"1\" data-image-meta=\"{&quot;aperture&quot;:&quot;0&quot;,&quot;credit&quot;:&quot;&quot;,&quot;camera&quot;:&quot;&quot;,&quot;caption&quot;:&quot;&quot;,&quot;created_timestamp&quot;:&quot;1469404206&quot;,&quot;copyright&quot;:&quot;&quot;,&quot;focal_length&quot;:&quot;0&quot;,&quot;iso&quot;:&quot;0&quot;,&quot;shutter_speed&quot;:&quot;0&quot;,&quot;title&quot;:&quot;&quot;,&quot;orientation&quot;:&quot;1&quot;}\" data-image-title=\"Embarcacion Barranquera BLOG 2016 06\" data-image-description=\"\" data-medium-file=\"http:\/\/desireemartinphoto.com\/blog\/wp-content\/uploads\/2016\/07\/Embarcacion-Barranquera-BLOG-2016-06-300x177.jpg\" data-large-file=\"http:\/\/desireemartinphoto.com\/blog\/wp-content\/uploads\/2016\/07\/Embarcacion-Barranquera-BLOG-2016-06.jpg\" \/><\/a>\n\t\t\t<\/dt>\n\t\t\t\t<dd class='wp-caption-text gallery-caption' id='gallery-1-4660'>\n\t\t\t\tDos perritos de peque\u00f1o tama\u00f1o, blancos, acompa\u00f1aban a los pescadores en cada movimiento.\n\t\t\t\t<\/dd><\/dl><br style=\"clear: both\" \/><dl class='gallery-item'>\n\t\t\t<dt class='gallery-icon landscape'>\n\t\t\t\t<a href='http:\/\/desireemartinphoto.com\/blog\/embarcacion-barranquera-blog-2016-07\/'><img width=\"150\" height=\"150\" src=\"http:\/\/desireemartinphoto.com\/blog\/wp-content\/uploads\/2016\/07\/Embarcacion-Barranquera-BLOG-2016-07-150x150.jpg\" class=\"attachment-thumbnail size-thumbnail\" alt=\"\" loading=\"lazy\" aria-describedby=\"gallery-1-4661\" data-attachment-id=\"4661\" data-permalink=\"http:\/\/desireemartinphoto.com\/blog\/embarcacion-barranquera-blog-2016-07\/\" data-orig-file=\"http:\/\/desireemartinphoto.com\/blog\/wp-content\/uploads\/2016\/07\/Embarcacion-Barranquera-BLOG-2016-07.jpg\" data-orig-size=\"550,344\" data-comments-opened=\"1\" data-image-meta=\"{&quot;aperture&quot;:&quot;0&quot;,&quot;credit&quot;:&quot;&quot;,&quot;camera&quot;:&quot;&quot;,&quot;caption&quot;:&quot;&quot;,&quot;created_timestamp&quot;:&quot;1469404139&quot;,&quot;copyright&quot;:&quot;&quot;,&quot;focal_length&quot;:&quot;0&quot;,&quot;iso&quot;:&quot;0&quot;,&quot;shutter_speed&quot;:&quot;0&quot;,&quot;title&quot;:&quot;&quot;,&quot;orientation&quot;:&quot;1&quot;}\" data-image-title=\"Embarcacion Barranquera BLOG 2016 07\" data-image-description=\"\" data-medium-file=\"http:\/\/desireemartinphoto.com\/blog\/wp-content\/uploads\/2016\/07\/Embarcacion-Barranquera-BLOG-2016-07-300x188.jpg\" data-large-file=\"http:\/\/desireemartinphoto.com\/blog\/wp-content\/uploads\/2016\/07\/Embarcacion-Barranquera-BLOG-2016-07.jpg\" \/><\/a>\n\t\t\t<\/dt>\n\t\t\t\t<dd class='wp-caption-text gallery-caption' id='gallery-1-4661'>\n\t\t\t\tLuna, la parrita de Manolo: &#8220;ella nunca se queda en tierra&#8221;\n\t\t\t\t<\/dd><\/dl><dl class='gallery-item'>\n\t\t\t<dt class='gallery-icon landscape'>\n\t\t\t\t<a href='http:\/\/desireemartinphoto.com\/blog\/embarcacion-barranquera-blog-2016-08\/'><img width=\"150\" height=\"150\" src=\"http:\/\/desireemartinphoto.com\/blog\/wp-content\/uploads\/2016\/07\/Embarcacion-Barranquera-BLOG-2016-08-150x150.jpg\" class=\"attachment-thumbnail size-thumbnail\" alt=\"\" loading=\"lazy\" aria-describedby=\"gallery-1-4662\" data-attachment-id=\"4662\" data-permalink=\"http:\/\/desireemartinphoto.com\/blog\/embarcacion-barranquera-blog-2016-08\/\" data-orig-file=\"http:\/\/desireemartinphoto.com\/blog\/wp-content\/uploads\/2016\/07\/Embarcacion-Barranquera-BLOG-2016-08.jpg\" data-orig-size=\"550,367\" data-comments-opened=\"1\" data-image-meta=\"{&quot;aperture&quot;:&quot;0&quot;,&quot;credit&quot;:&quot;&quot;,&quot;camera&quot;:&quot;&quot;,&quot;caption&quot;:&quot;&quot;,&quot;created_timestamp&quot;:&quot;1469403992&quot;,&quot;copyright&quot;:&quot;&quot;,&quot;focal_length&quot;:&quot;0&quot;,&quot;iso&quot;:&quot;0&quot;,&quot;shutter_speed&quot;:&quot;0&quot;,&quot;title&quot;:&quot;&quot;,&quot;orientation&quot;:&quot;1&quot;}\" data-image-title=\"Embarcacion Barranquera BLOG 2016 08\" data-image-description=\"\" data-medium-file=\"http:\/\/desireemartinphoto.com\/blog\/wp-content\/uploads\/2016\/07\/Embarcacion-Barranquera-BLOG-2016-08-300x200.jpg\" data-large-file=\"http:\/\/desireemartinphoto.com\/blog\/wp-content\/uploads\/2016\/07\/Embarcacion-Barranquera-BLOG-2016-08.jpg\" \/><\/a>\n\t\t\t<\/dt>\n\t\t\t\t<dd class='wp-caption-text gallery-caption' id='gallery-1-4662'>\n\t\t\t\tLas embarcaciones comienzan a botarse al mar.\n\t\t\t\t<\/dd><\/dl><dl class='gallery-item'>\n\t\t\t<dt class='gallery-icon landscape'>\n\t\t\t\t<a href='http:\/\/desireemartinphoto.com\/blog\/embarcacion-barranquera-blog-2016-09\/'><img width=\"150\" height=\"150\" src=\"http:\/\/desireemartinphoto.com\/blog\/wp-content\/uploads\/2016\/07\/Embarcacion-Barranquera-BLOG-2016-09-150x150.jpg\" class=\"attachment-thumbnail size-thumbnail\" alt=\"\" loading=\"lazy\" aria-describedby=\"gallery-1-4663\" data-attachment-id=\"4663\" data-permalink=\"http:\/\/desireemartinphoto.com\/blog\/embarcacion-barranquera-blog-2016-09\/\" data-orig-file=\"http:\/\/desireemartinphoto.com\/blog\/wp-content\/uploads\/2016\/07\/Embarcacion-Barranquera-BLOG-2016-09.jpg\" data-orig-size=\"550,360\" data-comments-opened=\"1\" data-image-meta=\"{&quot;aperture&quot;:&quot;0&quot;,&quot;credit&quot;:&quot;&quot;,&quot;camera&quot;:&quot;&quot;,&quot;caption&quot;:&quot;&quot;,&quot;created_timestamp&quot;:&quot;1469404035&quot;,&quot;copyright&quot;:&quot;&quot;,&quot;focal_length&quot;:&quot;0&quot;,&quot;iso&quot;:&quot;0&quot;,&quot;shutter_speed&quot;:&quot;0&quot;,&quot;title&quot;:&quot;&quot;,&quot;orientation&quot;:&quot;1&quot;}\" data-image-title=\"Embarcacion Barranquera BLOG 2016 09\" data-image-description=\"\" data-medium-file=\"http:\/\/desireemartinphoto.com\/blog\/wp-content\/uploads\/2016\/07\/Embarcacion-Barranquera-BLOG-2016-09-300x196.jpg\" data-large-file=\"http:\/\/desireemartinphoto.com\/blog\/wp-content\/uploads\/2016\/07\/Embarcacion-Barranquera-BLOG-2016-09.jpg\" \/><\/a>\n\t\t\t<\/dt>\n\t\t\t\t<dd class='wp-caption-text gallery-caption' id='gallery-1-4663'>\n\t\t\t\tLa virgen del Carmen de la Barranquera, incrustada en la fachada de una de las casas.\n\t\t\t\t<\/dd><\/dl><br style=\"clear: both\" \/><dl class='gallery-item'>\n\t\t\t<dt class='gallery-icon landscape'>\n\t\t\t\t<a href='http:\/\/desireemartinphoto.com\/blog\/embarcacion-barranquera-blog-2016-10\/'><img width=\"150\" height=\"150\" src=\"http:\/\/desireemartinphoto.com\/blog\/wp-content\/uploads\/2016\/07\/Embarcacion-Barranquera-BLOG-2016-10-150x150.jpg\" class=\"attachment-thumbnail size-thumbnail\" alt=\"\" loading=\"lazy\" aria-describedby=\"gallery-1-4664\" data-attachment-id=\"4664\" data-permalink=\"http:\/\/desireemartinphoto.com\/blog\/embarcacion-barranquera-blog-2016-10\/\" data-orig-file=\"http:\/\/desireemartinphoto.com\/blog\/wp-content\/uploads\/2016\/07\/Embarcacion-Barranquera-BLOG-2016-10.jpg\" data-orig-size=\"550,367\" data-comments-opened=\"1\" data-image-meta=\"{&quot;aperture&quot;:&quot;0&quot;,&quot;credit&quot;:&quot;&quot;,&quot;camera&quot;:&quot;&quot;,&quot;caption&quot;:&quot;&quot;,&quot;created_timestamp&quot;:&quot;1469404027&quot;,&quot;copyright&quot;:&quot;&quot;,&quot;focal_length&quot;:&quot;0&quot;,&quot;iso&quot;:&quot;0&quot;,&quot;shutter_speed&quot;:&quot;0&quot;,&quot;title&quot;:&quot;&quot;,&quot;orientation&quot;:&quot;1&quot;}\" data-image-title=\"Embarcacion Barranquera BLOG 2016 10\" data-image-description=\"\" data-medium-file=\"http:\/\/desireemartinphoto.com\/blog\/wp-content\/uploads\/2016\/07\/Embarcacion-Barranquera-BLOG-2016-10-300x200.jpg\" data-large-file=\"http:\/\/desireemartinphoto.com\/blog\/wp-content\/uploads\/2016\/07\/Embarcacion-Barranquera-BLOG-2016-10.jpg\" \/><\/a>\n\t\t\t<\/dt>\n\t\t\t\t<dd class='wp-caption-text gallery-caption' id='gallery-1-4664'>\n\t\t\t\tEn la vivienda de al lado de la hornacina de la virgen, preparan la base donde ir\u00e1 en le barco.\n\t\t\t\t<\/dd><\/dl><dl class='gallery-item'>\n\t\t\t<dt class='gallery-icon landscape'>\n\t\t\t\t<a href='http:\/\/desireemartinphoto.com\/blog\/embarcacion-barranquera-blog-2016-11\/'><img width=\"150\" height=\"150\" src=\"http:\/\/desireemartinphoto.com\/blog\/wp-content\/uploads\/2016\/07\/Embarcacion-Barranquera-BLOG-2016-11-150x150.jpg\" class=\"attachment-thumbnail size-thumbnail\" alt=\"\" loading=\"lazy\" aria-describedby=\"gallery-1-4665\" data-attachment-id=\"4665\" data-permalink=\"http:\/\/desireemartinphoto.com\/blog\/embarcacion-barranquera-blog-2016-11\/\" data-orig-file=\"http:\/\/desireemartinphoto.com\/blog\/wp-content\/uploads\/2016\/07\/Embarcacion-Barranquera-BLOG-2016-11.jpg\" data-orig-size=\"550,407\" data-comments-opened=\"1\" data-image-meta=\"{&quot;aperture&quot;:&quot;0&quot;,&quot;credit&quot;:&quot;&quot;,&quot;camera&quot;:&quot;&quot;,&quot;caption&quot;:&quot;&quot;,&quot;created_timestamp&quot;:&quot;1469404072&quot;,&quot;copyright&quot;:&quot;&quot;,&quot;focal_length&quot;:&quot;0&quot;,&quot;iso&quot;:&quot;0&quot;,&quot;shutter_speed&quot;:&quot;0&quot;,&quot;title&quot;:&quot;&quot;,&quot;orientation&quot;:&quot;1&quot;}\" data-image-title=\"Embarcacion Barranquera BLOG 2016 11\" data-image-description=\"\" data-medium-file=\"http:\/\/desireemartinphoto.com\/blog\/wp-content\/uploads\/2016\/07\/Embarcacion-Barranquera-BLOG-2016-11-300x222.jpg\" data-large-file=\"http:\/\/desireemartinphoto.com\/blog\/wp-content\/uploads\/2016\/07\/Embarcacion-Barranquera-BLOG-2016-11.jpg\" \/><\/a>\n\t\t\t<\/dt>\n\t\t\t\t<dd class='wp-caption-text gallery-caption' id='gallery-1-4665'>\n\t\t\t\tHac\u00eda mucho tiempo que no ve\u00eda a milos divirti\u00e9ndose con un juguete no electr\u00f3nico, \u00e9l se iba la agua con su &#8220;bugui&#8221;, con manguito si hac\u00eda falta.\n\t\t\t\t<\/dd><\/dl><dl class='gallery-item'>\n\t\t\t<dt class='gallery-icon landscape'>\n\t\t\t\t<a href='http:\/\/desireemartinphoto.com\/blog\/embarcacion-barranquera-blog-2016-12\/'><img width=\"150\" height=\"150\" src=\"http:\/\/desireemartinphoto.com\/blog\/wp-content\/uploads\/2016\/07\/Embarcacion-Barranquera-BLOG-2016-12-150x150.jpg\" class=\"attachment-thumbnail size-thumbnail\" alt=\"\" loading=\"lazy\" aria-describedby=\"gallery-1-4666\" data-attachment-id=\"4666\" data-permalink=\"http:\/\/desireemartinphoto.com\/blog\/embarcacion-barranquera-blog-2016-12\/\" data-orig-file=\"http:\/\/desireemartinphoto.com\/blog\/wp-content\/uploads\/2016\/07\/Embarcacion-Barranquera-BLOG-2016-12.jpg\" data-orig-size=\"550,367\" data-comments-opened=\"1\" data-image-meta=\"{&quot;aperture&quot;:&quot;0&quot;,&quot;credit&quot;:&quot;&quot;,&quot;camera&quot;:&quot;&quot;,&quot;caption&quot;:&quot;&quot;,&quot;created_timestamp&quot;:&quot;1469404168&quot;,&quot;copyright&quot;:&quot;&quot;,&quot;focal_length&quot;:&quot;0&quot;,&quot;iso&quot;:&quot;0&quot;,&quot;shutter_speed&quot;:&quot;0&quot;,&quot;title&quot;:&quot;&quot;,&quot;orientation&quot;:&quot;1&quot;}\" data-image-title=\"Embarcacion Barranquera BLOG 2016 12\" data-image-description=\"\" data-medium-file=\"http:\/\/desireemartinphoto.com\/blog\/wp-content\/uploads\/2016\/07\/Embarcacion-Barranquera-BLOG-2016-12-300x200.jpg\" data-large-file=\"http:\/\/desireemartinphoto.com\/blog\/wp-content\/uploads\/2016\/07\/Embarcacion-Barranquera-BLOG-2016-12.jpg\" \/><\/a>\n\t\t\t<\/dt>\n\t\t\t\t<dd class='wp-caption-text gallery-caption' id='gallery-1-4666'>\n\t\t\t\tMisa previa a la procesi\u00f3n.\n\t\t\t\t<\/dd><\/dl><br style=\"clear: both\" \/><dl class='gallery-item'>\n\t\t\t<dt class='gallery-icon portrait'>\n\t\t\t\t<a href='http:\/\/desireemartinphoto.com\/blog\/embarcacion-barranquera-blog-2016-13\/'><img width=\"150\" height=\"150\" src=\"http:\/\/desireemartinphoto.com\/blog\/wp-content\/uploads\/2016\/07\/Embarcacion-Barranquera-BLOG-2016-13-150x150.jpg\" class=\"attachment-thumbnail size-thumbnail\" alt=\"\" loading=\"lazy\" aria-describedby=\"gallery-1-4667\" data-attachment-id=\"4667\" data-permalink=\"http:\/\/desireemartinphoto.com\/blog\/embarcacion-barranquera-blog-2016-13\/\" data-orig-file=\"http:\/\/desireemartinphoto.com\/blog\/wp-content\/uploads\/2016\/07\/Embarcacion-Barranquera-BLOG-2016-13.jpg\" data-orig-size=\"550,824\" data-comments-opened=\"1\" data-image-meta=\"{&quot;aperture&quot;:&quot;0&quot;,&quot;credit&quot;:&quot;&quot;,&quot;camera&quot;:&quot;&quot;,&quot;caption&quot;:&quot;&quot;,&quot;created_timestamp&quot;:&quot;1469404507&quot;,&quot;copyright&quot;:&quot;&quot;,&quot;focal_length&quot;:&quot;0&quot;,&quot;iso&quot;:&quot;0&quot;,&quot;shutter_speed&quot;:&quot;0&quot;,&quot;title&quot;:&quot;&quot;,&quot;orientation&quot;:&quot;1&quot;}\" data-image-title=\"Embarcacion Barranquera BLOG 2016 13\" data-image-description=\"\" data-medium-file=\"http:\/\/desireemartinphoto.com\/blog\/wp-content\/uploads\/2016\/07\/Embarcacion-Barranquera-BLOG-2016-13-200x300.jpg\" data-large-file=\"http:\/\/desireemartinphoto.com\/blog\/wp-content\/uploads\/2016\/07\/Embarcacion-Barranquera-BLOG-2016-13.jpg\" \/><\/a>\n\t\t\t<\/dt>\n\t\t\t\t<dd class='wp-caption-text gallery-caption' id='gallery-1-4667'>\n\t\t\t\tContando cuentas de alg\u00fan rezo que no reconozco, pero que c\u00f3mo cualquier mantra, tiene un efecto sedativo. \n\t\t\t\t<\/dd><\/dl><dl class='gallery-item'>\n\t\t\t<dt class='gallery-icon landscape'>\n\t\t\t\t<a href='http:\/\/desireemartinphoto.com\/blog\/embarcacion-barranquera-blog-2016-14\/'><img width=\"150\" height=\"150\" src=\"http:\/\/desireemartinphoto.com\/blog\/wp-content\/uploads\/2016\/07\/Embarcacion-Barranquera-BLOG-2016-14-150x150.jpg\" class=\"attachment-thumbnail size-thumbnail\" alt=\"\" loading=\"lazy\" aria-describedby=\"gallery-1-4668\" data-attachment-id=\"4668\" data-permalink=\"http:\/\/desireemartinphoto.com\/blog\/embarcacion-barranquera-blog-2016-14\/\" data-orig-file=\"http:\/\/desireemartinphoto.com\/blog\/wp-content\/uploads\/2016\/07\/Embarcacion-Barranquera-BLOG-2016-14.jpg\" data-orig-size=\"550,367\" data-comments-opened=\"1\" data-image-meta=\"{&quot;aperture&quot;:&quot;0&quot;,&quot;credit&quot;:&quot;&quot;,&quot;camera&quot;:&quot;&quot;,&quot;caption&quot;:&quot;&quot;,&quot;created_timestamp&quot;:&quot;1469404120&quot;,&quot;copyright&quot;:&quot;&quot;,&quot;focal_length&quot;:&quot;0&quot;,&quot;iso&quot;:&quot;0&quot;,&quot;shutter_speed&quot;:&quot;0&quot;,&quot;title&quot;:&quot;&quot;,&quot;orientation&quot;:&quot;1&quot;}\" data-image-title=\"Embarcacion Barranquera BLOG 2016 14\" data-image-description=\"\" data-medium-file=\"http:\/\/desireemartinphoto.com\/blog\/wp-content\/uploads\/2016\/07\/Embarcacion-Barranquera-BLOG-2016-14-300x200.jpg\" data-large-file=\"http:\/\/desireemartinphoto.com\/blog\/wp-content\/uploads\/2016\/07\/Embarcacion-Barranquera-BLOG-2016-14.jpg\" \/><\/a>\n\t\t\t<\/dt>\n\t\t\t\t<dd class='wp-caption-text gallery-caption' id='gallery-1-4668'>\n\t\t\t\tBarco para adentro, barco para afuera. Estos movimientos no pararon en todo el d\u00eda.\n\t\t\t\t<\/dd><\/dl><dl class='gallery-item'>\n\t\t\t<dt class='gallery-icon portrait'>\n\t\t\t\t<a href='http:\/\/desireemartinphoto.com\/blog\/embarcacion-barranquera-blog-2016-15\/'><img width=\"150\" height=\"150\" src=\"http:\/\/desireemartinphoto.com\/blog\/wp-content\/uploads\/2016\/07\/Embarcacion-Barranquera-BLOG-2016-15-150x150.jpg\" class=\"attachment-thumbnail size-thumbnail\" alt=\"\" loading=\"lazy\" aria-describedby=\"gallery-1-4669\" srcset=\"http:\/\/desireemartinphoto.com\/blog\/wp-content\/uploads\/2016\/07\/Embarcacion-Barranquera-BLOG-2016-15-150x150.jpg 150w, http:\/\/desireemartinphoto.com\/blog\/wp-content\/uploads\/2016\/07\/Embarcacion-Barranquera-BLOG-2016-15-300x300.jpg 300w, http:\/\/desireemartinphoto.com\/blog\/wp-content\/uploads\/2016\/07\/Embarcacion-Barranquera-BLOG-2016-15.jpg 550w\" sizes=\"(max-width: 150px) 100vw, 150px\" data-attachment-id=\"4669\" data-permalink=\"http:\/\/desireemartinphoto.com\/blog\/embarcacion-barranquera-blog-2016-15\/\" data-orig-file=\"http:\/\/desireemartinphoto.com\/blog\/wp-content\/uploads\/2016\/07\/Embarcacion-Barranquera-BLOG-2016-15.jpg\" data-orig-size=\"550,552\" data-comments-opened=\"1\" data-image-meta=\"{&quot;aperture&quot;:&quot;0&quot;,&quot;credit&quot;:&quot;&quot;,&quot;camera&quot;:&quot;&quot;,&quot;caption&quot;:&quot;&quot;,&quot;created_timestamp&quot;:&quot;1469404563&quot;,&quot;copyright&quot;:&quot;&quot;,&quot;focal_length&quot;:&quot;0&quot;,&quot;iso&quot;:&quot;0&quot;,&quot;shutter_speed&quot;:&quot;0&quot;,&quot;title&quot;:&quot;&quot;,&quot;orientation&quot;:&quot;1&quot;}\" data-image-title=\"Embarcacion Barranquera BLOG 2016 15\" data-image-description=\"\" data-medium-file=\"http:\/\/desireemartinphoto.com\/blog\/wp-content\/uploads\/2016\/07\/Embarcacion-Barranquera-BLOG-2016-15-300x300.jpg\" data-large-file=\"http:\/\/desireemartinphoto.com\/blog\/wp-content\/uploads\/2016\/07\/Embarcacion-Barranquera-BLOG-2016-15.jpg\" \/><\/a>\n\t\t\t<\/dt>\n\t\t\t\t<dd class='wp-caption-text gallery-caption' id='gallery-1-4669'>\n\t\t\t\tMas ni\u00f1os con juguetes de otros tiempos..\n\t\t\t\t<\/dd><\/dl><br style=\"clear: both\" \/><dl class='gallery-item'>\n\t\t\t<dt class='gallery-icon landscape'>\n\t\t\t\t<a href='http:\/\/desireemartinphoto.com\/blog\/embarcacion-barranquera-blog-2016-16\/'><img width=\"150\" height=\"150\" src=\"http:\/\/desireemartinphoto.com\/blog\/wp-content\/uploads\/2016\/07\/Embarcacion-Barranquera-BLOG-2016-16-150x150.jpg\" class=\"attachment-thumbnail size-thumbnail\" alt=\"\" loading=\"lazy\" aria-describedby=\"gallery-1-4670\" data-attachment-id=\"4670\" data-permalink=\"http:\/\/desireemartinphoto.com\/blog\/embarcacion-barranquera-blog-2016-16\/\" data-orig-file=\"http:\/\/desireemartinphoto.com\/blog\/wp-content\/uploads\/2016\/07\/Embarcacion-Barranquera-BLOG-2016-16.jpg\" data-orig-size=\"550,310\" data-comments-opened=\"1\" data-image-meta=\"{&quot;aperture&quot;:&quot;0&quot;,&quot;credit&quot;:&quot;&quot;,&quot;camera&quot;:&quot;&quot;,&quot;caption&quot;:&quot;&quot;,&quot;created_timestamp&quot;:&quot;1469404193&quot;,&quot;copyright&quot;:&quot;&quot;,&quot;focal_length&quot;:&quot;0&quot;,&quot;iso&quot;:&quot;0&quot;,&quot;shutter_speed&quot;:&quot;0&quot;,&quot;title&quot;:&quot;&quot;,&quot;orientation&quot;:&quot;1&quot;}\" data-image-title=\"Embarcacion Barranquera BLOG 2016 16\" data-image-description=\"\" data-medium-file=\"http:\/\/desireemartinphoto.com\/blog\/wp-content\/uploads\/2016\/07\/Embarcacion-Barranquera-BLOG-2016-16-300x169.jpg\" data-large-file=\"http:\/\/desireemartinphoto.com\/blog\/wp-content\/uploads\/2016\/07\/Embarcacion-Barranquera-BLOG-2016-16.jpg\" \/><\/a>\n\t\t\t<\/dt>\n\t\t\t\t<dd class='wp-caption-text gallery-caption' id='gallery-1-4670'>\n\t\t\t\tLas familias se juntan en la peque\u00f1a playa que ha dejado la subida de la marea, saben que eso significa que comienza la procesi\u00f3n.\n\t\t\t\t<\/dd><\/dl><dl class='gallery-item'>\n\t\t\t<dt class='gallery-icon landscape'>\n\t\t\t\t<a href='http:\/\/desireemartinphoto.com\/blog\/embarcacion-barranquera-blog-2016-17\/'><img width=\"150\" height=\"150\" src=\"http:\/\/desireemartinphoto.com\/blog\/wp-content\/uploads\/2016\/07\/Embarcacion-Barranquera-BLOG-2016-17-150x150.jpg\" class=\"attachment-thumbnail size-thumbnail\" alt=\"\" loading=\"lazy\" aria-describedby=\"gallery-1-4671\" data-attachment-id=\"4671\" data-permalink=\"http:\/\/desireemartinphoto.com\/blog\/embarcacion-barranquera-blog-2016-17\/\" data-orig-file=\"http:\/\/desireemartinphoto.com\/blog\/wp-content\/uploads\/2016\/07\/Embarcacion-Barranquera-BLOG-2016-17.jpg\" data-orig-size=\"550,335\" data-comments-opened=\"1\" data-image-meta=\"{&quot;aperture&quot;:&quot;0&quot;,&quot;credit&quot;:&quot;&quot;,&quot;camera&quot;:&quot;&quot;,&quot;caption&quot;:&quot;&quot;,&quot;created_timestamp&quot;:&quot;1469404211&quot;,&quot;copyright&quot;:&quot;&quot;,&quot;focal_length&quot;:&quot;0&quot;,&quot;iso&quot;:&quot;0&quot;,&quot;shutter_speed&quot;:&quot;0&quot;,&quot;title&quot;:&quot;&quot;,&quot;orientation&quot;:&quot;1&quot;}\" data-image-title=\"Embarcacion Barranquera BLOG 2016 17\" data-image-description=\"\" data-medium-file=\"http:\/\/desireemartinphoto.com\/blog\/wp-content\/uploads\/2016\/07\/Embarcacion-Barranquera-BLOG-2016-17-300x183.jpg\" data-large-file=\"http:\/\/desireemartinphoto.com\/blog\/wp-content\/uploads\/2016\/07\/Embarcacion-Barranquera-BLOG-2016-17.jpg\" \/><\/a>\n\t\t\t<\/dt>\n\t\t\t\t<dd class='wp-caption-text gallery-caption' id='gallery-1-4671'>\n\t\t\t\tLa familia de los &#8220;VIKINGOS&#8221;, coloca la imagen en la base ( no se como se llama esa pieza ) que la portar\u00e1. \n\t\t\t\t<\/dd><\/dl><dl class='gallery-item'>\n\t\t\t<dt class='gallery-icon landscape'>\n\t\t\t\t<a href='http:\/\/desireemartinphoto.com\/blog\/embarcacion-barranquera-blog-2016-18\/'><img width=\"150\" height=\"150\" src=\"http:\/\/desireemartinphoto.com\/blog\/wp-content\/uploads\/2016\/07\/Embarcacion-Barranquera-BLOG-2016-18-150x150.jpg\" class=\"attachment-thumbnail size-thumbnail\" alt=\"\" loading=\"lazy\" aria-describedby=\"gallery-1-4672\" data-attachment-id=\"4672\" data-permalink=\"http:\/\/desireemartinphoto.com\/blog\/embarcacion-barranquera-blog-2016-18\/\" data-orig-file=\"http:\/\/desireemartinphoto.com\/blog\/wp-content\/uploads\/2016\/07\/Embarcacion-Barranquera-BLOG-2016-18.jpg\" data-orig-size=\"550,353\" data-comments-opened=\"1\" data-image-meta=\"{&quot;aperture&quot;:&quot;0&quot;,&quot;credit&quot;:&quot;&quot;,&quot;camera&quot;:&quot;&quot;,&quot;caption&quot;:&quot;&quot;,&quot;created_timestamp&quot;:&quot;1469404051&quot;,&quot;copyright&quot;:&quot;&quot;,&quot;focal_length&quot;:&quot;0&quot;,&quot;iso&quot;:&quot;0&quot;,&quot;shutter_speed&quot;:&quot;0&quot;,&quot;title&quot;:&quot;&quot;,&quot;orientation&quot;:&quot;1&quot;}\" data-image-title=\"Embarcacion Barranquera BLOG 2016 18\" data-image-description=\"\" data-medium-file=\"http:\/\/desireemartinphoto.com\/blog\/wp-content\/uploads\/2016\/07\/Embarcacion-Barranquera-BLOG-2016-18-300x193.jpg\" data-large-file=\"http:\/\/desireemartinphoto.com\/blog\/wp-content\/uploads\/2016\/07\/Embarcacion-Barranquera-BLOG-2016-18.jpg\" \/><\/a>\n\t\t\t<\/dt>\n\t\t\t\t<dd class='wp-caption-text gallery-caption' id='gallery-1-4672'>\n\t\t\t\t&#8230;ni\u00f1os de la mar, para ellos un barco es como para otros un teclado&#8230;\n\t\t\t\t<\/dd><\/dl><br style=\"clear: both\" \/><dl class='gallery-item'>\n\t\t\t<dt class='gallery-icon landscape'>\n\t\t\t\t<a href='http:\/\/desireemartinphoto.com\/blog\/embarcacion-barranquera-blog-2016-19\/'><img width=\"150\" height=\"150\" src=\"http:\/\/desireemartinphoto.com\/blog\/wp-content\/uploads\/2016\/07\/Embarcacion-Barranquera-BLOG-2016-19-150x150.jpg\" class=\"attachment-thumbnail size-thumbnail\" alt=\"\" loading=\"lazy\" aria-describedby=\"gallery-1-4673\" data-attachment-id=\"4673\" data-permalink=\"http:\/\/desireemartinphoto.com\/blog\/embarcacion-barranquera-blog-2016-19\/\" data-orig-file=\"http:\/\/desireemartinphoto.com\/blog\/wp-content\/uploads\/2016\/07\/Embarcacion-Barranquera-BLOG-2016-19.jpg\" data-orig-size=\"550,367\" data-comments-opened=\"1\" data-image-meta=\"{&quot;aperture&quot;:&quot;0&quot;,&quot;credit&quot;:&quot;&quot;,&quot;camera&quot;:&quot;&quot;,&quot;caption&quot;:&quot;&quot;,&quot;created_timestamp&quot;:&quot;1469404226&quot;,&quot;copyright&quot;:&quot;&quot;,&quot;focal_length&quot;:&quot;0&quot;,&quot;iso&quot;:&quot;0&quot;,&quot;shutter_speed&quot;:&quot;0&quot;,&quot;title&quot;:&quot;&quot;,&quot;orientation&quot;:&quot;1&quot;}\" data-image-title=\"Embarcacion Barranquera BLOG 2016 19\" data-image-description=\"\" data-medium-file=\"http:\/\/desireemartinphoto.com\/blog\/wp-content\/uploads\/2016\/07\/Embarcacion-Barranquera-BLOG-2016-19-300x200.jpg\" data-large-file=\"http:\/\/desireemartinphoto.com\/blog\/wp-content\/uploads\/2016\/07\/Embarcacion-Barranquera-BLOG-2016-19.jpg\" \/><\/a>\n\t\t\t<\/dt>\n\t\t\t\t<dd class='wp-caption-text gallery-caption' id='gallery-1-4673'>\n\t\t\t\tLas VIKIMGAS, las mujeres de la familia, son las encargadas de llevar la virgen hasta el barco.\n\t\t\t\t<\/dd><\/dl><dl class='gallery-item'>\n\t\t\t<dt class='gallery-icon landscape'>\n\t\t\t\t<a href='http:\/\/desireemartinphoto.com\/blog\/embarcacion-barranquera-blog-2016-20\/'><img width=\"150\" height=\"150\" src=\"http:\/\/desireemartinphoto.com\/blog\/wp-content\/uploads\/2016\/07\/Embarcacion-Barranquera-BLOG-2016-20-150x150.jpg\" class=\"attachment-thumbnail size-thumbnail\" alt=\"\" loading=\"lazy\" aria-describedby=\"gallery-1-4674\" data-attachment-id=\"4674\" data-permalink=\"http:\/\/desireemartinphoto.com\/blog\/embarcacion-barranquera-blog-2016-20\/\" data-orig-file=\"http:\/\/desireemartinphoto.com\/blog\/wp-content\/uploads\/2016\/07\/Embarcacion-Barranquera-BLOG-2016-20.jpg\" data-orig-size=\"550,345\" data-comments-opened=\"1\" data-image-meta=\"{&quot;aperture&quot;:&quot;0&quot;,&quot;credit&quot;:&quot;&quot;,&quot;camera&quot;:&quot;&quot;,&quot;caption&quot;:&quot;&quot;,&quot;created_timestamp&quot;:&quot;1469404127&quot;,&quot;copyright&quot;:&quot;&quot;,&quot;focal_length&quot;:&quot;0&quot;,&quot;iso&quot;:&quot;0&quot;,&quot;shutter_speed&quot;:&quot;0&quot;,&quot;title&quot;:&quot;&quot;,&quot;orientation&quot;:&quot;1&quot;}\" data-image-title=\"Embarcacion Barranquera BLOG 2016 20\" data-image-description=\"\" data-medium-file=\"http:\/\/desireemartinphoto.com\/blog\/wp-content\/uploads\/2016\/07\/Embarcacion-Barranquera-BLOG-2016-20-300x188.jpg\" data-large-file=\"http:\/\/desireemartinphoto.com\/blog\/wp-content\/uploads\/2016\/07\/Embarcacion-Barranquera-BLOG-2016-20.jpg\" \/><\/a>\n\t\t\t<\/dt>\n\t\t\t\t<dd class='wp-caption-text gallery-caption' id='gallery-1-4674'>\n\t\t\t\tEn otro lugar del pueblo, la fiesta va por otro lado, es otra m\u00fasica..pero empieza la procesi\u00f3n.. se unen.\n\t\t\t\t<\/dd><\/dl><dl class='gallery-item'>\n\t\t\t<dt class='gallery-icon landscape'>\n\t\t\t\t<a href='http:\/\/desireemartinphoto.com\/blog\/embarcacion-barranquera-blog-2016-21\/'><img width=\"150\" height=\"150\" src=\"http:\/\/desireemartinphoto.com\/blog\/wp-content\/uploads\/2016\/07\/Embarcacion-Barranquera-BLOG-2016-21-150x150.jpg\" class=\"attachment-thumbnail size-thumbnail\" alt=\"\" loading=\"lazy\" aria-describedby=\"gallery-1-4675\" data-attachment-id=\"4675\" data-permalink=\"http:\/\/desireemartinphoto.com\/blog\/embarcacion-barranquera-blog-2016-21\/\" data-orig-file=\"http:\/\/desireemartinphoto.com\/blog\/wp-content\/uploads\/2016\/07\/Embarcacion-Barranquera-BLOG-2016-21.jpg\" data-orig-size=\"550,419\" data-comments-opened=\"1\" data-image-meta=\"{&quot;aperture&quot;:&quot;0&quot;,&quot;credit&quot;:&quot;&quot;,&quot;camera&quot;:&quot;&quot;,&quot;caption&quot;:&quot;&quot;,&quot;created_timestamp&quot;:&quot;1469404101&quot;,&quot;copyright&quot;:&quot;&quot;,&quot;focal_length&quot;:&quot;0&quot;,&quot;iso&quot;:&quot;0&quot;,&quot;shutter_speed&quot;:&quot;0&quot;,&quot;title&quot;:&quot;&quot;,&quot;orientation&quot;:&quot;1&quot;}\" data-image-title=\"Embarcacion Barranquera BLOG 2016 21\" data-image-description=\"\" data-medium-file=\"http:\/\/desireemartinphoto.com\/blog\/wp-content\/uploads\/2016\/07\/Embarcacion-Barranquera-BLOG-2016-21-300x229.jpg\" data-large-file=\"http:\/\/desireemartinphoto.com\/blog\/wp-content\/uploads\/2016\/07\/Embarcacion-Barranquera-BLOG-2016-21.jpg\" \/><\/a>\n\t\t\t<\/dt>\n\t\t\t\t<dd class='wp-caption-text gallery-caption' id='gallery-1-4675'>\n\t\t\t\t&#8230;\n\t\t\t\t<\/dd><\/dl><br style=\"clear: both\" \/><dl class='gallery-item'>\n\t\t\t<dt class='gallery-icon landscape'>\n\t\t\t\t<a href='http:\/\/desireemartinphoto.com\/blog\/embarcacion-barranquera-blog-2016-22\/'><img width=\"150\" height=\"150\" src=\"http:\/\/desireemartinphoto.com\/blog\/wp-content\/uploads\/2016\/07\/Embarcacion-Barranquera-BLOG-2016-22-150x150.jpg\" class=\"attachment-thumbnail size-thumbnail\" alt=\"\" loading=\"lazy\" aria-describedby=\"gallery-1-4676\" data-attachment-id=\"4676\" data-permalink=\"http:\/\/desireemartinphoto.com\/blog\/embarcacion-barranquera-blog-2016-22\/\" data-orig-file=\"http:\/\/desireemartinphoto.com\/blog\/wp-content\/uploads\/2016\/07\/Embarcacion-Barranquera-BLOG-2016-22.jpg\" data-orig-size=\"550,367\" data-comments-opened=\"1\" data-image-meta=\"{&quot;aperture&quot;:&quot;0&quot;,&quot;credit&quot;:&quot;&quot;,&quot;camera&quot;:&quot;&quot;,&quot;caption&quot;:&quot;&quot;,&quot;created_timestamp&quot;:&quot;1469404112&quot;,&quot;copyright&quot;:&quot;&quot;,&quot;focal_length&quot;:&quot;0&quot;,&quot;iso&quot;:&quot;0&quot;,&quot;shutter_speed&quot;:&quot;0&quot;,&quot;title&quot;:&quot;&quot;,&quot;orientation&quot;:&quot;1&quot;}\" data-image-title=\"Embarcacion Barranquera BLOG 2016 22\" data-image-description=\"\" data-medium-file=\"http:\/\/desireemartinphoto.com\/blog\/wp-content\/uploads\/2016\/07\/Embarcacion-Barranquera-BLOG-2016-22-300x200.jpg\" data-large-file=\"http:\/\/desireemartinphoto.com\/blog\/wp-content\/uploads\/2016\/07\/Embarcacion-Barranquera-BLOG-2016-22.jpg\" \/><\/a>\n\t\t\t<\/dt>\n\t\t\t\t<dd class='wp-caption-text gallery-caption' id='gallery-1-4676'>\n\t\t\t\t &#8230; &#8230;.\n\t\t\t\t<\/dd><\/dl><dl class='gallery-item'>\n\t\t\t<dt class='gallery-icon landscape'>\n\t\t\t\t<a href='http:\/\/desireemartinphoto.com\/blog\/embarcacion-barranquera-blog-2016-23\/'><img width=\"150\" height=\"150\" src=\"http:\/\/desireemartinphoto.com\/blog\/wp-content\/uploads\/2016\/07\/Embarcacion-Barranquera-BLOG-2016-23-150x150.jpg\" class=\"attachment-thumbnail size-thumbnail\" alt=\"\" loading=\"lazy\" aria-describedby=\"gallery-1-4677\" data-attachment-id=\"4677\" data-permalink=\"http:\/\/desireemartinphoto.com\/blog\/embarcacion-barranquera-blog-2016-23\/\" data-orig-file=\"http:\/\/desireemartinphoto.com\/blog\/wp-content\/uploads\/2016\/07\/Embarcacion-Barranquera-BLOG-2016-23.jpg\" data-orig-size=\"550,367\" data-comments-opened=\"1\" data-image-meta=\"{&quot;aperture&quot;:&quot;0&quot;,&quot;credit&quot;:&quot;&quot;,&quot;camera&quot;:&quot;&quot;,&quot;caption&quot;:&quot;&quot;,&quot;created_timestamp&quot;:&quot;1469404240&quot;,&quot;copyright&quot;:&quot;&quot;,&quot;focal_length&quot;:&quot;0&quot;,&quot;iso&quot;:&quot;0&quot;,&quot;shutter_speed&quot;:&quot;0&quot;,&quot;title&quot;:&quot;&quot;,&quot;orientation&quot;:&quot;1&quot;}\" data-image-title=\"Embarcacion Barranquera BLOG 2016 23\" data-image-description=\"\" data-medium-file=\"http:\/\/desireemartinphoto.com\/blog\/wp-content\/uploads\/2016\/07\/Embarcacion-Barranquera-BLOG-2016-23-300x200.jpg\" data-large-file=\"http:\/\/desireemartinphoto.com\/blog\/wp-content\/uploads\/2016\/07\/Embarcacion-Barranquera-BLOG-2016-23.jpg\" \/><\/a>\n\t\t\t<\/dt>\n\t\t\t\t<dd class='wp-caption-text gallery-caption' id='gallery-1-4677'>\n\t\t\t\tDescalzas hasta el mar..\n\t\t\t\t<\/dd><\/dl><dl class='gallery-item'>\n\t\t\t<dt class='gallery-icon landscape'>\n\t\t\t\t<a href='http:\/\/desireemartinphoto.com\/blog\/embarcacion-barranquera-blog-2016-24\/'><img width=\"150\" height=\"150\" src=\"http:\/\/desireemartinphoto.com\/blog\/wp-content\/uploads\/2016\/07\/Embarcacion-Barranquera-BLOG-2016-24-150x150.jpg\" class=\"attachment-thumbnail size-thumbnail\" alt=\"\" loading=\"lazy\" aria-describedby=\"gallery-1-4678\" data-attachment-id=\"4678\" data-permalink=\"http:\/\/desireemartinphoto.com\/blog\/embarcacion-barranquera-blog-2016-24\/\" data-orig-file=\"http:\/\/desireemartinphoto.com\/blog\/wp-content\/uploads\/2016\/07\/Embarcacion-Barranquera-BLOG-2016-24.jpg\" data-orig-size=\"550,367\" data-comments-opened=\"1\" data-image-meta=\"{&quot;aperture&quot;:&quot;0&quot;,&quot;credit&quot;:&quot;&quot;,&quot;camera&quot;:&quot;&quot;,&quot;caption&quot;:&quot;&quot;,&quot;created_timestamp&quot;:&quot;1469404254&quot;,&quot;copyright&quot;:&quot;&quot;,&quot;focal_length&quot;:&quot;0&quot;,&quot;iso&quot;:&quot;0&quot;,&quot;shutter_speed&quot;:&quot;0&quot;,&quot;title&quot;:&quot;&quot;,&quot;orientation&quot;:&quot;1&quot;}\" data-image-title=\"Embarcacion Barranquera BLOG 2016 24\" data-image-description=\"\" data-medium-file=\"http:\/\/desireemartinphoto.com\/blog\/wp-content\/uploads\/2016\/07\/Embarcacion-Barranquera-BLOG-2016-24-300x200.jpg\" data-large-file=\"http:\/\/desireemartinphoto.com\/blog\/wp-content\/uploads\/2016\/07\/Embarcacion-Barranquera-BLOG-2016-24.jpg\" \/><\/a>\n\t\t\t<\/dt>\n\t\t\t\t<dd class='wp-caption-text gallery-caption' id='gallery-1-4678'>\n\t\t\t\tEl barco de Domingo, engalanado.. \n\t\t\t\t<\/dd><\/dl><br style=\"clear: both\" \/><dl class='gallery-item'>\n\t\t\t<dt class='gallery-icon landscape'>\n\t\t\t\t<a href='http:\/\/desireemartinphoto.com\/blog\/embarcacion-barranquera-blog-2016-25\/'><img width=\"150\" height=\"150\" src=\"http:\/\/desireemartinphoto.com\/blog\/wp-content\/uploads\/2016\/07\/Embarcacion-Barranquera-BLOG-2016-25-150x150.jpg\" class=\"attachment-thumbnail size-thumbnail\" alt=\"\" loading=\"lazy\" aria-describedby=\"gallery-1-4679\" data-attachment-id=\"4679\" data-permalink=\"http:\/\/desireemartinphoto.com\/blog\/embarcacion-barranquera-blog-2016-25\/\" data-orig-file=\"http:\/\/desireemartinphoto.com\/blog\/wp-content\/uploads\/2016\/07\/Embarcacion-Barranquera-BLOG-2016-25.jpg\" data-orig-size=\"550,367\" data-comments-opened=\"1\" data-image-meta=\"{&quot;aperture&quot;:&quot;0&quot;,&quot;credit&quot;:&quot;&quot;,&quot;camera&quot;:&quot;&quot;,&quot;caption&quot;:&quot;&quot;,&quot;created_timestamp&quot;:&quot;1469404281&quot;,&quot;copyright&quot;:&quot;&quot;,&quot;focal_length&quot;:&quot;0&quot;,&quot;iso&quot;:&quot;0&quot;,&quot;shutter_speed&quot;:&quot;0&quot;,&quot;title&quot;:&quot;&quot;,&quot;orientation&quot;:&quot;1&quot;}\" data-image-title=\"Embarcacion Barranquera BLOG 2016 25\" data-image-description=\"\" data-medium-file=\"http:\/\/desireemartinphoto.com\/blog\/wp-content\/uploads\/2016\/07\/Embarcacion-Barranquera-BLOG-2016-25-300x200.jpg\" data-large-file=\"http:\/\/desireemartinphoto.com\/blog\/wp-content\/uploads\/2016\/07\/Embarcacion-Barranquera-BLOG-2016-25.jpg\" \/><\/a>\n\t\t\t<\/dt>\n\t\t\t\t<dd class='wp-caption-text gallery-caption' id='gallery-1-4679'>\n\t\t\t\tEl instante de subir a la Virgen del Carmen al barco siempre es tenso, delicado.\n\t\t\t\t<\/dd><\/dl><dl class='gallery-item'>\n\t\t\t<dt class='gallery-icon landscape'>\n\t\t\t\t<a href='http:\/\/desireemartinphoto.com\/blog\/embarcacion-barranquera-blog-2016-27\/'><img width=\"150\" height=\"150\" src=\"http:\/\/desireemartinphoto.com\/blog\/wp-content\/uploads\/2016\/07\/Embarcacion-Barranquera-BLOG-2016-27-150x150.jpg\" class=\"attachment-thumbnail size-thumbnail\" alt=\"\" loading=\"lazy\" aria-describedby=\"gallery-1-4681\" data-attachment-id=\"4681\" data-permalink=\"http:\/\/desireemartinphoto.com\/blog\/embarcacion-barranquera-blog-2016-27\/\" data-orig-file=\"http:\/\/desireemartinphoto.com\/blog\/wp-content\/uploads\/2016\/07\/Embarcacion-Barranquera-BLOG-2016-27.jpg\" data-orig-size=\"550,367\" data-comments-opened=\"1\" data-image-meta=\"{&quot;aperture&quot;:&quot;0&quot;,&quot;credit&quot;:&quot;&quot;,&quot;camera&quot;:&quot;&quot;,&quot;caption&quot;:&quot;&quot;,&quot;created_timestamp&quot;:&quot;1469404299&quot;,&quot;copyright&quot;:&quot;&quot;,&quot;focal_length&quot;:&quot;0&quot;,&quot;iso&quot;:&quot;0&quot;,&quot;shutter_speed&quot;:&quot;0&quot;,&quot;title&quot;:&quot;&quot;,&quot;orientation&quot;:&quot;1&quot;}\" data-image-title=\"Embarcacion Barranquera BLOG 2016 27\" data-image-description=\"\" data-medium-file=\"http:\/\/desireemartinphoto.com\/blog\/wp-content\/uploads\/2016\/07\/Embarcacion-Barranquera-BLOG-2016-27-300x200.jpg\" data-large-file=\"http:\/\/desireemartinphoto.com\/blog\/wp-content\/uploads\/2016\/07\/Embarcacion-Barranquera-BLOG-2016-27.jpg\" \/><\/a>\n\t\t\t<\/dt>\n\t\t\t\t<dd class='wp-caption-text gallery-caption' id='gallery-1-4681'>\n\t\t\t\tLa virgen est\u00e1 embarcada, las mujeres VIKINGAS empujan el barco hasta la mar.\n\t\t\t\t<\/dd><\/dl><dl class='gallery-item'>\n\t\t\t<dt class='gallery-icon landscape'>\n\t\t\t\t<a href='http:\/\/desireemartinphoto.com\/blog\/embarcacion-barranquera-blog-2016-28\/'><img width=\"150\" height=\"150\" src=\"http:\/\/desireemartinphoto.com\/blog\/wp-content\/uploads\/2016\/07\/Embarcacion-Barranquera-BLOG-2016-28-150x150.jpg\" class=\"attachment-thumbnail size-thumbnail\" alt=\"\" loading=\"lazy\" aria-describedby=\"gallery-1-4682\" data-attachment-id=\"4682\" data-permalink=\"http:\/\/desireemartinphoto.com\/blog\/embarcacion-barranquera-blog-2016-28\/\" data-orig-file=\"http:\/\/desireemartinphoto.com\/blog\/wp-content\/uploads\/2016\/07\/Embarcacion-Barranquera-BLOG-2016-28.jpg\" data-orig-size=\"550,264\" data-comments-opened=\"1\" data-image-meta=\"{&quot;aperture&quot;:&quot;0&quot;,&quot;credit&quot;:&quot;&quot;,&quot;camera&quot;:&quot;&quot;,&quot;caption&quot;:&quot;&quot;,&quot;created_timestamp&quot;:&quot;1469404288&quot;,&quot;copyright&quot;:&quot;&quot;,&quot;focal_length&quot;:&quot;0&quot;,&quot;iso&quot;:&quot;0&quot;,&quot;shutter_speed&quot;:&quot;0&quot;,&quot;title&quot;:&quot;&quot;,&quot;orientation&quot;:&quot;1&quot;}\" data-image-title=\"Embarcacion Barranquera BLOG 2016 28\" data-image-description=\"\" data-medium-file=\"http:\/\/desireemartinphoto.com\/blog\/wp-content\/uploads\/2016\/07\/Embarcacion-Barranquera-BLOG-2016-28-300x144.jpg\" data-large-file=\"http:\/\/desireemartinphoto.com\/blog\/wp-content\/uploads\/2016\/07\/Embarcacion-Barranquera-BLOG-2016-28.jpg\" \/><\/a>\n\t\t\t<\/dt>\n\t\t\t\t<dd class='wp-caption-text gallery-caption' id='gallery-1-4682'>\n\t\t\t\tManolo controlando todo.\n\t\t\t\t<\/dd><\/dl><br style=\"clear: both\" \/><dl class='gallery-item'>\n\t\t\t<dt class='gallery-icon landscape'>\n\t\t\t\t<a href='http:\/\/desireemartinphoto.com\/blog\/embarcacion-barranquera-blog-2016-29\/'><img width=\"150\" height=\"150\" src=\"http:\/\/desireemartinphoto.com\/blog\/wp-content\/uploads\/2016\/07\/Embarcacion-Barranquera-BLOG-2016-29-150x150.jpg\" class=\"attachment-thumbnail size-thumbnail\" alt=\"\" loading=\"lazy\" aria-describedby=\"gallery-1-4683\" data-attachment-id=\"4683\" data-permalink=\"http:\/\/desireemartinphoto.com\/blog\/embarcacion-barranquera-blog-2016-29\/\" data-orig-file=\"http:\/\/desireemartinphoto.com\/blog\/wp-content\/uploads\/2016\/07\/Embarcacion-Barranquera-BLOG-2016-29.jpg\" data-orig-size=\"550,367\" data-comments-opened=\"1\" data-image-meta=\"{&quot;aperture&quot;:&quot;0&quot;,&quot;credit&quot;:&quot;&quot;,&quot;camera&quot;:&quot;&quot;,&quot;caption&quot;:&quot;&quot;,&quot;created_timestamp&quot;:&quot;1469404319&quot;,&quot;copyright&quot;:&quot;&quot;,&quot;focal_length&quot;:&quot;0&quot;,&quot;iso&quot;:&quot;0&quot;,&quot;shutter_speed&quot;:&quot;0&quot;,&quot;title&quot;:&quot;&quot;,&quot;orientation&quot;:&quot;1&quot;}\" data-image-title=\"Embarcacion Barranquera BLOG 2016 29\" data-image-description=\"\" data-medium-file=\"http:\/\/desireemartinphoto.com\/blog\/wp-content\/uploads\/2016\/07\/Embarcacion-Barranquera-BLOG-2016-29-300x200.jpg\" data-large-file=\"http:\/\/desireemartinphoto.com\/blog\/wp-content\/uploads\/2016\/07\/Embarcacion-Barranquera-BLOG-2016-29.jpg\" \/><\/a>\n\t\t\t<\/dt>\n\t\t\t\t<dd class='wp-caption-text gallery-caption' id='gallery-1-4683'>\n\t\t\t\tArriman el hombro.. este a\u00f1o se adelanta 2 horas la embarcaci\u00f3n, las mareas mandan.\n\t\t\t\t<\/dd><\/dl><dl class='gallery-item'>\n\t\t\t<dt class='gallery-icon landscape'>\n\t\t\t\t<a href='http:\/\/desireemartinphoto.com\/blog\/embarcacion-barranquera-blog-2016-30\/'><img width=\"150\" height=\"150\" src=\"http:\/\/desireemartinphoto.com\/blog\/wp-content\/uploads\/2016\/07\/Embarcacion-Barranquera-BLOG-2016-30-150x150.jpg\" class=\"attachment-thumbnail size-thumbnail\" alt=\"\" loading=\"lazy\" aria-describedby=\"gallery-1-4684\" data-attachment-id=\"4684\" data-permalink=\"http:\/\/desireemartinphoto.com\/blog\/embarcacion-barranquera-blog-2016-30\/\" data-orig-file=\"http:\/\/desireemartinphoto.com\/blog\/wp-content\/uploads\/2016\/07\/Embarcacion-Barranquera-BLOG-2016-30.jpg\" data-orig-size=\"550,367\" data-comments-opened=\"1\" data-image-meta=\"{&quot;aperture&quot;:&quot;0&quot;,&quot;credit&quot;:&quot;&quot;,&quot;camera&quot;:&quot;&quot;,&quot;caption&quot;:&quot;&quot;,&quot;created_timestamp&quot;:&quot;1469404331&quot;,&quot;copyright&quot;:&quot;&quot;,&quot;focal_length&quot;:&quot;0&quot;,&quot;iso&quot;:&quot;0&quot;,&quot;shutter_speed&quot;:&quot;0&quot;,&quot;title&quot;:&quot;&quot;,&quot;orientation&quot;:&quot;1&quot;}\" data-image-title=\"Embarcacion Barranquera BLOG 2016 30\" data-image-description=\"\" data-medium-file=\"http:\/\/desireemartinphoto.com\/blog\/wp-content\/uploads\/2016\/07\/Embarcacion-Barranquera-BLOG-2016-30-300x200.jpg\" data-large-file=\"http:\/\/desireemartinphoto.com\/blog\/wp-content\/uploads\/2016\/07\/Embarcacion-Barranquera-BLOG-2016-30.jpg\" \/><\/a>\n\t\t\t<\/dt>\n\t\t\t\t<dd class='wp-caption-text gallery-caption' id='gallery-1-4684'>\n\t\t\t\tYa est\u00e1 en el agua.\n\t\t\t\t<\/dd><\/dl><dl class='gallery-item'>\n\t\t\t<dt class='gallery-icon landscape'>\n\t\t\t\t<a href='http:\/\/desireemartinphoto.com\/blog\/embarcacion-barranquera-blog-2016-31\/'><img width=\"150\" height=\"150\" src=\"http:\/\/desireemartinphoto.com\/blog\/wp-content\/uploads\/2016\/07\/Embarcacion-Barranquera-BLOG-2016-31-150x150.jpg\" class=\"attachment-thumbnail size-thumbnail\" alt=\"\" loading=\"lazy\" aria-describedby=\"gallery-1-4685\" data-attachment-id=\"4685\" data-permalink=\"http:\/\/desireemartinphoto.com\/blog\/embarcacion-barranquera-blog-2016-31\/\" data-orig-file=\"http:\/\/desireemartinphoto.com\/blog\/wp-content\/uploads\/2016\/07\/Embarcacion-Barranquera-BLOG-2016-31.jpg\" data-orig-size=\"550,367\" data-comments-opened=\"1\" data-image-meta=\"{&quot;aperture&quot;:&quot;0&quot;,&quot;credit&quot;:&quot;&quot;,&quot;camera&quot;:&quot;&quot;,&quot;caption&quot;:&quot;&quot;,&quot;created_timestamp&quot;:&quot;1469404690&quot;,&quot;copyright&quot;:&quot;&quot;,&quot;focal_length&quot;:&quot;0&quot;,&quot;iso&quot;:&quot;0&quot;,&quot;shutter_speed&quot;:&quot;0&quot;,&quot;title&quot;:&quot;&quot;,&quot;orientation&quot;:&quot;1&quot;}\" data-image-title=\"Embarcacion Barranquera BLOG 2016 31\" data-image-description=\"\" data-medium-file=\"http:\/\/desireemartinphoto.com\/blog\/wp-content\/uploads\/2016\/07\/Embarcacion-Barranquera-BLOG-2016-31-300x200.jpg\" data-large-file=\"http:\/\/desireemartinphoto.com\/blog\/wp-content\/uploads\/2016\/07\/Embarcacion-Barranquera-BLOG-2016-31.jpg\" \/><\/a>\n\t\t\t<\/dt>\n\t\t\t\t<dd class='wp-caption-text gallery-caption' id='gallery-1-4685'>\n\t\t\t\tLa se\u00f1oras que va en el barco, va &#8220;de promesa&#8221;. \n\t\t\t\t<\/dd><\/dl><br style=\"clear: both\" \/><dl class='gallery-item'>\n\t\t\t<dt class='gallery-icon landscape'>\n\t\t\t\t<a href='http:\/\/desireemartinphoto.com\/blog\/embarcacion-barranquera-blog-2016-32\/'><img width=\"150\" height=\"150\" src=\"http:\/\/desireemartinphoto.com\/blog\/wp-content\/uploads\/2016\/07\/Embarcacion-Barranquera-BLOG-2016-32-150x150.jpg\" class=\"attachment-thumbnail size-thumbnail\" alt=\"\" loading=\"lazy\" aria-describedby=\"gallery-1-4686\" data-attachment-id=\"4686\" data-permalink=\"http:\/\/desireemartinphoto.com\/blog\/embarcacion-barranquera-blog-2016-32\/\" data-orig-file=\"http:\/\/desireemartinphoto.com\/blog\/wp-content\/uploads\/2016\/07\/Embarcacion-Barranquera-BLOG-2016-32.jpg\" data-orig-size=\"550,310\" data-comments-opened=\"1\" data-image-meta=\"{&quot;aperture&quot;:&quot;0&quot;,&quot;credit&quot;:&quot;&quot;,&quot;camera&quot;:&quot;&quot;,&quot;caption&quot;:&quot;&quot;,&quot;created_timestamp&quot;:&quot;1469404345&quot;,&quot;copyright&quot;:&quot;&quot;,&quot;focal_length&quot;:&quot;0&quot;,&quot;iso&quot;:&quot;0&quot;,&quot;shutter_speed&quot;:&quot;0&quot;,&quot;title&quot;:&quot;&quot;,&quot;orientation&quot;:&quot;1&quot;}\" data-image-title=\"Embarcacion Barranquera BLOG 2016 32\" data-image-description=\"\" data-medium-file=\"http:\/\/desireemartinphoto.com\/blog\/wp-content\/uploads\/2016\/07\/Embarcacion-Barranquera-BLOG-2016-32-300x169.jpg\" data-large-file=\"http:\/\/desireemartinphoto.com\/blog\/wp-content\/uploads\/2016\/07\/Embarcacion-Barranquera-BLOG-2016-32.jpg\" \/><\/a>\n\t\t\t<\/dt>\n\t\t\t\t<dd class='wp-caption-text gallery-caption' id='gallery-1-4686'>\n\t\t\t\tSalpican, la virgen est\u00e1 embarcada,\n\t\t\t\t<\/dd><\/dl><dl class='gallery-item'>\n\t\t\t<dt class='gallery-icon landscape'>\n\t\t\t\t<a href='http:\/\/desireemartinphoto.com\/blog\/embarcacion-barranquera-blog-2016-33\/'><img width=\"150\" height=\"150\" src=\"http:\/\/desireemartinphoto.com\/blog\/wp-content\/uploads\/2016\/07\/Embarcacion-Barranquera-BLOG-2016-33-150x150.jpg\" class=\"attachment-thumbnail size-thumbnail\" alt=\"\" loading=\"lazy\" aria-describedby=\"gallery-1-4687\" data-attachment-id=\"4687\" data-permalink=\"http:\/\/desireemartinphoto.com\/blog\/embarcacion-barranquera-blog-2016-33\/\" data-orig-file=\"http:\/\/desireemartinphoto.com\/blog\/wp-content\/uploads\/2016\/07\/Embarcacion-Barranquera-BLOG-2016-33.jpg\" data-orig-size=\"550,367\" data-comments-opened=\"1\" data-image-meta=\"{&quot;aperture&quot;:&quot;0&quot;,&quot;credit&quot;:&quot;&quot;,&quot;camera&quot;:&quot;&quot;,&quot;caption&quot;:&quot;&quot;,&quot;created_timestamp&quot;:&quot;1469404376&quot;,&quot;copyright&quot;:&quot;&quot;,&quot;focal_length&quot;:&quot;0&quot;,&quot;iso&quot;:&quot;0&quot;,&quot;shutter_speed&quot;:&quot;0&quot;,&quot;title&quot;:&quot;&quot;,&quot;orientation&quot;:&quot;1&quot;}\" data-image-title=\"Embarcacion Barranquera BLOG 2016 33\" data-image-description=\"\" data-medium-file=\"http:\/\/desireemartinphoto.com\/blog\/wp-content\/uploads\/2016\/07\/Embarcacion-Barranquera-BLOG-2016-33-300x200.jpg\" data-large-file=\"http:\/\/desireemartinphoto.com\/blog\/wp-content\/uploads\/2016\/07\/Embarcacion-Barranquera-BLOG-2016-33.jpg\" \/><\/a>\n\t\t\t<\/dt>\n\t\t\t\t<dd class='wp-caption-text gallery-caption' id='gallery-1-4687'>\n\t\t\t\tY salpicaron al cura ..la verdad es que estaba un poco &#8220;seco&#8221;\n\t\t\t\t<\/dd><\/dl><dl class='gallery-item'>\n\t\t\t<dt class='gallery-icon landscape'>\n\t\t\t\t<a href='http:\/\/desireemartinphoto.com\/blog\/embarcacion-barranquera-blog-2016-34\/'><img width=\"150\" height=\"150\" src=\"http:\/\/desireemartinphoto.com\/blog\/wp-content\/uploads\/2016\/07\/Embarcacion-Barranquera-BLOG-2016-34-150x150.jpg\" class=\"attachment-thumbnail size-thumbnail\" alt=\"\" loading=\"lazy\" aria-describedby=\"gallery-1-4688\" data-attachment-id=\"4688\" data-permalink=\"http:\/\/desireemartinphoto.com\/blog\/embarcacion-barranquera-blog-2016-34\/\" data-orig-file=\"http:\/\/desireemartinphoto.com\/blog\/wp-content\/uploads\/2016\/07\/Embarcacion-Barranquera-BLOG-2016-34.jpg\" data-orig-size=\"550,367\" data-comments-opened=\"1\" data-image-meta=\"{&quot;aperture&quot;:&quot;0&quot;,&quot;credit&quot;:&quot;&quot;,&quot;camera&quot;:&quot;&quot;,&quot;caption&quot;:&quot;&quot;,&quot;created_timestamp&quot;:&quot;1469404395&quot;,&quot;copyright&quot;:&quot;&quot;,&quot;focal_length&quot;:&quot;0&quot;,&quot;iso&quot;:&quot;0&quot;,&quot;shutter_speed&quot;:&quot;0&quot;,&quot;title&quot;:&quot;&quot;,&quot;orientation&quot;:&quot;1&quot;}\" data-image-title=\"Embarcacion Barranquera BLOG 2016 34\" data-image-description=\"\" data-medium-file=\"http:\/\/desireemartinphoto.com\/blog\/wp-content\/uploads\/2016\/07\/Embarcacion-Barranquera-BLOG-2016-34-300x200.jpg\" data-large-file=\"http:\/\/desireemartinphoto.com\/blog\/wp-content\/uploads\/2016\/07\/Embarcacion-Barranquera-BLOG-2016-34.jpg\" \/><\/a>\n\t\t\t<\/dt>\n\t\t\t\t<dd class='wp-caption-text gallery-caption' id='gallery-1-4688'>\n\t\t\t\tUna nube de surferas rode\u00f3 a la virgen, quer\u00edan hacer una ofrenda de flores, pero &#8230;mejor en alta mar..\n\t\t\t\t<\/dd><\/dl><br style=\"clear: both\" \/><dl class='gallery-item'>\n\t\t\t<dt class='gallery-icon landscape'>\n\t\t\t\t<a href='http:\/\/desireemartinphoto.com\/blog\/embarcacion-barranquera-blog-2016-35\/'><img width=\"150\" height=\"150\" src=\"http:\/\/desireemartinphoto.com\/blog\/wp-content\/uploads\/2016\/07\/Embarcacion-Barranquera-BLOG-2016-35-150x150.jpg\" class=\"attachment-thumbnail size-thumbnail\" alt=\"\" loading=\"lazy\" aria-describedby=\"gallery-1-4689\" data-attachment-id=\"4689\" data-permalink=\"http:\/\/desireemartinphoto.com\/blog\/embarcacion-barranquera-blog-2016-35\/\" data-orig-file=\"http:\/\/desireemartinphoto.com\/blog\/wp-content\/uploads\/2016\/07\/Embarcacion-Barranquera-BLOG-2016-35.jpg\" data-orig-size=\"550,367\" data-comments-opened=\"1\" data-image-meta=\"{&quot;aperture&quot;:&quot;0&quot;,&quot;credit&quot;:&quot;&quot;,&quot;camera&quot;:&quot;&quot;,&quot;caption&quot;:&quot;&quot;,&quot;created_timestamp&quot;:&quot;1469405303&quot;,&quot;copyright&quot;:&quot;&quot;,&quot;focal_length&quot;:&quot;0&quot;,&quot;iso&quot;:&quot;0&quot;,&quot;shutter_speed&quot;:&quot;0&quot;,&quot;title&quot;:&quot;&quot;,&quot;orientation&quot;:&quot;1&quot;}\" data-image-title=\"Embarcacion Barranquera BLOG 2016 35\" data-image-description=\"\" data-medium-file=\"http:\/\/desireemartinphoto.com\/blog\/wp-content\/uploads\/2016\/07\/Embarcacion-Barranquera-BLOG-2016-35-300x200.jpg\" data-large-file=\"http:\/\/desireemartinphoto.com\/blog\/wp-content\/uploads\/2016\/07\/Embarcacion-Barranquera-BLOG-2016-35.jpg\" \/><\/a>\n\t\t\t<\/dt>\n\t\t\t\t<dd class='wp-caption-text gallery-caption' id='gallery-1-4689'>\n\t\t\t\tEstos &#8221; Tres muchachos&#8221;, nietos de Domingo, el patr\u00f3n .. unos cracks, que pilotos !!!\n\t\t\t\t<\/dd><\/dl><dl class='gallery-item'>\n\t\t\t<dt class='gallery-icon landscape'>\n\t\t\t\t<a href='http:\/\/desireemartinphoto.com\/blog\/embarcacion-barranquera-blog-2016-36\/'><img width=\"150\" height=\"150\" src=\"http:\/\/desireemartinphoto.com\/blog\/wp-content\/uploads\/2016\/07\/Embarcacion-Barranquera-BLOG-2016-36-150x150.jpg\" class=\"attachment-thumbnail size-thumbnail\" alt=\"\" loading=\"lazy\" aria-describedby=\"gallery-1-4690\" data-attachment-id=\"4690\" data-permalink=\"http:\/\/desireemartinphoto.com\/blog\/embarcacion-barranquera-blog-2016-36\/\" data-orig-file=\"http:\/\/desireemartinphoto.com\/blog\/wp-content\/uploads\/2016\/07\/Embarcacion-Barranquera-BLOG-2016-36.jpg\" data-orig-size=\"550,367\" data-comments-opened=\"1\" data-image-meta=\"{&quot;aperture&quot;:&quot;0&quot;,&quot;credit&quot;:&quot;&quot;,&quot;camera&quot;:&quot;&quot;,&quot;caption&quot;:&quot;&quot;,&quot;created_timestamp&quot;:&quot;1469404450&quot;,&quot;copyright&quot;:&quot;&quot;,&quot;focal_length&quot;:&quot;0&quot;,&quot;iso&quot;:&quot;0&quot;,&quot;shutter_speed&quot;:&quot;0&quot;,&quot;title&quot;:&quot;&quot;,&quot;orientation&quot;:&quot;1&quot;}\" data-image-title=\"Embarcacion Barranquera BLOG 2016 36\" data-image-description=\"\" data-medium-file=\"http:\/\/desireemartinphoto.com\/blog\/wp-content\/uploads\/2016\/07\/Embarcacion-Barranquera-BLOG-2016-36-300x200.jpg\" data-large-file=\"http:\/\/desireemartinphoto.com\/blog\/wp-content\/uploads\/2016\/07\/Embarcacion-Barranquera-BLOG-2016-36.jpg\" \/><\/a>\n\t\t\t<\/dt>\n\t\t\t\t<dd class='wp-caption-text gallery-caption' id='gallery-1-4690'>\n\t\t\t\tLa procesi\u00f3n marinera visita otros barrios del litoral , a izquierda y derecha de La Barranquera.\n\t\t\t\t<\/dd><\/dl><dl class='gallery-item'>\n\t\t\t<dt class='gallery-icon landscape'>\n\t\t\t\t<a href='http:\/\/desireemartinphoto.com\/blog\/embarcacion-barranquera-blog-2016-37\/'><img width=\"150\" height=\"150\" src=\"http:\/\/desireemartinphoto.com\/blog\/wp-content\/uploads\/2016\/07\/Embarcacion-Barranquera-BLOG-2016-37-150x150.jpg\" class=\"attachment-thumbnail size-thumbnail\" alt=\"\" loading=\"lazy\" aria-describedby=\"gallery-1-4691\" data-attachment-id=\"4691\" data-permalink=\"http:\/\/desireemartinphoto.com\/blog\/embarcacion-barranquera-blog-2016-37\/\" data-orig-file=\"http:\/\/desireemartinphoto.com\/blog\/wp-content\/uploads\/2016\/07\/Embarcacion-Barranquera-BLOG-2016-37.jpg\" data-orig-size=\"550,367\" data-comments-opened=\"1\" data-image-meta=\"{&quot;aperture&quot;:&quot;0&quot;,&quot;credit&quot;:&quot;&quot;,&quot;camera&quot;:&quot;&quot;,&quot;caption&quot;:&quot;&quot;,&quot;created_timestamp&quot;:&quot;1469404470&quot;,&quot;copyright&quot;:&quot;&quot;,&quot;focal_length&quot;:&quot;0&quot;,&quot;iso&quot;:&quot;0&quot;,&quot;shutter_speed&quot;:&quot;0&quot;,&quot;title&quot;:&quot;&quot;,&quot;orientation&quot;:&quot;1&quot;}\" data-image-title=\"Embarcacion Barranquera BLOG 2016 37\" data-image-description=\"\" data-medium-file=\"http:\/\/desireemartinphoto.com\/blog\/wp-content\/uploads\/2016\/07\/Embarcacion-Barranquera-BLOG-2016-37-300x200.jpg\" data-large-file=\"http:\/\/desireemartinphoto.com\/blog\/wp-content\/uploads\/2016\/07\/Embarcacion-Barranquera-BLOG-2016-37.jpg\" \/><\/a>\n\t\t\t<\/dt>\n\t\t\t\t<dd class='wp-caption-text gallery-caption' id='gallery-1-4691'>\n\t\t\t\tDurante el recorrido, gritos desde otros barcos de : &#8221; Viva la Virgen del Carmen&#8221;\n\t\t\t\t<\/dd><\/dl><br style=\"clear: both\" \/><dl class='gallery-item'>\n\t\t\t<dt class='gallery-icon landscape'>\n\t\t\t\t<a href='http:\/\/desireemartinphoto.com\/blog\/embarcacion-barranquera-blog-2016-38\/'><img width=\"150\" height=\"150\" src=\"http:\/\/desireemartinphoto.com\/blog\/wp-content\/uploads\/2016\/07\/Embarcacion-Barranquera-BLOG-2016-38-150x150.jpg\" class=\"attachment-thumbnail size-thumbnail\" alt=\"\" loading=\"lazy\" aria-describedby=\"gallery-1-4692\" data-attachment-id=\"4692\" data-permalink=\"http:\/\/desireemartinphoto.com\/blog\/embarcacion-barranquera-blog-2016-38\/\" data-orig-file=\"http:\/\/desireemartinphoto.com\/blog\/wp-content\/uploads\/2016\/07\/Embarcacion-Barranquera-BLOG-2016-38.jpg\" data-orig-size=\"550,367\" data-comments-opened=\"1\" data-image-meta=\"{&quot;aperture&quot;:&quot;0&quot;,&quot;credit&quot;:&quot;&quot;,&quot;camera&quot;:&quot;&quot;,&quot;caption&quot;:&quot;&quot;,&quot;created_timestamp&quot;:&quot;1469404497&quot;,&quot;copyright&quot;:&quot;&quot;,&quot;focal_length&quot;:&quot;0&quot;,&quot;iso&quot;:&quot;0&quot;,&quot;shutter_speed&quot;:&quot;0&quot;,&quot;title&quot;:&quot;&quot;,&quot;orientation&quot;:&quot;1&quot;}\" data-image-title=\"Embarcacion Barranquera BLOG 2016 38\" data-image-description=\"\" data-medium-file=\"http:\/\/desireemartinphoto.com\/blog\/wp-content\/uploads\/2016\/07\/Embarcacion-Barranquera-BLOG-2016-38-300x200.jpg\" data-large-file=\"http:\/\/desireemartinphoto.com\/blog\/wp-content\/uploads\/2016\/07\/Embarcacion-Barranquera-BLOG-2016-38.jpg\" \/><\/a>\n\t\t\t<\/dt>\n\t\t\t\t<dd class='wp-caption-text gallery-caption' id='gallery-1-4692'>\n\t\t\t\tOtras embarcaciones se acercan para ver a la virgen desde m\u00e1s cerca ( y para la fotito )\n\t\t\t\t<\/dd><\/dl><dl class='gallery-item'>\n\t\t\t<dt class='gallery-icon landscape'>\n\t\t\t\t<a href='http:\/\/desireemartinphoto.com\/blog\/embarcacion-barranquera-blog-2016-39\/'><img width=\"150\" height=\"150\" src=\"http:\/\/desireemartinphoto.com\/blog\/wp-content\/uploads\/2016\/07\/Embarcacion-Barranquera-BLOG-2016-39-150x150.jpg\" class=\"attachment-thumbnail size-thumbnail\" alt=\"\" loading=\"lazy\" aria-describedby=\"gallery-1-4693\" data-attachment-id=\"4693\" data-permalink=\"http:\/\/desireemartinphoto.com\/blog\/embarcacion-barranquera-blog-2016-39\/\" data-orig-file=\"http:\/\/desireemartinphoto.com\/blog\/wp-content\/uploads\/2016\/07\/Embarcacion-Barranquera-BLOG-2016-39.jpg\" data-orig-size=\"550,434\" data-comments-opened=\"1\" data-image-meta=\"{&quot;aperture&quot;:&quot;0&quot;,&quot;credit&quot;:&quot;&quot;,&quot;camera&quot;:&quot;&quot;,&quot;caption&quot;:&quot;&quot;,&quot;created_timestamp&quot;:&quot;1469405339&quot;,&quot;copyright&quot;:&quot;&quot;,&quot;focal_length&quot;:&quot;0&quot;,&quot;iso&quot;:&quot;0&quot;,&quot;shutter_speed&quot;:&quot;0&quot;,&quot;title&quot;:&quot;&quot;,&quot;orientation&quot;:&quot;1&quot;}\" data-image-title=\"Embarcacion Barranquera BLOG 2016 39\" data-image-description=\"\" data-medium-file=\"http:\/\/desireemartinphoto.com\/blog\/wp-content\/uploads\/2016\/07\/Embarcacion-Barranquera-BLOG-2016-39-300x237.jpg\" data-large-file=\"http:\/\/desireemartinphoto.com\/blog\/wp-content\/uploads\/2016\/07\/Embarcacion-Barranquera-BLOG-2016-39.jpg\" \/><\/a>\n\t\t\t<\/dt>\n\t\t\t\t<dd class='wp-caption-text gallery-caption' id='gallery-1-4693'>\n\t\t\t\tLa fiesta no para, unos se tiran al agua para refrescarse y otro dejan de ayudarlos para posar&#8230; ajajjajaaj..\n\t\t\t\t<\/dd><\/dl><dl class='gallery-item'>\n\t\t\t<dt class='gallery-icon landscape'>\n\t\t\t\t<a href='http:\/\/desireemartinphoto.com\/blog\/embarcacion-barranquera-blog-2016-40\/'><img width=\"150\" height=\"150\" src=\"http:\/\/desireemartinphoto.com\/blog\/wp-content\/uploads\/2016\/07\/Embarcacion-Barranquera-BLOG-2016-40-150x150.jpg\" class=\"attachment-thumbnail size-thumbnail\" alt=\"\" loading=\"lazy\" aria-describedby=\"gallery-1-4694\" data-attachment-id=\"4694\" data-permalink=\"http:\/\/desireemartinphoto.com\/blog\/embarcacion-barranquera-blog-2016-40\/\" data-orig-file=\"http:\/\/desireemartinphoto.com\/blog\/wp-content\/uploads\/2016\/07\/Embarcacion-Barranquera-BLOG-2016-40.jpg\" data-orig-size=\"550,367\" data-comments-opened=\"1\" data-image-meta=\"{&quot;aperture&quot;:&quot;0&quot;,&quot;credit&quot;:&quot;&quot;,&quot;camera&quot;:&quot;&quot;,&quot;caption&quot;:&quot;&quot;,&quot;created_timestamp&quot;:&quot;1469404490&quot;,&quot;copyright&quot;:&quot;&quot;,&quot;focal_length&quot;:&quot;0&quot;,&quot;iso&quot;:&quot;0&quot;,&quot;shutter_speed&quot;:&quot;0&quot;,&quot;title&quot;:&quot;&quot;,&quot;orientation&quot;:&quot;1&quot;}\" data-image-title=\"Embarcacion Barranquera BLOG 2016 40\" data-image-description=\"\" data-medium-file=\"http:\/\/desireemartinphoto.com\/blog\/wp-content\/uploads\/2016\/07\/Embarcacion-Barranquera-BLOG-2016-40-300x200.jpg\" data-large-file=\"http:\/\/desireemartinphoto.com\/blog\/wp-content\/uploads\/2016\/07\/Embarcacion-Barranquera-BLOG-2016-40.jpg\" \/><\/a>\n\t\t\t<\/dt>\n\t\t\t\t<dd class='wp-caption-text gallery-caption' id='gallery-1-4694'>\n\t\t\t\tLa noche se acerca y desde varios puntos de la costa tiran salvas a la virgen.\n\t\t\t\t<\/dd><\/dl><br style=\"clear: both\" \/><dl class='gallery-item'>\n\t\t\t<dt class='gallery-icon landscape'>\n\t\t\t\t<a href='http:\/\/desireemartinphoto.com\/blog\/embarcacion-barranquera-blog-2016-41\/'><img width=\"150\" height=\"150\" src=\"http:\/\/desireemartinphoto.com\/blog\/wp-content\/uploads\/2016\/07\/Embarcacion-Barranquera-BLOG-2016-41-150x150.jpg\" class=\"attachment-thumbnail size-thumbnail\" alt=\"\" loading=\"lazy\" aria-describedby=\"gallery-1-4695\" data-attachment-id=\"4695\" data-permalink=\"http:\/\/desireemartinphoto.com\/blog\/embarcacion-barranquera-blog-2016-41\/\" data-orig-file=\"http:\/\/desireemartinphoto.com\/blog\/wp-content\/uploads\/2016\/07\/Embarcacion-Barranquera-BLOG-2016-41.jpg\" data-orig-size=\"550,311\" data-comments-opened=\"1\" data-image-meta=\"{&quot;aperture&quot;:&quot;0&quot;,&quot;credit&quot;:&quot;&quot;,&quot;camera&quot;:&quot;&quot;,&quot;caption&quot;:&quot;&quot;,&quot;created_timestamp&quot;:&quot;1469405308&quot;,&quot;copyright&quot;:&quot;&quot;,&quot;focal_length&quot;:&quot;0&quot;,&quot;iso&quot;:&quot;0&quot;,&quot;shutter_speed&quot;:&quot;0&quot;,&quot;title&quot;:&quot;&quot;,&quot;orientation&quot;:&quot;1&quot;}\" data-image-title=\"Embarcacion Barranquera BLOG 2016 41\" data-image-description=\"\" data-medium-file=\"http:\/\/desireemartinphoto.com\/blog\/wp-content\/uploads\/2016\/07\/Embarcacion-Barranquera-BLOG-2016-41-300x170.jpg\" data-large-file=\"http:\/\/desireemartinphoto.com\/blog\/wp-content\/uploads\/2016\/07\/Embarcacion-Barranquera-BLOG-2016-41.jpg\" \/><\/a>\n\t\t\t<\/dt>\n\t\t\t\t<dd class='wp-caption-text gallery-caption' id='gallery-1-4695'>\n\t\t\t\tOtros encienden antorchas al paso de la  Virgen del Carmen de la Barranquilla.\n\t\t\t\t<\/dd><\/dl><dl class='gallery-item'>\n\t\t\t<dt class='gallery-icon landscape'>\n\t\t\t\t<a href='http:\/\/desireemartinphoto.com\/blog\/embarcacion-barranquera-blog-2016-42\/'><img width=\"150\" height=\"150\" src=\"http:\/\/desireemartinphoto.com\/blog\/wp-content\/uploads\/2016\/07\/Embarcacion-Barranquera-BLOG-2016-42-150x150.jpg\" class=\"attachment-thumbnail size-thumbnail\" alt=\"\" loading=\"lazy\" aria-describedby=\"gallery-1-4696\" data-attachment-id=\"4696\" data-permalink=\"http:\/\/desireemartinphoto.com\/blog\/embarcacion-barranquera-blog-2016-42\/\" data-orig-file=\"http:\/\/desireemartinphoto.com\/blog\/wp-content\/uploads\/2016\/07\/Embarcacion-Barranquera-BLOG-2016-42.jpg\" data-orig-size=\"550,367\" data-comments-opened=\"1\" data-image-meta=\"{&quot;aperture&quot;:&quot;0&quot;,&quot;credit&quot;:&quot;&quot;,&quot;camera&quot;:&quot;&quot;,&quot;caption&quot;:&quot;&quot;,&quot;created_timestamp&quot;:&quot;1469404545&quot;,&quot;copyright&quot;:&quot;&quot;,&quot;focal_length&quot;:&quot;0&quot;,&quot;iso&quot;:&quot;0&quot;,&quot;shutter_speed&quot;:&quot;0&quot;,&quot;title&quot;:&quot;&quot;,&quot;orientation&quot;:&quot;1&quot;}\" data-image-title=\"Embarcacion Barranquera BLOG 2016 42\" data-image-description=\"\" data-medium-file=\"http:\/\/desireemartinphoto.com\/blog\/wp-content\/uploads\/2016\/07\/Embarcacion-Barranquera-BLOG-2016-42-300x200.jpg\" data-large-file=\"http:\/\/desireemartinphoto.com\/blog\/wp-content\/uploads\/2016\/07\/Embarcacion-Barranquera-BLOG-2016-42.jpg\" \/><\/a>\n\t\t\t<\/dt>\n\t\t\t\t<dd class='wp-caption-text gallery-caption' id='gallery-1-4696'>\n\t\t\t\tComenzamos el regreso a la playa.\n\t\t\t\t<\/dd><\/dl><dl class='gallery-item'>\n\t\t\t<dt class='gallery-icon landscape'>\n\t\t\t\t<a href='http:\/\/desireemartinphoto.com\/blog\/embarcacion-barranquera-blog-2016-43\/'><img width=\"150\" height=\"150\" src=\"http:\/\/desireemartinphoto.com\/blog\/wp-content\/uploads\/2016\/07\/Embarcacion-Barranquera-BLOG-2016-43-150x150.jpg\" class=\"attachment-thumbnail size-thumbnail\" alt=\"\" loading=\"lazy\" aria-describedby=\"gallery-1-4697\" data-attachment-id=\"4697\" data-permalink=\"http:\/\/desireemartinphoto.com\/blog\/embarcacion-barranquera-blog-2016-43\/\" data-orig-file=\"http:\/\/desireemartinphoto.com\/blog\/wp-content\/uploads\/2016\/07\/Embarcacion-Barranquera-BLOG-2016-43.jpg\" data-orig-size=\"550,348\" data-comments-opened=\"1\" data-image-meta=\"{&quot;aperture&quot;:&quot;0&quot;,&quot;credit&quot;:&quot;&quot;,&quot;camera&quot;:&quot;&quot;,&quot;caption&quot;:&quot;&quot;,&quot;created_timestamp&quot;:&quot;1469404551&quot;,&quot;copyright&quot;:&quot;&quot;,&quot;focal_length&quot;:&quot;0&quot;,&quot;iso&quot;:&quot;0&quot;,&quot;shutter_speed&quot;:&quot;0&quot;,&quot;title&quot;:&quot;&quot;,&quot;orientation&quot;:&quot;1&quot;}\" data-image-title=\"Embarcacion Barranquera BLOG 2016 43\" data-image-description=\"\" data-medium-file=\"http:\/\/desireemartinphoto.com\/blog\/wp-content\/uploads\/2016\/07\/Embarcacion-Barranquera-BLOG-2016-43-300x190.jpg\" data-large-file=\"http:\/\/desireemartinphoto.com\/blog\/wp-content\/uploads\/2016\/07\/Embarcacion-Barranquera-BLOG-2016-43.jpg\" \/><\/a>\n\t\t\t<\/dt>\n\t\t\t\t<dd class='wp-caption-text gallery-caption' id='gallery-1-4697'>\n\t\t\t\tYa esperan la playa, van dejando sitio a los barcos.\n\t\t\t\t<\/dd><\/dl><br style=\"clear: both\" \/><dl class='gallery-item'>\n\t\t\t<dt class='gallery-icon landscape'>\n\t\t\t\t<a href='http:\/\/desireemartinphoto.com\/blog\/embarcacion-barranquera-blog-2016-44\/'><img width=\"150\" height=\"150\" src=\"http:\/\/desireemartinphoto.com\/blog\/wp-content\/uploads\/2016\/07\/Embarcacion-Barranquera-BLOG-2016-44-150x150.jpg\" class=\"attachment-thumbnail size-thumbnail\" alt=\"\" loading=\"lazy\" aria-describedby=\"gallery-1-4698\" data-attachment-id=\"4698\" data-permalink=\"http:\/\/desireemartinphoto.com\/blog\/embarcacion-barranquera-blog-2016-44\/\" data-orig-file=\"http:\/\/desireemartinphoto.com\/blog\/wp-content\/uploads\/2016\/07\/Embarcacion-Barranquera-BLOG-2016-44.jpg\" data-orig-size=\"550,367\" data-comments-opened=\"1\" data-image-meta=\"{&quot;aperture&quot;:&quot;0&quot;,&quot;credit&quot;:&quot;&quot;,&quot;camera&quot;:&quot;&quot;,&quot;caption&quot;:&quot;&quot;,&quot;created_timestamp&quot;:&quot;1469404580&quot;,&quot;copyright&quot;:&quot;&quot;,&quot;focal_length&quot;:&quot;0&quot;,&quot;iso&quot;:&quot;0&quot;,&quot;shutter_speed&quot;:&quot;0&quot;,&quot;title&quot;:&quot;&quot;,&quot;orientation&quot;:&quot;1&quot;}\" data-image-title=\"Embarcacion Barranquera BLOG 2016 44\" data-image-description=\"\" data-medium-file=\"http:\/\/desireemartinphoto.com\/blog\/wp-content\/uploads\/2016\/07\/Embarcacion-Barranquera-BLOG-2016-44-300x200.jpg\" data-large-file=\"http:\/\/desireemartinphoto.com\/blog\/wp-content\/uploads\/2016\/07\/Embarcacion-Barranquera-BLOG-2016-44.jpg\" \/><\/a>\n\t\t\t<\/dt>\n\t\t\t\t<dd class='wp-caption-text gallery-caption' id='gallery-1-4698'>\n\t\t\t\tEntramos a la playa. ( Tengo que bajarme en un peque\u00f1o muelle para poder hacer la entrada de la virgen )\n\t\t\t\t<\/dd><\/dl><dl class='gallery-item'>\n\t\t\t<dt class='gallery-icon landscape'>\n\t\t\t\t<a href='http:\/\/desireemartinphoto.com\/blog\/embarcacion-barranquera-blog-2016-45\/'><img width=\"150\" height=\"150\" src=\"http:\/\/desireemartinphoto.com\/blog\/wp-content\/uploads\/2016\/07\/Embarcacion-Barranquera-BLOG-2016-45-150x150.jpg\" class=\"attachment-thumbnail size-thumbnail\" alt=\"\" loading=\"lazy\" aria-describedby=\"gallery-1-4699\" data-attachment-id=\"4699\" data-permalink=\"http:\/\/desireemartinphoto.com\/blog\/embarcacion-barranquera-blog-2016-45\/\" data-orig-file=\"http:\/\/desireemartinphoto.com\/blog\/wp-content\/uploads\/2016\/07\/Embarcacion-Barranquera-BLOG-2016-45.jpg\" data-orig-size=\"550,367\" data-comments-opened=\"1\" data-image-meta=\"{&quot;aperture&quot;:&quot;0&quot;,&quot;credit&quot;:&quot;&quot;,&quot;camera&quot;:&quot;&quot;,&quot;caption&quot;:&quot;&quot;,&quot;created_timestamp&quot;:&quot;1469404588&quot;,&quot;copyright&quot;:&quot;&quot;,&quot;focal_length&quot;:&quot;0&quot;,&quot;iso&quot;:&quot;0&quot;,&quot;shutter_speed&quot;:&quot;0&quot;,&quot;title&quot;:&quot;&quot;,&quot;orientation&quot;:&quot;1&quot;}\" data-image-title=\"Embarcacion Barranquera BLOG 2016 45\" data-image-description=\"\" data-medium-file=\"http:\/\/desireemartinphoto.com\/blog\/wp-content\/uploads\/2016\/07\/Embarcacion-Barranquera-BLOG-2016-45-300x200.jpg\" data-large-file=\"http:\/\/desireemartinphoto.com\/blog\/wp-content\/uploads\/2016\/07\/Embarcacion-Barranquera-BLOG-2016-45.jpg\" \/><\/a>\n\t\t\t<\/dt>\n\t\t\t\t<dd class='wp-caption-text gallery-caption' id='gallery-1-4699'>\n\t\t\t\tMe gusta mucho este instante ( y el siguiente ) .. \n\t\t\t\t<\/dd><\/dl><dl class='gallery-item'>\n\t\t\t<dt class='gallery-icon landscape'>\n\t\t\t\t<a href='http:\/\/desireemartinphoto.com\/blog\/embarcacion-barranquera-blog-2016-46\/'><img width=\"150\" height=\"150\" src=\"http:\/\/desireemartinphoto.com\/blog\/wp-content\/uploads\/2016\/07\/Embarcacion-Barranquera-BLOG-2016-46-150x150.jpg\" class=\"attachment-thumbnail size-thumbnail\" alt=\"\" loading=\"lazy\" aria-describedby=\"gallery-1-4700\" data-attachment-id=\"4700\" data-permalink=\"http:\/\/desireemartinphoto.com\/blog\/embarcacion-barranquera-blog-2016-46\/\" data-orig-file=\"http:\/\/desireemartinphoto.com\/blog\/wp-content\/uploads\/2016\/07\/Embarcacion-Barranquera-BLOG-2016-46.jpg\" data-orig-size=\"550,367\" data-comments-opened=\"1\" data-image-meta=\"{&quot;aperture&quot;:&quot;0&quot;,&quot;credit&quot;:&quot;&quot;,&quot;camera&quot;:&quot;&quot;,&quot;caption&quot;:&quot;&quot;,&quot;created_timestamp&quot;:&quot;1469404603&quot;,&quot;copyright&quot;:&quot;&quot;,&quot;focal_length&quot;:&quot;0&quot;,&quot;iso&quot;:&quot;0&quot;,&quot;shutter_speed&quot;:&quot;0&quot;,&quot;title&quot;:&quot;&quot;,&quot;orientation&quot;:&quot;1&quot;}\" data-image-title=\"Embarcacion Barranquera BLOG 2016 46\" data-image-description=\"\" data-medium-file=\"http:\/\/desireemartinphoto.com\/blog\/wp-content\/uploads\/2016\/07\/Embarcacion-Barranquera-BLOG-2016-46-300x200.jpg\" data-large-file=\"http:\/\/desireemartinphoto.com\/blog\/wp-content\/uploads\/2016\/07\/Embarcacion-Barranquera-BLOG-2016-46.jpg\" \/><\/a>\n\t\t\t<\/dt>\n\t\t\t\t<dd class='wp-caption-text gallery-caption' id='gallery-1-4700'>\n\t\t\t\t&#8230;\n\t\t\t\t<\/dd><\/dl><br style=\"clear: both\" \/><dl class='gallery-item'>\n\t\t\t<dt class='gallery-icon landscape'>\n\t\t\t\t<a href='http:\/\/desireemartinphoto.com\/blog\/embarcacion-barranquera-blog-2016-47\/'><img width=\"150\" height=\"150\" src=\"http:\/\/desireemartinphoto.com\/blog\/wp-content\/uploads\/2016\/07\/Embarcacion-Barranquera-BLOG-2016-47-150x150.jpg\" class=\"attachment-thumbnail size-thumbnail\" alt=\"\" loading=\"lazy\" aria-describedby=\"gallery-1-4701\" data-attachment-id=\"4701\" data-permalink=\"http:\/\/desireemartinphoto.com\/blog\/embarcacion-barranquera-blog-2016-47\/\" data-orig-file=\"http:\/\/desireemartinphoto.com\/blog\/wp-content\/uploads\/2016\/07\/Embarcacion-Barranquera-BLOG-2016-47.jpg\" data-orig-size=\"550,356\" data-comments-opened=\"1\" data-image-meta=\"{&quot;aperture&quot;:&quot;0&quot;,&quot;credit&quot;:&quot;&quot;,&quot;camera&quot;:&quot;&quot;,&quot;caption&quot;:&quot;&quot;,&quot;created_timestamp&quot;:&quot;1469404618&quot;,&quot;copyright&quot;:&quot;&quot;,&quot;focal_length&quot;:&quot;0&quot;,&quot;iso&quot;:&quot;0&quot;,&quot;shutter_speed&quot;:&quot;0&quot;,&quot;title&quot;:&quot;&quot;,&quot;orientation&quot;:&quot;1&quot;}\" data-image-title=\"Embarcacion Barranquera BLOG 2016 47\" data-image-description=\"\" data-medium-file=\"http:\/\/desireemartinphoto.com\/blog\/wp-content\/uploads\/2016\/07\/Embarcacion-Barranquera-BLOG-2016-47-300x194.jpg\" data-large-file=\"http:\/\/desireemartinphoto.com\/blog\/wp-content\/uploads\/2016\/07\/Embarcacion-Barranquera-BLOG-2016-47.jpg\" \/><\/a>\n\t\t\t<\/dt>\n\t\t\t\t<dd class='wp-caption-text gallery-caption' id='gallery-1-4701'>\n\t\t\t\tTodos a una para el desembarco.\n\t\t\t\t<\/dd><\/dl><dl class='gallery-item'>\n\t\t\t<dt class='gallery-icon landscape'>\n\t\t\t\t<a href='http:\/\/desireemartinphoto.com\/blog\/embarcacion-barranquera-blog-2016-48\/'><img width=\"150\" height=\"150\" src=\"http:\/\/desireemartinphoto.com\/blog\/wp-content\/uploads\/2016\/07\/Embarcacion-Barranquera-BLOG-2016-48-150x150.jpg\" class=\"attachment-thumbnail size-thumbnail\" alt=\"\" loading=\"lazy\" aria-describedby=\"gallery-1-4702\" data-attachment-id=\"4702\" data-permalink=\"http:\/\/desireemartinphoto.com\/blog\/embarcacion-barranquera-blog-2016-48\/\" data-orig-file=\"http:\/\/desireemartinphoto.com\/blog\/wp-content\/uploads\/2016\/07\/Embarcacion-Barranquera-BLOG-2016-48.jpg\" data-orig-size=\"550,414\" data-comments-opened=\"1\" data-image-meta=\"{&quot;aperture&quot;:&quot;0&quot;,&quot;credit&quot;:&quot;&quot;,&quot;camera&quot;:&quot;&quot;,&quot;caption&quot;:&quot;&quot;,&quot;created_timestamp&quot;:&quot;1469404646&quot;,&quot;copyright&quot;:&quot;&quot;,&quot;focal_length&quot;:&quot;0&quot;,&quot;iso&quot;:&quot;0&quot;,&quot;shutter_speed&quot;:&quot;0&quot;,&quot;title&quot;:&quot;&quot;,&quot;orientation&quot;:&quot;1&quot;}\" data-image-title=\"Embarcacion Barranquera BLOG 2016 48\" data-image-description=\"\" data-medium-file=\"http:\/\/desireemartinphoto.com\/blog\/wp-content\/uploads\/2016\/07\/Embarcacion-Barranquera-BLOG-2016-48-300x226.jpg\" data-large-file=\"http:\/\/desireemartinphoto.com\/blog\/wp-content\/uploads\/2016\/07\/Embarcacion-Barranquera-BLOG-2016-48.jpg\" \/><\/a>\n\t\t\t<\/dt>\n\t\t\t\t<dd class='wp-caption-text gallery-caption' id='gallery-1-4702'>\n\t\t\t\tLas VIKINGAS toman el mando y sujetan a la Virgen del Carmen de la Barranquilla mientras le cantan el Ave Mar\u00eda.\n\t\t\t\t<\/dd><\/dl><dl class='gallery-item'>\n\t\t\t<dt class='gallery-icon landscape'>\n\t\t\t\t<a href='http:\/\/desireemartinphoto.com\/blog\/embarcacion-barranquera-blog-2016-49\/'><img width=\"150\" height=\"150\" src=\"http:\/\/desireemartinphoto.com\/blog\/wp-content\/uploads\/2016\/07\/Embarcacion-Barranquera-BLOG-2016-49-150x150.jpg\" class=\"attachment-thumbnail size-thumbnail\" alt=\"\" loading=\"lazy\" aria-describedby=\"gallery-1-4703\" data-attachment-id=\"4703\" data-permalink=\"http:\/\/desireemartinphoto.com\/blog\/embarcacion-barranquera-blog-2016-49\/\" data-orig-file=\"http:\/\/desireemartinphoto.com\/blog\/wp-content\/uploads\/2016\/07\/Embarcacion-Barranquera-BLOG-2016-49.jpg\" data-orig-size=\"550,367\" data-comments-opened=\"1\" data-image-meta=\"{&quot;aperture&quot;:&quot;0&quot;,&quot;credit&quot;:&quot;&quot;,&quot;camera&quot;:&quot;&quot;,&quot;caption&quot;:&quot;&quot;,&quot;created_timestamp&quot;:&quot;1469404699&quot;,&quot;copyright&quot;:&quot;&quot;,&quot;focal_length&quot;:&quot;0&quot;,&quot;iso&quot;:&quot;0&quot;,&quot;shutter_speed&quot;:&quot;0&quot;,&quot;title&quot;:&quot;&quot;,&quot;orientation&quot;:&quot;1&quot;}\" data-image-title=\"Embarcacion Barranquera BLOG 2016 49\" data-image-description=\"\" data-medium-file=\"http:\/\/desireemartinphoto.com\/blog\/wp-content\/uploads\/2016\/07\/Embarcacion-Barranquera-BLOG-2016-49-300x200.jpg\" data-large-file=\"http:\/\/desireemartinphoto.com\/blog\/wp-content\/uploads\/2016\/07\/Embarcacion-Barranquera-BLOG-2016-49.jpg\" \/><\/a>\n\t\t\t<\/dt>\n\t\t\t\t<dd class='wp-caption-text gallery-caption' id='gallery-1-4703'>\n\t\t\t\tEmocionadas, procesional hasta su lugar de descanso.\n\t\t\t\t<\/dd><\/dl><br style=\"clear: both\" \/>\n\t\t<\/div>\n\n<p>.<br \/>\n.<br \/>\n.<br \/>\n.<\/p>\n<p>Much\u00edsimas gracias por hacerme un hueco en el barco y en su vida en un d\u00eda tan especial para ustedes.<\/p>\n<p>Un abrazo enorme!!!<\/p>\n<div class=\"sharedaddy sd-sharing-enabled\"><div class=\"robots-nocontent sd-block sd-social sd-social-icon-text sd-sharing\"><h3 class=\"sd-title\">COMPARTE ESTO:<\/h3><div class=\"sd-content\"><ul><li class=\"share-facebook\"><a rel=\"nofollow noopener noreferrer\" data-shared=\"sharing-facebook-4654\" class=\"share-facebook sd-button share-icon\" href=\"http:\/\/desireemartinphoto.com\/blog\/embarcacion-marinera-por-vikingas-la-barranquera\/?share=facebook\" target=\"_blank\" title=\"Haz clic para compartir en Facebook\"><span>Facebook<\/span><\/a><\/li><li class=\"share-twitter\"><a rel=\"nofollow noopener noreferrer\" data-shared=\"sharing-twitter-4654\" class=\"share-twitter sd-button share-icon\" href=\"http:\/\/desireemartinphoto.com\/blog\/embarcacion-marinera-por-vikingas-la-barranquera\/?share=twitter\" target=\"_blank\" title=\"Haz clic para compartir en Twitter\"><span>Twitter<\/span><\/a><\/li><li class=\"share-email\"><a rel=\"nofollow noopener noreferrer\" data-shared=\"\" class=\"share-email sd-button share-icon\" href=\"http:\/\/desireemartinphoto.com\/blog\/embarcacion-marinera-por-vikingas-la-barranquera\/?share=email\" target=\"_blank\" title=\"Haz clic para enviar por correo electr\u00f3nico a un amigo\"><span>Correo electr\u00f3nico<\/span><\/a><\/li><li class=\"share-linkedin\"><a rel=\"nofollow noopener noreferrer\" data-shared=\"sharing-linkedin-4654\" class=\"share-linkedin sd-button share-icon\" href=\"http:\/\/desireemartinphoto.com\/blog\/embarcacion-marinera-por-vikingas-la-barranquera\/?share=linkedin\" target=\"_blank\" title=\"Haz clic para compartir en LinkedIn\"><span>LinkedIn<\/span><\/a><\/li><li class=\"share-tumblr\"><a rel=\"nofollow noopener noreferrer\" data-shared=\"\" class=\"share-tumblr sd-button share-icon\" href=\"http:\/\/desireemartinphoto.com\/blog\/embarcacion-marinera-por-vikingas-la-barranquera\/?share=tumblr\" target=\"_blank\" title=\"Haz clic para compartir en Tumblr\"><span>Tumblr<\/span><\/a><\/li><li class=\"share-end\"><\/li><\/ul><\/div><\/div><\/div>","protected":false},"excerpt":{"rendered":"<p>El s\u00e1bado 23 de julio fue la Embarcaci\u00f3n de la virgen del Carmen de La Barranquera, en la costa de Valle Guerra, en el norte de la isla de Tenerife. Supe de esta fiesta por una alumna de un taller de movilgraf\u00eda que impart\u00ed en la zona. Visionando unas fotograf\u00edas, vio una de la Embarcaci\u00f3n [&#038;hellip<\/p>\n<div class=\"sharedaddy sd-sharing-enabled\"><div class=\"robots-nocontent sd-block sd-social sd-social-icon-text sd-sharing\"><h3 class=\"sd-title\">COMPARTE ESTO:<\/h3><div class=\"sd-content\"><ul><li class=\"share-facebook\"><a rel=\"nofollow noopener noreferrer\" data-shared=\"sharing-facebook-4654\" class=\"share-facebook sd-button share-icon\" href=\"http:\/\/desireemartinphoto.com\/blog\/embarcacion-marinera-por-vikingas-la-barranquera\/?share=facebook\" target=\"_blank\" title=\"Haz clic para compartir en Facebook\"><span>Facebook<\/span><\/a><\/li><li class=\"share-twitter\"><a rel=\"nofollow noopener noreferrer\" data-shared=\"sharing-twitter-4654\" class=\"share-twitter sd-button share-icon\" href=\"http:\/\/desireemartinphoto.com\/blog\/embarcacion-marinera-por-vikingas-la-barranquera\/?share=twitter\" target=\"_blank\" title=\"Haz clic para compartir en Twitter\"><span>Twitter<\/span><\/a><\/li><li class=\"share-email\"><a rel=\"nofollow noopener noreferrer\" data-shared=\"\" class=\"share-email sd-button share-icon\" href=\"http:\/\/desireemartinphoto.com\/blog\/embarcacion-marinera-por-vikingas-la-barranquera\/?share=email\" target=\"_blank\" title=\"Haz clic para enviar por correo electr\u00f3nico a un amigo\"><span>Correo electr\u00f3nico<\/span><\/a><\/li><li class=\"share-linkedin\"><a rel=\"nofollow noopener noreferrer\" data-shared=\"sharing-linkedin-4654\" class=\"share-linkedin sd-button share-icon\" href=\"http:\/\/desireemartinphoto.com\/blog\/embarcacion-marinera-por-vikingas-la-barranquera\/?share=linkedin\" target=\"_blank\" title=\"Haz clic para compartir en LinkedIn\"><span>LinkedIn<\/span><\/a><\/li><li class=\"share-tumblr\"><a rel=\"nofollow noopener noreferrer\" data-shared=\"\" class=\"share-tumblr sd-button share-icon\" href=\"http:\/\/desireemartinphoto.com\/blog\/embarcacion-marinera-por-vikingas-la-barranquera\/?share=tumblr\" target=\"_blank\" title=\"Haz clic para compartir en Tumblr\"><span>Tumblr<\/span><\/a><\/li><li class=\"share-end\"><\/li><\/ul><\/div><\/div><\/div>","protected":false},"author":1,"featured_media":0,"comment_status":"open","ping_status":"open","sticky":false,"template":"","format":"standard","meta":{"spay_email":""},"categories":[1],"tags":[1007,1006,1004,1008,433,534,355,181,1012,1010,858,5,6,1009,139,514,522,362,1005,354,594,659,603,56,112,1013,1011,121,620],"jetpack_featured_media_url":"","jetpack_sharing_enabled":true,"_links":{"self":[{"href":"http:\/\/desireemartinphoto.com\/blog\/wp-json\/wp\/v2\/posts\/4654"}],"collection":[{"href":"http:\/\/desireemartinphoto.com\/blog\/wp-json\/wp\/v2\/posts"}],"about":[{"href":"http:\/\/desireemartinphoto.com\/blog\/wp-json\/wp\/v2\/types\/post"}],"author":[{"embeddable":true,"href":"http:\/\/desireemartinphoto.com\/blog\/wp-json\/wp\/v2\/users\/1"}],"replies":[{"embeddable":true,"href":"http:\/\/desireemartinphoto.com\/blog\/wp-json\/wp\/v2\/comments?post=4654"}],"version-history":[{"count":10,"href":"http:\/\/desireemartinphoto.com\/blog\/wp-json\/wp\/v2\/posts\/4654\/revisions"}],"predecessor-version":[{"id":4714,"href":"http:\/\/desireemartinphoto.com\/blog\/wp-json\/wp\/v2\/posts\/4654\/revisions\/4714"}],"wp:attachment":[{"href":"http:\/\/desireemartinphoto.com\/blog\/wp-json\/wp\/v2\/media?parent=4654"}],"wp:term":[{"taxonomy":"category","embeddable":true,"href":"http:\/\/desireemartinphoto.com\/blog\/wp-json\/wp\/v2\/categories?post=4654"},{"taxonomy":"post_tag","embeddable":true,"href":"http:\/\/desireemartinphoto.com\/blog\/wp-json\/wp\/v2\/tags?post=4654"}],"curies":[{"name":"wp","href":"https:\/\/api.w.org\/{rel}","templated":true}]}}