{"id":4539,"date":"2016-07-13T20:36:47","date_gmt":"2016-07-13T20:36:47","guid":{"rendered":"http:\/\/desireemartinphoto.com\/blog\/?p=4539"},"modified":"2016-07-13T22:37:19","modified_gmt":"2016-07-13T22:37:19","slug":"embarcacion-de-la-virgen-del-carmen-puerto-de-la-cruz-2016","status":"publish","type":"post","link":"http:\/\/desireemartinphoto.com\/blog\/embarcacion-de-la-virgen-del-carmen-puerto-de-la-cruz-2016\/","title":{"rendered":"Embarcaci\u00f3n de la Virgen del Carmen,  Puerto de la Cruz,  2016."},"content":{"rendered":"<p>Este a\u00f1o regreso a esta fiesta, el a\u00f1o pasado estaba trabajando con un encargo en la Bajada de la Virgen de las Nieves, La Palma, y aunque ech\u00e9 de menos la situaci\u00f3n, el descanso me ven\u00eda bien, muchos a\u00f1os seguidos haciendo el mismo tema, creativamente, puede complicar mucho el trabajo.<\/p>\n<p>Con algo m\u00e1s de fuerzas ven\u00eda con la intensi\u00f3n de lograr una imagen que hab\u00eda hecho hac\u00eda unos a\u00f1os, en la embarcaci\u00f3n del 2014.<\/p>\n<p>La imagen, las im\u00e1genes, eran desde dentro del barco de la embarcaci\u00f3n&#8230; jodido.. ya .. la Nueva San Ram\u00f3n.<\/p>\n<p>El paseo por la Ranilla es de obligado paso para mi, a\u00f1o tras a\u00f1o:<\/p>\n<p><img data-attachment-id=\"4540\" data-permalink=\"http:\/\/desireemartinphoto.com\/blog\/embarcacion-puerto-blog-2016-01\/\" data-orig-file=\"http:\/\/desireemartinphoto.com\/blog\/wp-content\/uploads\/2016\/07\/Embarcacion-Puerto-BLOG-2016-01.jpg\" data-orig-size=\"550,367\" data-comments-opened=\"1\" data-image-meta=\"{&quot;aperture&quot;:&quot;0&quot;,&quot;credit&quot;:&quot;&quot;,&quot;camera&quot;:&quot;&quot;,&quot;caption&quot;:&quot;&quot;,&quot;created_timestamp&quot;:&quot;1468415942&quot;,&quot;copyright&quot;:&quot;&quot;,&quot;focal_length&quot;:&quot;0&quot;,&quot;iso&quot;:&quot;0&quot;,&quot;shutter_speed&quot;:&quot;0&quot;,&quot;title&quot;:&quot;&quot;,&quot;orientation&quot;:&quot;1&quot;}\" data-image-title=\"Embarcacion Puerto BLOG 2016 01\" data-image-description=\"\" data-medium-file=\"http:\/\/desireemartinphoto.com\/blog\/wp-content\/uploads\/2016\/07\/Embarcacion-Puerto-BLOG-2016-01-300x200.jpg\" data-large-file=\"http:\/\/desireemartinphoto.com\/blog\/wp-content\/uploads\/2016\/07\/Embarcacion-Puerto-BLOG-2016-01.jpg\" loading=\"lazy\" src=\"http:\/\/desireemartinphoto.com\/blog\/wp-content\/uploads\/2016\/07\/Embarcacion-Puerto-BLOG-2016-01.jpg\" alt=\"Embarcacion Puerto BLOG 2016 01\" width=\"550\" height=\"367\" class=\"alignleft size-full wp-image-4540\" srcset=\"http:\/\/desireemartinphoto.com\/blog\/wp-content\/uploads\/2016\/07\/Embarcacion-Puerto-BLOG-2016-01.jpg 550w, http:\/\/desireemartinphoto.com\/blog\/wp-content\/uploads\/2016\/07\/Embarcacion-Puerto-BLOG-2016-01-300x200.jpg 300w\" sizes=\"(max-width: 550px) 100vw, 550px\" \/><\/p>\n<p>Uno de los detalles que m\u00e1s complican este trabajo, es el aparcamiento, la maldita log\u00edstica. <\/p>\n<p>El Puerto de la Cruz es el municipio m\u00e1s peque\u00f1o de la isla de Tenerife, 8,73 km2, chiquito.. y a la fiesta asisten alrededor de 25.000 personas .. para aparcar a una distancia prudencial y teniendo en cuenta el equipo que cargo y que debo enviar la producci\u00f3n inmediatamente, suelo llegar a las 9 am. <\/p>\n<p>La embarcaci\u00f3n, el instante que &#8220;m\u00e1s funciona&#8221; ocurre sobre las 19,30 h.. son muuuuuchas horas. <\/p>\n<p><img data-attachment-id=\"4541\" data-permalink=\"http:\/\/desireemartinphoto.com\/blog\/embarcacion-puerto-blog-2016-02\/\" data-orig-file=\"http:\/\/desireemartinphoto.com\/blog\/wp-content\/uploads\/2016\/07\/Embarcacion-Puerto-BLOG-2016-02.jpg\" data-orig-size=\"550,367\" data-comments-opened=\"1\" data-image-meta=\"{&quot;aperture&quot;:&quot;0&quot;,&quot;credit&quot;:&quot;&quot;,&quot;camera&quot;:&quot;&quot;,&quot;caption&quot;:&quot;&quot;,&quot;created_timestamp&quot;:&quot;1468415967&quot;,&quot;copyright&quot;:&quot;&quot;,&quot;focal_length&quot;:&quot;0&quot;,&quot;iso&quot;:&quot;0&quot;,&quot;shutter_speed&quot;:&quot;0&quot;,&quot;title&quot;:&quot;&quot;,&quot;orientation&quot;:&quot;1&quot;}\" data-image-title=\"Embarcacion Puerto BLOG 2016 02\" data-image-description=\"\" data-medium-file=\"http:\/\/desireemartinphoto.com\/blog\/wp-content\/uploads\/2016\/07\/Embarcacion-Puerto-BLOG-2016-02-300x200.jpg\" data-large-file=\"http:\/\/desireemartinphoto.com\/blog\/wp-content\/uploads\/2016\/07\/Embarcacion-Puerto-BLOG-2016-02.jpg\" loading=\"lazy\" src=\"http:\/\/desireemartinphoto.com\/blog\/wp-content\/uploads\/2016\/07\/Embarcacion-Puerto-BLOG-2016-02.jpg\" alt=\"Embarcacion Puerto BLOG 2016 02\" width=\"550\" height=\"367\" class=\"alignleft size-full wp-image-4541\" srcset=\"http:\/\/desireemartinphoto.com\/blog\/wp-content\/uploads\/2016\/07\/Embarcacion-Puerto-BLOG-2016-02.jpg 550w, http:\/\/desireemartinphoto.com\/blog\/wp-content\/uploads\/2016\/07\/Embarcacion-Puerto-BLOG-2016-02-300x200.jpg 300w\" sizes=\"(max-width: 550px) 100vw, 550px\" \/><\/p>\n<p><img data-attachment-id=\"4542\" data-permalink=\"http:\/\/desireemartinphoto.com\/blog\/embarcacion-puerto-blog-2016-03\/\" data-orig-file=\"http:\/\/desireemartinphoto.com\/blog\/wp-content\/uploads\/2016\/07\/Embarcacion-Puerto-BLOG-2016-03.jpg\" data-orig-size=\"550,825\" data-comments-opened=\"1\" data-image-meta=\"{&quot;aperture&quot;:&quot;0&quot;,&quot;credit&quot;:&quot;&quot;,&quot;camera&quot;:&quot;&quot;,&quot;caption&quot;:&quot;&quot;,&quot;created_timestamp&quot;:&quot;1468415919&quot;,&quot;copyright&quot;:&quot;&quot;,&quot;focal_length&quot;:&quot;0&quot;,&quot;iso&quot;:&quot;0&quot;,&quot;shutter_speed&quot;:&quot;0&quot;,&quot;title&quot;:&quot;&quot;,&quot;orientation&quot;:&quot;1&quot;}\" data-image-title=\"Embarcacion Puerto BLOG 2016 03\" data-image-description=\"\" data-medium-file=\"http:\/\/desireemartinphoto.com\/blog\/wp-content\/uploads\/2016\/07\/Embarcacion-Puerto-BLOG-2016-03-200x300.jpg\" data-large-file=\"http:\/\/desireemartinphoto.com\/blog\/wp-content\/uploads\/2016\/07\/Embarcacion-Puerto-BLOG-2016-03.jpg\" loading=\"lazy\" src=\"http:\/\/desireemartinphoto.com\/blog\/wp-content\/uploads\/2016\/07\/Embarcacion-Puerto-BLOG-2016-03.jpg\" alt=\"Embarcacion Puerto BLOG 2016 03\" width=\"550\" height=\"825\" class=\"alignleft size-full wp-image-4542\" srcset=\"http:\/\/desireemartinphoto.com\/blog\/wp-content\/uploads\/2016\/07\/Embarcacion-Puerto-BLOG-2016-03.jpg 550w, http:\/\/desireemartinphoto.com\/blog\/wp-content\/uploads\/2016\/07\/Embarcacion-Puerto-BLOG-2016-03-200x300.jpg 200w\" sizes=\"(max-width: 550px) 100vw, 550px\" \/><\/p>\n<p><img data-attachment-id=\"4543\" data-permalink=\"http:\/\/desireemartinphoto.com\/blog\/embarcacion-puerto-blog-2016-04\/\" data-orig-file=\"http:\/\/desireemartinphoto.com\/blog\/wp-content\/uploads\/2016\/07\/Embarcacion-Puerto-BLOG-2016-04.jpg\" data-orig-size=\"550,367\" data-comments-opened=\"1\" data-image-meta=\"{&quot;aperture&quot;:&quot;0&quot;,&quot;credit&quot;:&quot;&quot;,&quot;camera&quot;:&quot;&quot;,&quot;caption&quot;:&quot;&quot;,&quot;created_timestamp&quot;:&quot;1468403031&quot;,&quot;copyright&quot;:&quot;&quot;,&quot;focal_length&quot;:&quot;0&quot;,&quot;iso&quot;:&quot;0&quot;,&quot;shutter_speed&quot;:&quot;0&quot;,&quot;title&quot;:&quot;&quot;,&quot;orientation&quot;:&quot;1&quot;}\" data-image-title=\"Embarcacion Puerto BLOG 2016 04\" data-image-description=\"\" data-medium-file=\"http:\/\/desireemartinphoto.com\/blog\/wp-content\/uploads\/2016\/07\/Embarcacion-Puerto-BLOG-2016-04-300x200.jpg\" data-large-file=\"http:\/\/desireemartinphoto.com\/blog\/wp-content\/uploads\/2016\/07\/Embarcacion-Puerto-BLOG-2016-04.jpg\" loading=\"lazy\" src=\"http:\/\/desireemartinphoto.com\/blog\/wp-content\/uploads\/2016\/07\/Embarcacion-Puerto-BLOG-2016-04.jpg\" alt=\"Embarcacion Puerto BLOG 2016 04\" width=\"550\" height=\"367\" class=\"alignleft size-full wp-image-4543\" srcset=\"http:\/\/desireemartinphoto.com\/blog\/wp-content\/uploads\/2016\/07\/Embarcacion-Puerto-BLOG-2016-04.jpg 550w, http:\/\/desireemartinphoto.com\/blog\/wp-content\/uploads\/2016\/07\/Embarcacion-Puerto-BLOG-2016-04-300x200.jpg 300w\" sizes=\"(max-width: 550px) 100vw, 550px\" \/><\/p>\n<p><img data-attachment-id=\"4544\" data-permalink=\"http:\/\/desireemartinphoto.com\/blog\/embarcacion-puerto-blog-2016-05\/\" data-orig-file=\"http:\/\/desireemartinphoto.com\/blog\/wp-content\/uploads\/2016\/07\/Embarcacion-Puerto-BLOG-2016-05.jpg\" data-orig-size=\"550,367\" data-comments-opened=\"1\" data-image-meta=\"{&quot;aperture&quot;:&quot;0&quot;,&quot;credit&quot;:&quot;&quot;,&quot;camera&quot;:&quot;&quot;,&quot;caption&quot;:&quot;&quot;,&quot;created_timestamp&quot;:&quot;1468415926&quot;,&quot;copyright&quot;:&quot;&quot;,&quot;focal_length&quot;:&quot;0&quot;,&quot;iso&quot;:&quot;0&quot;,&quot;shutter_speed&quot;:&quot;0&quot;,&quot;title&quot;:&quot;&quot;,&quot;orientation&quot;:&quot;1&quot;}\" data-image-title=\"Embarcacion Puerto BLOG 2016 05\" data-image-description=\"\" data-medium-file=\"http:\/\/desireemartinphoto.com\/blog\/wp-content\/uploads\/2016\/07\/Embarcacion-Puerto-BLOG-2016-05-300x200.jpg\" data-large-file=\"http:\/\/desireemartinphoto.com\/blog\/wp-content\/uploads\/2016\/07\/Embarcacion-Puerto-BLOG-2016-05.jpg\" loading=\"lazy\" src=\"http:\/\/desireemartinphoto.com\/blog\/wp-content\/uploads\/2016\/07\/Embarcacion-Puerto-BLOG-2016-05.jpg\" alt=\"Embarcacion Puerto BLOG 2016 05\" width=\"550\" height=\"367\" class=\"alignleft size-full wp-image-4544\" srcset=\"http:\/\/desireemartinphoto.com\/blog\/wp-content\/uploads\/2016\/07\/Embarcacion-Puerto-BLOG-2016-05.jpg 550w, http:\/\/desireemartinphoto.com\/blog\/wp-content\/uploads\/2016\/07\/Embarcacion-Puerto-BLOG-2016-05-300x200.jpg 300w\" sizes=\"(max-width: 550px) 100vw, 550px\" \/><\/p>\n<p><a href=\"http:\/\/desireemartinphoto.com\/blog\/senora-del-mar-cuestion-de-machos\/\" target=\"_blank\">La Cuca\u00f1a<\/a>: caminar por un palo impregnado en grasa pesada e intentar coger una de las tres banderas que est\u00e1n al final.<\/p>\n<p><img data-attachment-id=\"4572\" data-permalink=\"http:\/\/desireemartinphoto.com\/blog\/embarcacion-puerto-blog-2016-32\/\" data-orig-file=\"http:\/\/desireemartinphoto.com\/blog\/wp-content\/uploads\/2016\/07\/Embarcacion-Puerto-BLOG-2016-32.jpg\" data-orig-size=\"550,183\" data-comments-opened=\"1\" data-image-meta=\"{&quot;aperture&quot;:&quot;0&quot;,&quot;credit&quot;:&quot;&quot;,&quot;camera&quot;:&quot;&quot;,&quot;caption&quot;:&quot;&quot;,&quot;created_timestamp&quot;:&quot;1468439626&quot;,&quot;copyright&quot;:&quot;&quot;,&quot;focal_length&quot;:&quot;0&quot;,&quot;iso&quot;:&quot;0&quot;,&quot;shutter_speed&quot;:&quot;0&quot;,&quot;title&quot;:&quot;&quot;,&quot;orientation&quot;:&quot;1&quot;}\" data-image-title=\"Embarcacion Puerto BLOG 2016 32\" data-image-description=\"\" data-medium-file=\"http:\/\/desireemartinphoto.com\/blog\/wp-content\/uploads\/2016\/07\/Embarcacion-Puerto-BLOG-2016-32-300x100.jpg\" data-large-file=\"http:\/\/desireemartinphoto.com\/blog\/wp-content\/uploads\/2016\/07\/Embarcacion-Puerto-BLOG-2016-32.jpg\" loading=\"lazy\" src=\"http:\/\/desireemartinphoto.com\/blog\/wp-content\/uploads\/2016\/07\/Embarcacion-Puerto-BLOG-2016-32.jpg\" alt=\"Embarcacion Puerto BLOG 2016 32\" width=\"550\" height=\"183\" class=\"alignleft size-full wp-image-4572\" srcset=\"http:\/\/desireemartinphoto.com\/blog\/wp-content\/uploads\/2016\/07\/Embarcacion-Puerto-BLOG-2016-32.jpg 550w, http:\/\/desireemartinphoto.com\/blog\/wp-content\/uploads\/2016\/07\/Embarcacion-Puerto-BLOG-2016-32-300x100.jpg 300w\" sizes=\"(max-width: 550px) 100vw, 550px\" \/><\/p>\n<p><img data-attachment-id=\"4547\" data-permalink=\"http:\/\/desireemartinphoto.com\/blog\/embarcacion-puerto-blog-2016-08\/\" data-orig-file=\"http:\/\/desireemartinphoto.com\/blog\/wp-content\/uploads\/2016\/07\/Embarcacion-Puerto-BLOG-2016-08.jpg\" data-orig-size=\"550,255\" data-comments-opened=\"1\" data-image-meta=\"{&quot;aperture&quot;:&quot;0&quot;,&quot;credit&quot;:&quot;&quot;,&quot;camera&quot;:&quot;&quot;,&quot;caption&quot;:&quot;&quot;,&quot;created_timestamp&quot;:&quot;1468416041&quot;,&quot;copyright&quot;:&quot;&quot;,&quot;focal_length&quot;:&quot;0&quot;,&quot;iso&quot;:&quot;0&quot;,&quot;shutter_speed&quot;:&quot;0&quot;,&quot;title&quot;:&quot;&quot;,&quot;orientation&quot;:&quot;1&quot;}\" data-image-title=\"Embarcacion Puerto BLOG 2016 08\" data-image-description=\"\" data-medium-file=\"http:\/\/desireemartinphoto.com\/blog\/wp-content\/uploads\/2016\/07\/Embarcacion-Puerto-BLOG-2016-08-300x139.jpg\" data-large-file=\"http:\/\/desireemartinphoto.com\/blog\/wp-content\/uploads\/2016\/07\/Embarcacion-Puerto-BLOG-2016-08.jpg\" loading=\"lazy\" src=\"http:\/\/desireemartinphoto.com\/blog\/wp-content\/uploads\/2016\/07\/Embarcacion-Puerto-BLOG-2016-08.jpg\" alt=\"Embarcacion Puerto BLOG 2016 08\" width=\"550\" height=\"255\" class=\"alignleft size-full wp-image-4547\" srcset=\"http:\/\/desireemartinphoto.com\/blog\/wp-content\/uploads\/2016\/07\/Embarcacion-Puerto-BLOG-2016-08.jpg 550w, http:\/\/desireemartinphoto.com\/blog\/wp-content\/uploads\/2016\/07\/Embarcacion-Puerto-BLOG-2016-08-300x139.jpg 300w\" sizes=\"(max-width: 550px) 100vw, 550px\" \/><\/p>\n<p><img data-attachment-id=\"4548\" data-permalink=\"http:\/\/desireemartinphoto.com\/blog\/embarcacion-puerto-blog-2016-09\/\" data-orig-file=\"http:\/\/desireemartinphoto.com\/blog\/wp-content\/uploads\/2016\/07\/Embarcacion-Puerto-BLOG-2016-09.jpg\" data-orig-size=\"550,367\" data-comments-opened=\"1\" data-image-meta=\"{&quot;aperture&quot;:&quot;0&quot;,&quot;credit&quot;:&quot;&quot;,&quot;camera&quot;:&quot;&quot;,&quot;caption&quot;:&quot;&quot;,&quot;created_timestamp&quot;:&quot;1468415934&quot;,&quot;copyright&quot;:&quot;&quot;,&quot;focal_length&quot;:&quot;0&quot;,&quot;iso&quot;:&quot;0&quot;,&quot;shutter_speed&quot;:&quot;0&quot;,&quot;title&quot;:&quot;&quot;,&quot;orientation&quot;:&quot;1&quot;}\" data-image-title=\"Embarcacion Puerto BLOG 2016 09\" data-image-description=\"\" data-medium-file=\"http:\/\/desireemartinphoto.com\/blog\/wp-content\/uploads\/2016\/07\/Embarcacion-Puerto-BLOG-2016-09-300x200.jpg\" data-large-file=\"http:\/\/desireemartinphoto.com\/blog\/wp-content\/uploads\/2016\/07\/Embarcacion-Puerto-BLOG-2016-09.jpg\" loading=\"lazy\" src=\"http:\/\/desireemartinphoto.com\/blog\/wp-content\/uploads\/2016\/07\/Embarcacion-Puerto-BLOG-2016-09.jpg\" alt=\"Embarcacion Puerto BLOG 2016 09\" width=\"550\" height=\"367\" class=\"alignleft size-full wp-image-4548\" srcset=\"http:\/\/desireemartinphoto.com\/blog\/wp-content\/uploads\/2016\/07\/Embarcacion-Puerto-BLOG-2016-09.jpg 550w, http:\/\/desireemartinphoto.com\/blog\/wp-content\/uploads\/2016\/07\/Embarcacion-Puerto-BLOG-2016-09-300x200.jpg 300w\" sizes=\"(max-width: 550px) 100vw, 550px\" \/><\/p>\n<p><img data-attachment-id=\"4549\" data-permalink=\"http:\/\/desireemartinphoto.com\/blog\/embarcacion-puerto-blog-2016-10\/\" data-orig-file=\"http:\/\/desireemartinphoto.com\/blog\/wp-content\/uploads\/2016\/07\/Embarcacion-Puerto-BLOG-2016-10.jpg\" data-orig-size=\"550,359\" data-comments-opened=\"1\" data-image-meta=\"{&quot;aperture&quot;:&quot;0&quot;,&quot;credit&quot;:&quot;&quot;,&quot;camera&quot;:&quot;&quot;,&quot;caption&quot;:&quot;&quot;,&quot;created_timestamp&quot;:&quot;1468403062&quot;,&quot;copyright&quot;:&quot;&quot;,&quot;focal_length&quot;:&quot;0&quot;,&quot;iso&quot;:&quot;0&quot;,&quot;shutter_speed&quot;:&quot;0&quot;,&quot;title&quot;:&quot;&quot;,&quot;orientation&quot;:&quot;1&quot;}\" data-image-title=\"Embarcacion Puerto BLOG 2016 10\" data-image-description=\"\" data-medium-file=\"http:\/\/desireemartinphoto.com\/blog\/wp-content\/uploads\/2016\/07\/Embarcacion-Puerto-BLOG-2016-10-300x196.jpg\" data-large-file=\"http:\/\/desireemartinphoto.com\/blog\/wp-content\/uploads\/2016\/07\/Embarcacion-Puerto-BLOG-2016-10.jpg\" loading=\"lazy\" src=\"http:\/\/desireemartinphoto.com\/blog\/wp-content\/uploads\/2016\/07\/Embarcacion-Puerto-BLOG-2016-10.jpg\" alt=\"Embarcacion Puerto BLOG 2016 10\" width=\"550\" height=\"359\" class=\"alignleft size-full wp-image-4549\" srcset=\"http:\/\/desireemartinphoto.com\/blog\/wp-content\/uploads\/2016\/07\/Embarcacion-Puerto-BLOG-2016-10.jpg 550w, http:\/\/desireemartinphoto.com\/blog\/wp-content\/uploads\/2016\/07\/Embarcacion-Puerto-BLOG-2016-10-300x196.jpg 300w\" sizes=\"(max-width: 550px) 100vw, 550px\" \/><\/p>\n<p>Llega el instante, la procesi\u00f3n de la virgen se acerca a la playa, ocurre la magia y me permiten subir al barco de la virgen.<\/p>\n<p>Transcurren unos 45 min, o m\u00e1s, hasta que San Telmo y la Virgen del Carmen logran llegar a los callaos de la playa, mientras, concentraci\u00f3n dentro de la embarcaci\u00f3n. Los marineros muy emocionados, es SU PATRONA.<\/p>\n<p><img data-attachment-id=\"4550\" data-permalink=\"http:\/\/desireemartinphoto.com\/blog\/embarcacion-puerto-blog-2016-11\/\" data-orig-file=\"http:\/\/desireemartinphoto.com\/blog\/wp-content\/uploads\/2016\/07\/Embarcacion-Puerto-BLOG-2016-11.jpg\" data-orig-size=\"550,778\" data-comments-opened=\"1\" data-image-meta=\"{&quot;aperture&quot;:&quot;0&quot;,&quot;credit&quot;:&quot;&quot;,&quot;camera&quot;:&quot;&quot;,&quot;caption&quot;:&quot;&quot;,&quot;created_timestamp&quot;:&quot;1468415973&quot;,&quot;copyright&quot;:&quot;&quot;,&quot;focal_length&quot;:&quot;0&quot;,&quot;iso&quot;:&quot;0&quot;,&quot;shutter_speed&quot;:&quot;0&quot;,&quot;title&quot;:&quot;&quot;,&quot;orientation&quot;:&quot;1&quot;}\" data-image-title=\"Embarcacion Puerto BLOG 2016 11\" data-image-description=\"\" data-medium-file=\"http:\/\/desireemartinphoto.com\/blog\/wp-content\/uploads\/2016\/07\/Embarcacion-Puerto-BLOG-2016-11-212x300.jpg\" data-large-file=\"http:\/\/desireemartinphoto.com\/blog\/wp-content\/uploads\/2016\/07\/Embarcacion-Puerto-BLOG-2016-11.jpg\" loading=\"lazy\" src=\"http:\/\/desireemartinphoto.com\/blog\/wp-content\/uploads\/2016\/07\/Embarcacion-Puerto-BLOG-2016-11.jpg\" alt=\"Embarcacion Puerto BLOG 2016 11\" width=\"550\" height=\"778\" class=\"alignleft size-full wp-image-4550\" srcset=\"http:\/\/desireemartinphoto.com\/blog\/wp-content\/uploads\/2016\/07\/Embarcacion-Puerto-BLOG-2016-11.jpg 550w, http:\/\/desireemartinphoto.com\/blog\/wp-content\/uploads\/2016\/07\/Embarcacion-Puerto-BLOG-2016-11-212x300.jpg 212w\" sizes=\"(max-width: 550px) 100vw, 550px\" \/><\/p>\n<p><img data-attachment-id=\"4551\" data-permalink=\"http:\/\/desireemartinphoto.com\/blog\/embarcacion-puerto-blog-2016-12\/\" data-orig-file=\"http:\/\/desireemartinphoto.com\/blog\/wp-content\/uploads\/2016\/07\/Embarcacion-Puerto-BLOG-2016-12.jpg\" data-orig-size=\"550,332\" data-comments-opened=\"1\" data-image-meta=\"{&quot;aperture&quot;:&quot;0&quot;,&quot;credit&quot;:&quot;&quot;,&quot;camera&quot;:&quot;&quot;,&quot;caption&quot;:&quot;&quot;,&quot;created_timestamp&quot;:&quot;1468416146&quot;,&quot;copyright&quot;:&quot;&quot;,&quot;focal_length&quot;:&quot;0&quot;,&quot;iso&quot;:&quot;0&quot;,&quot;shutter_speed&quot;:&quot;0&quot;,&quot;title&quot;:&quot;&quot;,&quot;orientation&quot;:&quot;1&quot;}\" data-image-title=\"Embarcacion Puerto BLOG 2016 12\" data-image-description=\"\" data-medium-file=\"http:\/\/desireemartinphoto.com\/blog\/wp-content\/uploads\/2016\/07\/Embarcacion-Puerto-BLOG-2016-12-300x181.jpg\" data-large-file=\"http:\/\/desireemartinphoto.com\/blog\/wp-content\/uploads\/2016\/07\/Embarcacion-Puerto-BLOG-2016-12.jpg\" loading=\"lazy\" src=\"http:\/\/desireemartinphoto.com\/blog\/wp-content\/uploads\/2016\/07\/Embarcacion-Puerto-BLOG-2016-12.jpg\" alt=\"Embarcacion Puerto BLOG 2016 12\" width=\"550\" height=\"332\" class=\"alignleft size-full wp-image-4551\" srcset=\"http:\/\/desireemartinphoto.com\/blog\/wp-content\/uploads\/2016\/07\/Embarcacion-Puerto-BLOG-2016-12.jpg 550w, http:\/\/desireemartinphoto.com\/blog\/wp-content\/uploads\/2016\/07\/Embarcacion-Puerto-BLOG-2016-12-300x181.jpg 300w\" sizes=\"(max-width: 550px) 100vw, 550px\" \/><\/p>\n<p><img data-attachment-id=\"4552\" data-permalink=\"http:\/\/desireemartinphoto.com\/blog\/embarcacion-puerto-blog-2016-13\/\" data-orig-file=\"http:\/\/desireemartinphoto.com\/blog\/wp-content\/uploads\/2016\/07\/Embarcacion-Puerto-BLOG-2016-13.jpg\" data-orig-size=\"550,357\" data-comments-opened=\"1\" data-image-meta=\"{&quot;aperture&quot;:&quot;0&quot;,&quot;credit&quot;:&quot;&quot;,&quot;camera&quot;:&quot;&quot;,&quot;caption&quot;:&quot;&quot;,&quot;created_timestamp&quot;:&quot;1468403180&quot;,&quot;copyright&quot;:&quot;&quot;,&quot;focal_length&quot;:&quot;0&quot;,&quot;iso&quot;:&quot;0&quot;,&quot;shutter_speed&quot;:&quot;0&quot;,&quot;title&quot;:&quot;&quot;,&quot;orientation&quot;:&quot;1&quot;}\" data-image-title=\"Embarcacion Puerto BLOG 2016 13\" data-image-description=\"\" data-medium-file=\"http:\/\/desireemartinphoto.com\/blog\/wp-content\/uploads\/2016\/07\/Embarcacion-Puerto-BLOG-2016-13-300x195.jpg\" data-large-file=\"http:\/\/desireemartinphoto.com\/blog\/wp-content\/uploads\/2016\/07\/Embarcacion-Puerto-BLOG-2016-13.jpg\" loading=\"lazy\" src=\"http:\/\/desireemartinphoto.com\/blog\/wp-content\/uploads\/2016\/07\/Embarcacion-Puerto-BLOG-2016-13.jpg\" alt=\"Embarcacion Puerto BLOG 2016 13\" width=\"550\" height=\"357\" class=\"alignleft size-full wp-image-4552\" srcset=\"http:\/\/desireemartinphoto.com\/blog\/wp-content\/uploads\/2016\/07\/Embarcacion-Puerto-BLOG-2016-13.jpg 550w, http:\/\/desireemartinphoto.com\/blog\/wp-content\/uploads\/2016\/07\/Embarcacion-Puerto-BLOG-2016-13-300x195.jpg 300w\" sizes=\"(max-width: 550px) 100vw, 550px\" \/><\/p>\n<p><img data-attachment-id=\"4553\" data-permalink=\"http:\/\/desireemartinphoto.com\/blog\/embarcacion-puerto-blog-2016-14\/\" data-orig-file=\"http:\/\/desireemartinphoto.com\/blog\/wp-content\/uploads\/2016\/07\/Embarcacion-Puerto-BLOG-2016-14.jpg\" data-orig-size=\"550,276\" data-comments-opened=\"1\" data-image-meta=\"{&quot;aperture&quot;:&quot;0&quot;,&quot;credit&quot;:&quot;&quot;,&quot;camera&quot;:&quot;&quot;,&quot;caption&quot;:&quot;&quot;,&quot;created_timestamp&quot;:&quot;1468416142&quot;,&quot;copyright&quot;:&quot;&quot;,&quot;focal_length&quot;:&quot;0&quot;,&quot;iso&quot;:&quot;0&quot;,&quot;shutter_speed&quot;:&quot;0&quot;,&quot;title&quot;:&quot;&quot;,&quot;orientation&quot;:&quot;1&quot;}\" data-image-title=\"Embarcacion Puerto BLOG 2016 14\" data-image-description=\"\" data-medium-file=\"http:\/\/desireemartinphoto.com\/blog\/wp-content\/uploads\/2016\/07\/Embarcacion-Puerto-BLOG-2016-14-300x151.jpg\" data-large-file=\"http:\/\/desireemartinphoto.com\/blog\/wp-content\/uploads\/2016\/07\/Embarcacion-Puerto-BLOG-2016-14.jpg\" loading=\"lazy\" src=\"http:\/\/desireemartinphoto.com\/blog\/wp-content\/uploads\/2016\/07\/Embarcacion-Puerto-BLOG-2016-14.jpg\" alt=\"Embarcacion Puerto BLOG 2016 14\" width=\"550\" height=\"276\" class=\"alignleft size-full wp-image-4553\" srcset=\"http:\/\/desireemartinphoto.com\/blog\/wp-content\/uploads\/2016\/07\/Embarcacion-Puerto-BLOG-2016-14.jpg 550w, http:\/\/desireemartinphoto.com\/blog\/wp-content\/uploads\/2016\/07\/Embarcacion-Puerto-BLOG-2016-14-300x151.jpg 300w\" sizes=\"(max-width: 550px) 100vw, 550px\" \/><\/p>\n<p><img data-attachment-id=\"4554\" data-permalink=\"http:\/\/desireemartinphoto.com\/blog\/embarcacion-puerto-blog-2016-15\/\" data-orig-file=\"http:\/\/desireemartinphoto.com\/blog\/wp-content\/uploads\/2016\/07\/Embarcacion-Puerto-BLOG-2016-15.jpg\" data-orig-size=\"550,313\" data-comments-opened=\"1\" data-image-meta=\"{&quot;aperture&quot;:&quot;0&quot;,&quot;credit&quot;:&quot;&quot;,&quot;camera&quot;:&quot;&quot;,&quot;caption&quot;:&quot;&quot;,&quot;created_timestamp&quot;:&quot;1468416169&quot;,&quot;copyright&quot;:&quot;&quot;,&quot;focal_length&quot;:&quot;0&quot;,&quot;iso&quot;:&quot;0&quot;,&quot;shutter_speed&quot;:&quot;0&quot;,&quot;title&quot;:&quot;&quot;,&quot;orientation&quot;:&quot;1&quot;}\" data-image-title=\"Embarcacion Puerto BLOG 2016 15\" data-image-description=\"\" data-medium-file=\"http:\/\/desireemartinphoto.com\/blog\/wp-content\/uploads\/2016\/07\/Embarcacion-Puerto-BLOG-2016-15-300x171.jpg\" data-large-file=\"http:\/\/desireemartinphoto.com\/blog\/wp-content\/uploads\/2016\/07\/Embarcacion-Puerto-BLOG-2016-15.jpg\" loading=\"lazy\" src=\"http:\/\/desireemartinphoto.com\/blog\/wp-content\/uploads\/2016\/07\/Embarcacion-Puerto-BLOG-2016-15.jpg\" alt=\"Embarcacion Puerto BLOG 2016 15\" width=\"550\" height=\"313\" class=\"alignleft size-full wp-image-4554\" srcset=\"http:\/\/desireemartinphoto.com\/blog\/wp-content\/uploads\/2016\/07\/Embarcacion-Puerto-BLOG-2016-15.jpg 550w, http:\/\/desireemartinphoto.com\/blog\/wp-content\/uploads\/2016\/07\/Embarcacion-Puerto-BLOG-2016-15-300x171.jpg 300w\" sizes=\"(max-width: 550px) 100vw, 550px\" \/><\/p>\n<p><img data-attachment-id=\"4555\" data-permalink=\"http:\/\/desireemartinphoto.com\/blog\/embarcacion-puerto-blog-2016-16\/\" data-orig-file=\"http:\/\/desireemartinphoto.com\/blog\/wp-content\/uploads\/2016\/07\/Embarcacion-Puerto-BLOG-2016-16.jpg\" data-orig-size=\"550,270\" data-comments-opened=\"1\" data-image-meta=\"{&quot;aperture&quot;:&quot;0&quot;,&quot;credit&quot;:&quot;&quot;,&quot;camera&quot;:&quot;&quot;,&quot;caption&quot;:&quot;&quot;,&quot;created_timestamp&quot;:&quot;1468416183&quot;,&quot;copyright&quot;:&quot;&quot;,&quot;focal_length&quot;:&quot;0&quot;,&quot;iso&quot;:&quot;0&quot;,&quot;shutter_speed&quot;:&quot;0&quot;,&quot;title&quot;:&quot;&quot;,&quot;orientation&quot;:&quot;1&quot;}\" data-image-title=\"Embarcacion Puerto BLOG 2016 16\" data-image-description=\"\" data-medium-file=\"http:\/\/desireemartinphoto.com\/blog\/wp-content\/uploads\/2016\/07\/Embarcacion-Puerto-BLOG-2016-16-300x147.jpg\" data-large-file=\"http:\/\/desireemartinphoto.com\/blog\/wp-content\/uploads\/2016\/07\/Embarcacion-Puerto-BLOG-2016-16.jpg\" loading=\"lazy\" src=\"http:\/\/desireemartinphoto.com\/blog\/wp-content\/uploads\/2016\/07\/Embarcacion-Puerto-BLOG-2016-16.jpg\" alt=\"Embarcacion Puerto BLOG 2016 16\" width=\"550\" height=\"270\" class=\"alignleft size-full wp-image-4555\" srcset=\"http:\/\/desireemartinphoto.com\/blog\/wp-content\/uploads\/2016\/07\/Embarcacion-Puerto-BLOG-2016-16.jpg 550w, http:\/\/desireemartinphoto.com\/blog\/wp-content\/uploads\/2016\/07\/Embarcacion-Puerto-BLOG-2016-16-300x147.jpg 300w\" sizes=\"(max-width: 550px) 100vw, 550px\" \/><\/p>\n<p><img data-attachment-id=\"4556\" data-permalink=\"http:\/\/desireemartinphoto.com\/blog\/embarcacion-puerto-blog-2016-17\/\" data-orig-file=\"http:\/\/desireemartinphoto.com\/blog\/wp-content\/uploads\/2016\/07\/Embarcacion-Puerto-BLOG-2016-17.jpg\" data-orig-size=\"550,367\" data-comments-opened=\"1\" data-image-meta=\"{&quot;aperture&quot;:&quot;0&quot;,&quot;credit&quot;:&quot;&quot;,&quot;camera&quot;:&quot;&quot;,&quot;caption&quot;:&quot;&quot;,&quot;created_timestamp&quot;:&quot;1468416003&quot;,&quot;copyright&quot;:&quot;&quot;,&quot;focal_length&quot;:&quot;0&quot;,&quot;iso&quot;:&quot;0&quot;,&quot;shutter_speed&quot;:&quot;0&quot;,&quot;title&quot;:&quot;&quot;,&quot;orientation&quot;:&quot;1&quot;}\" data-image-title=\"Embarcacion Puerto BLOG 2016 17\" data-image-description=\"\" data-medium-file=\"http:\/\/desireemartinphoto.com\/blog\/wp-content\/uploads\/2016\/07\/Embarcacion-Puerto-BLOG-2016-17-300x200.jpg\" data-large-file=\"http:\/\/desireemartinphoto.com\/blog\/wp-content\/uploads\/2016\/07\/Embarcacion-Puerto-BLOG-2016-17.jpg\" loading=\"lazy\" src=\"http:\/\/desireemartinphoto.com\/blog\/wp-content\/uploads\/2016\/07\/Embarcacion-Puerto-BLOG-2016-17.jpg\" alt=\"Embarcacion Puerto BLOG 2016 17\" width=\"550\" height=\"367\" class=\"alignleft size-full wp-image-4556\" srcset=\"http:\/\/desireemartinphoto.com\/blog\/wp-content\/uploads\/2016\/07\/Embarcacion-Puerto-BLOG-2016-17.jpg 550w, http:\/\/desireemartinphoto.com\/blog\/wp-content\/uploads\/2016\/07\/Embarcacion-Puerto-BLOG-2016-17-300x200.jpg 300w\" sizes=\"(max-width: 550px) 100vw, 550px\" \/><\/p>\n<p><img data-attachment-id=\"4557\" data-permalink=\"http:\/\/desireemartinphoto.com\/blog\/embarcacion-puerto-blog-2016-18\/\" data-orig-file=\"http:\/\/desireemartinphoto.com\/blog\/wp-content\/uploads\/2016\/07\/Embarcacion-Puerto-BLOG-2016-18.jpg\" data-orig-size=\"550,367\" data-comments-opened=\"1\" data-image-meta=\"{&quot;aperture&quot;:&quot;0&quot;,&quot;credit&quot;:&quot;&quot;,&quot;camera&quot;:&quot;&quot;,&quot;caption&quot;:&quot;&quot;,&quot;created_timestamp&quot;:&quot;1468415985&quot;,&quot;copyright&quot;:&quot;&quot;,&quot;focal_length&quot;:&quot;0&quot;,&quot;iso&quot;:&quot;0&quot;,&quot;shutter_speed&quot;:&quot;0&quot;,&quot;title&quot;:&quot;&quot;,&quot;orientation&quot;:&quot;1&quot;}\" data-image-title=\"Embarcacion Puerto BLOG 2016 18\" data-image-description=\"\" data-medium-file=\"http:\/\/desireemartinphoto.com\/blog\/wp-content\/uploads\/2016\/07\/Embarcacion-Puerto-BLOG-2016-18-300x200.jpg\" data-large-file=\"http:\/\/desireemartinphoto.com\/blog\/wp-content\/uploads\/2016\/07\/Embarcacion-Puerto-BLOG-2016-18.jpg\" loading=\"lazy\" src=\"http:\/\/desireemartinphoto.com\/blog\/wp-content\/uploads\/2016\/07\/Embarcacion-Puerto-BLOG-2016-18.jpg\" alt=\"Embarcacion Puerto BLOG 2016 18\" width=\"550\" height=\"367\" class=\"alignleft size-full wp-image-4557\" srcset=\"http:\/\/desireemartinphoto.com\/blog\/wp-content\/uploads\/2016\/07\/Embarcacion-Puerto-BLOG-2016-18.jpg 550w, http:\/\/desireemartinphoto.com\/blog\/wp-content\/uploads\/2016\/07\/Embarcacion-Puerto-BLOG-2016-18-300x200.jpg 300w\" sizes=\"(max-width: 550px) 100vw, 550px\" \/><\/p>\n<p><img data-attachment-id=\"4558\" data-permalink=\"http:\/\/desireemartinphoto.com\/blog\/embarcacion-puerto-blog-2016-19\/\" data-orig-file=\"http:\/\/desireemartinphoto.com\/blog\/wp-content\/uploads\/2016\/07\/Embarcacion-Puerto-BLOG-2016-19.jpg\" data-orig-size=\"550,825\" data-comments-opened=\"1\" data-image-meta=\"{&quot;aperture&quot;:&quot;0&quot;,&quot;credit&quot;:&quot;&quot;,&quot;camera&quot;:&quot;&quot;,&quot;caption&quot;:&quot;&quot;,&quot;created_timestamp&quot;:&quot;1468416020&quot;,&quot;copyright&quot;:&quot;&quot;,&quot;focal_length&quot;:&quot;0&quot;,&quot;iso&quot;:&quot;0&quot;,&quot;shutter_speed&quot;:&quot;0&quot;,&quot;title&quot;:&quot;&quot;,&quot;orientation&quot;:&quot;1&quot;}\" data-image-title=\"Embarcacion Puerto BLOG 2016 19\" data-image-description=\"\" data-medium-file=\"http:\/\/desireemartinphoto.com\/blog\/wp-content\/uploads\/2016\/07\/Embarcacion-Puerto-BLOG-2016-19-200x300.jpg\" data-large-file=\"http:\/\/desireemartinphoto.com\/blog\/wp-content\/uploads\/2016\/07\/Embarcacion-Puerto-BLOG-2016-19.jpg\" loading=\"lazy\" src=\"http:\/\/desireemartinphoto.com\/blog\/wp-content\/uploads\/2016\/07\/Embarcacion-Puerto-BLOG-2016-19.jpg\" alt=\"Embarcacion Puerto BLOG 2016 19\" width=\"550\" height=\"825\" class=\"alignleft size-full wp-image-4558\" srcset=\"http:\/\/desireemartinphoto.com\/blog\/wp-content\/uploads\/2016\/07\/Embarcacion-Puerto-BLOG-2016-19.jpg 550w, http:\/\/desireemartinphoto.com\/blog\/wp-content\/uploads\/2016\/07\/Embarcacion-Puerto-BLOG-2016-19-200x300.jpg 200w\" sizes=\"(max-width: 550px) 100vw, 550px\" \/><\/p>\n<p><img data-attachment-id=\"4559\" data-permalink=\"http:\/\/desireemartinphoto.com\/blog\/embarcacion-puerto-blog-2016-20\/\" data-orig-file=\"http:\/\/desireemartinphoto.com\/blog\/wp-content\/uploads\/2016\/07\/Embarcacion-Puerto-BLOG-2016-20.jpg\" data-orig-size=\"550,517\" data-comments-opened=\"1\" data-image-meta=\"{&quot;aperture&quot;:&quot;0&quot;,&quot;credit&quot;:&quot;&quot;,&quot;camera&quot;:&quot;&quot;,&quot;caption&quot;:&quot;&quot;,&quot;created_timestamp&quot;:&quot;1468403091&quot;,&quot;copyright&quot;:&quot;&quot;,&quot;focal_length&quot;:&quot;0&quot;,&quot;iso&quot;:&quot;0&quot;,&quot;shutter_speed&quot;:&quot;0&quot;,&quot;title&quot;:&quot;&quot;,&quot;orientation&quot;:&quot;1&quot;}\" data-image-title=\"Embarcacion Puerto BLOG 2016 20\" data-image-description=\"\" data-medium-file=\"http:\/\/desireemartinphoto.com\/blog\/wp-content\/uploads\/2016\/07\/Embarcacion-Puerto-BLOG-2016-20-300x282.jpg\" data-large-file=\"http:\/\/desireemartinphoto.com\/blog\/wp-content\/uploads\/2016\/07\/Embarcacion-Puerto-BLOG-2016-20.jpg\" loading=\"lazy\" src=\"http:\/\/desireemartinphoto.com\/blog\/wp-content\/uploads\/2016\/07\/Embarcacion-Puerto-BLOG-2016-20.jpg\" alt=\"Embarcacion Puerto BLOG 2016 20\" width=\"550\" height=\"517\" class=\"alignleft size-full wp-image-4559\" srcset=\"http:\/\/desireemartinphoto.com\/blog\/wp-content\/uploads\/2016\/07\/Embarcacion-Puerto-BLOG-2016-20.jpg 550w, http:\/\/desireemartinphoto.com\/blog\/wp-content\/uploads\/2016\/07\/Embarcacion-Puerto-BLOG-2016-20-300x282.jpg 300w\" sizes=\"(max-width: 550px) 100vw, 550px\" \/><\/p>\n<p><img data-attachment-id=\"4560\" data-permalink=\"http:\/\/desireemartinphoto.com\/blog\/embarcacion-puerto-blog-2016-21\/\" data-orig-file=\"http:\/\/desireemartinphoto.com\/blog\/wp-content\/uploads\/2016\/07\/Embarcacion-Puerto-BLOG-2016-21.jpg\" data-orig-size=\"550,367\" data-comments-opened=\"1\" data-image-meta=\"{&quot;aperture&quot;:&quot;0&quot;,&quot;credit&quot;:&quot;&quot;,&quot;camera&quot;:&quot;&quot;,&quot;caption&quot;:&quot;&quot;,&quot;created_timestamp&quot;:&quot;1468416011&quot;,&quot;copyright&quot;:&quot;&quot;,&quot;focal_length&quot;:&quot;0&quot;,&quot;iso&quot;:&quot;0&quot;,&quot;shutter_speed&quot;:&quot;0&quot;,&quot;title&quot;:&quot;&quot;,&quot;orientation&quot;:&quot;1&quot;}\" data-image-title=\"Embarcacion Puerto BLOG 2016 21\" data-image-description=\"\" data-medium-file=\"http:\/\/desireemartinphoto.com\/blog\/wp-content\/uploads\/2016\/07\/Embarcacion-Puerto-BLOG-2016-21-300x200.jpg\" data-large-file=\"http:\/\/desireemartinphoto.com\/blog\/wp-content\/uploads\/2016\/07\/Embarcacion-Puerto-BLOG-2016-21.jpg\" loading=\"lazy\" src=\"http:\/\/desireemartinphoto.com\/blog\/wp-content\/uploads\/2016\/07\/Embarcacion-Puerto-BLOG-2016-21.jpg\" alt=\"Embarcacion Puerto BLOG 2016 21\" width=\"550\" height=\"367\" class=\"alignleft size-full wp-image-4560\" srcset=\"http:\/\/desireemartinphoto.com\/blog\/wp-content\/uploads\/2016\/07\/Embarcacion-Puerto-BLOG-2016-21.jpg 550w, http:\/\/desireemartinphoto.com\/blog\/wp-content\/uploads\/2016\/07\/Embarcacion-Puerto-BLOG-2016-21-300x200.jpg 300w\" sizes=\"(max-width: 550px) 100vw, 550px\" \/><\/p>\n<p>Una decena de hombre tiran de un gran cabo y acercan la embarcaci\u00f3n a la playa y ..<\/p>\n<p><img data-attachment-id=\"4561\" data-permalink=\"http:\/\/desireemartinphoto.com\/blog\/embarcacion-puerto-blog-2016-22\/\" data-orig-file=\"http:\/\/desireemartinphoto.com\/blog\/wp-content\/uploads\/2016\/07\/Embarcacion-Puerto-BLOG-2016-22.jpg\" data-orig-size=\"550,367\" data-comments-opened=\"1\" data-image-meta=\"{&quot;aperture&quot;:&quot;0&quot;,&quot;credit&quot;:&quot;&quot;,&quot;camera&quot;:&quot;&quot;,&quot;caption&quot;:&quot;&quot;,&quot;created_timestamp&quot;:&quot;1468403110&quot;,&quot;copyright&quot;:&quot;&quot;,&quot;focal_length&quot;:&quot;0&quot;,&quot;iso&quot;:&quot;0&quot;,&quot;shutter_speed&quot;:&quot;0&quot;,&quot;title&quot;:&quot;&quot;,&quot;orientation&quot;:&quot;1&quot;}\" data-image-title=\"Embarcacion Puerto BLOG 2016 22\" data-image-description=\"\" data-medium-file=\"http:\/\/desireemartinphoto.com\/blog\/wp-content\/uploads\/2016\/07\/Embarcacion-Puerto-BLOG-2016-22-300x200.jpg\" data-large-file=\"http:\/\/desireemartinphoto.com\/blog\/wp-content\/uploads\/2016\/07\/Embarcacion-Puerto-BLOG-2016-22.jpg\" loading=\"lazy\" src=\"http:\/\/desireemartinphoto.com\/blog\/wp-content\/uploads\/2016\/07\/Embarcacion-Puerto-BLOG-2016-22.jpg\" alt=\"Embarcacion Puerto BLOG 2016 22\" width=\"550\" height=\"367\" class=\"alignleft size-full wp-image-4561\" srcset=\"http:\/\/desireemartinphoto.com\/blog\/wp-content\/uploads\/2016\/07\/Embarcacion-Puerto-BLOG-2016-22.jpg 550w, http:\/\/desireemartinphoto.com\/blog\/wp-content\/uploads\/2016\/07\/Embarcacion-Puerto-BLOG-2016-22-300x200.jpg 300w\" sizes=\"(max-width: 550px) 100vw, 550px\" \/><\/p>\n<p><img data-attachment-id=\"4562\" data-permalink=\"http:\/\/desireemartinphoto.com\/blog\/embarcacion-puerto-blog-2016-23\/\" data-orig-file=\"http:\/\/desireemartinphoto.com\/blog\/wp-content\/uploads\/2016\/07\/Embarcacion-Puerto-BLOG-2016-23.jpg\" data-orig-size=\"550,341\" data-comments-opened=\"1\" data-image-meta=\"{&quot;aperture&quot;:&quot;0&quot;,&quot;credit&quot;:&quot;&quot;,&quot;camera&quot;:&quot;&quot;,&quot;caption&quot;:&quot;&quot;,&quot;created_timestamp&quot;:&quot;1468403103&quot;,&quot;copyright&quot;:&quot;&quot;,&quot;focal_length&quot;:&quot;0&quot;,&quot;iso&quot;:&quot;0&quot;,&quot;shutter_speed&quot;:&quot;0&quot;,&quot;title&quot;:&quot;&quot;,&quot;orientation&quot;:&quot;1&quot;}\" data-image-title=\"Embarcacion Puerto BLOG 2016 23\" data-image-description=\"\" data-medium-file=\"http:\/\/desireemartinphoto.com\/blog\/wp-content\/uploads\/2016\/07\/Embarcacion-Puerto-BLOG-2016-23-300x186.jpg\" data-large-file=\"http:\/\/desireemartinphoto.com\/blog\/wp-content\/uploads\/2016\/07\/Embarcacion-Puerto-BLOG-2016-23.jpg\" loading=\"lazy\" src=\"http:\/\/desireemartinphoto.com\/blog\/wp-content\/uploads\/2016\/07\/Embarcacion-Puerto-BLOG-2016-23.jpg\" alt=\"Embarcacion Puerto BLOG 2016 23\" width=\"550\" height=\"341\" class=\"alignleft size-full wp-image-4562\" srcset=\"http:\/\/desireemartinphoto.com\/blog\/wp-content\/uploads\/2016\/07\/Embarcacion-Puerto-BLOG-2016-23.jpg 550w, http:\/\/desireemartinphoto.com\/blog\/wp-content\/uploads\/2016\/07\/Embarcacion-Puerto-BLOG-2016-23-300x186.jpg 300w\" sizes=\"(max-width: 550px) 100vw, 550px\" \/><\/p>\n<p><img data-attachment-id=\"4563\" data-permalink=\"http:\/\/desireemartinphoto.com\/blog\/embarcacion-puerto-blog-2016-24\/\" data-orig-file=\"http:\/\/desireemartinphoto.com\/blog\/wp-content\/uploads\/2016\/07\/Embarcacion-Puerto-BLOG-2016-24.jpg\" data-orig-size=\"550,367\" data-comments-opened=\"1\" data-image-meta=\"{&quot;aperture&quot;:&quot;0&quot;,&quot;credit&quot;:&quot;&quot;,&quot;camera&quot;:&quot;&quot;,&quot;caption&quot;:&quot;&quot;,&quot;created_timestamp&quot;:&quot;1468416029&quot;,&quot;copyright&quot;:&quot;&quot;,&quot;focal_length&quot;:&quot;0&quot;,&quot;iso&quot;:&quot;0&quot;,&quot;shutter_speed&quot;:&quot;0&quot;,&quot;title&quot;:&quot;&quot;,&quot;orientation&quot;:&quot;1&quot;}\" data-image-title=\"Embarcacion Puerto BLOG 2016 24\" data-image-description=\"\" data-medium-file=\"http:\/\/desireemartinphoto.com\/blog\/wp-content\/uploads\/2016\/07\/Embarcacion-Puerto-BLOG-2016-24-300x200.jpg\" data-large-file=\"http:\/\/desireemartinphoto.com\/blog\/wp-content\/uploads\/2016\/07\/Embarcacion-Puerto-BLOG-2016-24.jpg\" loading=\"lazy\" src=\"http:\/\/desireemartinphoto.com\/blog\/wp-content\/uploads\/2016\/07\/Embarcacion-Puerto-BLOG-2016-24.jpg\" alt=\"Embarcacion Puerto BLOG 2016 24\" width=\"550\" height=\"367\" class=\"alignleft size-full wp-image-4563\" srcset=\"http:\/\/desireemartinphoto.com\/blog\/wp-content\/uploads\/2016\/07\/Embarcacion-Puerto-BLOG-2016-24.jpg 550w, http:\/\/desireemartinphoto.com\/blog\/wp-content\/uploads\/2016\/07\/Embarcacion-Puerto-BLOG-2016-24-300x200.jpg 300w\" sizes=\"(max-width: 550px) 100vw, 550px\" \/><\/p>\n<p><img data-attachment-id=\"4564\" data-permalink=\"http:\/\/desireemartinphoto.com\/blog\/embarcacion-puerto-blog-2016-25\/\" data-orig-file=\"http:\/\/desireemartinphoto.com\/blog\/wp-content\/uploads\/2016\/07\/Embarcacion-Puerto-BLOG-2016-25.jpg\" data-orig-size=\"700,467\" data-comments-opened=\"1\" data-image-meta=\"{&quot;aperture&quot;:&quot;0&quot;,&quot;credit&quot;:&quot;&quot;,&quot;camera&quot;:&quot;&quot;,&quot;caption&quot;:&quot;&quot;,&quot;created_timestamp&quot;:&quot;1468416064&quot;,&quot;copyright&quot;:&quot;&quot;,&quot;focal_length&quot;:&quot;0&quot;,&quot;iso&quot;:&quot;0&quot;,&quot;shutter_speed&quot;:&quot;0&quot;,&quot;title&quot;:&quot;&quot;,&quot;orientation&quot;:&quot;1&quot;}\" data-image-title=\"Embarcacion Puerto BLOG 2016 25\" data-image-description=\"\" data-medium-file=\"http:\/\/desireemartinphoto.com\/blog\/wp-content\/uploads\/2016\/07\/Embarcacion-Puerto-BLOG-2016-25-300x200.jpg\" data-large-file=\"http:\/\/desireemartinphoto.com\/blog\/wp-content\/uploads\/2016\/07\/Embarcacion-Puerto-BLOG-2016-25.jpg\" loading=\"lazy\" src=\"http:\/\/desireemartinphoto.com\/blog\/wp-content\/uploads\/2016\/07\/Embarcacion-Puerto-BLOG-2016-25.jpg\" alt=\"Embarcacion Puerto BLOG 2016 25\" width=\"700\" height=\"467\" class=\"alignleft size-full wp-image-4564\" srcset=\"http:\/\/desireemartinphoto.com\/blog\/wp-content\/uploads\/2016\/07\/Embarcacion-Puerto-BLOG-2016-25.jpg 700w, http:\/\/desireemartinphoto.com\/blog\/wp-content\/uploads\/2016\/07\/Embarcacion-Puerto-BLOG-2016-25-300x200.jpg 300w\" sizes=\"(max-width: 700px) 100vw, 700px\" \/><\/p>\n<p><img data-attachment-id=\"4565\" data-permalink=\"http:\/\/desireemartinphoto.com\/blog\/embarcacion-puerto-blog-2016-26\/\" data-orig-file=\"http:\/\/desireemartinphoto.com\/blog\/wp-content\/uploads\/2016\/07\/Embarcacion-Puerto-BLOG-2016-26.jpg\" data-orig-size=\"550,367\" data-comments-opened=\"1\" data-image-meta=\"{&quot;aperture&quot;:&quot;0&quot;,&quot;credit&quot;:&quot;&quot;,&quot;camera&quot;:&quot;&quot;,&quot;caption&quot;:&quot;&quot;,&quot;created_timestamp&quot;:&quot;1468403128&quot;,&quot;copyright&quot;:&quot;&quot;,&quot;focal_length&quot;:&quot;0&quot;,&quot;iso&quot;:&quot;0&quot;,&quot;shutter_speed&quot;:&quot;0&quot;,&quot;title&quot;:&quot;&quot;,&quot;orientation&quot;:&quot;1&quot;}\" data-image-title=\"Embarcacion Puerto BLOG 2016 26\" data-image-description=\"\" data-medium-file=\"http:\/\/desireemartinphoto.com\/blog\/wp-content\/uploads\/2016\/07\/Embarcacion-Puerto-BLOG-2016-26-300x200.jpg\" data-large-file=\"http:\/\/desireemartinphoto.com\/blog\/wp-content\/uploads\/2016\/07\/Embarcacion-Puerto-BLOG-2016-26.jpg\" loading=\"lazy\" src=\"http:\/\/desireemartinphoto.com\/blog\/wp-content\/uploads\/2016\/07\/Embarcacion-Puerto-BLOG-2016-26.jpg\" alt=\"Embarcacion Puerto BLOG 2016 26\" width=\"550\" height=\"367\" class=\"alignleft size-full wp-image-4565\" srcset=\"http:\/\/desireemartinphoto.com\/blog\/wp-content\/uploads\/2016\/07\/Embarcacion-Puerto-BLOG-2016-26.jpg 550w, http:\/\/desireemartinphoto.com\/blog\/wp-content\/uploads\/2016\/07\/Embarcacion-Puerto-BLOG-2016-26-300x200.jpg 300w\" sizes=\"(max-width: 550px) 100vw, 550px\" \/><\/p>\n<p><img data-attachment-id=\"4566\" data-permalink=\"http:\/\/desireemartinphoto.com\/blog\/embarcacion-puerto-blog-2016-27\/\" data-orig-file=\"http:\/\/desireemartinphoto.com\/blog\/wp-content\/uploads\/2016\/07\/Embarcacion-Puerto-BLOG-2016-27.jpg\" data-orig-size=\"550,367\" data-comments-opened=\"1\" data-image-meta=\"{&quot;aperture&quot;:&quot;0&quot;,&quot;credit&quot;:&quot;&quot;,&quot;camera&quot;:&quot;&quot;,&quot;caption&quot;:&quot;&quot;,&quot;created_timestamp&quot;:&quot;1468416138&quot;,&quot;copyright&quot;:&quot;&quot;,&quot;focal_length&quot;:&quot;0&quot;,&quot;iso&quot;:&quot;0&quot;,&quot;shutter_speed&quot;:&quot;0&quot;,&quot;title&quot;:&quot;&quot;,&quot;orientation&quot;:&quot;1&quot;}\" data-image-title=\"Embarcacion Puerto BLOG 2016 27\" data-image-description=\"\" data-medium-file=\"http:\/\/desireemartinphoto.com\/blog\/wp-content\/uploads\/2016\/07\/Embarcacion-Puerto-BLOG-2016-27-300x200.jpg\" data-large-file=\"http:\/\/desireemartinphoto.com\/blog\/wp-content\/uploads\/2016\/07\/Embarcacion-Puerto-BLOG-2016-27.jpg\" loading=\"lazy\" src=\"http:\/\/desireemartinphoto.com\/blog\/wp-content\/uploads\/2016\/07\/Embarcacion-Puerto-BLOG-2016-27.jpg\" alt=\"Embarcacion Puerto BLOG 2016 27\" width=\"550\" height=\"367\" class=\"alignleft size-full wp-image-4566\" srcset=\"http:\/\/desireemartinphoto.com\/blog\/wp-content\/uploads\/2016\/07\/Embarcacion-Puerto-BLOG-2016-27.jpg 550w, http:\/\/desireemartinphoto.com\/blog\/wp-content\/uploads\/2016\/07\/Embarcacion-Puerto-BLOG-2016-27-300x200.jpg 300w\" sizes=\"(max-width: 550px) 100vw, 550px\" \/><\/p>\n<p><img data-attachment-id=\"4567\" data-permalink=\"http:\/\/desireemartinphoto.com\/blog\/embarcacion-puerto-blog-2016-28\/\" data-orig-file=\"http:\/\/desireemartinphoto.com\/blog\/wp-content\/uploads\/2016\/07\/Embarcacion-Puerto-BLOG-2016-28.jpg\" data-orig-size=\"550,367\" data-comments-opened=\"1\" data-image-meta=\"{&quot;aperture&quot;:&quot;0&quot;,&quot;credit&quot;:&quot;&quot;,&quot;camera&quot;:&quot;&quot;,&quot;caption&quot;:&quot;&quot;,&quot;created_timestamp&quot;:&quot;1468416114&quot;,&quot;copyright&quot;:&quot;&quot;,&quot;focal_length&quot;:&quot;0&quot;,&quot;iso&quot;:&quot;0&quot;,&quot;shutter_speed&quot;:&quot;0&quot;,&quot;title&quot;:&quot;&quot;,&quot;orientation&quot;:&quot;1&quot;}\" data-image-title=\"Embarcacion Puerto BLOG 2016 28\" data-image-description=\"\" data-medium-file=\"http:\/\/desireemartinphoto.com\/blog\/wp-content\/uploads\/2016\/07\/Embarcacion-Puerto-BLOG-2016-28-300x200.jpg\" data-large-file=\"http:\/\/desireemartinphoto.com\/blog\/wp-content\/uploads\/2016\/07\/Embarcacion-Puerto-BLOG-2016-28.jpg\" loading=\"lazy\" src=\"http:\/\/desireemartinphoto.com\/blog\/wp-content\/uploads\/2016\/07\/Embarcacion-Puerto-BLOG-2016-28.jpg\" alt=\"Embarcacion Puerto BLOG 2016 28\" width=\"550\" height=\"367\" class=\"alignleft size-full wp-image-4567\" srcset=\"http:\/\/desireemartinphoto.com\/blog\/wp-content\/uploads\/2016\/07\/Embarcacion-Puerto-BLOG-2016-28.jpg 550w, http:\/\/desireemartinphoto.com\/blog\/wp-content\/uploads\/2016\/07\/Embarcacion-Puerto-BLOG-2016-28-300x200.jpg 300w\" sizes=\"(max-width: 550px) 100vw, 550px\" \/><\/p>\n<p><img data-attachment-id=\"4568\" data-permalink=\"http:\/\/desireemartinphoto.com\/blog\/embarcacion-puerto-blog-2016-29\/\" data-orig-file=\"http:\/\/desireemartinphoto.com\/blog\/wp-content\/uploads\/2016\/07\/Embarcacion-Puerto-BLOG-2016-29.jpg\" data-orig-size=\"550,367\" data-comments-opened=\"1\" data-image-meta=\"{&quot;aperture&quot;:&quot;0&quot;,&quot;credit&quot;:&quot;&quot;,&quot;camera&quot;:&quot;&quot;,&quot;caption&quot;:&quot;&quot;,&quot;created_timestamp&quot;:&quot;1468416188&quot;,&quot;copyright&quot;:&quot;&quot;,&quot;focal_length&quot;:&quot;0&quot;,&quot;iso&quot;:&quot;0&quot;,&quot;shutter_speed&quot;:&quot;0&quot;,&quot;title&quot;:&quot;&quot;,&quot;orientation&quot;:&quot;1&quot;}\" data-image-title=\"Embarcacion Puerto BLOG 2016 29\" data-image-description=\"\" data-medium-file=\"http:\/\/desireemartinphoto.com\/blog\/wp-content\/uploads\/2016\/07\/Embarcacion-Puerto-BLOG-2016-29-300x200.jpg\" data-large-file=\"http:\/\/desireemartinphoto.com\/blog\/wp-content\/uploads\/2016\/07\/Embarcacion-Puerto-BLOG-2016-29.jpg\" loading=\"lazy\" src=\"http:\/\/desireemartinphoto.com\/blog\/wp-content\/uploads\/2016\/07\/Embarcacion-Puerto-BLOG-2016-29.jpg\" alt=\"Embarcacion Puerto BLOG 2016 29\" width=\"550\" height=\"367\" class=\"alignleft size-full wp-image-4568\" srcset=\"http:\/\/desireemartinphoto.com\/blog\/wp-content\/uploads\/2016\/07\/Embarcacion-Puerto-BLOG-2016-29.jpg 550w, http:\/\/desireemartinphoto.com\/blog\/wp-content\/uploads\/2016\/07\/Embarcacion-Puerto-BLOG-2016-29-300x200.jpg 300w\" sizes=\"(max-width: 550px) 100vw, 550px\" \/><\/p>\n<p><img data-attachment-id=\"4569\" data-permalink=\"http:\/\/desireemartinphoto.com\/blog\/embarcacion-puerto-blog-2016-30\/\" data-orig-file=\"http:\/\/desireemartinphoto.com\/blog\/wp-content\/uploads\/2016\/07\/Embarcacion-Puerto-BLOG-2016-30.jpg\" data-orig-size=\"550,367\" data-comments-opened=\"1\" data-image-meta=\"{&quot;aperture&quot;:&quot;0&quot;,&quot;credit&quot;:&quot;&quot;,&quot;camera&quot;:&quot;&quot;,&quot;caption&quot;:&quot;&quot;,&quot;created_timestamp&quot;:&quot;1468416131&quot;,&quot;copyright&quot;:&quot;&quot;,&quot;focal_length&quot;:&quot;0&quot;,&quot;iso&quot;:&quot;0&quot;,&quot;shutter_speed&quot;:&quot;0&quot;,&quot;title&quot;:&quot;&quot;,&quot;orientation&quot;:&quot;1&quot;}\" data-image-title=\"Embarcacion Puerto BLOG 2016 30\" data-image-description=\"\" data-medium-file=\"http:\/\/desireemartinphoto.com\/blog\/wp-content\/uploads\/2016\/07\/Embarcacion-Puerto-BLOG-2016-30-300x200.jpg\" data-large-file=\"http:\/\/desireemartinphoto.com\/blog\/wp-content\/uploads\/2016\/07\/Embarcacion-Puerto-BLOG-2016-30.jpg\" loading=\"lazy\" src=\"http:\/\/desireemartinphoto.com\/blog\/wp-content\/uploads\/2016\/07\/Embarcacion-Puerto-BLOG-2016-30.jpg\" alt=\"Embarcacion Puerto BLOG 2016 30\" width=\"550\" height=\"367\" class=\"alignleft size-full wp-image-4569\" srcset=\"http:\/\/desireemartinphoto.com\/blog\/wp-content\/uploads\/2016\/07\/Embarcacion-Puerto-BLOG-2016-30.jpg 550w, http:\/\/desireemartinphoto.com\/blog\/wp-content\/uploads\/2016\/07\/Embarcacion-Puerto-BLOG-2016-30-300x200.jpg 300w\" sizes=\"(max-width: 550px) 100vw, 550px\" \/><\/p>\n<p>No tengo palabras suficientes para agradecer a los responsables de la Nueva San Ram\u00f3n y a los <a href=\"http:\/\/desireemartinphoto.com\/blog\/donde-me-he-metido\/\" target=\"_blank\">Costaleros de la Virgen del Carmen<\/a> la ayuda que me prestaron. <\/p>\n<p>Ojal\u00e1 lean este post y les llegue. GRACIAS!!<\/p>\n<p>Igualmente, a cada una de las personas que me permitieron pasar y moverme a pesar del poco espacio que ten\u00edamos.<\/p>\n<div class=\"sharedaddy sd-sharing-enabled\"><div class=\"robots-nocontent sd-block sd-social sd-social-icon-text sd-sharing\"><h3 class=\"sd-title\">COMPARTE ESTO:<\/h3><div class=\"sd-content\"><ul><li class=\"share-facebook\"><a rel=\"nofollow noopener noreferrer\" data-shared=\"sharing-facebook-4539\" class=\"share-facebook sd-button share-icon\" href=\"http:\/\/desireemartinphoto.com\/blog\/embarcacion-de-la-virgen-del-carmen-puerto-de-la-cruz-2016\/?share=facebook\" target=\"_blank\" title=\"Haz clic para compartir en Facebook\"><span>Facebook<\/span><\/a><\/li><li class=\"share-twitter\"><a rel=\"nofollow noopener noreferrer\" data-shared=\"sharing-twitter-4539\" class=\"share-twitter sd-button share-icon\" href=\"http:\/\/desireemartinphoto.com\/blog\/embarcacion-de-la-virgen-del-carmen-puerto-de-la-cruz-2016\/?share=twitter\" target=\"_blank\" title=\"Haz clic para compartir en Twitter\"><span>Twitter<\/span><\/a><\/li><li class=\"share-email\"><a rel=\"nofollow noopener noreferrer\" data-shared=\"\" class=\"share-email sd-button share-icon\" href=\"http:\/\/desireemartinphoto.com\/blog\/embarcacion-de-la-virgen-del-carmen-puerto-de-la-cruz-2016\/?share=email\" target=\"_blank\" title=\"Haz clic para enviar por correo electr\u00f3nico a un amigo\"><span>Correo electr\u00f3nico<\/span><\/a><\/li><li class=\"share-linkedin\"><a rel=\"nofollow noopener noreferrer\" data-shared=\"sharing-linkedin-4539\" class=\"share-linkedin sd-button share-icon\" href=\"http:\/\/desireemartinphoto.com\/blog\/embarcacion-de-la-virgen-del-carmen-puerto-de-la-cruz-2016\/?share=linkedin\" target=\"_blank\" title=\"Haz clic para compartir en LinkedIn\"><span>LinkedIn<\/span><\/a><\/li><li class=\"share-tumblr\"><a rel=\"nofollow noopener noreferrer\" data-shared=\"\" class=\"share-tumblr sd-button share-icon\" href=\"http:\/\/desireemartinphoto.com\/blog\/embarcacion-de-la-virgen-del-carmen-puerto-de-la-cruz-2016\/?share=tumblr\" target=\"_blank\" title=\"Haz clic para compartir en Tumblr\"><span>Tumblr<\/span><\/a><\/li><li class=\"share-end\"><\/li><\/ul><\/div><\/div><\/div>","protected":false},"excerpt":{"rendered":"<p>Este a\u00f1o regreso a esta fiesta, el a\u00f1o pasado estaba trabajando con un encargo en la Bajada de la Virgen de las Nieves, La Palma, y aunque ech\u00e9 de menos la situaci\u00f3n, el descanso me ven\u00eda bien, muchos a\u00f1os seguidos haciendo el mismo tema, creativamente, puede complicar mucho el trabajo. Con algo m\u00e1s de fuerzas [&#038;hellip<\/p>\n<div class=\"sharedaddy sd-sharing-enabled\"><div class=\"robots-nocontent sd-block sd-social sd-social-icon-text sd-sharing\"><h3 class=\"sd-title\">COMPARTE ESTO:<\/h3><div class=\"sd-content\"><ul><li class=\"share-facebook\"><a rel=\"nofollow noopener noreferrer\" data-shared=\"sharing-facebook-4539\" class=\"share-facebook sd-button share-icon\" href=\"http:\/\/desireemartinphoto.com\/blog\/embarcacion-de-la-virgen-del-carmen-puerto-de-la-cruz-2016\/?share=facebook\" target=\"_blank\" title=\"Haz clic para compartir en Facebook\"><span>Facebook<\/span><\/a><\/li><li class=\"share-twitter\"><a rel=\"nofollow noopener noreferrer\" data-shared=\"sharing-twitter-4539\" class=\"share-twitter sd-button share-icon\" href=\"http:\/\/desireemartinphoto.com\/blog\/embarcacion-de-la-virgen-del-carmen-puerto-de-la-cruz-2016\/?share=twitter\" target=\"_blank\" title=\"Haz clic para compartir en Twitter\"><span>Twitter<\/span><\/a><\/li><li class=\"share-email\"><a rel=\"nofollow noopener noreferrer\" data-shared=\"\" class=\"share-email sd-button share-icon\" href=\"http:\/\/desireemartinphoto.com\/blog\/embarcacion-de-la-virgen-del-carmen-puerto-de-la-cruz-2016\/?share=email\" target=\"_blank\" title=\"Haz clic para enviar por correo electr\u00f3nico a un amigo\"><span>Correo electr\u00f3nico<\/span><\/a><\/li><li class=\"share-linkedin\"><a rel=\"nofollow noopener noreferrer\" data-shared=\"sharing-linkedin-4539\" class=\"share-linkedin sd-button share-icon\" href=\"http:\/\/desireemartinphoto.com\/blog\/embarcacion-de-la-virgen-del-carmen-puerto-de-la-cruz-2016\/?share=linkedin\" target=\"_blank\" title=\"Haz clic para compartir en LinkedIn\"><span>LinkedIn<\/span><\/a><\/li><li class=\"share-tumblr\"><a rel=\"nofollow noopener noreferrer\" data-shared=\"\" class=\"share-tumblr sd-button share-icon\" href=\"http:\/\/desireemartinphoto.com\/blog\/embarcacion-de-la-virgen-del-carmen-puerto-de-la-cruz-2016\/?share=tumblr\" target=\"_blank\" title=\"Haz clic para compartir en Tumblr\"><span>Tumblr<\/span><\/a><\/li><li class=\"share-end\"><\/li><\/ul><\/div><\/div><\/div>","protected":false},"author":1,"featured_media":0,"comment_status":"open","ping_status":"open","sticky":false,"template":"","format":"standard","meta":{"spay_email":""},"categories":[1],"tags":[972,976,433,320,59,181,479,973,124,82,974,391,523,481,975,56,121,620],"jetpack_featured_media_url":"","jetpack_sharing_enabled":true,"_links":{"self":[{"href":"http:\/\/desireemartinphoto.com\/blog\/wp-json\/wp\/v2\/posts\/4539"}],"collection":[{"href":"http:\/\/desireemartinphoto.com\/blog\/wp-json\/wp\/v2\/posts"}],"about":[{"href":"http:\/\/desireemartinphoto.com\/blog\/wp-json\/wp\/v2\/types\/post"}],"author":[{"embeddable":true,"href":"http:\/\/desireemartinphoto.com\/blog\/wp-json\/wp\/v2\/users\/1"}],"replies":[{"embeddable":true,"href":"http:\/\/desireemartinphoto.com\/blog\/wp-json\/wp\/v2\/comments?post=4539"}],"version-history":[{"count":3,"href":"http:\/\/desireemartinphoto.com\/blog\/wp-json\/wp\/v2\/posts\/4539\/revisions"}],"predecessor-version":[{"id":4574,"href":"http:\/\/desireemartinphoto.com\/blog\/wp-json\/wp\/v2\/posts\/4539\/revisions\/4574"}],"wp:attachment":[{"href":"http:\/\/desireemartinphoto.com\/blog\/wp-json\/wp\/v2\/media?parent=4539"}],"wp:term":[{"taxonomy":"category","embeddable":true,"href":"http:\/\/desireemartinphoto.com\/blog\/wp-json\/wp\/v2\/categories?post=4539"},{"taxonomy":"post_tag","embeddable":true,"href":"http:\/\/desireemartinphoto.com\/blog\/wp-json\/wp\/v2\/tags?post=4539"}],"curies":[{"name":"wp","href":"https:\/\/api.w.org\/{rel}","templated":true}]}}