{"id":4481,"date":"2016-06-17T12:04:28","date_gmt":"2016-06-17T12:04:28","guid":{"rendered":"http:\/\/desireemartinphoto.com\/blog\/?p=4481"},"modified":"2016-06-17T20:07:49","modified_gmt":"2016-06-17T20:07:49","slug":"alfombras-corpus-de-laorotava-2016-de-mujeres-ojos-y-flores","status":"publish","type":"post","link":"http:\/\/desireemartinphoto.com\/blog\/alfombras-corpus-de-laorotava-2016-de-mujeres-ojos-y-flores\/","title":{"rendered":"De mujeres, ojos y flores: Alfombras Corpus Christi #LaOrotava 2016"},"content":{"rendered":"<p><img data-attachment-id=\"4482\" data-permalink=\"http:\/\/desireemartinphoto.com\/blog\/alfombras-corpus-orotava-blog-2016-00-b\/\" data-orig-file=\"http:\/\/desireemartinphoto.com\/blog\/wp-content\/uploads\/2016\/06\/Alfombras-Corpus-Orotava-BLOG-2016-00-b.jpg\" data-orig-size=\"550,825\" data-comments-opened=\"1\" data-image-meta=\"{&quot;aperture&quot;:&quot;0&quot;,&quot;credit&quot;:&quot;&quot;,&quot;camera&quot;:&quot;&quot;,&quot;caption&quot;:&quot;&quot;,&quot;created_timestamp&quot;:&quot;1466105293&quot;,&quot;copyright&quot;:&quot;&quot;,&quot;focal_length&quot;:&quot;0&quot;,&quot;iso&quot;:&quot;0&quot;,&quot;shutter_speed&quot;:&quot;0&quot;,&quot;title&quot;:&quot;&quot;,&quot;orientation&quot;:&quot;1&quot;}\" data-image-title=\"Alfombras Corpus Orotava BLOG 2016 00 b\" data-image-description=\"\" data-medium-file=\"http:\/\/desireemartinphoto.com\/blog\/wp-content\/uploads\/2016\/06\/Alfombras-Corpus-Orotava-BLOG-2016-00-b-200x300.jpg\" data-large-file=\"http:\/\/desireemartinphoto.com\/blog\/wp-content\/uploads\/2016\/06\/Alfombras-Corpus-Orotava-BLOG-2016-00-b.jpg\" loading=\"lazy\" src=\"http:\/\/desireemartinphoto.com\/blog\/wp-content\/uploads\/2016\/06\/Alfombras-Corpus-Orotava-BLOG-2016-00-b.jpg\" alt=\"Alfombras Corpus Orotava BLOG 2016 00 b\" width=\"550\" height=\"825\" class=\"alignleft size-full wp-image-4482\" srcset=\"http:\/\/desireemartinphoto.com\/blog\/wp-content\/uploads\/2016\/06\/Alfombras-Corpus-Orotava-BLOG-2016-00-b.jpg 550w, http:\/\/desireemartinphoto.com\/blog\/wp-content\/uploads\/2016\/06\/Alfombras-Corpus-Orotava-BLOG-2016-00-b-200x300.jpg 200w\" sizes=\"(max-width: 550px) 100vw, 550px\" \/><\/p>\n<p><img data-attachment-id=\"4483\" data-permalink=\"http:\/\/desireemartinphoto.com\/blog\/alfombras-corpus-orotava-blog-2016-01-b\/\" data-orig-file=\"http:\/\/desireemartinphoto.com\/blog\/wp-content\/uploads\/2016\/06\/Alfombras-Corpus-Orotava-BLOG-2016-01-b.jpg\" data-orig-size=\"550,300\" data-comments-opened=\"1\" data-image-meta=\"{&quot;aperture&quot;:&quot;0&quot;,&quot;credit&quot;:&quot;&quot;,&quot;camera&quot;:&quot;&quot;,&quot;caption&quot;:&quot;&quot;,&quot;created_timestamp&quot;:&quot;1466105432&quot;,&quot;copyright&quot;:&quot;&quot;,&quot;focal_length&quot;:&quot;0&quot;,&quot;iso&quot;:&quot;0&quot;,&quot;shutter_speed&quot;:&quot;0&quot;,&quot;title&quot;:&quot;&quot;,&quot;orientation&quot;:&quot;1&quot;}\" data-image-title=\"Alfombras Corpus Orotava BLOG 2016 01 b\" data-image-description=\"\" data-medium-file=\"http:\/\/desireemartinphoto.com\/blog\/wp-content\/uploads\/2016\/06\/Alfombras-Corpus-Orotava-BLOG-2016-01-b-300x164.jpg\" data-large-file=\"http:\/\/desireemartinphoto.com\/blog\/wp-content\/uploads\/2016\/06\/Alfombras-Corpus-Orotava-BLOG-2016-01-b.jpg\" loading=\"lazy\" src=\"http:\/\/desireemartinphoto.com\/blog\/wp-content\/uploads\/2016\/06\/Alfombras-Corpus-Orotava-BLOG-2016-01-b.jpg\" alt=\"Alfombras Corpus Orotava BLOG 2016 01 b\" width=\"550\" height=\"300\" class=\"alignleft size-full wp-image-4483\" srcset=\"http:\/\/desireemartinphoto.com\/blog\/wp-content\/uploads\/2016\/06\/Alfombras-Corpus-Orotava-BLOG-2016-01-b.jpg 550w, http:\/\/desireemartinphoto.com\/blog\/wp-content\/uploads\/2016\/06\/Alfombras-Corpus-Orotava-BLOG-2016-01-b-300x164.jpg 300w\" sizes=\"(max-width: 550px) 100vw, 550px\" \/><\/p>\n<p>Este a\u00f1o se hizo un homenaje a las mujeres que trabajan cada a\u00f1o en la confecci\u00f3n de las Alfombras del Corpus Christi de la Orotava. La mayor\u00eda est\u00e1n a cargo del proceso previo &#8220;deshojando&#8221; las flores, flores completas, flor a flor entre grandes ramas de retamas, codesos&#8230; o p\u00e9talo a p\u00e9talo. Un trabajo enorme.<\/p>\n<p><img data-attachment-id=\"4484\" data-permalink=\"http:\/\/desireemartinphoto.com\/blog\/alfombras-corpus-orotava-blog-2016-02-b\/\" data-orig-file=\"http:\/\/desireemartinphoto.com\/blog\/wp-content\/uploads\/2016\/06\/Alfombras-Corpus-Orotava-BLOG-2016-02-b.jpg\" data-orig-size=\"550,352\" data-comments-opened=\"1\" data-image-meta=\"{&quot;aperture&quot;:&quot;0&quot;,&quot;credit&quot;:&quot;&quot;,&quot;camera&quot;:&quot;&quot;,&quot;caption&quot;:&quot;&quot;,&quot;created_timestamp&quot;:&quot;1466105227&quot;,&quot;copyright&quot;:&quot;&quot;,&quot;focal_length&quot;:&quot;0&quot;,&quot;iso&quot;:&quot;0&quot;,&quot;shutter_speed&quot;:&quot;0&quot;,&quot;title&quot;:&quot;&quot;,&quot;orientation&quot;:&quot;1&quot;}\" data-image-title=\"Alfombras Corpus Orotava BLOG 2016 02 b\" data-image-description=\"\" data-medium-file=\"http:\/\/desireemartinphoto.com\/blog\/wp-content\/uploads\/2016\/06\/Alfombras-Corpus-Orotava-BLOG-2016-02-b-300x192.jpg\" data-large-file=\"http:\/\/desireemartinphoto.com\/blog\/wp-content\/uploads\/2016\/06\/Alfombras-Corpus-Orotava-BLOG-2016-02-b.jpg\" loading=\"lazy\" src=\"http:\/\/desireemartinphoto.com\/blog\/wp-content\/uploads\/2016\/06\/Alfombras-Corpus-Orotava-BLOG-2016-02-b.jpg\" alt=\"Alfombras Corpus Orotava BLOG 2016 02 b\" width=\"550\" height=\"352\" class=\"alignleft size-full wp-image-4484\" srcset=\"http:\/\/desireemartinphoto.com\/blog\/wp-content\/uploads\/2016\/06\/Alfombras-Corpus-Orotava-BLOG-2016-02-b.jpg 550w, http:\/\/desireemartinphoto.com\/blog\/wp-content\/uploads\/2016\/06\/Alfombras-Corpus-Orotava-BLOG-2016-02-b-300x192.jpg 300w\" sizes=\"(max-width: 550px) 100vw, 550px\" \/><\/p>\n<p><img data-attachment-id=\"4485\" data-permalink=\"http:\/\/desireemartinphoto.com\/blog\/alfombras-corpus-orotava-blog-2016-03-b\/\" data-orig-file=\"http:\/\/desireemartinphoto.com\/blog\/wp-content\/uploads\/2016\/06\/Alfombras-Corpus-Orotava-BLOG-2016-03-b.jpg\" data-orig-size=\"550,825\" data-comments-opened=\"1\" data-image-meta=\"{&quot;aperture&quot;:&quot;0&quot;,&quot;credit&quot;:&quot;&quot;,&quot;camera&quot;:&quot;&quot;,&quot;caption&quot;:&quot;&quot;,&quot;created_timestamp&quot;:&quot;1466105218&quot;,&quot;copyright&quot;:&quot;&quot;,&quot;focal_length&quot;:&quot;0&quot;,&quot;iso&quot;:&quot;0&quot;,&quot;shutter_speed&quot;:&quot;0&quot;,&quot;title&quot;:&quot;&quot;,&quot;orientation&quot;:&quot;1&quot;}\" data-image-title=\"Alfombras Corpus Orotava BLOG 2016 03 b\" data-image-description=\"\" data-medium-file=\"http:\/\/desireemartinphoto.com\/blog\/wp-content\/uploads\/2016\/06\/Alfombras-Corpus-Orotava-BLOG-2016-03-b-200x300.jpg\" data-large-file=\"http:\/\/desireemartinphoto.com\/blog\/wp-content\/uploads\/2016\/06\/Alfombras-Corpus-Orotava-BLOG-2016-03-b.jpg\" loading=\"lazy\" src=\"http:\/\/desireemartinphoto.com\/blog\/wp-content\/uploads\/2016\/06\/Alfombras-Corpus-Orotava-BLOG-2016-03-b.jpg\" alt=\"Alfombras Corpus Orotava BLOG 2016 03 b\" width=\"550\" height=\"825\" class=\"alignleft size-full wp-image-4485\" srcset=\"http:\/\/desireemartinphoto.com\/blog\/wp-content\/uploads\/2016\/06\/Alfombras-Corpus-Orotava-BLOG-2016-03-b.jpg 550w, http:\/\/desireemartinphoto.com\/blog\/wp-content\/uploads\/2016\/06\/Alfombras-Corpus-Orotava-BLOG-2016-03-b-200x300.jpg 200w\" sizes=\"(max-width: 550px) 100vw, 550px\" \/><\/p>\n<p>Chicha Barreta<\/p>\n<p><img data-attachment-id=\"4486\" data-permalink=\"http:\/\/desireemartinphoto.com\/blog\/alfombras-corpus-orotava-blog-2016-04-b\/\" data-orig-file=\"http:\/\/desireemartinphoto.com\/blog\/wp-content\/uploads\/2016\/06\/Alfombras-Corpus-Orotava-BLOG-2016-04-b.jpg\" data-orig-size=\"550,367\" data-comments-opened=\"1\" data-image-meta=\"{&quot;aperture&quot;:&quot;0&quot;,&quot;credit&quot;:&quot;&quot;,&quot;camera&quot;:&quot;&quot;,&quot;caption&quot;:&quot;&quot;,&quot;created_timestamp&quot;:&quot;1466105302&quot;,&quot;copyright&quot;:&quot;&quot;,&quot;focal_length&quot;:&quot;0&quot;,&quot;iso&quot;:&quot;0&quot;,&quot;shutter_speed&quot;:&quot;0&quot;,&quot;title&quot;:&quot;&quot;,&quot;orientation&quot;:&quot;1&quot;}\" data-image-title=\"Alfombras Corpus Orotava BLOG 2016 04 b\" data-image-description=\"\" data-medium-file=\"http:\/\/desireemartinphoto.com\/blog\/wp-content\/uploads\/2016\/06\/Alfombras-Corpus-Orotava-BLOG-2016-04-b-300x200.jpg\" data-large-file=\"http:\/\/desireemartinphoto.com\/blog\/wp-content\/uploads\/2016\/06\/Alfombras-Corpus-Orotava-BLOG-2016-04-b.jpg\" loading=\"lazy\" src=\"http:\/\/desireemartinphoto.com\/blog\/wp-content\/uploads\/2016\/06\/Alfombras-Corpus-Orotava-BLOG-2016-04-b.jpg\" alt=\"Alfombras Corpus Orotava BLOG 2016 04 b\" width=\"550\" height=\"367\" class=\"alignleft size-full wp-image-4486\" srcset=\"http:\/\/desireemartinphoto.com\/blog\/wp-content\/uploads\/2016\/06\/Alfombras-Corpus-Orotava-BLOG-2016-04-b.jpg 550w, http:\/\/desireemartinphoto.com\/blog\/wp-content\/uploads\/2016\/06\/Alfombras-Corpus-Orotava-BLOG-2016-04-b-300x200.jpg 300w\" sizes=\"(max-width: 550px) 100vw, 550px\" \/><\/p>\n<p>Juana Encinoso<\/p>\n<p><img data-attachment-id=\"4487\" data-permalink=\"http:\/\/desireemartinphoto.com\/blog\/alfombras-corpus-orotava-blog-2016-06-b\/\" data-orig-file=\"http:\/\/desireemartinphoto.com\/blog\/wp-content\/uploads\/2016\/06\/Alfombras-Corpus-Orotava-BLOG-2016-06-b.jpg\" data-orig-size=\"550,342\" data-comments-opened=\"1\" data-image-meta=\"{&quot;aperture&quot;:&quot;0&quot;,&quot;credit&quot;:&quot;&quot;,&quot;camera&quot;:&quot;&quot;,&quot;caption&quot;:&quot;&quot;,&quot;created_timestamp&quot;:&quot;1466105398&quot;,&quot;copyright&quot;:&quot;&quot;,&quot;focal_length&quot;:&quot;0&quot;,&quot;iso&quot;:&quot;0&quot;,&quot;shutter_speed&quot;:&quot;0&quot;,&quot;title&quot;:&quot;&quot;,&quot;orientation&quot;:&quot;1&quot;}\" data-image-title=\"Alfombras Corpus Orotava BLOG 2016 06 b\" data-image-description=\"\" data-medium-file=\"http:\/\/desireemartinphoto.com\/blog\/wp-content\/uploads\/2016\/06\/Alfombras-Corpus-Orotava-BLOG-2016-06-b-300x187.jpg\" data-large-file=\"http:\/\/desireemartinphoto.com\/blog\/wp-content\/uploads\/2016\/06\/Alfombras-Corpus-Orotava-BLOG-2016-06-b.jpg\" loading=\"lazy\" src=\"http:\/\/desireemartinphoto.com\/blog\/wp-content\/uploads\/2016\/06\/Alfombras-Corpus-Orotava-BLOG-2016-06-b.jpg\" alt=\"Alfombras Corpus Orotava BLOG 2016 06 b\" width=\"550\" height=\"342\" class=\"alignleft size-full wp-image-4487\" srcset=\"http:\/\/desireemartinphoto.com\/blog\/wp-content\/uploads\/2016\/06\/Alfombras-Corpus-Orotava-BLOG-2016-06-b.jpg 550w, http:\/\/desireemartinphoto.com\/blog\/wp-content\/uploads\/2016\/06\/Alfombras-Corpus-Orotava-BLOG-2016-06-b-300x187.jpg 300w\" sizes=\"(max-width: 550px) 100vw, 550px\" \/><\/p>\n<p><img data-attachment-id=\"4488\" data-permalink=\"http:\/\/desireemartinphoto.com\/blog\/alfombras-corpus-orotava-blog-2016-07-b\/\" data-orig-file=\"http:\/\/desireemartinphoto.com\/blog\/wp-content\/uploads\/2016\/06\/Alfombras-Corpus-Orotava-BLOG-2016-07-b.jpg\" data-orig-size=\"550,838\" data-comments-opened=\"1\" data-image-meta=\"{&quot;aperture&quot;:&quot;0&quot;,&quot;credit&quot;:&quot;&quot;,&quot;camera&quot;:&quot;&quot;,&quot;caption&quot;:&quot;&quot;,&quot;created_timestamp&quot;:&quot;1466105275&quot;,&quot;copyright&quot;:&quot;&quot;,&quot;focal_length&quot;:&quot;0&quot;,&quot;iso&quot;:&quot;0&quot;,&quot;shutter_speed&quot;:&quot;0&quot;,&quot;title&quot;:&quot;&quot;,&quot;orientation&quot;:&quot;1&quot;}\" data-image-title=\"Alfombras Corpus Orotava BLOG 2016 07 b\" data-image-description=\"\" data-medium-file=\"http:\/\/desireemartinphoto.com\/blog\/wp-content\/uploads\/2016\/06\/Alfombras-Corpus-Orotava-BLOG-2016-07-b-197x300.jpg\" data-large-file=\"http:\/\/desireemartinphoto.com\/blog\/wp-content\/uploads\/2016\/06\/Alfombras-Corpus-Orotava-BLOG-2016-07-b.jpg\" loading=\"lazy\" src=\"http:\/\/desireemartinphoto.com\/blog\/wp-content\/uploads\/2016\/06\/Alfombras-Corpus-Orotava-BLOG-2016-07-b.jpg\" alt=\"Alfombras Corpus Orotava BLOG 2016 07 b\" width=\"550\" height=\"838\" class=\"alignleft size-full wp-image-4488\" srcset=\"http:\/\/desireemartinphoto.com\/blog\/wp-content\/uploads\/2016\/06\/Alfombras-Corpus-Orotava-BLOG-2016-07-b.jpg 550w, http:\/\/desireemartinphoto.com\/blog\/wp-content\/uploads\/2016\/06\/Alfombras-Corpus-Orotava-BLOG-2016-07-b-197x300.jpg 197w\" sizes=\"(max-width: 550px) 100vw, 550px\" \/><\/p>\n<p>Leo Rodr\u00edguez, responsable este a\u00f1o de este gran jaleo, me pidi\u00f3 para el homenaje alguna imagen, hicieron un video mostrando su labor y les hicieron un reconocimiento en el ayuntamiento.<\/p>\n<p>Naveg\u00e9 mucho por mi archivo, encontr\u00e9 ( o m\u00e1s bien no ) que el material de uno de los a\u00f1os lo hab\u00eda perdido.. y me d\u00ed cuenta de que <a href=\"http:\/\/desireemartinphoto.com\/blog\/alfombras-del-corpus-christi-la-orotava-2010\/\" target=\"_blank\">no ten\u00eda<\/a> fotograf\u00edas de todas, y de que no ten\u00eda buenas im\u00e1genes que mostraran su labor.. <\/p>\n<p>Volv\u00ed este a\u00f1o para hacer algo m\u00e1s, algo mejor. <\/p>\n<p><img data-attachment-id=\"4489\" data-permalink=\"http:\/\/desireemartinphoto.com\/blog\/alfombras-corpus-orotava-blog-2016-08-b\/\" data-orig-file=\"http:\/\/desireemartinphoto.com\/blog\/wp-content\/uploads\/2016\/06\/Alfombras-Corpus-Orotava-BLOG-2016-08-b.jpg\" data-orig-size=\"550,301\" data-comments-opened=\"1\" data-image-meta=\"{&quot;aperture&quot;:&quot;0&quot;,&quot;credit&quot;:&quot;&quot;,&quot;camera&quot;:&quot;&quot;,&quot;caption&quot;:&quot;&quot;,&quot;created_timestamp&quot;:&quot;1466105413&quot;,&quot;copyright&quot;:&quot;&quot;,&quot;focal_length&quot;:&quot;0&quot;,&quot;iso&quot;:&quot;0&quot;,&quot;shutter_speed&quot;:&quot;0&quot;,&quot;title&quot;:&quot;&quot;,&quot;orientation&quot;:&quot;1&quot;}\" data-image-title=\"Alfombras Corpus Orotava BLOG 2016 08 b\" data-image-description=\"\" data-medium-file=\"http:\/\/desireemartinphoto.com\/blog\/wp-content\/uploads\/2016\/06\/Alfombras-Corpus-Orotava-BLOG-2016-08-b-300x164.jpg\" data-large-file=\"http:\/\/desireemartinphoto.com\/blog\/wp-content\/uploads\/2016\/06\/Alfombras-Corpus-Orotava-BLOG-2016-08-b.jpg\" loading=\"lazy\" src=\"http:\/\/desireemartinphoto.com\/blog\/wp-content\/uploads\/2016\/06\/Alfombras-Corpus-Orotava-BLOG-2016-08-b.jpg\" alt=\"Alfombras Corpus Orotava BLOG 2016 08 b\" width=\"550\" height=\"301\" class=\"alignleft size-full wp-image-4489\" srcset=\"http:\/\/desireemartinphoto.com\/blog\/wp-content\/uploads\/2016\/06\/Alfombras-Corpus-Orotava-BLOG-2016-08-b.jpg 550w, http:\/\/desireemartinphoto.com\/blog\/wp-content\/uploads\/2016\/06\/Alfombras-Corpus-Orotava-BLOG-2016-08-b-300x164.jpg 300w\" sizes=\"(max-width: 550px) 100vw, 550px\" \/> <\/p>\n<p><img data-attachment-id=\"4490\" data-permalink=\"http:\/\/desireemartinphoto.com\/blog\/alfombras-corpus-orotava-blog-2016-09-b\/\" data-orig-file=\"http:\/\/desireemartinphoto.com\/blog\/wp-content\/uploads\/2016\/06\/Alfombras-Corpus-Orotava-BLOG-2016-09-b.jpg\" data-orig-size=\"550,368\" data-comments-opened=\"1\" data-image-meta=\"{&quot;aperture&quot;:&quot;0&quot;,&quot;credit&quot;:&quot;&quot;,&quot;camera&quot;:&quot;&quot;,&quot;caption&quot;:&quot;&quot;,&quot;created_timestamp&quot;:&quot;1466105422&quot;,&quot;copyright&quot;:&quot;&quot;,&quot;focal_length&quot;:&quot;0&quot;,&quot;iso&quot;:&quot;0&quot;,&quot;shutter_speed&quot;:&quot;0&quot;,&quot;title&quot;:&quot;&quot;,&quot;orientation&quot;:&quot;1&quot;}\" data-image-title=\"Alfombras Corpus Orotava BLOG 2016 09 b\" data-image-description=\"\" data-medium-file=\"http:\/\/desireemartinphoto.com\/blog\/wp-content\/uploads\/2016\/06\/Alfombras-Corpus-Orotava-BLOG-2016-09-b-300x201.jpg\" data-large-file=\"http:\/\/desireemartinphoto.com\/blog\/wp-content\/uploads\/2016\/06\/Alfombras-Corpus-Orotava-BLOG-2016-09-b.jpg\" loading=\"lazy\" src=\"http:\/\/desireemartinphoto.com\/blog\/wp-content\/uploads\/2016\/06\/Alfombras-Corpus-Orotava-BLOG-2016-09-b.jpg\" alt=\"Alfombras Corpus Orotava BLOG 2016 09 b\" width=\"550\" height=\"368\" class=\"alignleft size-full wp-image-4490\" srcset=\"http:\/\/desireemartinphoto.com\/blog\/wp-content\/uploads\/2016\/06\/Alfombras-Corpus-Orotava-BLOG-2016-09-b.jpg 550w, http:\/\/desireemartinphoto.com\/blog\/wp-content\/uploads\/2016\/06\/Alfombras-Corpus-Orotava-BLOG-2016-09-b-300x201.jpg 300w\" sizes=\"(max-width: 550px) 100vw, 550px\" \/><\/p>\n<p><img data-attachment-id=\"4491\" data-permalink=\"http:\/\/desireemartinphoto.com\/blog\/alfombras-corpus-orotava-blog-2016-10-b\/\" data-orig-file=\"http:\/\/desireemartinphoto.com\/blog\/wp-content\/uploads\/2016\/06\/Alfombras-Corpus-Orotava-BLOG-2016-10-b.jpg\" data-orig-size=\"550,367\" data-comments-opened=\"1\" data-image-meta=\"{&quot;aperture&quot;:&quot;0&quot;,&quot;credit&quot;:&quot;&quot;,&quot;camera&quot;:&quot;&quot;,&quot;caption&quot;:&quot;&quot;,&quot;created_timestamp&quot;:&quot;1466105461&quot;,&quot;copyright&quot;:&quot;&quot;,&quot;focal_length&quot;:&quot;0&quot;,&quot;iso&quot;:&quot;0&quot;,&quot;shutter_speed&quot;:&quot;0&quot;,&quot;title&quot;:&quot;&quot;,&quot;orientation&quot;:&quot;1&quot;}\" data-image-title=\"Alfombras Corpus Orotava BLOG 2016 10 b\" data-image-description=\"\" data-medium-file=\"http:\/\/desireemartinphoto.com\/blog\/wp-content\/uploads\/2016\/06\/Alfombras-Corpus-Orotava-BLOG-2016-10-b-300x200.jpg\" data-large-file=\"http:\/\/desireemartinphoto.com\/blog\/wp-content\/uploads\/2016\/06\/Alfombras-Corpus-Orotava-BLOG-2016-10-b.jpg\" loading=\"lazy\" src=\"http:\/\/desireemartinphoto.com\/blog\/wp-content\/uploads\/2016\/06\/Alfombras-Corpus-Orotava-BLOG-2016-10-b.jpg\" alt=\"Alfombras Corpus Orotava BLOG 2016 10 b\" width=\"550\" height=\"367\" class=\"alignleft size-full wp-image-4491\" srcset=\"http:\/\/desireemartinphoto.com\/blog\/wp-content\/uploads\/2016\/06\/Alfombras-Corpus-Orotava-BLOG-2016-10-b.jpg 550w, http:\/\/desireemartinphoto.com\/blog\/wp-content\/uploads\/2016\/06\/Alfombras-Corpus-Orotava-BLOG-2016-10-b-300x200.jpg 300w\" sizes=\"(max-width: 550px) 100vw, 550px\" \/><\/p>\n<p>Carmita, Leonor, Patricia Trujillo, Araceli .. Espero que el gran Leo me ayude a identificarlas. Ah\u00ed te dejo el reto.<\/p>\n<p>Esa ma\u00f1ana que pude acercarme estaban con una flor, &#8220;retama amarilla&#8221;, un color, el amarillo.. arduo trabajo. <\/p>\n<p>Fueron horas y horas. <\/p>\n<p>Pas\u00f3 el d\u00eda y las im\u00e1genes me parec\u00edan iguales.. amarillas, este a\u00f1o qued\u00f3 as\u00ed. AMARILLO.  \ud83d\ude42<\/p>\n<p>El gran d\u00eda lleg\u00f3: Temprano, demasiado temprano. En la balanza entre: aparcar cerca para que cuando acabe de las 10-12 horas de trabajo no tenga que andar mucho con todo el equipo encima y no llegar mucho tiempo antes para no quemarme las neuronas.. gan\u00f3 el aparcar pronto. Siempre lo hace.. no aprendo.<\/p>\n<p><img data-attachment-id=\"4492\" data-permalink=\"http:\/\/desireemartinphoto.com\/blog\/alfombras-corpus-orotava-blog-2016-11-b\/\" data-orig-file=\"http:\/\/desireemartinphoto.com\/blog\/wp-content\/uploads\/2016\/06\/Alfombras-Corpus-Orotava-BLOG-2016-11-b.jpg\" data-orig-size=\"550,367\" data-comments-opened=\"1\" data-image-meta=\"{&quot;aperture&quot;:&quot;0&quot;,&quot;credit&quot;:&quot;&quot;,&quot;camera&quot;:&quot;&quot;,&quot;caption&quot;:&quot;&quot;,&quot;created_timestamp&quot;:&quot;1466105471&quot;,&quot;copyright&quot;:&quot;&quot;,&quot;focal_length&quot;:&quot;0&quot;,&quot;iso&quot;:&quot;0&quot;,&quot;shutter_speed&quot;:&quot;0&quot;,&quot;title&quot;:&quot;&quot;,&quot;orientation&quot;:&quot;1&quot;}\" data-image-title=\"Alfombras Corpus Orotava BLOG 2016 11 b\" data-image-description=\"\" data-medium-file=\"http:\/\/desireemartinphoto.com\/blog\/wp-content\/uploads\/2016\/06\/Alfombras-Corpus-Orotava-BLOG-2016-11-b-300x200.jpg\" data-large-file=\"http:\/\/desireemartinphoto.com\/blog\/wp-content\/uploads\/2016\/06\/Alfombras-Corpus-Orotava-BLOG-2016-11-b.jpg\" loading=\"lazy\" src=\"http:\/\/desireemartinphoto.com\/blog\/wp-content\/uploads\/2016\/06\/Alfombras-Corpus-Orotava-BLOG-2016-11-b.jpg\" alt=\"Alfombras Corpus Orotava BLOG 2016 11 b\" width=\"550\" height=\"367\" class=\"alignleft size-full wp-image-4492\" srcset=\"http:\/\/desireemartinphoto.com\/blog\/wp-content\/uploads\/2016\/06\/Alfombras-Corpus-Orotava-BLOG-2016-11-b.jpg 550w, http:\/\/desireemartinphoto.com\/blog\/wp-content\/uploads\/2016\/06\/Alfombras-Corpus-Orotava-BLOG-2016-11-b-300x200.jpg 300w\" sizes=\"(max-width: 550px) 100vw, 550px\" \/><\/p>\n<p>Sol a rajar y ojos, este a\u00f1o solo ve\u00eda ojos: de brezo tostado, de flor de brezo, de geranios, de azucenas .. OJOS. \u00bf qu\u00e9 dif\u00edcil, no?<\/p>\n<p><img data-attachment-id=\"4493\" data-permalink=\"http:\/\/desireemartinphoto.com\/blog\/alfombras-corpus-orotava-blog-2016-12-b\/\" data-orig-file=\"http:\/\/desireemartinphoto.com\/blog\/wp-content\/uploads\/2016\/06\/Alfombras-Corpus-Orotava-BLOG-2016-12-b.jpg\" data-orig-size=\"550,367\" data-comments-opened=\"1\" data-image-meta=\"{&quot;aperture&quot;:&quot;0&quot;,&quot;credit&quot;:&quot;&quot;,&quot;camera&quot;:&quot;&quot;,&quot;caption&quot;:&quot;&quot;,&quot;created_timestamp&quot;:&quot;1464906029&quot;,&quot;copyright&quot;:&quot;&quot;,&quot;focal_length&quot;:&quot;0&quot;,&quot;iso&quot;:&quot;0&quot;,&quot;shutter_speed&quot;:&quot;0&quot;,&quot;title&quot;:&quot;&quot;,&quot;orientation&quot;:&quot;1&quot;}\" data-image-title=\"Alfombras Corpus Orotava BLOG 2016 12 b\" data-image-description=\"\" data-medium-file=\"http:\/\/desireemartinphoto.com\/blog\/wp-content\/uploads\/2016\/06\/Alfombras-Corpus-Orotava-BLOG-2016-12-b-300x200.jpg\" data-large-file=\"http:\/\/desireemartinphoto.com\/blog\/wp-content\/uploads\/2016\/06\/Alfombras-Corpus-Orotava-BLOG-2016-12-b.jpg\" loading=\"lazy\" src=\"http:\/\/desireemartinphoto.com\/blog\/wp-content\/uploads\/2016\/06\/Alfombras-Corpus-Orotava-BLOG-2016-12-b.jpg\" alt=\"Alfombras Corpus Orotava BLOG 2016 12 b\" width=\"550\" height=\"367\" class=\"alignleft size-full wp-image-4493\" srcset=\"http:\/\/desireemartinphoto.com\/blog\/wp-content\/uploads\/2016\/06\/Alfombras-Corpus-Orotava-BLOG-2016-12-b.jpg 550w, http:\/\/desireemartinphoto.com\/blog\/wp-content\/uploads\/2016\/06\/Alfombras-Corpus-Orotava-BLOG-2016-12-b-300x200.jpg 300w\" sizes=\"(max-width: 550px) 100vw, 550px\" \/><\/p>\n<p><img data-attachment-id=\"4494\" data-permalink=\"http:\/\/desireemartinphoto.com\/blog\/alfombras-corpus-orotava-blog-2016-13-b\/\" data-orig-file=\"http:\/\/desireemartinphoto.com\/blog\/wp-content\/uploads\/2016\/06\/Alfombras-Corpus-Orotava-BLOG-2016-13-b.jpg\" data-orig-size=\"550,825\" data-comments-opened=\"1\" data-image-meta=\"{&quot;aperture&quot;:&quot;0&quot;,&quot;credit&quot;:&quot;&quot;,&quot;camera&quot;:&quot;&quot;,&quot;caption&quot;:&quot;&quot;,&quot;created_timestamp&quot;:&quot;1464905935&quot;,&quot;copyright&quot;:&quot;&quot;,&quot;focal_length&quot;:&quot;0&quot;,&quot;iso&quot;:&quot;0&quot;,&quot;shutter_speed&quot;:&quot;0&quot;,&quot;title&quot;:&quot;&quot;,&quot;orientation&quot;:&quot;1&quot;}\" data-image-title=\"Alfombras Corpus Orotava BLOG 2016 13 b\" data-image-description=\"\" data-medium-file=\"http:\/\/desireemartinphoto.com\/blog\/wp-content\/uploads\/2016\/06\/Alfombras-Corpus-Orotava-BLOG-2016-13-b-200x300.jpg\" data-large-file=\"http:\/\/desireemartinphoto.com\/blog\/wp-content\/uploads\/2016\/06\/Alfombras-Corpus-Orotava-BLOG-2016-13-b.jpg\" loading=\"lazy\" src=\"http:\/\/desireemartinphoto.com\/blog\/wp-content\/uploads\/2016\/06\/Alfombras-Corpus-Orotava-BLOG-2016-13-b.jpg\" alt=\"Alfombras Corpus Orotava BLOG 2016 13 b\" width=\"550\" height=\"825\" class=\"alignleft size-full wp-image-4494\" srcset=\"http:\/\/desireemartinphoto.com\/blog\/wp-content\/uploads\/2016\/06\/Alfombras-Corpus-Orotava-BLOG-2016-13-b.jpg 550w, http:\/\/desireemartinphoto.com\/blog\/wp-content\/uploads\/2016\/06\/Alfombras-Corpus-Orotava-BLOG-2016-13-b-200x300.jpg 200w\" sizes=\"(max-width: 550px) 100vw, 550px\" \/><\/p>\n<p><img data-attachment-id=\"4495\" data-permalink=\"http:\/\/desireemartinphoto.com\/blog\/alfombras-corpus-orotava-blog-2016-14-b\/\" data-orig-file=\"http:\/\/desireemartinphoto.com\/blog\/wp-content\/uploads\/2016\/06\/Alfombras-Corpus-Orotava-BLOG-2016-14-b.jpg\" data-orig-size=\"550,515\" data-comments-opened=\"1\" data-image-meta=\"{&quot;aperture&quot;:&quot;0&quot;,&quot;credit&quot;:&quot;&quot;,&quot;camera&quot;:&quot;&quot;,&quot;caption&quot;:&quot;&quot;,&quot;created_timestamp&quot;:&quot;1466105496&quot;,&quot;copyright&quot;:&quot;&quot;,&quot;focal_length&quot;:&quot;0&quot;,&quot;iso&quot;:&quot;0&quot;,&quot;shutter_speed&quot;:&quot;0&quot;,&quot;title&quot;:&quot;&quot;,&quot;orientation&quot;:&quot;1&quot;}\" data-image-title=\"Alfombras Corpus Orotava BLOG 2016 14 b\" data-image-description=\"\" data-medium-file=\"http:\/\/desireemartinphoto.com\/blog\/wp-content\/uploads\/2016\/06\/Alfombras-Corpus-Orotava-BLOG-2016-14-b-300x281.jpg\" data-large-file=\"http:\/\/desireemartinphoto.com\/blog\/wp-content\/uploads\/2016\/06\/Alfombras-Corpus-Orotava-BLOG-2016-14-b.jpg\" loading=\"lazy\" src=\"http:\/\/desireemartinphoto.com\/blog\/wp-content\/uploads\/2016\/06\/Alfombras-Corpus-Orotava-BLOG-2016-14-b.jpg\" alt=\"Alfombras Corpus Orotava BLOG 2016 14 b\" width=\"550\" height=\"515\" class=\"alignleft size-full wp-image-4495\" srcset=\"http:\/\/desireemartinphoto.com\/blog\/wp-content\/uploads\/2016\/06\/Alfombras-Corpus-Orotava-BLOG-2016-14-b.jpg 550w, http:\/\/desireemartinphoto.com\/blog\/wp-content\/uploads\/2016\/06\/Alfombras-Corpus-Orotava-BLOG-2016-14-b-300x281.jpg 300w\" sizes=\"(max-width: 550px) 100vw, 550px\" \/><\/p>\n<p>Deshoje en un Zagu\u00e1n a \u00faltima hora.. se ri\u00e9n porque los pillamos..<\/p>\n<p>Y me cuentan una historia: <strong>&#8220;Algunas mujeres a\u00fan dan desayunos&#8221;<\/strong>, van a media ma\u00f1ana a buscar a los alfombristas, por grupos, y los llevan a su casa, d\u00f3nde ofrecen un desayuno:<\/p>\n<p><img data-attachment-id=\"4496\" data-permalink=\"http:\/\/desireemartinphoto.com\/blog\/alfombras-corpus-orotava-blog-2016-15-b\/\" data-orig-file=\"http:\/\/desireemartinphoto.com\/blog\/wp-content\/uploads\/2016\/06\/Alfombras-Corpus-Orotava-BLOG-2016-15-b.jpg\" data-orig-size=\"550,367\" data-comments-opened=\"1\" data-image-meta=\"{&quot;aperture&quot;:&quot;0&quot;,&quot;credit&quot;:&quot;&quot;,&quot;camera&quot;:&quot;&quot;,&quot;caption&quot;:&quot;&quot;,&quot;created_timestamp&quot;:&quot;1466105524&quot;,&quot;copyright&quot;:&quot;&quot;,&quot;focal_length&quot;:&quot;0&quot;,&quot;iso&quot;:&quot;0&quot;,&quot;shutter_speed&quot;:&quot;0&quot;,&quot;title&quot;:&quot;&quot;,&quot;orientation&quot;:&quot;1&quot;}\" data-image-title=\"Alfombras Corpus Orotava BLOG 2016 15 b\" data-image-description=\"\" data-medium-file=\"http:\/\/desireemartinphoto.com\/blog\/wp-content\/uploads\/2016\/06\/Alfombras-Corpus-Orotava-BLOG-2016-15-b-300x200.jpg\" data-large-file=\"http:\/\/desireemartinphoto.com\/blog\/wp-content\/uploads\/2016\/06\/Alfombras-Corpus-Orotava-BLOG-2016-15-b.jpg\" loading=\"lazy\" src=\"http:\/\/desireemartinphoto.com\/blog\/wp-content\/uploads\/2016\/06\/Alfombras-Corpus-Orotava-BLOG-2016-15-b.jpg\" alt=\"Alfombras Corpus Orotava BLOG 2016 15 b\" width=\"550\" height=\"367\" class=\"alignleft size-full wp-image-4496\" srcset=\"http:\/\/desireemartinphoto.com\/blog\/wp-content\/uploads\/2016\/06\/Alfombras-Corpus-Orotava-BLOG-2016-15-b.jpg 550w, http:\/\/desireemartinphoto.com\/blog\/wp-content\/uploads\/2016\/06\/Alfombras-Corpus-Orotava-BLOG-2016-15-b-300x200.jpg 300w\" sizes=\"(max-width: 550px) 100vw, 550px\" \/><\/p>\n<p><img data-attachment-id=\"4497\" data-permalink=\"http:\/\/desireemartinphoto.com\/blog\/alfombras-corpus-orotava-blog-2016-16-b\/\" data-orig-file=\"http:\/\/desireemartinphoto.com\/blog\/wp-content\/uploads\/2016\/06\/Alfombras-Corpus-Orotava-BLOG-2016-16-b.jpg\" data-orig-size=\"550,367\" data-comments-opened=\"1\" data-image-meta=\"{&quot;aperture&quot;:&quot;0&quot;,&quot;credit&quot;:&quot;&quot;,&quot;camera&quot;:&quot;&quot;,&quot;caption&quot;:&quot;&quot;,&quot;created_timestamp&quot;:&quot;1466105504&quot;,&quot;copyright&quot;:&quot;&quot;,&quot;focal_length&quot;:&quot;0&quot;,&quot;iso&quot;:&quot;0&quot;,&quot;shutter_speed&quot;:&quot;0&quot;,&quot;title&quot;:&quot;&quot;,&quot;orientation&quot;:&quot;1&quot;}\" data-image-title=\"Alfombras Corpus Orotava BLOG 2016 16 b\" data-image-description=\"\" data-medium-file=\"http:\/\/desireemartinphoto.com\/blog\/wp-content\/uploads\/2016\/06\/Alfombras-Corpus-Orotava-BLOG-2016-16-b-300x200.jpg\" data-large-file=\"http:\/\/desireemartinphoto.com\/blog\/wp-content\/uploads\/2016\/06\/Alfombras-Corpus-Orotava-BLOG-2016-16-b.jpg\" loading=\"lazy\" src=\"http:\/\/desireemartinphoto.com\/blog\/wp-content\/uploads\/2016\/06\/Alfombras-Corpus-Orotava-BLOG-2016-16-b.jpg\" alt=\"Alfombras Corpus Orotava BLOG 2016 16 b\" width=\"550\" height=\"367\" class=\"alignleft size-full wp-image-4497\" srcset=\"http:\/\/desireemartinphoto.com\/blog\/wp-content\/uploads\/2016\/06\/Alfombras-Corpus-Orotava-BLOG-2016-16-b.jpg 550w, http:\/\/desireemartinphoto.com\/blog\/wp-content\/uploads\/2016\/06\/Alfombras-Corpus-Orotava-BLOG-2016-16-b-300x200.jpg 300w\" sizes=\"(max-width: 550px) 100vw, 550px\" \/><\/p>\n<p><img data-attachment-id=\"4498\" data-permalink=\"http:\/\/desireemartinphoto.com\/blog\/alfombras-corpus-orotava-blog-2016-17-b\/\" data-orig-file=\"http:\/\/desireemartinphoto.com\/blog\/wp-content\/uploads\/2016\/06\/Alfombras-Corpus-Orotava-BLOG-2016-17-b.jpg\" data-orig-size=\"550,825\" data-comments-opened=\"1\" data-image-meta=\"{&quot;aperture&quot;:&quot;0&quot;,&quot;credit&quot;:&quot;&quot;,&quot;camera&quot;:&quot;&quot;,&quot;caption&quot;:&quot;&quot;,&quot;created_timestamp&quot;:&quot;1466105644&quot;,&quot;copyright&quot;:&quot;&quot;,&quot;focal_length&quot;:&quot;0&quot;,&quot;iso&quot;:&quot;0&quot;,&quot;shutter_speed&quot;:&quot;0&quot;,&quot;title&quot;:&quot;&quot;,&quot;orientation&quot;:&quot;1&quot;}\" data-image-title=\"Alfombras Corpus Orotava BLOG 2016 17 b\" data-image-description=\"\" data-medium-file=\"http:\/\/desireemartinphoto.com\/blog\/wp-content\/uploads\/2016\/06\/Alfombras-Corpus-Orotava-BLOG-2016-17-b-200x300.jpg\" data-large-file=\"http:\/\/desireemartinphoto.com\/blog\/wp-content\/uploads\/2016\/06\/Alfombras-Corpus-Orotava-BLOG-2016-17-b.jpg\" loading=\"lazy\" src=\"http:\/\/desireemartinphoto.com\/blog\/wp-content\/uploads\/2016\/06\/Alfombras-Corpus-Orotava-BLOG-2016-17-b.jpg\" alt=\"Alfombras Corpus Orotava BLOG 2016 17 b\" width=\"550\" height=\"825\" class=\"alignleft size-full wp-image-4498\" srcset=\"http:\/\/desireemartinphoto.com\/blog\/wp-content\/uploads\/2016\/06\/Alfombras-Corpus-Orotava-BLOG-2016-17-b.jpg 550w, http:\/\/desireemartinphoto.com\/blog\/wp-content\/uploads\/2016\/06\/Alfombras-Corpus-Orotava-BLOG-2016-17-b-200x300.jpg 200w\" sizes=\"(max-width: 550px) 100vw, 550px\" \/><\/p>\n<p>\u00bfElegante, eh?<\/p>\n<p>Regreso a la calle con ese chocolate en el est\u00f3mago..si! desayun\u00e9, imposible salir de la casa sin hacerlo. Gracias Do\u00f1a Araceli.<\/p>\n<p><img data-attachment-id=\"4509\" data-permalink=\"http:\/\/desireemartinphoto.com\/blog\/spain-religion-carpets-corpus-christi-3\/\" data-orig-file=\"http:\/\/desireemartinphoto.com\/blog\/wp-content\/uploads\/2016\/06\/Alfombras-Corpus-Orotava-BLOG-2016-18-b-1.jpg\" data-orig-size=\"550,334\" data-comments-opened=\"1\" data-image-meta=\"{&quot;aperture&quot;:&quot;0&quot;,&quot;credit&quot;:&quot;AFP&quot;,&quot;camera&quot;:&quot;&quot;,&quot;caption&quot;:&quot;A man works on a flowers carpet on a street of La Villa de La Orotava to mark the Corpus Christi religious festivity on June 02, 2016 on the Spanish Canary island of Tenerife.&quot;,&quot;created_timestamp&quot;:&quot;1464905965&quot;,&quot;copyright&quot;:&quot;ImageForum&quot;,&quot;focal_length&quot;:&quot;0&quot;,&quot;iso&quot;:&quot;0&quot;,&quot;shutter_speed&quot;:&quot;0&quot;,&quot;title&quot;:&quot;SPAIN-RELIGION-CARPETS-CORPUS-CHRISTI&quot;,&quot;orientation&quot;:&quot;1&quot;}\" data-image-title=\"\" data-image-description=\"\" data-medium-file=\"http:\/\/desireemartinphoto.com\/blog\/wp-content\/uploads\/2016\/06\/Alfombras-Corpus-Orotava-BLOG-2016-18-b-1-300x182.jpg\" data-large-file=\"http:\/\/desireemartinphoto.com\/blog\/wp-content\/uploads\/2016\/06\/Alfombras-Corpus-Orotava-BLOG-2016-18-b-1.jpg\" loading=\"lazy\" src=\"http:\/\/desireemartinphoto.com\/blog\/wp-content\/uploads\/2016\/06\/Alfombras-Corpus-Orotava-BLOG-2016-18-b-1.jpg\" alt=\"\" width=\"550\" height=\"334\" class=\"alignleft size-full wp-image-4509\" srcset=\"http:\/\/desireemartinphoto.com\/blog\/wp-content\/uploads\/2016\/06\/Alfombras-Corpus-Orotava-BLOG-2016-18-b-1.jpg 550w, http:\/\/desireemartinphoto.com\/blog\/wp-content\/uploads\/2016\/06\/Alfombras-Corpus-Orotava-BLOG-2016-18-b-1-300x182.jpg 300w\" sizes=\"(max-width: 550px) 100vw, 550px\" \/><\/p>\n<p><img data-attachment-id=\"4500\" data-permalink=\"http:\/\/desireemartinphoto.com\/blog\/alfombras-corpus-orotava-blog-2016-32-b\/\" data-orig-file=\"http:\/\/desireemartinphoto.com\/blog\/wp-content\/uploads\/2016\/06\/Alfombras-Corpus-Orotava-BLOG-2016-32-b.jpg\" data-orig-size=\"550,413\" data-comments-opened=\"1\" data-image-meta=\"{&quot;aperture&quot;:&quot;0&quot;,&quot;credit&quot;:&quot;&quot;,&quot;camera&quot;:&quot;&quot;,&quot;caption&quot;:&quot;&quot;,&quot;created_timestamp&quot;:&quot;1466160964&quot;,&quot;copyright&quot;:&quot;&quot;,&quot;focal_length&quot;:&quot;0&quot;,&quot;iso&quot;:&quot;0&quot;,&quot;shutter_speed&quot;:&quot;0&quot;,&quot;title&quot;:&quot;&quot;,&quot;orientation&quot;:&quot;1&quot;}\" data-image-title=\"Alfombras Corpus Orotava BLOG 2016 32 b\" data-image-description=\"\" data-medium-file=\"http:\/\/desireemartinphoto.com\/blog\/wp-content\/uploads\/2016\/06\/Alfombras-Corpus-Orotava-BLOG-2016-32-b-300x225.jpg\" data-large-file=\"http:\/\/desireemartinphoto.com\/blog\/wp-content\/uploads\/2016\/06\/Alfombras-Corpus-Orotava-BLOG-2016-32-b.jpg\" loading=\"lazy\" src=\"http:\/\/desireemartinphoto.com\/blog\/wp-content\/uploads\/2016\/06\/Alfombras-Corpus-Orotava-BLOG-2016-32-b.jpg\" alt=\"Alfombras Corpus Orotava BLOG 2016 32 b\" width=\"550\" height=\"413\" class=\"alignleft size-full wp-image-4500\" srcset=\"http:\/\/desireemartinphoto.com\/blog\/wp-content\/uploads\/2016\/06\/Alfombras-Corpus-Orotava-BLOG-2016-32-b.jpg 550w, http:\/\/desireemartinphoto.com\/blog\/wp-content\/uploads\/2016\/06\/Alfombras-Corpus-Orotava-BLOG-2016-32-b-300x225.jpg 300w\" sizes=\"(max-width: 550px) 100vw, 550px\" \/><\/p>\n<p><img data-attachment-id=\"4501\" data-permalink=\"http:\/\/desireemartinphoto.com\/blog\/alfombras-corpus-orotava-blog-2016-19-b\/\" data-orig-file=\"http:\/\/desireemartinphoto.com\/blog\/wp-content\/uploads\/2016\/06\/Alfombras-Corpus-Orotava-BLOG-2016-19-b.jpg\" data-orig-size=\"550,367\" data-comments-opened=\"1\" data-image-meta=\"{&quot;aperture&quot;:&quot;0&quot;,&quot;credit&quot;:&quot;&quot;,&quot;camera&quot;:&quot;&quot;,&quot;caption&quot;:&quot;&quot;,&quot;created_timestamp&quot;:&quot;1466105563&quot;,&quot;copyright&quot;:&quot;&quot;,&quot;focal_length&quot;:&quot;0&quot;,&quot;iso&quot;:&quot;0&quot;,&quot;shutter_speed&quot;:&quot;0&quot;,&quot;title&quot;:&quot;&quot;,&quot;orientation&quot;:&quot;1&quot;}\" data-image-title=\"Alfombras Corpus Orotava BLOG 2016 19 b\" data-image-description=\"\" data-medium-file=\"http:\/\/desireemartinphoto.com\/blog\/wp-content\/uploads\/2016\/06\/Alfombras-Corpus-Orotava-BLOG-2016-19-b-300x200.jpg\" data-large-file=\"http:\/\/desireemartinphoto.com\/blog\/wp-content\/uploads\/2016\/06\/Alfombras-Corpus-Orotava-BLOG-2016-19-b.jpg\" loading=\"lazy\" src=\"http:\/\/desireemartinphoto.com\/blog\/wp-content\/uploads\/2016\/06\/Alfombras-Corpus-Orotava-BLOG-2016-19-b.jpg\" alt=\"Alfombras Corpus Orotava BLOG 2016 19 b\" width=\"550\" height=\"367\" class=\"alignleft size-full wp-image-4501\" srcset=\"http:\/\/desireemartinphoto.com\/blog\/wp-content\/uploads\/2016\/06\/Alfombras-Corpus-Orotava-BLOG-2016-19-b.jpg 550w, http:\/\/desireemartinphoto.com\/blog\/wp-content\/uploads\/2016\/06\/Alfombras-Corpus-Orotava-BLOG-2016-19-b-300x200.jpg 300w\" sizes=\"(max-width: 550px) 100vw, 550px\" \/><\/p>\n<p><img data-attachment-id=\"4502\" data-permalink=\"http:\/\/desireemartinphoto.com\/blog\/alfombras-corpus-orotava-blog-2016-21-b\/\" data-orig-file=\"http:\/\/desireemartinphoto.com\/blog\/wp-content\/uploads\/2016\/06\/Alfombras-Corpus-Orotava-BLOG-2016-21-b.jpg\" data-orig-size=\"550,367\" data-comments-opened=\"1\" data-image-meta=\"{&quot;aperture&quot;:&quot;0&quot;,&quot;credit&quot;:&quot;&quot;,&quot;camera&quot;:&quot;&quot;,&quot;caption&quot;:&quot;&quot;,&quot;created_timestamp&quot;:&quot;1466105256&quot;,&quot;copyright&quot;:&quot;&quot;,&quot;focal_length&quot;:&quot;0&quot;,&quot;iso&quot;:&quot;0&quot;,&quot;shutter_speed&quot;:&quot;0&quot;,&quot;title&quot;:&quot;&quot;,&quot;orientation&quot;:&quot;1&quot;}\" data-image-title=\"Alfombras Corpus Orotava BLOG 2016 21 b\" data-image-description=\"\" data-medium-file=\"http:\/\/desireemartinphoto.com\/blog\/wp-content\/uploads\/2016\/06\/Alfombras-Corpus-Orotava-BLOG-2016-21-b-300x200.jpg\" data-large-file=\"http:\/\/desireemartinphoto.com\/blog\/wp-content\/uploads\/2016\/06\/Alfombras-Corpus-Orotava-BLOG-2016-21-b.jpg\" loading=\"lazy\" src=\"http:\/\/desireemartinphoto.com\/blog\/wp-content\/uploads\/2016\/06\/Alfombras-Corpus-Orotava-BLOG-2016-21-b.jpg\" alt=\"Alfombras Corpus Orotava BLOG 2016 21 b\" width=\"550\" height=\"367\" class=\"alignleft size-full wp-image-4502\" srcset=\"http:\/\/desireemartinphoto.com\/blog\/wp-content\/uploads\/2016\/06\/Alfombras-Corpus-Orotava-BLOG-2016-21-b.jpg 550w, http:\/\/desireemartinphoto.com\/blog\/wp-content\/uploads\/2016\/06\/Alfombras-Corpus-Orotava-BLOG-2016-21-b-300x200.jpg 300w\" sizes=\"(max-width: 550px) 100vw, 550px\" \/><\/p>\n<p><img data-attachment-id=\"4504\" data-permalink=\"http:\/\/desireemartinphoto.com\/blog\/alfombras-corpus-orotava-blog-2016-22-b\/\" data-orig-file=\"http:\/\/desireemartinphoto.com\/blog\/wp-content\/uploads\/2016\/06\/Alfombras-Corpus-Orotava-BLOG-2016-22-b.jpg\" data-orig-size=\"550,301\" data-comments-opened=\"1\" data-image-meta=\"{&quot;aperture&quot;:&quot;0&quot;,&quot;credit&quot;:&quot;&quot;,&quot;camera&quot;:&quot;&quot;,&quot;caption&quot;:&quot;&quot;,&quot;created_timestamp&quot;:&quot;1466105605&quot;,&quot;copyright&quot;:&quot;&quot;,&quot;focal_length&quot;:&quot;0&quot;,&quot;iso&quot;:&quot;0&quot;,&quot;shutter_speed&quot;:&quot;0&quot;,&quot;title&quot;:&quot;&quot;,&quot;orientation&quot;:&quot;1&quot;}\" data-image-title=\"Alfombras Corpus Orotava BLOG 2016 22 b\" data-image-description=\"\" data-medium-file=\"http:\/\/desireemartinphoto.com\/blog\/wp-content\/uploads\/2016\/06\/Alfombras-Corpus-Orotava-BLOG-2016-22-b-300x164.jpg\" data-large-file=\"http:\/\/desireemartinphoto.com\/blog\/wp-content\/uploads\/2016\/06\/Alfombras-Corpus-Orotava-BLOG-2016-22-b.jpg\" loading=\"lazy\" src=\"http:\/\/desireemartinphoto.com\/blog\/wp-content\/uploads\/2016\/06\/Alfombras-Corpus-Orotava-BLOG-2016-22-b.jpg\" alt=\"Alfombras Corpus Orotava BLOG 2016 22 b\" width=\"550\" height=\"301\" class=\"alignleft size-full wp-image-4504\" srcset=\"http:\/\/desireemartinphoto.com\/blog\/wp-content\/uploads\/2016\/06\/Alfombras-Corpus-Orotava-BLOG-2016-22-b.jpg 550w, http:\/\/desireemartinphoto.com\/blog\/wp-content\/uploads\/2016\/06\/Alfombras-Corpus-Orotava-BLOG-2016-22-b-300x164.jpg 300w\" sizes=\"(max-width: 550px) 100vw, 550px\" \/><\/p>\n<p><img data-attachment-id=\"4505\" data-permalink=\"http:\/\/desireemartinphoto.com\/blog\/alfombras-corpus-orotava-blog-2016-23-b\/\" data-orig-file=\"http:\/\/desireemartinphoto.com\/blog\/wp-content\/uploads\/2016\/06\/Alfombras-Corpus-Orotava-BLOG-2016-23-b.jpg\" data-orig-size=\"550,825\" data-comments-opened=\"1\" data-image-meta=\"{&quot;aperture&quot;:&quot;0&quot;,&quot;credit&quot;:&quot;&quot;,&quot;camera&quot;:&quot;&quot;,&quot;caption&quot;:&quot;&quot;,&quot;created_timestamp&quot;:&quot;1466105236&quot;,&quot;copyright&quot;:&quot;&quot;,&quot;focal_length&quot;:&quot;0&quot;,&quot;iso&quot;:&quot;0&quot;,&quot;shutter_speed&quot;:&quot;0&quot;,&quot;title&quot;:&quot;&quot;,&quot;orientation&quot;:&quot;1&quot;}\" data-image-title=\"Alfombras Corpus Orotava BLOG 2016 23 b\" data-image-description=\"\" data-medium-file=\"http:\/\/desireemartinphoto.com\/blog\/wp-content\/uploads\/2016\/06\/Alfombras-Corpus-Orotava-BLOG-2016-23-b-200x300.jpg\" data-large-file=\"http:\/\/desireemartinphoto.com\/blog\/wp-content\/uploads\/2016\/06\/Alfombras-Corpus-Orotava-BLOG-2016-23-b.jpg\" loading=\"lazy\" src=\"http:\/\/desireemartinphoto.com\/blog\/wp-content\/uploads\/2016\/06\/Alfombras-Corpus-Orotava-BLOG-2016-23-b.jpg\" alt=\"Alfombras Corpus Orotava BLOG 2016 23 b\" width=\"550\" height=\"825\" class=\"alignleft size-full wp-image-4505\" srcset=\"http:\/\/desireemartinphoto.com\/blog\/wp-content\/uploads\/2016\/06\/Alfombras-Corpus-Orotava-BLOG-2016-23-b.jpg 550w, http:\/\/desireemartinphoto.com\/blog\/wp-content\/uploads\/2016\/06\/Alfombras-Corpus-Orotava-BLOG-2016-23-b-200x300.jpg 200w\" sizes=\"(max-width: 550px) 100vw, 550px\" \/><\/p>\n<p><img data-attachment-id=\"4506\" data-permalink=\"http:\/\/desireemartinphoto.com\/blog\/spain-religion-carpets-corpus-christi-2\/\" data-orig-file=\"http:\/\/desireemartinphoto.com\/blog\/wp-content\/uploads\/2016\/06\/Alfombras-Corpus-Orotava-BLOG-2016-27-b.jpg\" data-orig-size=\"550,825\" data-comments-opened=\"1\" data-image-meta=\"{&quot;aperture&quot;:&quot;0&quot;,&quot;credit&quot;:&quot;AFP&quot;,&quot;camera&quot;:&quot;&quot;,&quot;caption&quot;:&quot;People arrange flowers carpets along the streets of La Villa de La Orotava to mark the Corpus Christi religious festivity on June 02, 2016 on the Spanish Canary island of Tenerife.&quot;,&quot;created_timestamp&quot;:&quot;1464905982&quot;,&quot;copyright&quot;:&quot;ImageForum&quot;,&quot;focal_length&quot;:&quot;0&quot;,&quot;iso&quot;:&quot;0&quot;,&quot;shutter_speed&quot;:&quot;0&quot;,&quot;title&quot;:&quot;SPAIN-RELIGION-CARPETS-CORPUS-CHRISTI&quot;,&quot;orientation&quot;:&quot;1&quot;}\" data-image-title=\"SPAIN-RELIGION-CARPETS-CORPUS-CHRISTI\" data-image-description=\"\" data-medium-file=\"http:\/\/desireemartinphoto.com\/blog\/wp-content\/uploads\/2016\/06\/Alfombras-Corpus-Orotava-BLOG-2016-27-b-200x300.jpg\" data-large-file=\"http:\/\/desireemartinphoto.com\/blog\/wp-content\/uploads\/2016\/06\/Alfombras-Corpus-Orotava-BLOG-2016-27-b.jpg\" loading=\"lazy\" src=\"http:\/\/desireemartinphoto.com\/blog\/wp-content\/uploads\/2016\/06\/Alfombras-Corpus-Orotava-BLOG-2016-27-b.jpg\" alt= width=\"550\" height=\"825\" class=\"size-full wp-image-4506\" srcset=\"http:\/\/desireemartinphoto.com\/blog\/wp-content\/uploads\/2016\/06\/Alfombras-Corpus-Orotava-BLOG-2016-27-b.jpg 550w, http:\/\/desireemartinphoto.com\/blog\/wp-content\/uploads\/2016\/06\/Alfombras-Corpus-Orotava-BLOG-2016-27-b-200x300.jpg 200w\" sizes=\"(max-width: 550px) 100vw, 550px\" \/> <\/p>\n<p><img data-attachment-id=\"4507\" data-permalink=\"http:\/\/desireemartinphoto.com\/blog\/alfombras-corpus-orotava-blog-2016-28-b\/\" data-orig-file=\"http:\/\/desireemartinphoto.com\/blog\/wp-content\/uploads\/2016\/06\/Alfombras-Corpus-Orotava-BLOG-2016-28-b.jpg\" data-orig-size=\"550,367\" data-comments-opened=\"1\" data-image-meta=\"{&quot;aperture&quot;:&quot;0&quot;,&quot;credit&quot;:&quot;&quot;,&quot;camera&quot;:&quot;&quot;,&quot;caption&quot;:&quot;&quot;,&quot;created_timestamp&quot;:&quot;1464906077&quot;,&quot;copyright&quot;:&quot;&quot;,&quot;focal_length&quot;:&quot;0&quot;,&quot;iso&quot;:&quot;0&quot;,&quot;shutter_speed&quot;:&quot;0&quot;,&quot;title&quot;:&quot;&quot;,&quot;orientation&quot;:&quot;1&quot;}\" data-image-title=\"Alfombras Corpus Orotava BLOG 2016 28 b\" data-image-description=\"\" data-medium-file=\"http:\/\/desireemartinphoto.com\/blog\/wp-content\/uploads\/2016\/06\/Alfombras-Corpus-Orotava-BLOG-2016-28-b-300x200.jpg\" data-large-file=\"http:\/\/desireemartinphoto.com\/blog\/wp-content\/uploads\/2016\/06\/Alfombras-Corpus-Orotava-BLOG-2016-28-b.jpg\" loading=\"lazy\" src=\"http:\/\/desireemartinphoto.com\/blog\/wp-content\/uploads\/2016\/06\/Alfombras-Corpus-Orotava-BLOG-2016-28-b.jpg\" alt=\"Alfombras Corpus Orotava BLOG 2016 28 b\" width=\"550\" height=\"367\" class=\"alignleft size-full wp-image-4507\" srcset=\"http:\/\/desireemartinphoto.com\/blog\/wp-content\/uploads\/2016\/06\/Alfombras-Corpus-Orotava-BLOG-2016-28-b.jpg 550w, http:\/\/desireemartinphoto.com\/blog\/wp-content\/uploads\/2016\/06\/Alfombras-Corpus-Orotava-BLOG-2016-28-b-300x200.jpg 300w\" sizes=\"(max-width: 550px) 100vw, 550px\" \/><\/p>\n<p><img data-attachment-id=\"4503\" data-permalink=\"http:\/\/desireemartinphoto.com\/blog\/alfombras-corpus-orotava-blog-2016-33-b\/\" data-orig-file=\"http:\/\/desireemartinphoto.com\/blog\/wp-content\/uploads\/2016\/06\/Alfombras-Corpus-Orotava-BLOG-2016-33-b.jpg\" data-orig-size=\"550,413\" data-comments-opened=\"1\" data-image-meta=\"{&quot;aperture&quot;:&quot;0&quot;,&quot;credit&quot;:&quot;&quot;,&quot;camera&quot;:&quot;&quot;,&quot;caption&quot;:&quot;&quot;,&quot;created_timestamp&quot;:&quot;1466161079&quot;,&quot;copyright&quot;:&quot;&quot;,&quot;focal_length&quot;:&quot;0&quot;,&quot;iso&quot;:&quot;0&quot;,&quot;shutter_speed&quot;:&quot;0&quot;,&quot;title&quot;:&quot;&quot;,&quot;orientation&quot;:&quot;1&quot;}\" data-image-title=\"Alfombras Corpus Orotava BLOG 2016 33 b\" data-image-description=\"\" data-medium-file=\"http:\/\/desireemartinphoto.com\/blog\/wp-content\/uploads\/2016\/06\/Alfombras-Corpus-Orotava-BLOG-2016-33-b-300x225.jpg\" data-large-file=\"http:\/\/desireemartinphoto.com\/blog\/wp-content\/uploads\/2016\/06\/Alfombras-Corpus-Orotava-BLOG-2016-33-b.jpg\" loading=\"lazy\" src=\"http:\/\/desireemartinphoto.com\/blog\/wp-content\/uploads\/2016\/06\/Alfombras-Corpus-Orotava-BLOG-2016-33-b.jpg\" alt=\"Alfombras Corpus Orotava BLOG 2016 33 b\" width=\"550\" height=\"413\" class=\"alignleft size-full wp-image-4503\" srcset=\"http:\/\/desireemartinphoto.com\/blog\/wp-content\/uploads\/2016\/06\/Alfombras-Corpus-Orotava-BLOG-2016-33-b.jpg 550w, http:\/\/desireemartinphoto.com\/blog\/wp-content\/uploads\/2016\/06\/Alfombras-Corpus-Orotava-BLOG-2016-33-b-300x225.jpg 300w\" sizes=\"(max-width: 550px) 100vw, 550px\" \/><\/p>\n<p><img data-attachment-id=\"4510\" data-permalink=\"http:\/\/desireemartinphoto.com\/blog\/alfombras-corpus-orotava-blog-2016-29-b\/\" data-orig-file=\"http:\/\/desireemartinphoto.com\/blog\/wp-content\/uploads\/2016\/06\/Alfombras-Corpus-Orotava-BLOG-2016-29-b.jpg\" data-orig-size=\"550,825\" data-comments-opened=\"1\" data-image-meta=\"{&quot;aperture&quot;:&quot;0&quot;,&quot;credit&quot;:&quot;&quot;,&quot;camera&quot;:&quot;&quot;,&quot;caption&quot;:&quot;&quot;,&quot;created_timestamp&quot;:&quot;1466105653&quot;,&quot;copyright&quot;:&quot;&quot;,&quot;focal_length&quot;:&quot;0&quot;,&quot;iso&quot;:&quot;0&quot;,&quot;shutter_speed&quot;:&quot;0&quot;,&quot;title&quot;:&quot;&quot;,&quot;orientation&quot;:&quot;1&quot;}\" data-image-title=\"Alfombras Corpus Orotava BLOG 2016 29 b\" data-image-description=\"\" data-medium-file=\"http:\/\/desireemartinphoto.com\/blog\/wp-content\/uploads\/2016\/06\/Alfombras-Corpus-Orotava-BLOG-2016-29-b-200x300.jpg\" data-large-file=\"http:\/\/desireemartinphoto.com\/blog\/wp-content\/uploads\/2016\/06\/Alfombras-Corpus-Orotava-BLOG-2016-29-b.jpg\" loading=\"lazy\" src=\"http:\/\/desireemartinphoto.com\/blog\/wp-content\/uploads\/2016\/06\/Alfombras-Corpus-Orotava-BLOG-2016-29-b.jpg\" alt=\"Alfombras Corpus Orotava BLOG 2016 29 b\" width=\"550\" height=\"825\" class=\"alignleft size-full wp-image-4510\" srcset=\"http:\/\/desireemartinphoto.com\/blog\/wp-content\/uploads\/2016\/06\/Alfombras-Corpus-Orotava-BLOG-2016-29-b.jpg 550w, http:\/\/desireemartinphoto.com\/blog\/wp-content\/uploads\/2016\/06\/Alfombras-Corpus-Orotava-BLOG-2016-29-b-200x300.jpg 200w\" sizes=\"(max-width: 550px) 100vw, 550px\" \/><\/p>\n<p><img data-attachment-id=\"4511\" data-permalink=\"http:\/\/desireemartinphoto.com\/blog\/alfombras-corpus-orotava-blog-2016-30-b\/\" data-orig-file=\"http:\/\/desireemartinphoto.com\/blog\/wp-content\/uploads\/2016\/06\/Alfombras-Corpus-Orotava-BLOG-2016-30-b.jpg\" data-orig-size=\"550,367\" data-comments-opened=\"1\" data-image-meta=\"{&quot;aperture&quot;:&quot;0&quot;,&quot;credit&quot;:&quot;&quot;,&quot;camera&quot;:&quot;&quot;,&quot;caption&quot;:&quot;&quot;,&quot;created_timestamp&quot;:&quot;1466105540&quot;,&quot;copyright&quot;:&quot;&quot;,&quot;focal_length&quot;:&quot;0&quot;,&quot;iso&quot;:&quot;0&quot;,&quot;shutter_speed&quot;:&quot;0&quot;,&quot;title&quot;:&quot;&quot;,&quot;orientation&quot;:&quot;1&quot;}\" data-image-title=\"Alfombras Corpus Orotava BLOG 2016 30 b\" data-image-description=\"\" data-medium-file=\"http:\/\/desireemartinphoto.com\/blog\/wp-content\/uploads\/2016\/06\/Alfombras-Corpus-Orotava-BLOG-2016-30-b-300x200.jpg\" data-large-file=\"http:\/\/desireemartinphoto.com\/blog\/wp-content\/uploads\/2016\/06\/Alfombras-Corpus-Orotava-BLOG-2016-30-b.jpg\" loading=\"lazy\" src=\"http:\/\/desireemartinphoto.com\/blog\/wp-content\/uploads\/2016\/06\/Alfombras-Corpus-Orotava-BLOG-2016-30-b.jpg\" alt=\"Alfombras Corpus Orotava BLOG 2016 30 b\" width=\"550\" height=\"367\" class=\"alignleft size-full wp-image-4511\" srcset=\"http:\/\/desireemartinphoto.com\/blog\/wp-content\/uploads\/2016\/06\/Alfombras-Corpus-Orotava-BLOG-2016-30-b.jpg 550w, http:\/\/desireemartinphoto.com\/blog\/wp-content\/uploads\/2016\/06\/Alfombras-Corpus-Orotava-BLOG-2016-30-b-300x200.jpg 300w\" sizes=\"(max-width: 550px) 100vw, 550px\" \/><\/p>\n<p>Una l\u00e1stima no haber podido grabar el sonido de las campanas, una preciosidad.<\/p>\n<div class=\"sharedaddy sd-sharing-enabled\"><div class=\"robots-nocontent sd-block sd-social sd-social-icon-text sd-sharing\"><h3 class=\"sd-title\">COMPARTE ESTO:<\/h3><div class=\"sd-content\"><ul><li class=\"share-facebook\"><a rel=\"nofollow noopener noreferrer\" data-shared=\"sharing-facebook-4481\" class=\"share-facebook sd-button share-icon\" href=\"http:\/\/desireemartinphoto.com\/blog\/alfombras-corpus-de-laorotava-2016-de-mujeres-ojos-y-flores\/?share=facebook\" target=\"_blank\" title=\"Haz clic para compartir en Facebook\"><span>Facebook<\/span><\/a><\/li><li class=\"share-twitter\"><a rel=\"nofollow noopener noreferrer\" data-shared=\"sharing-twitter-4481\" class=\"share-twitter sd-button share-icon\" href=\"http:\/\/desireemartinphoto.com\/blog\/alfombras-corpus-de-laorotava-2016-de-mujeres-ojos-y-flores\/?share=twitter\" target=\"_blank\" title=\"Haz clic para compartir en Twitter\"><span>Twitter<\/span><\/a><\/li><li class=\"share-email\"><a rel=\"nofollow noopener noreferrer\" data-shared=\"\" class=\"share-email sd-button share-icon\" href=\"http:\/\/desireemartinphoto.com\/blog\/alfombras-corpus-de-laorotava-2016-de-mujeres-ojos-y-flores\/?share=email\" target=\"_blank\" title=\"Haz clic para enviar por correo electr\u00f3nico a un amigo\"><span>Correo electr\u00f3nico<\/span><\/a><\/li><li class=\"share-linkedin\"><a rel=\"nofollow noopener noreferrer\" data-shared=\"sharing-linkedin-4481\" class=\"share-linkedin sd-button share-icon\" href=\"http:\/\/desireemartinphoto.com\/blog\/alfombras-corpus-de-laorotava-2016-de-mujeres-ojos-y-flores\/?share=linkedin\" target=\"_blank\" title=\"Haz clic para compartir en LinkedIn\"><span>LinkedIn<\/span><\/a><\/li><li class=\"share-tumblr\"><a rel=\"nofollow noopener noreferrer\" data-shared=\"\" class=\"share-tumblr sd-button share-icon\" href=\"http:\/\/desireemartinphoto.com\/blog\/alfombras-corpus-de-laorotava-2016-de-mujeres-ojos-y-flores\/?share=tumblr\" target=\"_blank\" title=\"Haz clic para compartir en Tumblr\"><span>Tumblr<\/span><\/a><\/li><li class=\"share-end\"><\/li><\/ul><\/div><\/div><\/div>","protected":false},"excerpt":{"rendered":"<p>Este a\u00f1o se hizo un homenaje a las mujeres que trabajan cada a\u00f1o en la confecci\u00f3n de las Alfombras del Corpus Christi de la Orotava. La mayor\u00eda est\u00e1n a cargo del proceso previo &#8220;deshojando&#8221; las flores, flores completas, flor a flor entre grandes ramas de retamas, codesos&#8230; o p\u00e9talo a p\u00e9talo. Un trabajo enorme. Chicha [&#038;hellip<\/p>\n<div class=\"sharedaddy sd-sharing-enabled\"><div class=\"robots-nocontent sd-block sd-social sd-social-icon-text sd-sharing\"><h3 class=\"sd-title\">COMPARTE ESTO:<\/h3><div class=\"sd-content\"><ul><li class=\"share-facebook\"><a rel=\"nofollow noopener noreferrer\" data-shared=\"sharing-facebook-4481\" class=\"share-facebook sd-button share-icon\" href=\"http:\/\/desireemartinphoto.com\/blog\/alfombras-corpus-de-laorotava-2016-de-mujeres-ojos-y-flores\/?share=facebook\" target=\"_blank\" title=\"Haz clic para compartir en Facebook\"><span>Facebook<\/span><\/a><\/li><li class=\"share-twitter\"><a rel=\"nofollow noopener noreferrer\" data-shared=\"sharing-twitter-4481\" class=\"share-twitter sd-button share-icon\" href=\"http:\/\/desireemartinphoto.com\/blog\/alfombras-corpus-de-laorotava-2016-de-mujeres-ojos-y-flores\/?share=twitter\" target=\"_blank\" title=\"Haz clic para compartir en Twitter\"><span>Twitter<\/span><\/a><\/li><li class=\"share-email\"><a rel=\"nofollow noopener noreferrer\" data-shared=\"\" class=\"share-email sd-button share-icon\" href=\"http:\/\/desireemartinphoto.com\/blog\/alfombras-corpus-de-laorotava-2016-de-mujeres-ojos-y-flores\/?share=email\" target=\"_blank\" title=\"Haz clic para enviar por correo electr\u00f3nico a un amigo\"><span>Correo electr\u00f3nico<\/span><\/a><\/li><li class=\"share-linkedin\"><a rel=\"nofollow noopener noreferrer\" data-shared=\"sharing-linkedin-4481\" class=\"share-linkedin sd-button share-icon\" href=\"http:\/\/desireemartinphoto.com\/blog\/alfombras-corpus-de-laorotava-2016-de-mujeres-ojos-y-flores\/?share=linkedin\" target=\"_blank\" title=\"Haz clic para compartir en LinkedIn\"><span>LinkedIn<\/span><\/a><\/li><li class=\"share-tumblr\"><a rel=\"nofollow noopener noreferrer\" data-shared=\"\" class=\"share-tumblr sd-button share-icon\" href=\"http:\/\/desireemartinphoto.com\/blog\/alfombras-corpus-de-laorotava-2016-de-mujeres-ojos-y-flores\/?share=tumblr\" target=\"_blank\" title=\"Haz clic para compartir en Tumblr\"><span>Tumblr<\/span><\/a><\/li><li class=\"share-end\"><\/li><\/ul><\/div><\/div><\/div>","protected":false},"author":1,"featured_media":0,"comment_status":"open","ping_status":"open","sticky":false,"template":"","format":"standard","meta":{"spay_email":""},"categories":[1],"tags":[387,959,390,951,952,825,534,355,735,60,950,5,6,958,957,362,954,956,955,309,828,56],"jetpack_featured_media_url":"","jetpack_sharing_enabled":true,"_links":{"self":[{"href":"http:\/\/desireemartinphoto.com\/blog\/wp-json\/wp\/v2\/posts\/4481"}],"collection":[{"href":"http:\/\/desireemartinphoto.com\/blog\/wp-json\/wp\/v2\/posts"}],"about":[{"href":"http:\/\/desireemartinphoto.com\/blog\/wp-json\/wp\/v2\/types\/post"}],"author":[{"embeddable":true,"href":"http:\/\/desireemartinphoto.com\/blog\/wp-json\/wp\/v2\/users\/1"}],"replies":[{"embeddable":true,"href":"http:\/\/desireemartinphoto.com\/blog\/wp-json\/wp\/v2\/comments?post=4481"}],"version-history":[{"count":5,"href":"http:\/\/desireemartinphoto.com\/blog\/wp-json\/wp\/v2\/posts\/4481\/revisions"}],"predecessor-version":[{"id":4516,"href":"http:\/\/desireemartinphoto.com\/blog\/wp-json\/wp\/v2\/posts\/4481\/revisions\/4516"}],"wp:attachment":[{"href":"http:\/\/desireemartinphoto.com\/blog\/wp-json\/wp\/v2\/media?parent=4481"}],"wp:term":[{"taxonomy":"category","embeddable":true,"href":"http:\/\/desireemartinphoto.com\/blog\/wp-json\/wp\/v2\/categories?post=4481"},{"taxonomy":"post_tag","embeddable":true,"href":"http:\/\/desireemartinphoto.com\/blog\/wp-json\/wp\/v2\/tags?post=4481"}],"curies":[{"name":"wp","href":"https:\/\/api.w.org\/{rel}","templated":true}]}}