{"id":43,"date":"2010-03-23T23:33:06","date_gmt":"2010-03-23T23:33:06","guid":{"rendered":"http:\/\/desireemartinphoto.com\/blog\/?p=43"},"modified":"2010-03-23T23:43:45","modified_gmt":"2010-03-23T23:43:45","slug":"al-pie-del-pozo-de-jinamar-debo-estar-desorientada","status":"publish","type":"post","link":"http:\/\/desireemartinphoto.com\/blog\/al-pie-del-pozo-de-jinamar-debo-estar-desorientada\/","title":{"rendered":"&#8230;al pie del Pozo de Jinamar&#8230; debo estar desorientada&#8230;"},"content":{"rendered":"<p><img data-attachment-id=\"44\" data-permalink=\"http:\/\/desireemartinphoto.com\/blog\/al-pie-del-pozo-de-jinamar-debo-estar-desorientada\/dm-caso-sara-03-blog\/\" data-orig-file=\"http:\/\/desireemartinphoto.com\/blog\/wp-content\/uploads\/2010\/03\/DM-Caso-Sara-03-blog.jpg\" data-orig-size=\"550,367\" data-comments-opened=\"1\" data-image-meta=\"{&quot;aperture&quot;:&quot;5.6&quot;,&quot;credit&quot;:&quot;&quot;,&quot;camera&quot;:&quot;Canon EOS 5D Mark II&quot;,&quot;caption&quot;:&quot;GRAN CANARIA    23 03 2010\\n\\nLAS PALMAS DE GRAN CANARIA , BARRIO DE JINAMAR\\n\\nBUSQUEDA DE LOS SUPUESTOS RESTOS DE LA NI\\u00d1A DESAPARECIDA SARA MORALES EN UN POZO ABANDONADO DEL BARRIO DE JINAMAR\\n\\nDESIREE MARTIN PUBLICO&quot;,&quot;created_timestamp&quot;:&quot;1269346683&quot;,&quot;copyright&quot;:&quot;&quot;,&quot;focal_length&quot;:&quot;16&quot;,&quot;iso&quot;:&quot;100&quot;,&quot;shutter_speed&quot;:&quot;0.0015625&quot;,&quot;title&quot;:&quot;&quot;}\" data-image-title=\"DM-Caso-Sara-03-blog\" data-image-description=\"\" data-medium-file=\"http:\/\/desireemartinphoto.com\/blog\/wp-content\/uploads\/2010\/03\/DM-Caso-Sara-03-blog-300x200.jpg\" data-large-file=\"http:\/\/desireemartinphoto.com\/blog\/wp-content\/uploads\/2010\/03\/DM-Caso-Sara-03-blog.jpg\" loading=\"lazy\" class=\"alignnone size-full wp-image-44\" src=\"http:\/\/desireemartinphoto.com\/blog\/wp-content\/uploads\/2010\/03\/DM-Caso-Sara-03-blog.jpg\" alt=\"\" width=\"550\" height=\"367\" srcset=\"http:\/\/desireemartinphoto.com\/blog\/wp-content\/uploads\/2010\/03\/DM-Caso-Sara-03-blog.jpg 550w, http:\/\/desireemartinphoto.com\/blog\/wp-content\/uploads\/2010\/03\/DM-Caso-Sara-03-blog-300x200.jpg 300w\" sizes=\"(max-width: 550px) 100vw, 550px\" \/><\/p>\n<p>Llegu\u00e9 a mediodia al Pozo de Jinamar , la Casona y &#8230;esto es lo que me encontr\u00e9. Precinto de la Polic\u00eda Nacional&#8230;lo esperado.<\/p>\n<p>&#8230;mientras trabajaba &#8230;e iba enviando , me he ido metiendo en la red a ver qu\u00e9 se publicaba , que se sab\u00eda,&#8230;y no encontraba mucho&#8230; pero &#8230;no le di tanta importancia hasta ahora&#8230;\u00a0\u00a0 son las 23.12 de la noche y NO HAY NADA EN RELACI\u00d3N AL CASO a nivel nacional y a nivel local&#8230; poco, poco&#8230;\u00a0 y en cambio , los peri\u00f3dicos digitales , est\u00e1n tupidos de informaci\u00f3n sobre EL SISTEMA SANITARIO DE EEUU\u00a0 y su reforma&#8230; Pero\u00a0 ..tan desorientada estoy?? &#8230; es tan importante la pol\u00edtica sanitaria de un pa\u00eds del primer mundo ..como para eclipsar &#8230;cualquier cosa que ocurra en cualquier otro lugar del mundo??&#8230;\u00a0 es terrible &#8230; no habr\u00e1n sistemas sanitarios o la carencia de ellos, mas bien, en el mundo , como para cegarnos por\u00a0 el de EEUU.<\/p>\n<p>Pero es que lo peor , de lo peor &#8230;es que yo cubr\u00ed el tema de los tigres abatidos en el CocodriloPark en Aguimes&#8230; y ese tema ..si que se ha publicado&#8230; hay que joderse&#8230; tres pobres animales encerrados en una jaula para nuestro deleite &#8230; cachorros, que han sido reducido por armas de fuego por la carencia de tranquilizantes adecuados en el recinto&#8230; &#8230;.a ver , que no salieron del recinto, que no los vio nadie, que no atemorizaron a nadie mas que a ellos mismos al verse en libertad por un error de la persona que los alimentaba,\u00a0\u00a0 &#8230;que ya est\u00e1!!!\u00a0\u00a0\u00a0\u00a0\u00a0 &#8230;que no fue m\u00e1s&#8230;\u00a0\u00a0\u00a0 es que somos unos freakies&#8230; y mientras , a unos pocos kilometros , otros se exprim\u00edan la cabeza por llevarle algo de sosiego al alma de una familia que no descansa desde el 30 de julio del 2006&#8230; y &#8230; no interesa&#8230;<\/p>\n<p><img data-attachment-id=\"45\" data-permalink=\"http:\/\/desireemartinphoto.com\/blog\/al-pie-del-pozo-de-jinamar-debo-estar-desorientada\/dm-trigres-cocodrilo-park-04-blog\/\" data-orig-file=\"http:\/\/desireemartinphoto.com\/blog\/wp-content\/uploads\/2010\/03\/DM-Trigres-Cocodrilo-Park-04-blog.jpg\" data-orig-size=\"550,367\" data-comments-opened=\"1\" data-image-meta=\"{&quot;aperture&quot;:&quot;22&quot;,&quot;credit&quot;:&quot;&quot;,&quot;camera&quot;:&quot;Canon EOS 5D Mark II&quot;,&quot;caption&quot;:&quot;AGUIMES  LAS PALMAS DE GRAN CANARIA\\r\\r23 03 2010\\r\\rMUEREN ABATIDOS POR EL SEPRONA DE LA GUARDIA CIVIL TRES TIGRES DEL ZOOLOGICO COCODRILO PARK DEL MUNICIPIO GRANCANARIO DE AGUIMES\\r\\rA LA IZQUIERDA SABINA BALSER HIJA DE LA PROPIETARIA ( MARIA DOLORES GARCIA ), A LA DERECHA\\r\\rDESIREE MARTIN&quot;,&quot;created_timestamp&quot;:&quot;1269353117&quot;,&quot;copyright&quot;:&quot;&quot;,&quot;focal_length&quot;:&quot;16&quot;,&quot;iso&quot;:&quot;400&quot;,&quot;shutter_speed&quot;:&quot;0.005&quot;,&quot;title&quot;:&quot;&quot;}\" data-image-title=\"DM-Trigres-Cocodrilo-Park-04-blog\" data-image-description=\"\" data-medium-file=\"http:\/\/desireemartinphoto.com\/blog\/wp-content\/uploads\/2010\/03\/DM-Trigres-Cocodrilo-Park-04-blog-300x200.jpg\" data-large-file=\"http:\/\/desireemartinphoto.com\/blog\/wp-content\/uploads\/2010\/03\/DM-Trigres-Cocodrilo-Park-04-blog.jpg\" loading=\"lazy\" class=\"alignnone size-full wp-image-45\" src=\"http:\/\/desireemartinphoto.com\/blog\/wp-content\/uploads\/2010\/03\/DM-Trigres-Cocodrilo-Park-04-blog.jpg\" alt=\"\" width=\"550\" height=\"367\" srcset=\"http:\/\/desireemartinphoto.com\/blog\/wp-content\/uploads\/2010\/03\/DM-Trigres-Cocodrilo-Park-04-blog.jpg 550w, http:\/\/desireemartinphoto.com\/blog\/wp-content\/uploads\/2010\/03\/DM-Trigres-Cocodrilo-Park-04-blog-300x200.jpg 300w\" sizes=\"(max-width: 550px) 100vw, 550px\" \/><\/p>\n<p>&#8230;debo estar desorientada&#8230; ser\u00e1 eso..<\/p>\n<div class=\"sharedaddy sd-sharing-enabled\"><div class=\"robots-nocontent sd-block sd-social sd-social-icon-text sd-sharing\"><h3 class=\"sd-title\">COMPARTE ESTO:<\/h3><div class=\"sd-content\"><ul><li class=\"share-facebook\"><a rel=\"nofollow noopener noreferrer\" data-shared=\"sharing-facebook-43\" class=\"share-facebook sd-button share-icon\" href=\"http:\/\/desireemartinphoto.com\/blog\/al-pie-del-pozo-de-jinamar-debo-estar-desorientada\/?share=facebook\" target=\"_blank\" title=\"Haz clic para compartir en Facebook\"><span>Facebook<\/span><\/a><\/li><li class=\"share-twitter\"><a rel=\"nofollow noopener noreferrer\" data-shared=\"sharing-twitter-43\" class=\"share-twitter sd-button share-icon\" href=\"http:\/\/desireemartinphoto.com\/blog\/al-pie-del-pozo-de-jinamar-debo-estar-desorientada\/?share=twitter\" target=\"_blank\" title=\"Haz clic para compartir en Twitter\"><span>Twitter<\/span><\/a><\/li><li class=\"share-email\"><a rel=\"nofollow noopener noreferrer\" data-shared=\"\" class=\"share-email sd-button share-icon\" href=\"http:\/\/desireemartinphoto.com\/blog\/al-pie-del-pozo-de-jinamar-debo-estar-desorientada\/?share=email\" target=\"_blank\" title=\"Haz clic para enviar por correo electr\u00f3nico a un amigo\"><span>Correo electr\u00f3nico<\/span><\/a><\/li><li class=\"share-linkedin\"><a rel=\"nofollow noopener noreferrer\" data-shared=\"sharing-linkedin-43\" class=\"share-linkedin sd-button share-icon\" href=\"http:\/\/desireemartinphoto.com\/blog\/al-pie-del-pozo-de-jinamar-debo-estar-desorientada\/?share=linkedin\" target=\"_blank\" title=\"Haz clic para compartir en LinkedIn\"><span>LinkedIn<\/span><\/a><\/li><li class=\"share-tumblr\"><a rel=\"nofollow noopener noreferrer\" data-shared=\"\" class=\"share-tumblr sd-button share-icon\" href=\"http:\/\/desireemartinphoto.com\/blog\/al-pie-del-pozo-de-jinamar-debo-estar-desorientada\/?share=tumblr\" target=\"_blank\" title=\"Haz clic para compartir en Tumblr\"><span>Tumblr<\/span><\/a><\/li><li class=\"share-end\"><\/li><\/ul><\/div><\/div><\/div>","protected":false},"excerpt":{"rendered":"<p>Llegu\u00e9 a mediodia al Pozo de Jinamar , la Casona y &#8230;esto es lo que me encontr\u00e9. Precinto de la Polic\u00eda Nacional&#8230;lo esperado. &#8230;mientras trabajaba &#8230;e iba enviando , me he ido metiendo en la red a ver qu\u00e9 se publicaba , que se sab\u00eda,&#8230;y no encontraba mucho&#8230; pero &#8230;no le di tanta importancia hasta [&#038;hellip<\/p>\n<div class=\"sharedaddy sd-sharing-enabled\"><div class=\"robots-nocontent sd-block sd-social sd-social-icon-text sd-sharing\"><h3 class=\"sd-title\">COMPARTE ESTO:<\/h3><div class=\"sd-content\"><ul><li class=\"share-facebook\"><a rel=\"nofollow noopener noreferrer\" data-shared=\"sharing-facebook-43\" class=\"share-facebook sd-button share-icon\" href=\"http:\/\/desireemartinphoto.com\/blog\/al-pie-del-pozo-de-jinamar-debo-estar-desorientada\/?share=facebook\" target=\"_blank\" title=\"Haz clic para compartir en Facebook\"><span>Facebook<\/span><\/a><\/li><li class=\"share-twitter\"><a rel=\"nofollow noopener noreferrer\" data-shared=\"sharing-twitter-43\" class=\"share-twitter sd-button share-icon\" href=\"http:\/\/desireemartinphoto.com\/blog\/al-pie-del-pozo-de-jinamar-debo-estar-desorientada\/?share=twitter\" target=\"_blank\" title=\"Haz clic para compartir en Twitter\"><span>Twitter<\/span><\/a><\/li><li class=\"share-email\"><a rel=\"nofollow noopener noreferrer\" data-shared=\"\" class=\"share-email sd-button share-icon\" href=\"http:\/\/desireemartinphoto.com\/blog\/al-pie-del-pozo-de-jinamar-debo-estar-desorientada\/?share=email\" target=\"_blank\" title=\"Haz clic para enviar por correo electr\u00f3nico a un amigo\"><span>Correo electr\u00f3nico<\/span><\/a><\/li><li class=\"share-linkedin\"><a rel=\"nofollow noopener noreferrer\" data-shared=\"sharing-linkedin-43\" class=\"share-linkedin sd-button share-icon\" href=\"http:\/\/desireemartinphoto.com\/blog\/al-pie-del-pozo-de-jinamar-debo-estar-desorientada\/?share=linkedin\" target=\"_blank\" title=\"Haz clic para compartir en LinkedIn\"><span>LinkedIn<\/span><\/a><\/li><li class=\"share-tumblr\"><a rel=\"nofollow noopener noreferrer\" data-shared=\"\" class=\"share-tumblr sd-button share-icon\" href=\"http:\/\/desireemartinphoto.com\/blog\/al-pie-del-pozo-de-jinamar-debo-estar-desorientada\/?share=tumblr\" target=\"_blank\" title=\"Haz clic para compartir en Tumblr\"><span>Tumblr<\/span><\/a><\/li><li class=\"share-end\"><\/li><\/ul><\/div><\/div><\/div>","protected":false},"author":1,"featured_media":0,"comment_status":"open","ping_status":"open","sticky":false,"template":"","format":"standard","meta":{"spay_email":""},"categories":[1],"tags":[11,14,12,9,13,10,8,15,16],"jetpack_featured_media_url":"","jetpack_sharing_enabled":true,"_links":{"self":[{"href":"http:\/\/desireemartinphoto.com\/blog\/wp-json\/wp\/v2\/posts\/43"}],"collection":[{"href":"http:\/\/desireemartinphoto.com\/blog\/wp-json\/wp\/v2\/posts"}],"about":[{"href":"http:\/\/desireemartinphoto.com\/blog\/wp-json\/wp\/v2\/types\/post"}],"author":[{"embeddable":true,"href":"http:\/\/desireemartinphoto.com\/blog\/wp-json\/wp\/v2\/users\/1"}],"replies":[{"embeddable":true,"href":"http:\/\/desireemartinphoto.com\/blog\/wp-json\/wp\/v2\/comments?post=43"}],"version-history":[{"count":5,"href":"http:\/\/desireemartinphoto.com\/blog\/wp-json\/wp\/v2\/posts\/43\/revisions"}],"predecessor-version":[{"id":50,"href":"http:\/\/desireemartinphoto.com\/blog\/wp-json\/wp\/v2\/posts\/43\/revisions\/50"}],"wp:attachment":[{"href":"http:\/\/desireemartinphoto.com\/blog\/wp-json\/wp\/v2\/media?parent=43"}],"wp:term":[{"taxonomy":"category","embeddable":true,"href":"http:\/\/desireemartinphoto.com\/blog\/wp-json\/wp\/v2\/categories?post=43"},{"taxonomy":"post_tag","embeddable":true,"href":"http:\/\/desireemartinphoto.com\/blog\/wp-json\/wp\/v2\/tags?post=43"}],"curies":[{"name":"wp","href":"https:\/\/api.w.org\/{rel}","templated":true}]}}