{"id":4283,"date":"2015-11-15T16:38:14","date_gmt":"2015-11-15T16:38:14","guid":{"rendered":"http:\/\/desireemartinphoto.com\/blog\/?p=4283"},"modified":"2015-11-15T19:37:02","modified_gmt":"2015-11-15T19:37:02","slug":"cementerio-de-la-playa-de-las-teresitas","status":"publish","type":"post","link":"http:\/\/desireemartinphoto.com\/blog\/cementerio-de-la-playa-de-las-teresitas\/","title":{"rendered":"Cementerio de la Playa de Las Teresitas"},"content":{"rendered":"<p>Cada a\u00f1o en el entorno del D\u00eda de Finados, el cementerio antiguo de San Andres, el de la playa de Las Teresitas, es desenterrado, literalmente.<\/p>\n<p>La tierra y arena lo sepulta poco a poco durante el a\u00f1o.<\/p>\n<p>Ahora podr\u00edas pensar que qu\u00e9 pena, \u00bfPor qu\u00e9 una vez al a\u00f1o?, o \u00bfpor qu\u00e9 est\u00e1 en este estado?..<\/p>\n<p>Yo me preguntaba lo mismo, y aunque he ido cada a\u00f1o desde hace bastante tiempo, no me hab\u00eda dado cuenta de algo&#8230;<\/p>\n<p><img data-attachment-id=\"4284\" data-permalink=\"http:\/\/desireemartinphoto.com\/blog\/cementerio-de-la-playa-de-las-teresitas\/all-saint-playa-blog-2015-01\/\" data-orig-file=\"http:\/\/desireemartinphoto.com\/blog\/wp-content\/uploads\/2015\/11\/All-Saint-PLAYA-BLOG-2015-01.jpg\" data-orig-size=\"550,371\" data-comments-opened=\"1\" data-image-meta=\"{&quot;aperture&quot;:&quot;0&quot;,&quot;credit&quot;:&quot;&quot;,&quot;camera&quot;:&quot;&quot;,&quot;caption&quot;:&quot;&quot;,&quot;created_timestamp&quot;:&quot;1447597149&quot;,&quot;copyright&quot;:&quot;&quot;,&quot;focal_length&quot;:&quot;0&quot;,&quot;iso&quot;:&quot;0&quot;,&quot;shutter_speed&quot;:&quot;0&quot;,&quot;title&quot;:&quot;&quot;,&quot;orientation&quot;:&quot;1&quot;}\" data-image-title=\"All Saint PLAYA BLOG 2015 01\" data-image-description=\"\" data-medium-file=\"http:\/\/desireemartinphoto.com\/blog\/wp-content\/uploads\/2015\/11\/All-Saint-PLAYA-BLOG-2015-01-300x202.jpg\" data-large-file=\"http:\/\/desireemartinphoto.com\/blog\/wp-content\/uploads\/2015\/11\/All-Saint-PLAYA-BLOG-2015-01.jpg\" loading=\"lazy\" src=\"http:\/\/desireemartinphoto.com\/blog\/wp-content\/uploads\/2015\/11\/All-Saint-PLAYA-BLOG-2015-01.jpg\" alt=\"All Saint PLAYA BLOG 2015 01\" width=\"550\" height=\"371\" class=\"alignleft size-full wp-image-4284\" srcset=\"http:\/\/desireemartinphoto.com\/blog\/wp-content\/uploads\/2015\/11\/All-Saint-PLAYA-BLOG-2015-01.jpg 550w, http:\/\/desireemartinphoto.com\/blog\/wp-content\/uploads\/2015\/11\/All-Saint-PLAYA-BLOG-2015-01-300x202.jpg 300w\" sizes=\"(max-width: 550px) 100vw, 550px\" \/><\/p>\n<p>Las personas que hay enterradas aqu\u00ed ya no tienen familiares cercanos vivos &#8230;no hay padres, hijos, hermanos, esposos..<\/p>\n<p><img data-attachment-id=\"4285\" data-permalink=\"http:\/\/desireemartinphoto.com\/blog\/cementerio-de-la-playa-de-las-teresitas\/spain-religion-saints-beach\/\" data-orig-file=\"http:\/\/desireemartinphoto.com\/blog\/wp-content\/uploads\/2015\/11\/All-Saint-PLAYA-BLOG-2015-02.jpg\" data-orig-size=\"550,788\" data-comments-opened=\"1\" data-image-meta=\"{&quot;aperture&quot;:&quot;8&quot;,&quot;credit&quot;:&quot;AFP&quot;,&quot;camera&quot;:&quot;Canon EOS 5D Mark II&quot;,&quot;caption&quot;:&quot;A man arranges a cross from a grave in cemetery on the beach of Las Teresitas in Santa Cruz de Tenerife on October 30, 2015 during the Catholic All Saints&#039; Day. AFP PHOTO \\\/ DESIREE MARTIN&quot;,&quot;created_timestamp&quot;:&quot;1446198757&quot;,&quot;copyright&quot;:&quot;ImageForum&quot;,&quot;focal_length&quot;:&quot;200&quot;,&quot;iso&quot;:&quot;100&quot;,&quot;shutter_speed&quot;:&quot;0.01&quot;,&quot;title&quot;:&quot;SPAIN-RELIGION-SAINTS-BEACH&quot;,&quot;orientation&quot;:&quot;1&quot;}\" data-image-title=\"\" data-image-description=\"\" data-medium-file=\"http:\/\/desireemartinphoto.com\/blog\/wp-content\/uploads\/2015\/11\/All-Saint-PLAYA-BLOG-2015-02-209x300.jpg\" data-large-file=\"http:\/\/desireemartinphoto.com\/blog\/wp-content\/uploads\/2015\/11\/All-Saint-PLAYA-BLOG-2015-02.jpg\" loading=\"lazy\" src=\"http:\/\/desireemartinphoto.com\/blog\/wp-content\/uploads\/2015\/11\/All-Saint-PLAYA-BLOG-2015-02.jpg\" alt=\"\" width=\"550\" height=\"788\" class=\"alignleft size-full wp-image-4285\" srcset=\"http:\/\/desireemartinphoto.com\/blog\/wp-content\/uploads\/2015\/11\/All-Saint-PLAYA-BLOG-2015-02.jpg 550w, http:\/\/desireemartinphoto.com\/blog\/wp-content\/uploads\/2015\/11\/All-Saint-PLAYA-BLOG-2015-02-209x300.jpg 209w\" sizes=\"(max-width: 550px) 100vw, 550px\" \/><\/p>\n<p>Esta vez, un se\u00f1or me cont\u00f3 que el arreglaba y manten\u00eda la tumba de un familiar lejano y tambi\u00e9n otras de &#8221; amigos de la familia &#8220;. <\/p>\n<p><img data-attachment-id=\"4286\" data-permalink=\"http:\/\/desireemartinphoto.com\/blog\/cementerio-de-la-playa-de-las-teresitas\/spain-religion-saints-beach-2\/\" data-orig-file=\"http:\/\/desireemartinphoto.com\/blog\/wp-content\/uploads\/2015\/11\/All-Saint-PLAYA-BLOG-2015-03.jpg\" data-orig-size=\"550,367\" data-comments-opened=\"1\" data-image-meta=\"{&quot;aperture&quot;:&quot;6.3&quot;,&quot;credit&quot;:&quot;AFP&quot;,&quot;camera&quot;:&quot;Canon EOS 5D Mark II&quot;,&quot;caption&quot;:&quot;A group of people walking along the beach of Las Teresitas in the day of All Saints while others put flowers to their deceased relatives  in cemetery on the beach of Las Teresitas in Santa Cruz de Tenerife on October 30, 2015 during the Catholic All Saints&#039; Day. AFP PHOTO \\\/ DESIREE MARTIN&quot;,&quot;created_timestamp&quot;:&quot;1446197606&quot;,&quot;copyright&quot;:&quot;ImageForum&quot;,&quot;focal_length&quot;:&quot;20&quot;,&quot;iso&quot;:&quot;100&quot;,&quot;shutter_speed&quot;:&quot;0.003125&quot;,&quot;title&quot;:&quot;SPAIN-RELIGION-SAINTS-BEACH&quot;,&quot;orientation&quot;:&quot;1&quot;}\" data-image-title=\"\" data-image-description=\"\" data-medium-file=\"http:\/\/desireemartinphoto.com\/blog\/wp-content\/uploads\/2015\/11\/All-Saint-PLAYA-BLOG-2015-03-300x200.jpg\" data-large-file=\"http:\/\/desireemartinphoto.com\/blog\/wp-content\/uploads\/2015\/11\/All-Saint-PLAYA-BLOG-2015-03.jpg\" loading=\"lazy\" src=\"http:\/\/desireemartinphoto.com\/blog\/wp-content\/uploads\/2015\/11\/All-Saint-PLAYA-BLOG-2015-03.jpg\" alt=\"\" width=\"550\" height=\"367\" class=\"alignleft size-full wp-image-4286\" srcset=\"http:\/\/desireemartinphoto.com\/blog\/wp-content\/uploads\/2015\/11\/All-Saint-PLAYA-BLOG-2015-03.jpg 550w, http:\/\/desireemartinphoto.com\/blog\/wp-content\/uploads\/2015\/11\/All-Saint-PLAYA-BLOG-2015-03-300x200.jpg 300w\" sizes=\"(max-width: 550px) 100vw, 550px\" \/><\/p>\n<p>Una se\u00f1ora se encargaba de unas tumbas de las que &#8220;hab\u00eda heredado el cuidado, cuando su madre falleci\u00f3, le encomend\u00f3 esa tarea&#8221;, adem\u00e1s : &#8220;El cementerios de la capital queda lejos ( Santa Cruz de Tenerife ), as\u00ed que le pongo aqu\u00ed las flores a mi marido e hijos&#8221;.<\/p>\n<p><img data-attachment-id=\"4287\" data-permalink=\"http:\/\/desireemartinphoto.com\/blog\/cementerio-de-la-playa-de-las-teresitas\/all-saint-playa-blog-2015-04\/\" data-orig-file=\"http:\/\/desireemartinphoto.com\/blog\/wp-content\/uploads\/2015\/11\/All-Saint-PLAYA-BLOG-2015-04.jpg\" data-orig-size=\"550,749\" data-comments-opened=\"1\" data-image-meta=\"{&quot;aperture&quot;:&quot;0&quot;,&quot;credit&quot;:&quot;&quot;,&quot;camera&quot;:&quot;&quot;,&quot;caption&quot;:&quot;&quot;,&quot;created_timestamp&quot;:&quot;1447597092&quot;,&quot;copyright&quot;:&quot;&quot;,&quot;focal_length&quot;:&quot;0&quot;,&quot;iso&quot;:&quot;0&quot;,&quot;shutter_speed&quot;:&quot;0&quot;,&quot;title&quot;:&quot;&quot;,&quot;orientation&quot;:&quot;1&quot;}\" data-image-title=\"All Saint PLAYA BLOG 2015 04\" data-image-description=\"\" data-medium-file=\"http:\/\/desireemartinphoto.com\/blog\/wp-content\/uploads\/2015\/11\/All-Saint-PLAYA-BLOG-2015-04-220x300.jpg\" data-large-file=\"http:\/\/desireemartinphoto.com\/blog\/wp-content\/uploads\/2015\/11\/All-Saint-PLAYA-BLOG-2015-04.jpg\" loading=\"lazy\" src=\"http:\/\/desireemartinphoto.com\/blog\/wp-content\/uploads\/2015\/11\/All-Saint-PLAYA-BLOG-2015-04.jpg\" alt=\"All Saint PLAYA BLOG 2015 04\" width=\"550\" height=\"749\" class=\"alignleft size-full wp-image-4287\" srcset=\"http:\/\/desireemartinphoto.com\/blog\/wp-content\/uploads\/2015\/11\/All-Saint-PLAYA-BLOG-2015-04.jpg 550w, http:\/\/desireemartinphoto.com\/blog\/wp-content\/uploads\/2015\/11\/All-Saint-PLAYA-BLOG-2015-04-220x300.jpg 220w\" sizes=\"(max-width: 550px) 100vw, 550px\" \/><\/p>\n<p><img data-attachment-id=\"4288\" data-permalink=\"http:\/\/desireemartinphoto.com\/blog\/cementerio-de-la-playa-de-las-teresitas\/all-saint-playa-blog-2015-05\/\" data-orig-file=\"http:\/\/desireemartinphoto.com\/blog\/wp-content\/uploads\/2015\/11\/All-Saint-PLAYA-BLOG-2015-05.jpg\" data-orig-size=\"550,367\" data-comments-opened=\"1\" data-image-meta=\"{&quot;aperture&quot;:&quot;0&quot;,&quot;credit&quot;:&quot;&quot;,&quot;camera&quot;:&quot;&quot;,&quot;caption&quot;:&quot;&quot;,&quot;created_timestamp&quot;:&quot;1447597128&quot;,&quot;copyright&quot;:&quot;&quot;,&quot;focal_length&quot;:&quot;0&quot;,&quot;iso&quot;:&quot;0&quot;,&quot;shutter_speed&quot;:&quot;0&quot;,&quot;title&quot;:&quot;&quot;,&quot;orientation&quot;:&quot;1&quot;}\" data-image-title=\"All Saint PLAYA BLOG 2015 05\" data-image-description=\"\" data-medium-file=\"http:\/\/desireemartinphoto.com\/blog\/wp-content\/uploads\/2015\/11\/All-Saint-PLAYA-BLOG-2015-05-300x200.jpg\" data-large-file=\"http:\/\/desireemartinphoto.com\/blog\/wp-content\/uploads\/2015\/11\/All-Saint-PLAYA-BLOG-2015-05.jpg\" loading=\"lazy\" src=\"http:\/\/desireemartinphoto.com\/blog\/wp-content\/uploads\/2015\/11\/All-Saint-PLAYA-BLOG-2015-05.jpg\" alt=\"All Saint PLAYA BLOG 2015 05\" width=\"550\" height=\"367\" class=\"alignleft size-full wp-image-4288\" srcset=\"http:\/\/desireemartinphoto.com\/blog\/wp-content\/uploads\/2015\/11\/All-Saint-PLAYA-BLOG-2015-05.jpg 550w, http:\/\/desireemartinphoto.com\/blog\/wp-content\/uploads\/2015\/11\/All-Saint-PLAYA-BLOG-2015-05-300x200.jpg 300w\" sizes=\"(max-width: 550px) 100vw, 550px\" \/><\/p>\n<p><img data-attachment-id=\"4289\" data-permalink=\"http:\/\/desireemartinphoto.com\/blog\/cementerio-de-la-playa-de-las-teresitas\/all-saint-playa-blog-2015-06\/\" data-orig-file=\"http:\/\/desireemartinphoto.com\/blog\/wp-content\/uploads\/2015\/11\/All-Saint-PLAYA-BLOG-2015-06.jpg\" data-orig-size=\"550,367\" data-comments-opened=\"1\" data-image-meta=\"{&quot;aperture&quot;:&quot;0&quot;,&quot;credit&quot;:&quot;&quot;,&quot;camera&quot;:&quot;&quot;,&quot;caption&quot;:&quot;&quot;,&quot;created_timestamp&quot;:&quot;1447597154&quot;,&quot;copyright&quot;:&quot;&quot;,&quot;focal_length&quot;:&quot;0&quot;,&quot;iso&quot;:&quot;0&quot;,&quot;shutter_speed&quot;:&quot;0&quot;,&quot;title&quot;:&quot;&quot;,&quot;orientation&quot;:&quot;1&quot;}\" data-image-title=\"All Saint PLAYA BLOG 2015 06\" data-image-description=\"\" data-medium-file=\"http:\/\/desireemartinphoto.com\/blog\/wp-content\/uploads\/2015\/11\/All-Saint-PLAYA-BLOG-2015-06-300x200.jpg\" data-large-file=\"http:\/\/desireemartinphoto.com\/blog\/wp-content\/uploads\/2015\/11\/All-Saint-PLAYA-BLOG-2015-06.jpg\" loading=\"lazy\" src=\"http:\/\/desireemartinphoto.com\/blog\/wp-content\/uploads\/2015\/11\/All-Saint-PLAYA-BLOG-2015-06.jpg\" alt=\"All Saint PLAYA BLOG 2015 06\" width=\"550\" height=\"367\" class=\"alignleft size-full wp-image-4289\" srcset=\"http:\/\/desireemartinphoto.com\/blog\/wp-content\/uploads\/2015\/11\/All-Saint-PLAYA-BLOG-2015-06.jpg 550w, http:\/\/desireemartinphoto.com\/blog\/wp-content\/uploads\/2015\/11\/All-Saint-PLAYA-BLOG-2015-06-300x200.jpg 300w\" sizes=\"(max-width: 550px) 100vw, 550px\" \/><\/p>\n<p><img data-attachment-id=\"4290\" data-permalink=\"http:\/\/desireemartinphoto.com\/blog\/cementerio-de-la-playa-de-las-teresitas\/spain-religion-saints-beach-3\/\" data-orig-file=\"http:\/\/desireemartinphoto.com\/blog\/wp-content\/uploads\/2015\/11\/All-Saint-PLAYA-BLOG-2015-07.jpg\" data-orig-size=\"550,367\" data-comments-opened=\"1\" data-image-meta=\"{&quot;aperture&quot;:&quot;6.3&quot;,&quot;credit&quot;:&quot;AFP&quot;,&quot;camera&quot;:&quot;Canon EOS 5D Mark II&quot;,&quot;caption&quot;:&quot;A man arranges a cross from a grave in cemetery on the beach of Las Teresitas in Santa Cruz de Tenerife on October 30, 2015 during the Catholic All Saints&#039; Day. AFP PHOTO \\\/ DESIREE MARTIN&quot;,&quot;created_timestamp&quot;:&quot;1446196426&quot;,&quot;copyright&quot;:&quot;ImageForum&quot;,&quot;focal_length&quot;:&quot;80&quot;,&quot;iso&quot;:&quot;100&quot;,&quot;shutter_speed&quot;:&quot;0.01&quot;,&quot;title&quot;:&quot;SPAIN-RELIGION-SAINTS-BEACH&quot;,&quot;orientation&quot;:&quot;1&quot;}\" data-image-title=\"\" data-image-description=\"\" data-medium-file=\"http:\/\/desireemartinphoto.com\/blog\/wp-content\/uploads\/2015\/11\/All-Saint-PLAYA-BLOG-2015-07-300x200.jpg\" data-large-file=\"http:\/\/desireemartinphoto.com\/blog\/wp-content\/uploads\/2015\/11\/All-Saint-PLAYA-BLOG-2015-07.jpg\" loading=\"lazy\" src=\"http:\/\/desireemartinphoto.com\/blog\/wp-content\/uploads\/2015\/11\/All-Saint-PLAYA-BLOG-2015-07.jpg\" alt=\"\" width=\"550\" height=\"367\" class=\"alignleft size-full wp-image-4290\" srcset=\"http:\/\/desireemartinphoto.com\/blog\/wp-content\/uploads\/2015\/11\/All-Saint-PLAYA-BLOG-2015-07.jpg 550w, http:\/\/desireemartinphoto.com\/blog\/wp-content\/uploads\/2015\/11\/All-Saint-PLAYA-BLOG-2015-07-300x200.jpg 300w\" sizes=\"(max-width: 550px) 100vw, 550px\" \/><\/p>\n<p><img data-attachment-id=\"4291\" data-permalink=\"http:\/\/desireemartinphoto.com\/blog\/cementerio-de-la-playa-de-las-teresitas\/all-saint-playa-blog-2015-08\/\" data-orig-file=\"http:\/\/desireemartinphoto.com\/blog\/wp-content\/uploads\/2015\/11\/All-Saint-PLAYA-BLOG-2015-08.jpg\" data-orig-size=\"550,337\" data-comments-opened=\"1\" data-image-meta=\"{&quot;aperture&quot;:&quot;0&quot;,&quot;credit&quot;:&quot;&quot;,&quot;camera&quot;:&quot;&quot;,&quot;caption&quot;:&quot;&quot;,&quot;created_timestamp&quot;:&quot;1447597143&quot;,&quot;copyright&quot;:&quot;&quot;,&quot;focal_length&quot;:&quot;0&quot;,&quot;iso&quot;:&quot;0&quot;,&quot;shutter_speed&quot;:&quot;0&quot;,&quot;title&quot;:&quot;&quot;,&quot;orientation&quot;:&quot;1&quot;}\" data-image-title=\"All Saint PLAYA BLOG 2015 08\" data-image-description=\"\" data-medium-file=\"http:\/\/desireemartinphoto.com\/blog\/wp-content\/uploads\/2015\/11\/All-Saint-PLAYA-BLOG-2015-08-300x184.jpg\" data-large-file=\"http:\/\/desireemartinphoto.com\/blog\/wp-content\/uploads\/2015\/11\/All-Saint-PLAYA-BLOG-2015-08.jpg\" loading=\"lazy\" src=\"http:\/\/desireemartinphoto.com\/blog\/wp-content\/uploads\/2015\/11\/All-Saint-PLAYA-BLOG-2015-08.jpg\" alt=\"All Saint PLAYA BLOG 2015 08\" width=\"550\" height=\"337\" class=\"alignleft size-full wp-image-4291\" srcset=\"http:\/\/desireemartinphoto.com\/blog\/wp-content\/uploads\/2015\/11\/All-Saint-PLAYA-BLOG-2015-08.jpg 550w, http:\/\/desireemartinphoto.com\/blog\/wp-content\/uploads\/2015\/11\/All-Saint-PLAYA-BLOG-2015-08-300x184.jpg 300w\" sizes=\"(max-width: 550px) 100vw, 550px\" \/><\/p>\n<p><img data-attachment-id=\"4292\" data-permalink=\"http:\/\/desireemartinphoto.com\/blog\/cementerio-de-la-playa-de-las-teresitas\/all-saint-playa-blog-2015-09\/\" data-orig-file=\"http:\/\/desireemartinphoto.com\/blog\/wp-content\/uploads\/2015\/11\/All-Saint-PLAYA-BLOG-2015-09.jpg\" data-orig-size=\"550,561\" data-comments-opened=\"1\" data-image-meta=\"{&quot;aperture&quot;:&quot;0&quot;,&quot;credit&quot;:&quot;&quot;,&quot;camera&quot;:&quot;&quot;,&quot;caption&quot;:&quot;&quot;,&quot;created_timestamp&quot;:&quot;1447597123&quot;,&quot;copyright&quot;:&quot;&quot;,&quot;focal_length&quot;:&quot;0&quot;,&quot;iso&quot;:&quot;0&quot;,&quot;shutter_speed&quot;:&quot;0&quot;,&quot;title&quot;:&quot;&quot;,&quot;orientation&quot;:&quot;1&quot;}\" data-image-title=\"All Saint PLAYA BLOG 2015 09\" data-image-description=\"\" data-medium-file=\"http:\/\/desireemartinphoto.com\/blog\/wp-content\/uploads\/2015\/11\/All-Saint-PLAYA-BLOG-2015-09-294x300.jpg\" data-large-file=\"http:\/\/desireemartinphoto.com\/blog\/wp-content\/uploads\/2015\/11\/All-Saint-PLAYA-BLOG-2015-09.jpg\" loading=\"lazy\" src=\"http:\/\/desireemartinphoto.com\/blog\/wp-content\/uploads\/2015\/11\/All-Saint-PLAYA-BLOG-2015-09.jpg\" alt=\"All Saint PLAYA BLOG 2015 09\" width=\"550\" height=\"561\" class=\"alignleft size-full wp-image-4292\" srcset=\"http:\/\/desireemartinphoto.com\/blog\/wp-content\/uploads\/2015\/11\/All-Saint-PLAYA-BLOG-2015-09.jpg 550w, http:\/\/desireemartinphoto.com\/blog\/wp-content\/uploads\/2015\/11\/All-Saint-PLAYA-BLOG-2015-09-294x300.jpg 294w\" sizes=\"(max-width: 550px) 100vw, 550px\" \/><\/p>\n<p><img data-attachment-id=\"4293\" data-permalink=\"http:\/\/desireemartinphoto.com\/blog\/cementerio-de-la-playa-de-las-teresitas\/all-saint-playa-blog-2015-10\/\" data-orig-file=\"http:\/\/desireemartinphoto.com\/blog\/wp-content\/uploads\/2015\/11\/All-Saint-PLAYA-BLOG-2015-10.jpg\" data-orig-size=\"550,367\" data-comments-opened=\"1\" data-image-meta=\"{&quot;aperture&quot;:&quot;0&quot;,&quot;credit&quot;:&quot;&quot;,&quot;camera&quot;:&quot;&quot;,&quot;caption&quot;:&quot;&quot;,&quot;created_timestamp&quot;:&quot;1447597047&quot;,&quot;copyright&quot;:&quot;&quot;,&quot;focal_length&quot;:&quot;0&quot;,&quot;iso&quot;:&quot;0&quot;,&quot;shutter_speed&quot;:&quot;0&quot;,&quot;title&quot;:&quot;&quot;,&quot;orientation&quot;:&quot;1&quot;}\" data-image-title=\"All Saint PLAYA BLOG 2015 10\" data-image-description=\"\" data-medium-file=\"http:\/\/desireemartinphoto.com\/blog\/wp-content\/uploads\/2015\/11\/All-Saint-PLAYA-BLOG-2015-10-300x200.jpg\" data-large-file=\"http:\/\/desireemartinphoto.com\/blog\/wp-content\/uploads\/2015\/11\/All-Saint-PLAYA-BLOG-2015-10.jpg\" loading=\"lazy\" src=\"http:\/\/desireemartinphoto.com\/blog\/wp-content\/uploads\/2015\/11\/All-Saint-PLAYA-BLOG-2015-10.jpg\" alt=\"All Saint PLAYA BLOG 2015 10\" width=\"550\" height=\"367\" class=\"alignleft size-full wp-image-4293\" srcset=\"http:\/\/desireemartinphoto.com\/blog\/wp-content\/uploads\/2015\/11\/All-Saint-PLAYA-BLOG-2015-10.jpg 550w, http:\/\/desireemartinphoto.com\/blog\/wp-content\/uploads\/2015\/11\/All-Saint-PLAYA-BLOG-2015-10-300x200.jpg 300w\" sizes=\"(max-width: 550px) 100vw, 550px\" \/><\/p>\n<p><img data-attachment-id=\"4294\" data-permalink=\"http:\/\/desireemartinphoto.com\/blog\/cementerio-de-la-playa-de-las-teresitas\/spain-religion-saints-beach-4\/\" data-orig-file=\"http:\/\/desireemartinphoto.com\/blog\/wp-content\/uploads\/2015\/11\/All-Saint-PLAYA-BLOG-2015-11.jpg\" data-orig-size=\"550,676\" data-comments-opened=\"1\" data-image-meta=\"{&quot;aperture&quot;:&quot;8&quot;,&quot;credit&quot;:&quot;AFP&quot;,&quot;camera&quot;:&quot;Canon EOS 5D Mark II&quot;,&quot;caption&quot;:&quot;A group of people walking along the beach of Las Teresitas in the day of All Saints while others put flowers to their deceased relatives  in cemetery on the beach of Las Teresitas in Santa Cruz de Tenerife on October 30, 2015 during the Catholic All Saints&#039; Day. AFP PHOTO \\\/ DESIREE MARTIN&quot;,&quot;created_timestamp&quot;:&quot;1446196905&quot;,&quot;copyright&quot;:&quot;ImageForum&quot;,&quot;focal_length&quot;:&quot;200&quot;,&quot;iso&quot;:&quot;100&quot;,&quot;shutter_speed&quot;:&quot;0.008&quot;,&quot;title&quot;:&quot;SPAIN-RELIGION-SAINTS-BEACH&quot;,&quot;orientation&quot;:&quot;1&quot;}\" data-image-title=\"SPAIN-RELIGION-SAINTS-BEACH\" data-image-description=\"\" data-medium-file=\"http:\/\/desireemartinphoto.com\/blog\/wp-content\/uploads\/2015\/11\/All-Saint-PLAYA-BLOG-2015-11-244x300.jpg\" data-large-file=\"http:\/\/desireemartinphoto.com\/blog\/wp-content\/uploads\/2015\/11\/All-Saint-PLAYA-BLOG-2015-11.jpg\" loading=\"lazy\" src=\"http:\/\/desireemartinphoto.com\/blog\/wp-content\/uploads\/2015\/11\/All-Saint-PLAYA-BLOG-2015-11.jpg\" alt=\"SPAIN-RELIGION-SAINTS-BEACH\" width=\"550\" height=\"676\" class=\"alignleft size-full wp-image-4294\" srcset=\"http:\/\/desireemartinphoto.com\/blog\/wp-content\/uploads\/2015\/11\/All-Saint-PLAYA-BLOG-2015-11.jpg 550w, http:\/\/desireemartinphoto.com\/blog\/wp-content\/uploads\/2015\/11\/All-Saint-PLAYA-BLOG-2015-11-244x300.jpg 244w\" sizes=\"(max-width: 550px) 100vw, 550px\" \/><\/p>\n<p><img data-attachment-id=\"4295\" data-permalink=\"http:\/\/desireemartinphoto.com\/blog\/cementerio-de-la-playa-de-las-teresitas\/spain-religion-saints-beach-5\/\" data-orig-file=\"http:\/\/desireemartinphoto.com\/blog\/wp-content\/uploads\/2015\/11\/All-Saint-PLAYA-BLOG-2015-12.jpg\" data-orig-size=\"550,825\" data-comments-opened=\"1\" data-image-meta=\"{&quot;aperture&quot;:&quot;2.8&quot;,&quot;credit&quot;:&quot;AFP&quot;,&quot;camera&quot;:&quot;Canon EOS 5D Mark II&quot;,&quot;caption&quot;:&quot;A group of people walking along the beach of Las Teresitas in the day of All Saints while others put flowers to their deceased relatives  in cemetery on the beach of Las Teresitas in Santa Cruz de Tenerife on October 30, 2015 during the Catholic All Saints&#039; Day. AFP PHOTO \\\/ DESIREE MARTIN&quot;,&quot;created_timestamp&quot;:&quot;1446198616&quot;,&quot;copyright&quot;:&quot;ImageForum&quot;,&quot;focal_length&quot;:&quot;70&quot;,&quot;iso&quot;:&quot;100&quot;,&quot;shutter_speed&quot;:&quot;0.000625&quot;,&quot;title&quot;:&quot;SPAIN-RELIGION-SAINTS-BEACH&quot;,&quot;orientation&quot;:&quot;1&quot;}\" data-image-title=\"SPAIN-RELIGION-SAINTS-BEACH\" data-image-description=\"\" data-medium-file=\"http:\/\/desireemartinphoto.com\/blog\/wp-content\/uploads\/2015\/11\/All-Saint-PLAYA-BLOG-2015-12-200x300.jpg\" data-large-file=\"http:\/\/desireemartinphoto.com\/blog\/wp-content\/uploads\/2015\/11\/All-Saint-PLAYA-BLOG-2015-12.jpg\" loading=\"lazy\" src=\"http:\/\/desireemartinphoto.com\/blog\/wp-content\/uploads\/2015\/11\/All-Saint-PLAYA-BLOG-2015-12.jpg\" alt= width=\"550\" height=\"825\" class=\"size-full wp-image-4295\" srcset=\"http:\/\/desireemartinphoto.com\/blog\/wp-content\/uploads\/2015\/11\/All-Saint-PLAYA-BLOG-2015-12.jpg 550w, http:\/\/desireemartinphoto.com\/blog\/wp-content\/uploads\/2015\/11\/All-Saint-PLAYA-BLOG-2015-12-200x300.jpg 200w\" sizes=\"(max-width: 550px) 100vw, 550px\" \/> <\/p>\n<p><img data-attachment-id=\"4296\" data-permalink=\"http:\/\/desireemartinphoto.com\/blog\/cementerio-de-la-playa-de-las-teresitas\/spain-religion-saints-beach-6\/\" data-orig-file=\"http:\/\/desireemartinphoto.com\/blog\/wp-content\/uploads\/2015\/11\/All-Saint-PLAYA-BLOG-2015-13.jpg\" data-orig-size=\"550,367\" data-comments-opened=\"1\" data-image-meta=\"{&quot;aperture&quot;:&quot;6.3&quot;,&quot;credit&quot;:&quot;AFP&quot;,&quot;camera&quot;:&quot;Canon EOS 5D Mark II&quot;,&quot;caption&quot;:&quot;A group of people walking along the beach of Las Teresitas in the day of All Saints while others put flowers to their deceased relatives  in cemetery on the beach of Las Teresitas in Santa Cruz de Tenerife on October 30, 2015 during the Catholic All Saints&#039; Day. AFP PHOTO \\\/ DESIREE MARTIN&quot;,&quot;created_timestamp&quot;:&quot;1446197785&quot;,&quot;copyright&quot;:&quot;ImageForum&quot;,&quot;focal_length&quot;:&quot;70&quot;,&quot;iso&quot;:&quot;100&quot;,&quot;shutter_speed&quot;:&quot;0.002&quot;,&quot;title&quot;:&quot;SPAIN-RELIGION-SAINTS-BEACH&quot;,&quot;orientation&quot;:&quot;1&quot;}\" data-image-title=\"SPAIN-RELIGION-SAINTS-BEACH\" data-image-description=\"\" data-medium-file=\"http:\/\/desireemartinphoto.com\/blog\/wp-content\/uploads\/2015\/11\/All-Saint-PLAYA-BLOG-2015-13-300x200.jpg\" data-large-file=\"http:\/\/desireemartinphoto.com\/blog\/wp-content\/uploads\/2015\/11\/All-Saint-PLAYA-BLOG-2015-13.jpg\" loading=\"lazy\" width=\"550\" height=\"367\" src=\"http:\/\/desireemartinphoto.com\/blog\/wp-content\/uploads\/2015\/11\/All-Saint-PLAYA-BLOG-2015-13.jpg\" alt= size-full wp-image-4296\" srcset=\"http:\/\/desireemartinphoto.com\/blog\/wp-content\/uploads\/2015\/11\/All-Saint-PLAYA-BLOG-2015-13.jpg 550w, http:\/\/desireemartinphoto.com\/blog\/wp-content\/uploads\/2015\/11\/All-Saint-PLAYA-BLOG-2015-13-300x200.jpg 300w\" sizes=\"(max-width: 550px) 100vw, 550px\" \/><\/p>\n<p><img data-attachment-id=\"4297\" data-permalink=\"http:\/\/desireemartinphoto.com\/blog\/cementerio-de-la-playa-de-las-teresitas\/spain-religion-saints-beach-7\/\" data-orig-file=\"http:\/\/desireemartinphoto.com\/blog\/wp-content\/uploads\/2015\/11\/All-Saint-PLAYA-BLOG-2015-14.jpg\" data-orig-size=\"550,862\" data-comments-opened=\"1\" data-image-meta=\"{&quot;aperture&quot;:&quot;5.6&quot;,&quot;credit&quot;:&quot;AFP&quot;,&quot;camera&quot;:&quot;Canon EOS 5D Mark II&quot;,&quot;caption&quot;:&quot;A group of people walking along the beach of Las Teresitas in the day of All Saints while others put flowers to their deceased relatives  in cemetery on the beach of Las Teresitas in Santa Cruz de Tenerife on October 30, 2015 during the Catholic All Saints&#039; Day. AFP PHOTO \\\/ DESIREE MARTIN&quot;,&quot;created_timestamp&quot;:&quot;1446198514&quot;,&quot;copyright&quot;:&quot;ImageForum&quot;,&quot;focal_length&quot;:&quot;70&quot;,&quot;iso&quot;:&quot;100&quot;,&quot;shutter_speed&quot;:&quot;0.004&quot;,&quot;title&quot;:&quot;SPAIN-RELIGION-SAINTS-BEACH&quot;,&quot;orientation&quot;:&quot;1&quot;}\" data-image-title=\"SPAIN-RELIGION-SAINTS-BEACH\" data-image-description=\"\" data-medium-file=\"http:\/\/desireemartinphoto.com\/blog\/wp-content\/uploads\/2015\/11\/All-Saint-PLAYA-BLOG-2015-14-191x300.jpg\" data-large-file=\"http:\/\/desireemartinphoto.com\/blog\/wp-content\/uploads\/2015\/11\/All-Saint-PLAYA-BLOG-2015-14.jpg\" loading=\"lazy\" width=\"550\" height=\"862\" src=\"http:\/\/desireemartinphoto.com\/blog\/wp-content\/uploads\/2015\/11\/All-Saint-PLAYA-BLOG-2015-14.jpg\" alt= size-full wp-image-4297\" srcset=\"http:\/\/desireemartinphoto.com\/blog\/wp-content\/uploads\/2015\/11\/All-Saint-PLAYA-BLOG-2015-14.jpg 550w, http:\/\/desireemartinphoto.com\/blog\/wp-content\/uploads\/2015\/11\/All-Saint-PLAYA-BLOG-2015-14-191x300.jpg 191w\" sizes=\"(max-width: 550px) 100vw, 550px\" \/><\/p>\n<p><img data-attachment-id=\"4298\" data-permalink=\"http:\/\/desireemartinphoto.com\/blog\/cementerio-de-la-playa-de-las-teresitas\/spain-religion-saints-beach-8\/\" data-orig-file=\"http:\/\/desireemartinphoto.com\/blog\/wp-content\/uploads\/2015\/11\/All-Saint-PLAYA-BLOG-2015-15.jpg\" data-orig-size=\"550,330\" data-comments-opened=\"1\" data-image-meta=\"{&quot;aperture&quot;:&quot;6.3&quot;,&quot;credit&quot;:&quot;AFP&quot;,&quot;camera&quot;:&quot;Canon EOS 5D Mark II&quot;,&quot;caption&quot;:&quot;A group of people walking along the beach of Las Teresitas in the day of All Saints while others put flowers to their deceased relatives  in cemetery on the beach of Las Teresitas in Santa Cruz de Tenerife on October 30, 2015 during the Catholic All Saints&#039; Day. AFP PHOTO \\\/ DESIREE MARTIN&quot;,&quot;created_timestamp&quot;:&quot;1446198056&quot;,&quot;copyright&quot;:&quot;ImageForum&quot;,&quot;focal_length&quot;:&quot;21&quot;,&quot;iso&quot;:&quot;100&quot;,&quot;shutter_speed&quot;:&quot;0.0025&quot;,&quot;title&quot;:&quot;SPAIN-RELIGION-SAINTS-BEACH&quot;,&quot;orientation&quot;:&quot;1&quot;}\" data-image-title=\"SPAIN-RELIGION-SAINTS-BEACH\" data-image-description=\"\" data-medium-file=\"http:\/\/desireemartinphoto.com\/blog\/wp-content\/uploads\/2015\/11\/All-Saint-PLAYA-BLOG-2015-15-300x180.jpg\" data-large-file=\"http:\/\/desireemartinphoto.com\/blog\/wp-content\/uploads\/2015\/11\/All-Saint-PLAYA-BLOG-2015-15.jpg\" loading=\"lazy\" width=\"550\" height=\"330\" src=\"http:\/\/desireemartinphoto.com\/blog\/wp-content\/uploads\/2015\/11\/All-Saint-PLAYA-BLOG-2015-15.jpg\" alt= size-full wp-image-4298\" srcset=\"http:\/\/desireemartinphoto.com\/blog\/wp-content\/uploads\/2015\/11\/All-Saint-PLAYA-BLOG-2015-15.jpg 550w, http:\/\/desireemartinphoto.com\/blog\/wp-content\/uploads\/2015\/11\/All-Saint-PLAYA-BLOG-2015-15-300x180.jpg 300w\" sizes=\"(max-width: 550px) 100vw, 550px\" \/> <\/p>\n<p>Siempre hay una historia diferente, incluso si me encuentro con una misma persona en un mismo lugar ..<\/p>\n<p>Hasta el tema m\u00e1s trillado sorprende, supongo que hacia tiempo que no dejaba que sucediera.<\/p>\n<p>Gracias!!<\/p>\n<p><img data-attachment-id=\"4300\" data-permalink=\"http:\/\/desireemartinphoto.com\/blog\/cementerio-de-la-playa-de-las-teresitas\/all-saint-playa-blog-2015-16\/\" data-orig-file=\"http:\/\/desireemartinphoto.com\/blog\/wp-content\/uploads\/2015\/11\/All-Saint-PLAYA-BLOG-2015-16.jpg\" data-orig-size=\"550,367\" data-comments-opened=\"1\" data-image-meta=\"{&quot;aperture&quot;:&quot;0&quot;,&quot;credit&quot;:&quot;&quot;,&quot;camera&quot;:&quot;&quot;,&quot;caption&quot;:&quot;&quot;,&quot;created_timestamp&quot;:&quot;1447597056&quot;,&quot;copyright&quot;:&quot;&quot;,&quot;focal_length&quot;:&quot;0&quot;,&quot;iso&quot;:&quot;0&quot;,&quot;shutter_speed&quot;:&quot;0&quot;,&quot;title&quot;:&quot;&quot;,&quot;orientation&quot;:&quot;1&quot;}\" data-image-title=\"All Saint PLAYA BLOG 2015 16\" data-image-description=\"\" data-medium-file=\"http:\/\/desireemartinphoto.com\/blog\/wp-content\/uploads\/2015\/11\/All-Saint-PLAYA-BLOG-2015-16-300x200.jpg\" data-large-file=\"http:\/\/desireemartinphoto.com\/blog\/wp-content\/uploads\/2015\/11\/All-Saint-PLAYA-BLOG-2015-16.jpg\" loading=\"lazy\" src=\"http:\/\/desireemartinphoto.com\/blog\/wp-content\/uploads\/2015\/11\/All-Saint-PLAYA-BLOG-2015-16.jpg\" alt=\"All Saint PLAYA BLOG 2015 16\" width=\"550\" height=\"367\" class=\"alignleft size-full wp-image-4300\" srcset=\"http:\/\/desireemartinphoto.com\/blog\/wp-content\/uploads\/2015\/11\/All-Saint-PLAYA-BLOG-2015-16.jpg 550w, http:\/\/desireemartinphoto.com\/blog\/wp-content\/uploads\/2015\/11\/All-Saint-PLAYA-BLOG-2015-16-300x200.jpg 300w\" sizes=\"(max-width: 550px) 100vw, 550px\" \/><\/p>\n<div class=\"sharedaddy sd-sharing-enabled\"><div class=\"robots-nocontent sd-block sd-social sd-social-icon-text sd-sharing\"><h3 class=\"sd-title\">COMPARTE ESTO:<\/h3><div class=\"sd-content\"><ul><li class=\"share-facebook\"><a rel=\"nofollow noopener noreferrer\" data-shared=\"sharing-facebook-4283\" class=\"share-facebook sd-button share-icon\" href=\"http:\/\/desireemartinphoto.com\/blog\/cementerio-de-la-playa-de-las-teresitas\/?share=facebook\" target=\"_blank\" title=\"Haz clic para compartir en Facebook\"><span>Facebook<\/span><\/a><\/li><li class=\"share-twitter\"><a rel=\"nofollow noopener noreferrer\" data-shared=\"sharing-twitter-4283\" class=\"share-twitter sd-button share-icon\" href=\"http:\/\/desireemartinphoto.com\/blog\/cementerio-de-la-playa-de-las-teresitas\/?share=twitter\" target=\"_blank\" title=\"Haz clic para compartir en Twitter\"><span>Twitter<\/span><\/a><\/li><li class=\"share-email\"><a rel=\"nofollow noopener noreferrer\" data-shared=\"\" class=\"share-email sd-button share-icon\" href=\"http:\/\/desireemartinphoto.com\/blog\/cementerio-de-la-playa-de-las-teresitas\/?share=email\" target=\"_blank\" title=\"Haz clic para enviar por correo electr\u00f3nico a un amigo\"><span>Correo electr\u00f3nico<\/span><\/a><\/li><li class=\"share-linkedin\"><a rel=\"nofollow noopener noreferrer\" data-shared=\"sharing-linkedin-4283\" class=\"share-linkedin sd-button share-icon\" href=\"http:\/\/desireemartinphoto.com\/blog\/cementerio-de-la-playa-de-las-teresitas\/?share=linkedin\" target=\"_blank\" title=\"Haz clic para compartir en LinkedIn\"><span>LinkedIn<\/span><\/a><\/li><li class=\"share-tumblr\"><a rel=\"nofollow noopener noreferrer\" data-shared=\"\" class=\"share-tumblr sd-button share-icon\" href=\"http:\/\/desireemartinphoto.com\/blog\/cementerio-de-la-playa-de-las-teresitas\/?share=tumblr\" target=\"_blank\" title=\"Haz clic para compartir en Tumblr\"><span>Tumblr<\/span><\/a><\/li><li class=\"share-end\"><\/li><\/ul><\/div><\/div><\/div>","protected":false},"excerpt":{"rendered":"<p>Cada a\u00f1o en el entorno del D\u00eda de Finados, el cementerio antiguo de San Andres, el de la playa de Las Teresitas, es desenterrado, literalmente. La tierra y arena lo sepulta poco a poco durante el a\u00f1o. Ahora podr\u00edas pensar que qu\u00e9 pena, \u00bfPor qu\u00e9 una vez al a\u00f1o?, o \u00bfpor qu\u00e9 est\u00e1 en este [&#038;hellip<\/p>\n<div class=\"sharedaddy sd-sharing-enabled\"><div class=\"robots-nocontent sd-block sd-social sd-social-icon-text sd-sharing\"><h3 class=\"sd-title\">COMPARTE ESTO:<\/h3><div class=\"sd-content\"><ul><li class=\"share-facebook\"><a rel=\"nofollow noopener noreferrer\" data-shared=\"sharing-facebook-4283\" class=\"share-facebook sd-button share-icon\" href=\"http:\/\/desireemartinphoto.com\/blog\/cementerio-de-la-playa-de-las-teresitas\/?share=facebook\" target=\"_blank\" title=\"Haz clic para compartir en Facebook\"><span>Facebook<\/span><\/a><\/li><li class=\"share-twitter\"><a rel=\"nofollow noopener noreferrer\" data-shared=\"sharing-twitter-4283\" class=\"share-twitter sd-button share-icon\" href=\"http:\/\/desireemartinphoto.com\/blog\/cementerio-de-la-playa-de-las-teresitas\/?share=twitter\" target=\"_blank\" title=\"Haz clic para compartir en Twitter\"><span>Twitter<\/span><\/a><\/li><li class=\"share-email\"><a rel=\"nofollow noopener noreferrer\" data-shared=\"\" class=\"share-email sd-button share-icon\" href=\"http:\/\/desireemartinphoto.com\/blog\/cementerio-de-la-playa-de-las-teresitas\/?share=email\" target=\"_blank\" title=\"Haz clic para enviar por correo electr\u00f3nico a un amigo\"><span>Correo electr\u00f3nico<\/span><\/a><\/li><li class=\"share-linkedin\"><a rel=\"nofollow noopener noreferrer\" data-shared=\"sharing-linkedin-4283\" class=\"share-linkedin sd-button share-icon\" href=\"http:\/\/desireemartinphoto.com\/blog\/cementerio-de-la-playa-de-las-teresitas\/?share=linkedin\" target=\"_blank\" title=\"Haz clic para compartir en LinkedIn\"><span>LinkedIn<\/span><\/a><\/li><li class=\"share-tumblr\"><a rel=\"nofollow noopener noreferrer\" data-shared=\"\" class=\"share-tumblr sd-button share-icon\" href=\"http:\/\/desireemartinphoto.com\/blog\/cementerio-de-la-playa-de-las-teresitas\/?share=tumblr\" target=\"_blank\" title=\"Haz clic para compartir en Tumblr\"><span>Tumblr<\/span><\/a><\/li><li class=\"share-end\"><\/li><\/ul><\/div><\/div><\/div>","protected":false},"author":1,"featured_media":0,"comment_status":"open","ping_status":"open","sticky":false,"template":"","format":"standard","meta":{"spay_email":""},"categories":[1],"tags":[745,736,467,469,693,59,468,60,694,869,58,348,523,870,466,737,465],"jetpack_featured_media_url":"","jetpack_sharing_enabled":true,"_links":{"self":[{"href":"http:\/\/desireemartinphoto.com\/blog\/wp-json\/wp\/v2\/posts\/4283"}],"collection":[{"href":"http:\/\/desireemartinphoto.com\/blog\/wp-json\/wp\/v2\/posts"}],"about":[{"href":"http:\/\/desireemartinphoto.com\/blog\/wp-json\/wp\/v2\/types\/post"}],"author":[{"embeddable":true,"href":"http:\/\/desireemartinphoto.com\/blog\/wp-json\/wp\/v2\/users\/1"}],"replies":[{"embeddable":true,"href":"http:\/\/desireemartinphoto.com\/blog\/wp-json\/wp\/v2\/comments?post=4283"}],"version-history":[{"count":4,"href":"http:\/\/desireemartinphoto.com\/blog\/wp-json\/wp\/v2\/posts\/4283\/revisions"}],"predecessor-version":[{"id":4305,"href":"http:\/\/desireemartinphoto.com\/blog\/wp-json\/wp\/v2\/posts\/4283\/revisions\/4305"}],"wp:attachment":[{"href":"http:\/\/desireemartinphoto.com\/blog\/wp-json\/wp\/v2\/media?parent=4283"}],"wp:term":[{"taxonomy":"category","embeddable":true,"href":"http:\/\/desireemartinphoto.com\/blog\/wp-json\/wp\/v2\/categories?post=4283"},{"taxonomy":"post_tag","embeddable":true,"href":"http:\/\/desireemartinphoto.com\/blog\/wp-json\/wp\/v2\/tags?post=4283"}],"curies":[{"name":"wp","href":"https:\/\/api.w.org\/{rel}","templated":true}]}}