{"id":4264,"date":"2015-09-29T23:28:32","date_gmt":"2015-09-29T23:28:32","guid":{"rendered":"http:\/\/desireemartinphoto.com\/blog\/?p=4264"},"modified":"2015-09-29T23:28:32","modified_gmt":"2015-09-29T23:28:32","slug":"eclipse-de-luna-de-sangre-y-discusion-sobre-etica-en-fotoperiodismo","status":"publish","type":"post","link":"http:\/\/desireemartinphoto.com\/blog\/eclipse-de-luna-de-sangre-y-discusion-sobre-etica-en-fotoperiodismo\/","title":{"rendered":"Eclipse de luna de sangre y discusi\u00f3n sobre \u00e9tica en FOTOPERIODISMO"},"content":{"rendered":"<p>Noche del 28 de septiembre, 2015, luna llena.<\/p>\n<p><img data-attachment-id=\"4265\" data-permalink=\"http:\/\/desireemartinphoto.com\/blog\/eclipse-de-luna-de-sangre-y-discusion-sobre-etica-en-fotoperiodismo\/eclipse-luna-sangre-09-2015-blog-01\/\" data-orig-file=\"http:\/\/desireemartinphoto.com\/blog\/wp-content\/uploads\/2015\/09\/Eclipse-luna-Sangre-09-2015-BLOG-01.jpg\" data-orig-size=\"550,445\" data-comments-opened=\"1\" data-image-meta=\"{&quot;aperture&quot;:&quot;16&quot;,&quot;credit&quot;:&quot;&quot;,&quot;camera&quot;:&quot;Canon EOS 5D Mark II&quot;,&quot;caption&quot;:&quot;&quot;,&quot;created_timestamp&quot;:&quot;1443394622&quot;,&quot;copyright&quot;:&quot;&quot;,&quot;focal_length&quot;:&quot;327&quot;,&quot;iso&quot;:&quot;100&quot;,&quot;shutter_speed&quot;:&quot;0.01&quot;,&quot;title&quot;:&quot;&quot;,&quot;orientation&quot;:&quot;1&quot;}\" data-image-title=\"Luna llena, SUPER LUNA\" data-image-description=\"\" data-medium-file=\"http:\/\/desireemartinphoto.com\/blog\/wp-content\/uploads\/2015\/09\/Eclipse-luna-Sangre-09-2015-BLOG-01-300x243.jpg\" data-large-file=\"http:\/\/desireemartinphoto.com\/blog\/wp-content\/uploads\/2015\/09\/Eclipse-luna-Sangre-09-2015-BLOG-01.jpg\" loading=\"lazy\" src=\"http:\/\/desireemartinphoto.com\/blog\/wp-content\/uploads\/2015\/09\/Eclipse-luna-Sangre-09-2015-BLOG-01.jpg\" alt=\"Luna llena, SUPER LUNA \" width=\"550\" height=\"445\" class=\"alignleft size-full wp-image-4265\" srcset=\"http:\/\/desireemartinphoto.com\/blog\/wp-content\/uploads\/2015\/09\/Eclipse-luna-Sangre-09-2015-BLOG-01.jpg 550w, http:\/\/desireemartinphoto.com\/blog\/wp-content\/uploads\/2015\/09\/Eclipse-luna-Sangre-09-2015-BLOG-01-300x243.jpg 300w\" sizes=\"(max-width: 550px) 100vw, 550px\" \/><\/p>\n<p>Hac\u00eda semanas que preparaba el nuevo eclipse total de luna de sangre.  <\/p>\n<p>14 % m\u00e1s grande, 30 % m\u00e1s luminosa, apps para visualizar la salida, y los movimientos.. para qu\u00e9? Para saber d\u00f3nde ubicarme para lograr una imagen. Producci\u00f3n vaya&#8230;<\/p>\n<p>Rastreo la web de la agencia ( AFP ) y busco algo diferente que ofrecer \u2026y se me ocurri\u00f3 una idea.<br \/>\nNada del otro mundo, pero ya el <a href=\"http:\/\/desireemartinphoto.com\/blog\/making-off-eclipse-total-de-luna-de-sangre\/\" target=\"_blank\">a\u00f1o pasado en abril<\/a>, hab\u00eda hecho un combo con el anterior eclipse de luna, que fue parcial.<\/p>\n<p>Distintos estados de la luna seg\u00fan ascend\u00eda en el cielo y se eclipsaba. Esta vez pens\u00e9, ya que jam\u00e1s utilizo capas ni esas cosas ( en fotoperiodismo es kk ), pues me l\u00edo la manta a la cabeza, busco una foto de fondo que me parezca interesante y la uso, en vez del fondo negro. \u2026<\/p>\n<p>Termo de caf\u00e9, galletas, chocolates, chuletas hecha al horno con mojo pic\u00f3n de mi madre\u2026 lo t\u00edpico para una madrugada en el Parque Nacional de El Teide. A las 22h ascendemos hasta el parque. <\/p>\n<p>Much\u00edsima gente no quer\u00eda perd\u00e9rselo, pero la niebla y las nubes lo pusieron dif\u00edcil. Nos fuimos al encuentro de unos compa\u00f1eros de televisi\u00f3n que llevaban horas arriba y no ten\u00edan nada s\u00f3lido que comer, ellos estaban en el Instituto de Astrof\u00edsica de Canarias ( IAC ). No pretend\u00eda quedarme all\u00ed, solo dejarles algo de comer y buscar un sitio tranquilo.<\/p>\n<p>Sitio tranquilo en El Teide, un d\u00eda de un eclipse como este?? yaaaaa!! \u2026<\/p>\n<p>Nos quedamos en el IAC.<\/p>\n<p><img data-attachment-id=\"4266\" data-permalink=\"http:\/\/desireemartinphoto.com\/blog\/eclipse-de-luna-de-sangre-y-discusion-sobre-etica-en-fotoperiodismo\/eclipse-luna-sangre-09-2015-blog-02\/\" data-orig-file=\"http:\/\/desireemartinphoto.com\/blog\/wp-content\/uploads\/2015\/09\/Eclipse-luna-Sangre-09-2015-BLOG-02.jpg\" data-orig-size=\"550,367\" data-comments-opened=\"1\" data-image-meta=\"{&quot;aperture&quot;:&quot;5.6&quot;,&quot;credit&quot;:&quot;&quot;,&quot;camera&quot;:&quot;Canon EOS 5D Mark II&quot;,&quot;caption&quot;:&quot;&quot;,&quot;created_timestamp&quot;:&quot;1443388603&quot;,&quot;copyright&quot;:&quot;&quot;,&quot;focal_length&quot;:&quot;16&quot;,&quot;iso&quot;:&quot;2500&quot;,&quot;shutter_speed&quot;:&quot;0.8&quot;,&quot;title&quot;:&quot;&quot;,&quot;orientation&quot;:&quot;1&quot;}\" data-image-title=\"Instituto Astrof\u00edsica de Canarias, Parque Nacional de El Teide.\" data-image-description=\"\" data-medium-file=\"http:\/\/desireemartinphoto.com\/blog\/wp-content\/uploads\/2015\/09\/Eclipse-luna-Sangre-09-2015-BLOG-02-300x200.jpg\" data-large-file=\"http:\/\/desireemartinphoto.com\/blog\/wp-content\/uploads\/2015\/09\/Eclipse-luna-Sangre-09-2015-BLOG-02.jpg\" loading=\"lazy\" src=\"http:\/\/desireemartinphoto.com\/blog\/wp-content\/uploads\/2015\/09\/Eclipse-luna-Sangre-09-2015-BLOG-02.jpg\" alt=\"Instituto Astrof\u00edsica de Canarias, Parque Nacional de El Teide.\" width=\"550\" height=\"367\" class=\"alignleft size-full wp-image-4266\" srcset=\"http:\/\/desireemartinphoto.com\/blog\/wp-content\/uploads\/2015\/09\/Eclipse-luna-Sangre-09-2015-BLOG-02.jpg 550w, http:\/\/desireemartinphoto.com\/blog\/wp-content\/uploads\/2015\/09\/Eclipse-luna-Sangre-09-2015-BLOG-02-300x200.jpg 300w\" sizes=\"(max-width: 550px) 100vw, 550px\" \/><\/p>\n<p>Fue un acierto, nos dieron cobijo del tremendo fr\u00edo que hac\u00eda y nos ense\u00f1aron lo que estaban haciendo durante esa noche, estudiantes e investigadores.<\/p>\n<p><img data-attachment-id=\"4267\" data-permalink=\"http:\/\/desireemartinphoto.com\/blog\/eclipse-de-luna-de-sangre-y-discusion-sobre-etica-en-fotoperiodismo\/eclipse-luna-sangre-09-2015-blog-03\/\" data-orig-file=\"http:\/\/desireemartinphoto.com\/blog\/wp-content\/uploads\/2015\/09\/Eclipse-luna-Sangre-09-2015-BLOG-03.jpg\" data-orig-size=\"550,367\" data-comments-opened=\"1\" data-image-meta=\"{&quot;aperture&quot;:&quot;5.6&quot;,&quot;credit&quot;:&quot;&quot;,&quot;camera&quot;:&quot;Canon EOS 5D Mark II&quot;,&quot;caption&quot;:&quot;&quot;,&quot;created_timestamp&quot;:&quot;1443389844&quot;,&quot;copyright&quot;:&quot;&quot;,&quot;focal_length&quot;:&quot;16&quot;,&quot;iso&quot;:&quot;2500&quot;,&quot;shutter_speed&quot;:&quot;0.01&quot;,&quot;title&quot;:&quot;&quot;,&quot;orientation&quot;:&quot;1&quot;}\" data-image-title=\"Estudiantes en el IAC durante el Eclipse luna Sangre 09 2015\" data-image-description=\"\" data-medium-file=\"http:\/\/desireemartinphoto.com\/blog\/wp-content\/uploads\/2015\/09\/Eclipse-luna-Sangre-09-2015-BLOG-03-300x200.jpg\" data-large-file=\"http:\/\/desireemartinphoto.com\/blog\/wp-content\/uploads\/2015\/09\/Eclipse-luna-Sangre-09-2015-BLOG-03.jpg\" loading=\"lazy\" src=\"http:\/\/desireemartinphoto.com\/blog\/wp-content\/uploads\/2015\/09\/Eclipse-luna-Sangre-09-2015-BLOG-03.jpg\" alt=\"Estudiantes en el IAC durante el Eclipse luna Sangre 09 2015 \" width=\"550\" height=\"367\" class=\"alignleft size-full wp-image-4267\" srcset=\"http:\/\/desireemartinphoto.com\/blog\/wp-content\/uploads\/2015\/09\/Eclipse-luna-Sangre-09-2015-BLOG-03.jpg 550w, http:\/\/desireemartinphoto.com\/blog\/wp-content\/uploads\/2015\/09\/Eclipse-luna-Sangre-09-2015-BLOG-03-300x200.jpg 300w\" sizes=\"(max-width: 550px) 100vw, 550px\" \/><\/p>\n<p><img data-attachment-id=\"4268\" data-permalink=\"http:\/\/desireemartinphoto.com\/blog\/eclipse-de-luna-de-sangre-y-discusion-sobre-etica-en-fotoperiodismo\/eclipse-luna-sangre-09-2015-blog-04\/\" data-orig-file=\"http:\/\/desireemartinphoto.com\/blog\/wp-content\/uploads\/2015\/09\/Eclipse-luna-Sangre-09-2015-BLOG-04.jpg\" data-orig-size=\"550,825\" data-comments-opened=\"1\" data-image-meta=\"{&quot;aperture&quot;:&quot;4.5&quot;,&quot;credit&quot;:&quot;&quot;,&quot;camera&quot;:&quot;Canon EOS 5D Mark II&quot;,&quot;caption&quot;:&quot;&quot;,&quot;created_timestamp&quot;:&quot;1443389933&quot;,&quot;copyright&quot;:&quot;&quot;,&quot;focal_length&quot;:&quot;16&quot;,&quot;iso&quot;:&quot;2500&quot;,&quot;shutter_speed&quot;:&quot;1.3&quot;,&quot;title&quot;:&quot;&quot;,&quot;orientation&quot;:&quot;1&quot;}\" data-image-title=\"IAC durante el Eclipse luna Sangre 09 2015\" data-image-description=\"\" data-medium-file=\"http:\/\/desireemartinphoto.com\/blog\/wp-content\/uploads\/2015\/09\/Eclipse-luna-Sangre-09-2015-BLOG-04-200x300.jpg\" data-large-file=\"http:\/\/desireemartinphoto.com\/blog\/wp-content\/uploads\/2015\/09\/Eclipse-luna-Sangre-09-2015-BLOG-04.jpg\" loading=\"lazy\" src=\"http:\/\/desireemartinphoto.com\/blog\/wp-content\/uploads\/2015\/09\/Eclipse-luna-Sangre-09-2015-BLOG-04.jpg\" alt=\"IAC durante el Eclipse luna Sangre 09 2015 \" width=\"550\" height=\"825\" class=\"alignleft size-full wp-image-4268\" srcset=\"http:\/\/desireemartinphoto.com\/blog\/wp-content\/uploads\/2015\/09\/Eclipse-luna-Sangre-09-2015-BLOG-04.jpg 550w, http:\/\/desireemartinphoto.com\/blog\/wp-content\/uploads\/2015\/09\/Eclipse-luna-Sangre-09-2015-BLOG-04-200x300.jpg 200w\" sizes=\"(max-width: 550px) 100vw, 550px\" \/><\/p>\n<p><img data-attachment-id=\"4270\" data-permalink=\"http:\/\/desireemartinphoto.com\/blog\/eclipse-de-luna-de-sangre-y-discusion-sobre-etica-en-fotoperiodismo\/eclipse-luna-sangre-09-2015-blog-06\/\" data-orig-file=\"http:\/\/desireemartinphoto.com\/blog\/wp-content\/uploads\/2015\/09\/Eclipse-luna-Sangre-09-2015-BLOG-06.jpg\" data-orig-size=\"550,367\" data-comments-opened=\"1\" data-image-meta=\"{&quot;aperture&quot;:&quot;2.8&quot;,&quot;credit&quot;:&quot;&quot;,&quot;camera&quot;:&quot;Canon EOS 5D Mark II&quot;,&quot;caption&quot;:&quot;&quot;,&quot;created_timestamp&quot;:&quot;1443395672&quot;,&quot;copyright&quot;:&quot;&quot;,&quot;focal_length&quot;:&quot;35&quot;,&quot;iso&quot;:&quot;3200&quot;,&quot;shutter_speed&quot;:&quot;0.4&quot;,&quot;title&quot;:&quot;&quot;,&quot;orientation&quot;:&quot;1&quot;}\" data-image-title=\"Compa\u00f1eros de prensa durante  el eclipse de luna Sangre, septiembre 2015\" data-image-description=\"\" data-medium-file=\"http:\/\/desireemartinphoto.com\/blog\/wp-content\/uploads\/2015\/09\/Eclipse-luna-Sangre-09-2015-BLOG-06-300x200.jpg\" data-large-file=\"http:\/\/desireemartinphoto.com\/blog\/wp-content\/uploads\/2015\/09\/Eclipse-luna-Sangre-09-2015-BLOG-06.jpg\" loading=\"lazy\" src=\"http:\/\/desireemartinphoto.com\/blog\/wp-content\/uploads\/2015\/09\/Eclipse-luna-Sangre-09-2015-BLOG-06.jpg\" alt=\"Compa\u00f1eros de prensa durante  el eclipse de luna Sangre, septiembre 2015\" width=\"550\" height=\"367\" class=\"alignleft size-full wp-image-4270\" srcset=\"http:\/\/desireemartinphoto.com\/blog\/wp-content\/uploads\/2015\/09\/Eclipse-luna-Sangre-09-2015-BLOG-06.jpg 550w, http:\/\/desireemartinphoto.com\/blog\/wp-content\/uploads\/2015\/09\/Eclipse-luna-Sangre-09-2015-BLOG-06-300x200.jpg 300w\" sizes=\"(max-width: 550px) 100vw, 550px\" \/><\/p>\n<p><img data-attachment-id=\"4271\" data-permalink=\"http:\/\/desireemartinphoto.com\/blog\/eclipse-de-luna-de-sangre-y-discusion-sobre-etica-en-fotoperiodismo\/eclipse-luna-sangre-09-2015-blog-07\/\" data-orig-file=\"http:\/\/desireemartinphoto.com\/blog\/wp-content\/uploads\/2015\/09\/Eclipse-luna-Sangre-09-2015-BLOG-07.jpg\" data-orig-size=\"550,367\" data-comments-opened=\"1\" data-image-meta=\"{&quot;aperture&quot;:&quot;2.8&quot;,&quot;credit&quot;:&quot;&quot;,&quot;camera&quot;:&quot;Canon EOS 5D Mark II&quot;,&quot;caption&quot;:&quot;&quot;,&quot;created_timestamp&quot;:&quot;1443395944&quot;,&quot;copyright&quot;:&quot;&quot;,&quot;focal_length&quot;:&quot;16&quot;,&quot;iso&quot;:&quot;3200&quot;,&quot;shutter_speed&quot;:&quot;0.6&quot;,&quot;title&quot;:&quot;&quot;,&quot;orientation&quot;:&quot;1&quot;}\" data-image-title=\"Compa\u00f1eros de prensa durante  el eclipse de luna Sangre, septiembre 2015\" data-image-description=\"\" data-medium-file=\"http:\/\/desireemartinphoto.com\/blog\/wp-content\/uploads\/2015\/09\/Eclipse-luna-Sangre-09-2015-BLOG-07-300x200.jpg\" data-large-file=\"http:\/\/desireemartinphoto.com\/blog\/wp-content\/uploads\/2015\/09\/Eclipse-luna-Sangre-09-2015-BLOG-07.jpg\" loading=\"lazy\" src=\"http:\/\/desireemartinphoto.com\/blog\/wp-content\/uploads\/2015\/09\/Eclipse-luna-Sangre-09-2015-BLOG-07.jpg\" alt=\"Compa\u00f1eros de prensa durante  el eclipse de luna Sangre, septiembre 2015\" width=\"550\" height=\"367\" class=\"alignleft size-full wp-image-4271\" srcset=\"http:\/\/desireemartinphoto.com\/blog\/wp-content\/uploads\/2015\/09\/Eclipse-luna-Sangre-09-2015-BLOG-07.jpg 550w, http:\/\/desireemartinphoto.com\/blog\/wp-content\/uploads\/2015\/09\/Eclipse-luna-Sangre-09-2015-BLOG-07-300x200.jpg 300w\" sizes=\"(max-width: 550px) 100vw, 550px\" \/><\/p>\n<p>En una de las salas del comedor del IAC, los compa\u00f1eros de prensa pasaban el rato a la espera del eclipse, y aprovechaban para informarse de otras investigaciones realizadas all\u00ed.<\/p>\n<p><img data-attachment-id=\"4269\" data-permalink=\"http:\/\/desireemartinphoto.com\/blog\/eclipse-de-luna-de-sangre-y-discusion-sobre-etica-en-fotoperiodismo\/eclipse-luna-sangre-09-2015-blog-05\/\" data-orig-file=\"http:\/\/desireemartinphoto.com\/blog\/wp-content\/uploads\/2015\/09\/Eclipse-luna-Sangre-09-2015-BLOG-05.jpg\" data-orig-size=\"550,370\" data-comments-opened=\"1\" data-image-meta=\"{&quot;aperture&quot;:&quot;4.5&quot;,&quot;credit&quot;:&quot;&quot;,&quot;camera&quot;:&quot;Canon EOS 5D Mark II&quot;,&quot;caption&quot;:&quot;&quot;,&quot;created_timestamp&quot;:&quot;1443391383&quot;,&quot;copyright&quot;:&quot;&quot;,&quot;focal_length&quot;:&quot;16&quot;,&quot;iso&quot;:&quot;1600&quot;,&quot;shutter_speed&quot;:&quot;0.076923076923077&quot;,&quot;title&quot;:&quot;&quot;,&quot;orientation&quot;:&quot;1&quot;}\" data-image-title=\"Compa\u00f1eros de prensa durante  el eclipse de luna Sangre, septiembre 2015\" data-image-description=\"\" data-medium-file=\"http:\/\/desireemartinphoto.com\/blog\/wp-content\/uploads\/2015\/09\/Eclipse-luna-Sangre-09-2015-BLOG-05-300x202.jpg\" data-large-file=\"http:\/\/desireemartinphoto.com\/blog\/wp-content\/uploads\/2015\/09\/Eclipse-luna-Sangre-09-2015-BLOG-05.jpg\" loading=\"lazy\" src=\"http:\/\/desireemartinphoto.com\/blog\/wp-content\/uploads\/2015\/09\/Eclipse-luna-Sangre-09-2015-BLOG-05.jpg\" alt=\"Compa\u00f1eros de prensa durante  el eclipse de luna Sangre, septiembre 2015\" width=\"550\" height=\"370\" class=\"alignleft size-full wp-image-4269\" srcset=\"http:\/\/desireemartinphoto.com\/blog\/wp-content\/uploads\/2015\/09\/Eclipse-luna-Sangre-09-2015-BLOG-05.jpg 550w, http:\/\/desireemartinphoto.com\/blog\/wp-content\/uploads\/2015\/09\/Eclipse-luna-Sangre-09-2015-BLOG-05-300x202.jpg 300w\" sizes=\"(max-width: 550px) 100vw, 550px\" \/><\/p>\n<p>El eclipse empezaba!!!!<\/p>\n<p><img data-attachment-id=\"4272\" data-permalink=\"http:\/\/desireemartinphoto.com\/blog\/eclipse-de-luna-de-sangre-y-discusion-sobre-etica-en-fotoperiodismo\/eclipse-luna-sangre-09-2015-blog-08\/\" data-orig-file=\"http:\/\/desireemartinphoto.com\/blog\/wp-content\/uploads\/2015\/09\/Eclipse-luna-Sangre-09-2015-BLOG-08.jpg\" data-orig-size=\"550,303\" data-comments-opened=\"1\" data-image-meta=\"{&quot;aperture&quot;:&quot;18&quot;,&quot;credit&quot;:&quot;&quot;,&quot;camera&quot;:&quot;Canon EOS 5D Mark II&quot;,&quot;caption&quot;:&quot;&quot;,&quot;created_timestamp&quot;:&quot;1443397886&quot;,&quot;copyright&quot;:&quot;&quot;,&quot;focal_length&quot;:&quot;346&quot;,&quot;iso&quot;:&quot;100&quot;,&quot;shutter_speed&quot;:&quot;0.00625&quot;,&quot;title&quot;:&quot;&quot;,&quot;orientation&quot;:&quot;1&quot;}\" data-image-title=\"Una de las fases del eclipse luna total y de Sangre, septiembre 2015\" data-image-description=\"\" data-medium-file=\"http:\/\/desireemartinphoto.com\/blog\/wp-content\/uploads\/2015\/09\/Eclipse-luna-Sangre-09-2015-BLOG-08-300x165.jpg\" data-large-file=\"http:\/\/desireemartinphoto.com\/blog\/wp-content\/uploads\/2015\/09\/Eclipse-luna-Sangre-09-2015-BLOG-08.jpg\" loading=\"lazy\" src=\"http:\/\/desireemartinphoto.com\/blog\/wp-content\/uploads\/2015\/09\/Eclipse-luna-Sangre-09-2015-BLOG-08.jpg\" alt=\"Una de las fases del eclipse luna total y de Sangre, septiembre 2015\" width=\"550\" height=\"303\" class=\"alignleft size-full wp-image-4272\" srcset=\"http:\/\/desireemartinphoto.com\/blog\/wp-content\/uploads\/2015\/09\/Eclipse-luna-Sangre-09-2015-BLOG-08.jpg 550w, http:\/\/desireemartinphoto.com\/blog\/wp-content\/uploads\/2015\/09\/Eclipse-luna-Sangre-09-2015-BLOG-08-300x165.jpg 300w\" sizes=\"(max-width: 550px) 100vw, 550px\" \/><\/p>\n<p><img data-attachment-id=\"4273\" data-permalink=\"http:\/\/desireemartinphoto.com\/blog\/eclipse-de-luna-de-sangre-y-discusion-sobre-etica-en-fotoperiodismo\/eclipse-luna-sangre-09-2015-blog-09\/\" data-orig-file=\"http:\/\/desireemartinphoto.com\/blog\/wp-content\/uploads\/2015\/09\/Eclipse-luna-Sangre-09-2015-BLOG-09.jpg\" data-orig-size=\"550,315\" data-comments-opened=\"1\" data-image-meta=\"{&quot;aperture&quot;:&quot;4&quot;,&quot;credit&quot;:&quot;&quot;,&quot;camera&quot;:&quot;Canon EOS 5D Mark II&quot;,&quot;caption&quot;:&quot;&quot;,&quot;created_timestamp&quot;:&quot;1443402250&quot;,&quot;copyright&quot;:&quot;&quot;,&quot;focal_length&quot;:&quot;420&quot;,&quot;iso&quot;:&quot;100&quot;,&quot;shutter_speed&quot;:&quot;1&quot;,&quot;title&quot;:&quot;&quot;,&quot;orientation&quot;:&quot;1&quot;}\" data-image-title=\"Una de las fases del eclipse luna total y de Sangre, septiembre 2015\" data-image-description=\"\" data-medium-file=\"http:\/\/desireemartinphoto.com\/blog\/wp-content\/uploads\/2015\/09\/Eclipse-luna-Sangre-09-2015-BLOG-09-300x172.jpg\" data-large-file=\"http:\/\/desireemartinphoto.com\/blog\/wp-content\/uploads\/2015\/09\/Eclipse-luna-Sangre-09-2015-BLOG-09.jpg\" loading=\"lazy\" src=\"http:\/\/desireemartinphoto.com\/blog\/wp-content\/uploads\/2015\/09\/Eclipse-luna-Sangre-09-2015-BLOG-09.jpg\" alt=\"Una de las fases del eclipse luna total y de Sangre, septiembre 2015\" width=\"550\" height=\"315\" class=\"alignleft size-full wp-image-4273\" srcset=\"http:\/\/desireemartinphoto.com\/blog\/wp-content\/uploads\/2015\/09\/Eclipse-luna-Sangre-09-2015-BLOG-09.jpg 550w, http:\/\/desireemartinphoto.com\/blog\/wp-content\/uploads\/2015\/09\/Eclipse-luna-Sangre-09-2015-BLOG-09-300x172.jpg 300w\" sizes=\"(max-width: 550px) 100vw, 550px\" \/><\/p>\n<p>Plantada en la parte trasera de mi coche, en el parking del IAC\u2026 qu\u00e9 fr\u00edo!!! Empec\u00e9 a fotografiar desde las 2 a las 4.30 aproximadamente.<\/p>\n<p><img data-attachment-id=\"4281\" data-permalink=\"http:\/\/desireemartinphoto.com\/blog\/eclipse-de-luna-de-sangre-y-discusion-sobre-etica-en-fotoperiodismo\/img_4435\/\" data-orig-file=\"http:\/\/desireemartinphoto.com\/blog\/wp-content\/uploads\/2015\/09\/IMG_4435.jpg\" data-orig-size=\"550,182\" data-comments-opened=\"1\" data-image-meta=\"{&quot;aperture&quot;:&quot;0&quot;,&quot;credit&quot;:&quot;&quot;,&quot;camera&quot;:&quot;&quot;,&quot;caption&quot;:&quot;&quot;,&quot;created_timestamp&quot;:&quot;0&quot;,&quot;copyright&quot;:&quot;&quot;,&quot;focal_length&quot;:&quot;0&quot;,&quot;iso&quot;:&quot;0&quot;,&quot;shutter_speed&quot;:&quot;0&quot;,&quot;title&quot;:&quot;&quot;,&quot;orientation&quot;:&quot;1&quot;}\" data-image-title=\"D\u00e8sir\u00e9e Mart\u00edn, trabajando\" data-image-description=\"\" data-medium-file=\"http:\/\/desireemartinphoto.com\/blog\/wp-content\/uploads\/2015\/09\/IMG_4435-300x99.jpg\" data-large-file=\"http:\/\/desireemartinphoto.com\/blog\/wp-content\/uploads\/2015\/09\/IMG_4435.jpg\" loading=\"lazy\" src=\"http:\/\/desireemartinphoto.com\/blog\/wp-content\/uploads\/2015\/09\/IMG_4435.jpg\" alt=\"D\u00e8sir\u00e9e Mart\u00edn, trabajando\" width=\"550\" height=\"182\" class=\"alignleft size-full wp-image-4281\" srcset=\"http:\/\/desireemartinphoto.com\/blog\/wp-content\/uploads\/2015\/09\/IMG_4435.jpg 550w, http:\/\/desireemartinphoto.com\/blog\/wp-content\/uploads\/2015\/09\/IMG_4435-300x99.jpg 300w\" sizes=\"(max-width: 550px) 100vw, 550px\" \/><\/p>\n<p>Se o\u00eda a lo lejos grititos de la gente seg\u00fan avanzaba el espect\u00e1culo y en la distancia mi sobrina Vera de 6 a\u00f1os y mi hermano Kely me mandaban \u00e1nimos y yo capturas de la pantalla de mi c\u00e1mara.<\/p>\n<p>Seg\u00fan se hac\u00eda completo y la luz desaparec\u00eda hice arte\u2026no sacaba una sin trepidar ni por error!!!! jajjajajajja..<\/p>\n<p><img data-attachment-id=\"4274\" data-permalink=\"http:\/\/desireemartinphoto.com\/blog\/eclipse-de-luna-de-sangre-y-discusion-sobre-etica-en-fotoperiodismo\/eclipse-luna-sangre-09-2015-blog-10\/\" data-orig-file=\"http:\/\/desireemartinphoto.com\/blog\/wp-content\/uploads\/2015\/09\/Eclipse-luna-Sangre-09-2015-BLOG-10.jpg\" data-orig-size=\"550,165\" data-comments-opened=\"1\" data-image-meta=\"{&quot;aperture&quot;:&quot;0&quot;,&quot;credit&quot;:&quot;&quot;,&quot;camera&quot;:&quot;&quot;,&quot;caption&quot;:&quot;&quot;,&quot;created_timestamp&quot;:&quot;0&quot;,&quot;copyright&quot;:&quot;&quot;,&quot;focal_length&quot;:&quot;0&quot;,&quot;iso&quot;:&quot;0&quot;,&quot;shutter_speed&quot;:&quot;0&quot;,&quot;title&quot;:&quot;&quot;,&quot;orientation&quot;:&quot;1&quot;}\" data-image-title=\"Una de las fases del eclipse luna total y de Sangre, septiembre 2015\" data-image-description=\"\" data-medium-file=\"http:\/\/desireemartinphoto.com\/blog\/wp-content\/uploads\/2015\/09\/Eclipse-luna-Sangre-09-2015-BLOG-10-300x90.jpg\" data-large-file=\"http:\/\/desireemartinphoto.com\/blog\/wp-content\/uploads\/2015\/09\/Eclipse-luna-Sangre-09-2015-BLOG-10.jpg\" loading=\"lazy\" src=\"http:\/\/desireemartinphoto.com\/blog\/wp-content\/uploads\/2015\/09\/Eclipse-luna-Sangre-09-2015-BLOG-10.jpg\" alt=\"Una de las fases del eclipse luna total y de Sangre, septiembre 2015\" width=\"550\" height=\"165\" class=\"alignleft size-full wp-image-4274\" srcset=\"http:\/\/desireemartinphoto.com\/blog\/wp-content\/uploads\/2015\/09\/Eclipse-luna-Sangre-09-2015-BLOG-10.jpg 550w, http:\/\/desireemartinphoto.com\/blog\/wp-content\/uploads\/2015\/09\/Eclipse-luna-Sangre-09-2015-BLOG-10-300x90.jpg 300w\" sizes=\"(max-width: 550px) 100vw, 550px\" \/><\/p>\n<p><img data-attachment-id=\"4275\" data-permalink=\"http:\/\/desireemartinphoto.com\/blog\/eclipse-de-luna-de-sangre-y-discusion-sobre-etica-en-fotoperiodismo\/eclipse-luna-sangre-09-2015-blog-11\/\" data-orig-file=\"http:\/\/desireemartinphoto.com\/blog\/wp-content\/uploads\/2015\/09\/Eclipse-luna-Sangre-09-2015-BLOG-11.jpg\" data-orig-size=\"550,264\" data-comments-opened=\"1\" data-image-meta=\"{&quot;aperture&quot;:&quot;4&quot;,&quot;credit&quot;:&quot;&quot;,&quot;camera&quot;:&quot;Canon EOS 5D Mark II&quot;,&quot;caption&quot;:&quot;&quot;,&quot;created_timestamp&quot;:&quot;1443404566&quot;,&quot;copyright&quot;:&quot;&quot;,&quot;focal_length&quot;:&quot;420&quot;,&quot;iso&quot;:&quot;100&quot;,&quot;shutter_speed&quot;:&quot;4&quot;,&quot;title&quot;:&quot;&quot;,&quot;orientation&quot;:&quot;1&quot;}\" data-image-title=\"Eclipse luna total y de Sangre, septiembre 2015\" data-image-description=\"\" data-medium-file=\"http:\/\/desireemartinphoto.com\/blog\/wp-content\/uploads\/2015\/09\/Eclipse-luna-Sangre-09-2015-BLOG-11-300x144.jpg\" data-large-file=\"http:\/\/desireemartinphoto.com\/blog\/wp-content\/uploads\/2015\/09\/Eclipse-luna-Sangre-09-2015-BLOG-11.jpg\" loading=\"lazy\" src=\"http:\/\/desireemartinphoto.com\/blog\/wp-content\/uploads\/2015\/09\/Eclipse-luna-Sangre-09-2015-BLOG-11.jpg\" alt=\"Eclipse luna total y de Sangre, septiembre 2015\" width=\"550\" height=\"264\" class=\"alignleft size-full wp-image-4275\" srcset=\"http:\/\/desireemartinphoto.com\/blog\/wp-content\/uploads\/2015\/09\/Eclipse-luna-Sangre-09-2015-BLOG-11.jpg 550w, http:\/\/desireemartinphoto.com\/blog\/wp-content\/uploads\/2015\/09\/Eclipse-luna-Sangre-09-2015-BLOG-11-300x144.jpg 300w\" sizes=\"(max-width: 550px) 100vw, 550px\" \/><\/p>\n<p>\u2026de repente se acerc\u00f3 una nube y nos cubri\u00f3, no sobre nosotros, literalmente a nosotros. El equipo fotogr\u00e1fico empez\u00f3 a chorrear agua en segundos. Recogimos y empezamos a bajar buscando un claro..Imposible. El eclipse hab\u00eda acabado para mi.<\/p>\n<p>A editar rapidamente. Monto las lunas, 14 en total y decid\u00ed utilizar los telescopios de IAC de fondo.<\/p>\n<p>Env\u00edo a la agencia.<\/p>\n<p><img data-attachment-id=\"4276\" data-permalink=\"http:\/\/desireemartinphoto.com\/blog\/eclipse-de-luna-de-sangre-y-discusion-sobre-etica-en-fotoperiodismo\/eclipse-luna-sangre-09-2015-blog-12\/\" data-orig-file=\"http:\/\/desireemartinphoto.com\/blog\/wp-content\/uploads\/2015\/09\/Eclipse-luna-Sangre-09-2015-BLOG-12.jpg\" data-orig-size=\"550,367\" data-comments-opened=\"1\" data-image-meta=\"{&quot;aperture&quot;:&quot;5.6&quot;,&quot;credit&quot;:&quot;&quot;,&quot;camera&quot;:&quot;Canon EOS 5D Mark II&quot;,&quot;caption&quot;:&quot;&quot;,&quot;created_timestamp&quot;:&quot;1443389240&quot;,&quot;copyright&quot;:&quot;&quot;,&quot;focal_length&quot;:&quot;16&quot;,&quot;iso&quot;:&quot;2500&quot;,&quot;shutter_speed&quot;:&quot;1.6&quot;,&quot;title&quot;:&quot;&quot;,&quot;orientation&quot;:&quot;1&quot;}\" data-image-title=\"COMBO de im\u00e1genes del eclipse luna total y de Sangre,con unos telescopio del I.A.C., septiembre 2015\" data-image-description=\"\" data-medium-file=\"http:\/\/desireemartinphoto.com\/blog\/wp-content\/uploads\/2015\/09\/Eclipse-luna-Sangre-09-2015-BLOG-12-300x200.jpg\" data-large-file=\"http:\/\/desireemartinphoto.com\/blog\/wp-content\/uploads\/2015\/09\/Eclipse-luna-Sangre-09-2015-BLOG-12.jpg\" loading=\"lazy\" src=\"http:\/\/desireemartinphoto.com\/blog\/wp-content\/uploads\/2015\/09\/Eclipse-luna-Sangre-09-2015-BLOG-12.jpg\" alt=\"COMBO de im\u00e1genes del eclipse luna total y de Sangre, septiembre 2015\" width=\"550\" height=\"367\" class=\"alignleft size-full wp-image-4276\" srcset=\"http:\/\/desireemartinphoto.com\/blog\/wp-content\/uploads\/2015\/09\/Eclipse-luna-Sangre-09-2015-BLOG-12.jpg 550w, http:\/\/desireemartinphoto.com\/blog\/wp-content\/uploads\/2015\/09\/Eclipse-luna-Sangre-09-2015-BLOG-12-300x200.jpg 300w\" sizes=\"(max-width: 550px) 100vw, 550px\" \/><\/p>\n<p><strong>La foto NO LA QUIEREN.<\/strong><\/p>\n<p><strong>No les vale. <\/strong><\/p>\n<p>Un combo de 14 im\u00e1genes, de 14 lunas sobre un fondo negro si, si es una imagen no, por supuesto, LO HAB\u00cdA ACLARADO EN EL CAPTION ( un texto que acompa\u00f1a a todas las fotos que entran en la agencia con los datos mas importantes: qu\u00e9, c\u00f3mo, d\u00f3nde, qui\u00e9n ..) <\/p>\n<p>No pretend\u00eda hacer creer nada que no fuera la verdad, adem\u00e1s &#8230;es una estupidez pensar lo contrario, son unos profesionales incre\u00edbles.. Tan simple como asumir que en esta modalidad de la fotograf\u00eda, un filtro, un programa inform\u00e1tico &#8230;es con lo m\u00ednimo con lo que trabajan los profesionales en ella.<\/p>\n<p><img data-attachment-id=\"4278\" data-permalink=\"http:\/\/desireemartinphoto.com\/blog\/eclipse-de-luna-de-sangre-y-discusion-sobre-etica-en-fotoperiodismo\/eclipse-luna-sangre-09-2015-blog-14\/\" data-orig-file=\"http:\/\/desireemartinphoto.com\/blog\/wp-content\/uploads\/2015\/09\/Eclipse-luna-Sangre-09-2015-BLOG-14.jpg\" data-orig-size=\"550,367\" data-comments-opened=\"1\" data-image-meta=\"{&quot;aperture&quot;:&quot;4&quot;,&quot;credit&quot;:&quot;&quot;,&quot;camera&quot;:&quot;Canon EOS 5D Mark II&quot;,&quot;caption&quot;:&quot;&quot;,&quot;created_timestamp&quot;:&quot;1443402870&quot;,&quot;copyright&quot;:&quot;&quot;,&quot;focal_length&quot;:&quot;420&quot;,&quot;iso&quot;:&quot;100&quot;,&quot;shutter_speed&quot;:&quot;2.5&quot;,&quot;title&quot;:&quot;&quot;,&quot;orientation&quot;:&quot;1&quot;}\" data-image-title=\"Eclipse luna total y de Sangre, septiembre 2015\" data-image-description=\"\" data-medium-file=\"http:\/\/desireemartinphoto.com\/blog\/wp-content\/uploads\/2015\/09\/Eclipse-luna-Sangre-09-2015-BLOG-14-300x200.jpg\" data-large-file=\"http:\/\/desireemartinphoto.com\/blog\/wp-content\/uploads\/2015\/09\/Eclipse-luna-Sangre-09-2015-BLOG-14.jpg\" loading=\"lazy\" src=\"http:\/\/desireemartinphoto.com\/blog\/wp-content\/uploads\/2015\/09\/Eclipse-luna-Sangre-09-2015-BLOG-14.jpg\" alt=\"Eclipse luna total y de Sangre, septiembre 2015\" width=\"550\" height=\"367\" class=\"alignleft size-full wp-image-4278\" srcset=\"http:\/\/desireemartinphoto.com\/blog\/wp-content\/uploads\/2015\/09\/Eclipse-luna-Sangre-09-2015-BLOG-14.jpg 550w, http:\/\/desireemartinphoto.com\/blog\/wp-content\/uploads\/2015\/09\/Eclipse-luna-Sangre-09-2015-BLOG-14-300x200.jpg 300w\" sizes=\"(max-width: 550px) 100vw, 550px\" \/><\/p>\n<p><img data-attachment-id=\"4277\" data-permalink=\"http:\/\/desireemartinphoto.com\/blog\/eclipse-de-luna-de-sangre-y-discusion-sobre-etica-en-fotoperiodismo\/eclipse-luna-sangre-09-2015-blog-13\/\" data-orig-file=\"http:\/\/desireemartinphoto.com\/blog\/wp-content\/uploads\/2015\/09\/Eclipse-luna-Sangre-09-2015-BLOG-13.jpg\" data-orig-size=\"550,320\" data-comments-opened=\"1\" data-image-meta=\"{&quot;aperture&quot;:&quot;4&quot;,&quot;credit&quot;:&quot;&quot;,&quot;camera&quot;:&quot;Canon EOS 5D Mark II&quot;,&quot;caption&quot;:&quot;&quot;,&quot;created_timestamp&quot;:&quot;1443404369&quot;,&quot;copyright&quot;:&quot;&quot;,&quot;focal_length&quot;:&quot;420&quot;,&quot;iso&quot;:&quot;100&quot;,&quot;shutter_speed&quot;:&quot;4&quot;,&quot;title&quot;:&quot;&quot;,&quot;orientation&quot;:&quot;1&quot;}\" data-image-title=\"Eclipse luna total y de Sangre, septiembre 2015\" data-image-description=\"\" data-medium-file=\"http:\/\/desireemartinphoto.com\/blog\/wp-content\/uploads\/2015\/09\/Eclipse-luna-Sangre-09-2015-BLOG-13-300x175.jpg\" data-large-file=\"http:\/\/desireemartinphoto.com\/blog\/wp-content\/uploads\/2015\/09\/Eclipse-luna-Sangre-09-2015-BLOG-13.jpg\" loading=\"lazy\" src=\"http:\/\/desireemartinphoto.com\/blog\/wp-content\/uploads\/2015\/09\/Eclipse-luna-Sangre-09-2015-BLOG-13.jpg\" alt=\"Eclipse luna total y de Sangre, septiembre 2015\" width=\"550\" height=\"320\" class=\"alignleft size-full wp-image-4277\" srcset=\"http:\/\/desireemartinphoto.com\/blog\/wp-content\/uploads\/2015\/09\/Eclipse-luna-Sangre-09-2015-BLOG-13.jpg 550w, http:\/\/desireemartinphoto.com\/blog\/wp-content\/uploads\/2015\/09\/Eclipse-luna-Sangre-09-2015-BLOG-13-300x175.jpg 300w\" sizes=\"(max-width: 550px) 100vw, 550px\" \/><\/p>\n<p>A mi sobrina le encant\u00f3, no durmi\u00f3 hasta las 5 am y estuvo el d\u00eda siguiente ense\u00f1\u00e1ndole las fotos a todo el que pillaba. \ud83d\ude42<\/p>\n<p><img data-attachment-id=\"4279\" data-permalink=\"http:\/\/desireemartinphoto.com\/blog\/eclipse-de-luna-de-sangre-y-discusion-sobre-etica-en-fotoperiodismo\/eclipse-luna-sangre-09-2015-blog-15\/\" data-orig-file=\"http:\/\/desireemartinphoto.com\/blog\/wp-content\/uploads\/2015\/09\/Eclipse-luna-Sangre-09-2015-BLOG-15.jpg\" data-orig-size=\"550,367\" data-comments-opened=\"1\" data-image-meta=\"{&quot;aperture&quot;:&quot;5.6&quot;,&quot;credit&quot;:&quot;&quot;,&quot;camera&quot;:&quot;Canon EOS 5D Mark II&quot;,&quot;caption&quot;:&quot;&quot;,&quot;created_timestamp&quot;:&quot;1443389240&quot;,&quot;copyright&quot;:&quot;&quot;,&quot;focal_length&quot;:&quot;16&quot;,&quot;iso&quot;:&quot;2500&quot;,&quot;shutter_speed&quot;:&quot;1.6&quot;,&quot;title&quot;:&quot;&quot;,&quot;orientation&quot;:&quot;1&quot;}\" data-image-title=\"COMBO de im\u00e1genes del eclipse luna total y de Sangre, con el Teide, septiembre 2015\" data-image-description=\"\" data-medium-file=\"http:\/\/desireemartinphoto.com\/blog\/wp-content\/uploads\/2015\/09\/Eclipse-luna-Sangre-09-2015-BLOG-15-300x200.jpg\" data-large-file=\"http:\/\/desireemartinphoto.com\/blog\/wp-content\/uploads\/2015\/09\/Eclipse-luna-Sangre-09-2015-BLOG-15.jpg\" loading=\"lazy\" src=\"http:\/\/desireemartinphoto.com\/blog\/wp-content\/uploads\/2015\/09\/Eclipse-luna-Sangre-09-2015-BLOG-15.jpg\" alt=\"COMBO de im\u00e1genes del eclipse luna total y de Sangre, con el Teide, septiembre 2015\" width=\"550\" height=\"367\" class=\"alignleft size-full wp-image-4279\" srcset=\"http:\/\/desireemartinphoto.com\/blog\/wp-content\/uploads\/2015\/09\/Eclipse-luna-Sangre-09-2015-BLOG-15.jpg 550w, http:\/\/desireemartinphoto.com\/blog\/wp-content\/uploads\/2015\/09\/Eclipse-luna-Sangre-09-2015-BLOG-15-300x200.jpg 300w\" sizes=\"(max-width: 550px) 100vw, 550px\" \/><\/p>\n<p>En el fotoperiodismo no se aceptan casi ning\u00fan retoque en las fotograf\u00edas, se intenta que la credibilidad de la imagen sea indiscutible. Pero se\u00f1ores, esto es astrofotograf\u00eda, se aclara en un pie de foto que no es una \u00fanica imagen.. Hoy me parece un exceso, no se lo que pensar\u00e9 ma\u00f1ana. <\/p>\n<p>Todo sea por la prevalencia de la credibilidad de nuestra profesi\u00f3n. <\/p>\n<div class=\"sharedaddy sd-sharing-enabled\"><div class=\"robots-nocontent sd-block sd-social sd-social-icon-text sd-sharing\"><h3 class=\"sd-title\">COMPARTE ESTO:<\/h3><div class=\"sd-content\"><ul><li class=\"share-facebook\"><a rel=\"nofollow noopener noreferrer\" data-shared=\"sharing-facebook-4264\" class=\"share-facebook sd-button share-icon\" href=\"http:\/\/desireemartinphoto.com\/blog\/eclipse-de-luna-de-sangre-y-discusion-sobre-etica-en-fotoperiodismo\/?share=facebook\" target=\"_blank\" title=\"Haz clic para compartir en Facebook\"><span>Facebook<\/span><\/a><\/li><li class=\"share-twitter\"><a rel=\"nofollow noopener noreferrer\" data-shared=\"sharing-twitter-4264\" class=\"share-twitter sd-button share-icon\" href=\"http:\/\/desireemartinphoto.com\/blog\/eclipse-de-luna-de-sangre-y-discusion-sobre-etica-en-fotoperiodismo\/?share=twitter\" target=\"_blank\" title=\"Haz clic para compartir en Twitter\"><span>Twitter<\/span><\/a><\/li><li class=\"share-email\"><a rel=\"nofollow noopener noreferrer\" data-shared=\"\" class=\"share-email sd-button share-icon\" href=\"http:\/\/desireemartinphoto.com\/blog\/eclipse-de-luna-de-sangre-y-discusion-sobre-etica-en-fotoperiodismo\/?share=email\" target=\"_blank\" title=\"Haz clic para enviar por correo electr\u00f3nico a un amigo\"><span>Correo electr\u00f3nico<\/span><\/a><\/li><li class=\"share-linkedin\"><a rel=\"nofollow noopener noreferrer\" data-shared=\"sharing-linkedin-4264\" class=\"share-linkedin sd-button share-icon\" href=\"http:\/\/desireemartinphoto.com\/blog\/eclipse-de-luna-de-sangre-y-discusion-sobre-etica-en-fotoperiodismo\/?share=linkedin\" target=\"_blank\" title=\"Haz clic para compartir en LinkedIn\"><span>LinkedIn<\/span><\/a><\/li><li class=\"share-tumblr\"><a rel=\"nofollow noopener noreferrer\" data-shared=\"\" class=\"share-tumblr sd-button share-icon\" href=\"http:\/\/desireemartinphoto.com\/blog\/eclipse-de-luna-de-sangre-y-discusion-sobre-etica-en-fotoperiodismo\/?share=tumblr\" target=\"_blank\" title=\"Haz clic para compartir en Tumblr\"><span>Tumblr<\/span><\/a><\/li><li class=\"share-end\"><\/li><\/ul><\/div><\/div><\/div>","protected":false},"excerpt":{"rendered":"<p>Noche del 28 de septiembre, 2015, luna llena. Hac\u00eda semanas que preparaba el nuevo eclipse total de luna de sangre. 14 % m\u00e1s grande, 30 % m\u00e1s luminosa, apps para visualizar la salida, y los movimientos.. para qu\u00e9? Para saber d\u00f3nde ubicarme para lograr una imagen. Producci\u00f3n vaya&#8230; Rastreo la web de la agencia ( [&#038;hellip<\/p>\n<div class=\"sharedaddy sd-sharing-enabled\"><div class=\"robots-nocontent sd-block sd-social sd-social-icon-text sd-sharing\"><h3 class=\"sd-title\">COMPARTE ESTO:<\/h3><div class=\"sd-content\"><ul><li class=\"share-facebook\"><a rel=\"nofollow noopener noreferrer\" data-shared=\"sharing-facebook-4264\" class=\"share-facebook sd-button share-icon\" href=\"http:\/\/desireemartinphoto.com\/blog\/eclipse-de-luna-de-sangre-y-discusion-sobre-etica-en-fotoperiodismo\/?share=facebook\" target=\"_blank\" title=\"Haz clic para compartir en Facebook\"><span>Facebook<\/span><\/a><\/li><li class=\"share-twitter\"><a rel=\"nofollow noopener noreferrer\" data-shared=\"sharing-twitter-4264\" class=\"share-twitter sd-button share-icon\" href=\"http:\/\/desireemartinphoto.com\/blog\/eclipse-de-luna-de-sangre-y-discusion-sobre-etica-en-fotoperiodismo\/?share=twitter\" target=\"_blank\" title=\"Haz clic para compartir en Twitter\"><span>Twitter<\/span><\/a><\/li><li class=\"share-email\"><a rel=\"nofollow noopener noreferrer\" data-shared=\"\" class=\"share-email sd-button share-icon\" href=\"http:\/\/desireemartinphoto.com\/blog\/eclipse-de-luna-de-sangre-y-discusion-sobre-etica-en-fotoperiodismo\/?share=email\" target=\"_blank\" title=\"Haz clic para enviar por correo electr\u00f3nico a un amigo\"><span>Correo electr\u00f3nico<\/span><\/a><\/li><li class=\"share-linkedin\"><a rel=\"nofollow noopener noreferrer\" data-shared=\"sharing-linkedin-4264\" class=\"share-linkedin sd-button share-icon\" href=\"http:\/\/desireemartinphoto.com\/blog\/eclipse-de-luna-de-sangre-y-discusion-sobre-etica-en-fotoperiodismo\/?share=linkedin\" target=\"_blank\" title=\"Haz clic para compartir en LinkedIn\"><span>LinkedIn<\/span><\/a><\/li><li class=\"share-tumblr\"><a rel=\"nofollow noopener noreferrer\" data-shared=\"\" class=\"share-tumblr sd-button share-icon\" href=\"http:\/\/desireemartinphoto.com\/blog\/eclipse-de-luna-de-sangre-y-discusion-sobre-etica-en-fotoperiodismo\/?share=tumblr\" target=\"_blank\" title=\"Haz clic para compartir en Tumblr\"><span>Tumblr<\/span><\/a><\/li><li class=\"share-end\"><\/li><\/ul><\/div><\/div><\/div>","protected":false},"author":1,"featured_media":0,"comment_status":"open","ping_status":"open","sticky":false,"template":"","format":"standard","meta":{"spay_email":""},"categories":[1],"tags":[865,689,39,866,355,151,6,864,152,863,362,174,155,70,690,867,868,71,691],"jetpack_featured_media_url":"","jetpack_sharing_enabled":true,"_links":{"self":[{"href":"http:\/\/desireemartinphoto.com\/blog\/wp-json\/wp\/v2\/posts\/4264"}],"collection":[{"href":"http:\/\/desireemartinphoto.com\/blog\/wp-json\/wp\/v2\/posts"}],"about":[{"href":"http:\/\/desireemartinphoto.com\/blog\/wp-json\/wp\/v2\/types\/post"}],"author":[{"embeddable":true,"href":"http:\/\/desireemartinphoto.com\/blog\/wp-json\/wp\/v2\/users\/1"}],"replies":[{"embeddable":true,"href":"http:\/\/desireemartinphoto.com\/blog\/wp-json\/wp\/v2\/comments?post=4264"}],"version-history":[{"count":2,"href":"http:\/\/desireemartinphoto.com\/blog\/wp-json\/wp\/v2\/posts\/4264\/revisions"}],"predecessor-version":[{"id":4282,"href":"http:\/\/desireemartinphoto.com\/blog\/wp-json\/wp\/v2\/posts\/4264\/revisions\/4282"}],"wp:attachment":[{"href":"http:\/\/desireemartinphoto.com\/blog\/wp-json\/wp\/v2\/media?parent=4264"}],"wp:term":[{"taxonomy":"category","embeddable":true,"href":"http:\/\/desireemartinphoto.com\/blog\/wp-json\/wp\/v2\/categories?post=4264"},{"taxonomy":"post_tag","embeddable":true,"href":"http:\/\/desireemartinphoto.com\/blog\/wp-json\/wp\/v2\/tags?post=4264"}],"curies":[{"name":"wp","href":"https:\/\/api.w.org\/{rel}","templated":true}]}}