{"id":4219,"date":"2015-07-22T12:02:33","date_gmt":"2015-07-22T12:02:33","guid":{"rendered":"http:\/\/desireemartinphoto.com\/blog\/?p=4219"},"modified":"2015-07-22T12:23:37","modified_gmt":"2015-07-22T12:23:37","slug":"nadie-mira-solo-fotografian","status":"publish","type":"post","link":"http:\/\/desireemartinphoto.com\/blog\/nadie-mira-solo-fotografian\/","title":{"rendered":"Nadie mira, solo fotograf\u00edan"},"content":{"rendered":"<p>El d\u00eda de la Danza de los Enanos, en las fiestas lustrales-Bajada de la Virgen de las Nieves, en isla de La Palma, estaba arrodillada entre los ni\u00f1os para hacer las fotos del d\u00eda y me llam\u00f3 la atenci\u00f3n un ni\u00f1o &#8230;me hizo gracia verlo afanado sacando fotos..<\/p>\n<p>&nbsp;<\/p>\n<p><a href=\"http:\/\/desireemartinphoto.com\/blog\/wp-content\/uploads\/2015\/07\/NAdie-mira-BLOG-2015-01.jpg\"><img data-attachment-id=\"4220\" data-permalink=\"http:\/\/desireemartinphoto.com\/blog\/nadie-mira-solo-fotografian\/nadie-mira-blog-2015-01\/\" data-orig-file=\"http:\/\/desireemartinphoto.com\/blog\/wp-content\/uploads\/2015\/07\/NAdie-mira-BLOG-2015-01.jpg\" data-orig-size=\"550,410\" data-comments-opened=\"1\" data-image-meta=\"{&quot;aperture&quot;:&quot;0&quot;,&quot;credit&quot;:&quot;&quot;,&quot;camera&quot;:&quot;&quot;,&quot;caption&quot;:&quot;&quot;,&quot;created_timestamp&quot;:&quot;1437493313&quot;,&quot;copyright&quot;:&quot;&quot;,&quot;focal_length&quot;:&quot;0&quot;,&quot;iso&quot;:&quot;0&quot;,&quot;shutter_speed&quot;:&quot;0&quot;,&quot;title&quot;:&quot;&quot;,&quot;orientation&quot;:&quot;1&quot;}\" data-image-title=\"Nadie mira BLOG 2015 01\" data-image-description=\"\" data-medium-file=\"http:\/\/desireemartinphoto.com\/blog\/wp-content\/uploads\/2015\/07\/NAdie-mira-BLOG-2015-01-300x224.jpg\" data-large-file=\"http:\/\/desireemartinphoto.com\/blog\/wp-content\/uploads\/2015\/07\/NAdie-mira-BLOG-2015-01.jpg\" loading=\"lazy\" class=\"alignnone size-full wp-image-4220\" src=\"http:\/\/desireemartinphoto.com\/blog\/wp-content\/uploads\/2015\/07\/NAdie-mira-BLOG-2015-01.jpg\" alt=\"Nadie mira BLOG 2015 01\" width=\"550\" height=\"410\" srcset=\"http:\/\/desireemartinphoto.com\/blog\/wp-content\/uploads\/2015\/07\/NAdie-mira-BLOG-2015-01.jpg 550w, http:\/\/desireemartinphoto.com\/blog\/wp-content\/uploads\/2015\/07\/NAdie-mira-BLOG-2015-01-300x224.jpg 300w\" sizes=\"(max-width: 550px) 100vw, 550px\" \/><\/a><\/p>\n<p>&nbsp;<\/p>\n<p>Disculpen el cutre cut-out estas cosas no son lo m\u00edo..<\/p>\n<p>&nbsp;<\/p>\n<p>R\u00e1pidamente se me quit\u00f3 la sonrisa de la cara.. joder!!! \u00a0es una orda de ni\u00f1os que no disfrutaban de la magia de los Enanos, del momento esperado cada 5 a\u00f1os, por ni\u00f1os y adultos!! &#8230;y ..ni los miran??<\/p>\n<p>&nbsp;<\/p>\n<p><a href=\"http:\/\/desireemartinphoto.com\/blog\/wp-content\/uploads\/2015\/07\/NAdie-mira-BLOG-2015-02.jpg\"><img data-attachment-id=\"4221\" data-permalink=\"http:\/\/desireemartinphoto.com\/blog\/nadie-mira-solo-fotografian\/nadie-mira-blog-2015-02\/\" data-orig-file=\"http:\/\/desireemartinphoto.com\/blog\/wp-content\/uploads\/2015\/07\/NAdie-mira-BLOG-2015-02.jpg\" data-orig-size=\"550,367\" data-comments-opened=\"1\" data-image-meta=\"{&quot;aperture&quot;:&quot;0&quot;,&quot;credit&quot;:&quot;&quot;,&quot;camera&quot;:&quot;&quot;,&quot;caption&quot;:&quot;&quot;,&quot;created_timestamp&quot;:&quot;1437493318&quot;,&quot;copyright&quot;:&quot;&quot;,&quot;focal_length&quot;:&quot;0&quot;,&quot;iso&quot;:&quot;0&quot;,&quot;shutter_speed&quot;:&quot;0&quot;,&quot;title&quot;:&quot;&quot;,&quot;orientation&quot;:&quot;1&quot;}\" data-image-title=\"Nadie mira BLOG 2015 02\" data-image-description=\"\" data-medium-file=\"http:\/\/desireemartinphoto.com\/blog\/wp-content\/uploads\/2015\/07\/NAdie-mira-BLOG-2015-02-300x200.jpg\" data-large-file=\"http:\/\/desireemartinphoto.com\/blog\/wp-content\/uploads\/2015\/07\/NAdie-mira-BLOG-2015-02.jpg\" loading=\"lazy\" class=\"alignnone size-full wp-image-4221\" src=\"http:\/\/desireemartinphoto.com\/blog\/wp-content\/uploads\/2015\/07\/NAdie-mira-BLOG-2015-02.jpg\" alt=\"Nadie mira BLOG 2015 02\" width=\"550\" height=\"367\" srcset=\"http:\/\/desireemartinphoto.com\/blog\/wp-content\/uploads\/2015\/07\/NAdie-mira-BLOG-2015-02.jpg 550w, http:\/\/desireemartinphoto.com\/blog\/wp-content\/uploads\/2015\/07\/NAdie-mira-BLOG-2015-02-300x200.jpg 300w\" sizes=\"(max-width: 550px) 100vw, 550px\" \/><\/a>\u00a0\u00a0<a href=\"http:\/\/desireemartinphoto.com\/blog\/wp-content\/uploads\/2015\/07\/NAdie-mira-BLOG-2015-04.jpg\"><img data-attachment-id=\"4223\" data-permalink=\"http:\/\/desireemartinphoto.com\/blog\/nadie-mira-solo-fotografian\/nadie-mira-blog-2015-04\/\" data-orig-file=\"http:\/\/desireemartinphoto.com\/blog\/wp-content\/uploads\/2015\/07\/NAdie-mira-BLOG-2015-04.jpg\" data-orig-size=\"550,465\" data-comments-opened=\"1\" data-image-meta=\"{&quot;aperture&quot;:&quot;0&quot;,&quot;credit&quot;:&quot;&quot;,&quot;camera&quot;:&quot;&quot;,&quot;caption&quot;:&quot;&quot;,&quot;created_timestamp&quot;:&quot;1437493329&quot;,&quot;copyright&quot;:&quot;&quot;,&quot;focal_length&quot;:&quot;0&quot;,&quot;iso&quot;:&quot;0&quot;,&quot;shutter_speed&quot;:&quot;0&quot;,&quot;title&quot;:&quot;&quot;,&quot;orientation&quot;:&quot;1&quot;}\" data-image-title=\"Nadie mira BLOG 2015 04\" data-image-description=\"\" data-medium-file=\"http:\/\/desireemartinphoto.com\/blog\/wp-content\/uploads\/2015\/07\/NAdie-mira-BLOG-2015-04-300x254.jpg\" data-large-file=\"http:\/\/desireemartinphoto.com\/blog\/wp-content\/uploads\/2015\/07\/NAdie-mira-BLOG-2015-04.jpg\" loading=\"lazy\" class=\"alignnone size-full wp-image-4223\" src=\"http:\/\/desireemartinphoto.com\/blog\/wp-content\/uploads\/2015\/07\/NAdie-mira-BLOG-2015-04.jpg\" alt=\"Nadie mira BLOG 2015 04\" width=\"550\" height=\"465\" srcset=\"http:\/\/desireemartinphoto.com\/blog\/wp-content\/uploads\/2015\/07\/NAdie-mira-BLOG-2015-04.jpg 550w, http:\/\/desireemartinphoto.com\/blog\/wp-content\/uploads\/2015\/07\/NAdie-mira-BLOG-2015-04-300x254.jpg 300w\" sizes=\"(max-width: 550px) 100vw, 550px\" \/><\/a><\/p>\n<p>&nbsp;<\/p>\n<p>Esa noche qued\u00e9 m\u00e1s tranquila al ver las ganas y la perrera que se cogi\u00f3 el\u00a0ni\u00f1o de la izquierda de la imagen&#8230;Al final consigue la atenci\u00f3n del Enano y su danza.<\/p>\n<p>&nbsp;<\/p>\n<p><a href=\"http:\/\/desireemartinphoto.com\/blog\/wp-content\/uploads\/2015\/07\/NAdie-mira-BLOG-2015-03.jpg\"><img data-attachment-id=\"4222\" data-permalink=\"http:\/\/desireemartinphoto.com\/blog\/nadie-mira-solo-fotografian\/nadie-mira-blog-2015-03\/\" data-orig-file=\"http:\/\/desireemartinphoto.com\/blog\/wp-content\/uploads\/2015\/07\/NAdie-mira-BLOG-2015-03.jpg\" data-orig-size=\"550,354\" data-comments-opened=\"1\" data-image-meta=\"{&quot;aperture&quot;:&quot;0&quot;,&quot;credit&quot;:&quot;&quot;,&quot;camera&quot;:&quot;&quot;,&quot;caption&quot;:&quot;&quot;,&quot;created_timestamp&quot;:&quot;0&quot;,&quot;copyright&quot;:&quot;&quot;,&quot;focal_length&quot;:&quot;0&quot;,&quot;iso&quot;:&quot;0&quot;,&quot;shutter_speed&quot;:&quot;0&quot;,&quot;title&quot;:&quot;&quot;,&quot;orientation&quot;:&quot;1&quot;}\" data-image-title=\"Nadie mira BLOG 2015 03\" data-image-description=\"\" data-medium-file=\"http:\/\/desireemartinphoto.com\/blog\/wp-content\/uploads\/2015\/07\/NAdie-mira-BLOG-2015-03-300x193.jpg\" data-large-file=\"http:\/\/desireemartinphoto.com\/blog\/wp-content\/uploads\/2015\/07\/NAdie-mira-BLOG-2015-03.jpg\" loading=\"lazy\" class=\"alignnone size-full wp-image-4222\" src=\"http:\/\/desireemartinphoto.com\/blog\/wp-content\/uploads\/2015\/07\/NAdie-mira-BLOG-2015-03.jpg\" alt=\"Nadie mira BLOG 2015 03\" width=\"550\" height=\"354\" srcset=\"http:\/\/desireemartinphoto.com\/blog\/wp-content\/uploads\/2015\/07\/NAdie-mira-BLOG-2015-03.jpg 550w, http:\/\/desireemartinphoto.com\/blog\/wp-content\/uploads\/2015\/07\/NAdie-mira-BLOG-2015-03-300x193.jpg 300w\" sizes=\"(max-width: 550px) 100vw, 550px\" \/><\/a><\/p>\n<p>&nbsp;<\/p>\n<p>D\u00edas posteriores, en la procesi\u00f3n de la Bajada de la Virgen &#8230;no me digan que ven la procesi\u00f3n igualmente!! Si no levantan la vista de la pantalla!!!!!<\/p>\n<p>&nbsp;<\/p>\n<p><a href=\"http:\/\/desireemartinphoto.com\/blog\/wp-content\/uploads\/2015\/07\/NAdie-mira-BLOG-2015-05.jpg\"><img data-attachment-id=\"4224\" data-permalink=\"http:\/\/desireemartinphoto.com\/blog\/nadie-mira-solo-fotografian\/nadie-mira-blog-2015-05\/\" data-orig-file=\"http:\/\/desireemartinphoto.com\/blog\/wp-content\/uploads\/2015\/07\/NAdie-mira-BLOG-2015-05.jpg\" data-orig-size=\"550,449\" data-comments-opened=\"1\" data-image-meta=\"{&quot;aperture&quot;:&quot;0&quot;,&quot;credit&quot;:&quot;&quot;,&quot;camera&quot;:&quot;&quot;,&quot;caption&quot;:&quot;&quot;,&quot;created_timestamp&quot;:&quot;1437493361&quot;,&quot;copyright&quot;:&quot;&quot;,&quot;focal_length&quot;:&quot;0&quot;,&quot;iso&quot;:&quot;0&quot;,&quot;shutter_speed&quot;:&quot;0&quot;,&quot;title&quot;:&quot;&quot;,&quot;orientation&quot;:&quot;1&quot;}\" data-image-title=\"NAdie mira BLOG 2015 05\" data-image-description=\"\" data-medium-file=\"http:\/\/desireemartinphoto.com\/blog\/wp-content\/uploads\/2015\/07\/NAdie-mira-BLOG-2015-05-300x245.jpg\" data-large-file=\"http:\/\/desireemartinphoto.com\/blog\/wp-content\/uploads\/2015\/07\/NAdie-mira-BLOG-2015-05.jpg\" loading=\"lazy\" class=\"alignnone size-full wp-image-4224\" src=\"http:\/\/desireemartinphoto.com\/blog\/wp-content\/uploads\/2015\/07\/NAdie-mira-BLOG-2015-05.jpg\" alt=\"NAdie mira BLOG 2015 05\" width=\"550\" height=\"449\" srcset=\"http:\/\/desireemartinphoto.com\/blog\/wp-content\/uploads\/2015\/07\/NAdie-mira-BLOG-2015-05.jpg 550w, http:\/\/desireemartinphoto.com\/blog\/wp-content\/uploads\/2015\/07\/NAdie-mira-BLOG-2015-05-300x245.jpg 300w\" sizes=\"(max-width: 550px) 100vw, 550px\" \/><\/a><\/p>\n<p>&nbsp;<\/p>\n<p>Me agach\u00e9 para que pudieran ver el paso de la imagen de la Virgen de las Nieves y cuando me giro &#8230;veo esto!!!<\/p>\n<p>Ah!!! \u00a0&#8230;muy bueno&#8230; de verdad que estos se\u00f1ores que van ataviados con indumentaria religiosa, con lo que presupongo que tienen acceso a la imagen m\u00e1s f\u00e1cilmente que la inmensa mayor\u00eda, no han hecho fotos\u00a0a la virgen en mejores condiciones de luz??? \u00a0De verdad?? &#8230;a todas estas los profesionales que est\u00e1bamos trabajando all\u00ed est\u00e1bamos detr\u00e1s de sus brazos y manos.. \u00a0yo no paraba de pensar, si pudiera, si fuera ellos, estar\u00eda mirando, observando todo lo que suced\u00eda.<\/p>\n<p>&nbsp;<\/p>\n<p><a href=\"http:\/\/desireemartinphoto.com\/blog\/wp-content\/uploads\/2015\/07\/NAdie-mira-BLOG-2015-07.jpg\"><img data-attachment-id=\"4225\" data-permalink=\"http:\/\/desireemartinphoto.com\/blog\/nadie-mira-solo-fotografian\/nadie-mira-blog-2015-07\/\" data-orig-file=\"http:\/\/desireemartinphoto.com\/blog\/wp-content\/uploads\/2015\/07\/NAdie-mira-BLOG-2015-07.jpg\" data-orig-size=\"550,810\" data-comments-opened=\"1\" data-image-meta=\"{&quot;aperture&quot;:&quot;0&quot;,&quot;credit&quot;:&quot;&quot;,&quot;camera&quot;:&quot;&quot;,&quot;caption&quot;:&quot;&quot;,&quot;created_timestamp&quot;:&quot;0&quot;,&quot;copyright&quot;:&quot;&quot;,&quot;focal_length&quot;:&quot;0&quot;,&quot;iso&quot;:&quot;0&quot;,&quot;shutter_speed&quot;:&quot;0&quot;,&quot;title&quot;:&quot;&quot;,&quot;orientation&quot;:&quot;1&quot;}\" data-image-title=\"Nadie mira BLOG 2015 07\" data-image-description=\"\" data-medium-file=\"http:\/\/desireemartinphoto.com\/blog\/wp-content\/uploads\/2015\/07\/NAdie-mira-BLOG-2015-07-204x300.jpg\" data-large-file=\"http:\/\/desireemartinphoto.com\/blog\/wp-content\/uploads\/2015\/07\/NAdie-mira-BLOG-2015-07.jpg\" loading=\"lazy\" class=\"alignnone size-full wp-image-4225\" src=\"http:\/\/desireemartinphoto.com\/blog\/wp-content\/uploads\/2015\/07\/NAdie-mira-BLOG-2015-07.jpg\" alt=\"Nadie mira BLOG 2015 07\" width=\"550\" height=\"810\" srcset=\"http:\/\/desireemartinphoto.com\/blog\/wp-content\/uploads\/2015\/07\/NAdie-mira-BLOG-2015-07.jpg 550w, http:\/\/desireemartinphoto.com\/blog\/wp-content\/uploads\/2015\/07\/NAdie-mira-BLOG-2015-07-204x300.jpg 204w\" sizes=\"(max-width: 550px) 100vw, 550px\" \/><\/a><\/p>\n<p>&nbsp;<\/p>\n<p>Y para hacer una foto cerrada de la imagen? Porque si me dicen que es que est\u00e1 fotografiando el momento de la salida de la virgen de la iglesia&#8230;<\/p>\n<p>&nbsp;<\/p>\n<p><a href=\"http:\/\/desireemartinphoto.com\/blog\/wp-content\/uploads\/2015\/07\/NAdie-mira-BLOG-2015-06.jpg\"><img data-attachment-id=\"4226\" data-permalink=\"http:\/\/desireemartinphoto.com\/blog\/nadie-mira-solo-fotografian\/nadie-mira-blog-2015-06\/\" data-orig-file=\"http:\/\/desireemartinphoto.com\/blog\/wp-content\/uploads\/2015\/07\/NAdie-mira-BLOG-2015-06.jpg\" data-orig-size=\"550,772\" data-comments-opened=\"1\" data-image-meta=\"{&quot;aperture&quot;:&quot;0&quot;,&quot;credit&quot;:&quot;&quot;,&quot;camera&quot;:&quot;&quot;,&quot;caption&quot;:&quot;&quot;,&quot;created_timestamp&quot;:&quot;1437493336&quot;,&quot;copyright&quot;:&quot;&quot;,&quot;focal_length&quot;:&quot;0&quot;,&quot;iso&quot;:&quot;0&quot;,&quot;shutter_speed&quot;:&quot;0&quot;,&quot;title&quot;:&quot;&quot;,&quot;orientation&quot;:&quot;1&quot;}\" data-image-title=\"Nadie mira BLOG 2015 06\" data-image-description=\"\" data-medium-file=\"http:\/\/desireemartinphoto.com\/blog\/wp-content\/uploads\/2015\/07\/NAdie-mira-BLOG-2015-06-214x300.jpg\" data-large-file=\"http:\/\/desireemartinphoto.com\/blog\/wp-content\/uploads\/2015\/07\/NAdie-mira-BLOG-2015-06.jpg\" loading=\"lazy\" class=\"alignnone size-full wp-image-4226\" src=\"http:\/\/desireemartinphoto.com\/blog\/wp-content\/uploads\/2015\/07\/NAdie-mira-BLOG-2015-06.jpg\" alt=\"Nadie mira BLOG 2015 06\" width=\"550\" height=\"772\" srcset=\"http:\/\/desireemartinphoto.com\/blog\/wp-content\/uploads\/2015\/07\/NAdie-mira-BLOG-2015-06.jpg 550w, http:\/\/desireemartinphoto.com\/blog\/wp-content\/uploads\/2015\/07\/NAdie-mira-BLOG-2015-06-214x300.jpg 214w\" sizes=\"(max-width: 550px) 100vw, 550px\" \/><\/a><\/p>\n<p>&nbsp;<\/p>\n<p>&#8230;para acabar &#8230;de noche.. Una preciosa procesi\u00f3n de ni\u00f1os con sus Pandorgas ( farolillos de papel y madera ). Se espera al anochecer para salir en procesi\u00f3n hasta su final, un barranco donde las queman.<\/p>\n<p>Por el camino, yo trabajo entre los ni\u00f1os y padres para lograr las mejores im\u00e1genes, se pueden imaginar lo que es encontrarte a cientos de personas con sus peque\u00f1os flashes de m\u00f3vil o c\u00e1maras dirigidas hacia tus ojos, sin descanso? Horas? y que encima intentes taparlas con la mano para poder seguir andando,trabajando .. no caerme ..y se enfaden y me aparten la mano???? ..<\/p>\n<p>&nbsp;<\/p>\n<p><a href=\"http:\/\/desireemartinphoto.com\/blog\/wp-content\/uploads\/2015\/07\/NAdie-mira-BLOG-2015-08.jpg\"><img data-attachment-id=\"4227\" data-permalink=\"http:\/\/desireemartinphoto.com\/blog\/nadie-mira-solo-fotografian\/nadie-mira-blog-2015-08\/\" data-orig-file=\"http:\/\/desireemartinphoto.com\/blog\/wp-content\/uploads\/2015\/07\/NAdie-mira-BLOG-2015-08.jpg\" data-orig-size=\"550,466\" data-comments-opened=\"1\" data-image-meta=\"{&quot;aperture&quot;:&quot;0&quot;,&quot;credit&quot;:&quot;&quot;,&quot;camera&quot;:&quot;&quot;,&quot;caption&quot;:&quot;&quot;,&quot;created_timestamp&quot;:&quot;1437560993&quot;,&quot;copyright&quot;:&quot;&quot;,&quot;focal_length&quot;:&quot;0&quot;,&quot;iso&quot;:&quot;0&quot;,&quot;shutter_speed&quot;:&quot;0&quot;,&quot;title&quot;:&quot;&quot;,&quot;orientation&quot;:&quot;1&quot;}\" data-image-title=\"Nadie mira BLOG 2015 08\" data-image-description=\"\" data-medium-file=\"http:\/\/desireemartinphoto.com\/blog\/wp-content\/uploads\/2015\/07\/NAdie-mira-BLOG-2015-08-300x254.jpg\" data-large-file=\"http:\/\/desireemartinphoto.com\/blog\/wp-content\/uploads\/2015\/07\/NAdie-mira-BLOG-2015-08.jpg\" loading=\"lazy\" class=\"alignnone size-full wp-image-4227\" src=\"http:\/\/desireemartinphoto.com\/blog\/wp-content\/uploads\/2015\/07\/NAdie-mira-BLOG-2015-08.jpg\" alt=\"Nadie mira BLOG 2015 08\" width=\"550\" height=\"466\" srcset=\"http:\/\/desireemartinphoto.com\/blog\/wp-content\/uploads\/2015\/07\/NAdie-mira-BLOG-2015-08.jpg 550w, http:\/\/desireemartinphoto.com\/blog\/wp-content\/uploads\/2015\/07\/NAdie-mira-BLOG-2015-08-300x254.jpg 300w\" sizes=\"(max-width: 550px) 100vw, 550px\" \/><\/a><\/p>\n<p>&nbsp;<\/p>\n<p>De verdad vieron alguno de estos actos?<\/p>\n<p>Disfrutaron de estos instantes?<\/p>\n<p>Revisan esas fotos alguna vez?<\/p>\n<p>&nbsp;<\/p>\n<p>Les doy un consejo de coraz\u00f3n, hagan ese foto para el recuerdo y SUELTEN LOS M\u00d3VILES Y DISFRUTEN !!!!<\/p>\n<p>Ah! Sigo editando la tonelada de Gb de la\u00a0<a href=\"https:\/\/twitter.com\/bajadalapalma\" target=\"_blank\">Bajada de la Virgen de las Nieves<\/a><\/p>\n<p>&nbsp;<\/p>\n<p>&nbsp;<\/p>\n<p>&nbsp;<\/p>\n<p>&nbsp;<\/p>\n<div class=\"sharedaddy sd-sharing-enabled\"><div class=\"robots-nocontent sd-block sd-social sd-social-icon-text sd-sharing\"><h3 class=\"sd-title\">COMPARTE ESTO:<\/h3><div class=\"sd-content\"><ul><li class=\"share-facebook\"><a rel=\"nofollow noopener noreferrer\" data-shared=\"sharing-facebook-4219\" class=\"share-facebook sd-button share-icon\" href=\"http:\/\/desireemartinphoto.com\/blog\/nadie-mira-solo-fotografian\/?share=facebook\" target=\"_blank\" title=\"Haz clic para compartir en Facebook\"><span>Facebook<\/span><\/a><\/li><li class=\"share-twitter\"><a rel=\"nofollow noopener noreferrer\" data-shared=\"sharing-twitter-4219\" class=\"share-twitter sd-button share-icon\" href=\"http:\/\/desireemartinphoto.com\/blog\/nadie-mira-solo-fotografian\/?share=twitter\" target=\"_blank\" title=\"Haz clic para compartir en Twitter\"><span>Twitter<\/span><\/a><\/li><li class=\"share-email\"><a rel=\"nofollow noopener noreferrer\" data-shared=\"\" class=\"share-email sd-button share-icon\" href=\"http:\/\/desireemartinphoto.com\/blog\/nadie-mira-solo-fotografian\/?share=email\" target=\"_blank\" title=\"Haz clic para enviar por correo electr\u00f3nico a un amigo\"><span>Correo electr\u00f3nico<\/span><\/a><\/li><li class=\"share-linkedin\"><a rel=\"nofollow noopener noreferrer\" data-shared=\"sharing-linkedin-4219\" class=\"share-linkedin sd-button share-icon\" href=\"http:\/\/desireemartinphoto.com\/blog\/nadie-mira-solo-fotografian\/?share=linkedin\" target=\"_blank\" title=\"Haz clic para compartir en LinkedIn\"><span>LinkedIn<\/span><\/a><\/li><li class=\"share-tumblr\"><a rel=\"nofollow noopener noreferrer\" data-shared=\"\" class=\"share-tumblr sd-button share-icon\" href=\"http:\/\/desireemartinphoto.com\/blog\/nadie-mira-solo-fotografian\/?share=tumblr\" target=\"_blank\" title=\"Haz clic para compartir en Tumblr\"><span>Tumblr<\/span><\/a><\/li><li class=\"share-end\"><\/li><\/ul><\/div><\/div><\/div>","protected":false},"excerpt":{"rendered":"<p>El d\u00eda de la Danza de los Enanos, en las fiestas lustrales-Bajada de la Virgen de las Nieves, en isla de La Palma, estaba arrodillada entre los ni\u00f1os para hacer las fotos del d\u00eda y me llam\u00f3 la atenci\u00f3n un ni\u00f1o &#8230;me hizo gracia verlo afanado sacando fotos.. &nbsp; &nbsp; Disculpen el cutre cut-out estas [&#038;hellip<\/p>\n<div class=\"sharedaddy sd-sharing-enabled\"><div class=\"robots-nocontent sd-block sd-social sd-social-icon-text sd-sharing\"><h3 class=\"sd-title\">COMPARTE ESTO:<\/h3><div class=\"sd-content\"><ul><li class=\"share-facebook\"><a rel=\"nofollow noopener noreferrer\" data-shared=\"sharing-facebook-4219\" class=\"share-facebook sd-button share-icon\" href=\"http:\/\/desireemartinphoto.com\/blog\/nadie-mira-solo-fotografian\/?share=facebook\" target=\"_blank\" title=\"Haz clic para compartir en Facebook\"><span>Facebook<\/span><\/a><\/li><li class=\"share-twitter\"><a rel=\"nofollow noopener noreferrer\" data-shared=\"sharing-twitter-4219\" class=\"share-twitter sd-button share-icon\" href=\"http:\/\/desireemartinphoto.com\/blog\/nadie-mira-solo-fotografian\/?share=twitter\" target=\"_blank\" title=\"Haz clic para compartir en Twitter\"><span>Twitter<\/span><\/a><\/li><li class=\"share-email\"><a rel=\"nofollow noopener noreferrer\" data-shared=\"\" class=\"share-email sd-button share-icon\" href=\"http:\/\/desireemartinphoto.com\/blog\/nadie-mira-solo-fotografian\/?share=email\" target=\"_blank\" title=\"Haz clic para enviar por correo electr\u00f3nico a un amigo\"><span>Correo electr\u00f3nico<\/span><\/a><\/li><li class=\"share-linkedin\"><a rel=\"nofollow noopener noreferrer\" data-shared=\"sharing-linkedin-4219\" class=\"share-linkedin sd-button share-icon\" href=\"http:\/\/desireemartinphoto.com\/blog\/nadie-mira-solo-fotografian\/?share=linkedin\" target=\"_blank\" title=\"Haz clic para compartir en LinkedIn\"><span>LinkedIn<\/span><\/a><\/li><li class=\"share-tumblr\"><a rel=\"nofollow noopener noreferrer\" data-shared=\"\" class=\"share-tumblr sd-button share-icon\" href=\"http:\/\/desireemartinphoto.com\/blog\/nadie-mira-solo-fotografian\/?share=tumblr\" target=\"_blank\" title=\"Haz clic para compartir en Tumblr\"><span>Tumblr<\/span><\/a><\/li><li class=\"share-end\"><\/li><\/ul><\/div><\/div><\/div>","protected":false},"author":3,"featured_media":0,"comment_status":"open","ping_status":"open","sticky":false,"template":"","format":"standard","meta":{"spay_email":""},"categories":[457],"tags":[774,572,355,852,26,514,853,648,362,818,854,855,822,515,850,856,124,668,851,121,620],"jetpack_featured_media_url":"","jetpack_sharing_enabled":true,"_links":{"self":[{"href":"http:\/\/desireemartinphoto.com\/blog\/wp-json\/wp\/v2\/posts\/4219"}],"collection":[{"href":"http:\/\/desireemartinphoto.com\/blog\/wp-json\/wp\/v2\/posts"}],"about":[{"href":"http:\/\/desireemartinphoto.com\/blog\/wp-json\/wp\/v2\/types\/post"}],"author":[{"embeddable":true,"href":"http:\/\/desireemartinphoto.com\/blog\/wp-json\/wp\/v2\/users\/3"}],"replies":[{"embeddable":true,"href":"http:\/\/desireemartinphoto.com\/blog\/wp-json\/wp\/v2\/comments?post=4219"}],"version-history":[{"count":4,"href":"http:\/\/desireemartinphoto.com\/blog\/wp-json\/wp\/v2\/posts\/4219\/revisions"}],"predecessor-version":[{"id":4232,"href":"http:\/\/desireemartinphoto.com\/blog\/wp-json\/wp\/v2\/posts\/4219\/revisions\/4232"}],"wp:attachment":[{"href":"http:\/\/desireemartinphoto.com\/blog\/wp-json\/wp\/v2\/media?parent=4219"}],"wp:term":[{"taxonomy":"category","embeddable":true,"href":"http:\/\/desireemartinphoto.com\/blog\/wp-json\/wp\/v2\/categories?post=4219"},{"taxonomy":"post_tag","embeddable":true,"href":"http:\/\/desireemartinphoto.com\/blog\/wp-json\/wp\/v2\/tags?post=4219"}],"curies":[{"name":"wp","href":"https:\/\/api.w.org\/{rel}","templated":true}]}}