{"id":4,"date":"2010-03-13T19:56:33","date_gmt":"2010-03-13T19:56:33","guid":{"rendered":"http:\/\/desireemartinphoto.com\/blog\/?p=4"},"modified":"2010-03-13T20:27:00","modified_gmt":"2010-03-13T20:27:00","slug":"casi-bolivia","status":"publish","type":"post","link":"http:\/\/desireemartinphoto.com\/blog\/casi-bolivia\/","title":{"rendered":"&#8230;casi Bolivia"},"content":{"rendered":"<p>\u2026.Uffff\u2026..\u00a0\u00a0 no me creo que ya este publicado\u2026 pero ah\u00ed va\u2026<\/p>\n<p>Hace cosa de un a\u00f1o\u00a0 me plantee un viaje a Bolivia durante las elecciones generales.<\/p>\n<p>Tras las t\u00edpicas dificultades de la organizaci\u00f3n de un viaje as\u00ed\u2026sobre todo econ\u00f3micas\u2026 llegue a Bolivia el d\u00eda 24 de noviembre, con unos 10 d\u00edas\u00a0 para conocer algo del pa\u00eds antes de que comenzara el jaleo de las elecciones.<\/p>\n<p>Durante esos d\u00edas todo fue con la \u201cnormalidad esperada\u201d, unas elecciones generales\u2026son \u2026eso\u2026 casi en cualquier lugar\u2026\u00a0 adem\u00e1s ..a mi me toco estar en Santa Cruz de la Sierra, una cuidad que no tiene nada que ver con lo que la mayor\u00eda de los europeos conocemos de Bolivia. As\u00ed que hu\u00ed de las etereotipadas trencitas de las se\u00f1oras del occidente del pa\u00eds y sus\u00a0 cholas ( falda tradicional )\u2026<\/p>\n<p>Tras las elecciones , viaje por el pa\u00eds durante\u00a0 aproximadamente un mes.. durante el cual perd\u00ed gran parte de mi material de trabajo, por atracos, robos y dem\u00e1s\u2026 y gane una experiencia vital sin precio.<\/p>\n<p>Estoy en Espa\u00f1a de nuevo\u2026 a la espera de que el disco duro donde tenia mi material del viaje me llegue de una compa\u00f1\u00eda de recuperaci\u00f3n de datos\u2026SI!!!. Tras ser casi lo \u00fanico material ( nada mas y nada menos ) que pude salvar de ese viaje, \u2026me casco!&#8230; un WD ..que se supone en de lo mejorcito\u2026.YA!!&#8230;<\/p>\n<p>Hace unos d\u00edas me llego desde dicha empresa \u201del disco\u201d \u2026.solo que se hab\u00edan equivocado \u2026jajajjajajaj\u2026.y me hab\u00edan mandado el que les envi\u00e9 yo fastidiado.<\/p>\n<p>\u2026..si creyera en la mala suerte\u2026 pero que se joda!&#8230; SIGO AQU\u00cd !!!!!!.<\/p>\n<p>\u00a1\u00a1\u00a1\u00a1\u00a1 ESTOY AQU\u00cd !!!!!!.<\/p>\n<p>Gracias a los que me apoyaron y me apoyan. Gracias.<\/p>\n<p><img data-attachment-id=\"5\" data-permalink=\"http:\/\/desireemartinphoto.com\/blog\/casi-bolivia\/bolivia-elections-count\/\" data-orig-file=\"http:\/\/desireemartinphoto.com\/blog\/wp-content\/uploads\/2010\/03\/Blog-Casi-Bolivia.jpg\" data-orig-size=\"550,354\" data-comments-opened=\"1\" data-image-meta=\"{&quot;aperture&quot;:&quot;0&quot;,&quot;credit&quot;:&quot;DESIREE MARTIN&quot;,&quot;camera&quot;:&quot;&quot;,&quot;caption&quot;:&quot;Bolivian citizens count votes at Claudina Thevenet school, in Plan 3000 neighborhood, Santa Cruz on December 6, 2009 during presidential elections. Bolivian President Evo Morales, an Aymara native and former coca farmer --and a fervent anti-US leader-- looked poised to easily win re-election and take control of the senate, the last bastion of the opposition. If those outcomes are confirmed, Morales would have the authority to push on with leftist reforms that already include limiting the size of landholdings, nationalizing the energy and telecommunications sectors, and empowering downtrodden indigenous communities. AFP PHOTO\\\/DESIREE MARTIN&quot;,&quot;created_timestamp&quot;:&quot;1260135840&quot;,&quot;copyright&quot;:&quot;ImageForum&quot;,&quot;focal_length&quot;:&quot;0&quot;,&quot;iso&quot;:&quot;0&quot;,&quot;shutter_speed&quot;:&quot;0&quot;,&quot;title&quot;:&quot;BOLIVIA-ELECTIONS-COUNT&quot;}\" data-image-title=\"Blog-Casi-Bolivia\" data-image-description=\"\" data-medium-file=\"http:\/\/desireemartinphoto.com\/blog\/wp-content\/uploads\/2010\/03\/Blog-Casi-Bolivia-300x193.jpg\" data-large-file=\"http:\/\/desireemartinphoto.com\/blog\/wp-content\/uploads\/2010\/03\/Blog-Casi-Bolivia.jpg\" loading=\"lazy\" class=\"alignnone size-full wp-image-5\" src=\"http:\/\/desireemartinphoto.com\/blog\/wp-content\/uploads\/2010\/03\/Blog-Casi-Bolivia.jpg\" alt=\"\" width=\"550\" height=\"354\" srcset=\"http:\/\/desireemartinphoto.com\/blog\/wp-content\/uploads\/2010\/03\/Blog-Casi-Bolivia.jpg 550w, http:\/\/desireemartinphoto.com\/blog\/wp-content\/uploads\/2010\/03\/Blog-Casi-Bolivia-300x193.jpg 300w\" sizes=\"(max-width: 550px) 100vw, 550px\" \/><\/p>\n<div class=\"sharedaddy sd-sharing-enabled\"><div class=\"robots-nocontent sd-block sd-social sd-social-icon-text sd-sharing\"><h3 class=\"sd-title\">COMPARTE ESTO:<\/h3><div class=\"sd-content\"><ul><li class=\"share-facebook\"><a rel=\"nofollow noopener noreferrer\" data-shared=\"sharing-facebook-4\" class=\"share-facebook sd-button share-icon\" href=\"http:\/\/desireemartinphoto.com\/blog\/casi-bolivia\/?share=facebook\" target=\"_blank\" title=\"Haz clic para compartir en Facebook\"><span>Facebook<\/span><\/a><\/li><li class=\"share-twitter\"><a rel=\"nofollow noopener noreferrer\" data-shared=\"sharing-twitter-4\" class=\"share-twitter sd-button share-icon\" href=\"http:\/\/desireemartinphoto.com\/blog\/casi-bolivia\/?share=twitter\" target=\"_blank\" title=\"Haz clic para compartir en Twitter\"><span>Twitter<\/span><\/a><\/li><li class=\"share-email\"><a rel=\"nofollow noopener noreferrer\" data-shared=\"\" class=\"share-email sd-button share-icon\" href=\"http:\/\/desireemartinphoto.com\/blog\/casi-bolivia\/?share=email\" target=\"_blank\" title=\"Haz clic para enviar por correo electr\u00f3nico a un amigo\"><span>Correo electr\u00f3nico<\/span><\/a><\/li><li class=\"share-linkedin\"><a rel=\"nofollow noopener noreferrer\" data-shared=\"sharing-linkedin-4\" class=\"share-linkedin sd-button share-icon\" href=\"http:\/\/desireemartinphoto.com\/blog\/casi-bolivia\/?share=linkedin\" target=\"_blank\" title=\"Haz clic para compartir en LinkedIn\"><span>LinkedIn<\/span><\/a><\/li><li class=\"share-tumblr\"><a rel=\"nofollow noopener noreferrer\" data-shared=\"\" class=\"share-tumblr sd-button share-icon\" href=\"http:\/\/desireemartinphoto.com\/blog\/casi-bolivia\/?share=tumblr\" target=\"_blank\" title=\"Haz clic para compartir en Tumblr\"><span>Tumblr<\/span><\/a><\/li><li class=\"share-end\"><\/li><\/ul><\/div><\/div><\/div>","protected":false},"excerpt":{"rendered":"<p>\u2026.Uffff\u2026..\u00a0\u00a0 no me creo que ya este publicado\u2026 pero ah\u00ed va\u2026 Hace cosa de un a\u00f1o\u00a0 me plantee un viaje a Bolivia durante las elecciones generales. Tras las t\u00edpicas dificultades de la organizaci\u00f3n de un viaje as\u00ed\u2026sobre todo econ\u00f3micas\u2026 llegue a Bolivia el d\u00eda 24 de noviembre, con unos 10 d\u00edas\u00a0 para conocer algo del [&#038;hellip<\/p>\n<div class=\"sharedaddy sd-sharing-enabled\"><div class=\"robots-nocontent sd-block sd-social sd-social-icon-text sd-sharing\"><h3 class=\"sd-title\">COMPARTE ESTO:<\/h3><div class=\"sd-content\"><ul><li class=\"share-facebook\"><a rel=\"nofollow noopener noreferrer\" data-shared=\"sharing-facebook-4\" class=\"share-facebook sd-button share-icon\" href=\"http:\/\/desireemartinphoto.com\/blog\/casi-bolivia\/?share=facebook\" target=\"_blank\" title=\"Haz clic para compartir en Facebook\"><span>Facebook<\/span><\/a><\/li><li class=\"share-twitter\"><a rel=\"nofollow noopener noreferrer\" data-shared=\"sharing-twitter-4\" class=\"share-twitter sd-button share-icon\" href=\"http:\/\/desireemartinphoto.com\/blog\/casi-bolivia\/?share=twitter\" target=\"_blank\" title=\"Haz clic para compartir en Twitter\"><span>Twitter<\/span><\/a><\/li><li class=\"share-email\"><a rel=\"nofollow noopener noreferrer\" data-shared=\"\" class=\"share-email sd-button share-icon\" href=\"http:\/\/desireemartinphoto.com\/blog\/casi-bolivia\/?share=email\" target=\"_blank\" title=\"Haz clic para enviar por correo electr\u00f3nico a un amigo\"><span>Correo electr\u00f3nico<\/span><\/a><\/li><li class=\"share-linkedin\"><a rel=\"nofollow noopener noreferrer\" data-shared=\"sharing-linkedin-4\" class=\"share-linkedin sd-button share-icon\" href=\"http:\/\/desireemartinphoto.com\/blog\/casi-bolivia\/?share=linkedin\" target=\"_blank\" title=\"Haz clic para compartir en LinkedIn\"><span>LinkedIn<\/span><\/a><\/li><li class=\"share-tumblr\"><a rel=\"nofollow noopener noreferrer\" data-shared=\"\" class=\"share-tumblr sd-button share-icon\" href=\"http:\/\/desireemartinphoto.com\/blog\/casi-bolivia\/?share=tumblr\" target=\"_blank\" title=\"Haz clic para compartir en Tumblr\"><span>Tumblr<\/span><\/a><\/li><li class=\"share-end\"><\/li><\/ul><\/div><\/div><\/div>","protected":false},"author":1,"featured_media":0,"comment_status":"open","ping_status":"open","sticky":false,"template":"","format":"standard","meta":{"spay_email":""},"categories":[1],"tags":[3,7,4,5,6],"jetpack_featured_media_url":"","jetpack_sharing_enabled":true,"_links":{"self":[{"href":"http:\/\/desireemartinphoto.com\/blog\/wp-json\/wp\/v2\/posts\/4"}],"collection":[{"href":"http:\/\/desireemartinphoto.com\/blog\/wp-json\/wp\/v2\/posts"}],"about":[{"href":"http:\/\/desireemartinphoto.com\/blog\/wp-json\/wp\/v2\/types\/post"}],"author":[{"embeddable":true,"href":"http:\/\/desireemartinphoto.com\/blog\/wp-json\/wp\/v2\/users\/1"}],"replies":[{"embeddable":true,"href":"http:\/\/desireemartinphoto.com\/blog\/wp-json\/wp\/v2\/comments?post=4"}],"version-history":[{"count":8,"href":"http:\/\/desireemartinphoto.com\/blog\/wp-json\/wp\/v2\/posts\/4\/revisions"}],"predecessor-version":[{"id":12,"href":"http:\/\/desireemartinphoto.com\/blog\/wp-json\/wp\/v2\/posts\/4\/revisions\/12"}],"wp:attachment":[{"href":"http:\/\/desireemartinphoto.com\/blog\/wp-json\/wp\/v2\/media?parent=4"}],"wp:term":[{"taxonomy":"category","embeddable":true,"href":"http:\/\/desireemartinphoto.com\/blog\/wp-json\/wp\/v2\/categories?post=4"},{"taxonomy":"post_tag","embeddable":true,"href":"http:\/\/desireemartinphoto.com\/blog\/wp-json\/wp\/v2\/tags?post=4"}],"curies":[{"name":"wp","href":"https:\/\/api.w.org\/{rel}","templated":true}]}}