{"id":3979,"date":"2015-03-23T20:51:27","date_gmt":"2015-03-23T20:51:27","guid":{"rendered":"http:\/\/desireemartinphoto.com\/blog\/?p=3979"},"modified":"2015-03-23T20:51:27","modified_gmt":"2015-03-23T20:51:27","slug":"eclipse-solar-20-de-marzo-2015","status":"publish","type":"post","link":"http:\/\/desireemartinphoto.com\/blog\/eclipse-solar-20-de-marzo-2015\/","title":{"rendered":"Eclipse solar, 20 de marzo 2015."},"content":{"rendered":"<p>Eclipse parcial de sol en Canarias.<\/p>\n<p>Busqu\u00e9 la informaci\u00f3n semanas antes, pero en Canarias, el sol solo iba a ocultarse un 55% por lo que pens\u00e9 que no interesar\u00eda mucho a los medios de comunicaci\u00f3n nacionales e internacionales. En Galicia se ver\u00eda un 80 % ..<\/p>\n<p>Pero un correo la noche anterior me hizo retomar toda esa info.<br \/>\nApp de seguimiento de estrellas, filtros solares, tr\u00edpode, ropa de abrigo&#8230; y lo m\u00e1s importante: termodecafe y chocolate.<\/p>\n<p>Madrug\u00f3n y a la calle en busca del sol&#8230;<\/p>\n<p>&#8230;y esto es lo que encontr\u00e9 hasta las 9 am.<\/p>\n<p>&nbsp;<\/p>\n<p><img data-attachment-id=\"3980\" data-permalink=\"http:\/\/desireemartinphoto.com\/blog\/eclipse-solar-20-de-marzo-2015\/eclipse-2003-2015-blog-01\/\" data-orig-file=\"http:\/\/desireemartinphoto.com\/blog\/wp-content\/uploads\/2015\/03\/Eclipse-2003-2015-BLOG-01.jpg\" data-orig-size=\"550,367\" data-comments-opened=\"1\" data-image-meta=\"{&quot;aperture&quot;:&quot;45&quot;,&quot;credit&quot;:&quot;&quot;,&quot;camera&quot;:&quot;Canon EOS 5D Mark II&quot;,&quot;caption&quot;:&quot;&quot;,&quot;created_timestamp&quot;:&quot;1426841771&quot;,&quot;copyright&quot;:&quot;&quot;,&quot;focal_length&quot;:&quot;184&quot;,&quot;iso&quot;:&quot;200&quot;,&quot;shutter_speed&quot;:&quot;0.0025&quot;,&quot;title&quot;:&quot;&quot;,&quot;orientation&quot;:&quot;1&quot;}\" data-image-title=\"Eclipse 2003 2015 BLOG 01\" data-image-description=\"\" data-medium-file=\"http:\/\/desireemartinphoto.com\/blog\/wp-content\/uploads\/2015\/03\/Eclipse-2003-2015-BLOG-01-300x200.jpg\" data-large-file=\"http:\/\/desireemartinphoto.com\/blog\/wp-content\/uploads\/2015\/03\/Eclipse-2003-2015-BLOG-01.jpg\" loading=\"lazy\" width=\"550\" height=\"367\" class=\"alignnone size-medium wp-image-3980\" src=\"http:\/\/desireemartinphoto.com\/blog\/wp-content\/uploads\/2015\/03\/Eclipse-2003-2015-BLOG-01.jpg\" alt=\"Eclipse 2003 2015 BLOG 01\" srcset=\"http:\/\/desireemartinphoto.com\/blog\/wp-content\/uploads\/2015\/03\/Eclipse-2003-2015-BLOG-01.jpg 550w, http:\/\/desireemartinphoto.com\/blog\/wp-content\/uploads\/2015\/03\/Eclipse-2003-2015-BLOG-01-300x200.jpg 300w\" sizes=\"(max-width: 550px) 100vw, 550px\" \/><\/p>\n<p>Este eclipse total equinoccial es el primero de una serie de tres eclipses totales equinocciales consecutivos distanciados por 19 a\u00f1os. El pr\u00f3ximo eclipse total en equinoccio ocurrir\u00e1 en 2034.<\/p>\n<p>&nbsp;<\/p>\n<p>Ya a esta hora hab\u00edamos subido hasta el Parque Nacional de El Teide y pasando la Tarta, nos encontramos con unos coches parados y m\u00e1s a lo lejos algunos que hab\u00edan &#8220;chocado&#8221;. Los trabajadores de carreteras nos obligan a dar la vuelta. Las retamas estaban repletas de estalactitas de hielo y el asfalto de placas.<\/p>\n<p>&nbsp;<\/p>\n<p>Media vuelta&#8230;el comienzo del eclipse estaba a una media hora.. ya no coger\u00eda el principio. Bajando el valle de Gu\u00edmar me entero de que por el sur hay claros&#8230; corriendo para el sur.. Parada en varios cruces de la autopista del sur seg\u00fan \u00edbamos encontrando claros en las nubes ..ni filtro, ni tr\u00edpode&#8230;ni leches.. esto es lo que logr\u00e9, logramos! Conductor de lujo!<\/p>\n<p>&nbsp;<\/p>\n<p><img data-attachment-id=\"3981\" data-permalink=\"http:\/\/desireemartinphoto.com\/blog\/eclipse-solar-20-de-marzo-2015\/horizontal-172\/\" data-orig-file=\"http:\/\/desireemartinphoto.com\/blog\/wp-content\/uploads\/2015\/03\/Eclipse-2003-2015-BLOG-02.jpg\" data-orig-size=\"550,429\" data-comments-opened=\"1\" data-image-meta=\"{&quot;aperture&quot;:&quot;0&quot;,&quot;credit&quot;:&quot;AFP&quot;,&quot;camera&quot;:&quot;&quot;,&quot;caption&quot;:&quot;SPAIN, TENERIFE:  Partial solar eclipse taken from the Spanish Canary island of Tenerife on March 20, 2015. AFP PHOTO\\\/ DESIREE MARTIN&quot;,&quot;created_timestamp&quot;:&quot;1426846929&quot;,&quot;copyright&quot;:&quot;ImageForum&quot;,&quot;focal_length&quot;:&quot;0&quot;,&quot;iso&quot;:&quot;0&quot;,&quot;shutter_speed&quot;:&quot;0&quot;,&quot;title&quot;:&quot;HORIZONTAL&quot;,&quot;orientation&quot;:&quot;1&quot;}\" data-image-title=\"HORIZONTAL\" data-image-description=\"&lt;p&gt;SPAIN, TENERIFE:  Partial solar eclipse taken from the Spanish Canary island of Tenerife on March 20, 2015. AFP PHOTO\/ DESIREE MARTIN&lt;\/p&gt;\n\" data-medium-file=\"http:\/\/desireemartinphoto.com\/blog\/wp-content\/uploads\/2015\/03\/Eclipse-2003-2015-BLOG-02-300x234.jpg\" data-large-file=\"http:\/\/desireemartinphoto.com\/blog\/wp-content\/uploads\/2015\/03\/Eclipse-2003-2015-BLOG-02.jpg\" loading=\"lazy\" width=\"550\" height=\"429\" class=\"alignnone size-medium wp-image-3981\" src=\"http:\/\/desireemartinphoto.com\/blog\/wp-content\/uploads\/2015\/03\/Eclipse-2003-2015-BLOG-02.jpg\" alt=\"HORIZONTAL\" srcset=\"http:\/\/desireemartinphoto.com\/blog\/wp-content\/uploads\/2015\/03\/Eclipse-2003-2015-BLOG-02.jpg 550w, http:\/\/desireemartinphoto.com\/blog\/wp-content\/uploads\/2015\/03\/Eclipse-2003-2015-BLOG-02-300x234.jpg 300w\" sizes=\"(max-width: 550px) 100vw, 550px\" \/><br \/>\n<img data-attachment-id=\"3982\" data-permalink=\"http:\/\/desireemartinphoto.com\/blog\/eclipse-solar-20-de-marzo-2015\/eclipse-2003-2015-blog-03\/\" data-orig-file=\"http:\/\/desireemartinphoto.com\/blog\/wp-content\/uploads\/2015\/03\/Eclipse-2003-2015-BLOG-03.jpg\" data-orig-size=\"550,367\" data-comments-opened=\"1\" data-image-meta=\"{&quot;aperture&quot;:&quot;32&quot;,&quot;credit&quot;:&quot;&quot;,&quot;camera&quot;:&quot;Canon EOS 5D Mark II&quot;,&quot;caption&quot;:&quot;&quot;,&quot;created_timestamp&quot;:&quot;1426842118&quot;,&quot;copyright&quot;:&quot;&quot;,&quot;focal_length&quot;:&quot;184&quot;,&quot;iso&quot;:&quot;100&quot;,&quot;shutter_speed&quot;:&quot;0.00025&quot;,&quot;title&quot;:&quot;&quot;,&quot;orientation&quot;:&quot;1&quot;}\" data-image-title=\"Eclipse 2003 2015 BLOG 03\" data-image-description=\"\" data-medium-file=\"http:\/\/desireemartinphoto.com\/blog\/wp-content\/uploads\/2015\/03\/Eclipse-2003-2015-BLOG-03-300x200.jpg\" data-large-file=\"http:\/\/desireemartinphoto.com\/blog\/wp-content\/uploads\/2015\/03\/Eclipse-2003-2015-BLOG-03.jpg\" loading=\"lazy\" width=\"550\" height=\"367\" class=\"alignnone size-medium wp-image-3982\" src=\"http:\/\/desireemartinphoto.com\/blog\/wp-content\/uploads\/2015\/03\/Eclipse-2003-2015-BLOG-03.jpg\" alt=\"Eclipse 2003 2015 BLOG 03\" srcset=\"http:\/\/desireemartinphoto.com\/blog\/wp-content\/uploads\/2015\/03\/Eclipse-2003-2015-BLOG-03.jpg 550w, http:\/\/desireemartinphoto.com\/blog\/wp-content\/uploads\/2015\/03\/Eclipse-2003-2015-BLOG-03-300x200.jpg 300w\" sizes=\"(max-width: 550px) 100vw, 550px\" \/><br \/>\n<img data-attachment-id=\"3983\" data-permalink=\"http:\/\/desireemartinphoto.com\/blog\/eclipse-solar-20-de-marzo-2015\/eclipse-2003-2015-blog-04\/\" data-orig-file=\"http:\/\/desireemartinphoto.com\/blog\/wp-content\/uploads\/2015\/03\/Eclipse-2003-2015-BLOG-04.jpg\" data-orig-size=\"550,377\" data-comments-opened=\"1\" data-image-meta=\"{&quot;aperture&quot;:&quot;0&quot;,&quot;credit&quot;:&quot;&quot;,&quot;camera&quot;:&quot;&quot;,&quot;caption&quot;:&quot;&quot;,&quot;created_timestamp&quot;:&quot;1426847033&quot;,&quot;copyright&quot;:&quot;&quot;,&quot;focal_length&quot;:&quot;0&quot;,&quot;iso&quot;:&quot;0&quot;,&quot;shutter_speed&quot;:&quot;0&quot;,&quot;title&quot;:&quot;&quot;,&quot;orientation&quot;:&quot;1&quot;}\" data-image-title=\"Eclipse 2003 2015 BLOG 04\" data-image-description=\"\" data-medium-file=\"http:\/\/desireemartinphoto.com\/blog\/wp-content\/uploads\/2015\/03\/Eclipse-2003-2015-BLOG-04-300x206.jpg\" data-large-file=\"http:\/\/desireemartinphoto.com\/blog\/wp-content\/uploads\/2015\/03\/Eclipse-2003-2015-BLOG-04.jpg\" loading=\"lazy\" width=\"550\" height=\"377\" class=\"alignnone size-medium wp-image-3983\" src=\"http:\/\/desireemartinphoto.com\/blog\/wp-content\/uploads\/2015\/03\/Eclipse-2003-2015-BLOG-04.jpg\" alt=\"Eclipse 2003 2015 BLOG 04\" srcset=\"http:\/\/desireemartinphoto.com\/blog\/wp-content\/uploads\/2015\/03\/Eclipse-2003-2015-BLOG-04.jpg 550w, http:\/\/desireemartinphoto.com\/blog\/wp-content\/uploads\/2015\/03\/Eclipse-2003-2015-BLOG-04-300x206.jpg 300w\" sizes=\"(max-width: 550px) 100vw, 550px\" \/><br \/>\n<img data-attachment-id=\"3984\" data-permalink=\"http:\/\/desireemartinphoto.com\/blog\/eclipse-solar-20-de-marzo-2015\/horizontal-173\/\" data-orig-file=\"http:\/\/desireemartinphoto.com\/blog\/wp-content\/uploads\/2015\/03\/Eclipse-2003-2015-BLOG-06.jpg\" data-orig-size=\"550,672\" data-comments-opened=\"1\" data-image-meta=\"{&quot;aperture&quot;:&quot;0&quot;,&quot;credit&quot;:&quot;AFP&quot;,&quot;camera&quot;:&quot;&quot;,&quot;caption&quot;:&quot;SPAIN, TENERIFE:  Partial solar eclipse taken from the Spanish Canary island of Tenerife on March 20, 2015. AFP PHOTO\\\/ DESIREE MARTIN&quot;,&quot;created_timestamp&quot;:&quot;1426849830&quot;,&quot;copyright&quot;:&quot;ImageForum&quot;,&quot;focal_length&quot;:&quot;0&quot;,&quot;iso&quot;:&quot;0&quot;,&quot;shutter_speed&quot;:&quot;0&quot;,&quot;title&quot;:&quot;HORIZONTAL&quot;,&quot;orientation&quot;:&quot;1&quot;}\" data-image-title=\"HORIZONTAL\" data-image-description=\"&lt;p&gt;SPAIN, TENERIFE:  Partial solar eclipse taken from the Spanish Canary island of Tenerife on March 20, 2015. AFP PHOTO\/ DESIREE MARTIN&lt;\/p&gt;\n\" data-medium-file=\"http:\/\/desireemartinphoto.com\/blog\/wp-content\/uploads\/2015\/03\/Eclipse-2003-2015-BLOG-06-246x300.jpg\" data-large-file=\"http:\/\/desireemartinphoto.com\/blog\/wp-content\/uploads\/2015\/03\/Eclipse-2003-2015-BLOG-06.jpg\" loading=\"lazy\" width=\"550\" height=\"672\" class=\"alignnone size-medium wp-image-3984\" src=\"http:\/\/desireemartinphoto.com\/blog\/wp-content\/uploads\/2015\/03\/Eclipse-2003-2015-BLOG-06.jpg\" alt=\"HORIZONTAL\" srcset=\"http:\/\/desireemartinphoto.com\/blog\/wp-content\/uploads\/2015\/03\/Eclipse-2003-2015-BLOG-06.jpg 550w, http:\/\/desireemartinphoto.com\/blog\/wp-content\/uploads\/2015\/03\/Eclipse-2003-2015-BLOG-06-246x300.jpg 246w\" sizes=\"(max-width: 550px) 100vw, 550px\" \/> <\/p>\n<p>&nbsp;<\/p>\n<p><img data-attachment-id=\"3985\" data-permalink=\"http:\/\/desireemartinphoto.com\/blog\/eclipse-solar-20-de-marzo-2015\/horizontal-174\/\" data-orig-file=\"http:\/\/desireemartinphoto.com\/blog\/wp-content\/uploads\/2015\/03\/Eclipse-2003-2015-BLOG-07.jpg\" data-orig-size=\"550,311\" data-comments-opened=\"1\" data-image-meta=\"{&quot;aperture&quot;:&quot;0&quot;,&quot;credit&quot;:&quot;AFP&quot;,&quot;camera&quot;:&quot;&quot;,&quot;caption&quot;:&quot;SPAIN, TENERIFE:  Partial solar eclipse taken from the Spanish Canary island of Tenerife on March 20, 2015. AFP PHOTO\\\/ DESIREE MARTIN&quot;,&quot;created_timestamp&quot;:&quot;1426846949&quot;,&quot;copyright&quot;:&quot;ImageForum&quot;,&quot;focal_length&quot;:&quot;0&quot;,&quot;iso&quot;:&quot;0&quot;,&quot;shutter_speed&quot;:&quot;0&quot;,&quot;title&quot;:&quot;HORIZONTAL&quot;,&quot;orientation&quot;:&quot;1&quot;}\" data-image-title=\"HORIZONTAL\" data-image-description=\"&lt;p&gt;SPAIN, TENERIFE:  Partial solar eclipse taken from the Spanish Canary island of Tenerife on March 20, 2015. AFP PHOTO\/ DESIREE MARTIN&lt;\/p&gt;\n\" data-medium-file=\"http:\/\/desireemartinphoto.com\/blog\/wp-content\/uploads\/2015\/03\/Eclipse-2003-2015-BLOG-07-300x170.jpg\" data-large-file=\"http:\/\/desireemartinphoto.com\/blog\/wp-content\/uploads\/2015\/03\/Eclipse-2003-2015-BLOG-07.jpg\" loading=\"lazy\" width=\"550\" height=\"311\" class=\"alignnone size-medium wp-image-3985\" src=\"http:\/\/desireemartinphoto.com\/blog\/wp-content\/uploads\/2015\/03\/Eclipse-2003-2015-BLOG-07.jpg\" alt=\"HORIZONTAL\" srcset=\"http:\/\/desireemartinphoto.com\/blog\/wp-content\/uploads\/2015\/03\/Eclipse-2003-2015-BLOG-07.jpg 550w, http:\/\/desireemartinphoto.com\/blog\/wp-content\/uploads\/2015\/03\/Eclipse-2003-2015-BLOG-07-300x170.jpg 300w\" sizes=\"(max-width: 550px) 100vw, 550px\" \/><\/p>\n<p>&nbsp;<\/p>\n<p><img data-attachment-id=\"3986\" data-permalink=\"http:\/\/desireemartinphoto.com\/blog\/eclipse-solar-20-de-marzo-2015\/horizontal-175\/\" data-orig-file=\"http:\/\/desireemartinphoto.com\/blog\/wp-content\/uploads\/2015\/03\/Eclipse-2003-2015-BLOG-05.jpg\" data-orig-size=\"550,358\" data-comments-opened=\"1\" data-image-meta=\"{&quot;aperture&quot;:&quot;0&quot;,&quot;credit&quot;:&quot;AFP&quot;,&quot;camera&quot;:&quot;&quot;,&quot;caption&quot;:&quot;SPAIN, TENERIFE:  Partial solar eclipse taken from the Spanish Canary island of Tenerife on March 20, 2015. AFP PHOTO\\\/ DESIREE MARTIN&quot;,&quot;created_timestamp&quot;:&quot;1426849959&quot;,&quot;copyright&quot;:&quot;ImageForum&quot;,&quot;focal_length&quot;:&quot;0&quot;,&quot;iso&quot;:&quot;0&quot;,&quot;shutter_speed&quot;:&quot;0&quot;,&quot;title&quot;:&quot;HORIZONTAL&quot;,&quot;orientation&quot;:&quot;1&quot;}\" data-image-title=\"HORIZONTAL\" data-image-description=\"&lt;p&gt;SPAIN, TENERIFE:  Partial solar eclipse taken from the Spanish Canary island of Tenerife on March 20, 2015. AFP PHOTO\/ DESIREE MARTIN&lt;\/p&gt;\n\" data-medium-file=\"http:\/\/desireemartinphoto.com\/blog\/wp-content\/uploads\/2015\/03\/Eclipse-2003-2015-BLOG-05-300x195.jpg\" data-large-file=\"http:\/\/desireemartinphoto.com\/blog\/wp-content\/uploads\/2015\/03\/Eclipse-2003-2015-BLOG-05.jpg\" loading=\"lazy\" width=\"550\" height=\"358\" class=\"alignnone size-medium wp-image-3986\" src=\"http:\/\/desireemartinphoto.com\/blog\/wp-content\/uploads\/2015\/03\/Eclipse-2003-2015-BLOG-05.jpg\" alt=\"HORIZONTAL\" srcset=\"http:\/\/desireemartinphoto.com\/blog\/wp-content\/uploads\/2015\/03\/Eclipse-2003-2015-BLOG-05.jpg 550w, http:\/\/desireemartinphoto.com\/blog\/wp-content\/uploads\/2015\/03\/Eclipse-2003-2015-BLOG-05-300x195.jpg 300w\" sizes=\"(max-width: 550px) 100vw, 550px\" \/><\/p>\n<p>&nbsp;<\/p>\n<p>Esta \u00faltima fue mi \u00fanico intento a trav\u00e9s del filtro:<\/p>\n<p><img data-attachment-id=\"3987\" data-permalink=\"http:\/\/desireemartinphoto.com\/blog\/eclipse-solar-20-de-marzo-2015\/horizontal-176\/\" data-orig-file=\"http:\/\/desireemartinphoto.com\/blog\/wp-content\/uploads\/2015\/03\/Eclipse-2003-2015-BLOG-08.jpg\" data-orig-size=\"550,347\" data-comments-opened=\"1\" data-image-meta=\"{&quot;aperture&quot;:&quot;0&quot;,&quot;credit&quot;:&quot;AFP&quot;,&quot;camera&quot;:&quot;&quot;,&quot;caption&quot;:&quot;SPAIN, TENERIFE:  Partial solar eclipse taken from the Spanish Canary island of Tenerife on March 20, 2015. Picture taken behind a filter welder.AFP PHOTO\\\/ DESIREE MARTIN&quot;,&quot;created_timestamp&quot;:&quot;1426850271&quot;,&quot;copyright&quot;:&quot;ImageForum&quot;,&quot;focal_length&quot;:&quot;0&quot;,&quot;iso&quot;:&quot;0&quot;,&quot;shutter_speed&quot;:&quot;0&quot;,&quot;title&quot;:&quot;HORIZONTAL&quot;,&quot;orientation&quot;:&quot;1&quot;}\" data-image-title=\"HORIZONTAL\" data-image-description=\"&lt;p&gt;SPAIN, TENERIFE:  Partial solar eclipse taken from the Spanish Canary island of Tenerife on March 20, 2015. Picture taken behind a filter welder.AFP PHOTO\/ DESIREE MARTIN&lt;\/p&gt;\n\" data-medium-file=\"http:\/\/desireemartinphoto.com\/blog\/wp-content\/uploads\/2015\/03\/Eclipse-2003-2015-BLOG-08-300x189.jpg\" data-large-file=\"http:\/\/desireemartinphoto.com\/blog\/wp-content\/uploads\/2015\/03\/Eclipse-2003-2015-BLOG-08.jpg\" loading=\"lazy\" width=\"550\" height=\"347\" class=\"alignnone size-medium wp-image-3987\" src=\"http:\/\/desireemartinphoto.com\/blog\/wp-content\/uploads\/2015\/03\/Eclipse-2003-2015-BLOG-08.jpg\" alt=\"HORIZONTAL\" srcset=\"http:\/\/desireemartinphoto.com\/blog\/wp-content\/uploads\/2015\/03\/Eclipse-2003-2015-BLOG-08.jpg 550w, http:\/\/desireemartinphoto.com\/blog\/wp-content\/uploads\/2015\/03\/Eclipse-2003-2015-BLOG-08-300x189.jpg 300w\" sizes=\"(max-width: 550px) 100vw, 550px\" \/><\/p>\n<p>Jareada me qued\u00e9!!<\/p>\n<p>&nbsp;<\/p>\n<div class=\"sharedaddy sd-sharing-enabled\"><div class=\"robots-nocontent sd-block sd-social sd-social-icon-text sd-sharing\"><h3 class=\"sd-title\">COMPARTE ESTO:<\/h3><div class=\"sd-content\"><ul><li class=\"share-facebook\"><a rel=\"nofollow noopener noreferrer\" data-shared=\"sharing-facebook-3979\" class=\"share-facebook sd-button share-icon\" href=\"http:\/\/desireemartinphoto.com\/blog\/eclipse-solar-20-de-marzo-2015\/?share=facebook\" target=\"_blank\" title=\"Haz clic para compartir en Facebook\"><span>Facebook<\/span><\/a><\/li><li class=\"share-twitter\"><a rel=\"nofollow noopener noreferrer\" data-shared=\"sharing-twitter-3979\" class=\"share-twitter sd-button share-icon\" href=\"http:\/\/desireemartinphoto.com\/blog\/eclipse-solar-20-de-marzo-2015\/?share=twitter\" target=\"_blank\" title=\"Haz clic para compartir en Twitter\"><span>Twitter<\/span><\/a><\/li><li class=\"share-email\"><a rel=\"nofollow noopener noreferrer\" data-shared=\"\" class=\"share-email sd-button share-icon\" href=\"http:\/\/desireemartinphoto.com\/blog\/eclipse-solar-20-de-marzo-2015\/?share=email\" target=\"_blank\" title=\"Haz clic para enviar por correo electr\u00f3nico a un amigo\"><span>Correo electr\u00f3nico<\/span><\/a><\/li><li class=\"share-linkedin\"><a rel=\"nofollow noopener noreferrer\" data-shared=\"sharing-linkedin-3979\" class=\"share-linkedin sd-button share-icon\" href=\"http:\/\/desireemartinphoto.com\/blog\/eclipse-solar-20-de-marzo-2015\/?share=linkedin\" target=\"_blank\" title=\"Haz clic para compartir en LinkedIn\"><span>LinkedIn<\/span><\/a><\/li><li class=\"share-tumblr\"><a rel=\"nofollow noopener noreferrer\" data-shared=\"\" class=\"share-tumblr sd-button share-icon\" href=\"http:\/\/desireemartinphoto.com\/blog\/eclipse-solar-20-de-marzo-2015\/?share=tumblr\" target=\"_blank\" title=\"Haz clic para compartir en Tumblr\"><span>Tumblr<\/span><\/a><\/li><li class=\"share-end\"><\/li><\/ul><\/div><\/div><\/div>","protected":false},"excerpt":{"rendered":"<p>Eclipse parcial de sol en Canarias. Busqu\u00e9 la informaci\u00f3n semanas antes, pero en Canarias, el sol solo iba a ocultarse un 55% por lo que pens\u00e9 que no interesar\u00eda mucho a los medios de comunicaci\u00f3n nacionales e internacionales. En Galicia se ver\u00eda un 80 % .. Pero un correo la noche anterior me hizo retomar [&#038;hellip<\/p>\n<div class=\"sharedaddy sd-sharing-enabled\"><div class=\"robots-nocontent sd-block sd-social sd-social-icon-text sd-sharing\"><h3 class=\"sd-title\">COMPARTE ESTO:<\/h3><div class=\"sd-content\"><ul><li class=\"share-facebook\"><a rel=\"nofollow noopener noreferrer\" data-shared=\"sharing-facebook-3979\" class=\"share-facebook sd-button share-icon\" href=\"http:\/\/desireemartinphoto.com\/blog\/eclipse-solar-20-de-marzo-2015\/?share=facebook\" target=\"_blank\" title=\"Haz clic para compartir en Facebook\"><span>Facebook<\/span><\/a><\/li><li class=\"share-twitter\"><a rel=\"nofollow noopener noreferrer\" data-shared=\"sharing-twitter-3979\" class=\"share-twitter sd-button share-icon\" href=\"http:\/\/desireemartinphoto.com\/blog\/eclipse-solar-20-de-marzo-2015\/?share=twitter\" target=\"_blank\" title=\"Haz clic para compartir en Twitter\"><span>Twitter<\/span><\/a><\/li><li class=\"share-email\"><a rel=\"nofollow noopener noreferrer\" data-shared=\"\" class=\"share-email sd-button share-icon\" href=\"http:\/\/desireemartinphoto.com\/blog\/eclipse-solar-20-de-marzo-2015\/?share=email\" target=\"_blank\" title=\"Haz clic para enviar por correo electr\u00f3nico a un amigo\"><span>Correo electr\u00f3nico<\/span><\/a><\/li><li class=\"share-linkedin\"><a rel=\"nofollow noopener noreferrer\" data-shared=\"sharing-linkedin-3979\" class=\"share-linkedin sd-button share-icon\" href=\"http:\/\/desireemartinphoto.com\/blog\/eclipse-solar-20-de-marzo-2015\/?share=linkedin\" target=\"_blank\" title=\"Haz clic para compartir en LinkedIn\"><span>LinkedIn<\/span><\/a><\/li><li class=\"share-tumblr\"><a rel=\"nofollow noopener noreferrer\" data-shared=\"\" class=\"share-tumblr sd-button share-icon\" href=\"http:\/\/desireemartinphoto.com\/blog\/eclipse-solar-20-de-marzo-2015\/?share=tumblr\" target=\"_blank\" title=\"Haz clic para compartir en Tumblr\"><span>Tumblr<\/span><\/a><\/li><li class=\"share-end\"><\/li><\/ul><\/div><\/div><\/div>","protected":false},"author":3,"featured_media":0,"comment_status":"open","ping_status":"open","sticky":false,"template":"","format":"standard","meta":{"spay_email":""},"categories":[1],"tags":[774,153,173,355,151,790,789,787,785,362,786,788,359,644],"jetpack_featured_media_url":"","jetpack_sharing_enabled":true,"_links":{"self":[{"href":"http:\/\/desireemartinphoto.com\/blog\/wp-json\/wp\/v2\/posts\/3979"}],"collection":[{"href":"http:\/\/desireemartinphoto.com\/blog\/wp-json\/wp\/v2\/posts"}],"about":[{"href":"http:\/\/desireemartinphoto.com\/blog\/wp-json\/wp\/v2\/types\/post"}],"author":[{"embeddable":true,"href":"http:\/\/desireemartinphoto.com\/blog\/wp-json\/wp\/v2\/users\/3"}],"replies":[{"embeddable":true,"href":"http:\/\/desireemartinphoto.com\/blog\/wp-json\/wp\/v2\/comments?post=3979"}],"version-history":[{"count":12,"href":"http:\/\/desireemartinphoto.com\/blog\/wp-json\/wp\/v2\/posts\/3979\/revisions"}],"predecessor-version":[{"id":4001,"href":"http:\/\/desireemartinphoto.com\/blog\/wp-json\/wp\/v2\/posts\/3979\/revisions\/4001"}],"wp:attachment":[{"href":"http:\/\/desireemartinphoto.com\/blog\/wp-json\/wp\/v2\/media?parent=3979"}],"wp:term":[{"taxonomy":"category","embeddable":true,"href":"http:\/\/desireemartinphoto.com\/blog\/wp-json\/wp\/v2\/categories?post=3979"},{"taxonomy":"post_tag","embeddable":true,"href":"http:\/\/desireemartinphoto.com\/blog\/wp-json\/wp\/v2\/tags?post=3979"}],"curies":[{"name":"wp","href":"https:\/\/api.w.org\/{rel}","templated":true}]}}