{"id":3800,"date":"2015-01-24T13:29:34","date_gmt":"2015-01-24T13:29:34","guid":{"rendered":"http:\/\/desireemartinphoto.com\/blog\/?p=3800"},"modified":"2015-01-24T15:14:57","modified_gmt":"2015-01-24T15:14:57","slug":"romeria-san-sebastian-2015","status":"publish","type":"post","link":"http:\/\/desireemartinphoto.com\/blog\/romeria-san-sebastian-2015\/","title":{"rendered":"Romer\u00eda San Sebasti\u00e1n 2015"},"content":{"rendered":"<p>&nbsp;<\/p>\n<p>\u00bf Este a\u00f1o vamos al ba\u00f1o de los caballos de La Caleta en el sur ? Directamente pens\u00e9 : Joder, el a\u00f1o pasado, seg\u00fan me iba y pensaba que todo hab\u00eda acabado ..me di cuenta que no ten\u00eda ni idea de qu\u00e9 iba esta tradici\u00f3n. Por una loma ve\u00eda como se alejaba una procesi\u00f3n y San Sebasti\u00e1n, al que no le hab\u00eda prestado mucha atenci\u00f3n durante todo el d\u00eda. \u00bf Esa era la romer\u00eda? \u00bf y a d\u00f3nde iban ? .. no pod\u00eda seguirles porque me hab\u00eda comprometido con la agencia ( AFP ) que enviaba en una hora.. el a\u00f1o que viene, pens\u00e9!, y ese momento lleg\u00f3.<\/p>\n<p><img data-attachment-id=\"3827\" data-permalink=\"http:\/\/desireemartinphoto.com\/blog\/romeria-san-sebastian-2015\/san-sebastian-2015-blog-def-24\/\" data-orig-file=\"http:\/\/desireemartinphoto.com\/blog\/wp-content\/uploads\/2015\/01\/San-Sebastian-2015-BLOG-DEF-24.jpg\" data-orig-size=\"550,366\" data-comments-opened=\"1\" data-image-meta=\"{&quot;aperture&quot;:&quot;0&quot;,&quot;credit&quot;:&quot;&quot;,&quot;camera&quot;:&quot;&quot;,&quot;caption&quot;:&quot;&quot;,&quot;created_timestamp&quot;:&quot;1422032161&quot;,&quot;copyright&quot;:&quot;&quot;,&quot;focal_length&quot;:&quot;0&quot;,&quot;iso&quot;:&quot;0&quot;,&quot;shutter_speed&quot;:&quot;0&quot;,&quot;title&quot;:&quot;&quot;,&quot;orientation&quot;:&quot;1&quot;}\" data-image-title=\"San Sebastian 2015 BLOG DEF 24\" data-image-description=\"\" data-medium-file=\"http:\/\/desireemartinphoto.com\/blog\/wp-content\/uploads\/2015\/01\/San-Sebastian-2015-BLOG-DEF-24-300x200.jpg\" data-large-file=\"http:\/\/desireemartinphoto.com\/blog\/wp-content\/uploads\/2015\/01\/San-Sebastian-2015-BLOG-DEF-24.jpg\" loading=\"lazy\" class=\"aligncenter size-full wp-image-3827\" src=\"http:\/\/desireemartinphoto.com\/blog\/wp-content\/uploads\/2015\/01\/San-Sebastian-2015-BLOG-DEF-24.jpg\" alt=\"San Sebastian 2015 BLOG DEF 24\" width=\"550\" height=\"366\" srcset=\"http:\/\/desireemartinphoto.com\/blog\/wp-content\/uploads\/2015\/01\/San-Sebastian-2015-BLOG-DEF-24.jpg 550w, http:\/\/desireemartinphoto.com\/blog\/wp-content\/uploads\/2015\/01\/San-Sebastian-2015-BLOG-DEF-24-300x200.jpg 300w\" sizes=\"(max-width: 550px) 100vw, 550px\" \/><\/p>\n<p>20 Enero 2015 &#8230;vamos a ver de que va esto. No encontr\u00e9 mucha informaci\u00f3n en internet, le pregunt\u00e9 a una alumna de mi taller de Documentalismo de Gu\u00eda de Isora y me puso en la pista.<\/p>\n<p>Seg\u00fan ella, MariCarmen, ella asist\u00eda cada a\u00f1o con su abuela a la ermita de la playa, cargados de comida en cestos y en d\u00f3nde pod\u00edan para pasar el d\u00eda.<br \/>\nPoco queda de esa &#8220;mantelada&#8221;, hoy lo que se ve y vive es una curiosa mezcla de turistas extranjeros fascinados y locales que quieren mantener una tradici\u00f3n, CURIOSO!<\/p>\n<p><img data-attachment-id=\"3825\" data-permalink=\"http:\/\/desireemartinphoto.com\/blog\/romeria-san-sebastian-2015\/san-sebastian-2015-blog-def-22\/\" data-orig-file=\"http:\/\/desireemartinphoto.com\/blog\/wp-content\/uploads\/2015\/01\/San-Sebastian-2015-BLOG-DEF-22.jpg\" data-orig-size=\"550,307\" data-comments-opened=\"1\" data-image-meta=\"{&quot;aperture&quot;:&quot;0&quot;,&quot;credit&quot;:&quot;&quot;,&quot;camera&quot;:&quot;&quot;,&quot;caption&quot;:&quot;&quot;,&quot;created_timestamp&quot;:&quot;1422031920&quot;,&quot;copyright&quot;:&quot;&quot;,&quot;focal_length&quot;:&quot;0&quot;,&quot;iso&quot;:&quot;0&quot;,&quot;shutter_speed&quot;:&quot;0&quot;,&quot;title&quot;:&quot;&quot;,&quot;orientation&quot;:&quot;1&quot;}\" data-image-title=\"San Sebastian 2015 BLOG DEF 22\" data-image-description=\"\" data-medium-file=\"http:\/\/desireemartinphoto.com\/blog\/wp-content\/uploads\/2015\/01\/San-Sebastian-2015-BLOG-DEF-22-300x167.jpg\" data-large-file=\"http:\/\/desireemartinphoto.com\/blog\/wp-content\/uploads\/2015\/01\/San-Sebastian-2015-BLOG-DEF-22.jpg\" loading=\"lazy\" class=\"aligncenter size-full wp-image-3825\" src=\"http:\/\/desireemartinphoto.com\/blog\/wp-content\/uploads\/2015\/01\/San-Sebastian-2015-BLOG-DEF-22.jpg\" alt=\"San Sebastian 2015 BLOG DEF 22\" width=\"550\" height=\"307\" srcset=\"http:\/\/desireemartinphoto.com\/blog\/wp-content\/uploads\/2015\/01\/San-Sebastian-2015-BLOG-DEF-22.jpg 550w, http:\/\/desireemartinphoto.com\/blog\/wp-content\/uploads\/2015\/01\/San-Sebastian-2015-BLOG-DEF-22-300x167.jpg 300w\" sizes=\"(max-width: 550px) 100vw, 550px\" \/><\/p>\n<p>El culto a San Sebasti\u00e1n en Adeje est\u00e1 unido como en otras muchas localidades, a su patronazgo contra la peste y las enfermedades. Son muchas las poblaciones que sobre todo en el siglo XVI lo escogieron como patrono a causa de las epidemias que azotaban a los vecinos y a los animales.<\/p>\n<p>Actualmente en la celebraci\u00f3n de su fiesta se re\u00fanen en el lugar miles de peregrinos que acuden a rendirle culto al Santo y muchos llevaban consigo a sus animales para que el santo los bendiga as\u00ed como ya se hac\u00eda en \u00e9pocas pasadas.<\/p>\n<p>Adem\u00e1s, La Enramada tambi\u00e9n es un punto de encuentro de la amplia colonia gomera residente en esta parte de la Isla, ya que, adem\u00e1s de San Sebasti\u00e1n, patrono de la capital gomera, la antigua ermita alberga en su interior una r\u00e9plica exacta de la patrona de la isla colombina, la Virgen de Guadalupe.<\/p>\n<p><img data-attachment-id=\"3801\" data-permalink=\"http:\/\/desireemartinphoto.com\/blog\/romeria-san-sebastian-2015\/san-sebastian-2015-blog-def-01\/\" data-orig-file=\"http:\/\/desireemartinphoto.com\/blog\/wp-content\/uploads\/2015\/01\/San-Sebastian-2015-BLOG-DEF-01.jpg\" data-orig-size=\"550,325\" data-comments-opened=\"1\" data-image-meta=\"{&quot;aperture&quot;:&quot;0&quot;,&quot;credit&quot;:&quot;&quot;,&quot;camera&quot;:&quot;&quot;,&quot;caption&quot;:&quot;&quot;,&quot;created_timestamp&quot;:&quot;1422031893&quot;,&quot;copyright&quot;:&quot;&quot;,&quot;focal_length&quot;:&quot;0&quot;,&quot;iso&quot;:&quot;0&quot;,&quot;shutter_speed&quot;:&quot;0&quot;,&quot;title&quot;:&quot;&quot;,&quot;orientation&quot;:&quot;1&quot;}\" data-image-title=\"San Sebastian 2015 BLOG DEF 01\" data-image-description=\"\" data-medium-file=\"http:\/\/desireemartinphoto.com\/blog\/wp-content\/uploads\/2015\/01\/San-Sebastian-2015-BLOG-DEF-01-300x177.jpg\" data-large-file=\"http:\/\/desireemartinphoto.com\/blog\/wp-content\/uploads\/2015\/01\/San-Sebastian-2015-BLOG-DEF-01.jpg\" loading=\"lazy\" class=\"alignleft size-full wp-image-3801\" src=\"http:\/\/desireemartinphoto.com\/blog\/wp-content\/uploads\/2015\/01\/San-Sebastian-2015-BLOG-DEF-01.jpg\" alt=\"San Sebastian 2015 BLOG DEF 01\" width=\"550\" height=\"325\" srcset=\"http:\/\/desireemartinphoto.com\/blog\/wp-content\/uploads\/2015\/01\/San-Sebastian-2015-BLOG-DEF-01.jpg 550w, http:\/\/desireemartinphoto.com\/blog\/wp-content\/uploads\/2015\/01\/San-Sebastian-2015-BLOG-DEF-01-300x177.jpg 300w\" sizes=\"(max-width: 550px) 100vw, 550px\" \/><\/p>\n<p><img data-attachment-id=\"3802\" data-permalink=\"http:\/\/desireemartinphoto.com\/blog\/romeria-san-sebastian-2015\/san-sebastian-2015-blog-def-02\/\" data-orig-file=\"http:\/\/desireemartinphoto.com\/blog\/wp-content\/uploads\/2015\/01\/San-Sebastian-2015-BLOG-DEF-02.jpg\" data-orig-size=\"550,303\" data-comments-opened=\"1\" data-image-meta=\"{&quot;aperture&quot;:&quot;0&quot;,&quot;credit&quot;:&quot;&quot;,&quot;camera&quot;:&quot;&quot;,&quot;caption&quot;:&quot;&quot;,&quot;created_timestamp&quot;:&quot;1422031927&quot;,&quot;copyright&quot;:&quot;&quot;,&quot;focal_length&quot;:&quot;0&quot;,&quot;iso&quot;:&quot;0&quot;,&quot;shutter_speed&quot;:&quot;0&quot;,&quot;title&quot;:&quot;&quot;,&quot;orientation&quot;:&quot;1&quot;}\" data-image-title=\"San Sebastian 2015 BLOG DEF 02\" data-image-description=\"\" data-medium-file=\"http:\/\/desireemartinphoto.com\/blog\/wp-content\/uploads\/2015\/01\/San-Sebastian-2015-BLOG-DEF-02-300x165.jpg\" data-large-file=\"http:\/\/desireemartinphoto.com\/blog\/wp-content\/uploads\/2015\/01\/San-Sebastian-2015-BLOG-DEF-02.jpg\" loading=\"lazy\" class=\"alignleft size-full wp-image-3802\" src=\"http:\/\/desireemartinphoto.com\/blog\/wp-content\/uploads\/2015\/01\/San-Sebastian-2015-BLOG-DEF-02.jpg\" alt=\"San Sebastian 2015 BLOG DEF 02\" width=\"550\" height=\"303\" srcset=\"http:\/\/desireemartinphoto.com\/blog\/wp-content\/uploads\/2015\/01\/San-Sebastian-2015-BLOG-DEF-02.jpg 550w, http:\/\/desireemartinphoto.com\/blog\/wp-content\/uploads\/2015\/01\/San-Sebastian-2015-BLOG-DEF-02-300x165.jpg 300w\" sizes=\"(max-width: 550px) 100vw, 550px\" \/><\/p>\n<p><img data-attachment-id=\"3803\" data-permalink=\"http:\/\/desireemartinphoto.com\/blog\/romeria-san-sebastian-2015\/san-sebastian-2015-blog-def-03\/\" data-orig-file=\"http:\/\/desireemartinphoto.com\/blog\/wp-content\/uploads\/2015\/01\/San-Sebastian-2015-BLOG-DEF-03.jpg\" data-orig-size=\"550,770\" data-comments-opened=\"1\" data-image-meta=\"{&quot;aperture&quot;:&quot;0&quot;,&quot;credit&quot;:&quot;&quot;,&quot;camera&quot;:&quot;&quot;,&quot;caption&quot;:&quot;&quot;,&quot;created_timestamp&quot;:&quot;1422031950&quot;,&quot;copyright&quot;:&quot;&quot;,&quot;focal_length&quot;:&quot;0&quot;,&quot;iso&quot;:&quot;0&quot;,&quot;shutter_speed&quot;:&quot;0&quot;,&quot;title&quot;:&quot;&quot;,&quot;orientation&quot;:&quot;1&quot;}\" data-image-title=\"San Sebastian 2015 BLOG DEF 03\" data-image-description=\"\" data-medium-file=\"http:\/\/desireemartinphoto.com\/blog\/wp-content\/uploads\/2015\/01\/San-Sebastian-2015-BLOG-DEF-03-214x300.jpg\" data-large-file=\"http:\/\/desireemartinphoto.com\/blog\/wp-content\/uploads\/2015\/01\/San-Sebastian-2015-BLOG-DEF-03.jpg\" loading=\"lazy\" class=\"alignleft size-full wp-image-3803\" src=\"http:\/\/desireemartinphoto.com\/blog\/wp-content\/uploads\/2015\/01\/San-Sebastian-2015-BLOG-DEF-03.jpg\" alt=\"San Sebastian 2015 BLOG DEF 03\" width=\"550\" height=\"770\" srcset=\"http:\/\/desireemartinphoto.com\/blog\/wp-content\/uploads\/2015\/01\/San-Sebastian-2015-BLOG-DEF-03.jpg 550w, http:\/\/desireemartinphoto.com\/blog\/wp-content\/uploads\/2015\/01\/San-Sebastian-2015-BLOG-DEF-03-214x300.jpg 214w\" sizes=\"(max-width: 550px) 100vw, 550px\" \/><\/p>\n<p><img data-attachment-id=\"3804\" data-permalink=\"http:\/\/desireemartinphoto.com\/blog\/romeria-san-sebastian-2015\/san-sebastian-2015-blog-def-04\/\" data-orig-file=\"http:\/\/desireemartinphoto.com\/blog\/wp-content\/uploads\/2015\/01\/San-Sebastian-2015-BLOG-DEF-04.jpg\" data-orig-size=\"550,367\" data-comments-opened=\"1\" data-image-meta=\"{&quot;aperture&quot;:&quot;0&quot;,&quot;credit&quot;:&quot;&quot;,&quot;camera&quot;:&quot;&quot;,&quot;caption&quot;:&quot;&quot;,&quot;created_timestamp&quot;:&quot;1422031959&quot;,&quot;copyright&quot;:&quot;&quot;,&quot;focal_length&quot;:&quot;0&quot;,&quot;iso&quot;:&quot;0&quot;,&quot;shutter_speed&quot;:&quot;0&quot;,&quot;title&quot;:&quot;&quot;,&quot;orientation&quot;:&quot;1&quot;}\" data-image-title=\"San Sebastian 2015 BLOG DEF 04\" data-image-description=\"\" data-medium-file=\"http:\/\/desireemartinphoto.com\/blog\/wp-content\/uploads\/2015\/01\/San-Sebastian-2015-BLOG-DEF-04-300x200.jpg\" data-large-file=\"http:\/\/desireemartinphoto.com\/blog\/wp-content\/uploads\/2015\/01\/San-Sebastian-2015-BLOG-DEF-04.jpg\" loading=\"lazy\" class=\"alignleft size-full wp-image-3804\" src=\"http:\/\/desireemartinphoto.com\/blog\/wp-content\/uploads\/2015\/01\/San-Sebastian-2015-BLOG-DEF-04.jpg\" alt=\"San Sebastian 2015 BLOG DEF 04\" width=\"550\" height=\"367\" srcset=\"http:\/\/desireemartinphoto.com\/blog\/wp-content\/uploads\/2015\/01\/San-Sebastian-2015-BLOG-DEF-04.jpg 550w, http:\/\/desireemartinphoto.com\/blog\/wp-content\/uploads\/2015\/01\/San-Sebastian-2015-BLOG-DEF-04-300x200.jpg 300w\" sizes=\"(max-width: 550px) 100vw, 550px\" \/><\/p>\n<p>Ermita de San Sebasti\u00e1n<\/p>\n<p>Tambi\u00e9n conocida como Ermita de la Encarnaci\u00f3n o de La Enramada, puesto que all\u00ed se deposit\u00f3 y vener\u00f3 la imagen de la Virgen de la Encarnaci\u00f3n que apareci\u00f3 en la Playa de la Enramada. Esta primitiva ermita se construy\u00f3 a principios del siglo XVI, pero en 1.558 Pedro de Ponte decide construir una nueva, \u201cen el mismo sitio en que estaba la antigua ermita desbaratando \u00e9sta y construyendo los muros del mismo tama\u00f1o y una portada de canter\u00eda\u201d, que es la que hoy conocemos como Ermita de San Sebasti\u00e1n.<\/p>\n<p>A mediod\u00eda es al misa previa a la procesi\u00f3n de San Sebasti\u00e1n hasta la playa, todos est\u00e1n pendientes de esta hora pues la iglesia se llena muy pronto.<\/p>\n<p>&nbsp;<br \/>\n&nbsp;<br \/>\n&nbsp;<br \/>\n<img data-attachment-id=\"3805\" data-permalink=\"http:\/\/desireemartinphoto.com\/blog\/romeria-san-sebastian-2015\/san-sebastian-2015-blog-def-05\/\" data-orig-file=\"http:\/\/desireemartinphoto.com\/blog\/wp-content\/uploads\/2015\/01\/San-Sebastian-2015-BLOG-DEF-05.jpg\" data-orig-size=\"550,117\" data-comments-opened=\"1\" data-image-meta=\"{&quot;aperture&quot;:&quot;0&quot;,&quot;credit&quot;:&quot;&quot;,&quot;camera&quot;:&quot;&quot;,&quot;caption&quot;:&quot;&quot;,&quot;created_timestamp&quot;:&quot;1422051273&quot;,&quot;copyright&quot;:&quot;&quot;,&quot;focal_length&quot;:&quot;0&quot;,&quot;iso&quot;:&quot;0&quot;,&quot;shutter_speed&quot;:&quot;0&quot;,&quot;title&quot;:&quot;&quot;,&quot;orientation&quot;:&quot;1&quot;}\" data-image-title=\"San Sebastian 2015 BLOG DEF 05\" data-image-description=\"\" data-medium-file=\"http:\/\/desireemartinphoto.com\/blog\/wp-content\/uploads\/2015\/01\/San-Sebastian-2015-BLOG-DEF-05-300x63.jpg\" data-large-file=\"http:\/\/desireemartinphoto.com\/blog\/wp-content\/uploads\/2015\/01\/San-Sebastian-2015-BLOG-DEF-05.jpg\" loading=\"lazy\" class=\"alignleft size-full wp-image-3805\" src=\"http:\/\/desireemartinphoto.com\/blog\/wp-content\/uploads\/2015\/01\/San-Sebastian-2015-BLOG-DEF-05.jpg\" alt=\"San Sebastian 2015 BLOG DEF 05\" width=\"550\" height=\"117\" srcset=\"http:\/\/desireemartinphoto.com\/blog\/wp-content\/uploads\/2015\/01\/San-Sebastian-2015-BLOG-DEF-05.jpg 550w, http:\/\/desireemartinphoto.com\/blog\/wp-content\/uploads\/2015\/01\/San-Sebastian-2015-BLOG-DEF-05-300x63.jpg 300w\" sizes=\"(max-width: 550px) 100vw, 550px\" \/><\/p>\n<p>&nbsp;<br \/>\n&nbsp;<br \/>\n&nbsp;<br \/>\nTras la misa, todos corren a coger sitio en la playa para ver el tradicional ba\u00f1o de caballos. Este a\u00f1o hab\u00eda muchos burros.<\/p>\n<p><img data-attachment-id=\"3806\" data-permalink=\"http:\/\/desireemartinphoto.com\/blog\/romeria-san-sebastian-2015\/san-sebastian-2015-blog-def-06\/\" data-orig-file=\"http:\/\/desireemartinphoto.com\/blog\/wp-content\/uploads\/2015\/01\/San-Sebastian-2015-BLOG-DEF-06.jpg\" data-orig-size=\"550,337\" data-comments-opened=\"1\" data-image-meta=\"{&quot;aperture&quot;:&quot;0&quot;,&quot;credit&quot;:&quot;&quot;,&quot;camera&quot;:&quot;&quot;,&quot;caption&quot;:&quot;&quot;,&quot;created_timestamp&quot;:&quot;1422031975&quot;,&quot;copyright&quot;:&quot;&quot;,&quot;focal_length&quot;:&quot;0&quot;,&quot;iso&quot;:&quot;0&quot;,&quot;shutter_speed&quot;:&quot;0&quot;,&quot;title&quot;:&quot;&quot;,&quot;orientation&quot;:&quot;1&quot;}\" data-image-title=\"San Sebastian 2015 BLOG DEF 06\" data-image-description=\"\" data-medium-file=\"http:\/\/desireemartinphoto.com\/blog\/wp-content\/uploads\/2015\/01\/San-Sebastian-2015-BLOG-DEF-06-300x183.jpg\" data-large-file=\"http:\/\/desireemartinphoto.com\/blog\/wp-content\/uploads\/2015\/01\/San-Sebastian-2015-BLOG-DEF-06.jpg\" loading=\"lazy\" class=\"alignleft size-full wp-image-3806\" src=\"http:\/\/desireemartinphoto.com\/blog\/wp-content\/uploads\/2015\/01\/San-Sebastian-2015-BLOG-DEF-06.jpg\" alt=\"San Sebastian 2015 BLOG DEF 06\" width=\"550\" height=\"337\" srcset=\"http:\/\/desireemartinphoto.com\/blog\/wp-content\/uploads\/2015\/01\/San-Sebastian-2015-BLOG-DEF-06.jpg 550w, http:\/\/desireemartinphoto.com\/blog\/wp-content\/uploads\/2015\/01\/San-Sebastian-2015-BLOG-DEF-06-300x183.jpg 300w\" sizes=\"(max-width: 550px) 100vw, 550px\" \/><br \/>\n&nbsp;<br \/>\n&nbsp;<br \/>\n&nbsp;<br \/>\n..unos m\u00e1s que otros &#8230;. \ud83d\ude09<br \/>\n&nbsp;<br \/>\n&nbsp;<br \/>\n&nbsp;<\/p>\n<p><img data-attachment-id=\"3807\" data-permalink=\"http:\/\/desireemartinphoto.com\/blog\/romeria-san-sebastian-2015\/san-sebastian-2015-blog-def-07\/\" data-orig-file=\"http:\/\/desireemartinphoto.com\/blog\/wp-content\/uploads\/2015\/01\/San-Sebastian-2015-BLOG-DEF-07.jpg\" data-orig-size=\"550,443\" data-comments-opened=\"1\" data-image-meta=\"{&quot;aperture&quot;:&quot;0&quot;,&quot;credit&quot;:&quot;&quot;,&quot;camera&quot;:&quot;&quot;,&quot;caption&quot;:&quot;&quot;,&quot;created_timestamp&quot;:&quot;1422031906&quot;,&quot;copyright&quot;:&quot;&quot;,&quot;focal_length&quot;:&quot;0&quot;,&quot;iso&quot;:&quot;0&quot;,&quot;shutter_speed&quot;:&quot;0&quot;,&quot;title&quot;:&quot;&quot;,&quot;orientation&quot;:&quot;1&quot;}\" data-image-title=\"San Sebastian 2015 BLOG DEF 07\" data-image-description=\"\" data-medium-file=\"http:\/\/desireemartinphoto.com\/blog\/wp-content\/uploads\/2015\/01\/San-Sebastian-2015-BLOG-DEF-07-300x241.jpg\" data-large-file=\"http:\/\/desireemartinphoto.com\/blog\/wp-content\/uploads\/2015\/01\/San-Sebastian-2015-BLOG-DEF-07.jpg\" loading=\"lazy\" class=\"alignleft size-full wp-image-3807\" src=\"http:\/\/desireemartinphoto.com\/blog\/wp-content\/uploads\/2015\/01\/San-Sebastian-2015-BLOG-DEF-07.jpg\" alt=\"San Sebastian 2015 BLOG DEF 07\" width=\"550\" height=\"443\" srcset=\"http:\/\/desireemartinphoto.com\/blog\/wp-content\/uploads\/2015\/01\/San-Sebastian-2015-BLOG-DEF-07.jpg 550w, http:\/\/desireemartinphoto.com\/blog\/wp-content\/uploads\/2015\/01\/San-Sebastian-2015-BLOG-DEF-07-300x241.jpg 300w\" sizes=\"(max-width: 550px) 100vw, 550px\" \/><\/p>\n<p><img data-attachment-id=\"3808\" data-permalink=\"http:\/\/desireemartinphoto.com\/blog\/romeria-san-sebastian-2015\/san-sebastian-2015-blog-def-08\/\" data-orig-file=\"http:\/\/desireemartinphoto.com\/blog\/wp-content\/uploads\/2015\/01\/San-Sebastian-2015-BLOG-DEF-08.jpg\" data-orig-size=\"550,390\" data-comments-opened=\"1\" data-image-meta=\"{&quot;aperture&quot;:&quot;0&quot;,&quot;credit&quot;:&quot;&quot;,&quot;camera&quot;:&quot;&quot;,&quot;caption&quot;:&quot;&quot;,&quot;created_timestamp&quot;:&quot;1422032026&quot;,&quot;copyright&quot;:&quot;&quot;,&quot;focal_length&quot;:&quot;0&quot;,&quot;iso&quot;:&quot;0&quot;,&quot;shutter_speed&quot;:&quot;0&quot;,&quot;title&quot;:&quot;&quot;,&quot;orientation&quot;:&quot;1&quot;}\" data-image-title=\"San Sebastian 2015 BLOG DEF 08\" data-image-description=\"\" data-medium-file=\"http:\/\/desireemartinphoto.com\/blog\/wp-content\/uploads\/2015\/01\/San-Sebastian-2015-BLOG-DEF-08-300x212.jpg\" data-large-file=\"http:\/\/desireemartinphoto.com\/blog\/wp-content\/uploads\/2015\/01\/San-Sebastian-2015-BLOG-DEF-08.jpg\" loading=\"lazy\" class=\"alignleft size-full wp-image-3808\" src=\"http:\/\/desireemartinphoto.com\/blog\/wp-content\/uploads\/2015\/01\/San-Sebastian-2015-BLOG-DEF-08.jpg\" alt=\"San Sebastian 2015 BLOG DEF 08\" width=\"550\" height=\"390\" srcset=\"http:\/\/desireemartinphoto.com\/blog\/wp-content\/uploads\/2015\/01\/San-Sebastian-2015-BLOG-DEF-08.jpg 550w, http:\/\/desireemartinphoto.com\/blog\/wp-content\/uploads\/2015\/01\/San-Sebastian-2015-BLOG-DEF-08-300x212.jpg 300w\" sizes=\"(max-width: 550px) 100vw, 550px\" \/><\/p>\n<p><img data-attachment-id=\"3809\" data-permalink=\"http:\/\/desireemartinphoto.com\/blog\/romeria-san-sebastian-2015\/spain-horses-pilgrimage\/\" data-orig-file=\"http:\/\/desireemartinphoto.com\/blog\/wp-content\/uploads\/2015\/01\/San-Sebastian-2015-BLOG-DEF-09.jpg\" data-orig-size=\"550,406\" data-comments-opened=\"1\" data-image-meta=\"{&quot;aperture&quot;:&quot;0&quot;,&quot;credit&quot;:&quot;AFP&quot;,&quot;camera&quot;:&quot;&quot;,&quot;caption&quot;:&quot;Hundreds of people waiting on the beach of La Caleta arrival of horses and donkeys during the Pilgrimage in honor of St. Sebastian, Adeje, on the Canary island of Tenerife on January 20, 2015. AFP PHOTO \\\/ DESIREE MARTIN&quot;,&quot;created_timestamp&quot;:&quot;1421772142&quot;,&quot;copyright&quot;:&quot;ImageForum&quot;,&quot;focal_length&quot;:&quot;0&quot;,&quot;iso&quot;:&quot;0&quot;,&quot;shutter_speed&quot;:&quot;0&quot;,&quot;title&quot;:&quot;SPAIN-HORSES-PILGRIMAGE&quot;,&quot;orientation&quot;:&quot;1&quot;}\" data-image-title=\"SPAIN-HORSES-PILGRIMAGE\" data-image-description=\"&lt;p&gt;Hundreds of people waiting on the beach of La Caleta arrival of horses and donkeys during the Pilgrimage in honor of St. Sebastian, Adeje, on the Canary island of Tenerife on January 20, 2015. AFP PHOTO \/ DESIREE MARTIN&lt;\/p&gt;\n\" data-medium-file=\"http:\/\/desireemartinphoto.com\/blog\/wp-content\/uploads\/2015\/01\/San-Sebastian-2015-BLOG-DEF-09-300x221.jpg\" data-large-file=\"http:\/\/desireemartinphoto.com\/blog\/wp-content\/uploads\/2015\/01\/San-Sebastian-2015-BLOG-DEF-09.jpg\" loading=\"lazy\" class=\"alignleft size-full wp-image-3809\" src=\"http:\/\/desireemartinphoto.com\/blog\/wp-content\/uploads\/2015\/01\/San-Sebastian-2015-BLOG-DEF-09.jpg\" alt=\"SPAIN-HORSES-PILGRIMAGE\" width=\"550\" height=\"406\" srcset=\"http:\/\/desireemartinphoto.com\/blog\/wp-content\/uploads\/2015\/01\/San-Sebastian-2015-BLOG-DEF-09.jpg 550w, http:\/\/desireemartinphoto.com\/blog\/wp-content\/uploads\/2015\/01\/San-Sebastian-2015-BLOG-DEF-09-300x221.jpg 300w\" sizes=\"(max-width: 550px) 100vw, 550px\" \/><\/p>\n<p><img data-attachment-id=\"3810\" data-permalink=\"http:\/\/desireemartinphoto.com\/blog\/romeria-san-sebastian-2015\/san-sebastian-2015-blog-def-10\/\" data-orig-file=\"http:\/\/desireemartinphoto.com\/blog\/wp-content\/uploads\/2015\/01\/San-Sebastian-2015-BLOG-DEF-10.jpg\" data-orig-size=\"550,277\" data-comments-opened=\"1\" data-image-meta=\"{&quot;aperture&quot;:&quot;0&quot;,&quot;credit&quot;:&quot;&quot;,&quot;camera&quot;:&quot;&quot;,&quot;caption&quot;:&quot;&quot;,&quot;created_timestamp&quot;:&quot;1422032095&quot;,&quot;copyright&quot;:&quot;&quot;,&quot;focal_length&quot;:&quot;0&quot;,&quot;iso&quot;:&quot;0&quot;,&quot;shutter_speed&quot;:&quot;0&quot;,&quot;title&quot;:&quot;&quot;,&quot;orientation&quot;:&quot;1&quot;}\" data-image-title=\"San Sebastian 2015 BLOG DEF 10\" data-image-description=\"\" data-medium-file=\"http:\/\/desireemartinphoto.com\/blog\/wp-content\/uploads\/2015\/01\/San-Sebastian-2015-BLOG-DEF-10-300x151.jpg\" data-large-file=\"http:\/\/desireemartinphoto.com\/blog\/wp-content\/uploads\/2015\/01\/San-Sebastian-2015-BLOG-DEF-10.jpg\" loading=\"lazy\" class=\"alignleft size-full wp-image-3810\" src=\"http:\/\/desireemartinphoto.com\/blog\/wp-content\/uploads\/2015\/01\/San-Sebastian-2015-BLOG-DEF-10.jpg\" alt=\"San Sebastian 2015 BLOG DEF 10\" width=\"550\" height=\"277\" srcset=\"http:\/\/desireemartinphoto.com\/blog\/wp-content\/uploads\/2015\/01\/San-Sebastian-2015-BLOG-DEF-10.jpg 550w, http:\/\/desireemartinphoto.com\/blog\/wp-content\/uploads\/2015\/01\/San-Sebastian-2015-BLOG-DEF-10-300x151.jpg 300w\" sizes=\"(max-width: 550px) 100vw, 550px\" \/><\/p>\n<p><img data-attachment-id=\"3811\" data-permalink=\"http:\/\/desireemartinphoto.com\/blog\/romeria-san-sebastian-2015\/san-sebastian-2015-blog-def-11\/\" data-orig-file=\"http:\/\/desireemartinphoto.com\/blog\/wp-content\/uploads\/2015\/01\/San-Sebastian-2015-BLOG-DEF-11.jpg\" data-orig-size=\"550,755\" data-comments-opened=\"1\" data-image-meta=\"{&quot;aperture&quot;:&quot;0&quot;,&quot;credit&quot;:&quot;&quot;,&quot;camera&quot;:&quot;&quot;,&quot;caption&quot;:&quot;&quot;,&quot;created_timestamp&quot;:&quot;1421971200&quot;,&quot;copyright&quot;:&quot;&quot;,&quot;focal_length&quot;:&quot;0&quot;,&quot;iso&quot;:&quot;0&quot;,&quot;shutter_speed&quot;:&quot;0&quot;,&quot;title&quot;:&quot;&quot;,&quot;orientation&quot;:&quot;1&quot;}\" data-image-title=\"San Sebastian 2015 BLOG DEF 11\" data-image-description=\"\" data-medium-file=\"http:\/\/desireemartinphoto.com\/blog\/wp-content\/uploads\/2015\/01\/San-Sebastian-2015-BLOG-DEF-11-218x300.jpg\" data-large-file=\"http:\/\/desireemartinphoto.com\/blog\/wp-content\/uploads\/2015\/01\/San-Sebastian-2015-BLOG-DEF-11.jpg\" loading=\"lazy\" class=\"alignleft size-full wp-image-3811\" src=\"http:\/\/desireemartinphoto.com\/blog\/wp-content\/uploads\/2015\/01\/San-Sebastian-2015-BLOG-DEF-11.jpg\" alt=\"San Sebastian 2015 BLOG DEF 11\" width=\"550\" height=\"755\" srcset=\"http:\/\/desireemartinphoto.com\/blog\/wp-content\/uploads\/2015\/01\/San-Sebastian-2015-BLOG-DEF-11.jpg 550w, http:\/\/desireemartinphoto.com\/blog\/wp-content\/uploads\/2015\/01\/San-Sebastian-2015-BLOG-DEF-11-218x300.jpg 218w\" sizes=\"(max-width: 550px) 100vw, 550px\" \/><\/p>\n<p><img data-attachment-id=\"3812\" data-permalink=\"http:\/\/desireemartinphoto.com\/blog\/romeria-san-sebastian-2015\/spain-horses-pilgrimage-sebastian\/\" data-orig-file=\"http:\/\/desireemartinphoto.com\/blog\/wp-content\/uploads\/2015\/01\/San-Sebastian-2015-BLOG-DEF-12.jpg\" data-orig-size=\"550,367\" data-comments-opened=\"1\" data-image-meta=\"{&quot;aperture&quot;:&quot;0&quot;,&quot;credit&quot;:&quot;AFP&quot;,&quot;camera&quot;:&quot;&quot;,&quot;caption&quot;:&quot;Hundreds of people observe the traditional bath horses and donkeys on the beach of La Caleta during the Pilgrimage in honor of St. Sebastian, Adeje, on the Canary island of Tenerife on January 20, 2015. AFP PHOTO \\\/ DESIREE MARTIN&quot;,&quot;created_timestamp&quot;:&quot;1421772381&quot;,&quot;copyright&quot;:&quot;ImageForum&quot;,&quot;focal_length&quot;:&quot;0&quot;,&quot;iso&quot;:&quot;0&quot;,&quot;shutter_speed&quot;:&quot;0&quot;,&quot;title&quot;:&quot;SPAIN-HORSES-PILGRIMAGE-SEBASTIAN&quot;,&quot;orientation&quot;:&quot;1&quot;}\" data-image-title=\"SPAIN-HORSES-PILGRIMAGE-SEBASTIAN\" data-image-description=\"&lt;p&gt;Hundreds of people observe the traditional bath horses and donkeys on the beach of La Caleta during the Pilgrimage in honor of St. Sebastian, Adeje, on the Canary island of Tenerife on January 20, 2015. AFP PHOTO \/ DESIREE MARTIN&lt;\/p&gt;\n\" data-medium-file=\"http:\/\/desireemartinphoto.com\/blog\/wp-content\/uploads\/2015\/01\/San-Sebastian-2015-BLOG-DEF-12-300x200.jpg\" data-large-file=\"http:\/\/desireemartinphoto.com\/blog\/wp-content\/uploads\/2015\/01\/San-Sebastian-2015-BLOG-DEF-12.jpg\" loading=\"lazy\" class=\"alignleft size-full wp-image-3812\" src=\"http:\/\/desireemartinphoto.com\/blog\/wp-content\/uploads\/2015\/01\/San-Sebastian-2015-BLOG-DEF-12.jpg\" alt=\"SPAIN-HORSES-PILGRIMAGE-SEBASTIAN\" width=\"550\" height=\"367\" srcset=\"http:\/\/desireemartinphoto.com\/blog\/wp-content\/uploads\/2015\/01\/San-Sebastian-2015-BLOG-DEF-12.jpg 550w, http:\/\/desireemartinphoto.com\/blog\/wp-content\/uploads\/2015\/01\/San-Sebastian-2015-BLOG-DEF-12-300x200.jpg 300w\" sizes=\"(max-width: 550px) 100vw, 550px\" \/><\/p>\n<p><img data-attachment-id=\"3813\" data-permalink=\"http:\/\/desireemartinphoto.com\/blog\/romeria-san-sebastian-2015\/spain-horses-pilgrimage-sebastian-2\/\" data-orig-file=\"http:\/\/desireemartinphoto.com\/blog\/wp-content\/uploads\/2015\/01\/San-Sebastian-2015-BLOG-DEF-13.jpg\" data-orig-size=\"550,361\" data-comments-opened=\"1\" data-image-meta=\"{&quot;aperture&quot;:&quot;0&quot;,&quot;credit&quot;:&quot;AFP&quot;,&quot;camera&quot;:&quot;&quot;,&quot;caption&quot;:&quot;A rider and horses bathe in the beach of La Caleta during the Pilgrimage in honor of St. Sebastian, Adeje, on the Canary island of Tenerife on January 20, 2015. AFP PHOTO \\\/ DESIREE MARTIN&quot;,&quot;created_timestamp&quot;:&quot;1421772100&quot;,&quot;copyright&quot;:&quot;ImageForum&quot;,&quot;focal_length&quot;:&quot;0&quot;,&quot;iso&quot;:&quot;0&quot;,&quot;shutter_speed&quot;:&quot;0&quot;,&quot;title&quot;:&quot;SPAIN-HORSES-PILGRIMAGE-SEBASTIAN&quot;,&quot;orientation&quot;:&quot;1&quot;}\" data-image-title=\"SPAIN-HORSES-PILGRIMAGE-SEBASTIAN\" data-image-description=\"&lt;p&gt;A rider and horses bathe in the beach of La Caleta during the Pilgrimage in honor of St. Sebastian, Adeje, on the Canary island of Tenerife on January 20, 2015. AFP PHOTO \/ DESIREE MARTIN&lt;\/p&gt;\n\" data-medium-file=\"http:\/\/desireemartinphoto.com\/blog\/wp-content\/uploads\/2015\/01\/San-Sebastian-2015-BLOG-DEF-13-300x196.jpg\" data-large-file=\"http:\/\/desireemartinphoto.com\/blog\/wp-content\/uploads\/2015\/01\/San-Sebastian-2015-BLOG-DEF-13.jpg\" loading=\"lazy\" class=\"alignleft size-full wp-image-3813\" src=\"http:\/\/desireemartinphoto.com\/blog\/wp-content\/uploads\/2015\/01\/San-Sebastian-2015-BLOG-DEF-13.jpg\" alt=\"SPAIN-HORSES-PILGRIMAGE-SEBASTIAN\" width=\"550\" height=\"361\" srcset=\"http:\/\/desireemartinphoto.com\/blog\/wp-content\/uploads\/2015\/01\/San-Sebastian-2015-BLOG-DEF-13.jpg 550w, http:\/\/desireemartinphoto.com\/blog\/wp-content\/uploads\/2015\/01\/San-Sebastian-2015-BLOG-DEF-13-300x196.jpg 300w\" sizes=\"(max-width: 550px) 100vw, 550px\" \/><\/p>\n<p><img data-attachment-id=\"3814\" data-permalink=\"http:\/\/desireemartinphoto.com\/blog\/romeria-san-sebastian-2015\/spain-horses-pilgrimage-sebastian-3\/\" data-orig-file=\"http:\/\/desireemartinphoto.com\/blog\/wp-content\/uploads\/2015\/01\/San-Sebastian-2015-BLOG-DEF-14.jpg\" data-orig-size=\"550,367\" data-comments-opened=\"1\" data-image-meta=\"{&quot;aperture&quot;:&quot;0&quot;,&quot;credit&quot;:&quot;AFP&quot;,&quot;camera&quot;:&quot;&quot;,&quot;caption&quot;:&quot;Hundreds of people observe the traditional bath horses and donkeys on the beach of La Caleta during the Pilgrimage in honor of St. Sebastian, Adeje, on the Canary island of Tenerife on January 20, 2015. AFP PHOTO \\\/ DESIREE MARTIN&quot;,&quot;created_timestamp&quot;:&quot;1421772310&quot;,&quot;copyright&quot;:&quot;ImageForum&quot;,&quot;focal_length&quot;:&quot;0&quot;,&quot;iso&quot;:&quot;0&quot;,&quot;shutter_speed&quot;:&quot;0&quot;,&quot;title&quot;:&quot;SPAIN-HORSES-PILGRIMAGE-SEBASTIAN&quot;,&quot;orientation&quot;:&quot;1&quot;}\" data-image-title=\"SPAIN-HORSES-PILGRIMAGE-SEBASTIAN\" data-image-description=\"&lt;p&gt;Hundreds of people observe the traditional bath horses and donkeys on the beach of La Caleta during the Pilgrimage in honor of St. Sebastian, Adeje, on the Canary island of Tenerife on January 20, 2015. AFP PHOTO \/ DESIREE MARTIN&lt;\/p&gt;\n\" data-medium-file=\"http:\/\/desireemartinphoto.com\/blog\/wp-content\/uploads\/2015\/01\/San-Sebastian-2015-BLOG-DEF-14-300x200.jpg\" data-large-file=\"http:\/\/desireemartinphoto.com\/blog\/wp-content\/uploads\/2015\/01\/San-Sebastian-2015-BLOG-DEF-14.jpg\" loading=\"lazy\" class=\"alignleft size-full wp-image-3814\" src=\"http:\/\/desireemartinphoto.com\/blog\/wp-content\/uploads\/2015\/01\/San-Sebastian-2015-BLOG-DEF-14.jpg\" alt=\"SPAIN-HORSES-PILGRIMAGE-SEBASTIAN\" width=\"550\" height=\"367\" srcset=\"http:\/\/desireemartinphoto.com\/blog\/wp-content\/uploads\/2015\/01\/San-Sebastian-2015-BLOG-DEF-14.jpg 550w, http:\/\/desireemartinphoto.com\/blog\/wp-content\/uploads\/2015\/01\/San-Sebastian-2015-BLOG-DEF-14-300x200.jpg 300w\" sizes=\"(max-width: 550px) 100vw, 550px\" \/><\/p>\n<p><img data-attachment-id=\"3815\" data-permalink=\"http:\/\/desireemartinphoto.com\/blog\/romeria-san-sebastian-2015\/spain-horses-pilgrimage-sebastian-4\/\" data-orig-file=\"http:\/\/desireemartinphoto.com\/blog\/wp-content\/uploads\/2015\/01\/San-Sebastian-2015-BLOG-DEF-15.jpg\" data-orig-size=\"550,332\" data-comments-opened=\"1\" data-image-meta=\"{&quot;aperture&quot;:&quot;0&quot;,&quot;credit&quot;:&quot;AFP&quot;,&quot;camera&quot;:&quot;&quot;,&quot;caption&quot;:&quot;A rider and his horse bathing on the beach of La Caleta  during the Pilgrimage in honor of St. Sebastian, Adeje, on the Canary island of Tenerife on January 20, 2015. AFP PHOTO \\\/ DESIREE MARTIN&quot;,&quot;created_timestamp&quot;:&quot;1421772077&quot;,&quot;copyright&quot;:&quot;ImageForum&quot;,&quot;focal_length&quot;:&quot;0&quot;,&quot;iso&quot;:&quot;0&quot;,&quot;shutter_speed&quot;:&quot;0&quot;,&quot;title&quot;:&quot;SPAIN-HORSES-PILGRIMAGE-SEBASTIAN&quot;,&quot;orientation&quot;:&quot;1&quot;}\" data-image-title=\"SPAIN-HORSES-PILGRIMAGE-SEBASTIAN\" data-image-description=\"&lt;p&gt;A rider and his horse bathing on the beach of La Caleta  during the Pilgrimage in honor of St. Sebastian, Adeje, on the Canary island of Tenerife on January 20, 2015. AFP PHOTO \/ DESIREE MARTIN&lt;\/p&gt;\n\" data-medium-file=\"http:\/\/desireemartinphoto.com\/blog\/wp-content\/uploads\/2015\/01\/San-Sebastian-2015-BLOG-DEF-15-300x181.jpg\" data-large-file=\"http:\/\/desireemartinphoto.com\/blog\/wp-content\/uploads\/2015\/01\/San-Sebastian-2015-BLOG-DEF-15.jpg\" loading=\"lazy\" class=\"alignleft size-full wp-image-3815\" src=\"http:\/\/desireemartinphoto.com\/blog\/wp-content\/uploads\/2015\/01\/San-Sebastian-2015-BLOG-DEF-15.jpg\" alt=\"SPAIN-HORSES-PILGRIMAGE-SEBASTIAN\" width=\"550\" height=\"332\" srcset=\"http:\/\/desireemartinphoto.com\/blog\/wp-content\/uploads\/2015\/01\/San-Sebastian-2015-BLOG-DEF-15.jpg 550w, http:\/\/desireemartinphoto.com\/blog\/wp-content\/uploads\/2015\/01\/San-Sebastian-2015-BLOG-DEF-15-300x181.jpg 300w\" sizes=\"(max-width: 550px) 100vw, 550px\" \/><\/p>\n<p><img data-attachment-id=\"3816\" data-permalink=\"http:\/\/desireemartinphoto.com\/blog\/romeria-san-sebastian-2015\/spain-horses-pilgrimage-sebastian-5\/\" data-orig-file=\"http:\/\/desireemartinphoto.com\/blog\/wp-content\/uploads\/2015\/01\/San-Sebastian-2015-BLOG-DEF-16.jpg\" data-orig-size=\"550,336\" data-comments-opened=\"1\" data-image-meta=\"{&quot;aperture&quot;:&quot;0&quot;,&quot;credit&quot;:&quot;AFP&quot;,&quot;camera&quot;:&quot;&quot;,&quot;caption&quot;:&quot;Dozens of horses and donkeys bathing on the beach of La Caleta during the Pilgrimage in honor of St. Sebastian, Adeje, on the Canary island of Tenerife on January 20, 2015. AFP PHOTO \\\/ DESIREE MARTIN&quot;,&quot;created_timestamp&quot;:&quot;1421712000&quot;,&quot;copyright&quot;:&quot;ImageForum&quot;,&quot;focal_length&quot;:&quot;0&quot;,&quot;iso&quot;:&quot;0&quot;,&quot;shutter_speed&quot;:&quot;0&quot;,&quot;title&quot;:&quot;SPAIN-HORSES-PILGRIMAGE-SEBASTIAN&quot;,&quot;orientation&quot;:&quot;1&quot;}\" data-image-title=\"SPAIN-HORSES-PILGRIMAGE-SEBASTIAN\" data-image-description=\"&lt;p&gt;Dozens of horses and donkeys bathing on the beach of La Caleta during the Pilgrimage in honor of St. Sebastian, Adeje, on the Canary island of Tenerife on January 20, 2015. AFP PHOTO \/ DESIREE MARTIN&lt;\/p&gt;\n\" data-medium-file=\"http:\/\/desireemartinphoto.com\/blog\/wp-content\/uploads\/2015\/01\/San-Sebastian-2015-BLOG-DEF-16-300x183.jpg\" data-large-file=\"http:\/\/desireemartinphoto.com\/blog\/wp-content\/uploads\/2015\/01\/San-Sebastian-2015-BLOG-DEF-16.jpg\" loading=\"lazy\" class=\"alignleft size-full wp-image-3816\" src=\"http:\/\/desireemartinphoto.com\/blog\/wp-content\/uploads\/2015\/01\/San-Sebastian-2015-BLOG-DEF-16.jpg\" alt=\"SPAIN-HORSES-PILGRIMAGE-SEBASTIAN\" width=\"550\" height=\"336\" srcset=\"http:\/\/desireemartinphoto.com\/blog\/wp-content\/uploads\/2015\/01\/San-Sebastian-2015-BLOG-DEF-16.jpg 550w, http:\/\/desireemartinphoto.com\/blog\/wp-content\/uploads\/2015\/01\/San-Sebastian-2015-BLOG-DEF-16-300x183.jpg 300w\" sizes=\"(max-width: 550px) 100vw, 550px\" \/><\/p>\n<p><img data-attachment-id=\"3817\" data-permalink=\"http:\/\/desireemartinphoto.com\/blog\/romeria-san-sebastian-2015\/san-sebastian-2015-blog-def-17\/\" data-orig-file=\"http:\/\/desireemartinphoto.com\/blog\/wp-content\/uploads\/2015\/01\/San-Sebastian-2015-BLOG-DEF-17.jpg\" data-orig-size=\"550,367\" data-comments-opened=\"1\" data-image-meta=\"{&quot;aperture&quot;:&quot;0&quot;,&quot;credit&quot;:&quot;&quot;,&quot;camera&quot;:&quot;&quot;,&quot;caption&quot;:&quot;&quot;,&quot;created_timestamp&quot;:&quot;1422032116&quot;,&quot;copyright&quot;:&quot;&quot;,&quot;focal_length&quot;:&quot;0&quot;,&quot;iso&quot;:&quot;0&quot;,&quot;shutter_speed&quot;:&quot;0&quot;,&quot;title&quot;:&quot;&quot;,&quot;orientation&quot;:&quot;1&quot;}\" data-image-title=\"San Sebastian 2015 BLOG DEF 17\" data-image-description=\"\" data-medium-file=\"http:\/\/desireemartinphoto.com\/blog\/wp-content\/uploads\/2015\/01\/San-Sebastian-2015-BLOG-DEF-17-300x200.jpg\" data-large-file=\"http:\/\/desireemartinphoto.com\/blog\/wp-content\/uploads\/2015\/01\/San-Sebastian-2015-BLOG-DEF-17.jpg\" loading=\"lazy\" class=\"alignleft size-full wp-image-3817\" src=\"http:\/\/desireemartinphoto.com\/blog\/wp-content\/uploads\/2015\/01\/San-Sebastian-2015-BLOG-DEF-17.jpg\" alt=\"San Sebastian 2015 BLOG DEF 17\" width=\"550\" height=\"367\" srcset=\"http:\/\/desireemartinphoto.com\/blog\/wp-content\/uploads\/2015\/01\/San-Sebastian-2015-BLOG-DEF-17.jpg 550w, http:\/\/desireemartinphoto.com\/blog\/wp-content\/uploads\/2015\/01\/San-Sebastian-2015-BLOG-DEF-17-300x200.jpg 300w\" sizes=\"(max-width: 550px) 100vw, 550px\" \/><\/p>\n<p><img data-attachment-id=\"3818\" data-permalink=\"http:\/\/desireemartinphoto.com\/blog\/romeria-san-sebastian-2015\/san-sebastian-2015-blog-def-18\/\" data-orig-file=\"http:\/\/desireemartinphoto.com\/blog\/wp-content\/uploads\/2015\/01\/San-Sebastian-2015-BLOG-DEF-18.jpg\" data-orig-size=\"550,367\" data-comments-opened=\"1\" data-image-meta=\"{&quot;aperture&quot;:&quot;0&quot;,&quot;credit&quot;:&quot;&quot;,&quot;camera&quot;:&quot;&quot;,&quot;caption&quot;:&quot;&quot;,&quot;created_timestamp&quot;:&quot;1422032154&quot;,&quot;copyright&quot;:&quot;&quot;,&quot;focal_length&quot;:&quot;0&quot;,&quot;iso&quot;:&quot;0&quot;,&quot;shutter_speed&quot;:&quot;0&quot;,&quot;title&quot;:&quot;&quot;,&quot;orientation&quot;:&quot;1&quot;}\" data-image-title=\"San Sebastian 2015 BLOG DEF 18\" data-image-description=\"\" data-medium-file=\"http:\/\/desireemartinphoto.com\/blog\/wp-content\/uploads\/2015\/01\/San-Sebastian-2015-BLOG-DEF-18-300x200.jpg\" data-large-file=\"http:\/\/desireemartinphoto.com\/blog\/wp-content\/uploads\/2015\/01\/San-Sebastian-2015-BLOG-DEF-18.jpg\" loading=\"lazy\" class=\"alignleft size-full wp-image-3818\" src=\"http:\/\/desireemartinphoto.com\/blog\/wp-content\/uploads\/2015\/01\/San-Sebastian-2015-BLOG-DEF-18.jpg\" alt=\"San Sebastian 2015 BLOG DEF 18\" width=\"550\" height=\"367\" srcset=\"http:\/\/desireemartinphoto.com\/blog\/wp-content\/uploads\/2015\/01\/San-Sebastian-2015-BLOG-DEF-18.jpg 550w, http:\/\/desireemartinphoto.com\/blog\/wp-content\/uploads\/2015\/01\/San-Sebastian-2015-BLOG-DEF-18-300x200.jpg 300w\" sizes=\"(max-width: 550px) 100vw, 550px\" \/><\/p>\n<p><img data-attachment-id=\"3819\" data-permalink=\"http:\/\/desireemartinphoto.com\/blog\/romeria-san-sebastian-2015\/san-sebastian-2015-blog-def-19\/\" data-orig-file=\"http:\/\/desireemartinphoto.com\/blog\/wp-content\/uploads\/2015\/01\/San-Sebastian-2015-BLOG-DEF-19.jpg\" data-orig-size=\"550,384\" data-comments-opened=\"1\" data-image-meta=\"{&quot;aperture&quot;:&quot;0&quot;,&quot;credit&quot;:&quot;&quot;,&quot;camera&quot;:&quot;&quot;,&quot;caption&quot;:&quot;&quot;,&quot;created_timestamp&quot;:&quot;1422032169&quot;,&quot;copyright&quot;:&quot;&quot;,&quot;focal_length&quot;:&quot;0&quot;,&quot;iso&quot;:&quot;0&quot;,&quot;shutter_speed&quot;:&quot;0&quot;,&quot;title&quot;:&quot;&quot;,&quot;orientation&quot;:&quot;1&quot;}\" data-image-title=\"San Sebastian 2015 BLOG DEF 19\" data-image-description=\"\" data-medium-file=\"http:\/\/desireemartinphoto.com\/blog\/wp-content\/uploads\/2015\/01\/San-Sebastian-2015-BLOG-DEF-19-300x209.jpg\" data-large-file=\"http:\/\/desireemartinphoto.com\/blog\/wp-content\/uploads\/2015\/01\/San-Sebastian-2015-BLOG-DEF-19.jpg\" loading=\"lazy\" class=\"alignleft size-full wp-image-3819\" src=\"http:\/\/desireemartinphoto.com\/blog\/wp-content\/uploads\/2015\/01\/San-Sebastian-2015-BLOG-DEF-19.jpg\" alt=\"San Sebastian 2015 BLOG DEF 19\" width=\"550\" height=\"384\" srcset=\"http:\/\/desireemartinphoto.com\/blog\/wp-content\/uploads\/2015\/01\/San-Sebastian-2015-BLOG-DEF-19.jpg 550w, http:\/\/desireemartinphoto.com\/blog\/wp-content\/uploads\/2015\/01\/San-Sebastian-2015-BLOG-DEF-19-300x209.jpg 300w\" sizes=\"(max-width: 550px) 100vw, 550px\" \/><\/p>\n<p><img data-attachment-id=\"3820\" data-permalink=\"http:\/\/desireemartinphoto.com\/blog\/romeria-san-sebastian-2015\/san-sebastian-2015-blog-def-20\/\" data-orig-file=\"http:\/\/desireemartinphoto.com\/blog\/wp-content\/uploads\/2015\/01\/San-Sebastian-2015-BLOG-DEF-20.jpg\" data-orig-size=\"550,367\" data-comments-opened=\"1\" data-image-meta=\"{&quot;aperture&quot;:&quot;0&quot;,&quot;credit&quot;:&quot;&quot;,&quot;camera&quot;:&quot;&quot;,&quot;caption&quot;:&quot;&quot;,&quot;created_timestamp&quot;:&quot;1422032161&quot;,&quot;copyright&quot;:&quot;&quot;,&quot;focal_length&quot;:&quot;0&quot;,&quot;iso&quot;:&quot;0&quot;,&quot;shutter_speed&quot;:&quot;0&quot;,&quot;title&quot;:&quot;&quot;,&quot;orientation&quot;:&quot;1&quot;}\" data-image-title=\"San Sebastian 2015 BLOG DEF 20\" data-image-description=\"\" data-medium-file=\"http:\/\/desireemartinphoto.com\/blog\/wp-content\/uploads\/2015\/01\/San-Sebastian-2015-BLOG-DEF-20-300x200.jpg\" data-large-file=\"http:\/\/desireemartinphoto.com\/blog\/wp-content\/uploads\/2015\/01\/San-Sebastian-2015-BLOG-DEF-20.jpg\" loading=\"lazy\" class=\"alignleft size-full wp-image-3820\" src=\"http:\/\/desireemartinphoto.com\/blog\/wp-content\/uploads\/2015\/01\/San-Sebastian-2015-BLOG-DEF-20.jpg\" alt=\"San Sebastian 2015 BLOG DEF 20\" width=\"550\" height=\"367\" srcset=\"http:\/\/desireemartinphoto.com\/blog\/wp-content\/uploads\/2015\/01\/San-Sebastian-2015-BLOG-DEF-20.jpg 550w, http:\/\/desireemartinphoto.com\/blog\/wp-content\/uploads\/2015\/01\/San-Sebastian-2015-BLOG-DEF-20-300x200.jpg 300w\" sizes=\"(max-width: 550px) 100vw, 550px\" \/><\/p>\n<p><img data-attachment-id=\"3821\" data-permalink=\"http:\/\/desireemartinphoto.com\/blog\/romeria-san-sebastian-2015\/san-sebastian-2015-blog-def-21\/\" data-orig-file=\"http:\/\/desireemartinphoto.com\/blog\/wp-content\/uploads\/2015\/01\/San-Sebastian-2015-BLOG-DEF-21.jpg\" data-orig-size=\"550,381\" data-comments-opened=\"1\" data-image-meta=\"{&quot;aperture&quot;:&quot;0&quot;,&quot;credit&quot;:&quot;&quot;,&quot;camera&quot;:&quot;&quot;,&quot;caption&quot;:&quot;&quot;,&quot;created_timestamp&quot;:&quot;1422032227&quot;,&quot;copyright&quot;:&quot;&quot;,&quot;focal_length&quot;:&quot;0&quot;,&quot;iso&quot;:&quot;0&quot;,&quot;shutter_speed&quot;:&quot;0&quot;,&quot;title&quot;:&quot;&quot;,&quot;orientation&quot;:&quot;1&quot;}\" data-image-title=\"San Sebastian 2015 BLOG DEF 21\" data-image-description=\"\" data-medium-file=\"http:\/\/desireemartinphoto.com\/blog\/wp-content\/uploads\/2015\/01\/San-Sebastian-2015-BLOG-DEF-21-300x207.jpg\" data-large-file=\"http:\/\/desireemartinphoto.com\/blog\/wp-content\/uploads\/2015\/01\/San-Sebastian-2015-BLOG-DEF-21.jpg\" loading=\"lazy\" class=\"alignleft size-full wp-image-3821\" src=\"http:\/\/desireemartinphoto.com\/blog\/wp-content\/uploads\/2015\/01\/San-Sebastian-2015-BLOG-DEF-21.jpg\" alt=\"San Sebastian 2015 BLOG DEF 21\" width=\"550\" height=\"381\" srcset=\"http:\/\/desireemartinphoto.com\/blog\/wp-content\/uploads\/2015\/01\/San-Sebastian-2015-BLOG-DEF-21.jpg 550w, http:\/\/desireemartinphoto.com\/blog\/wp-content\/uploads\/2015\/01\/San-Sebastian-2015-BLOG-DEF-21-300x207.jpg 300w\" sizes=\"(max-width: 550px) 100vw, 550px\" \/><\/p>\n<p>Y cuando todo hab\u00eda acabado, se acerca un fotero de la zona y me dice: &#8220;\u00d1os, viste que guapo este a\u00f1o el ba\u00f1o de cabras?&#8221; &#8230;. VAAAAAALE!.. el a\u00f1o que viene lo completo!<\/p>\n<p>Gracias MariCarmen, tienes que presentarme al especialista en la iglesia que me comentaste.. tengo muchas preguntas para \u00e9l.<\/p>\n<div class=\"sharedaddy sd-sharing-enabled\"><div class=\"robots-nocontent sd-block sd-social sd-social-icon-text sd-sharing\"><h3 class=\"sd-title\">COMPARTE ESTO:<\/h3><div class=\"sd-content\"><ul><li class=\"share-facebook\"><a rel=\"nofollow noopener noreferrer\" data-shared=\"sharing-facebook-3800\" class=\"share-facebook sd-button share-icon\" href=\"http:\/\/desireemartinphoto.com\/blog\/romeria-san-sebastian-2015\/?share=facebook\" target=\"_blank\" title=\"Haz clic para compartir en Facebook\"><span>Facebook<\/span><\/a><\/li><li class=\"share-twitter\"><a rel=\"nofollow noopener noreferrer\" data-shared=\"sharing-twitter-3800\" class=\"share-twitter sd-button share-icon\" href=\"http:\/\/desireemartinphoto.com\/blog\/romeria-san-sebastian-2015\/?share=twitter\" target=\"_blank\" title=\"Haz clic para compartir en Twitter\"><span>Twitter<\/span><\/a><\/li><li class=\"share-email\"><a rel=\"nofollow noopener noreferrer\" data-shared=\"\" class=\"share-email sd-button share-icon\" href=\"http:\/\/desireemartinphoto.com\/blog\/romeria-san-sebastian-2015\/?share=email\" target=\"_blank\" title=\"Haz clic para enviar por correo electr\u00f3nico a un amigo\"><span>Correo electr\u00f3nico<\/span><\/a><\/li><li class=\"share-linkedin\"><a rel=\"nofollow noopener noreferrer\" data-shared=\"sharing-linkedin-3800\" class=\"share-linkedin sd-button share-icon\" href=\"http:\/\/desireemartinphoto.com\/blog\/romeria-san-sebastian-2015\/?share=linkedin\" target=\"_blank\" title=\"Haz clic para compartir en LinkedIn\"><span>LinkedIn<\/span><\/a><\/li><li class=\"share-tumblr\"><a rel=\"nofollow noopener noreferrer\" data-shared=\"\" class=\"share-tumblr sd-button share-icon\" href=\"http:\/\/desireemartinphoto.com\/blog\/romeria-san-sebastian-2015\/?share=tumblr\" target=\"_blank\" title=\"Haz clic para compartir en Tumblr\"><span>Tumblr<\/span><\/a><\/li><li class=\"share-end\"><\/li><\/ul><\/div><\/div><\/div>","protected":false},"excerpt":{"rendered":"<p>&nbsp; \u00bf Este a\u00f1o vamos al ba\u00f1o de los caballos de La Caleta en el sur ? Directamente pens\u00e9 : Joder, el a\u00f1o pasado, seg\u00fan me iba y pensaba que todo hab\u00eda acabado ..me di cuenta que no ten\u00eda ni idea de qu\u00e9 iba esta tradici\u00f3n. Por una loma ve\u00eda como se alejaba una procesi\u00f3n [&#038;hellip<\/p>\n<div class=\"sharedaddy sd-sharing-enabled\"><div class=\"robots-nocontent sd-block sd-social sd-social-icon-text sd-sharing\"><h3 class=\"sd-title\">COMPARTE ESTO:<\/h3><div class=\"sd-content\"><ul><li class=\"share-facebook\"><a rel=\"nofollow noopener noreferrer\" data-shared=\"sharing-facebook-3800\" class=\"share-facebook sd-button share-icon\" href=\"http:\/\/desireemartinphoto.com\/blog\/romeria-san-sebastian-2015\/?share=facebook\" target=\"_blank\" title=\"Haz clic para compartir en Facebook\"><span>Facebook<\/span><\/a><\/li><li class=\"share-twitter\"><a rel=\"nofollow noopener noreferrer\" data-shared=\"sharing-twitter-3800\" class=\"share-twitter sd-button share-icon\" href=\"http:\/\/desireemartinphoto.com\/blog\/romeria-san-sebastian-2015\/?share=twitter\" target=\"_blank\" title=\"Haz clic para compartir en Twitter\"><span>Twitter<\/span><\/a><\/li><li class=\"share-email\"><a rel=\"nofollow noopener noreferrer\" data-shared=\"\" class=\"share-email sd-button share-icon\" href=\"http:\/\/desireemartinphoto.com\/blog\/romeria-san-sebastian-2015\/?share=email\" target=\"_blank\" title=\"Haz clic para enviar por correo electr\u00f3nico a un amigo\"><span>Correo electr\u00f3nico<\/span><\/a><\/li><li class=\"share-linkedin\"><a rel=\"nofollow noopener noreferrer\" data-shared=\"sharing-linkedin-3800\" class=\"share-linkedin sd-button share-icon\" href=\"http:\/\/desireemartinphoto.com\/blog\/romeria-san-sebastian-2015\/?share=linkedin\" target=\"_blank\" title=\"Haz clic para compartir en LinkedIn\"><span>LinkedIn<\/span><\/a><\/li><li class=\"share-tumblr\"><a rel=\"nofollow noopener noreferrer\" data-shared=\"\" class=\"share-tumblr sd-button share-icon\" href=\"http:\/\/desireemartinphoto.com\/blog\/romeria-san-sebastian-2015\/?share=tumblr\" target=\"_blank\" title=\"Haz clic para compartir en Tumblr\"><span>Tumblr<\/span><\/a><\/li><li class=\"share-end\"><\/li><\/ul><\/div><\/div><\/div>","protected":false},"author":1,"featured_media":0,"comment_status":"open","ping_status":"open","sticky":false,"template":"","format":"standard","meta":{"spay_email":""},"categories":[1],"tags":[760,758,757,754,355,735,753,5,362,58,755,523,756,759],"jetpack_featured_media_url":"","jetpack_sharing_enabled":true,"_links":{"self":[{"href":"http:\/\/desireemartinphoto.com\/blog\/wp-json\/wp\/v2\/posts\/3800"}],"collection":[{"href":"http:\/\/desireemartinphoto.com\/blog\/wp-json\/wp\/v2\/posts"}],"about":[{"href":"http:\/\/desireemartinphoto.com\/blog\/wp-json\/wp\/v2\/types\/post"}],"author":[{"embeddable":true,"href":"http:\/\/desireemartinphoto.com\/blog\/wp-json\/wp\/v2\/users\/1"}],"replies":[{"embeddable":true,"href":"http:\/\/desireemartinphoto.com\/blog\/wp-json\/wp\/v2\/comments?post=3800"}],"version-history":[{"count":9,"href":"http:\/\/desireemartinphoto.com\/blog\/wp-json\/wp\/v2\/posts\/3800\/revisions"}],"predecessor-version":[{"id":3836,"href":"http:\/\/desireemartinphoto.com\/blog\/wp-json\/wp\/v2\/posts\/3800\/revisions\/3836"}],"wp:attachment":[{"href":"http:\/\/desireemartinphoto.com\/blog\/wp-json\/wp\/v2\/media?parent=3800"}],"wp:term":[{"taxonomy":"category","embeddable":true,"href":"http:\/\/desireemartinphoto.com\/blog\/wp-json\/wp\/v2\/categories?post=3800"},{"taxonomy":"post_tag","embeddable":true,"href":"http:\/\/desireemartinphoto.com\/blog\/wp-json\/wp\/v2\/tags?post=3800"}],"curies":[{"name":"wp","href":"https:\/\/api.w.org\/{rel}","templated":true}]}}