{"id":3645,"date":"2014-10-06T16:53:46","date_gmt":"2014-10-06T16:53:46","guid":{"rendered":"http:\/\/desireemartinphoto.com\/blog\/?p=3645"},"modified":"2014-10-06T21:26:12","modified_gmt":"2014-10-06T21:26:12","slug":"si-soy-de-anaza-un-barrio","status":"publish","type":"post","link":"http:\/\/desireemartinphoto.com\/blog\/si-soy-de-anaza-un-barrio\/","title":{"rendered":"Si !!! Soy de #A\u00f1aza, un barrio"},"content":{"rendered":"<p>Ayer fui un d\u00eda triste, mucho ..<\/p>\n<p>No empez\u00f3 f\u00e1cil, no acab\u00f3 f\u00e1cil, pero casi nunca lo es, no? &#8230;la vida, y caminas y sigues rascando al d\u00eda tu instante de felicidad.. ayer fue dif\u00edcil.<\/p>\n<p>No se si saben a qu\u00e9 me refiero, son de un barrio? de esos de mala fama ( por lo que quiera que sea )? \u00a0 ..quiz\u00e1s entonces me comprendas.<\/p>\n<p>No nac\u00ed en #A\u00f1aza, pero mis viviendas fueron las primeras en ser entregadas a mis padres, si eso les aclara el nivel de necesidad de mi familia.. Ven\u00eda de un barrio envejecido, casi no hab\u00eda ni\u00f1os.. y aunque en A\u00f1aza si los hab\u00eda, me cost\u00f3 hacerme a la idea del cambio de vivienda, ten\u00eda 14 a\u00f1os.<\/p>\n<p>A\u00f1aza 125 Viviendas Portal 7 Bajo A<\/p>\n<p>Un nuevo c\u00f3digo postal : 38109, ahora 38111 , pero la lacra de &#8220;125 Viviendas&#8221;.. 0 ganas de querer evitar crear un &#8220;guetto&#8221;, que quede claro, hasta en las cartas!! Qu\u00e9 se sepa que son viviendas sociales, para qu\u00e9 molestarse en ponerle un nombre a las viviendas? o a las calles??<\/p>\n<p>&#8220;LAS AMARILLAS&#8221; para nosotros.. las ROSADAS, las AZULES, LOS PITUFOS, LOS BOMBEROS, PAP\u00c1 PITUFO &#8230; a nosotros no sobraba imaginaci\u00f3n ..<\/p>\n<p>&nbsp;<\/p>\n<p><img data-attachment-id=\"3646\" data-permalink=\"http:\/\/desireemartinphoto.com\/blog\/si-soy-de-anaza-un-barrio\/anaza-01\/\" data-orig-file=\"http:\/\/desireemartinphoto.com\/blog\/wp-content\/uploads\/2014\/10\/Anaza-01.jpg\" data-orig-size=\"550,411\" data-comments-opened=\"1\" data-image-meta=\"{&quot;aperture&quot;:&quot;0&quot;,&quot;credit&quot;:&quot;&quot;,&quot;camera&quot;:&quot;&quot;,&quot;caption&quot;:&quot;&quot;,&quot;created_timestamp&quot;:&quot;0&quot;,&quot;copyright&quot;:&quot;&quot;,&quot;focal_length&quot;:&quot;0&quot;,&quot;iso&quot;:&quot;0&quot;,&quot;shutter_speed&quot;:&quot;0&quot;,&quot;title&quot;:&quot;&quot;,&quot;orientation&quot;:&quot;1&quot;}\" data-image-title=\"Anaza 01\" data-image-description=\"\" data-medium-file=\"http:\/\/desireemartinphoto.com\/blog\/wp-content\/uploads\/2014\/10\/Anaza-01-300x224.jpg\" data-large-file=\"http:\/\/desireemartinphoto.com\/blog\/wp-content\/uploads\/2014\/10\/Anaza-01.jpg\" loading=\"lazy\" class=\"alignleft size-full wp-image-3646\" src=\"http:\/\/desireemartinphoto.com\/blog\/wp-content\/uploads\/2014\/10\/Anaza-01.jpg\" alt=\"Anaza 01\" width=\"550\" height=\"411\" srcset=\"http:\/\/desireemartinphoto.com\/blog\/wp-content\/uploads\/2014\/10\/Anaza-01.jpg 550w, http:\/\/desireemartinphoto.com\/blog\/wp-content\/uploads\/2014\/10\/Anaza-01-300x224.jpg 300w\" sizes=\"(max-width: 550px) 100vw, 550px\" \/><\/p>\n<p>&nbsp;<\/p>\n<p>&nbsp;<\/p>\n<p>foto de m\u00f3vil (desde su ventana, mi prima Iraida Rodr\u00edguez Peraza me hace esta imagen de mi portal para esta entrada de blog que tiene mucho de vomitona, mucho de cabreo.. )<\/p>\n<p>&nbsp;<\/p>\n<p>A los 4 a\u00f1os me encontr\u00e9 en medio de una conversaci\u00f3n en mi primer a\u00f1o de facultad:<\/p>\n<p>-T\u00fa eres de A\u00f1aza????? En serio???&#8230; No se te nota &#8230;<\/p>\n<p>&nbsp;<\/p>\n<p>!!!!!!!<\/p>\n<p>&nbsp;<\/p>\n<p>A\u00fan sigo digiri\u00e9ndolo ..s\u00ed, esa persona se licenci\u00f3 ..<\/p>\n<p>Ayer, \u00a020 a\u00f1os despu\u00e9s, me encontr\u00e9 en otra algo similar, y que supongo que les suena, tanto porque lo han dicho c\u00f3mo porque , si son &#8220;de barrio chungo&#8221;, lo han sufrido.. \u00a0T\u00edpico comentario jocoso de &#8220;No se qu\u00e9 negocio deportivo&#8221; en A\u00f1aza?? Est\u00e1n locos? Yo no voy ni de co\u00f1a, aunque el &#8220;buistrol&#8221; lo tiene asegurado y las drogas gratis&#8230; ja&#8230; ja&#8230; ja&#8230;<br \/>\n<img data-attachment-id=\"3647\" data-permalink=\"http:\/\/desireemartinphoto.com\/blog\/si-soy-de-anaza-un-barrio\/anaza-03\/\" data-orig-file=\"http:\/\/desireemartinphoto.com\/blog\/wp-content\/uploads\/2014\/10\/Anaza-03.jpg\" data-orig-size=\"550,657\" data-comments-opened=\"1\" data-image-meta=\"{&quot;aperture&quot;:&quot;0&quot;,&quot;credit&quot;:&quot;&quot;,&quot;camera&quot;:&quot;&quot;,&quot;caption&quot;:&quot;&quot;,&quot;created_timestamp&quot;:&quot;0&quot;,&quot;copyright&quot;:&quot;&quot;,&quot;focal_length&quot;:&quot;0&quot;,&quot;iso&quot;:&quot;0&quot;,&quot;shutter_speed&quot;:&quot;0&quot;,&quot;title&quot;:&quot;&quot;}\" data-image-title=\"Anaza 03\" data-image-description=\"\" data-medium-file=\"http:\/\/desireemartinphoto.com\/blog\/wp-content\/uploads\/2014\/10\/Anaza-03-251x300.jpg\" data-large-file=\"http:\/\/desireemartinphoto.com\/blog\/wp-content\/uploads\/2014\/10\/Anaza-03.jpg\" loading=\"lazy\" class=\"alignleft size-full wp-image-3647\" src=\"http:\/\/desireemartinphoto.com\/blog\/wp-content\/uploads\/2014\/10\/Anaza-03.jpg\" alt=\"Anaza 03\" width=\"550\" height=\"657\" srcset=\"http:\/\/desireemartinphoto.com\/blog\/wp-content\/uploads\/2014\/10\/Anaza-03.jpg 550w, http:\/\/desireemartinphoto.com\/blog\/wp-content\/uploads\/2014\/10\/Anaza-03-251x300.jpg 251w\" sizes=\"(max-width: 550px) 100vw, 550px\" \/> <img data-attachment-id=\"3648\" data-permalink=\"http:\/\/desireemartinphoto.com\/blog\/si-soy-de-anaza-un-barrio\/anaza-02\/\" data-orig-file=\"http:\/\/desireemartinphoto.com\/blog\/wp-content\/uploads\/2014\/10\/Anaza-02.jpg\" data-orig-size=\"550,713\" data-comments-opened=\"1\" data-image-meta=\"{&quot;aperture&quot;:&quot;0&quot;,&quot;credit&quot;:&quot;&quot;,&quot;camera&quot;:&quot;&quot;,&quot;caption&quot;:&quot;&quot;,&quot;created_timestamp&quot;:&quot;0&quot;,&quot;copyright&quot;:&quot;&quot;,&quot;focal_length&quot;:&quot;0&quot;,&quot;iso&quot;:&quot;0&quot;,&quot;shutter_speed&quot;:&quot;0&quot;,&quot;title&quot;:&quot;&quot;}\" data-image-title=\"Anaza 02\" data-image-description=\"\" data-medium-file=\"http:\/\/desireemartinphoto.com\/blog\/wp-content\/uploads\/2014\/10\/Anaza-02-231x300.jpg\" data-large-file=\"http:\/\/desireemartinphoto.com\/blog\/wp-content\/uploads\/2014\/10\/Anaza-02.jpg\" loading=\"lazy\" class=\"alignleft size-full wp-image-3648\" src=\"http:\/\/desireemartinphoto.com\/blog\/wp-content\/uploads\/2014\/10\/Anaza-02.jpg\" alt=\"Anaza 02\" width=\"550\" height=\"713\" srcset=\"http:\/\/desireemartinphoto.com\/blog\/wp-content\/uploads\/2014\/10\/Anaza-02.jpg 550w, http:\/\/desireemartinphoto.com\/blog\/wp-content\/uploads\/2014\/10\/Anaza-02-231x300.jpg 231w\" sizes=\"(max-width: 550px) 100vw, 550px\" \/><\/p>\n<p>&nbsp;<\/p>\n<p>&nbsp;<\/p>\n<p>&nbsp;<\/p>\n<p>Foto de m\u00f3vil: Petroglifos del Barranco de El Muerto, A\u00f1aza.<\/p>\n<p>&nbsp;<\/p>\n<p>.. Ni puta gracia&#8230; Era la tercera vez que escuchaba estupideces de este tipo de este grupo de personas, a las que considero buena gente, muy interesantes ..y las primeras veces me pareci\u00f3 una metedura de pata, uso de un t\u00f3pico ..y no vi mas.. Pero ayer me partieron el alma.<\/p>\n<p>Seguramente pensar\u00e1n lo mismo que aquel de la facultad: \u00a1No pareces de A\u00f1aza!<\/p>\n<p>\u00bfC\u00f3mo somos los #A\u00f1aza? Chandaleros? Algollotas de plastico y un crio en la cadera? Coches guapos? &#8230; ..En ese barrio viven miles de familias intentando salir adelante cada d\u00eda, muchos d\u00edas que voy a visitar a mi padre o mi hermano o mis t\u00edas&#8230;que S\u00cd! VIVEN EN A\u00d1AZA, me encuentro colas de personas a por la bolsa de comida para poder seguir, o para coger un turno que nunca llega en los asistentes sociales para acceder a una ayuda, o en la de los desayunos de Cruz Roja, pero saben que es lo m\u00e1s que veo? Guaguas de trabajadores hasta arriba a las 6, 7 de la ma\u00f1ana para ir a trabajar, la autopista llena seres que son recogidos para ir a zafras, con una m\u00edsera bolsa de pl\u00e1stico con algo de comida para todo el d\u00eda.. Tambi\u00e9n veo 2 colegios y un instituto lleno de chicos con ilusiones.. esas que son tan f\u00e1ciles de lapidar tras un \u00bf ERES DE A\u00d1AZA ?<\/p>\n<p><img data-attachment-id=\"3649\" data-permalink=\"http:\/\/desireemartinphoto.com\/blog\/si-soy-de-anaza-un-barrio\/anaza-04\/\" data-orig-file=\"http:\/\/desireemartinphoto.com\/blog\/wp-content\/uploads\/2014\/10\/Anaza-04.jpg\" data-orig-size=\"550,606\" data-comments-opened=\"1\" data-image-meta=\"{&quot;aperture&quot;:&quot;0&quot;,&quot;credit&quot;:&quot;&quot;,&quot;camera&quot;:&quot;&quot;,&quot;caption&quot;:&quot;&quot;,&quot;created_timestamp&quot;:&quot;0&quot;,&quot;copyright&quot;:&quot;&quot;,&quot;focal_length&quot;:&quot;0&quot;,&quot;iso&quot;:&quot;0&quot;,&quot;shutter_speed&quot;:&quot;0&quot;,&quot;title&quot;:&quot;&quot;}\" data-image-title=\"Anaza 04\" data-image-description=\"\" data-medium-file=\"http:\/\/desireemartinphoto.com\/blog\/wp-content\/uploads\/2014\/10\/Anaza-04-272x300.jpg\" data-large-file=\"http:\/\/desireemartinphoto.com\/blog\/wp-content\/uploads\/2014\/10\/Anaza-04.jpg\" loading=\"lazy\" class=\"alignleft size-full wp-image-3649\" src=\"http:\/\/desireemartinphoto.com\/blog\/wp-content\/uploads\/2014\/10\/Anaza-04.jpg\" alt=\"Anaza 04\" width=\"550\" height=\"606\" srcset=\"http:\/\/desireemartinphoto.com\/blog\/wp-content\/uploads\/2014\/10\/Anaza-04.jpg 550w, http:\/\/desireemartinphoto.com\/blog\/wp-content\/uploads\/2014\/10\/Anaza-04-272x300.jpg 272w\" sizes=\"(max-width: 550px) 100vw, 550px\" \/><\/p>\n<p>&nbsp;<\/p>\n<p>&nbsp;<\/p>\n<p>&nbsp;<\/p>\n<p>Recuerdo cuando nos reun\u00edamos los s\u00e1bados para limpiar las plazas y calles porque entregaron las casas sin los servicios m\u00e1s esenciales, sin agua , sin luz!&#8230; Y me paro a pensar.. estoy en medio de una obra, recuerdan que en Navidad, tras una tromba de agua se me call\u00f3 el techo, ahora estoy arregl\u00e1ndolo.. sola!! .. no hay nadie a mi alrededor, si estuviera en el barrio .. esto no ser\u00eda as\u00ed.<\/p>\n<p>&nbsp;<\/p>\n<p>&nbsp;<\/p>\n<p>No fui &#8220;carne de plaza&#8221; ni de la &#8220;esquina&#8221; pero sab\u00eda que pod\u00eda contar con ellos, payos, gitanos.. con ellos.<\/p>\n<p>All\u00ed estudi\u00e9 Biolog\u00eda, all\u00ed se fragu\u00f3 mi pasi\u00f3n por lo social, por las personas, no tengo d\u00edas en mi vida para agradecer los que vivi y aprend\u00ed en mi barrio. Mi primera asociaci\u00f3n juvenil, mis primeras peleas con el ayuntamiento, con la polic\u00eda, con las injusticias sociales.<\/p>\n<p>Y saben lo peor de todo?? Que me calle.. me calle! Escuche la mofa y solo se me arrug\u00f3 el alma y sent\u00ed verg\u00fcenza ajena.. PERO NO DIJE NADA!!! ..<\/p>\n<p>&nbsp;<\/p>\n<p><img data-attachment-id=\"3650\" data-permalink=\"http:\/\/desireemartinphoto.com\/blog\/si-soy-de-anaza-un-barrio\/anaza-05\/\" data-orig-file=\"http:\/\/desireemartinphoto.com\/blog\/wp-content\/uploads\/2014\/10\/Anaza-05.jpg\" data-orig-size=\"550,733\" data-comments-opened=\"1\" data-image-meta=\"{&quot;aperture&quot;:&quot;0&quot;,&quot;credit&quot;:&quot;&quot;,&quot;camera&quot;:&quot;&quot;,&quot;caption&quot;:&quot;&quot;,&quot;created_timestamp&quot;:&quot;0&quot;,&quot;copyright&quot;:&quot;&quot;,&quot;focal_length&quot;:&quot;0&quot;,&quot;iso&quot;:&quot;0&quot;,&quot;shutter_speed&quot;:&quot;0&quot;,&quot;title&quot;:&quot;&quot;}\" data-image-title=\"Anaza 05\" data-image-description=\"\" data-medium-file=\"http:\/\/desireemartinphoto.com\/blog\/wp-content\/uploads\/2014\/10\/Anaza-05-225x300.jpg\" data-large-file=\"http:\/\/desireemartinphoto.com\/blog\/wp-content\/uploads\/2014\/10\/Anaza-05.jpg\" loading=\"lazy\" class=\"alignleft size-full wp-image-3650\" src=\"http:\/\/desireemartinphoto.com\/blog\/wp-content\/uploads\/2014\/10\/Anaza-05.jpg\" alt=\"Anaza 05\" width=\"550\" height=\"733\" srcset=\"http:\/\/desireemartinphoto.com\/blog\/wp-content\/uploads\/2014\/10\/Anaza-05.jpg 550w, http:\/\/desireemartinphoto.com\/blog\/wp-content\/uploads\/2014\/10\/Anaza-05-225x300.jpg 225w\" sizes=\"(max-width: 550px) 100vw, 550px\" \/><\/p>\n<p>&nbsp;<\/p>\n<p>&nbsp;<\/p>\n<p>&nbsp;<\/p>\n<p>Si me acerco a mis temas, al reportaje social, como lo hago, es\u00a0porque no olvido de d\u00f3nde vengo, se qui\u00e9n soy, y puedo mirar a cara, de t\u00fa a t\u00fa, a todos mis protagonistas, sean de la &#8220;escala social&#8221; que sean.<\/p>\n<p>&nbsp;<\/p>\n<p>#soydea\u00f1aza , no lo olvides!<\/p>\n<p>&nbsp;<\/p>\n<p>&nbsp;<\/p>\n<p>&nbsp;<\/p>\n<p>&nbsp;<\/p>\n<div class=\"sharedaddy sd-sharing-enabled\"><div class=\"robots-nocontent sd-block sd-social sd-social-icon-text sd-sharing\"><h3 class=\"sd-title\">COMPARTE ESTO:<\/h3><div class=\"sd-content\"><ul><li class=\"share-facebook\"><a rel=\"nofollow noopener noreferrer\" data-shared=\"sharing-facebook-3645\" class=\"share-facebook sd-button share-icon\" href=\"http:\/\/desireemartinphoto.com\/blog\/si-soy-de-anaza-un-barrio\/?share=facebook\" target=\"_blank\" title=\"Haz clic para compartir en Facebook\"><span>Facebook<\/span><\/a><\/li><li class=\"share-twitter\"><a rel=\"nofollow noopener noreferrer\" data-shared=\"sharing-twitter-3645\" class=\"share-twitter sd-button share-icon\" href=\"http:\/\/desireemartinphoto.com\/blog\/si-soy-de-anaza-un-barrio\/?share=twitter\" target=\"_blank\" title=\"Haz clic para compartir en Twitter\"><span>Twitter<\/span><\/a><\/li><li class=\"share-email\"><a rel=\"nofollow noopener noreferrer\" data-shared=\"\" class=\"share-email sd-button share-icon\" href=\"http:\/\/desireemartinphoto.com\/blog\/si-soy-de-anaza-un-barrio\/?share=email\" target=\"_blank\" title=\"Haz clic para enviar por correo electr\u00f3nico a un amigo\"><span>Correo electr\u00f3nico<\/span><\/a><\/li><li class=\"share-linkedin\"><a rel=\"nofollow noopener noreferrer\" data-shared=\"sharing-linkedin-3645\" class=\"share-linkedin sd-button share-icon\" href=\"http:\/\/desireemartinphoto.com\/blog\/si-soy-de-anaza-un-barrio\/?share=linkedin\" target=\"_blank\" title=\"Haz clic para compartir en LinkedIn\"><span>LinkedIn<\/span><\/a><\/li><li class=\"share-tumblr\"><a rel=\"nofollow noopener noreferrer\" data-shared=\"\" class=\"share-tumblr sd-button share-icon\" href=\"http:\/\/desireemartinphoto.com\/blog\/si-soy-de-anaza-un-barrio\/?share=tumblr\" target=\"_blank\" title=\"Haz clic para compartir en Tumblr\"><span>Tumblr<\/span><\/a><\/li><li class=\"share-end\"><\/li><\/ul><\/div><\/div><\/div>","protected":false},"excerpt":{"rendered":"<p>Ayer fui un d\u00eda triste, mucho .. No empez\u00f3 f\u00e1cil, no acab\u00f3 f\u00e1cil, pero casi nunca lo es, no? &#8230;la vida, y caminas y sigues rascando al d\u00eda tu instante de felicidad.. ayer fue dif\u00edcil. No se si saben a qu\u00e9 me refiero, son de un barrio? de esos de mala fama ( por lo [&#038;hellip<\/p>\n<div class=\"sharedaddy sd-sharing-enabled\"><div class=\"robots-nocontent sd-block sd-social sd-social-icon-text sd-sharing\"><h3 class=\"sd-title\">COMPARTE ESTO:<\/h3><div class=\"sd-content\"><ul><li class=\"share-facebook\"><a rel=\"nofollow noopener noreferrer\" data-shared=\"sharing-facebook-3645\" class=\"share-facebook sd-button share-icon\" href=\"http:\/\/desireemartinphoto.com\/blog\/si-soy-de-anaza-un-barrio\/?share=facebook\" target=\"_blank\" title=\"Haz clic para compartir en Facebook\"><span>Facebook<\/span><\/a><\/li><li class=\"share-twitter\"><a rel=\"nofollow noopener noreferrer\" data-shared=\"sharing-twitter-3645\" class=\"share-twitter sd-button share-icon\" href=\"http:\/\/desireemartinphoto.com\/blog\/si-soy-de-anaza-un-barrio\/?share=twitter\" target=\"_blank\" title=\"Haz clic para compartir en Twitter\"><span>Twitter<\/span><\/a><\/li><li class=\"share-email\"><a rel=\"nofollow noopener noreferrer\" data-shared=\"\" class=\"share-email sd-button share-icon\" href=\"http:\/\/desireemartinphoto.com\/blog\/si-soy-de-anaza-un-barrio\/?share=email\" target=\"_blank\" title=\"Haz clic para enviar por correo electr\u00f3nico a un amigo\"><span>Correo electr\u00f3nico<\/span><\/a><\/li><li class=\"share-linkedin\"><a rel=\"nofollow noopener noreferrer\" data-shared=\"sharing-linkedin-3645\" class=\"share-linkedin sd-button share-icon\" href=\"http:\/\/desireemartinphoto.com\/blog\/si-soy-de-anaza-un-barrio\/?share=linkedin\" target=\"_blank\" title=\"Haz clic para compartir en LinkedIn\"><span>LinkedIn<\/span><\/a><\/li><li class=\"share-tumblr\"><a rel=\"nofollow noopener noreferrer\" data-shared=\"\" class=\"share-tumblr sd-button share-icon\" href=\"http:\/\/desireemartinphoto.com\/blog\/si-soy-de-anaza-un-barrio\/?share=tumblr\" target=\"_blank\" title=\"Haz clic para compartir en Tumblr\"><span>Tumblr<\/span><\/a><\/li><li class=\"share-end\"><\/li><\/ul><\/div><\/div><\/div>","protected":false},"author":1,"featured_media":0,"comment_status":"open","ping_status":"open","sticky":false,"template":"","format":"standard","meta":{"spay_email":""},"categories":[457],"tags":[733,734,355,735,5,6,362,482],"jetpack_featured_media_url":"","jetpack_sharing_enabled":true,"_links":{"self":[{"href":"http:\/\/desireemartinphoto.com\/blog\/wp-json\/wp\/v2\/posts\/3645"}],"collection":[{"href":"http:\/\/desireemartinphoto.com\/blog\/wp-json\/wp\/v2\/posts"}],"about":[{"href":"http:\/\/desireemartinphoto.com\/blog\/wp-json\/wp\/v2\/types\/post"}],"author":[{"embeddable":true,"href":"http:\/\/desireemartinphoto.com\/blog\/wp-json\/wp\/v2\/users\/1"}],"replies":[{"embeddable":true,"href":"http:\/\/desireemartinphoto.com\/blog\/wp-json\/wp\/v2\/comments?post=3645"}],"version-history":[{"count":9,"href":"http:\/\/desireemartinphoto.com\/blog\/wp-json\/wp\/v2\/posts\/3645\/revisions"}],"predecessor-version":[{"id":3660,"href":"http:\/\/desireemartinphoto.com\/blog\/wp-json\/wp\/v2\/posts\/3645\/revisions\/3660"}],"wp:attachment":[{"href":"http:\/\/desireemartinphoto.com\/blog\/wp-json\/wp\/v2\/media?parent=3645"}],"wp:term":[{"taxonomy":"category","embeddable":true,"href":"http:\/\/desireemartinphoto.com\/blog\/wp-json\/wp\/v2\/categories?post=3645"},{"taxonomy":"post_tag","embeddable":true,"href":"http:\/\/desireemartinphoto.com\/blog\/wp-json\/wp\/v2\/tags?post=3645"}],"curies":[{"name":"wp","href":"https:\/\/api.w.org\/{rel}","templated":true}]}}