{"id":3597,"date":"2014-09-05T11:17:31","date_gmt":"2014-09-05T11:17:31","guid":{"rendered":"http:\/\/desireemartinphoto.com\/blog\/?p=3597"},"modified":"2014-09-05T11:21:02","modified_gmt":"2014-09-05T11:21:02","slug":"verbena-de-la-pamela-tejina-2014","status":"publish","type":"post","link":"http:\/\/desireemartinphoto.com\/blog\/verbena-de-la-pamela-tejina-2014\/","title":{"rendered":"Verbena de la PAMELA Tejina 2014"},"content":{"rendered":"<p>A toda prisa, corre que te corre, llegando de otro reportaje de La Palma, y sin dormir pr\u00e1cticamente me plant\u00e9 en la Verbena de la Pamela de las fiestas de Tejina 2014.<\/p>\n<p>Llam\u00e9 a todo amigo y conocido que tenia de la zona o que alguna vez hubieran ido, y me temo que con tanta jarana y alcohol por medio no me supieron dar una hora adecuada a la que estar all\u00ed, si me aclararon que aparcar era el infierno &#8230;en el programa pon\u00eda a las 14 horas y &#8230;eso unido a<\/p>\n<p>PAMELAS hechas por uno mismo + vaso de ron en la mano = NO DURAR\u00cdAN UN ASALTO EN CONDICIONES DE SER RETRATADAS..<\/p>\n<p>13.30, aparcada, lej\u00edsimos.<\/p>\n<p><img data-attachment-id=\"3598\" data-permalink=\"http:\/\/desireemartinphoto.com\/blog\/verbena-de-la-pamela-tejina-2014\/verbena-pamela-2014-01\/\" data-orig-file=\"http:\/\/desireemartinphoto.com\/blog\/wp-content\/uploads\/2014\/09\/Verbena-Pamela-2014-01.jpg\" data-orig-size=\"550,602\" data-comments-opened=\"1\" data-image-meta=\"{&quot;aperture&quot;:&quot;0&quot;,&quot;credit&quot;:&quot;&quot;,&quot;camera&quot;:&quot;&quot;,&quot;caption&quot;:&quot;&quot;,&quot;created_timestamp&quot;:&quot;1409911028&quot;,&quot;copyright&quot;:&quot;&quot;,&quot;focal_length&quot;:&quot;0&quot;,&quot;iso&quot;:&quot;0&quot;,&quot;shutter_speed&quot;:&quot;0&quot;,&quot;title&quot;:&quot;&quot;,&quot;orientation&quot;:&quot;1&quot;}\" data-image-title=\"Verbena Pamela 2014 01\" data-image-description=\"\" data-medium-file=\"http:\/\/desireemartinphoto.com\/blog\/wp-content\/uploads\/2014\/09\/Verbena-Pamela-2014-01-274x300.jpg\" data-large-file=\"http:\/\/desireemartinphoto.com\/blog\/wp-content\/uploads\/2014\/09\/Verbena-Pamela-2014-01.jpg\" loading=\"lazy\" class=\"alignleft size-full wp-image-3598\" src=\"http:\/\/desireemartinphoto.com\/blog\/wp-content\/uploads\/2014\/09\/Verbena-Pamela-2014-01.jpg\" alt=\"Verbena Pamela 2014 01\" width=\"550\" height=\"602\" srcset=\"http:\/\/desireemartinphoto.com\/blog\/wp-content\/uploads\/2014\/09\/Verbena-Pamela-2014-01.jpg 550w, http:\/\/desireemartinphoto.com\/blog\/wp-content\/uploads\/2014\/09\/Verbena-Pamela-2014-01-274x300.jpg 274w\" sizes=\"(max-width: 550px) 100vw, 550px\" \/><\/p>\n<p><img data-attachment-id=\"3601\" data-permalink=\"http:\/\/desireemartinphoto.com\/blog\/verbena-de-la-pamela-tejina-2014\/spain-feast-pamela\/\" data-orig-file=\"http:\/\/desireemartinphoto.com\/blog\/wp-content\/uploads\/2014\/09\/Verbena-Pamela-2014-02.jpg\" data-orig-size=\"550,463\" data-comments-opened=\"1\" data-image-meta=\"{&quot;aperture&quot;:&quot;0&quot;,&quot;credit&quot;:&quot;DESIREE MARTIN&quot;,&quot;camera&quot;:&quot;&quot;,&quot;caption&quot;:&quot;People pose during the Feast of pamela Tejina village. Each attendee pamela to exhibit their own during this holiday is. During this festival giants Hearts of fruit and flowers in honor of San Bartolom\\u00e9 are made, on the Spanish Canary island of TENERIFE on August 25, 2014. AFP PHOTO \\\/ DESIREE MARTIN&quot;,&quot;created_timestamp&quot;:&quot;1408985668&quot;,&quot;copyright&quot;:&quot;ImageForum&quot;,&quot;focal_length&quot;:&quot;0&quot;,&quot;iso&quot;:&quot;0&quot;,&quot;shutter_speed&quot;:&quot;0&quot;,&quot;title&quot;:&quot;SPAIN-FEAST-PAMELA&quot;}\" data-image-title=\"SPAIN-FEAST-PAMELA\" data-image-description=\"&lt;p&gt;People pose during the Feast of pamela Tejina village. Each attendee pamela to exhibit their own during this holiday is. During this festival giants Hearts of fruit and flowers in honor of San Bartolom\u00e9 are made, on the Spanish Canary island of TENERIFE on August 25, 2014. AFP PHOTO \/ DESIREE MARTIN&lt;\/p&gt;\n\" data-medium-file=\"http:\/\/desireemartinphoto.com\/blog\/wp-content\/uploads\/2014\/09\/Verbena-Pamela-2014-02-300x252.jpg\" data-large-file=\"http:\/\/desireemartinphoto.com\/blog\/wp-content\/uploads\/2014\/09\/Verbena-Pamela-2014-02.jpg\" loading=\"lazy\" class=\"alignleft size-full wp-image-3601\" src=\"http:\/\/desireemartinphoto.com\/blog\/wp-content\/uploads\/2014\/09\/Verbena-Pamela-2014-02.jpg\" alt=\"SPAIN-FEAST-PAMELA\" width=\"550\" height=\"463\" srcset=\"http:\/\/desireemartinphoto.com\/blog\/wp-content\/uploads\/2014\/09\/Verbena-Pamela-2014-02.jpg 550w, http:\/\/desireemartinphoto.com\/blog\/wp-content\/uploads\/2014\/09\/Verbena-Pamela-2014-02-300x252.jpg 300w\" sizes=\"(max-width: 550px) 100vw, 550px\" \/><\/p>\n<p>Los tejineros sacaron este lunes todo su humor a la calle en forma de pamelas para celebrar uno de los actos m\u00e1s divertidos de sus fiestas, la Verbena de la Pamela. La cantidad de p\u00fablico que congrega a\u00f1o tras a\u00f1o parece que va en aumento y con ello alg\u00fan que otro conflicto, pero lo m\u00e1s interesante es que se ha recuperado una tradici\u00f3n &#8220;antigua&#8221;.<\/p>\n<p>\u00bf Cu\u00e1nto ? No lo s\u00e9!! No he logrado encontrar informaci\u00f3n al respecto.<\/p>\n<p>Se que lleva unos 12\/13 a\u00f1os celebr\u00e1ndose de nuevo y &#8230;porco m\u00e1s.<\/p>\n<p>Si alguien puede aportarme m\u00e1s informaci\u00f3n, GENIAL!!!<\/p>\n<p><img data-attachment-id=\"3599\" data-permalink=\"http:\/\/desireemartinphoto.com\/blog\/verbena-de-la-pamela-tejina-2014\/verbena-pamela-2014-03\/\" data-orig-file=\"http:\/\/desireemartinphoto.com\/blog\/wp-content\/uploads\/2014\/09\/Verbena-Pamela-2014-03.jpg\" data-orig-size=\"550,554\" data-comments-opened=\"1\" data-image-meta=\"{&quot;aperture&quot;:&quot;0&quot;,&quot;credit&quot;:&quot;&quot;,&quot;camera&quot;:&quot;&quot;,&quot;caption&quot;:&quot;&quot;,&quot;created_timestamp&quot;:&quot;1409911082&quot;,&quot;copyright&quot;:&quot;&quot;,&quot;focal_length&quot;:&quot;0&quot;,&quot;iso&quot;:&quot;0&quot;,&quot;shutter_speed&quot;:&quot;0&quot;,&quot;title&quot;:&quot;&quot;}\" data-image-title=\"Verbena Pamela 2014 03\" data-image-description=\"\" data-medium-file=\"http:\/\/desireemartinphoto.com\/blog\/wp-content\/uploads\/2014\/09\/Verbena-Pamela-2014-03-297x300.jpg\" data-large-file=\"http:\/\/desireemartinphoto.com\/blog\/wp-content\/uploads\/2014\/09\/Verbena-Pamela-2014-03.jpg\" loading=\"lazy\" class=\"alignleft size-full wp-image-3599\" src=\"http:\/\/desireemartinphoto.com\/blog\/wp-content\/uploads\/2014\/09\/Verbena-Pamela-2014-03.jpg\" alt=\"Verbena Pamela 2014 03\" width=\"550\" height=\"554\" srcset=\"http:\/\/desireemartinphoto.com\/blog\/wp-content\/uploads\/2014\/09\/Verbena-Pamela-2014-03.jpg 550w, http:\/\/desireemartinphoto.com\/blog\/wp-content\/uploads\/2014\/09\/Verbena-Pamela-2014-03-150x150.jpg 150w, http:\/\/desireemartinphoto.com\/blog\/wp-content\/uploads\/2014\/09\/Verbena-Pamela-2014-03-297x300.jpg 297w\" sizes=\"(max-width: 550px) 100vw, 550px\" \/><\/p>\n<p><img data-attachment-id=\"3600\" data-permalink=\"http:\/\/desireemartinphoto.com\/blog\/verbena-de-la-pamela-tejina-2014\/verbena-pamela-2014-04\/\" data-orig-file=\"http:\/\/desireemartinphoto.com\/blog\/wp-content\/uploads\/2014\/09\/Verbena-Pamela-2014-04.jpg\" data-orig-size=\"550,638\" data-comments-opened=\"1\" data-image-meta=\"{&quot;aperture&quot;:&quot;0&quot;,&quot;credit&quot;:&quot;&quot;,&quot;camera&quot;:&quot;&quot;,&quot;caption&quot;:&quot;&quot;,&quot;created_timestamp&quot;:&quot;1409911088&quot;,&quot;copyright&quot;:&quot;&quot;,&quot;focal_length&quot;:&quot;0&quot;,&quot;iso&quot;:&quot;0&quot;,&quot;shutter_speed&quot;:&quot;0&quot;,&quot;title&quot;:&quot;&quot;}\" data-image-title=\"Verbena Pamela 2014 04\" data-image-description=\"\" data-medium-file=\"http:\/\/desireemartinphoto.com\/blog\/wp-content\/uploads\/2014\/09\/Verbena-Pamela-2014-04-258x300.jpg\" data-large-file=\"http:\/\/desireemartinphoto.com\/blog\/wp-content\/uploads\/2014\/09\/Verbena-Pamela-2014-04.jpg\" loading=\"lazy\" class=\"alignleft size-full wp-image-3600\" src=\"http:\/\/desireemartinphoto.com\/blog\/wp-content\/uploads\/2014\/09\/Verbena-Pamela-2014-04.jpg\" alt=\"Verbena Pamela 2014 04\" width=\"550\" height=\"638\" srcset=\"http:\/\/desireemartinphoto.com\/blog\/wp-content\/uploads\/2014\/09\/Verbena-Pamela-2014-04.jpg 550w, http:\/\/desireemartinphoto.com\/blog\/wp-content\/uploads\/2014\/09\/Verbena-Pamela-2014-04-258x300.jpg 258w\" sizes=\"(max-width: 550px) 100vw, 550px\" \/><\/p>\n<p><img data-attachment-id=\"3602\" data-permalink=\"http:\/\/desireemartinphoto.com\/blog\/verbena-de-la-pamela-tejina-2014\/spain-feast-pamela-2\/\" data-orig-file=\"http:\/\/desireemartinphoto.com\/blog\/wp-content\/uploads\/2014\/09\/Verbena-Pamela-2014-05.jpg\" data-orig-size=\"550,325\" data-comments-opened=\"1\" data-image-meta=\"{&quot;aperture&quot;:&quot;0&quot;,&quot;credit&quot;:&quot;DESIREE MARTIN&quot;,&quot;camera&quot;:&quot;&quot;,&quot;caption&quot;:&quot;People pose during the Feast of pamela Tejina village. Each attendee pamela to exhibit their own during this holiday is. During this festival giants Hearts of fruit and flowers in honor of San Bartolom\\u00e9 are made, on the Spanish Canary island of TENERIFE on August 25, 2014. AFP PHOTO \\\/ DESIREE MARTIN&quot;,&quot;created_timestamp&quot;:&quot;1408985724&quot;,&quot;copyright&quot;:&quot;ImageForum&quot;,&quot;focal_length&quot;:&quot;0&quot;,&quot;iso&quot;:&quot;0&quot;,&quot;shutter_speed&quot;:&quot;0&quot;,&quot;title&quot;:&quot;SPAIN-FEAST-PAMELA&quot;}\" data-image-title=\"SPAIN-FEAST-PAMELA\" data-image-description=\"&lt;p&gt;People pose during the Feast of pamela Tejina village. Each attendee pamela to exhibit their own during this holiday is. During this festival giants Hearts of fruit and flowers in honor of San Bartolom\u00e9 are made, on the Spanish Canary island of TENERIFE on August 25, 2014. AFP PHOTO \/ DESIREE MARTIN&lt;\/p&gt;\n\" data-medium-file=\"http:\/\/desireemartinphoto.com\/blog\/wp-content\/uploads\/2014\/09\/Verbena-Pamela-2014-05-300x177.jpg\" data-large-file=\"http:\/\/desireemartinphoto.com\/blog\/wp-content\/uploads\/2014\/09\/Verbena-Pamela-2014-05.jpg\" loading=\"lazy\" class=\"alignleft size-full wp-image-3602\" src=\"http:\/\/desireemartinphoto.com\/blog\/wp-content\/uploads\/2014\/09\/Verbena-Pamela-2014-05.jpg\" alt=\"SPAIN-FEAST-PAMELA\" width=\"550\" height=\"325\" srcset=\"http:\/\/desireemartinphoto.com\/blog\/wp-content\/uploads\/2014\/09\/Verbena-Pamela-2014-05.jpg 550w, http:\/\/desireemartinphoto.com\/blog\/wp-content\/uploads\/2014\/09\/Verbena-Pamela-2014-05-300x177.jpg 300w\" sizes=\"(max-width: 550px) 100vw, 550px\" \/><\/p>\n<p><img data-attachment-id=\"3603\" data-permalink=\"http:\/\/desireemartinphoto.com\/blog\/verbena-de-la-pamela-tejina-2014\/verbena-pamela-2014-06\/\" data-orig-file=\"http:\/\/desireemartinphoto.com\/blog\/wp-content\/uploads\/2014\/09\/Verbena-Pamela-2014-06.jpg\" data-orig-size=\"550,449\" data-comments-opened=\"1\" data-image-meta=\"{&quot;aperture&quot;:&quot;0&quot;,&quot;credit&quot;:&quot;&quot;,&quot;camera&quot;:&quot;&quot;,&quot;caption&quot;:&quot;&quot;,&quot;created_timestamp&quot;:&quot;1409911093&quot;,&quot;copyright&quot;:&quot;&quot;,&quot;focal_length&quot;:&quot;0&quot;,&quot;iso&quot;:&quot;0&quot;,&quot;shutter_speed&quot;:&quot;0&quot;,&quot;title&quot;:&quot;&quot;}\" data-image-title=\"Verbena Pamela 2014 06\" data-image-description=\"\" data-medium-file=\"http:\/\/desireemartinphoto.com\/blog\/wp-content\/uploads\/2014\/09\/Verbena-Pamela-2014-06-300x244.jpg\" data-large-file=\"http:\/\/desireemartinphoto.com\/blog\/wp-content\/uploads\/2014\/09\/Verbena-Pamela-2014-06.jpg\" loading=\"lazy\" class=\"alignleft size-full wp-image-3603\" src=\"http:\/\/desireemartinphoto.com\/blog\/wp-content\/uploads\/2014\/09\/Verbena-Pamela-2014-06.jpg\" alt=\"Verbena Pamela 2014 06\" width=\"550\" height=\"449\" srcset=\"http:\/\/desireemartinphoto.com\/blog\/wp-content\/uploads\/2014\/09\/Verbena-Pamela-2014-06.jpg 550w, http:\/\/desireemartinphoto.com\/blog\/wp-content\/uploads\/2014\/09\/Verbena-Pamela-2014-06-300x244.jpg 300w\" sizes=\"(max-width: 550px) 100vw, 550px\" \/><\/p>\n<p><img data-attachment-id=\"3604\" data-permalink=\"http:\/\/desireemartinphoto.com\/blog\/verbena-de-la-pamela-tejina-2014\/verbena-pamela-2014-07\/\" data-orig-file=\"http:\/\/desireemartinphoto.com\/blog\/wp-content\/uploads\/2014\/09\/Verbena-Pamela-2014-07.jpg\" data-orig-size=\"550,558\" data-comments-opened=\"1\" data-image-meta=\"{&quot;aperture&quot;:&quot;0&quot;,&quot;credit&quot;:&quot;&quot;,&quot;camera&quot;:&quot;&quot;,&quot;caption&quot;:&quot;&quot;,&quot;created_timestamp&quot;:&quot;1409911105&quot;,&quot;copyright&quot;:&quot;&quot;,&quot;focal_length&quot;:&quot;0&quot;,&quot;iso&quot;:&quot;0&quot;,&quot;shutter_speed&quot;:&quot;0&quot;,&quot;title&quot;:&quot;&quot;}\" data-image-title=\"Verbena Pamela 2014 07\" data-image-description=\"\" data-medium-file=\"http:\/\/desireemartinphoto.com\/blog\/wp-content\/uploads\/2014\/09\/Verbena-Pamela-2014-07-295x300.jpg\" data-large-file=\"http:\/\/desireemartinphoto.com\/blog\/wp-content\/uploads\/2014\/09\/Verbena-Pamela-2014-07.jpg\" loading=\"lazy\" class=\"alignleft size-full wp-image-3604\" src=\"http:\/\/desireemartinphoto.com\/blog\/wp-content\/uploads\/2014\/09\/Verbena-Pamela-2014-07.jpg\" alt=\"Verbena Pamela 2014 07\" width=\"550\" height=\"558\" srcset=\"http:\/\/desireemartinphoto.com\/blog\/wp-content\/uploads\/2014\/09\/Verbena-Pamela-2014-07.jpg 550w, http:\/\/desireemartinphoto.com\/blog\/wp-content\/uploads\/2014\/09\/Verbena-Pamela-2014-07-295x300.jpg 295w\" sizes=\"(max-width: 550px) 100vw, 550px\" \/> <img data-attachment-id=\"3605\" data-permalink=\"http:\/\/desireemartinphoto.com\/blog\/verbena-de-la-pamela-tejina-2014\/verbena-pamela-2014-08\/\" data-orig-file=\"http:\/\/desireemartinphoto.com\/blog\/wp-content\/uploads\/2014\/09\/Verbena-Pamela-2014-08.jpg\" data-orig-size=\"550,367\" data-comments-opened=\"1\" data-image-meta=\"{&quot;aperture&quot;:&quot;0&quot;,&quot;credit&quot;:&quot;&quot;,&quot;camera&quot;:&quot;&quot;,&quot;caption&quot;:&quot;&quot;,&quot;created_timestamp&quot;:&quot;1409911047&quot;,&quot;copyright&quot;:&quot;&quot;,&quot;focal_length&quot;:&quot;0&quot;,&quot;iso&quot;:&quot;0&quot;,&quot;shutter_speed&quot;:&quot;0&quot;,&quot;title&quot;:&quot;&quot;}\" data-image-title=\"Verbena Pamela 2014 08\" data-image-description=\"\" data-medium-file=\"http:\/\/desireemartinphoto.com\/blog\/wp-content\/uploads\/2014\/09\/Verbena-Pamela-2014-08-300x200.jpg\" data-large-file=\"http:\/\/desireemartinphoto.com\/blog\/wp-content\/uploads\/2014\/09\/Verbena-Pamela-2014-08.jpg\" loading=\"lazy\" class=\"alignleft size-full wp-image-3605\" src=\"http:\/\/desireemartinphoto.com\/blog\/wp-content\/uploads\/2014\/09\/Verbena-Pamela-2014-08.jpg\" alt=\"Verbena Pamela 2014 08\" width=\"550\" height=\"367\" srcset=\"http:\/\/desireemartinphoto.com\/blog\/wp-content\/uploads\/2014\/09\/Verbena-Pamela-2014-08.jpg 550w, http:\/\/desireemartinphoto.com\/blog\/wp-content\/uploads\/2014\/09\/Verbena-Pamela-2014-08-300x200.jpg 300w\" sizes=\"(max-width: 550px) 100vw, 550px\" \/> <img data-attachment-id=\"3606\" data-permalink=\"http:\/\/desireemartinphoto.com\/blog\/verbena-de-la-pamela-tejina-2014\/verbena-pamela-2014-09\/\" data-orig-file=\"http:\/\/desireemartinphoto.com\/blog\/wp-content\/uploads\/2014\/09\/Verbena-Pamela-2014-09.jpg\" data-orig-size=\"550,314\" data-comments-opened=\"1\" data-image-meta=\"{&quot;aperture&quot;:&quot;0&quot;,&quot;credit&quot;:&quot;&quot;,&quot;camera&quot;:&quot;&quot;,&quot;caption&quot;:&quot;&quot;,&quot;created_timestamp&quot;:&quot;1409911055&quot;,&quot;copyright&quot;:&quot;&quot;,&quot;focal_length&quot;:&quot;0&quot;,&quot;iso&quot;:&quot;0&quot;,&quot;shutter_speed&quot;:&quot;0&quot;,&quot;title&quot;:&quot;&quot;}\" data-image-title=\"Verbena Pamela 2014 09\" data-image-description=\"\" data-medium-file=\"http:\/\/desireemartinphoto.com\/blog\/wp-content\/uploads\/2014\/09\/Verbena-Pamela-2014-09-300x171.jpg\" data-large-file=\"http:\/\/desireemartinphoto.com\/blog\/wp-content\/uploads\/2014\/09\/Verbena-Pamela-2014-09.jpg\" loading=\"lazy\" class=\"alignleft size-full wp-image-3606\" src=\"http:\/\/desireemartinphoto.com\/blog\/wp-content\/uploads\/2014\/09\/Verbena-Pamela-2014-09.jpg\" alt=\"Verbena Pamela 2014 09\" width=\"550\" height=\"314\" srcset=\"http:\/\/desireemartinphoto.com\/blog\/wp-content\/uploads\/2014\/09\/Verbena-Pamela-2014-09.jpg 550w, http:\/\/desireemartinphoto.com\/blog\/wp-content\/uploads\/2014\/09\/Verbena-Pamela-2014-09-300x171.jpg 300w\" sizes=\"(max-width: 550px) 100vw, 550px\" \/> <img data-attachment-id=\"3607\" data-permalink=\"http:\/\/desireemartinphoto.com\/blog\/verbena-de-la-pamela-tejina-2014\/spain-feast-pamela-3\/\" data-orig-file=\"http:\/\/desireemartinphoto.com\/blog\/wp-content\/uploads\/2014\/09\/Verbena-Pamela-2014-10.jpg\" data-orig-size=\"550,825\" data-comments-opened=\"1\" data-image-meta=\"{&quot;aperture&quot;:&quot;0&quot;,&quot;credit&quot;:&quot;DESIREE MARTIN&quot;,&quot;camera&quot;:&quot;&quot;,&quot;caption&quot;:&quot;People pose during the Feast of pamela Tejina village. Each attendee pamela to exhibit their own during this holiday is. During this festival giants Hearts of fruit and flowers in honor of San Bartolom\\u00e9 are made, on the Spanish Canary island of TENERIFE on August 25, 2014. AFP PHOTO \\\/ DESIREE MARTIN&quot;,&quot;created_timestamp&quot;:&quot;1408985674&quot;,&quot;copyright&quot;:&quot;ImageForum&quot;,&quot;focal_length&quot;:&quot;0&quot;,&quot;iso&quot;:&quot;0&quot;,&quot;shutter_speed&quot;:&quot;0&quot;,&quot;title&quot;:&quot;SPAIN-FEAST-PAMELA&quot;}\" data-image-title=\"SPAIN-FEAST-PAMELA\" data-image-description=\"&lt;p&gt;People pose during the Feast of pamela Tejina village. Each attendee pamela to exhibit their own during this holiday is. During this festival giants Hearts of fruit and flowers in honor of San Bartolom\u00e9 are made, on the Spanish Canary island of TENERIFE on August 25, 2014. AFP PHOTO \/ DESIREE MARTIN&lt;\/p&gt;\n\" data-medium-file=\"http:\/\/desireemartinphoto.com\/blog\/wp-content\/uploads\/2014\/09\/Verbena-Pamela-2014-10-200x300.jpg\" data-large-file=\"http:\/\/desireemartinphoto.com\/blog\/wp-content\/uploads\/2014\/09\/Verbena-Pamela-2014-10.jpg\" loading=\"lazy\" class=\"alignleft size-full wp-image-3607\" src=\"http:\/\/desireemartinphoto.com\/blog\/wp-content\/uploads\/2014\/09\/Verbena-Pamela-2014-10.jpg\" alt=\"SPAIN-FEAST-PAMELA\" width=\"550\" height=\"825\" srcset=\"http:\/\/desireemartinphoto.com\/blog\/wp-content\/uploads\/2014\/09\/Verbena-Pamela-2014-10.jpg 550w, http:\/\/desireemartinphoto.com\/blog\/wp-content\/uploads\/2014\/09\/Verbena-Pamela-2014-10-200x300.jpg 200w\" sizes=\"(max-width: 550px) 100vw, 550px\" \/> <img data-attachment-id=\"3608\" data-permalink=\"http:\/\/desireemartinphoto.com\/blog\/verbena-de-la-pamela-tejina-2014\/spain-feast-pamela-4\/\" data-orig-file=\"http:\/\/desireemartinphoto.com\/blog\/wp-content\/uploads\/2014\/09\/Verbena-Pamela-2014-11.jpg\" data-orig-size=\"550,466\" data-comments-opened=\"1\" data-image-meta=\"{&quot;aperture&quot;:&quot;0&quot;,&quot;credit&quot;:&quot;DESIREE MARTIN&quot;,&quot;camera&quot;:&quot;&quot;,&quot;caption&quot;:&quot;People pose during the Feast of pamela Tejina village. Each attendee pamela to exhibit their own during this holiday is. During this festival giants Hearts of fruit and flowers in honor of San Bartolom\\u00e9 are made, on the Spanish Canary island of TENERIFE on August 25, 2014. AFP PHOTO \\\/ DESIREE MARTIN&quot;,&quot;created_timestamp&quot;:&quot;1408985689&quot;,&quot;copyright&quot;:&quot;ImageForum&quot;,&quot;focal_length&quot;:&quot;0&quot;,&quot;iso&quot;:&quot;0&quot;,&quot;shutter_speed&quot;:&quot;0&quot;,&quot;title&quot;:&quot;SPAIN-FEAST-PAMELA&quot;}\" data-image-title=\"SPAIN-FEAST-PAMELA\" data-image-description=\"&lt;p&gt;People pose during the Feast of pamela Tejina village. Each attendee pamela to exhibit their own during this holiday is. During this festival giants Hearts of fruit and flowers in honor of San Bartolom\u00e9 are made, on the Spanish Canary island of TENERIFE on August 25, 2014. AFP PHOTO \/ DESIREE MARTIN&lt;\/p&gt;\n\" data-medium-file=\"http:\/\/desireemartinphoto.com\/blog\/wp-content\/uploads\/2014\/09\/Verbena-Pamela-2014-11-300x254.jpg\" data-large-file=\"http:\/\/desireemartinphoto.com\/blog\/wp-content\/uploads\/2014\/09\/Verbena-Pamela-2014-11.jpg\" loading=\"lazy\" class=\"alignleft size-full wp-image-3608\" src=\"http:\/\/desireemartinphoto.com\/blog\/wp-content\/uploads\/2014\/09\/Verbena-Pamela-2014-11.jpg\" alt=\"SPAIN-FEAST-PAMELA\" width=\"550\" height=\"466\" srcset=\"http:\/\/desireemartinphoto.com\/blog\/wp-content\/uploads\/2014\/09\/Verbena-Pamela-2014-11.jpg 550w, http:\/\/desireemartinphoto.com\/blog\/wp-content\/uploads\/2014\/09\/Verbena-Pamela-2014-11-300x254.jpg 300w\" sizes=\"(max-width: 550px) 100vw, 550px\" \/> <img data-attachment-id=\"3609\" data-permalink=\"http:\/\/desireemartinphoto.com\/blog\/verbena-de-la-pamela-tejina-2014\/spain-feast-pamela-5\/\" data-orig-file=\"http:\/\/desireemartinphoto.com\/blog\/wp-content\/uploads\/2014\/09\/Verbena-Pamela-2014-12.jpg\" data-orig-size=\"550,399\" data-comments-opened=\"1\" data-image-meta=\"{&quot;aperture&quot;:&quot;0&quot;,&quot;credit&quot;:&quot;DESIREE MARTIN&quot;,&quot;camera&quot;:&quot;&quot;,&quot;caption&quot;:&quot;People pose during the Feast of pamela Tejina village. Each attendee pamela to exhibit their own during this holiday is. During this festival giants Hearts of fruit and flowers in honor of San Bartolom\\u00e9 are made, on the Spanish Canary island of TENERIFE on August 25, 2014. AFP PHOTO \\\/ DESIREE MARTIN&quot;,&quot;created_timestamp&quot;:&quot;1408985696&quot;,&quot;copyright&quot;:&quot;ImageForum&quot;,&quot;focal_length&quot;:&quot;0&quot;,&quot;iso&quot;:&quot;0&quot;,&quot;shutter_speed&quot;:&quot;0&quot;,&quot;title&quot;:&quot;SPAIN-FEAST-PAMELA&quot;}\" data-image-title=\"SPAIN-FEAST-PAMELA\" data-image-description=\"&lt;p&gt;People pose during the Feast of pamela Tejina village. Each attendee pamela to exhibit their own during this holiday is. During this festival giants Hearts of fruit and flowers in honor of San Bartolom\u00e9 are made, on the Spanish Canary island of TENERIFE on August 25, 2014. AFP PHOTO \/ DESIREE MARTIN&lt;\/p&gt;\n\" data-medium-file=\"http:\/\/desireemartinphoto.com\/blog\/wp-content\/uploads\/2014\/09\/Verbena-Pamela-2014-12-300x217.jpg\" data-large-file=\"http:\/\/desireemartinphoto.com\/blog\/wp-content\/uploads\/2014\/09\/Verbena-Pamela-2014-12.jpg\" loading=\"lazy\" class=\"alignleft size-full wp-image-3609\" src=\"http:\/\/desireemartinphoto.com\/blog\/wp-content\/uploads\/2014\/09\/Verbena-Pamela-2014-12.jpg\" alt=\"SPAIN-FEAST-PAMELA\" width=\"550\" height=\"399\" srcset=\"http:\/\/desireemartinphoto.com\/blog\/wp-content\/uploads\/2014\/09\/Verbena-Pamela-2014-12.jpg 550w, http:\/\/desireemartinphoto.com\/blog\/wp-content\/uploads\/2014\/09\/Verbena-Pamela-2014-12-300x217.jpg 300w\" sizes=\"(max-width: 550px) 100vw, 550px\" \/> <img data-attachment-id=\"3610\" data-permalink=\"http:\/\/desireemartinphoto.com\/blog\/verbena-de-la-pamela-tejina-2014\/verbena-pamela-2014-13\/\" data-orig-file=\"http:\/\/desireemartinphoto.com\/blog\/wp-content\/uploads\/2014\/09\/Verbena-Pamela-2014-13.jpg\" data-orig-size=\"550,281\" data-comments-opened=\"1\" data-image-meta=\"{&quot;aperture&quot;:&quot;0&quot;,&quot;credit&quot;:&quot;&quot;,&quot;camera&quot;:&quot;&quot;,&quot;caption&quot;:&quot;&quot;,&quot;created_timestamp&quot;:&quot;1409911061&quot;,&quot;copyright&quot;:&quot;&quot;,&quot;focal_length&quot;:&quot;0&quot;,&quot;iso&quot;:&quot;0&quot;,&quot;shutter_speed&quot;:&quot;0&quot;,&quot;title&quot;:&quot;&quot;}\" data-image-title=\"Verbena Pamela 2014 13\" data-image-description=\"\" data-medium-file=\"http:\/\/desireemartinphoto.com\/blog\/wp-content\/uploads\/2014\/09\/Verbena-Pamela-2014-13-300x153.jpg\" data-large-file=\"http:\/\/desireemartinphoto.com\/blog\/wp-content\/uploads\/2014\/09\/Verbena-Pamela-2014-13.jpg\" loading=\"lazy\" class=\"alignleft size-full wp-image-3610\" src=\"http:\/\/desireemartinphoto.com\/blog\/wp-content\/uploads\/2014\/09\/Verbena-Pamela-2014-13.jpg\" alt=\"Verbena Pamela 2014 13\" width=\"550\" height=\"281\" srcset=\"http:\/\/desireemartinphoto.com\/blog\/wp-content\/uploads\/2014\/09\/Verbena-Pamela-2014-13.jpg 550w, http:\/\/desireemartinphoto.com\/blog\/wp-content\/uploads\/2014\/09\/Verbena-Pamela-2014-13-300x153.jpg 300w\" sizes=\"(max-width: 550px) 100vw, 550px\" \/> <img data-attachment-id=\"3611\" data-permalink=\"http:\/\/desireemartinphoto.com\/blog\/verbena-de-la-pamela-tejina-2014\/spain-feast-pamela-6\/\" data-orig-file=\"http:\/\/desireemartinphoto.com\/blog\/wp-content\/uploads\/2014\/09\/Verbena-Pamela-2014-14.jpg\" data-orig-size=\"550,735\" data-comments-opened=\"1\" data-image-meta=\"{&quot;aperture&quot;:&quot;0&quot;,&quot;credit&quot;:&quot;DESIREE MARTIN&quot;,&quot;camera&quot;:&quot;&quot;,&quot;caption&quot;:&quot;People pose during the Feast of pamela Tejina village. Each attendee pamela to exhibit their own during this holiday is. During this festival giants Hearts of fruit and flowers in honor of San Bartolom\\u00e9 are made, on the Spanish Canary island of TENERIFE on August 25, 2014. AFP PHOTO \\\/ DESIREE MARTIN&quot;,&quot;created_timestamp&quot;:&quot;1408985731&quot;,&quot;copyright&quot;:&quot;ImageForum&quot;,&quot;focal_length&quot;:&quot;0&quot;,&quot;iso&quot;:&quot;0&quot;,&quot;shutter_speed&quot;:&quot;0&quot;,&quot;title&quot;:&quot;SPAIN-FEAST-PAMELA&quot;}\" data-image-title=\"SPAIN-FEAST-PAMELA\" data-image-description=\"&lt;p&gt;People pose during the Feast of pamela Tejina village. Each attendee pamela to exhibit their own during this holiday is. During this festival giants Hearts of fruit and flowers in honor of San Bartolom\u00e9 are made, on the Spanish Canary island of TENERIFE on August 25, 2014. AFP PHOTO \/ DESIREE MARTIN&lt;\/p&gt;\n\" data-medium-file=\"http:\/\/desireemartinphoto.com\/blog\/wp-content\/uploads\/2014\/09\/Verbena-Pamela-2014-14-224x300.jpg\" data-large-file=\"http:\/\/desireemartinphoto.com\/blog\/wp-content\/uploads\/2014\/09\/Verbena-Pamela-2014-14.jpg\" loading=\"lazy\" class=\"alignleft size-full wp-image-3611\" src=\"http:\/\/desireemartinphoto.com\/blog\/wp-content\/uploads\/2014\/09\/Verbena-Pamela-2014-14.jpg\" alt=\"SPAIN-FEAST-PAMELA\" width=\"550\" height=\"735\" srcset=\"http:\/\/desireemartinphoto.com\/blog\/wp-content\/uploads\/2014\/09\/Verbena-Pamela-2014-14.jpg 550w, http:\/\/desireemartinphoto.com\/blog\/wp-content\/uploads\/2014\/09\/Verbena-Pamela-2014-14-224x300.jpg 224w\" sizes=\"(max-width: 550px) 100vw, 550px\" \/> <img data-attachment-id=\"3612\" data-permalink=\"http:\/\/desireemartinphoto.com\/blog\/verbena-de-la-pamela-tejina-2014\/spain-feast-pamela-7\/\" data-orig-file=\"http:\/\/desireemartinphoto.com\/blog\/wp-content\/uploads\/2014\/09\/Verbena-Pamela-2014-15.jpg\" data-orig-size=\"550,783\" data-comments-opened=\"1\" data-image-meta=\"{&quot;aperture&quot;:&quot;0&quot;,&quot;credit&quot;:&quot;DESIREE MARTIN&quot;,&quot;camera&quot;:&quot;&quot;,&quot;caption&quot;:&quot;People pose during the Feast of pamela Tejina village. Each attendee pamela to exhibit their own during this holiday is. During this festival giants Hearts of fruit and flowers in honor of San Bartolom\\u00e9 are made, on the Spanish Canary island of TENERIFE on August 25, 2014. AFP PHOTO \\\/ DESIREE MARTIN&quot;,&quot;created_timestamp&quot;:&quot;1408985736&quot;,&quot;copyright&quot;:&quot;ImageForum&quot;,&quot;focal_length&quot;:&quot;0&quot;,&quot;iso&quot;:&quot;0&quot;,&quot;shutter_speed&quot;:&quot;0&quot;,&quot;title&quot;:&quot;SPAIN-FEAST-PAMELA&quot;}\" data-image-title=\"SPAIN-FEAST-PAMELA\" data-image-description=\"&lt;p&gt;People pose during the Feast of pamela Tejina village. Each attendee pamela to exhibit their own during this holiday is. During this festival giants Hearts of fruit and flowers in honor of San Bartolom\u00e9 are made, on the Spanish Canary island of TENERIFE on August 25, 2014. AFP PHOTO \/ DESIREE MARTIN&lt;\/p&gt;\n\" data-medium-file=\"http:\/\/desireemartinphoto.com\/blog\/wp-content\/uploads\/2014\/09\/Verbena-Pamela-2014-15-210x300.jpg\" data-large-file=\"http:\/\/desireemartinphoto.com\/blog\/wp-content\/uploads\/2014\/09\/Verbena-Pamela-2014-15.jpg\" loading=\"lazy\" class=\"alignleft size-full wp-image-3612\" src=\"http:\/\/desireemartinphoto.com\/blog\/wp-content\/uploads\/2014\/09\/Verbena-Pamela-2014-15.jpg\" alt=\"SPAIN-FEAST-PAMELA\" width=\"550\" height=\"783\" srcset=\"http:\/\/desireemartinphoto.com\/blog\/wp-content\/uploads\/2014\/09\/Verbena-Pamela-2014-15.jpg 550w, http:\/\/desireemartinphoto.com\/blog\/wp-content\/uploads\/2014\/09\/Verbena-Pamela-2014-15-210x300.jpg 210w\" sizes=\"(max-width: 550px) 100vw, 550px\" \/> <img data-attachment-id=\"3613\" data-permalink=\"http:\/\/desireemartinphoto.com\/blog\/verbena-de-la-pamela-tejina-2014\/spain-feast-pamela-8\/\" data-orig-file=\"http:\/\/desireemartinphoto.com\/blog\/wp-content\/uploads\/2014\/09\/Verbena-Pamela-2014-16.jpg\" data-orig-size=\"550,367\" data-comments-opened=\"1\" data-image-meta=\"{&quot;aperture&quot;:&quot;0&quot;,&quot;credit&quot;:&quot;DESIREE MARTIN&quot;,&quot;camera&quot;:&quot;&quot;,&quot;caption&quot;:&quot;People pose during the Feast of pamela Tejina village. Each attendee pamela to exhibit their own during this holiday is. During this festival giants Hearts of fruit and flowers in honor of San Bartolom\\u00e9 are made, on the Spanish Canary island of TENERIFE on August 25, 2014. AFP PHOTO \\\/ DESIREE MARTIN&quot;,&quot;created_timestamp&quot;:&quot;1408985744&quot;,&quot;copyright&quot;:&quot;ImageForum&quot;,&quot;focal_length&quot;:&quot;0&quot;,&quot;iso&quot;:&quot;0&quot;,&quot;shutter_speed&quot;:&quot;0&quot;,&quot;title&quot;:&quot;SPAIN-FEAST-PAMELA&quot;}\" data-image-title=\"SPAIN-FEAST-PAMELA\" data-image-description=\"&lt;p&gt;People pose during the Feast of pamela Tejina village. Each attendee pamela to exhibit their own during this holiday is. During this festival giants Hearts of fruit and flowers in honor of San Bartolom\u00e9 are made, on the Spanish Canary island of TENERIFE on August 25, 2014. AFP PHOTO \/ DESIREE MARTIN&lt;\/p&gt;\n\" data-medium-file=\"http:\/\/desireemartinphoto.com\/blog\/wp-content\/uploads\/2014\/09\/Verbena-Pamela-2014-16-300x200.jpg\" data-large-file=\"http:\/\/desireemartinphoto.com\/blog\/wp-content\/uploads\/2014\/09\/Verbena-Pamela-2014-16.jpg\" loading=\"lazy\" class=\"alignleft size-full wp-image-3613\" src=\"http:\/\/desireemartinphoto.com\/blog\/wp-content\/uploads\/2014\/09\/Verbena-Pamela-2014-16.jpg\" alt=\"SPAIN-FEAST-PAMELA\" width=\"550\" height=\"367\" srcset=\"http:\/\/desireemartinphoto.com\/blog\/wp-content\/uploads\/2014\/09\/Verbena-Pamela-2014-16.jpg 550w, http:\/\/desireemartinphoto.com\/blog\/wp-content\/uploads\/2014\/09\/Verbena-Pamela-2014-16-300x200.jpg 300w\" sizes=\"(max-width: 550px) 100vw, 550px\" \/> <img data-attachment-id=\"3614\" data-permalink=\"http:\/\/desireemartinphoto.com\/blog\/verbena-de-la-pamela-tejina-2014\/spain-feast-pamela-9\/\" data-orig-file=\"http:\/\/desireemartinphoto.com\/blog\/wp-content\/uploads\/2014\/09\/Verbena-Pamela-2014-17.jpg\" data-orig-size=\"550,817\" data-comments-opened=\"1\" data-image-meta=\"{&quot;aperture&quot;:&quot;0&quot;,&quot;credit&quot;:&quot;DESIREE MARTIN&quot;,&quot;camera&quot;:&quot;&quot;,&quot;caption&quot;:&quot;People pose during the Feast of pamela Tejina village. Each attendee pamela to exhibit their own during this holiday is. During this festival giants Hearts of fruit and flowers in honor of San Bartolom\\u00e9 are made, on the Spanish Canary island of TENERIFE on August 25, 2014. AFP PHOTO \\\/ DESIREE MARTIN&quot;,&quot;created_timestamp&quot;:&quot;1408985751&quot;,&quot;copyright&quot;:&quot;ImageForum&quot;,&quot;focal_length&quot;:&quot;0&quot;,&quot;iso&quot;:&quot;0&quot;,&quot;shutter_speed&quot;:&quot;0&quot;,&quot;title&quot;:&quot;SPAIN-FEAST-PAMELA&quot;}\" data-image-title=\"SPAIN-FEAST-PAMELA\" data-image-description=\"&lt;p&gt;People pose during the Feast of pamela Tejina village. Each attendee pamela to exhibit their own during this holiday is. During this festival giants Hearts of fruit and flowers in honor of San Bartolom\u00e9 are made, on the Spanish Canary island of TENERIFE on August 25, 2014. AFP PHOTO \/ DESIREE MARTIN&lt;\/p&gt;\n\" data-medium-file=\"http:\/\/desireemartinphoto.com\/blog\/wp-content\/uploads\/2014\/09\/Verbena-Pamela-2014-17-201x300.jpg\" data-large-file=\"http:\/\/desireemartinphoto.com\/blog\/wp-content\/uploads\/2014\/09\/Verbena-Pamela-2014-17.jpg\" loading=\"lazy\" class=\"alignleft size-full wp-image-3614\" src=\"http:\/\/desireemartinphoto.com\/blog\/wp-content\/uploads\/2014\/09\/Verbena-Pamela-2014-17.jpg\" alt=\"SPAIN-FEAST-PAMELA\" width=\"550\" height=\"817\" srcset=\"http:\/\/desireemartinphoto.com\/blog\/wp-content\/uploads\/2014\/09\/Verbena-Pamela-2014-17.jpg 550w, http:\/\/desireemartinphoto.com\/blog\/wp-content\/uploads\/2014\/09\/Verbena-Pamela-2014-17-201x300.jpg 201w\" sizes=\"(max-width: 550px) 100vw, 550px\" \/> <img data-attachment-id=\"3615\" data-permalink=\"http:\/\/desireemartinphoto.com\/blog\/verbena-de-la-pamela-tejina-2014\/spain-feast-pamela-10\/\" data-orig-file=\"http:\/\/desireemartinphoto.com\/blog\/wp-content\/uploads\/2014\/09\/Verbena-Pamela-2014-18.jpg\" data-orig-size=\"550,413\" data-comments-opened=\"1\" data-image-meta=\"{&quot;aperture&quot;:&quot;0&quot;,&quot;credit&quot;:&quot;DESIREE MARTIN&quot;,&quot;camera&quot;:&quot;&quot;,&quot;caption&quot;:&quot;People pose during the Feast of pamela Tejina village. Each attendee pamela to exhibit their own during this holiday is. During this festival giants Hearts of fruit and flowers in honor of San Bartolom\\u00e9 are made, on the Spanish Canary island of TENERIFE on August 25, 2014. AFP PHOTO \\\/ DESIREE MARTIN&quot;,&quot;created_timestamp&quot;:&quot;1408985763&quot;,&quot;copyright&quot;:&quot;ImageForum&quot;,&quot;focal_length&quot;:&quot;0&quot;,&quot;iso&quot;:&quot;0&quot;,&quot;shutter_speed&quot;:&quot;0&quot;,&quot;title&quot;:&quot;SPAIN-FEAST-PAMELA&quot;}\" data-image-title=\"SPAIN-FEAST-PAMELA\" data-image-description=\"&lt;p&gt;People pose during the Feast of pamela Tejina village. Each attendee pamela to exhibit their own during this holiday is. During this festival giants Hearts of fruit and flowers in honor of San Bartolom\u00e9 are made, on the Spanish Canary island of TENERIFE on August 25, 2014. AFP PHOTO \/ DESIREE MARTIN&lt;\/p&gt;\n\" data-medium-file=\"http:\/\/desireemartinphoto.com\/blog\/wp-content\/uploads\/2014\/09\/Verbena-Pamela-2014-18-300x225.jpg\" data-large-file=\"http:\/\/desireemartinphoto.com\/blog\/wp-content\/uploads\/2014\/09\/Verbena-Pamela-2014-18.jpg\" loading=\"lazy\" class=\"alignleft size-full wp-image-3615\" src=\"http:\/\/desireemartinphoto.com\/blog\/wp-content\/uploads\/2014\/09\/Verbena-Pamela-2014-18.jpg\" alt=\"SPAIN-FEAST-PAMELA\" width=\"550\" height=\"413\" srcset=\"http:\/\/desireemartinphoto.com\/blog\/wp-content\/uploads\/2014\/09\/Verbena-Pamela-2014-18.jpg 550w, http:\/\/desireemartinphoto.com\/blog\/wp-content\/uploads\/2014\/09\/Verbena-Pamela-2014-18-300x225.jpg 300w\" sizes=\"(max-width: 550px) 100vw, 550px\" \/> <img data-attachment-id=\"3616\" data-permalink=\"http:\/\/desireemartinphoto.com\/blog\/verbena-de-la-pamela-tejina-2014\/spain-feast-pamela-11\/\" data-orig-file=\"http:\/\/desireemartinphoto.com\/blog\/wp-content\/uploads\/2014\/09\/Verbena-Pamela-2014-19.jpg\" data-orig-size=\"550,410\" data-comments-opened=\"1\" data-image-meta=\"{&quot;aperture&quot;:&quot;0&quot;,&quot;credit&quot;:&quot;DESIREE MARTIN&quot;,&quot;camera&quot;:&quot;&quot;,&quot;caption&quot;:&quot;People pose during the Feast of pamela Tejina village. Each attendee pamela to exhibit their own during this holiday is. During this festival giants Hearts of fruit and flowers in honor of San Bartolom\\u00e9 are made, on the Spanish Canary island of TENERIFE on August 25, 2014. AFP PHOTO \\\/ DESIREE MARTIN&quot;,&quot;created_timestamp&quot;:&quot;1408985770&quot;,&quot;copyright&quot;:&quot;ImageForum&quot;,&quot;focal_length&quot;:&quot;0&quot;,&quot;iso&quot;:&quot;0&quot;,&quot;shutter_speed&quot;:&quot;0&quot;,&quot;title&quot;:&quot;SPAIN-FEAST-PAMELA&quot;}\" data-image-title=\"SPAIN-FEAST-PAMELA\" data-image-description=\"&lt;p&gt;People pose during the Feast of pamela Tejina village. Each attendee pamela to exhibit their own during this holiday is. During this festival giants Hearts of fruit and flowers in honor of San Bartolom\u00e9 are made, on the Spanish Canary island of TENERIFE on August 25, 2014. AFP PHOTO \/ DESIREE MARTIN&lt;\/p&gt;\n\" data-medium-file=\"http:\/\/desireemartinphoto.com\/blog\/wp-content\/uploads\/2014\/09\/Verbena-Pamela-2014-19-300x223.jpg\" data-large-file=\"http:\/\/desireemartinphoto.com\/blog\/wp-content\/uploads\/2014\/09\/Verbena-Pamela-2014-19.jpg\" loading=\"lazy\" class=\"alignleft size-full wp-image-3616\" src=\"http:\/\/desireemartinphoto.com\/blog\/wp-content\/uploads\/2014\/09\/Verbena-Pamela-2014-19.jpg\" alt=\"SPAIN-FEAST-PAMELA\" width=\"550\" height=\"410\" srcset=\"http:\/\/desireemartinphoto.com\/blog\/wp-content\/uploads\/2014\/09\/Verbena-Pamela-2014-19.jpg 550w, http:\/\/desireemartinphoto.com\/blog\/wp-content\/uploads\/2014\/09\/Verbena-Pamela-2014-19-300x223.jpg 300w\" sizes=\"(max-width: 550px) 100vw, 550px\" \/> <img data-attachment-id=\"3617\" data-permalink=\"http:\/\/desireemartinphoto.com\/blog\/verbena-de-la-pamela-tejina-2014\/spain-feast-pamela-12\/\" data-orig-file=\"http:\/\/desireemartinphoto.com\/blog\/wp-content\/uploads\/2014\/09\/Verbena-Pamela-2014-20.jpg\" data-orig-size=\"550,522\" data-comments-opened=\"1\" data-image-meta=\"{&quot;aperture&quot;:&quot;0&quot;,&quot;credit&quot;:&quot;DESIREE MARTIN&quot;,&quot;camera&quot;:&quot;&quot;,&quot;caption&quot;:&quot;People pose during the Feast of pamela Tejina village. Each attendee pamela to exhibit their own during this holiday is. During this festival giants Hearts of fruit and flowers in honor of San Bartolom\\u00e9 are made, on the Spanish Canary island of TENERIFE on August 25, 2014. AFP PHOTO \\\/ DESIREE MARTIN&quot;,&quot;created_timestamp&quot;:&quot;1408985838&quot;,&quot;copyright&quot;:&quot;ImageForum&quot;,&quot;focal_length&quot;:&quot;0&quot;,&quot;iso&quot;:&quot;0&quot;,&quot;shutter_speed&quot;:&quot;0&quot;,&quot;title&quot;:&quot;SPAIN-FEAST-PAMELA&quot;}\" data-image-title=\"SPAIN-FEAST-PAMELA\" data-image-description=\"&lt;p&gt;People pose during the Feast of pamela Tejina village. Each attendee pamela to exhibit their own during this holiday is. During this festival giants Hearts of fruit and flowers in honor of San Bartolom\u00e9 are made, on the Spanish Canary island of TENERIFE on August 25, 2014. AFP PHOTO \/ DESIREE MARTIN&lt;\/p&gt;\n\" data-medium-file=\"http:\/\/desireemartinphoto.com\/blog\/wp-content\/uploads\/2014\/09\/Verbena-Pamela-2014-20-300x284.jpg\" data-large-file=\"http:\/\/desireemartinphoto.com\/blog\/wp-content\/uploads\/2014\/09\/Verbena-Pamela-2014-20.jpg\" loading=\"lazy\" class=\"alignleft size-full wp-image-3617\" src=\"http:\/\/desireemartinphoto.com\/blog\/wp-content\/uploads\/2014\/09\/Verbena-Pamela-2014-20.jpg\" alt=\"SPAIN-FEAST-PAMELA\" width=\"550\" height=\"522\" srcset=\"http:\/\/desireemartinphoto.com\/blog\/wp-content\/uploads\/2014\/09\/Verbena-Pamela-2014-20.jpg 550w, http:\/\/desireemartinphoto.com\/blog\/wp-content\/uploads\/2014\/09\/Verbena-Pamela-2014-20-300x284.jpg 300w\" sizes=\"(max-width: 550px) 100vw, 550px\" \/> <img data-attachment-id=\"3618\" data-permalink=\"http:\/\/desireemartinphoto.com\/blog\/verbena-de-la-pamela-tejina-2014\/spain-feast-pamela-13\/\" data-orig-file=\"http:\/\/desireemartinphoto.com\/blog\/wp-content\/uploads\/2014\/09\/Verbena-Pamela-2014-21.jpg\" data-orig-size=\"550,758\" data-comments-opened=\"1\" data-image-meta=\"{&quot;aperture&quot;:&quot;0&quot;,&quot;credit&quot;:&quot;DESIREE MARTIN&quot;,&quot;camera&quot;:&quot;&quot;,&quot;caption&quot;:&quot;People pose during the Feast of pamela Tejina village. Each attendee pamela to exhibit their own during this holiday is. During this festival giants Hearts of fruit and flowers in honor of San Bartolom\\u00e9 are made, on the Spanish Canary island of TENERIFE on August 25, 2014. AFP PHOTO \\\/ DESIREE MARTIN&quot;,&quot;created_timestamp&quot;:&quot;1408985807&quot;,&quot;copyright&quot;:&quot;ImageForum&quot;,&quot;focal_length&quot;:&quot;0&quot;,&quot;iso&quot;:&quot;0&quot;,&quot;shutter_speed&quot;:&quot;0&quot;,&quot;title&quot;:&quot;SPAIN-FEAST-PAMELA&quot;}\" data-image-title=\"SPAIN-FEAST-PAMELA\" data-image-description=\"&lt;p&gt;People pose during the Feast of pamela Tejina village. Each attendee pamela to exhibit their own during this holiday is. During this festival giants Hearts of fruit and flowers in honor of San Bartolom\u00e9 are made, on the Spanish Canary island of TENERIFE on August 25, 2014. AFP PHOTO \/ DESIREE MARTIN&lt;\/p&gt;\n\" data-medium-file=\"http:\/\/desireemartinphoto.com\/blog\/wp-content\/uploads\/2014\/09\/Verbena-Pamela-2014-21-217x300.jpg\" data-large-file=\"http:\/\/desireemartinphoto.com\/blog\/wp-content\/uploads\/2014\/09\/Verbena-Pamela-2014-21.jpg\" loading=\"lazy\" class=\"alignleft size-full wp-image-3618\" src=\"http:\/\/desireemartinphoto.com\/blog\/wp-content\/uploads\/2014\/09\/Verbena-Pamela-2014-21.jpg\" alt=\"SPAIN-FEAST-PAMELA\" width=\"550\" height=\"758\" srcset=\"http:\/\/desireemartinphoto.com\/blog\/wp-content\/uploads\/2014\/09\/Verbena-Pamela-2014-21.jpg 550w, http:\/\/desireemartinphoto.com\/blog\/wp-content\/uploads\/2014\/09\/Verbena-Pamela-2014-21-217x300.jpg 217w\" sizes=\"(max-width: 550px) 100vw, 550px\" \/> <\/p>\n<p>Cuando me iba.. comenzaba lo bueno, clar\u00edsimo, fui pronto. Tras cuatro horas de calor.. no ve\u00eda ni una sola foto m\u00e1s.<\/p>\n<p><img data-attachment-id=\"3619\" data-permalink=\"http:\/\/desireemartinphoto.com\/blog\/verbena-de-la-pamela-tejina-2014\/spain-feast-pamela-14\/\" data-orig-file=\"http:\/\/desireemartinphoto.com\/blog\/wp-content\/uploads\/2014\/09\/Verbena-Pamela-2014-22.jpg\" data-orig-size=\"550,367\" data-comments-opened=\"1\" data-image-meta=\"{&quot;aperture&quot;:&quot;0&quot;,&quot;credit&quot;:&quot;DESIREE MARTIN&quot;,&quot;camera&quot;:&quot;&quot;,&quot;caption&quot;:&quot;People pose during the Feast of pamela Tejina village. Each attendee pamela to exhibit their own during this holiday is. During this festival giants Hearts of fruit and flowers in honor of San Bartolom\\u00e9 are made, on the Spanish Canary island of TENERIFE on August 25, 2014. AFP PHOTO \\\/ DESIREE MARTIN&quot;,&quot;created_timestamp&quot;:&quot;1408985842&quot;,&quot;copyright&quot;:&quot;ImageForum&quot;,&quot;focal_length&quot;:&quot;0&quot;,&quot;iso&quot;:&quot;0&quot;,&quot;shutter_speed&quot;:&quot;0&quot;,&quot;title&quot;:&quot;SPAIN-FEAST-PAMELA&quot;}\" data-image-title=\"SPAIN-FEAST-PAMELA\" data-image-description=\"&lt;p&gt;People pose during the Feast of pamela Tejina village. Each attendee pamela to exhibit their own during this holiday is. During this festival giants Hearts of fruit and flowers in honor of San Bartolom\u00e9 are made, on the Spanish Canary island of TENERIFE on August 25, 2014. AFP PHOTO \/ DESIREE MARTIN&lt;\/p&gt;\n\" data-medium-file=\"http:\/\/desireemartinphoto.com\/blog\/wp-content\/uploads\/2014\/09\/Verbena-Pamela-2014-22-300x200.jpg\" data-large-file=\"http:\/\/desireemartinphoto.com\/blog\/wp-content\/uploads\/2014\/09\/Verbena-Pamela-2014-22.jpg\" loading=\"lazy\" class=\"alignleft size-full wp-image-3619\" src=\"http:\/\/desireemartinphoto.com\/blog\/wp-content\/uploads\/2014\/09\/Verbena-Pamela-2014-22.jpg\" alt=\"SPAIN-FEAST-PAMELA\" width=\"550\" height=\"367\" srcset=\"http:\/\/desireemartinphoto.com\/blog\/wp-content\/uploads\/2014\/09\/Verbena-Pamela-2014-22.jpg 550w, http:\/\/desireemartinphoto.com\/blog\/wp-content\/uploads\/2014\/09\/Verbena-Pamela-2014-22-300x200.jpg 300w\" sizes=\"(max-width: 550px) 100vw, 550px\" \/><\/p>\n<p>El a\u00f1o que viene mejor, con m\u00e1s conocimientos, ah!!!  Y los Corazones de Tejina tb!<\/p>\n<div class=\"sharedaddy sd-sharing-enabled\"><div class=\"robots-nocontent sd-block sd-social sd-social-icon-text sd-sharing\"><h3 class=\"sd-title\">COMPARTE ESTO:<\/h3><div class=\"sd-content\"><ul><li class=\"share-facebook\"><a rel=\"nofollow noopener noreferrer\" data-shared=\"sharing-facebook-3597\" class=\"share-facebook sd-button share-icon\" href=\"http:\/\/desireemartinphoto.com\/blog\/verbena-de-la-pamela-tejina-2014\/?share=facebook\" target=\"_blank\" title=\"Haz clic para compartir en Facebook\"><span>Facebook<\/span><\/a><\/li><li class=\"share-twitter\"><a rel=\"nofollow noopener noreferrer\" data-shared=\"sharing-twitter-3597\" class=\"share-twitter sd-button share-icon\" href=\"http:\/\/desireemartinphoto.com\/blog\/verbena-de-la-pamela-tejina-2014\/?share=twitter\" target=\"_blank\" title=\"Haz clic para compartir en Twitter\"><span>Twitter<\/span><\/a><\/li><li class=\"share-email\"><a rel=\"nofollow noopener noreferrer\" data-shared=\"\" class=\"share-email sd-button share-icon\" href=\"http:\/\/desireemartinphoto.com\/blog\/verbena-de-la-pamela-tejina-2014\/?share=email\" target=\"_blank\" title=\"Haz clic para enviar por correo electr\u00f3nico a un amigo\"><span>Correo electr\u00f3nico<\/span><\/a><\/li><li class=\"share-linkedin\"><a rel=\"nofollow noopener noreferrer\" data-shared=\"sharing-linkedin-3597\" class=\"share-linkedin sd-button share-icon\" href=\"http:\/\/desireemartinphoto.com\/blog\/verbena-de-la-pamela-tejina-2014\/?share=linkedin\" target=\"_blank\" title=\"Haz clic para compartir en LinkedIn\"><span>LinkedIn<\/span><\/a><\/li><li class=\"share-tumblr\"><a rel=\"nofollow noopener noreferrer\" data-shared=\"\" class=\"share-tumblr sd-button share-icon\" href=\"http:\/\/desireemartinphoto.com\/blog\/verbena-de-la-pamela-tejina-2014\/?share=tumblr\" target=\"_blank\" title=\"Haz clic para compartir en Tumblr\"><span>Tumblr<\/span><\/a><\/li><li class=\"share-end\"><\/li><\/ul><\/div><\/div><\/div>","protected":false},"excerpt":{"rendered":"<p>A toda prisa, corre que te corre, llegando de otro reportaje de La Palma, y sin dormir pr\u00e1cticamente me plant\u00e9 en la Verbena de la Pamela de las fiestas de Tejina 2014. Llam\u00e9 a todo amigo y conocido que tenia de la zona o que alguna vez hubieran ido, y me temo que con tanta [&#038;hellip<\/p>\n<div class=\"sharedaddy sd-sharing-enabled\"><div class=\"robots-nocontent sd-block sd-social sd-social-icon-text sd-sharing\"><h3 class=\"sd-title\">COMPARTE ESTO:<\/h3><div class=\"sd-content\"><ul><li class=\"share-facebook\"><a rel=\"nofollow noopener noreferrer\" data-shared=\"sharing-facebook-3597\" class=\"share-facebook sd-button share-icon\" href=\"http:\/\/desireemartinphoto.com\/blog\/verbena-de-la-pamela-tejina-2014\/?share=facebook\" target=\"_blank\" title=\"Haz clic para compartir en Facebook\"><span>Facebook<\/span><\/a><\/li><li class=\"share-twitter\"><a rel=\"nofollow noopener noreferrer\" data-shared=\"sharing-twitter-3597\" class=\"share-twitter sd-button share-icon\" href=\"http:\/\/desireemartinphoto.com\/blog\/verbena-de-la-pamela-tejina-2014\/?share=twitter\" target=\"_blank\" title=\"Haz clic para compartir en Twitter\"><span>Twitter<\/span><\/a><\/li><li class=\"share-email\"><a rel=\"nofollow noopener noreferrer\" data-shared=\"\" class=\"share-email sd-button share-icon\" href=\"http:\/\/desireemartinphoto.com\/blog\/verbena-de-la-pamela-tejina-2014\/?share=email\" target=\"_blank\" title=\"Haz clic para enviar por correo electr\u00f3nico a un amigo\"><span>Correo electr\u00f3nico<\/span><\/a><\/li><li class=\"share-linkedin\"><a rel=\"nofollow noopener noreferrer\" data-shared=\"sharing-linkedin-3597\" class=\"share-linkedin sd-button share-icon\" href=\"http:\/\/desireemartinphoto.com\/blog\/verbena-de-la-pamela-tejina-2014\/?share=linkedin\" target=\"_blank\" title=\"Haz clic para compartir en LinkedIn\"><span>LinkedIn<\/span><\/a><\/li><li class=\"share-tumblr\"><a rel=\"nofollow noopener noreferrer\" data-shared=\"\" class=\"share-tumblr sd-button share-icon\" href=\"http:\/\/desireemartinphoto.com\/blog\/verbena-de-la-pamela-tejina-2014\/?share=tumblr\" target=\"_blank\" title=\"Haz clic para compartir en Tumblr\"><span>Tumblr<\/span><\/a><\/li><li class=\"share-end\"><\/li><\/ul><\/div><\/div><\/div>","protected":false},"author":1,"featured_media":0,"comment_status":"open","ping_status":"open","sticky":false,"template":"","format":"standard","meta":{"spay_email":""},"categories":[1],"tags":[686,604,727,355,540,729,6,728,609,362,726,603,725],"jetpack_featured_media_url":"","jetpack_sharing_enabled":true,"_links":{"self":[{"href":"http:\/\/desireemartinphoto.com\/blog\/wp-json\/wp\/v2\/posts\/3597"}],"collection":[{"href":"http:\/\/desireemartinphoto.com\/blog\/wp-json\/wp\/v2\/posts"}],"about":[{"href":"http:\/\/desireemartinphoto.com\/blog\/wp-json\/wp\/v2\/types\/post"}],"author":[{"embeddable":true,"href":"http:\/\/desireemartinphoto.com\/blog\/wp-json\/wp\/v2\/users\/1"}],"replies":[{"embeddable":true,"href":"http:\/\/desireemartinphoto.com\/blog\/wp-json\/wp\/v2\/comments?post=3597"}],"version-history":[{"count":3,"href":"http:\/\/desireemartinphoto.com\/blog\/wp-json\/wp\/v2\/posts\/3597\/revisions"}],"predecessor-version":[{"id":3622,"href":"http:\/\/desireemartinphoto.com\/blog\/wp-json\/wp\/v2\/posts\/3597\/revisions\/3622"}],"wp:attachment":[{"href":"http:\/\/desireemartinphoto.com\/blog\/wp-json\/wp\/v2\/media?parent=3597"}],"wp:term":[{"taxonomy":"category","embeddable":true,"href":"http:\/\/desireemartinphoto.com\/blog\/wp-json\/wp\/v2\/categories?post=3597"},{"taxonomy":"post_tag","embeddable":true,"href":"http:\/\/desireemartinphoto.com\/blog\/wp-json\/wp\/v2\/tags?post=3597"}],"curies":[{"name":"wp","href":"https:\/\/api.w.org\/{rel}","templated":true}]}}