{"id":3495,"date":"2014-06-13T00:18:22","date_gmt":"2014-06-13T00:18:22","guid":{"rendered":"http:\/\/desireemartinphoto.com\/blog\/?p=3495"},"modified":"2014-06-13T00:18:22","modified_gmt":"2014-06-13T00:18:22","slug":"mis-argollas-canarias-juan-gil","status":"publish","type":"post","link":"http:\/\/desireemartinphoto.com\/blog\/mis-argollas-canarias-juan-gil\/","title":{"rendered":"Mis argollas Canarias Juan Gil"},"content":{"rendered":"<p>Hace unos 8 a\u00f1os me enamor\u00e9 de unas argollas canarias enormes, preciosas, con un dise\u00f1o innovador.. y las prometieron. No me llegaron de la mano de esa persona, pero si de la que deb\u00eda ser. mi madre, navidad.. \u00bfC\u00f3mo no? Ella se las ingeni\u00f3 y localiz\u00f3 al artesano.<\/p>\n<p>Desde ese instante esas argollas formaron parte de mi.<\/p>\n<p>&nbsp;<\/p>\n<p>&nbsp;<\/p>\n<p>&nbsp;<\/p>\n<p><img data-attachment-id=\"3496\" data-permalink=\"http:\/\/desireemartinphoto.com\/blog\/mis-argollas-canarias-juan-gil\/mi-pendiente-llego-01\/\" data-orig-file=\"http:\/\/desireemartinphoto.com\/blog\/wp-content\/uploads\/2014\/06\/Mi-pendiente-llego-01.jpg\" data-orig-size=\"604,402\" data-comments-opened=\"1\" data-image-meta=\"{&quot;aperture&quot;:&quot;0&quot;,&quot;credit&quot;:&quot;&quot;,&quot;camera&quot;:&quot;&quot;,&quot;caption&quot;:&quot;&quot;,&quot;created_timestamp&quot;:&quot;0&quot;,&quot;copyright&quot;:&quot;&quot;,&quot;focal_length&quot;:&quot;0&quot;,&quot;iso&quot;:&quot;0&quot;,&quot;shutter_speed&quot;:&quot;0&quot;,&quot;title&quot;:&quot;&quot;,&quot;orientation&quot;:&quot;0&quot;}\" data-image-title=\"Mi pendiente llego  01\" data-image-description=\"\" data-medium-file=\"http:\/\/desireemartinphoto.com\/blog\/wp-content\/uploads\/2014\/06\/Mi-pendiente-llego-01-300x200.jpg\" data-large-file=\"http:\/\/desireemartinphoto.com\/blog\/wp-content\/uploads\/2014\/06\/Mi-pendiente-llego-01.jpg\" loading=\"lazy\" class=\"alignleft size-full wp-image-3496\" src=\"http:\/\/desireemartinphoto.com\/blog\/wp-content\/uploads\/2014\/06\/Mi-pendiente-llego-01.jpg\" alt=\"Mi pendiente llego  01\" width=\"604\" height=\"402\" srcset=\"http:\/\/desireemartinphoto.com\/blog\/wp-content\/uploads\/2014\/06\/Mi-pendiente-llego-01.jpg 604w, http:\/\/desireemartinphoto.com\/blog\/wp-content\/uploads\/2014\/06\/Mi-pendiente-llego-01-300x200.jpg 300w\" sizes=\"(max-width: 604px) 100vw, 604px\" \/> <\/p>\n<p><img data-attachment-id=\"3497\" data-permalink=\"http:\/\/desireemartinphoto.com\/blog\/mis-argollas-canarias-juan-gil\/mi-pendiente-llego-02\/\" data-orig-file=\"http:\/\/desireemartinphoto.com\/blog\/wp-content\/uploads\/2014\/06\/Mi-pendiente-llego-02.jpg\" data-orig-size=\"402,604\" data-comments-opened=\"1\" data-image-meta=\"{&quot;aperture&quot;:&quot;0&quot;,&quot;credit&quot;:&quot;&quot;,&quot;camera&quot;:&quot;&quot;,&quot;caption&quot;:&quot;&quot;,&quot;created_timestamp&quot;:&quot;0&quot;,&quot;copyright&quot;:&quot;&quot;,&quot;focal_length&quot;:&quot;0&quot;,&quot;iso&quot;:&quot;0&quot;,&quot;shutter_speed&quot;:&quot;0&quot;,&quot;title&quot;:&quot;&quot;}\" data-image-title=\"Mi pendiente llego  02\" data-image-description=\"\" data-medium-file=\"http:\/\/desireemartinphoto.com\/blog\/wp-content\/uploads\/2014\/06\/Mi-pendiente-llego-02-199x300.jpg\" data-large-file=\"http:\/\/desireemartinphoto.com\/blog\/wp-content\/uploads\/2014\/06\/Mi-pendiente-llego-02.jpg\" loading=\"lazy\" class=\"alignleft size-full wp-image-3497\" src=\"http:\/\/desireemartinphoto.com\/blog\/wp-content\/uploads\/2014\/06\/Mi-pendiente-llego-02.jpg\" alt=\"Mi pendiente llego  02\" width=\"402\" height=\"604\" srcset=\"http:\/\/desireemartinphoto.com\/blog\/wp-content\/uploads\/2014\/06\/Mi-pendiente-llego-02.jpg 402w, http:\/\/desireemartinphoto.com\/blog\/wp-content\/uploads\/2014\/06\/Mi-pendiente-llego-02-199x300.jpg 199w\" sizes=\"(max-width: 402px) 100vw, 402px\" \/> <\/p>\n<p><img data-attachment-id=\"3498\" data-permalink=\"http:\/\/desireemartinphoto.com\/blog\/mis-argollas-canarias-juan-gil\/mi-pendiente-llego-03\/\" data-orig-file=\"http:\/\/desireemartinphoto.com\/blog\/wp-content\/uploads\/2014\/06\/Mi-pendiente-llego-03.jpg\" data-orig-size=\"417,510\" data-comments-opened=\"1\" data-image-meta=\"{&quot;aperture&quot;:&quot;0&quot;,&quot;credit&quot;:&quot;&quot;,&quot;camera&quot;:&quot;&quot;,&quot;caption&quot;:&quot;&quot;,&quot;created_timestamp&quot;:&quot;0&quot;,&quot;copyright&quot;:&quot;&quot;,&quot;focal_length&quot;:&quot;0&quot;,&quot;iso&quot;:&quot;0&quot;,&quot;shutter_speed&quot;:&quot;0&quot;,&quot;title&quot;:&quot;&quot;}\" data-image-title=\"Mi pendiente llego  03\" data-image-description=\"\" data-medium-file=\"http:\/\/desireemartinphoto.com\/blog\/wp-content\/uploads\/2014\/06\/Mi-pendiente-llego-03-245x300.jpg\" data-large-file=\"http:\/\/desireemartinphoto.com\/blog\/wp-content\/uploads\/2014\/06\/Mi-pendiente-llego-03.jpg\" loading=\"lazy\" class=\"alignleft size-full wp-image-3498\" src=\"http:\/\/desireemartinphoto.com\/blog\/wp-content\/uploads\/2014\/06\/Mi-pendiente-llego-03.jpg\" alt=\"Mi pendiente llego  03\" width=\"417\" height=\"510\" srcset=\"http:\/\/desireemartinphoto.com\/blog\/wp-content\/uploads\/2014\/06\/Mi-pendiente-llego-03.jpg 417w, http:\/\/desireemartinphoto.com\/blog\/wp-content\/uploads\/2014\/06\/Mi-pendiente-llego-03-245x300.jpg 245w\" sizes=\"(max-width: 417px) 100vw, 417px\" \/> <\/p>\n<p><img data-attachment-id=\"3499\" data-permalink=\"http:\/\/desireemartinphoto.com\/blog\/mis-argollas-canarias-juan-gil\/mi-pendiente-llego-04\/\" data-orig-file=\"http:\/\/desireemartinphoto.com\/blog\/wp-content\/uploads\/2014\/06\/Mi-pendiente-llego-04.jpg\" data-orig-size=\"720,480\" data-comments-opened=\"1\" data-image-meta=\"{&quot;aperture&quot;:&quot;0&quot;,&quot;credit&quot;:&quot;&quot;,&quot;camera&quot;:&quot;&quot;,&quot;caption&quot;:&quot;&quot;,&quot;created_timestamp&quot;:&quot;0&quot;,&quot;copyright&quot;:&quot;&quot;,&quot;focal_length&quot;:&quot;0&quot;,&quot;iso&quot;:&quot;0&quot;,&quot;shutter_speed&quot;:&quot;0&quot;,&quot;title&quot;:&quot;&quot;}\" data-image-title=\"Mi pendiente llego  04\" data-image-description=\"\" data-medium-file=\"http:\/\/desireemartinphoto.com\/blog\/wp-content\/uploads\/2014\/06\/Mi-pendiente-llego-04-300x200.jpg\" data-large-file=\"http:\/\/desireemartinphoto.com\/blog\/wp-content\/uploads\/2014\/06\/Mi-pendiente-llego-04.jpg\" loading=\"lazy\" class=\"alignleft size-full wp-image-3499\" src=\"http:\/\/desireemartinphoto.com\/blog\/wp-content\/uploads\/2014\/06\/Mi-pendiente-llego-04.jpg\" alt=\"Mi pendiente llego  04\" width=\"720\" height=\"480\" srcset=\"http:\/\/desireemartinphoto.com\/blog\/wp-content\/uploads\/2014\/06\/Mi-pendiente-llego-04.jpg 720w, http:\/\/desireemartinphoto.com\/blog\/wp-content\/uploads\/2014\/06\/Mi-pendiente-llego-04-300x200.jpg 300w\" sizes=\"(max-width: 720px) 100vw, 720px\" \/> <\/p>\n<p><img data-attachment-id=\"3500\" data-permalink=\"http:\/\/desireemartinphoto.com\/blog\/mis-argollas-canarias-juan-gil\/mi-pendiente-llego-05\/\" data-orig-file=\"http:\/\/desireemartinphoto.com\/blog\/wp-content\/uploads\/2014\/06\/Mi-pendiente-llego-05.jpg\" data-orig-size=\"417,625\" data-comments-opened=\"1\" data-image-meta=\"{&quot;aperture&quot;:&quot;0&quot;,&quot;credit&quot;:&quot;&quot;,&quot;camera&quot;:&quot;&quot;,&quot;caption&quot;:&quot;&quot;,&quot;created_timestamp&quot;:&quot;0&quot;,&quot;copyright&quot;:&quot;&quot;,&quot;focal_length&quot;:&quot;0&quot;,&quot;iso&quot;:&quot;0&quot;,&quot;shutter_speed&quot;:&quot;0&quot;,&quot;title&quot;:&quot;&quot;}\" data-image-title=\"Mi pendiente llego  05\" data-image-description=\"\" data-medium-file=\"http:\/\/desireemartinphoto.com\/blog\/wp-content\/uploads\/2014\/06\/Mi-pendiente-llego-05-200x300.jpg\" data-large-file=\"http:\/\/desireemartinphoto.com\/blog\/wp-content\/uploads\/2014\/06\/Mi-pendiente-llego-05.jpg\" loading=\"lazy\" class=\"alignleft size-full wp-image-3500\" src=\"http:\/\/desireemartinphoto.com\/blog\/wp-content\/uploads\/2014\/06\/Mi-pendiente-llego-05.jpg\" alt=\"Mi pendiente llego  05\" width=\"417\" height=\"625\" srcset=\"http:\/\/desireemartinphoto.com\/blog\/wp-content\/uploads\/2014\/06\/Mi-pendiente-llego-05.jpg 417w, http:\/\/desireemartinphoto.com\/blog\/wp-content\/uploads\/2014\/06\/Mi-pendiente-llego-05-200x300.jpg 200w\" sizes=\"(max-width: 417px) 100vw, 417px\" \/> <\/p>\n<p><img data-attachment-id=\"3501\" data-permalink=\"http:\/\/desireemartinphoto.com\/blog\/mis-argollas-canarias-juan-gil\/mi-pendiente-llego-06\/\" data-orig-file=\"http:\/\/desireemartinphoto.com\/blog\/wp-content\/uploads\/2014\/06\/Mi-pendiente-llego-06.jpg\" data-orig-size=\"417,419\" data-comments-opened=\"1\" data-image-meta=\"{&quot;aperture&quot;:&quot;0&quot;,&quot;credit&quot;:&quot;&quot;,&quot;camera&quot;:&quot;&quot;,&quot;caption&quot;:&quot;&quot;,&quot;created_timestamp&quot;:&quot;0&quot;,&quot;copyright&quot;:&quot;&quot;,&quot;focal_length&quot;:&quot;0&quot;,&quot;iso&quot;:&quot;0&quot;,&quot;shutter_speed&quot;:&quot;0&quot;,&quot;title&quot;:&quot;&quot;}\" data-image-title=\"Mi pendiente llego  06\" data-image-description=\"\" data-medium-file=\"http:\/\/desireemartinphoto.com\/blog\/wp-content\/uploads\/2014\/06\/Mi-pendiente-llego-06-298x300.jpg\" data-large-file=\"http:\/\/desireemartinphoto.com\/blog\/wp-content\/uploads\/2014\/06\/Mi-pendiente-llego-06.jpg\" loading=\"lazy\" class=\"alignleft size-full wp-image-3501\" src=\"http:\/\/desireemartinphoto.com\/blog\/wp-content\/uploads\/2014\/06\/Mi-pendiente-llego-06.jpg\" alt=\"Mi pendiente llego  06\" width=\"417\" height=\"419\" srcset=\"http:\/\/desireemartinphoto.com\/blog\/wp-content\/uploads\/2014\/06\/Mi-pendiente-llego-06.jpg 417w, http:\/\/desireemartinphoto.com\/blog\/wp-content\/uploads\/2014\/06\/Mi-pendiente-llego-06-150x150.jpg 150w, http:\/\/desireemartinphoto.com\/blog\/wp-content\/uploads\/2014\/06\/Mi-pendiente-llego-06-298x300.jpg 298w\" sizes=\"(max-width: 417px) 100vw, 417px\" \/> <\/p>\n<p>&nbsp;<\/p>\n<p>&nbsp;<\/p>\n<p>&nbsp;<\/p>\n<p>&nbsp;<\/p>\n<p>&nbsp;<\/p>\n<p>&nbsp;<\/p>\n<p>&nbsp;<\/p>\n<p>&nbsp;<\/p>\n<p>&nbsp;<\/p>\n<p>&nbsp;<\/p>\n<p>&nbsp;<\/p>\n<p>&nbsp;<\/p>\n<p>&nbsp;<\/p>\n<p>&nbsp;<\/p>\n<p>&nbsp;<\/p>\n<p>&nbsp;<\/p>\n<p>&nbsp;<\/p>\n<p>&nbsp;<\/p>\n<p>&nbsp;<\/p>\n<p>&nbsp;<\/p>\n<p>&nbsp;<\/p>\n<p>&nbsp;<\/p>\n<p>&nbsp;<\/p>\n<p>&nbsp;<\/p>\n<p>&nbsp;<\/p>\n<p>&nbsp;<\/p>\n<p>&nbsp;<\/p>\n<p>&nbsp;<\/p>\n<p>&nbsp;<\/p>\n<p>&nbsp;<\/p>\n<p>&nbsp;<\/p>\n<p>&nbsp;<\/p>\n<p>&nbsp;<\/p>\n<p>&nbsp;<\/p>\n<p>&nbsp;<\/p>\n<p>&nbsp;<\/p>\n<p>&nbsp;<\/p>\n<p>&nbsp;<\/p>\n<p>&nbsp;<\/p>\n<p>&nbsp;<\/p>\n<p>&nbsp;<\/p>\n<p>&nbsp;<\/p>\n<p>&nbsp;<\/p>\n<p>&nbsp;<\/p>\n<p>&nbsp;<\/p>\n<p>&nbsp;<\/p>\n<p>&nbsp;<\/p>\n<p>&nbsp;<\/p>\n<p>&nbsp;<\/p>\n<p>&nbsp;<\/p>\n<p>&nbsp;<\/p>\n<p>&nbsp;<\/p>\n<p>&nbsp;<\/p>\n<p>&nbsp;<\/p>\n<p>&nbsp;<\/p>\n<p>&nbsp;<\/p>\n<p>&nbsp;<\/p>\n<p>&nbsp;<\/p>\n<p>&nbsp;<\/p>\n<p>&nbsp;<\/p>\n<p>En la pasada procesi\u00f3n del madrugada de El Cristo de La Laguna&#8230; una de mis argollas desapareci\u00f3..<\/p>\n<p>Lo pas\u00e9 fatal. Hac\u00eda unos d\u00edas hab\u00eda conocido a Juan Gil, al artesano que hab\u00eda hecho mis arbolas a\u00f1os atr\u00e1s, estas cosas de la vida, en un taller que impart\u00eda sobre movilgraf\u00eda y videomarketing,<\/p>\n<p>Le coment\u00e9 lo que me hab\u00eda ocurrido y me dijo: \u00a1Tr\u00e1eme esa argolla al taller!. Cost\u00f3, pero quedamos y se la dej\u00e9.<\/p>\n<p>&nbsp;<\/p>\n<p>&nbsp;<\/p>\n<p>&nbsp;<\/p>\n<p><img data-attachment-id=\"3502\" data-permalink=\"http:\/\/desireemartinphoto.com\/blog\/mis-argollas-canarias-juan-gil\/mi-pendiente-llego-07\/\" data-orig-file=\"http:\/\/desireemartinphoto.com\/blog\/wp-content\/uploads\/2014\/06\/Mi-pendiente-llego-07.jpg\" data-orig-size=\"550,826\" data-comments-opened=\"1\" data-image-meta=\"{&quot;aperture&quot;:&quot;2.2&quot;,&quot;credit&quot;:&quot;&quot;,&quot;camera&quot;:&quot;iPhone 5s&quot;,&quot;caption&quot;:&quot;&quot;,&quot;created_timestamp&quot;:&quot;1400503952&quot;,&quot;copyright&quot;:&quot;&quot;,&quot;focal_length&quot;:&quot;4.12&quot;,&quot;iso&quot;:&quot;40&quot;,&quot;shutter_speed&quot;:&quot;0.00031595576619273&quot;,&quot;title&quot;:&quot;&quot;}\" data-image-title=\"Mi pendiente llego  07\" data-image-description=\"\" data-medium-file=\"http:\/\/desireemartinphoto.com\/blog\/wp-content\/uploads\/2014\/06\/Mi-pendiente-llego-07-199x300.jpg\" data-large-file=\"http:\/\/desireemartinphoto.com\/blog\/wp-content\/uploads\/2014\/06\/Mi-pendiente-llego-07.jpg\" loading=\"lazy\" class=\"alignleft size-full wp-image-3502\" src=\"http:\/\/desireemartinphoto.com\/blog\/wp-content\/uploads\/2014\/06\/Mi-pendiente-llego-07.jpg\" alt=\"Mi pendiente llego  07\" width=\"550\" height=\"826\" srcset=\"http:\/\/desireemartinphoto.com\/blog\/wp-content\/uploads\/2014\/06\/Mi-pendiente-llego-07.jpg 550w, http:\/\/desireemartinphoto.com\/blog\/wp-content\/uploads\/2014\/06\/Mi-pendiente-llego-07-199x300.jpg 199w\" sizes=\"(max-width: 550px) 100vw, 550px\" \/> <\/p>\n<p><img data-attachment-id=\"3503\" data-permalink=\"http:\/\/desireemartinphoto.com\/blog\/mis-argollas-canarias-juan-gil\/mi-pendiente-llego-08\/\" data-orig-file=\"http:\/\/desireemartinphoto.com\/blog\/wp-content\/uploads\/2014\/06\/Mi-pendiente-llego-08.jpg\" data-orig-size=\"550,553\" data-comments-opened=\"1\" data-image-meta=\"{&quot;aperture&quot;:&quot;2.2&quot;,&quot;credit&quot;:&quot;&quot;,&quot;camera&quot;:&quot;iPhone 5s&quot;,&quot;caption&quot;:&quot;&quot;,&quot;created_timestamp&quot;:&quot;1400504110&quot;,&quot;copyright&quot;:&quot;&quot;,&quot;focal_length&quot;:&quot;4.12&quot;,&quot;iso&quot;:&quot;32&quot;,&quot;shutter_speed&quot;:&quot;0.00017001020061204&quot;,&quot;title&quot;:&quot;&quot;}\" data-image-title=\"Mi pendiente llego  08\" data-image-description=\"\" data-medium-file=\"http:\/\/desireemartinphoto.com\/blog\/wp-content\/uploads\/2014\/06\/Mi-pendiente-llego-08-298x300.jpg\" data-large-file=\"http:\/\/desireemartinphoto.com\/blog\/wp-content\/uploads\/2014\/06\/Mi-pendiente-llego-08.jpg\" loading=\"lazy\" class=\"alignleft size-full wp-image-3503\" src=\"http:\/\/desireemartinphoto.com\/blog\/wp-content\/uploads\/2014\/06\/Mi-pendiente-llego-08.jpg\" alt=\"Mi pendiente llego  08\" width=\"550\" height=\"553\" srcset=\"http:\/\/desireemartinphoto.com\/blog\/wp-content\/uploads\/2014\/06\/Mi-pendiente-llego-08.jpg 550w, http:\/\/desireemartinphoto.com\/blog\/wp-content\/uploads\/2014\/06\/Mi-pendiente-llego-08-150x150.jpg 150w, http:\/\/desireemartinphoto.com\/blog\/wp-content\/uploads\/2014\/06\/Mi-pendiente-llego-08-298x300.jpg 298w\" sizes=\"(max-width: 550px) 100vw, 550px\" \/> <\/p>\n<p><img data-attachment-id=\"3504\" data-permalink=\"http:\/\/desireemartinphoto.com\/blog\/mis-argollas-canarias-juan-gil\/mi-pendiente-llego-09\/\" data-orig-file=\"http:\/\/desireemartinphoto.com\/blog\/wp-content\/uploads\/2014\/06\/Mi-pendiente-llego-09.jpg\" data-orig-size=\"550,766\" data-comments-opened=\"1\" data-image-meta=\"{&quot;aperture&quot;:&quot;2.2&quot;,&quot;credit&quot;:&quot;&quot;,&quot;camera&quot;:&quot;iPhone 5s&quot;,&quot;caption&quot;:&quot;&quot;,&quot;created_timestamp&quot;:&quot;1400504309&quot;,&quot;copyright&quot;:&quot;&quot;,&quot;focal_length&quot;:&quot;4.12&quot;,&quot;iso&quot;:&quot;32&quot;,&quot;shutter_speed&quot;:&quot;0.00355871886121&quot;,&quot;title&quot;:&quot;&quot;}\" data-image-title=\"Mi pendiente llego  09\" data-image-description=\"\" data-medium-file=\"http:\/\/desireemartinphoto.com\/blog\/wp-content\/uploads\/2014\/06\/Mi-pendiente-llego-09-215x300.jpg\" data-large-file=\"http:\/\/desireemartinphoto.com\/blog\/wp-content\/uploads\/2014\/06\/Mi-pendiente-llego-09.jpg\" loading=\"lazy\" class=\"alignleft size-full wp-image-3504\" src=\"http:\/\/desireemartinphoto.com\/blog\/wp-content\/uploads\/2014\/06\/Mi-pendiente-llego-09.jpg\" alt=\"Mi pendiente llego  09\" width=\"550\" height=\"766\" srcset=\"http:\/\/desireemartinphoto.com\/blog\/wp-content\/uploads\/2014\/06\/Mi-pendiente-llego-09.jpg 550w, http:\/\/desireemartinphoto.com\/blog\/wp-content\/uploads\/2014\/06\/Mi-pendiente-llego-09-215x300.jpg 215w\" sizes=\"(max-width: 550px) 100vw, 550px\" \/> <\/p>\n<p><img data-attachment-id=\"3505\" data-permalink=\"http:\/\/desireemartinphoto.com\/blog\/mis-argollas-canarias-juan-gil\/mi-pendiente-llego-10\/\" data-orig-file=\"http:\/\/desireemartinphoto.com\/blog\/wp-content\/uploads\/2014\/06\/Mi-pendiente-llego-10.jpg\" data-orig-size=\"550,733\" data-comments-opened=\"1\" data-image-meta=\"{&quot;aperture&quot;:&quot;2.2&quot;,&quot;credit&quot;:&quot;&quot;,&quot;camera&quot;:&quot;iPhone 5s&quot;,&quot;caption&quot;:&quot;&quot;,&quot;created_timestamp&quot;:&quot;1400504279&quot;,&quot;copyright&quot;:&quot;&quot;,&quot;focal_length&quot;:&quot;4.12&quot;,&quot;iso&quot;:&quot;40&quot;,&quot;shutter_speed&quot;:&quot;9.7002619070715E-5&quot;,&quot;title&quot;:&quot;&quot;}\" data-image-title=\"Mi pendiente llego  10\" data-image-description=\"\" data-medium-file=\"http:\/\/desireemartinphoto.com\/blog\/wp-content\/uploads\/2014\/06\/Mi-pendiente-llego-10-225x300.jpg\" data-large-file=\"http:\/\/desireemartinphoto.com\/blog\/wp-content\/uploads\/2014\/06\/Mi-pendiente-llego-10.jpg\" loading=\"lazy\" class=\"alignleft size-full wp-image-3505\" src=\"http:\/\/desireemartinphoto.com\/blog\/wp-content\/uploads\/2014\/06\/Mi-pendiente-llego-10.jpg\" alt=\"Mi pendiente llego  10\" width=\"550\" height=\"733\" srcset=\"http:\/\/desireemartinphoto.com\/blog\/wp-content\/uploads\/2014\/06\/Mi-pendiente-llego-10.jpg 550w, http:\/\/desireemartinphoto.com\/blog\/wp-content\/uploads\/2014\/06\/Mi-pendiente-llego-10-225x300.jpg 225w\" sizes=\"(max-width: 550px) 100vw, 550px\" \/> <\/p>\n<p>Una foto de WhatsApp me alegr\u00f3 el d\u00eda.. me replic\u00f3 mim orgolla!! Lo hablamos, me dijo si quieres unas nuevas .. pues ah\u00ed est\u00e1n&#8230; pero si no, d\u00e9jame esa&#8230; sin m\u00e1s explicaciones se la dej\u00e9. Yo quer\u00eda mis 8 a\u00f1os de vida con esa argolla.<\/p>\n<p>Hoy me pas\u00e9 por la tienda en La Laguna y &#8230;MAGIA.<\/p>\n<p><img data-attachment-id=\"3506\" data-permalink=\"http:\/\/desireemartinphoto.com\/blog\/mis-argollas-canarias-juan-gil\/mi-pendiente-llego-11\/\" data-orig-file=\"http:\/\/desireemartinphoto.com\/blog\/wp-content\/uploads\/2014\/06\/Mi-pendiente-llego-11.jpg\" data-orig-size=\"550,413\" data-comments-opened=\"1\" data-image-meta=\"{&quot;aperture&quot;:&quot;0&quot;,&quot;credit&quot;:&quot;&quot;,&quot;camera&quot;:&quot;&quot;,&quot;caption&quot;:&quot;&quot;,&quot;created_timestamp&quot;:&quot;0&quot;,&quot;copyright&quot;:&quot;&quot;,&quot;focal_length&quot;:&quot;0&quot;,&quot;iso&quot;:&quot;0&quot;,&quot;shutter_speed&quot;:&quot;0&quot;,&quot;title&quot;:&quot;&quot;}\" data-image-title=\"Mi pendiente llego  11\" data-image-description=\"\" data-medium-file=\"http:\/\/desireemartinphoto.com\/blog\/wp-content\/uploads\/2014\/06\/Mi-pendiente-llego-11-300x225.jpg\" data-large-file=\"http:\/\/desireemartinphoto.com\/blog\/wp-content\/uploads\/2014\/06\/Mi-pendiente-llego-11.jpg\" loading=\"lazy\" class=\"alignleft size-full wp-image-3506\" src=\"http:\/\/desireemartinphoto.com\/blog\/wp-content\/uploads\/2014\/06\/Mi-pendiente-llego-11.jpg\" alt=\"Mi pendiente llego  11\" width=\"550\" height=\"413\" srcset=\"http:\/\/desireemartinphoto.com\/blog\/wp-content\/uploads\/2014\/06\/Mi-pendiente-llego-11.jpg 550w, http:\/\/desireemartinphoto.com\/blog\/wp-content\/uploads\/2014\/06\/Mi-pendiente-llego-11-300x225.jpg 300w\" sizes=\"(max-width: 550px) 100vw, 550px\" \/> <\/p>\n<p><img data-attachment-id=\"3507\" data-permalink=\"http:\/\/desireemartinphoto.com\/blog\/mis-argollas-canarias-juan-gil\/mi-pendiente-llego-12\/\" data-orig-file=\"http:\/\/desireemartinphoto.com\/blog\/wp-content\/uploads\/2014\/06\/Mi-pendiente-llego-12.jpg\" data-orig-size=\"550,377\" data-comments-opened=\"1\" data-image-meta=\"{&quot;aperture&quot;:&quot;0&quot;,&quot;credit&quot;:&quot;&quot;,&quot;camera&quot;:&quot;&quot;,&quot;caption&quot;:&quot;&quot;,&quot;created_timestamp&quot;:&quot;0&quot;,&quot;copyright&quot;:&quot;&quot;,&quot;focal_length&quot;:&quot;0&quot;,&quot;iso&quot;:&quot;0&quot;,&quot;shutter_speed&quot;:&quot;0&quot;,&quot;title&quot;:&quot;&quot;}\" data-image-title=\"Mi pendiente llego  12\" data-image-description=\"\" data-medium-file=\"http:\/\/desireemartinphoto.com\/blog\/wp-content\/uploads\/2014\/06\/Mi-pendiente-llego-12-300x205.jpg\" data-large-file=\"http:\/\/desireemartinphoto.com\/blog\/wp-content\/uploads\/2014\/06\/Mi-pendiente-llego-12.jpg\" loading=\"lazy\" class=\"alignleft size-full wp-image-3507\" src=\"http:\/\/desireemartinphoto.com\/blog\/wp-content\/uploads\/2014\/06\/Mi-pendiente-llego-12.jpg\" alt=\"Mi pendiente llego  12\" width=\"550\" height=\"377\" srcset=\"http:\/\/desireemartinphoto.com\/blog\/wp-content\/uploads\/2014\/06\/Mi-pendiente-llego-12.jpg 550w, http:\/\/desireemartinphoto.com\/blog\/wp-content\/uploads\/2014\/06\/Mi-pendiente-llego-12-300x205.jpg 300w\" sizes=\"(max-width: 550px) 100vw, 550px\" \/> <\/p>\n<p><img data-attachment-id=\"3508\" data-permalink=\"http:\/\/desireemartinphoto.com\/blog\/mis-argollas-canarias-juan-gil\/mi-pendiente-llego-13\/\" data-orig-file=\"http:\/\/desireemartinphoto.com\/blog\/wp-content\/uploads\/2014\/06\/Mi-pendiente-llego-13.jpg\" data-orig-size=\"550,462\" data-comments-opened=\"1\" data-image-meta=\"{&quot;aperture&quot;:&quot;2.2&quot;,&quot;credit&quot;:&quot;&quot;,&quot;camera&quot;:&quot;iPhone 5s&quot;,&quot;caption&quot;:&quot;&quot;,&quot;created_timestamp&quot;:&quot;1402596068&quot;,&quot;copyright&quot;:&quot;&quot;,&quot;focal_length&quot;:&quot;4.12&quot;,&quot;iso&quot;:&quot;32&quot;,&quot;shutter_speed&quot;:&quot;0.0019723865877712&quot;,&quot;title&quot;:&quot;&quot;}\" data-image-title=\"Mi pendiente llego  13\" data-image-description=\"\" data-medium-file=\"http:\/\/desireemartinphoto.com\/blog\/wp-content\/uploads\/2014\/06\/Mi-pendiente-llego-13-300x251.jpg\" data-large-file=\"http:\/\/desireemartinphoto.com\/blog\/wp-content\/uploads\/2014\/06\/Mi-pendiente-llego-13.jpg\" loading=\"lazy\" class=\"alignleft size-full wp-image-3508\" src=\"http:\/\/desireemartinphoto.com\/blog\/wp-content\/uploads\/2014\/06\/Mi-pendiente-llego-13.jpg\" alt=\"Mi pendiente llego  13\" width=\"550\" height=\"462\" srcset=\"http:\/\/desireemartinphoto.com\/blog\/wp-content\/uploads\/2014\/06\/Mi-pendiente-llego-13.jpg 550w, http:\/\/desireemartinphoto.com\/blog\/wp-content\/uploads\/2014\/06\/Mi-pendiente-llego-13-300x251.jpg 300w\" sizes=\"(max-width: 550px) 100vw, 550px\" \/> <\/p>\n<p><img data-attachment-id=\"3509\" data-permalink=\"http:\/\/desireemartinphoto.com\/blog\/mis-argollas-canarias-juan-gil\/mi-pendiente-llego-14\/\" data-orig-file=\"http:\/\/desireemartinphoto.com\/blog\/wp-content\/uploads\/2014\/06\/Mi-pendiente-llego-14.jpg\" data-orig-size=\"550,393\" data-comments-opened=\"1\" data-image-meta=\"{&quot;aperture&quot;:&quot;2.2&quot;,&quot;credit&quot;:&quot;&quot;,&quot;camera&quot;:&quot;iPhone 5s&quot;,&quot;caption&quot;:&quot;&quot;,&quot;created_timestamp&quot;:&quot;1402596030&quot;,&quot;copyright&quot;:&quot;&quot;,&quot;focal_length&quot;:&quot;4.12&quot;,&quot;iso&quot;:&quot;64&quot;,&quot;shutter_speed&quot;:&quot;0.0083333333333333&quot;,&quot;title&quot;:&quot;&quot;}\" data-image-title=\"Mi pendiente llego  14\" data-image-description=\"\" data-medium-file=\"http:\/\/desireemartinphoto.com\/blog\/wp-content\/uploads\/2014\/06\/Mi-pendiente-llego-14-300x214.jpg\" data-large-file=\"http:\/\/desireemartinphoto.com\/blog\/wp-content\/uploads\/2014\/06\/Mi-pendiente-llego-14.jpg\" loading=\"lazy\" class=\"alignleft size-full wp-image-3509\" src=\"http:\/\/desireemartinphoto.com\/blog\/wp-content\/uploads\/2014\/06\/Mi-pendiente-llego-14.jpg\" alt=\"Mi pendiente llego  14\" width=\"550\" height=\"393\" srcset=\"http:\/\/desireemartinphoto.com\/blog\/wp-content\/uploads\/2014\/06\/Mi-pendiente-llego-14.jpg 550w, http:\/\/desireemartinphoto.com\/blog\/wp-content\/uploads\/2014\/06\/Mi-pendiente-llego-14-300x214.jpg 300w\" sizes=\"(max-width: 550px) 100vw, 550px\" \/> <\/p>\n<p><img data-attachment-id=\"3510\" data-permalink=\"http:\/\/desireemartinphoto.com\/blog\/mis-argollas-canarias-juan-gil\/mi-pendiente-llego-15\/\" data-orig-file=\"http:\/\/desireemartinphoto.com\/blog\/wp-content\/uploads\/2014\/06\/Mi-pendiente-llego-15.jpg\" data-orig-size=\"550,835\" data-comments-opened=\"1\" data-image-meta=\"{&quot;aperture&quot;:&quot;0&quot;,&quot;credit&quot;:&quot;&quot;,&quot;camera&quot;:&quot;&quot;,&quot;caption&quot;:&quot;&quot;,&quot;created_timestamp&quot;:&quot;0&quot;,&quot;copyright&quot;:&quot;&quot;,&quot;focal_length&quot;:&quot;0&quot;,&quot;iso&quot;:&quot;0&quot;,&quot;shutter_speed&quot;:&quot;0&quot;,&quot;title&quot;:&quot;&quot;}\" data-image-title=\"Mi pendiente llego  15\" data-image-description=\"\" data-medium-file=\"http:\/\/desireemartinphoto.com\/blog\/wp-content\/uploads\/2014\/06\/Mi-pendiente-llego-15-197x300.jpg\" data-large-file=\"http:\/\/desireemartinphoto.com\/blog\/wp-content\/uploads\/2014\/06\/Mi-pendiente-llego-15.jpg\" loading=\"lazy\" class=\"alignleft size-full wp-image-3510\" src=\"http:\/\/desireemartinphoto.com\/blog\/wp-content\/uploads\/2014\/06\/Mi-pendiente-llego-15.jpg\" alt=\"Mi pendiente llego  15\" width=\"550\" height=\"835\" srcset=\"http:\/\/desireemartinphoto.com\/blog\/wp-content\/uploads\/2014\/06\/Mi-pendiente-llego-15.jpg 550w, http:\/\/desireemartinphoto.com\/blog\/wp-content\/uploads\/2014\/06\/Mi-pendiente-llego-15-197x300.jpg 197w\" sizes=\"(max-width: 550px) 100vw, 550px\" \/><\/p>\n<p>&nbsp;<\/p>\n<p>&nbsp;<\/p>\n<p>&nbsp;<\/p>\n<p>GRACIAS Juan, ya no voy desnuda.<\/p>\n<p>Exquisitas.<\/p>\n<div class=\"sharedaddy sd-sharing-enabled\"><div class=\"robots-nocontent sd-block sd-social sd-social-icon-text sd-sharing\"><h3 class=\"sd-title\">COMPARTE ESTO:<\/h3><div class=\"sd-content\"><ul><li class=\"share-facebook\"><a rel=\"nofollow noopener noreferrer\" data-shared=\"sharing-facebook-3495\" class=\"share-facebook sd-button share-icon\" href=\"http:\/\/desireemartinphoto.com\/blog\/mis-argollas-canarias-juan-gil\/?share=facebook\" target=\"_blank\" title=\"Haz clic para compartir en Facebook\"><span>Facebook<\/span><\/a><\/li><li class=\"share-twitter\"><a rel=\"nofollow noopener noreferrer\" data-shared=\"sharing-twitter-3495\" class=\"share-twitter sd-button share-icon\" href=\"http:\/\/desireemartinphoto.com\/blog\/mis-argollas-canarias-juan-gil\/?share=twitter\" target=\"_blank\" title=\"Haz clic para compartir en Twitter\"><span>Twitter<\/span><\/a><\/li><li class=\"share-email\"><a rel=\"nofollow noopener noreferrer\" data-shared=\"\" class=\"share-email sd-button share-icon\" href=\"http:\/\/desireemartinphoto.com\/blog\/mis-argollas-canarias-juan-gil\/?share=email\" target=\"_blank\" title=\"Haz clic para enviar por correo electr\u00f3nico a un amigo\"><span>Correo electr\u00f3nico<\/span><\/a><\/li><li class=\"share-linkedin\"><a rel=\"nofollow noopener noreferrer\" data-shared=\"sharing-linkedin-3495\" class=\"share-linkedin sd-button share-icon\" href=\"http:\/\/desireemartinphoto.com\/blog\/mis-argollas-canarias-juan-gil\/?share=linkedin\" target=\"_blank\" title=\"Haz clic para compartir en LinkedIn\"><span>LinkedIn<\/span><\/a><\/li><li class=\"share-tumblr\"><a rel=\"nofollow noopener noreferrer\" data-shared=\"\" class=\"share-tumblr sd-button share-icon\" href=\"http:\/\/desireemartinphoto.com\/blog\/mis-argollas-canarias-juan-gil\/?share=tumblr\" target=\"_blank\" title=\"Haz clic para compartir en Tumblr\"><span>Tumblr<\/span><\/a><\/li><li class=\"share-end\"><\/li><\/ul><\/div><\/div><\/div>","protected":false},"excerpt":{"rendered":"<p>Hace unos 8 a\u00f1os me enamor\u00e9 de unas argollas canarias enormes, preciosas, con un dise\u00f1o innovador.. y las prometieron. No me llegaron de la mano de esa persona, pero si de la que deb\u00eda ser. mi madre, navidad.. \u00bfC\u00f3mo no? Ella se las ingeni\u00f3 y localiz\u00f3 al artesano. Desde ese instante esas argollas formaron parte [&#038;hellip<\/p>\n<div class=\"sharedaddy sd-sharing-enabled\"><div class=\"robots-nocontent sd-block sd-social sd-social-icon-text sd-sharing\"><h3 class=\"sd-title\">COMPARTE ESTO:<\/h3><div class=\"sd-content\"><ul><li class=\"share-facebook\"><a rel=\"nofollow noopener noreferrer\" data-shared=\"sharing-facebook-3495\" class=\"share-facebook sd-button share-icon\" href=\"http:\/\/desireemartinphoto.com\/blog\/mis-argollas-canarias-juan-gil\/?share=facebook\" target=\"_blank\" title=\"Haz clic para compartir en Facebook\"><span>Facebook<\/span><\/a><\/li><li class=\"share-twitter\"><a rel=\"nofollow noopener noreferrer\" data-shared=\"sharing-twitter-3495\" class=\"share-twitter sd-button share-icon\" href=\"http:\/\/desireemartinphoto.com\/blog\/mis-argollas-canarias-juan-gil\/?share=twitter\" target=\"_blank\" title=\"Haz clic para compartir en Twitter\"><span>Twitter<\/span><\/a><\/li><li class=\"share-email\"><a rel=\"nofollow noopener noreferrer\" data-shared=\"\" class=\"share-email sd-button share-icon\" href=\"http:\/\/desireemartinphoto.com\/blog\/mis-argollas-canarias-juan-gil\/?share=email\" target=\"_blank\" title=\"Haz clic para enviar por correo electr\u00f3nico a un amigo\"><span>Correo electr\u00f3nico<\/span><\/a><\/li><li class=\"share-linkedin\"><a rel=\"nofollow noopener noreferrer\" data-shared=\"sharing-linkedin-3495\" class=\"share-linkedin sd-button share-icon\" href=\"http:\/\/desireemartinphoto.com\/blog\/mis-argollas-canarias-juan-gil\/?share=linkedin\" target=\"_blank\" title=\"Haz clic para compartir en LinkedIn\"><span>LinkedIn<\/span><\/a><\/li><li class=\"share-tumblr\"><a rel=\"nofollow noopener noreferrer\" data-shared=\"\" class=\"share-tumblr sd-button share-icon\" href=\"http:\/\/desireemartinphoto.com\/blog\/mis-argollas-canarias-juan-gil\/?share=tumblr\" target=\"_blank\" title=\"Haz clic para compartir en Tumblr\"><span>Tumblr<\/span><\/a><\/li><li class=\"share-end\"><\/li><\/ul><\/div><\/div><\/div>","protected":false},"author":1,"featured_media":0,"comment_status":"open","ping_status":"open","sticky":false,"template":"","format":"standard","meta":{"spay_email":""},"categories":[457],"tags":[706,710,39,708,707,709],"jetpack_featured_media_url":"","jetpack_sharing_enabled":true,"_links":{"self":[{"href":"http:\/\/desireemartinphoto.com\/blog\/wp-json\/wp\/v2\/posts\/3495"}],"collection":[{"href":"http:\/\/desireemartinphoto.com\/blog\/wp-json\/wp\/v2\/posts"}],"about":[{"href":"http:\/\/desireemartinphoto.com\/blog\/wp-json\/wp\/v2\/types\/post"}],"author":[{"embeddable":true,"href":"http:\/\/desireemartinphoto.com\/blog\/wp-json\/wp\/v2\/users\/1"}],"replies":[{"embeddable":true,"href":"http:\/\/desireemartinphoto.com\/blog\/wp-json\/wp\/v2\/comments?post=3495"}],"version-history":[{"count":7,"href":"http:\/\/desireemartinphoto.com\/blog\/wp-json\/wp\/v2\/posts\/3495\/revisions"}],"predecessor-version":[{"id":3517,"href":"http:\/\/desireemartinphoto.com\/blog\/wp-json\/wp\/v2\/posts\/3495\/revisions\/3517"}],"wp:attachment":[{"href":"http:\/\/desireemartinphoto.com\/blog\/wp-json\/wp\/v2\/media?parent=3495"}],"wp:term":[{"taxonomy":"category","embeddable":true,"href":"http:\/\/desireemartinphoto.com\/blog\/wp-json\/wp\/v2\/categories?post=3495"},{"taxonomy":"post_tag","embeddable":true,"href":"http:\/\/desireemartinphoto.com\/blog\/wp-json\/wp\/v2\/tags?post=3495"}],"curies":[{"name":"wp","href":"https:\/\/api.w.org\/{rel}","templated":true}]}}