{"id":3364,"date":"2014-05-01T13:25:24","date_gmt":"2014-05-01T13:25:24","guid":{"rendered":"http:\/\/desireemartinphoto.com\/blog\/?p=3364"},"modified":"2014-05-01T14:00:52","modified_gmt":"2014-05-01T14:00:52","slug":"encuentro-de-la-cuesta14","status":"publish","type":"post","link":"http:\/\/desireemartinphoto.com\/blog\/encuentro-de-la-cuesta14\/","title":{"rendered":"ENCUENTRO de la Cuesta\u00b414"},"content":{"rendered":"<p>&nbsp;<\/p>\n<p>&nbsp;<\/p>\n<p><img data-attachment-id=\"3404\" data-permalink=\"http:\/\/desireemartinphoto.com\/blog\/encuentro-de-la-cuesta14\/encuentro-la-cuesta-2104-blog-000\/\" data-orig-file=\"http:\/\/desireemartinphoto.com\/blog\/wp-content\/uploads\/2014\/05\/Encuentro-la-Cuesta-2104-BLOG-000.jpg\" data-orig-size=\"550,367\" data-comments-opened=\"1\" data-image-meta=\"{&quot;aperture&quot;:&quot;0&quot;,&quot;credit&quot;:&quot;&quot;,&quot;camera&quot;:&quot;&quot;,&quot;caption&quot;:&quot;&quot;,&quot;created_timestamp&quot;:&quot;1397769722&quot;,&quot;copyright&quot;:&quot;&quot;,&quot;focal_length&quot;:&quot;0&quot;,&quot;iso&quot;:&quot;0&quot;,&quot;shutter_speed&quot;:&quot;0&quot;,&quot;title&quot;:&quot;&quot;,&quot;orientation&quot;:&quot;1&quot;}\" data-image-title=\"Encuentro la Cuesta 2104 BLOG  000\" data-image-description=\"\" data-medium-file=\"http:\/\/desireemartinphoto.com\/blog\/wp-content\/uploads\/2014\/05\/Encuentro-la-Cuesta-2104-BLOG-000-300x200.jpg\" data-large-file=\"http:\/\/desireemartinphoto.com\/blog\/wp-content\/uploads\/2014\/05\/Encuentro-la-Cuesta-2104-BLOG-000.jpg\" loading=\"lazy\" class=\"alignleft size-full wp-image-3404\" src=\"http:\/\/desireemartinphoto.com\/blog\/wp-content\/uploads\/2014\/05\/Encuentro-la-Cuesta-2104-BLOG-000.jpg\" alt=\"Encuentro la Cuesta 2104 BLOG  000\" width=\"550\" height=\"367\" srcset=\"http:\/\/desireemartinphoto.com\/blog\/wp-content\/uploads\/2014\/05\/Encuentro-la-Cuesta-2104-BLOG-000.jpg 550w, http:\/\/desireemartinphoto.com\/blog\/wp-content\/uploads\/2014\/05\/Encuentro-la-Cuesta-2104-BLOG-000-300x200.jpg 300w\" sizes=\"(max-width: 550px) 100vw, 550px\" \/><\/p>\n<p>&nbsp;<\/p>\n<p>&nbsp;<\/p>\n<p>&nbsp;<\/p>\n<p>El a\u00f1o pasado estuve de reportaje con los costaleros que llevan <span style=\"color: #000000;\">Nuestro Padre Jes\u00fas Cautivo ante Caif\u00e1s<\/span>, en el Barrio de La Candelaria, La Cuesta, La Laguna, as\u00ed que este a\u00f1o me decid\u00ed por hacer el ENCUENTRO DE LA CUESTA, el encuentro tradicional entre Mar\u00eda y su hijo, desde el lado de los costaleros y costaleras de<span style=\"color: #000000;\">\u00a0Mar\u00eda Sant\u00edsima de los Dolores<\/span>, de la Iglesia de La Cuesta de Aguj\u00f3n.<\/p>\n<p>&nbsp;<\/p>\n<p>El trabajo lo realic\u00e9 por encargo para AFP pero, c\u00f3mo siempre, un poco para mi.<\/p>\n<p>&nbsp;<\/p>\n<p>Cuando acab\u00e9 el reportaje, varias horas de seguimiento, decid\u00ed no publicar el tema en el blog , no se, no me parec\u00eda que aportara mucho\u2026<\/p>\n<p>&nbsp;<\/p>\n<p>Mientras le daba\u00a0 vueltas, alguien me hace un comentario en mi BLOG en mi la entrada del a\u00f1o pasado de este mismo tema \u2026y he decidido publicarlo.<\/p>\n<p>&nbsp;<\/p>\n<p><a href=\"http:\/\/desireemartinphoto.com\/blog\/?p=1761\">http:\/\/desireemartinphoto.com\/blog\/?p=1761<\/a><\/p>\n<p>&nbsp;<\/p>\n<p>En realidad he logrado alguna imagen diferente y \u2026me emocion\u00f3 much\u00edsimo leer lo que me escribi\u00f3 esta persona, Alejandro, creo que se llama\u2026<\/p>\n<p>&nbsp;<\/p>\n<p>A veces pienso que el trabajo no trasciende m\u00e1s all\u00e1 de los encargos, de las publicaciones puntuales en el exterior\u2026 y de pronto me sorprendo con que hay personas que me siguen\u2026 ALEJANDRO, va por t\u00ed.<\/p>\n<p>&nbsp;<\/p>\n<p>&nbsp;<\/p>\n<p><img data-attachment-id=\"3365\" data-permalink=\"http:\/\/desireemartinphoto.com\/blog\/encuentro-de-la-cuesta14\/encuentro-la-cuesta-2104-blog-cep-02\/\" data-orig-file=\"http:\/\/desireemartinphoto.com\/blog\/wp-content\/uploads\/2014\/05\/Encuentro-la-Cuesta-2104-BLOG-CEP-02.jpg\" data-orig-size=\"550,336\" data-comments-opened=\"1\" data-image-meta=\"{&quot;aperture&quot;:&quot;0&quot;,&quot;credit&quot;:&quot;&quot;,&quot;camera&quot;:&quot;&quot;,&quot;caption&quot;:&quot;&quot;,&quot;created_timestamp&quot;:&quot;1397769204&quot;,&quot;copyright&quot;:&quot;&quot;,&quot;focal_length&quot;:&quot;0&quot;,&quot;iso&quot;:&quot;0&quot;,&quot;shutter_speed&quot;:&quot;0&quot;,&quot;title&quot;:&quot;&quot;}\" data-image-title=\"Encuentro la Cuesta 2104 BLOG  CEP 02\" data-image-description=\"\" data-medium-file=\"http:\/\/desireemartinphoto.com\/blog\/wp-content\/uploads\/2014\/05\/Encuentro-la-Cuesta-2104-BLOG-CEP-02-300x183.jpg\" data-large-file=\"http:\/\/desireemartinphoto.com\/blog\/wp-content\/uploads\/2014\/05\/Encuentro-la-Cuesta-2104-BLOG-CEP-02.jpg\" loading=\"lazy\" class=\"alignleft size-full wp-image-3365\" src=\"http:\/\/desireemartinphoto.com\/blog\/wp-content\/uploads\/2014\/05\/Encuentro-la-Cuesta-2104-BLOG-CEP-02.jpg\" alt=\"Encuentro la Cuesta 2104 BLOG  CEP 02\" width=\"550\" height=\"336\" srcset=\"http:\/\/desireemartinphoto.com\/blog\/wp-content\/uploads\/2014\/05\/Encuentro-la-Cuesta-2104-BLOG-CEP-02.jpg 550w, http:\/\/desireemartinphoto.com\/blog\/wp-content\/uploads\/2014\/05\/Encuentro-la-Cuesta-2104-BLOG-CEP-02-300x183.jpg 300w\" sizes=\"(max-width: 550px) 100vw, 550px\" \/><\/p>\n<p><img data-attachment-id=\"3366\" data-permalink=\"http:\/\/desireemartinphoto.com\/blog\/encuentro-de-la-cuesta14\/encuentro-la-cuesta-2104-blog-cep-03\/\" data-orig-file=\"http:\/\/desireemartinphoto.com\/blog\/wp-content\/uploads\/2014\/05\/Encuentro-la-Cuesta-2104-BLOG-CEP-03.jpg\" data-orig-size=\"550,433\" data-comments-opened=\"1\" data-image-meta=\"{&quot;aperture&quot;:&quot;0&quot;,&quot;credit&quot;:&quot;&quot;,&quot;camera&quot;:&quot;&quot;,&quot;caption&quot;:&quot;&quot;,&quot;created_timestamp&quot;:&quot;1397769219&quot;,&quot;copyright&quot;:&quot;&quot;,&quot;focal_length&quot;:&quot;0&quot;,&quot;iso&quot;:&quot;0&quot;,&quot;shutter_speed&quot;:&quot;0&quot;,&quot;title&quot;:&quot;&quot;}\" data-image-title=\"Encuentro la Cuesta 2104 BLOG CEP 03\" data-image-description=\"\" data-medium-file=\"http:\/\/desireemartinphoto.com\/blog\/wp-content\/uploads\/2014\/05\/Encuentro-la-Cuesta-2104-BLOG-CEP-03-300x236.jpg\" data-large-file=\"http:\/\/desireemartinphoto.com\/blog\/wp-content\/uploads\/2014\/05\/Encuentro-la-Cuesta-2104-BLOG-CEP-03.jpg\" loading=\"lazy\" class=\"alignleft size-full wp-image-3366\" src=\"http:\/\/desireemartinphoto.com\/blog\/wp-content\/uploads\/2014\/05\/Encuentro-la-Cuesta-2104-BLOG-CEP-03.jpg\" alt=\"Encuentro la Cuesta 2104 BLOG CEP 03\" width=\"550\" height=\"433\" srcset=\"http:\/\/desireemartinphoto.com\/blog\/wp-content\/uploads\/2014\/05\/Encuentro-la-Cuesta-2104-BLOG-CEP-03.jpg 550w, http:\/\/desireemartinphoto.com\/blog\/wp-content\/uploads\/2014\/05\/Encuentro-la-Cuesta-2104-BLOG-CEP-03-300x236.jpg 300w\" sizes=\"(max-width: 550px) 100vw, 550px\" \/><\/p>\n<p><img data-attachment-id=\"3367\" data-permalink=\"http:\/\/desireemartinphoto.com\/blog\/encuentro-de-la-cuesta14\/encuentro-la-cuesta-2104-blog-cep-04\/\" data-orig-file=\"http:\/\/desireemartinphoto.com\/blog\/wp-content\/uploads\/2014\/05\/Encuentro-la-Cuesta-2104-BLOG-CEP-04.jpg\" data-orig-size=\"550,322\" data-comments-opened=\"1\" data-image-meta=\"{&quot;aperture&quot;:&quot;0&quot;,&quot;credit&quot;:&quot;&quot;,&quot;camera&quot;:&quot;&quot;,&quot;caption&quot;:&quot;&quot;,&quot;created_timestamp&quot;:&quot;1397769195&quot;,&quot;copyright&quot;:&quot;&quot;,&quot;focal_length&quot;:&quot;0&quot;,&quot;iso&quot;:&quot;0&quot;,&quot;shutter_speed&quot;:&quot;0&quot;,&quot;title&quot;:&quot;&quot;}\" data-image-title=\"Encuentro la Cuesta 2104 BLOG CEP 04\" data-image-description=\"\" data-medium-file=\"http:\/\/desireemartinphoto.com\/blog\/wp-content\/uploads\/2014\/05\/Encuentro-la-Cuesta-2104-BLOG-CEP-04-300x175.jpg\" data-large-file=\"http:\/\/desireemartinphoto.com\/blog\/wp-content\/uploads\/2014\/05\/Encuentro-la-Cuesta-2104-BLOG-CEP-04.jpg\" loading=\"lazy\" class=\"alignleft size-full wp-image-3367\" src=\"http:\/\/desireemartinphoto.com\/blog\/wp-content\/uploads\/2014\/05\/Encuentro-la-Cuesta-2104-BLOG-CEP-04.jpg\" alt=\"Encuentro la Cuesta 2104 BLOG CEP 04\" width=\"550\" height=\"322\" srcset=\"http:\/\/desireemartinphoto.com\/blog\/wp-content\/uploads\/2014\/05\/Encuentro-la-Cuesta-2104-BLOG-CEP-04.jpg 550w, http:\/\/desireemartinphoto.com\/blog\/wp-content\/uploads\/2014\/05\/Encuentro-la-Cuesta-2104-BLOG-CEP-04-300x175.jpg 300w\" sizes=\"(max-width: 550px) 100vw, 550px\" \/><\/p>\n<p><img data-attachment-id=\"3368\" data-permalink=\"http:\/\/desireemartinphoto.com\/blog\/encuentro-de-la-cuesta14\/encuentro-la-cuesta-2104-blog-cep-05\/\" data-orig-file=\"http:\/\/desireemartinphoto.com\/blog\/wp-content\/uploads\/2014\/05\/Encuentro-la-Cuesta-2104-BLOG-CEP-05.jpg\" data-orig-size=\"550,322\" data-comments-opened=\"1\" data-image-meta=\"{&quot;aperture&quot;:&quot;0&quot;,&quot;credit&quot;:&quot;&quot;,&quot;camera&quot;:&quot;&quot;,&quot;caption&quot;:&quot;&quot;,&quot;created_timestamp&quot;:&quot;1397769260&quot;,&quot;copyright&quot;:&quot;&quot;,&quot;focal_length&quot;:&quot;0&quot;,&quot;iso&quot;:&quot;0&quot;,&quot;shutter_speed&quot;:&quot;0&quot;,&quot;title&quot;:&quot;&quot;}\" data-image-title=\"Encuentro la Cuesta 2104 BLOG CEP 05\" data-image-description=\"\" data-medium-file=\"http:\/\/desireemartinphoto.com\/blog\/wp-content\/uploads\/2014\/05\/Encuentro-la-Cuesta-2104-BLOG-CEP-05-300x175.jpg\" data-large-file=\"http:\/\/desireemartinphoto.com\/blog\/wp-content\/uploads\/2014\/05\/Encuentro-la-Cuesta-2104-BLOG-CEP-05.jpg\" loading=\"lazy\" class=\"alignleft size-full wp-image-3368\" src=\"http:\/\/desireemartinphoto.com\/blog\/wp-content\/uploads\/2014\/05\/Encuentro-la-Cuesta-2104-BLOG-CEP-05.jpg\" alt=\"Encuentro la Cuesta 2104 BLOG CEP 05\" width=\"550\" height=\"322\" srcset=\"http:\/\/desireemartinphoto.com\/blog\/wp-content\/uploads\/2014\/05\/Encuentro-la-Cuesta-2104-BLOG-CEP-05.jpg 550w, http:\/\/desireemartinphoto.com\/blog\/wp-content\/uploads\/2014\/05\/Encuentro-la-Cuesta-2104-BLOG-CEP-05-300x175.jpg 300w\" sizes=\"(max-width: 550px) 100vw, 550px\" \/><\/p>\n<p><img data-attachment-id=\"3369\" data-permalink=\"http:\/\/desireemartinphoto.com\/blog\/encuentro-de-la-cuesta14\/encuentro-la-cuesta-2104-blog-cep-06\/\" data-orig-file=\"http:\/\/desireemartinphoto.com\/blog\/wp-content\/uploads\/2014\/05\/Encuentro-la-Cuesta-2104-BLOG-CEP-06.jpg\" data-orig-size=\"550,399\" data-comments-opened=\"1\" data-image-meta=\"{&quot;aperture&quot;:&quot;0&quot;,&quot;credit&quot;:&quot;&quot;,&quot;camera&quot;:&quot;&quot;,&quot;caption&quot;:&quot;&quot;,&quot;created_timestamp&quot;:&quot;1397769309&quot;,&quot;copyright&quot;:&quot;&quot;,&quot;focal_length&quot;:&quot;0&quot;,&quot;iso&quot;:&quot;0&quot;,&quot;shutter_speed&quot;:&quot;0&quot;,&quot;title&quot;:&quot;&quot;}\" data-image-title=\"Encuentro la Cuesta 2104 BLOG CEP 06\" data-image-description=\"\" data-medium-file=\"http:\/\/desireemartinphoto.com\/blog\/wp-content\/uploads\/2014\/05\/Encuentro-la-Cuesta-2104-BLOG-CEP-06-300x217.jpg\" data-large-file=\"http:\/\/desireemartinphoto.com\/blog\/wp-content\/uploads\/2014\/05\/Encuentro-la-Cuesta-2104-BLOG-CEP-06.jpg\" loading=\"lazy\" class=\"alignleft size-full wp-image-3369\" src=\"http:\/\/desireemartinphoto.com\/blog\/wp-content\/uploads\/2014\/05\/Encuentro-la-Cuesta-2104-BLOG-CEP-06.jpg\" alt=\"Encuentro la Cuesta 2104 BLOG CEP 06\" width=\"550\" height=\"399\" srcset=\"http:\/\/desireemartinphoto.com\/blog\/wp-content\/uploads\/2014\/05\/Encuentro-la-Cuesta-2104-BLOG-CEP-06.jpg 550w, http:\/\/desireemartinphoto.com\/blog\/wp-content\/uploads\/2014\/05\/Encuentro-la-Cuesta-2104-BLOG-CEP-06-300x217.jpg 300w\" sizes=\"(max-width: 550px) 100vw, 550px\" \/><\/p>\n<p><img data-attachment-id=\"3370\" data-permalink=\"http:\/\/desireemartinphoto.com\/blog\/encuentro-de-la-cuesta14\/encuentro-la-cuesta-2104-blog-cep-07\/\" data-orig-file=\"http:\/\/desireemartinphoto.com\/blog\/wp-content\/uploads\/2014\/05\/Encuentro-la-Cuesta-2104-BLOG-CEP-07.jpg\" data-orig-size=\"550,383\" data-comments-opened=\"1\" data-image-meta=\"{&quot;aperture&quot;:&quot;0&quot;,&quot;credit&quot;:&quot;&quot;,&quot;camera&quot;:&quot;&quot;,&quot;caption&quot;:&quot;&quot;,&quot;created_timestamp&quot;:&quot;1397769235&quot;,&quot;copyright&quot;:&quot;&quot;,&quot;focal_length&quot;:&quot;0&quot;,&quot;iso&quot;:&quot;0&quot;,&quot;shutter_speed&quot;:&quot;0&quot;,&quot;title&quot;:&quot;&quot;}\" data-image-title=\"Encuentro la Cuesta 2104 BLOG CEP 07\" data-image-description=\"\" data-medium-file=\"http:\/\/desireemartinphoto.com\/blog\/wp-content\/uploads\/2014\/05\/Encuentro-la-Cuesta-2104-BLOG-CEP-07-300x208.jpg\" data-large-file=\"http:\/\/desireemartinphoto.com\/blog\/wp-content\/uploads\/2014\/05\/Encuentro-la-Cuesta-2104-BLOG-CEP-07.jpg\" loading=\"lazy\" class=\"alignleft size-full wp-image-3370\" src=\"http:\/\/desireemartinphoto.com\/blog\/wp-content\/uploads\/2014\/05\/Encuentro-la-Cuesta-2104-BLOG-CEP-07.jpg\" alt=\"Encuentro la Cuesta 2104 BLOG CEP 07\" width=\"550\" height=\"383\" srcset=\"http:\/\/desireemartinphoto.com\/blog\/wp-content\/uploads\/2014\/05\/Encuentro-la-Cuesta-2104-BLOG-CEP-07.jpg 550w, http:\/\/desireemartinphoto.com\/blog\/wp-content\/uploads\/2014\/05\/Encuentro-la-Cuesta-2104-BLOG-CEP-07-300x208.jpg 300w\" sizes=\"(max-width: 550px) 100vw, 550px\" \/><\/p>\n<p><img data-attachment-id=\"3371\" data-permalink=\"http:\/\/desireemartinphoto.com\/blog\/encuentro-de-la-cuesta14\/encuentro-la-cuesta-2104-blog-cep-08\/\" data-orig-file=\"http:\/\/desireemartinphoto.com\/blog\/wp-content\/uploads\/2014\/05\/Encuentro-la-Cuesta-2104-BLOG-CEP-08.jpg\" data-orig-size=\"550,367\" data-comments-opened=\"1\" data-image-meta=\"{&quot;aperture&quot;:&quot;0&quot;,&quot;credit&quot;:&quot;&quot;,&quot;camera&quot;:&quot;&quot;,&quot;caption&quot;:&quot;&quot;,&quot;created_timestamp&quot;:&quot;1397769326&quot;,&quot;copyright&quot;:&quot;&quot;,&quot;focal_length&quot;:&quot;0&quot;,&quot;iso&quot;:&quot;0&quot;,&quot;shutter_speed&quot;:&quot;0&quot;,&quot;title&quot;:&quot;&quot;}\" data-image-title=\"Encuentro la Cuesta 2104 BLOG CEP 08\" data-image-description=\"\" data-medium-file=\"http:\/\/desireemartinphoto.com\/blog\/wp-content\/uploads\/2014\/05\/Encuentro-la-Cuesta-2104-BLOG-CEP-08-300x200.jpg\" data-large-file=\"http:\/\/desireemartinphoto.com\/blog\/wp-content\/uploads\/2014\/05\/Encuentro-la-Cuesta-2104-BLOG-CEP-08.jpg\" loading=\"lazy\" class=\"alignleft size-full wp-image-3371\" src=\"http:\/\/desireemartinphoto.com\/blog\/wp-content\/uploads\/2014\/05\/Encuentro-la-Cuesta-2104-BLOG-CEP-08.jpg\" alt=\"Encuentro la Cuesta 2104 BLOG CEP 08\" width=\"550\" height=\"367\" srcset=\"http:\/\/desireemartinphoto.com\/blog\/wp-content\/uploads\/2014\/05\/Encuentro-la-Cuesta-2104-BLOG-CEP-08.jpg 550w, http:\/\/desireemartinphoto.com\/blog\/wp-content\/uploads\/2014\/05\/Encuentro-la-Cuesta-2104-BLOG-CEP-08-300x200.jpg 300w\" sizes=\"(max-width: 550px) 100vw, 550px\" \/><\/p>\n<p><img data-attachment-id=\"3409\" data-permalink=\"http:\/\/desireemartinphoto.com\/blog\/encuentro-de-la-cuesta14\/encuentro-la-cuesta-2104-blog-cep-40-3\/\" data-orig-file=\"http:\/\/desireemartinphoto.com\/blog\/wp-content\/uploads\/2014\/05\/Encuentro-la-Cuesta-2104-BLOG-CEP-402.jpg\" data-orig-size=\"550,196\" data-comments-opened=\"1\" data-image-meta=\"{&quot;aperture&quot;:&quot;0&quot;,&quot;credit&quot;:&quot;&quot;,&quot;camera&quot;:&quot;&quot;,&quot;caption&quot;:&quot;&quot;,&quot;created_timestamp&quot;:&quot;0&quot;,&quot;copyright&quot;:&quot;&quot;,&quot;focal_length&quot;:&quot;0&quot;,&quot;iso&quot;:&quot;0&quot;,&quot;shutter_speed&quot;:&quot;0&quot;,&quot;title&quot;:&quot;&quot;}\" data-image-title=\"Encuentro la Cuesta 2104 BLOG CEP 40\" data-image-description=\"\" data-medium-file=\"http:\/\/desireemartinphoto.com\/blog\/wp-content\/uploads\/2014\/05\/Encuentro-la-Cuesta-2104-BLOG-CEP-402-300x106.jpg\" data-large-file=\"http:\/\/desireemartinphoto.com\/blog\/wp-content\/uploads\/2014\/05\/Encuentro-la-Cuesta-2104-BLOG-CEP-402.jpg\" loading=\"lazy\" class=\"aligncenter size-full wp-image-3409\" src=\"http:\/\/desireemartinphoto.com\/blog\/wp-content\/uploads\/2014\/05\/Encuentro-la-Cuesta-2104-BLOG-CEP-402.jpg\" alt=\"Encuentro la Cuesta 2104 BLOG CEP 40\" width=\"550\" height=\"196\" srcset=\"http:\/\/desireemartinphoto.com\/blog\/wp-content\/uploads\/2014\/05\/Encuentro-la-Cuesta-2104-BLOG-CEP-402.jpg 550w, http:\/\/desireemartinphoto.com\/blog\/wp-content\/uploads\/2014\/05\/Encuentro-la-Cuesta-2104-BLOG-CEP-402-300x106.jpg 300w\" sizes=\"(max-width: 550px) 100vw, 550px\" \/><\/p>\n<p><img data-attachment-id=\"3372\" data-permalink=\"http:\/\/desireemartinphoto.com\/blog\/encuentro-de-la-cuesta14\/encuentro-la-cuesta-2104-blog-cep-09\/\" data-orig-file=\"http:\/\/desireemartinphoto.com\/blog\/wp-content\/uploads\/2014\/05\/Encuentro-la-Cuesta-2104-BLOG-CEP-09.jpg\" data-orig-size=\"550,292\" data-comments-opened=\"1\" data-image-meta=\"{&quot;aperture&quot;:&quot;0&quot;,&quot;credit&quot;:&quot;&quot;,&quot;camera&quot;:&quot;&quot;,&quot;caption&quot;:&quot;&quot;,&quot;created_timestamp&quot;:&quot;1397769344&quot;,&quot;copyright&quot;:&quot;&quot;,&quot;focal_length&quot;:&quot;0&quot;,&quot;iso&quot;:&quot;0&quot;,&quot;shutter_speed&quot;:&quot;0&quot;,&quot;title&quot;:&quot;&quot;}\" data-image-title=\"Encuentro la Cuesta 2104 BLOG CEP 09\" data-image-description=\"\" data-medium-file=\"http:\/\/desireemartinphoto.com\/blog\/wp-content\/uploads\/2014\/05\/Encuentro-la-Cuesta-2104-BLOG-CEP-09-300x159.jpg\" data-large-file=\"http:\/\/desireemartinphoto.com\/blog\/wp-content\/uploads\/2014\/05\/Encuentro-la-Cuesta-2104-BLOG-CEP-09.jpg\" loading=\"lazy\" class=\"alignleft size-full wp-image-3372\" src=\"http:\/\/desireemartinphoto.com\/blog\/wp-content\/uploads\/2014\/05\/Encuentro-la-Cuesta-2104-BLOG-CEP-09.jpg\" alt=\"Encuentro la Cuesta 2104 BLOG CEP 09\" width=\"550\" height=\"292\" srcset=\"http:\/\/desireemartinphoto.com\/blog\/wp-content\/uploads\/2014\/05\/Encuentro-la-Cuesta-2104-BLOG-CEP-09.jpg 550w, http:\/\/desireemartinphoto.com\/blog\/wp-content\/uploads\/2014\/05\/Encuentro-la-Cuesta-2104-BLOG-CEP-09-300x159.jpg 300w\" sizes=\"(max-width: 550px) 100vw, 550px\" \/><\/p>\n<p><img data-attachment-id=\"3373\" data-permalink=\"http:\/\/desireemartinphoto.com\/blog\/encuentro-de-la-cuesta14\/encuentro-la-cuesta-2104-blog-cep-10\/\" data-orig-file=\"http:\/\/desireemartinphoto.com\/blog\/wp-content\/uploads\/2014\/05\/Encuentro-la-Cuesta-2104-BLOG-CEP-10.jpg\" data-orig-size=\"550,454\" data-comments-opened=\"1\" data-image-meta=\"{&quot;aperture&quot;:&quot;0&quot;,&quot;credit&quot;:&quot;&quot;,&quot;camera&quot;:&quot;&quot;,&quot;caption&quot;:&quot;&quot;,&quot;created_timestamp&quot;:&quot;1397769352&quot;,&quot;copyright&quot;:&quot;&quot;,&quot;focal_length&quot;:&quot;0&quot;,&quot;iso&quot;:&quot;0&quot;,&quot;shutter_speed&quot;:&quot;0&quot;,&quot;title&quot;:&quot;&quot;}\" data-image-title=\"Encuentro la Cuesta 2104 BLOG CEP 10\" data-image-description=\"\" data-medium-file=\"http:\/\/desireemartinphoto.com\/blog\/wp-content\/uploads\/2014\/05\/Encuentro-la-Cuesta-2104-BLOG-CEP-10-300x247.jpg\" data-large-file=\"http:\/\/desireemartinphoto.com\/blog\/wp-content\/uploads\/2014\/05\/Encuentro-la-Cuesta-2104-BLOG-CEP-10.jpg\" loading=\"lazy\" class=\"alignleft size-full wp-image-3373\" src=\"http:\/\/desireemartinphoto.com\/blog\/wp-content\/uploads\/2014\/05\/Encuentro-la-Cuesta-2104-BLOG-CEP-10.jpg\" alt=\"Encuentro la Cuesta 2104 BLOG CEP 10\" width=\"550\" height=\"454\" srcset=\"http:\/\/desireemartinphoto.com\/blog\/wp-content\/uploads\/2014\/05\/Encuentro-la-Cuesta-2104-BLOG-CEP-10.jpg 550w, http:\/\/desireemartinphoto.com\/blog\/wp-content\/uploads\/2014\/05\/Encuentro-la-Cuesta-2104-BLOG-CEP-10-300x247.jpg 300w\" sizes=\"(max-width: 550px) 100vw, 550px\" \/><\/p>\n<p><img data-attachment-id=\"3374\" data-permalink=\"http:\/\/desireemartinphoto.com\/blog\/encuentro-de-la-cuesta14\/encuentro-la-cuesta-2104-blog-cep-11\/\" data-orig-file=\"http:\/\/desireemartinphoto.com\/blog\/wp-content\/uploads\/2014\/05\/Encuentro-la-Cuesta-2104-BLOG-CEP-11.jpg\" data-orig-size=\"550,367\" data-comments-opened=\"1\" data-image-meta=\"{&quot;aperture&quot;:&quot;0&quot;,&quot;credit&quot;:&quot;&quot;,&quot;camera&quot;:&quot;&quot;,&quot;caption&quot;:&quot;&quot;,&quot;created_timestamp&quot;:&quot;1397769360&quot;,&quot;copyright&quot;:&quot;&quot;,&quot;focal_length&quot;:&quot;0&quot;,&quot;iso&quot;:&quot;0&quot;,&quot;shutter_speed&quot;:&quot;0&quot;,&quot;title&quot;:&quot;&quot;}\" data-image-title=\"Encuentro la Cuesta 2104 BLOG CEP 11\" data-image-description=\"\" data-medium-file=\"http:\/\/desireemartinphoto.com\/blog\/wp-content\/uploads\/2014\/05\/Encuentro-la-Cuesta-2104-BLOG-CEP-11-300x200.jpg\" data-large-file=\"http:\/\/desireemartinphoto.com\/blog\/wp-content\/uploads\/2014\/05\/Encuentro-la-Cuesta-2104-BLOG-CEP-11.jpg\" loading=\"lazy\" class=\"alignleft size-full wp-image-3374\" src=\"http:\/\/desireemartinphoto.com\/blog\/wp-content\/uploads\/2014\/05\/Encuentro-la-Cuesta-2104-BLOG-CEP-11.jpg\" alt=\"Encuentro la Cuesta 2104 BLOG CEP 11\" width=\"550\" height=\"367\" srcset=\"http:\/\/desireemartinphoto.com\/blog\/wp-content\/uploads\/2014\/05\/Encuentro-la-Cuesta-2104-BLOG-CEP-11.jpg 550w, http:\/\/desireemartinphoto.com\/blog\/wp-content\/uploads\/2014\/05\/Encuentro-la-Cuesta-2104-BLOG-CEP-11-300x200.jpg 300w\" sizes=\"(max-width: 550px) 100vw, 550px\" \/><\/p>\n<p><img data-attachment-id=\"3375\" data-permalink=\"http:\/\/desireemartinphoto.com\/blog\/encuentro-de-la-cuesta14\/encuentro-la-cuesta-2104-blog-cep-12\/\" data-orig-file=\"http:\/\/desireemartinphoto.com\/blog\/wp-content\/uploads\/2014\/05\/Encuentro-la-Cuesta-2104-BLOG-CEP-12.jpg\" data-orig-size=\"550,782\" data-comments-opened=\"1\" data-image-meta=\"{&quot;aperture&quot;:&quot;0&quot;,&quot;credit&quot;:&quot;&quot;,&quot;camera&quot;:&quot;&quot;,&quot;caption&quot;:&quot;&quot;,&quot;created_timestamp&quot;:&quot;1397769370&quot;,&quot;copyright&quot;:&quot;&quot;,&quot;focal_length&quot;:&quot;0&quot;,&quot;iso&quot;:&quot;0&quot;,&quot;shutter_speed&quot;:&quot;0&quot;,&quot;title&quot;:&quot;&quot;}\" data-image-title=\"Encuentro la Cuesta 2104 BLOG CEP 12\" data-image-description=\"\" data-medium-file=\"http:\/\/desireemartinphoto.com\/blog\/wp-content\/uploads\/2014\/05\/Encuentro-la-Cuesta-2104-BLOG-CEP-12-210x300.jpg\" data-large-file=\"http:\/\/desireemartinphoto.com\/blog\/wp-content\/uploads\/2014\/05\/Encuentro-la-Cuesta-2104-BLOG-CEP-12.jpg\" loading=\"lazy\" class=\"alignleft size-full wp-image-3375\" src=\"http:\/\/desireemartinphoto.com\/blog\/wp-content\/uploads\/2014\/05\/Encuentro-la-Cuesta-2104-BLOG-CEP-12.jpg\" alt=\"Encuentro la Cuesta 2104 BLOG CEP 12\" width=\"550\" height=\"782\" srcset=\"http:\/\/desireemartinphoto.com\/blog\/wp-content\/uploads\/2014\/05\/Encuentro-la-Cuesta-2104-BLOG-CEP-12.jpg 550w, http:\/\/desireemartinphoto.com\/blog\/wp-content\/uploads\/2014\/05\/Encuentro-la-Cuesta-2104-BLOG-CEP-12-210x300.jpg 210w\" sizes=\"(max-width: 550px) 100vw, 550px\" \/><\/p>\n<p><img data-attachment-id=\"3376\" data-permalink=\"http:\/\/desireemartinphoto.com\/blog\/encuentro-de-la-cuesta14\/encuentro-la-cuesta-2104-blog-cep-13\/\" data-orig-file=\"http:\/\/desireemartinphoto.com\/blog\/wp-content\/uploads\/2014\/05\/Encuentro-la-Cuesta-2104-BLOG-CEP-13.jpg\" data-orig-size=\"550,367\" data-comments-opened=\"1\" data-image-meta=\"{&quot;aperture&quot;:&quot;0&quot;,&quot;credit&quot;:&quot;&quot;,&quot;camera&quot;:&quot;&quot;,&quot;caption&quot;:&quot;&quot;,&quot;created_timestamp&quot;:&quot;1397769377&quot;,&quot;copyright&quot;:&quot;&quot;,&quot;focal_length&quot;:&quot;0&quot;,&quot;iso&quot;:&quot;0&quot;,&quot;shutter_speed&quot;:&quot;0&quot;,&quot;title&quot;:&quot;&quot;}\" data-image-title=\"Encuentro la Cuesta 2104 BLOG CEP 13\" data-image-description=\"\" data-medium-file=\"http:\/\/desireemartinphoto.com\/blog\/wp-content\/uploads\/2014\/05\/Encuentro-la-Cuesta-2104-BLOG-CEP-13-300x200.jpg\" data-large-file=\"http:\/\/desireemartinphoto.com\/blog\/wp-content\/uploads\/2014\/05\/Encuentro-la-Cuesta-2104-BLOG-CEP-13.jpg\" loading=\"lazy\" class=\"alignleft size-full wp-image-3376\" src=\"http:\/\/desireemartinphoto.com\/blog\/wp-content\/uploads\/2014\/05\/Encuentro-la-Cuesta-2104-BLOG-CEP-13.jpg\" alt=\"Encuentro la Cuesta 2104 BLOG CEP 13\" width=\"550\" height=\"367\" srcset=\"http:\/\/desireemartinphoto.com\/blog\/wp-content\/uploads\/2014\/05\/Encuentro-la-Cuesta-2104-BLOG-CEP-13.jpg 550w, http:\/\/desireemartinphoto.com\/blog\/wp-content\/uploads\/2014\/05\/Encuentro-la-Cuesta-2104-BLOG-CEP-13-300x200.jpg 300w\" sizes=\"(max-width: 550px) 100vw, 550px\" \/><\/p>\n<p><img data-attachment-id=\"3377\" data-permalink=\"http:\/\/desireemartinphoto.com\/blog\/encuentro-de-la-cuesta14\/encuentro-la-cuesta-2104-blog-cep-14\/\" data-orig-file=\"http:\/\/desireemartinphoto.com\/blog\/wp-content\/uploads\/2014\/05\/Encuentro-la-Cuesta-2104-BLOG-CEP-14.jpg\" data-orig-size=\"550,274\" data-comments-opened=\"1\" data-image-meta=\"{&quot;aperture&quot;:&quot;0&quot;,&quot;credit&quot;:&quot;&quot;,&quot;camera&quot;:&quot;&quot;,&quot;caption&quot;:&quot;&quot;,&quot;created_timestamp&quot;:&quot;1397769402&quot;,&quot;copyright&quot;:&quot;&quot;,&quot;focal_length&quot;:&quot;0&quot;,&quot;iso&quot;:&quot;0&quot;,&quot;shutter_speed&quot;:&quot;0&quot;,&quot;title&quot;:&quot;&quot;}\" data-image-title=\"Encuentro la Cuesta 2104 BLOG CEP 14\" data-image-description=\"\" data-medium-file=\"http:\/\/desireemartinphoto.com\/blog\/wp-content\/uploads\/2014\/05\/Encuentro-la-Cuesta-2104-BLOG-CEP-14-300x149.jpg\" data-large-file=\"http:\/\/desireemartinphoto.com\/blog\/wp-content\/uploads\/2014\/05\/Encuentro-la-Cuesta-2104-BLOG-CEP-14.jpg\" loading=\"lazy\" class=\"alignleft size-full wp-image-3377\" src=\"http:\/\/desireemartinphoto.com\/blog\/wp-content\/uploads\/2014\/05\/Encuentro-la-Cuesta-2104-BLOG-CEP-14.jpg\" alt=\"Encuentro la Cuesta 2104 BLOG CEP 14\" width=\"550\" height=\"274\" srcset=\"http:\/\/desireemartinphoto.com\/blog\/wp-content\/uploads\/2014\/05\/Encuentro-la-Cuesta-2104-BLOG-CEP-14.jpg 550w, http:\/\/desireemartinphoto.com\/blog\/wp-content\/uploads\/2014\/05\/Encuentro-la-Cuesta-2104-BLOG-CEP-14-300x149.jpg 300w\" sizes=\"(max-width: 550px) 100vw, 550px\" \/><\/p>\n<p><img data-attachment-id=\"3378\" data-permalink=\"http:\/\/desireemartinphoto.com\/blog\/encuentro-de-la-cuesta14\/encuentro-la-cuesta-2104-blog-cep-15\/\" data-orig-file=\"http:\/\/desireemartinphoto.com\/blog\/wp-content\/uploads\/2014\/05\/Encuentro-la-Cuesta-2104-BLOG-CEP-15.jpg\" data-orig-size=\"550,258\" data-comments-opened=\"1\" data-image-meta=\"{&quot;aperture&quot;:&quot;0&quot;,&quot;credit&quot;:&quot;&quot;,&quot;camera&quot;:&quot;&quot;,&quot;caption&quot;:&quot;&quot;,&quot;created_timestamp&quot;:&quot;1397769417&quot;,&quot;copyright&quot;:&quot;&quot;,&quot;focal_length&quot;:&quot;0&quot;,&quot;iso&quot;:&quot;0&quot;,&quot;shutter_speed&quot;:&quot;0&quot;,&quot;title&quot;:&quot;&quot;}\" data-image-title=\"Encuentro la Cuesta 2104 BLOG CEP 15\" data-image-description=\"\" data-medium-file=\"http:\/\/desireemartinphoto.com\/blog\/wp-content\/uploads\/2014\/05\/Encuentro-la-Cuesta-2104-BLOG-CEP-15-300x140.jpg\" data-large-file=\"http:\/\/desireemartinphoto.com\/blog\/wp-content\/uploads\/2014\/05\/Encuentro-la-Cuesta-2104-BLOG-CEP-15.jpg\" loading=\"lazy\" class=\"alignleft size-full wp-image-3378\" src=\"http:\/\/desireemartinphoto.com\/blog\/wp-content\/uploads\/2014\/05\/Encuentro-la-Cuesta-2104-BLOG-CEP-15.jpg\" alt=\"Encuentro la Cuesta 2104 BLOG CEP 15\" width=\"550\" height=\"258\" srcset=\"http:\/\/desireemartinphoto.com\/blog\/wp-content\/uploads\/2014\/05\/Encuentro-la-Cuesta-2104-BLOG-CEP-15.jpg 550w, http:\/\/desireemartinphoto.com\/blog\/wp-content\/uploads\/2014\/05\/Encuentro-la-Cuesta-2104-BLOG-CEP-15-300x140.jpg 300w\" sizes=\"(max-width: 550px) 100vw, 550px\" \/><\/p>\n<p><img data-attachment-id=\"3379\" data-permalink=\"http:\/\/desireemartinphoto.com\/blog\/encuentro-de-la-cuesta14\/encuentro-la-cuesta-2104-blog-cep-16\/\" data-orig-file=\"http:\/\/desireemartinphoto.com\/blog\/wp-content\/uploads\/2014\/05\/Encuentro-la-Cuesta-2104-BLOG-CEP-16.jpg\" data-orig-size=\"550,367\" data-comments-opened=\"1\" data-image-meta=\"{&quot;aperture&quot;:&quot;0&quot;,&quot;credit&quot;:&quot;&quot;,&quot;camera&quot;:&quot;&quot;,&quot;caption&quot;:&quot;&quot;,&quot;created_timestamp&quot;:&quot;1397769439&quot;,&quot;copyright&quot;:&quot;&quot;,&quot;focal_length&quot;:&quot;0&quot;,&quot;iso&quot;:&quot;0&quot;,&quot;shutter_speed&quot;:&quot;0&quot;,&quot;title&quot;:&quot;&quot;}\" data-image-title=\"Encuentro la Cuesta 2104 BLOG CEP 16\" data-image-description=\"\" data-medium-file=\"http:\/\/desireemartinphoto.com\/blog\/wp-content\/uploads\/2014\/05\/Encuentro-la-Cuesta-2104-BLOG-CEP-16-300x200.jpg\" data-large-file=\"http:\/\/desireemartinphoto.com\/blog\/wp-content\/uploads\/2014\/05\/Encuentro-la-Cuesta-2104-BLOG-CEP-16.jpg\" loading=\"lazy\" class=\"alignleft size-full wp-image-3379\" src=\"http:\/\/desireemartinphoto.com\/blog\/wp-content\/uploads\/2014\/05\/Encuentro-la-Cuesta-2104-BLOG-CEP-16.jpg\" alt=\"Encuentro la Cuesta 2104 BLOG CEP 16\" width=\"550\" height=\"367\" srcset=\"http:\/\/desireemartinphoto.com\/blog\/wp-content\/uploads\/2014\/05\/Encuentro-la-Cuesta-2104-BLOG-CEP-16.jpg 550w, http:\/\/desireemartinphoto.com\/blog\/wp-content\/uploads\/2014\/05\/Encuentro-la-Cuesta-2104-BLOG-CEP-16-300x200.jpg 300w\" sizes=\"(max-width: 550px) 100vw, 550px\" \/><\/p>\n<p><img data-attachment-id=\"3380\" data-permalink=\"http:\/\/desireemartinphoto.com\/blog\/encuentro-de-la-cuesta14\/encuentro-la-cuesta-2104-blog-cep-17\/\" data-orig-file=\"http:\/\/desireemartinphoto.com\/blog\/wp-content\/uploads\/2014\/05\/Encuentro-la-Cuesta-2104-BLOG-CEP-17.jpg\" data-orig-size=\"550,317\" data-comments-opened=\"1\" data-image-meta=\"{&quot;aperture&quot;:&quot;0&quot;,&quot;credit&quot;:&quot;&quot;,&quot;camera&quot;:&quot;&quot;,&quot;caption&quot;:&quot;&quot;,&quot;created_timestamp&quot;:&quot;1397769464&quot;,&quot;copyright&quot;:&quot;&quot;,&quot;focal_length&quot;:&quot;0&quot;,&quot;iso&quot;:&quot;0&quot;,&quot;shutter_speed&quot;:&quot;0&quot;,&quot;title&quot;:&quot;&quot;}\" data-image-title=\"Encuentro la Cuesta 2104 BLOG CEP 17\" data-image-description=\"\" data-medium-file=\"http:\/\/desireemartinphoto.com\/blog\/wp-content\/uploads\/2014\/05\/Encuentro-la-Cuesta-2104-BLOG-CEP-17-300x172.jpg\" data-large-file=\"http:\/\/desireemartinphoto.com\/blog\/wp-content\/uploads\/2014\/05\/Encuentro-la-Cuesta-2104-BLOG-CEP-17.jpg\" loading=\"lazy\" class=\"alignleft size-full wp-image-3380\" src=\"http:\/\/desireemartinphoto.com\/blog\/wp-content\/uploads\/2014\/05\/Encuentro-la-Cuesta-2104-BLOG-CEP-17.jpg\" alt=\"Encuentro la Cuesta 2104 BLOG CEP 17\" width=\"550\" height=\"317\" srcset=\"http:\/\/desireemartinphoto.com\/blog\/wp-content\/uploads\/2014\/05\/Encuentro-la-Cuesta-2104-BLOG-CEP-17.jpg 550w, http:\/\/desireemartinphoto.com\/blog\/wp-content\/uploads\/2014\/05\/Encuentro-la-Cuesta-2104-BLOG-CEP-17-300x172.jpg 300w\" sizes=\"(max-width: 550px) 100vw, 550px\" \/><\/p>\n<p><img data-attachment-id=\"3381\" data-permalink=\"http:\/\/desireemartinphoto.com\/blog\/encuentro-de-la-cuesta14\/encuentro-la-cuesta-2104-blog-cep-18\/\" data-orig-file=\"http:\/\/desireemartinphoto.com\/blog\/wp-content\/uploads\/2014\/05\/Encuentro-la-Cuesta-2104-BLOG-CEP-18.jpg\" data-orig-size=\"550,362\" data-comments-opened=\"1\" data-image-meta=\"{&quot;aperture&quot;:&quot;0&quot;,&quot;credit&quot;:&quot;&quot;,&quot;camera&quot;:&quot;&quot;,&quot;caption&quot;:&quot;&quot;,&quot;created_timestamp&quot;:&quot;1397769481&quot;,&quot;copyright&quot;:&quot;&quot;,&quot;focal_length&quot;:&quot;0&quot;,&quot;iso&quot;:&quot;0&quot;,&quot;shutter_speed&quot;:&quot;0&quot;,&quot;title&quot;:&quot;&quot;}\" data-image-title=\"Encuentro la Cuesta 2104 BLOG CEP 18\" data-image-description=\"\" data-medium-file=\"http:\/\/desireemartinphoto.com\/blog\/wp-content\/uploads\/2014\/05\/Encuentro-la-Cuesta-2104-BLOG-CEP-18-300x197.jpg\" data-large-file=\"http:\/\/desireemartinphoto.com\/blog\/wp-content\/uploads\/2014\/05\/Encuentro-la-Cuesta-2104-BLOG-CEP-18.jpg\" loading=\"lazy\" class=\"alignleft size-full wp-image-3381\" src=\"http:\/\/desireemartinphoto.com\/blog\/wp-content\/uploads\/2014\/05\/Encuentro-la-Cuesta-2104-BLOG-CEP-18.jpg\" alt=\"Encuentro la Cuesta 2104 BLOG CEP 18\" width=\"550\" height=\"362\" srcset=\"http:\/\/desireemartinphoto.com\/blog\/wp-content\/uploads\/2014\/05\/Encuentro-la-Cuesta-2104-BLOG-CEP-18.jpg 550w, http:\/\/desireemartinphoto.com\/blog\/wp-content\/uploads\/2014\/05\/Encuentro-la-Cuesta-2104-BLOG-CEP-18-300x197.jpg 300w\" sizes=\"(max-width: 550px) 100vw, 550px\" \/><\/p>\n<p><img data-attachment-id=\"3382\" data-permalink=\"http:\/\/desireemartinphoto.com\/blog\/encuentro-de-la-cuesta14\/encuentro-la-cuesta-2104-blog-cep-19\/\" data-orig-file=\"http:\/\/desireemartinphoto.com\/blog\/wp-content\/uploads\/2014\/05\/Encuentro-la-Cuesta-2104-BLOG-CEP-19.jpg\" data-orig-size=\"550,715\" data-comments-opened=\"1\" data-image-meta=\"{&quot;aperture&quot;:&quot;0&quot;,&quot;credit&quot;:&quot;&quot;,&quot;camera&quot;:&quot;&quot;,&quot;caption&quot;:&quot;&quot;,&quot;created_timestamp&quot;:&quot;1397769506&quot;,&quot;copyright&quot;:&quot;&quot;,&quot;focal_length&quot;:&quot;0&quot;,&quot;iso&quot;:&quot;0&quot;,&quot;shutter_speed&quot;:&quot;0&quot;,&quot;title&quot;:&quot;&quot;}\" data-image-title=\"Encuentro la Cuesta 2104 BLOG CEP 19\" data-image-description=\"\" data-medium-file=\"http:\/\/desireemartinphoto.com\/blog\/wp-content\/uploads\/2014\/05\/Encuentro-la-Cuesta-2104-BLOG-CEP-19-230x300.jpg\" data-large-file=\"http:\/\/desireemartinphoto.com\/blog\/wp-content\/uploads\/2014\/05\/Encuentro-la-Cuesta-2104-BLOG-CEP-19.jpg\" loading=\"lazy\" class=\"alignleft size-full wp-image-3382\" src=\"http:\/\/desireemartinphoto.com\/blog\/wp-content\/uploads\/2014\/05\/Encuentro-la-Cuesta-2104-BLOG-CEP-19.jpg\" alt=\"Encuentro la Cuesta 2104 BLOG CEP 19\" width=\"550\" height=\"715\" srcset=\"http:\/\/desireemartinphoto.com\/blog\/wp-content\/uploads\/2014\/05\/Encuentro-la-Cuesta-2104-BLOG-CEP-19.jpg 550w, http:\/\/desireemartinphoto.com\/blog\/wp-content\/uploads\/2014\/05\/Encuentro-la-Cuesta-2104-BLOG-CEP-19-230x300.jpg 230w\" sizes=\"(max-width: 550px) 100vw, 550px\" \/><\/p>\n<p><img data-attachment-id=\"3383\" data-permalink=\"http:\/\/desireemartinphoto.com\/blog\/encuentro-de-la-cuesta14\/encuentro-la-cuesta-2104-blog-cep-20\/\" data-orig-file=\"http:\/\/desireemartinphoto.com\/blog\/wp-content\/uploads\/2014\/05\/Encuentro-la-Cuesta-2104-BLOG-CEP-20.jpg\" data-orig-size=\"550,367\" data-comments-opened=\"1\" data-image-meta=\"{&quot;aperture&quot;:&quot;0&quot;,&quot;credit&quot;:&quot;&quot;,&quot;camera&quot;:&quot;&quot;,&quot;caption&quot;:&quot;&quot;,&quot;created_timestamp&quot;:&quot;1397769514&quot;,&quot;copyright&quot;:&quot;&quot;,&quot;focal_length&quot;:&quot;0&quot;,&quot;iso&quot;:&quot;0&quot;,&quot;shutter_speed&quot;:&quot;0&quot;,&quot;title&quot;:&quot;&quot;}\" data-image-title=\"Encuentro la Cuesta 2104 BLOG CEP 20\" data-image-description=\"\" data-medium-file=\"http:\/\/desireemartinphoto.com\/blog\/wp-content\/uploads\/2014\/05\/Encuentro-la-Cuesta-2104-BLOG-CEP-20-300x200.jpg\" data-large-file=\"http:\/\/desireemartinphoto.com\/blog\/wp-content\/uploads\/2014\/05\/Encuentro-la-Cuesta-2104-BLOG-CEP-20.jpg\" loading=\"lazy\" class=\"alignleft size-full wp-image-3383\" src=\"http:\/\/desireemartinphoto.com\/blog\/wp-content\/uploads\/2014\/05\/Encuentro-la-Cuesta-2104-BLOG-CEP-20.jpg\" alt=\"Encuentro la Cuesta 2104 BLOG CEP 20\" width=\"550\" height=\"367\" srcset=\"http:\/\/desireemartinphoto.com\/blog\/wp-content\/uploads\/2014\/05\/Encuentro-la-Cuesta-2104-BLOG-CEP-20.jpg 550w, http:\/\/desireemartinphoto.com\/blog\/wp-content\/uploads\/2014\/05\/Encuentro-la-Cuesta-2104-BLOG-CEP-20-300x200.jpg 300w\" sizes=\"(max-width: 550px) 100vw, 550px\" \/><\/p>\n<p><img data-attachment-id=\"3384\" data-permalink=\"http:\/\/desireemartinphoto.com\/blog\/encuentro-de-la-cuesta14\/encuentro-la-cuesta-2104-blog-cep-21\/\" data-orig-file=\"http:\/\/desireemartinphoto.com\/blog\/wp-content\/uploads\/2014\/05\/Encuentro-la-Cuesta-2104-BLOG-CEP-21.jpg\" data-orig-size=\"550,334\" data-comments-opened=\"1\" data-image-meta=\"{&quot;aperture&quot;:&quot;0&quot;,&quot;credit&quot;:&quot;&quot;,&quot;camera&quot;:&quot;&quot;,&quot;caption&quot;:&quot;&quot;,&quot;created_timestamp&quot;:&quot;1397769540&quot;,&quot;copyright&quot;:&quot;&quot;,&quot;focal_length&quot;:&quot;0&quot;,&quot;iso&quot;:&quot;0&quot;,&quot;shutter_speed&quot;:&quot;0&quot;,&quot;title&quot;:&quot;&quot;}\" data-image-title=\"Encuentro la Cuesta 2104 BLOG CEP 21\" data-image-description=\"\" data-medium-file=\"http:\/\/desireemartinphoto.com\/blog\/wp-content\/uploads\/2014\/05\/Encuentro-la-Cuesta-2104-BLOG-CEP-21-300x182.jpg\" data-large-file=\"http:\/\/desireemartinphoto.com\/blog\/wp-content\/uploads\/2014\/05\/Encuentro-la-Cuesta-2104-BLOG-CEP-21.jpg\" loading=\"lazy\" class=\"alignleft size-full wp-image-3384\" src=\"http:\/\/desireemartinphoto.com\/blog\/wp-content\/uploads\/2014\/05\/Encuentro-la-Cuesta-2104-BLOG-CEP-21.jpg\" alt=\"Encuentro la Cuesta 2104 BLOG CEP 21\" width=\"550\" height=\"334\" srcset=\"http:\/\/desireemartinphoto.com\/blog\/wp-content\/uploads\/2014\/05\/Encuentro-la-Cuesta-2104-BLOG-CEP-21.jpg 550w, http:\/\/desireemartinphoto.com\/blog\/wp-content\/uploads\/2014\/05\/Encuentro-la-Cuesta-2104-BLOG-CEP-21-300x182.jpg 300w\" sizes=\"(max-width: 550px) 100vw, 550px\" \/><\/p>\n<p><img data-attachment-id=\"3385\" data-permalink=\"http:\/\/desireemartinphoto.com\/blog\/encuentro-de-la-cuesta14\/encuentro-la-cuesta-2104-blog-cep-22\/\" data-orig-file=\"http:\/\/desireemartinphoto.com\/blog\/wp-content\/uploads\/2014\/05\/Encuentro-la-Cuesta-2104-BLOG-CEP-22.jpg\" data-orig-size=\"550,825\" data-comments-opened=\"1\" data-image-meta=\"{&quot;aperture&quot;:&quot;0&quot;,&quot;credit&quot;:&quot;&quot;,&quot;camera&quot;:&quot;&quot;,&quot;caption&quot;:&quot;&quot;,&quot;created_timestamp&quot;:&quot;1397769565&quot;,&quot;copyright&quot;:&quot;&quot;,&quot;focal_length&quot;:&quot;0&quot;,&quot;iso&quot;:&quot;0&quot;,&quot;shutter_speed&quot;:&quot;0&quot;,&quot;title&quot;:&quot;&quot;}\" data-image-title=\"Encuentro la Cuesta 2104 BLOG CEP 22\" data-image-description=\"\" data-medium-file=\"http:\/\/desireemartinphoto.com\/blog\/wp-content\/uploads\/2014\/05\/Encuentro-la-Cuesta-2104-BLOG-CEP-22-200x300.jpg\" data-large-file=\"http:\/\/desireemartinphoto.com\/blog\/wp-content\/uploads\/2014\/05\/Encuentro-la-Cuesta-2104-BLOG-CEP-22.jpg\" loading=\"lazy\" class=\"alignleft size-full wp-image-3385\" src=\"http:\/\/desireemartinphoto.com\/blog\/wp-content\/uploads\/2014\/05\/Encuentro-la-Cuesta-2104-BLOG-CEP-22.jpg\" alt=\"Encuentro la Cuesta 2104 BLOG CEP 22\" width=\"550\" height=\"825\" srcset=\"http:\/\/desireemartinphoto.com\/blog\/wp-content\/uploads\/2014\/05\/Encuentro-la-Cuesta-2104-BLOG-CEP-22.jpg 550w, http:\/\/desireemartinphoto.com\/blog\/wp-content\/uploads\/2014\/05\/Encuentro-la-Cuesta-2104-BLOG-CEP-22-200x300.jpg 200w\" sizes=\"(max-width: 550px) 100vw, 550px\" \/><\/p>\n<p><img data-attachment-id=\"3386\" data-permalink=\"http:\/\/desireemartinphoto.com\/blog\/encuentro-de-la-cuesta14\/encuentro-la-cuesta-2104-blog-cep-23\/\" data-orig-file=\"http:\/\/desireemartinphoto.com\/blog\/wp-content\/uploads\/2014\/05\/Encuentro-la-Cuesta-2104-BLOG-CEP-23.jpg\" data-orig-size=\"550,339\" data-comments-opened=\"1\" data-image-meta=\"{&quot;aperture&quot;:&quot;0&quot;,&quot;credit&quot;:&quot;&quot;,&quot;camera&quot;:&quot;&quot;,&quot;caption&quot;:&quot;&quot;,&quot;created_timestamp&quot;:&quot;1397769575&quot;,&quot;copyright&quot;:&quot;&quot;,&quot;focal_length&quot;:&quot;0&quot;,&quot;iso&quot;:&quot;0&quot;,&quot;shutter_speed&quot;:&quot;0&quot;,&quot;title&quot;:&quot;&quot;}\" data-image-title=\"Encuentro la Cuesta 2104 BLOG CEP 23\" data-image-description=\"\" data-medium-file=\"http:\/\/desireemartinphoto.com\/blog\/wp-content\/uploads\/2014\/05\/Encuentro-la-Cuesta-2104-BLOG-CEP-23-300x184.jpg\" data-large-file=\"http:\/\/desireemartinphoto.com\/blog\/wp-content\/uploads\/2014\/05\/Encuentro-la-Cuesta-2104-BLOG-CEP-23.jpg\" loading=\"lazy\" class=\"alignleft size-full wp-image-3386\" src=\"http:\/\/desireemartinphoto.com\/blog\/wp-content\/uploads\/2014\/05\/Encuentro-la-Cuesta-2104-BLOG-CEP-23.jpg\" alt=\"Encuentro la Cuesta 2104 BLOG CEP 23\" width=\"550\" height=\"339\" srcset=\"http:\/\/desireemartinphoto.com\/blog\/wp-content\/uploads\/2014\/05\/Encuentro-la-Cuesta-2104-BLOG-CEP-23.jpg 550w, http:\/\/desireemartinphoto.com\/blog\/wp-content\/uploads\/2014\/05\/Encuentro-la-Cuesta-2104-BLOG-CEP-23-300x184.jpg 300w\" sizes=\"(max-width: 550px) 100vw, 550px\" \/><\/p>\n<p><img data-attachment-id=\"3405\" data-permalink=\"http:\/\/desireemartinphoto.com\/blog\/encuentro-de-la-cuesta14\/spain-weather-drought-15\/\" data-orig-file=\"http:\/\/desireemartinphoto.com\/blog\/wp-content\/uploads\/2014\/05\/Encuentro-la-Cuesta-2104-BLOG-CEP-24.jpg\" data-orig-size=\"550,367\" data-comments-opened=\"1\" data-image-meta=\"{&quot;aperture&quot;:&quot;0&quot;,&quot;credit&quot;:&quot;DESIREE MARTIN&quot;,&quot;camera&quot;:&quot;&quot;,&quot;caption&quot;:&quot;Bearers of the Brotherhood of the Virgen de la Macarena during the Procession of the Meeting between Mary and Jesus during the Holy Week in Laguna on the Spanish Canary Island of Tenerife, on April 15, 2014. Christian believers around the world mark the Holy Week of Easter in celebration of the crucifixion and resurrection of Jesus Christ. AFP PHOTO \\\/ DESIREE MARTIN&quot;,&quot;created_timestamp&quot;:&quot;1397603987&quot;,&quot;copyright&quot;:&quot;ImageForum&quot;,&quot;focal_length&quot;:&quot;0&quot;,&quot;iso&quot;:&quot;0&quot;,&quot;shutter_speed&quot;:&quot;0&quot;,&quot;title&quot;:&quot;SPAIN-WEATHER-DROUGHT&quot;}\" data-image-title=\"SPAIN-WEATHER-DROUGHT\" data-image-description=\"&lt;p&gt;Bearers of the Brotherhood of the Virgen de la Macarena during the Procession of the Meeting between Mary and Jesus during the Holy Week in Laguna on the Spanish Canary Island of Tenerife, on April 15, 2014. Christian believers around the world mark the Holy Week of Easter in celebration of the crucifixion and resurrection of Jesus Christ. AFP PHOTO \/ DESIREE MARTIN&lt;\/p&gt;\n\" data-medium-file=\"http:\/\/desireemartinphoto.com\/blog\/wp-content\/uploads\/2014\/05\/Encuentro-la-Cuesta-2104-BLOG-CEP-24-300x200.jpg\" data-large-file=\"http:\/\/desireemartinphoto.com\/blog\/wp-content\/uploads\/2014\/05\/Encuentro-la-Cuesta-2104-BLOG-CEP-24.jpg\" loading=\"lazy\" class=\"alignleft size-full wp-image-3405\" src=\"http:\/\/desireemartinphoto.com\/blog\/wp-content\/uploads\/2014\/05\/Encuentro-la-Cuesta-2104-BLOG-CEP-24.jpg\" alt=\"SPAIN-WEATHER-DROUGHT\" width=\"550\" height=\"367\" srcset=\"http:\/\/desireemartinphoto.com\/blog\/wp-content\/uploads\/2014\/05\/Encuentro-la-Cuesta-2104-BLOG-CEP-24.jpg 550w, http:\/\/desireemartinphoto.com\/blog\/wp-content\/uploads\/2014\/05\/Encuentro-la-Cuesta-2104-BLOG-CEP-24-300x200.jpg 300w\" sizes=\"(max-width: 550px) 100vw, 550px\" \/><\/p>\n<p><img data-attachment-id=\"3387\" data-permalink=\"http:\/\/desireemartinphoto.com\/blog\/encuentro-de-la-cuesta14\/encuentro-la-cuesta-2104-blog-cep-25\/\" data-orig-file=\"http:\/\/desireemartinphoto.com\/blog\/wp-content\/uploads\/2014\/05\/Encuentro-la-Cuesta-2104-BLOG-CEP-25.jpg\" data-orig-size=\"550,352\" data-comments-opened=\"1\" data-image-meta=\"{&quot;aperture&quot;:&quot;0&quot;,&quot;credit&quot;:&quot;&quot;,&quot;camera&quot;:&quot;&quot;,&quot;caption&quot;:&quot;&quot;,&quot;created_timestamp&quot;:&quot;1397769602&quot;,&quot;copyright&quot;:&quot;&quot;,&quot;focal_length&quot;:&quot;0&quot;,&quot;iso&quot;:&quot;0&quot;,&quot;shutter_speed&quot;:&quot;0&quot;,&quot;title&quot;:&quot;&quot;}\" data-image-title=\"Encuentro la Cuesta 2104 BLOG CEP 25\" data-image-description=\"\" data-medium-file=\"http:\/\/desireemartinphoto.com\/blog\/wp-content\/uploads\/2014\/05\/Encuentro-la-Cuesta-2104-BLOG-CEP-25-300x192.jpg\" data-large-file=\"http:\/\/desireemartinphoto.com\/blog\/wp-content\/uploads\/2014\/05\/Encuentro-la-Cuesta-2104-BLOG-CEP-25.jpg\" loading=\"lazy\" class=\"alignleft size-full wp-image-3387\" src=\"http:\/\/desireemartinphoto.com\/blog\/wp-content\/uploads\/2014\/05\/Encuentro-la-Cuesta-2104-BLOG-CEP-25.jpg\" alt=\"Encuentro la Cuesta 2104 BLOG CEP 25\" width=\"550\" height=\"352\" srcset=\"http:\/\/desireemartinphoto.com\/blog\/wp-content\/uploads\/2014\/05\/Encuentro-la-Cuesta-2104-BLOG-CEP-25.jpg 550w, http:\/\/desireemartinphoto.com\/blog\/wp-content\/uploads\/2014\/05\/Encuentro-la-Cuesta-2104-BLOG-CEP-25-300x192.jpg 300w\" sizes=\"(max-width: 550px) 100vw, 550px\" \/><\/p>\n<p><img data-attachment-id=\"3388\" data-permalink=\"http:\/\/desireemartinphoto.com\/blog\/encuentro-de-la-cuesta14\/encuentro-la-cuesta-2104-blog-cep-26\/\" data-orig-file=\"http:\/\/desireemartinphoto.com\/blog\/wp-content\/uploads\/2014\/05\/Encuentro-la-Cuesta-2104-BLOG-CEP-26.jpg\" data-orig-size=\"550,825\" data-comments-opened=\"1\" data-image-meta=\"{&quot;aperture&quot;:&quot;0&quot;,&quot;credit&quot;:&quot;&quot;,&quot;camera&quot;:&quot;&quot;,&quot;caption&quot;:&quot;&quot;,&quot;created_timestamp&quot;:&quot;1397769607&quot;,&quot;copyright&quot;:&quot;&quot;,&quot;focal_length&quot;:&quot;0&quot;,&quot;iso&quot;:&quot;0&quot;,&quot;shutter_speed&quot;:&quot;0&quot;,&quot;title&quot;:&quot;&quot;}\" data-image-title=\"Encuentro la Cuesta 2104 BLOG CEP 26\" data-image-description=\"\" data-medium-file=\"http:\/\/desireemartinphoto.com\/blog\/wp-content\/uploads\/2014\/05\/Encuentro-la-Cuesta-2104-BLOG-CEP-26-200x300.jpg\" data-large-file=\"http:\/\/desireemartinphoto.com\/blog\/wp-content\/uploads\/2014\/05\/Encuentro-la-Cuesta-2104-BLOG-CEP-26.jpg\" loading=\"lazy\" class=\"alignleft size-full wp-image-3388\" src=\"http:\/\/desireemartinphoto.com\/blog\/wp-content\/uploads\/2014\/05\/Encuentro-la-Cuesta-2104-BLOG-CEP-26.jpg\" alt=\"Encuentro la Cuesta 2104 BLOG CEP 26\" width=\"550\" height=\"825\" srcset=\"http:\/\/desireemartinphoto.com\/blog\/wp-content\/uploads\/2014\/05\/Encuentro-la-Cuesta-2104-BLOG-CEP-26.jpg 550w, http:\/\/desireemartinphoto.com\/blog\/wp-content\/uploads\/2014\/05\/Encuentro-la-Cuesta-2104-BLOG-CEP-26-200x300.jpg 200w\" sizes=\"(max-width: 550px) 100vw, 550px\" \/><\/p>\n<p><img data-attachment-id=\"3389\" data-permalink=\"http:\/\/desireemartinphoto.com\/blog\/encuentro-de-la-cuesta14\/encuentro-la-cuesta-2104-blog-cep-27\/\" data-orig-file=\"http:\/\/desireemartinphoto.com\/blog\/wp-content\/uploads\/2014\/05\/Encuentro-la-Cuesta-2104-BLOG-CEP-27.jpg\" data-orig-size=\"550,341\" data-comments-opened=\"1\" data-image-meta=\"{&quot;aperture&quot;:&quot;0&quot;,&quot;credit&quot;:&quot;&quot;,&quot;camera&quot;:&quot;&quot;,&quot;caption&quot;:&quot;&quot;,&quot;created_timestamp&quot;:&quot;1397769672&quot;,&quot;copyright&quot;:&quot;&quot;,&quot;focal_length&quot;:&quot;0&quot;,&quot;iso&quot;:&quot;0&quot;,&quot;shutter_speed&quot;:&quot;0&quot;,&quot;title&quot;:&quot;&quot;}\" data-image-title=\"Encuentro la Cuesta 2104 BLOG CEP 27\" data-image-description=\"\" data-medium-file=\"http:\/\/desireemartinphoto.com\/blog\/wp-content\/uploads\/2014\/05\/Encuentro-la-Cuesta-2104-BLOG-CEP-27-300x186.jpg\" data-large-file=\"http:\/\/desireemartinphoto.com\/blog\/wp-content\/uploads\/2014\/05\/Encuentro-la-Cuesta-2104-BLOG-CEP-27.jpg\" loading=\"lazy\" class=\"alignleft size-full wp-image-3389\" src=\"http:\/\/desireemartinphoto.com\/blog\/wp-content\/uploads\/2014\/05\/Encuentro-la-Cuesta-2104-BLOG-CEP-27.jpg\" alt=\"Encuentro la Cuesta 2104 BLOG CEP 27\" width=\"550\" height=\"341\" srcset=\"http:\/\/desireemartinphoto.com\/blog\/wp-content\/uploads\/2014\/05\/Encuentro-la-Cuesta-2104-BLOG-CEP-27.jpg 550w, http:\/\/desireemartinphoto.com\/blog\/wp-content\/uploads\/2014\/05\/Encuentro-la-Cuesta-2104-BLOG-CEP-27-300x186.jpg 300w\" sizes=\"(max-width: 550px) 100vw, 550px\" \/><\/p>\n<p><img data-attachment-id=\"3390\" data-permalink=\"http:\/\/desireemartinphoto.com\/blog\/encuentro-de-la-cuesta14\/encuentro-la-cuesta-2104-blog-cep-28\/\" data-orig-file=\"http:\/\/desireemartinphoto.com\/blog\/wp-content\/uploads\/2014\/05\/Encuentro-la-Cuesta-2104-BLOG-CEP-28.jpg\" data-orig-size=\"550,825\" data-comments-opened=\"1\" data-image-meta=\"{&quot;aperture&quot;:&quot;0&quot;,&quot;credit&quot;:&quot;&quot;,&quot;camera&quot;:&quot;&quot;,&quot;caption&quot;:&quot;&quot;,&quot;created_timestamp&quot;:&quot;1397769679&quot;,&quot;copyright&quot;:&quot;&quot;,&quot;focal_length&quot;:&quot;0&quot;,&quot;iso&quot;:&quot;0&quot;,&quot;shutter_speed&quot;:&quot;0&quot;,&quot;title&quot;:&quot;&quot;}\" data-image-title=\"Encuentro la Cuesta 2104 BLOG CEP 28\" data-image-description=\"\" data-medium-file=\"http:\/\/desireemartinphoto.com\/blog\/wp-content\/uploads\/2014\/05\/Encuentro-la-Cuesta-2104-BLOG-CEP-28-200x300.jpg\" data-large-file=\"http:\/\/desireemartinphoto.com\/blog\/wp-content\/uploads\/2014\/05\/Encuentro-la-Cuesta-2104-BLOG-CEP-28.jpg\" loading=\"lazy\" class=\"alignleft size-full wp-image-3390\" src=\"http:\/\/desireemartinphoto.com\/blog\/wp-content\/uploads\/2014\/05\/Encuentro-la-Cuesta-2104-BLOG-CEP-28.jpg\" alt=\"Encuentro la Cuesta 2104 BLOG CEP 28\" width=\"550\" height=\"825\" srcset=\"http:\/\/desireemartinphoto.com\/blog\/wp-content\/uploads\/2014\/05\/Encuentro-la-Cuesta-2104-BLOG-CEP-28.jpg 550w, http:\/\/desireemartinphoto.com\/blog\/wp-content\/uploads\/2014\/05\/Encuentro-la-Cuesta-2104-BLOG-CEP-28-200x300.jpg 200w\" sizes=\"(max-width: 550px) 100vw, 550px\" \/><\/p>\n<p><img data-attachment-id=\"3391\" data-permalink=\"http:\/\/desireemartinphoto.com\/blog\/encuentro-de-la-cuesta14\/encuentro-la-cuesta-2104-blog-cep-29\/\" data-orig-file=\"http:\/\/desireemartinphoto.com\/blog\/wp-content\/uploads\/2014\/05\/Encuentro-la-Cuesta-2104-BLOG-CEP-29.jpg\" data-orig-size=\"550,367\" data-comments-opened=\"1\" data-image-meta=\"{&quot;aperture&quot;:&quot;0&quot;,&quot;credit&quot;:&quot;&quot;,&quot;camera&quot;:&quot;&quot;,&quot;caption&quot;:&quot;&quot;,&quot;created_timestamp&quot;:&quot;1397769696&quot;,&quot;copyright&quot;:&quot;&quot;,&quot;focal_length&quot;:&quot;0&quot;,&quot;iso&quot;:&quot;0&quot;,&quot;shutter_speed&quot;:&quot;0&quot;,&quot;title&quot;:&quot;&quot;}\" data-image-title=\"Encuentro la Cuesta 2104 BLOG CEP 29\" data-image-description=\"\" data-medium-file=\"http:\/\/desireemartinphoto.com\/blog\/wp-content\/uploads\/2014\/05\/Encuentro-la-Cuesta-2104-BLOG-CEP-29-300x200.jpg\" data-large-file=\"http:\/\/desireemartinphoto.com\/blog\/wp-content\/uploads\/2014\/05\/Encuentro-la-Cuesta-2104-BLOG-CEP-29.jpg\" loading=\"lazy\" class=\"alignleft size-full wp-image-3391\" src=\"http:\/\/desireemartinphoto.com\/blog\/wp-content\/uploads\/2014\/05\/Encuentro-la-Cuesta-2104-BLOG-CEP-29.jpg\" alt=\"Encuentro la Cuesta 2104 BLOG CEP 29\" width=\"550\" height=\"367\" srcset=\"http:\/\/desireemartinphoto.com\/blog\/wp-content\/uploads\/2014\/05\/Encuentro-la-Cuesta-2104-BLOG-CEP-29.jpg 550w, http:\/\/desireemartinphoto.com\/blog\/wp-content\/uploads\/2014\/05\/Encuentro-la-Cuesta-2104-BLOG-CEP-29-300x200.jpg 300w\" sizes=\"(max-width: 550px) 100vw, 550px\" \/><\/p>\n<p><img data-attachment-id=\"3392\" data-permalink=\"http:\/\/desireemartinphoto.com\/blog\/encuentro-de-la-cuesta14\/encuentro-la-cuesta-2104-blog-cep-30\/\" data-orig-file=\"http:\/\/desireemartinphoto.com\/blog\/wp-content\/uploads\/2014\/05\/Encuentro-la-Cuesta-2104-BLOG-CEP-30.jpg\" data-orig-size=\"550,367\" data-comments-opened=\"1\" data-image-meta=\"{&quot;aperture&quot;:&quot;0&quot;,&quot;credit&quot;:&quot;&quot;,&quot;camera&quot;:&quot;&quot;,&quot;caption&quot;:&quot;&quot;,&quot;created_timestamp&quot;:&quot;1397769706&quot;,&quot;copyright&quot;:&quot;&quot;,&quot;focal_length&quot;:&quot;0&quot;,&quot;iso&quot;:&quot;0&quot;,&quot;shutter_speed&quot;:&quot;0&quot;,&quot;title&quot;:&quot;&quot;}\" data-image-title=\"Encuentro la Cuesta 2104 BLOG CEP 30\" data-image-description=\"\" data-medium-file=\"http:\/\/desireemartinphoto.com\/blog\/wp-content\/uploads\/2014\/05\/Encuentro-la-Cuesta-2104-BLOG-CEP-30-300x200.jpg\" data-large-file=\"http:\/\/desireemartinphoto.com\/blog\/wp-content\/uploads\/2014\/05\/Encuentro-la-Cuesta-2104-BLOG-CEP-30.jpg\" loading=\"lazy\" class=\"alignleft size-full wp-image-3392\" src=\"http:\/\/desireemartinphoto.com\/blog\/wp-content\/uploads\/2014\/05\/Encuentro-la-Cuesta-2104-BLOG-CEP-30.jpg\" alt=\"Encuentro la Cuesta 2104 BLOG CEP 30\" width=\"550\" height=\"367\" srcset=\"http:\/\/desireemartinphoto.com\/blog\/wp-content\/uploads\/2014\/05\/Encuentro-la-Cuesta-2104-BLOG-CEP-30.jpg 550w, http:\/\/desireemartinphoto.com\/blog\/wp-content\/uploads\/2014\/05\/Encuentro-la-Cuesta-2104-BLOG-CEP-30-300x200.jpg 300w\" sizes=\"(max-width: 550px) 100vw, 550px\" \/><\/p>\n<p><img data-attachment-id=\"3393\" data-permalink=\"http:\/\/desireemartinphoto.com\/blog\/encuentro-de-la-cuesta14\/spain-weather-drought-10\/\" data-orig-file=\"http:\/\/desireemartinphoto.com\/blog\/wp-content\/uploads\/2014\/05\/Encuentro-la-Cuesta-2104-BLOG-CEP-31.jpg\" data-orig-size=\"550,825\" data-comments-opened=\"1\" data-image-meta=\"{&quot;aperture&quot;:&quot;0&quot;,&quot;credit&quot;:&quot;DESIREE MARTIN&quot;,&quot;camera&quot;:&quot;&quot;,&quot;caption&quot;:&quot;Bearers of the Brotherhood of the Virgen de la Macarena during the Procession of the Meeting between Mary and Jesus during the Holy Week in Laguna on the Spanish Canary Island of Tenerife, on April 15, 2014. Christian believers around the world mark the Holy Week of Easter in celebration of the crucifixion and resurrection of Jesus Christ. AFP PHOTO \\\/ DESIREE MARTIN&quot;,&quot;created_timestamp&quot;:&quot;1397604051&quot;,&quot;copyright&quot;:&quot;ImageForum&quot;,&quot;focal_length&quot;:&quot;0&quot;,&quot;iso&quot;:&quot;0&quot;,&quot;shutter_speed&quot;:&quot;0&quot;,&quot;title&quot;:&quot;SPAIN-WEATHER-DROUGHT&quot;}\" data-image-title=\"SPAIN-WEATHER-DROUGHT\" data-image-description=\"&lt;p&gt;Bearers of the Brotherhood of the Virgen de la Macarena during the Procession of the Meeting between Mary and Jesus during the Holy Week in Laguna on the Spanish Canary Island of Tenerife, on April 15, 2014. Christian believers around the world mark the Holy Week of Easter in celebration of the crucifixion and resurrection of Jesus Christ. AFP PHOTO \/ DESIREE MARTIN&lt;\/p&gt;\n\" data-medium-file=\"http:\/\/desireemartinphoto.com\/blog\/wp-content\/uploads\/2014\/05\/Encuentro-la-Cuesta-2104-BLOG-CEP-31-200x300.jpg\" data-large-file=\"http:\/\/desireemartinphoto.com\/blog\/wp-content\/uploads\/2014\/05\/Encuentro-la-Cuesta-2104-BLOG-CEP-31.jpg\" loading=\"lazy\" class=\"alignleft size-full wp-image-3393\" src=\"http:\/\/desireemartinphoto.com\/blog\/wp-content\/uploads\/2014\/05\/Encuentro-la-Cuesta-2104-BLOG-CEP-31.jpg\" alt=\"SPAIN-WEATHER-DROUGHT\" width=\"550\" height=\"825\" srcset=\"http:\/\/desireemartinphoto.com\/blog\/wp-content\/uploads\/2014\/05\/Encuentro-la-Cuesta-2104-BLOG-CEP-31.jpg 550w, http:\/\/desireemartinphoto.com\/blog\/wp-content\/uploads\/2014\/05\/Encuentro-la-Cuesta-2104-BLOG-CEP-31-200x300.jpg 200w\" sizes=\"(max-width: 550px) 100vw, 550px\" \/><\/p>\n<p><img data-attachment-id=\"3394\" data-permalink=\"http:\/\/desireemartinphoto.com\/blog\/encuentro-de-la-cuesta14\/encuentro-la-cuesta-2104-blog-cep-32\/\" data-orig-file=\"http:\/\/desireemartinphoto.com\/blog\/wp-content\/uploads\/2014\/05\/Encuentro-la-Cuesta-2104-BLOG-CEP-32.jpg\" data-orig-size=\"550,499\" data-comments-opened=\"1\" data-image-meta=\"{&quot;aperture&quot;:&quot;0&quot;,&quot;credit&quot;:&quot;&quot;,&quot;camera&quot;:&quot;&quot;,&quot;caption&quot;:&quot;&quot;,&quot;created_timestamp&quot;:&quot;1397769253&quot;,&quot;copyright&quot;:&quot;&quot;,&quot;focal_length&quot;:&quot;0&quot;,&quot;iso&quot;:&quot;0&quot;,&quot;shutter_speed&quot;:&quot;0&quot;,&quot;title&quot;:&quot;&quot;}\" data-image-title=\"Encuentro la Cuesta 2104 BLOG CEP 32\" data-image-description=\"\" data-medium-file=\"http:\/\/desireemartinphoto.com\/blog\/wp-content\/uploads\/2014\/05\/Encuentro-la-Cuesta-2104-BLOG-CEP-32-300x272.jpg\" data-large-file=\"http:\/\/desireemartinphoto.com\/blog\/wp-content\/uploads\/2014\/05\/Encuentro-la-Cuesta-2104-BLOG-CEP-32.jpg\" loading=\"lazy\" class=\"alignleft size-full wp-image-3394\" src=\"http:\/\/desireemartinphoto.com\/blog\/wp-content\/uploads\/2014\/05\/Encuentro-la-Cuesta-2104-BLOG-CEP-32.jpg\" alt=\"Encuentro la Cuesta 2104 BLOG CEP 32\" width=\"550\" height=\"499\" srcset=\"http:\/\/desireemartinphoto.com\/blog\/wp-content\/uploads\/2014\/05\/Encuentro-la-Cuesta-2104-BLOG-CEP-32.jpg 550w, http:\/\/desireemartinphoto.com\/blog\/wp-content\/uploads\/2014\/05\/Encuentro-la-Cuesta-2104-BLOG-CEP-32-300x272.jpg 300w\" sizes=\"(max-width: 550px) 100vw, 550px\" \/><\/p>\n<p><img data-attachment-id=\"3395\" data-permalink=\"http:\/\/desireemartinphoto.com\/blog\/encuentro-de-la-cuesta14\/spain-weather-drought-11\/\" data-orig-file=\"http:\/\/desireemartinphoto.com\/blog\/wp-content\/uploads\/2014\/05\/Encuentro-la-Cuesta-2104-BLOG-CEP-33.jpg\" data-orig-size=\"550,680\" data-comments-opened=\"1\" data-image-meta=\"{&quot;aperture&quot;:&quot;0&quot;,&quot;credit&quot;:&quot;DESIREE MARTIN&quot;,&quot;camera&quot;:&quot;&quot;,&quot;caption&quot;:&quot;Bearers of the Brotherhood of the Virgen de la Macarena during the Procession of the Meeting between Mary and Jesus during the Holy Week in Laguna on the Spanish Canary Island of Tenerife, on April 15, 2014. Christian believers around the world mark the Holy Week of Easter in celebration of the crucifixion and resurrection of Jesus Christ. AFP PHOTO \\\/ DESIREE MARTIN&quot;,&quot;created_timestamp&quot;:&quot;1397604004&quot;,&quot;copyright&quot;:&quot;ImageForum&quot;,&quot;focal_length&quot;:&quot;0&quot;,&quot;iso&quot;:&quot;0&quot;,&quot;shutter_speed&quot;:&quot;0&quot;,&quot;title&quot;:&quot;SPAIN-WEATHER-DROUGHT&quot;}\" data-image-title=\"SPAIN-WEATHER-DROUGHT\" data-image-description=\"&lt;p&gt;Bearers of the Brotherhood of the Virgen de la Macarena during the Procession of the Meeting between Mary and Jesus during the Holy Week in Laguna on the Spanish Canary Island of Tenerife, on April 15, 2014. Christian believers around the world mark the Holy Week of Easter in celebration of the crucifixion and resurrection of Jesus Christ. AFP PHOTO \/ DESIREE MARTIN&lt;\/p&gt;\n\" data-medium-file=\"http:\/\/desireemartinphoto.com\/blog\/wp-content\/uploads\/2014\/05\/Encuentro-la-Cuesta-2104-BLOG-CEP-33-242x300.jpg\" data-large-file=\"http:\/\/desireemartinphoto.com\/blog\/wp-content\/uploads\/2014\/05\/Encuentro-la-Cuesta-2104-BLOG-CEP-33.jpg\" loading=\"lazy\" class=\"alignleft size-full wp-image-3395\" src=\"http:\/\/desireemartinphoto.com\/blog\/wp-content\/uploads\/2014\/05\/Encuentro-la-Cuesta-2104-BLOG-CEP-33.jpg\" alt=\"SPAIN-WEATHER-DROUGHT\" width=\"550\" height=\"680\" srcset=\"http:\/\/desireemartinphoto.com\/blog\/wp-content\/uploads\/2014\/05\/Encuentro-la-Cuesta-2104-BLOG-CEP-33.jpg 550w, http:\/\/desireemartinphoto.com\/blog\/wp-content\/uploads\/2014\/05\/Encuentro-la-Cuesta-2104-BLOG-CEP-33-242x300.jpg 242w\" sizes=\"(max-width: 550px) 100vw, 550px\" \/><\/p>\n<p><img data-attachment-id=\"3396\" data-permalink=\"http:\/\/desireemartinphoto.com\/blog\/encuentro-de-la-cuesta14\/spain-weather-drought-12\/\" data-orig-file=\"http:\/\/desireemartinphoto.com\/blog\/wp-content\/uploads\/2014\/05\/Encuentro-la-Cuesta-2104-BLOG-CEP-34.jpg\" data-orig-size=\"550,367\" data-comments-opened=\"1\" data-image-meta=\"{&quot;aperture&quot;:&quot;0&quot;,&quot;credit&quot;:&quot;DESIREE MARTIN&quot;,&quot;camera&quot;:&quot;&quot;,&quot;caption&quot;:&quot;Bearers of the Brotherhood of the Virgen de la Macarena during the Procession of the Meeting between Mary and Jesus during the Holy Week in Laguna on the Spanish Canary Island of Tenerife, on April 15, 2014. Christian believers around the world mark the Holy Week of Easter in celebration of the crucifixion and resurrection of Jesus Christ. AFP PHOTO \\\/ DESIREE MARTIN&quot;,&quot;created_timestamp&quot;:&quot;1397604075&quot;,&quot;copyright&quot;:&quot;ImageForum&quot;,&quot;focal_length&quot;:&quot;0&quot;,&quot;iso&quot;:&quot;0&quot;,&quot;shutter_speed&quot;:&quot;0&quot;,&quot;title&quot;:&quot;SPAIN-WEATHER-DROUGHT&quot;}\" data-image-title=\"SPAIN-WEATHER-DROUGHT\" data-image-description=\"&lt;p&gt;Bearers of the Brotherhood of the Virgen de la Macarena during the Procession of the Meeting between Mary and Jesus during the Holy Week in Laguna on the Spanish Canary Island of Tenerife, on April 15, 2014. Christian believers around the world mark the Holy Week of Easter in celebration of the crucifixion and resurrection of Jesus Christ. AFP PHOTO \/ DESIREE MARTIN&lt;\/p&gt;\n\" data-medium-file=\"http:\/\/desireemartinphoto.com\/blog\/wp-content\/uploads\/2014\/05\/Encuentro-la-Cuesta-2104-BLOG-CEP-34-300x200.jpg\" data-large-file=\"http:\/\/desireemartinphoto.com\/blog\/wp-content\/uploads\/2014\/05\/Encuentro-la-Cuesta-2104-BLOG-CEP-34.jpg\" loading=\"lazy\" class=\"alignleft size-full wp-image-3396\" src=\"http:\/\/desireemartinphoto.com\/blog\/wp-content\/uploads\/2014\/05\/Encuentro-la-Cuesta-2104-BLOG-CEP-34.jpg\" alt=\"SPAIN-WEATHER-DROUGHT\" width=\"550\" height=\"367\" srcset=\"http:\/\/desireemartinphoto.com\/blog\/wp-content\/uploads\/2014\/05\/Encuentro-la-Cuesta-2104-BLOG-CEP-34.jpg 550w, http:\/\/desireemartinphoto.com\/blog\/wp-content\/uploads\/2014\/05\/Encuentro-la-Cuesta-2104-BLOG-CEP-34-300x200.jpg 300w\" sizes=\"(max-width: 550px) 100vw, 550px\" \/><\/p>\n<p><img data-attachment-id=\"3397\" data-permalink=\"http:\/\/desireemartinphoto.com\/blog\/encuentro-de-la-cuesta14\/encuentro-la-cuesta-2104-blog-cep-35\/\" data-orig-file=\"http:\/\/desireemartinphoto.com\/blog\/wp-content\/uploads\/2014\/05\/Encuentro-la-Cuesta-2104-BLOG-CEP-35.jpg\" data-orig-size=\"550,367\" data-comments-opened=\"1\" data-image-meta=\"{&quot;aperture&quot;:&quot;0&quot;,&quot;credit&quot;:&quot;&quot;,&quot;camera&quot;:&quot;&quot;,&quot;caption&quot;:&quot;&quot;,&quot;created_timestamp&quot;:&quot;1397769740&quot;,&quot;copyright&quot;:&quot;&quot;,&quot;focal_length&quot;:&quot;0&quot;,&quot;iso&quot;:&quot;0&quot;,&quot;shutter_speed&quot;:&quot;0&quot;,&quot;title&quot;:&quot;&quot;}\" data-image-title=\"Encuentro la Cuesta 2104 BLOG CEP 35\" data-image-description=\"\" data-medium-file=\"http:\/\/desireemartinphoto.com\/blog\/wp-content\/uploads\/2014\/05\/Encuentro-la-Cuesta-2104-BLOG-CEP-35-300x200.jpg\" data-large-file=\"http:\/\/desireemartinphoto.com\/blog\/wp-content\/uploads\/2014\/05\/Encuentro-la-Cuesta-2104-BLOG-CEP-35.jpg\" loading=\"lazy\" class=\"alignleft size-full wp-image-3397\" src=\"http:\/\/desireemartinphoto.com\/blog\/wp-content\/uploads\/2014\/05\/Encuentro-la-Cuesta-2104-BLOG-CEP-35.jpg\" alt=\"Encuentro la Cuesta 2104 BLOG CEP 35\" width=\"550\" height=\"367\" srcset=\"http:\/\/desireemartinphoto.com\/blog\/wp-content\/uploads\/2014\/05\/Encuentro-la-Cuesta-2104-BLOG-CEP-35.jpg 550w, http:\/\/desireemartinphoto.com\/blog\/wp-content\/uploads\/2014\/05\/Encuentro-la-Cuesta-2104-BLOG-CEP-35-300x200.jpg 300w\" sizes=\"(max-width: 550px) 100vw, 550px\" \/><\/p>\n<p><img data-attachment-id=\"3398\" data-permalink=\"http:\/\/desireemartinphoto.com\/blog\/encuentro-de-la-cuesta14\/encuentro-la-cuesta-2104-blog-cep-36\/\" data-orig-file=\"http:\/\/desireemartinphoto.com\/blog\/wp-content\/uploads\/2014\/05\/Encuentro-la-Cuesta-2104-BLOG-CEP-36.jpg\" data-orig-size=\"550,283\" data-comments-opened=\"1\" data-image-meta=\"{&quot;aperture&quot;:&quot;0&quot;,&quot;credit&quot;:&quot;&quot;,&quot;camera&quot;:&quot;&quot;,&quot;caption&quot;:&quot;&quot;,&quot;created_timestamp&quot;:&quot;1397769714&quot;,&quot;copyright&quot;:&quot;&quot;,&quot;focal_length&quot;:&quot;0&quot;,&quot;iso&quot;:&quot;0&quot;,&quot;shutter_speed&quot;:&quot;0&quot;,&quot;title&quot;:&quot;&quot;}\" data-image-title=\"Encuentro la Cuesta 2104 BLOG CEP 36\" data-image-description=\"\" data-medium-file=\"http:\/\/desireemartinphoto.com\/blog\/wp-content\/uploads\/2014\/05\/Encuentro-la-Cuesta-2104-BLOG-CEP-36-300x154.jpg\" data-large-file=\"http:\/\/desireemartinphoto.com\/blog\/wp-content\/uploads\/2014\/05\/Encuentro-la-Cuesta-2104-BLOG-CEP-36.jpg\" loading=\"lazy\" class=\"alignleft size-full wp-image-3398\" src=\"http:\/\/desireemartinphoto.com\/blog\/wp-content\/uploads\/2014\/05\/Encuentro-la-Cuesta-2104-BLOG-CEP-36.jpg\" alt=\"Encuentro la Cuesta 2104 BLOG CEP 36\" width=\"550\" height=\"283\" srcset=\"http:\/\/desireemartinphoto.com\/blog\/wp-content\/uploads\/2014\/05\/Encuentro-la-Cuesta-2104-BLOG-CEP-36.jpg 550w, http:\/\/desireemartinphoto.com\/blog\/wp-content\/uploads\/2014\/05\/Encuentro-la-Cuesta-2104-BLOG-CEP-36-300x154.jpg 300w\" sizes=\"(max-width: 550px) 100vw, 550px\" \/><\/p>\n<p><img data-attachment-id=\"3399\" data-permalink=\"http:\/\/desireemartinphoto.com\/blog\/encuentro-de-la-cuesta14\/spain-weather-drought-13\/\" data-orig-file=\"http:\/\/desireemartinphoto.com\/blog\/wp-content\/uploads\/2014\/05\/Encuentro-la-Cuesta-2104-BLOG-CEP-37.jpg\" data-orig-size=\"550,359\" data-comments-opened=\"1\" data-image-meta=\"{&quot;aperture&quot;:&quot;0&quot;,&quot;credit&quot;:&quot;DESIREE MARTIN&quot;,&quot;camera&quot;:&quot;&quot;,&quot;caption&quot;:&quot;Bearers of the Brotherhood of the Virgen de la Macarena during the Procession of the Meeting between Mary and Jesus during the Holy Week in Laguna on the Spanish Canary Island of Tenerife, on April 15, 2014. Christian believers around the world mark the Holy Week of Easter in celebration of the crucifixion and resurrection of Jesus Christ. AFP PHOTO \\\/ DESIREE MARTIN&quot;,&quot;created_timestamp&quot;:&quot;1397604085&quot;,&quot;copyright&quot;:&quot;ImageForum&quot;,&quot;focal_length&quot;:&quot;0&quot;,&quot;iso&quot;:&quot;0&quot;,&quot;shutter_speed&quot;:&quot;0&quot;,&quot;title&quot;:&quot;SPAIN-WEATHER-DROUGHT&quot;}\" data-image-title=\"SPAIN-WEATHER-DROUGHT\" data-image-description=\"&lt;p&gt;Bearers of the Brotherhood of the Virgen de la Macarena during the Procession of the Meeting between Mary and Jesus during the Holy Week in Laguna on the Spanish Canary Island of Tenerife, on April 15, 2014. Christian believers around the world mark the Holy Week of Easter in celebration of the crucifixion and resurrection of Jesus Christ. AFP PHOTO \/ DESIREE MARTIN&lt;\/p&gt;\n\" data-medium-file=\"http:\/\/desireemartinphoto.com\/blog\/wp-content\/uploads\/2014\/05\/Encuentro-la-Cuesta-2104-BLOG-CEP-37-300x195.jpg\" data-large-file=\"http:\/\/desireemartinphoto.com\/blog\/wp-content\/uploads\/2014\/05\/Encuentro-la-Cuesta-2104-BLOG-CEP-37.jpg\" loading=\"lazy\" class=\"alignleft size-full wp-image-3399\" src=\"http:\/\/desireemartinphoto.com\/blog\/wp-content\/uploads\/2014\/05\/Encuentro-la-Cuesta-2104-BLOG-CEP-37.jpg\" alt=\"SPAIN-WEATHER-DROUGHT\" width=\"550\" height=\"359\" srcset=\"http:\/\/desireemartinphoto.com\/blog\/wp-content\/uploads\/2014\/05\/Encuentro-la-Cuesta-2104-BLOG-CEP-37.jpg 550w, http:\/\/desireemartinphoto.com\/blog\/wp-content\/uploads\/2014\/05\/Encuentro-la-Cuesta-2104-BLOG-CEP-37-300x195.jpg 300w\" sizes=\"(max-width: 550px) 100vw, 550px\" \/><\/p>\n<p><img data-attachment-id=\"3400\" data-permalink=\"http:\/\/desireemartinphoto.com\/blog\/encuentro-de-la-cuesta14\/spain-weather-drought-14\/\" data-orig-file=\"http:\/\/desireemartinphoto.com\/blog\/wp-content\/uploads\/2014\/05\/Encuentro-la-Cuesta-2104-BLOG-CEP-38.jpg\" data-orig-size=\"550,367\" data-comments-opened=\"1\" data-image-meta=\"{&quot;aperture&quot;:&quot;0&quot;,&quot;credit&quot;:&quot;DESIREE MARTIN&quot;,&quot;camera&quot;:&quot;&quot;,&quot;caption&quot;:&quot;Bearers of the Brotherhood of the Virgen de la Macarena during the Procession of the Meeting between Mary and Jesus during the Holy Week in Laguna on the Spanish Canary Island of Tenerife, on April 15, 2014. Christian believers around the world mark the Holy Week of Easter in celebration of the crucifixion and resurrection of Jesus Christ. AFP PHOTO \\\/ DESIREE MARTIN&quot;,&quot;created_timestamp&quot;:&quot;1397604090&quot;,&quot;copyright&quot;:&quot;ImageForum&quot;,&quot;focal_length&quot;:&quot;0&quot;,&quot;iso&quot;:&quot;0&quot;,&quot;shutter_speed&quot;:&quot;0&quot;,&quot;title&quot;:&quot;SPAIN-WEATHER-DROUGHT&quot;}\" data-image-title=\"SPAIN-WEATHER-DROUGHT\" data-image-description=\"&lt;p&gt;Bearers of the Brotherhood of the Virgen de la Macarena during the Procession of the Meeting between Mary and Jesus during the Holy Week in Laguna on the Spanish Canary Island of Tenerife, on April 15, 2014. Christian believers around the world mark the Holy Week of Easter in celebration of the crucifixion and resurrection of Jesus Christ. AFP PHOTO \/ DESIREE MARTIN&lt;\/p&gt;\n\" data-medium-file=\"http:\/\/desireemartinphoto.com\/blog\/wp-content\/uploads\/2014\/05\/Encuentro-la-Cuesta-2104-BLOG-CEP-38-300x200.jpg\" data-large-file=\"http:\/\/desireemartinphoto.com\/blog\/wp-content\/uploads\/2014\/05\/Encuentro-la-Cuesta-2104-BLOG-CEP-38.jpg\" loading=\"lazy\" class=\"alignleft size-full wp-image-3400\" src=\"http:\/\/desireemartinphoto.com\/blog\/wp-content\/uploads\/2014\/05\/Encuentro-la-Cuesta-2104-BLOG-CEP-38.jpg\" alt=\"SPAIN-WEATHER-DROUGHT\" width=\"550\" height=\"367\" srcset=\"http:\/\/desireemartinphoto.com\/blog\/wp-content\/uploads\/2014\/05\/Encuentro-la-Cuesta-2104-BLOG-CEP-38.jpg 550w, http:\/\/desireemartinphoto.com\/blog\/wp-content\/uploads\/2014\/05\/Encuentro-la-Cuesta-2104-BLOG-CEP-38-300x200.jpg 300w\" sizes=\"(max-width: 550px) 100vw, 550px\" \/><\/p>\n<p><img data-attachment-id=\"3401\" data-permalink=\"http:\/\/desireemartinphoto.com\/blog\/encuentro-de-la-cuesta14\/encuentro-la-cuesta-2104-blog-cep-39\/\" data-orig-file=\"http:\/\/desireemartinphoto.com\/blog\/wp-content\/uploads\/2014\/05\/Encuentro-la-Cuesta-2104-BLOG-CEP-39.jpg\" data-orig-size=\"550,825\" data-comments-opened=\"1\" data-image-meta=\"{&quot;aperture&quot;:&quot;0&quot;,&quot;credit&quot;:&quot;&quot;,&quot;camera&quot;:&quot;&quot;,&quot;caption&quot;:&quot;&quot;,&quot;created_timestamp&quot;:&quot;1397769750&quot;,&quot;copyright&quot;:&quot;&quot;,&quot;focal_length&quot;:&quot;0&quot;,&quot;iso&quot;:&quot;0&quot;,&quot;shutter_speed&quot;:&quot;0&quot;,&quot;title&quot;:&quot;&quot;}\" data-image-title=\"Encuentro la Cuesta 2104 BLOG CEP 39\" data-image-description=\"\" data-medium-file=\"http:\/\/desireemartinphoto.com\/blog\/wp-content\/uploads\/2014\/05\/Encuentro-la-Cuesta-2104-BLOG-CEP-39-200x300.jpg\" data-large-file=\"http:\/\/desireemartinphoto.com\/blog\/wp-content\/uploads\/2014\/05\/Encuentro-la-Cuesta-2104-BLOG-CEP-39.jpg\" loading=\"lazy\" class=\"alignleft size-full wp-image-3401\" src=\"http:\/\/desireemartinphoto.com\/blog\/wp-content\/uploads\/2014\/05\/Encuentro-la-Cuesta-2104-BLOG-CEP-39.jpg\" alt=\"Encuentro la Cuesta 2104 BLOG CEP 39\" width=\"550\" height=\"825\" srcset=\"http:\/\/desireemartinphoto.com\/blog\/wp-content\/uploads\/2014\/05\/Encuentro-la-Cuesta-2104-BLOG-CEP-39.jpg 550w, http:\/\/desireemartinphoto.com\/blog\/wp-content\/uploads\/2014\/05\/Encuentro-la-Cuesta-2104-BLOG-CEP-39-200x300.jpg 200w\" sizes=\"(max-width: 550px) 100vw, 550px\" \/><\/p>\n<p>&nbsp;<\/p>\n<p>&nbsp;<\/p>\n<p>&nbsp;<\/p>\n<p>&nbsp;<\/p>\n<p>&nbsp;<\/p>\n<div class=\"sharedaddy sd-sharing-enabled\"><div class=\"robots-nocontent sd-block sd-social sd-social-icon-text sd-sharing\"><h3 class=\"sd-title\">COMPARTE ESTO:<\/h3><div class=\"sd-content\"><ul><li class=\"share-facebook\"><a rel=\"nofollow noopener noreferrer\" data-shared=\"sharing-facebook-3364\" class=\"share-facebook sd-button share-icon\" href=\"http:\/\/desireemartinphoto.com\/blog\/encuentro-de-la-cuesta14\/?share=facebook\" target=\"_blank\" title=\"Haz clic para compartir en Facebook\"><span>Facebook<\/span><\/a><\/li><li class=\"share-twitter\"><a rel=\"nofollow noopener noreferrer\" data-shared=\"sharing-twitter-3364\" class=\"share-twitter sd-button share-icon\" href=\"http:\/\/desireemartinphoto.com\/blog\/encuentro-de-la-cuesta14\/?share=twitter\" target=\"_blank\" title=\"Haz clic para compartir en Twitter\"><span>Twitter<\/span><\/a><\/li><li class=\"share-email\"><a rel=\"nofollow noopener noreferrer\" data-shared=\"\" class=\"share-email sd-button share-icon\" href=\"http:\/\/desireemartinphoto.com\/blog\/encuentro-de-la-cuesta14\/?share=email\" target=\"_blank\" title=\"Haz clic para enviar por correo electr\u00f3nico a un amigo\"><span>Correo electr\u00f3nico<\/span><\/a><\/li><li class=\"share-linkedin\"><a rel=\"nofollow noopener noreferrer\" data-shared=\"sharing-linkedin-3364\" class=\"share-linkedin sd-button share-icon\" href=\"http:\/\/desireemartinphoto.com\/blog\/encuentro-de-la-cuesta14\/?share=linkedin\" target=\"_blank\" title=\"Haz clic para compartir en LinkedIn\"><span>LinkedIn<\/span><\/a><\/li><li class=\"share-tumblr\"><a rel=\"nofollow noopener noreferrer\" data-shared=\"\" class=\"share-tumblr sd-button share-icon\" href=\"http:\/\/desireemartinphoto.com\/blog\/encuentro-de-la-cuesta14\/?share=tumblr\" target=\"_blank\" title=\"Haz clic para compartir en Tumblr\"><span>Tumblr<\/span><\/a><\/li><li class=\"share-end\"><\/li><\/ul><\/div><\/div><\/div>","protected":false},"excerpt":{"rendered":"<p>&nbsp; &nbsp; &nbsp; &nbsp; &nbsp; El a\u00f1o pasado estuve de reportaje con los costaleros que llevan Nuestro Padre Jes\u00fas Cautivo ante Caif\u00e1s, en el Barrio de La Candelaria, La Cuesta, La Laguna, as\u00ed que este a\u00f1o me decid\u00ed por hacer el ENCUENTRO DE LA CUESTA, el encuentro tradicional entre Mar\u00eda y su hijo, desde el [&#038;hellip<\/p>\n<div class=\"sharedaddy sd-sharing-enabled\"><div class=\"robots-nocontent sd-block sd-social sd-social-icon-text sd-sharing\"><h3 class=\"sd-title\">COMPARTE ESTO:<\/h3><div class=\"sd-content\"><ul><li class=\"share-facebook\"><a rel=\"nofollow noopener noreferrer\" data-shared=\"sharing-facebook-3364\" class=\"share-facebook sd-button share-icon\" href=\"http:\/\/desireemartinphoto.com\/blog\/encuentro-de-la-cuesta14\/?share=facebook\" target=\"_blank\" title=\"Haz clic para compartir en Facebook\"><span>Facebook<\/span><\/a><\/li><li class=\"share-twitter\"><a rel=\"nofollow noopener noreferrer\" data-shared=\"sharing-twitter-3364\" class=\"share-twitter sd-button share-icon\" href=\"http:\/\/desireemartinphoto.com\/blog\/encuentro-de-la-cuesta14\/?share=twitter\" target=\"_blank\" title=\"Haz clic para compartir en Twitter\"><span>Twitter<\/span><\/a><\/li><li class=\"share-email\"><a rel=\"nofollow noopener noreferrer\" data-shared=\"\" class=\"share-email sd-button share-icon\" href=\"http:\/\/desireemartinphoto.com\/blog\/encuentro-de-la-cuesta14\/?share=email\" target=\"_blank\" title=\"Haz clic para enviar por correo electr\u00f3nico a un amigo\"><span>Correo electr\u00f3nico<\/span><\/a><\/li><li class=\"share-linkedin\"><a rel=\"nofollow noopener noreferrer\" data-shared=\"sharing-linkedin-3364\" class=\"share-linkedin sd-button share-icon\" href=\"http:\/\/desireemartinphoto.com\/blog\/encuentro-de-la-cuesta14\/?share=linkedin\" target=\"_blank\" title=\"Haz clic para compartir en LinkedIn\"><span>LinkedIn<\/span><\/a><\/li><li class=\"share-tumblr\"><a rel=\"nofollow noopener noreferrer\" data-shared=\"\" class=\"share-tumblr sd-button share-icon\" href=\"http:\/\/desireemartinphoto.com\/blog\/encuentro-de-la-cuesta14\/?share=tumblr\" target=\"_blank\" title=\"Haz clic para compartir en Tumblr\"><span>Tumblr<\/span><\/a><\/li><li class=\"share-end\"><\/li><\/ul><\/div><\/div><\/div>","protected":false},"author":1,"featured_media":0,"comment_status":"open","ping_status":"open","sticky":false,"template":"","format":"standard","meta":{"spay_email":""},"categories":[1],"tags":[119,117,320,321,692,122,342,514,338,124,345,521,121],"jetpack_featured_media_url":"","jetpack_sharing_enabled":true,"_links":{"self":[{"href":"http:\/\/desireemartinphoto.com\/blog\/wp-json\/wp\/v2\/posts\/3364"}],"collection":[{"href":"http:\/\/desireemartinphoto.com\/blog\/wp-json\/wp\/v2\/posts"}],"about":[{"href":"http:\/\/desireemartinphoto.com\/blog\/wp-json\/wp\/v2\/types\/post"}],"author":[{"embeddable":true,"href":"http:\/\/desireemartinphoto.com\/blog\/wp-json\/wp\/v2\/users\/1"}],"replies":[{"embeddable":true,"href":"http:\/\/desireemartinphoto.com\/blog\/wp-json\/wp\/v2\/comments?post=3364"}],"version-history":[{"count":5,"href":"http:\/\/desireemartinphoto.com\/blog\/wp-json\/wp\/v2\/posts\/3364\/revisions"}],"predecessor-version":[{"id":3414,"href":"http:\/\/desireemartinphoto.com\/blog\/wp-json\/wp\/v2\/posts\/3364\/revisions\/3414"}],"wp:attachment":[{"href":"http:\/\/desireemartinphoto.com\/blog\/wp-json\/wp\/v2\/media?parent=3364"}],"wp:term":[{"taxonomy":"category","embeddable":true,"href":"http:\/\/desireemartinphoto.com\/blog\/wp-json\/wp\/v2\/categories?post=3364"},{"taxonomy":"post_tag","embeddable":true,"href":"http:\/\/desireemartinphoto.com\/blog\/wp-json\/wp\/v2\/tags?post=3364"}],"curies":[{"name":"wp","href":"https:\/\/api.w.org\/{rel}","templated":true}]}}