{"id":33,"date":"2010-03-22T13:28:14","date_gmt":"2010-03-22T13:28:14","guid":{"rendered":"http:\/\/desireemartinphoto.com\/blog\/?p=33"},"modified":"2010-03-23T23:46:16","modified_gmt":"2010-03-23T23:46:16","slug":"del-congreso-psoe-y-de-como-cuentan-con-nuestra-labor","status":"publish","type":"post","link":"http:\/\/desireemartinphoto.com\/blog\/del-congreso-psoe-y-de-como-cuentan-con-nuestra-labor\/","title":{"rendered":"..del congreso del PSOE &#8230; y de como cuentan con nuestra labor.."},"content":{"rendered":"<p><img data-attachment-id=\"35\" data-permalink=\"http:\/\/desireemartinphoto.com\/blog\/del-congreso-psoe-y-de-como-cuentan-con-nuestra-labor\/dm-congreso-psoe-04\/\" data-orig-file=\"http:\/\/desireemartinphoto.com\/blog\/wp-content\/uploads\/2010\/03\/DM-Congreso-PSOE-04.jpg\" data-orig-size=\"550,358\" data-comments-opened=\"1\" data-image-meta=\"{&quot;aperture&quot;:&quot;2.8&quot;,&quot;credit&quot;:&quot;&quot;,&quot;camera&quot;:&quot;Canon EOS 5D Mark II&quot;,&quot;caption&quot;:&quot;&quot;,&quot;created_timestamp&quot;:&quot;1269121741&quot;,&quot;copyright&quot;:&quot;&quot;,&quot;focal_length&quot;:&quot;95&quot;,&quot;iso&quot;:&quot;1250&quot;,&quot;shutter_speed&quot;:&quot;0.033333333333333&quot;,&quot;title&quot;:&quot;&quot;}\" data-image-title=\"DM-Congreso-PSOE-04\" data-image-description=\"\" data-medium-file=\"http:\/\/desireemartinphoto.com\/blog\/wp-content\/uploads\/2010\/03\/DM-Congreso-PSOE-04-300x195.jpg\" data-large-file=\"http:\/\/desireemartinphoto.com\/blog\/wp-content\/uploads\/2010\/03\/DM-Congreso-PSOE-04.jpg\" loading=\"lazy\" class=\"alignnone size-full wp-image-35\" src=\"http:\/\/desireemartinphoto.com\/blog\/wp-content\/uploads\/2010\/03\/DM-Congreso-PSOE-04.jpg\" alt=\"\" width=\"550\" height=\"358\" srcset=\"http:\/\/desireemartinphoto.com\/blog\/wp-content\/uploads\/2010\/03\/DM-Congreso-PSOE-04.jpg 550w, http:\/\/desireemartinphoto.com\/blog\/wp-content\/uploads\/2010\/03\/DM-Congreso-PSOE-04-300x195.jpg 300w\" sizes=\"(max-width: 550px) 100vw, 550px\" \/><\/p>\n<p>Este fin de semana transcurri\u00f3 &#8230;digo transcurri\u00f3 , porque tantas horas solo pueden ..transcurrir&#8230;\u00a0\u00a0 el congreso extraordinario del PSOE de Canarias para la elecci\u00f3n de nuevo secretario general&#8230; y que les voy a contar que la mayor\u00eda no sepa!!!! &#8230;.pues una vez m\u00e1s trataron a los gr\u00e1ficos como agua sucia, esa a la que solo cabe echar a un lado .<\/p>\n<p>A la voz de ATRAS , ATRAS!!!! &#8230;.nos colocaron en un ric\u00f3n estrategicamente buscado para tapar con el atril a los candidatos y a Aguilar&#8230; que esper\u00e1bamos??&#8230; que supieramos que ir\u00edamos tras su convocatoria y que nos ubicar\u00edan en un lugar donde pudieramos desempe\u00f1ar nuestra labor??&#8230;. esa &#8230;..\u00a0 si hombre !!! &#8230;c\u00f3mo era??\u00a0 &#8230;mmmmmmMMM&#8230;.. ah!!!! si!!!&#8230;la de informar&#8230;<\/p>\n<p>&#8230;ah!!! si!! y el detalle de uno de los jefes de seguridad y\/o protocolo y\/o prensa&#8230;. &#8220;en la peninsula son 200 y esto no pasa&#8221;&#8230;.<\/p>\n<p>\u00bf Que le contesto a &#8230;eso??&#8230;siendo de las pocas frases que hilo&#8230; ah!! si!! y ATRAS , ATRAS!!<\/p>\n<p>As\u00ed arrinconadito qued\u00f3 Fran Pallero&#8230;jajaj<\/p>\n<p><img data-attachment-id=\"36\" data-permalink=\"http:\/\/desireemartinphoto.com\/blog\/del-congreso-psoe-y-de-como-cuentan-con-nuestra-labor\/dm-congreso-psoe-03\/\" data-orig-file=\"http:\/\/desireemartinphoto.com\/blog\/wp-content\/uploads\/2010\/03\/DM-Congreso-PSOE-03.jpg\" data-orig-size=\"550,342\" data-comments-opened=\"1\" data-image-meta=\"{&quot;aperture&quot;:&quot;5.6&quot;,&quot;credit&quot;:&quot;&quot;,&quot;camera&quot;:&quot;Canon EOS 5D Mark II&quot;,&quot;caption&quot;:&quot;&quot;,&quot;created_timestamp&quot;:&quot;1269173862&quot;,&quot;copyright&quot;:&quot;&quot;,&quot;focal_length&quot;:&quot;180&quot;,&quot;iso&quot;:&quot;2000&quot;,&quot;shutter_speed&quot;:&quot;0.005&quot;,&quot;title&quot;:&quot;&quot;}\" data-image-title=\"DM-Congreso-PSOE-03\" data-image-description=\"\" data-medium-file=\"http:\/\/desireemartinphoto.com\/blog\/wp-content\/uploads\/2010\/03\/DM-Congreso-PSOE-03-300x186.jpg\" data-large-file=\"http:\/\/desireemartinphoto.com\/blog\/wp-content\/uploads\/2010\/03\/DM-Congreso-PSOE-03.jpg\" loading=\"lazy\" class=\"alignnone size-full wp-image-36\" src=\"http:\/\/desireemartinphoto.com\/blog\/wp-content\/uploads\/2010\/03\/DM-Congreso-PSOE-03.jpg\" alt=\"\" width=\"550\" height=\"342\" srcset=\"http:\/\/desireemartinphoto.com\/blog\/wp-content\/uploads\/2010\/03\/DM-Congreso-PSOE-03.jpg 550w, http:\/\/desireemartinphoto.com\/blog\/wp-content\/uploads\/2010\/03\/DM-Congreso-PSOE-03-300x186.jpg 300w\" sizes=\"(max-width: 550px) 100vw, 550px\" \/><\/p>\n<p>Aunque lo de Andres Gutierrez fue peor &#8230;detr\u00e1s de las camaras&#8230;.y con esa cara&#8230;pobrecito&#8230;.efectos secundarios de un congreso de politicos&#8230;<\/p>\n<p><img data-attachment-id=\"37\" data-permalink=\"http:\/\/desireemartinphoto.com\/blog\/del-congreso-psoe-y-de-como-cuentan-con-nuestra-labor\/dm-congreso-psoe-2010-01\/\" data-orig-file=\"http:\/\/desireemartinphoto.com\/blog\/wp-content\/uploads\/2010\/03\/DM-Congreso-PSOE-2010-01.jpg\" data-orig-size=\"550,441\" data-comments-opened=\"1\" data-image-meta=\"{&quot;aperture&quot;:&quot;5&quot;,&quot;credit&quot;:&quot;&quot;,&quot;camera&quot;:&quot;Canon EOS 5D Mark II&quot;,&quot;caption&quot;:&quot;&quot;,&quot;created_timestamp&quot;:&quot;1269123568&quot;,&quot;copyright&quot;:&quot;&quot;,&quot;focal_length&quot;:&quot;70&quot;,&quot;iso&quot;:&quot;1250&quot;,&quot;shutter_speed&quot;:&quot;0.025&quot;,&quot;title&quot;:&quot;&quot;}\" data-image-title=\"DM-Congreso-PSOE-2010-01\" data-image-description=\"\" data-medium-file=\"http:\/\/desireemartinphoto.com\/blog\/wp-content\/uploads\/2010\/03\/DM-Congreso-PSOE-2010-01-300x240.jpg\" data-large-file=\"http:\/\/desireemartinphoto.com\/blog\/wp-content\/uploads\/2010\/03\/DM-Congreso-PSOE-2010-01.jpg\" loading=\"lazy\" class=\"alignnone size-full wp-image-37\" src=\"http:\/\/desireemartinphoto.com\/blog\/wp-content\/uploads\/2010\/03\/DM-Congreso-PSOE-2010-01.jpg\" alt=\"\" width=\"550\" height=\"441\" srcset=\"http:\/\/desireemartinphoto.com\/blog\/wp-content\/uploads\/2010\/03\/DM-Congreso-PSOE-2010-01.jpg 550w, http:\/\/desireemartinphoto.com\/blog\/wp-content\/uploads\/2010\/03\/DM-Congreso-PSOE-2010-01-300x240.jpg 300w\" sizes=\"(max-width: 550px) 100vw, 550px\" \/><\/p>\n<p>&#8230;mmmMM &#8230;lo de\u00a0 Pepe Torres&#8230; no se&#8230; al igual es irreversible&#8230;.jaaaaaa&#8230;..<\/p>\n<p><img data-attachment-id=\"38\" data-permalink=\"http:\/\/desireemartinphoto.com\/blog\/del-congreso-psoe-y-de-como-cuentan-con-nuestra-labor\/dm-congreso-psoe-05\/\" data-orig-file=\"http:\/\/desireemartinphoto.com\/blog\/wp-content\/uploads\/2010\/03\/DM-Congreso-PSOE-05.jpg\" data-orig-size=\"550,368\" data-comments-opened=\"1\" data-image-meta=\"{&quot;aperture&quot;:&quot;5&quot;,&quot;credit&quot;:&quot;&quot;,&quot;camera&quot;:&quot;Canon EOS 5D Mark II&quot;,&quot;caption&quot;:&quot;&quot;,&quot;created_timestamp&quot;:&quot;1269128931&quot;,&quot;copyright&quot;:&quot;&quot;,&quot;focal_length&quot;:&quot;16&quot;,&quot;iso&quot;:&quot;1250&quot;,&quot;shutter_speed&quot;:&quot;0.003125&quot;,&quot;title&quot;:&quot;&quot;}\" data-image-title=\"DM-Congreso-PSOE-05\" data-image-description=\"\" data-medium-file=\"http:\/\/desireemartinphoto.com\/blog\/wp-content\/uploads\/2010\/03\/DM-Congreso-PSOE-05-300x200.jpg\" data-large-file=\"http:\/\/desireemartinphoto.com\/blog\/wp-content\/uploads\/2010\/03\/DM-Congreso-PSOE-05.jpg\" loading=\"lazy\" class=\"alignnone size-full wp-image-38\" src=\"http:\/\/desireemartinphoto.com\/blog\/wp-content\/uploads\/2010\/03\/DM-Congreso-PSOE-05.jpg\" alt=\"\" width=\"550\" height=\"368\" srcset=\"http:\/\/desireemartinphoto.com\/blog\/wp-content\/uploads\/2010\/03\/DM-Congreso-PSOE-05.jpg 550w, http:\/\/desireemartinphoto.com\/blog\/wp-content\/uploads\/2010\/03\/DM-Congreso-PSOE-05-300x200.jpg 300w\" sizes=\"(max-width: 550px) 100vw, 550px\" \/><\/p>\n<p>&#8230;<\/p>\n<div class=\"sharedaddy sd-sharing-enabled\"><div class=\"robots-nocontent sd-block sd-social sd-social-icon-text sd-sharing\"><h3 class=\"sd-title\">COMPARTE ESTO:<\/h3><div class=\"sd-content\"><ul><li class=\"share-facebook\"><a rel=\"nofollow noopener noreferrer\" data-shared=\"sharing-facebook-33\" class=\"share-facebook sd-button share-icon\" href=\"http:\/\/desireemartinphoto.com\/blog\/del-congreso-psoe-y-de-como-cuentan-con-nuestra-labor\/?share=facebook\" target=\"_blank\" title=\"Haz clic para compartir en Facebook\"><span>Facebook<\/span><\/a><\/li><li class=\"share-twitter\"><a rel=\"nofollow noopener noreferrer\" data-shared=\"sharing-twitter-33\" class=\"share-twitter sd-button share-icon\" href=\"http:\/\/desireemartinphoto.com\/blog\/del-congreso-psoe-y-de-como-cuentan-con-nuestra-labor\/?share=twitter\" target=\"_blank\" title=\"Haz clic para compartir en Twitter\"><span>Twitter<\/span><\/a><\/li><li class=\"share-email\"><a rel=\"nofollow noopener noreferrer\" data-shared=\"\" class=\"share-email sd-button share-icon\" href=\"http:\/\/desireemartinphoto.com\/blog\/del-congreso-psoe-y-de-como-cuentan-con-nuestra-labor\/?share=email\" target=\"_blank\" title=\"Haz clic para enviar por correo electr\u00f3nico a un amigo\"><span>Correo electr\u00f3nico<\/span><\/a><\/li><li class=\"share-linkedin\"><a rel=\"nofollow noopener noreferrer\" data-shared=\"sharing-linkedin-33\" class=\"share-linkedin sd-button share-icon\" href=\"http:\/\/desireemartinphoto.com\/blog\/del-congreso-psoe-y-de-como-cuentan-con-nuestra-labor\/?share=linkedin\" target=\"_blank\" title=\"Haz clic para compartir en LinkedIn\"><span>LinkedIn<\/span><\/a><\/li><li class=\"share-tumblr\"><a rel=\"nofollow noopener noreferrer\" data-shared=\"\" class=\"share-tumblr sd-button share-icon\" href=\"http:\/\/desireemartinphoto.com\/blog\/del-congreso-psoe-y-de-como-cuentan-con-nuestra-labor\/?share=tumblr\" target=\"_blank\" title=\"Haz clic para compartir en Tumblr\"><span>Tumblr<\/span><\/a><\/li><li class=\"share-end\"><\/li><\/ul><\/div><\/div><\/div>","protected":false},"excerpt":{"rendered":"<p>Este fin de semana transcurri\u00f3 &#8230;digo transcurri\u00f3 , porque tantas horas solo pueden ..transcurrir&#8230;\u00a0\u00a0 el congreso extraordinario del PSOE de Canarias para la elecci\u00f3n de nuevo secretario general&#8230; y que les voy a contar que la mayor\u00eda no sepa!!!! &#8230;.pues una vez m\u00e1s trataron a los gr\u00e1ficos como agua sucia, esa a la que solo [&#038;hellip<\/p>\n<div class=\"sharedaddy sd-sharing-enabled\"><div class=\"robots-nocontent sd-block sd-social sd-social-icon-text sd-sharing\"><h3 class=\"sd-title\">COMPARTE ESTO:<\/h3><div class=\"sd-content\"><ul><li class=\"share-facebook\"><a rel=\"nofollow noopener noreferrer\" data-shared=\"sharing-facebook-33\" class=\"share-facebook sd-button share-icon\" href=\"http:\/\/desireemartinphoto.com\/blog\/del-congreso-psoe-y-de-como-cuentan-con-nuestra-labor\/?share=facebook\" target=\"_blank\" title=\"Haz clic para compartir en Facebook\"><span>Facebook<\/span><\/a><\/li><li class=\"share-twitter\"><a rel=\"nofollow noopener noreferrer\" data-shared=\"sharing-twitter-33\" class=\"share-twitter sd-button share-icon\" href=\"http:\/\/desireemartinphoto.com\/blog\/del-congreso-psoe-y-de-como-cuentan-con-nuestra-labor\/?share=twitter\" target=\"_blank\" title=\"Haz clic para compartir en Twitter\"><span>Twitter<\/span><\/a><\/li><li class=\"share-email\"><a rel=\"nofollow noopener noreferrer\" data-shared=\"\" class=\"share-email sd-button share-icon\" href=\"http:\/\/desireemartinphoto.com\/blog\/del-congreso-psoe-y-de-como-cuentan-con-nuestra-labor\/?share=email\" target=\"_blank\" title=\"Haz clic para enviar por correo electr\u00f3nico a un amigo\"><span>Correo electr\u00f3nico<\/span><\/a><\/li><li class=\"share-linkedin\"><a rel=\"nofollow noopener noreferrer\" data-shared=\"sharing-linkedin-33\" class=\"share-linkedin sd-button share-icon\" href=\"http:\/\/desireemartinphoto.com\/blog\/del-congreso-psoe-y-de-como-cuentan-con-nuestra-labor\/?share=linkedin\" target=\"_blank\" title=\"Haz clic para compartir en LinkedIn\"><span>LinkedIn<\/span><\/a><\/li><li class=\"share-tumblr\"><a rel=\"nofollow noopener noreferrer\" data-shared=\"\" class=\"share-tumblr sd-button share-icon\" href=\"http:\/\/desireemartinphoto.com\/blog\/del-congreso-psoe-y-de-como-cuentan-con-nuestra-labor\/?share=tumblr\" target=\"_blank\" title=\"Haz clic para compartir en Tumblr\"><span>Tumblr<\/span><\/a><\/li><li class=\"share-end\"><\/li><\/ul><\/div><\/div><\/div>","protected":false},"author":1,"featured_media":0,"comment_status":"open","ping_status":"open","sticky":false,"template":"","format":"standard","meta":{"spay_email":""},"categories":[1],"tags":[],"jetpack_featured_media_url":"","jetpack_sharing_enabled":true,"_links":{"self":[{"href":"http:\/\/desireemartinphoto.com\/blog\/wp-json\/wp\/v2\/posts\/33"}],"collection":[{"href":"http:\/\/desireemartinphoto.com\/blog\/wp-json\/wp\/v2\/posts"}],"about":[{"href":"http:\/\/desireemartinphoto.com\/blog\/wp-json\/wp\/v2\/types\/post"}],"author":[{"embeddable":true,"href":"http:\/\/desireemartinphoto.com\/blog\/wp-json\/wp\/v2\/users\/1"}],"replies":[{"embeddable":true,"href":"http:\/\/desireemartinphoto.com\/blog\/wp-json\/wp\/v2\/comments?post=33"}],"version-history":[{"count":6,"href":"http:\/\/desireemartinphoto.com\/blog\/wp-json\/wp\/v2\/posts\/33\/revisions"}],"predecessor-version":[{"id":52,"href":"http:\/\/desireemartinphoto.com\/blog\/wp-json\/wp\/v2\/posts\/33\/revisions\/52"}],"wp:attachment":[{"href":"http:\/\/desireemartinphoto.com\/blog\/wp-json\/wp\/v2\/media?parent=33"}],"wp:term":[{"taxonomy":"category","embeddable":true,"href":"http:\/\/desireemartinphoto.com\/blog\/wp-json\/wp\/v2\/categories?post=33"},{"taxonomy":"post_tag","embeddable":true,"href":"http:\/\/desireemartinphoto.com\/blog\/wp-json\/wp\/v2\/tags?post=33"}],"curies":[{"name":"wp","href":"https:\/\/api.w.org\/{rel}","templated":true}]}}