{"id":3216,"date":"2014-03-02T18:13:06","date_gmt":"2014-03-02T18:13:06","guid":{"rendered":"http:\/\/desireemartinphoto.com\/blog\/?p=3216"},"modified":"2014-03-02T18:13:06","modified_gmt":"2014-03-02T18:13:06","slug":"mascaras-de-carnaval-efimeras","status":"publish","type":"post","link":"http:\/\/desireemartinphoto.com\/blog\/mascaras-de-carnaval-efimeras\/","title":{"rendered":"M\u00e1scaras de Carnaval &#8230;EF\u00cdMERAS"},"content":{"rendered":"<p>&nbsp;<\/p>\n<p>&nbsp;<\/p>\n<p>&nbsp;<\/p>\n<p>Cuando comenc\u00e9 en esto de la fotograf\u00eda, del fotoperiodismo y el documentalismo, ( no se por qu\u00e9 extra\u00f1a raz\u00f3n el corrector del Pages no reconoce estas dos vertientes de la fotograf\u00eda\u2026 y me las subraya en rojizo \u2026 ) todo era fotografiable, el mundo se abri\u00f3, de nuevo, antes mis ojos.M\u00e1s tarde me volver\u00eda a pasar con la Lengua de Signos..<\/p>\n<p>No entend\u00eda por qu\u00e9 los que son mis compa\u00f1eros ahora, de los que tanto aprend\u00ed, dejaban de disparar la c\u00e1mara, por qu\u00e9 la bajaban\u2026 Por qu\u00e9 dejaban los temas en lo estrictamente necesario , en \u201clo que me han pedido, me han mandado o lo que funciona\u201d.. \u00bf No tem\u00edan curiosidad qu\u00e9 ser\u00e1 de aquella persona que entrevistamos, aquel bosque que se quem\u00f3, aquel inmigrante que te regal\u00f3 aquella imagen \u2026?<\/p>\n<p>Pasado el tiempo, aprend\u00ed a cerrar los temas, a cerrar c\u00edrculos. Algunos reportajes eran y son m\u00e1s cortos que otros, otros son puro documentalismo, un recorrido m\u00e1s largo.<\/p>\n<p>Con el tema de la fotograf\u00eda con el m\u00f3vil me relaj\u00e9 en lo que a la t\u00e9cnica se refiere, al manejo de la c\u00e1mara, aunque hay cosas que se complican con el aparatito \u2026 Pero fue otro paso para m\u00ed, a veces puedo relajarme y no importa que haga las fotos con la c\u00e1mara del m\u00f3vil, tiene hasta sus ventajas.. Tssss!! A disfrutar.<\/p>\n<p>Hace unos d\u00edas lleg\u00f3 un pasito m\u00e1s\u2026 Me pidieron que les realizara un taller para los d\u00edas de Carnaval, para un instituto y mezclando varias de mis facetas profesionales, sali\u00f3 esto:<\/p>\n<p>&nbsp;<\/p>\n<p>&nbsp;<\/p>\n<p>&nbsp;<\/p>\n<p><img data-attachment-id=\"3217\" data-permalink=\"http:\/\/desireemartinphoto.com\/blog\/mascaras-de-carnaval-efimeras\/reciclaje-crea-01\/\" data-orig-file=\"http:\/\/desireemartinphoto.com\/blog\/wp-content\/uploads\/2014\/03\/Reciclaje-Crea-01.jpg\" data-orig-size=\"400,550\" data-comments-opened=\"1\" data-image-meta=\"{&quot;aperture&quot;:&quot;0&quot;,&quot;credit&quot;:&quot;&quot;,&quot;camera&quot;:&quot;&quot;,&quot;caption&quot;:&quot;&quot;,&quot;created_timestamp&quot;:&quot;0&quot;,&quot;copyright&quot;:&quot;&quot;,&quot;focal_length&quot;:&quot;0&quot;,&quot;iso&quot;:&quot;0&quot;,&quot;shutter_speed&quot;:&quot;0&quot;,&quot;title&quot;:&quot;&quot;,&quot;orientation&quot;:&quot;1&quot;}\" data-image-title=\"Reciclaje Crea 01\" data-image-description=\"\" data-medium-file=\"http:\/\/desireemartinphoto.com\/blog\/wp-content\/uploads\/2014\/03\/Reciclaje-Crea-01-218x300.jpg\" data-large-file=\"http:\/\/desireemartinphoto.com\/blog\/wp-content\/uploads\/2014\/03\/Reciclaje-Crea-01.jpg\" loading=\"lazy\" class=\"alignleft size-full wp-image-3217\" style=\"line-height: 1.5em;\" alt=\"Reciclaje Crea 01\" src=\"http:\/\/desireemartinphoto.com\/blog\/wp-content\/uploads\/2014\/03\/Reciclaje-Crea-01.jpg\" width=\"400\" height=\"550\" srcset=\"http:\/\/desireemartinphoto.com\/blog\/wp-content\/uploads\/2014\/03\/Reciclaje-Crea-01.jpg 400w, http:\/\/desireemartinphoto.com\/blog\/wp-content\/uploads\/2014\/03\/Reciclaje-Crea-01-218x300.jpg 218w\" sizes=\"(max-width: 400px) 100vw, 400px\" \/><\/p>\n<p>&nbsp;<\/p>\n<p>&nbsp;<\/p>\n<p>&nbsp;<\/p>\n<p>&nbsp;<\/p>\n<p><img data-attachment-id=\"3218\" data-permalink=\"http:\/\/desireemartinphoto.com\/blog\/mascaras-de-carnaval-efimeras\/reciclaje-crea-02\/\" data-orig-file=\"http:\/\/desireemartinphoto.com\/blog\/wp-content\/uploads\/2014\/03\/Reciclaje-Crea-02.jpg\" data-orig-size=\"400,550\" data-comments-opened=\"1\" data-image-meta=\"{&quot;aperture&quot;:&quot;0&quot;,&quot;credit&quot;:&quot;&quot;,&quot;camera&quot;:&quot;&quot;,&quot;caption&quot;:&quot;&quot;,&quot;created_timestamp&quot;:&quot;0&quot;,&quot;copyright&quot;:&quot;&quot;,&quot;focal_length&quot;:&quot;0&quot;,&quot;iso&quot;:&quot;0&quot;,&quot;shutter_speed&quot;:&quot;0&quot;,&quot;title&quot;:&quot;&quot;}\" data-image-title=\"Reciclaje Crea 02\" data-image-description=\"\" data-medium-file=\"http:\/\/desireemartinphoto.com\/blog\/wp-content\/uploads\/2014\/03\/Reciclaje-Crea-02-218x300.jpg\" data-large-file=\"http:\/\/desireemartinphoto.com\/blog\/wp-content\/uploads\/2014\/03\/Reciclaje-Crea-02.jpg\" loading=\"lazy\" class=\"alignleft size-full wp-image-3218\" alt=\"Reciclaje Crea 02\" src=\"http:\/\/desireemartinphoto.com\/blog\/wp-content\/uploads\/2014\/03\/Reciclaje-Crea-02.jpg\" width=\"400\" height=\"550\" srcset=\"http:\/\/desireemartinphoto.com\/blog\/wp-content\/uploads\/2014\/03\/Reciclaje-Crea-02.jpg 400w, http:\/\/desireemartinphoto.com\/blog\/wp-content\/uploads\/2014\/03\/Reciclaje-Crea-02-218x300.jpg 218w\" sizes=\"(max-width: 400px) 100vw, 400px\" \/><\/p>\n<p>&nbsp;<\/p>\n<p>&nbsp;<\/p>\n<p>&nbsp;<\/p>\n<p>&nbsp;<\/p>\n<p><img data-attachment-id=\"3221\" data-permalink=\"http:\/\/desireemartinphoto.com\/blog\/mascaras-de-carnaval-efimeras\/reciclaje-crea-03-2\/\" data-orig-file=\"http:\/\/desireemartinphoto.com\/blog\/wp-content\/uploads\/2014\/03\/Reciclaje-Crea-031.jpg\" data-orig-size=\"550,303\" data-comments-opened=\"1\" data-image-meta=\"{&quot;aperture&quot;:&quot;0&quot;,&quot;credit&quot;:&quot;&quot;,&quot;camera&quot;:&quot;&quot;,&quot;caption&quot;:&quot;&quot;,&quot;created_timestamp&quot;:&quot;0&quot;,&quot;copyright&quot;:&quot;&quot;,&quot;focal_length&quot;:&quot;0&quot;,&quot;iso&quot;:&quot;0&quot;,&quot;shutter_speed&quot;:&quot;0&quot;,&quot;title&quot;:&quot;&quot;}\" data-image-title=\"Reciclaje Crea 03\" data-image-description=\"\" data-medium-file=\"http:\/\/desireemartinphoto.com\/blog\/wp-content\/uploads\/2014\/03\/Reciclaje-Crea-031-300x165.jpg\" data-large-file=\"http:\/\/desireemartinphoto.com\/blog\/wp-content\/uploads\/2014\/03\/Reciclaje-Crea-031.jpg\" loading=\"lazy\" class=\"alignleft size-full wp-image-3221\" alt=\"Reciclaje Crea 03\" src=\"http:\/\/desireemartinphoto.com\/blog\/wp-content\/uploads\/2014\/03\/Reciclaje-Crea-031.jpg\" width=\"550\" height=\"303\" srcset=\"http:\/\/desireemartinphoto.com\/blog\/wp-content\/uploads\/2014\/03\/Reciclaje-Crea-031.jpg 550w, http:\/\/desireemartinphoto.com\/blog\/wp-content\/uploads\/2014\/03\/Reciclaje-Crea-031-300x165.jpg 300w\" sizes=\"(max-width: 550px) 100vw, 550px\" \/><\/p>\n<p>&nbsp;<\/p>\n<p>&nbsp;<\/p>\n<p>&nbsp;<\/p>\n<p>&nbsp;<\/p>\n<p>Mezcla de Reciclaje creativo y Fotograf\u00eda de m\u00f3vil, algo as\u00ed como CARETAS DE CARNAVAL EF\u00cdMERAS!<\/p>\n<p>\u00bfEf\u00edmero? \u2026 no est\u00e1 mal! Con esta profesi\u00f3n que pretende perpetuar recuerdos, no est\u00e1 nada mal este punto de relax. ME SUPO!!!<\/p>\n<div class=\"sharedaddy sd-sharing-enabled\"><div class=\"robots-nocontent sd-block sd-social sd-social-icon-text sd-sharing\"><h3 class=\"sd-title\">COMPARTE ESTO:<\/h3><div class=\"sd-content\"><ul><li class=\"share-facebook\"><a rel=\"nofollow noopener noreferrer\" data-shared=\"sharing-facebook-3216\" class=\"share-facebook sd-button share-icon\" href=\"http:\/\/desireemartinphoto.com\/blog\/mascaras-de-carnaval-efimeras\/?share=facebook\" target=\"_blank\" title=\"Haz clic para compartir en Facebook\"><span>Facebook<\/span><\/a><\/li><li class=\"share-twitter\"><a rel=\"nofollow noopener noreferrer\" data-shared=\"sharing-twitter-3216\" class=\"share-twitter sd-button share-icon\" href=\"http:\/\/desireemartinphoto.com\/blog\/mascaras-de-carnaval-efimeras\/?share=twitter\" target=\"_blank\" title=\"Haz clic para compartir en Twitter\"><span>Twitter<\/span><\/a><\/li><li class=\"share-email\"><a rel=\"nofollow noopener noreferrer\" data-shared=\"\" class=\"share-email sd-button share-icon\" href=\"http:\/\/desireemartinphoto.com\/blog\/mascaras-de-carnaval-efimeras\/?share=email\" target=\"_blank\" title=\"Haz clic para enviar por correo electr\u00f3nico a un amigo\"><span>Correo electr\u00f3nico<\/span><\/a><\/li><li class=\"share-linkedin\"><a rel=\"nofollow noopener noreferrer\" data-shared=\"sharing-linkedin-3216\" class=\"share-linkedin sd-button share-icon\" href=\"http:\/\/desireemartinphoto.com\/blog\/mascaras-de-carnaval-efimeras\/?share=linkedin\" target=\"_blank\" title=\"Haz clic para compartir en LinkedIn\"><span>LinkedIn<\/span><\/a><\/li><li class=\"share-tumblr\"><a rel=\"nofollow noopener noreferrer\" data-shared=\"\" class=\"share-tumblr sd-button share-icon\" href=\"http:\/\/desireemartinphoto.com\/blog\/mascaras-de-carnaval-efimeras\/?share=tumblr\" target=\"_blank\" title=\"Haz clic para compartir en Tumblr\"><span>Tumblr<\/span><\/a><\/li><li class=\"share-end\"><\/li><\/ul><\/div><\/div><\/div>","protected":false},"excerpt":{"rendered":"<p>&nbsp; &nbsp; &nbsp; Cuando comenc\u00e9 en esto de la fotograf\u00eda, del fotoperiodismo y el documentalismo, ( no se por qu\u00e9 extra\u00f1a raz\u00f3n el corrector del Pages no reconoce estas dos vertientes de la fotograf\u00eda\u2026 y me las subraya en rojizo \u2026 ) todo era fotografiable, el mundo se abri\u00f3, de nuevo, antes mis ojos.M\u00e1s tarde [&#038;hellip<\/p>\n<div class=\"sharedaddy sd-sharing-enabled\"><div class=\"robots-nocontent sd-block sd-social sd-social-icon-text sd-sharing\"><h3 class=\"sd-title\">COMPARTE ESTO:<\/h3><div class=\"sd-content\"><ul><li class=\"share-facebook\"><a rel=\"nofollow noopener noreferrer\" data-shared=\"sharing-facebook-3216\" class=\"share-facebook sd-button share-icon\" href=\"http:\/\/desireemartinphoto.com\/blog\/mascaras-de-carnaval-efimeras\/?share=facebook\" target=\"_blank\" title=\"Haz clic para compartir en Facebook\"><span>Facebook<\/span><\/a><\/li><li class=\"share-twitter\"><a rel=\"nofollow noopener noreferrer\" data-shared=\"sharing-twitter-3216\" class=\"share-twitter sd-button share-icon\" href=\"http:\/\/desireemartinphoto.com\/blog\/mascaras-de-carnaval-efimeras\/?share=twitter\" target=\"_blank\" title=\"Haz clic para compartir en Twitter\"><span>Twitter<\/span><\/a><\/li><li class=\"share-email\"><a rel=\"nofollow noopener noreferrer\" data-shared=\"\" class=\"share-email sd-button share-icon\" href=\"http:\/\/desireemartinphoto.com\/blog\/mascaras-de-carnaval-efimeras\/?share=email\" target=\"_blank\" title=\"Haz clic para enviar por correo electr\u00f3nico a un amigo\"><span>Correo electr\u00f3nico<\/span><\/a><\/li><li class=\"share-linkedin\"><a rel=\"nofollow noopener noreferrer\" data-shared=\"sharing-linkedin-3216\" class=\"share-linkedin sd-button share-icon\" href=\"http:\/\/desireemartinphoto.com\/blog\/mascaras-de-carnaval-efimeras\/?share=linkedin\" target=\"_blank\" title=\"Haz clic para compartir en LinkedIn\"><span>LinkedIn<\/span><\/a><\/li><li class=\"share-tumblr\"><a rel=\"nofollow noopener noreferrer\" data-shared=\"\" class=\"share-tumblr sd-button share-icon\" href=\"http:\/\/desireemartinphoto.com\/blog\/mascaras-de-carnaval-efimeras\/?share=tumblr\" target=\"_blank\" title=\"Haz clic para compartir en Tumblr\"><span>Tumblr<\/span><\/a><\/li><li class=\"share-end\"><\/li><\/ul><\/div><\/div><\/div>","protected":false},"author":1,"featured_media":0,"comment_status":"open","ping_status":"open","sticky":false,"template":"","format":"standard","meta":{"spay_email":""},"categories":[457],"tags":[87,681,355,5,362,679,683,682,680],"jetpack_featured_media_url":"","jetpack_sharing_enabled":true,"_links":{"self":[{"href":"http:\/\/desireemartinphoto.com\/blog\/wp-json\/wp\/v2\/posts\/3216"}],"collection":[{"href":"http:\/\/desireemartinphoto.com\/blog\/wp-json\/wp\/v2\/posts"}],"about":[{"href":"http:\/\/desireemartinphoto.com\/blog\/wp-json\/wp\/v2\/types\/post"}],"author":[{"embeddable":true,"href":"http:\/\/desireemartinphoto.com\/blog\/wp-json\/wp\/v2\/users\/1"}],"replies":[{"embeddable":true,"href":"http:\/\/desireemartinphoto.com\/blog\/wp-json\/wp\/v2\/comments?post=3216"}],"version-history":[{"count":4,"href":"http:\/\/desireemartinphoto.com\/blog\/wp-json\/wp\/v2\/posts\/3216\/revisions"}],"predecessor-version":[{"id":3224,"href":"http:\/\/desireemartinphoto.com\/blog\/wp-json\/wp\/v2\/posts\/3216\/revisions\/3224"}],"wp:attachment":[{"href":"http:\/\/desireemartinphoto.com\/blog\/wp-json\/wp\/v2\/media?parent=3216"}],"wp:term":[{"taxonomy":"category","embeddable":true,"href":"http:\/\/desireemartinphoto.com\/blog\/wp-json\/wp\/v2\/categories?post=3216"},{"taxonomy":"post_tag","embeddable":true,"href":"http:\/\/desireemartinphoto.com\/blog\/wp-json\/wp\/v2\/tags?post=3216"}],"curies":[{"name":"wp","href":"https:\/\/api.w.org\/{rel}","templated":true}]}}