{"id":3197,"date":"2014-02-22T15:26:48","date_gmt":"2014-02-22T15:26:48","guid":{"rendered":"http:\/\/desireemartinphoto.com\/blog\/?p=3197"},"modified":"2014-02-22T15:26:48","modified_gmt":"2014-02-22T15:26:48","slug":"previos-al-concurso-de-comparsas","status":"publish","type":"post","link":"http:\/\/desireemartinphoto.com\/blog\/previos-al-concurso-de-comparsas\/","title":{"rendered":"Previos al Concurso de Comparsas"},"content":{"rendered":"<p>&nbsp;<\/p>\n<p><img data-attachment-id=\"3203\" data-permalink=\"http:\/\/desireemartinphoto.com\/blog\/previos-al-concurso-de-comparsas\/preparativos-comparsas-01-2\/\" data-orig-file=\"http:\/\/desireemartinphoto.com\/blog\/wp-content\/uploads\/2014\/02\/Preparativos-Comparsas-011.jpg\" data-orig-size=\"550,680\" data-comments-opened=\"1\" data-image-meta=\"{&quot;aperture&quot;:&quot;2.2&quot;,&quot;credit&quot;:&quot;&quot;,&quot;camera&quot;:&quot;iPhone 5s&quot;,&quot;caption&quot;:&quot;&quot;,&quot;created_timestamp&quot;:&quot;1393077753&quot;,&quot;copyright&quot;:&quot;&quot;,&quot;focal_length&quot;:&quot;4.12&quot;,&quot;iso&quot;:&quot;400&quot;,&quot;shutter_speed&quot;:&quot;0.066666666666667&quot;,&quot;title&quot;:&quot;&quot;,&quot;orientation&quot;:&quot;1&quot;}\" data-image-title=\"Preparativos Comparsas 01\" data-image-description=\"\" data-medium-file=\"http:\/\/desireemartinphoto.com\/blog\/wp-content\/uploads\/2014\/02\/Preparativos-Comparsas-011-243x300.jpg\" data-large-file=\"http:\/\/desireemartinphoto.com\/blog\/wp-content\/uploads\/2014\/02\/Preparativos-Comparsas-011.jpg\" loading=\"lazy\" class=\"alignleft size-full wp-image-3203\" alt=\"Preparativos Comparsas 01\" src=\"http:\/\/desireemartinphoto.com\/blog\/wp-content\/uploads\/2014\/02\/Preparativos-Comparsas-011.jpg\" width=\"550\" height=\"680\" srcset=\"http:\/\/desireemartinphoto.com\/blog\/wp-content\/uploads\/2014\/02\/Preparativos-Comparsas-011.jpg 550w, http:\/\/desireemartinphoto.com\/blog\/wp-content\/uploads\/2014\/02\/Preparativos-Comparsas-011-243x300.jpg 243w\" sizes=\"(max-width: 550px) 100vw, 550px\" \/><\/p>\n<p>&nbsp;<\/p>\n<p>&nbsp;<\/p>\n<p>&nbsp;<\/p>\n<p>Esta noche es el Concurso de Comparsas de Santa Cruz de Tenerife, para mi el <strong>primer contacto<\/strong> con el foso del Gran escenario del carnaval.<\/p>\n<p>Este momento del a\u00f1o significa cosas muy dispares para los fot\u00f3grafos que nos <strong>enfrentamos a cubrir<\/strong> estos actos del carnaval, los que se realizan en recintos cerrados.<\/p>\n<p>Para los que comienzan en esto, o a\u00fan ni eso, es todo un reto alzarse con una acreditaci\u00f3n para estar en el foso, para los que llevan muchos a\u00f1os, puede llegar a ser tremendamente cansino, cada a\u00f1o lo mismo&#8230; Y es que esto de estar acreditado para trabajar en el carnaval se ha convertido en una especie de galard\u00f3n a perseguir..<\/p>\n<p>Y&#8230; \u00bf qu\u00e9 ocurre en ese foso ? Creo que cada uno lo vive de una menear muy personal: se puede ver desde el se\u00f1or del sombrero jodel\u00f3n de cada ano con dos tr\u00edpodes para sus c\u00e1maras DSLR ( no se c\u00f3mo se lo permiten ), a la chica que ha colado alguien con su c\u00e1mara compacta o m\u00f3vil, al que lleva poco tiempo y se atrinchera en su corralito particular , o sea, 40 cent\u00edmetros del escenario y deja su ristra de lentes marc\u00e1ndolo, profesionales como la copa de un pino con su equipo encima centrados en el escenario y en lograr una imagen diferente, despistados que picotean un poco de los otros perfiles que he descrito &#8230;una puta jungla!!!<\/p>\n<p>A todas estas, es ese lugar d\u00f3nde coincidimos todos, creo que es la \u00fanica vez en el a\u00f1o, y eso puede ser bueno, malo o buenomalo. Vaya, que si te mosqueas un poco con la organizaci\u00f3n, como cada a\u00f1o, por el dise\u00f1o del escenario y porque el p\u00fablico que ha pagado para ver el espect\u00e1culo est\u00e1 a 1 metro de ti, y t\u00fa tap\u00e1ndole la visi\u00f3n, y te encuentras con alguien que a lo mejor no te apetece mucho&#8230; se convierte en una zona de <strong>conflicto de baja intensidad!<\/strong><\/p>\n<p>\u00bfC\u00f3mo me preparo para eso?<\/p>\n<p>Lo m\u00e1s importante es que no tengo grandes conflictos con nadie, ya no trabajo a diario a nivel local si no puntualmente a nivel nacional o internacional ( esto no es bueno &#8230; es lo que hay), as\u00ed que en general es una gran oportunidad para verles las caras a los compa\u00f1eros, y a los que no, tambi\u00e9n.<\/p>\n<p>Y!!!! \u00a0 descanso lo que puedo durante el d\u00eda.. hoy estoy con esto:<\/p>\n<p><img data-attachment-id=\"3198\" data-permalink=\"http:\/\/desireemartinphoto.com\/blog\/previos-al-concurso-de-comparsas\/preparativos-comparsas-02\/\" data-orig-file=\"http:\/\/desireemartinphoto.com\/blog\/wp-content\/uploads\/2014\/02\/Preparativos-Comparsas-02.jpg\" data-orig-size=\"550,844\" data-comments-opened=\"1\" data-image-meta=\"{&quot;aperture&quot;:&quot;2.2&quot;,&quot;credit&quot;:&quot;&quot;,&quot;camera&quot;:&quot;iPhone 5s&quot;,&quot;caption&quot;:&quot;&quot;,&quot;created_timestamp&quot;:&quot;1393080766&quot;,&quot;copyright&quot;:&quot;&quot;,&quot;focal_length&quot;:&quot;4.12&quot;,&quot;iso&quot;:&quot;160&quot;,&quot;shutter_speed&quot;:&quot;0.033333333333333&quot;,&quot;title&quot;:&quot;&quot;}\" data-image-title=\"Preparativos Comparsas 02\" data-image-description=\"\" data-medium-file=\"http:\/\/desireemartinphoto.com\/blog\/wp-content\/uploads\/2014\/02\/Preparativos-Comparsas-02-195x300.jpg\" data-large-file=\"http:\/\/desireemartinphoto.com\/blog\/wp-content\/uploads\/2014\/02\/Preparativos-Comparsas-02.jpg\" loading=\"lazy\" class=\"aligncenter size-full wp-image-3198\" alt=\"Preparativos Comparsas 02\" src=\"http:\/\/desireemartinphoto.com\/blog\/wp-content\/uploads\/2014\/02\/Preparativos-Comparsas-02.jpg\" width=\"550\" height=\"844\" srcset=\"http:\/\/desireemartinphoto.com\/blog\/wp-content\/uploads\/2014\/02\/Preparativos-Comparsas-02.jpg 550w, http:\/\/desireemartinphoto.com\/blog\/wp-content\/uploads\/2014\/02\/Preparativos-Comparsas-02-195x300.jpg 195w\" sizes=\"(max-width: 550px) 100vw, 550px\" \/><\/p>\n<p>&nbsp;<\/p>\n<p>Preparando mi nuevo Taller de Reciclaje Creativo &#8230;esta cartera est\u00e1 en proceso!!!<\/p>\n<p>Pero volvamos a la Fotograf\u00eda:<\/p>\n<p>Parte del material para la batalla:<\/p>\n<p><img data-attachment-id=\"3199\" data-permalink=\"http:\/\/desireemartinphoto.com\/blog\/previos-al-concurso-de-comparsas\/preparativos-comparsas-03\/\" data-orig-file=\"http:\/\/desireemartinphoto.com\/blog\/wp-content\/uploads\/2014\/02\/Preparativos-Comparsas-03.jpg\" data-orig-size=\"550,339\" data-comments-opened=\"1\" data-image-meta=\"{&quot;aperture&quot;:&quot;2.2&quot;,&quot;credit&quot;:&quot;&quot;,&quot;camera&quot;:&quot;iPhone 5s&quot;,&quot;caption&quot;:&quot;&quot;,&quot;created_timestamp&quot;:&quot;1393078211&quot;,&quot;copyright&quot;:&quot;&quot;,&quot;focal_length&quot;:&quot;4.12&quot;,&quot;iso&quot;:&quot;160&quot;,&quot;shutter_speed&quot;:&quot;0.033333333333333&quot;,&quot;title&quot;:&quot;&quot;}\" data-image-title=\"Preparativos Comparsas 03\" data-image-description=\"\" data-medium-file=\"http:\/\/desireemartinphoto.com\/blog\/wp-content\/uploads\/2014\/02\/Preparativos-Comparsas-03-300x184.jpg\" data-large-file=\"http:\/\/desireemartinphoto.com\/blog\/wp-content\/uploads\/2014\/02\/Preparativos-Comparsas-03.jpg\" loading=\"lazy\" class=\"alignleft size-full wp-image-3199\" alt=\"Preparativos Comparsas 03\" src=\"http:\/\/desireemartinphoto.com\/blog\/wp-content\/uploads\/2014\/02\/Preparativos-Comparsas-03.jpg\" width=\"550\" height=\"339\" srcset=\"http:\/\/desireemartinphoto.com\/blog\/wp-content\/uploads\/2014\/02\/Preparativos-Comparsas-03.jpg 550w, http:\/\/desireemartinphoto.com\/blog\/wp-content\/uploads\/2014\/02\/Preparativos-Comparsas-03-300x184.jpg 300w\" sizes=\"(max-width: 550px) 100vw, 550px\" \/><\/p>\n<p>&nbsp;<\/p>\n<p>&nbsp;<\/p>\n<p>&nbsp;<\/p>\n<p>&nbsp;<\/p>\n<p>Equipo fotogr\u00e1fico, en port\u00e1til, la conexi\u00f3n (por si no se puede trabajar con la del recinto habilitada para ello ), auriculares para aislarme del jaleo, al menos cuando me apetezca!, la mayor parte del tiempo prefiero estar inmersa en el sonido del entorno, liga para el pelo para no molestar mucho ..jajajjajaj &#8230; acreditaci\u00f3n, termo con chocolate y comida, son unas 6 horas de trabajo continuo, abrigo&#8230; s\u00ed!, dentro del recinto ferial..abrigo.. cargadores, bater\u00edas cargadas, pies de fotos preparados &#8230;<\/p>\n<p>Quiz\u00e1s haga algo de back stage, al menos para ir concentr\u00e1ndome, la luz es bastante mala, no suele dar mucho juego, pero &#8230;necesito inmersi\u00f3n en el Carnaval YA!<\/p>\n<p>Este el mi d\u00e9cimo a\u00f1o.. estoy en ese punto intermedio, no estoy hastiada de hacer temas reiterativos de cada a\u00f1o, espero que jam\u00e1s me suceda, pero si siento que me repito, que no logro frescura en las im\u00e1genes.<\/p>\n<p>A ver que saco!!<\/p>\n<p>Ah!! \u00a0 y por supuesto voy vestida de oscuro para no distraer&#8230; eso s\u00ed, como cada a\u00f1o, algo de carnaval me encasquetar\u00e9! \ud83d\ude09<\/p>\n<p>Muaaaah!!<\/p>\n<div class=\"sharedaddy sd-sharing-enabled\"><div class=\"robots-nocontent sd-block sd-social sd-social-icon-text sd-sharing\"><h3 class=\"sd-title\">COMPARTE ESTO:<\/h3><div class=\"sd-content\"><ul><li class=\"share-facebook\"><a rel=\"nofollow noopener noreferrer\" data-shared=\"sharing-facebook-3197\" class=\"share-facebook sd-button share-icon\" href=\"http:\/\/desireemartinphoto.com\/blog\/previos-al-concurso-de-comparsas\/?share=facebook\" target=\"_blank\" title=\"Haz clic para compartir en Facebook\"><span>Facebook<\/span><\/a><\/li><li class=\"share-twitter\"><a rel=\"nofollow noopener noreferrer\" data-shared=\"sharing-twitter-3197\" class=\"share-twitter sd-button share-icon\" href=\"http:\/\/desireemartinphoto.com\/blog\/previos-al-concurso-de-comparsas\/?share=twitter\" target=\"_blank\" title=\"Haz clic para compartir en Twitter\"><span>Twitter<\/span><\/a><\/li><li class=\"share-email\"><a rel=\"nofollow noopener noreferrer\" data-shared=\"\" class=\"share-email sd-button share-icon\" href=\"http:\/\/desireemartinphoto.com\/blog\/previos-al-concurso-de-comparsas\/?share=email\" target=\"_blank\" title=\"Haz clic para enviar por correo electr\u00f3nico a un amigo\"><span>Correo electr\u00f3nico<\/span><\/a><\/li><li class=\"share-linkedin\"><a rel=\"nofollow noopener noreferrer\" data-shared=\"sharing-linkedin-3197\" class=\"share-linkedin sd-button share-icon\" href=\"http:\/\/desireemartinphoto.com\/blog\/previos-al-concurso-de-comparsas\/?share=linkedin\" target=\"_blank\" title=\"Haz clic para compartir en LinkedIn\"><span>LinkedIn<\/span><\/a><\/li><li class=\"share-tumblr\"><a rel=\"nofollow noopener noreferrer\" data-shared=\"\" class=\"share-tumblr sd-button share-icon\" href=\"http:\/\/desireemartinphoto.com\/blog\/previos-al-concurso-de-comparsas\/?share=tumblr\" target=\"_blank\" title=\"Haz clic para compartir en Tumblr\"><span>Tumblr<\/span><\/a><\/li><li class=\"share-end\"><\/li><\/ul><\/div><\/div><\/div>","protected":false},"excerpt":{"rendered":"<p>&nbsp; &nbsp; &nbsp; &nbsp; Esta noche es el Concurso de Comparsas de Santa Cruz de Tenerife, para mi el primer contacto con el foso del Gran escenario del carnaval. Este momento del a\u00f1o significa cosas muy dispares para los fot\u00f3grafos que nos enfrentamos a cubrir estos actos del carnaval, los que se realizan en recintos [&#038;hellip<\/p>\n<div class=\"sharedaddy sd-sharing-enabled\"><div class=\"robots-nocontent sd-block sd-social sd-social-icon-text sd-sharing\"><h3 class=\"sd-title\">COMPARTE ESTO:<\/h3><div class=\"sd-content\"><ul><li class=\"share-facebook\"><a rel=\"nofollow noopener noreferrer\" data-shared=\"sharing-facebook-3197\" class=\"share-facebook sd-button share-icon\" href=\"http:\/\/desireemartinphoto.com\/blog\/previos-al-concurso-de-comparsas\/?share=facebook\" target=\"_blank\" title=\"Haz clic para compartir en Facebook\"><span>Facebook<\/span><\/a><\/li><li class=\"share-twitter\"><a rel=\"nofollow noopener noreferrer\" data-shared=\"sharing-twitter-3197\" class=\"share-twitter sd-button share-icon\" href=\"http:\/\/desireemartinphoto.com\/blog\/previos-al-concurso-de-comparsas\/?share=twitter\" target=\"_blank\" title=\"Haz clic para compartir en Twitter\"><span>Twitter<\/span><\/a><\/li><li class=\"share-email\"><a rel=\"nofollow noopener noreferrer\" data-shared=\"\" class=\"share-email sd-button share-icon\" href=\"http:\/\/desireemartinphoto.com\/blog\/previos-al-concurso-de-comparsas\/?share=email\" target=\"_blank\" title=\"Haz clic para enviar por correo electr\u00f3nico a un amigo\"><span>Correo electr\u00f3nico<\/span><\/a><\/li><li class=\"share-linkedin\"><a rel=\"nofollow noopener noreferrer\" data-shared=\"sharing-linkedin-3197\" class=\"share-linkedin sd-button share-icon\" href=\"http:\/\/desireemartinphoto.com\/blog\/previos-al-concurso-de-comparsas\/?share=linkedin\" target=\"_blank\" title=\"Haz clic para compartir en LinkedIn\"><span>LinkedIn<\/span><\/a><\/li><li class=\"share-tumblr\"><a rel=\"nofollow noopener noreferrer\" data-shared=\"\" class=\"share-tumblr sd-button share-icon\" href=\"http:\/\/desireemartinphoto.com\/blog\/previos-al-concurso-de-comparsas\/?share=tumblr\" target=\"_blank\" title=\"Haz clic para compartir en Tumblr\"><span>Tumblr<\/span><\/a><\/li><li class=\"share-end\"><\/li><\/ul><\/div><\/div><\/div>","protected":false},"author":1,"featured_media":0,"comment_status":"open","ping_status":"open","sticky":false,"template":"","format":"standard","meta":{"spay_email":""},"categories":[457],"tags":[673,87,301,670,671,355,5,672,674],"jetpack_featured_media_url":"","jetpack_sharing_enabled":true,"_links":{"self":[{"href":"http:\/\/desireemartinphoto.com\/blog\/wp-json\/wp\/v2\/posts\/3197"}],"collection":[{"href":"http:\/\/desireemartinphoto.com\/blog\/wp-json\/wp\/v2\/posts"}],"about":[{"href":"http:\/\/desireemartinphoto.com\/blog\/wp-json\/wp\/v2\/types\/post"}],"author":[{"embeddable":true,"href":"http:\/\/desireemartinphoto.com\/blog\/wp-json\/wp\/v2\/users\/1"}],"replies":[{"embeddable":true,"href":"http:\/\/desireemartinphoto.com\/blog\/wp-json\/wp\/v2\/comments?post=3197"}],"version-history":[{"count":5,"href":"http:\/\/desireemartinphoto.com\/blog\/wp-json\/wp\/v2\/posts\/3197\/revisions"}],"predecessor-version":[{"id":3206,"href":"http:\/\/desireemartinphoto.com\/blog\/wp-json\/wp\/v2\/posts\/3197\/revisions\/3206"}],"wp:attachment":[{"href":"http:\/\/desireemartinphoto.com\/blog\/wp-json\/wp\/v2\/media?parent=3197"}],"wp:term":[{"taxonomy":"category","embeddable":true,"href":"http:\/\/desireemartinphoto.com\/blog\/wp-json\/wp\/v2\/categories?post=3197"},{"taxonomy":"post_tag","embeddable":true,"href":"http:\/\/desireemartinphoto.com\/blog\/wp-json\/wp\/v2\/tags?post=3197"}],"curies":[{"name":"wp","href":"https:\/\/api.w.org\/{rel}","templated":true}]}}