{"id":3064,"date":"2014-01-26T11:52:21","date_gmt":"2014-01-26T11:52:21","guid":{"rendered":"http:\/\/desireemartinphoto.com\/blog\/?p=3064"},"modified":"2014-01-26T23:37:47","modified_gmt":"2014-01-26T23:37:47","slug":"san-canuto-2014","status":"publish","type":"post","link":"http:\/\/desireemartinphoto.com\/blog\/san-canuto-2014\/","title":{"rendered":"San Canuto 2014"},"content":{"rendered":"<p>&nbsp;<\/p>\n<p>San Canuto IV fue un rey de Dinamarca entorno al 1080. Como a los cigarros de marihuana los llaman Canutos y aprovechando que exist\u00eda en el calendario un &#8220;San Canuto&#8221; &#8230; el d\u00eda 19 de enero se ha elegido c\u00f3mo la festividad para celebrar un d\u00eda de reivindicaciones por el uso y consumo de esta planta.<\/p>\n<p>&nbsp;<\/p>\n<p>Este a\u00f1o me fui a la isla de Fuerteventura, la que est\u00e1 m\u00e1s cercana a \u00c1frica a ver qu\u00e9 era eso de celebrar San Canuto &#8230;<\/p>\n<p>&nbsp;<\/p>\n<p><img data-attachment-id=\"3065\" data-permalink=\"http:\/\/desireemartinphoto.com\/blog\/san-canuto-2014\/san-canuto-blog-2014-1\/\" data-orig-file=\"http:\/\/desireemartinphoto.com\/blog\/wp-content\/uploads\/2014\/01\/SAN-CANUTO-BLOG-2014-1.jpg\" data-orig-size=\"383,550\" data-comments-opened=\"1\" data-image-meta=\"{&quot;aperture&quot;:&quot;2.8&quot;,&quot;credit&quot;:&quot;&quot;,&quot;camera&quot;:&quot;Canon EOS 5D Mark II&quot;,&quot;caption&quot;:&quot;&quot;,&quot;created_timestamp&quot;:&quot;1389977885&quot;,&quot;copyright&quot;:&quot;&quot;,&quot;focal_length&quot;:&quot;200&quot;,&quot;iso&quot;:&quot;400&quot;,&quot;shutter_speed&quot;:&quot;0.005&quot;,&quot;title&quot;:&quot;&quot;,&quot;orientation&quot;:&quot;0&quot;}\" data-image-title=\"SAN CANUTO BLOG 2014-1\" data-image-description=\"\" data-medium-file=\"http:\/\/desireemartinphoto.com\/blog\/wp-content\/uploads\/2014\/01\/SAN-CANUTO-BLOG-2014-1-209x300.jpg\" data-large-file=\"http:\/\/desireemartinphoto.com\/blog\/wp-content\/uploads\/2014\/01\/SAN-CANUTO-BLOG-2014-1.jpg\" loading=\"lazy\" class=\"alignleft size-full wp-image-3065\" alt=\"SAN CANUTO BLOG 2014-1\" src=\"http:\/\/desireemartinphoto.com\/blog\/wp-content\/uploads\/2014\/01\/SAN-CANUTO-BLOG-2014-1.jpg\" width=\"383\" height=\"550\" srcset=\"http:\/\/desireemartinphoto.com\/blog\/wp-content\/uploads\/2014\/01\/SAN-CANUTO-BLOG-2014-1.jpg 383w, http:\/\/desireemartinphoto.com\/blog\/wp-content\/uploads\/2014\/01\/SAN-CANUTO-BLOG-2014-1-209x300.jpg 209w\" sizes=\"(max-width: 383px) 100vw, 383px\" \/><\/p>\n<p>&nbsp;<\/p>\n<p>&nbsp;<\/p>\n<p>&nbsp;<\/p>\n<p>&nbsp;<\/p>\n<p>&nbsp;<\/p>\n<p>&nbsp;<\/p>\n<p>&nbsp;<\/p>\n<p>&nbsp;<\/p>\n<p>&nbsp;<\/p>\n<p>&nbsp;<\/p>\n<p>&nbsp;<\/p>\n<p>&nbsp;<\/p>\n<p>&nbsp;<\/p>\n<p>&nbsp;<\/p>\n<p>&nbsp;<\/p>\n<p>&nbsp;<\/p>\n<p>&nbsp;<\/p>\n<p>&nbsp;<\/p>\n<p>&nbsp;<\/p>\n<p>&nbsp;<\/p>\n<p>\u00bfQu\u00e9 reivindican?<\/p>\n<p>&#8220;Varias y sencillas cosas&#8221;, por ejemplo:\u00a0regular la situaci\u00f3n, que se permitiera el cultivo privado, tanto para los clubs como a nivel particular, lo que evitar\u00eda que las mafias se beneficiaran de la marihuana, eliminando en gran medida esta planta del <b>mercado negro<\/b>.<\/p>\n<p>Hace alg\u00fan tiempo hice un reportaje sobre un club cannabico: Sibaritas MedCan.<\/p>\n<p>A groso modo : el cultivo en los clubes es legal y est\u00e1 regularizados, tiene sus socios, sus estatutos, sus cuotas, su dispensario para la recogida de la parte que te toque de la cosecha .. etc ..<\/p>\n<p>El consumo limitado en tu casa es legal.<\/p>\n<p>\u00bf Cu\u00e1l es el problema ( en relaci\u00f3n a la situaci\u00f3n de los clubes) ?. Durante el trayecto, desde el dispensario hasta su hogar.<\/p>\n<p>&nbsp;<\/p>\n<p>Una y otra \u00a0vez son intervenidos por la polic\u00eda, entran en los clubes, en las fincas y se llevan la cosecha, o cortan las matas. Por lo que me cuentan, una vez que llegan ante el juez, todo queda en nada, regresan a sus casas, pero el da\u00f1o ya est\u00e1 hecho.<\/p>\n<p>&nbsp;<\/p>\n<p><img data-attachment-id=\"3066\" data-permalink=\"http:\/\/desireemartinphoto.com\/blog\/san-canuto-2014\/san-canuto-blog-2014-2\/\" data-orig-file=\"http:\/\/desireemartinphoto.com\/blog\/wp-content\/uploads\/2014\/01\/SAN-CANUTO-BLOG-2014-2.jpg\" data-orig-size=\"550,367\" data-comments-opened=\"1\" data-image-meta=\"{&quot;aperture&quot;:&quot;2.8&quot;,&quot;credit&quot;:&quot;&quot;,&quot;camera&quot;:&quot;Canon EOS 5D Mark II&quot;,&quot;caption&quot;:&quot;&quot;,&quot;created_timestamp&quot;:&quot;1389974651&quot;,&quot;copyright&quot;:&quot;&quot;,&quot;focal_length&quot;:&quot;145&quot;,&quot;iso&quot;:&quot;800&quot;,&quot;shutter_speed&quot;:&quot;0.004&quot;,&quot;title&quot;:&quot;&quot;}\" data-image-title=\"SAN CANUTO BLOG 2014-2\" data-image-description=\"\" data-medium-file=\"http:\/\/desireemartinphoto.com\/blog\/wp-content\/uploads\/2014\/01\/SAN-CANUTO-BLOG-2014-2-300x200.jpg\" data-large-file=\"http:\/\/desireemartinphoto.com\/blog\/wp-content\/uploads\/2014\/01\/SAN-CANUTO-BLOG-2014-2.jpg\" loading=\"lazy\" class=\"alignleft size-full wp-image-3066\" alt=\"SAN CANUTO BLOG 2014-2\" src=\"http:\/\/desireemartinphoto.com\/blog\/wp-content\/uploads\/2014\/01\/SAN-CANUTO-BLOG-2014-2.jpg\" width=\"550\" height=\"367\" srcset=\"http:\/\/desireemartinphoto.com\/blog\/wp-content\/uploads\/2014\/01\/SAN-CANUTO-BLOG-2014-2.jpg 550w, http:\/\/desireemartinphoto.com\/blog\/wp-content\/uploads\/2014\/01\/SAN-CANUTO-BLOG-2014-2-300x200.jpg 300w\" sizes=\"(max-width: 550px) 100vw, 550px\" \/><\/p>\n<p>&nbsp;<\/p>\n<p>&nbsp;<\/p>\n<p>San Canuto en sus palabras.<\/p>\n<p><b>Jos\u00e9 Mar\u00eda Alonso (41)<\/b> Presidente, ACMEFUR ( Asociaci\u00f3n de Cannabis Medicinal de Fuerteventura ),<\/p>\n<p>\u201cEl d\u00eda de San Canuto se celebra a nivel nacional y est\u00e1 dedicado a la reivindicaci\u00f3n\u00a0 d d de los derechos de los usuarios del cannabis, derechos como no tener la obligaci\u00f3n de acceder al mercado negro o tener informaci\u00f3n sobre las sustancias que consumimos\u201d.<\/p>\n<p>\u201cEl mercado negro del cannabis se combate con el autocultivo y las asociaciones invierten parte de sus presupuestos en el an\u00e1lisis de sus cosechas de por lo tanto del producto que ofrecen a sus asociados\u201d.<\/p>\n<p>\u201cLas asociaciones y federaciones de usuarios del cannabis estamos luchando para intentar derogar la Ley Corcuera , \u201cla de la patada a la puerta\u201d y cambiar el art\u00edculo que nos tiene bajo su yugo, el art\u00edculo 198.2, con un peque\u00f1o ep\u00edgrafe :\u201d excepto los clubes cannabicos\u201d, se solucionar\u00edan muchos de los problemas.<\/p>\n<p>&nbsp;<\/p>\n<p><b><i>Art\u00edculo 368.-<\/i><\/b><i>Los que ejecuten actos de cultivo, elaboraci\u00f3n o tr\u00e1fico, o de otro modo promuevan, favorezcan o faciliten el consumo ilegal de drogas t\u00f3xicas, estupefacientes o sustancias psicotr\u00f3picas, o las posean con aquellos fines, ser\u00e1n castigados con las penas de prisi\u00f3n de tres a seis a\u00f1os y multa del tanto al triplo del valor de la droga objeto del delito si se tratare de sustancias o productos que causen grave da\u00f1o a la salud, y de prisi\u00f3n de uno a tres a\u00f1os y multa del tanto al duplo en los dem\u00e1s casos.<\/i><\/p>\n<p><i>No obstante lo dispuesto en el p\u00e1rrafo anterior, los tribunales podr\u00e1n imponer la pena inferior en grado a las se\u00f1aladas en atenci\u00f3n a la escasa entidad del hecho y a las circunstancias personales del culpable. No se podr\u00e1 hacer uso de esta facultad si concurriere alguna de las circunstancias a que se hace referencia en los art\u00edculos 369 bis y 370.<\/i><\/p>\n<p>\u201c Una de nuestras batallas de a diario es que cuando los usuarios salen del dispensador en los clubes se exponen a que la polic\u00eda lo pueda sancionar, ya que es el \u00fanico momento en el que est\u00e1 en situaci\u00f3n ilegal, no en el club ni en su casa\u201d<\/p>\n<p>\u201cEn el ultimo a\u00f1o y medio se han abierto 15 clubes cannabicos nuevos, duplicando la cifra de los existentes, y se nota, se nota en la calle, te lo dice la polic\u00eda, hay much\u00edsimo menos mercado negro\u201d<\/p>\n<p>\u201cNo estamos haciendo nada que hace 10 a\u00f1os no pudi\u00e9ramos, solo que somos menos hip\u00f3critas\u201d<\/p>\n<p>&nbsp;<\/p>\n<p>&nbsp;<\/p>\n<p><img data-attachment-id=\"3067\" data-permalink=\"http:\/\/desireemartinphoto.com\/blog\/san-canuto-2014\/san-canuto-blog-2014-3\/\" data-orig-file=\"http:\/\/desireemartinphoto.com\/blog\/wp-content\/uploads\/2014\/01\/SAN-CANUTO-BLOG-2014-3.jpg\" data-orig-size=\"550,238\" data-comments-opened=\"1\" data-image-meta=\"{&quot;aperture&quot;:&quot;1.8&quot;,&quot;credit&quot;:&quot;&quot;,&quot;camera&quot;:&quot;Canon EOS 5D Mark II&quot;,&quot;caption&quot;:&quot;&quot;,&quot;created_timestamp&quot;:&quot;1389978167&quot;,&quot;copyright&quot;:&quot;&quot;,&quot;focal_length&quot;:&quot;85&quot;,&quot;iso&quot;:&quot;400&quot;,&quot;shutter_speed&quot;:&quot;0.00625&quot;,&quot;title&quot;:&quot;&quot;}\" data-image-title=\"SAN CANUTO BLOG 2014-3\" data-image-description=\"\" data-medium-file=\"http:\/\/desireemartinphoto.com\/blog\/wp-content\/uploads\/2014\/01\/SAN-CANUTO-BLOG-2014-3-300x129.jpg\" data-large-file=\"http:\/\/desireemartinphoto.com\/blog\/wp-content\/uploads\/2014\/01\/SAN-CANUTO-BLOG-2014-3.jpg\" loading=\"lazy\" class=\"alignleft size-full wp-image-3067\" alt=\"SAN CANUTO BLOG 2014-3\" src=\"http:\/\/desireemartinphoto.com\/blog\/wp-content\/uploads\/2014\/01\/SAN-CANUTO-BLOG-2014-3.jpg\" width=\"550\" height=\"238\" srcset=\"http:\/\/desireemartinphoto.com\/blog\/wp-content\/uploads\/2014\/01\/SAN-CANUTO-BLOG-2014-3.jpg 550w, http:\/\/desireemartinphoto.com\/blog\/wp-content\/uploads\/2014\/01\/SAN-CANUTO-BLOG-2014-3-300x129.jpg 300w\" sizes=\"(max-width: 550px) 100vw, 550px\" \/><\/p>\n<p>&nbsp;<\/p>\n<p>&nbsp;<\/p>\n<p>&nbsp;<\/p>\n<p>&nbsp;<\/p>\n<p><img data-attachment-id=\"3068\" data-permalink=\"http:\/\/desireemartinphoto.com\/blog\/san-canuto-2014\/san-canuto-blog-2014-4\/\" data-orig-file=\"http:\/\/desireemartinphoto.com\/blog\/wp-content\/uploads\/2014\/01\/SAN-CANUTO-BLOG-2014-4.jpg\" data-orig-size=\"538,550\" data-comments-opened=\"1\" data-image-meta=\"{&quot;aperture&quot;:&quot;2.8&quot;,&quot;credit&quot;:&quot;&quot;,&quot;camera&quot;:&quot;Canon EOS 5D Mark II&quot;,&quot;caption&quot;:&quot;&quot;,&quot;created_timestamp&quot;:&quot;1390062890&quot;,&quot;copyright&quot;:&quot;&quot;,&quot;focal_length&quot;:&quot;16&quot;,&quot;iso&quot;:&quot;1600&quot;,&quot;shutter_speed&quot;:&quot;0.0003125&quot;,&quot;title&quot;:&quot;&quot;}\" data-image-title=\"SAN CANUTO BLOG 2014-4\" data-image-description=\"\" data-medium-file=\"http:\/\/desireemartinphoto.com\/blog\/wp-content\/uploads\/2014\/01\/SAN-CANUTO-BLOG-2014-4-293x300.jpg\" data-large-file=\"http:\/\/desireemartinphoto.com\/blog\/wp-content\/uploads\/2014\/01\/SAN-CANUTO-BLOG-2014-4.jpg\" loading=\"lazy\" class=\"alignleft size-full wp-image-3068\" style=\"line-height: 1.5em;\" alt=\"SAN CANUTO BLOG 2014-4\" src=\"http:\/\/desireemartinphoto.com\/blog\/wp-content\/uploads\/2014\/01\/SAN-CANUTO-BLOG-2014-4.jpg\" width=\"538\" height=\"550\" srcset=\"http:\/\/desireemartinphoto.com\/blog\/wp-content\/uploads\/2014\/01\/SAN-CANUTO-BLOG-2014-4.jpg 538w, http:\/\/desireemartinphoto.com\/blog\/wp-content\/uploads\/2014\/01\/SAN-CANUTO-BLOG-2014-4-293x300.jpg 293w\" sizes=\"(max-width: 538px) 100vw, 538px\" \/><\/p>\n<p>&nbsp;<\/p>\n<p>&nbsp;<\/p>\n<p>&nbsp;<\/p>\n<p>&nbsp;<\/p>\n<p><img data-attachment-id=\"3069\" data-permalink=\"http:\/\/desireemartinphoto.com\/blog\/san-canuto-2014\/spain-weather-drought\/\" data-orig-file=\"http:\/\/desireemartinphoto.com\/blog\/wp-content\/uploads\/2014\/01\/SAN-CANUTO-BLOG-2014-5.jpg\" data-orig-size=\"550,398\" data-comments-opened=\"1\" data-image-meta=\"{&quot;aperture&quot;:&quot;2.8&quot;,&quot;credit&quot;:&quot;DESIREE MARTIN&quot;,&quot;camera&quot;:&quot;Canon EOS 5D Mark II&quot;,&quot;caption&quot;:&quot;A group of persons consume cannabis during San Canuto&#039;s celebration, where they claim the legalization of the use of the marijuana, on the Spanish Canary island of Fuerteventura on January 17, 2014.AFP PHOTO \\\/ DESIREE MARTIN&quot;,&quot;created_timestamp&quot;:&quot;1389976923&quot;,&quot;copyright&quot;:&quot;ImageForum&quot;,&quot;focal_length&quot;:&quot;85&quot;,&quot;iso&quot;:&quot;400&quot;,&quot;shutter_speed&quot;:&quot;0.0125&quot;,&quot;title&quot;:&quot;SPAIN-WEATHER-DROUGHT&quot;}\" data-image-title=\"SPAIN-WEATHER-DROUGHT\" data-image-description=\"&lt;p&gt;A group of persons consume cannabis during San Canuto&#8217;s celebration, where they claim the legalization of the use of the marijuana, on the Spanish Canary island of Fuerteventura on January 17, 2014.AFP PHOTO \/ DESIREE MARTIN&lt;\/p&gt;\n\" data-medium-file=\"http:\/\/desireemartinphoto.com\/blog\/wp-content\/uploads\/2014\/01\/SAN-CANUTO-BLOG-2014-5-300x217.jpg\" data-large-file=\"http:\/\/desireemartinphoto.com\/blog\/wp-content\/uploads\/2014\/01\/SAN-CANUTO-BLOG-2014-5.jpg\" loading=\"lazy\" class=\"alignleft size-full wp-image-3069\" alt=\"SPAIN-WEATHER-DROUGHT\" src=\"http:\/\/desireemartinphoto.com\/blog\/wp-content\/uploads\/2014\/01\/SAN-CANUTO-BLOG-2014-5.jpg\" width=\"550\" height=\"398\" srcset=\"http:\/\/desireemartinphoto.com\/blog\/wp-content\/uploads\/2014\/01\/SAN-CANUTO-BLOG-2014-5.jpg 550w, http:\/\/desireemartinphoto.com\/blog\/wp-content\/uploads\/2014\/01\/SAN-CANUTO-BLOG-2014-5-300x217.jpg 300w\" sizes=\"(max-width: 550px) 100vw, 550px\" \/><\/p>\n<p>&nbsp;<\/p>\n<p>&nbsp;<\/p>\n<p>&nbsp;<\/p>\n<p>&nbsp;<\/p>\n<p><img data-attachment-id=\"3070\" data-permalink=\"http:\/\/desireemartinphoto.com\/blog\/san-canuto-2014\/san-canuto-blog-2014-6\/\" data-orig-file=\"http:\/\/desireemartinphoto.com\/blog\/wp-content\/uploads\/2014\/01\/SAN-CANUTO-BLOG-2014-6.jpg\" data-orig-size=\"825,550\" data-comments-opened=\"1\" data-image-meta=\"{&quot;aperture&quot;:&quot;3.5&quot;,&quot;credit&quot;:&quot;&quot;,&quot;camera&quot;:&quot;Canon EOS 5D Mark II&quot;,&quot;caption&quot;:&quot;&quot;,&quot;created_timestamp&quot;:&quot;1390050114&quot;,&quot;copyright&quot;:&quot;&quot;,&quot;focal_length&quot;:&quot;21&quot;,&quot;iso&quot;:&quot;800&quot;,&quot;shutter_speed&quot;:&quot;0.004&quot;,&quot;title&quot;:&quot;&quot;}\" data-image-title=\"SAN CANUTO BLOG 2014-6\" data-image-description=\"\" data-medium-file=\"http:\/\/desireemartinphoto.com\/blog\/wp-content\/uploads\/2014\/01\/SAN-CANUTO-BLOG-2014-6-300x200.jpg\" data-large-file=\"http:\/\/desireemartinphoto.com\/blog\/wp-content\/uploads\/2014\/01\/SAN-CANUTO-BLOG-2014-6.jpg\" loading=\"lazy\" class=\"alignleft size-full wp-image-3070\" alt=\"SAN CANUTO BLOG 2014-6\" src=\"http:\/\/desireemartinphoto.com\/blog\/wp-content\/uploads\/2014\/01\/SAN-CANUTO-BLOG-2014-6.jpg\" width=\"825\" height=\"550\" srcset=\"http:\/\/desireemartinphoto.com\/blog\/wp-content\/uploads\/2014\/01\/SAN-CANUTO-BLOG-2014-6.jpg 825w, http:\/\/desireemartinphoto.com\/blog\/wp-content\/uploads\/2014\/01\/SAN-CANUTO-BLOG-2014-6-300x200.jpg 300w\" sizes=\"(max-width: 825px) 100vw, 825px\" \/><\/p>\n<p>&nbsp;<\/p>\n<p>&nbsp;<\/p>\n<p>&nbsp;<\/p>\n<p>&nbsp;<\/p>\n<p><b>Ibai Ateka Madariaga ( 29 ),<\/b> vocal de EHKEEF , Federaci\u00f3n de Asociaciones Vascas.<\/p>\n<p>&nbsp;<\/p>\n<p>\u201c Nuestra asociaci\u00f3n trabaja para lograr que en el marco de la legislaci\u00f3n Espa\u00f1ola actual podamos seguir cultivando, no solicitamos grandes cambios legales \u201d<\/p>\n<p>&nbsp;<\/p>\n<p>\u201c Sabemos que los cambios legales que se requieren son \u00ednfimos porque los jueces nos dan la raz\u00f3n, una y otra vez la polic\u00eda nos requisa la producci\u00f3n, nos cortan las plantas y una vez que llega el juicio el juez nos da la raz\u00f3n, eso significar\u00e1 algo, \u00bfno? \u201d.<\/p>\n<p>&nbsp;<\/p>\n<p>\u201c Invertimos en investigaciones para probar que la ley que nos rige de la Uni\u00f3n Europea est\u00e1 obsoleta, ea ley del a\u00f1o 61 aprobada por la ONU en la que nos meten en el mismo saco que a la coca\u00edna o la hero\u00edna no es coherente \u201c.<\/p>\n<p>&nbsp;<\/p>\n<p>\u201c Un desconocedor del cannabis, sus usos y consumo, no puede dirigirnos\u201d.<\/p>\n<p>&nbsp;<\/p>\n<p>&nbsp;<\/p>\n<p>&nbsp;<\/p>\n<p>&nbsp;<\/p>\n<p><img data-attachment-id=\"3071\" data-permalink=\"http:\/\/desireemartinphoto.com\/blog\/san-canuto-2014\/san-canuto-blog-2014-7\/\" data-orig-file=\"http:\/\/desireemartinphoto.com\/blog\/wp-content\/uploads\/2014\/01\/SAN-CANUTO-BLOG-2014-7.jpg\" data-orig-size=\"283,550\" data-comments-opened=\"1\" data-image-meta=\"{&quot;aperture&quot;:&quot;2.8&quot;,&quot;credit&quot;:&quot;&quot;,&quot;camera&quot;:&quot;Canon EOS 5D Mark II&quot;,&quot;caption&quot;:&quot;&quot;,&quot;created_timestamp&quot;:&quot;1389976944&quot;,&quot;copyright&quot;:&quot;&quot;,&quot;focal_length&quot;:&quot;85&quot;,&quot;iso&quot;:&quot;400&quot;,&quot;shutter_speed&quot;:&quot;0.0125&quot;,&quot;title&quot;:&quot;&quot;}\" data-image-title=\"SAN CANUTO BLOG 2014-7\" data-image-description=\"\" data-medium-file=\"http:\/\/desireemartinphoto.com\/blog\/wp-content\/uploads\/2014\/01\/SAN-CANUTO-BLOG-2014-7-154x300.jpg\" data-large-file=\"http:\/\/desireemartinphoto.com\/blog\/wp-content\/uploads\/2014\/01\/SAN-CANUTO-BLOG-2014-7.jpg\" loading=\"lazy\" class=\"alignleft size-full wp-image-3071\" style=\"line-height: 1.5em;\" alt=\"SAN CANUTO BLOG 2014-7\" src=\"http:\/\/desireemartinphoto.com\/blog\/wp-content\/uploads\/2014\/01\/SAN-CANUTO-BLOG-2014-7.jpg\" width=\"283\" height=\"550\" srcset=\"http:\/\/desireemartinphoto.com\/blog\/wp-content\/uploads\/2014\/01\/SAN-CANUTO-BLOG-2014-7.jpg 283w, http:\/\/desireemartinphoto.com\/blog\/wp-content\/uploads\/2014\/01\/SAN-CANUTO-BLOG-2014-7-154x300.jpg 154w\" sizes=\"(max-width: 283px) 100vw, 283px\" \/><\/p>\n<p>&nbsp;<\/p>\n<p>&nbsp;<\/p>\n<p>&nbsp;<\/p>\n<p>&nbsp;<\/p>\n<p>&nbsp;<\/p>\n<p>&nbsp;<\/p>\n<p>&nbsp;<\/p>\n<p>&nbsp;<\/p>\n<p>&nbsp;<\/p>\n<p>&nbsp;<\/p>\n<p><img data-attachment-id=\"3072\" data-permalink=\"http:\/\/desireemartinphoto.com\/blog\/san-canuto-2014\/san-canuto-blog-2014-8\/\" data-orig-file=\"http:\/\/desireemartinphoto.com\/blog\/wp-content\/uploads\/2014\/01\/SAN-CANUTO-BLOG-2014-8.jpg\" data-orig-size=\"373,550\" data-comments-opened=\"1\" data-image-meta=\"{&quot;aperture&quot;:&quot;2.8&quot;,&quot;credit&quot;:&quot;&quot;,&quot;camera&quot;:&quot;Canon EOS 5D Mark II&quot;,&quot;caption&quot;:&quot;&quot;,&quot;created_timestamp&quot;:&quot;1389974709&quot;,&quot;copyright&quot;:&quot;&quot;,&quot;focal_length&quot;:&quot;135&quot;,&quot;iso&quot;:&quot;800&quot;,&quot;shutter_speed&quot;:&quot;0.002&quot;,&quot;title&quot;:&quot;&quot;}\" data-image-title=\"SAN CANUTO BLOG 2014-8\" data-image-description=\"\" data-medium-file=\"http:\/\/desireemartinphoto.com\/blog\/wp-content\/uploads\/2014\/01\/SAN-CANUTO-BLOG-2014-8-203x300.jpg\" data-large-file=\"http:\/\/desireemartinphoto.com\/blog\/wp-content\/uploads\/2014\/01\/SAN-CANUTO-BLOG-2014-8.jpg\" loading=\"lazy\" class=\"alignleft size-full wp-image-3072\" alt=\"SAN CANUTO BLOG 2014-8\" src=\"http:\/\/desireemartinphoto.com\/blog\/wp-content\/uploads\/2014\/01\/SAN-CANUTO-BLOG-2014-8.jpg\" width=\"373\" height=\"550\" srcset=\"http:\/\/desireemartinphoto.com\/blog\/wp-content\/uploads\/2014\/01\/SAN-CANUTO-BLOG-2014-8.jpg 373w, http:\/\/desireemartinphoto.com\/blog\/wp-content\/uploads\/2014\/01\/SAN-CANUTO-BLOG-2014-8-203x300.jpg 203w\" sizes=\"(max-width: 373px) 100vw, 373px\" \/><\/p>\n<p>&nbsp;<\/p>\n<p>&nbsp;<\/p>\n<p>&nbsp;<\/p>\n<p>&nbsp;<\/p>\n<p>&nbsp;<\/p>\n<p>&nbsp;<\/p>\n<p>&nbsp;<\/p>\n<p>&nbsp;<\/p>\n<p>&nbsp;<\/p>\n<p>&nbsp;<\/p>\n<p>&nbsp;<\/p>\n<p>&nbsp;<\/p>\n<p>&nbsp;<\/p>\n<p>&nbsp;<\/p>\n<p>&nbsp;<\/p>\n<p>&nbsp;<\/p>\n<p>&nbsp;<\/p>\n<p>&nbsp;<\/p>\n<p>&nbsp;<\/p>\n<p>&nbsp;<\/p>\n<p>&nbsp;<\/p>\n<p>&nbsp;<\/p>\n<p>&nbsp;<\/p>\n<p>&nbsp;<\/p>\n<p>&nbsp;<\/p>\n<p>&nbsp;<\/p>\n<p>&nbsp;<\/p>\n<p><b>Quique Luque ( 45 )<\/b><\/p>\n<p>&nbsp;<\/p>\n<p>&#8220;Trabajo en el Banco de semillas Reggae Seeds, que se cre\u00f3 en el 2006 en Girona&#8221;.<\/p>\n<p>&nbsp;<\/p>\n<p>\u201cDistribuimos una l\u00ednea de semillas con ratio THC \/ CBD 1:1 a todo el mundo\u201d.<\/p>\n<p>&nbsp;<\/p>\n<p>\u201cLa mayor parte de nuestra producci\u00f3n se destina a la exportaci\u00f3n por lo que la situaci\u00f3n legal de Espa\u00f1a no nos afecta mucho, pocas veces nos han llamado para decirnos que no ha llegado un pedido de semillas\u201d<\/p>\n<p>&nbsp;<\/p>\n<p>Desde los a\u00f1os noventa trabajan en la selecci\u00f3n de la planta del cannabis buscando los mejores cruces con resultado medicinal, y se ha observado que las plantas que contiene un porcentaje del 50% de CBD y 50 % de THC obtiene resultados m\u00e1s \u00f3ptimos en el uso medicinal de la plata. El ejemplo m\u00e1s conocido es el Sativex.<\/p>\n<p>&nbsp;<\/p>\n<p>\u201c Tenemos usuarios que logran mejoras en enfermedades como: glaucoma,<\/p>\n<p>esclerosis m\u00faltiple, anorexia, enfermos con c\u00e1ncer en estad\u00edos avanzados, dolor cr\u00f3nico e inflamaciones en general\u2026\u201d<\/p>\n<p>&nbsp;<\/p>\n<p>&nbsp;<\/p>\n<p>&nbsp;<\/p>\n<p>&nbsp;<\/p>\n<p><img data-attachment-id=\"3073\" data-permalink=\"http:\/\/desireemartinphoto.com\/blog\/san-canuto-2014\/san-canuto-blog-2014-9\/\" data-orig-file=\"http:\/\/desireemartinphoto.com\/blog\/wp-content\/uploads\/2014\/01\/SAN-CANUTO-BLOG-2014-9.jpg\" data-orig-size=\"434,550\" data-comments-opened=\"1\" data-image-meta=\"{&quot;aperture&quot;:&quot;2.8&quot;,&quot;credit&quot;:&quot;&quot;,&quot;camera&quot;:&quot;Canon EOS 5D Mark II&quot;,&quot;caption&quot;:&quot;&quot;,&quot;created_timestamp&quot;:&quot;1389980862&quot;,&quot;copyright&quot;:&quot;&quot;,&quot;focal_length&quot;:&quot;200&quot;,&quot;iso&quot;:&quot;1600&quot;,&quot;shutter_speed&quot;:&quot;0.0025&quot;,&quot;title&quot;:&quot;&quot;}\" data-image-title=\"SAN CANUTO BLOG 2014-9\" data-image-description=\"\" data-medium-file=\"http:\/\/desireemartinphoto.com\/blog\/wp-content\/uploads\/2014\/01\/SAN-CANUTO-BLOG-2014-9-236x300.jpg\" data-large-file=\"http:\/\/desireemartinphoto.com\/blog\/wp-content\/uploads\/2014\/01\/SAN-CANUTO-BLOG-2014-9.jpg\" loading=\"lazy\" class=\"alignleft size-full wp-image-3073\" alt=\"SAN CANUTO BLOG 2014-9\" src=\"http:\/\/desireemartinphoto.com\/blog\/wp-content\/uploads\/2014\/01\/SAN-CANUTO-BLOG-2014-9.jpg\" width=\"434\" height=\"550\" srcset=\"http:\/\/desireemartinphoto.com\/blog\/wp-content\/uploads\/2014\/01\/SAN-CANUTO-BLOG-2014-9.jpg 434w, http:\/\/desireemartinphoto.com\/blog\/wp-content\/uploads\/2014\/01\/SAN-CANUTO-BLOG-2014-9-236x300.jpg 236w\" sizes=\"(max-width: 434px) 100vw, 434px\" \/><\/p>\n<p>&nbsp;<\/p>\n<p>&nbsp;<\/p>\n<p>&nbsp;<\/p>\n<p>&nbsp;<\/p>\n<p>&nbsp;<\/p>\n<p>&nbsp;<\/p>\n<p>&nbsp;<\/p>\n<p>&nbsp;<\/p>\n<p>&nbsp;<\/p>\n<p>&nbsp;<\/p>\n<p>&nbsp;<\/p>\n<p>&nbsp;<\/p>\n<p>&nbsp;<\/p>\n<p>&nbsp;<\/p>\n<p>&nbsp;<\/p>\n<p>&nbsp;<\/p>\n<p><img data-attachment-id=\"3074\" data-permalink=\"http:\/\/desireemartinphoto.com\/blog\/san-canuto-2014\/san-canuto-blog-2014-10\/\" data-orig-file=\"http:\/\/desireemartinphoto.com\/blog\/wp-content\/uploads\/2014\/01\/SAN-CANUTO-BLOG-2014-10.jpg\" data-orig-size=\"429,550\" data-comments-opened=\"1\" data-image-meta=\"{&quot;aperture&quot;:&quot;2.8&quot;,&quot;credit&quot;:&quot;&quot;,&quot;camera&quot;:&quot;Canon EOS 5D Mark II&quot;,&quot;caption&quot;:&quot;&quot;,&quot;created_timestamp&quot;:&quot;1389980938&quot;,&quot;copyright&quot;:&quot;&quot;,&quot;focal_length&quot;:&quot;85&quot;,&quot;iso&quot;:&quot;1600&quot;,&quot;shutter_speed&quot;:&quot;0.00625&quot;,&quot;title&quot;:&quot;&quot;}\" data-image-title=\"SAN CANUTO BLOG 2014-10\" data-image-description=\"\" data-medium-file=\"http:\/\/desireemartinphoto.com\/blog\/wp-content\/uploads\/2014\/01\/SAN-CANUTO-BLOG-2014-10-233x300.jpg\" data-large-file=\"http:\/\/desireemartinphoto.com\/blog\/wp-content\/uploads\/2014\/01\/SAN-CANUTO-BLOG-2014-10.jpg\" loading=\"lazy\" class=\"alignleft size-full wp-image-3074\" alt=\"SAN CANUTO BLOG 2014-10\" src=\"http:\/\/desireemartinphoto.com\/blog\/wp-content\/uploads\/2014\/01\/SAN-CANUTO-BLOG-2014-10.jpg\" width=\"429\" height=\"550\" srcset=\"http:\/\/desireemartinphoto.com\/blog\/wp-content\/uploads\/2014\/01\/SAN-CANUTO-BLOG-2014-10.jpg 429w, http:\/\/desireemartinphoto.com\/blog\/wp-content\/uploads\/2014\/01\/SAN-CANUTO-BLOG-2014-10-233x300.jpg 233w\" sizes=\"(max-width: 429px) 100vw, 429px\" \/><\/p>\n<p>&nbsp;<\/p>\n<p>&nbsp;<\/p>\n<p>&nbsp;<\/p>\n<p>&nbsp;<\/p>\n<p>&nbsp;<\/p>\n<p>&nbsp;<\/p>\n<p>&nbsp;<\/p>\n<p>&nbsp;<\/p>\n<p>&nbsp;<\/p>\n<p>&nbsp;<\/p>\n<p>&nbsp;<\/p>\n<p>&nbsp;<\/p>\n<p><img data-attachment-id=\"3075\" data-permalink=\"http:\/\/desireemartinphoto.com\/blog\/san-canuto-2014\/san-canuto-blog-2014-11\/\" data-orig-file=\"http:\/\/desireemartinphoto.com\/blog\/wp-content\/uploads\/2014\/01\/SAN-CANUTO-BLOG-2014-11.jpg\" data-orig-size=\"355,550\" data-comments-opened=\"1\" data-image-meta=\"{&quot;aperture&quot;:&quot;2.8&quot;,&quot;credit&quot;:&quot;&quot;,&quot;camera&quot;:&quot;Canon EOS 5D Mark II&quot;,&quot;caption&quot;:&quot;&quot;,&quot;created_timestamp&quot;:&quot;1390063282&quot;,&quot;copyright&quot;:&quot;&quot;,&quot;focal_length&quot;:&quot;120&quot;,&quot;iso&quot;:&quot;1600&quot;,&quot;shutter_speed&quot;:&quot;0.0003125&quot;,&quot;title&quot;:&quot;&quot;}\" data-image-title=\"SAN CANUTO BLOG 2014-11\" data-image-description=\"\" data-medium-file=\"http:\/\/desireemartinphoto.com\/blog\/wp-content\/uploads\/2014\/01\/SAN-CANUTO-BLOG-2014-11-193x300.jpg\" data-large-file=\"http:\/\/desireemartinphoto.com\/blog\/wp-content\/uploads\/2014\/01\/SAN-CANUTO-BLOG-2014-11.jpg\" loading=\"lazy\" class=\"alignleft size-full wp-image-3075\" alt=\"SAN CANUTO BLOG 2014-11\" src=\"http:\/\/desireemartinphoto.com\/blog\/wp-content\/uploads\/2014\/01\/SAN-CANUTO-BLOG-2014-11.jpg\" width=\"355\" height=\"550\" srcset=\"http:\/\/desireemartinphoto.com\/blog\/wp-content\/uploads\/2014\/01\/SAN-CANUTO-BLOG-2014-11.jpg 355w, http:\/\/desireemartinphoto.com\/blog\/wp-content\/uploads\/2014\/01\/SAN-CANUTO-BLOG-2014-11-193x300.jpg 193w\" sizes=\"(max-width: 355px) 100vw, 355px\" \/><\/p>\n<p>&nbsp;<\/p>\n<p>&nbsp;<\/p>\n<p>&nbsp;<\/p>\n<p>&nbsp;<\/p>\n<p>&nbsp;<\/p>\n<p>&nbsp;<\/p>\n<p>&nbsp;<\/p>\n<p>&nbsp;<\/p>\n<p>&nbsp;<\/p>\n<p>&nbsp;<\/p>\n<p>&nbsp;<\/p>\n<p>&nbsp;<\/p>\n<p>&nbsp;<\/p>\n<p>&nbsp;<\/p>\n<p>&nbsp;<\/p>\n<p>&nbsp;<\/p>\n<p>&nbsp;<\/p>\n<p>&nbsp;<\/p>\n<p>&nbsp;<\/p>\n<p>&nbsp;<\/p>\n<p>&nbsp;<\/p>\n<p>&nbsp;<\/p>\n<p>&nbsp;<\/p>\n<p>&nbsp;<\/p>\n<p>&nbsp;<\/p>\n<p>&nbsp;<\/p>\n<p>CATAS: \u00a0 \u00a0 \u00bf???<\/p>\n<p>Pues esto es loa que se ve, los participantes, los clubes, federaciones, asociaciones, bancos de semillas.. traen muestras de sus plantas y las presentan a un concurso.<\/p>\n<p>Los jueces prueban esas mezclas y punt\u00faan. \u00bf C\u00f3mo lo hace ?. Yo hab\u00eda visto las de vino, aceite, quesos .. y en todas ellas desechan el producto &#8230; ni idea!!! Ellos lo hac\u00edan, debe ser la costumbre del uso. Les aseguro que parec\u00edan concentrados e involucrados en lo que hac\u00edan. Si hab\u00eda puro vicio lo disimulaban muy bien.<\/p>\n<p>&nbsp;<\/p>\n<p>&nbsp;<\/p>\n<p>&nbsp;<\/p>\n<p><img data-attachment-id=\"3076\" data-permalink=\"http:\/\/desireemartinphoto.com\/blog\/san-canuto-2014\/san-canuto-blog-2014-12\/\" data-orig-file=\"http:\/\/desireemartinphoto.com\/blog\/wp-content\/uploads\/2014\/01\/SAN-CANUTO-BLOG-2014-12.jpg\" data-orig-size=\"550,302\" data-comments-opened=\"1\" data-image-meta=\"{&quot;aperture&quot;:&quot;5.6&quot;,&quot;credit&quot;:&quot;&quot;,&quot;camera&quot;:&quot;Canon EOS 5D Mark II&quot;,&quot;caption&quot;:&quot;&quot;,&quot;created_timestamp&quot;:&quot;1390044800&quot;,&quot;copyright&quot;:&quot;&quot;,&quot;focal_length&quot;:&quot;200&quot;,&quot;iso&quot;:&quot;800&quot;,&quot;shutter_speed&quot;:&quot;0.01&quot;,&quot;title&quot;:&quot;&quot;}\" data-image-title=\"SAN CANUTO BLOG 2014-12\" data-image-description=\"\" data-medium-file=\"http:\/\/desireemartinphoto.com\/blog\/wp-content\/uploads\/2014\/01\/SAN-CANUTO-BLOG-2014-12-300x164.jpg\" data-large-file=\"http:\/\/desireemartinphoto.com\/blog\/wp-content\/uploads\/2014\/01\/SAN-CANUTO-BLOG-2014-12.jpg\" loading=\"lazy\" class=\"alignleft size-full wp-image-3076\" alt=\"SAN CANUTO BLOG 2014-12\" src=\"http:\/\/desireemartinphoto.com\/blog\/wp-content\/uploads\/2014\/01\/SAN-CANUTO-BLOG-2014-12.jpg\" width=\"550\" height=\"302\" srcset=\"http:\/\/desireemartinphoto.com\/blog\/wp-content\/uploads\/2014\/01\/SAN-CANUTO-BLOG-2014-12.jpg 550w, http:\/\/desireemartinphoto.com\/blog\/wp-content\/uploads\/2014\/01\/SAN-CANUTO-BLOG-2014-12-300x164.jpg 300w\" sizes=\"(max-width: 550px) 100vw, 550px\" \/><\/p>\n<p>&nbsp;<\/p>\n<p>&nbsp;<\/p>\n<p>&nbsp;<\/p>\n<p>&nbsp;<\/p>\n<p><img data-attachment-id=\"3077\" data-permalink=\"http:\/\/desireemartinphoto.com\/blog\/san-canuto-2014\/san-canuto-blog-2014-13\/\" data-orig-file=\"http:\/\/desireemartinphoto.com\/blog\/wp-content\/uploads\/2014\/01\/SAN-CANUTO-BLOG-2014-13.jpg\" data-orig-size=\"550,274\" data-comments-opened=\"1\" data-image-meta=\"{&quot;aperture&quot;:&quot;5.6&quot;,&quot;credit&quot;:&quot;&quot;,&quot;camera&quot;:&quot;Canon EOS 5D Mark II&quot;,&quot;caption&quot;:&quot;&quot;,&quot;created_timestamp&quot;:&quot;1390045464&quot;,&quot;copyright&quot;:&quot;&quot;,&quot;focal_length&quot;:&quot;20&quot;,&quot;iso&quot;:&quot;800&quot;,&quot;shutter_speed&quot;:&quot;0.008&quot;,&quot;title&quot;:&quot;&quot;}\" data-image-title=\"SAN CANUTO BLOG 2014-13\" data-image-description=\"\" data-medium-file=\"http:\/\/desireemartinphoto.com\/blog\/wp-content\/uploads\/2014\/01\/SAN-CANUTO-BLOG-2014-13-300x149.jpg\" data-large-file=\"http:\/\/desireemartinphoto.com\/blog\/wp-content\/uploads\/2014\/01\/SAN-CANUTO-BLOG-2014-13.jpg\" loading=\"lazy\" class=\"alignleft size-full wp-image-3077\" alt=\"SAN CANUTO BLOG 2014-13\" src=\"http:\/\/desireemartinphoto.com\/blog\/wp-content\/uploads\/2014\/01\/SAN-CANUTO-BLOG-2014-13.jpg\" width=\"550\" height=\"274\" srcset=\"http:\/\/desireemartinphoto.com\/blog\/wp-content\/uploads\/2014\/01\/SAN-CANUTO-BLOG-2014-13.jpg 550w, http:\/\/desireemartinphoto.com\/blog\/wp-content\/uploads\/2014\/01\/SAN-CANUTO-BLOG-2014-13-300x149.jpg 300w\" sizes=\"(max-width: 550px) 100vw, 550px\" \/><\/p>\n<p>&nbsp;<\/p>\n<p>&nbsp;<\/p>\n<p>&nbsp;<\/p>\n<p>&nbsp;<\/p>\n<p><img data-attachment-id=\"3078\" data-permalink=\"http:\/\/desireemartinphoto.com\/blog\/san-canuto-2014\/san-canuto-blog-2014-14\/\" data-orig-file=\"http:\/\/desireemartinphoto.com\/blog\/wp-content\/uploads\/2014\/01\/SAN-CANUTO-BLOG-2014-14.jpg\" data-orig-size=\"348,550\" data-comments-opened=\"1\" data-image-meta=\"{&quot;aperture&quot;:&quot;6.3&quot;,&quot;credit&quot;:&quot;&quot;,&quot;camera&quot;:&quot;Canon EOS 5D Mark II&quot;,&quot;caption&quot;:&quot;&quot;,&quot;created_timestamp&quot;:&quot;1390043098&quot;,&quot;copyright&quot;:&quot;&quot;,&quot;focal_length&quot;:&quot;70&quot;,&quot;iso&quot;:&quot;800&quot;,&quot;shutter_speed&quot;:&quot;0.003125&quot;,&quot;title&quot;:&quot;&quot;}\" data-image-title=\"SAN CANUTO BLOG 2014-14\" data-image-description=\"\" data-medium-file=\"http:\/\/desireemartinphoto.com\/blog\/wp-content\/uploads\/2014\/01\/SAN-CANUTO-BLOG-2014-14-189x300.jpg\" data-large-file=\"http:\/\/desireemartinphoto.com\/blog\/wp-content\/uploads\/2014\/01\/SAN-CANUTO-BLOG-2014-14.jpg\" loading=\"lazy\" class=\"alignleft size-full wp-image-3078\" style=\"line-height: 1.5em;\" alt=\"SAN CANUTO BLOG 2014-14\" src=\"http:\/\/desireemartinphoto.com\/blog\/wp-content\/uploads\/2014\/01\/SAN-CANUTO-BLOG-2014-14.jpg\" width=\"348\" height=\"550\" srcset=\"http:\/\/desireemartinphoto.com\/blog\/wp-content\/uploads\/2014\/01\/SAN-CANUTO-BLOG-2014-14.jpg 348w, http:\/\/desireemartinphoto.com\/blog\/wp-content\/uploads\/2014\/01\/SAN-CANUTO-BLOG-2014-14-189x300.jpg 189w\" sizes=\"(max-width: 348px) 100vw, 348px\" \/><\/p>\n<p>&nbsp;<\/p>\n<p>&nbsp;<\/p>\n<p>&nbsp;<\/p>\n<p>&nbsp;<\/p>\n<p>&nbsp;<\/p>\n<p>&nbsp;<\/p>\n<p>&nbsp;<\/p>\n<p>&nbsp;<\/p>\n<p>&nbsp;<\/p>\n<p><img data-attachment-id=\"3079\" data-permalink=\"http:\/\/desireemartinphoto.com\/blog\/san-canuto-2014\/san-canuto-blog-2014-15\/\" data-orig-file=\"http:\/\/desireemartinphoto.com\/blog\/wp-content\/uploads\/2014\/01\/SAN-CANUTO-BLOG-2014-15.jpg\" data-orig-size=\"367,550\" data-comments-opened=\"1\" data-image-meta=\"{&quot;aperture&quot;:&quot;2.8&quot;,&quot;credit&quot;:&quot;&quot;,&quot;camera&quot;:&quot;Canon EOS 5D Mark II&quot;,&quot;caption&quot;:&quot;&quot;,&quot;created_timestamp&quot;:&quot;1390045698&quot;,&quot;copyright&quot;:&quot;&quot;,&quot;focal_length&quot;:&quot;26&quot;,&quot;iso&quot;:&quot;800&quot;,&quot;shutter_speed&quot;:&quot;0.002&quot;,&quot;title&quot;:&quot;&quot;}\" data-image-title=\"SAN CANUTO BLOG 2014-15\" data-image-description=\"\" data-medium-file=\"http:\/\/desireemartinphoto.com\/blog\/wp-content\/uploads\/2014\/01\/SAN-CANUTO-BLOG-2014-15-200x300.jpg\" data-large-file=\"http:\/\/desireemartinphoto.com\/blog\/wp-content\/uploads\/2014\/01\/SAN-CANUTO-BLOG-2014-15.jpg\" loading=\"lazy\" class=\"alignleft size-full wp-image-3079\" style=\"line-height: 1.5em;\" alt=\"SAN CANUTO BLOG 2014-15\" src=\"http:\/\/desireemartinphoto.com\/blog\/wp-content\/uploads\/2014\/01\/SAN-CANUTO-BLOG-2014-15.jpg\" width=\"367\" height=\"550\" srcset=\"http:\/\/desireemartinphoto.com\/blog\/wp-content\/uploads\/2014\/01\/SAN-CANUTO-BLOG-2014-15.jpg 367w, http:\/\/desireemartinphoto.com\/blog\/wp-content\/uploads\/2014\/01\/SAN-CANUTO-BLOG-2014-15-200x300.jpg 200w\" sizes=\"(max-width: 367px) 100vw, 367px\" \/><\/p>\n<p>&nbsp;<\/p>\n<p>&nbsp;<\/p>\n<p>&nbsp;<\/p>\n<p>&nbsp;<\/p>\n<p>&nbsp;<\/p>\n<p>&nbsp;<\/p>\n<p><img data-attachment-id=\"3080\" data-permalink=\"http:\/\/desireemartinphoto.com\/blog\/san-canuto-2014\/spain-weather-drought-2\/\" data-orig-file=\"http:\/\/desireemartinphoto.com\/blog\/wp-content\/uploads\/2014\/01\/SAN-CANUTO-BLOG-2014-16.jpg\" data-orig-size=\"550,367\" data-comments-opened=\"1\" data-image-meta=\"{&quot;aperture&quot;:&quot;5&quot;,&quot;credit&quot;:&quot;DESIREE MARTIN&quot;,&quot;camera&quot;:&quot;Canon EOS 5D Mark II&quot;,&quot;caption&quot;:&quot;A group of persons consume cannabis during San Canuto&#039;s celebration, where they claim the legalization of the use of the marijuana, on the Spanish Canary island of Fuerteventura on January 18, 2014.AFP PHOTO \\\/ DESIREE MARTIN&quot;,&quot;created_timestamp&quot;:&quot;1390061331&quot;,&quot;copyright&quot;:&quot;ImageForum&quot;,&quot;focal_length&quot;:&quot;23&quot;,&quot;iso&quot;:&quot;1600&quot;,&quot;shutter_speed&quot;:&quot;0.0125&quot;,&quot;title&quot;:&quot;SPAIN-WEATHER-DROUGHT&quot;}\" data-image-title=\"SPAIN-WEATHER-DROUGHT\" data-image-description=\"&lt;p&gt;A group of persons consume cannabis during San Canuto&#8217;s celebration, where they claim the legalization of the use of the marijuana, on the Spanish Canary island of Fuerteventura on January 18, 2014.AFP PHOTO \/ DESIREE MARTIN&lt;\/p&gt;\n\" data-medium-file=\"http:\/\/desireemartinphoto.com\/blog\/wp-content\/uploads\/2014\/01\/SAN-CANUTO-BLOG-2014-16-300x200.jpg\" data-large-file=\"http:\/\/desireemartinphoto.com\/blog\/wp-content\/uploads\/2014\/01\/SAN-CANUTO-BLOG-2014-16.jpg\" loading=\"lazy\" class=\"alignleft size-full wp-image-3080\" alt=\"SPAIN-WEATHER-DROUGHT\" src=\"http:\/\/desireemartinphoto.com\/blog\/wp-content\/uploads\/2014\/01\/SAN-CANUTO-BLOG-2014-16.jpg\" width=\"550\" height=\"367\" srcset=\"http:\/\/desireemartinphoto.com\/blog\/wp-content\/uploads\/2014\/01\/SAN-CANUTO-BLOG-2014-16.jpg 550w, http:\/\/desireemartinphoto.com\/blog\/wp-content\/uploads\/2014\/01\/SAN-CANUTO-BLOG-2014-16-300x200.jpg 300w\" sizes=\"(max-width: 550px) 100vw, 550px\" \/><\/p>\n<p>&nbsp;<\/p>\n<p>&nbsp;<\/p>\n<p>&nbsp;<\/p>\n<p>&nbsp;<\/p>\n<p>&nbsp;<\/p>\n<p>&nbsp;<\/p>\n<p><img data-attachment-id=\"3081\" data-permalink=\"http:\/\/desireemartinphoto.com\/blog\/san-canuto-2014\/san-canuto-blog-2014-17\/\" data-orig-file=\"http:\/\/desireemartinphoto.com\/blog\/wp-content\/uploads\/2014\/01\/SAN-CANUTO-BLOG-2014-17.jpg\" data-orig-size=\"533,550\" data-comments-opened=\"1\" data-image-meta=\"{&quot;aperture&quot;:&quot;2.8&quot;,&quot;credit&quot;:&quot;&quot;,&quot;camera&quot;:&quot;Canon EOS 5D Mark II&quot;,&quot;caption&quot;:&quot;&quot;,&quot;created_timestamp&quot;:&quot;1390062989&quot;,&quot;copyright&quot;:&quot;&quot;,&quot;focal_length&quot;:&quot;200&quot;,&quot;iso&quot;:&quot;1600&quot;,&quot;shutter_speed&quot;:&quot;0.000625&quot;,&quot;title&quot;:&quot;&quot;}\" data-image-title=\"SAN CANUTO BLOG 2014-17\" data-image-description=\"\" data-medium-file=\"http:\/\/desireemartinphoto.com\/blog\/wp-content\/uploads\/2014\/01\/SAN-CANUTO-BLOG-2014-17-290x300.jpg\" data-large-file=\"http:\/\/desireemartinphoto.com\/blog\/wp-content\/uploads\/2014\/01\/SAN-CANUTO-BLOG-2014-17.jpg\" loading=\"lazy\" class=\"alignleft size-full wp-image-3081\" alt=\"SAN CANUTO BLOG 2014-17\" src=\"http:\/\/desireemartinphoto.com\/blog\/wp-content\/uploads\/2014\/01\/SAN-CANUTO-BLOG-2014-17.jpg\" width=\"533\" height=\"550\" srcset=\"http:\/\/desireemartinphoto.com\/blog\/wp-content\/uploads\/2014\/01\/SAN-CANUTO-BLOG-2014-17.jpg 533w, http:\/\/desireemartinphoto.com\/blog\/wp-content\/uploads\/2014\/01\/SAN-CANUTO-BLOG-2014-17-290x300.jpg 290w\" sizes=\"(max-width: 533px) 100vw, 533px\" \/><\/p>\n<p>&nbsp;<\/p>\n<p>&nbsp;<\/p>\n<p>&nbsp;<\/p>\n<p>&nbsp;<\/p>\n<p>&nbsp;<\/p>\n<p><img data-attachment-id=\"3082\" data-permalink=\"http:\/\/desireemartinphoto.com\/blog\/san-canuto-2014\/san-canuto-blog-2014-18\/\" data-orig-file=\"http:\/\/desireemartinphoto.com\/blog\/wp-content\/uploads\/2014\/01\/SAN-CANUTO-BLOG-2014-18.jpg\" data-orig-size=\"550,243\" data-comments-opened=\"1\" data-image-meta=\"{&quot;aperture&quot;:&quot;1.8&quot;,&quot;credit&quot;:&quot;&quot;,&quot;camera&quot;:&quot;Canon EOS 5D Mark II&quot;,&quot;caption&quot;:&quot;&quot;,&quot;created_timestamp&quot;:&quot;1389975217&quot;,&quot;copyright&quot;:&quot;&quot;,&quot;focal_length&quot;:&quot;85&quot;,&quot;iso&quot;:&quot;800&quot;,&quot;shutter_speed&quot;:&quot;0.000625&quot;,&quot;title&quot;:&quot;&quot;}\" data-image-title=\"SAN CANUTO BLOG 2014-18\" data-image-description=\"\" data-medium-file=\"http:\/\/desireemartinphoto.com\/blog\/wp-content\/uploads\/2014\/01\/SAN-CANUTO-BLOG-2014-18-300x132.jpg\" data-large-file=\"http:\/\/desireemartinphoto.com\/blog\/wp-content\/uploads\/2014\/01\/SAN-CANUTO-BLOG-2014-18.jpg\" loading=\"lazy\" class=\"alignleft size-full wp-image-3082\" alt=\"SAN CANUTO BLOG 2014-18\" src=\"http:\/\/desireemartinphoto.com\/blog\/wp-content\/uploads\/2014\/01\/SAN-CANUTO-BLOG-2014-18.jpg\" width=\"550\" height=\"243\" srcset=\"http:\/\/desireemartinphoto.com\/blog\/wp-content\/uploads\/2014\/01\/SAN-CANUTO-BLOG-2014-18.jpg 550w, http:\/\/desireemartinphoto.com\/blog\/wp-content\/uploads\/2014\/01\/SAN-CANUTO-BLOG-2014-18-300x132.jpg 300w\" sizes=\"(max-width: 550px) 100vw, 550px\" \/><\/p>\n<p>&nbsp;<\/p>\n<p>&nbsp;<\/p>\n<p>&nbsp;<\/p>\n<p>&nbsp;<\/p>\n<p>&nbsp;<\/p>\n<p>&nbsp;<\/p>\n<p><img data-attachment-id=\"3083\" data-permalink=\"http:\/\/desireemartinphoto.com\/blog\/san-canuto-2014\/san-canuto-blog-2014-19\/\" data-orig-file=\"http:\/\/desireemartinphoto.com\/blog\/wp-content\/uploads\/2014\/01\/SAN-CANUTO-BLOG-2014-19.jpg\" data-orig-size=\"550,368\" data-comments-opened=\"1\" data-image-meta=\"{&quot;aperture&quot;:&quot;2.8&quot;,&quot;credit&quot;:&quot;&quot;,&quot;camera&quot;:&quot;Canon EOS 5D Mark II&quot;,&quot;caption&quot;:&quot;&quot;,&quot;created_timestamp&quot;:&quot;1390062957&quot;,&quot;copyright&quot;:&quot;&quot;,&quot;focal_length&quot;:&quot;23&quot;,&quot;iso&quot;:&quot;1600&quot;,&quot;shutter_speed&quot;:&quot;0.002&quot;,&quot;title&quot;:&quot;&quot;}\" data-image-title=\"SAN CANUTO BLOG 2014-19\" data-image-description=\"\" data-medium-file=\"http:\/\/desireemartinphoto.com\/blog\/wp-content\/uploads\/2014\/01\/SAN-CANUTO-BLOG-2014-19-300x200.jpg\" data-large-file=\"http:\/\/desireemartinphoto.com\/blog\/wp-content\/uploads\/2014\/01\/SAN-CANUTO-BLOG-2014-19.jpg\" loading=\"lazy\" class=\"alignleft size-full wp-image-3083\" style=\"line-height: 1.5em;\" alt=\"SAN CANUTO BLOG 2014-19\" src=\"http:\/\/desireemartinphoto.com\/blog\/wp-content\/uploads\/2014\/01\/SAN-CANUTO-BLOG-2014-19.jpg\" width=\"550\" height=\"368\" srcset=\"http:\/\/desireemartinphoto.com\/blog\/wp-content\/uploads\/2014\/01\/SAN-CANUTO-BLOG-2014-19.jpg 550w, http:\/\/desireemartinphoto.com\/blog\/wp-content\/uploads\/2014\/01\/SAN-CANUTO-BLOG-2014-19-300x200.jpg 300w\" sizes=\"(max-width: 550px) 100vw, 550px\" \/><\/p>\n<p>&nbsp;<\/p>\n<p>&nbsp;<\/p>\n<p>&nbsp;<\/p>\n<p>&nbsp;<\/p>\n<p>&nbsp;<\/p>\n<p>&nbsp;<\/p>\n<p>&nbsp;<\/p>\n<p><img data-attachment-id=\"3084\" data-permalink=\"http:\/\/desireemartinphoto.com\/blog\/san-canuto-2014\/san-canuto-blog-2014-20\/\" data-orig-file=\"http:\/\/desireemartinphoto.com\/blog\/wp-content\/uploads\/2014\/01\/SAN-CANUTO-BLOG-2014-20.jpg\" data-orig-size=\"550,497\" data-comments-opened=\"1\" data-image-meta=\"{&quot;aperture&quot;:&quot;1.8&quot;,&quot;credit&quot;:&quot;&quot;,&quot;camera&quot;:&quot;Canon EOS 5D Mark II&quot;,&quot;caption&quot;:&quot;&quot;,&quot;created_timestamp&quot;:&quot;1390062637&quot;,&quot;copyright&quot;:&quot;&quot;,&quot;focal_length&quot;:&quot;85&quot;,&quot;iso&quot;:&quot;1600&quot;,&quot;shutter_speed&quot;:&quot;0.00025&quot;,&quot;title&quot;:&quot;&quot;}\" data-image-title=\"SAN CANUTO BLOG 2014-20\" data-image-description=\"\" data-medium-file=\"http:\/\/desireemartinphoto.com\/blog\/wp-content\/uploads\/2014\/01\/SAN-CANUTO-BLOG-2014-20-300x271.jpg\" data-large-file=\"http:\/\/desireemartinphoto.com\/blog\/wp-content\/uploads\/2014\/01\/SAN-CANUTO-BLOG-2014-20.jpg\" loading=\"lazy\" class=\"alignleft size-full wp-image-3084\" alt=\"SAN CANUTO BLOG 2014-20\" src=\"http:\/\/desireemartinphoto.com\/blog\/wp-content\/uploads\/2014\/01\/SAN-CANUTO-BLOG-2014-20.jpg\" width=\"550\" height=\"497\" srcset=\"http:\/\/desireemartinphoto.com\/blog\/wp-content\/uploads\/2014\/01\/SAN-CANUTO-BLOG-2014-20.jpg 550w, http:\/\/desireemartinphoto.com\/blog\/wp-content\/uploads\/2014\/01\/SAN-CANUTO-BLOG-2014-20-300x271.jpg 300w\" sizes=\"(max-width: 550px) 100vw, 550px\" \/><\/p>\n<p>&nbsp;<\/p>\n<p>&nbsp;<\/p>\n<p>&nbsp;<\/p>\n<p>&nbsp;<\/p>\n<p>&nbsp;<\/p>\n<p><img data-attachment-id=\"3085\" data-permalink=\"http:\/\/desireemartinphoto.com\/blog\/san-canuto-2014\/san-canuto-blog-2014-21\/\" data-orig-file=\"http:\/\/desireemartinphoto.com\/blog\/wp-content\/uploads\/2014\/01\/SAN-CANUTO-BLOG-2014-21.jpg\" data-orig-size=\"550,402\" data-comments-opened=\"1\" data-image-meta=\"{&quot;aperture&quot;:&quot;2.5&quot;,&quot;credit&quot;:&quot;&quot;,&quot;camera&quot;:&quot;Canon EOS 5D Mark II&quot;,&quot;caption&quot;:&quot;&quot;,&quot;created_timestamp&quot;:&quot;1390062840&quot;,&quot;copyright&quot;:&quot;&quot;,&quot;focal_length&quot;:&quot;85&quot;,&quot;iso&quot;:&quot;1600&quot;,&quot;shutter_speed&quot;:&quot;0.0003125&quot;,&quot;title&quot;:&quot;&quot;}\" data-image-title=\"SAN CANUTO BLOG 2014-21\" data-image-description=\"\" data-medium-file=\"http:\/\/desireemartinphoto.com\/blog\/wp-content\/uploads\/2014\/01\/SAN-CANUTO-BLOG-2014-21-300x219.jpg\" data-large-file=\"http:\/\/desireemartinphoto.com\/blog\/wp-content\/uploads\/2014\/01\/SAN-CANUTO-BLOG-2014-21.jpg\" loading=\"lazy\" class=\"alignleft size-full wp-image-3085\" alt=\"SAN CANUTO BLOG 2014-21\" src=\"http:\/\/desireemartinphoto.com\/blog\/wp-content\/uploads\/2014\/01\/SAN-CANUTO-BLOG-2014-21.jpg\" width=\"550\" height=\"402\" srcset=\"http:\/\/desireemartinphoto.com\/blog\/wp-content\/uploads\/2014\/01\/SAN-CANUTO-BLOG-2014-21.jpg 550w, http:\/\/desireemartinphoto.com\/blog\/wp-content\/uploads\/2014\/01\/SAN-CANUTO-BLOG-2014-21-300x219.jpg 300w\" sizes=\"(max-width: 550px) 100vw, 550px\" \/><\/p>\n<p>&nbsp;<\/p>\n<p>&nbsp;<\/p>\n<p>&nbsp;<\/p>\n<p>&nbsp;<\/p>\n<p>&nbsp;<\/p>\n<p><img data-attachment-id=\"3086\" data-permalink=\"http:\/\/desireemartinphoto.com\/blog\/san-canuto-2014\/san-canuto-blog-2014-22\/\" data-orig-file=\"http:\/\/desireemartinphoto.com\/blog\/wp-content\/uploads\/2014\/01\/SAN-CANUTO-BLOG-2014-22.jpg\" data-orig-size=\"324,550\" data-comments-opened=\"1\" data-image-meta=\"{&quot;aperture&quot;:&quot;2.8&quot;,&quot;credit&quot;:&quot;&quot;,&quot;camera&quot;:&quot;Canon EOS 5D Mark II&quot;,&quot;caption&quot;:&quot;&quot;,&quot;created_timestamp&quot;:&quot;1390063040&quot;,&quot;copyright&quot;:&quot;&quot;,&quot;focal_length&quot;:&quot;200&quot;,&quot;iso&quot;:&quot;1600&quot;,&quot;shutter_speed&quot;:&quot;0.0002&quot;,&quot;title&quot;:&quot;&quot;}\" data-image-title=\"SAN CANUTO BLOG 2014-22\" data-image-description=\"\" data-medium-file=\"http:\/\/desireemartinphoto.com\/blog\/wp-content\/uploads\/2014\/01\/SAN-CANUTO-BLOG-2014-22-176x300.jpg\" data-large-file=\"http:\/\/desireemartinphoto.com\/blog\/wp-content\/uploads\/2014\/01\/SAN-CANUTO-BLOG-2014-22.jpg\" loading=\"lazy\" class=\"alignleft size-full wp-image-3086\" alt=\"SAN CANUTO BLOG 2014-22\" src=\"http:\/\/desireemartinphoto.com\/blog\/wp-content\/uploads\/2014\/01\/SAN-CANUTO-BLOG-2014-22.jpg\" width=\"324\" height=\"550\" srcset=\"http:\/\/desireemartinphoto.com\/blog\/wp-content\/uploads\/2014\/01\/SAN-CANUTO-BLOG-2014-22.jpg 324w, http:\/\/desireemartinphoto.com\/blog\/wp-content\/uploads\/2014\/01\/SAN-CANUTO-BLOG-2014-22-176x300.jpg 176w\" sizes=\"(max-width: 324px) 100vw, 324px\" \/><\/p>\n<p>&nbsp;<\/p>\n<p>&nbsp;<\/p>\n<p>&nbsp;<\/p>\n<p>&nbsp;<\/p>\n<p>&nbsp;<\/p>\n<p><img data-attachment-id=\"3087\" data-permalink=\"http:\/\/desireemartinphoto.com\/blog\/san-canuto-2014\/spain-weather-drought-3\/\" data-orig-file=\"http:\/\/desireemartinphoto.com\/blog\/wp-content\/uploads\/2014\/01\/SAN-CANUTO-BLOG-2014-23.jpg\" data-orig-size=\"550,369\" data-comments-opened=\"1\" data-image-meta=\"{&quot;aperture&quot;:&quot;2.2&quot;,&quot;credit&quot;:&quot;DESIREE MARTIN&quot;,&quot;camera&quot;:&quot;Canon EOS 5D Mark II&quot;,&quot;caption&quot;:&quot;A group of persons consume cannabis during San Canuto&#039;s celebration, where they claim the legalization of the use of the marijuana, on the Spanish Canary island of Fuerteventura on January 17, 2014.AFP PHOTO \\\/ DESIREE MARTIN&quot;,&quot;created_timestamp&quot;:&quot;1389977137&quot;,&quot;copyright&quot;:&quot;ImageForum&quot;,&quot;focal_length&quot;:&quot;85&quot;,&quot;iso&quot;:&quot;400&quot;,&quot;shutter_speed&quot;:&quot;0.0025&quot;,&quot;title&quot;:&quot;SPAIN-WEATHER-DROUGHT&quot;}\" data-image-title=\"SPAIN-WEATHER-DROUGHT\" data-image-description=\"&lt;p&gt;A group of persons consume cannabis during San Canuto&#8217;s celebration, where they claim the legalization of the use of the marijuana, on the Spanish Canary island of Fuerteventura on January 17, 2014.AFP PHOTO \/ DESIREE MARTIN&lt;\/p&gt;\n\" data-medium-file=\"http:\/\/desireemartinphoto.com\/blog\/wp-content\/uploads\/2014\/01\/SAN-CANUTO-BLOG-2014-23-300x201.jpg\" data-large-file=\"http:\/\/desireemartinphoto.com\/blog\/wp-content\/uploads\/2014\/01\/SAN-CANUTO-BLOG-2014-23.jpg\" loading=\"lazy\" class=\"alignleft size-full wp-image-3087\" alt=\"SPAIN-WEATHER-DROUGHT\" src=\"http:\/\/desireemartinphoto.com\/blog\/wp-content\/uploads\/2014\/01\/SAN-CANUTO-BLOG-2014-23.jpg\" width=\"550\" height=\"369\" srcset=\"http:\/\/desireemartinphoto.com\/blog\/wp-content\/uploads\/2014\/01\/SAN-CANUTO-BLOG-2014-23.jpg 550w, http:\/\/desireemartinphoto.com\/blog\/wp-content\/uploads\/2014\/01\/SAN-CANUTO-BLOG-2014-23-300x201.jpg 300w\" sizes=\"(max-width: 550px) 100vw, 550px\" \/><\/p>\n<p>&nbsp;<\/p>\n<p>&nbsp;<\/p>\n<p>&nbsp;<\/p>\n<p>&nbsp;<\/p>\n<p>&nbsp;<\/p>\n<p><img data-attachment-id=\"3088\" data-permalink=\"http:\/\/desireemartinphoto.com\/blog\/san-canuto-2014\/san-canuto-blog-2014-24\/\" data-orig-file=\"http:\/\/desireemartinphoto.com\/blog\/wp-content\/uploads\/2014\/01\/SAN-CANUTO-BLOG-2014-24.jpg\" data-orig-size=\"403,550\" data-comments-opened=\"1\" data-image-meta=\"{&quot;aperture&quot;:&quot;1.8&quot;,&quot;credit&quot;:&quot;&quot;,&quot;camera&quot;:&quot;Canon EOS 5D Mark II&quot;,&quot;caption&quot;:&quot;&quot;,&quot;created_timestamp&quot;:&quot;1389979117&quot;,&quot;copyright&quot;:&quot;&quot;,&quot;focal_length&quot;:&quot;85&quot;,&quot;iso&quot;:&quot;400&quot;,&quot;shutter_speed&quot;:&quot;0.008&quot;,&quot;title&quot;:&quot;&quot;}\" data-image-title=\"SAN CANUTO BLOG 2014-24\" data-image-description=\"\" data-medium-file=\"http:\/\/desireemartinphoto.com\/blog\/wp-content\/uploads\/2014\/01\/SAN-CANUTO-BLOG-2014-24-219x300.jpg\" data-large-file=\"http:\/\/desireemartinphoto.com\/blog\/wp-content\/uploads\/2014\/01\/SAN-CANUTO-BLOG-2014-24.jpg\" loading=\"lazy\" class=\"alignleft size-full wp-image-3088\" alt=\"SAN CANUTO BLOG 2014-24\" src=\"http:\/\/desireemartinphoto.com\/blog\/wp-content\/uploads\/2014\/01\/SAN-CANUTO-BLOG-2014-24.jpg\" width=\"403\" height=\"550\" srcset=\"http:\/\/desireemartinphoto.com\/blog\/wp-content\/uploads\/2014\/01\/SAN-CANUTO-BLOG-2014-24.jpg 403w, http:\/\/desireemartinphoto.com\/blog\/wp-content\/uploads\/2014\/01\/SAN-CANUTO-BLOG-2014-24-219x300.jpg 219w\" sizes=\"(max-width: 403px) 100vw, 403px\" \/><\/p>\n<p>&nbsp;<\/p>\n<p>&nbsp;<\/p>\n<p>&nbsp;<\/p>\n<p>&nbsp;<\/p>\n<p>&nbsp;<\/p>\n<p>&nbsp;<\/p>\n<p><img data-attachment-id=\"3089\" data-permalink=\"http:\/\/desireemartinphoto.com\/blog\/san-canuto-2014\/spain-weather-drought-4\/\" data-orig-file=\"http:\/\/desireemartinphoto.com\/blog\/wp-content\/uploads\/2014\/01\/SAN-CANUTO-BLOG-2014-25.jpg\" data-orig-size=\"376,550\" data-comments-opened=\"1\" data-image-meta=\"{&quot;aperture&quot;:&quot;5.6&quot;,&quot;credit&quot;:&quot;DESIREE MARTIN&quot;,&quot;camera&quot;:&quot;Canon EOS 5D Mark II&quot;,&quot;caption&quot;:&quot;A group of persons consume cannabis during San Canuto&#039;s celebration, where they claim the legalization of the use of the marijuana, on the Spanish Canary island of Fuerteventura on January 18, 2014.AFP PHOTO \\\/ DESIREE MARTIN&quot;,&quot;created_timestamp&quot;:&quot;1390046643&quot;,&quot;copyright&quot;:&quot;ImageForum&quot;,&quot;focal_length&quot;:&quot;200&quot;,&quot;iso&quot;:&quot;800&quot;,&quot;shutter_speed&quot;:&quot;0.016666666666667&quot;,&quot;title&quot;:&quot;SPAIN-WEATHER-DROUGHT&quot;}\" data-image-title=\"SPAIN-WEATHER-DROUGHT\" data-image-description=\"&lt;p&gt;A group of persons consume cannabis during San Canuto&#8217;s celebration, where they claim the legalization of the use of the marijuana, on the Spanish Canary island of Fuerteventura on January 18, 2014.AFP PHOTO \/ DESIREE MARTIN&lt;\/p&gt;\n\" data-medium-file=\"http:\/\/desireemartinphoto.com\/blog\/wp-content\/uploads\/2014\/01\/SAN-CANUTO-BLOG-2014-25-205x300.jpg\" data-large-file=\"http:\/\/desireemartinphoto.com\/blog\/wp-content\/uploads\/2014\/01\/SAN-CANUTO-BLOG-2014-25.jpg\" loading=\"lazy\" class=\"alignleft size-full wp-image-3089\" alt=\"SPAIN-WEATHER-DROUGHT\" src=\"http:\/\/desireemartinphoto.com\/blog\/wp-content\/uploads\/2014\/01\/SAN-CANUTO-BLOG-2014-25.jpg\" width=\"376\" height=\"550\" srcset=\"http:\/\/desireemartinphoto.com\/blog\/wp-content\/uploads\/2014\/01\/SAN-CANUTO-BLOG-2014-25.jpg 376w, http:\/\/desireemartinphoto.com\/blog\/wp-content\/uploads\/2014\/01\/SAN-CANUTO-BLOG-2014-25-205x300.jpg 205w\" sizes=\"(max-width: 376px) 100vw, 376px\" \/><\/p>\n<p>&nbsp;<\/p>\n<p>&nbsp;<\/p>\n<p>&nbsp;<\/p>\n<p>&nbsp;<\/p>\n<p><img data-attachment-id=\"3090\" data-permalink=\"http:\/\/desireemartinphoto.com\/blog\/san-canuto-2014\/spain-weather-drought-5\/\" data-orig-file=\"http:\/\/desireemartinphoto.com\/blog\/wp-content\/uploads\/2014\/01\/SAN-CANUTO-BLOG-2014-26.jpg\" data-orig-size=\"352,550\" data-comments-opened=\"1\" data-image-meta=\"{&quot;aperture&quot;:&quot;5.6&quot;,&quot;credit&quot;:&quot;DESIREE MARTIN&quot;,&quot;camera&quot;:&quot;Canon EOS 5D Mark II&quot;,&quot;caption&quot;:&quot;A group of persons consume cannabis during San Canuto&#039;s celebration, where they claim the legalization of the use of the marijuana, on the Spanish Canary island of Fuerteventura on January 17, 2014.AFP PHOTO \\\/ DESIREE MARTIN&quot;,&quot;created_timestamp&quot;:&quot;1389980410&quot;,&quot;copyright&quot;:&quot;ImageForum&quot;,&quot;focal_length&quot;:&quot;145&quot;,&quot;iso&quot;:&quot;1000&quot;,&quot;shutter_speed&quot;:&quot;0.008&quot;,&quot;title&quot;:&quot;SPAIN-WEATHER-DROUGHT&quot;}\" data-image-title=\"SPAIN-WEATHER-DROUGHT\" data-image-description=\"&lt;p&gt;A group of persons consume cannabis during San Canuto&#8217;s celebration, where they claim the legalization of the use of the marijuana, on the Spanish Canary island of Fuerteventura on January 17, 2014.AFP PHOTO \/ DESIREE MARTIN&lt;\/p&gt;\n\" data-medium-file=\"http:\/\/desireemartinphoto.com\/blog\/wp-content\/uploads\/2014\/01\/SAN-CANUTO-BLOG-2014-26-192x300.jpg\" data-large-file=\"http:\/\/desireemartinphoto.com\/blog\/wp-content\/uploads\/2014\/01\/SAN-CANUTO-BLOG-2014-26.jpg\" loading=\"lazy\" class=\"alignleft size-full wp-image-3090\" alt=\"SPAIN-WEATHER-DROUGHT\" src=\"http:\/\/desireemartinphoto.com\/blog\/wp-content\/uploads\/2014\/01\/SAN-CANUTO-BLOG-2014-26.jpg\" width=\"352\" height=\"550\" srcset=\"http:\/\/desireemartinphoto.com\/blog\/wp-content\/uploads\/2014\/01\/SAN-CANUTO-BLOG-2014-26.jpg 352w, http:\/\/desireemartinphoto.com\/blog\/wp-content\/uploads\/2014\/01\/SAN-CANUTO-BLOG-2014-26-192x300.jpg 192w\" sizes=\"(max-width: 352px) 100vw, 352px\" \/><\/p>\n<p>&nbsp;<\/p>\n<p>&nbsp;<\/p>\n<p>&nbsp;<\/p>\n<p>&nbsp;<\/p>\n<p><img data-attachment-id=\"3091\" data-permalink=\"http:\/\/desireemartinphoto.com\/blog\/san-canuto-2014\/spain-weather-drought-6\/\" data-orig-file=\"http:\/\/desireemartinphoto.com\/blog\/wp-content\/uploads\/2014\/01\/SAN-CANUTO-BLOG-2014-27.jpg\" data-orig-size=\"550,367\" data-comments-opened=\"1\" data-image-meta=\"{&quot;aperture&quot;:&quot;2.8&quot;,&quot;credit&quot;:&quot;DESIREE MARTIN&quot;,&quot;camera&quot;:&quot;Canon EOS 5D Mark II&quot;,&quot;caption&quot;:&quot;A group of persons consume cannabis during San Canuto&#039;s celebration, where they claim the legalization of the use of the marijuana, on the Spanish Canary island of Fuerteventura on January 18, 2014.AFP PHOTO \\\/ DESIREE MARTIN&quot;,&quot;created_timestamp&quot;:&quot;1390061874&quot;,&quot;copyright&quot;:&quot;ImageForum&quot;,&quot;focal_length&quot;:&quot;31&quot;,&quot;iso&quot;:&quot;1600&quot;,&quot;shutter_speed&quot;:&quot;0.0015625&quot;,&quot;title&quot;:&quot;SPAIN-WEATHER-DROUGHT&quot;}\" data-image-title=\"SPAIN-WEATHER-DROUGHT\" data-image-description=\"&lt;p&gt;A group of persons consume cannabis during San Canuto&#8217;s celebration, where they claim the legalization of the use of the marijuana, on the Spanish Canary island of Fuerteventura on January 18, 2014.AFP PHOTO \/ DESIREE MARTIN&lt;\/p&gt;\n\" data-medium-file=\"http:\/\/desireemartinphoto.com\/blog\/wp-content\/uploads\/2014\/01\/SAN-CANUTO-BLOG-2014-27-300x200.jpg\" data-large-file=\"http:\/\/desireemartinphoto.com\/blog\/wp-content\/uploads\/2014\/01\/SAN-CANUTO-BLOG-2014-27.jpg\" loading=\"lazy\" class=\"alignleft size-full wp-image-3091\" alt=\"SPAIN-WEATHER-DROUGHT\" src=\"http:\/\/desireemartinphoto.com\/blog\/wp-content\/uploads\/2014\/01\/SAN-CANUTO-BLOG-2014-27.jpg\" width=\"550\" height=\"367\" srcset=\"http:\/\/desireemartinphoto.com\/blog\/wp-content\/uploads\/2014\/01\/SAN-CANUTO-BLOG-2014-27.jpg 550w, http:\/\/desireemartinphoto.com\/blog\/wp-content\/uploads\/2014\/01\/SAN-CANUTO-BLOG-2014-27-300x200.jpg 300w\" sizes=\"(max-width: 550px) 100vw, 550px\" \/><\/p>\n<p>&nbsp;<\/p>\n<p>&nbsp;<\/p>\n<p>&nbsp;<\/p>\n<p>&nbsp;<\/p>\n<p><img data-attachment-id=\"3092\" data-permalink=\"http:\/\/desireemartinphoto.com\/blog\/san-canuto-2014\/spain-weather-drought-7\/\" data-orig-file=\"http:\/\/desireemartinphoto.com\/blog\/wp-content\/uploads\/2014\/01\/SAN-CANUTO-BLOG-2014-28.jpg\" data-orig-size=\"550,367\" data-comments-opened=\"1\" data-image-meta=\"{&quot;aperture&quot;:&quot;2.8&quot;,&quot;credit&quot;:&quot;DESIREE MARTIN&quot;,&quot;camera&quot;:&quot;Canon EOS 5D Mark II&quot;,&quot;caption&quot;:&quot;A group of persons consume cannabis during San Canuto&#039;s celebration, where they claim the legalization of the use of the marijuana, on the Spanish Canary island of Fuerteventura on January 18, 2014.AFP PHOTO \\\/ DESIREE MARTIN&quot;,&quot;created_timestamp&quot;:&quot;1390063161&quot;,&quot;copyright&quot;:&quot;ImageForum&quot;,&quot;focal_length&quot;:&quot;90&quot;,&quot;iso&quot;:&quot;1600&quot;,&quot;shutter_speed&quot;:&quot;0.000125&quot;,&quot;title&quot;:&quot;SPAIN-WEATHER-DROUGHT&quot;}\" data-image-title=\"SPAIN-WEATHER-DROUGHT\" data-image-description=\"&lt;p&gt;A group of persons consume cannabis during San Canuto&#8217;s celebration, where they claim the legalization of the use of the marijuana, on the Spanish Canary island of Fuerteventura on January 18, 2014.AFP PHOTO \/ DESIREE MARTIN&lt;\/p&gt;\n\" data-medium-file=\"http:\/\/desireemartinphoto.com\/blog\/wp-content\/uploads\/2014\/01\/SAN-CANUTO-BLOG-2014-28-300x200.jpg\" data-large-file=\"http:\/\/desireemartinphoto.com\/blog\/wp-content\/uploads\/2014\/01\/SAN-CANUTO-BLOG-2014-28.jpg\" loading=\"lazy\" class=\"alignleft size-full wp-image-3092\" alt=\"SPAIN-WEATHER-DROUGHT\" src=\"http:\/\/desireemartinphoto.com\/blog\/wp-content\/uploads\/2014\/01\/SAN-CANUTO-BLOG-2014-28.jpg\" width=\"550\" height=\"367\" srcset=\"http:\/\/desireemartinphoto.com\/blog\/wp-content\/uploads\/2014\/01\/SAN-CANUTO-BLOG-2014-28.jpg 550w, http:\/\/desireemartinphoto.com\/blog\/wp-content\/uploads\/2014\/01\/SAN-CANUTO-BLOG-2014-28-300x200.jpg 300w\" sizes=\"(max-width: 550px) 100vw, 550px\" \/><\/p>\n<p>&nbsp;<\/p>\n<p>&nbsp;<\/p>\n<p>&nbsp;<\/p>\n<p>&nbsp;<\/p>\n<p>&nbsp;<\/p>\n<p><img data-attachment-id=\"3093\" data-permalink=\"http:\/\/desireemartinphoto.com\/blog\/san-canuto-2014\/san-canuto-blog-2014-29\/\" data-orig-file=\"http:\/\/desireemartinphoto.com\/blog\/wp-content\/uploads\/2014\/01\/SAN-CANUTO-BLOG-2014-29.jpg\" data-orig-size=\"300,293\" data-comments-opened=\"1\" data-image-meta=\"{&quot;aperture&quot;:&quot;5.6&quot;,&quot;credit&quot;:&quot;&quot;,&quot;camera&quot;:&quot;Canon EOS 5D Mark II&quot;,&quot;caption&quot;:&quot;&quot;,&quot;created_timestamp&quot;:&quot;1390061697&quot;,&quot;copyright&quot;:&quot;&quot;,&quot;focal_length&quot;:&quot;33&quot;,&quot;iso&quot;:&quot;1600&quot;,&quot;shutter_speed&quot;:&quot;0.016666666666667&quot;,&quot;title&quot;:&quot;&quot;}\" data-image-title=\"SAN CANUTO BLOG 2014-29\" data-image-description=\"\" data-medium-file=\"http:\/\/desireemartinphoto.com\/blog\/wp-content\/uploads\/2014\/01\/SAN-CANUTO-BLOG-2014-29.jpg\" data-large-file=\"http:\/\/desireemartinphoto.com\/blog\/wp-content\/uploads\/2014\/01\/SAN-CANUTO-BLOG-2014-29.jpg\" loading=\"lazy\" class=\"alignleft size-full wp-image-3093\" alt=\"SAN CANUTO BLOG 2014-29\" src=\"http:\/\/desireemartinphoto.com\/blog\/wp-content\/uploads\/2014\/01\/SAN-CANUTO-BLOG-2014-29.jpg\" width=\"300\" height=\"293\" \/><\/p>\n<p>&nbsp;<\/p>\n<p>&nbsp;<\/p>\n<p>&nbsp;<\/p>\n<p>&nbsp;<\/p>\n<p><img data-attachment-id=\"3094\" data-permalink=\"http:\/\/desireemartinphoto.com\/blog\/san-canuto-2014\/spain-weather-drought-8\/\" data-orig-file=\"http:\/\/desireemartinphoto.com\/blog\/wp-content\/uploads\/2014\/01\/SAN-CANUTO-BLOG-2014-31.jpg\" data-orig-size=\"550,423\" data-comments-opened=\"1\" data-image-meta=\"{&quot;aperture&quot;:&quot;2.8&quot;,&quot;credit&quot;:&quot;DESIREE MARTIN&quot;,&quot;camera&quot;:&quot;Canon EOS 5D Mark II&quot;,&quot;caption&quot;:&quot;A group of persons consume cannabis during San Canuto&#039;s celebration, where they claim the legalization of the use of the marijuana, on the Spanish Canary island of Fuerteventura on January 18, 2014.AFP PHOTO \\\/ DESIREE MARTIN&quot;,&quot;created_timestamp&quot;:&quot;1390063169&quot;,&quot;copyright&quot;:&quot;ImageForum&quot;,&quot;focal_length&quot;:&quot;200&quot;,&quot;iso&quot;:&quot;1600&quot;,&quot;shutter_speed&quot;:&quot;0.000125&quot;,&quot;title&quot;:&quot;SPAIN-WEATHER-DROUGHT&quot;}\" data-image-title=\"SPAIN-WEATHER-DROUGHT\" data-image-description=\"&lt;p&gt;A group of persons consume cannabis during San Canuto&#8217;s celebration, where they claim the legalization of the use of the marijuana, on the Spanish Canary island of Fuerteventura on January 18, 2014.AFP PHOTO \/ DESIREE MARTIN&lt;\/p&gt;\n\" data-medium-file=\"http:\/\/desireemartinphoto.com\/blog\/wp-content\/uploads\/2014\/01\/SAN-CANUTO-BLOG-2014-31-300x230.jpg\" data-large-file=\"http:\/\/desireemartinphoto.com\/blog\/wp-content\/uploads\/2014\/01\/SAN-CANUTO-BLOG-2014-31.jpg\" loading=\"lazy\" class=\"alignleft size-full wp-image-3094\" alt=\"SPAIN-WEATHER-DROUGHT\" src=\"http:\/\/desireemartinphoto.com\/blog\/wp-content\/uploads\/2014\/01\/SAN-CANUTO-BLOG-2014-31.jpg\" width=\"550\" height=\"423\" srcset=\"http:\/\/desireemartinphoto.com\/blog\/wp-content\/uploads\/2014\/01\/SAN-CANUTO-BLOG-2014-31.jpg 550w, http:\/\/desireemartinphoto.com\/blog\/wp-content\/uploads\/2014\/01\/SAN-CANUTO-BLOG-2014-31-300x230.jpg 300w\" sizes=\"(max-width: 550px) 100vw, 550px\" \/><\/p>\n<p>&nbsp;<\/p>\n<p>&nbsp;<\/p>\n<p>&nbsp;<\/p>\n<p>&nbsp;<\/p>\n<p>&nbsp;<\/p>\n<p><img data-attachment-id=\"3095\" data-permalink=\"http:\/\/desireemartinphoto.com\/blog\/san-canuto-2014\/san-canuto-blog-2014-32\/\" data-orig-file=\"http:\/\/desireemartinphoto.com\/blog\/wp-content\/uploads\/2014\/01\/SAN-CANUTO-BLOG-2014-32.jpg\" data-orig-size=\"367,550\" data-comments-opened=\"1\" data-image-meta=\"{&quot;aperture&quot;:&quot;2.8&quot;,&quot;credit&quot;:&quot;&quot;,&quot;camera&quot;:&quot;Canon EOS 5D Mark II&quot;,&quot;caption&quot;:&quot;&quot;,&quot;created_timestamp&quot;:&quot;1389974484&quot;,&quot;copyright&quot;:&quot;&quot;,&quot;focal_length&quot;:&quot;200&quot;,&quot;iso&quot;:&quot;800&quot;,&quot;shutter_speed&quot;:&quot;0.003125&quot;,&quot;title&quot;:&quot;&quot;}\" data-image-title=\"SAN CANUTO BLOG 2014-32\" data-image-description=\"\" data-medium-file=\"http:\/\/desireemartinphoto.com\/blog\/wp-content\/uploads\/2014\/01\/SAN-CANUTO-BLOG-2014-32-200x300.jpg\" data-large-file=\"http:\/\/desireemartinphoto.com\/blog\/wp-content\/uploads\/2014\/01\/SAN-CANUTO-BLOG-2014-32.jpg\" loading=\"lazy\" class=\"alignleft size-full wp-image-3095\" alt=\"SAN CANUTO BLOG 2014-32\" src=\"http:\/\/desireemartinphoto.com\/blog\/wp-content\/uploads\/2014\/01\/SAN-CANUTO-BLOG-2014-32.jpg\" width=\"367\" height=\"550\" srcset=\"http:\/\/desireemartinphoto.com\/blog\/wp-content\/uploads\/2014\/01\/SAN-CANUTO-BLOG-2014-32.jpg 367w, http:\/\/desireemartinphoto.com\/blog\/wp-content\/uploads\/2014\/01\/SAN-CANUTO-BLOG-2014-32-200x300.jpg 200w\" sizes=\"(max-width: 367px) 100vw, 367px\" \/><\/p>\n<p>&nbsp;<\/p>\n<p>&nbsp;<\/p>\n<p>&nbsp;<\/p>\n<p>&nbsp;<\/p>\n<p><img data-attachment-id=\"3096\" data-permalink=\"http:\/\/desireemartinphoto.com\/blog\/san-canuto-2014\/spain-weather-drought-9\/\" data-orig-file=\"http:\/\/desireemartinphoto.com\/blog\/wp-content\/uploads\/2014\/01\/SAN-CANUTO-BLOG-2014-33.jpg\" data-orig-size=\"550,367\" data-comments-opened=\"1\" data-image-meta=\"{&quot;aperture&quot;:&quot;5&quot;,&quot;credit&quot;:&quot;DESIREE MARTIN&quot;,&quot;camera&quot;:&quot;Canon EOS 5D Mark II&quot;,&quot;caption&quot;:&quot;A group of persons consume cannabis during San Canuto&#039;s celebration, where they claim the legalization of the use of the marijuana, on the Spanish Canary island of Fuerteventura on January 17, 2014.AFP PHOTO \\\/ DESIREE MARTIN&quot;,&quot;created_timestamp&quot;:&quot;1389994135&quot;,&quot;copyright&quot;:&quot;ImageForum&quot;,&quot;focal_length&quot;:&quot;153&quot;,&quot;iso&quot;:&quot;2500&quot;,&quot;shutter_speed&quot;:&quot;0.02&quot;,&quot;title&quot;:&quot;SPAIN-WEATHER-DROUGHT&quot;}\" data-image-title=\"SPAIN-WEATHER-DROUGHT\" data-image-description=\"&lt;p&gt;A group of persons consume cannabis during San Canuto&#8217;s celebration, where they claim the legalization of the use of the marijuana, on the Spanish Canary island of Fuerteventura on January 17, 2014.AFP PHOTO \/ DESIREE MARTIN&lt;\/p&gt;\n\" data-medium-file=\"http:\/\/desireemartinphoto.com\/blog\/wp-content\/uploads\/2014\/01\/SAN-CANUTO-BLOG-2014-33-300x200.jpg\" data-large-file=\"http:\/\/desireemartinphoto.com\/blog\/wp-content\/uploads\/2014\/01\/SAN-CANUTO-BLOG-2014-33.jpg\" loading=\"lazy\" class=\"alignleft size-full wp-image-3096\" alt=\"SPAIN-WEATHER-DROUGHT\" src=\"http:\/\/desireemartinphoto.com\/blog\/wp-content\/uploads\/2014\/01\/SAN-CANUTO-BLOG-2014-33.jpg\" width=\"550\" height=\"367\" srcset=\"http:\/\/desireemartinphoto.com\/blog\/wp-content\/uploads\/2014\/01\/SAN-CANUTO-BLOG-2014-33.jpg 550w, http:\/\/desireemartinphoto.com\/blog\/wp-content\/uploads\/2014\/01\/SAN-CANUTO-BLOG-2014-33-300x200.jpg 300w\" sizes=\"(max-width: 550px) 100vw, 550px\" \/><\/p>\n<p>&nbsp;<\/p>\n<p>&nbsp;<\/p>\n<p>&nbsp;<\/p>\n<p>&nbsp;<\/p>\n<p><img data-attachment-id=\"3097\" data-permalink=\"http:\/\/desireemartinphoto.com\/blog\/san-canuto-2014\/san-canuto-blog-2014-34\/\" data-orig-file=\"http:\/\/desireemartinphoto.com\/blog\/wp-content\/uploads\/2014\/01\/SAN-CANUTO-BLOG-2014-34.jpg\" data-orig-size=\"550,246\" data-comments-opened=\"1\" data-image-meta=\"{&quot;aperture&quot;:&quot;2.8&quot;,&quot;credit&quot;:&quot;&quot;,&quot;camera&quot;:&quot;Canon EOS 5D Mark II&quot;,&quot;caption&quot;:&quot;&quot;,&quot;created_timestamp&quot;:&quot;1389977554&quot;,&quot;copyright&quot;:&quot;&quot;,&quot;focal_length&quot;:&quot;135&quot;,&quot;iso&quot;:&quot;400&quot;,&quot;shutter_speed&quot;:&quot;0.01&quot;,&quot;title&quot;:&quot;&quot;}\" data-image-title=\"SAN CANUTO BLOG 2014-34\" data-image-description=\"\" data-medium-file=\"http:\/\/desireemartinphoto.com\/blog\/wp-content\/uploads\/2014\/01\/SAN-CANUTO-BLOG-2014-34-300x134.jpg\" data-large-file=\"http:\/\/desireemartinphoto.com\/blog\/wp-content\/uploads\/2014\/01\/SAN-CANUTO-BLOG-2014-34.jpg\" loading=\"lazy\" class=\"alignleft size-full wp-image-3097\" alt=\"SAN CANUTO BLOG 2014-34\" src=\"http:\/\/desireemartinphoto.com\/blog\/wp-content\/uploads\/2014\/01\/SAN-CANUTO-BLOG-2014-34.jpg\" width=\"550\" height=\"246\" srcset=\"http:\/\/desireemartinphoto.com\/blog\/wp-content\/uploads\/2014\/01\/SAN-CANUTO-BLOG-2014-34.jpg 550w, http:\/\/desireemartinphoto.com\/blog\/wp-content\/uploads\/2014\/01\/SAN-CANUTO-BLOG-2014-34-300x134.jpg 300w\" sizes=\"(max-width: 550px) 100vw, 550px\" \/><\/p>\n<p>&nbsp;<\/p>\n<p>&nbsp;<\/p>\n<p>&nbsp;<\/p>\n<p>&nbsp;<\/p>\n<p>&nbsp;<\/p>\n<p>&nbsp;<\/p>\n<p><img data-attachment-id=\"3098\" data-permalink=\"http:\/\/desireemartinphoto.com\/blog\/san-canuto-2014\/san-canuto-blog-2014-35\/\" data-orig-file=\"http:\/\/desireemartinphoto.com\/blog\/wp-content\/uploads\/2014\/01\/SAN-CANUTO-BLOG-2014-35.jpg\" data-orig-size=\"293,550\" data-comments-opened=\"1\" data-image-meta=\"{&quot;aperture&quot;:&quot;2.8&quot;,&quot;credit&quot;:&quot;&quot;,&quot;camera&quot;:&quot;Canon EOS 5D Mark II&quot;,&quot;caption&quot;:&quot;&quot;,&quot;created_timestamp&quot;:&quot;1389993793&quot;,&quot;copyright&quot;:&quot;&quot;,&quot;focal_length&quot;:&quot;16&quot;,&quot;iso&quot;:&quot;2500&quot;,&quot;shutter_speed&quot;:&quot;0.066666666666667&quot;,&quot;title&quot;:&quot;&quot;}\" data-image-title=\"SAN CANUTO BLOG 2014-35\" data-image-description=\"\" data-medium-file=\"http:\/\/desireemartinphoto.com\/blog\/wp-content\/uploads\/2014\/01\/SAN-CANUTO-BLOG-2014-35-159x300.jpg\" data-large-file=\"http:\/\/desireemartinphoto.com\/blog\/wp-content\/uploads\/2014\/01\/SAN-CANUTO-BLOG-2014-35.jpg\" loading=\"lazy\" class=\"alignleft size-full wp-image-3098\" style=\"line-height: 1.5em;\" alt=\"SAN CANUTO BLOG 2014-35\" src=\"http:\/\/desireemartinphoto.com\/blog\/wp-content\/uploads\/2014\/01\/SAN-CANUTO-BLOG-2014-35.jpg\" width=\"293\" height=\"550\" \/><\/p>\n<p>&nbsp;<\/p>\n<p>&nbsp;<\/p>\n<p>&nbsp;<\/p>\n<p>&nbsp;<\/p>\n<p>&nbsp;<\/p>\n<p>&nbsp;<\/p>\n<p>&nbsp;<\/p>\n<p>&nbsp;<\/p>\n<p>&nbsp;<\/p>\n<p>&nbsp;<\/p>\n<p>&nbsp;<\/p>\n<p>&nbsp;<\/p>\n<p><img data-attachment-id=\"3099\" data-permalink=\"http:\/\/desireemartinphoto.com\/blog\/san-canuto-2014\/san-canuto-blog-2014-36\/\" data-orig-file=\"http:\/\/desireemartinphoto.com\/blog\/wp-content\/uploads\/2014\/01\/SAN-CANUTO-BLOG-2014-36.jpg\" data-orig-size=\"432,550\" data-comments-opened=\"1\" data-image-meta=\"{&quot;aperture&quot;:&quot;2.8&quot;,&quot;credit&quot;:&quot;&quot;,&quot;camera&quot;:&quot;Canon EOS 5D Mark II&quot;,&quot;caption&quot;:&quot;&quot;,&quot;created_timestamp&quot;:&quot;1389974692&quot;,&quot;copyright&quot;:&quot;&quot;,&quot;focal_length&quot;:&quot;200&quot;,&quot;iso&quot;:&quot;800&quot;,&quot;shutter_speed&quot;:&quot;0.004&quot;,&quot;title&quot;:&quot;&quot;}\" data-image-title=\"SAN CANUTO BLOG 2014-36\" data-image-description=\"\" data-medium-file=\"http:\/\/desireemartinphoto.com\/blog\/wp-content\/uploads\/2014\/01\/SAN-CANUTO-BLOG-2014-36-235x300.jpg\" data-large-file=\"http:\/\/desireemartinphoto.com\/blog\/wp-content\/uploads\/2014\/01\/SAN-CANUTO-BLOG-2014-36.jpg\" loading=\"lazy\" class=\"alignleft size-full wp-image-3099\" alt=\"SAN CANUTO BLOG 2014-36\" src=\"http:\/\/desireemartinphoto.com\/blog\/wp-content\/uploads\/2014\/01\/SAN-CANUTO-BLOG-2014-36.jpg\" width=\"432\" height=\"550\" srcset=\"http:\/\/desireemartinphoto.com\/blog\/wp-content\/uploads\/2014\/01\/SAN-CANUTO-BLOG-2014-36.jpg 432w, http:\/\/desireemartinphoto.com\/blog\/wp-content\/uploads\/2014\/01\/SAN-CANUTO-BLOG-2014-36-235x300.jpg 235w\" sizes=\"(max-width: 432px) 100vw, 432px\" \/><\/p>\n<p>&nbsp;<\/p>\n<p>&nbsp;<\/p>\n<p>&nbsp;<\/p>\n<p>&nbsp;<\/p>\n<p>&nbsp;<\/p>\n<p>&#8230; a estas alturas ya hab\u00eda saludo a tomar aire un mill\u00f3n de veces, el ambiente estaba cargad\u00edsimo, fue trabajar en una nube de marihuana, o de su combusti\u00f3n, tres d\u00edas seguidos.<\/p>\n<p>&nbsp;<\/p>\n<p>&nbsp;<\/p>\n<p>&nbsp;<\/p>\n<p>&nbsp;<\/p>\n<p>&nbsp;<\/p>\n<p>&nbsp;<\/p>\n<p>\u00bfEfecto? Ninguno psicotr\u00f3pico o sedante , eso s\u00ed los ojos se me ca\u00edan a cachos y los pulmones los ten\u00eda como esparto..<\/p>\n<p>&nbsp;<\/p>\n<p>&nbsp;<\/p>\n<p>&nbsp;<\/p>\n<p>&nbsp;<\/p>\n<p>&nbsp;<\/p>\n<p>&nbsp;<\/p>\n<p>&nbsp;<\/p>\n<p>&nbsp;<\/p>\n<p>&nbsp;<\/p>\n<p>&nbsp;<\/p>\n<p>Una forma m\u00e1s de vivir \u00a0la vida, su vida.<\/p>\n<p>&nbsp;<\/p>\n<p>&nbsp;<\/p>\n<p>&nbsp;<\/p>\n<p>&nbsp;<\/p>\n<p>&nbsp;<\/p>\n<p>&nbsp;<\/p>\n<p>&nbsp;<\/p>\n<div class=\"sharedaddy sd-sharing-enabled\"><div class=\"robots-nocontent sd-block sd-social sd-social-icon-text sd-sharing\"><h3 class=\"sd-title\">COMPARTE ESTO:<\/h3><div class=\"sd-content\"><ul><li class=\"share-facebook\"><a rel=\"nofollow noopener noreferrer\" data-shared=\"sharing-facebook-3064\" class=\"share-facebook sd-button share-icon\" href=\"http:\/\/desireemartinphoto.com\/blog\/san-canuto-2014\/?share=facebook\" target=\"_blank\" title=\"Haz clic para compartir en Facebook\"><span>Facebook<\/span><\/a><\/li><li class=\"share-twitter\"><a rel=\"nofollow noopener noreferrer\" data-shared=\"sharing-twitter-3064\" class=\"share-twitter sd-button share-icon\" href=\"http:\/\/desireemartinphoto.com\/blog\/san-canuto-2014\/?share=twitter\" target=\"_blank\" title=\"Haz clic para compartir en Twitter\"><span>Twitter<\/span><\/a><\/li><li class=\"share-email\"><a rel=\"nofollow noopener noreferrer\" data-shared=\"\" class=\"share-email sd-button share-icon\" href=\"http:\/\/desireemartinphoto.com\/blog\/san-canuto-2014\/?share=email\" target=\"_blank\" title=\"Haz clic para enviar por correo electr\u00f3nico a un amigo\"><span>Correo electr\u00f3nico<\/span><\/a><\/li><li class=\"share-linkedin\"><a rel=\"nofollow noopener noreferrer\" data-shared=\"sharing-linkedin-3064\" class=\"share-linkedin sd-button share-icon\" href=\"http:\/\/desireemartinphoto.com\/blog\/san-canuto-2014\/?share=linkedin\" target=\"_blank\" title=\"Haz clic para compartir en LinkedIn\"><span>LinkedIn<\/span><\/a><\/li><li class=\"share-tumblr\"><a rel=\"nofollow noopener noreferrer\" data-shared=\"\" class=\"share-tumblr sd-button share-icon\" href=\"http:\/\/desireemartinphoto.com\/blog\/san-canuto-2014\/?share=tumblr\" target=\"_blank\" title=\"Haz clic para compartir en Tumblr\"><span>Tumblr<\/span><\/a><\/li><li class=\"share-end\"><\/li><\/ul><\/div><\/div><\/div>","protected":false},"excerpt":{"rendered":"<p>&nbsp; San Canuto IV fue un rey de Dinamarca entorno al 1080. Como a los cigarros de marihuana los llaman Canutos y aprovechando que exist\u00eda en el calendario un &#8220;San Canuto&#8221; &#8230; el d\u00eda 19 de enero se ha elegido c\u00f3mo la festividad para celebrar un d\u00eda de reivindicaciones por el uso y consumo de [&#038;hellip<\/p>\n<div class=\"sharedaddy sd-sharing-enabled\"><div class=\"robots-nocontent sd-block sd-social sd-social-icon-text sd-sharing\"><h3 class=\"sd-title\">COMPARTE ESTO:<\/h3><div class=\"sd-content\"><ul><li class=\"share-facebook\"><a rel=\"nofollow noopener noreferrer\" data-shared=\"sharing-facebook-3064\" class=\"share-facebook sd-button share-icon\" href=\"http:\/\/desireemartinphoto.com\/blog\/san-canuto-2014\/?share=facebook\" target=\"_blank\" title=\"Haz clic para compartir en Facebook\"><span>Facebook<\/span><\/a><\/li><li class=\"share-twitter\"><a rel=\"nofollow noopener noreferrer\" data-shared=\"sharing-twitter-3064\" class=\"share-twitter sd-button share-icon\" href=\"http:\/\/desireemartinphoto.com\/blog\/san-canuto-2014\/?share=twitter\" target=\"_blank\" title=\"Haz clic para compartir en Twitter\"><span>Twitter<\/span><\/a><\/li><li class=\"share-email\"><a rel=\"nofollow noopener noreferrer\" data-shared=\"\" class=\"share-email sd-button share-icon\" href=\"http:\/\/desireemartinphoto.com\/blog\/san-canuto-2014\/?share=email\" target=\"_blank\" title=\"Haz clic para enviar por correo electr\u00f3nico a un amigo\"><span>Correo electr\u00f3nico<\/span><\/a><\/li><li class=\"share-linkedin\"><a rel=\"nofollow noopener noreferrer\" data-shared=\"sharing-linkedin-3064\" class=\"share-linkedin sd-button share-icon\" href=\"http:\/\/desireemartinphoto.com\/blog\/san-canuto-2014\/?share=linkedin\" target=\"_blank\" title=\"Haz clic para compartir en LinkedIn\"><span>LinkedIn<\/span><\/a><\/li><li class=\"share-tumblr\"><a rel=\"nofollow noopener noreferrer\" data-shared=\"\" class=\"share-tumblr sd-button share-icon\" href=\"http:\/\/desireemartinphoto.com\/blog\/san-canuto-2014\/?share=tumblr\" target=\"_blank\" title=\"Haz clic para compartir en Tumblr\"><span>Tumblr<\/span><\/a><\/li><li class=\"share-end\"><\/li><\/ul><\/div><\/div><\/div>","protected":false},"author":1,"featured_media":0,"comment_status":"open","ping_status":"open","sticky":false,"template":"","format":"standard","meta":{"spay_email":""},"categories":[1],"tags":[660,39,630,662,665,355,479,6,663,661,632,362,664,523],"jetpack_featured_media_url":"","jetpack_sharing_enabled":true,"_links":{"self":[{"href":"http:\/\/desireemartinphoto.com\/blog\/wp-json\/wp\/v2\/posts\/3064"}],"collection":[{"href":"http:\/\/desireemartinphoto.com\/blog\/wp-json\/wp\/v2\/posts"}],"about":[{"href":"http:\/\/desireemartinphoto.com\/blog\/wp-json\/wp\/v2\/types\/post"}],"author":[{"embeddable":true,"href":"http:\/\/desireemartinphoto.com\/blog\/wp-json\/wp\/v2\/users\/1"}],"replies":[{"embeddable":true,"href":"http:\/\/desireemartinphoto.com\/blog\/wp-json\/wp\/v2\/comments?post=3064"}],"version-history":[{"count":32,"href":"http:\/\/desireemartinphoto.com\/blog\/wp-json\/wp\/v2\/posts\/3064\/revisions"}],"predecessor-version":[{"id":3132,"href":"http:\/\/desireemartinphoto.com\/blog\/wp-json\/wp\/v2\/posts\/3064\/revisions\/3132"}],"wp:attachment":[{"href":"http:\/\/desireemartinphoto.com\/blog\/wp-json\/wp\/v2\/media?parent=3064"}],"wp:term":[{"taxonomy":"category","embeddable":true,"href":"http:\/\/desireemartinphoto.com\/blog\/wp-json\/wp\/v2\/categories?post=3064"},{"taxonomy":"post_tag","embeddable":true,"href":"http:\/\/desireemartinphoto.com\/blog\/wp-json\/wp\/v2\/tags?post=3064"}],"curies":[{"name":"wp","href":"https:\/\/api.w.org\/{rel}","templated":true}]}}