{"id":281,"date":"2010-06-20T16:11:45","date_gmt":"2010-06-20T16:11:45","guid":{"rendered":"http:\/\/desireemartinphoto.com\/blog\/?p=281"},"modified":"2010-06-20T16:11:45","modified_gmt":"2010-06-20T16:11:45","slug":"en-su-biblioteca","status":"publish","type":"post","link":"http:\/\/desireemartinphoto.com\/blog\/en-su-biblioteca\/","title":{"rendered":"&#8230;en su biblioteca&#8230;"},"content":{"rendered":"<p>.<\/p>\n<p>Fue estremecedor estar en presencia del gran Jos\u00e9 Saramago. Repito una vez m\u00e1s , que a\u00fan fallecido &#8230;inpiraba.<\/p>\n<p>El lugar &#8230;extra\u00f1amente agradable, a\u00fan estaba una rebeca roja en su mesa, al pie de ella, una butaquita para reposar los pies&#8230; Te hac\u00eda olvidar que estabas en una capilla ardiente, ante un premio Nobel de literatura&#8230; se respiraba PAZ, al tiempo que me embargaba una inquietud&#8230; ganas de hacer, de sentir, de crear&#8230; &#8230; suena extra\u00f1o ,no??&#8230;<\/p>\n<p>&#8230;en la televisi\u00f3n , su \u00faltima entrevista&#8230; dice que solo pide tiempo  &#8230;<\/p>\n<p><img data-attachment-id=\"283\" data-permalink=\"http:\/\/desireemartinphoto.com\/blog\/en-su-biblioteca\/spain-portugal-litarature-people-saramago-2\/\" data-orig-file=\"http:\/\/desireemartinphoto.com\/blog\/wp-content\/uploads\/2010\/06\/DM-Saramago-BLOG-011.jpg\" data-orig-size=\"550,333\" data-comments-opened=\"1\" data-image-meta=\"{&quot;aperture&quot;:&quot;5.6&quot;,&quot;credit&quot;:&quot;DESIREE MARTIN&quot;,&quot;camera&quot;:&quot;Canon EOS 5D Mark II&quot;,&quot;caption&quot;:&quot;The body of Portuguese writer Jose Saramago lies in wake at the Jose Saramago Library in Tias, in the Spanish Canary Island of Lanzarote, on June 18, 2010. Nobel literature prize winner Jose Saramago, who left his native Portugal after arguing with his country&#039;s government, has died at the age of 87. inside the coffin it is possible to read: \\&quot; Estamos extra\\u00f1amente unidos por la bondad del mundo \\&quot;.\\n\\n AFP PHOTO\\\/DESIREE MARTIN&quot;,&quot;created_timestamp&quot;:&quot;1276884636&quot;,&quot;copyright&quot;:&quot;ImageForum&quot;,&quot;focal_length&quot;:&quot;16&quot;,&quot;iso&quot;:&quot;1600&quot;,&quot;shutter_speed&quot;:&quot;0.008&quot;,&quot;title&quot;:&quot;HORIZONTAL&quot;}\" data-image-title=\"DM-Saramago-BLOG-011\" data-image-description=\"\" data-medium-file=\"http:\/\/desireemartinphoto.com\/blog\/wp-content\/uploads\/2010\/06\/DM-Saramago-BLOG-011-300x181.jpg\" data-large-file=\"http:\/\/desireemartinphoto.com\/blog\/wp-content\/uploads\/2010\/06\/DM-Saramago-BLOG-011.jpg\" loading=\"lazy\" class=\"alignnone size-full wp-image-283\" src=\"http:\/\/desireemartinphoto.com\/blog\/wp-content\/uploads\/2010\/06\/DM-Saramago-BLOG-011.jpg\" alt=\"\" width=\"550\" height=\"333\" srcset=\"http:\/\/desireemartinphoto.com\/blog\/wp-content\/uploads\/2010\/06\/DM-Saramago-BLOG-011.jpg 550w, http:\/\/desireemartinphoto.com\/blog\/wp-content\/uploads\/2010\/06\/DM-Saramago-BLOG-011-300x181.jpg 300w\" sizes=\"(max-width: 550px) 100vw, 550px\" \/><\/p>\n<p><a href=\"http:\/\/desireemartinphoto.com\/blog\/wp-content\/uploads\/2010\/06\/DM-Saramago-BLOG-02.jpg\"><img data-attachment-id=\"284\" data-permalink=\"http:\/\/desireemartinphoto.com\/blog\/en-su-biblioteca\/dm-saramago-blog-02\/\" data-orig-file=\"http:\/\/desireemartinphoto.com\/blog\/wp-content\/uploads\/2010\/06\/DM-Saramago-BLOG-02.jpg\" data-orig-size=\"550,367\" data-comments-opened=\"1\" data-image-meta=\"{&quot;aperture&quot;:&quot;5&quot;,&quot;credit&quot;:&quot;&quot;,&quot;camera&quot;:&quot;Canon EOS 5D Mark II&quot;,&quot;caption&quot;:&quot;TIAS LANZAROTE 18 06 2010\\r\\rCAPILLAS ARDIENTE DEL PREMIO NOBEL DE LITERATURA JOSE SARAMAGO EN LA BIBLIOTECA QUE LLEVA SU NOMBRE.\\r\\rDESIREE MARTIN&quot;,&quot;created_timestamp&quot;:&quot;1276880119&quot;,&quot;copyright&quot;:&quot;&quot;,&quot;focal_length&quot;:&quot;21&quot;,&quot;iso&quot;:&quot;2000&quot;,&quot;shutter_speed&quot;:&quot;0.003125&quot;,&quot;title&quot;:&quot;&quot;}\" data-image-title=\"DM-Saramago-BLOG-02\" data-image-description=\"\" data-medium-file=\"http:\/\/desireemartinphoto.com\/blog\/wp-content\/uploads\/2010\/06\/DM-Saramago-BLOG-02-300x200.jpg\" data-large-file=\"http:\/\/desireemartinphoto.com\/blog\/wp-content\/uploads\/2010\/06\/DM-Saramago-BLOG-02.jpg\" loading=\"lazy\" class=\"alignnone size-full wp-image-284\" src=\"http:\/\/desireemartinphoto.com\/blog\/wp-content\/uploads\/2010\/06\/DM-Saramago-BLOG-02.jpg\" alt=\"\" width=\"550\" height=\"367\" srcset=\"http:\/\/desireemartinphoto.com\/blog\/wp-content\/uploads\/2010\/06\/DM-Saramago-BLOG-02.jpg 550w, http:\/\/desireemartinphoto.com\/blog\/wp-content\/uploads\/2010\/06\/DM-Saramago-BLOG-02-300x200.jpg 300w\" sizes=\"(max-width: 550px) 100vw, 550px\" \/><\/a><\/p>\n<p>A la salida del feretro &#8230;.APLAUSOS &#8230;<\/p>\n<div class=\"sharedaddy sd-sharing-enabled\"><div class=\"robots-nocontent sd-block sd-social sd-social-icon-text sd-sharing\"><h3 class=\"sd-title\">COMPARTE ESTO:<\/h3><div class=\"sd-content\"><ul><li class=\"share-facebook\"><a rel=\"nofollow noopener noreferrer\" data-shared=\"sharing-facebook-281\" class=\"share-facebook sd-button share-icon\" href=\"http:\/\/desireemartinphoto.com\/blog\/en-su-biblioteca\/?share=facebook\" target=\"_blank\" title=\"Haz clic para compartir en Facebook\"><span>Facebook<\/span><\/a><\/li><li class=\"share-twitter\"><a rel=\"nofollow noopener noreferrer\" data-shared=\"sharing-twitter-281\" class=\"share-twitter sd-button share-icon\" href=\"http:\/\/desireemartinphoto.com\/blog\/en-su-biblioteca\/?share=twitter\" target=\"_blank\" title=\"Haz clic para compartir en Twitter\"><span>Twitter<\/span><\/a><\/li><li class=\"share-email\"><a rel=\"nofollow noopener noreferrer\" data-shared=\"\" class=\"share-email sd-button share-icon\" href=\"http:\/\/desireemartinphoto.com\/blog\/en-su-biblioteca\/?share=email\" target=\"_blank\" title=\"Haz clic para enviar por correo electr\u00f3nico a un amigo\"><span>Correo electr\u00f3nico<\/span><\/a><\/li><li class=\"share-linkedin\"><a rel=\"nofollow noopener noreferrer\" data-shared=\"sharing-linkedin-281\" class=\"share-linkedin sd-button share-icon\" href=\"http:\/\/desireemartinphoto.com\/blog\/en-su-biblioteca\/?share=linkedin\" target=\"_blank\" title=\"Haz clic para compartir en LinkedIn\"><span>LinkedIn<\/span><\/a><\/li><li class=\"share-tumblr\"><a rel=\"nofollow noopener noreferrer\" data-shared=\"\" class=\"share-tumblr sd-button share-icon\" href=\"http:\/\/desireemartinphoto.com\/blog\/en-su-biblioteca\/?share=tumblr\" target=\"_blank\" title=\"Haz clic para compartir en Tumblr\"><span>Tumblr<\/span><\/a><\/li><li class=\"share-end\"><\/li><\/ul><\/div><\/div><\/div>","protected":false},"excerpt":{"rendered":"<p>. Fue estremecedor estar en presencia del gran Jos\u00e9 Saramago. Repito una vez m\u00e1s , que a\u00fan fallecido &#8230;inpiraba. El lugar &#8230;extra\u00f1amente agradable, a\u00fan estaba una rebeca roja en su mesa, al pie de ella, una butaquita para reposar los pies&#8230; Te hac\u00eda olvidar que estabas en una capilla ardiente, ante un premio Nobel de [&#038;hellip<\/p>\n<div class=\"sharedaddy sd-sharing-enabled\"><div class=\"robots-nocontent sd-block sd-social sd-social-icon-text sd-sharing\"><h3 class=\"sd-title\">COMPARTE ESTO:<\/h3><div class=\"sd-content\"><ul><li class=\"share-facebook\"><a rel=\"nofollow noopener noreferrer\" data-shared=\"sharing-facebook-281\" class=\"share-facebook sd-button share-icon\" href=\"http:\/\/desireemartinphoto.com\/blog\/en-su-biblioteca\/?share=facebook\" target=\"_blank\" title=\"Haz clic para compartir en Facebook\"><span>Facebook<\/span><\/a><\/li><li class=\"share-twitter\"><a rel=\"nofollow noopener noreferrer\" data-shared=\"sharing-twitter-281\" class=\"share-twitter sd-button share-icon\" href=\"http:\/\/desireemartinphoto.com\/blog\/en-su-biblioteca\/?share=twitter\" target=\"_blank\" title=\"Haz clic para compartir en Twitter\"><span>Twitter<\/span><\/a><\/li><li class=\"share-email\"><a rel=\"nofollow noopener noreferrer\" data-shared=\"\" class=\"share-email sd-button share-icon\" href=\"http:\/\/desireemartinphoto.com\/blog\/en-su-biblioteca\/?share=email\" target=\"_blank\" title=\"Haz clic para enviar por correo electr\u00f3nico a un amigo\"><span>Correo electr\u00f3nico<\/span><\/a><\/li><li class=\"share-linkedin\"><a rel=\"nofollow noopener noreferrer\" data-shared=\"sharing-linkedin-281\" class=\"share-linkedin sd-button share-icon\" href=\"http:\/\/desireemartinphoto.com\/blog\/en-su-biblioteca\/?share=linkedin\" target=\"_blank\" title=\"Haz clic para compartir en LinkedIn\"><span>LinkedIn<\/span><\/a><\/li><li class=\"share-tumblr\"><a rel=\"nofollow noopener noreferrer\" data-shared=\"\" class=\"share-tumblr sd-button share-icon\" href=\"http:\/\/desireemartinphoto.com\/blog\/en-su-biblioteca\/?share=tumblr\" target=\"_blank\" title=\"Haz clic para compartir en Tumblr\"><span>Tumblr<\/span><\/a><\/li><li class=\"share-end\"><\/li><\/ul><\/div><\/div><\/div>","protected":false},"author":1,"featured_media":0,"comment_status":"open","ping_status":"open","sticky":false,"template":"","format":"standard","meta":{"spay_email":""},"categories":[1],"tags":[24],"jetpack_featured_media_url":"","jetpack_sharing_enabled":true,"_links":{"self":[{"href":"http:\/\/desireemartinphoto.com\/blog\/wp-json\/wp\/v2\/posts\/281"}],"collection":[{"href":"http:\/\/desireemartinphoto.com\/blog\/wp-json\/wp\/v2\/posts"}],"about":[{"href":"http:\/\/desireemartinphoto.com\/blog\/wp-json\/wp\/v2\/types\/post"}],"author":[{"embeddable":true,"href":"http:\/\/desireemartinphoto.com\/blog\/wp-json\/wp\/v2\/users\/1"}],"replies":[{"embeddable":true,"href":"http:\/\/desireemartinphoto.com\/blog\/wp-json\/wp\/v2\/comments?post=281"}],"version-history":[{"count":2,"href":"http:\/\/desireemartinphoto.com\/blog\/wp-json\/wp\/v2\/posts\/281\/revisions"}],"predecessor-version":[{"id":286,"href":"http:\/\/desireemartinphoto.com\/blog\/wp-json\/wp\/v2\/posts\/281\/revisions\/286"}],"wp:attachment":[{"href":"http:\/\/desireemartinphoto.com\/blog\/wp-json\/wp\/v2\/media?parent=281"}],"wp:term":[{"taxonomy":"category","embeddable":true,"href":"http:\/\/desireemartinphoto.com\/blog\/wp-json\/wp\/v2\/categories?post=281"},{"taxonomy":"post_tag","embeddable":true,"href":"http:\/\/desireemartinphoto.com\/blog\/wp-json\/wp\/v2\/tags?post=281"}],"curies":[{"name":"wp","href":"https:\/\/api.w.org\/{rel}","templated":true}]}}