{"id":2719,"date":"2013-08-15T23:35:51","date_gmt":"2013-08-15T23:35:51","guid":{"rendered":"http:\/\/desireemartinphoto.com\/blog\/?p=2719"},"modified":"2013-08-15T23:42:35","modified_gmt":"2013-08-15T23:42:35","slug":"vi-las-estrellas-pero-no-las-fugaces","status":"publish","type":"post","link":"http:\/\/desireemartinphoto.com\/blog\/vi-las-estrellas-pero-no-las-fugaces\/","title":{"rendered":"Vi las estrellas.. ..pero no las fugaces.."},"content":{"rendered":"<p>&nbsp;<\/p>\n<p>L\u00e1grimas de San Lorenzo, Las Perseidas, ofrec\u00ed el tema como reportaje a mi agencia ( AFP ) .<\/p>\n<p>Ok! Les interes\u00f3 el tema.<\/p>\n<p>PRIMER INTENTO: All\u00ed que me fui la noche del 12 para el 13 de agosto, el d\u00eda que se supone que m\u00e1s cantidad se ver\u00edan.<\/p>\n<p>Me baj\u00e9 unas aplicaciones para el m\u00f3vil para esperar su salida , le d\u00ed la paliza a varios amigos para que me ayudaran a localizarlas y &#8220;localizarme&#8221; bien &#8230; gracias: Daniel Mart\u00edn, gu\u00eda Starlight ( entre otras milquinientas cosas en la vida ) y Juan Vicente Ledesma ( TeideAstro), le\u00ed y le\u00ed. .. me document\u00e9, que si radiante, que si nordeste, que si a 20\u00ba, sigue La Osa Mayor,&#8230; debajo de Casiopea&#8230;s\u00ed!! D\u00e8si , la que tiene forma de W &#8230; &#8230;<\/p>\n<p>&nbsp;<\/p>\n<p><img data-attachment-id=\"2745\" data-permalink=\"http:\/\/desireemartinphoto.com\/blog\/vi-las-estrellas-pero-no-las-fugaces\/via-lactea-13-08-2013-17\/\" data-orig-file=\"http:\/\/desireemartinphoto.com\/blog\/wp-content\/uploads\/2013\/08\/Via-Lactea-13-08-2013-17.jpg\" data-orig-size=\"500,333\" data-comments-opened=\"1\" data-image-meta=\"{&quot;aperture&quot;:&quot;2.8&quot;,&quot;credit&quot;:&quot;&quot;,&quot;camera&quot;:&quot;Canon EOS 5D Mark II&quot;,&quot;caption&quot;:&quot;&quot;,&quot;created_timestamp&quot;:&quot;1376349597&quot;,&quot;copyright&quot;:&quot;&quot;,&quot;focal_length&quot;:&quot;19&quot;,&quot;iso&quot;:&quot;640&quot;,&quot;shutter_speed&quot;:&quot;30&quot;,&quot;title&quot;:&quot;&quot;}\" data-image-title=\"Via Lactea 13 08 2013 17\" data-image-description=\"\" data-medium-file=\"http:\/\/desireemartinphoto.com\/blog\/wp-content\/uploads\/2013\/08\/Via-Lactea-13-08-2013-17-300x199.jpg\" data-large-file=\"http:\/\/desireemartinphoto.com\/blog\/wp-content\/uploads\/2013\/08\/Via-Lactea-13-08-2013-17.jpg\" loading=\"lazy\" class=\"aligncenter size-full wp-image-2745\" alt=\"Via Lactea 13 08 2013 17\" src=\"http:\/\/desireemartinphoto.com\/blog\/wp-content\/uploads\/2013\/08\/Via-Lactea-13-08-2013-17.jpg\" width=\"500\" height=\"333\" srcset=\"http:\/\/desireemartinphoto.com\/blog\/wp-content\/uploads\/2013\/08\/Via-Lactea-13-08-2013-17.jpg 500w, http:\/\/desireemartinphoto.com\/blog\/wp-content\/uploads\/2013\/08\/Via-Lactea-13-08-2013-17-300x199.jpg 300w\" sizes=\"(max-width: 500px) 100vw, 500px\" \/><\/p>\n<p>&nbsp;<\/p>\n<p>Quer\u00eda mar ..pero la orientaci\u00f3n de la constelaci\u00f3n no coincid\u00eda.<\/p>\n<p>Vueltas y m\u00e1s vueltas ..sube a pueblos, baja a playas. Menos mal que ten\u00eda buena compa\u00f1\u00eda, gracias Cesar Mart\u00edn.<\/p>\n<p>Lo que quedaba era subir a el Teide, la cumbre de la isla, a ver si dej\u00e1bamos las nubes por debajo de nosotros ..<\/p>\n<p>&nbsp;<\/p>\n<p><img loading=\"lazy\" alt=\"Via Lactea 13 08 2013 18\" src=\"http:\/\/desireemartinphoto.com\/blog\/wp-content\/uploads\/2013\/08\/Via-Lactea-13-08-2013-18.jpg\" width=\"500\" height=\"333\" \/><\/p>\n<p>&nbsp;<\/p>\n<p>S\u00ed, s\u00ed, por debajo hab\u00edan y por encima.. y a un lado y al otro &#8230;<\/p>\n<p>&nbsp;<\/p>\n<p>A las 5.30 a.m .. para casa &#8230; nah!!<\/p>\n<p>&nbsp;<\/p>\n<p>SEGUNDO INTENTO: Noche del 13, 11.30 a.m. voy a por ellas de nuevo. \u00a0Quer\u00eda algo diferente, algo que no hubiera disponible en la red de mi agencia y pens\u00e9 en cielo estrellado, meteoros y &#8220;algo&#8221; urbano.. Complejo, lo sab\u00eda, la contaminaci\u00f3n lum\u00ednica iba a fastidiar mucho&#8230;\u00bf pero que iba a perder ? &#8230;el d\u00eda de trabajo ..ya! ..pero quer\u00eda hacer algo bueno.<\/p>\n<p>Torres el\u00e9ctricas, casas abandonadas&#8230; \u00a1 ah\u00ed viene un peregrino camino de Candelaria!!!! &#8230;su luz me va a dar un toquito en la carretera&#8230;<\/p>\n<p>Ni un meteoro a\u00fan &#8230; pero me gusta lo que hago, lo que estoy sintiendo, hac\u00eda much\u00edsimo que no estaba ..tan en\u00e9rgica, a oscuras, en silencio, cero movimientos, ..nada de viento, noche c\u00e1lida, el mar golpeaba justo a mi lado &#8230; PEFECTO.. pens\u00e9 que a\u00fan sin Las Perseidas val\u00eda la pena.<\/p>\n<p>&nbsp;<\/p>\n<p>&nbsp;<\/p>\n<p><img data-attachment-id=\"2718\" data-permalink=\"http:\/\/desireemartinphoto.com\/blog\/spain-milky-way-space\/\" data-orig-file=\"http:\/\/desireemartinphoto.com\/blog\/wp-content\/uploads\/2013\/08\/Via-Lactea-13-08-2013-01.jpg\" data-orig-size=\"500,333\" data-comments-opened=\"1\" data-image-meta=\"{&quot;aperture&quot;:&quot;5.6&quot;,&quot;credit&quot;:&quot;DESIREE MARTIN&quot;,&quot;camera&quot;:&quot;Canon EOS 5D Mark II&quot;,&quot;caption&quot;:&quot;SPAIN, Tenerife: A picture of Milky Way and the moon over the Fasnia\\u2019s town on the canary island of Tenerife 14 August 2013 .AFP PHOTO\\\/DESIREE MARTIN&quot;,&quot;created_timestamp&quot;:&quot;1376433848&quot;,&quot;copyright&quot;:&quot;ImageForum&quot;,&quot;focal_length&quot;:&quot;16&quot;,&quot;iso&quot;:&quot;640&quot;,&quot;shutter_speed&quot;:&quot;36&quot;,&quot;title&quot;:&quot;SPAIN-MILKY-WAY-SPACE&quot;}\" data-image-title=\"SPAIN-MILKY-WAY-SPACE\" data-image-description=\"&lt;p&gt;SPAIN, Tenerife: A picture of Milky Way and the moon over the Fasnia\u2019s town on the canary island of Tenerife 14 August 2013 .AFP PHOTO\/DESIREE MARTIN&lt;\/p&gt;\n\" data-medium-file=\"http:\/\/desireemartinphoto.com\/blog\/wp-content\/uploads\/2013\/08\/Via-Lactea-13-08-2013-01-300x199.jpg\" data-large-file=\"http:\/\/desireemartinphoto.com\/blog\/wp-content\/uploads\/2013\/08\/Via-Lactea-13-08-2013-01.jpg\" loading=\"lazy\" class=\"aligncenter size-full wp-image-2718\" alt=\"SPAIN-MILKY-WAY-SPACE\" src=\"http:\/\/desireemartinphoto.com\/blog\/wp-content\/uploads\/2013\/08\/Via-Lactea-13-08-2013-01.jpg\" width=\"500\" height=\"333\" srcset=\"http:\/\/desireemartinphoto.com\/blog\/wp-content\/uploads\/2013\/08\/Via-Lactea-13-08-2013-01.jpg 500w, http:\/\/desireemartinphoto.com\/blog\/wp-content\/uploads\/2013\/08\/Via-Lactea-13-08-2013-01-300x199.jpg 300w\" sizes=\"(max-width: 500px) 100vw, 500px\" \/><\/p>\n<p>&nbsp;<\/p>\n<p>&nbsp;<\/p>\n<p>&nbsp;<\/p>\n<p><img data-attachment-id=\"2722\" data-permalink=\"http:\/\/desireemartinphoto.com\/blog\/vi-las-estrellas-pero-no-las-fugaces\/spain-milky-way-space-4\/\" data-orig-file=\"http:\/\/desireemartinphoto.com\/blog\/wp-content\/uploads\/2013\/08\/Via-Lactea-13-08-2013-02.jpg\" data-orig-size=\"500,750\" data-comments-opened=\"1\" data-image-meta=\"{&quot;aperture&quot;:&quot;2.8&quot;,&quot;credit&quot;:&quot;DESIREE MARTIN&quot;,&quot;camera&quot;:&quot;Canon EOS 5D Mark II&quot;,&quot;caption&quot;:&quot;SPAIN, Tenerife: A picture of Milky Way over the left house in the Fasnia\\u2019s town  on the canary island of Tenerife 14 August 2013 .AFP PHOTO\\\/DESIREE MARTIN&quot;,&quot;created_timestamp&quot;:&quot;1376438809&quot;,&quot;copyright&quot;:&quot;ImageForum&quot;,&quot;focal_length&quot;:&quot;16&quot;,&quot;iso&quot;:&quot;3200&quot;,&quot;shutter_speed&quot;:&quot;8&quot;,&quot;title&quot;:&quot;SPAIN-MILKY-WAY-SPACE&quot;}\" data-image-title=\"SPAIN-MILKY-WAY-SPACE\" data-image-description=\"&lt;p&gt;SPAIN, Tenerife: A picture of Milky Way over the left house in the Fasnia\u2019s town  on the canary island of Tenerife 14 August 2013 .AFP PHOTO\/DESIREE MARTIN&lt;\/p&gt;\n\" data-medium-file=\"http:\/\/desireemartinphoto.com\/blog\/wp-content\/uploads\/2013\/08\/Via-Lactea-13-08-2013-02-200x300.jpg\" data-large-file=\"http:\/\/desireemartinphoto.com\/blog\/wp-content\/uploads\/2013\/08\/Via-Lactea-13-08-2013-02.jpg\" loading=\"lazy\" class=\"aligncenter size-full wp-image-2722\" alt=\"SPAIN-MILKY-WAY-SPACE\" src=\"http:\/\/desireemartinphoto.com\/blog\/wp-content\/uploads\/2013\/08\/Via-Lactea-13-08-2013-02.jpg\" width=\"500\" height=\"750\" srcset=\"http:\/\/desireemartinphoto.com\/blog\/wp-content\/uploads\/2013\/08\/Via-Lactea-13-08-2013-02.jpg 500w, http:\/\/desireemartinphoto.com\/blog\/wp-content\/uploads\/2013\/08\/Via-Lactea-13-08-2013-02-200x300.jpg 200w\" sizes=\"(max-width: 500px) 100vw, 500px\" \/><\/p>\n<p>&nbsp;<\/p>\n<p>&nbsp;<\/p>\n<p><img data-attachment-id=\"2720\" data-permalink=\"http:\/\/desireemartinphoto.com\/blog\/spain-milky-way-space-2\/\" data-orig-file=\"http:\/\/desireemartinphoto.com\/blog\/wp-content\/uploads\/2013\/08\/Via-Lactea-13-08-2013-03.jpg\" data-orig-size=\"500,333\" data-comments-opened=\"1\" data-image-meta=\"{&quot;aperture&quot;:&quot;2.8&quot;,&quot;credit&quot;:&quot;DESIREE MARTIN&quot;,&quot;camera&quot;:&quot;Canon EOS 5D Mark II&quot;,&quot;caption&quot;:&quot;SPAIN, Tenerife: Milky Way over endemic tree of the desert of Fasnia the Fasnia\\u2019s town on the canary island of Tenerife 14 August 2013 .AFP PHOTO\\\/DESIREE MARTIN&quot;,&quot;created_timestamp&quot;:&quot;1376443677&quot;,&quot;copyright&quot;:&quot;ImageForum&quot;,&quot;focal_length&quot;:&quot;16&quot;,&quot;iso&quot;:&quot;3200&quot;,&quot;shutter_speed&quot;:&quot;8&quot;,&quot;title&quot;:&quot;SPAIN-MILKY-WAY-SPACE&quot;}\" data-image-title=\"SPAIN-MILKY-WAY-SPACE\" data-image-description=\"&lt;p&gt;SPAIN, Tenerife: Milky Way over endemic tree of the desert of Fasnia the Fasnia\u2019s town on the canary island of Tenerife 14 August 2013 .AFP PHOTO\/DESIREE MARTIN&lt;\/p&gt;\n\" data-medium-file=\"http:\/\/desireemartinphoto.com\/blog\/wp-content\/uploads\/2013\/08\/Via-Lactea-13-08-2013-03-300x199.jpg\" data-large-file=\"http:\/\/desireemartinphoto.com\/blog\/wp-content\/uploads\/2013\/08\/Via-Lactea-13-08-2013-03.jpg\" loading=\"lazy\" class=\"aligncenter size-full wp-image-2720\" alt=\"SPAIN-MILKY-WAY-SPACE\" src=\"http:\/\/desireemartinphoto.com\/blog\/wp-content\/uploads\/2013\/08\/Via-Lactea-13-08-2013-03.jpg\" width=\"500\" height=\"333\" srcset=\"http:\/\/desireemartinphoto.com\/blog\/wp-content\/uploads\/2013\/08\/Via-Lactea-13-08-2013-03.jpg 500w, http:\/\/desireemartinphoto.com\/blog\/wp-content\/uploads\/2013\/08\/Via-Lactea-13-08-2013-03-300x199.jpg 300w\" sizes=\"(max-width: 500px) 100vw, 500px\" \/><\/p>\n<p>&nbsp;<\/p>\n<p>&nbsp;<\/p>\n<p>&nbsp;<\/p>\n<p><img data-attachment-id=\"2724\" data-permalink=\"http:\/\/desireemartinphoto.com\/blog\/vi-las-estrellas-pero-no-las-fugaces\/spain-milky-way-space-6\/\" data-orig-file=\"http:\/\/desireemartinphoto.com\/blog\/wp-content\/uploads\/2013\/08\/Via-Lactea-13-08-2013-04.jpg\" data-orig-size=\"500,750\" data-comments-opened=\"1\" data-image-meta=\"{&quot;aperture&quot;:&quot;2.8&quot;,&quot;credit&quot;:&quot;DESIREE MARTIN&quot;,&quot;camera&quot;:&quot;Canon EOS 5D Mark II&quot;,&quot;caption&quot;:&quot;SPAIN, Tenerife: Milky Way over the Fasnia\\u2019s town on the canary island of Tenerife 14 August 2013 .AFP PHOTO\\\/DESIREE MARTIN&quot;,&quot;created_timestamp&quot;:&quot;1376440338&quot;,&quot;copyright&quot;:&quot;ImageForum&quot;,&quot;focal_length&quot;:&quot;16&quot;,&quot;iso&quot;:&quot;3200&quot;,&quot;shutter_speed&quot;:&quot;10&quot;,&quot;title&quot;:&quot;SPAIN-MILKY-WAY-SPACE&quot;}\" data-image-title=\"SPAIN-MILKY-WAY-SPACE\" data-image-description=\"&lt;p&gt;SPAIN, Tenerife: Milky Way over the Fasnia\u2019s town on the canary island of Tenerife 14 August 2013 .AFP PHOTO\/DESIREE MARTIN&lt;\/p&gt;\n\" data-medium-file=\"http:\/\/desireemartinphoto.com\/blog\/wp-content\/uploads\/2013\/08\/Via-Lactea-13-08-2013-04-200x300.jpg\" data-large-file=\"http:\/\/desireemartinphoto.com\/blog\/wp-content\/uploads\/2013\/08\/Via-Lactea-13-08-2013-04.jpg\" loading=\"lazy\" class=\"aligncenter size-full wp-image-2724\" alt=\"SPAIN-MILKY-WAY-SPACE\" src=\"http:\/\/desireemartinphoto.com\/blog\/wp-content\/uploads\/2013\/08\/Via-Lactea-13-08-2013-04.jpg\" width=\"500\" height=\"750\" srcset=\"http:\/\/desireemartinphoto.com\/blog\/wp-content\/uploads\/2013\/08\/Via-Lactea-13-08-2013-04.jpg 500w, http:\/\/desireemartinphoto.com\/blog\/wp-content\/uploads\/2013\/08\/Via-Lactea-13-08-2013-04-200x300.jpg 200w\" sizes=\"(max-width: 500px) 100vw, 500px\" \/><\/p>\n<p>&nbsp;<\/p>\n<p>&nbsp;<\/p>\n<p><img data-attachment-id=\"2725\" data-permalink=\"http:\/\/desireemartinphoto.com\/blog\/vi-las-estrellas-pero-no-las-fugaces\/spain-milky-way-space-7\/\" data-orig-file=\"http:\/\/desireemartinphoto.com\/blog\/wp-content\/uploads\/2013\/08\/Via-Lactea-13-08-2013-05.jpg\" data-orig-size=\"500,333\" data-comments-opened=\"1\" data-image-meta=\"{&quot;aperture&quot;:&quot;2.8&quot;,&quot;credit&quot;:&quot;DESIREE MARTIN&quot;,&quot;camera&quot;:&quot;Canon EOS 5D Mark II&quot;,&quot;caption&quot;:&quot;SPAIN, Tenerife: Milky Way over endemic tree of the desert of Fasnia the Fasnia\\u2019s town on the canary island of Tenerife 14 August 2013 .AFP PHOTO\\\/DESIREE MARTIN&quot;,&quot;created_timestamp&quot;:&quot;1376442149&quot;,&quot;copyright&quot;:&quot;ImageForum&quot;,&quot;focal_length&quot;:&quot;16&quot;,&quot;iso&quot;:&quot;3200&quot;,&quot;shutter_speed&quot;:&quot;10&quot;,&quot;title&quot;:&quot;SPAIN-MILKY-WAY-SPACE&quot;}\" data-image-title=\"SPAIN-MILKY-WAY-SPACE\" data-image-description=\"&lt;p&gt;SPAIN, Tenerife: Milky Way over endemic tree of the desert of Fasnia the Fasnia\u2019s town on the canary island of Tenerife 14 August 2013 .AFP PHOTO\/DESIREE MARTIN&lt;\/p&gt;\n\" data-medium-file=\"http:\/\/desireemartinphoto.com\/blog\/wp-content\/uploads\/2013\/08\/Via-Lactea-13-08-2013-05-300x199.jpg\" data-large-file=\"http:\/\/desireemartinphoto.com\/blog\/wp-content\/uploads\/2013\/08\/Via-Lactea-13-08-2013-05.jpg\" loading=\"lazy\" class=\"aligncenter size-full wp-image-2725\" alt=\"SPAIN-MILKY-WAY-SPACE\" src=\"http:\/\/desireemartinphoto.com\/blog\/wp-content\/uploads\/2013\/08\/Via-Lactea-13-08-2013-05.jpg\" width=\"500\" height=\"333\" srcset=\"http:\/\/desireemartinphoto.com\/blog\/wp-content\/uploads\/2013\/08\/Via-Lactea-13-08-2013-05.jpg 500w, http:\/\/desireemartinphoto.com\/blog\/wp-content\/uploads\/2013\/08\/Via-Lactea-13-08-2013-05-300x199.jpg 300w\" sizes=\"(max-width: 500px) 100vw, 500px\" \/><\/p>\n<p>&nbsp;<\/p>\n<p>&nbsp;<\/p>\n<p>&nbsp;<\/p>\n<p><img data-attachment-id=\"2726\" data-permalink=\"http:\/\/desireemartinphoto.com\/blog\/vi-las-estrellas-pero-no-las-fugaces\/spain-milky-way-space-8\/\" data-orig-file=\"http:\/\/desireemartinphoto.com\/blog\/wp-content\/uploads\/2013\/08\/Via-Lactea-13-08-2013-06.jpg\" data-orig-size=\"500,333\" data-comments-opened=\"1\" data-image-meta=\"{&quot;aperture&quot;:&quot;2.8&quot;,&quot;credit&quot;:&quot;DESIREE MARTIN&quot;,&quot;camera&quot;:&quot;Canon EOS 5D Mark II&quot;,&quot;caption&quot;:&quot;SPAIN, Tenerife: A picture of Milky Way over the left house in the Fasnia\\u2019s town  on the canary island of Tenerife 14 August 2013 .AFP PHOTO\\\/DESIREE MARTIN&quot;,&quot;created_timestamp&quot;:&quot;1376438312&quot;,&quot;copyright&quot;:&quot;ImageForum&quot;,&quot;focal_length&quot;:&quot;16&quot;,&quot;iso&quot;:&quot;3200&quot;,&quot;shutter_speed&quot;:&quot;20&quot;,&quot;title&quot;:&quot;SPAIN-MILKY-WAY-SPACE&quot;}\" data-image-title=\"SPAIN-MILKY-WAY-SPACE\" data-image-description=\"&lt;p&gt;SPAIN, Tenerife: A picture of Milky Way over the left house in the Fasnia\u2019s town  on the canary island of Tenerife 14 August 2013 .AFP PHOTO\/DESIREE MARTIN&lt;\/p&gt;\n\" data-medium-file=\"http:\/\/desireemartinphoto.com\/blog\/wp-content\/uploads\/2013\/08\/Via-Lactea-13-08-2013-06-300x199.jpg\" data-large-file=\"http:\/\/desireemartinphoto.com\/blog\/wp-content\/uploads\/2013\/08\/Via-Lactea-13-08-2013-06.jpg\" loading=\"lazy\" class=\"aligncenter size-full wp-image-2726\" alt=\"SPAIN-MILKY-WAY-SPACE\" src=\"http:\/\/desireemartinphoto.com\/blog\/wp-content\/uploads\/2013\/08\/Via-Lactea-13-08-2013-06.jpg\" width=\"500\" height=\"333\" srcset=\"http:\/\/desireemartinphoto.com\/blog\/wp-content\/uploads\/2013\/08\/Via-Lactea-13-08-2013-06.jpg 500w, http:\/\/desireemartinphoto.com\/blog\/wp-content\/uploads\/2013\/08\/Via-Lactea-13-08-2013-06-300x199.jpg 300w\" sizes=\"(max-width: 500px) 100vw, 500px\" \/><\/p>\n<p>&nbsp;<\/p>\n<p>4 a.m.<\/p>\n<p>Se me ocurre meterme en un barranco cercano a casa a hacer algo de coladas de lava, cielo, autopista, m\u00e1s tendido el\u00e9ctrico antiguo &#8230; subo desde el fondo del barranco hasta una de sus laderas ..<\/p>\n<p>&nbsp;<\/p>\n<p>&nbsp;<\/p>\n<p><img data-attachment-id=\"2727\" data-permalink=\"http:\/\/desireemartinphoto.com\/blog\/vi-las-estrellas-pero-no-las-fugaces\/spain-milky-way-space-9\/\" data-orig-file=\"http:\/\/desireemartinphoto.com\/blog\/wp-content\/uploads\/2013\/08\/Via-Lactea-13-08-2013-07.jpg\" data-orig-size=\"500,750\" data-comments-opened=\"1\" data-image-meta=\"{&quot;aperture&quot;:&quot;2.8&quot;,&quot;credit&quot;:&quot;DESIREE MARTIN&quot;,&quot;camera&quot;:&quot;Canon EOS 5D Mark II&quot;,&quot;caption&quot;:&quot;SPAIN, Tenerife: Milky Way over endemic tree of the desert of Fasnia the Fasnia\\u2019s town on the canary island of Tenerife 14 August 2013 .AFP PHOTO\\\/DESIREE MARTIN&quot;,&quot;created_timestamp&quot;:&quot;1376444029&quot;,&quot;copyright&quot;:&quot;ImageForum&quot;,&quot;focal_length&quot;:&quot;16&quot;,&quot;iso&quot;:&quot;3200&quot;,&quot;shutter_speed&quot;:&quot;8&quot;,&quot;title&quot;:&quot;SPAIN-MILKY-WAY-SPACE&quot;}\" data-image-title=\"SPAIN-MILKY-WAY-SPACE\" data-image-description=\"&lt;p&gt;SPAIN, Tenerife: Milky Way over endemic tree of the desert of Fasnia the Fasnia\u2019s town on the canary island of Tenerife 14 August 2013 .AFP PHOTO\/DESIREE MARTIN&lt;\/p&gt;\n\" data-medium-file=\"http:\/\/desireemartinphoto.com\/blog\/wp-content\/uploads\/2013\/08\/Via-Lactea-13-08-2013-07-200x300.jpg\" data-large-file=\"http:\/\/desireemartinphoto.com\/blog\/wp-content\/uploads\/2013\/08\/Via-Lactea-13-08-2013-07.jpg\" loading=\"lazy\" class=\"aligncenter size-full wp-image-2727\" alt=\"SPAIN-MILKY-WAY-SPACE\" src=\"http:\/\/desireemartinphoto.com\/blog\/wp-content\/uploads\/2013\/08\/Via-Lactea-13-08-2013-07.jpg\" width=\"500\" height=\"750\" srcset=\"http:\/\/desireemartinphoto.com\/blog\/wp-content\/uploads\/2013\/08\/Via-Lactea-13-08-2013-07.jpg 500w, http:\/\/desireemartinphoto.com\/blog\/wp-content\/uploads\/2013\/08\/Via-Lactea-13-08-2013-07-200x300.jpg 200w\" sizes=\"(max-width: 500px) 100vw, 500px\" \/><\/p>\n<p>&nbsp;<\/p>\n<p>&nbsp;<\/p>\n<p>&nbsp;<\/p>\n<p><img data-attachment-id=\"2728\" data-permalink=\"http:\/\/desireemartinphoto.com\/blog\/vi-las-estrellas-pero-no-las-fugaces\/spain-milky-way-space-10\/\" data-orig-file=\"http:\/\/desireemartinphoto.com\/blog\/wp-content\/uploads\/2013\/08\/Via-Lactea-13-08-2013-08.jpg\" data-orig-size=\"500,333\" data-comments-opened=\"1\" data-image-meta=\"{&quot;aperture&quot;:&quot;2.8&quot;,&quot;credit&quot;:&quot;DESIREE MARTIN&quot;,&quot;camera&quot;:&quot;Canon EOS 5D Mark II&quot;,&quot;caption&quot;:&quot;SPAIN, Tenerife: A picture of Milky Way over the electrical towers in the Fasnia\\u2019s town  on the canary island of Tenerife 14 August 2013 .AFP PHOTO\\\/DESIREE MARTIN&quot;,&quot;created_timestamp&quot;:&quot;1376442739&quot;,&quot;copyright&quot;:&quot;ImageForum&quot;,&quot;focal_length&quot;:&quot;16&quot;,&quot;iso&quot;:&quot;3200&quot;,&quot;shutter_speed&quot;:&quot;10&quot;,&quot;title&quot;:&quot;SPAIN-MILKY-WAY-SPACE&quot;}\" data-image-title=\"SPAIN-MILKY-WAY-SPACE\" data-image-description=\"&lt;p&gt;SPAIN, Tenerife: A picture of Milky Way over the electrical towers in the Fasnia\u2019s town  on the canary island of Tenerife 14 August 2013 .AFP PHOTO\/DESIREE MARTIN&lt;\/p&gt;\n\" data-medium-file=\"http:\/\/desireemartinphoto.com\/blog\/wp-content\/uploads\/2013\/08\/Via-Lactea-13-08-2013-08-300x199.jpg\" data-large-file=\"http:\/\/desireemartinphoto.com\/blog\/wp-content\/uploads\/2013\/08\/Via-Lactea-13-08-2013-08.jpg\" loading=\"lazy\" class=\"aligncenter size-full wp-image-2728\" alt=\"SPAIN-MILKY-WAY-SPACE\" src=\"http:\/\/desireemartinphoto.com\/blog\/wp-content\/uploads\/2013\/08\/Via-Lactea-13-08-2013-08.jpg\" width=\"500\" height=\"333\" srcset=\"http:\/\/desireemartinphoto.com\/blog\/wp-content\/uploads\/2013\/08\/Via-Lactea-13-08-2013-08.jpg 500w, http:\/\/desireemartinphoto.com\/blog\/wp-content\/uploads\/2013\/08\/Via-Lactea-13-08-2013-08-300x199.jpg 300w\" sizes=\"(max-width: 500px) 100vw, 500px\" \/><\/p>\n<p>&nbsp;<\/p>\n<p>&nbsp;<\/p>\n<p><img data-attachment-id=\"2732\" data-permalink=\"http:\/\/desireemartinphoto.com\/blog\/vi-las-estrellas-pero-no-las-fugaces\/spain-milky-way-space-12\/\" data-orig-file=\"http:\/\/desireemartinphoto.com\/blog\/wp-content\/uploads\/2013\/08\/Via-Lactea-13-08-2013-10.jpg\" data-orig-size=\"500,333\" data-comments-opened=\"1\" data-image-meta=\"{&quot;aperture&quot;:&quot;2.8&quot;,&quot;credit&quot;:&quot;DESIREE MARTIN&quot;,&quot;camera&quot;:&quot;Canon EOS 5D Mark II&quot;,&quot;caption&quot;:&quot;SPAIN, Tenerife: Stared sky over the Fasnia\\u2019s town on the canary island of Tenerife 14 August 2013 .AFP PHOTO\\\/DESIREE MARTIN&quot;,&quot;created_timestamp&quot;:&quot;1376443434&quot;,&quot;copyright&quot;:&quot;ImageForum&quot;,&quot;focal_length&quot;:&quot;16&quot;,&quot;iso&quot;:&quot;3200&quot;,&quot;shutter_speed&quot;:&quot;10&quot;,&quot;title&quot;:&quot;SPAIN-MILKY-WAY-SPACE&quot;}\" data-image-title=\"SPAIN-MILKY-WAY-SPACE\" data-image-description=\"&lt;p&gt;SPAIN, Tenerife: Stared sky over the Fasnia\u2019s town on the canary island of Tenerife 14 August 2013 .AFP PHOTO\/DESIREE MARTIN&lt;\/p&gt;\n\" data-medium-file=\"http:\/\/desireemartinphoto.com\/blog\/wp-content\/uploads\/2013\/08\/Via-Lactea-13-08-2013-10-300x199.jpg\" data-large-file=\"http:\/\/desireemartinphoto.com\/blog\/wp-content\/uploads\/2013\/08\/Via-Lactea-13-08-2013-10.jpg\" loading=\"lazy\" class=\"aligncenter size-full wp-image-2732\" alt=\"SPAIN-MILKY-WAY-SPACE\" src=\"http:\/\/desireemartinphoto.com\/blog\/wp-content\/uploads\/2013\/08\/Via-Lactea-13-08-2013-10.jpg\" width=\"500\" height=\"333\" srcset=\"http:\/\/desireemartinphoto.com\/blog\/wp-content\/uploads\/2013\/08\/Via-Lactea-13-08-2013-10.jpg 500w, http:\/\/desireemartinphoto.com\/blog\/wp-content\/uploads\/2013\/08\/Via-Lactea-13-08-2013-10-300x199.jpg 300w\" sizes=\"(max-width: 500px) 100vw, 500px\" \/><\/p>\n<p>&nbsp;<\/p>\n<p>&nbsp;<\/p>\n<p><img data-attachment-id=\"2733\" data-permalink=\"http:\/\/desireemartinphoto.com\/blog\/vi-las-estrellas-pero-no-las-fugaces\/spain-milky-way-space-13\/\" data-orig-file=\"http:\/\/desireemartinphoto.com\/blog\/wp-content\/uploads\/2013\/08\/Via-Lactea-13-08-2013-11.jpg\" data-orig-size=\"500,315\" data-comments-opened=\"1\" data-image-meta=\"{&quot;aperture&quot;:&quot;2.8&quot;,&quot;credit&quot;:&quot;DESIREE MARTIN&quot;,&quot;camera&quot;:&quot;Canon EOS 5D Mark II&quot;,&quot;caption&quot;:&quot;SPAIN, Tenerife: Milky Way over endemic tree of the desert of Fasnia the Fasnia\\u2019s town on the canary island of Tenerife 14 August 2013 .AFP PHOTO\\\/DESIREE MARTIN&quot;,&quot;created_timestamp&quot;:&quot;1376443814&quot;,&quot;copyright&quot;:&quot;ImageForum&quot;,&quot;focal_length&quot;:&quot;16&quot;,&quot;iso&quot;:&quot;3200&quot;,&quot;shutter_speed&quot;:&quot;8&quot;,&quot;title&quot;:&quot;SPAIN-MILKY-WAY-SPACE&quot;}\" data-image-title=\"SPAIN-MILKY-WAY-SPACE\" data-image-description=\"&lt;p&gt;SPAIN, Tenerife: Milky Way over endemic tree of the desert of Fasnia the Fasnia\u2019s town on the canary island of Tenerife 14 August 2013 .AFP PHOTO\/DESIREE MARTIN&lt;\/p&gt;\n\" data-medium-file=\"http:\/\/desireemartinphoto.com\/blog\/wp-content\/uploads\/2013\/08\/Via-Lactea-13-08-2013-11-300x189.jpg\" data-large-file=\"http:\/\/desireemartinphoto.com\/blog\/wp-content\/uploads\/2013\/08\/Via-Lactea-13-08-2013-11.jpg\" loading=\"lazy\" class=\"aligncenter size-full wp-image-2733\" alt=\"SPAIN-MILKY-WAY-SPACE\" src=\"http:\/\/desireemartinphoto.com\/blog\/wp-content\/uploads\/2013\/08\/Via-Lactea-13-08-2013-11.jpg\" width=\"500\" height=\"315\" srcset=\"http:\/\/desireemartinphoto.com\/blog\/wp-content\/uploads\/2013\/08\/Via-Lactea-13-08-2013-11.jpg 500w, http:\/\/desireemartinphoto.com\/blog\/wp-content\/uploads\/2013\/08\/Via-Lactea-13-08-2013-11-300x189.jpg 300w\" sizes=\"(max-width: 500px) 100vw, 500px\" \/><\/p>\n<p>&nbsp;<\/p>\n<p>&nbsp;<\/p>\n<p><img data-attachment-id=\"2734\" data-permalink=\"http:\/\/desireemartinphoto.com\/blog\/vi-las-estrellas-pero-no-las-fugaces\/spain-milky-way-space-14\/\" data-orig-file=\"http:\/\/desireemartinphoto.com\/blog\/wp-content\/uploads\/2013\/08\/Via-Lactea-13-08-2013-12.jpg\" data-orig-size=\"500,333\" data-comments-opened=\"1\" data-image-meta=\"{&quot;aperture&quot;:&quot;2.8&quot;,&quot;credit&quot;:&quot;DESIREE MARTIN&quot;,&quot;camera&quot;:&quot;Canon EOS 5D Mark II&quot;,&quot;caption&quot;:&quot;SPAIN, Tenerife: A picture of Milky Way over the electrical towers in the Fasnia\\u2019s town  on the canary island of Tenerife 14 August 2013 .AFP PHOTO\\\/DESIREE MARTIN&quot;,&quot;created_timestamp&quot;:&quot;1376443377&quot;,&quot;copyright&quot;:&quot;ImageForum&quot;,&quot;focal_length&quot;:&quot;16&quot;,&quot;iso&quot;:&quot;3200&quot;,&quot;shutter_speed&quot;:&quot;10&quot;,&quot;title&quot;:&quot;SPAIN-MILKY-WAY-SPACE&quot;}\" data-image-title=\"SPAIN-MILKY-WAY-SPACE\" data-image-description=\"&lt;p&gt;SPAIN, Tenerife: A picture of Milky Way over the electrical towers in the Fasnia\u2019s town  on the canary island of Tenerife 14 August 2013 .AFP PHOTO\/DESIREE MARTIN&lt;\/p&gt;\n\" data-medium-file=\"http:\/\/desireemartinphoto.com\/blog\/wp-content\/uploads\/2013\/08\/Via-Lactea-13-08-2013-12-300x199.jpg\" data-large-file=\"http:\/\/desireemartinphoto.com\/blog\/wp-content\/uploads\/2013\/08\/Via-Lactea-13-08-2013-12.jpg\" loading=\"lazy\" class=\"aligncenter size-full wp-image-2734\" alt=\"SPAIN-MILKY-WAY-SPACE\" src=\"http:\/\/desireemartinphoto.com\/blog\/wp-content\/uploads\/2013\/08\/Via-Lactea-13-08-2013-12.jpg\" width=\"500\" height=\"333\" srcset=\"http:\/\/desireemartinphoto.com\/blog\/wp-content\/uploads\/2013\/08\/Via-Lactea-13-08-2013-12.jpg 500w, http:\/\/desireemartinphoto.com\/blog\/wp-content\/uploads\/2013\/08\/Via-Lactea-13-08-2013-12-300x199.jpg 300w\" sizes=\"(max-width: 500px) 100vw, 500px\" \/><\/p>\n<p>&nbsp;<\/p>\n<p>&nbsp;<\/p>\n<p><img data-attachment-id=\"2735\" data-permalink=\"http:\/\/desireemartinphoto.com\/blog\/vi-las-estrellas-pero-no-las-fugaces\/via-lactea-13-08-2013-13\/\" data-orig-file=\"http:\/\/desireemartinphoto.com\/blog\/wp-content\/uploads\/2013\/08\/Via-Lactea-13-08-2013-13.jpg\" data-orig-size=\"500,333\" data-comments-opened=\"1\" data-image-meta=\"{&quot;aperture&quot;:&quot;2.8&quot;,&quot;credit&quot;:&quot;&quot;,&quot;camera&quot;:&quot;Canon EOS 5D Mark II&quot;,&quot;caption&quot;:&quot;&quot;,&quot;created_timestamp&quot;:&quot;1376439631&quot;,&quot;copyright&quot;:&quot;&quot;,&quot;focal_length&quot;:&quot;16&quot;,&quot;iso&quot;:&quot;3200&quot;,&quot;shutter_speed&quot;:&quot;10&quot;,&quot;title&quot;:&quot;&quot;}\" data-image-title=\"Via Lactea 13 08 2013 13\" data-image-description=\"\" data-medium-file=\"http:\/\/desireemartinphoto.com\/blog\/wp-content\/uploads\/2013\/08\/Via-Lactea-13-08-2013-13-300x199.jpg\" data-large-file=\"http:\/\/desireemartinphoto.com\/blog\/wp-content\/uploads\/2013\/08\/Via-Lactea-13-08-2013-13.jpg\" loading=\"lazy\" class=\"aligncenter size-full wp-image-2735\" alt=\"Via Lactea 13 08 2013 13\" src=\"http:\/\/desireemartinphoto.com\/blog\/wp-content\/uploads\/2013\/08\/Via-Lactea-13-08-2013-13.jpg\" width=\"500\" height=\"333\" srcset=\"http:\/\/desireemartinphoto.com\/blog\/wp-content\/uploads\/2013\/08\/Via-Lactea-13-08-2013-13.jpg 500w, http:\/\/desireemartinphoto.com\/blog\/wp-content\/uploads\/2013\/08\/Via-Lactea-13-08-2013-13-300x199.jpg 300w\" sizes=\"(max-width: 500px) 100vw, 500px\" \/><\/p>\n<p>5 a.m.<\/p>\n<p>&nbsp;<\/p>\n<p>Ni una estrella fugaz&#8230; comienzo a bajar el barranco y &#8230;me doy una hostia que te cagas &#8230; tr\u00edpode, c\u00e1mara, bolso con el equipo, frontal, linternas ..venga barranco abajo!! .. Cuando logr\u00e9 pararme pens\u00e9: \u00a1por favor que rodara hasta el fondo del barranco!! Porque como encima tenga que seguir bajando &#8230;<\/p>\n<p>Pues tuve que seguir bajando y bajando..<\/p>\n<p>&nbsp;<\/p>\n<p>6 a.m. En casa, aviso a la agencia que no hay Lagrimas de San Lorenzo\u00a0 que si quieren las m\u00edas , &#8230;ja\u00a0\u00a0\u00a0\u00a0\u00a0 ja\u00a0\u00a0\u00a0\u00a0\u00a0 ja\u00a0\u00a0\u00a0\u00a0\u00a0 era un mail a Hong Kong &#8230; ni pizca de gracia<\/p>\n<p>&nbsp;<\/p>\n<p>&#8230; ducha,ibuprofeno, voltaren gel, hielo y a la cama.<\/p>\n<p>&nbsp;<\/p>\n<p>Por la ma\u00f1ana, temprano decido darles una oportunidad a las fotos, sin moverme de la cama\u00a0 ( NO POD\u00cdA ) las edit\u00e9 y en las envi\u00e9.<\/p>\n<p>Me dicen desde la mesa de edici\u00f3n que lo lamentan pero que &#8220;no tienen calidad&#8221; \u00a1\u00a1 Shiiiiias !!<\/p>\n<p>Me levanto.. y ..no puedo mantenerme en pie.<\/p>\n<p>&nbsp;<\/p>\n<p><img data-attachment-id=\"2741\" data-permalink=\"http:\/\/desireemartinphoto.com\/blog\/vi-las-estrellas-pero-no-las-fugaces\/via-lactea-13-08-2013-15-2\/\" data-orig-file=\"http:\/\/desireemartinphoto.com\/blog\/wp-content\/uploads\/2013\/08\/Via-Lactea-13-08-2013-151.jpg\" data-orig-size=\"500,375\" data-comments-opened=\"1\" data-image-meta=\"{&quot;aperture&quot;:&quot;0&quot;,&quot;credit&quot;:&quot;&quot;,&quot;camera&quot;:&quot;&quot;,&quot;caption&quot;:&quot;&quot;,&quot;created_timestamp&quot;:&quot;0&quot;,&quot;copyright&quot;:&quot;&quot;,&quot;focal_length&quot;:&quot;0&quot;,&quot;iso&quot;:&quot;0&quot;,&quot;shutter_speed&quot;:&quot;0&quot;,&quot;title&quot;:&quot;&quot;}\" data-image-title=\"Via Lactea 13 08 2013 15\" data-image-description=\"\" data-medium-file=\"http:\/\/desireemartinphoto.com\/blog\/wp-content\/uploads\/2013\/08\/Via-Lactea-13-08-2013-151-300x225.jpg\" data-large-file=\"http:\/\/desireemartinphoto.com\/blog\/wp-content\/uploads\/2013\/08\/Via-Lactea-13-08-2013-151.jpg\" loading=\"lazy\" class=\"alignleft size-full wp-image-2741\" alt=\"Via Lactea 13 08 2013 15\" src=\"http:\/\/desireemartinphoto.com\/blog\/wp-content\/uploads\/2013\/08\/Via-Lactea-13-08-2013-151.jpg\" width=\"500\" height=\"375\" srcset=\"http:\/\/desireemartinphoto.com\/blog\/wp-content\/uploads\/2013\/08\/Via-Lactea-13-08-2013-151.jpg 500w, http:\/\/desireemartinphoto.com\/blog\/wp-content\/uploads\/2013\/08\/Via-Lactea-13-08-2013-151-300x225.jpg 300w\" sizes=\"(max-width: 500px) 100vw, 500px\" \/><\/p>\n<p>&nbsp;<\/p>\n<p>&nbsp;<\/p>\n<p>&nbsp;<\/p>\n<p>&nbsp;<\/p>\n<p>&nbsp;<\/p>\n<p>&nbsp;<\/p>\n<p>&nbsp;<\/p>\n<p>&nbsp;<\/p>\n<p>&nbsp;<\/p>\n<p>&nbsp;<\/p>\n<p>&nbsp;<\/p>\n<p>&nbsp;<\/p>\n<p>&nbsp;<\/p>\n<p>A urgencias ..horas despu\u00e9s : 2 esguinces+1 fisura tibia+hematomas varios =<\/p>\n<p>&nbsp;<\/p>\n<p><img data-attachment-id=\"2742\" data-permalink=\"http:\/\/desireemartinphoto.com\/blog\/vi-las-estrellas-pero-no-las-fugaces\/via-lactea-13-08-2013-16-2\/\" data-orig-file=\"http:\/\/desireemartinphoto.com\/blog\/wp-content\/uploads\/2013\/08\/Via-Lactea-13-08-2013-161.jpg\" data-orig-size=\"500,881\" data-comments-opened=\"1\" data-image-meta=\"{&quot;aperture&quot;:&quot;0&quot;,&quot;credit&quot;:&quot;&quot;,&quot;camera&quot;:&quot;&quot;,&quot;caption&quot;:&quot;&quot;,&quot;created_timestamp&quot;:&quot;0&quot;,&quot;copyright&quot;:&quot;&quot;,&quot;focal_length&quot;:&quot;0&quot;,&quot;iso&quot;:&quot;0&quot;,&quot;shutter_speed&quot;:&quot;0&quot;,&quot;title&quot;:&quot;&quot;}\" data-image-title=\"Via Lactea 13 08 2013 16\" data-image-description=\"\" data-medium-file=\"http:\/\/desireemartinphoto.com\/blog\/wp-content\/uploads\/2013\/08\/Via-Lactea-13-08-2013-161-170x300.jpg\" data-large-file=\"http:\/\/desireemartinphoto.com\/blog\/wp-content\/uploads\/2013\/08\/Via-Lactea-13-08-2013-161.jpg\" loading=\"lazy\" class=\"alignleft size-full wp-image-2742\" alt=\"Via Lactea 13 08 2013 16\" src=\"http:\/\/desireemartinphoto.com\/blog\/wp-content\/uploads\/2013\/08\/Via-Lactea-13-08-2013-161.jpg\" width=\"500\" height=\"881\" srcset=\"http:\/\/desireemartinphoto.com\/blog\/wp-content\/uploads\/2013\/08\/Via-Lactea-13-08-2013-161.jpg 500w, http:\/\/desireemartinphoto.com\/blog\/wp-content\/uploads\/2013\/08\/Via-Lactea-13-08-2013-161-170x300.jpg 170w\" sizes=\"(max-width: 500px) 100vw, 500px\" \/><\/p>\n<p>&nbsp;<\/p>\n<p>&nbsp;<\/p>\n<p>&nbsp;<\/p>\n<p>&nbsp;<\/p>\n<p>&nbsp;<\/p>\n<p>&nbsp;<\/p>\n<p>&nbsp;<\/p>\n<p>&nbsp;<\/p>\n<p>&nbsp;<\/p>\n<p>&nbsp;<\/p>\n<p>&nbsp;<\/p>\n<p>&nbsp;<\/p>\n<p>&nbsp;<\/p>\n<p>&nbsp;<\/p>\n<p>&nbsp;<\/p>\n<p>&nbsp;<\/p>\n<p>&nbsp;<\/p>\n<p>&nbsp;<\/p>\n<p>&nbsp;<\/p>\n<p>&nbsp;<\/p>\n<p>&nbsp;<\/p>\n<p>&nbsp;<\/p>\n<p>&nbsp;<\/p>\n<p>&nbsp;<\/p>\n<p>&nbsp;<\/p>\n<p>&nbsp;<\/p>\n<p>&nbsp;<\/p>\n<p>&nbsp;<\/p>\n<p>&nbsp;<\/p>\n<p>\u00bfLo peor de todo? Perd\u00ed ese d\u00eda de trabajo y el siguiente , el d\u00eda de la Peregrinaci\u00f3n a Candelaria, mis \u00fanicos d\u00edas de trabajo de este mes, al menos por ahora.<\/p>\n<p>El marte, en la reuni\u00f3n de la futura Asociaci\u00f3n de Profesionales de la Fotograf\u00eda de Canarias intent\u00e1bamos definir los tipos de socio y para ello, qu\u00e9 entend\u00edamos por &#8220;profesional&#8221;. Algunos compa\u00f1eros defendieron que una persona que ejerciera otra profesi\u00f3n y adem\u00e1s la de la fotograf\u00eda deber\u00eda tener el mismo &#8220;estatus&#8221; que el que se dedica totalmente a la fotograf\u00eda.<\/p>\n<p>No estaba ni estoy de acuerdo , a ver si esas personas, por mucho que cobren correctamente por sus trabajos fotogr\u00e1ficos, pasan por estos momentos al mes, si llegan al d\u00eda 14 sin haber facturado ni un c\u00e9ntimo y sin expectativas de hacerlo, al margen de los da\u00f1os f\u00edsicos y de no de poder cogerte ni un d\u00eda de baja laboral. S\u00ed, el de la mutua &#8230;ya!!.<\/p>\n<p>\u00a1\u00a1TOCATE LOS COJONES!!<\/p>\n<p>&nbsp;<\/p>\n<p><strong>\u00a0&#8220;Un fot\u00f3grafo vale lo que su \u00faltima foto&#8221;. <\/strong>Pues esta es la m\u00eda, y no vale.<\/p>\n<p>Me voy a dar un paseo &#8230;<\/p>\n<p>&nbsp;<\/p>\n<p><img data-attachment-id=\"2729\" data-permalink=\"http:\/\/desireemartinphoto.com\/blog\/vi-las-estrellas-pero-no-las-fugaces\/spain-milky-way-space-11\/\" data-orig-file=\"http:\/\/desireemartinphoto.com\/blog\/wp-content\/uploads\/2013\/08\/Via-Lactea-13-08-2013-09.jpg\" data-orig-size=\"500,750\" data-comments-opened=\"1\" data-image-meta=\"{&quot;aperture&quot;:&quot;2.8&quot;,&quot;credit&quot;:&quot;DESIREE MARTIN&quot;,&quot;camera&quot;:&quot;Canon EOS 5D Mark II&quot;,&quot;caption&quot;:&quot;SPAIN, Tenerife: A picture of Milky Way over the electrical towers in the Fasnia\\u2019s town  on the canary island of Tenerife 14 August 2013 .AFP PHOTO\\\/DESIREE MARTIN&quot;,&quot;created_timestamp&quot;:&quot;1376439313&quot;,&quot;copyright&quot;:&quot;ImageForum&quot;,&quot;focal_length&quot;:&quot;16&quot;,&quot;iso&quot;:&quot;3200&quot;,&quot;shutter_speed&quot;:&quot;8&quot;,&quot;title&quot;:&quot;SPAIN-MILKY-WAY-SPACE&quot;}\" data-image-title=\"SPAIN-MILKY-WAY-SPACE\" data-image-description=\"&lt;p&gt;SPAIN, Tenerife: A picture of Milky Way over the electrical towers in the Fasnia\u2019s town  on the canary island of Tenerife 14 August 2013 .AFP PHOTO\/DESIREE MARTIN&lt;\/p&gt;\n\" data-medium-file=\"http:\/\/desireemartinphoto.com\/blog\/wp-content\/uploads\/2013\/08\/Via-Lactea-13-08-2013-09-200x300.jpg\" data-large-file=\"http:\/\/desireemartinphoto.com\/blog\/wp-content\/uploads\/2013\/08\/Via-Lactea-13-08-2013-09.jpg\" loading=\"lazy\" class=\"aligncenter size-full wp-image-2729\" alt=\"SPAIN-MILKY-WAY-SPACE\" src=\"http:\/\/desireemartinphoto.com\/blog\/wp-content\/uploads\/2013\/08\/Via-Lactea-13-08-2013-09.jpg\" width=\"500\" height=\"750\" srcset=\"http:\/\/desireemartinphoto.com\/blog\/wp-content\/uploads\/2013\/08\/Via-Lactea-13-08-2013-09.jpg 500w, http:\/\/desireemartinphoto.com\/blog\/wp-content\/uploads\/2013\/08\/Via-Lactea-13-08-2013-09-200x300.jpg 200w\" sizes=\"(max-width: 500px) 100vw, 500px\" \/><\/p>\n<p>&nbsp;<\/p>\n<p>&nbsp;<\/p>\n<p>&nbsp;<\/p>\n<p>&nbsp;<\/p>\n<p>&nbsp;<\/p>\n<p>&nbsp;<\/p>\n<p>&nbsp;<\/p>\n<div class=\"sharedaddy sd-sharing-enabled\"><div class=\"robots-nocontent sd-block sd-social sd-social-icon-text sd-sharing\"><h3 class=\"sd-title\">COMPARTE ESTO:<\/h3><div class=\"sd-content\"><ul><li class=\"share-facebook\"><a rel=\"nofollow noopener noreferrer\" data-shared=\"sharing-facebook-2719\" class=\"share-facebook sd-button share-icon\" href=\"http:\/\/desireemartinphoto.com\/blog\/vi-las-estrellas-pero-no-las-fugaces\/?share=facebook\" target=\"_blank\" title=\"Haz clic para compartir en Facebook\"><span>Facebook<\/span><\/a><\/li><li class=\"share-twitter\"><a rel=\"nofollow noopener noreferrer\" data-shared=\"sharing-twitter-2719\" class=\"share-twitter sd-button share-icon\" href=\"http:\/\/desireemartinphoto.com\/blog\/vi-las-estrellas-pero-no-las-fugaces\/?share=twitter\" target=\"_blank\" title=\"Haz clic para compartir en Twitter\"><span>Twitter<\/span><\/a><\/li><li class=\"share-email\"><a rel=\"nofollow noopener noreferrer\" data-shared=\"\" class=\"share-email sd-button share-icon\" href=\"http:\/\/desireemartinphoto.com\/blog\/vi-las-estrellas-pero-no-las-fugaces\/?share=email\" target=\"_blank\" title=\"Haz clic para enviar por correo electr\u00f3nico a un amigo\"><span>Correo electr\u00f3nico<\/span><\/a><\/li><li class=\"share-linkedin\"><a rel=\"nofollow noopener noreferrer\" data-shared=\"sharing-linkedin-2719\" class=\"share-linkedin sd-button share-icon\" href=\"http:\/\/desireemartinphoto.com\/blog\/vi-las-estrellas-pero-no-las-fugaces\/?share=linkedin\" target=\"_blank\" title=\"Haz clic para compartir en LinkedIn\"><span>LinkedIn<\/span><\/a><\/li><li class=\"share-tumblr\"><a rel=\"nofollow noopener noreferrer\" data-shared=\"\" class=\"share-tumblr sd-button share-icon\" href=\"http:\/\/desireemartinphoto.com\/blog\/vi-las-estrellas-pero-no-las-fugaces\/?share=tumblr\" target=\"_blank\" title=\"Haz clic para compartir en Tumblr\"><span>Tumblr<\/span><\/a><\/li><li class=\"share-end\"><\/li><\/ul><\/div><\/div><\/div>","protected":false},"excerpt":{"rendered":"<p>&nbsp; L\u00e1grimas de San Lorenzo, Las Perseidas, ofrec\u00ed el tema como reportaje a mi agencia ( AFP ) . Ok! Les interes\u00f3 el tema. PRIMER INTENTO: All\u00ed que me fui la noche del 12 para el 13 de agosto, el d\u00eda que se supone que m\u00e1s cantidad se ver\u00edan. Me baj\u00e9 unas aplicaciones para el [&#038;hellip<\/p>\n<div class=\"sharedaddy sd-sharing-enabled\"><div class=\"robots-nocontent sd-block sd-social sd-social-icon-text sd-sharing\"><h3 class=\"sd-title\">COMPARTE ESTO:<\/h3><div class=\"sd-content\"><ul><li class=\"share-facebook\"><a rel=\"nofollow noopener noreferrer\" data-shared=\"sharing-facebook-2719\" class=\"share-facebook sd-button share-icon\" href=\"http:\/\/desireemartinphoto.com\/blog\/vi-las-estrellas-pero-no-las-fugaces\/?share=facebook\" target=\"_blank\" title=\"Haz clic para compartir en Facebook\"><span>Facebook<\/span><\/a><\/li><li class=\"share-twitter\"><a rel=\"nofollow noopener noreferrer\" data-shared=\"sharing-twitter-2719\" class=\"share-twitter sd-button share-icon\" href=\"http:\/\/desireemartinphoto.com\/blog\/vi-las-estrellas-pero-no-las-fugaces\/?share=twitter\" target=\"_blank\" title=\"Haz clic para compartir en Twitter\"><span>Twitter<\/span><\/a><\/li><li class=\"share-email\"><a rel=\"nofollow noopener noreferrer\" data-shared=\"\" class=\"share-email sd-button share-icon\" href=\"http:\/\/desireemartinphoto.com\/blog\/vi-las-estrellas-pero-no-las-fugaces\/?share=email\" target=\"_blank\" title=\"Haz clic para enviar por correo electr\u00f3nico a un amigo\"><span>Correo electr\u00f3nico<\/span><\/a><\/li><li class=\"share-linkedin\"><a rel=\"nofollow noopener noreferrer\" data-shared=\"sharing-linkedin-2719\" class=\"share-linkedin sd-button share-icon\" href=\"http:\/\/desireemartinphoto.com\/blog\/vi-las-estrellas-pero-no-las-fugaces\/?share=linkedin\" target=\"_blank\" title=\"Haz clic para compartir en LinkedIn\"><span>LinkedIn<\/span><\/a><\/li><li class=\"share-tumblr\"><a rel=\"nofollow noopener noreferrer\" data-shared=\"\" class=\"share-tumblr sd-button share-icon\" href=\"http:\/\/desireemartinphoto.com\/blog\/vi-las-estrellas-pero-no-las-fugaces\/?share=tumblr\" target=\"_blank\" title=\"Haz clic para compartir en Tumblr\"><span>Tumblr<\/span><\/a><\/li><li class=\"share-end\"><\/li><\/ul><\/div><\/div><\/div>","protected":false},"author":1,"featured_media":0,"comment_status":"open","ping_status":"open","sticky":false,"template":"","format":"standard","meta":{"spay_email":""},"categories":[457],"tags":[576,597,355,167,557,6,509,362,507,592,590,354,594,595,596,172,593,591,508],"jetpack_featured_media_url":"","jetpack_sharing_enabled":true,"_links":{"self":[{"href":"http:\/\/desireemartinphoto.com\/blog\/wp-json\/wp\/v2\/posts\/2719"}],"collection":[{"href":"http:\/\/desireemartinphoto.com\/blog\/wp-json\/wp\/v2\/posts"}],"about":[{"href":"http:\/\/desireemartinphoto.com\/blog\/wp-json\/wp\/v2\/types\/post"}],"author":[{"embeddable":true,"href":"http:\/\/desireemartinphoto.com\/blog\/wp-json\/wp\/v2\/users\/1"}],"replies":[{"embeddable":true,"href":"http:\/\/desireemartinphoto.com\/blog\/wp-json\/wp\/v2\/comments?post=2719"}],"version-history":[{"count":8,"href":"http:\/\/desireemartinphoto.com\/blog\/wp-json\/wp\/v2\/posts\/2719\/revisions"}],"predecessor-version":[{"id":2749,"href":"http:\/\/desireemartinphoto.com\/blog\/wp-json\/wp\/v2\/posts\/2719\/revisions\/2749"}],"wp:attachment":[{"href":"http:\/\/desireemartinphoto.com\/blog\/wp-json\/wp\/v2\/media?parent=2719"}],"wp:term":[{"taxonomy":"category","embeddable":true,"href":"http:\/\/desireemartinphoto.com\/blog\/wp-json\/wp\/v2\/categories?post=2719"},{"taxonomy":"post_tag","embeddable":true,"href":"http:\/\/desireemartinphoto.com\/blog\/wp-json\/wp\/v2\/tags?post=2719"}],"curies":[{"name":"wp","href":"https:\/\/api.w.org\/{rel}","templated":true}]}}