{"id":2640,"date":"2013-07-02T16:43:19","date_gmt":"2013-07-02T16:43:19","guid":{"rendered":"http:\/\/desireemartinphoto.com\/blog\/?p=2640"},"modified":"2013-07-02T16:43:19","modified_gmt":"2013-07-02T16:43:19","slug":"primer-gaypride-del-ano-maspalomas-2013","status":"publish","type":"post","link":"http:\/\/desireemartinphoto.com\/blog\/primer-gaypride-del-ano-maspalomas-2013\/","title":{"rendered":"Primer GayPride del a\u00f1o, Maspalomas 2013 !!!"},"content":{"rendered":"<p>&nbsp;<\/p>\n<p>&nbsp;<\/p>\n<p>El Maspalomas Gaypride es la primera cita del a\u00f1o en Europa para transexuales, gays y lesbianas\u00a0 y se ha convertido en el destino tur\u00edstico gay l\u00edder de. Europa.<\/p>\n<p>Esta es la segunda vez que puedo asistir, la anterior fue en el a\u00f1o 2011,\u00a0 y ten\u00eda muchas expectativas al respecto &#8230;no me defraud\u00f3 ni un poquitito!!!<\/p>\n<p>A pesar del tremendo calor y de la dureza de la luz, fue todo un espect\u00e1culo.<\/p>\n<p>Estuve la noche alterior en la Gala Dragqueen hab\u00eda dormido m\u00e1s bien poco.. jajaj &#8230;un gran fin de semana. La gente, tur\u00edstas y locales, heterosexuales, bisexuales, gays, lasbianas, trans&#8230; yo qu\u00e9 se! , ni me importa, no se pudieron portar mejor conmigo.<\/p>\n<p>Una celebraci\u00f3n a la libertad sexual con much\u00edsma carga sexual, a disfrutar que lleg\u00f3 el verano!!!<\/p>\n<p>&nbsp;<\/p>\n<p>&nbsp;<\/p>\n<p><img data-attachment-id=\"2641\" data-permalink=\"http:\/\/desireemartinphoto.com\/blog\/primer-gaypride-del-ano-maspalomas-2013\/gaypride-maspalomas-2013-01\/\" data-orig-file=\"http:\/\/desireemartinphoto.com\/blog\/wp-content\/uploads\/2013\/07\/GayPride-Maspalomas-2013-01.jpg\" data-orig-size=\"500,493\" data-comments-opened=\"1\" data-image-meta=\"{&quot;aperture&quot;:&quot;22&quot;,&quot;credit&quot;:&quot;&quot;,&quot;camera&quot;:&quot;Canon EOS 5D Mark II&quot;,&quot;caption&quot;:&quot;&quot;,&quot;created_timestamp&quot;:&quot;1368288205&quot;,&quot;copyright&quot;:&quot;&quot;,&quot;focal_length&quot;:&quot;16&quot;,&quot;iso&quot;:&quot;500&quot;,&quot;shutter_speed&quot;:&quot;0.005&quot;,&quot;title&quot;:&quot;&quot;}\" data-image-title=\"GayPride Maspalomas 2013 01\" data-image-description=\"\" data-medium-file=\"http:\/\/desireemartinphoto.com\/blog\/wp-content\/uploads\/2013\/07\/GayPride-Maspalomas-2013-01-300x295.jpg\" data-large-file=\"http:\/\/desireemartinphoto.com\/blog\/wp-content\/uploads\/2013\/07\/GayPride-Maspalomas-2013-01.jpg\" loading=\"lazy\" class=\"alignleft size-full wp-image-2641\" alt=\"GayPride Maspalomas 2013 01\" src=\"http:\/\/desireemartinphoto.com\/blog\/wp-content\/uploads\/2013\/07\/GayPride-Maspalomas-2013-01.jpg\" width=\"500\" height=\"493\" srcset=\"http:\/\/desireemartinphoto.com\/blog\/wp-content\/uploads\/2013\/07\/GayPride-Maspalomas-2013-01.jpg 500w, http:\/\/desireemartinphoto.com\/blog\/wp-content\/uploads\/2013\/07\/GayPride-Maspalomas-2013-01-300x295.jpg 300w\" sizes=\"(max-width: 500px) 100vw, 500px\" \/><\/p>\n<p>&nbsp;<\/p>\n<p>&nbsp;<\/p>\n<p>&nbsp;<\/p>\n<p>&nbsp;<\/p>\n<p>&nbsp;<\/p>\n<p>&nbsp;<\/p>\n<p>&nbsp;<\/p>\n<p>&nbsp;<\/p>\n<p>&nbsp;<\/p>\n<p>&nbsp;<\/p>\n<p>&nbsp;<\/p>\n<p>&nbsp;<\/p>\n<p>&nbsp;<\/p>\n<p>&nbsp;<\/p>\n<p>&nbsp;<\/p>\n<p>&nbsp;<\/p>\n<p>&nbsp;<\/p>\n<p>&nbsp;<\/p>\n<p><img data-attachment-id=\"2642\" data-permalink=\"http:\/\/desireemartinphoto.com\/blog\/primer-gaypride-del-ano-maspalomas-2013\/gaypride-maspalomas-2013-02\/\" data-orig-file=\"http:\/\/desireemartinphoto.com\/blog\/wp-content\/uploads\/2013\/07\/GayPride-Maspalomas-2013-02.jpg\" data-orig-size=\"500,333\" data-comments-opened=\"1\" data-image-meta=\"{&quot;aperture&quot;:&quot;5.6&quot;,&quot;credit&quot;:&quot;&quot;,&quot;camera&quot;:&quot;Canon EOS 5D Mark II&quot;,&quot;caption&quot;:&quot;&quot;,&quot;created_timestamp&quot;:&quot;1368282990&quot;,&quot;copyright&quot;:&quot;&quot;,&quot;focal_length&quot;:&quot;25&quot;,&quot;iso&quot;:&quot;640&quot;,&quot;shutter_speed&quot;:&quot;0.0125&quot;,&quot;title&quot;:&quot;&quot;}\" data-image-title=\"GayPride Maspalomas 2013 02\" data-image-description=\"\" data-medium-file=\"http:\/\/desireemartinphoto.com\/blog\/wp-content\/uploads\/2013\/07\/GayPride-Maspalomas-2013-02-300x199.jpg\" data-large-file=\"http:\/\/desireemartinphoto.com\/blog\/wp-content\/uploads\/2013\/07\/GayPride-Maspalomas-2013-02.jpg\" loading=\"lazy\" class=\"alignleft size-full wp-image-2642\" alt=\"GayPride Maspalomas 2013 02\" src=\"http:\/\/desireemartinphoto.com\/blog\/wp-content\/uploads\/2013\/07\/GayPride-Maspalomas-2013-02.jpg\" width=\"500\" height=\"333\" srcset=\"http:\/\/desireemartinphoto.com\/blog\/wp-content\/uploads\/2013\/07\/GayPride-Maspalomas-2013-02.jpg 500w, http:\/\/desireemartinphoto.com\/blog\/wp-content\/uploads\/2013\/07\/GayPride-Maspalomas-2013-02-300x199.jpg 300w\" sizes=\"(max-width: 500px) 100vw, 500px\" \/><\/p>\n<p>&nbsp;<\/p>\n<p>&nbsp;<\/p>\n<p>&nbsp;<\/p>\n<p>&nbsp;<\/p>\n<p>&nbsp;<\/p>\n<p>&nbsp;<\/p>\n<p>&nbsp;<\/p>\n<p>&nbsp;<\/p>\n<p>&nbsp;<\/p>\n<p>&nbsp;<\/p>\n<p>&nbsp;<\/p>\n<p>&nbsp;<\/p>\n<p>&nbsp;<\/p>\n<p><img data-attachment-id=\"2643\" data-permalink=\"http:\/\/desireemartinphoto.com\/blog\/primer-gaypride-del-ano-maspalomas-2013\/gaypride-maspalomas-2013-03\/\" data-orig-file=\"http:\/\/desireemartinphoto.com\/blog\/wp-content\/uploads\/2013\/07\/GayPride-Maspalomas-2013-03.jpg\" data-orig-size=\"500,846\" data-comments-opened=\"1\" data-image-meta=\"{&quot;aperture&quot;:&quot;7.1&quot;,&quot;credit&quot;:&quot;&quot;,&quot;camera&quot;:&quot;Canon EOS 5D Mark II&quot;,&quot;caption&quot;:&quot;&quot;,&quot;created_timestamp&quot;:&quot;1368284601&quot;,&quot;copyright&quot;:&quot;&quot;,&quot;focal_length&quot;:&quot;165&quot;,&quot;iso&quot;:&quot;640&quot;,&quot;shutter_speed&quot;:&quot;0.0008&quot;,&quot;title&quot;:&quot;&quot;}\" data-image-title=\"GayPride Maspalomas 2013 03\" data-image-description=\"\" data-medium-file=\"http:\/\/desireemartinphoto.com\/blog\/wp-content\/uploads\/2013\/07\/GayPride-Maspalomas-2013-03-177x300.jpg\" data-large-file=\"http:\/\/desireemartinphoto.com\/blog\/wp-content\/uploads\/2013\/07\/GayPride-Maspalomas-2013-03.jpg\" loading=\"lazy\" class=\"alignleft size-full wp-image-2643\" alt=\"GayPride Maspalomas 2013 03\" src=\"http:\/\/desireemartinphoto.com\/blog\/wp-content\/uploads\/2013\/07\/GayPride-Maspalomas-2013-03.jpg\" width=\"500\" height=\"846\" srcset=\"http:\/\/desireemartinphoto.com\/blog\/wp-content\/uploads\/2013\/07\/GayPride-Maspalomas-2013-03.jpg 500w, http:\/\/desireemartinphoto.com\/blog\/wp-content\/uploads\/2013\/07\/GayPride-Maspalomas-2013-03-177x300.jpg 177w\" sizes=\"(max-width: 500px) 100vw, 500px\" \/><\/p>\n<p>&nbsp;<\/p>\n<p>&nbsp;<\/p>\n<p>&nbsp;<\/p>\n<p>&nbsp;<\/p>\n<p>&nbsp;<\/p>\n<p>&nbsp;<\/p>\n<p>&nbsp;<\/p>\n<p>&nbsp;<\/p>\n<p>&nbsp;<\/p>\n<p>&nbsp;<\/p>\n<p>&nbsp;<\/p>\n<p>&nbsp;<\/p>\n<p>&nbsp;<\/p>\n<p>&nbsp;<\/p>\n<p>&nbsp;<\/p>\n<p>&nbsp;<\/p>\n<p>&nbsp;<\/p>\n<p>&nbsp;<\/p>\n<p>&nbsp;<\/p>\n<p>&nbsp;<\/p>\n<p>&nbsp;<\/p>\n<p>&nbsp;<\/p>\n<p>&nbsp;<\/p>\n<p>&nbsp;<\/p>\n<p>&nbsp;<\/p>\n<p>&nbsp;<\/p>\n<p>&nbsp;<\/p>\n<p>&nbsp;<\/p>\n<p>&nbsp;<\/p>\n<p><img data-attachment-id=\"2644\" data-permalink=\"http:\/\/desireemartinphoto.com\/blog\/primer-gaypride-del-ano-maspalomas-2013\/gaypride-maspalomas-2013-04\/\" data-orig-file=\"http:\/\/desireemartinphoto.com\/blog\/wp-content\/uploads\/2013\/07\/GayPride-Maspalomas-2013-04.jpg\" data-orig-size=\"500,328\" data-comments-opened=\"1\" data-image-meta=\"{&quot;aperture&quot;:&quot;10&quot;,&quot;credit&quot;:&quot;&quot;,&quot;camera&quot;:&quot;Canon EOS 5D Mark II&quot;,&quot;caption&quot;:&quot;&quot;,&quot;created_timestamp&quot;:&quot;1368286008&quot;,&quot;copyright&quot;:&quot;&quot;,&quot;focal_length&quot;:&quot;20&quot;,&quot;iso&quot;:&quot;100&quot;,&quot;shutter_speed&quot;:&quot;0.004&quot;,&quot;title&quot;:&quot;&quot;}\" data-image-title=\"GayPride Maspalomas 2013 04\" data-image-description=\"\" data-medium-file=\"http:\/\/desireemartinphoto.com\/blog\/wp-content\/uploads\/2013\/07\/GayPride-Maspalomas-2013-04-300x196.jpg\" data-large-file=\"http:\/\/desireemartinphoto.com\/blog\/wp-content\/uploads\/2013\/07\/GayPride-Maspalomas-2013-04.jpg\" loading=\"lazy\" class=\"alignleft size-full wp-image-2644\" alt=\"GayPride Maspalomas 2013 04\" src=\"http:\/\/desireemartinphoto.com\/blog\/wp-content\/uploads\/2013\/07\/GayPride-Maspalomas-2013-04.jpg\" width=\"500\" height=\"328\" srcset=\"http:\/\/desireemartinphoto.com\/blog\/wp-content\/uploads\/2013\/07\/GayPride-Maspalomas-2013-04.jpg 500w, http:\/\/desireemartinphoto.com\/blog\/wp-content\/uploads\/2013\/07\/GayPride-Maspalomas-2013-04-300x196.jpg 300w\" sizes=\"(max-width: 500px) 100vw, 500px\" \/><\/p>\n<p>&nbsp;<\/p>\n<p>&nbsp;<\/p>\n<p>&nbsp;<\/p>\n<p>&nbsp;<\/p>\n<p>&nbsp;<\/p>\n<p>&nbsp;<\/p>\n<p>&nbsp;<\/p>\n<p>&nbsp;<\/p>\n<p>&nbsp;<\/p>\n<p>&nbsp;<\/p>\n<p>&nbsp;<\/p>\n<p>&nbsp;<\/p>\n<p>&nbsp;<\/p>\n<p><img data-attachment-id=\"2668\" data-permalink=\"http:\/\/desireemartinphoto.com\/blog\/primer-gaypride-del-ano-maspalomas-2013\/spain-gaypride-drag-queen-25\/\" data-orig-file=\"http:\/\/desireemartinphoto.com\/blog\/wp-content\/uploads\/2013\/07\/GayPride-Maspalomas-2013-051.jpg\" data-orig-size=\"500,415\" data-comments-opened=\"1\" data-image-meta=\"{&quot;aperture&quot;:&quot;7.1&quot;,&quot;credit&quot;:&quot;DESIREE MARTIN&quot;,&quot;camera&quot;:&quot;Canon EOS 5D Mark II&quot;,&quot;caption&quot;:&quot;Gaypride Parade of Maspalomas of Gran Canaria, on the Spanish Canary island of Gran Canaria on May 11, 2013.  AFP PHOTO \\\/ DESIREE MARTIN&quot;,&quot;created_timestamp&quot;:&quot;1368287253&quot;,&quot;copyright&quot;:&quot;AFP ImageForum&quot;,&quot;focal_length&quot;:&quot;200&quot;,&quot;iso&quot;:&quot;100&quot;,&quot;shutter_speed&quot;:&quot;0.003125&quot;,&quot;title&quot;:&quot;SPAIN-GAYPRIDE-DRAG-QUEEN&quot;}\" data-image-title=\"SPAIN-GAYPRIDE-DRAG-QUEEN\" data-image-description=\"&lt;p&gt;Gaypride Parade of Maspalomas of Gran Canaria, on the Spanish Canary island of Gran Canaria on May 11, 2013.  AFP PHOTO \/ DESIREE MARTIN&lt;\/p&gt;\n\" data-medium-file=\"http:\/\/desireemartinphoto.com\/blog\/wp-content\/uploads\/2013\/07\/GayPride-Maspalomas-2013-051-300x249.jpg\" data-large-file=\"http:\/\/desireemartinphoto.com\/blog\/wp-content\/uploads\/2013\/07\/GayPride-Maspalomas-2013-051.jpg\" loading=\"lazy\" class=\"alignleft size-full wp-image-2668\" alt=\"SPAIN-GAYPRIDE-DRAG-QUEEN\" src=\"http:\/\/desireemartinphoto.com\/blog\/wp-content\/uploads\/2013\/07\/GayPride-Maspalomas-2013-051.jpg\" width=\"500\" height=\"415\" srcset=\"http:\/\/desireemartinphoto.com\/blog\/wp-content\/uploads\/2013\/07\/GayPride-Maspalomas-2013-051.jpg 500w, http:\/\/desireemartinphoto.com\/blog\/wp-content\/uploads\/2013\/07\/GayPride-Maspalomas-2013-051-300x249.jpg 300w\" sizes=\"(max-width: 500px) 100vw, 500px\" \/><\/p>\n<p>&nbsp;<\/p>\n<p><img data-attachment-id=\"2670\" data-permalink=\"http:\/\/desireemartinphoto.com\/blog\/primer-gaypride-del-ano-maspalomas-2013\/spain-gaypride-drag-queen-27\/\" data-orig-file=\"http:\/\/desireemartinphoto.com\/blog\/wp-content\/uploads\/2013\/07\/GayPride-Maspalomas-2013-061.jpg\" data-orig-size=\"500,282\" data-comments-opened=\"1\" data-image-meta=\"{&quot;aperture&quot;:&quot;10&quot;,&quot;credit&quot;:&quot;DESIREE MARTIN&quot;,&quot;camera&quot;:&quot;Canon EOS 5D Mark II&quot;,&quot;caption&quot;:&quot;Gaypride Parade of Maspalomas of Gran Canaria, on the Spanish Canary island of Gran Canaria on May 11, 2013.  AFP PHOTO \\\/ DESIREE MARTIN&quot;,&quot;created_timestamp&quot;:&quot;1368287752&quot;,&quot;copyright&quot;:&quot;AFP ImageForum&quot;,&quot;focal_length&quot;:&quot;26&quot;,&quot;iso&quot;:&quot;100&quot;,&quot;shutter_speed&quot;:&quot;0.0025&quot;,&quot;title&quot;:&quot;SPAIN-GAYPRIDE-DRAG-QUEEN&quot;}\" data-image-title=\"SPAIN-GAYPRIDE-DRAG-QUEEN\" data-image-description=\"&lt;p&gt;Gaypride Parade of Maspalomas of Gran Canaria, on the Spanish Canary island of Gran Canaria on May 11, 2013.  AFP PHOTO \/ DESIREE MARTIN&lt;\/p&gt;\n\" data-medium-file=\"http:\/\/desireemartinphoto.com\/blog\/wp-content\/uploads\/2013\/07\/GayPride-Maspalomas-2013-061-300x169.jpg\" data-large-file=\"http:\/\/desireemartinphoto.com\/blog\/wp-content\/uploads\/2013\/07\/GayPride-Maspalomas-2013-061.jpg\" loading=\"lazy\" class=\"alignleft size-full wp-image-2670\" alt=\"SPAIN-GAYPRIDE-DRAG-QUEEN\" src=\"http:\/\/desireemartinphoto.com\/blog\/wp-content\/uploads\/2013\/07\/GayPride-Maspalomas-2013-061.jpg\" width=\"500\" height=\"282\" srcset=\"http:\/\/desireemartinphoto.com\/blog\/wp-content\/uploads\/2013\/07\/GayPride-Maspalomas-2013-061.jpg 500w, http:\/\/desireemartinphoto.com\/blog\/wp-content\/uploads\/2013\/07\/GayPride-Maspalomas-2013-061-300x169.jpg 300w\" sizes=\"(max-width: 500px) 100vw, 500px\" \/><\/p>\n<p>&nbsp;<\/p>\n<p>&nbsp;<\/p>\n<p>&nbsp;<\/p>\n<p>&nbsp;<\/p>\n<p>&nbsp;<\/p>\n<p>&nbsp;<\/p>\n<p>&nbsp;<\/p>\n<p>&nbsp;<\/p>\n<p>&nbsp;<\/p>\n<p>&nbsp;<\/p>\n<p>&nbsp;<\/p>\n<p>&nbsp;<\/p>\n<p>&nbsp;<\/p>\n<p>&nbsp;<\/p>\n<p>&nbsp;<\/p>\n<p>&nbsp;<\/p>\n<p>&nbsp;<\/p>\n<p>&nbsp;<\/p>\n<p>&nbsp;<\/p>\n<p>&nbsp;<\/p>\n<p>&nbsp;<\/p>\n<p><img data-attachment-id=\"2647\" data-permalink=\"http:\/\/desireemartinphoto.com\/blog\/primer-gaypride-del-ano-maspalomas-2013\/gaypride-maspalomas-2013-07\/\" data-orig-file=\"http:\/\/desireemartinphoto.com\/blog\/wp-content\/uploads\/2013\/07\/GayPride-Maspalomas-2013-07.jpg\" data-orig-size=\"500,452\" data-comments-opened=\"1\" data-image-meta=\"{&quot;aperture&quot;:&quot;7.1&quot;,&quot;credit&quot;:&quot;&quot;,&quot;camera&quot;:&quot;Canon EOS 5D Mark II&quot;,&quot;caption&quot;:&quot;&quot;,&quot;created_timestamp&quot;:&quot;1368284656&quot;,&quot;copyright&quot;:&quot;&quot;,&quot;focal_length&quot;:&quot;200&quot;,&quot;iso&quot;:&quot;640&quot;,&quot;shutter_speed&quot;:&quot;0.0008&quot;,&quot;title&quot;:&quot;&quot;}\" data-image-title=\"GayPride Maspalomas 2013 07\" data-image-description=\"\" data-medium-file=\"http:\/\/desireemartinphoto.com\/blog\/wp-content\/uploads\/2013\/07\/GayPride-Maspalomas-2013-07-300x271.jpg\" data-large-file=\"http:\/\/desireemartinphoto.com\/blog\/wp-content\/uploads\/2013\/07\/GayPride-Maspalomas-2013-07.jpg\" loading=\"lazy\" class=\"alignleft size-full wp-image-2647\" alt=\"GayPride Maspalomas 2013 07\" src=\"http:\/\/desireemartinphoto.com\/blog\/wp-content\/uploads\/2013\/07\/GayPride-Maspalomas-2013-07.jpg\" width=\"500\" height=\"452\" srcset=\"http:\/\/desireemartinphoto.com\/blog\/wp-content\/uploads\/2013\/07\/GayPride-Maspalomas-2013-07.jpg 500w, http:\/\/desireemartinphoto.com\/blog\/wp-content\/uploads\/2013\/07\/GayPride-Maspalomas-2013-07-300x271.jpg 300w\" sizes=\"(max-width: 500px) 100vw, 500px\" \/><\/p>\n<p>&nbsp;<\/p>\n<p>&nbsp;<\/p>\n<p>&nbsp;<\/p>\n<p>&nbsp;<\/p>\n<p>&nbsp;<\/p>\n<p>&nbsp;<\/p>\n<p>&nbsp;<\/p>\n<p>&nbsp;<\/p>\n<p>&nbsp;<\/p>\n<p>&nbsp;<\/p>\n<p>&nbsp;<\/p>\n<p>&nbsp;<\/p>\n<p>&nbsp;<\/p>\n<p>&nbsp;<\/p>\n<p>&nbsp;<\/p>\n<p>&nbsp;<\/p>\n<p>&nbsp;<\/p>\n<p><img data-attachment-id=\"2648\" data-permalink=\"http:\/\/desireemartinphoto.com\/blog\/primer-gaypride-del-ano-maspalomas-2013\/spain-gaypride-drag-queen-20\/\" data-orig-file=\"http:\/\/desireemartinphoto.com\/blog\/wp-content\/uploads\/2013\/07\/GayPride-Maspalomas-2013-08.jpg\" data-orig-size=\"500,349\" data-comments-opened=\"1\" data-image-meta=\"{&quot;aperture&quot;:&quot;10&quot;,&quot;credit&quot;:&quot;DESIREE MARTIN&quot;,&quot;camera&quot;:&quot;Canon EOS 5D Mark II&quot;,&quot;caption&quot;:&quot;Gaypride Parade of Maspalomas of Gran Canaria, on the Spanish Canary island of Gran Canaria on May 11, 2013.  AFP PHOTO \\\/ DESIREE MARTIN&quot;,&quot;created_timestamp&quot;:&quot;1368286228&quot;,&quot;copyright&quot;:&quot;AFP ImageForum&quot;,&quot;focal_length&quot;:&quot;27&quot;,&quot;iso&quot;:&quot;100&quot;,&quot;shutter_speed&quot;:&quot;0.005&quot;,&quot;title&quot;:&quot;SPAIN-GAYPRIDE-DRAG-QUEEN&quot;}\" data-image-title=\"SPAIN-GAYPRIDE-DRAG-QUEEN\" data-image-description=\"&lt;p&gt;Gaypride Parade of Maspalomas of Gran Canaria, on the Spanish Canary island of Gran Canaria on May 11, 2013.  AFP PHOTO \/ DESIREE MARTIN&lt;\/p&gt;\n\" data-medium-file=\"http:\/\/desireemartinphoto.com\/blog\/wp-content\/uploads\/2013\/07\/GayPride-Maspalomas-2013-08-300x209.jpg\" data-large-file=\"http:\/\/desireemartinphoto.com\/blog\/wp-content\/uploads\/2013\/07\/GayPride-Maspalomas-2013-08.jpg\" loading=\"lazy\" class=\"alignleft size-full wp-image-2648\" alt=\"SPAIN-GAYPRIDE-DRAG-QUEEN\" src=\"http:\/\/desireemartinphoto.com\/blog\/wp-content\/uploads\/2013\/07\/GayPride-Maspalomas-2013-08.jpg\" width=\"500\" height=\"349\" srcset=\"http:\/\/desireemartinphoto.com\/blog\/wp-content\/uploads\/2013\/07\/GayPride-Maspalomas-2013-08.jpg 500w, http:\/\/desireemartinphoto.com\/blog\/wp-content\/uploads\/2013\/07\/GayPride-Maspalomas-2013-08-300x209.jpg 300w\" sizes=\"(max-width: 500px) 100vw, 500px\" \/><\/p>\n<p>&nbsp;<\/p>\n<p>&nbsp;<\/p>\n<p>&nbsp;<\/p>\n<p>&nbsp;<\/p>\n<p>&nbsp;<\/p>\n<p>&nbsp;<\/p>\n<p>&nbsp;<\/p>\n<p>&nbsp;<\/p>\n<p>&nbsp;<\/p>\n<p>&nbsp;<\/p>\n<p>&nbsp;<\/p>\n<p>&nbsp;<\/p>\n<p>&nbsp;<\/p>\n<p>&nbsp;<\/p>\n<p><img data-attachment-id=\"2649\" data-permalink=\"http:\/\/desireemartinphoto.com\/blog\/primer-gaypride-del-ano-maspalomas-2013\/gaypride-maspalomas-2013-09\/\" data-orig-file=\"http:\/\/desireemartinphoto.com\/blog\/wp-content\/uploads\/2013\/07\/GayPride-Maspalomas-2013-09.jpg\" data-orig-size=\"500,333\" data-comments-opened=\"1\" data-image-meta=\"{&quot;aperture&quot;:&quot;10&quot;,&quot;credit&quot;:&quot;&quot;,&quot;camera&quot;:&quot;Canon EOS 5D Mark II&quot;,&quot;caption&quot;:&quot;&quot;,&quot;created_timestamp&quot;:&quot;1368286194&quot;,&quot;copyright&quot;:&quot;&quot;,&quot;focal_length&quot;:&quot;24&quot;,&quot;iso&quot;:&quot;100&quot;,&quot;shutter_speed&quot;:&quot;0.005&quot;,&quot;title&quot;:&quot;&quot;}\" data-image-title=\"GayPride Maspalomas 2013 09\" data-image-description=\"\" data-medium-file=\"http:\/\/desireemartinphoto.com\/blog\/wp-content\/uploads\/2013\/07\/GayPride-Maspalomas-2013-09-300x199.jpg\" data-large-file=\"http:\/\/desireemartinphoto.com\/blog\/wp-content\/uploads\/2013\/07\/GayPride-Maspalomas-2013-09.jpg\" loading=\"lazy\" class=\"alignleft size-full wp-image-2649\" alt=\"GayPride Maspalomas 2013 09\" src=\"http:\/\/desireemartinphoto.com\/blog\/wp-content\/uploads\/2013\/07\/GayPride-Maspalomas-2013-09.jpg\" width=\"500\" height=\"333\" srcset=\"http:\/\/desireemartinphoto.com\/blog\/wp-content\/uploads\/2013\/07\/GayPride-Maspalomas-2013-09.jpg 500w, http:\/\/desireemartinphoto.com\/blog\/wp-content\/uploads\/2013\/07\/GayPride-Maspalomas-2013-09-300x199.jpg 300w\" sizes=\"(max-width: 500px) 100vw, 500px\" \/><\/p>\n<p>&nbsp;<\/p>\n<p>&nbsp;<\/p>\n<p>&nbsp;<\/p>\n<p>&nbsp;<\/p>\n<p>&nbsp;<\/p>\n<p>&nbsp;<\/p>\n<p>&nbsp;<\/p>\n<p>&nbsp;<\/p>\n<p>&nbsp;<\/p>\n<p>&nbsp;<\/p>\n<p>&nbsp;<\/p>\n<p>&nbsp;<\/p>\n<p>&nbsp;<\/p>\n<p>&nbsp;<\/p>\n<p><img loading=\"lazy\" alt=\"SPAIN-GAYPRIDE-DRAG-QUEEN\" src=\"http:\/\/desireemartinphoto.com\/blog\/wp-content\/uploads\/2013\/07\/GayPride-Maspalomas-2013-111.jpg\" width=\"500\" height=\"356\" \/><\/p>\n<p>&nbsp;<\/p>\n<p>&nbsp;<\/p>\n<p>&nbsp;<\/p>\n<p>&nbsp;<\/p>\n<p><img data-attachment-id=\"2652\" data-permalink=\"http:\/\/desireemartinphoto.com\/blog\/primer-gaypride-del-ano-maspalomas-2013\/gaypride-maspalomas-2013-12\/\" data-orig-file=\"http:\/\/desireemartinphoto.com\/blog\/wp-content\/uploads\/2013\/07\/GayPride-Maspalomas-2013-12.jpg\" data-orig-size=\"500,370\" data-comments-opened=\"1\" data-image-meta=\"{&quot;aperture&quot;:&quot;0&quot;,&quot;credit&quot;:&quot;&quot;,&quot;camera&quot;:&quot;&quot;,&quot;caption&quot;:&quot;&quot;,&quot;created_timestamp&quot;:&quot;1372781845&quot;,&quot;copyright&quot;:&quot;&quot;,&quot;focal_length&quot;:&quot;0&quot;,&quot;iso&quot;:&quot;0&quot;,&quot;shutter_speed&quot;:&quot;0&quot;,&quot;title&quot;:&quot;&quot;}\" data-image-title=\"GayPride Maspalomas 2013 12\" data-image-description=\"\" data-medium-file=\"http:\/\/desireemartinphoto.com\/blog\/wp-content\/uploads\/2013\/07\/GayPride-Maspalomas-2013-12-300x222.jpg\" data-large-file=\"http:\/\/desireemartinphoto.com\/blog\/wp-content\/uploads\/2013\/07\/GayPride-Maspalomas-2013-12.jpg\" loading=\"lazy\" class=\"alignleft size-full wp-image-2652\" alt=\"GayPride Maspalomas 2013 12\" src=\"http:\/\/desireemartinphoto.com\/blog\/wp-content\/uploads\/2013\/07\/GayPride-Maspalomas-2013-12.jpg\" width=\"500\" height=\"370\" srcset=\"http:\/\/desireemartinphoto.com\/blog\/wp-content\/uploads\/2013\/07\/GayPride-Maspalomas-2013-12.jpg 500w, http:\/\/desireemartinphoto.com\/blog\/wp-content\/uploads\/2013\/07\/GayPride-Maspalomas-2013-12-300x222.jpg 300w\" sizes=\"(max-width: 500px) 100vw, 500px\" \/><\/p>\n<p>&nbsp;<\/p>\n<p>&nbsp;<\/p>\n<p>&nbsp;<\/p>\n<p>&nbsp;<\/p>\n<p>&nbsp;<\/p>\n<p>&nbsp;<\/p>\n<p>&nbsp;<\/p>\n<p>&nbsp;<\/p>\n<p>&nbsp;<\/p>\n<p>&nbsp;<\/p>\n<p>&nbsp;<\/p>\n<p>&nbsp;<\/p>\n<p>&nbsp;<\/p>\n<p>&nbsp;<\/p>\n<p>&nbsp;<\/p>\n<p>&nbsp;<\/p>\n<p><img data-attachment-id=\"2653\" data-permalink=\"http:\/\/desireemartinphoto.com\/blog\/primer-gaypride-del-ano-maspalomas-2013\/gaypride-maspalomas-2013-13\/\" data-orig-file=\"http:\/\/desireemartinphoto.com\/blog\/wp-content\/uploads\/2013\/07\/GayPride-Maspalomas-2013-13.jpg\" data-orig-size=\"500,414\" data-comments-opened=\"1\" data-image-meta=\"{&quot;aperture&quot;:&quot;5.6&quot;,&quot;credit&quot;:&quot;&quot;,&quot;camera&quot;:&quot;Canon EOS 5D Mark II&quot;,&quot;caption&quot;:&quot;&quot;,&quot;created_timestamp&quot;:&quot;1368286425&quot;,&quot;copyright&quot;:&quot;&quot;,&quot;focal_length&quot;:&quot;35&quot;,&quot;iso&quot;:&quot;100&quot;,&quot;shutter_speed&quot;:&quot;0.0025&quot;,&quot;title&quot;:&quot;&quot;}\" data-image-title=\"GayPride Maspalomas 2013 13\" data-image-description=\"\" data-medium-file=\"http:\/\/desireemartinphoto.com\/blog\/wp-content\/uploads\/2013\/07\/GayPride-Maspalomas-2013-13-300x248.jpg\" data-large-file=\"http:\/\/desireemartinphoto.com\/blog\/wp-content\/uploads\/2013\/07\/GayPride-Maspalomas-2013-13.jpg\" loading=\"lazy\" class=\"alignleft size-full wp-image-2653\" alt=\"GayPride Maspalomas 2013 13\" src=\"http:\/\/desireemartinphoto.com\/blog\/wp-content\/uploads\/2013\/07\/GayPride-Maspalomas-2013-13.jpg\" width=\"500\" height=\"414\" srcset=\"http:\/\/desireemartinphoto.com\/blog\/wp-content\/uploads\/2013\/07\/GayPride-Maspalomas-2013-13.jpg 500w, http:\/\/desireemartinphoto.com\/blog\/wp-content\/uploads\/2013\/07\/GayPride-Maspalomas-2013-13-300x248.jpg 300w\" sizes=\"(max-width: 500px) 100vw, 500px\" \/><\/p>\n<p>&nbsp;<\/p>\n<p>&nbsp;<\/p>\n<p>&nbsp;<\/p>\n<p>&nbsp;<\/p>\n<p>&nbsp;<\/p>\n<p>&nbsp;<\/p>\n<p>&nbsp;<\/p>\n<p>&nbsp;<\/p>\n<p>&nbsp;<\/p>\n<p>&nbsp;<\/p>\n<p>&nbsp;<\/p>\n<p>&nbsp;<\/p>\n<p>&nbsp;<\/p>\n<p>&nbsp;<\/p>\n<p>&nbsp;<\/p>\n<p>&nbsp;<\/p>\n<p><img data-attachment-id=\"2654\" data-permalink=\"http:\/\/desireemartinphoto.com\/blog\/primer-gaypride-del-ano-maspalomas-2013\/gaypride-maspalomas-2013-14\/\" data-orig-file=\"http:\/\/desireemartinphoto.com\/blog\/wp-content\/uploads\/2013\/07\/GayPride-Maspalomas-2013-14.jpg\" data-orig-size=\"500,391\" data-comments-opened=\"1\" data-image-meta=\"{&quot;aperture&quot;:&quot;10&quot;,&quot;credit&quot;:&quot;&quot;,&quot;camera&quot;:&quot;Canon EOS 5D Mark II&quot;,&quot;caption&quot;:&quot;&quot;,&quot;created_timestamp&quot;:&quot;1368286026&quot;,&quot;copyright&quot;:&quot;&quot;,&quot;focal_length&quot;:&quot;16&quot;,&quot;iso&quot;:&quot;100&quot;,&quot;shutter_speed&quot;:&quot;0.005&quot;,&quot;title&quot;:&quot;&quot;}\" data-image-title=\"GayPride Maspalomas 2013 14\" data-image-description=\"\" data-medium-file=\"http:\/\/desireemartinphoto.com\/blog\/wp-content\/uploads\/2013\/07\/GayPride-Maspalomas-2013-14-300x234.jpg\" data-large-file=\"http:\/\/desireemartinphoto.com\/blog\/wp-content\/uploads\/2013\/07\/GayPride-Maspalomas-2013-14.jpg\" loading=\"lazy\" class=\"alignleft size-full wp-image-2654\" alt=\"GayPride Maspalomas 2013 14\" src=\"http:\/\/desireemartinphoto.com\/blog\/wp-content\/uploads\/2013\/07\/GayPride-Maspalomas-2013-14.jpg\" width=\"500\" height=\"391\" srcset=\"http:\/\/desireemartinphoto.com\/blog\/wp-content\/uploads\/2013\/07\/GayPride-Maspalomas-2013-14.jpg 500w, http:\/\/desireemartinphoto.com\/blog\/wp-content\/uploads\/2013\/07\/GayPride-Maspalomas-2013-14-300x234.jpg 300w\" sizes=\"(max-width: 500px) 100vw, 500px\" \/><\/p>\n<p>&nbsp;<\/p>\n<p>&nbsp;<\/p>\n<p>&nbsp;<\/p>\n<p>&nbsp;<\/p>\n<p>&nbsp;<\/p>\n<p>&nbsp;<\/p>\n<p>&nbsp;<\/p>\n<p>&nbsp;<\/p>\n<p>&nbsp;<\/p>\n<p>&nbsp;<\/p>\n<p>&nbsp;<\/p>\n<p>&nbsp;<\/p>\n<p>&nbsp;<\/p>\n<p>&nbsp;<\/p>\n<p>&nbsp;<\/p>\n<p><img data-attachment-id=\"2655\" data-permalink=\"http:\/\/desireemartinphoto.com\/blog\/primer-gaypride-del-ano-maspalomas-2013\/gaypride-maspalomas-2013-15\/\" data-orig-file=\"http:\/\/desireemartinphoto.com\/blog\/wp-content\/uploads\/2013\/07\/GayPride-Maspalomas-2013-15.jpg\" data-orig-size=\"500,333\" data-comments-opened=\"1\" data-image-meta=\"{&quot;aperture&quot;:&quot;6.3&quot;,&quot;credit&quot;:&quot;&quot;,&quot;camera&quot;:&quot;Canon EOS 5D Mark II&quot;,&quot;caption&quot;:&quot;&quot;,&quot;created_timestamp&quot;:&quot;1368286917&quot;,&quot;copyright&quot;:&quot;&quot;,&quot;focal_length&quot;:&quot;140&quot;,&quot;iso&quot;:&quot;100&quot;,&quot;shutter_speed&quot;:&quot;0.0125&quot;,&quot;title&quot;:&quot;&quot;}\" data-image-title=\"GayPride Maspalomas 2013 15\" data-image-description=\"\" data-medium-file=\"http:\/\/desireemartinphoto.com\/blog\/wp-content\/uploads\/2013\/07\/GayPride-Maspalomas-2013-15-300x199.jpg\" data-large-file=\"http:\/\/desireemartinphoto.com\/blog\/wp-content\/uploads\/2013\/07\/GayPride-Maspalomas-2013-15.jpg\" loading=\"lazy\" class=\"alignleft size-full wp-image-2655\" alt=\"GayPride Maspalomas 2013 15\" src=\"http:\/\/desireemartinphoto.com\/blog\/wp-content\/uploads\/2013\/07\/GayPride-Maspalomas-2013-15.jpg\" width=\"500\" height=\"333\" srcset=\"http:\/\/desireemartinphoto.com\/blog\/wp-content\/uploads\/2013\/07\/GayPride-Maspalomas-2013-15.jpg 500w, http:\/\/desireemartinphoto.com\/blog\/wp-content\/uploads\/2013\/07\/GayPride-Maspalomas-2013-15-300x199.jpg 300w\" sizes=\"(max-width: 500px) 100vw, 500px\" \/><\/p>\n<p>&nbsp;<\/p>\n<p>&nbsp;<\/p>\n<p>&nbsp;<\/p>\n<p>&nbsp;<\/p>\n<p>&nbsp;<\/p>\n<p>&nbsp;<\/p>\n<p>&nbsp;<\/p>\n<p>&nbsp;<\/p>\n<p>&nbsp;<\/p>\n<p>&nbsp;<\/p>\n<p>&nbsp;<\/p>\n<p>&nbsp;<\/p>\n<p>&nbsp;<\/p>\n<p>&nbsp;<\/p>\n<p><img data-attachment-id=\"2656\" data-permalink=\"http:\/\/desireemartinphoto.com\/blog\/primer-gaypride-del-ano-maspalomas-2013\/gaypride-maspalomas-2013-16\/\" data-orig-file=\"http:\/\/desireemartinphoto.com\/blog\/wp-content\/uploads\/2013\/07\/GayPride-Maspalomas-2013-16.jpg\" data-orig-size=\"500,333\" data-comments-opened=\"1\" data-image-meta=\"{&quot;aperture&quot;:&quot;7.1&quot;,&quot;credit&quot;:&quot;&quot;,&quot;camera&quot;:&quot;Canon EOS 5D Mark II&quot;,&quot;caption&quot;:&quot;&quot;,&quot;created_timestamp&quot;:&quot;1368287229&quot;,&quot;copyright&quot;:&quot;&quot;,&quot;focal_length&quot;:&quot;200&quot;,&quot;iso&quot;:&quot;100&quot;,&quot;shutter_speed&quot;:&quot;0.003125&quot;,&quot;title&quot;:&quot;&quot;}\" data-image-title=\"GayPride Maspalomas 2013 16\" data-image-description=\"\" data-medium-file=\"http:\/\/desireemartinphoto.com\/blog\/wp-content\/uploads\/2013\/07\/GayPride-Maspalomas-2013-16-300x199.jpg\" data-large-file=\"http:\/\/desireemartinphoto.com\/blog\/wp-content\/uploads\/2013\/07\/GayPride-Maspalomas-2013-16.jpg\" loading=\"lazy\" class=\"alignleft size-full wp-image-2656\" alt=\"GayPride Maspalomas 2013 16\" src=\"http:\/\/desireemartinphoto.com\/blog\/wp-content\/uploads\/2013\/07\/GayPride-Maspalomas-2013-16.jpg\" width=\"500\" height=\"333\" srcset=\"http:\/\/desireemartinphoto.com\/blog\/wp-content\/uploads\/2013\/07\/GayPride-Maspalomas-2013-16.jpg 500w, http:\/\/desireemartinphoto.com\/blog\/wp-content\/uploads\/2013\/07\/GayPride-Maspalomas-2013-16-300x199.jpg 300w\" sizes=\"(max-width: 500px) 100vw, 500px\" \/><\/p>\n<p>&nbsp;<\/p>\n<p>&nbsp;<\/p>\n<p>&nbsp;<\/p>\n<p>&nbsp;<\/p>\n<p>&nbsp;<\/p>\n<p>&nbsp;<\/p>\n<p>&nbsp;<\/p>\n<p>&nbsp;<\/p>\n<p>&nbsp;<\/p>\n<p>&nbsp;<\/p>\n<p>&nbsp;<\/p>\n<p>&nbsp;<\/p>\n<p>&nbsp;<\/p>\n<p>&nbsp;<\/p>\n<p><img data-attachment-id=\"2657\" data-permalink=\"http:\/\/desireemartinphoto.com\/blog\/primer-gaypride-del-ano-maspalomas-2013\/gaypride-maspalomas-2013-17\/\" data-orig-file=\"http:\/\/desireemartinphoto.com\/blog\/wp-content\/uploads\/2013\/07\/GayPride-Maspalomas-2013-17.jpg\" data-orig-size=\"500,307\" data-comments-opened=\"1\" data-image-meta=\"{&quot;aperture&quot;:&quot;20&quot;,&quot;credit&quot;:&quot;&quot;,&quot;camera&quot;:&quot;Canon EOS 5D Mark II&quot;,&quot;caption&quot;:&quot;&quot;,&quot;created_timestamp&quot;:&quot;1368288562&quot;,&quot;copyright&quot;:&quot;&quot;,&quot;focal_length&quot;:&quot;200&quot;,&quot;iso&quot;:&quot;500&quot;,&quot;shutter_speed&quot;:&quot;0.01&quot;,&quot;title&quot;:&quot;&quot;}\" data-image-title=\"GayPride Maspalomas 2013 17\" data-image-description=\"\" data-medium-file=\"http:\/\/desireemartinphoto.com\/blog\/wp-content\/uploads\/2013\/07\/GayPride-Maspalomas-2013-17-300x184.jpg\" data-large-file=\"http:\/\/desireemartinphoto.com\/blog\/wp-content\/uploads\/2013\/07\/GayPride-Maspalomas-2013-17.jpg\" loading=\"lazy\" class=\"alignleft size-full wp-image-2657\" alt=\"GayPride Maspalomas 2013 17\" src=\"http:\/\/desireemartinphoto.com\/blog\/wp-content\/uploads\/2013\/07\/GayPride-Maspalomas-2013-17.jpg\" width=\"500\" height=\"307\" srcset=\"http:\/\/desireemartinphoto.com\/blog\/wp-content\/uploads\/2013\/07\/GayPride-Maspalomas-2013-17.jpg 500w, http:\/\/desireemartinphoto.com\/blog\/wp-content\/uploads\/2013\/07\/GayPride-Maspalomas-2013-17-300x184.jpg 300w\" sizes=\"(max-width: 500px) 100vw, 500px\" \/><\/p>\n<p>&nbsp;<\/p>\n<p>&nbsp;<\/p>\n<p>&nbsp;<\/p>\n<p>&nbsp;<\/p>\n<p>&nbsp;<\/p>\n<p>&nbsp;<\/p>\n<p>&nbsp;<\/p>\n<p>&nbsp;<\/p>\n<p>&nbsp;<\/p>\n<p>&nbsp;<\/p>\n<p>&nbsp;<\/p>\n<p>&nbsp;<\/p>\n<p>&nbsp;<\/p>\n<p><img data-attachment-id=\"2658\" data-permalink=\"http:\/\/desireemartinphoto.com\/blog\/primer-gaypride-del-ano-maspalomas-2013\/gaypride-maspalomas-2013-18\/\" data-orig-file=\"http:\/\/desireemartinphoto.com\/blog\/wp-content\/uploads\/2013\/07\/GayPride-Maspalomas-2013-18.jpg\" data-orig-size=\"500,390\" data-comments-opened=\"1\" data-image-meta=\"{&quot;aperture&quot;:&quot;20&quot;,&quot;credit&quot;:&quot;&quot;,&quot;camera&quot;:&quot;Canon EOS 5D Mark II&quot;,&quot;caption&quot;:&quot;&quot;,&quot;created_timestamp&quot;:&quot;1368288648&quot;,&quot;copyright&quot;:&quot;&quot;,&quot;focal_length&quot;:&quot;16&quot;,&quot;iso&quot;:&quot;500&quot;,&quot;shutter_speed&quot;:&quot;0.01&quot;,&quot;title&quot;:&quot;&quot;}\" data-image-title=\"GayPride Maspalomas 2013 18\" data-image-description=\"\" data-medium-file=\"http:\/\/desireemartinphoto.com\/blog\/wp-content\/uploads\/2013\/07\/GayPride-Maspalomas-2013-18-300x234.jpg\" data-large-file=\"http:\/\/desireemartinphoto.com\/blog\/wp-content\/uploads\/2013\/07\/GayPride-Maspalomas-2013-18.jpg\" loading=\"lazy\" class=\"alignleft size-full wp-image-2658\" alt=\"GayPride Maspalomas 2013 18\" src=\"http:\/\/desireemartinphoto.com\/blog\/wp-content\/uploads\/2013\/07\/GayPride-Maspalomas-2013-18.jpg\" width=\"500\" height=\"390\" srcset=\"http:\/\/desireemartinphoto.com\/blog\/wp-content\/uploads\/2013\/07\/GayPride-Maspalomas-2013-18.jpg 500w, http:\/\/desireemartinphoto.com\/blog\/wp-content\/uploads\/2013\/07\/GayPride-Maspalomas-2013-18-300x234.jpg 300w\" sizes=\"(max-width: 500px) 100vw, 500px\" \/><\/p>\n<p>&nbsp;<\/p>\n<p>&nbsp;<\/p>\n<p>&nbsp;<\/p>\n<p>&nbsp;<\/p>\n<p>&nbsp;<\/p>\n<p>&nbsp;<\/p>\n<p>&nbsp;<\/p>\n<p>&nbsp;<\/p>\n<p>&nbsp;<\/p>\n<p>&nbsp;<\/p>\n<p>&nbsp;<\/p>\n<p>&nbsp;<\/p>\n<p>&nbsp;<\/p>\n<p>&nbsp;<\/p>\n<p>&nbsp;<\/p>\n<p>&nbsp;<\/p>\n<p><img data-attachment-id=\"2671\" data-permalink=\"http:\/\/desireemartinphoto.com\/blog\/primer-gaypride-del-ano-maspalomas-2013\/gaypride-maspalomas-2013-19-2\/\" data-orig-file=\"http:\/\/desireemartinphoto.com\/blog\/wp-content\/uploads\/2013\/07\/GayPride-Maspalomas-2013-191.jpg\" data-orig-size=\"500,406\" data-comments-opened=\"1\" data-image-meta=\"{&quot;aperture&quot;:&quot;13&quot;,&quot;credit&quot;:&quot;&quot;,&quot;camera&quot;:&quot;Canon EOS 5D Mark II&quot;,&quot;caption&quot;:&quot;&quot;,&quot;created_timestamp&quot;:&quot;1368287936&quot;,&quot;copyright&quot;:&quot;&quot;,&quot;focal_length&quot;:&quot;16&quot;,&quot;iso&quot;:&quot;100&quot;,&quot;shutter_speed&quot;:&quot;0.0025&quot;,&quot;title&quot;:&quot;&quot;}\" data-image-title=\"GayPride Maspalomas 2013 19\" data-image-description=\"\" data-medium-file=\"http:\/\/desireemartinphoto.com\/blog\/wp-content\/uploads\/2013\/07\/GayPride-Maspalomas-2013-191-300x243.jpg\" data-large-file=\"http:\/\/desireemartinphoto.com\/blog\/wp-content\/uploads\/2013\/07\/GayPride-Maspalomas-2013-191.jpg\" loading=\"lazy\" class=\"alignleft size-full wp-image-2671\" alt=\"GayPride Maspalomas 2013 19\" src=\"http:\/\/desireemartinphoto.com\/blog\/wp-content\/uploads\/2013\/07\/GayPride-Maspalomas-2013-191.jpg\" width=\"500\" height=\"406\" srcset=\"http:\/\/desireemartinphoto.com\/blog\/wp-content\/uploads\/2013\/07\/GayPride-Maspalomas-2013-191.jpg 500w, http:\/\/desireemartinphoto.com\/blog\/wp-content\/uploads\/2013\/07\/GayPride-Maspalomas-2013-191-300x243.jpg 300w\" sizes=\"(max-width: 500px) 100vw, 500px\" \/><\/p>\n<p>&nbsp;<\/p>\n<p>&nbsp;<\/p>\n<p>&nbsp;<\/p>\n<p>&nbsp;<\/p>\n<p>&nbsp;<\/p>\n<p>&nbsp;<\/p>\n<p>&nbsp;<\/p>\n<p>&nbsp;<\/p>\n<p>&nbsp;<\/p>\n<p>&nbsp;<\/p>\n<p>&nbsp;<\/p>\n<p>&nbsp;<\/p>\n<p>&nbsp;<\/p>\n<p>&nbsp;<\/p>\n<p>&nbsp;<\/p>\n<p>&nbsp;<\/p>\n<p><img data-attachment-id=\"2660\" data-permalink=\"http:\/\/desireemartinphoto.com\/blog\/primer-gaypride-del-ano-maspalomas-2013\/gaypride-maspalomas-2013-20\/\" data-orig-file=\"http:\/\/desireemartinphoto.com\/blog\/wp-content\/uploads\/2013\/07\/GayPride-Maspalomas-2013-20.jpg\" data-orig-size=\"500,587\" data-comments-opened=\"1\" data-image-meta=\"{&quot;aperture&quot;:&quot;5.6&quot;,&quot;credit&quot;:&quot;&quot;,&quot;camera&quot;:&quot;Canon EOS 5D Mark II&quot;,&quot;caption&quot;:&quot;&quot;,&quot;created_timestamp&quot;:&quot;1368283677&quot;,&quot;copyright&quot;:&quot;&quot;,&quot;focal_length&quot;:&quot;200&quot;,&quot;iso&quot;:&quot;640&quot;,&quot;shutter_speed&quot;:&quot;0.000125&quot;,&quot;title&quot;:&quot;&quot;}\" data-image-title=\"GayPride Maspalomas 2013 20\" data-image-description=\"\" data-medium-file=\"http:\/\/desireemartinphoto.com\/blog\/wp-content\/uploads\/2013\/07\/GayPride-Maspalomas-2013-20-255x300.jpg\" data-large-file=\"http:\/\/desireemartinphoto.com\/blog\/wp-content\/uploads\/2013\/07\/GayPride-Maspalomas-2013-20.jpg\" loading=\"lazy\" class=\"alignleft size-full wp-image-2660\" alt=\"GayPride Maspalomas 2013 20\" src=\"http:\/\/desireemartinphoto.com\/blog\/wp-content\/uploads\/2013\/07\/GayPride-Maspalomas-2013-20.jpg\" width=\"500\" height=\"587\" srcset=\"http:\/\/desireemartinphoto.com\/blog\/wp-content\/uploads\/2013\/07\/GayPride-Maspalomas-2013-20.jpg 500w, http:\/\/desireemartinphoto.com\/blog\/wp-content\/uploads\/2013\/07\/GayPride-Maspalomas-2013-20-255x300.jpg 255w\" sizes=\"(max-width: 500px) 100vw, 500px\" \/><\/p>\n<p>&nbsp;<\/p>\n<p>&nbsp;<\/p>\n<p>&nbsp;<\/p>\n<p>&nbsp;<\/p>\n<p>&nbsp;<\/p>\n<p>&nbsp;<\/p>\n<p>&nbsp;<\/p>\n<p>&nbsp;<\/p>\n<p>&nbsp;<\/p>\n<p>&nbsp;<\/p>\n<p>&nbsp;<\/p>\n<p>&nbsp;<\/p>\n<p>&nbsp;<\/p>\n<p>&nbsp;<\/p>\n<p>&nbsp;<\/p>\n<p>&nbsp;<\/p>\n<p>&nbsp;<\/p>\n<p>&nbsp;<\/p>\n<p>&nbsp;<\/p>\n<p>&nbsp;<\/p>\n<p>&nbsp;<\/p>\n<p>&nbsp;<\/p>\n<p><img data-attachment-id=\"2661\" data-permalink=\"http:\/\/desireemartinphoto.com\/blog\/primer-gaypride-del-ano-maspalomas-2013\/gaypride-maspalomas-2013-21\/\" data-orig-file=\"http:\/\/desireemartinphoto.com\/blog\/wp-content\/uploads\/2013\/07\/GayPride-Maspalomas-2013-21.jpg\" data-orig-size=\"500,333\" data-comments-opened=\"1\" data-image-meta=\"{&quot;aperture&quot;:&quot;13&quot;,&quot;credit&quot;:&quot;&quot;,&quot;camera&quot;:&quot;Canon EOS 5D Mark II&quot;,&quot;caption&quot;:&quot;&quot;,&quot;created_timestamp&quot;:&quot;1368287996&quot;,&quot;copyright&quot;:&quot;&quot;,&quot;focal_length&quot;:&quot;16&quot;,&quot;iso&quot;:&quot;100&quot;,&quot;shutter_speed&quot;:&quot;0.005&quot;,&quot;title&quot;:&quot;&quot;}\" data-image-title=\"GayPride Maspalomas 2013 21\" data-image-description=\"\" data-medium-file=\"http:\/\/desireemartinphoto.com\/blog\/wp-content\/uploads\/2013\/07\/GayPride-Maspalomas-2013-21-300x199.jpg\" data-large-file=\"http:\/\/desireemartinphoto.com\/blog\/wp-content\/uploads\/2013\/07\/GayPride-Maspalomas-2013-21.jpg\" loading=\"lazy\" class=\"alignleft size-full wp-image-2661\" alt=\"GayPride Maspalomas 2013 21\" src=\"http:\/\/desireemartinphoto.com\/blog\/wp-content\/uploads\/2013\/07\/GayPride-Maspalomas-2013-21.jpg\" width=\"500\" height=\"333\" srcset=\"http:\/\/desireemartinphoto.com\/blog\/wp-content\/uploads\/2013\/07\/GayPride-Maspalomas-2013-21.jpg 500w, http:\/\/desireemartinphoto.com\/blog\/wp-content\/uploads\/2013\/07\/GayPride-Maspalomas-2013-21-300x199.jpg 300w\" sizes=\"(max-width: 500px) 100vw, 500px\" \/><\/p>\n<p>&nbsp;<\/p>\n<p>&nbsp;<\/p>\n<p>&nbsp;<\/p>\n<p>&nbsp;<\/p>\n<p>&nbsp;<\/p>\n<p>&nbsp;<\/p>\n<p>&nbsp;<\/p>\n<p>&nbsp;<\/p>\n<p>&nbsp;<\/p>\n<p>&nbsp;<\/p>\n<p>&nbsp;<\/p>\n<p>&nbsp;<\/p>\n<p>&nbsp;<\/p>\n<p>&nbsp;<\/p>\n<p><img data-attachment-id=\"2662\" data-permalink=\"http:\/\/desireemartinphoto.com\/blog\/primer-gaypride-del-ano-maspalomas-2013\/gaypride-maspalomas-2013-22\/\" data-orig-file=\"http:\/\/desireemartinphoto.com\/blog\/wp-content\/uploads\/2013\/07\/GayPride-Maspalomas-2013-22.jpg\" data-orig-size=\"500,429\" data-comments-opened=\"1\" data-image-meta=\"{&quot;aperture&quot;:&quot;13&quot;,&quot;credit&quot;:&quot;&quot;,&quot;camera&quot;:&quot;Canon EOS 5D Mark II&quot;,&quot;caption&quot;:&quot;&quot;,&quot;created_timestamp&quot;:&quot;1368288132&quot;,&quot;copyright&quot;:&quot;&quot;,&quot;focal_length&quot;:&quot;16&quot;,&quot;iso&quot;:&quot;500&quot;,&quot;shutter_speed&quot;:&quot;0.016666666666667&quot;,&quot;title&quot;:&quot;&quot;}\" data-image-title=\"GayPride Maspalomas 2013 22\" data-image-description=\"\" data-medium-file=\"http:\/\/desireemartinphoto.com\/blog\/wp-content\/uploads\/2013\/07\/GayPride-Maspalomas-2013-22-300x257.jpg\" data-large-file=\"http:\/\/desireemartinphoto.com\/blog\/wp-content\/uploads\/2013\/07\/GayPride-Maspalomas-2013-22.jpg\" loading=\"lazy\" class=\"alignleft size-full wp-image-2662\" alt=\"GayPride Maspalomas 2013 22\" src=\"http:\/\/desireemartinphoto.com\/blog\/wp-content\/uploads\/2013\/07\/GayPride-Maspalomas-2013-22.jpg\" width=\"500\" height=\"429\" srcset=\"http:\/\/desireemartinphoto.com\/blog\/wp-content\/uploads\/2013\/07\/GayPride-Maspalomas-2013-22.jpg 500w, http:\/\/desireemartinphoto.com\/blog\/wp-content\/uploads\/2013\/07\/GayPride-Maspalomas-2013-22-300x257.jpg 300w\" sizes=\"(max-width: 500px) 100vw, 500px\" \/><\/p>\n<p>&nbsp;<\/p>\n<p>&nbsp;<\/p>\n<p>&nbsp;<\/p>\n<p>&nbsp;<\/p>\n<p>&nbsp;<\/p>\n<p>&nbsp;<\/p>\n<p>&nbsp;<\/p>\n<p>&nbsp;<\/p>\n<p>&nbsp;<\/p>\n<p>&nbsp;<\/p>\n<p>&nbsp;<\/p>\n<p>&nbsp;<\/p>\n<p>&nbsp;<\/p>\n<p>&nbsp;<\/p>\n<p>&nbsp;<\/p>\n<p>&nbsp;<\/p>\n<p>&nbsp;<\/p>\n<p>&nbsp;<\/p>\n<p><img data-attachment-id=\"2663\" data-permalink=\"http:\/\/desireemartinphoto.com\/blog\/primer-gaypride-del-ano-maspalomas-2013\/gaypride-maspalomas-2013-23\/\" data-orig-file=\"http:\/\/desireemartinphoto.com\/blog\/wp-content\/uploads\/2013\/07\/GayPride-Maspalomas-2013-23.jpg\" data-orig-size=\"500,160\" data-comments-opened=\"1\" data-image-meta=\"{&quot;aperture&quot;:&quot;0&quot;,&quot;credit&quot;:&quot;&quot;,&quot;camera&quot;:&quot;&quot;,&quot;caption&quot;:&quot;&quot;,&quot;created_timestamp&quot;:&quot;1372782989&quot;,&quot;copyright&quot;:&quot;&quot;,&quot;focal_length&quot;:&quot;0&quot;,&quot;iso&quot;:&quot;0&quot;,&quot;shutter_speed&quot;:&quot;0&quot;,&quot;title&quot;:&quot;&quot;}\" data-image-title=\"GayPride Maspalomas 2013 23\" data-image-description=\"\" data-medium-file=\"http:\/\/desireemartinphoto.com\/blog\/wp-content\/uploads\/2013\/07\/GayPride-Maspalomas-2013-23-300x96.jpg\" data-large-file=\"http:\/\/desireemartinphoto.com\/blog\/wp-content\/uploads\/2013\/07\/GayPride-Maspalomas-2013-23.jpg\" loading=\"lazy\" class=\"alignleft size-full wp-image-2663\" alt=\"GayPride Maspalomas 2013 23\" src=\"http:\/\/desireemartinphoto.com\/blog\/wp-content\/uploads\/2013\/07\/GayPride-Maspalomas-2013-23.jpg\" width=\"500\" height=\"160\" srcset=\"http:\/\/desireemartinphoto.com\/blog\/wp-content\/uploads\/2013\/07\/GayPride-Maspalomas-2013-23.jpg 500w, http:\/\/desireemartinphoto.com\/blog\/wp-content\/uploads\/2013\/07\/GayPride-Maspalomas-2013-23-300x96.jpg 300w\" sizes=\"(max-width: 500px) 100vw, 500px\" \/><\/p>\n<p>&nbsp;<\/p>\n<p>&nbsp;<\/p>\n<p>&nbsp;<\/p>\n<p>&nbsp;<\/p>\n<p>&nbsp;<\/p>\n<p>&nbsp;<\/p>\n<p>&nbsp;<\/p>\n<p>&nbsp;<\/p>\n<p>&nbsp;<\/p>\n<p>&nbsp;<\/p>\n<p><img data-attachment-id=\"2664\" data-permalink=\"http:\/\/desireemartinphoto.com\/blog\/primer-gaypride-del-ano-maspalomas-2013\/gaypride-maspalomas-2013-24\/\" data-orig-file=\"http:\/\/desireemartinphoto.com\/blog\/wp-content\/uploads\/2013\/07\/GayPride-Maspalomas-2013-24.jpg\" data-orig-size=\"500,248\" data-comments-opened=\"1\" data-image-meta=\"{&quot;aperture&quot;:&quot;10&quot;,&quot;credit&quot;:&quot;&quot;,&quot;camera&quot;:&quot;Canon EOS 5D Mark II&quot;,&quot;caption&quot;:&quot;&quot;,&quot;created_timestamp&quot;:&quot;1368289877&quot;,&quot;copyright&quot;:&quot;&quot;,&quot;focal_length&quot;:&quot;31&quot;,&quot;iso&quot;:&quot;100&quot;,&quot;shutter_speed&quot;:&quot;0.008&quot;,&quot;title&quot;:&quot;&quot;}\" data-image-title=\"GayPride Maspalomas 2013 24\" data-image-description=\"\" data-medium-file=\"http:\/\/desireemartinphoto.com\/blog\/wp-content\/uploads\/2013\/07\/GayPride-Maspalomas-2013-24-300x148.jpg\" data-large-file=\"http:\/\/desireemartinphoto.com\/blog\/wp-content\/uploads\/2013\/07\/GayPride-Maspalomas-2013-24.jpg\" loading=\"lazy\" class=\"alignleft size-full wp-image-2664\" alt=\"GayPride Maspalomas 2013 24\" src=\"http:\/\/desireemartinphoto.com\/blog\/wp-content\/uploads\/2013\/07\/GayPride-Maspalomas-2013-24.jpg\" width=\"500\" height=\"248\" srcset=\"http:\/\/desireemartinphoto.com\/blog\/wp-content\/uploads\/2013\/07\/GayPride-Maspalomas-2013-24.jpg 500w, http:\/\/desireemartinphoto.com\/blog\/wp-content\/uploads\/2013\/07\/GayPride-Maspalomas-2013-24-300x148.jpg 300w\" sizes=\"(max-width: 500px) 100vw, 500px\" \/><\/p>\n<p>&nbsp;<\/p>\n<p>&nbsp;<\/p>\n<p>&nbsp;<\/p>\n<p>&nbsp;<\/p>\n<p>&nbsp;<\/p>\n<p>&nbsp;<\/p>\n<p>&nbsp;<\/p>\n<p>&nbsp;<\/p>\n<p>&nbsp;<\/p>\n<p>&nbsp;<\/p>\n<p>&nbsp;<\/p>\n<p><img data-attachment-id=\"2672\" data-permalink=\"http:\/\/desireemartinphoto.com\/blog\/primer-gaypride-del-ano-maspalomas-2013\/spain-gaypride-drag-queen-28\/\" data-orig-file=\"http:\/\/desireemartinphoto.com\/blog\/wp-content\/uploads\/2013\/07\/GayPride-Maspalomas-2013-251.jpg\" data-orig-size=\"500,327\" data-comments-opened=\"1\" data-image-meta=\"{&quot;aperture&quot;:&quot;13&quot;,&quot;credit&quot;:&quot;DESIREE MARTIN&quot;,&quot;camera&quot;:&quot;Canon EOS 5D Mark II&quot;,&quot;caption&quot;:&quot;Gaypride Parade of Maspalomas of Gran Canaria, on the Spanish Canary island of Gran Canaria on May 11, 2013.  AFP PHOTO \\\/ DESIREE MARTIN&quot;,&quot;created_timestamp&quot;:&quot;1368288054&quot;,&quot;copyright&quot;:&quot;AFP ImageForum&quot;,&quot;focal_length&quot;:&quot;16&quot;,&quot;iso&quot;:&quot;100&quot;,&quot;shutter_speed&quot;:&quot;0.005&quot;,&quot;title&quot;:&quot;SPAIN-GAYPRIDE-DRAG-QUEEN&quot;}\" data-image-title=\"SPAIN-GAYPRIDE-DRAG-QUEEN\" data-image-description=\"&lt;p&gt;Gaypride Parade of Maspalomas of Gran Canaria, on the Spanish Canary island of Gran Canaria on May 11, 2013.  AFP PHOTO \/ DESIREE MARTIN&lt;\/p&gt;\n\" data-medium-file=\"http:\/\/desireemartinphoto.com\/blog\/wp-content\/uploads\/2013\/07\/GayPride-Maspalomas-2013-251-300x196.jpg\" data-large-file=\"http:\/\/desireemartinphoto.com\/blog\/wp-content\/uploads\/2013\/07\/GayPride-Maspalomas-2013-251.jpg\" loading=\"lazy\" class=\"alignleft size-full wp-image-2672\" alt=\"SPAIN-GAYPRIDE-DRAG-QUEEN\" src=\"http:\/\/desireemartinphoto.com\/blog\/wp-content\/uploads\/2013\/07\/GayPride-Maspalomas-2013-251.jpg\" width=\"500\" height=\"327\" srcset=\"http:\/\/desireemartinphoto.com\/blog\/wp-content\/uploads\/2013\/07\/GayPride-Maspalomas-2013-251.jpg 500w, http:\/\/desireemartinphoto.com\/blog\/wp-content\/uploads\/2013\/07\/GayPride-Maspalomas-2013-251-300x196.jpg 300w\" sizes=\"(max-width: 500px) 100vw, 500px\" \/><\/p>\n<p>&nbsp;<\/p>\n<p>&nbsp;<\/p>\n<p>&nbsp;<\/p>\n<p>&nbsp;<\/p>\n<p>&nbsp;<\/p>\n<p>&nbsp;<\/p>\n<p>&nbsp;<\/p>\n<p>&nbsp;<\/p>\n<p>&nbsp;<\/p>\n<p>&nbsp;<\/p>\n<p>&nbsp;<\/p>\n<p>&nbsp;<\/p>\n<p>Con el atardecer y una carroza de canariones estupendos y estupendas me desped\u00ed del Gay Parade Maspalomas 2013.<\/p>\n<p>Besos y m\u00e1s besos a tod@s!!<\/p>\n<p>&nbsp;<\/p>\n<p>&nbsp;<\/p>\n<p><img data-attachment-id=\"2667\" data-permalink=\"http:\/\/desireemartinphoto.com\/blog\/primer-gaypride-del-ano-maspalomas-2013\/spain-gaypride-drag-queen-24\/\" data-orig-file=\"http:\/\/desireemartinphoto.com\/blog\/wp-content\/uploads\/2013\/07\/GayPride-Maspalomas-2013-101.jpg\" data-orig-size=\"500,333\" data-comments-opened=\"1\" data-image-meta=\"{&quot;aperture&quot;:&quot;10&quot;,&quot;credit&quot;:&quot;DESIREE MARTIN&quot;,&quot;camera&quot;:&quot;Canon EOS 5D Mark II&quot;,&quot;caption&quot;:&quot;Gaypride Parade of Maspalomas of Gran Canaria, on the Spanish Canary island of Gran Canaria on May 11, 2013.  AFP PHOTO \\\/ DESIREE MARTIN&quot;,&quot;created_timestamp&quot;:&quot;1368294560&quot;,&quot;copyright&quot;:&quot;AFP ImageForum&quot;,&quot;focal_length&quot;:&quot;23&quot;,&quot;iso&quot;:&quot;100&quot;,&quot;shutter_speed&quot;:&quot;0.066666666666667&quot;,&quot;title&quot;:&quot;SPAIN-GAYPRIDE-DRAG-QUEEN&quot;}\" data-image-title=\"SPAIN-GAYPRIDE-DRAG-QUEEN\" data-image-description=\"&lt;p&gt;Gaypride Parade of Maspalomas of Gran Canaria, on the Spanish Canary island of Gran Canaria on May 11, 2013.  AFP PHOTO \/ DESIREE MARTIN&lt;\/p&gt;\n\" data-medium-file=\"http:\/\/desireemartinphoto.com\/blog\/wp-content\/uploads\/2013\/07\/GayPride-Maspalomas-2013-101-300x199.jpg\" data-large-file=\"http:\/\/desireemartinphoto.com\/blog\/wp-content\/uploads\/2013\/07\/GayPride-Maspalomas-2013-101.jpg\" loading=\"lazy\" class=\"alignleft size-full wp-image-2667\" alt=\"SPAIN-GAYPRIDE-DRAG-QUEEN\" src=\"http:\/\/desireemartinphoto.com\/blog\/wp-content\/uploads\/2013\/07\/GayPride-Maspalomas-2013-101.jpg\" width=\"500\" height=\"333\" srcset=\"http:\/\/desireemartinphoto.com\/blog\/wp-content\/uploads\/2013\/07\/GayPride-Maspalomas-2013-101.jpg 500w, http:\/\/desireemartinphoto.com\/blog\/wp-content\/uploads\/2013\/07\/GayPride-Maspalomas-2013-101-300x199.jpg 300w\" sizes=\"(max-width: 500px) 100vw, 500px\" \/><\/p>\n<div class=\"sharedaddy sd-sharing-enabled\"><div class=\"robots-nocontent sd-block sd-social sd-social-icon-text sd-sharing\"><h3 class=\"sd-title\">COMPARTE ESTO:<\/h3><div class=\"sd-content\"><ul><li class=\"share-facebook\"><a rel=\"nofollow noopener noreferrer\" data-shared=\"sharing-facebook-2640\" class=\"share-facebook sd-button share-icon\" href=\"http:\/\/desireemartinphoto.com\/blog\/primer-gaypride-del-ano-maspalomas-2013\/?share=facebook\" target=\"_blank\" title=\"Haz clic para compartir en Facebook\"><span>Facebook<\/span><\/a><\/li><li class=\"share-twitter\"><a rel=\"nofollow noopener noreferrer\" data-shared=\"sharing-twitter-2640\" class=\"share-twitter sd-button share-icon\" href=\"http:\/\/desireemartinphoto.com\/blog\/primer-gaypride-del-ano-maspalomas-2013\/?share=twitter\" target=\"_blank\" title=\"Haz clic para compartir en Twitter\"><span>Twitter<\/span><\/a><\/li><li class=\"share-email\"><a rel=\"nofollow noopener noreferrer\" data-shared=\"\" class=\"share-email sd-button share-icon\" href=\"http:\/\/desireemartinphoto.com\/blog\/primer-gaypride-del-ano-maspalomas-2013\/?share=email\" target=\"_blank\" title=\"Haz clic para enviar por correo electr\u00f3nico a un amigo\"><span>Correo electr\u00f3nico<\/span><\/a><\/li><li class=\"share-linkedin\"><a rel=\"nofollow noopener noreferrer\" data-shared=\"sharing-linkedin-2640\" class=\"share-linkedin sd-button share-icon\" href=\"http:\/\/desireemartinphoto.com\/blog\/primer-gaypride-del-ano-maspalomas-2013\/?share=linkedin\" target=\"_blank\" title=\"Haz clic para compartir en LinkedIn\"><span>LinkedIn<\/span><\/a><\/li><li class=\"share-tumblr\"><a rel=\"nofollow noopener noreferrer\" data-shared=\"\" class=\"share-tumblr sd-button share-icon\" href=\"http:\/\/desireemartinphoto.com\/blog\/primer-gaypride-del-ano-maspalomas-2013\/?share=tumblr\" target=\"_blank\" title=\"Haz clic para compartir en Tumblr\"><span>Tumblr<\/span><\/a><\/li><li class=\"share-end\"><\/li><\/ul><\/div><\/div><\/div>","protected":false},"excerpt":{"rendered":"<p>&nbsp; &nbsp; El Maspalomas Gaypride es la primera cita del a\u00f1o en Europa para transexuales, gays y lesbianas\u00a0 y se ha convertido en el destino tur\u00edstico gay l\u00edder de. Europa. Esta es la segunda vez que puedo asistir, la anterior fue en el a\u00f1o 2011,\u00a0 y ten\u00eda muchas expectativas al respecto &#8230;no me defraud\u00f3 ni [&#038;hellip<\/p>\n<div class=\"sharedaddy sd-sharing-enabled\"><div class=\"robots-nocontent sd-block sd-social sd-social-icon-text sd-sharing\"><h3 class=\"sd-title\">COMPARTE ESTO:<\/h3><div class=\"sd-content\"><ul><li class=\"share-facebook\"><a rel=\"nofollow noopener noreferrer\" data-shared=\"sharing-facebook-2640\" class=\"share-facebook sd-button share-icon\" href=\"http:\/\/desireemartinphoto.com\/blog\/primer-gaypride-del-ano-maspalomas-2013\/?share=facebook\" target=\"_blank\" title=\"Haz clic para compartir en Facebook\"><span>Facebook<\/span><\/a><\/li><li class=\"share-twitter\"><a rel=\"nofollow noopener noreferrer\" data-shared=\"sharing-twitter-2640\" class=\"share-twitter sd-button share-icon\" href=\"http:\/\/desireemartinphoto.com\/blog\/primer-gaypride-del-ano-maspalomas-2013\/?share=twitter\" target=\"_blank\" title=\"Haz clic para compartir en Twitter\"><span>Twitter<\/span><\/a><\/li><li class=\"share-email\"><a rel=\"nofollow noopener noreferrer\" data-shared=\"\" class=\"share-email sd-button share-icon\" href=\"http:\/\/desireemartinphoto.com\/blog\/primer-gaypride-del-ano-maspalomas-2013\/?share=email\" target=\"_blank\" title=\"Haz clic para enviar por correo electr\u00f3nico a un amigo\"><span>Correo electr\u00f3nico<\/span><\/a><\/li><li class=\"share-linkedin\"><a rel=\"nofollow noopener noreferrer\" data-shared=\"sharing-linkedin-2640\" class=\"share-linkedin sd-button share-icon\" href=\"http:\/\/desireemartinphoto.com\/blog\/primer-gaypride-del-ano-maspalomas-2013\/?share=linkedin\" target=\"_blank\" title=\"Haz clic para compartir en LinkedIn\"><span>LinkedIn<\/span><\/a><\/li><li class=\"share-tumblr\"><a rel=\"nofollow noopener noreferrer\" data-shared=\"\" class=\"share-tumblr sd-button share-icon\" href=\"http:\/\/desireemartinphoto.com\/blog\/primer-gaypride-del-ano-maspalomas-2013\/?share=tumblr\" target=\"_blank\" title=\"Haz clic para compartir en Tumblr\"><span>Tumblr<\/span><\/a><\/li><li class=\"share-end\"><\/li><\/ul><\/div><\/div><\/div>","protected":false},"author":1,"featured_media":0,"comment_status":"open","ping_status":"open","sticky":false,"template":"","format":"standard","meta":{"spay_email":""},"categories":[1],"tags":[563,550,39,355,5,89,546,453,561,90,566,362,548,564,562,354,567,565,568],"jetpack_featured_media_url":"","jetpack_sharing_enabled":true,"_links":{"self":[{"href":"http:\/\/desireemartinphoto.com\/blog\/wp-json\/wp\/v2\/posts\/2640"}],"collection":[{"href":"http:\/\/desireemartinphoto.com\/blog\/wp-json\/wp\/v2\/posts"}],"about":[{"href":"http:\/\/desireemartinphoto.com\/blog\/wp-json\/wp\/v2\/types\/post"}],"author":[{"embeddable":true,"href":"http:\/\/desireemartinphoto.com\/blog\/wp-json\/wp\/v2\/users\/1"}],"replies":[{"embeddable":true,"href":"http:\/\/desireemartinphoto.com\/blog\/wp-json\/wp\/v2\/comments?post=2640"}],"version-history":[{"count":6,"href":"http:\/\/desireemartinphoto.com\/blog\/wp-json\/wp\/v2\/posts\/2640\/revisions"}],"predecessor-version":[{"id":2677,"href":"http:\/\/desireemartinphoto.com\/blog\/wp-json\/wp\/v2\/posts\/2640\/revisions\/2677"}],"wp:attachment":[{"href":"http:\/\/desireemartinphoto.com\/blog\/wp-json\/wp\/v2\/media?parent=2640"}],"wp:term":[{"taxonomy":"category","embeddable":true,"href":"http:\/\/desireemartinphoto.com\/blog\/wp-json\/wp\/v2\/categories?post=2640"},{"taxonomy":"post_tag","embeddable":true,"href":"http:\/\/desireemartinphoto.com\/blog\/wp-json\/wp\/v2\/tags?post=2640"}],"curies":[{"name":"wp","href":"https:\/\/api.w.org\/{rel}","templated":true}]}}