{"id":2627,"date":"2013-06-30T13:01:20","date_gmt":"2013-06-30T13:01:20","guid":{"rendered":"http:\/\/desireemartinphoto.com\/blog\/?p=2627"},"modified":"2013-06-30T13:01:20","modified_gmt":"2013-06-30T13:01:20","slug":"supermoon-2013","status":"publish","type":"post","link":"http:\/\/desireemartinphoto.com\/blog\/supermoon-2013\/","title":{"rendered":"SuperMOON 2013"},"content":{"rendered":"<p>&nbsp;<\/p>\n<p>El pasado 22 de junio , sobre las 20h, sali\u00f3 la superluna del 2013. Un fen\u00f3meno que se da en el instante en el que la luna est\u00e1 m\u00e1s cerca de la tierra, esta vez, se vi\u00f3 un 14% m\u00e1s grande y al rededor de un 30% m\u00e1s luminosa.<\/p>\n<p>Estuve todo un d\u00eda pensando en cu\u00e1l ser\u00eda el lugar m\u00e1s adecuado para hacer las fotograf\u00edas e intentando entender una aplicaci\u00f3n para m\u00f3vil que me ayudar\u00eda a ello.<\/p>\n<p>ENSAYO-ERROR, en \u00e9sto solo tengo una oportunidad y apenas unos minutos.. as\u00ed que.. a esperar al 2018 para mejorar la toma.<\/p>\n<p>&nbsp;<\/p>\n<p>&nbsp;<\/p>\n<p><img loading=\"lazy\" alt=\"SPAIN-FULLMOON-SUPERMOON\" src=\"http:\/\/desireemartinphoto.com\/blog\/wp-content\/uploads\/2013\/06\/Dm-SuperLuna-2013-BLOG-01.jpg\" width=\"500\" height=\"282\" \/><\/p>\n<p>Precioso lugar, Poris de Abona, Arico.<\/p>\n<p>&nbsp;<\/p>\n<p><img loading=\"lazy\" alt=\"SPAIN-FULLMOON-SUPERMOON\" src=\"http:\/\/desireemartinphoto.com\/blog\/wp-content\/uploads\/2013\/06\/Dm-SuperLuna-2013-BLOG-02.jpg\" width=\"500\" height=\"389\" \/><\/p>\n<p>&nbsp;<\/p>\n<p><img data-attachment-id=\"2632\" data-permalink=\"http:\/\/desireemartinphoto.com\/blog\/supermoon-2013\/spain-fullmoon-supermoon-2\/\" data-orig-file=\"http:\/\/desireemartinphoto.com\/blog\/wp-content\/uploads\/2013\/06\/Dm-SuperLuna-2013-BLOG-03.jpg\" data-orig-size=\"500,264\" data-comments-opened=\"1\" data-image-meta=\"{&quot;aperture&quot;:&quot;5.6&quot;,&quot;credit&quot;:&quot;DESIREE MARTIN&quot;,&quot;camera&quot;:&quot;Canon EOS 5D Mark II&quot;,&quot;caption&quot;:&quot;SPAIN: Tenerife; The moon in its maximum approach to the Earth, on the Spanish Canary island of Tenerife on June 20, 2013. Desiree Martin \\\/AFP PHOTO&quot;,&quot;created_timestamp&quot;:&quot;1371929712&quot;,&quot;copyright&quot;:&quot;ImageForum&quot;,&quot;focal_length&quot;:&quot;110&quot;,&quot;iso&quot;:&quot;400&quot;,&quot;shutter_speed&quot;:&quot;0.00025&quot;,&quot;title&quot;:&quot;SPAIN-FULLMOON-SUPERMOON&quot;}\" data-image-title=\"SPAIN-FULLMOON-SUPERMOON\" data-image-description=\"&lt;p&gt;SPAIN: Tenerife; The moon in its maximum approach to the Earth, on the Spanish Canary island of Tenerife on June 20, 2013. Desiree Martin \/AFP PHOTO&lt;\/p&gt;\n\" data-medium-file=\"http:\/\/desireemartinphoto.com\/blog\/wp-content\/uploads\/2013\/06\/Dm-SuperLuna-2013-BLOG-03-300x158.jpg\" data-large-file=\"http:\/\/desireemartinphoto.com\/blog\/wp-content\/uploads\/2013\/06\/Dm-SuperLuna-2013-BLOG-03.jpg\" loading=\"lazy\" class=\"aligncenter size-full wp-image-2632\" alt=\"SPAIN-FULLMOON-SUPERMOON\" src=\"http:\/\/desireemartinphoto.com\/blog\/wp-content\/uploads\/2013\/06\/Dm-SuperLuna-2013-BLOG-03.jpg\" width=\"500\" height=\"264\" srcset=\"http:\/\/desireemartinphoto.com\/blog\/wp-content\/uploads\/2013\/06\/Dm-SuperLuna-2013-BLOG-03.jpg 500w, http:\/\/desireemartinphoto.com\/blog\/wp-content\/uploads\/2013\/06\/Dm-SuperLuna-2013-BLOG-03-300x158.jpg 300w\" sizes=\"(max-width: 500px) 100vw, 500px\" \/><\/p>\n<p>&nbsp;<\/p>\n<p><img loading=\"lazy\" alt=\"SPAIN-FULLMOON-SUPERMOON\" src=\"http:\/\/desireemartinphoto.com\/blog\/wp-content\/uploads\/2013\/06\/Dm-SuperLuna-2013-BLOG-04.jpg\" width=\"500\" height=\"314\" \/><\/p>\n<p>&nbsp;<\/p>\n<p><img loading=\"lazy\" alt=\"SPAIN-FULLMOON-SUPERMOON\" src=\"http:\/\/desireemartinphoto.com\/blog\/wp-content\/uploads\/2013\/06\/Dm-SuperLuna-2013-BLOG-05.jpg\" width=\"500\" height=\"333\" \/><\/p>\n<p>&nbsp;<\/p>\n<p><img data-attachment-id=\"2633\" data-permalink=\"http:\/\/desireemartinphoto.com\/blog\/supermoon-2013\/spain-fullmoon-supermoon-3\/\" data-orig-file=\"http:\/\/desireemartinphoto.com\/blog\/wp-content\/uploads\/2013\/06\/Dm-SuperLuna-2013-BLOG-06.jpg\" data-orig-size=\"500,333\" data-comments-opened=\"1\" data-image-meta=\"{&quot;aperture&quot;:&quot;20&quot;,&quot;credit&quot;:&quot;DESIREE MARTIN&quot;,&quot;camera&quot;:&quot;Canon EOS 5D Mark II&quot;,&quot;caption&quot;:&quot;SPAIN: Tenerife; The moon in its maximum approach to the Earth, on the Spanish Canary island of Tenerife on June 20, 2013. Desiree Martin \\\/AFP PHOTO&quot;,&quot;created_timestamp&quot;:&quot;1371931293&quot;,&quot;copyright&quot;:&quot;ImageForum&quot;,&quot;focal_length&quot;:&quot;190&quot;,&quot;iso&quot;:&quot;800&quot;,&quot;shutter_speed&quot;:&quot;0.02&quot;,&quot;title&quot;:&quot;SPAIN-FULLMOON-SUPERMOON&quot;}\" data-image-title=\"SPAIN-FULLMOON-SUPERMOON\" data-image-description=\"&lt;p&gt;SPAIN: Tenerife; The moon in its maximum approach to the Earth, on the Spanish Canary island of Tenerife on June 20, 2013. Desiree Martin \/AFP PHOTO&lt;\/p&gt;\n\" data-medium-file=\"http:\/\/desireemartinphoto.com\/blog\/wp-content\/uploads\/2013\/06\/Dm-SuperLuna-2013-BLOG-06-300x199.jpg\" data-large-file=\"http:\/\/desireemartinphoto.com\/blog\/wp-content\/uploads\/2013\/06\/Dm-SuperLuna-2013-BLOG-06.jpg\" loading=\"lazy\" class=\"aligncenter size-full wp-image-2633\" alt=\"SPAIN-FULLMOON-SUPERMOON\" src=\"http:\/\/desireemartinphoto.com\/blog\/wp-content\/uploads\/2013\/06\/Dm-SuperLuna-2013-BLOG-06.jpg\" width=\"500\" height=\"333\" srcset=\"http:\/\/desireemartinphoto.com\/blog\/wp-content\/uploads\/2013\/06\/Dm-SuperLuna-2013-BLOG-06.jpg 500w, http:\/\/desireemartinphoto.com\/blog\/wp-content\/uploads\/2013\/06\/Dm-SuperLuna-2013-BLOG-06-300x199.jpg 300w\" sizes=\"(max-width: 500px) 100vw, 500px\" \/><\/p>\n<p>&nbsp;<\/p>\n<p>&nbsp;<\/p>\n<p>&nbsp;<\/p>\n<p>&nbsp;<\/p>\n<p>&nbsp;<\/p>\n<p>&nbsp;<\/p>\n<div class=\"sharedaddy sd-sharing-enabled\"><div class=\"robots-nocontent sd-block sd-social sd-social-icon-text sd-sharing\"><h3 class=\"sd-title\">COMPARTE ESTO:<\/h3><div class=\"sd-content\"><ul><li class=\"share-facebook\"><a rel=\"nofollow noopener noreferrer\" data-shared=\"sharing-facebook-2627\" class=\"share-facebook sd-button share-icon\" href=\"http:\/\/desireemartinphoto.com\/blog\/supermoon-2013\/?share=facebook\" target=\"_blank\" title=\"Haz clic para compartir en Facebook\"><span>Facebook<\/span><\/a><\/li><li class=\"share-twitter\"><a rel=\"nofollow noopener noreferrer\" data-shared=\"sharing-twitter-2627\" class=\"share-twitter sd-button share-icon\" href=\"http:\/\/desireemartinphoto.com\/blog\/supermoon-2013\/?share=twitter\" target=\"_blank\" title=\"Haz clic para compartir en Twitter\"><span>Twitter<\/span><\/a><\/li><li class=\"share-email\"><a rel=\"nofollow noopener noreferrer\" data-shared=\"\" class=\"share-email sd-button share-icon\" href=\"http:\/\/desireemartinphoto.com\/blog\/supermoon-2013\/?share=email\" target=\"_blank\" title=\"Haz clic para enviar por correo electr\u00f3nico a un amigo\"><span>Correo electr\u00f3nico<\/span><\/a><\/li><li class=\"share-linkedin\"><a rel=\"nofollow noopener noreferrer\" data-shared=\"sharing-linkedin-2627\" class=\"share-linkedin sd-button share-icon\" href=\"http:\/\/desireemartinphoto.com\/blog\/supermoon-2013\/?share=linkedin\" target=\"_blank\" title=\"Haz clic para compartir en LinkedIn\"><span>LinkedIn<\/span><\/a><\/li><li class=\"share-tumblr\"><a rel=\"nofollow noopener noreferrer\" data-shared=\"\" class=\"share-tumblr sd-button share-icon\" href=\"http:\/\/desireemartinphoto.com\/blog\/supermoon-2013\/?share=tumblr\" target=\"_blank\" title=\"Haz clic para compartir en Tumblr\"><span>Tumblr<\/span><\/a><\/li><li class=\"share-end\"><\/li><\/ul><\/div><\/div><\/div>","protected":false},"excerpt":{"rendered":"<p>&nbsp; El pasado 22 de junio , sobre las 20h, sali\u00f3 la superluna del 2013. Un fen\u00f3meno que se da en el instante en el que la luna est\u00e1 m\u00e1s cerca de la tierra, esta vez, se vi\u00f3 un 14% m\u00e1s grande y al rededor de un 30% m\u00e1s luminosa. Estuve todo un d\u00eda pensando [&#038;hellip<\/p>\n<div class=\"sharedaddy sd-sharing-enabled\"><div class=\"robots-nocontent sd-block sd-social sd-social-icon-text sd-sharing\"><h3 class=\"sd-title\">COMPARTE ESTO:<\/h3><div class=\"sd-content\"><ul><li class=\"share-facebook\"><a rel=\"nofollow noopener noreferrer\" data-shared=\"sharing-facebook-2627\" class=\"share-facebook sd-button share-icon\" href=\"http:\/\/desireemartinphoto.com\/blog\/supermoon-2013\/?share=facebook\" target=\"_blank\" title=\"Haz clic para compartir en Facebook\"><span>Facebook<\/span><\/a><\/li><li class=\"share-twitter\"><a rel=\"nofollow noopener noreferrer\" data-shared=\"sharing-twitter-2627\" class=\"share-twitter sd-button share-icon\" href=\"http:\/\/desireemartinphoto.com\/blog\/supermoon-2013\/?share=twitter\" target=\"_blank\" title=\"Haz clic para compartir en Twitter\"><span>Twitter<\/span><\/a><\/li><li class=\"share-email\"><a rel=\"nofollow noopener noreferrer\" data-shared=\"\" class=\"share-email sd-button share-icon\" href=\"http:\/\/desireemartinphoto.com\/blog\/supermoon-2013\/?share=email\" target=\"_blank\" title=\"Haz clic para enviar por correo electr\u00f3nico a un amigo\"><span>Correo electr\u00f3nico<\/span><\/a><\/li><li class=\"share-linkedin\"><a rel=\"nofollow noopener noreferrer\" data-shared=\"sharing-linkedin-2627\" class=\"share-linkedin sd-button share-icon\" href=\"http:\/\/desireemartinphoto.com\/blog\/supermoon-2013\/?share=linkedin\" target=\"_blank\" title=\"Haz clic para compartir en LinkedIn\"><span>LinkedIn<\/span><\/a><\/li><li class=\"share-tumblr\"><a rel=\"nofollow noopener noreferrer\" data-shared=\"\" class=\"share-tumblr sd-button share-icon\" href=\"http:\/\/desireemartinphoto.com\/blog\/supermoon-2013\/?share=tumblr\" target=\"_blank\" title=\"Haz clic para compartir en Tumblr\"><span>Tumblr<\/span><\/a><\/li><li class=\"share-end\"><\/li><\/ul><\/div><\/div><\/div>","protected":false},"author":1,"featured_media":0,"comment_status":"open","ping_status":"open","sticky":false,"template":"","format":"standard","meta":{"spay_email":""},"categories":[1],"tags":[513,556,560,78,557,558,152,174,559,172,554,555],"jetpack_featured_media_url":"","jetpack_sharing_enabled":true,"_links":{"self":[{"href":"http:\/\/desireemartinphoto.com\/blog\/wp-json\/wp\/v2\/posts\/2627"}],"collection":[{"href":"http:\/\/desireemartinphoto.com\/blog\/wp-json\/wp\/v2\/posts"}],"about":[{"href":"http:\/\/desireemartinphoto.com\/blog\/wp-json\/wp\/v2\/types\/post"}],"author":[{"embeddable":true,"href":"http:\/\/desireemartinphoto.com\/blog\/wp-json\/wp\/v2\/users\/1"}],"replies":[{"embeddable":true,"href":"http:\/\/desireemartinphoto.com\/blog\/wp-json\/wp\/v2\/comments?post=2627"}],"version-history":[{"count":3,"href":"http:\/\/desireemartinphoto.com\/blog\/wp-json\/wp\/v2\/posts\/2627\/revisions"}],"predecessor-version":[{"id":2639,"href":"http:\/\/desireemartinphoto.com\/blog\/wp-json\/wp\/v2\/posts\/2627\/revisions\/2639"}],"wp:attachment":[{"href":"http:\/\/desireemartinphoto.com\/blog\/wp-json\/wp\/v2\/media?parent=2627"}],"wp:term":[{"taxonomy":"category","embeddable":true,"href":"http:\/\/desireemartinphoto.com\/blog\/wp-json\/wp\/v2\/categories?post=2627"},{"taxonomy":"post_tag","embeddable":true,"href":"http:\/\/desireemartinphoto.com\/blog\/wp-json\/wp\/v2\/tags?post=2627"}],"curies":[{"name":"wp","href":"https:\/\/api.w.org\/{rel}","templated":true}]}}