{"id":251,"date":"2010-06-14T06:55:52","date_gmt":"2010-06-14T06:55:52","guid":{"rendered":"http:\/\/desireemartinphoto.com\/blog\/?p=251"},"modified":"2010-06-14T06:55:52","modified_gmt":"2010-06-14T06:55:52","slug":"alfombras-del-corpus-christi-la-orotava-2010","status":"publish","type":"post","link":"http:\/\/desireemartinphoto.com\/blog\/alfombras-del-corpus-christi-la-orotava-2010\/","title":{"rendered":"ALFOMBRAS del Corpus Christi &#8211; La Orotava 2010"},"content":{"rendered":"<p>Hace cuatro a\u00f1os comenc\u00e9 un visit\u00e9 , por primera vez, las Alfombras del Corpus de La Orotava.<\/p>\n<p>Recuerdo que entre la llegada de cayucos &#8230; entre uno y otro..\u00a0 &#8220;me daba un salto&#8221; de unos 150 kilometros para ver la elaboraci\u00f3n de estas alfombras. Me qued\u00e9 fascinada de este arte ef\u00edmero y de las manos que lo elaboraban.<\/p>\n<p>Este a\u00f1o pretend\u00eda seguir con el tema pera la lluvia ..casi , casi &#8230; lo impidi\u00f3. Lo cierto es que como me dec\u00edan muchos de los alfombristas, &#8220;este a\u00f1o fueron algo deslucidas&#8221; &#8230;pero a pesar de todo, se plantaron bajo la llovizna implacable y acudieron a su cita anual.<\/p>\n<p>El a\u00f1o que viene ser\u00e1 otra oportunidad, la de este a\u00f1o , esto es lo que di\u00f3 de si, \u00a1\u00a1 sin disculpas!!.<\/p>\n<p><img data-attachment-id=\"252\" data-permalink=\"http:\/\/desireemartinphoto.com\/blog\/alfombras-del-corpus-christi-la-orotava-2010\/dm-alfombras-orotava-2010-blog-01\/\" data-orig-file=\"http:\/\/desireemartinphoto.com\/blog\/wp-content\/uploads\/2010\/06\/DM-Alfombras-Orotava-2010-blog-01.jpg\" data-orig-size=\"550,351\" data-comments-opened=\"1\" data-image-meta=\"{&quot;aperture&quot;:&quot;5&quot;,&quot;credit&quot;:&quot;&quot;,&quot;camera&quot;:&quot;Canon EOS 5D Mark II&quot;,&quot;caption&quot;:&quot;&quot;,&quot;created_timestamp&quot;:&quot;1276113198&quot;,&quot;copyright&quot;:&quot;&quot;,&quot;focal_length&quot;:&quot;85&quot;,&quot;iso&quot;:&quot;1600&quot;,&quot;shutter_speed&quot;:&quot;0.025&quot;,&quot;title&quot;:&quot;&quot;}\" data-image-title=\"DM-Alfombras-Orotava-2010-blog-01\" data-image-description=\"\" data-medium-file=\"http:\/\/desireemartinphoto.com\/blog\/wp-content\/uploads\/2010\/06\/DM-Alfombras-Orotava-2010-blog-01-300x191.jpg\" data-large-file=\"http:\/\/desireemartinphoto.com\/blog\/wp-content\/uploads\/2010\/06\/DM-Alfombras-Orotava-2010-blog-01.jpg\" loading=\"lazy\" class=\"alignnone size-full wp-image-252\" src=\"http:\/\/desireemartinphoto.com\/blog\/wp-content\/uploads\/2010\/06\/DM-Alfombras-Orotava-2010-blog-01.jpg\" alt=\"\" width=\"550\" height=\"351\" srcset=\"http:\/\/desireemartinphoto.com\/blog\/wp-content\/uploads\/2010\/06\/DM-Alfombras-Orotava-2010-blog-01.jpg 550w, http:\/\/desireemartinphoto.com\/blog\/wp-content\/uploads\/2010\/06\/DM-Alfombras-Orotava-2010-blog-01-300x191.jpg 300w\" sizes=\"(max-width: 550px) 100vw, 550px\" \/><\/p>\n<p><img data-attachment-id=\"253\" data-permalink=\"http:\/\/desireemartinphoto.com\/blog\/alfombras-del-corpus-christi-la-orotava-2010\/dm-alfombras-orotava-2010-blog-02\/\" data-orig-file=\"http:\/\/desireemartinphoto.com\/blog\/wp-content\/uploads\/2010\/06\/DM-Alfombras-Orotava-2010-blog-02.jpg\" data-orig-size=\"550,367\" data-comments-opened=\"1\" data-image-meta=\"{&quot;aperture&quot;:&quot;5&quot;,&quot;credit&quot;:&quot;&quot;,&quot;camera&quot;:&quot;Canon EOS 5D Mark II&quot;,&quot;caption&quot;:&quot;&quot;,&quot;created_timestamp&quot;:&quot;1276110512&quot;,&quot;copyright&quot;:&quot;&quot;,&quot;focal_length&quot;:&quot;31&quot;,&quot;iso&quot;:&quot;800&quot;,&quot;shutter_speed&quot;:&quot;0.0125&quot;,&quot;title&quot;:&quot;&quot;}\" data-image-title=\"DM-Alfombras-Orotava-2010-blog-02\" data-image-description=\"\" data-medium-file=\"http:\/\/desireemartinphoto.com\/blog\/wp-content\/uploads\/2010\/06\/DM-Alfombras-Orotava-2010-blog-02-300x200.jpg\" data-large-file=\"http:\/\/desireemartinphoto.com\/blog\/wp-content\/uploads\/2010\/06\/DM-Alfombras-Orotava-2010-blog-02.jpg\" loading=\"lazy\" class=\"alignnone size-full wp-image-253\" src=\"http:\/\/desireemartinphoto.com\/blog\/wp-content\/uploads\/2010\/06\/DM-Alfombras-Orotava-2010-blog-02.jpg\" alt=\"\" width=\"550\" height=\"367\" srcset=\"http:\/\/desireemartinphoto.com\/blog\/wp-content\/uploads\/2010\/06\/DM-Alfombras-Orotava-2010-blog-02.jpg 550w, http:\/\/desireemartinphoto.com\/blog\/wp-content\/uploads\/2010\/06\/DM-Alfombras-Orotava-2010-blog-02-300x200.jpg 300w\" sizes=\"(max-width: 550px) 100vw, 550px\" \/><\/p>\n<p><img data-attachment-id=\"254\" data-permalink=\"http:\/\/desireemartinphoto.com\/blog\/alfombras-del-corpus-christi-la-orotava-2010\/dm-alfombras-orotava-2010-blog-03\/\" data-orig-file=\"http:\/\/desireemartinphoto.com\/blog\/wp-content\/uploads\/2010\/06\/DM-Alfombras-Orotava-2010-blog-03.jpg\" data-orig-size=\"550,338\" data-comments-opened=\"1\" data-image-meta=\"{&quot;aperture&quot;:&quot;4.5&quot;,&quot;credit&quot;:&quot;&quot;,&quot;camera&quot;:&quot;Canon EOS 5D Mark II&quot;,&quot;caption&quot;:&quot;&quot;,&quot;created_timestamp&quot;:&quot;1276110303&quot;,&quot;copyright&quot;:&quot;&quot;,&quot;focal_length&quot;:&quot;16&quot;,&quot;iso&quot;:&quot;800&quot;,&quot;shutter_speed&quot;:&quot;0.0125&quot;,&quot;title&quot;:&quot;&quot;}\" data-image-title=\"DM-Alfombras-Orotava-2010-blog-03\" data-image-description=\"\" data-medium-file=\"http:\/\/desireemartinphoto.com\/blog\/wp-content\/uploads\/2010\/06\/DM-Alfombras-Orotava-2010-blog-03-300x184.jpg\" data-large-file=\"http:\/\/desireemartinphoto.com\/blog\/wp-content\/uploads\/2010\/06\/DM-Alfombras-Orotava-2010-blog-03.jpg\" loading=\"lazy\" class=\"alignnone size-full wp-image-254\" src=\"http:\/\/desireemartinphoto.com\/blog\/wp-content\/uploads\/2010\/06\/DM-Alfombras-Orotava-2010-blog-03.jpg\" alt=\"\" width=\"550\" height=\"338\" srcset=\"http:\/\/desireemartinphoto.com\/blog\/wp-content\/uploads\/2010\/06\/DM-Alfombras-Orotava-2010-blog-03.jpg 550w, http:\/\/desireemartinphoto.com\/blog\/wp-content\/uploads\/2010\/06\/DM-Alfombras-Orotava-2010-blog-03-300x184.jpg 300w\" sizes=\"(max-width: 550px) 100vw, 550px\" \/><\/p>\n<p><img data-attachment-id=\"255\" data-permalink=\"http:\/\/desireemartinphoto.com\/blog\/alfombras-del-corpus-christi-la-orotava-2010\/dm-alfombras-orotava-2010-blog-04\/\" data-orig-file=\"http:\/\/desireemartinphoto.com\/blog\/wp-content\/uploads\/2010\/06\/DM-Alfombras-Orotava-2010-blog-04.jpg\" data-orig-size=\"550,337\" data-comments-opened=\"1\" data-image-meta=\"{&quot;aperture&quot;:&quot;5&quot;,&quot;credit&quot;:&quot;&quot;,&quot;camera&quot;:&quot;Canon EOS 5D Mark II&quot;,&quot;caption&quot;:&quot;&quot;,&quot;created_timestamp&quot;:&quot;1276114144&quot;,&quot;copyright&quot;:&quot;&quot;,&quot;focal_length&quot;:&quot;26&quot;,&quot;iso&quot;:&quot;1600&quot;,&quot;shutter_speed&quot;:&quot;0.033333333333333&quot;,&quot;title&quot;:&quot;&quot;}\" data-image-title=\"DM-Alfombras-Orotava-2010-blog-04\" data-image-description=\"\" data-medium-file=\"http:\/\/desireemartinphoto.com\/blog\/wp-content\/uploads\/2010\/06\/DM-Alfombras-Orotava-2010-blog-04-300x183.jpg\" data-large-file=\"http:\/\/desireemartinphoto.com\/blog\/wp-content\/uploads\/2010\/06\/DM-Alfombras-Orotava-2010-blog-04.jpg\" loading=\"lazy\" class=\"alignnone size-full wp-image-255\" src=\"http:\/\/desireemartinphoto.com\/blog\/wp-content\/uploads\/2010\/06\/DM-Alfombras-Orotava-2010-blog-04.jpg\" alt=\"\" width=\"550\" height=\"337\" srcset=\"http:\/\/desireemartinphoto.com\/blog\/wp-content\/uploads\/2010\/06\/DM-Alfombras-Orotava-2010-blog-04.jpg 550w, http:\/\/desireemartinphoto.com\/blog\/wp-content\/uploads\/2010\/06\/DM-Alfombras-Orotava-2010-blog-04-300x183.jpg 300w\" sizes=\"(max-width: 550px) 100vw, 550px\" \/><\/p>\n<p><img data-attachment-id=\"256\" data-permalink=\"http:\/\/desireemartinphoto.com\/blog\/alfombras-del-corpus-christi-la-orotava-2010\/dm-alfombras-orotava-2010-blog-05\/\" data-orig-file=\"http:\/\/desireemartinphoto.com\/blog\/wp-content\/uploads\/2010\/06\/DM-Alfombras-Orotava-2010-blog-05.jpg\" data-orig-size=\"550,466\" data-comments-opened=\"1\" data-image-meta=\"{&quot;aperture&quot;:&quot;2.8&quot;,&quot;credit&quot;:&quot;&quot;,&quot;camera&quot;:&quot;Canon EOS 5D Mark II&quot;,&quot;caption&quot;:&quot;&quot;,&quot;created_timestamp&quot;:&quot;1276112894&quot;,&quot;copyright&quot;:&quot;&quot;,&quot;focal_length&quot;:&quot;16&quot;,&quot;iso&quot;:&quot;1600&quot;,&quot;shutter_speed&quot;:&quot;0.016666666666667&quot;,&quot;title&quot;:&quot;&quot;}\" data-image-title=\"DM-Alfombras-Orotava-2010-blog-05\" data-image-description=\"\" data-medium-file=\"http:\/\/desireemartinphoto.com\/blog\/wp-content\/uploads\/2010\/06\/DM-Alfombras-Orotava-2010-blog-05-300x254.jpg\" data-large-file=\"http:\/\/desireemartinphoto.com\/blog\/wp-content\/uploads\/2010\/06\/DM-Alfombras-Orotava-2010-blog-05.jpg\" loading=\"lazy\" class=\"alignnone size-full wp-image-256\" src=\"http:\/\/desireemartinphoto.com\/blog\/wp-content\/uploads\/2010\/06\/DM-Alfombras-Orotava-2010-blog-05.jpg\" alt=\"\" width=\"550\" height=\"466\" srcset=\"http:\/\/desireemartinphoto.com\/blog\/wp-content\/uploads\/2010\/06\/DM-Alfombras-Orotava-2010-blog-05.jpg 550w, http:\/\/desireemartinphoto.com\/blog\/wp-content\/uploads\/2010\/06\/DM-Alfombras-Orotava-2010-blog-05-300x254.jpg 300w\" sizes=\"(max-width: 550px) 100vw, 550px\" \/><\/p>\n<p><img data-attachment-id=\"257\" data-permalink=\"http:\/\/desireemartinphoto.com\/blog\/alfombras-del-corpus-christi-la-orotava-2010\/dm-alfombras-orotava-2010-blog-06\/\" data-orig-file=\"http:\/\/desireemartinphoto.com\/blog\/wp-content\/uploads\/2010\/06\/DM-Alfombras-Orotava-2010-blog-06.jpg\" data-orig-size=\"550,367\" data-comments-opened=\"1\" data-image-meta=\"{&quot;aperture&quot;:&quot;5&quot;,&quot;credit&quot;:&quot;&quot;,&quot;camera&quot;:&quot;Canon EOS 5D Mark II&quot;,&quot;caption&quot;:&quot;&quot;,&quot;created_timestamp&quot;:&quot;1276113014&quot;,&quot;copyright&quot;:&quot;&quot;,&quot;focal_length&quot;:&quot;85&quot;,&quot;iso&quot;:&quot;1600&quot;,&quot;shutter_speed&quot;:&quot;0.025&quot;,&quot;title&quot;:&quot;&quot;}\" data-image-title=\"DM-Alfombras-Orotava-2010-blog-06\" data-image-description=\"\" data-medium-file=\"http:\/\/desireemartinphoto.com\/blog\/wp-content\/uploads\/2010\/06\/DM-Alfombras-Orotava-2010-blog-06-300x200.jpg\" data-large-file=\"http:\/\/desireemartinphoto.com\/blog\/wp-content\/uploads\/2010\/06\/DM-Alfombras-Orotava-2010-blog-06.jpg\" loading=\"lazy\" class=\"alignnone size-full wp-image-257\" src=\"http:\/\/desireemartinphoto.com\/blog\/wp-content\/uploads\/2010\/06\/DM-Alfombras-Orotava-2010-blog-06.jpg\" alt=\"\" width=\"550\" height=\"367\" srcset=\"http:\/\/desireemartinphoto.com\/blog\/wp-content\/uploads\/2010\/06\/DM-Alfombras-Orotava-2010-blog-06.jpg 550w, http:\/\/desireemartinphoto.com\/blog\/wp-content\/uploads\/2010\/06\/DM-Alfombras-Orotava-2010-blog-06-300x200.jpg 300w\" sizes=\"(max-width: 550px) 100vw, 550px\" \/><\/p>\n<p><img data-attachment-id=\"258\" data-permalink=\"http:\/\/desireemartinphoto.com\/blog\/alfombras-del-corpus-christi-la-orotava-2010\/dm-alfombras-orotava-2010-blog-07\/\" data-orig-file=\"http:\/\/desireemartinphoto.com\/blog\/wp-content\/uploads\/2010\/06\/DM-Alfombras-Orotava-2010-blog-07.jpg\" data-orig-size=\"550,367\" data-comments-opened=\"1\" data-image-meta=\"{&quot;aperture&quot;:&quot;2.8&quot;,&quot;credit&quot;:&quot;&quot;,&quot;camera&quot;:&quot;Canon EOS 5D Mark II&quot;,&quot;caption&quot;:&quot;&quot;,&quot;created_timestamp&quot;:&quot;1276112760&quot;,&quot;copyright&quot;:&quot;&quot;,&quot;focal_length&quot;:&quot;16&quot;,&quot;iso&quot;:&quot;1600&quot;,&quot;shutter_speed&quot;:&quot;0.016666666666667&quot;,&quot;title&quot;:&quot;&quot;}\" data-image-title=\"DM-Alfombras-Orotava-2010-blog-07\" data-image-description=\"\" data-medium-file=\"http:\/\/desireemartinphoto.com\/blog\/wp-content\/uploads\/2010\/06\/DM-Alfombras-Orotava-2010-blog-07-300x200.jpg\" data-large-file=\"http:\/\/desireemartinphoto.com\/blog\/wp-content\/uploads\/2010\/06\/DM-Alfombras-Orotava-2010-blog-07.jpg\" loading=\"lazy\" class=\"alignnone size-full wp-image-258\" src=\"http:\/\/desireemartinphoto.com\/blog\/wp-content\/uploads\/2010\/06\/DM-Alfombras-Orotava-2010-blog-07.jpg\" alt=\"\" width=\"550\" height=\"367\" srcset=\"http:\/\/desireemartinphoto.com\/blog\/wp-content\/uploads\/2010\/06\/DM-Alfombras-Orotava-2010-blog-07.jpg 550w, http:\/\/desireemartinphoto.com\/blog\/wp-content\/uploads\/2010\/06\/DM-Alfombras-Orotava-2010-blog-07-300x200.jpg 300w\" sizes=\"(max-width: 550px) 100vw, 550px\" \/><\/p>\n<p><img data-attachment-id=\"259\" data-permalink=\"http:\/\/desireemartinphoto.com\/blog\/alfombras-del-corpus-christi-la-orotava-2010\/dm-alfombras-orotava-2010-blog-08\/\" data-orig-file=\"http:\/\/desireemartinphoto.com\/blog\/wp-content\/uploads\/2010\/06\/DM-Alfombras-Orotava-2010-blog-08.jpg\" data-orig-size=\"550,360\" data-comments-opened=\"1\" data-image-meta=\"{&quot;aperture&quot;:&quot;2.8&quot;,&quot;credit&quot;:&quot;&quot;,&quot;camera&quot;:&quot;Canon EOS 5D Mark II&quot;,&quot;caption&quot;:&quot;&quot;,&quot;created_timestamp&quot;:&quot;1276114982&quot;,&quot;copyright&quot;:&quot;&quot;,&quot;focal_length&quot;:&quot;16&quot;,&quot;iso&quot;:&quot;1600&quot;,&quot;shutter_speed&quot;:&quot;0.01&quot;,&quot;title&quot;:&quot;&quot;}\" data-image-title=\"DM-Alfombras-Orotava-2010-blog-08\" data-image-description=\"\" data-medium-file=\"http:\/\/desireemartinphoto.com\/blog\/wp-content\/uploads\/2010\/06\/DM-Alfombras-Orotava-2010-blog-08-300x196.jpg\" data-large-file=\"http:\/\/desireemartinphoto.com\/blog\/wp-content\/uploads\/2010\/06\/DM-Alfombras-Orotava-2010-blog-08.jpg\" loading=\"lazy\" class=\"alignnone size-full wp-image-259\" src=\"http:\/\/desireemartinphoto.com\/blog\/wp-content\/uploads\/2010\/06\/DM-Alfombras-Orotava-2010-blog-08.jpg\" alt=\"\" width=\"550\" height=\"360\" srcset=\"http:\/\/desireemartinphoto.com\/blog\/wp-content\/uploads\/2010\/06\/DM-Alfombras-Orotava-2010-blog-08.jpg 550w, http:\/\/desireemartinphoto.com\/blog\/wp-content\/uploads\/2010\/06\/DM-Alfombras-Orotava-2010-blog-08-300x196.jpg 300w\" sizes=\"(max-width: 550px) 100vw, 550px\" \/><\/p>\n<p><img data-attachment-id=\"261\" data-permalink=\"http:\/\/desireemartinphoto.com\/blog\/alfombras-del-corpus-christi-la-orotava-2010\/dm-alfombras-orotava-2010-blog-09\/\" data-orig-file=\"http:\/\/desireemartinphoto.com\/blog\/wp-content\/uploads\/2010\/06\/DM-Alfombras-Orotava-2010-blog-09.jpg\" data-orig-size=\"550,367\" data-comments-opened=\"1\" data-image-meta=\"{&quot;aperture&quot;:&quot;5&quot;,&quot;credit&quot;:&quot;&quot;,&quot;camera&quot;:&quot;Canon EOS 5D Mark II&quot;,&quot;caption&quot;:&quot;&quot;,&quot;created_timestamp&quot;:&quot;1276114509&quot;,&quot;copyright&quot;:&quot;&quot;,&quot;focal_length&quot;:&quot;16&quot;,&quot;iso&quot;:&quot;1600&quot;,&quot;shutter_speed&quot;:&quot;0.02&quot;,&quot;title&quot;:&quot;&quot;}\" data-image-title=\"DM-Alfombras-Orotava-2010-blog-09\" data-image-description=\"\" data-medium-file=\"http:\/\/desireemartinphoto.com\/blog\/wp-content\/uploads\/2010\/06\/DM-Alfombras-Orotava-2010-blog-09-300x200.jpg\" data-large-file=\"http:\/\/desireemartinphoto.com\/blog\/wp-content\/uploads\/2010\/06\/DM-Alfombras-Orotava-2010-blog-09.jpg\" loading=\"lazy\" class=\"alignnone size-full wp-image-261\" src=\"http:\/\/desireemartinphoto.com\/blog\/wp-content\/uploads\/2010\/06\/DM-Alfombras-Orotava-2010-blog-09.jpg\" alt=\"\" width=\"550\" height=\"367\" srcset=\"http:\/\/desireemartinphoto.com\/blog\/wp-content\/uploads\/2010\/06\/DM-Alfombras-Orotava-2010-blog-09.jpg 550w, http:\/\/desireemartinphoto.com\/blog\/wp-content\/uploads\/2010\/06\/DM-Alfombras-Orotava-2010-blog-09-300x200.jpg 300w\" sizes=\"(max-width: 550px) 100vw, 550px\" \/><\/p>\n<p><img data-attachment-id=\"262\" data-permalink=\"http:\/\/desireemartinphoto.com\/blog\/alfombras-del-corpus-christi-la-orotava-2010\/dm-alfombras-orotava-2010-blog-10\/\" data-orig-file=\"http:\/\/desireemartinphoto.com\/blog\/wp-content\/uploads\/2010\/06\/DM-Alfombras-Orotava-2010-blog-10.jpg\" data-orig-size=\"550,367\" data-comments-opened=\"1\" data-image-meta=\"{&quot;aperture&quot;:&quot;5&quot;,&quot;credit&quot;:&quot;&quot;,&quot;camera&quot;:&quot;Canon EOS 5D Mark II&quot;,&quot;caption&quot;:&quot;&quot;,&quot;created_timestamp&quot;:&quot;1276111271&quot;,&quot;copyright&quot;:&quot;&quot;,&quot;focal_length&quot;:&quot;28&quot;,&quot;iso&quot;:&quot;500&quot;,&quot;shutter_speed&quot;:&quot;0.033333333333333&quot;,&quot;title&quot;:&quot;&quot;}\" data-image-title=\"DM-Alfombras-Orotava-2010-blog-10\" data-image-description=\"\" data-medium-file=\"http:\/\/desireemartinphoto.com\/blog\/wp-content\/uploads\/2010\/06\/DM-Alfombras-Orotava-2010-blog-10-300x200.jpg\" data-large-file=\"http:\/\/desireemartinphoto.com\/blog\/wp-content\/uploads\/2010\/06\/DM-Alfombras-Orotava-2010-blog-10.jpg\" loading=\"lazy\" class=\"alignnone size-full wp-image-262\" src=\"http:\/\/desireemartinphoto.com\/blog\/wp-content\/uploads\/2010\/06\/DM-Alfombras-Orotava-2010-blog-10.jpg\" alt=\"\" width=\"550\" height=\"367\" srcset=\"http:\/\/desireemartinphoto.com\/blog\/wp-content\/uploads\/2010\/06\/DM-Alfombras-Orotava-2010-blog-10.jpg 550w, http:\/\/desireemartinphoto.com\/blog\/wp-content\/uploads\/2010\/06\/DM-Alfombras-Orotava-2010-blog-10-300x200.jpg 300w\" sizes=\"(max-width: 550px) 100vw, 550px\" \/><\/p>\n<p><img data-attachment-id=\"264\" data-permalink=\"http:\/\/desireemartinphoto.com\/blog\/alfombras-del-corpus-christi-la-orotava-2010\/dm-alfombras-orotava-2010-blog-12\/\" data-orig-file=\"http:\/\/desireemartinphoto.com\/blog\/wp-content\/uploads\/2010\/06\/DM-Alfombras-Orotava-2010-blog-12.jpg\" data-orig-size=\"550,367\" data-comments-opened=\"1\" data-image-meta=\"{&quot;aperture&quot;:&quot;2.8&quot;,&quot;credit&quot;:&quot;&quot;,&quot;camera&quot;:&quot;Canon EOS 5D Mark II&quot;,&quot;caption&quot;:&quot;&quot;,&quot;created_timestamp&quot;:&quot;1276115863&quot;,&quot;copyright&quot;:&quot;&quot;,&quot;focal_length&quot;:&quot;16&quot;,&quot;iso&quot;:&quot;1600&quot;,&quot;shutter_speed&quot;:&quot;0.01&quot;,&quot;title&quot;:&quot;&quot;}\" data-image-title=\"DM-Alfombras-Orotava-2010-blog-12\" data-image-description=\"\" data-medium-file=\"http:\/\/desireemartinphoto.com\/blog\/wp-content\/uploads\/2010\/06\/DM-Alfombras-Orotava-2010-blog-12-300x200.jpg\" data-large-file=\"http:\/\/desireemartinphoto.com\/blog\/wp-content\/uploads\/2010\/06\/DM-Alfombras-Orotava-2010-blog-12.jpg\" loading=\"lazy\" class=\"alignnone size-full wp-image-264\" src=\"http:\/\/desireemartinphoto.com\/blog\/wp-content\/uploads\/2010\/06\/DM-Alfombras-Orotava-2010-blog-12.jpg\" alt=\"\" width=\"550\" height=\"367\" srcset=\"http:\/\/desireemartinphoto.com\/blog\/wp-content\/uploads\/2010\/06\/DM-Alfombras-Orotava-2010-blog-12.jpg 550w, http:\/\/desireemartinphoto.com\/blog\/wp-content\/uploads\/2010\/06\/DM-Alfombras-Orotava-2010-blog-12-300x200.jpg 300w\" sizes=\"(max-width: 550px) 100vw, 550px\" \/><\/p>\n<p><img data-attachment-id=\"269\" data-permalink=\"http:\/\/desireemartinphoto.com\/blog\/alfombras-del-corpus-christi-la-orotava-2010\/dm-alfombras-orotava-2010-blog-17\/\" data-orig-file=\"http:\/\/desireemartinphoto.com\/blog\/wp-content\/uploads\/2010\/06\/DM-Alfombras-Orotava-2010-blog-17.jpg\" data-orig-size=\"550,350\" data-comments-opened=\"1\" data-image-meta=\"{&quot;aperture&quot;:&quot;5.6&quot;,&quot;credit&quot;:&quot;&quot;,&quot;camera&quot;:&quot;Canon EOS 5D Mark II&quot;,&quot;caption&quot;:&quot;&quot;,&quot;created_timestamp&quot;:&quot;1276184861&quot;,&quot;copyright&quot;:&quot;&quot;,&quot;focal_length&quot;:&quot;18&quot;,&quot;iso&quot;:&quot;400&quot;,&quot;shutter_speed&quot;:&quot;0.005&quot;,&quot;title&quot;:&quot;&quot;}\" data-image-title=\"DM-Alfombras-Orotava-2010-blog-17\" data-image-description=\"\" data-medium-file=\"http:\/\/desireemartinphoto.com\/blog\/wp-content\/uploads\/2010\/06\/DM-Alfombras-Orotava-2010-blog-17-300x190.jpg\" data-large-file=\"http:\/\/desireemartinphoto.com\/blog\/wp-content\/uploads\/2010\/06\/DM-Alfombras-Orotava-2010-blog-17.jpg\" loading=\"lazy\" class=\"alignnone size-full wp-image-269\" src=\"http:\/\/desireemartinphoto.com\/blog\/wp-content\/uploads\/2010\/06\/DM-Alfombras-Orotava-2010-blog-17.jpg\" alt=\"\" width=\"550\" height=\"350\" srcset=\"http:\/\/desireemartinphoto.com\/blog\/wp-content\/uploads\/2010\/06\/DM-Alfombras-Orotava-2010-blog-17.jpg 550w, http:\/\/desireemartinphoto.com\/blog\/wp-content\/uploads\/2010\/06\/DM-Alfombras-Orotava-2010-blog-17-300x190.jpg 300w\" sizes=\"(max-width: 550px) 100vw, 550px\" \/><\/p>\n<p><img data-attachment-id=\"266\" data-permalink=\"http:\/\/desireemartinphoto.com\/blog\/alfombras-del-corpus-christi-la-orotava-2010\/dm-alfombras-orotava-2010-blog-14\/\" data-orig-file=\"http:\/\/desireemartinphoto.com\/blog\/wp-content\/uploads\/2010\/06\/DM-Alfombras-Orotava-2010-blog-14.jpg\" data-orig-size=\"550,372\" data-comments-opened=\"1\" data-image-meta=\"{&quot;aperture&quot;:&quot;5.6&quot;,&quot;credit&quot;:&quot;&quot;,&quot;camera&quot;:&quot;Canon EOS 5D Mark II&quot;,&quot;caption&quot;:&quot;&quot;,&quot;created_timestamp&quot;:&quot;1276161444&quot;,&quot;copyright&quot;:&quot;&quot;,&quot;focal_length&quot;:&quot;16&quot;,&quot;iso&quot;:&quot;400&quot;,&quot;shutter_speed&quot;:&quot;0.003125&quot;,&quot;title&quot;:&quot;&quot;}\" data-image-title=\"DM-Alfombras-Orotava-2010-blog-14\" data-image-description=\"\" data-medium-file=\"http:\/\/desireemartinphoto.com\/blog\/wp-content\/uploads\/2010\/06\/DM-Alfombras-Orotava-2010-blog-14-300x202.jpg\" data-large-file=\"http:\/\/desireemartinphoto.com\/blog\/wp-content\/uploads\/2010\/06\/DM-Alfombras-Orotava-2010-blog-14.jpg\" loading=\"lazy\" class=\"alignnone size-full wp-image-266\" src=\"http:\/\/desireemartinphoto.com\/blog\/wp-content\/uploads\/2010\/06\/DM-Alfombras-Orotava-2010-blog-14.jpg\" alt=\"\" width=\"550\" height=\"372\" srcset=\"http:\/\/desireemartinphoto.com\/blog\/wp-content\/uploads\/2010\/06\/DM-Alfombras-Orotava-2010-blog-14.jpg 550w, http:\/\/desireemartinphoto.com\/blog\/wp-content\/uploads\/2010\/06\/DM-Alfombras-Orotava-2010-blog-14-300x202.jpg 300w\" sizes=\"(max-width: 550px) 100vw, 550px\" \/><\/p>\n<p><img data-attachment-id=\"267\" data-permalink=\"http:\/\/desireemartinphoto.com\/blog\/alfombras-del-corpus-christi-la-orotava-2010\/dm-alfombras-orotava-2010-blog-15\/\" data-orig-file=\"http:\/\/desireemartinphoto.com\/blog\/wp-content\/uploads\/2010\/06\/DM-Alfombras-Orotava-2010-blog-15.jpg\" data-orig-size=\"550,297\" data-comments-opened=\"1\" data-image-meta=\"{&quot;aperture&quot;:&quot;5.6&quot;,&quot;credit&quot;:&quot;&quot;,&quot;camera&quot;:&quot;Canon EOS 5D Mark II&quot;,&quot;caption&quot;:&quot;&quot;,&quot;created_timestamp&quot;:&quot;1276161297&quot;,&quot;copyright&quot;:&quot;&quot;,&quot;focal_length&quot;:&quot;16&quot;,&quot;iso&quot;:&quot;400&quot;,&quot;shutter_speed&quot;:&quot;0.005&quot;,&quot;title&quot;:&quot;&quot;}\" data-image-title=\"DM-Alfombras-Orotava-2010-blog-15\" data-image-description=\"\" data-medium-file=\"http:\/\/desireemartinphoto.com\/blog\/wp-content\/uploads\/2010\/06\/DM-Alfombras-Orotava-2010-blog-15-300x162.jpg\" data-large-file=\"http:\/\/desireemartinphoto.com\/blog\/wp-content\/uploads\/2010\/06\/DM-Alfombras-Orotava-2010-blog-15.jpg\" loading=\"lazy\" class=\"alignnone size-full wp-image-267\" src=\"http:\/\/desireemartinphoto.com\/blog\/wp-content\/uploads\/2010\/06\/DM-Alfombras-Orotava-2010-blog-15.jpg\" alt=\"\" width=\"550\" height=\"297\" srcset=\"http:\/\/desireemartinphoto.com\/blog\/wp-content\/uploads\/2010\/06\/DM-Alfombras-Orotava-2010-blog-15.jpg 550w, http:\/\/desireemartinphoto.com\/blog\/wp-content\/uploads\/2010\/06\/DM-Alfombras-Orotava-2010-blog-15-300x162.jpg 300w\" sizes=\"(max-width: 550px) 100vw, 550px\" \/><\/p>\n<p><img data-attachment-id=\"270\" data-permalink=\"http:\/\/desireemartinphoto.com\/blog\/alfombras-del-corpus-christi-la-orotava-2010\/dm-alfombras-orotava-2010-blog-18\/\" data-orig-file=\"http:\/\/desireemartinphoto.com\/blog\/wp-content\/uploads\/2010\/06\/DM-Alfombras-Orotava-2010-blog-18.jpg\" data-orig-size=\"550,367\" data-comments-opened=\"1\" data-image-meta=\"{&quot;aperture&quot;:&quot;5.6&quot;,&quot;credit&quot;:&quot;&quot;,&quot;camera&quot;:&quot;Canon EOS 5D Mark II&quot;,&quot;caption&quot;:&quot;&quot;,&quot;created_timestamp&quot;:&quot;1276186063&quot;,&quot;copyright&quot;:&quot;&quot;,&quot;focal_length&quot;:&quot;23&quot;,&quot;iso&quot;:&quot;400&quot;,&quot;shutter_speed&quot;:&quot;0.008&quot;,&quot;title&quot;:&quot;&quot;}\" data-image-title=\"DM-Alfombras-Orotava-2010-blog-18\" data-image-description=\"\" data-medium-file=\"http:\/\/desireemartinphoto.com\/blog\/wp-content\/uploads\/2010\/06\/DM-Alfombras-Orotava-2010-blog-18-300x200.jpg\" data-large-file=\"http:\/\/desireemartinphoto.com\/blog\/wp-content\/uploads\/2010\/06\/DM-Alfombras-Orotava-2010-blog-18.jpg\" loading=\"lazy\" class=\"alignnone size-full wp-image-270\" src=\"http:\/\/desireemartinphoto.com\/blog\/wp-content\/uploads\/2010\/06\/DM-Alfombras-Orotava-2010-blog-18.jpg\" alt=\"\" width=\"550\" height=\"367\" srcset=\"http:\/\/desireemartinphoto.com\/blog\/wp-content\/uploads\/2010\/06\/DM-Alfombras-Orotava-2010-blog-18.jpg 550w, http:\/\/desireemartinphoto.com\/blog\/wp-content\/uploads\/2010\/06\/DM-Alfombras-Orotava-2010-blog-18-300x200.jpg 300w\" sizes=\"(max-width: 550px) 100vw, 550px\" \/><\/p>\n<p><img data-attachment-id=\"271\" data-permalink=\"http:\/\/desireemartinphoto.com\/blog\/alfombras-del-corpus-christi-la-orotava-2010\/dm-alfombras-orotava-2010-blog-19\/\" data-orig-file=\"http:\/\/desireemartinphoto.com\/blog\/wp-content\/uploads\/2010\/06\/DM-Alfombras-Orotava-2010-blog-19.jpg\" data-orig-size=\"550,367\" data-comments-opened=\"1\" data-image-meta=\"{&quot;aperture&quot;:&quot;5.6&quot;,&quot;credit&quot;:&quot;&quot;,&quot;camera&quot;:&quot;Canon EOS 5D Mark II&quot;,&quot;caption&quot;:&quot;&quot;,&quot;created_timestamp&quot;:&quot;1276186169&quot;,&quot;copyright&quot;:&quot;&quot;,&quot;focal_length&quot;:&quot;16&quot;,&quot;iso&quot;:&quot;400&quot;,&quot;shutter_speed&quot;:&quot;0.01&quot;,&quot;title&quot;:&quot;&quot;}\" data-image-title=\"DM-Alfombras-Orotava-2010-blog-19\" data-image-description=\"\" data-medium-file=\"http:\/\/desireemartinphoto.com\/blog\/wp-content\/uploads\/2010\/06\/DM-Alfombras-Orotava-2010-blog-19-300x200.jpg\" data-large-file=\"http:\/\/desireemartinphoto.com\/blog\/wp-content\/uploads\/2010\/06\/DM-Alfombras-Orotava-2010-blog-19.jpg\" loading=\"lazy\" class=\"alignnone size-full wp-image-271\" src=\"http:\/\/desireemartinphoto.com\/blog\/wp-content\/uploads\/2010\/06\/DM-Alfombras-Orotava-2010-blog-19.jpg\" alt=\"\" width=\"550\" height=\"367\" srcset=\"http:\/\/desireemartinphoto.com\/blog\/wp-content\/uploads\/2010\/06\/DM-Alfombras-Orotava-2010-blog-19.jpg 550w, http:\/\/desireemartinphoto.com\/blog\/wp-content\/uploads\/2010\/06\/DM-Alfombras-Orotava-2010-blog-19-300x200.jpg 300w\" sizes=\"(max-width: 550px) 100vw, 550px\" \/><\/p>\n<p><img data-attachment-id=\"272\" data-permalink=\"http:\/\/desireemartinphoto.com\/blog\/alfombras-del-corpus-christi-la-orotava-2010\/dm-alfombras-orotava-2010-blog-20\/\" data-orig-file=\"http:\/\/desireemartinphoto.com\/blog\/wp-content\/uploads\/2010\/06\/DM-Alfombras-Orotava-2010-blog-20.jpg\" data-orig-size=\"550,367\" data-comments-opened=\"1\" data-image-meta=\"{&quot;aperture&quot;:&quot;5.6&quot;,&quot;credit&quot;:&quot;&quot;,&quot;camera&quot;:&quot;Canon EOS 5D Mark II&quot;,&quot;caption&quot;:&quot;&quot;,&quot;created_timestamp&quot;:&quot;1276185752&quot;,&quot;copyright&quot;:&quot;&quot;,&quot;focal_length&quot;:&quot;16&quot;,&quot;iso&quot;:&quot;400&quot;,&quot;shutter_speed&quot;:&quot;0.002&quot;,&quot;title&quot;:&quot;&quot;}\" data-image-title=\"DM-Alfombras-Orotava-2010-blog-20\" data-image-description=\"\" data-medium-file=\"http:\/\/desireemartinphoto.com\/blog\/wp-content\/uploads\/2010\/06\/DM-Alfombras-Orotava-2010-blog-20-300x200.jpg\" data-large-file=\"http:\/\/desireemartinphoto.com\/blog\/wp-content\/uploads\/2010\/06\/DM-Alfombras-Orotava-2010-blog-20.jpg\" loading=\"lazy\" class=\"alignnone size-full wp-image-272\" src=\"http:\/\/desireemartinphoto.com\/blog\/wp-content\/uploads\/2010\/06\/DM-Alfombras-Orotava-2010-blog-20.jpg\" alt=\"\" width=\"550\" height=\"367\" srcset=\"http:\/\/desireemartinphoto.com\/blog\/wp-content\/uploads\/2010\/06\/DM-Alfombras-Orotava-2010-blog-20.jpg 550w, http:\/\/desireemartinphoto.com\/blog\/wp-content\/uploads\/2010\/06\/DM-Alfombras-Orotava-2010-blog-20-300x200.jpg 300w\" sizes=\"(max-width: 550px) 100vw, 550px\" \/><\/p>\n<p><img data-attachment-id=\"273\" data-permalink=\"http:\/\/desireemartinphoto.com\/blog\/alfombras-del-corpus-christi-la-orotava-2010\/dm-alfombras-orotava-2010-blog-21\/\" data-orig-file=\"http:\/\/desireemartinphoto.com\/blog\/wp-content\/uploads\/2010\/06\/DM-Alfombras-Orotava-2010-blog-21.jpg\" data-orig-size=\"550,367\" data-comments-opened=\"1\" data-image-meta=\"{&quot;aperture&quot;:&quot;5.6&quot;,&quot;credit&quot;:&quot;&quot;,&quot;camera&quot;:&quot;Canon EOS 5D Mark II&quot;,&quot;caption&quot;:&quot;&quot;,&quot;created_timestamp&quot;:&quot;1276186753&quot;,&quot;copyright&quot;:&quot;&quot;,&quot;focal_length&quot;:&quot;19&quot;,&quot;iso&quot;:&quot;400&quot;,&quot;shutter_speed&quot;:&quot;0.005&quot;,&quot;title&quot;:&quot;&quot;}\" data-image-title=\"DM-Alfombras-Orotava-2010-blog-21\" data-image-description=\"\" data-medium-file=\"http:\/\/desireemartinphoto.com\/blog\/wp-content\/uploads\/2010\/06\/DM-Alfombras-Orotava-2010-blog-21-300x200.jpg\" data-large-file=\"http:\/\/desireemartinphoto.com\/blog\/wp-content\/uploads\/2010\/06\/DM-Alfombras-Orotava-2010-blog-21.jpg\" loading=\"lazy\" class=\"alignnone size-full wp-image-273\" src=\"http:\/\/desireemartinphoto.com\/blog\/wp-content\/uploads\/2010\/06\/DM-Alfombras-Orotava-2010-blog-21.jpg\" alt=\"\" width=\"550\" height=\"367\" srcset=\"http:\/\/desireemartinphoto.com\/blog\/wp-content\/uploads\/2010\/06\/DM-Alfombras-Orotava-2010-blog-21.jpg 550w, http:\/\/desireemartinphoto.com\/blog\/wp-content\/uploads\/2010\/06\/DM-Alfombras-Orotava-2010-blog-21-300x200.jpg 300w\" sizes=\"(max-width: 550px) 100vw, 550px\" \/><\/p>\n<p><img data-attachment-id=\"274\" data-permalink=\"http:\/\/desireemartinphoto.com\/blog\/alfombras-del-corpus-christi-la-orotava-2010\/dm-alfombras-orotava-2010-blog-22\/\" data-orig-file=\"http:\/\/desireemartinphoto.com\/blog\/wp-content\/uploads\/2010\/06\/DM-Alfombras-Orotava-2010-blog-22.jpg\" data-orig-size=\"550,346\" data-comments-opened=\"1\" data-image-meta=\"{&quot;aperture&quot;:&quot;5.6&quot;,&quot;credit&quot;:&quot;&quot;,&quot;camera&quot;:&quot;Canon EOS 5D Mark II&quot;,&quot;caption&quot;:&quot;&quot;,&quot;created_timestamp&quot;:&quot;1276188687&quot;,&quot;copyright&quot;:&quot;&quot;,&quot;focal_length&quot;:&quot;16&quot;,&quot;iso&quot;:&quot;400&quot;,&quot;shutter_speed&quot;:&quot;0.002&quot;,&quot;title&quot;:&quot;&quot;}\" data-image-title=\"DM-Alfombras-Orotava-2010-blog-22\" data-image-description=\"\" data-medium-file=\"http:\/\/desireemartinphoto.com\/blog\/wp-content\/uploads\/2010\/06\/DM-Alfombras-Orotava-2010-blog-22-300x188.jpg\" data-large-file=\"http:\/\/desireemartinphoto.com\/blog\/wp-content\/uploads\/2010\/06\/DM-Alfombras-Orotava-2010-blog-22.jpg\" loading=\"lazy\" class=\"alignnone size-full wp-image-274\" src=\"http:\/\/desireemartinphoto.com\/blog\/wp-content\/uploads\/2010\/06\/DM-Alfombras-Orotava-2010-blog-22.jpg\" alt=\"\" width=\"550\" height=\"346\" srcset=\"http:\/\/desireemartinphoto.com\/blog\/wp-content\/uploads\/2010\/06\/DM-Alfombras-Orotava-2010-blog-22.jpg 550w, http:\/\/desireemartinphoto.com\/blog\/wp-content\/uploads\/2010\/06\/DM-Alfombras-Orotava-2010-blog-22-300x188.jpg 300w\" sizes=\"(max-width: 550px) 100vw, 550px\" \/><\/p>\n<div class=\"sharedaddy sd-sharing-enabled\"><div class=\"robots-nocontent sd-block sd-social sd-social-icon-text sd-sharing\"><h3 class=\"sd-title\">COMPARTE ESTO:<\/h3><div class=\"sd-content\"><ul><li class=\"share-facebook\"><a rel=\"nofollow noopener noreferrer\" data-shared=\"sharing-facebook-251\" class=\"share-facebook sd-button share-icon\" href=\"http:\/\/desireemartinphoto.com\/blog\/alfombras-del-corpus-christi-la-orotava-2010\/?share=facebook\" target=\"_blank\" title=\"Haz clic para compartir en Facebook\"><span>Facebook<\/span><\/a><\/li><li class=\"share-twitter\"><a rel=\"nofollow noopener noreferrer\" data-shared=\"sharing-twitter-251\" class=\"share-twitter sd-button share-icon\" href=\"http:\/\/desireemartinphoto.com\/blog\/alfombras-del-corpus-christi-la-orotava-2010\/?share=twitter\" target=\"_blank\" title=\"Haz clic para compartir en Twitter\"><span>Twitter<\/span><\/a><\/li><li class=\"share-email\"><a rel=\"nofollow noopener noreferrer\" data-shared=\"\" class=\"share-email sd-button share-icon\" href=\"http:\/\/desireemartinphoto.com\/blog\/alfombras-del-corpus-christi-la-orotava-2010\/?share=email\" target=\"_blank\" title=\"Haz clic para enviar por correo electr\u00f3nico a un amigo\"><span>Correo electr\u00f3nico<\/span><\/a><\/li><li class=\"share-linkedin\"><a rel=\"nofollow noopener noreferrer\" data-shared=\"sharing-linkedin-251\" class=\"share-linkedin sd-button share-icon\" href=\"http:\/\/desireemartinphoto.com\/blog\/alfombras-del-corpus-christi-la-orotava-2010\/?share=linkedin\" target=\"_blank\" title=\"Haz clic para compartir en LinkedIn\"><span>LinkedIn<\/span><\/a><\/li><li class=\"share-tumblr\"><a rel=\"nofollow noopener noreferrer\" data-shared=\"\" class=\"share-tumblr sd-button share-icon\" href=\"http:\/\/desireemartinphoto.com\/blog\/alfombras-del-corpus-christi-la-orotava-2010\/?share=tumblr\" target=\"_blank\" title=\"Haz clic para compartir en Tumblr\"><span>Tumblr<\/span><\/a><\/li><li class=\"share-end\"><\/li><\/ul><\/div><\/div><\/div>","protected":false},"excerpt":{"rendered":"<p>Hace cuatro a\u00f1os comenc\u00e9 un visit\u00e9 , por primera vez, las Alfombras del Corpus de La Orotava. Recuerdo que entre la llegada de cayucos &#8230; entre uno y otro..\u00a0 &#8220;me daba un salto&#8221; de unos 150 kilometros para ver la elaboraci\u00f3n de estas alfombras. Me qued\u00e9 fascinada de este arte ef\u00edmero y de las manos [&#038;hellip<\/p>\n<div class=\"sharedaddy sd-sharing-enabled\"><div class=\"robots-nocontent sd-block sd-social sd-social-icon-text sd-sharing\"><h3 class=\"sd-title\">COMPARTE ESTO:<\/h3><div class=\"sd-content\"><ul><li class=\"share-facebook\"><a rel=\"nofollow noopener noreferrer\" data-shared=\"sharing-facebook-251\" class=\"share-facebook sd-button share-icon\" href=\"http:\/\/desireemartinphoto.com\/blog\/alfombras-del-corpus-christi-la-orotava-2010\/?share=facebook\" target=\"_blank\" title=\"Haz clic para compartir en Facebook\"><span>Facebook<\/span><\/a><\/li><li class=\"share-twitter\"><a rel=\"nofollow noopener noreferrer\" data-shared=\"sharing-twitter-251\" class=\"share-twitter sd-button share-icon\" href=\"http:\/\/desireemartinphoto.com\/blog\/alfombras-del-corpus-christi-la-orotava-2010\/?share=twitter\" target=\"_blank\" title=\"Haz clic para compartir en Twitter\"><span>Twitter<\/span><\/a><\/li><li class=\"share-email\"><a rel=\"nofollow noopener noreferrer\" data-shared=\"\" class=\"share-email sd-button share-icon\" href=\"http:\/\/desireemartinphoto.com\/blog\/alfombras-del-corpus-christi-la-orotava-2010\/?share=email\" target=\"_blank\" title=\"Haz clic para enviar por correo electr\u00f3nico a un amigo\"><span>Correo electr\u00f3nico<\/span><\/a><\/li><li class=\"share-linkedin\"><a rel=\"nofollow noopener noreferrer\" data-shared=\"sharing-linkedin-251\" class=\"share-linkedin sd-button share-icon\" href=\"http:\/\/desireemartinphoto.com\/blog\/alfombras-del-corpus-christi-la-orotava-2010\/?share=linkedin\" target=\"_blank\" title=\"Haz clic para compartir en LinkedIn\"><span>LinkedIn<\/span><\/a><\/li><li class=\"share-tumblr\"><a rel=\"nofollow noopener noreferrer\" data-shared=\"\" class=\"share-tumblr sd-button share-icon\" href=\"http:\/\/desireemartinphoto.com\/blog\/alfombras-del-corpus-christi-la-orotava-2010\/?share=tumblr\" target=\"_blank\" title=\"Haz clic para compartir en Tumblr\"><span>Tumblr<\/span><\/a><\/li><li class=\"share-end\"><\/li><\/ul><\/div><\/div><\/div>","protected":false},"author":1,"featured_media":0,"comment_status":"open","ping_status":"open","sticky":false,"template":"","format":"standard","meta":{"spay_email":""},"categories":[1],"tags":[],"jetpack_featured_media_url":"","jetpack_sharing_enabled":true,"_links":{"self":[{"href":"http:\/\/desireemartinphoto.com\/blog\/wp-json\/wp\/v2\/posts\/251"}],"collection":[{"href":"http:\/\/desireemartinphoto.com\/blog\/wp-json\/wp\/v2\/posts"}],"about":[{"href":"http:\/\/desireemartinphoto.com\/blog\/wp-json\/wp\/v2\/types\/post"}],"author":[{"embeddable":true,"href":"http:\/\/desireemartinphoto.com\/blog\/wp-json\/wp\/v2\/users\/1"}],"replies":[{"embeddable":true,"href":"http:\/\/desireemartinphoto.com\/blog\/wp-json\/wp\/v2\/comments?post=251"}],"version-history":[{"count":4,"href":"http:\/\/desireemartinphoto.com\/blog\/wp-json\/wp\/v2\/posts\/251\/revisions"}],"predecessor-version":[{"id":4390,"href":"http:\/\/desireemartinphoto.com\/blog\/wp-json\/wp\/v2\/posts\/251\/revisions\/4390"}],"wp:attachment":[{"href":"http:\/\/desireemartinphoto.com\/blog\/wp-json\/wp\/v2\/media?parent=251"}],"wp:term":[{"taxonomy":"category","embeddable":true,"href":"http:\/\/desireemartinphoto.com\/blog\/wp-json\/wp\/v2\/categories?post=251"},{"taxonomy":"post_tag","embeddable":true,"href":"http:\/\/desireemartinphoto.com\/blog\/wp-json\/wp\/v2\/tags?post=251"}],"curies":[{"name":"wp","href":"https:\/\/api.w.org\/{rel}","templated":true}]}}