{"id":2399,"date":"2013-02-27T18:06:50","date_gmt":"2013-02-27T18:06:50","guid":{"rendered":"http:\/\/desireemartinphoto.com\/blog\/?p=2399"},"modified":"2013-02-27T20:12:37","modified_gmt":"2013-02-27T20:12:37","slug":"indianos-2013","status":"publish","type":"post","link":"http:\/\/desireemartinphoto.com\/blog\/indianos-2013\/","title":{"rendered":"Indianos 2013"},"content":{"rendered":"<p>&nbsp;<\/p>\n<p>Hace mucho tiempo que me ronda la idea de lograr hacer ciertos temas a mi manera, con libertad plena..pero es complicado.<\/p>\n<p>Si me planteo un tema porque me apetece, me interesa, me estimula sin m\u00e1s, me permite tomarme todo el tiempo que creo necesario, sin limitaciones de cierre de peri\u00f3dicos, de apuros porque &#8220;tal&#8221; desk ( mesa de edici\u00f3n ) de la agencia cierra, que si los digitales quieren una imagen a los 10 minutos de comenzar el evento, &#8230; solo estoy yo, mi &#8220;ojo&#8221;, mi tiempo, decido que imagenes hago &#8230;sin m\u00e1s.<\/p>\n<p>&nbsp;<\/p>\n<p>Si lo hago para un medio de comunicaci\u00f3n es diferente, cada imagen que hago y env\u00edo debe contener toda la informaci\u00f3n necesaria para que, por s\u00ed sola, narre lo que est\u00e1 sucediendo.<\/p>\n<p>&nbsp;<\/p>\n<p>Las fotos detalles\u00a0\u00a0\u00a0 &#8230;complicado &#8220;colar&#8221; una.. esas que rellenan un reportaje fotogr\u00e1fico y lo enriquece&#8230; no vale, solo las que se valgan por s\u00ed misma.. con semi\u00f3tica que me dec\u00eda Lara Carrascosa, compa\u00f1era de fatigas.<\/p>\n<p>&nbsp;<\/p>\n<p>Este reportaje era para la agencia que trabajo habitualmente ( AFP ).<\/p>\n<p>Hay alg\u00fan gui\u00f1o de rebeld\u00eda, pero es fotoperiodismo para el gran bicho ( y con suerte !!).<\/p>\n<p>&nbsp;<\/p>\n<p>&nbsp;<\/p>\n<p><a href=\"http:\/\/desireemartinphoto.com\/blog\/?attachment_id=2400\" rel=\"attachment wp-att-2400\"><img data-attachment-id=\"2400\" data-permalink=\"http:\/\/desireemartinphoto.com\/blog\/indianos-2013\/indianos-2013-blog-sep-b-01\/\" data-orig-file=\"http:\/\/desireemartinphoto.com\/blog\/wp-content\/uploads\/2013\/02\/Indianos-2013-BLOG-SEP-b-01.jpg\" data-orig-size=\"500,225\" data-comments-opened=\"1\" data-image-meta=\"{&quot;aperture&quot;:&quot;6.3&quot;,&quot;credit&quot;:&quot;&quot;,&quot;camera&quot;:&quot;Canon EOS 5D Mark II&quot;,&quot;caption&quot;:&quot;&quot;,&quot;created_timestamp&quot;:&quot;1360601416&quot;,&quot;copyright&quot;:&quot;&quot;,&quot;focal_length&quot;:&quot;22&quot;,&quot;iso&quot;:&quot;200&quot;,&quot;shutter_speed&quot;:&quot;0.01&quot;,&quot;title&quot;:&quot;&quot;}\" data-image-title=\"Indianos 2013 BLOG SEP b  01\" data-image-description=\"\" data-medium-file=\"http:\/\/desireemartinphoto.com\/blog\/wp-content\/uploads\/2013\/02\/Indianos-2013-BLOG-SEP-b-01-300x135.jpg\" data-large-file=\"http:\/\/desireemartinphoto.com\/blog\/wp-content\/uploads\/2013\/02\/Indianos-2013-BLOG-SEP-b-01.jpg\" loading=\"lazy\" class=\"alignleft size-full wp-image-2400\" alt=\"Indianos 2013 BLOG SEP b  01\" src=\"http:\/\/desireemartinphoto.com\/blog\/wp-content\/uploads\/2013\/02\/Indianos-2013-BLOG-SEP-b-01.jpg\" width=\"500\" height=\"225\" srcset=\"http:\/\/desireemartinphoto.com\/blog\/wp-content\/uploads\/2013\/02\/Indianos-2013-BLOG-SEP-b-01.jpg 500w, http:\/\/desireemartinphoto.com\/blog\/wp-content\/uploads\/2013\/02\/Indianos-2013-BLOG-SEP-b-01-300x135.jpg 300w\" sizes=\"(max-width: 500px) 100vw, 500px\" \/><\/a><\/p>\n<p>&nbsp;<\/p>\n<p>&nbsp;<\/p>\n<p>&nbsp;<\/p>\n<p>&nbsp;<\/p>\n<p>&nbsp;<\/p>\n<p>&nbsp;<\/p>\n<p>&nbsp;<\/p>\n<p><a href=\"http:\/\/desireemartinphoto.com\/blog\/?attachment_id=2401\" rel=\"attachment wp-att-2401\"><img data-attachment-id=\"2401\" data-permalink=\"http:\/\/desireemartinphoto.com\/blog\/indianos-2013\/indianos-2013-blog-sep-b-02\/\" data-orig-file=\"http:\/\/desireemartinphoto.com\/blog\/wp-content\/uploads\/2013\/02\/Indianos-2013-BLOG-SEP-b-02.jpg\" data-orig-size=\"500,449\" data-comments-opened=\"1\" data-image-meta=\"{&quot;aperture&quot;:&quot;6.3&quot;,&quot;credit&quot;:&quot;&quot;,&quot;camera&quot;:&quot;Canon EOS 5D Mark II&quot;,&quot;caption&quot;:&quot;&quot;,&quot;created_timestamp&quot;:&quot;1360590092&quot;,&quot;copyright&quot;:&quot;&quot;,&quot;focal_length&quot;:&quot;16&quot;,&quot;iso&quot;:&quot;200&quot;,&quot;shutter_speed&quot;:&quot;0.002&quot;,&quot;title&quot;:&quot;&quot;}\" data-image-title=\"Indianos 2013 BLOG SEP b  02\" data-image-description=\"\" data-medium-file=\"http:\/\/desireemartinphoto.com\/blog\/wp-content\/uploads\/2013\/02\/Indianos-2013-BLOG-SEP-b-02-300x269.jpg\" data-large-file=\"http:\/\/desireemartinphoto.com\/blog\/wp-content\/uploads\/2013\/02\/Indianos-2013-BLOG-SEP-b-02.jpg\" loading=\"lazy\" class=\"alignleft size-full wp-image-2401\" alt=\"Indianos 2013 BLOG SEP b  02\" src=\"http:\/\/desireemartinphoto.com\/blog\/wp-content\/uploads\/2013\/02\/Indianos-2013-BLOG-SEP-b-02.jpg\" width=\"500\" height=\"449\" srcset=\"http:\/\/desireemartinphoto.com\/blog\/wp-content\/uploads\/2013\/02\/Indianos-2013-BLOG-SEP-b-02.jpg 500w, http:\/\/desireemartinphoto.com\/blog\/wp-content\/uploads\/2013\/02\/Indianos-2013-BLOG-SEP-b-02-300x269.jpg 300w\" sizes=\"(max-width: 500px) 100vw, 500px\" \/><\/a><\/p>\n<p>&nbsp;<\/p>\n<p>&nbsp;<\/p>\n<p>&nbsp;<\/p>\n<p>&nbsp;<\/p>\n<p>&nbsp;<\/p>\n<p>&nbsp;<\/p>\n<p>&nbsp;<\/p>\n<p>&nbsp;<\/p>\n<p>&nbsp;<\/p>\n<p>&nbsp;<\/p>\n<p>&nbsp;<\/p>\n<p>&nbsp;<\/p>\n<p><a href=\"http:\/\/desireemartinphoto.com\/blog\/?attachment_id=2406\" rel=\"attachment wp-att-2406\"><img data-attachment-id=\"2406\" data-permalink=\"http:\/\/desireemartinphoto.com\/blog\/indianos-2013\/spain-carnival-10\/\" data-orig-file=\"http:\/\/desireemartinphoto.com\/blog\/wp-content\/uploads\/2013\/02\/Indianos-2013-BLOG-SEP-b-03.jpg\" data-orig-size=\"500,431\" data-comments-opened=\"1\" data-image-meta=\"{&quot;aperture&quot;:&quot;6.3&quot;,&quot;credit&quot;:&quot;DESIREE MARTIN&quot;,&quot;camera&quot;:&quot;Canon EOS 5D Mark II&quot;,&quot;caption&quot;:&quot;People throw talcum powder at one another as they take part in the carnival \\&quot;Los Indianos\\&quot; (the Indians) in Santa Cruz de la Palma, on the Spanish Canary island of Las Palma on February 11, 2013.  AFP PHOTO \\\/ DESIREE MARTIN&quot;,&quot;created_timestamp&quot;:&quot;1360591006&quot;,&quot;copyright&quot;:&quot;AFP ImageForum&quot;,&quot;focal_length&quot;:&quot;16&quot;,&quot;iso&quot;:&quot;200&quot;,&quot;shutter_speed&quot;:&quot;0.0025&quot;,&quot;title&quot;:&quot;SPAIN-CARNIVAL&quot;}\" data-image-title=\"SPAIN-CARNIVAL\" data-image-description=\"&lt;p&gt;People throw talcum powder at one another as they take part in the carnival &#8220;Los Indianos&#8221; (the Indians) in Santa Cruz de la Palma, on the Spanish Canary island of Las Palma on February 11, 2013.  AFP PHOTO \/ DESIREE MARTIN&lt;\/p&gt;\n\" data-medium-file=\"http:\/\/desireemartinphoto.com\/blog\/wp-content\/uploads\/2013\/02\/Indianos-2013-BLOG-SEP-b-03-300x258.jpg\" data-large-file=\"http:\/\/desireemartinphoto.com\/blog\/wp-content\/uploads\/2013\/02\/Indianos-2013-BLOG-SEP-b-03.jpg\" loading=\"lazy\" class=\"alignleft size-full wp-image-2406\" alt=\"SPAIN-CARNIVAL\" src=\"http:\/\/desireemartinphoto.com\/blog\/wp-content\/uploads\/2013\/02\/Indianos-2013-BLOG-SEP-b-03.jpg\" width=\"500\" height=\"431\" srcset=\"http:\/\/desireemartinphoto.com\/blog\/wp-content\/uploads\/2013\/02\/Indianos-2013-BLOG-SEP-b-03.jpg 500w, http:\/\/desireemartinphoto.com\/blog\/wp-content\/uploads\/2013\/02\/Indianos-2013-BLOG-SEP-b-03-300x258.jpg 300w\" sizes=\"(max-width: 500px) 100vw, 500px\" \/><\/a><\/p>\n<p>&nbsp;<\/p>\n<p>&nbsp;<\/p>\n<p>&nbsp;<\/p>\n<p>&nbsp;<\/p>\n<p>&nbsp;<\/p>\n<p>&nbsp;<\/p>\n<p>&nbsp;<\/p>\n<p>&nbsp;<\/p>\n<p>&nbsp;<\/p>\n<p>&nbsp;<\/p>\n<p>&nbsp;<\/p>\n<p><a href=\"http:\/\/desireemartinphoto.com\/blog\/?attachment_id=2407\" rel=\"attachment wp-att-2407\"><img data-attachment-id=\"2407\" data-permalink=\"http:\/\/desireemartinphoto.com\/blog\/indianos-2013\/spain-carnival-11\/\" data-orig-file=\"http:\/\/desireemartinphoto.com\/blog\/wp-content\/uploads\/2013\/02\/Indianos-2013-BLOG-SEP-b-04.jpg\" data-orig-size=\"500,316\" data-comments-opened=\"1\" data-image-meta=\"{&quot;aperture&quot;:&quot;6.3&quot;,&quot;credit&quot;:&quot;DESIREE MARTIN&quot;,&quot;camera&quot;:&quot;Canon EOS 5D Mark II&quot;,&quot;caption&quot;:&quot;People throw talcum powder at one another as they take part in the carnival \\&quot;Los Indianos\\&quot; (the Indians) in Santa Cruz de la Palma, on the Spanish Canary island of Las Palma on February 11, 2013.  AFP PHOTO \\\/ DESIREE MARTIN&quot;,&quot;created_timestamp&quot;:&quot;1360583606&quot;,&quot;copyright&quot;:&quot;AFP ImageForum&quot;,&quot;focal_length&quot;:&quot;16&quot;,&quot;iso&quot;:&quot;200&quot;,&quot;shutter_speed&quot;:&quot;0.003125&quot;,&quot;title&quot;:&quot;SPAIN-CARNIVAL&quot;}\" data-image-title=\"SPAIN-CARNIVAL\" data-image-description=\"&lt;p&gt;People throw talcum powder at one another as they take part in the carnival &#8220;Los Indianos&#8221; (the Indians) in Santa Cruz de la Palma, on the Spanish Canary island of Las Palma on February 11, 2013.  AFP PHOTO \/ DESIREE MARTIN&lt;\/p&gt;\n\" data-medium-file=\"http:\/\/desireemartinphoto.com\/blog\/wp-content\/uploads\/2013\/02\/Indianos-2013-BLOG-SEP-b-04-300x189.jpg\" data-large-file=\"http:\/\/desireemartinphoto.com\/blog\/wp-content\/uploads\/2013\/02\/Indianos-2013-BLOG-SEP-b-04.jpg\" loading=\"lazy\" class=\"alignleft size-full wp-image-2407\" alt=\"SPAIN-CARNIVAL\" src=\"http:\/\/desireemartinphoto.com\/blog\/wp-content\/uploads\/2013\/02\/Indianos-2013-BLOG-SEP-b-04.jpg\" width=\"500\" height=\"316\" srcset=\"http:\/\/desireemartinphoto.com\/blog\/wp-content\/uploads\/2013\/02\/Indianos-2013-BLOG-SEP-b-04.jpg 500w, http:\/\/desireemartinphoto.com\/blog\/wp-content\/uploads\/2013\/02\/Indianos-2013-BLOG-SEP-b-04-300x189.jpg 300w\" sizes=\"(max-width: 500px) 100vw, 500px\" \/><\/a><\/p>\n<p>&nbsp;<\/p>\n<p>&nbsp;<\/p>\n<p>&nbsp;<\/p>\n<p>&nbsp;<\/p>\n<p>&nbsp;<\/p>\n<p>&nbsp;<\/p>\n<p>&nbsp;<\/p>\n<p>&nbsp;<\/p>\n<p><a href=\"http:\/\/desireemartinphoto.com\/blog\/?attachment_id=2408\" rel=\"attachment wp-att-2408\"><img data-attachment-id=\"2408\" data-permalink=\"http:\/\/desireemartinphoto.com\/blog\/indianos-2013\/indianos-2013-blog-sep-b-05\/\" data-orig-file=\"http:\/\/desireemartinphoto.com\/blog\/wp-content\/uploads\/2013\/02\/Indianos-2013-BLOG-SEP-b-05.jpg\" data-orig-size=\"500,316\" data-comments-opened=\"1\" data-image-meta=\"{&quot;aperture&quot;:&quot;6.3&quot;,&quot;credit&quot;:&quot;&quot;,&quot;camera&quot;:&quot;Canon EOS 5D Mark II&quot;,&quot;caption&quot;:&quot;&quot;,&quot;created_timestamp&quot;:&quot;1360590233&quot;,&quot;copyright&quot;:&quot;&quot;,&quot;focal_length&quot;:&quot;16&quot;,&quot;iso&quot;:&quot;200&quot;,&quot;shutter_speed&quot;:&quot;0.0025&quot;,&quot;title&quot;:&quot;&quot;}\" data-image-title=\"Indianos 2013 BLOG SEP b  05\" data-image-description=\"\" data-medium-file=\"http:\/\/desireemartinphoto.com\/blog\/wp-content\/uploads\/2013\/02\/Indianos-2013-BLOG-SEP-b-05-300x189.jpg\" data-large-file=\"http:\/\/desireemartinphoto.com\/blog\/wp-content\/uploads\/2013\/02\/Indianos-2013-BLOG-SEP-b-05.jpg\" loading=\"lazy\" class=\"alignleft size-full wp-image-2408\" alt=\"Indianos 2013 BLOG SEP b  05\" src=\"http:\/\/desireemartinphoto.com\/blog\/wp-content\/uploads\/2013\/02\/Indianos-2013-BLOG-SEP-b-05.jpg\" width=\"500\" height=\"316\" srcset=\"http:\/\/desireemartinphoto.com\/blog\/wp-content\/uploads\/2013\/02\/Indianos-2013-BLOG-SEP-b-05.jpg 500w, http:\/\/desireemartinphoto.com\/blog\/wp-content\/uploads\/2013\/02\/Indianos-2013-BLOG-SEP-b-05-300x189.jpg 300w\" sizes=\"(max-width: 500px) 100vw, 500px\" \/><\/a><\/p>\n<p>&nbsp;<\/p>\n<p>&nbsp;<\/p>\n<p>&nbsp;<\/p>\n<p>&nbsp;<\/p>\n<p>&nbsp;<\/p>\n<p>&nbsp;<\/p>\n<p>&nbsp;<\/p>\n<p>&nbsp;<\/p>\n<p>&nbsp;<\/p>\n<p>&nbsp;<\/p>\n<p><a href=\"http:\/\/desireemartinphoto.com\/blog\/?attachment_id=2409\" rel=\"attachment wp-att-2409\"><img data-attachment-id=\"2409\" data-permalink=\"http:\/\/desireemartinphoto.com\/blog\/indianos-2013\/spain-carnival-12\/\" data-orig-file=\"http:\/\/desireemartinphoto.com\/blog\/wp-content\/uploads\/2013\/02\/Indianos-2013-BLOG-SEP-b-06.jpg\" data-orig-size=\"500,333\" data-comments-opened=\"1\" data-image-meta=\"{&quot;aperture&quot;:&quot;6.3&quot;,&quot;credit&quot;:&quot;DESIREE MARTIN&quot;,&quot;camera&quot;:&quot;Canon EOS 5D Mark II&quot;,&quot;caption&quot;:&quot;People throw talcum powder at one another as they take part in the carnival \\&quot;Los Indianos\\&quot; (the Indians) in Santa Cruz de la Palma, on the Spanish Canary island of Las Palma on February 11, 2013.  AFP PHOTO \\\/ DESIREE MARTIN&quot;,&quot;created_timestamp&quot;:&quot;1360589845&quot;,&quot;copyright&quot;:&quot;AFP ImageForum&quot;,&quot;focal_length&quot;:&quot;35&quot;,&quot;iso&quot;:&quot;200&quot;,&quot;shutter_speed&quot;:&quot;0.0015625&quot;,&quot;title&quot;:&quot;SPAIN-CARNIVAL&quot;}\" data-image-title=\"SPAIN-CARNIVAL\" data-image-description=\"&lt;p&gt;People throw talcum powder at one another as they take part in the carnival &#8220;Los Indianos&#8221; (the Indians) in Santa Cruz de la Palma, on the Spanish Canary island of Las Palma on February 11, 2013.  AFP PHOTO \/ DESIREE MARTIN&lt;\/p&gt;\n\" data-medium-file=\"http:\/\/desireemartinphoto.com\/blog\/wp-content\/uploads\/2013\/02\/Indianos-2013-BLOG-SEP-b-06-300x199.jpg\" data-large-file=\"http:\/\/desireemartinphoto.com\/blog\/wp-content\/uploads\/2013\/02\/Indianos-2013-BLOG-SEP-b-06.jpg\" loading=\"lazy\" class=\"alignleft size-full wp-image-2409\" alt=\"SPAIN-CARNIVAL\" src=\"http:\/\/desireemartinphoto.com\/blog\/wp-content\/uploads\/2013\/02\/Indianos-2013-BLOG-SEP-b-06.jpg\" width=\"500\" height=\"333\" srcset=\"http:\/\/desireemartinphoto.com\/blog\/wp-content\/uploads\/2013\/02\/Indianos-2013-BLOG-SEP-b-06.jpg 500w, http:\/\/desireemartinphoto.com\/blog\/wp-content\/uploads\/2013\/02\/Indianos-2013-BLOG-SEP-b-06-300x199.jpg 300w\" sizes=\"(max-width: 500px) 100vw, 500px\" \/><\/a><\/p>\n<p>&nbsp;<\/p>\n<p>&nbsp;<\/p>\n<p>&nbsp;<\/p>\n<p>&nbsp;<\/p>\n<p>&nbsp;<\/p>\n<p>&nbsp;<\/p>\n<p>&nbsp;<\/p>\n<p>&nbsp;<\/p>\n<p>&nbsp;<\/p>\n<p><a href=\"http:\/\/desireemartinphoto.com\/blog\/?attachment_id=2410\" rel=\"attachment wp-att-2410\"><img data-attachment-id=\"2410\" data-permalink=\"http:\/\/desireemartinphoto.com\/blog\/indianos-2013\/spain-carnival-13\/\" data-orig-file=\"http:\/\/desireemartinphoto.com\/blog\/wp-content\/uploads\/2013\/02\/Indianos-2013-BLOG-SEP-b-07.jpg\" data-orig-size=\"500,477\" data-comments-opened=\"1\" data-image-meta=\"{&quot;aperture&quot;:&quot;7.1&quot;,&quot;credit&quot;:&quot;DESIREE MARTIN&quot;,&quot;camera&quot;:&quot;Canon EOS 5D Mark II&quot;,&quot;caption&quot;:&quot;People throw talcum powder at one another as they take part in the carnival \\&quot;Los Indianos\\&quot; (the Indians) in Santa Cruz de la Palma, on the Spanish Canary island of Las Palma on February 11, 2013.  AFP PHOTO \\\/ DESIREE MARTIN&quot;,&quot;created_timestamp&quot;:&quot;1360603722&quot;,&quot;copyright&quot;:&quot;AFP ImageForum&quot;,&quot;focal_length&quot;:&quot;24&quot;,&quot;iso&quot;:&quot;500&quot;,&quot;shutter_speed&quot;:&quot;0.0025&quot;,&quot;title&quot;:&quot;SPAIN-CARNIVAL&quot;}\" data-image-title=\"SPAIN-CARNIVAL\" data-image-description=\"&lt;p&gt;People throw talcum powder at one another as they take part in the carnival &#8220;Los Indianos&#8221; (the Indians) in Santa Cruz de la Palma, on the Spanish Canary island of Las Palma on February 11, 2013.  AFP PHOTO \/ DESIREE MARTIN&lt;\/p&gt;\n\" data-medium-file=\"http:\/\/desireemartinphoto.com\/blog\/wp-content\/uploads\/2013\/02\/Indianos-2013-BLOG-SEP-b-07-300x286.jpg\" data-large-file=\"http:\/\/desireemartinphoto.com\/blog\/wp-content\/uploads\/2013\/02\/Indianos-2013-BLOG-SEP-b-07.jpg\" loading=\"lazy\" class=\"alignleft size-full wp-image-2410\" alt=\"SPAIN-CARNIVAL\" src=\"http:\/\/desireemartinphoto.com\/blog\/wp-content\/uploads\/2013\/02\/Indianos-2013-BLOG-SEP-b-07.jpg\" width=\"500\" height=\"477\" srcset=\"http:\/\/desireemartinphoto.com\/blog\/wp-content\/uploads\/2013\/02\/Indianos-2013-BLOG-SEP-b-07.jpg 500w, http:\/\/desireemartinphoto.com\/blog\/wp-content\/uploads\/2013\/02\/Indianos-2013-BLOG-SEP-b-07-300x286.jpg 300w\" sizes=\"(max-width: 500px) 100vw, 500px\" \/><\/a><\/p>\n<p>&nbsp;<\/p>\n<p>&nbsp;<\/p>\n<p>&nbsp;<\/p>\n<p>&nbsp;<\/p>\n<p>&nbsp;<\/p>\n<p>&nbsp;<\/p>\n<p>&nbsp;<\/p>\n<p>&nbsp;<\/p>\n<p>&nbsp;<\/p>\n<p>&nbsp;<\/p>\n<p>&nbsp;<\/p>\n<p><a href=\"http:\/\/desireemartinphoto.com\/blog\/?attachment_id=2411\" rel=\"attachment wp-att-2411\"><img data-attachment-id=\"2411\" data-permalink=\"http:\/\/desireemartinphoto.com\/blog\/indianos-2013\/indianos-2013-blog-sep-b-08\/\" data-orig-file=\"http:\/\/desireemartinphoto.com\/blog\/wp-content\/uploads\/2013\/02\/Indianos-2013-BLOG-SEP-b-08.jpg\" data-orig-size=\"500,333\" data-comments-opened=\"1\" data-image-meta=\"{&quot;aperture&quot;:&quot;7.1&quot;,&quot;credit&quot;:&quot;&quot;,&quot;camera&quot;:&quot;Canon EOS 5D Mark II&quot;,&quot;caption&quot;:&quot;&quot;,&quot;created_timestamp&quot;:&quot;1360603710&quot;,&quot;copyright&quot;:&quot;&quot;,&quot;focal_length&quot;:&quot;16&quot;,&quot;iso&quot;:&quot;500&quot;,&quot;shutter_speed&quot;:&quot;0.003125&quot;,&quot;title&quot;:&quot;&quot;}\" data-image-title=\"Indianos 2013 BLOG SEP b  08\" data-image-description=\"\" data-medium-file=\"http:\/\/desireemartinphoto.com\/blog\/wp-content\/uploads\/2013\/02\/Indianos-2013-BLOG-SEP-b-08-300x199.jpg\" data-large-file=\"http:\/\/desireemartinphoto.com\/blog\/wp-content\/uploads\/2013\/02\/Indianos-2013-BLOG-SEP-b-08.jpg\" loading=\"lazy\" class=\"alignleft size-full wp-image-2411\" alt=\"Indianos 2013 BLOG SEP b  08\" src=\"http:\/\/desireemartinphoto.com\/blog\/wp-content\/uploads\/2013\/02\/Indianos-2013-BLOG-SEP-b-08.jpg\" width=\"500\" height=\"333\" srcset=\"http:\/\/desireemartinphoto.com\/blog\/wp-content\/uploads\/2013\/02\/Indianos-2013-BLOG-SEP-b-08.jpg 500w, http:\/\/desireemartinphoto.com\/blog\/wp-content\/uploads\/2013\/02\/Indianos-2013-BLOG-SEP-b-08-300x199.jpg 300w\" sizes=\"(max-width: 500px) 100vw, 500px\" \/><\/a><\/p>\n<p>&nbsp;<\/p>\n<p>&nbsp;<\/p>\n<p>&nbsp;<\/p>\n<p>&nbsp;<\/p>\n<p>&nbsp;<\/p>\n<p>&nbsp;<\/p>\n<p>&nbsp;<\/p>\n<p>&nbsp;<\/p>\n<p>&nbsp;<\/p>\n<p><a href=\"http:\/\/desireemartinphoto.com\/blog\/?attachment_id=2412\" rel=\"attachment wp-att-2412\"><img data-attachment-id=\"2412\" data-permalink=\"http:\/\/desireemartinphoto.com\/blog\/indianos-2013\/indianos-2013-blog-sep-b-09\/\" data-orig-file=\"http:\/\/desireemartinphoto.com\/blog\/wp-content\/uploads\/2013\/02\/Indianos-2013-BLOG-SEP-b-09.jpg\" data-orig-size=\"500,322\" data-comments-opened=\"1\" data-image-meta=\"{&quot;aperture&quot;:&quot;6.3&quot;,&quot;credit&quot;:&quot;&quot;,&quot;camera&quot;:&quot;Canon EOS 5D Mark II&quot;,&quot;caption&quot;:&quot;&quot;,&quot;created_timestamp&quot;:&quot;1360590218&quot;,&quot;copyright&quot;:&quot;&quot;,&quot;focal_length&quot;:&quot;16&quot;,&quot;iso&quot;:&quot;200&quot;,&quot;shutter_speed&quot;:&quot;0.002&quot;,&quot;title&quot;:&quot;&quot;}\" data-image-title=\"Indianos 2013 BLOG SEP b  09\" data-image-description=\"\" data-medium-file=\"http:\/\/desireemartinphoto.com\/blog\/wp-content\/uploads\/2013\/02\/Indianos-2013-BLOG-SEP-b-09-300x193.jpg\" data-large-file=\"http:\/\/desireemartinphoto.com\/blog\/wp-content\/uploads\/2013\/02\/Indianos-2013-BLOG-SEP-b-09.jpg\" loading=\"lazy\" class=\"alignleft size-full wp-image-2412\" alt=\"Indianos 2013 BLOG SEP b  09\" src=\"http:\/\/desireemartinphoto.com\/blog\/wp-content\/uploads\/2013\/02\/Indianos-2013-BLOG-SEP-b-09.jpg\" width=\"500\" height=\"322\" srcset=\"http:\/\/desireemartinphoto.com\/blog\/wp-content\/uploads\/2013\/02\/Indianos-2013-BLOG-SEP-b-09.jpg 500w, http:\/\/desireemartinphoto.com\/blog\/wp-content\/uploads\/2013\/02\/Indianos-2013-BLOG-SEP-b-09-300x193.jpg 300w\" sizes=\"(max-width: 500px) 100vw, 500px\" \/><\/a><\/p>\n<p>&nbsp;<\/p>\n<p>&nbsp;<\/p>\n<p>&nbsp;<\/p>\n<p>&nbsp;<\/p>\n<p>&nbsp;<\/p>\n<p>&nbsp;<\/p>\n<p>&nbsp;<\/p>\n<p>&nbsp;<\/p>\n<p>&nbsp;<\/p>\n<p><a href=\"http:\/\/desireemartinphoto.com\/blog\/?attachment_id=2413\" rel=\"attachment wp-att-2413\"><img data-attachment-id=\"2413\" data-permalink=\"http:\/\/desireemartinphoto.com\/blog\/indianos-2013\/indianos-2013-blog-sep-b-10\/\" data-orig-file=\"http:\/\/desireemartinphoto.com\/blog\/wp-content\/uploads\/2013\/02\/Indianos-2013-BLOG-SEP-b-10.jpg\" data-orig-size=\"500,321\" data-comments-opened=\"1\" data-image-meta=\"{&quot;aperture&quot;:&quot;6.3&quot;,&quot;credit&quot;:&quot;&quot;,&quot;camera&quot;:&quot;Canon EOS 5D Mark II&quot;,&quot;caption&quot;:&quot;&quot;,&quot;created_timestamp&quot;:&quot;1360590203&quot;,&quot;copyright&quot;:&quot;&quot;,&quot;focal_length&quot;:&quot;16&quot;,&quot;iso&quot;:&quot;200&quot;,&quot;shutter_speed&quot;:&quot;0.0025&quot;,&quot;title&quot;:&quot;&quot;}\" data-image-title=\"Indianos 2013 BLOG SEP b  10\" data-image-description=\"\" data-medium-file=\"http:\/\/desireemartinphoto.com\/blog\/wp-content\/uploads\/2013\/02\/Indianos-2013-BLOG-SEP-b-10-300x192.jpg\" data-large-file=\"http:\/\/desireemartinphoto.com\/blog\/wp-content\/uploads\/2013\/02\/Indianos-2013-BLOG-SEP-b-10.jpg\" loading=\"lazy\" class=\"alignleft size-full wp-image-2413\" alt=\"Indianos 2013 BLOG SEP b  10\" src=\"http:\/\/desireemartinphoto.com\/blog\/wp-content\/uploads\/2013\/02\/Indianos-2013-BLOG-SEP-b-10.jpg\" width=\"500\" height=\"321\" srcset=\"http:\/\/desireemartinphoto.com\/blog\/wp-content\/uploads\/2013\/02\/Indianos-2013-BLOG-SEP-b-10.jpg 500w, http:\/\/desireemartinphoto.com\/blog\/wp-content\/uploads\/2013\/02\/Indianos-2013-BLOG-SEP-b-10-300x192.jpg 300w\" sizes=\"(max-width: 500px) 100vw, 500px\" \/><\/a><\/p>\n<p>&nbsp;<\/p>\n<p>&nbsp;<\/p>\n<p>&nbsp;<\/p>\n<p>&nbsp;<\/p>\n<p>&nbsp;<\/p>\n<p>&nbsp;<\/p>\n<p>&nbsp;<\/p>\n<p>&nbsp;<\/p>\n<p>&nbsp;<\/p>\n<p>&nbsp;<\/p>\n<p><a href=\"http:\/\/desireemartinphoto.com\/blog\/?attachment_id=2414\" rel=\"attachment wp-att-2414\"><img data-attachment-id=\"2414\" data-permalink=\"http:\/\/desireemartinphoto.com\/blog\/indianos-2013\/indianos-2013-blog-sep-b-11\/\" data-orig-file=\"http:\/\/desireemartinphoto.com\/blog\/wp-content\/uploads\/2013\/02\/Indianos-2013-BLOG-SEP-b-11.jpg\" data-orig-size=\"500,322\" data-comments-opened=\"1\" data-image-meta=\"{&quot;aperture&quot;:&quot;6.3&quot;,&quot;credit&quot;:&quot;&quot;,&quot;camera&quot;:&quot;Canon EOS 5D Mark II&quot;,&quot;caption&quot;:&quot;&quot;,&quot;created_timestamp&quot;:&quot;1360583175&quot;,&quot;copyright&quot;:&quot;&quot;,&quot;focal_length&quot;:&quot;16&quot;,&quot;iso&quot;:&quot;200&quot;,&quot;shutter_speed&quot;:&quot;0.004&quot;,&quot;title&quot;:&quot;&quot;}\" data-image-title=\"Indianos 2013 BLOG SEP b  11\" data-image-description=\"\" data-medium-file=\"http:\/\/desireemartinphoto.com\/blog\/wp-content\/uploads\/2013\/02\/Indianos-2013-BLOG-SEP-b-11-300x193.jpg\" data-large-file=\"http:\/\/desireemartinphoto.com\/blog\/wp-content\/uploads\/2013\/02\/Indianos-2013-BLOG-SEP-b-11.jpg\" loading=\"lazy\" class=\"alignleft size-full wp-image-2414\" alt=\"Indianos 2013 BLOG SEP b  11\" src=\"http:\/\/desireemartinphoto.com\/blog\/wp-content\/uploads\/2013\/02\/Indianos-2013-BLOG-SEP-b-11.jpg\" width=\"500\" height=\"322\" srcset=\"http:\/\/desireemartinphoto.com\/blog\/wp-content\/uploads\/2013\/02\/Indianos-2013-BLOG-SEP-b-11.jpg 500w, http:\/\/desireemartinphoto.com\/blog\/wp-content\/uploads\/2013\/02\/Indianos-2013-BLOG-SEP-b-11-300x193.jpg 300w\" sizes=\"(max-width: 500px) 100vw, 500px\" \/><\/a><\/p>\n<p>&nbsp;<\/p>\n<p>&nbsp;<\/p>\n<p>&nbsp;<\/p>\n<p>&nbsp;<\/p>\n<p>&nbsp;<\/p>\n<p>&nbsp;<\/p>\n<p>&nbsp;<\/p>\n<p>&nbsp;<\/p>\n<p>&nbsp;<\/p>\n<p>&nbsp;<\/p>\n<p><a href=\"http:\/\/desireemartinphoto.com\/blog\/?attachment_id=2415\" rel=\"attachment wp-att-2415\"><img data-attachment-id=\"2415\" data-permalink=\"http:\/\/desireemartinphoto.com\/blog\/indianos-2013\/spain-carnival-14\/\" data-orig-file=\"http:\/\/desireemartinphoto.com\/blog\/wp-content\/uploads\/2013\/02\/Indianos-2013-BLOG-SEP-b-12.jpg\" data-orig-size=\"500,333\" data-comments-opened=\"1\" data-image-meta=\"{&quot;aperture&quot;:&quot;6.3&quot;,&quot;credit&quot;:&quot;DESIREE MARTIN&quot;,&quot;camera&quot;:&quot;Canon EOS 5D Mark II&quot;,&quot;caption&quot;:&quot;People throw talcum powder at one another as they take part in the carnival \\&quot;Los Indianos\\&quot; (the Indians) in Santa Cruz de la Palma, on the Spanish Canary island of Las Palma on February 11, 2013.  AFP PHOTO \\\/ DESIREE MARTIN&quot;,&quot;created_timestamp&quot;:&quot;1360590569&quot;,&quot;copyright&quot;:&quot;AFP ImageForum&quot;,&quot;focal_length&quot;:&quot;25&quot;,&quot;iso&quot;:&quot;200&quot;,&quot;shutter_speed&quot;:&quot;0.003125&quot;,&quot;title&quot;:&quot;SPAIN-CARNIVAL&quot;}\" data-image-title=\"SPAIN-CARNIVAL\" data-image-description=\"&lt;p&gt;People throw talcum powder at one another as they take part in the carnival &#8220;Los Indianos&#8221; (the Indians) in Santa Cruz de la Palma, on the Spanish Canary island of Las Palma on February 11, 2013.  AFP PHOTO \/ DESIREE MARTIN&lt;\/p&gt;\n\" data-medium-file=\"http:\/\/desireemartinphoto.com\/blog\/wp-content\/uploads\/2013\/02\/Indianos-2013-BLOG-SEP-b-12-300x199.jpg\" data-large-file=\"http:\/\/desireemartinphoto.com\/blog\/wp-content\/uploads\/2013\/02\/Indianos-2013-BLOG-SEP-b-12.jpg\" loading=\"lazy\" class=\"alignleft size-full wp-image-2415\" alt=\"SPAIN-CARNIVAL\" src=\"http:\/\/desireemartinphoto.com\/blog\/wp-content\/uploads\/2013\/02\/Indianos-2013-BLOG-SEP-b-12.jpg\" width=\"500\" height=\"333\" srcset=\"http:\/\/desireemartinphoto.com\/blog\/wp-content\/uploads\/2013\/02\/Indianos-2013-BLOG-SEP-b-12.jpg 500w, http:\/\/desireemartinphoto.com\/blog\/wp-content\/uploads\/2013\/02\/Indianos-2013-BLOG-SEP-b-12-300x199.jpg 300w\" sizes=\"(max-width: 500px) 100vw, 500px\" \/><\/a><\/p>\n<p>&nbsp;<\/p>\n<p>&nbsp;<\/p>\n<p>&nbsp;<\/p>\n<p>&nbsp;<\/p>\n<p>&nbsp;<\/p>\n<p>&nbsp;<\/p>\n<p>&nbsp;<\/p>\n<p>&nbsp;<\/p>\n<p>&nbsp;<\/p>\n<p>&nbsp;<\/p>\n<p><a href=\"http:\/\/desireemartinphoto.com\/blog\/?attachment_id=2416\" rel=\"attachment wp-att-2416\"><img data-attachment-id=\"2416\" data-permalink=\"http:\/\/desireemartinphoto.com\/blog\/indianos-2013\/indianos-2013-blog-sep-b-13\/\" data-orig-file=\"http:\/\/desireemartinphoto.com\/blog\/wp-content\/uploads\/2013\/02\/Indianos-2013-BLOG-SEP-b-13.jpg\" data-orig-size=\"500,333\" data-comments-opened=\"1\" data-image-meta=\"{&quot;aperture&quot;:&quot;5.6&quot;,&quot;credit&quot;:&quot;&quot;,&quot;camera&quot;:&quot;Canon EOS 5D Mark II&quot;,&quot;caption&quot;:&quot;&quot;,&quot;created_timestamp&quot;:&quot;1360582693&quot;,&quot;copyright&quot;:&quot;&quot;,&quot;focal_length&quot;:&quot;25&quot;,&quot;iso&quot;:&quot;200&quot;,&quot;shutter_speed&quot;:&quot;0.003125&quot;,&quot;title&quot;:&quot;&quot;}\" data-image-title=\"Indianos 2013 BLOG SEP b  13\" data-image-description=\"\" data-medium-file=\"http:\/\/desireemartinphoto.com\/blog\/wp-content\/uploads\/2013\/02\/Indianos-2013-BLOG-SEP-b-13-300x199.jpg\" data-large-file=\"http:\/\/desireemartinphoto.com\/blog\/wp-content\/uploads\/2013\/02\/Indianos-2013-BLOG-SEP-b-13.jpg\" loading=\"lazy\" class=\"alignleft size-full wp-image-2416\" alt=\"Indianos 2013 BLOG SEP b  13\" src=\"http:\/\/desireemartinphoto.com\/blog\/wp-content\/uploads\/2013\/02\/Indianos-2013-BLOG-SEP-b-13.jpg\" width=\"500\" height=\"333\" srcset=\"http:\/\/desireemartinphoto.com\/blog\/wp-content\/uploads\/2013\/02\/Indianos-2013-BLOG-SEP-b-13.jpg 500w, http:\/\/desireemartinphoto.com\/blog\/wp-content\/uploads\/2013\/02\/Indianos-2013-BLOG-SEP-b-13-300x199.jpg 300w\" sizes=\"(max-width: 500px) 100vw, 500px\" \/><\/a><\/p>\n<p>&nbsp;<\/p>\n<p>&nbsp;<\/p>\n<p>&nbsp;<\/p>\n<p>&nbsp;<\/p>\n<p>&nbsp;<\/p>\n<p>&nbsp;<\/p>\n<p>&nbsp;<\/p>\n<p>&nbsp;<\/p>\n<p>&nbsp;<\/p>\n<p>&nbsp;<\/p>\n<p>&nbsp;<\/p>\n<p><a href=\"http:\/\/desireemartinphoto.com\/blog\/?attachment_id=2417\" rel=\"attachment wp-att-2417\"><img data-attachment-id=\"2417\" data-permalink=\"http:\/\/desireemartinphoto.com\/blog\/indianos-2013\/indianos-2013-blog-sep-b-14\/\" data-orig-file=\"http:\/\/desireemartinphoto.com\/blog\/wp-content\/uploads\/2013\/02\/Indianos-2013-BLOG-SEP-b-14.jpg\" data-orig-size=\"500,318\" data-comments-opened=\"1\" data-image-meta=\"{&quot;aperture&quot;:&quot;5.6&quot;,&quot;credit&quot;:&quot;&quot;,&quot;camera&quot;:&quot;Canon EOS 5D Mark II&quot;,&quot;caption&quot;:&quot;&quot;,&quot;created_timestamp&quot;:&quot;1360582743&quot;,&quot;copyright&quot;:&quot;&quot;,&quot;focal_length&quot;:&quot;16&quot;,&quot;iso&quot;:&quot;200&quot;,&quot;shutter_speed&quot;:&quot;0.003125&quot;,&quot;title&quot;:&quot;&quot;}\" data-image-title=\"Indianos 2013 BLOG SEP b  14\" data-image-description=\"\" data-medium-file=\"http:\/\/desireemartinphoto.com\/blog\/wp-content\/uploads\/2013\/02\/Indianos-2013-BLOG-SEP-b-14-300x190.jpg\" data-large-file=\"http:\/\/desireemartinphoto.com\/blog\/wp-content\/uploads\/2013\/02\/Indianos-2013-BLOG-SEP-b-14.jpg\" loading=\"lazy\" class=\"alignleft size-full wp-image-2417\" alt=\"Indianos 2013 BLOG SEP b  14\" src=\"http:\/\/desireemartinphoto.com\/blog\/wp-content\/uploads\/2013\/02\/Indianos-2013-BLOG-SEP-b-14.jpg\" width=\"500\" height=\"318\" srcset=\"http:\/\/desireemartinphoto.com\/blog\/wp-content\/uploads\/2013\/02\/Indianos-2013-BLOG-SEP-b-14.jpg 500w, http:\/\/desireemartinphoto.com\/blog\/wp-content\/uploads\/2013\/02\/Indianos-2013-BLOG-SEP-b-14-300x190.jpg 300w\" sizes=\"(max-width: 500px) 100vw, 500px\" \/><\/a><\/p>\n<p>&nbsp;<\/p>\n<p>&nbsp;<\/p>\n<p>&nbsp;<\/p>\n<p>&nbsp;<\/p>\n<p>&nbsp;<\/p>\n<p>&nbsp;<\/p>\n<p>&nbsp;<\/p>\n<p>&nbsp;<\/p>\n<p>&nbsp;<\/p>\n<p><a href=\"http:\/\/desireemartinphoto.com\/blog\/?attachment_id=2419\" rel=\"attachment wp-att-2419\"><img data-attachment-id=\"2419\" data-permalink=\"http:\/\/desireemartinphoto.com\/blog\/indianos-2013\/indianos-2013-blog-sep-b-15\/\" data-orig-file=\"http:\/\/desireemartinphoto.com\/blog\/wp-content\/uploads\/2013\/02\/Indianos-2013-BLOG-SEP-b-15.jpg\" data-orig-size=\"500,275\" data-comments-opened=\"1\" data-image-meta=\"{&quot;aperture&quot;:&quot;6.3&quot;,&quot;credit&quot;:&quot;&quot;,&quot;camera&quot;:&quot;Canon EOS 5D Mark II&quot;,&quot;caption&quot;:&quot;&quot;,&quot;created_timestamp&quot;:&quot;1360590427&quot;,&quot;copyright&quot;:&quot;&quot;,&quot;focal_length&quot;:&quot;16&quot;,&quot;iso&quot;:&quot;200&quot;,&quot;shutter_speed&quot;:&quot;0.003125&quot;,&quot;title&quot;:&quot;&quot;}\" data-image-title=\"Indianos 2013 BLOG SEP b  15\" data-image-description=\"\" data-medium-file=\"http:\/\/desireemartinphoto.com\/blog\/wp-content\/uploads\/2013\/02\/Indianos-2013-BLOG-SEP-b-15-300x165.jpg\" data-large-file=\"http:\/\/desireemartinphoto.com\/blog\/wp-content\/uploads\/2013\/02\/Indianos-2013-BLOG-SEP-b-15.jpg\" loading=\"lazy\" class=\"alignleft size-full wp-image-2419\" alt=\"Indianos 2013 BLOG SEP b  15\" src=\"http:\/\/desireemartinphoto.com\/blog\/wp-content\/uploads\/2013\/02\/Indianos-2013-BLOG-SEP-b-15.jpg\" width=\"500\" height=\"275\" srcset=\"http:\/\/desireemartinphoto.com\/blog\/wp-content\/uploads\/2013\/02\/Indianos-2013-BLOG-SEP-b-15.jpg 500w, http:\/\/desireemartinphoto.com\/blog\/wp-content\/uploads\/2013\/02\/Indianos-2013-BLOG-SEP-b-15-300x165.jpg 300w\" sizes=\"(max-width: 500px) 100vw, 500px\" \/><\/a><\/p>\n<p>&nbsp;<\/p>\n<p>&nbsp;<\/p>\n<p>&nbsp;<\/p>\n<p>&nbsp;<\/p>\n<p>&nbsp;<\/p>\n<p>&nbsp;<\/p>\n<p>&nbsp;<\/p>\n<p>&nbsp;<\/p>\n<p>&nbsp;<\/p>\n<p><a href=\"http:\/\/desireemartinphoto.com\/blog\/?attachment_id=2418\" rel=\"attachment wp-att-2418\"><img data-attachment-id=\"2418\" data-permalink=\"http:\/\/desireemartinphoto.com\/blog\/indianos-2013\/spain-carnival-15\/\" data-orig-file=\"http:\/\/desireemartinphoto.com\/blog\/wp-content\/uploads\/2013\/02\/Indianos-2013-BLOG-SEP-b-16.jpg\" data-orig-size=\"500,301\" data-comments-opened=\"1\" data-image-meta=\"{&quot;aperture&quot;:&quot;7.1&quot;,&quot;credit&quot;:&quot;DESIREE MARTIN&quot;,&quot;camera&quot;:&quot;Canon EOS 5D Mark II&quot;,&quot;caption&quot;:&quot;People throw talcum powder at one another as they take part in the carnival \\&quot;Los Indianos\\&quot; (the Indians) in Santa Cruz de la Palma, on the Spanish Canary island of Las Palma on February 11, 2013.  AFP PHOTO \\\/ DESIREE MARTIN&quot;,&quot;created_timestamp&quot;:&quot;1360603448&quot;,&quot;copyright&quot;:&quot;AFP ImageForum&quot;,&quot;focal_length&quot;:&quot;16&quot;,&quot;iso&quot;:&quot;500&quot;,&quot;shutter_speed&quot;:&quot;0.003125&quot;,&quot;title&quot;:&quot;SPAIN-CARNIVAL&quot;}\" data-image-title=\"SPAIN-CARNIVAL\" data-image-description=\"&lt;p&gt;People throw talcum powder at one another as they take part in the carnival &#8220;Los Indianos&#8221; (the Indians) in Santa Cruz de la Palma, on the Spanish Canary island of Las Palma on February 11, 2013.  AFP PHOTO \/ DESIREE MARTIN&lt;\/p&gt;\n\" data-medium-file=\"http:\/\/desireemartinphoto.com\/blog\/wp-content\/uploads\/2013\/02\/Indianos-2013-BLOG-SEP-b-16-300x180.jpg\" data-large-file=\"http:\/\/desireemartinphoto.com\/blog\/wp-content\/uploads\/2013\/02\/Indianos-2013-BLOG-SEP-b-16.jpg\" loading=\"lazy\" class=\"alignleft size-full wp-image-2418\" alt=\"SPAIN-CARNIVAL\" src=\"http:\/\/desireemartinphoto.com\/blog\/wp-content\/uploads\/2013\/02\/Indianos-2013-BLOG-SEP-b-16.jpg\" width=\"500\" height=\"301\" srcset=\"http:\/\/desireemartinphoto.com\/blog\/wp-content\/uploads\/2013\/02\/Indianos-2013-BLOG-SEP-b-16.jpg 500w, http:\/\/desireemartinphoto.com\/blog\/wp-content\/uploads\/2013\/02\/Indianos-2013-BLOG-SEP-b-16-300x180.jpg 300w\" sizes=\"(max-width: 500px) 100vw, 500px\" \/><\/a><\/p>\n<p>&nbsp;<\/p>\n<p>&nbsp;<\/p>\n<p>&nbsp;<\/p>\n<p>&nbsp;<\/p>\n<p>&nbsp;<\/p>\n<p>&nbsp;<\/p>\n<p>&nbsp;<\/p>\n<p>&nbsp;<\/p>\n<p>&nbsp;<\/p>\n<p>&nbsp;<\/p>\n<p><a href=\"http:\/\/desireemartinphoto.com\/blog\/?attachment_id=2420\" rel=\"attachment wp-att-2420\"><img data-attachment-id=\"2420\" data-permalink=\"http:\/\/desireemartinphoto.com\/blog\/indianos-2013\/indianos-2013-blog-sep-b-17\/\" data-orig-file=\"http:\/\/desireemartinphoto.com\/blog\/wp-content\/uploads\/2013\/02\/Indianos-2013-BLOG-SEP-b-17.jpg\" data-orig-size=\"500,412\" data-comments-opened=\"1\" data-image-meta=\"{&quot;aperture&quot;:&quot;6.3&quot;,&quot;credit&quot;:&quot;&quot;,&quot;camera&quot;:&quot;Canon EOS 5D Mark II&quot;,&quot;caption&quot;:&quot;&quot;,&quot;created_timestamp&quot;:&quot;1360590595&quot;,&quot;copyright&quot;:&quot;&quot;,&quot;focal_length&quot;:&quot;16&quot;,&quot;iso&quot;:&quot;200&quot;,&quot;shutter_speed&quot;:&quot;0.003125&quot;,&quot;title&quot;:&quot;&quot;}\" data-image-title=\"Indianos 2013 BLOG SEP b  17\" data-image-description=\"\" data-medium-file=\"http:\/\/desireemartinphoto.com\/blog\/wp-content\/uploads\/2013\/02\/Indianos-2013-BLOG-SEP-b-17-300x247.jpg\" data-large-file=\"http:\/\/desireemartinphoto.com\/blog\/wp-content\/uploads\/2013\/02\/Indianos-2013-BLOG-SEP-b-17.jpg\" loading=\"lazy\" class=\"alignleft size-full wp-image-2420\" alt=\"Indianos 2013 BLOG SEP b  17\" src=\"http:\/\/desireemartinphoto.com\/blog\/wp-content\/uploads\/2013\/02\/Indianos-2013-BLOG-SEP-b-17.jpg\" width=\"500\" height=\"412\" srcset=\"http:\/\/desireemartinphoto.com\/blog\/wp-content\/uploads\/2013\/02\/Indianos-2013-BLOG-SEP-b-17.jpg 500w, http:\/\/desireemartinphoto.com\/blog\/wp-content\/uploads\/2013\/02\/Indianos-2013-BLOG-SEP-b-17-300x247.jpg 300w\" sizes=\"(max-width: 500px) 100vw, 500px\" \/><\/a><\/p>\n<p>&nbsp;<\/p>\n<p>&nbsp;<\/p>\n<p>&nbsp;<\/p>\n<p>&nbsp;<\/p>\n<p>&nbsp;<\/p>\n<p>&nbsp;<\/p>\n<p>&nbsp;<\/p>\n<p>&nbsp;<\/p>\n<p>&nbsp;<\/p>\n<p>&nbsp;<\/p>\n<p>&nbsp;<\/p>\n<p>&nbsp;<\/p>\n<p>&nbsp;<\/p>\n<p><a href=\"http:\/\/desireemartinphoto.com\/blog\/?attachment_id=2421\" rel=\"attachment wp-att-2421\"><img data-attachment-id=\"2421\" data-permalink=\"http:\/\/desireemartinphoto.com\/blog\/indianos-2013\/spain-carnival-16\/\" data-orig-file=\"http:\/\/desireemartinphoto.com\/blog\/wp-content\/uploads\/2013\/02\/Indianos-2013-BLOG-SEP-b-18.jpg\" data-orig-size=\"500,333\" data-comments-opened=\"1\" data-image-meta=\"{&quot;aperture&quot;:&quot;7.1&quot;,&quot;credit&quot;:&quot;DESIREE MARTIN&quot;,&quot;camera&quot;:&quot;Canon EOS 5D Mark II&quot;,&quot;caption&quot;:&quot;People throw talcum powder at one another as they take part in the carnival \\&quot;Los Indianos\\&quot; (the Indians) in Santa Cruz de la Palma, on the Spanish Canary island of Las Palma on February 11, 2013.  AFP PHOTO \\\/ DESIREE MARTIN&quot;,&quot;created_timestamp&quot;:&quot;1360603444&quot;,&quot;copyright&quot;:&quot;AFP ImageForum&quot;,&quot;focal_length&quot;:&quot;16&quot;,&quot;iso&quot;:&quot;500&quot;,&quot;shutter_speed&quot;:&quot;0.003125&quot;,&quot;title&quot;:&quot;SPAIN-CARNIVAL&quot;}\" data-image-title=\"SPAIN-CARNIVAL\" data-image-description=\"&lt;p&gt;People throw talcum powder at one another as they take part in the carnival &#8220;Los Indianos&#8221; (the Indians) in Santa Cruz de la Palma, on the Spanish Canary island of Las Palma on February 11, 2013.  AFP PHOTO \/ DESIREE MARTIN&lt;\/p&gt;\n\" data-medium-file=\"http:\/\/desireemartinphoto.com\/blog\/wp-content\/uploads\/2013\/02\/Indianos-2013-BLOG-SEP-b-18-300x199.jpg\" data-large-file=\"http:\/\/desireemartinphoto.com\/blog\/wp-content\/uploads\/2013\/02\/Indianos-2013-BLOG-SEP-b-18.jpg\" loading=\"lazy\" class=\"alignleft size-full wp-image-2421\" alt=\"SPAIN-CARNIVAL\" src=\"http:\/\/desireemartinphoto.com\/blog\/wp-content\/uploads\/2013\/02\/Indianos-2013-BLOG-SEP-b-18.jpg\" width=\"500\" height=\"333\" srcset=\"http:\/\/desireemartinphoto.com\/blog\/wp-content\/uploads\/2013\/02\/Indianos-2013-BLOG-SEP-b-18.jpg 500w, http:\/\/desireemartinphoto.com\/blog\/wp-content\/uploads\/2013\/02\/Indianos-2013-BLOG-SEP-b-18-300x199.jpg 300w\" sizes=\"(max-width: 500px) 100vw, 500px\" \/><\/a><\/p>\n<p>&nbsp;<\/p>\n<p>&nbsp;<\/p>\n<p>&nbsp;<\/p>\n<p>&nbsp;<\/p>\n<p>&nbsp;<\/p>\n<p>&nbsp;<\/p>\n<p>&nbsp;<\/p>\n<p>&nbsp;<\/p>\n<p>&nbsp;<\/p>\n<p><a href=\"http:\/\/desireemartinphoto.com\/blog\/?attachment_id=2422\" rel=\"attachment wp-att-2422\"><img data-attachment-id=\"2422\" data-permalink=\"http:\/\/desireemartinphoto.com\/blog\/indianos-2013\/indianos-2013-blog-sep-b-19\/\" data-orig-file=\"http:\/\/desireemartinphoto.com\/blog\/wp-content\/uploads\/2013\/02\/Indianos-2013-BLOG-SEP-b-19.jpg\" data-orig-size=\"500,277\" data-comments-opened=\"1\" data-image-meta=\"{&quot;aperture&quot;:&quot;6.3&quot;,&quot;credit&quot;:&quot;&quot;,&quot;camera&quot;:&quot;Canon EOS 5D Mark II&quot;,&quot;caption&quot;:&quot;&quot;,&quot;created_timestamp&quot;:&quot;1360601486&quot;,&quot;copyright&quot;:&quot;&quot;,&quot;focal_length&quot;:&quot;27&quot;,&quot;iso&quot;:&quot;200&quot;,&quot;shutter_speed&quot;:&quot;0.00625&quot;,&quot;title&quot;:&quot;&quot;}\" data-image-title=\"Indianos 2013 BLOG SEP b  19\" data-image-description=\"\" data-medium-file=\"http:\/\/desireemartinphoto.com\/blog\/wp-content\/uploads\/2013\/02\/Indianos-2013-BLOG-SEP-b-19-300x166.jpg\" data-large-file=\"http:\/\/desireemartinphoto.com\/blog\/wp-content\/uploads\/2013\/02\/Indianos-2013-BLOG-SEP-b-19.jpg\" loading=\"lazy\" class=\"alignleft size-full wp-image-2422\" alt=\"Indianos 2013 BLOG SEP b  19\" src=\"http:\/\/desireemartinphoto.com\/blog\/wp-content\/uploads\/2013\/02\/Indianos-2013-BLOG-SEP-b-19.jpg\" width=\"500\" height=\"277\" srcset=\"http:\/\/desireemartinphoto.com\/blog\/wp-content\/uploads\/2013\/02\/Indianos-2013-BLOG-SEP-b-19.jpg 500w, http:\/\/desireemartinphoto.com\/blog\/wp-content\/uploads\/2013\/02\/Indianos-2013-BLOG-SEP-b-19-300x166.jpg 300w\" sizes=\"(max-width: 500px) 100vw, 500px\" \/><\/a><\/p>\n<p>&nbsp;<\/p>\n<p>&nbsp;<\/p>\n<p>&nbsp;<\/p>\n<p>&nbsp;<\/p>\n<p>&nbsp;<\/p>\n<p>&nbsp;<\/p>\n<p>&nbsp;<\/p>\n<p>&nbsp;<\/p>\n<p>&nbsp;<\/p>\n<p><a href=\"http:\/\/desireemartinphoto.com\/blog\/?attachment_id=2423\" rel=\"attachment wp-att-2423\"><img data-attachment-id=\"2423\" data-permalink=\"http:\/\/desireemartinphoto.com\/blog\/indianos-2013\/indianos-2013-blog-sep-b-20\/\" data-orig-file=\"http:\/\/desireemartinphoto.com\/blog\/wp-content\/uploads\/2013\/02\/Indianos-2013-BLOG-SEP-b-20.jpg\" data-orig-size=\"500,387\" data-comments-opened=\"1\" data-image-meta=\"{&quot;aperture&quot;:&quot;6.3&quot;,&quot;credit&quot;:&quot;&quot;,&quot;camera&quot;:&quot;Canon EOS 5D Mark II&quot;,&quot;caption&quot;:&quot;&quot;,&quot;created_timestamp&quot;:&quot;1360590618&quot;,&quot;copyright&quot;:&quot;&quot;,&quot;focal_length&quot;:&quot;22&quot;,&quot;iso&quot;:&quot;200&quot;,&quot;shutter_speed&quot;:&quot;0.0025&quot;,&quot;title&quot;:&quot;&quot;}\" data-image-title=\"Indianos 2013 BLOG SEP b  20\" data-image-description=\"\" data-medium-file=\"http:\/\/desireemartinphoto.com\/blog\/wp-content\/uploads\/2013\/02\/Indianos-2013-BLOG-SEP-b-20-300x232.jpg\" data-large-file=\"http:\/\/desireemartinphoto.com\/blog\/wp-content\/uploads\/2013\/02\/Indianos-2013-BLOG-SEP-b-20.jpg\" loading=\"lazy\" class=\"alignleft size-full wp-image-2423\" alt=\"Indianos 2013 BLOG SEP b  20\" src=\"http:\/\/desireemartinphoto.com\/blog\/wp-content\/uploads\/2013\/02\/Indianos-2013-BLOG-SEP-b-20.jpg\" width=\"500\" height=\"387\" srcset=\"http:\/\/desireemartinphoto.com\/blog\/wp-content\/uploads\/2013\/02\/Indianos-2013-BLOG-SEP-b-20.jpg 500w, http:\/\/desireemartinphoto.com\/blog\/wp-content\/uploads\/2013\/02\/Indianos-2013-BLOG-SEP-b-20-300x232.jpg 300w\" sizes=\"(max-width: 500px) 100vw, 500px\" \/><\/a><\/p>\n<p>&nbsp;<\/p>\n<p>&nbsp;<\/p>\n<p>&nbsp;<\/p>\n<p>&nbsp;<\/p>\n<p>&nbsp;<\/p>\n<p>&nbsp;<\/p>\n<p>&nbsp;<\/p>\n<p>&nbsp;<\/p>\n<p>&nbsp;<\/p>\n<p>&nbsp;<\/p>\n<p>&nbsp;<\/p>\n<p>&nbsp;<\/p>\n<p><a href=\"http:\/\/desireemartinphoto.com\/blog\/?attachment_id=2424\" rel=\"attachment wp-att-2424\"><img data-attachment-id=\"2424\" data-permalink=\"http:\/\/desireemartinphoto.com\/blog\/indianos-2013\/spain-carnival-17\/\" data-orig-file=\"http:\/\/desireemartinphoto.com\/blog\/wp-content\/uploads\/2013\/02\/Indianos-2013-BLOG-SEP-b-21.jpg\" data-orig-size=\"500,337\" data-comments-opened=\"1\" data-image-meta=\"{&quot;aperture&quot;:&quot;7.1&quot;,&quot;credit&quot;:&quot;DESIREE MARTIN&quot;,&quot;camera&quot;:&quot;Canon EOS 5D Mark II&quot;,&quot;caption&quot;:&quot;People throw talcum powder at one another as they take part in the carnival \\&quot;Los Indianos\\&quot; (the Indians) in Santa Cruz de la Palma, on the Spanish Canary island of Las Palma on February 11, 2013.  AFP PHOTO \\\/ DESIREE MARTIN&quot;,&quot;created_timestamp&quot;:&quot;1360603647&quot;,&quot;copyright&quot;:&quot;AFP ImageForum&quot;,&quot;focal_length&quot;:&quot;16&quot;,&quot;iso&quot;:&quot;500&quot;,&quot;shutter_speed&quot;:&quot;0.003125&quot;,&quot;title&quot;:&quot;SPAIN-CARNIVAL&quot;}\" data-image-title=\"SPAIN-CARNIVAL\" data-image-description=\"&lt;p&gt;People throw talcum powder at one another as they take part in the carnival &#8220;Los Indianos&#8221; (the Indians) in Santa Cruz de la Palma, on the Spanish Canary island of Las Palma on February 11, 2013.  AFP PHOTO \/ DESIREE MARTIN&lt;\/p&gt;\n\" data-medium-file=\"http:\/\/desireemartinphoto.com\/blog\/wp-content\/uploads\/2013\/02\/Indianos-2013-BLOG-SEP-b-21-300x202.jpg\" data-large-file=\"http:\/\/desireemartinphoto.com\/blog\/wp-content\/uploads\/2013\/02\/Indianos-2013-BLOG-SEP-b-21.jpg\" loading=\"lazy\" class=\"alignleft size-full wp-image-2424\" alt=\"SPAIN-CARNIVAL\" src=\"http:\/\/desireemartinphoto.com\/blog\/wp-content\/uploads\/2013\/02\/Indianos-2013-BLOG-SEP-b-21.jpg\" width=\"500\" height=\"337\" srcset=\"http:\/\/desireemartinphoto.com\/blog\/wp-content\/uploads\/2013\/02\/Indianos-2013-BLOG-SEP-b-21.jpg 500w, http:\/\/desireemartinphoto.com\/blog\/wp-content\/uploads\/2013\/02\/Indianos-2013-BLOG-SEP-b-21-300x202.jpg 300w\" sizes=\"(max-width: 500px) 100vw, 500px\" \/><\/a><\/p>\n<p>&nbsp;<\/p>\n<p>&nbsp;<\/p>\n<p>&nbsp;<\/p>\n<p>&nbsp;<\/p>\n<p>&nbsp;<\/p>\n<p>&nbsp;<\/p>\n<p>&nbsp;<\/p>\n<p>&nbsp;<\/p>\n<p>&nbsp;<\/p>\n<p>&nbsp;<\/p>\n<p>&nbsp;<\/p>\n<p><a href=\"http:\/\/desireemartinphoto.com\/blog\/?attachment_id=2426\" rel=\"attachment wp-att-2426\"><img data-attachment-id=\"2426\" data-permalink=\"http:\/\/desireemartinphoto.com\/blog\/indianos-2013\/indianos-2013-blog-sep-b-23\/\" data-orig-file=\"http:\/\/desireemartinphoto.com\/blog\/wp-content\/uploads\/2013\/02\/Indianos-2013-BLOG-SEP-b-23.jpg\" data-orig-size=\"500,308\" data-comments-opened=\"1\" data-image-meta=\"{&quot;aperture&quot;:&quot;6.3&quot;,&quot;credit&quot;:&quot;&quot;,&quot;camera&quot;:&quot;Canon EOS 5D Mark II&quot;,&quot;caption&quot;:&quot;&quot;,&quot;created_timestamp&quot;:&quot;1360601234&quot;,&quot;copyright&quot;:&quot;&quot;,&quot;focal_length&quot;:&quot;30&quot;,&quot;iso&quot;:&quot;200&quot;,&quot;shutter_speed&quot;:&quot;0.00625&quot;,&quot;title&quot;:&quot;&quot;}\" data-image-title=\"Indianos 2013 BLOG SEP b  23\" data-image-description=\"\" data-medium-file=\"http:\/\/desireemartinphoto.com\/blog\/wp-content\/uploads\/2013\/02\/Indianos-2013-BLOG-SEP-b-23-300x184.jpg\" data-large-file=\"http:\/\/desireemartinphoto.com\/blog\/wp-content\/uploads\/2013\/02\/Indianos-2013-BLOG-SEP-b-23.jpg\" loading=\"lazy\" class=\"alignleft size-full wp-image-2426\" alt=\"Indianos 2013 BLOG SEP b  23\" src=\"http:\/\/desireemartinphoto.com\/blog\/wp-content\/uploads\/2013\/02\/Indianos-2013-BLOG-SEP-b-23.jpg\" width=\"500\" height=\"308\" srcset=\"http:\/\/desireemartinphoto.com\/blog\/wp-content\/uploads\/2013\/02\/Indianos-2013-BLOG-SEP-b-23.jpg 500w, http:\/\/desireemartinphoto.com\/blog\/wp-content\/uploads\/2013\/02\/Indianos-2013-BLOG-SEP-b-23-300x184.jpg 300w\" sizes=\"(max-width: 500px) 100vw, 500px\" \/><\/a><\/p>\n<p>&nbsp;<\/p>\n<p>&nbsp;<\/p>\n<p>&nbsp;<\/p>\n<p>&nbsp;<\/p>\n<p>&nbsp;<\/p>\n<p>&nbsp;<\/p>\n<p>&nbsp;<\/p>\n<p>&nbsp;<\/p>\n<p>&nbsp;<\/p>\n<p>&nbsp;<\/p>\n<p><a href=\"http:\/\/desireemartinphoto.com\/blog\/?attachment_id=2427\" rel=\"attachment wp-att-2427\"><img data-attachment-id=\"2427\" data-permalink=\"http:\/\/desireemartinphoto.com\/blog\/indianos-2013\/indianos-2013-blog-sep-b-24\/\" data-orig-file=\"http:\/\/desireemartinphoto.com\/blog\/wp-content\/uploads\/2013\/02\/Indianos-2013-BLOG-SEP-b-24.jpg\" data-orig-size=\"500,716\" data-comments-opened=\"1\" data-image-meta=\"{&quot;aperture&quot;:&quot;5.6&quot;,&quot;credit&quot;:&quot;&quot;,&quot;camera&quot;:&quot;Canon EOS 5D Mark II&quot;,&quot;caption&quot;:&quot;&quot;,&quot;created_timestamp&quot;:&quot;1360611614&quot;,&quot;copyright&quot;:&quot;&quot;,&quot;focal_length&quot;:&quot;16&quot;,&quot;iso&quot;:&quot;3200&quot;,&quot;shutter_speed&quot;:&quot;0.04&quot;,&quot;title&quot;:&quot;&quot;}\" data-image-title=\"Indianos 2013 BLOG SEP b  24\" data-image-description=\"\" data-medium-file=\"http:\/\/desireemartinphoto.com\/blog\/wp-content\/uploads\/2013\/02\/Indianos-2013-BLOG-SEP-b-24-209x300.jpg\" data-large-file=\"http:\/\/desireemartinphoto.com\/blog\/wp-content\/uploads\/2013\/02\/Indianos-2013-BLOG-SEP-b-24.jpg\" loading=\"lazy\" class=\"alignleft size-full wp-image-2427\" alt=\"Indianos 2013 BLOG SEP b  24\" src=\"http:\/\/desireemartinphoto.com\/blog\/wp-content\/uploads\/2013\/02\/Indianos-2013-BLOG-SEP-b-24.jpg\" width=\"500\" height=\"716\" srcset=\"http:\/\/desireemartinphoto.com\/blog\/wp-content\/uploads\/2013\/02\/Indianos-2013-BLOG-SEP-b-24.jpg 500w, http:\/\/desireemartinphoto.com\/blog\/wp-content\/uploads\/2013\/02\/Indianos-2013-BLOG-SEP-b-24-209x300.jpg 209w\" sizes=\"(max-width: 500px) 100vw, 500px\" \/><\/a><\/p>\n<p>&nbsp;<\/p>\n<p>&nbsp;<\/p>\n<p>&nbsp;<\/p>\n<p>&nbsp;<\/p>\n<p>&nbsp;<\/p>\n<p>&nbsp;<\/p>\n<p>&nbsp;<\/p>\n<p>&nbsp;<\/p>\n<p>&nbsp;<\/p>\n<p>&nbsp;<\/p>\n<p>&nbsp;<\/p>\n<p>&nbsp;<\/p>\n<p>&nbsp;<\/p>\n<p>&nbsp;<\/p>\n<p>&nbsp;<\/p>\n<p>&nbsp;<\/p>\n<p>&nbsp;<\/p>\n<p>&nbsp;<\/p>\n<p><a href=\"http:\/\/desireemartinphoto.com\/blog\/?attachment_id=2428\" rel=\"attachment wp-att-2428\"><img data-attachment-id=\"2428\" data-permalink=\"http:\/\/desireemartinphoto.com\/blog\/indianos-2013\/indianos-2013-blog-sep-b-25\/\" data-orig-file=\"http:\/\/desireemartinphoto.com\/blog\/wp-content\/uploads\/2013\/02\/Indianos-2013-BLOG-SEP-b-25.jpg\" data-orig-size=\"500,432\" data-comments-opened=\"1\" data-image-meta=\"{&quot;aperture&quot;:&quot;5.6&quot;,&quot;credit&quot;:&quot;&quot;,&quot;camera&quot;:&quot;Canon EOS 5D Mark II&quot;,&quot;caption&quot;:&quot;&quot;,&quot;created_timestamp&quot;:&quot;1360611577&quot;,&quot;copyright&quot;:&quot;&quot;,&quot;focal_length&quot;:&quot;23&quot;,&quot;iso&quot;:&quot;3200&quot;,&quot;shutter_speed&quot;:&quot;0.02&quot;,&quot;title&quot;:&quot;&quot;}\" data-image-title=\"Indianos 2013 BLOG SEP b  25\" data-image-description=\"\" data-medium-file=\"http:\/\/desireemartinphoto.com\/blog\/wp-content\/uploads\/2013\/02\/Indianos-2013-BLOG-SEP-b-25-300x259.jpg\" data-large-file=\"http:\/\/desireemartinphoto.com\/blog\/wp-content\/uploads\/2013\/02\/Indianos-2013-BLOG-SEP-b-25.jpg\" loading=\"lazy\" class=\"alignleft size-full wp-image-2428\" alt=\"Indianos 2013 BLOG SEP b  25\" src=\"http:\/\/desireemartinphoto.com\/blog\/wp-content\/uploads\/2013\/02\/Indianos-2013-BLOG-SEP-b-25.jpg\" width=\"500\" height=\"432\" srcset=\"http:\/\/desireemartinphoto.com\/blog\/wp-content\/uploads\/2013\/02\/Indianos-2013-BLOG-SEP-b-25.jpg 500w, http:\/\/desireemartinphoto.com\/blog\/wp-content\/uploads\/2013\/02\/Indianos-2013-BLOG-SEP-b-25-300x259.jpg 300w\" sizes=\"(max-width: 500px) 100vw, 500px\" \/><\/a><\/p>\n<p>&nbsp;<\/p>\n<p>&nbsp;<\/p>\n<p>&nbsp;<\/p>\n<p>&nbsp;<\/p>\n<p>&nbsp;<\/p>\n<p>&nbsp;<\/p>\n<p>&nbsp;<\/p>\n<p>&nbsp;<\/p>\n<p>&nbsp;<\/p>\n<p>&nbsp;<\/p>\n<p><a href=\"http:\/\/desireemartinphoto.com\/blog\/?attachment_id=2429\" rel=\"attachment wp-att-2429\"><img data-attachment-id=\"2429\" data-permalink=\"http:\/\/desireemartinphoto.com\/blog\/indianos-2013\/indianos-2013-blog-sep-b-26\/\" data-orig-file=\"http:\/\/desireemartinphoto.com\/blog\/wp-content\/uploads\/2013\/02\/Indianos-2013-BLOG-SEP-b-26.jpg\" data-orig-size=\"500,291\" data-comments-opened=\"1\" data-image-meta=\"{&quot;aperture&quot;:&quot;2.8&quot;,&quot;credit&quot;:&quot;&quot;,&quot;camera&quot;:&quot;Canon EOS 5D Mark II&quot;,&quot;caption&quot;:&quot;&quot;,&quot;created_timestamp&quot;:&quot;1360614414&quot;,&quot;copyright&quot;:&quot;&quot;,&quot;focal_length&quot;:&quot;24&quot;,&quot;iso&quot;:&quot;3200&quot;,&quot;shutter_speed&quot;:&quot;0.01&quot;,&quot;title&quot;:&quot;&quot;}\" data-image-title=\"Indianos 2013 BLOG SEP b  26\" data-image-description=\"\" data-medium-file=\"http:\/\/desireemartinphoto.com\/blog\/wp-content\/uploads\/2013\/02\/Indianos-2013-BLOG-SEP-b-26-300x174.jpg\" data-large-file=\"http:\/\/desireemartinphoto.com\/blog\/wp-content\/uploads\/2013\/02\/Indianos-2013-BLOG-SEP-b-26.jpg\" loading=\"lazy\" class=\"alignleft size-full wp-image-2429\" alt=\"Indianos 2013 BLOG SEP b  26\" src=\"http:\/\/desireemartinphoto.com\/blog\/wp-content\/uploads\/2013\/02\/Indianos-2013-BLOG-SEP-b-26.jpg\" width=\"500\" height=\"291\" srcset=\"http:\/\/desireemartinphoto.com\/blog\/wp-content\/uploads\/2013\/02\/Indianos-2013-BLOG-SEP-b-26.jpg 500w, http:\/\/desireemartinphoto.com\/blog\/wp-content\/uploads\/2013\/02\/Indianos-2013-BLOG-SEP-b-26-300x174.jpg 300w\" sizes=\"(max-width: 500px) 100vw, 500px\" \/><\/a><\/p>\n<p>&nbsp;<\/p>\n<p>&nbsp;<\/p>\n<p>&nbsp;<\/p>\n<p>&nbsp;<\/p>\n<p>&nbsp;<\/p>\n<p>&nbsp;<\/p>\n<p>&nbsp;<\/p>\n<p><a href=\"http:\/\/desireemartinphoto.com\/blog\/?attachment_id=2430\" rel=\"attachment wp-att-2430\"><img data-attachment-id=\"2430\" data-permalink=\"http:\/\/desireemartinphoto.com\/blog\/indianos-2013\/indianos-2013-blog-sep-b-27\/\" data-orig-file=\"http:\/\/desireemartinphoto.com\/blog\/wp-content\/uploads\/2013\/02\/Indianos-2013-BLOG-SEP-b-27.jpg\" data-orig-size=\"500,345\" data-comments-opened=\"1\" data-image-meta=\"{&quot;aperture&quot;:&quot;5.6&quot;,&quot;credit&quot;:&quot;&quot;,&quot;camera&quot;:&quot;Canon EOS 5D Mark II&quot;,&quot;caption&quot;:&quot;&quot;,&quot;created_timestamp&quot;:&quot;1360611766&quot;,&quot;copyright&quot;:&quot;&quot;,&quot;focal_length&quot;:&quot;16&quot;,&quot;iso&quot;:&quot;3200&quot;,&quot;shutter_speed&quot;:&quot;0.02&quot;,&quot;title&quot;:&quot;&quot;}\" data-image-title=\"Indianos 2013 BLOG SEP b  27\" data-image-description=\"\" data-medium-file=\"http:\/\/desireemartinphoto.com\/blog\/wp-content\/uploads\/2013\/02\/Indianos-2013-BLOG-SEP-b-27-300x207.jpg\" data-large-file=\"http:\/\/desireemartinphoto.com\/blog\/wp-content\/uploads\/2013\/02\/Indianos-2013-BLOG-SEP-b-27.jpg\" loading=\"lazy\" class=\"alignleft size-full wp-image-2430\" alt=\"Indianos 2013 BLOG SEP b  27\" src=\"http:\/\/desireemartinphoto.com\/blog\/wp-content\/uploads\/2013\/02\/Indianos-2013-BLOG-SEP-b-27.jpg\" width=\"500\" height=\"345\" srcset=\"http:\/\/desireemartinphoto.com\/blog\/wp-content\/uploads\/2013\/02\/Indianos-2013-BLOG-SEP-b-27.jpg 500w, http:\/\/desireemartinphoto.com\/blog\/wp-content\/uploads\/2013\/02\/Indianos-2013-BLOG-SEP-b-27-300x207.jpg 300w\" sizes=\"(max-width: 500px) 100vw, 500px\" \/><\/a><\/p>\n<p>&nbsp;<\/p>\n<p>&nbsp;<\/p>\n<p>&nbsp;<\/p>\n<p>&nbsp;<\/p>\n<p>&nbsp;<\/p>\n<p>&nbsp;<\/p>\n<p>&nbsp;<\/p>\n<p>&nbsp;<\/p>\n<p><a href=\"http:\/\/desireemartinphoto.com\/blog\/?attachment_id=2431\" rel=\"attachment wp-att-2431\"><img data-attachment-id=\"2431\" data-permalink=\"http:\/\/desireemartinphoto.com\/blog\/indianos-2013\/indianos-2013-blog-sep-b-28\/\" data-orig-file=\"http:\/\/desireemartinphoto.com\/blog\/wp-content\/uploads\/2013\/02\/Indianos-2013-BLOG-SEP-b-28.jpg\" data-orig-size=\"500,333\" data-comments-opened=\"1\" data-image-meta=\"{&quot;aperture&quot;:&quot;5.6&quot;,&quot;credit&quot;:&quot;&quot;,&quot;camera&quot;:&quot;Canon EOS 5D Mark II&quot;,&quot;caption&quot;:&quot;&quot;,&quot;created_timestamp&quot;:&quot;1360612663&quot;,&quot;copyright&quot;:&quot;&quot;,&quot;focal_length&quot;:&quot;16&quot;,&quot;iso&quot;:&quot;3200&quot;,&quot;shutter_speed&quot;:&quot;0.04&quot;,&quot;title&quot;:&quot;&quot;}\" data-image-title=\"Indianos 2013 BLOG SEP b  28\" data-image-description=\"\" data-medium-file=\"http:\/\/desireemartinphoto.com\/blog\/wp-content\/uploads\/2013\/02\/Indianos-2013-BLOG-SEP-b-28-300x199.jpg\" data-large-file=\"http:\/\/desireemartinphoto.com\/blog\/wp-content\/uploads\/2013\/02\/Indianos-2013-BLOG-SEP-b-28.jpg\" loading=\"lazy\" class=\"alignleft size-full wp-image-2431\" alt=\"Indianos 2013 BLOG SEP b  28\" src=\"http:\/\/desireemartinphoto.com\/blog\/wp-content\/uploads\/2013\/02\/Indianos-2013-BLOG-SEP-b-28.jpg\" width=\"500\" height=\"333\" srcset=\"http:\/\/desireemartinphoto.com\/blog\/wp-content\/uploads\/2013\/02\/Indianos-2013-BLOG-SEP-b-28.jpg 500w, http:\/\/desireemartinphoto.com\/blog\/wp-content\/uploads\/2013\/02\/Indianos-2013-BLOG-SEP-b-28-300x199.jpg 300w\" sizes=\"(max-width: 500px) 100vw, 500px\" \/><\/a><\/p>\n<p>&nbsp;<\/p>\n<p>&nbsp;<\/p>\n<p>&nbsp;<\/p>\n<p>&nbsp;<\/p>\n<p>&nbsp;<\/p>\n<p>&nbsp;<\/p>\n<p>&nbsp;<\/p>\n<p>&nbsp;<\/p>\n<p><a href=\"http:\/\/desireemartinphoto.com\/blog\/?attachment_id=2432\" rel=\"attachment wp-att-2432\"><img data-attachment-id=\"2432\" data-permalink=\"http:\/\/desireemartinphoto.com\/blog\/indianos-2013\/spain-carnival-18\/\" data-orig-file=\"http:\/\/desireemartinphoto.com\/blog\/wp-content\/uploads\/2013\/02\/Indianos-2013-BLOG-SEP-b-29.jpg\" data-orig-size=\"500,333\" data-comments-opened=\"1\" data-image-meta=\"{&quot;aperture&quot;:&quot;5.6&quot;,&quot;credit&quot;:&quot;DESIREE MARTIN&quot;,&quot;camera&quot;:&quot;Canon EOS 5D Mark II&quot;,&quot;caption&quot;:&quot;People throw talcum powder at one another as they take part in the carnival \\&quot;Los Indianos\\&quot; (the Indians) in Santa Cruz de la Palma, on the Spanish Canary island of Las Palma on February 11, 2013.  AFP PHOTO \\\/ DESIREE MARTIN&quot;,&quot;created_timestamp&quot;:&quot;1360612703&quot;,&quot;copyright&quot;:&quot;AFP ImageForum&quot;,&quot;focal_length&quot;:&quot;16&quot;,&quot;iso&quot;:&quot;3200&quot;,&quot;shutter_speed&quot;:&quot;0.033333333333333&quot;,&quot;title&quot;:&quot;SPAIN-CARNIVAL&quot;}\" data-image-title=\"SPAIN-CARNIVAL\" data-image-description=\"&lt;p&gt;People throw talcum powder at one another as they take part in the carnival &#8220;Los Indianos&#8221; (the Indians) in Santa Cruz de la Palma, on the Spanish Canary island of Las Palma on February 11, 2013.  AFP PHOTO \/ DESIREE MARTIN&lt;\/p&gt;\n\" data-medium-file=\"http:\/\/desireemartinphoto.com\/blog\/wp-content\/uploads\/2013\/02\/Indianos-2013-BLOG-SEP-b-29-300x199.jpg\" data-large-file=\"http:\/\/desireemartinphoto.com\/blog\/wp-content\/uploads\/2013\/02\/Indianos-2013-BLOG-SEP-b-29.jpg\" loading=\"lazy\" class=\"alignleft size-full wp-image-2432\" alt=\"SPAIN-CARNIVAL\" src=\"http:\/\/desireemartinphoto.com\/blog\/wp-content\/uploads\/2013\/02\/Indianos-2013-BLOG-SEP-b-29.jpg\" width=\"500\" height=\"333\" srcset=\"http:\/\/desireemartinphoto.com\/blog\/wp-content\/uploads\/2013\/02\/Indianos-2013-BLOG-SEP-b-29.jpg 500w, http:\/\/desireemartinphoto.com\/blog\/wp-content\/uploads\/2013\/02\/Indianos-2013-BLOG-SEP-b-29-300x199.jpg 300w\" sizes=\"(max-width: 500px) 100vw, 500px\" \/><\/a><\/p>\n<p>&nbsp;<\/p>\n<p>&nbsp;<\/p>\n<p>&nbsp;<\/p>\n<p>&nbsp;<\/p>\n<p>&nbsp;<\/p>\n<p>&nbsp;<\/p>\n<p>&nbsp;<\/p>\n<p>&nbsp;<\/p>\n<p><a href=\"http:\/\/desireemartinphoto.com\/blog\/?attachment_id=2435\" rel=\"attachment wp-att-2435\"><img data-attachment-id=\"2435\" data-permalink=\"http:\/\/desireemartinphoto.com\/blog\/indianos-2013\/indianos-2013-blog-sep-b-30-2\/\" data-orig-file=\"http:\/\/desireemartinphoto.com\/blog\/wp-content\/uploads\/2013\/02\/Indianos-2013-BLOG-SEP-b-301.jpg\" data-orig-size=\"500,333\" data-comments-opened=\"1\" data-image-meta=\"{&quot;aperture&quot;:&quot;2.8&quot;,&quot;credit&quot;:&quot;&quot;,&quot;camera&quot;:&quot;Canon EOS 5D Mark II&quot;,&quot;caption&quot;:&quot;&quot;,&quot;created_timestamp&quot;:&quot;1360616023&quot;,&quot;copyright&quot;:&quot;&quot;,&quot;focal_length&quot;:&quot;16&quot;,&quot;iso&quot;:&quot;3200&quot;,&quot;shutter_speed&quot;:&quot;0.005&quot;,&quot;title&quot;:&quot;&quot;}\" data-image-title=\"Indianos 2013 BLOG SEP b  30\" data-image-description=\"\" data-medium-file=\"http:\/\/desireemartinphoto.com\/blog\/wp-content\/uploads\/2013\/02\/Indianos-2013-BLOG-SEP-b-301-300x199.jpg\" data-large-file=\"http:\/\/desireemartinphoto.com\/blog\/wp-content\/uploads\/2013\/02\/Indianos-2013-BLOG-SEP-b-301.jpg\" loading=\"lazy\" class=\"alignleft size-full wp-image-2435\" alt=\"Indianos 2013 BLOG SEP b  30\" src=\"http:\/\/desireemartinphoto.com\/blog\/wp-content\/uploads\/2013\/02\/Indianos-2013-BLOG-SEP-b-301.jpg\" width=\"500\" height=\"333\" srcset=\"http:\/\/desireemartinphoto.com\/blog\/wp-content\/uploads\/2013\/02\/Indianos-2013-BLOG-SEP-b-301.jpg 500w, http:\/\/desireemartinphoto.com\/blog\/wp-content\/uploads\/2013\/02\/Indianos-2013-BLOG-SEP-b-301-300x199.jpg 300w\" sizes=\"(max-width: 500px) 100vw, 500px\" \/><\/a> <a href=\"http:\/\/desireemartinphoto.com\/blog\/?attachment_id=2436\" rel=\"attachment wp-att-2436\"><img data-attachment-id=\"2436\" data-permalink=\"http:\/\/desireemartinphoto.com\/blog\/indianos-2013\/indianos-2013-blog-sep-b-31-2\/\" data-orig-file=\"http:\/\/desireemartinphoto.com\/blog\/wp-content\/uploads\/2013\/02\/Indianos-2013-BLOG-SEP-b-311.jpg\" data-orig-size=\"500,333\" data-comments-opened=\"1\" data-image-meta=\"{&quot;aperture&quot;:&quot;5.6&quot;,&quot;credit&quot;:&quot;&quot;,&quot;camera&quot;:&quot;Canon EOS 5D Mark II&quot;,&quot;caption&quot;:&quot;&quot;,&quot;created_timestamp&quot;:&quot;1360612553&quot;,&quot;copyright&quot;:&quot;&quot;,&quot;focal_length&quot;:&quot;16&quot;,&quot;iso&quot;:&quot;3200&quot;,&quot;shutter_speed&quot;:&quot;0.025&quot;,&quot;title&quot;:&quot;&quot;}\" data-image-title=\"Indianos 2013 BLOG SEP b  31\" data-image-description=\"\" data-medium-file=\"http:\/\/desireemartinphoto.com\/blog\/wp-content\/uploads\/2013\/02\/Indianos-2013-BLOG-SEP-b-311-300x199.jpg\" data-large-file=\"http:\/\/desireemartinphoto.com\/blog\/wp-content\/uploads\/2013\/02\/Indianos-2013-BLOG-SEP-b-311.jpg\" loading=\"lazy\" class=\"alignleft size-full wp-image-2436\" alt=\"Indianos 2013 BLOG SEP b  31\" src=\"http:\/\/desireemartinphoto.com\/blog\/wp-content\/uploads\/2013\/02\/Indianos-2013-BLOG-SEP-b-311.jpg\" width=\"500\" height=\"333\" srcset=\"http:\/\/desireemartinphoto.com\/blog\/wp-content\/uploads\/2013\/02\/Indianos-2013-BLOG-SEP-b-311.jpg 500w, http:\/\/desireemartinphoto.com\/blog\/wp-content\/uploads\/2013\/02\/Indianos-2013-BLOG-SEP-b-311-300x199.jpg 300w\" sizes=\"(max-width: 500px) 100vw, 500px\" \/><\/a> <a href=\"http:\/\/desireemartinphoto.com\/blog\/?attachment_id=2437\" rel=\"attachment wp-att-2437\"><img data-attachment-id=\"2437\" data-permalink=\"http:\/\/desireemartinphoto.com\/blog\/indianos-2013\/indianos-2013-blog-sep-b-32-2\/\" data-orig-file=\"http:\/\/desireemartinphoto.com\/blog\/wp-content\/uploads\/2013\/02\/Indianos-2013-BLOG-SEP-b-321.jpg\" data-orig-size=\"500,333\" data-comments-opened=\"1\" data-image-meta=\"{&quot;aperture&quot;:&quot;5.6&quot;,&quot;credit&quot;:&quot;&quot;,&quot;camera&quot;:&quot;Canon EOS 5D Mark II&quot;,&quot;caption&quot;:&quot;&quot;,&quot;created_timestamp&quot;:&quot;1360613113&quot;,&quot;copyright&quot;:&quot;&quot;,&quot;focal_length&quot;:&quot;16&quot;,&quot;iso&quot;:&quot;3200&quot;,&quot;shutter_speed&quot;:&quot;0.1&quot;,&quot;title&quot;:&quot;&quot;}\" data-image-title=\"Indianos 2013 BLOG SEP b  32\" data-image-description=\"\" data-medium-file=\"http:\/\/desireemartinphoto.com\/blog\/wp-content\/uploads\/2013\/02\/Indianos-2013-BLOG-SEP-b-321-300x199.jpg\" data-large-file=\"http:\/\/desireemartinphoto.com\/blog\/wp-content\/uploads\/2013\/02\/Indianos-2013-BLOG-SEP-b-321.jpg\" loading=\"lazy\" class=\"alignleft size-full wp-image-2437\" alt=\"Indianos 2013 BLOG SEP b  32\" src=\"http:\/\/desireemartinphoto.com\/blog\/wp-content\/uploads\/2013\/02\/Indianos-2013-BLOG-SEP-b-321.jpg\" width=\"500\" height=\"333\" srcset=\"http:\/\/desireemartinphoto.com\/blog\/wp-content\/uploads\/2013\/02\/Indianos-2013-BLOG-SEP-b-321.jpg 500w, http:\/\/desireemartinphoto.com\/blog\/wp-content\/uploads\/2013\/02\/Indianos-2013-BLOG-SEP-b-321-300x199.jpg 300w\" sizes=\"(max-width: 500px) 100vw, 500px\" \/><\/a> <a href=\"http:\/\/desireemartinphoto.com\/blog\/?attachment_id=2438\" rel=\"attachment wp-att-2438\"><img data-attachment-id=\"2438\" data-permalink=\"http:\/\/desireemartinphoto.com\/blog\/indianos-2013\/indianos-2013-blog-sep-b-33-2\/\" data-orig-file=\"http:\/\/desireemartinphoto.com\/blog\/wp-content\/uploads\/2013\/02\/Indianos-2013-BLOG-SEP-b-331.jpg\" data-orig-size=\"500,294\" data-comments-opened=\"1\" data-image-meta=\"{&quot;aperture&quot;:&quot;2.8&quot;,&quot;credit&quot;:&quot;&quot;,&quot;camera&quot;:&quot;Canon EOS 5D Mark II&quot;,&quot;caption&quot;:&quot;&quot;,&quot;created_timestamp&quot;:&quot;1360618722&quot;,&quot;copyright&quot;:&quot;&quot;,&quot;focal_length&quot;:&quot;16&quot;,&quot;iso&quot;:&quot;3200&quot;,&quot;shutter_speed&quot;:&quot;0.004&quot;,&quot;title&quot;:&quot;&quot;}\" data-image-title=\"Indianos 2013 BLOG SEP b  33\" data-image-description=\"\" data-medium-file=\"http:\/\/desireemartinphoto.com\/blog\/wp-content\/uploads\/2013\/02\/Indianos-2013-BLOG-SEP-b-331-300x176.jpg\" data-large-file=\"http:\/\/desireemartinphoto.com\/blog\/wp-content\/uploads\/2013\/02\/Indianos-2013-BLOG-SEP-b-331.jpg\" loading=\"lazy\" class=\"alignleft size-full wp-image-2438\" alt=\"Indianos 2013 BLOG SEP b  33\" src=\"http:\/\/desireemartinphoto.com\/blog\/wp-content\/uploads\/2013\/02\/Indianos-2013-BLOG-SEP-b-331.jpg\" width=\"500\" height=\"294\" srcset=\"http:\/\/desireemartinphoto.com\/blog\/wp-content\/uploads\/2013\/02\/Indianos-2013-BLOG-SEP-b-331.jpg 500w, http:\/\/desireemartinphoto.com\/blog\/wp-content\/uploads\/2013\/02\/Indianos-2013-BLOG-SEP-b-331-300x176.jpg 300w\" sizes=\"(max-width: 500px) 100vw, 500px\" \/><\/a><\/p>\n<p>&nbsp;<\/p>\n<p>&nbsp;<\/p>\n<p>&nbsp;<\/p>\n<p>&nbsp;<\/p>\n<p>&nbsp;<\/p>\n<p>&nbsp;<\/p>\n<p>&nbsp;<\/p>\n<p>&nbsp;<\/p>\n<p>&nbsp;<\/p>\n<p>&nbsp;<\/p>\n<p>&nbsp;<\/p>\n<p>&nbsp;<\/p>\n<p>&nbsp;<\/p>\n<p>&nbsp;<\/p>\n<p>&nbsp;<\/p>\n<p>&nbsp;<\/p>\n<p>&nbsp;<\/p>\n<p>&nbsp;<\/p>\n<p>&nbsp;<\/p>\n<p>&nbsp;<\/p>\n<p>&nbsp;<\/p>\n<p>&nbsp;<\/p>\n<p>&nbsp;<\/p>\n<p>&nbsp;<\/p>\n<p>&nbsp;<\/p>\n<p>&nbsp;<\/p>\n<p>&nbsp;<\/p>\n<p>&nbsp;<\/p>\n<p>&nbsp;<\/p>\n<p>&nbsp;<\/p>\n<p>&nbsp;<\/p>\n<p>&nbsp;<\/p>\n<p>&nbsp;<\/p>\n<p>&nbsp;<\/p>\n<p>&nbsp;<\/p>\n<p>&nbsp;<\/p>\n<p>&nbsp;<\/p>\n<p>&nbsp;<\/p>\n<p>&nbsp;<\/p>\n<p>&nbsp;<\/p>\n<p>&nbsp;<\/p>\n<p>&nbsp;<\/p>\n<p>&nbsp;<\/p>\n<p>&nbsp;<\/p>\n<p>&nbsp;<\/p>\n<p>&nbsp;<\/p>\n<p>&nbsp;<\/p>\n<p>&nbsp;<\/p>\n<p>&nbsp;<\/p>\n<p>&nbsp;<\/p>\n<p>&nbsp;<\/p>\n<p>&nbsp;<\/p>\n<p>Ah!!\u00a0\u00a0 Gracias A Toni Tabares y su equipo del ayuntamiento de Santa Cruz de La Palma, sin ellos todos hubiera sido m\u00e1s dif\u00edcil.<\/p>\n<p>&nbsp;<\/p>\n<p>FELICIDADES, por la excelente promoci\u00f3n de Los Indianos, gran trabajo compa\u00f1eros!!<\/p>\n<p>&nbsp;<\/p>\n<p>Un abrazo y hasta Los Indianos 2014.<\/p>\n<p>&nbsp;<\/p>\n<p>&nbsp;<\/p>\n<p>&nbsp;<\/p>\n<p>&nbsp;<\/p>\n<p>&nbsp;<\/p>\n<p>&nbsp;<\/p>\n<p>&nbsp;<\/p>\n<div class=\"sharedaddy sd-sharing-enabled\"><div class=\"robots-nocontent sd-block sd-social sd-social-icon-text sd-sharing\"><h3 class=\"sd-title\">COMPARTE ESTO:<\/h3><div class=\"sd-content\"><ul><li class=\"share-facebook\"><a rel=\"nofollow noopener noreferrer\" data-shared=\"sharing-facebook-2399\" class=\"share-facebook sd-button share-icon\" href=\"http:\/\/desireemartinphoto.com\/blog\/indianos-2013\/?share=facebook\" target=\"_blank\" title=\"Haz clic para compartir en Facebook\"><span>Facebook<\/span><\/a><\/li><li class=\"share-twitter\"><a rel=\"nofollow noopener noreferrer\" data-shared=\"sharing-twitter-2399\" class=\"share-twitter sd-button share-icon\" href=\"http:\/\/desireemartinphoto.com\/blog\/indianos-2013\/?share=twitter\" target=\"_blank\" title=\"Haz clic para compartir en Twitter\"><span>Twitter<\/span><\/a><\/li><li class=\"share-email\"><a rel=\"nofollow noopener noreferrer\" data-shared=\"\" class=\"share-email sd-button share-icon\" href=\"http:\/\/desireemartinphoto.com\/blog\/indianos-2013\/?share=email\" target=\"_blank\" title=\"Haz clic para enviar por correo electr\u00f3nico a un amigo\"><span>Correo electr\u00f3nico<\/span><\/a><\/li><li class=\"share-linkedin\"><a rel=\"nofollow noopener noreferrer\" data-shared=\"sharing-linkedin-2399\" class=\"share-linkedin sd-button share-icon\" href=\"http:\/\/desireemartinphoto.com\/blog\/indianos-2013\/?share=linkedin\" target=\"_blank\" title=\"Haz clic para compartir en LinkedIn\"><span>LinkedIn<\/span><\/a><\/li><li class=\"share-tumblr\"><a rel=\"nofollow noopener noreferrer\" data-shared=\"\" class=\"share-tumblr sd-button share-icon\" href=\"http:\/\/desireemartinphoto.com\/blog\/indianos-2013\/?share=tumblr\" target=\"_blank\" title=\"Haz clic para compartir en Tumblr\"><span>Tumblr<\/span><\/a><\/li><li class=\"share-end\"><\/li><\/ul><\/div><\/div><\/div>","protected":false},"excerpt":{"rendered":"<p>&nbsp; Hace mucho tiempo que me ronda la idea de lograr hacer ciertos temas a mi manera, con libertad plena..pero es complicado. Si me planteo un tema porque me apetece, me interesa, me estimula sin m\u00e1s, me permite tomarme todo el tiempo que creo necesario, sin limitaciones de cierre de peri\u00f3dicos, de apuros porque &#8220;tal&#8221; [&#038;hellip<\/p>\n<div class=\"sharedaddy sd-sharing-enabled\"><div class=\"robots-nocontent sd-block sd-social sd-social-icon-text sd-sharing\"><h3 class=\"sd-title\">COMPARTE ESTO:<\/h3><div class=\"sd-content\"><ul><li class=\"share-facebook\"><a rel=\"nofollow noopener noreferrer\" data-shared=\"sharing-facebook-2399\" class=\"share-facebook sd-button share-icon\" href=\"http:\/\/desireemartinphoto.com\/blog\/indianos-2013\/?share=facebook\" target=\"_blank\" title=\"Haz clic para compartir en Facebook\"><span>Facebook<\/span><\/a><\/li><li class=\"share-twitter\"><a rel=\"nofollow noopener noreferrer\" data-shared=\"sharing-twitter-2399\" class=\"share-twitter sd-button share-icon\" href=\"http:\/\/desireemartinphoto.com\/blog\/indianos-2013\/?share=twitter\" target=\"_blank\" title=\"Haz clic para compartir en Twitter\"><span>Twitter<\/span><\/a><\/li><li class=\"share-email\"><a rel=\"nofollow noopener noreferrer\" data-shared=\"\" class=\"share-email sd-button share-icon\" href=\"http:\/\/desireemartinphoto.com\/blog\/indianos-2013\/?share=email\" target=\"_blank\" title=\"Haz clic para enviar por correo electr\u00f3nico a un amigo\"><span>Correo electr\u00f3nico<\/span><\/a><\/li><li class=\"share-linkedin\"><a rel=\"nofollow noopener noreferrer\" data-shared=\"sharing-linkedin-2399\" class=\"share-linkedin sd-button share-icon\" href=\"http:\/\/desireemartinphoto.com\/blog\/indianos-2013\/?share=linkedin\" target=\"_blank\" title=\"Haz clic para compartir en LinkedIn\"><span>LinkedIn<\/span><\/a><\/li><li class=\"share-tumblr\"><a rel=\"nofollow noopener noreferrer\" data-shared=\"\" class=\"share-tumblr sd-button share-icon\" href=\"http:\/\/desireemartinphoto.com\/blog\/indianos-2013\/?share=tumblr\" target=\"_blank\" title=\"Haz clic para compartir en Tumblr\"><span>Tumblr<\/span><\/a><\/li><li class=\"share-end\"><\/li><\/ul><\/div><\/div><\/div>","protected":false},"author":1,"featured_media":0,"comment_status":"open","ping_status":"open","sticky":false,"template":"","format":"standard","meta":{"spay_email":""},"categories":[1],"tags":[513,59,355,5,294,514,362,515,511,516,345,298],"jetpack_featured_media_url":"","jetpack_sharing_enabled":true,"_links":{"self":[{"href":"http:\/\/desireemartinphoto.com\/blog\/wp-json\/wp\/v2\/posts\/2399"}],"collection":[{"href":"http:\/\/desireemartinphoto.com\/blog\/wp-json\/wp\/v2\/posts"}],"about":[{"href":"http:\/\/desireemartinphoto.com\/blog\/wp-json\/wp\/v2\/types\/post"}],"author":[{"embeddable":true,"href":"http:\/\/desireemartinphoto.com\/blog\/wp-json\/wp\/v2\/users\/1"}],"replies":[{"embeddable":true,"href":"http:\/\/desireemartinphoto.com\/blog\/wp-json\/wp\/v2\/comments?post=2399"}],"version-history":[{"count":7,"href":"http:\/\/desireemartinphoto.com\/blog\/wp-json\/wp\/v2\/posts\/2399\/revisions"}],"predecessor-version":[{"id":2445,"href":"http:\/\/desireemartinphoto.com\/blog\/wp-json\/wp\/v2\/posts\/2399\/revisions\/2445"}],"wp:attachment":[{"href":"http:\/\/desireemartinphoto.com\/blog\/wp-json\/wp\/v2\/media?parent=2399"}],"wp:term":[{"taxonomy":"category","embeddable":true,"href":"http:\/\/desireemartinphoto.com\/blog\/wp-json\/wp\/v2\/categories?post=2399"},{"taxonomy":"post_tag","embeddable":true,"href":"http:\/\/desireemartinphoto.com\/blog\/wp-json\/wp\/v2\/tags?post=2399"}],"curies":[{"name":"wp","href":"https:\/\/api.w.org\/{rel}","templated":true}]}}