{"id":2174,"date":"2012-11-06T18:49:42","date_gmt":"2012-11-06T18:49:42","guid":{"rendered":"http:\/\/desireemartinphoto.com\/blog\/?p=2174"},"modified":"2012-11-06T18:49:42","modified_gmt":"2012-11-06T18:49:42","slug":"dia-de-todos-los-santos","status":"publish","type":"post","link":"http:\/\/desireemartinphoto.com\/blog\/dia-de-todos-los-santos\/","title":{"rendered":"D\u00eda de Todos los Santos"},"content":{"rendered":"<p>&nbsp;<\/p>\n<p>Este a\u00f1o cre\u00ed que no har\u00eda fotos en este d\u00eda.. pero finalmente\u00a0\u00a0\u00a0\u00a0 ..hice.<\/p>\n<p>Me alegr\u00e9 much\u00edsimo.<\/p>\n<p>Me gusta ese d\u00eda en los cementerios, me gusta hablar con la gente que los visita, a veces sin dirigirnos ni una palabra.<\/p>\n<p>Llovi\u00f3 mucho el d\u00eda anterior, por lo que este 1 de noviembre hab\u00eda m\u00e1s personas enramando que en a\u00f1os anteriores.<\/p>\n<p>&nbsp;<\/p>\n<p><a rel=\"attachment wp-att-2175\" href=\"http:\/\/desireemartinphoto.com\/blog\/?attachment_id=2175\"><img data-attachment-id=\"2175\" data-permalink=\"http:\/\/desireemartinphoto.com\/blog\/dia-de-todos-los-santos\/dm-todos-los-santos-2012-01\/\" data-orig-file=\"http:\/\/desireemartinphoto.com\/blog\/wp-content\/uploads\/2012\/11\/DM-Todos-los-Santos-2012-01.jpg\" data-orig-size=\"500,297\" data-comments-opened=\"1\" data-image-meta=\"{&quot;aperture&quot;:&quot;7.1&quot;,&quot;credit&quot;:&quot;&quot;,&quot;camera&quot;:&quot;Canon EOS 5D Mark II&quot;,&quot;caption&quot;:&quot;&quot;,&quot;created_timestamp&quot;:&quot;1351765177&quot;,&quot;copyright&quot;:&quot;&quot;,&quot;focal_length&quot;:&quot;78&quot;,&quot;iso&quot;:&quot;400&quot;,&quot;shutter_speed&quot;:&quot;0.00125&quot;,&quot;title&quot;:&quot;&quot;}\" data-image-title=\"DM Todos los Santos 2012-01\" data-image-description=\"\" data-medium-file=\"http:\/\/desireemartinphoto.com\/blog\/wp-content\/uploads\/2012\/11\/DM-Todos-los-Santos-2012-01-300x178.jpg\" data-large-file=\"http:\/\/desireemartinphoto.com\/blog\/wp-content\/uploads\/2012\/11\/DM-Todos-los-Santos-2012-01.jpg\" loading=\"lazy\" class=\"aligncenter size-full wp-image-2175\" title=\"DM Todos los Santos 2012-01\" src=\"http:\/\/desireemartinphoto.com\/blog\/wp-content\/uploads\/2012\/11\/DM-Todos-los-Santos-2012-01.jpg\" alt=\"\" width=\"500\" height=\"297\" srcset=\"http:\/\/desireemartinphoto.com\/blog\/wp-content\/uploads\/2012\/11\/DM-Todos-los-Santos-2012-01.jpg 500w, http:\/\/desireemartinphoto.com\/blog\/wp-content\/uploads\/2012\/11\/DM-Todos-los-Santos-2012-01-300x178.jpg 300w\" sizes=\"(max-width: 500px) 100vw, 500px\" \/><\/a><\/p>\n<p>&nbsp;<\/p>\n<p><a rel=\"attachment wp-att-2176\" href=\"http:\/\/desireemartinphoto.com\/blog\/?attachment_id=2176\"><img data-attachment-id=\"2176\" data-permalink=\"http:\/\/desireemartinphoto.com\/blog\/dia-de-todos-los-santos\/spain-religion-all-saints-day\/\" data-orig-file=\"http:\/\/desireemartinphoto.com\/blog\/wp-content\/uploads\/2012\/11\/DM-Todos-los-Santos-2012-02.jpg\" data-orig-size=\"500,346\" data-comments-opened=\"1\" data-image-meta=\"{&quot;aperture&quot;:&quot;5&quot;,&quot;credit&quot;:&quot;DESIREE MARTIN&quot;,&quot;camera&quot;:&quot;Canon EOS 5D Mark II&quot;,&quot;caption&quot;:&quot;Relatives put flowers on a relative&#039;s grave on All Saint&#039;s Day in Santa Cruz de Tenerife, 01 November 2012. All Saints Day, one of the holy days of obligation in the Catholic Church falls on November 01, originally celebrated to commemorate the death of martyrs in the christian church it has been broadened to commemorate the dead.\\nAFP PHOTO\\\/DESIREE MARTIN&quot;,&quot;created_timestamp&quot;:&quot;1351764640&quot;,&quot;copyright&quot;:&quot;AFP ImageForum&quot;,&quot;focal_length&quot;:&quot;16&quot;,&quot;iso&quot;:&quot;400&quot;,&quot;shutter_speed&quot;:&quot;0.0008&quot;,&quot;title&quot;:&quot;SPAIN-RELIGION-ALL SAINTS DAY&quot;}\" data-image-title=\"SPAIN-RELIGION-ALL SAINTS DAY\" data-image-description=\"&lt;p&gt;Relatives put flowers on a relative&#8217;s grave on All Saint&#8217;s Day in Santa Cruz de Tenerife, 01 November 2012. All Saints Day, one of the holy days of obligation in the Catholic Church falls on November 01, originally celebrated to commemorate the death of martyrs in the christian church it has been broadened to commemorate the dead.&lt;br \/&gt;\nAFP PHOTO\/DESIREE MARTIN&lt;\/p&gt;\n\" data-medium-file=\"http:\/\/desireemartinphoto.com\/blog\/wp-content\/uploads\/2012\/11\/DM-Todos-los-Santos-2012-02-300x207.jpg\" data-large-file=\"http:\/\/desireemartinphoto.com\/blog\/wp-content\/uploads\/2012\/11\/DM-Todos-los-Santos-2012-02.jpg\" loading=\"lazy\" class=\"aligncenter size-full wp-image-2176\" title=\"SPAIN-RELIGION-ALL SAINTS DAY\" src=\"http:\/\/desireemartinphoto.com\/blog\/wp-content\/uploads\/2012\/11\/DM-Todos-los-Santos-2012-02.jpg\" alt=\"\" width=\"500\" height=\"346\" srcset=\"http:\/\/desireemartinphoto.com\/blog\/wp-content\/uploads\/2012\/11\/DM-Todos-los-Santos-2012-02.jpg 500w, http:\/\/desireemartinphoto.com\/blog\/wp-content\/uploads\/2012\/11\/DM-Todos-los-Santos-2012-02-300x207.jpg 300w\" sizes=\"(max-width: 500px) 100vw, 500px\" \/><\/a><\/p>\n<p>&nbsp;<\/p>\n<p><a rel=\"attachment wp-att-2177\" href=\"http:\/\/desireemartinphoto.com\/blog\/?attachment_id=2177\"><img data-attachment-id=\"2177\" data-permalink=\"http:\/\/desireemartinphoto.com\/blog\/dia-de-todos-los-santos\/dm-todos-los-santos-2012-03\/\" data-orig-file=\"http:\/\/desireemartinphoto.com\/blog\/wp-content\/uploads\/2012\/11\/DM-Todos-los-Santos-2012-03.jpg\" data-orig-size=\"500,333\" data-comments-opened=\"1\" data-image-meta=\"{&quot;aperture&quot;:&quot;6.3&quot;,&quot;credit&quot;:&quot;&quot;,&quot;camera&quot;:&quot;Canon EOS 5D Mark II&quot;,&quot;caption&quot;:&quot;&quot;,&quot;created_timestamp&quot;:&quot;1351767116&quot;,&quot;copyright&quot;:&quot;&quot;,&quot;focal_length&quot;:&quot;70&quot;,&quot;iso&quot;:&quot;400&quot;,&quot;shutter_speed&quot;:&quot;0.0015625&quot;,&quot;title&quot;:&quot;&quot;}\" data-image-title=\"DM Todos los Santos 2012-03\" data-image-description=\"\" data-medium-file=\"http:\/\/desireemartinphoto.com\/blog\/wp-content\/uploads\/2012\/11\/DM-Todos-los-Santos-2012-03-300x199.jpg\" data-large-file=\"http:\/\/desireemartinphoto.com\/blog\/wp-content\/uploads\/2012\/11\/DM-Todos-los-Santos-2012-03.jpg\" loading=\"lazy\" class=\"alignnone size-full wp-image-2177\" title=\"DM Todos los Santos 2012-03\" src=\"http:\/\/desireemartinphoto.com\/blog\/wp-content\/uploads\/2012\/11\/DM-Todos-los-Santos-2012-03.jpg\" alt=\"\" width=\"500\" height=\"333\" srcset=\"http:\/\/desireemartinphoto.com\/blog\/wp-content\/uploads\/2012\/11\/DM-Todos-los-Santos-2012-03.jpg 500w, http:\/\/desireemartinphoto.com\/blog\/wp-content\/uploads\/2012\/11\/DM-Todos-los-Santos-2012-03-300x199.jpg 300w\" sizes=\"(max-width: 500px) 100vw, 500px\" \/><\/a><\/p>\n<p>&nbsp;<\/p>\n<p><a rel=\"attachment wp-att-2177\" href=\"http:\/\/desireemartinphoto.com\/blog\/?attachment_id=2177\"><\/a><a rel=\"attachment wp-att-2179\" href=\"http:\/\/desireemartinphoto.com\/blog\/?attachment_id=2179\"><img data-attachment-id=\"2179\" data-permalink=\"http:\/\/desireemartinphoto.com\/blog\/dia-de-todos-los-santos\/dm-todos-los-santos-2012-04-2\/\" data-orig-file=\"http:\/\/desireemartinphoto.com\/blog\/wp-content\/uploads\/2012\/11\/DM-Todos-los-Santos-2012-041.jpg\" data-orig-size=\"500,325\" data-comments-opened=\"1\" data-image-meta=\"{&quot;aperture&quot;:&quot;5.6&quot;,&quot;credit&quot;:&quot;&quot;,&quot;camera&quot;:&quot;Canon EOS 5D Mark II&quot;,&quot;caption&quot;:&quot;&quot;,&quot;created_timestamp&quot;:&quot;1351763011&quot;,&quot;copyright&quot;:&quot;&quot;,&quot;focal_length&quot;:&quot;95&quot;,&quot;iso&quot;:&quot;400&quot;,&quot;shutter_speed&quot;:&quot;0.0015625&quot;,&quot;title&quot;:&quot;&quot;}\" data-image-title=\"DM-Todos-los-Santos-2012-041\" data-image-description=\"\" data-medium-file=\"http:\/\/desireemartinphoto.com\/blog\/wp-content\/uploads\/2012\/11\/DM-Todos-los-Santos-2012-041-300x195.jpg\" data-large-file=\"http:\/\/desireemartinphoto.com\/blog\/wp-content\/uploads\/2012\/11\/DM-Todos-los-Santos-2012-041.jpg\" loading=\"lazy\" class=\"alignnone size-full wp-image-2179\" src=\"http:\/\/desireemartinphoto.com\/blog\/wp-content\/uploads\/2012\/11\/DM-Todos-los-Santos-2012-041.jpg\" alt=\"\" width=\"500\" height=\"325\" srcset=\"http:\/\/desireemartinphoto.com\/blog\/wp-content\/uploads\/2012\/11\/DM-Todos-los-Santos-2012-041.jpg 500w, http:\/\/desireemartinphoto.com\/blog\/wp-content\/uploads\/2012\/11\/DM-Todos-los-Santos-2012-041-300x195.jpg 300w\" sizes=\"(max-width: 500px) 100vw, 500px\" \/><\/a><\/p>\n<p>&nbsp;<\/p>\n<p><a rel=\"attachment wp-att-2180\" href=\"http:\/\/desireemartinphoto.com\/blog\/?attachment_id=2180\"><img data-attachment-id=\"2180\" data-permalink=\"http:\/\/desireemartinphoto.com\/blog\/dia-de-todos-los-santos\/spain-religion-all-saints-day-2\/\" data-orig-file=\"http:\/\/desireemartinphoto.com\/blog\/wp-content\/uploads\/2012\/11\/DM-Todos-los-Santos-2012-05.jpg\" data-orig-size=\"500,328\" data-comments-opened=\"1\" data-image-meta=\"{&quot;aperture&quot;:&quot;8&quot;,&quot;credit&quot;:&quot;DESIREE MARTIN&quot;,&quot;camera&quot;:&quot;Canon EOS 5D Mark II&quot;,&quot;caption&quot;:&quot;Relatives put flowers on a relative&#039;s grave on All Saint&#039;s Day in Santa Cruz de Tenerife, 01 November 2012. All Saints Day, one of the holy days of obligation in the Catholic Church falls on November 01, originally celebrated to commemorate the death of martyrs in the christian church it has been broadened to commemorate the dead.\\nAFP PHOTO\\\/DESIREE MARTIN&quot;,&quot;created_timestamp&quot;:&quot;1351765017&quot;,&quot;copyright&quot;:&quot;AFP ImageForum&quot;,&quot;focal_length&quot;:&quot;200&quot;,&quot;iso&quot;:&quot;400&quot;,&quot;shutter_speed&quot;:&quot;0.002&quot;,&quot;title&quot;:&quot;SPAIN-RELIGION-ALL SAINTS DAY&quot;}\" data-image-title=\"SPAIN-RELIGION-ALL SAINTS DAY\" data-image-description=\"&lt;p&gt;Relatives put flowers on a relative&#8217;s grave on All Saint&#8217;s Day in Santa Cruz de Tenerife, 01 November 2012. All Saints Day, one of the holy days of obligation in the Catholic Church falls on November 01, originally celebrated to commemorate the death of martyrs in the christian church it has been broadened to commemorate the dead.&lt;br \/&gt;\nAFP PHOTO\/DESIREE MARTIN&lt;\/p&gt;\n\" data-medium-file=\"http:\/\/desireemartinphoto.com\/blog\/wp-content\/uploads\/2012\/11\/DM-Todos-los-Santos-2012-05-300x196.jpg\" data-large-file=\"http:\/\/desireemartinphoto.com\/blog\/wp-content\/uploads\/2012\/11\/DM-Todos-los-Santos-2012-05.jpg\" loading=\"lazy\" class=\"alignnone size-full wp-image-2180\" title=\"SPAIN-RELIGION-ALL SAINTS DAY\" src=\"http:\/\/desireemartinphoto.com\/blog\/wp-content\/uploads\/2012\/11\/DM-Todos-los-Santos-2012-05.jpg\" alt=\"\" width=\"500\" height=\"328\" srcset=\"http:\/\/desireemartinphoto.com\/blog\/wp-content\/uploads\/2012\/11\/DM-Todos-los-Santos-2012-05.jpg 500w, http:\/\/desireemartinphoto.com\/blog\/wp-content\/uploads\/2012\/11\/DM-Todos-los-Santos-2012-05-300x196.jpg 300w\" sizes=\"(max-width: 500px) 100vw, 500px\" \/><\/a><\/p>\n<p>&nbsp;<\/p>\n<p><a rel=\"attachment wp-att-2181\" href=\"http:\/\/desireemartinphoto.com\/blog\/?attachment_id=2181\"><img data-attachment-id=\"2181\" data-permalink=\"http:\/\/desireemartinphoto.com\/blog\/dia-de-todos-los-santos\/spain-religion-all-saints-day-3\/\" data-orig-file=\"http:\/\/desireemartinphoto.com\/blog\/wp-content\/uploads\/2012\/11\/DM-Todos-los-Santos-2012-06.jpg\" data-orig-size=\"500,333\" data-comments-opened=\"1\" data-image-meta=\"{&quot;aperture&quot;:&quot;5.6&quot;,&quot;credit&quot;:&quot;DESIREE MARTIN&quot;,&quot;camera&quot;:&quot;Canon EOS 5D Mark II&quot;,&quot;caption&quot;:&quot;Relatives put flowers on a relative&#039;s grave on All Saint&#039;s Day in Santa Cruz de Tenerife, 01 November 2012. All Saints Day, one of the holy days of obligation in the Catholic Church falls on November 01, originally celebrated to commemorate the death of martyrs in the christian church it has been broadened to commemorate the dead.\\nAFP PHOTO\\\/DESIREE MARTIN&quot;,&quot;created_timestamp&quot;:&quot;1351762297&quot;,&quot;copyright&quot;:&quot;AFP ImageForum&quot;,&quot;focal_length&quot;:&quot;80&quot;,&quot;iso&quot;:&quot;400&quot;,&quot;shutter_speed&quot;:&quot;0.0005&quot;,&quot;title&quot;:&quot;SPAIN-RELIGION-ALL SAINTS DAY&quot;}\" data-image-title=\"SPAIN-RELIGION-ALL SAINTS DAY\" data-image-description=\"&lt;p&gt;Relatives put flowers on a relative&#8217;s grave on All Saint&#8217;s Day in Santa Cruz de Tenerife, 01 November 2012. All Saints Day, one of the holy days of obligation in the Catholic Church falls on November 01, originally celebrated to commemorate the death of martyrs in the christian church it has been broadened to commemorate the dead.&lt;br \/&gt;\nAFP PHOTO\/DESIREE MARTIN&lt;\/p&gt;\n\" data-medium-file=\"http:\/\/desireemartinphoto.com\/blog\/wp-content\/uploads\/2012\/11\/DM-Todos-los-Santos-2012-06-300x199.jpg\" data-large-file=\"http:\/\/desireemartinphoto.com\/blog\/wp-content\/uploads\/2012\/11\/DM-Todos-los-Santos-2012-06.jpg\" loading=\"lazy\" class=\"aligncenter size-full wp-image-2181\" title=\"SPAIN-RELIGION-ALL SAINTS DAY\" src=\"http:\/\/desireemartinphoto.com\/blog\/wp-content\/uploads\/2012\/11\/DM-Todos-los-Santos-2012-06.jpg\" alt=\"\" width=\"500\" height=\"333\" srcset=\"http:\/\/desireemartinphoto.com\/blog\/wp-content\/uploads\/2012\/11\/DM-Todos-los-Santos-2012-06.jpg 500w, http:\/\/desireemartinphoto.com\/blog\/wp-content\/uploads\/2012\/11\/DM-Todos-los-Santos-2012-06-300x199.jpg 300w\" sizes=\"(max-width: 500px) 100vw, 500px\" \/><\/a><\/p>\n<p>&nbsp;<\/p>\n<p><a rel=\"attachment wp-att-2182\" href=\"http:\/\/desireemartinphoto.com\/blog\/?attachment_id=2182\"><img data-attachment-id=\"2182\" data-permalink=\"http:\/\/desireemartinphoto.com\/blog\/dia-de-todos-los-santos\/spain-religion-all-saints-day-4\/\" data-orig-file=\"http:\/\/desireemartinphoto.com\/blog\/wp-content\/uploads\/2012\/11\/DM-Todos-los-Santos-2012-07.jpg\" data-orig-size=\"500,750\" data-comments-opened=\"1\" data-image-meta=\"{&quot;aperture&quot;:&quot;5.6&quot;,&quot;credit&quot;:&quot;DESIREE MARTIN&quot;,&quot;camera&quot;:&quot;Canon EOS 5D Mark II&quot;,&quot;caption&quot;:&quot;Relatives put flowers on a relative&#039;s grave on All Saint&#039;s Day in Santa Cruz de Tenerife, 01 November 2012. All Saints Day, one of the holy days of obligation in the Catholic Church falls on November 01, originally celebrated to commemorate the death of martyrs in the christian church it has been broadened to commemorate the dead.\\nAFP PHOTO\\\/DESIREE MARTIN&quot;,&quot;created_timestamp&quot;:&quot;1351763078&quot;,&quot;copyright&quot;:&quot;AFP ImageForum&quot;,&quot;focal_length&quot;:&quot;16&quot;,&quot;iso&quot;:&quot;400&quot;,&quot;shutter_speed&quot;:&quot;0.0005&quot;,&quot;title&quot;:&quot;SPAIN-RELIGION-ALL SAINTS DAY&quot;}\" data-image-title=\"SPAIN-RELIGION-ALL SAINTS DAY\" data-image-description=\"&lt;p&gt;Relatives put flowers on a relative&#8217;s grave on All Saint&#8217;s Day in Santa Cruz de Tenerife, 01 November 2012. All Saints Day, one of the holy days of obligation in the Catholic Church falls on November 01, originally celebrated to commemorate the death of martyrs in the christian church it has been broadened to commemorate the dead.&lt;br \/&gt;\nAFP PHOTO\/DESIREE MARTIN&lt;\/p&gt;\n\" data-medium-file=\"http:\/\/desireemartinphoto.com\/blog\/wp-content\/uploads\/2012\/11\/DM-Todos-los-Santos-2012-07-200x300.jpg\" data-large-file=\"http:\/\/desireemartinphoto.com\/blog\/wp-content\/uploads\/2012\/11\/DM-Todos-los-Santos-2012-07.jpg\" loading=\"lazy\" class=\"aligncenter size-full wp-image-2182\" title=\"SPAIN-RELIGION-ALL SAINTS DAY\" src=\"http:\/\/desireemartinphoto.com\/blog\/wp-content\/uploads\/2012\/11\/DM-Todos-los-Santos-2012-07.jpg\" alt=\"\" width=\"500\" height=\"750\" srcset=\"http:\/\/desireemartinphoto.com\/blog\/wp-content\/uploads\/2012\/11\/DM-Todos-los-Santos-2012-07.jpg 500w, http:\/\/desireemartinphoto.com\/blog\/wp-content\/uploads\/2012\/11\/DM-Todos-los-Santos-2012-07-200x300.jpg 200w\" sizes=\"(max-width: 500px) 100vw, 500px\" \/><\/a><\/p>\n<p>&nbsp;<\/p>\n<p><a rel=\"attachment wp-att-2183\" href=\"http:\/\/desireemartinphoto.com\/blog\/?attachment_id=2183\"><img data-attachment-id=\"2183\" data-permalink=\"http:\/\/desireemartinphoto.com\/blog\/dia-de-todos-los-santos\/spain-religion-all-saints-day-5\/\" data-orig-file=\"http:\/\/desireemartinphoto.com\/blog\/wp-content\/uploads\/2012\/11\/DM-Todos-los-Santos-2012-08.jpg\" data-orig-size=\"500,333\" data-comments-opened=\"1\" data-image-meta=\"{&quot;aperture&quot;:&quot;5.6&quot;,&quot;credit&quot;:&quot;DESIREE MARTIN&quot;,&quot;camera&quot;:&quot;Canon EOS 5D Mark II&quot;,&quot;caption&quot;:&quot;Relatives put flowers on a relative&#039;s grave on All Saint&#039;s Day in Santa Cruz de Tenerife, 01 November 2012. All Saints Day, one of the holy days of obligation in the Catholic Church falls on November 01, originally celebrated to commemorate the death of martyrs in the christian church it has been broadened to commemorate the dead.\\nAFP PHOTO\\\/DESIREE MARTIN&quot;,&quot;created_timestamp&quot;:&quot;1351763303&quot;,&quot;copyright&quot;:&quot;AFP ImageForum&quot;,&quot;focal_length&quot;:&quot;17&quot;,&quot;iso&quot;:&quot;400&quot;,&quot;shutter_speed&quot;:&quot;0.0008&quot;,&quot;title&quot;:&quot;SPAIN-RELIGION-ALL SAINTS DAY&quot;}\" data-image-title=\"SPAIN-RELIGION-ALL SAINTS DAY\" data-image-description=\"&lt;p&gt;Relatives put flowers on a relative&#8217;s grave on All Saint&#8217;s Day in Santa Cruz de Tenerife, 01 November 2012. All Saints Day, one of the holy days of obligation in the Catholic Church falls on November 01, originally celebrated to commemorate the death of martyrs in the christian church it has been broadened to commemorate the dead.&lt;br \/&gt;\nAFP PHOTO\/DESIREE MARTIN&lt;\/p&gt;\n\" data-medium-file=\"http:\/\/desireemartinphoto.com\/blog\/wp-content\/uploads\/2012\/11\/DM-Todos-los-Santos-2012-08-300x199.jpg\" data-large-file=\"http:\/\/desireemartinphoto.com\/blog\/wp-content\/uploads\/2012\/11\/DM-Todos-los-Santos-2012-08.jpg\" loading=\"lazy\" class=\"alignnone size-full wp-image-2183\" title=\"SPAIN-RELIGION-ALL SAINTS DAY\" src=\"http:\/\/desireemartinphoto.com\/blog\/wp-content\/uploads\/2012\/11\/DM-Todos-los-Santos-2012-08.jpg\" alt=\"\" width=\"500\" height=\"333\" srcset=\"http:\/\/desireemartinphoto.com\/blog\/wp-content\/uploads\/2012\/11\/DM-Todos-los-Santos-2012-08.jpg 500w, http:\/\/desireemartinphoto.com\/blog\/wp-content\/uploads\/2012\/11\/DM-Todos-los-Santos-2012-08-300x199.jpg 300w\" sizes=\"(max-width: 500px) 100vw, 500px\" \/><\/a><\/p>\n<p>&nbsp;<\/p>\n<p><a rel=\"attachment wp-att-2184\" href=\"http:\/\/desireemartinphoto.com\/blog\/?attachment_id=2184\"><img data-attachment-id=\"2184\" data-permalink=\"http:\/\/desireemartinphoto.com\/blog\/dia-de-todos-los-santos\/spain-religion-all-saints-day-6\/\" data-orig-file=\"http:\/\/desireemartinphoto.com\/blog\/wp-content\/uploads\/2012\/11\/DM-Todos-los-Santos-2012-09.jpg\" data-orig-size=\"500,333\" data-comments-opened=\"1\" data-image-meta=\"{&quot;aperture&quot;:&quot;5&quot;,&quot;credit&quot;:&quot;DESIREE MARTIN&quot;,&quot;camera&quot;:&quot;Canon EOS 5D Mark II&quot;,&quot;caption&quot;:&quot;Relatives put flowers on a relative&#039;s grave on All Saint&#039;s Day in Santa Cruz de Tenerife, 01 November 2012. All Saints Day, one of the holy days of obligation in the Catholic Church falls on November 01, originally celebrated to commemorate the death of martyrs in the christian church it has been broadened to commemorate the dead.\\nAFP PHOTO\\\/DESIREE MARTIN&quot;,&quot;created_timestamp&quot;:&quot;1351763643&quot;,&quot;copyright&quot;:&quot;AFP ImageForum&quot;,&quot;focal_length&quot;:&quot;23&quot;,&quot;iso&quot;:&quot;400&quot;,&quot;shutter_speed&quot;:&quot;0.0004&quot;,&quot;title&quot;:&quot;SPAIN-RELIGION-ALL SAINTS DAY&quot;}\" data-image-title=\"SPAIN-RELIGION-ALL SAINTS DAY\" data-image-description=\"&lt;p&gt;Relatives put flowers on a relative&#8217;s grave on All Saint&#8217;s Day in Santa Cruz de Tenerife, 01 November 2012. All Saints Day, one of the holy days of obligation in the Catholic Church falls on November 01, originally celebrated to commemorate the death of martyrs in the christian church it has been broadened to commemorate the dead.&lt;br \/&gt;\nAFP PHOTO\/DESIREE MARTIN&lt;\/p&gt;\n\" data-medium-file=\"http:\/\/desireemartinphoto.com\/blog\/wp-content\/uploads\/2012\/11\/DM-Todos-los-Santos-2012-09-300x199.jpg\" data-large-file=\"http:\/\/desireemartinphoto.com\/blog\/wp-content\/uploads\/2012\/11\/DM-Todos-los-Santos-2012-09.jpg\" loading=\"lazy\" class=\"alignnone size-full wp-image-2184\" title=\"SPAIN-RELIGION-ALL SAINTS DAY\" src=\"http:\/\/desireemartinphoto.com\/blog\/wp-content\/uploads\/2012\/11\/DM-Todos-los-Santos-2012-09.jpg\" alt=\"\" width=\"500\" height=\"333\" srcset=\"http:\/\/desireemartinphoto.com\/blog\/wp-content\/uploads\/2012\/11\/DM-Todos-los-Santos-2012-09.jpg 500w, http:\/\/desireemartinphoto.com\/blog\/wp-content\/uploads\/2012\/11\/DM-Todos-los-Santos-2012-09-300x199.jpg 300w\" sizes=\"(max-width: 500px) 100vw, 500px\" \/><\/a><\/p>\n<p>&nbsp;<\/p>\n<p><a rel=\"attachment wp-att-2185\" href=\"http:\/\/desireemartinphoto.com\/blog\/?attachment_id=2185\"><img data-attachment-id=\"2185\" data-permalink=\"http:\/\/desireemartinphoto.com\/blog\/dia-de-todos-los-santos\/dm-todos-los-santos-2012-10\/\" data-orig-file=\"http:\/\/desireemartinphoto.com\/blog\/wp-content\/uploads\/2012\/11\/DM-Todos-los-Santos-2012-10.jpg\" data-orig-size=\"500,333\" data-comments-opened=\"1\" data-image-meta=\"{&quot;aperture&quot;:&quot;6.3&quot;,&quot;credit&quot;:&quot;&quot;,&quot;camera&quot;:&quot;Canon EOS 5D Mark II&quot;,&quot;caption&quot;:&quot;&quot;,&quot;created_timestamp&quot;:&quot;1351765762&quot;,&quot;copyright&quot;:&quot;&quot;,&quot;focal_length&quot;:&quot;115&quot;,&quot;iso&quot;:&quot;400&quot;,&quot;shutter_speed&quot;:&quot;0.0003125&quot;,&quot;title&quot;:&quot;&quot;}\" data-image-title=\"DM Todos los Santos 2012-10\" data-image-description=\"\" data-medium-file=\"http:\/\/desireemartinphoto.com\/blog\/wp-content\/uploads\/2012\/11\/DM-Todos-los-Santos-2012-10-300x199.jpg\" data-large-file=\"http:\/\/desireemartinphoto.com\/blog\/wp-content\/uploads\/2012\/11\/DM-Todos-los-Santos-2012-10.jpg\" loading=\"lazy\" class=\"alignnone size-full wp-image-2185\" title=\"DM Todos los Santos 2012-10\" src=\"http:\/\/desireemartinphoto.com\/blog\/wp-content\/uploads\/2012\/11\/DM-Todos-los-Santos-2012-10.jpg\" alt=\"\" width=\"500\" height=\"333\" srcset=\"http:\/\/desireemartinphoto.com\/blog\/wp-content\/uploads\/2012\/11\/DM-Todos-los-Santos-2012-10.jpg 500w, http:\/\/desireemartinphoto.com\/blog\/wp-content\/uploads\/2012\/11\/DM-Todos-los-Santos-2012-10-300x199.jpg 300w\" sizes=\"(max-width: 500px) 100vw, 500px\" \/><\/a><\/p>\n<p>&nbsp;<\/p>\n<p><a rel=\"attachment wp-att-2186\" href=\"http:\/\/desireemartinphoto.com\/blog\/?attachment_id=2186\"><img data-attachment-id=\"2186\" data-permalink=\"http:\/\/desireemartinphoto.com\/blog\/dia-de-todos-los-santos\/dm-todos-los-santos-2012-11\/\" data-orig-file=\"http:\/\/desireemartinphoto.com\/blog\/wp-content\/uploads\/2012\/11\/DM-Todos-los-Santos-2012-11.jpg\" data-orig-size=\"500,333\" data-comments-opened=\"1\" data-image-meta=\"{&quot;aperture&quot;:&quot;8&quot;,&quot;credit&quot;:&quot;&quot;,&quot;camera&quot;:&quot;Canon EOS 5D Mark II&quot;,&quot;caption&quot;:&quot;&quot;,&quot;created_timestamp&quot;:&quot;1351765070&quot;,&quot;copyright&quot;:&quot;&quot;,&quot;focal_length&quot;:&quot;200&quot;,&quot;iso&quot;:&quot;400&quot;,&quot;shutter_speed&quot;:&quot;0.002&quot;,&quot;title&quot;:&quot;&quot;}\" data-image-title=\"DM Todos los Santos 2012-11\" data-image-description=\"\" data-medium-file=\"http:\/\/desireemartinphoto.com\/blog\/wp-content\/uploads\/2012\/11\/DM-Todos-los-Santos-2012-11-300x199.jpg\" data-large-file=\"http:\/\/desireemartinphoto.com\/blog\/wp-content\/uploads\/2012\/11\/DM-Todos-los-Santos-2012-11.jpg\" loading=\"lazy\" class=\"aligncenter size-full wp-image-2186\" title=\"DM Todos los Santos 2012-11\" src=\"http:\/\/desireemartinphoto.com\/blog\/wp-content\/uploads\/2012\/11\/DM-Todos-los-Santos-2012-11.jpg\" alt=\"\" width=\"500\" height=\"333\" srcset=\"http:\/\/desireemartinphoto.com\/blog\/wp-content\/uploads\/2012\/11\/DM-Todos-los-Santos-2012-11.jpg 500w, http:\/\/desireemartinphoto.com\/blog\/wp-content\/uploads\/2012\/11\/DM-Todos-los-Santos-2012-11-300x199.jpg 300w\" sizes=\"(max-width: 500px) 100vw, 500px\" \/><\/a><\/p>\n<p>&nbsp;<\/p>\n<p><a rel=\"attachment wp-att-2188\" href=\"http:\/\/desireemartinphoto.com\/blog\/?attachment_id=2188\"><img data-attachment-id=\"2188\" data-permalink=\"http:\/\/desireemartinphoto.com\/blog\/dia-de-todos-los-santos\/dm-todos-los-santos-2012-12-2\/\" data-orig-file=\"http:\/\/desireemartinphoto.com\/blog\/wp-content\/uploads\/2012\/11\/DM-Todos-los-Santos-2012-121.jpg\" data-orig-size=\"500,750\" data-comments-opened=\"1\" data-image-meta=\"{&quot;aperture&quot;:&quot;5.6&quot;,&quot;credit&quot;:&quot;&quot;,&quot;camera&quot;:&quot;Canon EOS 5D Mark II&quot;,&quot;caption&quot;:&quot;&quot;,&quot;created_timestamp&quot;:&quot;1351763441&quot;,&quot;copyright&quot;:&quot;&quot;,&quot;focal_length&quot;:&quot;95&quot;,&quot;iso&quot;:&quot;400&quot;,&quot;shutter_speed&quot;:&quot;0.0008&quot;,&quot;title&quot;:&quot;&quot;}\" data-image-title=\"DM Todos los Santos 2012-12\" data-image-description=\"\" data-medium-file=\"http:\/\/desireemartinphoto.com\/blog\/wp-content\/uploads\/2012\/11\/DM-Todos-los-Santos-2012-121-200x300.jpg\" data-large-file=\"http:\/\/desireemartinphoto.com\/blog\/wp-content\/uploads\/2012\/11\/DM-Todos-los-Santos-2012-121.jpg\" loading=\"lazy\" class=\"alignnone size-full wp-image-2188\" title=\"DM Todos los Santos 2012-12\" src=\"http:\/\/desireemartinphoto.com\/blog\/wp-content\/uploads\/2012\/11\/DM-Todos-los-Santos-2012-121.jpg\" alt=\"\" width=\"500\" height=\"750\" srcset=\"http:\/\/desireemartinphoto.com\/blog\/wp-content\/uploads\/2012\/11\/DM-Todos-los-Santos-2012-121.jpg 500w, http:\/\/desireemartinphoto.com\/blog\/wp-content\/uploads\/2012\/11\/DM-Todos-los-Santos-2012-121-200x300.jpg 200w\" sizes=\"(max-width: 500px) 100vw, 500px\" \/><\/a><\/p>\n<p>&nbsp;<\/p>\n<p><a rel=\"attachment wp-att-2189\" href=\"http:\/\/desireemartinphoto.com\/blog\/?attachment_id=2189\"><img data-attachment-id=\"2189\" data-permalink=\"http:\/\/desireemartinphoto.com\/blog\/dia-de-todos-los-santos\/spain-religion-all-saints-day-7\/\" data-orig-file=\"http:\/\/desireemartinphoto.com\/blog\/wp-content\/uploads\/2012\/11\/DM-Todos-los-Santos-2012-13.jpg\" data-orig-size=\"500,320\" data-comments-opened=\"1\" data-image-meta=\"{&quot;aperture&quot;:&quot;5&quot;,&quot;credit&quot;:&quot;DESIREE MARTIN&quot;,&quot;camera&quot;:&quot;Canon EOS 5D Mark II&quot;,&quot;caption&quot;:&quot;Relatives put flowers on a relative&#039;s grave on All Saint&#039;s Day in Santa Cruz de Tenerife, 01 November 2012. All Saints Day, one of the holy days of obligation in the Catholic Church falls on November 01, originally celebrated to commemorate the death of martyrs in the christian church it has been broadened to commemorate the dead.\\nAFP PHOTO\\\/DESIREE MARTIN&quot;,&quot;created_timestamp&quot;:&quot;1351764567&quot;,&quot;copyright&quot;:&quot;AFP ImageForum&quot;,&quot;focal_length&quot;:&quot;16&quot;,&quot;iso&quot;:&quot;400&quot;,&quot;shutter_speed&quot;:&quot;0.0008&quot;,&quot;title&quot;:&quot;SPAIN-RELIGION-ALL SAINTS DAY&quot;}\" data-image-title=\"SPAIN-RELIGION-ALL SAINTS DAY\" data-image-description=\"&lt;p&gt;Relatives put flowers on a relative&#8217;s grave on All Saint&#8217;s Day in Santa Cruz de Tenerife, 01 November 2012. All Saints Day, one of the holy days of obligation in the Catholic Church falls on November 01, originally celebrated to commemorate the death of martyrs in the christian church it has been broadened to commemorate the dead.&lt;br \/&gt;\nAFP PHOTO\/DESIREE MARTIN&lt;\/p&gt;\n\" data-medium-file=\"http:\/\/desireemartinphoto.com\/blog\/wp-content\/uploads\/2012\/11\/DM-Todos-los-Santos-2012-13-300x192.jpg\" data-large-file=\"http:\/\/desireemartinphoto.com\/blog\/wp-content\/uploads\/2012\/11\/DM-Todos-los-Santos-2012-13.jpg\" loading=\"lazy\" class=\"alignnone size-full wp-image-2189\" title=\"SPAIN-RELIGION-ALL SAINTS DAY\" src=\"http:\/\/desireemartinphoto.com\/blog\/wp-content\/uploads\/2012\/11\/DM-Todos-los-Santos-2012-13.jpg\" alt=\"\" width=\"500\" height=\"320\" srcset=\"http:\/\/desireemartinphoto.com\/blog\/wp-content\/uploads\/2012\/11\/DM-Todos-los-Santos-2012-13.jpg 500w, http:\/\/desireemartinphoto.com\/blog\/wp-content\/uploads\/2012\/11\/DM-Todos-los-Santos-2012-13-300x192.jpg 300w\" sizes=\"(max-width: 500px) 100vw, 500px\" \/><\/a><\/p>\n<p>&nbsp;<\/p>\n<p><a rel=\"attachment wp-att-2190\" href=\"http:\/\/desireemartinphoto.com\/blog\/?attachment_id=2190\"><img data-attachment-id=\"2190\" data-permalink=\"http:\/\/desireemartinphoto.com\/blog\/dia-de-todos-los-santos\/spain-religion-all-saints-day-8\/\" data-orig-file=\"http:\/\/desireemartinphoto.com\/blog\/wp-content\/uploads\/2012\/11\/DM-Todos-los-Santos-2012-14.jpg\" data-orig-size=\"500,333\" data-comments-opened=\"1\" data-image-meta=\"{&quot;aperture&quot;:&quot;5.6&quot;,&quot;credit&quot;:&quot;DESIREE MARTIN&quot;,&quot;camera&quot;:&quot;Canon EOS 5D Mark II&quot;,&quot;caption&quot;:&quot;Relatives put flowers on a relative&#039;s grave on All Saint&#039;s Day in Santa Cruz de Tenerife, 01 November 2012. All Saints Day, one of the holy days of obligation in the Catholic Church falls on November 01, originally celebrated to commemorate the death of martyrs in the christian church it has been broadened to commemorate the dead.\\nAFP PHOTO\\\/DESIREE MARTIN&quot;,&quot;created_timestamp&quot;:&quot;1351762769&quot;,&quot;copyright&quot;:&quot;AFP ImageForum&quot;,&quot;focal_length&quot;:&quot;17&quot;,&quot;iso&quot;:&quot;400&quot;,&quot;shutter_speed&quot;:&quot;0.0005&quot;,&quot;title&quot;:&quot;SPAIN-RELIGION-ALL SAINTS DAY&quot;}\" data-image-title=\"SPAIN-RELIGION-ALL SAINTS DAY\" data-image-description=\"&lt;p&gt;Relatives put flowers on a relative&#8217;s grave on All Saint&#8217;s Day in Santa Cruz de Tenerife, 01 November 2012. All Saints Day, one of the holy days of obligation in the Catholic Church falls on November 01, originally celebrated to commemorate the death of martyrs in the christian church it has been broadened to commemorate the dead.&lt;br \/&gt;\nAFP PHOTO\/DESIREE MARTIN&lt;\/p&gt;\n\" data-medium-file=\"http:\/\/desireemartinphoto.com\/blog\/wp-content\/uploads\/2012\/11\/DM-Todos-los-Santos-2012-14-300x199.jpg\" data-large-file=\"http:\/\/desireemartinphoto.com\/blog\/wp-content\/uploads\/2012\/11\/DM-Todos-los-Santos-2012-14.jpg\" loading=\"lazy\" class=\"aligncenter size-full wp-image-2190\" title=\"SPAIN-RELIGION-ALL SAINTS DAY\" src=\"http:\/\/desireemartinphoto.com\/blog\/wp-content\/uploads\/2012\/11\/DM-Todos-los-Santos-2012-14.jpg\" alt=\"\" width=\"500\" height=\"333\" srcset=\"http:\/\/desireemartinphoto.com\/blog\/wp-content\/uploads\/2012\/11\/DM-Todos-los-Santos-2012-14.jpg 500w, http:\/\/desireemartinphoto.com\/blog\/wp-content\/uploads\/2012\/11\/DM-Todos-los-Santos-2012-14-300x199.jpg 300w\" sizes=\"(max-width: 500px) 100vw, 500px\" \/><\/a><\/p>\n<p>&nbsp;<\/p>\n<p><a rel=\"attachment wp-att-2191\" href=\"http:\/\/desireemartinphoto.com\/blog\/?attachment_id=2191\"><img data-attachment-id=\"2191\" data-permalink=\"http:\/\/desireemartinphoto.com\/blog\/dia-de-todos-los-santos\/spain-religion-all-saints-day-9\/\" data-orig-file=\"http:\/\/desireemartinphoto.com\/blog\/wp-content\/uploads\/2012\/11\/DM-Todos-los-Santos-2012-15.jpg\" data-orig-size=\"500,782\" data-comments-opened=\"1\" data-image-meta=\"{&quot;aperture&quot;:&quot;6.3&quot;,&quot;credit&quot;:&quot;DESIREE MARTIN&quot;,&quot;camera&quot;:&quot;Canon EOS 5D Mark II&quot;,&quot;caption&quot;:&quot;Relatives put flowers on a relative&#039;s grave on All Saint&#039;s Day in Santa Cruz de Tenerife, 01 November 2012. All Saints Day, one of the holy days of obligation in the Catholic Church falls on November 01, originally celebrated to commemorate the death of martyrs in the christian church it has been broadened to commemorate the dead.\\nAFP PHOTO\\\/DESIREE MARTIN&quot;,&quot;created_timestamp&quot;:&quot;1351765454&quot;,&quot;copyright&quot;:&quot;AFP ImageForum&quot;,&quot;focal_length&quot;:&quot;135&quot;,&quot;iso&quot;:&quot;400&quot;,&quot;shutter_speed&quot;:&quot;0.00125&quot;,&quot;title&quot;:&quot;SPAIN-RELIGION-ALL SAINTS DAY&quot;}\" data-image-title=\"SPAIN-RELIGION-ALL SAINTS DAY\" data-image-description=\"&lt;p&gt;Relatives put flowers on a relative&#8217;s grave on All Saint&#8217;s Day in Santa Cruz de Tenerife, 01 November 2012. All Saints Day, one of the holy days of obligation in the Catholic Church falls on November 01, originally celebrated to commemorate the death of martyrs in the christian church it has been broadened to commemorate the dead.&lt;br \/&gt;\nAFP PHOTO\/DESIREE MARTIN&lt;\/p&gt;\n\" data-medium-file=\"http:\/\/desireemartinphoto.com\/blog\/wp-content\/uploads\/2012\/11\/DM-Todos-los-Santos-2012-15-191x300.jpg\" data-large-file=\"http:\/\/desireemartinphoto.com\/blog\/wp-content\/uploads\/2012\/11\/DM-Todos-los-Santos-2012-15.jpg\" loading=\"lazy\" class=\"aligncenter size-full wp-image-2191\" title=\"SPAIN-RELIGION-ALL SAINTS DAY\" src=\"http:\/\/desireemartinphoto.com\/blog\/wp-content\/uploads\/2012\/11\/DM-Todos-los-Santos-2012-15.jpg\" alt=\"\" width=\"500\" height=\"782\" srcset=\"http:\/\/desireemartinphoto.com\/blog\/wp-content\/uploads\/2012\/11\/DM-Todos-los-Santos-2012-15.jpg 500w, http:\/\/desireemartinphoto.com\/blog\/wp-content\/uploads\/2012\/11\/DM-Todos-los-Santos-2012-15-191x300.jpg 191w\" sizes=\"(max-width: 500px) 100vw, 500px\" \/><\/a><\/p>\n<p>&nbsp;<\/p>\n<p><a rel=\"attachment wp-att-2192\" href=\"http:\/\/desireemartinphoto.com\/blog\/?attachment_id=2192\"><img data-attachment-id=\"2192\" data-permalink=\"http:\/\/desireemartinphoto.com\/blog\/dia-de-todos-los-santos\/spain-religion-all-saints-day-10\/\" data-orig-file=\"http:\/\/desireemartinphoto.com\/blog\/wp-content\/uploads\/2012\/11\/DM-Todos-los-Santos-2012-16.jpg\" data-orig-size=\"500,313\" data-comments-opened=\"1\" data-image-meta=\"{&quot;aperture&quot;:&quot;2.8&quot;,&quot;credit&quot;:&quot;DESIREE MARTIN&quot;,&quot;camera&quot;:&quot;Canon EOS 5D Mark II&quot;,&quot;caption&quot;:&quot;Relatives put flowers on a relative&#039;s grave on All Saint&#039;s Day in Santa Cruz de Tenerife, 01 November 2012. All Saints Day, one of the holy days of obligation in the Catholic Church falls on November 01, originally celebrated to commemorate the death of martyrs in the christian church it has been broadened to commemorate the dead.\\nAFP PHOTO\\\/DESIREE MARTIN&quot;,&quot;created_timestamp&quot;:&quot;1351767051&quot;,&quot;copyright&quot;:&quot;AFP ImageForum&quot;,&quot;focal_length&quot;:&quot;95&quot;,&quot;iso&quot;:&quot;400&quot;,&quot;shutter_speed&quot;:&quot;0.00025&quot;,&quot;title&quot;:&quot;SPAIN-RELIGION-ALL SAINTS DAY&quot;}\" data-image-title=\"SPAIN-RELIGION-ALL SAINTS DAY\" data-image-description=\"&lt;p&gt;Relatives put flowers on a relative&#8217;s grave on All Saint&#8217;s Day in Santa Cruz de Tenerife, 01 November 2012. All Saints Day, one of the holy days of obligation in the Catholic Church falls on November 01, originally celebrated to commemorate the death of martyrs in the christian church it has been broadened to commemorate the dead.&lt;br \/&gt;\nAFP PHOTO\/DESIREE MARTIN&lt;\/p&gt;\n\" data-medium-file=\"http:\/\/desireemartinphoto.com\/blog\/wp-content\/uploads\/2012\/11\/DM-Todos-los-Santos-2012-16-300x187.jpg\" data-large-file=\"http:\/\/desireemartinphoto.com\/blog\/wp-content\/uploads\/2012\/11\/DM-Todos-los-Santos-2012-16.jpg\" loading=\"lazy\" class=\"alignnone size-full wp-image-2192\" title=\"SPAIN-RELIGION-ALL SAINTS DAY\" src=\"http:\/\/desireemartinphoto.com\/blog\/wp-content\/uploads\/2012\/11\/DM-Todos-los-Santos-2012-16.jpg\" alt=\"\" width=\"500\" height=\"313\" srcset=\"http:\/\/desireemartinphoto.com\/blog\/wp-content\/uploads\/2012\/11\/DM-Todos-los-Santos-2012-16.jpg 500w, http:\/\/desireemartinphoto.com\/blog\/wp-content\/uploads\/2012\/11\/DM-Todos-los-Santos-2012-16-300x187.jpg 300w\" sizes=\"(max-width: 500px) 100vw, 500px\" \/><\/a><\/p>\n<p>&nbsp;<\/p>\n<p><a rel=\"attachment wp-att-2193\" href=\"http:\/\/desireemartinphoto.com\/blog\/?attachment_id=2193\"><img data-attachment-id=\"2193\" data-permalink=\"http:\/\/desireemartinphoto.com\/blog\/dia-de-todos-los-santos\/dm-todos-los-santos-2012-17\/\" data-orig-file=\"http:\/\/desireemartinphoto.com\/blog\/wp-content\/uploads\/2012\/11\/DM-Todos-los-Santos-2012-17.jpg\" data-orig-size=\"500,201\" data-comments-opened=\"1\" data-image-meta=\"{&quot;aperture&quot;:&quot;6.3&quot;,&quot;credit&quot;:&quot;&quot;,&quot;camera&quot;:&quot;Canon EOS 5D Mark II&quot;,&quot;caption&quot;:&quot;&quot;,&quot;created_timestamp&quot;:&quot;1351767132&quot;,&quot;copyright&quot;:&quot;&quot;,&quot;focal_length&quot;:&quot;200&quot;,&quot;iso&quot;:&quot;400&quot;,&quot;shutter_speed&quot;:&quot;0.0015625&quot;,&quot;title&quot;:&quot;&quot;}\" data-image-title=\"DM Todos los Santos 2012-17\" data-image-description=\"\" data-medium-file=\"http:\/\/desireemartinphoto.com\/blog\/wp-content\/uploads\/2012\/11\/DM-Todos-los-Santos-2012-17-300x120.jpg\" data-large-file=\"http:\/\/desireemartinphoto.com\/blog\/wp-content\/uploads\/2012\/11\/DM-Todos-los-Santos-2012-17.jpg\" loading=\"lazy\" class=\"aligncenter size-full wp-image-2193\" title=\"DM Todos los Santos 2012-17\" src=\"http:\/\/desireemartinphoto.com\/blog\/wp-content\/uploads\/2012\/11\/DM-Todos-los-Santos-2012-17.jpg\" alt=\"\" width=\"500\" height=\"201\" srcset=\"http:\/\/desireemartinphoto.com\/blog\/wp-content\/uploads\/2012\/11\/DM-Todos-los-Santos-2012-17.jpg 500w, http:\/\/desireemartinphoto.com\/blog\/wp-content\/uploads\/2012\/11\/DM-Todos-los-Santos-2012-17-300x120.jpg 300w\" sizes=\"(max-width: 500px) 100vw, 500px\" \/><\/a><\/p>\n<p>&nbsp;<\/p>\n<p><a rel=\"attachment wp-att-2194\" href=\"http:\/\/desireemartinphoto.com\/blog\/?attachment_id=2194\"><img data-attachment-id=\"2194\" data-permalink=\"http:\/\/desireemartinphoto.com\/blog\/dia-de-todos-los-santos\/dm-todos-los-santos-2012-18\/\" data-orig-file=\"http:\/\/desireemartinphoto.com\/blog\/wp-content\/uploads\/2012\/11\/DM-Todos-los-Santos-2012-18.jpg\" data-orig-size=\"500,319\" data-comments-opened=\"1\" data-image-meta=\"{&quot;aperture&quot;:&quot;6.3&quot;,&quot;credit&quot;:&quot;&quot;,&quot;camera&quot;:&quot;Canon EOS 5D Mark II&quot;,&quot;caption&quot;:&quot;&quot;,&quot;created_timestamp&quot;:&quot;1351767233&quot;,&quot;copyright&quot;:&quot;&quot;,&quot;focal_length&quot;:&quot;70&quot;,&quot;iso&quot;:&quot;400&quot;,&quot;shutter_speed&quot;:&quot;0.00125&quot;,&quot;title&quot;:&quot;&quot;}\" data-image-title=\"DM Todos los Santos 2012-18\" data-image-description=\"\" data-medium-file=\"http:\/\/desireemartinphoto.com\/blog\/wp-content\/uploads\/2012\/11\/DM-Todos-los-Santos-2012-18-300x191.jpg\" data-large-file=\"http:\/\/desireemartinphoto.com\/blog\/wp-content\/uploads\/2012\/11\/DM-Todos-los-Santos-2012-18.jpg\" loading=\"lazy\" class=\"alignnone size-full wp-image-2194\" title=\"DM Todos los Santos 2012-18\" src=\"http:\/\/desireemartinphoto.com\/blog\/wp-content\/uploads\/2012\/11\/DM-Todos-los-Santos-2012-18.jpg\" alt=\"\" width=\"500\" height=\"319\" srcset=\"http:\/\/desireemartinphoto.com\/blog\/wp-content\/uploads\/2012\/11\/DM-Todos-los-Santos-2012-18.jpg 500w, http:\/\/desireemartinphoto.com\/blog\/wp-content\/uploads\/2012\/11\/DM-Todos-los-Santos-2012-18-300x191.jpg 300w\" sizes=\"(max-width: 500px) 100vw, 500px\" \/><\/a><\/p>\n<p>&nbsp;<\/p>\n<p><a rel=\"attachment wp-att-2195\" href=\"http:\/\/desireemartinphoto.com\/blog\/?attachment_id=2195\"><img data-attachment-id=\"2195\" data-permalink=\"http:\/\/desireemartinphoto.com\/blog\/dia-de-todos-los-santos\/spain-religion-all-saints-day-11\/\" data-orig-file=\"http:\/\/desireemartinphoto.com\/blog\/wp-content\/uploads\/2012\/11\/DM-Todos-los-Santos-2012-19.jpg\" data-orig-size=\"500,308\" data-comments-opened=\"1\" data-image-meta=\"{&quot;aperture&quot;:&quot;6.3&quot;,&quot;credit&quot;:&quot;DESIREE MARTIN&quot;,&quot;camera&quot;:&quot;Canon EOS 5D Mark II&quot;,&quot;caption&quot;:&quot;Relatives put flowers on a relative&#039;s grave on All Saint&#039;s Day in Santa Cruz de Tenerife, 01 November 2012. All Saints Day, one of the holy days of obligation in the Catholic Church falls on November 01, originally celebrated to commemorate the death of martyrs in the christian church it has been broadened to commemorate the dead.\\nAFP PHOTO\\\/DESIREE MARTIN&quot;,&quot;created_timestamp&quot;:&quot;1351769366&quot;,&quot;copyright&quot;:&quot;AFP ImageForum&quot;,&quot;focal_length&quot;:&quot;19&quot;,&quot;iso&quot;:&quot;400&quot;,&quot;shutter_speed&quot;:&quot;0.0025&quot;,&quot;title&quot;:&quot;SPAIN-RELIGION-ALL SAINTS DAY&quot;}\" data-image-title=\"SPAIN-RELIGION-ALL SAINTS DAY\" data-image-description=\"&lt;p&gt;Relatives put flowers on a relative&#8217;s grave on All Saint&#8217;s Day in Santa Cruz de Tenerife, 01 November 2012. All Saints Day, one of the holy days of obligation in the Catholic Church falls on November 01, originally celebrated to commemorate the death of martyrs in the christian church it has been broadened to commemorate the dead.&lt;br \/&gt;\nAFP PHOTO\/DESIREE MARTIN&lt;\/p&gt;\n\" data-medium-file=\"http:\/\/desireemartinphoto.com\/blog\/wp-content\/uploads\/2012\/11\/DM-Todos-los-Santos-2012-19-300x184.jpg\" data-large-file=\"http:\/\/desireemartinphoto.com\/blog\/wp-content\/uploads\/2012\/11\/DM-Todos-los-Santos-2012-19.jpg\" loading=\"lazy\" class=\"aligncenter size-full wp-image-2195\" title=\"SPAIN-RELIGION-ALL SAINTS DAY\" src=\"http:\/\/desireemartinphoto.com\/blog\/wp-content\/uploads\/2012\/11\/DM-Todos-los-Santos-2012-19.jpg\" alt=\"\" width=\"500\" height=\"308\" srcset=\"http:\/\/desireemartinphoto.com\/blog\/wp-content\/uploads\/2012\/11\/DM-Todos-los-Santos-2012-19.jpg 500w, http:\/\/desireemartinphoto.com\/blog\/wp-content\/uploads\/2012\/11\/DM-Todos-los-Santos-2012-19-300x184.jpg 300w\" sizes=\"(max-width: 500px) 100vw, 500px\" \/><\/a><\/p>\n<p>&nbsp;<\/p>\n<p>&nbsp;<\/p>\n<p>&nbsp;<\/p>\n<p>&nbsp;<\/p>\n<div class=\"sharedaddy sd-sharing-enabled\"><div class=\"robots-nocontent sd-block sd-social sd-social-icon-text sd-sharing\"><h3 class=\"sd-title\">COMPARTE ESTO:<\/h3><div class=\"sd-content\"><ul><li class=\"share-facebook\"><a rel=\"nofollow noopener noreferrer\" data-shared=\"sharing-facebook-2174\" class=\"share-facebook sd-button share-icon\" href=\"http:\/\/desireemartinphoto.com\/blog\/dia-de-todos-los-santos\/?share=facebook\" target=\"_blank\" title=\"Haz clic para compartir en Facebook\"><span>Facebook<\/span><\/a><\/li><li class=\"share-twitter\"><a rel=\"nofollow noopener noreferrer\" data-shared=\"sharing-twitter-2174\" class=\"share-twitter sd-button share-icon\" href=\"http:\/\/desireemartinphoto.com\/blog\/dia-de-todos-los-santos\/?share=twitter\" target=\"_blank\" title=\"Haz clic para compartir en Twitter\"><span>Twitter<\/span><\/a><\/li><li class=\"share-email\"><a rel=\"nofollow noopener noreferrer\" data-shared=\"\" class=\"share-email sd-button share-icon\" href=\"http:\/\/desireemartinphoto.com\/blog\/dia-de-todos-los-santos\/?share=email\" target=\"_blank\" title=\"Haz clic para enviar por correo electr\u00f3nico a un amigo\"><span>Correo electr\u00f3nico<\/span><\/a><\/li><li class=\"share-linkedin\"><a rel=\"nofollow noopener noreferrer\" data-shared=\"sharing-linkedin-2174\" class=\"share-linkedin sd-button share-icon\" href=\"http:\/\/desireemartinphoto.com\/blog\/dia-de-todos-los-santos\/?share=linkedin\" target=\"_blank\" title=\"Haz clic para compartir en LinkedIn\"><span>LinkedIn<\/span><\/a><\/li><li class=\"share-tumblr\"><a rel=\"nofollow noopener noreferrer\" data-shared=\"\" class=\"share-tumblr sd-button share-icon\" href=\"http:\/\/desireemartinphoto.com\/blog\/dia-de-todos-los-santos\/?share=tumblr\" target=\"_blank\" title=\"Haz clic para compartir en Tumblr\"><span>Tumblr<\/span><\/a><\/li><li class=\"share-end\"><\/li><\/ul><\/div><\/div><\/div>","protected":false},"excerpt":{"rendered":"<p>&nbsp; Este a\u00f1o cre\u00ed que no har\u00eda fotos en este d\u00eda.. pero finalmente\u00a0\u00a0\u00a0\u00a0 ..hice. Me alegr\u00e9 much\u00edsimo. Me gusta ese d\u00eda en los cementerios, me gusta hablar con la gente que los visita, a veces sin dirigirnos ni una palabra. Llovi\u00f3 mucho el d\u00eda anterior, por lo que este 1 de noviembre hab\u00eda m\u00e1s personas [&#038;hellip<\/p>\n<div class=\"sharedaddy sd-sharing-enabled\"><div class=\"robots-nocontent sd-block sd-social sd-social-icon-text sd-sharing\"><h3 class=\"sd-title\">COMPARTE ESTO:<\/h3><div class=\"sd-content\"><ul><li class=\"share-facebook\"><a rel=\"nofollow noopener noreferrer\" data-shared=\"sharing-facebook-2174\" class=\"share-facebook sd-button share-icon\" href=\"http:\/\/desireemartinphoto.com\/blog\/dia-de-todos-los-santos\/?share=facebook\" target=\"_blank\" title=\"Haz clic para compartir en Facebook\"><span>Facebook<\/span><\/a><\/li><li class=\"share-twitter\"><a rel=\"nofollow noopener noreferrer\" data-shared=\"sharing-twitter-2174\" class=\"share-twitter sd-button share-icon\" href=\"http:\/\/desireemartinphoto.com\/blog\/dia-de-todos-los-santos\/?share=twitter\" target=\"_blank\" title=\"Haz clic para compartir en Twitter\"><span>Twitter<\/span><\/a><\/li><li class=\"share-email\"><a rel=\"nofollow noopener noreferrer\" data-shared=\"\" class=\"share-email sd-button share-icon\" href=\"http:\/\/desireemartinphoto.com\/blog\/dia-de-todos-los-santos\/?share=email\" target=\"_blank\" title=\"Haz clic para enviar por correo electr\u00f3nico a un amigo\"><span>Correo electr\u00f3nico<\/span><\/a><\/li><li class=\"share-linkedin\"><a rel=\"nofollow noopener noreferrer\" data-shared=\"sharing-linkedin-2174\" class=\"share-linkedin sd-button share-icon\" href=\"http:\/\/desireemartinphoto.com\/blog\/dia-de-todos-los-santos\/?share=linkedin\" target=\"_blank\" title=\"Haz clic para compartir en LinkedIn\"><span>LinkedIn<\/span><\/a><\/li><li class=\"share-tumblr\"><a rel=\"nofollow noopener noreferrer\" data-shared=\"\" class=\"share-tumblr sd-button share-icon\" href=\"http:\/\/desireemartinphoto.com\/blog\/dia-de-todos-los-santos\/?share=tumblr\" target=\"_blank\" title=\"Haz clic para compartir en Tumblr\"><span>Tumblr<\/span><\/a><\/li><li class=\"share-end\"><\/li><\/ul><\/div><\/div><\/div>","protected":false},"author":1,"featured_media":0,"comment_status":"open","ping_status":"open","sticky":false,"template":"","format":"standard","meta":{"spay_email":""},"categories":[1],"tags":[55,467,469,59,468,5,6,345,466,56,465],"jetpack_featured_media_url":"","jetpack_sharing_enabled":true,"_links":{"self":[{"href":"http:\/\/desireemartinphoto.com\/blog\/wp-json\/wp\/v2\/posts\/2174"}],"collection":[{"href":"http:\/\/desireemartinphoto.com\/blog\/wp-json\/wp\/v2\/posts"}],"about":[{"href":"http:\/\/desireemartinphoto.com\/blog\/wp-json\/wp\/v2\/types\/post"}],"author":[{"embeddable":true,"href":"http:\/\/desireemartinphoto.com\/blog\/wp-json\/wp\/v2\/users\/1"}],"replies":[{"embeddable":true,"href":"http:\/\/desireemartinphoto.com\/blog\/wp-json\/wp\/v2\/comments?post=2174"}],"version-history":[{"count":4,"href":"http:\/\/desireemartinphoto.com\/blog\/wp-json\/wp\/v2\/posts\/2174\/revisions"}],"predecessor-version":[{"id":2199,"href":"http:\/\/desireemartinphoto.com\/blog\/wp-json\/wp\/v2\/posts\/2174\/revisions\/2199"}],"wp:attachment":[{"href":"http:\/\/desireemartinphoto.com\/blog\/wp-json\/wp\/v2\/media?parent=2174"}],"wp:term":[{"taxonomy":"category","embeddable":true,"href":"http:\/\/desireemartinphoto.com\/blog\/wp-json\/wp\/v2\/categories?post=2174"},{"taxonomy":"post_tag","embeddable":true,"href":"http:\/\/desireemartinphoto.com\/blog\/wp-json\/wp\/v2\/tags?post=2174"}],"curies":[{"name":"wp","href":"https:\/\/api.w.org\/{rel}","templated":true}]}}