{"id":2098,"date":"2012-08-11T21:53:04","date_gmt":"2012-08-11T21:53:04","guid":{"rendered":"http:\/\/desireemartinphoto.com\/blog\/?p=2098"},"modified":"2012-08-11T21:53:04","modified_gmt":"2012-08-11T21:53:04","slug":"la-gomera-terrible-sin-mas","status":"publish","type":"post","link":"http:\/\/desireemartinphoto.com\/blog\/la-gomera-terrible-sin-mas\/","title":{"rendered":"La Gomera  &#8230;terrible, sin m\u00e1s."},"content":{"rendered":"<p>&nbsp;<\/p>\n<p>Largo d\u00eda en La Gomera y en Tenerife&#8230;<\/p>\n<p>&nbsp;<\/p>\n<p><img data-attachment-id=\"2099\" data-permalink=\"http:\/\/desireemartinphoto.com\/blog\/la-gomera-terrible-sin-mas\/horizontal-128\/\" data-orig-file=\"http:\/\/desireemartinphoto.com\/blog\/wp-content\/uploads\/2012\/08\/Incendio-La-Gomera-1108-2012-01.jpg\" data-orig-size=\"550,284\" data-comments-opened=\"1\" data-image-meta=\"{&quot;aperture&quot;:&quot;5.6&quot;,&quot;credit&quot;:&quot;DESIREE MARTIN&quot;,&quot;camera&quot;:&quot;Canon EOS 5D Mark II&quot;,&quot;caption&quot;:&quot;SPAIN, La Gomera : Dark clouds of smoke billow from a wildfire over the National Park of Garajonay after 8 days of forest fire , 11 August 2012, on the spanish canary island of La Gomera.\\n\\nDesiree Martin \\\/AFP PHOTO&quot;,&quot;created_timestamp&quot;:&quot;1344690724&quot;,&quot;copyright&quot;:&quot;ImageForum&quot;,&quot;focal_length&quot;:&quot;115&quot;,&quot;iso&quot;:&quot;100&quot;,&quot;shutter_speed&quot;:&quot;0.000625&quot;,&quot;title&quot;:&quot;HORIZONTAL&quot;}\" data-image-title=\"HORIZONTAL\" data-image-description=\"&lt;p&gt;SPAIN, La Gomera : Dark clouds of smoke billow from a wildfire over the National Park of Garajonay after 8 days of forest fire , 11 August 2012, on the spanish canary island of La Gomera.&lt;\/p&gt;\n&lt;p&gt;Desiree Martin \/AFP PHOTO&lt;\/p&gt;\n\" data-medium-file=\"http:\/\/desireemartinphoto.com\/blog\/wp-content\/uploads\/2012\/08\/Incendio-La-Gomera-1108-2012-01-300x154.jpg\" data-large-file=\"http:\/\/desireemartinphoto.com\/blog\/wp-content\/uploads\/2012\/08\/Incendio-La-Gomera-1108-2012-01.jpg\" loading=\"lazy\" class=\"alignnone size-full wp-image-2099\" title=\"HORIZONTAL\" src=\"http:\/\/desireemartinphoto.com\/blog\/wp-content\/uploads\/2012\/08\/Incendio-La-Gomera-1108-2012-01.jpg\" alt=\"\" width=\"550\" height=\"284\" srcset=\"http:\/\/desireemartinphoto.com\/blog\/wp-content\/uploads\/2012\/08\/Incendio-La-Gomera-1108-2012-01.jpg 550w, http:\/\/desireemartinphoto.com\/blog\/wp-content\/uploads\/2012\/08\/Incendio-La-Gomera-1108-2012-01-300x154.jpg 300w\" sizes=\"(max-width: 550px) 100vw, 550px\" \/><\/p>\n<p>&nbsp;<\/p>\n<p>Me acaban de informar de que se est\u00e1 quemando zonas del monte que hace m\u00e1s de 150 a\u00f1os que no ard\u00edan..<\/p>\n<p>&nbsp;<\/p>\n<p><img data-attachment-id=\"2100\" data-permalink=\"http:\/\/desireemartinphoto.com\/blog\/la-gomera-terrible-sin-mas\/horizontal-129\/\" data-orig-file=\"http:\/\/desireemartinphoto.com\/blog\/wp-content\/uploads\/2012\/08\/Incendio-La-Gomera-1108-2012-02.jpg\" data-orig-size=\"550,366\" data-comments-opened=\"1\" data-image-meta=\"{&quot;aperture&quot;:&quot;6.3&quot;,&quot;credit&quot;:&quot;DESIREE MARTIN&quot;,&quot;camera&quot;:&quot;Canon EOS 5D Mark II&quot;,&quot;caption&quot;:&quot;SPAIN, La Gomera : Dark clouds of smoke billow from a wildfire over the National Park of Garajonay after 8 days of forest fire , 11 August 2012, on the spanish canary island of La Gomera.\\n\\n\\nDesiree Martin \\\/AFP PHOTO&quot;,&quot;created_timestamp&quot;:&quot;1344702370&quot;,&quot;copyright&quot;:&quot;ImageForum&quot;,&quot;focal_length&quot;:&quot;16&quot;,&quot;iso&quot;:&quot;100&quot;,&quot;shutter_speed&quot;:&quot;0.002&quot;,&quot;title&quot;:&quot;HORIZONTAL&quot;}\" data-image-title=\"HORIZONTAL\" data-image-description=\"&lt;p&gt;SPAIN, La Gomera : Dark clouds of smoke billow from a wildfire over the National Park of Garajonay after 8 days of forest fire , 11 August 2012, on the spanish canary island of La Gomera.&lt;\/p&gt;\n&lt;p&gt;Desiree Martin \/AFP PHOTO&lt;\/p&gt;\n\" data-medium-file=\"http:\/\/desireemartinphoto.com\/blog\/wp-content\/uploads\/2012\/08\/Incendio-La-Gomera-1108-2012-02-300x199.jpg\" data-large-file=\"http:\/\/desireemartinphoto.com\/blog\/wp-content\/uploads\/2012\/08\/Incendio-La-Gomera-1108-2012-02.jpg\" loading=\"lazy\" class=\"alignnone size-full wp-image-2100\" title=\"HORIZONTAL\" src=\"http:\/\/desireemartinphoto.com\/blog\/wp-content\/uploads\/2012\/08\/Incendio-La-Gomera-1108-2012-02.jpg\" alt=\"\" width=\"550\" height=\"366\" srcset=\"http:\/\/desireemartinphoto.com\/blog\/wp-content\/uploads\/2012\/08\/Incendio-La-Gomera-1108-2012-02.jpg 550w, http:\/\/desireemartinphoto.com\/blog\/wp-content\/uploads\/2012\/08\/Incendio-La-Gomera-1108-2012-02-300x199.jpg 300w\" sizes=\"(max-width: 550px) 100vw, 550px\" \/><\/p>\n<p>Los vecinos de lso caser\u00edos se resisten a ser evacuados , no quieren alejarse de sus casas, de su vida&#8230;<\/p>\n<p>&nbsp;<\/p>\n<p><img data-attachment-id=\"2101\" data-permalink=\"http:\/\/desireemartinphoto.com\/blog\/la-gomera-terrible-sin-mas\/horizontal-130\/\" data-orig-file=\"http:\/\/desireemartinphoto.com\/blog\/wp-content\/uploads\/2012\/08\/Incendio-La-Gomera-1108-2012-03.jpg\" data-orig-size=\"550,409\" data-comments-opened=\"1\" data-image-meta=\"{&quot;aperture&quot;:&quot;5.6&quot;,&quot;credit&quot;:&quot;DESIREE MARTIN&quot;,&quot;camera&quot;:&quot;Canon EOS 5D Mark II&quot;,&quot;caption&quot;:&quot;SPAIN, La Gomera : Dark clouds of smoke billow from a wildfire over the National Park of Garajonay after 8 days of forest fire , 11 August 2012, on the spanish canary island of La Gomera.\\n\\n\\nDesiree Martin \\\/AFP PHOTO&quot;,&quot;created_timestamp&quot;:&quot;1344705225&quot;,&quot;copyright&quot;:&quot;ImageForum&quot;,&quot;focal_length&quot;:&quot;16&quot;,&quot;iso&quot;:&quot;100&quot;,&quot;shutter_speed&quot;:&quot;0.002&quot;,&quot;title&quot;:&quot;HORIZONTAL&quot;}\" data-image-title=\"HORIZONTAL\" data-image-description=\"&lt;p&gt;SPAIN, La Gomera : Dark clouds of smoke billow from a wildfire over the National Park of Garajonay after 8 days of forest fire , 11 August 2012, on the spanish canary island of La Gomera.&lt;\/p&gt;\n&lt;p&gt;Desiree Martin \/AFP PHOTO&lt;\/p&gt;\n\" data-medium-file=\"http:\/\/desireemartinphoto.com\/blog\/wp-content\/uploads\/2012\/08\/Incendio-La-Gomera-1108-2012-03-300x223.jpg\" data-large-file=\"http:\/\/desireemartinphoto.com\/blog\/wp-content\/uploads\/2012\/08\/Incendio-La-Gomera-1108-2012-03.jpg\" loading=\"lazy\" class=\"alignnone size-full wp-image-2101\" title=\"HORIZONTAL\" src=\"http:\/\/desireemartinphoto.com\/blog\/wp-content\/uploads\/2012\/08\/Incendio-La-Gomera-1108-2012-03.jpg\" alt=\"\" width=\"550\" height=\"409\" srcset=\"http:\/\/desireemartinphoto.com\/blog\/wp-content\/uploads\/2012\/08\/Incendio-La-Gomera-1108-2012-03.jpg 550w, http:\/\/desireemartinphoto.com\/blog\/wp-content\/uploads\/2012\/08\/Incendio-La-Gomera-1108-2012-03-300x223.jpg 300w\" sizes=\"(max-width: 550px) 100vw, 550px\" \/><\/p>\n<p>&nbsp;<\/p>\n<p><img data-attachment-id=\"2102\" data-permalink=\"http:\/\/desireemartinphoto.com\/blog\/la-gomera-terrible-sin-mas\/horizontal-131\/\" data-orig-file=\"http:\/\/desireemartinphoto.com\/blog\/wp-content\/uploads\/2012\/08\/Incendio-La-Gomera-1108-2012-04.jpg\" data-orig-size=\"550,411\" data-comments-opened=\"1\" data-image-meta=\"{&quot;aperture&quot;:&quot;7.1&quot;,&quot;credit&quot;:&quot;DESIREE MARTIN&quot;,&quot;camera&quot;:&quot;Canon EOS 5D Mark II&quot;,&quot;caption&quot;:&quot;SPAIN, La Gomera : Dark clouds of smoke billow from a wildfire over the National Park of Garajonay after 8 days of forest fire , 11 August 2012, on the spanish canary island of La Gomera.\\n\\n\\nDesiree Martin \\\/AFP PHOTO&quot;,&quot;created_timestamp&quot;:&quot;1344700762&quot;,&quot;copyright&quot;:&quot;ImageForum&quot;,&quot;focal_length&quot;:&quot;200&quot;,&quot;iso&quot;:&quot;100&quot;,&quot;shutter_speed&quot;:&quot;0.00625&quot;,&quot;title&quot;:&quot;HORIZONTAL&quot;}\" data-image-title=\"HORIZONTAL\" data-image-description=\"&lt;p&gt;SPAIN, La Gomera : Dark clouds of smoke billow from a wildfire over the National Park of Garajonay after 8 days of forest fire , 11 August 2012, on the spanish canary island of La Gomera.&lt;\/p&gt;\n&lt;p&gt;Desiree Martin \/AFP PHOTO&lt;\/p&gt;\n\" data-medium-file=\"http:\/\/desireemartinphoto.com\/blog\/wp-content\/uploads\/2012\/08\/Incendio-La-Gomera-1108-2012-04-300x224.jpg\" data-large-file=\"http:\/\/desireemartinphoto.com\/blog\/wp-content\/uploads\/2012\/08\/Incendio-La-Gomera-1108-2012-04.jpg\" loading=\"lazy\" class=\"alignnone size-full wp-image-2102\" title=\"HORIZONTAL\" src=\"http:\/\/desireemartinphoto.com\/blog\/wp-content\/uploads\/2012\/08\/Incendio-La-Gomera-1108-2012-04.jpg\" alt=\"\" width=\"550\" height=\"411\" srcset=\"http:\/\/desireemartinphoto.com\/blog\/wp-content\/uploads\/2012\/08\/Incendio-La-Gomera-1108-2012-04.jpg 550w, http:\/\/desireemartinphoto.com\/blog\/wp-content\/uploads\/2012\/08\/Incendio-La-Gomera-1108-2012-04-300x224.jpg 300w\" sizes=\"(max-width: 550px) 100vw, 550px\" \/><\/p>\n<p>&nbsp;<\/p>\n<p>Pero el fuego no da tregua..<\/p>\n<p>&nbsp;<\/p>\n<p><img data-attachment-id=\"2103\" data-permalink=\"http:\/\/desireemartinphoto.com\/blog\/la-gomera-terrible-sin-mas\/horizontal-132\/\" data-orig-file=\"http:\/\/desireemartinphoto.com\/blog\/wp-content\/uploads\/2012\/08\/Incendio-La-Gomera-1108-2012-05.jpg\" data-orig-size=\"550,303\" data-comments-opened=\"1\" data-image-meta=\"{&quot;aperture&quot;:&quot;5.6&quot;,&quot;credit&quot;:&quot;DESIREE MARTIN&quot;,&quot;camera&quot;:&quot;Canon EOS 5D Mark II&quot;,&quot;caption&quot;:&quot;SPAIN, La Gomera : Dark clouds of smoke billow from a wildfire over the National Park of Garajonay after 8 days of forest fire , 11 August 2012, on the spanish canary island of La Gomera.\\n\\n\\nDesiree Martin \\\/AFP PHOTO&quot;,&quot;created_timestamp&quot;:&quot;1344712016&quot;,&quot;copyright&quot;:&quot;ImageForum&quot;,&quot;focal_length&quot;:&quot;16&quot;,&quot;iso&quot;:&quot;400&quot;,&quot;shutter_speed&quot;:&quot;0.001&quot;,&quot;title&quot;:&quot;HORIZONTAL&quot;}\" data-image-title=\"HORIZONTAL\" data-image-description=\"&lt;p&gt;SPAIN, La Gomera : Dark clouds of smoke billow from a wildfire over the National Park of Garajonay after 8 days of forest fire , 11 August 2012, on the spanish canary island of La Gomera.&lt;\/p&gt;\n&lt;p&gt;Desiree Martin \/AFP PHOTO&lt;\/p&gt;\n\" data-medium-file=\"http:\/\/desireemartinphoto.com\/blog\/wp-content\/uploads\/2012\/08\/Incendio-La-Gomera-1108-2012-05-300x165.jpg\" data-large-file=\"http:\/\/desireemartinphoto.com\/blog\/wp-content\/uploads\/2012\/08\/Incendio-La-Gomera-1108-2012-05.jpg\" loading=\"lazy\" class=\"alignnone size-full wp-image-2103\" title=\"HORIZONTAL\" src=\"http:\/\/desireemartinphoto.com\/blog\/wp-content\/uploads\/2012\/08\/Incendio-La-Gomera-1108-2012-05.jpg\" alt=\"\" width=\"550\" height=\"303\" srcset=\"http:\/\/desireemartinphoto.com\/blog\/wp-content\/uploads\/2012\/08\/Incendio-La-Gomera-1108-2012-05.jpg 550w, http:\/\/desireemartinphoto.com\/blog\/wp-content\/uploads\/2012\/08\/Incendio-La-Gomera-1108-2012-05-300x165.jpg 300w\" sizes=\"(max-width: 550px) 100vw, 550px\" \/><\/p>\n<p>&nbsp;<\/p>\n<p>Alojera es evacuada sobre las 22 horas de la noche. Desde all\u00ed Sergio me dice por wapp que las palmeras est\u00e1n ardiendo ..<\/p>\n<p>&nbsp;<\/p>\n<p><img data-attachment-id=\"2104\" data-permalink=\"http:\/\/desireemartinphoto.com\/blog\/la-gomera-terrible-sin-mas\/horizontal-133\/\" data-orig-file=\"http:\/\/desireemartinphoto.com\/blog\/wp-content\/uploads\/2012\/08\/Incendio-La-Gomera-1108-2012-06.jpg\" data-orig-size=\"550,367\" data-comments-opened=\"1\" data-image-meta=\"{&quot;aperture&quot;:&quot;5.6&quot;,&quot;credit&quot;:&quot;DESIREE MARTIN&quot;,&quot;camera&quot;:&quot;Canon EOS 5D Mark II&quot;,&quot;caption&quot;:&quot;SPAIN, La Gomera : Dark clouds of smoke billow from a wildfire over the National Park of Garajonay after 8 days of forest fire , 11 August 2012, on the spanish canary island of La Gomera.\\n\\n\\nDesiree Martin \\\/AFP PHOTO&quot;,&quot;created_timestamp&quot;:&quot;1344710740&quot;,&quot;copyright&quot;:&quot;ImageForum&quot;,&quot;focal_length&quot;:&quot;16&quot;,&quot;iso&quot;:&quot;100&quot;,&quot;shutter_speed&quot;:&quot;0.00125&quot;,&quot;title&quot;:&quot;HORIZONTAL&quot;}\" data-image-title=\"HORIZONTAL\" data-image-description=\"&lt;p&gt;SPAIN, La Gomera : Dark clouds of smoke billow from a wildfire over the National Park of Garajonay after 8 days of forest fire , 11 August 2012, on the spanish canary island of La Gomera.&lt;\/p&gt;\n&lt;p&gt;Desiree Martin \/AFP PHOTO&lt;\/p&gt;\n\" data-medium-file=\"http:\/\/desireemartinphoto.com\/blog\/wp-content\/uploads\/2012\/08\/Incendio-La-Gomera-1108-2012-06-300x200.jpg\" data-large-file=\"http:\/\/desireemartinphoto.com\/blog\/wp-content\/uploads\/2012\/08\/Incendio-La-Gomera-1108-2012-06.jpg\" loading=\"lazy\" class=\"alignnone size-full wp-image-2104\" title=\"HORIZONTAL\" src=\"http:\/\/desireemartinphoto.com\/blog\/wp-content\/uploads\/2012\/08\/Incendio-La-Gomera-1108-2012-06.jpg\" alt=\"\" width=\"550\" height=\"367\" srcset=\"http:\/\/desireemartinphoto.com\/blog\/wp-content\/uploads\/2012\/08\/Incendio-La-Gomera-1108-2012-06.jpg 550w, http:\/\/desireemartinphoto.com\/blog\/wp-content\/uploads\/2012\/08\/Incendio-La-Gomera-1108-2012-06-300x200.jpg 300w\" sizes=\"(max-width: 550px) 100vw, 550px\" \/><\/p>\n<p>&nbsp;<\/p>\n<p>Mientras, en Vallehermoso, unas 150 personas de las 2500 evacuadas en la isla de La Gomera, intentan pasar las horas que separan la noche del d\u00eda.<\/p>\n<p>&nbsp;<\/p>\n<p><img data-attachment-id=\"2105\" data-permalink=\"http:\/\/desireemartinphoto.com\/blog\/la-gomera-terrible-sin-mas\/horizontal-134\/\" data-orig-file=\"http:\/\/desireemartinphoto.com\/blog\/wp-content\/uploads\/2012\/08\/Incendio-La-Gomera-1108-2012-07.jpg\" data-orig-size=\"550,354\" data-comments-opened=\"1\" data-image-meta=\"{&quot;aperture&quot;:&quot;3.5&quot;,&quot;credit&quot;:&quot;DESIREE MARTIN&quot;,&quot;camera&quot;:&quot;Canon EOS 5D Mark II&quot;,&quot;caption&quot;:&quot;SPAIN, La Gomera :  More than 2100 People was evacuated by the spanish Civil Guard ( Guardia Civil Espa\\u00c3\\u00b1ola )  and spanish Red Cross, after 8 days of forest fire, 11 August 2012, on the spanish canary island of La Gomera.\\n\\nDesiree Martin \\\/AFP PHOTO&quot;,&quot;created_timestamp&quot;:&quot;1344717421&quot;,&quot;copyright&quot;:&quot;ImageForum&quot;,&quot;focal_length&quot;:&quot;25&quot;,&quot;iso&quot;:&quot;2000&quot;,&quot;shutter_speed&quot;:&quot;0.04&quot;,&quot;title&quot;:&quot;HORIZONTAL&quot;}\" data-image-title=\"HORIZONTAL\" data-image-description=\"&lt;p&gt;SPAIN, La Gomera :  More than 2100 People was evacuated by the spanish Civil Guard ( Guardia Civil Espa\u00c3\u00b1ola )  and spanish Red Cross, after 8 days of forest fire, 11 August 2012, on the spanish canary island of La Gomera.&lt;\/p&gt;\n&lt;p&gt;Desiree Martin \/AFP PHOTO&lt;\/p&gt;\n\" data-medium-file=\"http:\/\/desireemartinphoto.com\/blog\/wp-content\/uploads\/2012\/08\/Incendio-La-Gomera-1108-2012-07-300x193.jpg\" data-large-file=\"http:\/\/desireemartinphoto.com\/blog\/wp-content\/uploads\/2012\/08\/Incendio-La-Gomera-1108-2012-07.jpg\" loading=\"lazy\" class=\"alignnone size-full wp-image-2105\" title=\"HORIZONTAL\" src=\"http:\/\/desireemartinphoto.com\/blog\/wp-content\/uploads\/2012\/08\/Incendio-La-Gomera-1108-2012-07.jpg\" alt=\"\" width=\"550\" height=\"354\" srcset=\"http:\/\/desireemartinphoto.com\/blog\/wp-content\/uploads\/2012\/08\/Incendio-La-Gomera-1108-2012-07.jpg 550w, http:\/\/desireemartinphoto.com\/blog\/wp-content\/uploads\/2012\/08\/Incendio-La-Gomera-1108-2012-07-300x193.jpg 300w\" sizes=\"(max-width: 550px) 100vw, 550px\" \/><\/p>\n<p>&nbsp;<\/p>\n<p><img data-attachment-id=\"2106\" data-permalink=\"http:\/\/desireemartinphoto.com\/blog\/la-gomera-terrible-sin-mas\/horizontal-135\/\" data-orig-file=\"http:\/\/desireemartinphoto.com\/blog\/wp-content\/uploads\/2012\/08\/Incendio-La-Gomera-1108-2012-08.jpg\" data-orig-size=\"550,405\" data-comments-opened=\"1\" data-image-meta=\"{&quot;aperture&quot;:&quot;5.6&quot;,&quot;credit&quot;:&quot;DESIREE MARTIN&quot;,&quot;camera&quot;:&quot;Canon EOS 5D Mark II&quot;,&quot;caption&quot;:&quot;SPAIN, La Gomera :  More than 2100 People was evacuated by the spanish Civil Guard ( Guardia Civil Espa\\u00c3\\u00b1ola )  and spanish Red Cross, after 8 days of forest fire, 11 August 2012, on the spanish canary island of La Gomera.\\n\\nDesiree Martin \\\/AFP PHOTO&quot;,&quot;created_timestamp&quot;:&quot;1344717266&quot;,&quot;copyright&quot;:&quot;ImageForum&quot;,&quot;focal_length&quot;:&quot;16&quot;,&quot;iso&quot;:&quot;2000&quot;,&quot;shutter_speed&quot;:&quot;0.02&quot;,&quot;title&quot;:&quot;HORIZONTAL&quot;}\" data-image-title=\"HORIZONTAL\" data-image-description=\"&lt;p&gt;SPAIN, La Gomera :  More than 2100 People was evacuated by the spanish Civil Guard ( Guardia Civil Espa\u00c3\u00b1ola )  and spanish Red Cross, after 8 days of forest fire, 11 August 2012, on the spanish canary island of La Gomera.&lt;\/p&gt;\n&lt;p&gt;Desiree Martin \/AFP PHOTO&lt;\/p&gt;\n\" data-medium-file=\"http:\/\/desireemartinphoto.com\/blog\/wp-content\/uploads\/2012\/08\/Incendio-La-Gomera-1108-2012-08-300x220.jpg\" data-large-file=\"http:\/\/desireemartinphoto.com\/blog\/wp-content\/uploads\/2012\/08\/Incendio-La-Gomera-1108-2012-08.jpg\" loading=\"lazy\" class=\"alignnone size-full wp-image-2106\" title=\"HORIZONTAL\" src=\"http:\/\/desireemartinphoto.com\/blog\/wp-content\/uploads\/2012\/08\/Incendio-La-Gomera-1108-2012-08.jpg\" alt=\"\" width=\"550\" height=\"405\" srcset=\"http:\/\/desireemartinphoto.com\/blog\/wp-content\/uploads\/2012\/08\/Incendio-La-Gomera-1108-2012-08.jpg 550w, http:\/\/desireemartinphoto.com\/blog\/wp-content\/uploads\/2012\/08\/Incendio-La-Gomera-1108-2012-08-300x220.jpg 300w\" sizes=\"(max-width: 550px) 100vw, 550px\" \/><\/p>\n<p>&nbsp;<\/p>\n<p><img data-attachment-id=\"2107\" data-permalink=\"http:\/\/desireemartinphoto.com\/blog\/la-gomera-terrible-sin-mas\/horizontal-136\/\" data-orig-file=\"http:\/\/desireemartinphoto.com\/blog\/wp-content\/uploads\/2012\/08\/Incendio-La-Gomera-1108-2012-09.jpg\" data-orig-size=\"550,485\" data-comments-opened=\"1\" data-image-meta=\"{&quot;aperture&quot;:&quot;5.6&quot;,&quot;credit&quot;:&quot;DESIREE MARTIN&quot;,&quot;camera&quot;:&quot;Canon EOS 5D Mark II&quot;,&quot;caption&quot;:&quot;SPAIN, La Gomera :  More than 2100 People was evacuated by the spanish Civil Guard ( Guardia Civil Espa\\u00c3\\u00b1ola )  and spanish Red Cross, after 8 days of forest fire, 11 August 2012, on the spanish canary island of La Gomera.\\n\\nDesiree Martin \\\/AFP PHOTO&quot;,&quot;created_timestamp&quot;:&quot;1344716600&quot;,&quot;copyright&quot;:&quot;ImageForum&quot;,&quot;focal_length&quot;:&quot;28&quot;,&quot;iso&quot;:&quot;2000&quot;,&quot;shutter_speed&quot;:&quot;0.033333333333333&quot;,&quot;title&quot;:&quot;HORIZONTAL&quot;}\" data-image-title=\"HORIZONTAL\" data-image-description=\"&lt;p&gt;SPAIN, La Gomera :  More than 2100 People was evacuated by the spanish Civil Guard ( Guardia Civil Espa\u00c3\u00b1ola )  and spanish Red Cross, after 8 days of forest fire, 11 August 2012, on the spanish canary island of La Gomera.&lt;\/p&gt;\n&lt;p&gt;Desiree Martin \/AFP PHOTO&lt;\/p&gt;\n\" data-medium-file=\"http:\/\/desireemartinphoto.com\/blog\/wp-content\/uploads\/2012\/08\/Incendio-La-Gomera-1108-2012-09-300x264.jpg\" data-large-file=\"http:\/\/desireemartinphoto.com\/blog\/wp-content\/uploads\/2012\/08\/Incendio-La-Gomera-1108-2012-09.jpg\" loading=\"lazy\" class=\"alignnone size-full wp-image-2107\" title=\"HORIZONTAL\" src=\"http:\/\/desireemartinphoto.com\/blog\/wp-content\/uploads\/2012\/08\/Incendio-La-Gomera-1108-2012-09.jpg\" alt=\"\" width=\"550\" height=\"485\" srcset=\"http:\/\/desireemartinphoto.com\/blog\/wp-content\/uploads\/2012\/08\/Incendio-La-Gomera-1108-2012-09.jpg 550w, http:\/\/desireemartinphoto.com\/blog\/wp-content\/uploads\/2012\/08\/Incendio-La-Gomera-1108-2012-09-300x264.jpg 300w\" sizes=\"(max-width: 550px) 100vw, 550px\" \/><\/p>\n<div class=\"sharedaddy sd-sharing-enabled\"><div class=\"robots-nocontent sd-block sd-social sd-social-icon-text sd-sharing\"><h3 class=\"sd-title\">COMPARTE ESTO:<\/h3><div class=\"sd-content\"><ul><li class=\"share-facebook\"><a rel=\"nofollow noopener noreferrer\" data-shared=\"sharing-facebook-2098\" class=\"share-facebook sd-button share-icon\" href=\"http:\/\/desireemartinphoto.com\/blog\/la-gomera-terrible-sin-mas\/?share=facebook\" target=\"_blank\" title=\"Haz clic para compartir en Facebook\"><span>Facebook<\/span><\/a><\/li><li class=\"share-twitter\"><a rel=\"nofollow noopener noreferrer\" data-shared=\"sharing-twitter-2098\" class=\"share-twitter sd-button share-icon\" href=\"http:\/\/desireemartinphoto.com\/blog\/la-gomera-terrible-sin-mas\/?share=twitter\" target=\"_blank\" title=\"Haz clic para compartir en Twitter\"><span>Twitter<\/span><\/a><\/li><li class=\"share-email\"><a rel=\"nofollow noopener noreferrer\" data-shared=\"\" class=\"share-email sd-button share-icon\" href=\"http:\/\/desireemartinphoto.com\/blog\/la-gomera-terrible-sin-mas\/?share=email\" target=\"_blank\" title=\"Haz clic para enviar por correo electr\u00f3nico a un amigo\"><span>Correo electr\u00f3nico<\/span><\/a><\/li><li class=\"share-linkedin\"><a rel=\"nofollow noopener noreferrer\" data-shared=\"sharing-linkedin-2098\" class=\"share-linkedin sd-button share-icon\" href=\"http:\/\/desireemartinphoto.com\/blog\/la-gomera-terrible-sin-mas\/?share=linkedin\" target=\"_blank\" title=\"Haz clic para compartir en LinkedIn\"><span>LinkedIn<\/span><\/a><\/li><li class=\"share-tumblr\"><a rel=\"nofollow noopener noreferrer\" data-shared=\"\" class=\"share-tumblr sd-button share-icon\" href=\"http:\/\/desireemartinphoto.com\/blog\/la-gomera-terrible-sin-mas\/?share=tumblr\" target=\"_blank\" title=\"Haz clic para compartir en Tumblr\"><span>Tumblr<\/span><\/a><\/li><li class=\"share-end\"><\/li><\/ul><\/div><\/div><\/div>","protected":false},"excerpt":{"rendered":"<p>&nbsp; Largo d\u00eda en La Gomera y en Tenerife&#8230; &nbsp; &nbsp; Me acaban de informar de que se est\u00e1 quemando zonas del monte que hace m\u00e1s de 150 a\u00f1os que no ard\u00edan.. &nbsp; Los vecinos de lso caser\u00edos se resisten a ser evacuados , no quieren alejarse de sus casas, de su vida&#8230; &nbsp; &nbsp; [&#038;hellip<\/p>\n<div class=\"sharedaddy sd-sharing-enabled\"><div class=\"robots-nocontent sd-block sd-social sd-social-icon-text sd-sharing\"><h3 class=\"sd-title\">COMPARTE ESTO:<\/h3><div class=\"sd-content\"><ul><li class=\"share-facebook\"><a rel=\"nofollow noopener noreferrer\" data-shared=\"sharing-facebook-2098\" class=\"share-facebook sd-button share-icon\" href=\"http:\/\/desireemartinphoto.com\/blog\/la-gomera-terrible-sin-mas\/?share=facebook\" target=\"_blank\" title=\"Haz clic para compartir en Facebook\"><span>Facebook<\/span><\/a><\/li><li class=\"share-twitter\"><a rel=\"nofollow noopener noreferrer\" data-shared=\"sharing-twitter-2098\" class=\"share-twitter sd-button share-icon\" href=\"http:\/\/desireemartinphoto.com\/blog\/la-gomera-terrible-sin-mas\/?share=twitter\" target=\"_blank\" title=\"Haz clic para compartir en Twitter\"><span>Twitter<\/span><\/a><\/li><li class=\"share-email\"><a rel=\"nofollow noopener noreferrer\" data-shared=\"\" class=\"share-email sd-button share-icon\" href=\"http:\/\/desireemartinphoto.com\/blog\/la-gomera-terrible-sin-mas\/?share=email\" target=\"_blank\" title=\"Haz clic para enviar por correo electr\u00f3nico a un amigo\"><span>Correo electr\u00f3nico<\/span><\/a><\/li><li class=\"share-linkedin\"><a rel=\"nofollow noopener noreferrer\" data-shared=\"sharing-linkedin-2098\" class=\"share-linkedin sd-button share-icon\" href=\"http:\/\/desireemartinphoto.com\/blog\/la-gomera-terrible-sin-mas\/?share=linkedin\" target=\"_blank\" title=\"Haz clic para compartir en LinkedIn\"><span>LinkedIn<\/span><\/a><\/li><li class=\"share-tumblr\"><a rel=\"nofollow noopener noreferrer\" data-shared=\"\" class=\"share-tumblr sd-button share-icon\" href=\"http:\/\/desireemartinphoto.com\/blog\/la-gomera-terrible-sin-mas\/?share=tumblr\" target=\"_blank\" title=\"Haz clic para compartir en Tumblr\"><span>Tumblr<\/span><\/a><\/li><li class=\"share-end\"><\/li><\/ul><\/div><\/div><\/div>","protected":false},"author":1,"featured_media":0,"comment_status":"open","ping_status":"open","sticky":false,"template":"","format":"standard","meta":{"spay_email":""},"categories":[1],"tags":[449,447,448,444,451,452,414,272,412,450],"jetpack_featured_media_url":"","jetpack_sharing_enabled":true,"_links":{"self":[{"href":"http:\/\/desireemartinphoto.com\/blog\/wp-json\/wp\/v2\/posts\/2098"}],"collection":[{"href":"http:\/\/desireemartinphoto.com\/blog\/wp-json\/wp\/v2\/posts"}],"about":[{"href":"http:\/\/desireemartinphoto.com\/blog\/wp-json\/wp\/v2\/types\/post"}],"author":[{"embeddable":true,"href":"http:\/\/desireemartinphoto.com\/blog\/wp-json\/wp\/v2\/users\/1"}],"replies":[{"embeddable":true,"href":"http:\/\/desireemartinphoto.com\/blog\/wp-json\/wp\/v2\/comments?post=2098"}],"version-history":[{"count":2,"href":"http:\/\/desireemartinphoto.com\/blog\/wp-json\/wp\/v2\/posts\/2098\/revisions"}],"predecessor-version":[{"id":2109,"href":"http:\/\/desireemartinphoto.com\/blog\/wp-json\/wp\/v2\/posts\/2098\/revisions\/2109"}],"wp:attachment":[{"href":"http:\/\/desireemartinphoto.com\/blog\/wp-json\/wp\/v2\/media?parent=2098"}],"wp:term":[{"taxonomy":"category","embeddable":true,"href":"http:\/\/desireemartinphoto.com\/blog\/wp-json\/wp\/v2\/categories?post=2098"},{"taxonomy":"post_tag","embeddable":true,"href":"http:\/\/desireemartinphoto.com\/blog\/wp-json\/wp\/v2\/tags?post=2098"}],"curies":[{"name":"wp","href":"https:\/\/api.w.org\/{rel}","templated":true}]}}