{"id":2073,"date":"2012-08-07T15:59:45","date_gmt":"2012-08-07T15:59:45","guid":{"rendered":"http:\/\/desireemartinphoto.com\/blog\/?p=2073"},"modified":"2012-08-07T15:59:45","modified_gmt":"2012-08-07T15:59:45","slug":"el-garajonay-8-de-agosto-2012","status":"publish","type":"post","link":"http:\/\/desireemartinphoto.com\/blog\/el-garajonay-8-de-agosto-2012\/","title":{"rendered":"El Garajonay, 8 de agosto 2012."},"content":{"rendered":"<p>&nbsp;<\/p>\n<p>El d\u00eda 8 de agosto amanece nublado en Chipuede.<\/p>\n<p>Dos d\u00edas en la isla de La Gomera, dos d\u00edas de un gran incendio forestal con tres frente, y no hubo manera de poder mostrarles los trabajos de extinci\u00f3n del mismo ..<\/p>\n<p>Una vez m\u00e1s echo en falta un protocolo de actuaci\u00f3n conjunta.<\/p>\n<p>As\u00ed encontr\u00e9 el Parque Nacional de Garajonay y en preparque, antes de dejar la isla&#8230;<\/p>\n<p>&nbsp;<\/p>\n<p><img data-attachment-id=\"2074\" data-permalink=\"http:\/\/desireemartinphoto.com\/blog\/el-garajonay-8-de-agosto-2012\/horizontal-112\/\" data-orig-file=\"http:\/\/desireemartinphoto.com\/blog\/wp-content\/uploads\/2012\/08\/Incendio-La-Gomera-0708-2012-01.jpg\" data-orig-size=\"550,367\" data-comments-opened=\"1\" data-image-meta=\"{&quot;aperture&quot;:&quot;6.3&quot;,&quot;credit&quot;:&quot;DESIREE MARTIN&quot;,&quot;camera&quot;:&quot;Canon EOS 5D Mark II&quot;,&quot;caption&quot;:&quot;SPAIN, La Gomera : A view of a burnt trees which survived the passage of a wildfire on the National Park of Garajonay , on the spanish canary island of La Gomera,07 August 2012\\n\\n\\nDesiree Martin \\\/AFP PHOTO&quot;,&quot;created_timestamp&quot;:&quot;1344333098&quot;,&quot;copyright&quot;:&quot;ImageForum&quot;,&quot;focal_length&quot;:&quot;16&quot;,&quot;iso&quot;:&quot;100&quot;,&quot;shutter_speed&quot;:&quot;0.00125&quot;,&quot;title&quot;:&quot;HORIZONTAL&quot;}\" data-image-title=\"Incendio-La-Gomera-0708-2012-01\" data-image-description=\"&lt;p&gt;Desiree Martin \/AFP PHOTO&lt;\/p&gt;\n\" data-medium-file=\"http:\/\/desireemartinphoto.com\/blog\/wp-content\/uploads\/2012\/08\/Incendio-La-Gomera-0708-2012-01-300x200.jpg\" data-large-file=\"http:\/\/desireemartinphoto.com\/blog\/wp-content\/uploads\/2012\/08\/Incendio-La-Gomera-0708-2012-01.jpg\" loading=\"lazy\" class=\"alignnone size-full wp-image-2074\" src=\"http:\/\/desireemartinphoto.com\/blog\/wp-content\/uploads\/2012\/08\/Incendio-La-Gomera-0708-2012-01.jpg\" alt=\"\" width=\"550\" height=\"367\" srcset=\"http:\/\/desireemartinphoto.com\/blog\/wp-content\/uploads\/2012\/08\/Incendio-La-Gomera-0708-2012-01.jpg 550w, http:\/\/desireemartinphoto.com\/blog\/wp-content\/uploads\/2012\/08\/Incendio-La-Gomera-0708-2012-01-300x200.jpg 300w\" sizes=\"(max-width: 550px) 100vw, 550px\" \/><\/p>\n<p>&nbsp;<\/p>\n<p><img data-attachment-id=\"2075\" data-permalink=\"http:\/\/desireemartinphoto.com\/blog\/el-garajonay-8-de-agosto-2012\/horizontal-113\/\" data-orig-file=\"http:\/\/desireemartinphoto.com\/blog\/wp-content\/uploads\/2012\/08\/Incendio-La-Gomera-0708-2012-02.jpg\" data-orig-size=\"550,367\" data-comments-opened=\"1\" data-image-meta=\"{&quot;aperture&quot;:&quot;5.6&quot;,&quot;credit&quot;:&quot;DESIREE MARTIN&quot;,&quot;camera&quot;:&quot;Canon EOS 5D Mark II&quot;,&quot;caption&quot;:&quot;SPAIN, La Gomera : A view of a burnt trees which survived the passage of a wildfire on the National Park of Garajonay , on the spanish canary island of La Gomera,07 August 2012\\n\\n\\nDesiree Martin \\\/AFP PHOTO&quot;,&quot;created_timestamp&quot;:&quot;1344330352&quot;,&quot;copyright&quot;:&quot;ImageForum&quot;,&quot;focal_length&quot;:&quot;16&quot;,&quot;iso&quot;:&quot;400&quot;,&quot;shutter_speed&quot;:&quot;0.00125&quot;,&quot;title&quot;:&quot;HORIZONTAL&quot;}\" data-image-title=\"HORIZONTAL\" data-image-description=\"&lt;p&gt;SPAIN, La Gomera : A view of a burnt trees which survived the passage of a wildfire on the National Park of Garajonay , on the spanish canary island of La Gomera,07 August 2012&lt;\/p&gt;\n&lt;p&gt;Desiree Martin \/AFP PHOTO&lt;\/p&gt;\n\" data-medium-file=\"http:\/\/desireemartinphoto.com\/blog\/wp-content\/uploads\/2012\/08\/Incendio-La-Gomera-0708-2012-02-300x200.jpg\" data-large-file=\"http:\/\/desireemartinphoto.com\/blog\/wp-content\/uploads\/2012\/08\/Incendio-La-Gomera-0708-2012-02.jpg\" loading=\"lazy\" class=\"alignnone size-full wp-image-2075\" title=\"HORIZONTAL\" src=\"http:\/\/desireemartinphoto.com\/blog\/wp-content\/uploads\/2012\/08\/Incendio-La-Gomera-0708-2012-02.jpg\" alt=\"\" width=\"550\" height=\"367\" srcset=\"http:\/\/desireemartinphoto.com\/blog\/wp-content\/uploads\/2012\/08\/Incendio-La-Gomera-0708-2012-02.jpg 550w, http:\/\/desireemartinphoto.com\/blog\/wp-content\/uploads\/2012\/08\/Incendio-La-Gomera-0708-2012-02-300x200.jpg 300w\" sizes=\"(max-width: 550px) 100vw, 550px\" \/><\/p>\n<p>&nbsp;<\/p>\n<p><img data-attachment-id=\"2076\" data-permalink=\"http:\/\/desireemartinphoto.com\/blog\/el-garajonay-8-de-agosto-2012\/horizontal-114\/\" data-orig-file=\"http:\/\/desireemartinphoto.com\/blog\/wp-content\/uploads\/2012\/08\/Incendio-La-Gomera-0708-2012-03.jpg\" data-orig-size=\"550,274\" data-comments-opened=\"1\" data-image-meta=\"{&quot;aperture&quot;:&quot;5.6&quot;,&quot;credit&quot;:&quot;DESIREE MARTIN&quot;,&quot;camera&quot;:&quot;Canon EOS 5D Mark II&quot;,&quot;caption&quot;:&quot;SPAIN, La Gomera : A view of a burnt trees which survived the passage of a wildfire on the National Park of Garajonay , on the spanish canary island of La Gomera,07 August 2012\\n\\n\\nDesiree Martin \\\/AFP PHOTO&quot;,&quot;created_timestamp&quot;:&quot;1344330139&quot;,&quot;copyright&quot;:&quot;ImageForum&quot;,&quot;focal_length&quot;:&quot;16&quot;,&quot;iso&quot;:&quot;400&quot;,&quot;shutter_speed&quot;:&quot;0.0008&quot;,&quot;title&quot;:&quot;HORIZONTAL&quot;}\" data-image-title=\"HORIZONTAL\" data-image-description=\"&lt;p&gt;SPAIN, La Gomera : A view of a burnt trees which survived the passage of a wildfire on the National Park of Garajonay , on the spanish canary island of La Gomera,07 August 2012&lt;\/p&gt;\n&lt;p&gt;Desiree Martin \/AFP PHOTO&lt;\/p&gt;\n\" data-medium-file=\"http:\/\/desireemartinphoto.com\/blog\/wp-content\/uploads\/2012\/08\/Incendio-La-Gomera-0708-2012-03-300x149.jpg\" data-large-file=\"http:\/\/desireemartinphoto.com\/blog\/wp-content\/uploads\/2012\/08\/Incendio-La-Gomera-0708-2012-03.jpg\" loading=\"lazy\" class=\"alignnone size-full wp-image-2076\" title=\"HORIZONTAL\" src=\"http:\/\/desireemartinphoto.com\/blog\/wp-content\/uploads\/2012\/08\/Incendio-La-Gomera-0708-2012-03.jpg\" alt=\"\" width=\"550\" height=\"274\" srcset=\"http:\/\/desireemartinphoto.com\/blog\/wp-content\/uploads\/2012\/08\/Incendio-La-Gomera-0708-2012-03.jpg 550w, http:\/\/desireemartinphoto.com\/blog\/wp-content\/uploads\/2012\/08\/Incendio-La-Gomera-0708-2012-03-300x149.jpg 300w\" sizes=\"(max-width: 550px) 100vw, 550px\" \/><\/p>\n<p>&nbsp;<\/p>\n<p><img data-attachment-id=\"2077\" data-permalink=\"http:\/\/desireemartinphoto.com\/blog\/el-garajonay-8-de-agosto-2012\/horizontal-115\/\" data-orig-file=\"http:\/\/desireemartinphoto.com\/blog\/wp-content\/uploads\/2012\/08\/Incendio-La-Gomera-0708-2012-04.jpg\" data-orig-size=\"550,367\" data-comments-opened=\"1\" data-image-meta=\"{&quot;aperture&quot;:&quot;5.6&quot;,&quot;credit&quot;:&quot;DESIREE MARTIN&quot;,&quot;camera&quot;:&quot;Canon EOS 5D Mark II&quot;,&quot;caption&quot;:&quot;SPAIN, La Gomera : A view of a burnt trees which survived the passage of a wildfire on the National Park of Garajonay , on the spanish canary island of La Gomera,07 August 2012\\n\\n\\nDesiree Martin \\\/AFP PHOTO&quot;,&quot;created_timestamp&quot;:&quot;1344330506&quot;,&quot;copyright&quot;:&quot;ImageForum&quot;,&quot;focal_length&quot;:&quot;16&quot;,&quot;iso&quot;:&quot;400&quot;,&quot;shutter_speed&quot;:&quot;0.004&quot;,&quot;title&quot;:&quot;HORIZONTAL&quot;}\" data-image-title=\"HORIZONTAL\" data-image-description=\"&lt;p&gt;SPAIN, La Gomera : A view of a burnt trees which survived the passage of a wildfire on the National Park of Garajonay , on the spanish canary island of La Gomera,07 August 2012&lt;\/p&gt;\n&lt;p&gt;Desiree Martin \/AFP PHOTO&lt;\/p&gt;\n\" data-medium-file=\"http:\/\/desireemartinphoto.com\/blog\/wp-content\/uploads\/2012\/08\/Incendio-La-Gomera-0708-2012-04-300x200.jpg\" data-large-file=\"http:\/\/desireemartinphoto.com\/blog\/wp-content\/uploads\/2012\/08\/Incendio-La-Gomera-0708-2012-04.jpg\" loading=\"lazy\" class=\"alignnone size-full wp-image-2077\" title=\"HORIZONTAL\" src=\"http:\/\/desireemartinphoto.com\/blog\/wp-content\/uploads\/2012\/08\/Incendio-La-Gomera-0708-2012-04.jpg\" alt=\"\" width=\"550\" height=\"367\" srcset=\"http:\/\/desireemartinphoto.com\/blog\/wp-content\/uploads\/2012\/08\/Incendio-La-Gomera-0708-2012-04.jpg 550w, http:\/\/desireemartinphoto.com\/blog\/wp-content\/uploads\/2012\/08\/Incendio-La-Gomera-0708-2012-04-300x200.jpg 300w\" sizes=\"(max-width: 550px) 100vw, 550px\" \/><\/p>\n<p>&nbsp;<\/p>\n<p><img data-attachment-id=\"2079\" data-permalink=\"http:\/\/desireemartinphoto.com\/blog\/el-garajonay-8-de-agosto-2012\/horizontal-116\/\" data-orig-file=\"http:\/\/desireemartinphoto.com\/blog\/wp-content\/uploads\/2012\/08\/Incendio-La-Gomera-0708-2012-05.jpg\" data-orig-size=\"550,367\" data-comments-opened=\"1\" data-image-meta=\"{&quot;aperture&quot;:&quot;5.6&quot;,&quot;credit&quot;:&quot;DESIREE MARTIN&quot;,&quot;camera&quot;:&quot;Canon EOS 5D Mark II&quot;,&quot;caption&quot;:&quot;SPAIN, La Gomera : A view of a burnt trees which survived the passage of a wildfire on the National Park of Garajonay , on the spanish canary island of La Gomera,07 August 2012\\n\\n\\nDesiree Martin \\\/AFP PHOTO&quot;,&quot;created_timestamp&quot;:&quot;1344339633&quot;,&quot;copyright&quot;:&quot;ImageForum&quot;,&quot;focal_length&quot;:&quot;16&quot;,&quot;iso&quot;:&quot;100&quot;,&quot;shutter_speed&quot;:&quot;0.003125&quot;,&quot;title&quot;:&quot;HORIZONTAL&quot;}\" data-image-title=\"HORIZONTAL\" data-image-description=\"&lt;p&gt;SPAIN, La Gomera : A view of a burnt trees which survived the passage of a wildfire on the National Park of Garajonay , on the spanish canary island of La Gomera,07 August 2012&lt;\/p&gt;\n&lt;p&gt;Desiree Martin \/AFP PHOTO&lt;\/p&gt;\n\" data-medium-file=\"http:\/\/desireemartinphoto.com\/blog\/wp-content\/uploads\/2012\/08\/Incendio-La-Gomera-0708-2012-05-300x200.jpg\" data-large-file=\"http:\/\/desireemartinphoto.com\/blog\/wp-content\/uploads\/2012\/08\/Incendio-La-Gomera-0708-2012-05.jpg\" loading=\"lazy\" class=\"alignnone size-full wp-image-2079\" title=\"HORIZONTAL\" src=\"http:\/\/desireemartinphoto.com\/blog\/wp-content\/uploads\/2012\/08\/Incendio-La-Gomera-0708-2012-05.jpg\" alt=\"\" width=\"550\" height=\"367\" srcset=\"http:\/\/desireemartinphoto.com\/blog\/wp-content\/uploads\/2012\/08\/Incendio-La-Gomera-0708-2012-05.jpg 550w, http:\/\/desireemartinphoto.com\/blog\/wp-content\/uploads\/2012\/08\/Incendio-La-Gomera-0708-2012-05-300x200.jpg 300w\" sizes=\"(max-width: 550px) 100vw, 550px\" \/><\/p>\n<p>&nbsp;<\/p>\n<p><img data-attachment-id=\"2080\" data-permalink=\"http:\/\/desireemartinphoto.com\/blog\/el-garajonay-8-de-agosto-2012\/horizontal-117\/\" data-orig-file=\"http:\/\/desireemartinphoto.com\/blog\/wp-content\/uploads\/2012\/08\/Incendio-La-Gomera-0708-2012-06.jpg\" data-orig-size=\"550,367\" data-comments-opened=\"1\" data-image-meta=\"{&quot;aperture&quot;:&quot;5.6&quot;,&quot;credit&quot;:&quot;DESIREE MARTIN&quot;,&quot;camera&quot;:&quot;Canon EOS 5D Mark II&quot;,&quot;caption&quot;:&quot;SPAIN, La Gomera : A view of a burnt trees which survived the passage of a wildfire on the National Park of Garajonay , on the spanish canary island of La Gomera,07 August 2012\\n\\n\\nDesiree Martin \\\/AFP PHOTO&quot;,&quot;created_timestamp&quot;:&quot;1344333557&quot;,&quot;copyright&quot;:&quot;ImageForum&quot;,&quot;focal_length&quot;:&quot;200&quot;,&quot;iso&quot;:&quot;100&quot;,&quot;shutter_speed&quot;:&quot;0.01&quot;,&quot;title&quot;:&quot;HORIZONTAL&quot;}\" data-image-title=\"HORIZONTAL\" data-image-description=\"&lt;p&gt;SPAIN, La Gomera : A view of a burnt trees which survived the passage of a wildfire on the National Park of Garajonay , on the spanish canary island of La Gomera,07 August 2012&lt;\/p&gt;\n&lt;p&gt;Desiree Martin \/AFP PHOTO&lt;\/p&gt;\n\" data-medium-file=\"http:\/\/desireemartinphoto.com\/blog\/wp-content\/uploads\/2012\/08\/Incendio-La-Gomera-0708-2012-06-300x200.jpg\" data-large-file=\"http:\/\/desireemartinphoto.com\/blog\/wp-content\/uploads\/2012\/08\/Incendio-La-Gomera-0708-2012-06.jpg\" loading=\"lazy\" class=\"alignnone size-full wp-image-2080\" title=\"HORIZONTAL\" src=\"http:\/\/desireemartinphoto.com\/blog\/wp-content\/uploads\/2012\/08\/Incendio-La-Gomera-0708-2012-06.jpg\" alt=\"\" width=\"550\" height=\"367\" srcset=\"http:\/\/desireemartinphoto.com\/blog\/wp-content\/uploads\/2012\/08\/Incendio-La-Gomera-0708-2012-06.jpg 550w, http:\/\/desireemartinphoto.com\/blog\/wp-content\/uploads\/2012\/08\/Incendio-La-Gomera-0708-2012-06-300x200.jpg 300w\" sizes=\"(max-width: 550px) 100vw, 550px\" \/><\/p>\n<p>&nbsp;<\/p>\n<p><img data-attachment-id=\"2081\" data-permalink=\"http:\/\/desireemartinphoto.com\/blog\/el-garajonay-8-de-agosto-2012\/incendio-la-gomera-0708-2012-07\/\" data-orig-file=\"http:\/\/desireemartinphoto.com\/blog\/wp-content\/uploads\/2012\/08\/Incendio-La-Gomera-0708-2012-07.jpg\" data-orig-size=\"550,297\" data-comments-opened=\"1\" data-image-meta=\"{&quot;aperture&quot;:&quot;5.6&quot;,&quot;credit&quot;:&quot;&quot;,&quot;camera&quot;:&quot;Canon EOS 5D Mark II&quot;,&quot;caption&quot;:&quot;&quot;,&quot;created_timestamp&quot;:&quot;1344273291&quot;,&quot;copyright&quot;:&quot;&quot;,&quot;focal_length&quot;:&quot;35&quot;,&quot;iso&quot;:&quot;100&quot;,&quot;shutter_speed&quot;:&quot;0.00125&quot;,&quot;title&quot;:&quot;&quot;}\" data-image-title=\"Incendio La Gomera 0708 2012 07\" data-image-description=\"\" data-medium-file=\"http:\/\/desireemartinphoto.com\/blog\/wp-content\/uploads\/2012\/08\/Incendio-La-Gomera-0708-2012-07-300x162.jpg\" data-large-file=\"http:\/\/desireemartinphoto.com\/blog\/wp-content\/uploads\/2012\/08\/Incendio-La-Gomera-0708-2012-07.jpg\" loading=\"lazy\" class=\"alignnone size-full wp-image-2081\" title=\"Incendio La Gomera 0708 2012 07\" src=\"http:\/\/desireemartinphoto.com\/blog\/wp-content\/uploads\/2012\/08\/Incendio-La-Gomera-0708-2012-07.jpg\" alt=\"\" width=\"550\" height=\"297\" srcset=\"http:\/\/desireemartinphoto.com\/blog\/wp-content\/uploads\/2012\/08\/Incendio-La-Gomera-0708-2012-07.jpg 550w, http:\/\/desireemartinphoto.com\/blog\/wp-content\/uploads\/2012\/08\/Incendio-La-Gomera-0708-2012-07-300x162.jpg 300w\" sizes=\"(max-width: 550px) 100vw, 550px\" \/><\/p>\n<p>&nbsp;<\/p>\n<p><img data-attachment-id=\"2082\" data-permalink=\"http:\/\/desireemartinphoto.com\/blog\/el-garajonay-8-de-agosto-2012\/incendio-la-gomera-0708-2012-08\/\" data-orig-file=\"http:\/\/desireemartinphoto.com\/blog\/wp-content\/uploads\/2012\/08\/Incendio-La-Gomera-0708-2012-08.jpg\" data-orig-size=\"550,334\" data-comments-opened=\"1\" data-image-meta=\"{&quot;aperture&quot;:&quot;6.3&quot;,&quot;credit&quot;:&quot;&quot;,&quot;camera&quot;:&quot;Canon EOS 5D Mark II&quot;,&quot;caption&quot;:&quot;&quot;,&quot;created_timestamp&quot;:&quot;1344263084&quot;,&quot;copyright&quot;:&quot;&quot;,&quot;focal_length&quot;:&quot;16&quot;,&quot;iso&quot;:&quot;100&quot;,&quot;shutter_speed&quot;:&quot;0.002&quot;,&quot;title&quot;:&quot;&quot;}\" data-image-title=\"Incendio La Gomera 0708 2012 08\" data-image-description=\"\" data-medium-file=\"http:\/\/desireemartinphoto.com\/blog\/wp-content\/uploads\/2012\/08\/Incendio-La-Gomera-0708-2012-08-300x182.jpg\" data-large-file=\"http:\/\/desireemartinphoto.com\/blog\/wp-content\/uploads\/2012\/08\/Incendio-La-Gomera-0708-2012-08.jpg\" loading=\"lazy\" class=\"alignnone size-full wp-image-2082\" title=\"Incendio La Gomera 0708 2012 08\" src=\"http:\/\/desireemartinphoto.com\/blog\/wp-content\/uploads\/2012\/08\/Incendio-La-Gomera-0708-2012-08.jpg\" alt=\"\" width=\"550\" height=\"334\" srcset=\"http:\/\/desireemartinphoto.com\/blog\/wp-content\/uploads\/2012\/08\/Incendio-La-Gomera-0708-2012-08.jpg 550w, http:\/\/desireemartinphoto.com\/blog\/wp-content\/uploads\/2012\/08\/Incendio-La-Gomera-0708-2012-08-300x182.jpg 300w\" sizes=\"(max-width: 550px) 100vw, 550px\" \/><\/p>\n<p>&nbsp;<\/p>\n<p><img data-attachment-id=\"2084\" data-permalink=\"http:\/\/desireemartinphoto.com\/blog\/el-garajonay-8-de-agosto-2012\/horizontal-119\/\" data-orig-file=\"http:\/\/desireemartinphoto.com\/blog\/wp-content\/uploads\/2012\/08\/Incendio-La-Gomera-0708-2012-091.jpg\" data-orig-size=\"550,367\" data-comments-opened=\"1\" data-image-meta=\"{&quot;aperture&quot;:&quot;6.3&quot;,&quot;credit&quot;:&quot;DESIREE MARTIN&quot;,&quot;camera&quot;:&quot;Canon EOS 5D Mark II&quot;,&quot;caption&quot;:&quot;SPAIN, La Gomera : A view of a burnt trees which survived the passage of a wildfire on the National Park of Garajonay , on the spanish canary island of La Gomera,07 August 2012\\n\\n\\nDesiree Martin \\\/AFP PHOTO&quot;,&quot;created_timestamp&quot;:&quot;1344332802&quot;,&quot;copyright&quot;:&quot;ImageForum&quot;,&quot;focal_length&quot;:&quot;16&quot;,&quot;iso&quot;:&quot;100&quot;,&quot;shutter_speed&quot;:&quot;0.005&quot;,&quot;title&quot;:&quot;HORIZONTAL&quot;}\" data-image-title=\"HORIZONTAL\" data-image-description=\"&lt;p&gt;SPAIN, La Gomera : A view of a burnt trees which survived the passage of a wildfire on the National Park of Garajonay , on the spanish canary island of La Gomera,07 August 2012&lt;\/p&gt;\n&lt;p&gt;Desiree Martin \/AFP PHOTO&lt;\/p&gt;\n\" data-medium-file=\"http:\/\/desireemartinphoto.com\/blog\/wp-content\/uploads\/2012\/08\/Incendio-La-Gomera-0708-2012-091-300x200.jpg\" data-large-file=\"http:\/\/desireemartinphoto.com\/blog\/wp-content\/uploads\/2012\/08\/Incendio-La-Gomera-0708-2012-091.jpg\" loading=\"lazy\" class=\"alignnone size-full wp-image-2084\" title=\"HORIZONTAL\" src=\"http:\/\/desireemartinphoto.com\/blog\/wp-content\/uploads\/2012\/08\/Incendio-La-Gomera-0708-2012-091.jpg\" alt=\"\" width=\"550\" height=\"367\" srcset=\"http:\/\/desireemartinphoto.com\/blog\/wp-content\/uploads\/2012\/08\/Incendio-La-Gomera-0708-2012-091.jpg 550w, http:\/\/desireemartinphoto.com\/blog\/wp-content\/uploads\/2012\/08\/Incendio-La-Gomera-0708-2012-091-300x200.jpg 300w\" sizes=\"(max-width: 550px) 100vw, 550px\" \/><\/p>\n<p>&nbsp;<\/p>\n<p><img data-attachment-id=\"2085\" data-permalink=\"http:\/\/desireemartinphoto.com\/blog\/el-garajonay-8-de-agosto-2012\/horizontal-120\/\" data-orig-file=\"http:\/\/desireemartinphoto.com\/blog\/wp-content\/uploads\/2012\/08\/Incendio-La-Gomera-0708-2012-10.jpg\" data-orig-size=\"550,367\" data-comments-opened=\"1\" data-image-meta=\"{&quot;aperture&quot;:&quot;7.1&quot;,&quot;credit&quot;:&quot;DESIREE MARTIN&quot;,&quot;camera&quot;:&quot;Canon EOS 5D Mark II&quot;,&quot;caption&quot;:&quot;SPAIN, La Gomera : A view of a burnt trees which survived the passage of a wildfire on the National Park of Garajonay , on the spanish canary island of La Gomera,07 August 2012\\n\\n\\nDesiree Martin \\\/AFP PHOTO&quot;,&quot;created_timestamp&quot;:&quot;1344332242&quot;,&quot;copyright&quot;:&quot;ImageForum&quot;,&quot;focal_length&quot;:&quot;16&quot;,&quot;iso&quot;:&quot;400&quot;,&quot;shutter_speed&quot;:&quot;0.00125&quot;,&quot;title&quot;:&quot;HORIZONTAL&quot;}\" data-image-title=\"HORIZONTAL\" data-image-description=\"&lt;p&gt;SPAIN, La Gomera : A view of a burnt trees which survived the passage of a wildfire on the National Park of Garajonay , on the spanish canary island of La Gomera,07 August 2012&lt;\/p&gt;\n&lt;p&gt;Desiree Martin \/AFP PHOTO&lt;\/p&gt;\n\" data-medium-file=\"http:\/\/desireemartinphoto.com\/blog\/wp-content\/uploads\/2012\/08\/Incendio-La-Gomera-0708-2012-10-300x200.jpg\" data-large-file=\"http:\/\/desireemartinphoto.com\/blog\/wp-content\/uploads\/2012\/08\/Incendio-La-Gomera-0708-2012-10.jpg\" loading=\"lazy\" class=\"alignnone size-full wp-image-2085\" title=\"HORIZONTAL\" src=\"http:\/\/desireemartinphoto.com\/blog\/wp-content\/uploads\/2012\/08\/Incendio-La-Gomera-0708-2012-10.jpg\" alt=\"\" width=\"550\" height=\"367\" srcset=\"http:\/\/desireemartinphoto.com\/blog\/wp-content\/uploads\/2012\/08\/Incendio-La-Gomera-0708-2012-10.jpg 550w, http:\/\/desireemartinphoto.com\/blog\/wp-content\/uploads\/2012\/08\/Incendio-La-Gomera-0708-2012-10-300x200.jpg 300w\" sizes=\"(max-width: 550px) 100vw, 550px\" \/><\/p>\n<p>&nbsp;<\/p>\n<p><img data-attachment-id=\"2086\" data-permalink=\"http:\/\/desireemartinphoto.com\/blog\/el-garajonay-8-de-agosto-2012\/horizontal-121\/\" data-orig-file=\"http:\/\/desireemartinphoto.com\/blog\/wp-content\/uploads\/2012\/08\/Incendio-La-Gomera-0708-2012-11.jpg\" data-orig-size=\"550,367\" data-comments-opened=\"1\" data-image-meta=\"{&quot;aperture&quot;:&quot;5.6&quot;,&quot;credit&quot;:&quot;DESIREE MARTIN&quot;,&quot;camera&quot;:&quot;Canon EOS 5D Mark II&quot;,&quot;caption&quot;:&quot;SPAIN, La Gomera : A view of a burnt trees which survived the passage of a wildfire on the National Park of Garajonay , on the spanish canary island of La Gomera,07 August 2012\\n\\n\\nDesiree Martin \\\/AFP PHOTO&quot;,&quot;created_timestamp&quot;:&quot;1344330717&quot;,&quot;copyright&quot;:&quot;ImageForum&quot;,&quot;focal_length&quot;:&quot;130&quot;,&quot;iso&quot;:&quot;400&quot;,&quot;shutter_speed&quot;:&quot;0.000625&quot;,&quot;title&quot;:&quot;HORIZONTAL&quot;}\" data-image-title=\"HORIZONTAL\" data-image-description=\"&lt;p&gt;SPAIN, La Gomera : A view of a burnt trees which survived the passage of a wildfire on the National Park of Garajonay , on the spanish canary island of La Gomera,07 August 2012&lt;\/p&gt;\n&lt;p&gt;Desiree Martin \/AFP PHOTO&lt;\/p&gt;\n\" data-medium-file=\"http:\/\/desireemartinphoto.com\/blog\/wp-content\/uploads\/2012\/08\/Incendio-La-Gomera-0708-2012-11-300x200.jpg\" data-large-file=\"http:\/\/desireemartinphoto.com\/blog\/wp-content\/uploads\/2012\/08\/Incendio-La-Gomera-0708-2012-11.jpg\" loading=\"lazy\" class=\"alignnone size-full wp-image-2086\" title=\"HORIZONTAL\" src=\"http:\/\/desireemartinphoto.com\/blog\/wp-content\/uploads\/2012\/08\/Incendio-La-Gomera-0708-2012-11.jpg\" alt=\"\" width=\"550\" height=\"367\" srcset=\"http:\/\/desireemartinphoto.com\/blog\/wp-content\/uploads\/2012\/08\/Incendio-La-Gomera-0708-2012-11.jpg 550w, http:\/\/desireemartinphoto.com\/blog\/wp-content\/uploads\/2012\/08\/Incendio-La-Gomera-0708-2012-11-300x200.jpg 300w\" sizes=\"(max-width: 550px) 100vw, 550px\" \/><\/p>\n<p>&nbsp;<\/p>\n<p><img data-attachment-id=\"2087\" data-permalink=\"http:\/\/desireemartinphoto.com\/blog\/el-garajonay-8-de-agosto-2012\/horizontal-122\/\" data-orig-file=\"http:\/\/desireemartinphoto.com\/blog\/wp-content\/uploads\/2012\/08\/Incendio-La-Gomera-0708-2012-12.jpg\" data-orig-size=\"550,367\" data-comments-opened=\"1\" data-image-meta=\"{&quot;aperture&quot;:&quot;5.6&quot;,&quot;credit&quot;:&quot;DESIREE MARTIN&quot;,&quot;camera&quot;:&quot;Canon EOS 5D Mark II&quot;,&quot;caption&quot;:&quot;SPAIN, La Gomera : A view of a burnt trees which survived the passage of a wildfire on the National Park of Garajonay , on the spanish canary island of La Gomera,07 August 2012\\n\\n\\nDesiree Martin \\\/AFP PHOTO&quot;,&quot;created_timestamp&quot;:&quot;1344330762&quot;,&quot;copyright&quot;:&quot;ImageForum&quot;,&quot;focal_length&quot;:&quot;70&quot;,&quot;iso&quot;:&quot;400&quot;,&quot;shutter_speed&quot;:&quot;0.0015625&quot;,&quot;title&quot;:&quot;HORIZONTAL&quot;}\" data-image-title=\"HORIZONTAL\" data-image-description=\"&lt;p&gt;SPAIN, La Gomera : A view of a burnt trees which survived the passage of a wildfire on the National Park of Garajonay , on the spanish canary island of La Gomera,07 August 2012&lt;\/p&gt;\n&lt;p&gt;Desiree Martin \/AFP PHOTO&lt;\/p&gt;\n\" data-medium-file=\"http:\/\/desireemartinphoto.com\/blog\/wp-content\/uploads\/2012\/08\/Incendio-La-Gomera-0708-2012-12-300x200.jpg\" data-large-file=\"http:\/\/desireemartinphoto.com\/blog\/wp-content\/uploads\/2012\/08\/Incendio-La-Gomera-0708-2012-12.jpg\" loading=\"lazy\" class=\"alignnone size-full wp-image-2087\" title=\"HORIZONTAL\" src=\"http:\/\/desireemartinphoto.com\/blog\/wp-content\/uploads\/2012\/08\/Incendio-La-Gomera-0708-2012-12.jpg\" alt=\"\" width=\"550\" height=\"367\" srcset=\"http:\/\/desireemartinphoto.com\/blog\/wp-content\/uploads\/2012\/08\/Incendio-La-Gomera-0708-2012-12.jpg 550w, http:\/\/desireemartinphoto.com\/blog\/wp-content\/uploads\/2012\/08\/Incendio-La-Gomera-0708-2012-12-300x200.jpg 300w\" sizes=\"(max-width: 550px) 100vw, 550px\" \/><\/p>\n<p>&nbsp;<\/p>\n<p><img data-attachment-id=\"2088\" data-permalink=\"http:\/\/desireemartinphoto.com\/blog\/el-garajonay-8-de-agosto-2012\/horizontal-123\/\" data-orig-file=\"http:\/\/desireemartinphoto.com\/blog\/wp-content\/uploads\/2012\/08\/Incendio-La-Gomera-0708-2012-13.jpg\" data-orig-size=\"550,367\" data-comments-opened=\"1\" data-image-meta=\"{&quot;aperture&quot;:&quot;5.6&quot;,&quot;credit&quot;:&quot;DESIREE MARTIN&quot;,&quot;camera&quot;:&quot;Canon EOS 5D Mark II&quot;,&quot;caption&quot;:&quot;SPAIN, La Gomera : A view of a burnt trees which survived the passage of a wildfire on the National Park of Garajonay , on the spanish canary island of La Gomera,07 August 2012\\n\\n\\nDesiree Martin \\\/AFP PHOTO&quot;,&quot;created_timestamp&quot;:&quot;1344339505&quot;,&quot;copyright&quot;:&quot;ImageForum&quot;,&quot;focal_length&quot;:&quot;18&quot;,&quot;iso&quot;:&quot;100&quot;,&quot;shutter_speed&quot;:&quot;0.0025&quot;,&quot;title&quot;:&quot;HORIZONTAL&quot;}\" data-image-title=\"HORIZONTAL\" data-image-description=\"&lt;p&gt;SPAIN, La Gomera : A view of a burnt trees which survived the passage of a wildfire on the National Park of Garajonay , on the spanish canary island of La Gomera,07 August 2012&lt;\/p&gt;\n&lt;p&gt;Desiree Martin \/AFP PHOTO&lt;\/p&gt;\n\" data-medium-file=\"http:\/\/desireemartinphoto.com\/blog\/wp-content\/uploads\/2012\/08\/Incendio-La-Gomera-0708-2012-13-300x200.jpg\" data-large-file=\"http:\/\/desireemartinphoto.com\/blog\/wp-content\/uploads\/2012\/08\/Incendio-La-Gomera-0708-2012-13.jpg\" loading=\"lazy\" class=\"alignnone size-full wp-image-2088\" title=\"HORIZONTAL\" src=\"http:\/\/desireemartinphoto.com\/blog\/wp-content\/uploads\/2012\/08\/Incendio-La-Gomera-0708-2012-13.jpg\" alt=\"\" width=\"550\" height=\"367\" srcset=\"http:\/\/desireemartinphoto.com\/blog\/wp-content\/uploads\/2012\/08\/Incendio-La-Gomera-0708-2012-13.jpg 550w, http:\/\/desireemartinphoto.com\/blog\/wp-content\/uploads\/2012\/08\/Incendio-La-Gomera-0708-2012-13-300x200.jpg 300w\" sizes=\"(max-width: 550px) 100vw, 550px\" \/><\/p>\n<p>&nbsp;<\/p>\n<p><img data-attachment-id=\"2089\" data-permalink=\"http:\/\/desireemartinphoto.com\/blog\/el-garajonay-8-de-agosto-2012\/horizontal-124\/\" data-orig-file=\"http:\/\/desireemartinphoto.com\/blog\/wp-content\/uploads\/2012\/08\/Incendio-La-Gomera-0708-2012-14.jpg\" data-orig-size=\"367,550\" data-comments-opened=\"1\" data-image-meta=\"{&quot;aperture&quot;:&quot;5.6&quot;,&quot;credit&quot;:&quot;DESIREE MARTIN&quot;,&quot;camera&quot;:&quot;Canon EOS 5D Mark II&quot;,&quot;caption&quot;:&quot;SPAIN, La Gomera : A view of a burnt trees which survived the passage of a wildfire on the National Park of Garajonay , on the spanish canary island of La Gomera,07 August 2012\\n\\n\\nDesiree Martin \\\/AFP PHOTO&quot;,&quot;created_timestamp&quot;:&quot;1344339141&quot;,&quot;copyright&quot;:&quot;ImageForum&quot;,&quot;focal_length&quot;:&quot;23&quot;,&quot;iso&quot;:&quot;100&quot;,&quot;shutter_speed&quot;:&quot;0.002&quot;,&quot;title&quot;:&quot;HORIZONTAL&quot;}\" data-image-title=\"HORIZONTAL\" data-image-description=\"&lt;p&gt;SPAIN, La Gomera : A view of a burnt trees which survived the passage of a wildfire on the National Park of Garajonay , on the spanish canary island of La Gomera,07 August 2012&lt;\/p&gt;\n\" data-medium-file=\"http:\/\/desireemartinphoto.com\/blog\/wp-content\/uploads\/2012\/08\/Incendio-La-Gomera-0708-2012-14-200x300.jpg\" data-large-file=\"http:\/\/desireemartinphoto.com\/blog\/wp-content\/uploads\/2012\/08\/Incendio-La-Gomera-0708-2012-14.jpg\" loading=\"lazy\" class=\"alignnone size-full wp-image-2089\" title=\"HORIZONTAL\" src=\"http:\/\/desireemartinphoto.com\/blog\/wp-content\/uploads\/2012\/08\/Incendio-La-Gomera-0708-2012-14.jpg\" alt=\"\" width=\"367\" height=\"550\" srcset=\"http:\/\/desireemartinphoto.com\/blog\/wp-content\/uploads\/2012\/08\/Incendio-La-Gomera-0708-2012-14.jpg 367w, http:\/\/desireemartinphoto.com\/blog\/wp-content\/uploads\/2012\/08\/Incendio-La-Gomera-0708-2012-14-200x300.jpg 200w\" sizes=\"(max-width: 367px) 100vw, 367px\" \/><\/p>\n<p>&nbsp;<\/p>\n<p>&nbsp;<\/p>\n<div class=\"sharedaddy sd-sharing-enabled\"><div class=\"robots-nocontent sd-block sd-social sd-social-icon-text sd-sharing\"><h3 class=\"sd-title\">COMPARTE ESTO:<\/h3><div class=\"sd-content\"><ul><li class=\"share-facebook\"><a rel=\"nofollow noopener noreferrer\" data-shared=\"sharing-facebook-2073\" class=\"share-facebook sd-button share-icon\" href=\"http:\/\/desireemartinphoto.com\/blog\/el-garajonay-8-de-agosto-2012\/?share=facebook\" target=\"_blank\" title=\"Haz clic para compartir en Facebook\"><span>Facebook<\/span><\/a><\/li><li class=\"share-twitter\"><a rel=\"nofollow noopener noreferrer\" data-shared=\"sharing-twitter-2073\" class=\"share-twitter sd-button share-icon\" href=\"http:\/\/desireemartinphoto.com\/blog\/el-garajonay-8-de-agosto-2012\/?share=twitter\" target=\"_blank\" title=\"Haz clic para compartir en Twitter\"><span>Twitter<\/span><\/a><\/li><li class=\"share-email\"><a rel=\"nofollow noopener noreferrer\" data-shared=\"\" class=\"share-email sd-button share-icon\" href=\"http:\/\/desireemartinphoto.com\/blog\/el-garajonay-8-de-agosto-2012\/?share=email\" target=\"_blank\" title=\"Haz clic para enviar por correo electr\u00f3nico a un amigo\"><span>Correo electr\u00f3nico<\/span><\/a><\/li><li class=\"share-linkedin\"><a rel=\"nofollow noopener noreferrer\" data-shared=\"sharing-linkedin-2073\" class=\"share-linkedin sd-button share-icon\" href=\"http:\/\/desireemartinphoto.com\/blog\/el-garajonay-8-de-agosto-2012\/?share=linkedin\" target=\"_blank\" title=\"Haz clic para compartir en LinkedIn\"><span>LinkedIn<\/span><\/a><\/li><li class=\"share-tumblr\"><a rel=\"nofollow noopener noreferrer\" data-shared=\"\" class=\"share-tumblr sd-button share-icon\" href=\"http:\/\/desireemartinphoto.com\/blog\/el-garajonay-8-de-agosto-2012\/?share=tumblr\" target=\"_blank\" title=\"Haz clic para compartir en Tumblr\"><span>Tumblr<\/span><\/a><\/li><li class=\"share-end\"><\/li><\/ul><\/div><\/div><\/div>","protected":false},"excerpt":{"rendered":"<p>&nbsp; El d\u00eda 8 de agosto amanece nublado en Chipuede. Dos d\u00edas en la isla de La Gomera, dos d\u00edas de un gran incendio forestal con tres frente, y no hubo manera de poder mostrarles los trabajos de extinci\u00f3n del mismo .. Una vez m\u00e1s echo en falta un protocolo de actuaci\u00f3n conjunta. As\u00ed encontr\u00e9 [&#038;hellip<\/p>\n<div class=\"sharedaddy sd-sharing-enabled\"><div class=\"robots-nocontent sd-block sd-social sd-social-icon-text sd-sharing\"><h3 class=\"sd-title\">COMPARTE ESTO:<\/h3><div class=\"sd-content\"><ul><li class=\"share-facebook\"><a rel=\"nofollow noopener noreferrer\" data-shared=\"sharing-facebook-2073\" class=\"share-facebook sd-button share-icon\" href=\"http:\/\/desireemartinphoto.com\/blog\/el-garajonay-8-de-agosto-2012\/?share=facebook\" target=\"_blank\" title=\"Haz clic para compartir en Facebook\"><span>Facebook<\/span><\/a><\/li><li class=\"share-twitter\"><a rel=\"nofollow noopener noreferrer\" data-shared=\"sharing-twitter-2073\" class=\"share-twitter sd-button share-icon\" href=\"http:\/\/desireemartinphoto.com\/blog\/el-garajonay-8-de-agosto-2012\/?share=twitter\" target=\"_blank\" title=\"Haz clic para compartir en Twitter\"><span>Twitter<\/span><\/a><\/li><li class=\"share-email\"><a rel=\"nofollow noopener noreferrer\" data-shared=\"\" class=\"share-email sd-button share-icon\" href=\"http:\/\/desireemartinphoto.com\/blog\/el-garajonay-8-de-agosto-2012\/?share=email\" target=\"_blank\" title=\"Haz clic para enviar por correo electr\u00f3nico a un amigo\"><span>Correo electr\u00f3nico<\/span><\/a><\/li><li class=\"share-linkedin\"><a rel=\"nofollow noopener noreferrer\" data-shared=\"sharing-linkedin-2073\" class=\"share-linkedin sd-button share-icon\" href=\"http:\/\/desireemartinphoto.com\/blog\/el-garajonay-8-de-agosto-2012\/?share=linkedin\" target=\"_blank\" title=\"Haz clic para compartir en LinkedIn\"><span>LinkedIn<\/span><\/a><\/li><li class=\"share-tumblr\"><a rel=\"nofollow noopener noreferrer\" data-shared=\"\" class=\"share-tumblr sd-button share-icon\" href=\"http:\/\/desireemartinphoto.com\/blog\/el-garajonay-8-de-agosto-2012\/?share=tumblr\" target=\"_blank\" title=\"Haz clic para compartir en Tumblr\"><span>Tumblr<\/span><\/a><\/li><li class=\"share-end\"><\/li><\/ul><\/div><\/div><\/div>","protected":false},"author":1,"featured_media":0,"comment_status":"open","ping_status":"open","sticky":false,"template":"","format":"standard","meta":{"spay_email":""},"categories":[1],"tags":[444,413,446,445,412,438,361,360],"jetpack_featured_media_url":"","jetpack_sharing_enabled":true,"_links":{"self":[{"href":"http:\/\/desireemartinphoto.com\/blog\/wp-json\/wp\/v2\/posts\/2073"}],"collection":[{"href":"http:\/\/desireemartinphoto.com\/blog\/wp-json\/wp\/v2\/posts"}],"about":[{"href":"http:\/\/desireemartinphoto.com\/blog\/wp-json\/wp\/v2\/types\/post"}],"author":[{"embeddable":true,"href":"http:\/\/desireemartinphoto.com\/blog\/wp-json\/wp\/v2\/users\/1"}],"replies":[{"embeddable":true,"href":"http:\/\/desireemartinphoto.com\/blog\/wp-json\/wp\/v2\/comments?post=2073"}],"version-history":[{"count":3,"href":"http:\/\/desireemartinphoto.com\/blog\/wp-json\/wp\/v2\/posts\/2073\/revisions"}],"predecessor-version":[{"id":2091,"href":"http:\/\/desireemartinphoto.com\/blog\/wp-json\/wp\/v2\/posts\/2073\/revisions\/2091"}],"wp:attachment":[{"href":"http:\/\/desireemartinphoto.com\/blog\/wp-json\/wp\/v2\/media?parent=2073"}],"wp:term":[{"taxonomy":"category","embeddable":true,"href":"http:\/\/desireemartinphoto.com\/blog\/wp-json\/wp\/v2\/categories?post=2073"},{"taxonomy":"post_tag","embeddable":true,"href":"http:\/\/desireemartinphoto.com\/blog\/wp-json\/wp\/v2\/tags?post=2073"}],"curies":[{"name":"wp","href":"https:\/\/api.w.org\/{rel}","templated":true}]}}