{"id":2066,"date":"2012-08-06T13:57:55","date_gmt":"2012-08-06T13:57:55","guid":{"rendered":"http:\/\/desireemartinphoto.com\/blog\/?p=2066"},"modified":"2012-08-06T13:57:55","modified_gmt":"2012-08-06T13:57:55","slug":"la-gomera-chipude","status":"publish","type":"post","link":"http:\/\/desireemartinphoto.com\/blog\/la-gomera-chipude\/","title":{"rendered":"La Gomera, Chip\u00fade"},"content":{"rendered":"<p>&nbsp;<\/p>\n<p>&nbsp;<\/p>\n<p>Las comunicaciones han caido.. as\u00ed que breve.<\/p>\n<p>&nbsp;<\/p>\n<p>Es muy complicado moverse, por la orograf\u00eda de la isla. De hecho al llegar a la cumbre, esta ma\u00f1ana, era como si no hubiera incendio. Se meti\u00f3 el viento Alisio y cubri\u00f3 todo el horizonte.<\/p>\n<p>&nbsp;<\/p>\n<p>Esto facilitaba la extinci\u00f3n porque aumentaba la humedad pero la dificultaba porque los medios a\u00e9reos, para intranquilidad de los vecinos, no pod\u00edan actuar.<\/p>\n<p>&nbsp;<\/p>\n<p><img data-attachment-id=\"2068\" data-permalink=\"http:\/\/desireemartinphoto.com\/blog\/la-gomera-chipude\/horizontal-108\/\" data-orig-file=\"http:\/\/desireemartinphoto.com\/blog\/wp-content\/uploads\/2012\/08\/DM-La-Gomera-060812-BLOG-01.jpg\" data-orig-size=\"550,348\" data-comments-opened=\"1\" data-image-meta=\"{&quot;aperture&quot;:&quot;8&quot;,&quot;credit&quot;:&quot;DESIREE MARTIN&quot;,&quot;camera&quot;:&quot;Canon EOS 5D Mark II&quot;,&quot;caption&quot;:&quot;SPAIN, La Gomera : Dark clouds of smoke billow from a wildfire over ravine of the Erque in the town of Vallehermoso, 06 August 2012, on the spanish canary island of La Palma.\\n\\n\\nDesiree Martin \\\/AFP PHOTO&quot;,&quot;created_timestamp&quot;:&quot;1344248816&quot;,&quot;copyright&quot;:&quot;ImageForum&quot;,&quot;focal_length&quot;:&quot;16&quot;,&quot;iso&quot;:&quot;100&quot;,&quot;shutter_speed&quot;:&quot;0.0008&quot;,&quot;title&quot;:&quot;HORIZONTAL&quot;}\" data-image-title=\"DM-La-Gomera-060812-BLOG-01\" data-image-description=\"&lt;p&gt;Desiree Martin \/AFP PHOTO&lt;\/p&gt;\n\" data-medium-file=\"http:\/\/desireemartinphoto.com\/blog\/wp-content\/uploads\/2012\/08\/DM-La-Gomera-060812-BLOG-01-300x189.jpg\" data-large-file=\"http:\/\/desireemartinphoto.com\/blog\/wp-content\/uploads\/2012\/08\/DM-La-Gomera-060812-BLOG-01.jpg\" loading=\"lazy\" class=\"alignnone size-full wp-image-2068\" src=\"http:\/\/desireemartinphoto.com\/blog\/wp-content\/uploads\/2012\/08\/DM-La-Gomera-060812-BLOG-01.jpg\" alt=\"\" width=\"550\" height=\"348\" srcset=\"http:\/\/desireemartinphoto.com\/blog\/wp-content\/uploads\/2012\/08\/DM-La-Gomera-060812-BLOG-01.jpg 550w, http:\/\/desireemartinphoto.com\/blog\/wp-content\/uploads\/2012\/08\/DM-La-Gomera-060812-BLOG-01-300x189.jpg 300w\" sizes=\"(max-width: 550px) 100vw, 550px\" \/><\/p>\n<p>&nbsp;<\/p>\n<p><img data-attachment-id=\"2069\" data-permalink=\"http:\/\/desireemartinphoto.com\/blog\/la-gomera-chipude\/horizontal-109\/\" data-orig-file=\"http:\/\/desireemartinphoto.com\/blog\/wp-content\/uploads\/2012\/08\/DM-La-Gomera-060812-BLOG-02.jpg\" data-orig-size=\"550,349\" data-comments-opened=\"1\" data-image-meta=\"{&quot;aperture&quot;:&quot;8&quot;,&quot;credit&quot;:&quot;DESIREE MARTIN&quot;,&quot;camera&quot;:&quot;Canon EOS 5D Mark II&quot;,&quot;caption&quot;:&quot;SPAIN, La Gomera : Dark clouds of smoke billow from a wildfire over ravine of the Erque in the town of Vallehermoso, 06 August 2012, on the spanish canary island of La Palma.\\n\\n\\nDesiree Martin \\\/AFP PHOTO&quot;,&quot;created_timestamp&quot;:&quot;1344248764&quot;,&quot;copyright&quot;:&quot;ImageForum&quot;,&quot;focal_length&quot;:&quot;70&quot;,&quot;iso&quot;:&quot;100&quot;,&quot;shutter_speed&quot;:&quot;0.0008&quot;,&quot;title&quot;:&quot;HORIZONTAL&quot;}\" data-image-title=\"DM-La-Gomera-060812-BLOG-02\" data-image-description=\"\" data-medium-file=\"http:\/\/desireemartinphoto.com\/blog\/wp-content\/uploads\/2012\/08\/DM-La-Gomera-060812-BLOG-02-300x190.jpg\" data-large-file=\"http:\/\/desireemartinphoto.com\/blog\/wp-content\/uploads\/2012\/08\/DM-La-Gomera-060812-BLOG-02.jpg\" loading=\"lazy\" class=\"alignnone size-full wp-image-2069\" src=\"http:\/\/desireemartinphoto.com\/blog\/wp-content\/uploads\/2012\/08\/DM-La-Gomera-060812-BLOG-02.jpg\" alt=\"\" width=\"550\" height=\"349\" srcset=\"http:\/\/desireemartinphoto.com\/blog\/wp-content\/uploads\/2012\/08\/DM-La-Gomera-060812-BLOG-02.jpg 550w, http:\/\/desireemartinphoto.com\/blog\/wp-content\/uploads\/2012\/08\/DM-La-Gomera-060812-BLOG-02-300x190.jpg 300w\" sizes=\"(max-width: 550px) 100vw, 550px\" \/><\/p>\n<p>Los repetidores se han visto afectados&#8230;as\u00ed pues estoy parasitando la wifi de un restaurante y sin tel\u00e9fono&#8230;<\/p>\n<p>&nbsp;<\/p>\n<p><img data-attachment-id=\"2070\" data-permalink=\"http:\/\/desireemartinphoto.com\/blog\/la-gomera-chipude\/horizontal-110\/\" data-orig-file=\"http:\/\/desireemartinphoto.com\/blog\/wp-content\/uploads\/2012\/08\/DM-La-Gomera-060812-BLOG-03.jpg\" data-orig-size=\"550,337\" data-comments-opened=\"1\" data-image-meta=\"{&quot;aperture&quot;:&quot;11&quot;,&quot;credit&quot;:&quot;DESIREE MARTIN&quot;,&quot;camera&quot;:&quot;Canon EOS 5D Mark II&quot;,&quot;caption&quot;:&quot;SPAIN, La Gomera :  In this picture the town of Igualero ( that is inside of the National Park of Garajonay ) that was devastated by the flames of the forest fire last night, 06 August 2012, on the spanish canary island of La Palma.\\n\\n\\nDesiree Martin \\\/AFP PHOTO&quot;,&quot;created_timestamp&quot;:&quot;1344250939&quot;,&quot;copyright&quot;:&quot;ImageForum&quot;,&quot;focal_length&quot;:&quot;70&quot;,&quot;iso&quot;:&quot;100&quot;,&quot;shutter_speed&quot;:&quot;0.005&quot;,&quot;title&quot;:&quot;HORIZONTAL&quot;}\" data-image-title=\"DM-La-Gomera-060812-BLOG-03\" data-image-description=\"\" data-medium-file=\"http:\/\/desireemartinphoto.com\/blog\/wp-content\/uploads\/2012\/08\/DM-La-Gomera-060812-BLOG-03-300x183.jpg\" data-large-file=\"http:\/\/desireemartinphoto.com\/blog\/wp-content\/uploads\/2012\/08\/DM-La-Gomera-060812-BLOG-03.jpg\" loading=\"lazy\" class=\"alignnone size-full wp-image-2070\" src=\"http:\/\/desireemartinphoto.com\/blog\/wp-content\/uploads\/2012\/08\/DM-La-Gomera-060812-BLOG-03.jpg\" alt=\"\" width=\"550\" height=\"337\" srcset=\"http:\/\/desireemartinphoto.com\/blog\/wp-content\/uploads\/2012\/08\/DM-La-Gomera-060812-BLOG-03.jpg 550w, http:\/\/desireemartinphoto.com\/blog\/wp-content\/uploads\/2012\/08\/DM-La-Gomera-060812-BLOG-03-300x183.jpg 300w\" sizes=\"(max-width: 550px) 100vw, 550px\" \/><\/p>\n<p>&nbsp;<\/p>\n<p><img data-attachment-id=\"2071\" data-permalink=\"http:\/\/desireemartinphoto.com\/blog\/la-gomera-chipude\/horizontal-111\/\" data-orig-file=\"http:\/\/desireemartinphoto.com\/blog\/wp-content\/uploads\/2012\/08\/DM-La-Gomera-060812-BLOG-04.jpg\" data-orig-size=\"550,386\" data-comments-opened=\"1\" data-image-meta=\"{&quot;aperture&quot;:&quot;5.6&quot;,&quot;credit&quot;:&quot;DESIREE MARTIN&quot;,&quot;camera&quot;:&quot;Canon EOS 5D Mark II&quot;,&quot;caption&quot;:&quot;SPAIN, La Gomera : Members of the Forest Brigade ( BRIFOR ) are employed at the extinction of the forest fire of Erque&#039;s ravine in the town of Vallehermoso, 06 August 2012, on the spanish canary island of La Palma.\\n\\n\\nDesiree Martin \\\/AFP PHOTO&quot;,&quot;created_timestamp&quot;:&quot;1344250024&quot;,&quot;copyright&quot;:&quot;ImageForum&quot;,&quot;focal_length&quot;:&quot;23&quot;,&quot;iso&quot;:&quot;100&quot;,&quot;shutter_speed&quot;:&quot;0.0015625&quot;,&quot;title&quot;:&quot;HORIZONTAL&quot;}\" data-image-title=\"DM-La-Gomera-060812-BLOG-04\" data-image-description=\"\" data-medium-file=\"http:\/\/desireemartinphoto.com\/blog\/wp-content\/uploads\/2012\/08\/DM-La-Gomera-060812-BLOG-04-300x210.jpg\" data-large-file=\"http:\/\/desireemartinphoto.com\/blog\/wp-content\/uploads\/2012\/08\/DM-La-Gomera-060812-BLOG-04.jpg\" loading=\"lazy\" class=\"alignnone size-full wp-image-2071\" src=\"http:\/\/desireemartinphoto.com\/blog\/wp-content\/uploads\/2012\/08\/DM-La-Gomera-060812-BLOG-04.jpg\" alt=\"\" width=\"550\" height=\"386\" srcset=\"http:\/\/desireemartinphoto.com\/blog\/wp-content\/uploads\/2012\/08\/DM-La-Gomera-060812-BLOG-04.jpg 550w, http:\/\/desireemartinphoto.com\/blog\/wp-content\/uploads\/2012\/08\/DM-La-Gomera-060812-BLOG-04-300x210.jpg 300w\" sizes=\"(max-width: 550px) 100vw, 550px\" \/><\/p>\n<p>&nbsp;<\/p>\n<p>\u00a1A seguir!<\/p>\n<div class=\"sharedaddy sd-sharing-enabled\"><div class=\"robots-nocontent sd-block sd-social sd-social-icon-text sd-sharing\"><h3 class=\"sd-title\">COMPARTE ESTO:<\/h3><div class=\"sd-content\"><ul><li class=\"share-facebook\"><a rel=\"nofollow noopener noreferrer\" data-shared=\"sharing-facebook-2066\" class=\"share-facebook sd-button share-icon\" href=\"http:\/\/desireemartinphoto.com\/blog\/la-gomera-chipude\/?share=facebook\" target=\"_blank\" title=\"Haz clic para compartir en Facebook\"><span>Facebook<\/span><\/a><\/li><li class=\"share-twitter\"><a rel=\"nofollow noopener noreferrer\" data-shared=\"sharing-twitter-2066\" class=\"share-twitter sd-button share-icon\" href=\"http:\/\/desireemartinphoto.com\/blog\/la-gomera-chipude\/?share=twitter\" target=\"_blank\" title=\"Haz clic para compartir en Twitter\"><span>Twitter<\/span><\/a><\/li><li class=\"share-email\"><a rel=\"nofollow noopener noreferrer\" data-shared=\"\" class=\"share-email sd-button share-icon\" href=\"http:\/\/desireemartinphoto.com\/blog\/la-gomera-chipude\/?share=email\" target=\"_blank\" title=\"Haz clic para enviar por correo electr\u00f3nico a un amigo\"><span>Correo electr\u00f3nico<\/span><\/a><\/li><li class=\"share-linkedin\"><a rel=\"nofollow noopener noreferrer\" data-shared=\"sharing-linkedin-2066\" class=\"share-linkedin sd-button share-icon\" href=\"http:\/\/desireemartinphoto.com\/blog\/la-gomera-chipude\/?share=linkedin\" target=\"_blank\" title=\"Haz clic para compartir en LinkedIn\"><span>LinkedIn<\/span><\/a><\/li><li class=\"share-tumblr\"><a rel=\"nofollow noopener noreferrer\" data-shared=\"\" class=\"share-tumblr sd-button share-icon\" href=\"http:\/\/desireemartinphoto.com\/blog\/la-gomera-chipude\/?share=tumblr\" target=\"_blank\" title=\"Haz clic para compartir en Tumblr\"><span>Tumblr<\/span><\/a><\/li><li class=\"share-end\"><\/li><\/ul><\/div><\/div><\/div>","protected":false},"excerpt":{"rendered":"<p>&nbsp; &nbsp; Las comunicaciones han caido.. as\u00ed que breve. &nbsp; Es muy complicado moverse, por la orograf\u00eda de la isla. De hecho al llegar a la cumbre, esta ma\u00f1ana, era como si no hubiera incendio. Se meti\u00f3 el viento Alisio y cubri\u00f3 todo el horizonte. &nbsp; Esto facilitaba la extinci\u00f3n porque aumentaba la humedad pero [&#038;hellip<\/p>\n<div class=\"sharedaddy sd-sharing-enabled\"><div class=\"robots-nocontent sd-block sd-social sd-social-icon-text sd-sharing\"><h3 class=\"sd-title\">COMPARTE ESTO:<\/h3><div class=\"sd-content\"><ul><li class=\"share-facebook\"><a rel=\"nofollow noopener noreferrer\" data-shared=\"sharing-facebook-2066\" class=\"share-facebook sd-button share-icon\" href=\"http:\/\/desireemartinphoto.com\/blog\/la-gomera-chipude\/?share=facebook\" target=\"_blank\" title=\"Haz clic para compartir en Facebook\"><span>Facebook<\/span><\/a><\/li><li class=\"share-twitter\"><a rel=\"nofollow noopener noreferrer\" data-shared=\"sharing-twitter-2066\" class=\"share-twitter sd-button share-icon\" href=\"http:\/\/desireemartinphoto.com\/blog\/la-gomera-chipude\/?share=twitter\" target=\"_blank\" title=\"Haz clic para compartir en Twitter\"><span>Twitter<\/span><\/a><\/li><li class=\"share-email\"><a rel=\"nofollow noopener noreferrer\" data-shared=\"\" class=\"share-email sd-button share-icon\" href=\"http:\/\/desireemartinphoto.com\/blog\/la-gomera-chipude\/?share=email\" target=\"_blank\" title=\"Haz clic para enviar por correo electr\u00f3nico a un amigo\"><span>Correo electr\u00f3nico<\/span><\/a><\/li><li class=\"share-linkedin\"><a rel=\"nofollow noopener noreferrer\" data-shared=\"sharing-linkedin-2066\" class=\"share-linkedin sd-button share-icon\" href=\"http:\/\/desireemartinphoto.com\/blog\/la-gomera-chipude\/?share=linkedin\" target=\"_blank\" title=\"Haz clic para compartir en LinkedIn\"><span>LinkedIn<\/span><\/a><\/li><li class=\"share-tumblr\"><a rel=\"nofollow noopener noreferrer\" data-shared=\"\" class=\"share-tumblr sd-button share-icon\" href=\"http:\/\/desireemartinphoto.com\/blog\/la-gomera-chipude\/?share=tumblr\" target=\"_blank\" title=\"Haz clic para compartir en Tumblr\"><span>Tumblr<\/span><\/a><\/li><li class=\"share-end\"><\/li><\/ul><\/div><\/div><\/div>","protected":false},"author":1,"featured_media":0,"comment_status":"open","ping_status":"open","sticky":false,"template":"","format":"standard","meta":{"spay_email":""},"categories":[1],"tags":[],"jetpack_featured_media_url":"","jetpack_sharing_enabled":true,"_links":{"self":[{"href":"http:\/\/desireemartinphoto.com\/blog\/wp-json\/wp\/v2\/posts\/2066"}],"collection":[{"href":"http:\/\/desireemartinphoto.com\/blog\/wp-json\/wp\/v2\/posts"}],"about":[{"href":"http:\/\/desireemartinphoto.com\/blog\/wp-json\/wp\/v2\/types\/post"}],"author":[{"embeddable":true,"href":"http:\/\/desireemartinphoto.com\/blog\/wp-json\/wp\/v2\/users\/1"}],"replies":[{"embeddable":true,"href":"http:\/\/desireemartinphoto.com\/blog\/wp-json\/wp\/v2\/comments?post=2066"}],"version-history":[{"count":1,"href":"http:\/\/desireemartinphoto.com\/blog\/wp-json\/wp\/v2\/posts\/2066\/revisions"}],"predecessor-version":[{"id":2072,"href":"http:\/\/desireemartinphoto.com\/blog\/wp-json\/wp\/v2\/posts\/2066\/revisions\/2072"}],"wp:attachment":[{"href":"http:\/\/desireemartinphoto.com\/blog\/wp-json\/wp\/v2\/media?parent=2066"}],"wp:term":[{"taxonomy":"category","embeddable":true,"href":"http:\/\/desireemartinphoto.com\/blog\/wp-json\/wp\/v2\/categories?post=2066"},{"taxonomy":"post_tag","embeddable":true,"href":"http:\/\/desireemartinphoto.com\/blog\/wp-json\/wp\/v2\/tags?post=2066"}],"curies":[{"name":"wp","href":"https:\/\/api.w.org\/{rel}","templated":true}]}}