{"id":2060,"date":"2012-08-05T22:44:10","date_gmt":"2012-08-05T22:44:10","guid":{"rendered":"http:\/\/desireemartinphoto.com\/blog\/?p=2060"},"modified":"2012-08-05T22:44:10","modified_gmt":"2012-08-05T22:44:10","slug":"tarde-del-5-de-agosto-en-la-gomera","status":"publish","type":"post","link":"http:\/\/desireemartinphoto.com\/blog\/tarde-del-5-de-agosto-en-la-gomera\/","title":{"rendered":"Tarde del 5 de agosto en La Gomera"},"content":{"rendered":"<p>&nbsp;<\/p>\n<p>Llegu\u00e9 a San Sebastian de La Gomera durante la tarde, y a penas he podido acceder a la zona de Benchijigua.<\/p>\n<p>&nbsp;<\/p>\n<p><img data-attachment-id=\"2061\" data-permalink=\"http:\/\/desireemartinphoto.com\/blog\/tarde-del-5-de-agosto-en-la-gomera\/horizontal-103\/\" data-orig-file=\"http:\/\/desireemartinphoto.com\/blog\/wp-content\/uploads\/2012\/08\/DM-La-Gomera-050812-BLOG-01.jpg\" data-orig-size=\"550,367\" data-comments-opened=\"1\" data-image-meta=\"{&quot;aperture&quot;:&quot;5.6&quot;,&quot;credit&quot;:&quot;DESIREE MARTIN&quot;,&quot;camera&quot;:&quot;Canon EOS 5D Mark II&quot;,&quot;caption&quot;:&quot;SPAIN, La Gomera : In this picture the town of Benchijigua burned, after last night passing through it the flames of the fire, 05 August 2012, on the spanish canary island of La Palma.\\n\\nDesiree Martin \\\/AFP PHOTO&quot;,&quot;created_timestamp&quot;:&quot;1344195346&quot;,&quot;copyright&quot;:&quot;ImageForum&quot;,&quot;focal_length&quot;:&quot;150&quot;,&quot;iso&quot;:&quot;400&quot;,&quot;shutter_speed&quot;:&quot;0.002&quot;,&quot;title&quot;:&quot;HORIZONTAL&quot;}\" data-image-title=\"DM-La-Gomera-050812-BLOG-01\" data-image-description=\"\" data-medium-file=\"http:\/\/desireemartinphoto.com\/blog\/wp-content\/uploads\/2012\/08\/DM-La-Gomera-050812-BLOG-01-300x200.jpg\" data-large-file=\"http:\/\/desireemartinphoto.com\/blog\/wp-content\/uploads\/2012\/08\/DM-La-Gomera-050812-BLOG-01.jpg\" loading=\"lazy\" class=\"alignnone size-full wp-image-2061\" src=\"http:\/\/desireemartinphoto.com\/blog\/wp-content\/uploads\/2012\/08\/DM-La-Gomera-050812-BLOG-01.jpg\" alt=\"\" width=\"550\" height=\"367\" srcset=\"http:\/\/desireemartinphoto.com\/blog\/wp-content\/uploads\/2012\/08\/DM-La-Gomera-050812-BLOG-01.jpg 550w, http:\/\/desireemartinphoto.com\/blog\/wp-content\/uploads\/2012\/08\/DM-La-Gomera-050812-BLOG-01-300x200.jpg 300w\" sizes=\"(max-width: 550px) 100vw, 550px\" \/><\/p>\n<p>&nbsp;<\/p>\n<p>El caser\u00edo presenta este aspecto, parece que hay casas afectadas y otras que solo en parte. La mayor parte de los cultivos si est\u00e1n arrasados.<\/p>\n<p>&nbsp;<\/p>\n<p><img data-attachment-id=\"2062\" data-permalink=\"http:\/\/desireemartinphoto.com\/blog\/tarde-del-5-de-agosto-en-la-gomera\/horizontal-104\/\" data-orig-file=\"http:\/\/desireemartinphoto.com\/blog\/wp-content\/uploads\/2012\/08\/DM-La-Gomera-050812-BLOG-02.jpg\" data-orig-size=\"436,550\" data-comments-opened=\"1\" data-image-meta=\"{&quot;aperture&quot;:&quot;5.6&quot;,&quot;credit&quot;:&quot;DESIREE MARTIN&quot;,&quot;camera&quot;:&quot;Canon EOS 5D Mark II&quot;,&quot;caption&quot;:&quot;SPAIN, La Gomera : In this picture the town of Benchijigua burned, after last night passing through it the flames of the fire, 05 August 2012, on the spanish canary island of La Palma.\\n\\nDesiree Martin \\\/AFP PHOTO&quot;,&quot;created_timestamp&quot;:&quot;1344195644&quot;,&quot;copyright&quot;:&quot;ImageForum&quot;,&quot;focal_length&quot;:&quot;29&quot;,&quot;iso&quot;:&quot;400&quot;,&quot;shutter_speed&quot;:&quot;0.004&quot;,&quot;title&quot;:&quot;HORIZONTAL&quot;}\" data-image-title=\"DM-La-Gomera-050812-BLOG-02\" data-image-description=\"\" data-medium-file=\"http:\/\/desireemartinphoto.com\/blog\/wp-content\/uploads\/2012\/08\/DM-La-Gomera-050812-BLOG-02-237x300.jpg\" data-large-file=\"http:\/\/desireemartinphoto.com\/blog\/wp-content\/uploads\/2012\/08\/DM-La-Gomera-050812-BLOG-02.jpg\" loading=\"lazy\" class=\"alignnone size-full wp-image-2062\" src=\"http:\/\/desireemartinphoto.com\/blog\/wp-content\/uploads\/2012\/08\/DM-La-Gomera-050812-BLOG-02.jpg\" alt=\"\" width=\"436\" height=\"550\" srcset=\"http:\/\/desireemartinphoto.com\/blog\/wp-content\/uploads\/2012\/08\/DM-La-Gomera-050812-BLOG-02.jpg 436w, http:\/\/desireemartinphoto.com\/blog\/wp-content\/uploads\/2012\/08\/DM-La-Gomera-050812-BLOG-02-237x300.jpg 237w\" sizes=\"(max-width: 436px) 100vw, 436px\" \/><\/p>\n<p>&nbsp;<\/p>\n<p><img data-attachment-id=\"2063\" data-permalink=\"http:\/\/desireemartinphoto.com\/blog\/tarde-del-5-de-agosto-en-la-gomera\/horizontal-105\/\" data-orig-file=\"http:\/\/desireemartinphoto.com\/blog\/wp-content\/uploads\/2012\/08\/DM-La-Gomera-050812-BLOG-02bis.jpg\" data-orig-size=\"550,367\" data-comments-opened=\"1\" data-image-meta=\"{&quot;aperture&quot;:&quot;5.6&quot;,&quot;credit&quot;:&quot;DESIREE MARTIN&quot;,&quot;camera&quot;:&quot;Canon EOS 5D Mark II&quot;,&quot;caption&quot;:&quot;SPAIN, La Gomera : In this picture the town of Benchijigua burned, after last night passing through it the flames of the fire, 05 August 2012, on the spanish canary island of La Palma.\\n\\nDesiree Martin \\\/AFP PHOTO&quot;,&quot;created_timestamp&quot;:&quot;1344195706&quot;,&quot;copyright&quot;:&quot;ImageForum&quot;,&quot;focal_length&quot;:&quot;200&quot;,&quot;iso&quot;:&quot;800&quot;,&quot;shutter_speed&quot;:&quot;0.0125&quot;,&quot;title&quot;:&quot;HORIZONTAL&quot;}\" data-image-title=\"DM-La-Gomera-050812-BLOG-02bis\" data-image-description=\"\" data-medium-file=\"http:\/\/desireemartinphoto.com\/blog\/wp-content\/uploads\/2012\/08\/DM-La-Gomera-050812-BLOG-02bis-300x200.jpg\" data-large-file=\"http:\/\/desireemartinphoto.com\/blog\/wp-content\/uploads\/2012\/08\/DM-La-Gomera-050812-BLOG-02bis.jpg\" loading=\"lazy\" class=\"alignnone size-full wp-image-2063\" src=\"http:\/\/desireemartinphoto.com\/blog\/wp-content\/uploads\/2012\/08\/DM-La-Gomera-050812-BLOG-02bis.jpg\" alt=\"\" width=\"550\" height=\"367\" srcset=\"http:\/\/desireemartinphoto.com\/blog\/wp-content\/uploads\/2012\/08\/DM-La-Gomera-050812-BLOG-02bis.jpg 550w, http:\/\/desireemartinphoto.com\/blog\/wp-content\/uploads\/2012\/08\/DM-La-Gomera-050812-BLOG-02bis-300x200.jpg 300w\" sizes=\"(max-width: 550px) 100vw, 550px\" \/><\/p>\n<p>&nbsp;<\/p>\n<p><img data-attachment-id=\"2064\" data-permalink=\"http:\/\/desireemartinphoto.com\/blog\/tarde-del-5-de-agosto-en-la-gomera\/horizontal-106\/\" data-orig-file=\"http:\/\/desireemartinphoto.com\/blog\/wp-content\/uploads\/2012\/08\/DM-La-Gomera-050812-BLOG-03.jpg\" data-orig-size=\"550,328\" data-comments-opened=\"1\" data-image-meta=\"{&quot;aperture&quot;:&quot;7.1&quot;,&quot;credit&quot;:&quot;DESIREE MARTIN&quot;,&quot;camera&quot;:&quot;Canon EOS 5D Mark II&quot;,&quot;caption&quot;:&quot;SPAIN, La Gomera : View from the sea of the dark clouds of smoke billow from a wildfire over the town of San Sebastian de La Gomera, Alajero and Valle Gran Rey, 05 August 2012, on the spanish canary island of La Palma.\\n\\nDesiree Martin \\\/AFP PHOTO&quot;,&quot;created_timestamp&quot;:&quot;1344188282&quot;,&quot;copyright&quot;:&quot;ImageForum&quot;,&quot;focal_length&quot;:&quot;23&quot;,&quot;iso&quot;:&quot;100&quot;,&quot;shutter_speed&quot;:&quot;0.00025&quot;,&quot;title&quot;:&quot;HORIZONTAL&quot;}\" data-image-title=\"DM-La-Gomera-050812-BLOG-03\" data-image-description=\"\" data-medium-file=\"http:\/\/desireemartinphoto.com\/blog\/wp-content\/uploads\/2012\/08\/DM-La-Gomera-050812-BLOG-03-300x178.jpg\" data-large-file=\"http:\/\/desireemartinphoto.com\/blog\/wp-content\/uploads\/2012\/08\/DM-La-Gomera-050812-BLOG-03.jpg\" loading=\"lazy\" class=\"alignnone size-full wp-image-2064\" src=\"http:\/\/desireemartinphoto.com\/blog\/wp-content\/uploads\/2012\/08\/DM-La-Gomera-050812-BLOG-03.jpg\" alt=\"\" width=\"550\" height=\"328\" srcset=\"http:\/\/desireemartinphoto.com\/blog\/wp-content\/uploads\/2012\/08\/DM-La-Gomera-050812-BLOG-03.jpg 550w, http:\/\/desireemartinphoto.com\/blog\/wp-content\/uploads\/2012\/08\/DM-La-Gomera-050812-BLOG-03-300x178.jpg 300w\" sizes=\"(max-width: 550px) 100vw, 550px\" \/><\/p>\n<p>&nbsp;<\/p>\n<p>Ma\u00f1ana ..sigue.<\/p>\n<div class=\"sharedaddy sd-sharing-enabled\"><div class=\"robots-nocontent sd-block sd-social sd-social-icon-text sd-sharing\"><h3 class=\"sd-title\">COMPARTE ESTO:<\/h3><div class=\"sd-content\"><ul><li class=\"share-facebook\"><a rel=\"nofollow noopener noreferrer\" data-shared=\"sharing-facebook-2060\" class=\"share-facebook sd-button share-icon\" href=\"http:\/\/desireemartinphoto.com\/blog\/tarde-del-5-de-agosto-en-la-gomera\/?share=facebook\" target=\"_blank\" title=\"Haz clic para compartir en Facebook\"><span>Facebook<\/span><\/a><\/li><li class=\"share-twitter\"><a rel=\"nofollow noopener noreferrer\" data-shared=\"sharing-twitter-2060\" class=\"share-twitter sd-button share-icon\" href=\"http:\/\/desireemartinphoto.com\/blog\/tarde-del-5-de-agosto-en-la-gomera\/?share=twitter\" target=\"_blank\" title=\"Haz clic para compartir en Twitter\"><span>Twitter<\/span><\/a><\/li><li class=\"share-email\"><a rel=\"nofollow noopener noreferrer\" data-shared=\"\" class=\"share-email sd-button share-icon\" href=\"http:\/\/desireemartinphoto.com\/blog\/tarde-del-5-de-agosto-en-la-gomera\/?share=email\" target=\"_blank\" title=\"Haz clic para enviar por correo electr\u00f3nico a un amigo\"><span>Correo electr\u00f3nico<\/span><\/a><\/li><li class=\"share-linkedin\"><a rel=\"nofollow noopener noreferrer\" data-shared=\"sharing-linkedin-2060\" class=\"share-linkedin sd-button share-icon\" href=\"http:\/\/desireemartinphoto.com\/blog\/tarde-del-5-de-agosto-en-la-gomera\/?share=linkedin\" target=\"_blank\" title=\"Haz clic para compartir en LinkedIn\"><span>LinkedIn<\/span><\/a><\/li><li class=\"share-tumblr\"><a rel=\"nofollow noopener noreferrer\" data-shared=\"\" class=\"share-tumblr sd-button share-icon\" href=\"http:\/\/desireemartinphoto.com\/blog\/tarde-del-5-de-agosto-en-la-gomera\/?share=tumblr\" target=\"_blank\" title=\"Haz clic para compartir en Tumblr\"><span>Tumblr<\/span><\/a><\/li><li class=\"share-end\"><\/li><\/ul><\/div><\/div><\/div>","protected":false},"excerpt":{"rendered":"<p>&nbsp; Llegu\u00e9 a San Sebastian de La Gomera durante la tarde, y a penas he podido acceder a la zona de Benchijigua. &nbsp; &nbsp; El caser\u00edo presenta este aspecto, parece que hay casas afectadas y otras que solo en parte. La mayor parte de los cultivos si est\u00e1n arrasados. &nbsp; &nbsp; &nbsp; &nbsp; Ma\u00f1ana ..sigue<\/p>\n<div class=\"sharedaddy sd-sharing-enabled\"><div class=\"robots-nocontent sd-block sd-social sd-social-icon-text sd-sharing\"><h3 class=\"sd-title\">COMPARTE ESTO:<\/h3><div class=\"sd-content\"><ul><li class=\"share-facebook\"><a rel=\"nofollow noopener noreferrer\" data-shared=\"sharing-facebook-2060\" class=\"share-facebook sd-button share-icon\" href=\"http:\/\/desireemartinphoto.com\/blog\/tarde-del-5-de-agosto-en-la-gomera\/?share=facebook\" target=\"_blank\" title=\"Haz clic para compartir en Facebook\"><span>Facebook<\/span><\/a><\/li><li class=\"share-twitter\"><a rel=\"nofollow noopener noreferrer\" data-shared=\"sharing-twitter-2060\" class=\"share-twitter sd-button share-icon\" href=\"http:\/\/desireemartinphoto.com\/blog\/tarde-del-5-de-agosto-en-la-gomera\/?share=twitter\" target=\"_blank\" title=\"Haz clic para compartir en Twitter\"><span>Twitter<\/span><\/a><\/li><li class=\"share-email\"><a rel=\"nofollow noopener noreferrer\" data-shared=\"\" class=\"share-email sd-button share-icon\" href=\"http:\/\/desireemartinphoto.com\/blog\/tarde-del-5-de-agosto-en-la-gomera\/?share=email\" target=\"_blank\" title=\"Haz clic para enviar por correo electr\u00f3nico a un amigo\"><span>Correo electr\u00f3nico<\/span><\/a><\/li><li class=\"share-linkedin\"><a rel=\"nofollow noopener noreferrer\" data-shared=\"sharing-linkedin-2060\" class=\"share-linkedin sd-button share-icon\" href=\"http:\/\/desireemartinphoto.com\/blog\/tarde-del-5-de-agosto-en-la-gomera\/?share=linkedin\" target=\"_blank\" title=\"Haz clic para compartir en LinkedIn\"><span>LinkedIn<\/span><\/a><\/li><li class=\"share-tumblr\"><a rel=\"nofollow noopener noreferrer\" data-shared=\"\" class=\"share-tumblr sd-button share-icon\" href=\"http:\/\/desireemartinphoto.com\/blog\/tarde-del-5-de-agosto-en-la-gomera\/?share=tumblr\" target=\"_blank\" title=\"Haz clic para compartir en Tumblr\"><span>Tumblr<\/span><\/a><\/li><li class=\"share-end\"><\/li><\/ul><\/div><\/div><\/div>","protected":false},"author":1,"featured_media":0,"comment_status":"open","ping_status":"open","sticky":false,"template":"","format":"standard","meta":{"spay_email":""},"categories":[1],"tags":[440,439,39,355,414,441,6,412,442,443,438,362],"jetpack_featured_media_url":"","jetpack_sharing_enabled":true,"_links":{"self":[{"href":"http:\/\/desireemartinphoto.com\/blog\/wp-json\/wp\/v2\/posts\/2060"}],"collection":[{"href":"http:\/\/desireemartinphoto.com\/blog\/wp-json\/wp\/v2\/posts"}],"about":[{"href":"http:\/\/desireemartinphoto.com\/blog\/wp-json\/wp\/v2\/types\/post"}],"author":[{"embeddable":true,"href":"http:\/\/desireemartinphoto.com\/blog\/wp-json\/wp\/v2\/users\/1"}],"replies":[{"embeddable":true,"href":"http:\/\/desireemartinphoto.com\/blog\/wp-json\/wp\/v2\/comments?post=2060"}],"version-history":[{"count":1,"href":"http:\/\/desireemartinphoto.com\/blog\/wp-json\/wp\/v2\/posts\/2060\/revisions"}],"predecessor-version":[{"id":2065,"href":"http:\/\/desireemartinphoto.com\/blog\/wp-json\/wp\/v2\/posts\/2060\/revisions\/2065"}],"wp:attachment":[{"href":"http:\/\/desireemartinphoto.com\/blog\/wp-json\/wp\/v2\/media?parent=2060"}],"wp:term":[{"taxonomy":"category","embeddable":true,"href":"http:\/\/desireemartinphoto.com\/blog\/wp-json\/wp\/v2\/categories?post=2060"},{"taxonomy":"post_tag","embeddable":true,"href":"http:\/\/desireemartinphoto.com\/blog\/wp-json\/wp\/v2\/tags?post=2060"}],"curies":[{"name":"wp","href":"https:\/\/api.w.org\/{rel}","templated":true}]}}